{"id":17385,"date":"2023-05-08T10:00:53","date_gmt":"2023-05-08T08:00:53","guid":{"rendered":"https:\/\/www.welovecycling.com\/sk\/?p=17385"},"modified":"2023-05-05T10:35:11","modified_gmt":"2023-05-05T08:35:11","slug":"rozhovor-letape-je-spat-aj-s-profesionalmi","status":"publish","type":"post","link":"https:\/\/www.welovecycling.com\/sk\/2023\/05\/08\/rozhovor-letape-je-spat-aj-s-profesionalmi\/","title":{"rendered":"Rozhovor: L&#8217;Etape je sp\u00e4\u0165 &#8211; aj s profesion\u00e1lmi"},"content":{"rendered":"<p><strong>20. augusta vypukne u\u017e tret\u00ed ro\u010dn\u00edk cyklistick\u00fdch pretekov L\u2019Etape Slovakia by Tour de France. Op\u00e4\u0165 sa m\u00f4\u017eeme te\u0161i\u0165 na mno\u017estvo noviniek, medzi in\u00fdmi <a href=\"https:\/\/www.welovecycling.com\/sk\/2023\/01\/23\/vyhrajte-pripravu-dres-a-startovne-na-letape-slovakia-2023\/\" target=\"_blank\" rel=\"noopener\">prebehla aj s\u00fa\u0165a\u017e<\/a> o tr\u00e9ningov\u00fd pl\u00e1n pod doh\u013eadom \u0161\u00e9ftr\u00e9nera Michala Uli\u010dn\u00e9ho. Hoci s\u00fa men\u00e1 v\u00fdhercov u\u017e zn\u00e1me, napr\u00e1zdno neob\u00eddu ani ostatn\u00ed cyklisti \u2013 ve\u010f dobr\u00e1 rada od \u0161ikovn\u00e9ho a \u00faspe\u0161n\u00e9ho triatlonistu aj vo forme rozhovoru sa v\u017edy z\u00edde.<\/strong><!--more--><\/p>\n<p><strong>Michal, vezmime to \u00faplne \u201eod podlahy\u201c \u2013 nie v\u0161etci toti\u017e o <a href=\"https:\/\/www.welovecycling.com\/sk\/2022\/08\/23\/reportaz-letape-slovakia-by-tour-de-france-2022\/\" target=\"_blank\" rel=\"noopener\">L\u2019Etape<\/a> po\u010duli a pr\u00e1ve popis pretekov by vedel zauja\u0165 nov\u00fdch z\u00e1ujemcov. Vedel by si n\u00e1m preteky v skratke pop\u00edsa\u0165?<\/strong><br \/>\n<em>Ide o projekt, ktor\u00fd patr\u00ed pod sl\u00e1vnu zna\u010dku Tour de France. Na rozdiel od Tour de France je L\u2019Etape orientovan\u00fd na hobby cyklistov. To znamen\u00e1, \u017ee L\u2019Etape sa sna\u017e\u00ed hobby \u0161portovcovi uk\u00e1za\u0165 rovnak\u00fa atmosf\u00e9ru, ako za\u017e\u00edvaj\u00fa profesion\u00e1lni cyklisti po\u010das Tour de France. \u00da\u010dastn\u00edk pretekov za\u017eije hromadn\u00fd \u0161tart, jazdu v bal\u00edku, \u0161print\u00e9rsku, vrch\u00e1rsku pr\u00e9miu a boj o cie\u013eov\u00fa p\u00e1sku. <\/em><\/p>\n<p><em>Rovnako ako profesion\u00e1li Tour de France, tak aj s\u00fa\u0165a\u017eiaci v L\u2019Etape bojuj\u00fa o biely, zelen\u00fd, bodkovan\u00fd a \u017elt\u00fd dres. Priazniv\u00e9 pre hobby cyklistov je to, \u017ee tieto preteky s\u00fa jednod\u0148ov\u00e1 z\u00e1le\u017eitos\u0165 a nie je potrebn\u00e9 absolvova\u0165 3 t\u00fd\u017edne na bicykli, ako to b\u00fdva v pr\u00edpade Tour de France.<\/em><\/p>\n<p><img loading=\"lazy\" decoding=\"async\" class=\"alignnone size-full wp-image-17386\" src=\"https:\/\/d2p6e6u75xmxt8.cloudfront.net\/4\/2023\/05\/vitazi.webp\" alt=\"\" width=\"990\" height=\"660\" srcset=\"https:\/\/d2p6e6u75xmxt8.cloudfront.net\/4\/2023\/05\/vitazi.webp 990w, https:\/\/d2p6e6u75xmxt8.cloudfront.net\/4\/2023\/05\/vitazi-300x200.webp 300w, https:\/\/d2p6e6u75xmxt8.cloudfront.net\/4\/2023\/05\/vitazi-768x512.webp 768w, https:\/\/d2p6e6u75xmxt8.cloudfront.net\/4\/2023\/05\/vitazi-400x267.webp 400w, https:\/\/d2p6e6u75xmxt8.cloudfront.net\/4\/2023\/05\/vitazi-272x182.webp 272w\" sizes=\"auto, (max-width: 990px) 100vw, 990px\" \/><\/p>\n<p><strong>Ke\u010f\u017ee je t\u00e1to s\u00e9ria usporad\u00favan\u00e1 organiz\u00e1tormi Tour de France, zrejme \u201eslovensk\u00e1 verzia\u201c nebude jedinou svojho druhu. Ke\u010f sa povie L\u2019Etape, o akom rozsahu sa bav\u00edme, ak vezmeme do \u00favahy zapojen\u00e9 krajiny, mno\u017estvo \u00fa\u010dastn\u00edkov a podobn\u00e9 faktory?<\/strong><br \/>\n<em>L\u2019Etape rastie ka\u017ed\u00fdm rokom a je pr\u00edjemn\u00e9 vidie\u0165, \u017ee prib\u00fadaj\u00fa nov\u00e9 a nov\u00e9 eventy so zauj\u00edmav\u00fdmi trasami a prev\u00fd\u0161eniami. Mysl\u00edm, \u017ee po svete ich bude nie\u010do cez 50 v r\u00f4znych krajin\u00e1ch a na r\u00f4znych kontinentoch. \u010cere\u0161ni\u010dkou na torte b\u00fdva franc\u00fazska L\u2019Etape, ktor\u00e1 ma \u010dasto toto\u017en\u00fa trasu jednou z et\u00e1p, ktor\u00fa absolvuj\u00fa profesion\u00e1lni cyklisti na Tour de France. <\/em><\/p>\n<p><em>Minul\u00fd rok to bola naj\u0165a\u017e\u0161ia etapa aj v hist\u00f3rii. I\u0161lo o vzdialenos\u0165 170km a st\u00fapanie 4700m. Na \u0161tarte bolo 16 000 pretek\u00e1rov a do cie\u013ea sa podarilo d\u00f4js\u0165 len necel\u00fdm 8 000 \u0161\u0165astlivcom.<\/em><\/p>\n<p>https:\/\/www.instagram.com\/p\/CmBc6mStGEL\/<\/p>\n<p><strong>Minul\u00fd rok sa v pelot\u00f3ne s \u201ehob\u00edkmi\u201c previezlo aj nieko\u013eko \u201eprof\u00edkov\u201c \u2013 v Slovinsku to bol Matej Mohori\u010d, v \u010ceskej republike zas Zden\u011bk \u0160tybar. Je nejak\u00e1 \u0161anca, \u017ee sa n\u00e1m na Slovensku tie\u017e \u201ezamot\u00e1 pod nohy\u201c nejak\u00fd profesion\u00e1l, \u010di u\u017e v L\u2019Etape Village alebo na trati?<\/strong><br \/>\n<em>Ur\u010dite \u00e1no. Aj v poslednom ro\u010dn\u00edku sa n\u00e1m v pelot\u00f3ne pohybovali napr\u00edklad bratia Velitsovci, Marcus Burghardt, olympionik Ri\u0161o Varga, Rony Kuba alebo Michael Kollert. Videl som aj zoznam jazdcov, ktor\u00ed spolupracuj\u00fa s L\u2019Etape a sem-tam sa objavia na niektorom z eventov. Patr\u00ed tam napr\u00edklad Cancellara, Alaphilippe, Mohori\u010d a \u010fal\u0161\u00ed. \u010ci\u017ee je ve\u013emi re\u00e1lne, \u017ee aj na Slovensku niekoho z nich uvid\u00edme.<\/em><\/p>\n<p>https:\/\/www.instagram.com\/p\/Cg_FqbPKF0W\/<\/p>\n<p><strong>Slovensk\u00e9 preteky s\u00fa situovan\u00e9 v bl\u00edzkosti Bratislavy a d\u00e1 sa poveda\u0165, \u017ee \u201evymetaj\u00fa\u201c v\u0161etky legend\u00e1rne kopce bratislavsk\u00fdch mestsk\u00fdch lesov. Vedel by si n\u00e1m pribl\u00ed\u017ei\u0165, \u010do na trati pretek\u00e1rov \u010dak\u00e1 a neminie?<\/strong><br \/>\n<em>M\u00f4j n\u00e1zor je, \u017ee tra\u0165 je ve\u013emi spravodliv\u00e1 a obsahuje v\u0161etko, \u010do m\u00e1 obsahova\u0165. N\u00e1jdeme tu dlh\u00fa rovinat\u00fa \u010das\u0165, kde pelot\u00f3n dok\u00e1\u017ee nabra\u0165 r\u00fdchlos\u0165, obsahuje st\u00fapania, kde sa uk\u00e1\u017ee kto m\u00e1 ako natr\u00e9novan\u00e9, obsahuje aj technick\u00e9 zjazdy, kde mus\u00ed jazdec uk\u00e1za\u0165, ak\u00e9 m\u00e1 \u201eskills\u201c a to v\u0161etko v kr\u00e1snej pr\u00edrode a okolo historick\u00fdch pamiatok. <\/em><\/p>\n<p><em>Na prv\u00fd ro\u010dn\u00edk som pozval kamar\u00e1tov zo Spojen\u00e9ho kr\u00e1\u013eovstva a t\u00ed boli prekvapen\u00ed, ko\u013eko toho videli na 117 km trati. Oslovila ich aj kvalita ciest na trati a \u017ee sa \u0161lo cez hlavn\u00e9 mesto, ktor\u00e9 bolo uzatvoren\u00e9 pre dopravu.<\/em><\/p>\n<p><img loading=\"lazy\" decoding=\"async\" class=\"alignnone size-full wp-image-17387\" src=\"https:\/\/d2p6e6u75xmxt8.cloudfront.net\/4\/2023\/05\/trat.webp\" alt=\"\" width=\"990\" height=\"660\" srcset=\"https:\/\/d2p6e6u75xmxt8.cloudfront.net\/4\/2023\/05\/trat.webp 990w, https:\/\/d2p6e6u75xmxt8.cloudfront.net\/4\/2023\/05\/trat-300x200.webp 300w, https:\/\/d2p6e6u75xmxt8.cloudfront.net\/4\/2023\/05\/trat-768x512.webp 768w, https:\/\/d2p6e6u75xmxt8.cloudfront.net\/4\/2023\/05\/trat-400x267.webp 400w, https:\/\/d2p6e6u75xmxt8.cloudfront.net\/4\/2023\/05\/trat-272x182.webp 272w\" sizes=\"auto, (max-width: 990px) 100vw, 990px\" \/><\/p>\n<p><strong>Tour de France \u2013 to s\u00fa cesty obsypan\u00e9 fan\u00fa\u0161ikmi, dymovnice v st\u00fapaniach, elektrizuj\u00faca atmosf\u00e9ra. M\u00f4\u017eeme sa te\u0161i\u0165 aspo\u0148 na nie\u010do z toho? \u263a<\/strong><br \/>\n<em>Tour de France m\u00e1 viac ako 100 rokov a t\u00fa atmosf\u00e9ru si za tie roky zasl\u00fa\u017ei. Na Slovensku to bude e\u0161te len tret\u00ed ro\u010dn\u00edk, ale mysl\u00edm si, \u017ee atmosf\u00e9ra je tu ve\u013emi priate\u013esk\u00e1. Bolo super sledova\u0165 ako \u013eudia povzbudzuj\u00fa, napr\u00edklad popri ceste v Stupave. Za m\u0148a je najkraj\u0161\u00ed asi dojazd na Kamz\u00edk, kde je t\u00fdch div\u00e1kov podstatne viac.<\/em><\/p>\n<p>https:\/\/www.instagram.com\/p\/Cm2B5t5LSMV\/<\/p>\n<p><strong>Na z\u00e1ver d\u00f4le\u017eit\u00e1 ot\u00e1zka \u2013 pre koho s\u00fa tieto preteky vlastne ur\u010den\u00e9? Treba ma\u0165 \u010do-to natr\u00e9novan\u00e9, alebo si ich naplno u\u017eije aj za\u010diato\u010dn\u00edk, \u010do sa pretekania t\u00fdka?<\/strong><br \/>\n<em>Ako som spom\u00ednal, je to prim\u00e1rne pre hobby cyklistov, ale ur\u010dite by som do toho ne\u0161iel bez tr\u00e9ningu. Ak je \u010dlovek unaven\u00fd a nevl\u00e1dze, tak za\u010dne robi\u0165 chyby a tvrd\u00fd asfalt chyby neodp\u00fa\u0161\u0165a. Cyklisti, ktor\u00ed zvl\u00e1daj\u00fa 50-60 km v\u00fdjazd na bicykli, si tie preteky ur\u010dite u\u017eij\u00fa. <\/em><\/p>\n<p><em>Ak sa niekto ob\u00e1va jazdy v bal\u00edku a pochybuje o tom, \u010di to zvl\u00e1dne, tak organizujeme L\u2019Etape tr\u00e9ningy ako pr\u00edpravu na preteky, kde u\u010d\u00edme \u013eud\u00ed jazdi\u0165 v bal\u00edku, vyu\u017e\u00edva\u0165 sign\u00e1ly cyklistov a ako jazdi\u0165 jednak efekt\u00edvne a jednak si jazdu u\u017ei\u0165. L\u2019Etape tr\u00e9ningy sa organizuj\u00fa v Bratislave, Trnave, Ko\u0161iciach, Pre\u0161ove a Spi\u0161skej Novej Vsi.<\/em><\/p>\n<p><img loading=\"lazy\" decoding=\"async\" class=\"alignnone size-full wp-image-17388\" src=\"https:\/\/d2p6e6u75xmxt8.cloudfront.net\/4\/2023\/05\/medialy.webp\" alt=\"\" width=\"990\" height=\"660\" srcset=\"https:\/\/d2p6e6u75xmxt8.cloudfront.net\/4\/2023\/05\/medialy.webp 990w, https:\/\/d2p6e6u75xmxt8.cloudfront.net\/4\/2023\/05\/medialy-300x200.webp 300w, https:\/\/d2p6e6u75xmxt8.cloudfront.net\/4\/2023\/05\/medialy-768x512.webp 768w, https:\/\/d2p6e6u75xmxt8.cloudfront.net\/4\/2023\/05\/medialy-400x267.webp 400w, https:\/\/d2p6e6u75xmxt8.cloudfront.net\/4\/2023\/05\/medialy-272x182.webp 272w\" sizes=\"auto, (max-width: 990px) 100vw, 990px\" \/><br \/>\nDobrodru\u017estvo v okol\u00ed Bratislavy sa bl\u00ed\u017ei, no na\u0161e rozhovory s Michalom z\u010faleka nekon\u010dia. Obtrieme sa o tr\u00e9ning, \u00fadr\u017ebu a \u010fal\u0161ie \u201ehinty\u201c tak, aby ste si tret\u00ed ro\u010dn\u00edk u\u017eili \u010do najviac.<\/p>\n","protected":false},"excerpt":{"rendered":"<p>20. augusta vypukne u\u017e tret\u00ed ro\u010dn\u00edk cyklistick\u00fdch pretekov L\u2019Etape Slovakia by Tour de France. Op\u00e4\u0165 sa m\u00f4\u017eeme te\u0161i\u0165 na mno\u017estvo [&hellip;]<\/p>\n","protected":false},"author":172,"featured_media":17389,"comment_status":"open","ping_status":"open","sticky":false,"template":"","format":"standard","meta":{"footnotes":""},"categories":[191],"tags":[115,1351,1372,37,179,501,542,1009,523,183],"global-categories":[1074],"class_list":["post-17385","post","type-post","status-publish","format-standard","has-post-thumbnail","hentry","category-odporucame","tag-cestna-cyklistika","tag-letape-slovakia","tag-letape-slovakia-by-tour-de-france","tag-podujatia","tag-preteky","tag-rozhovor","tag-skoda","tag-skoda-auto","tag-slovensko","tag-zabava","global-categories-cycling"],"yoast_head":"<!-- This site is optimized with the Yoast SEO Premium plugin v25.3 (Yoast SEO v25.9) - https:\/\/yoast.com\/wordpress\/plugins\/seo\/ -->\n<title>Rozhovor: L&#039;Etape je sp\u00e4\u0165 - aj s profesion\u00e1lmi<\/title>\n<meta name=\"description\" content=\"20. augusta vypukne u\u017e tret\u00ed ro\u010dn\u00edk cyklistick\u00fdch pretekov L\u2019Etape Slovakia by Tour de France. Op\u00e4\u0165 sa m\u00f4\u017eeme te\u0161i\u0165 na mno\u017estvo noviniek.\" \/>\n<meta name=\"robots\" content=\"index, follow, max-snippet:-1, max-image-preview:large, max-video-preview:-1\" \/>\n<link rel=\"canonical\" href=\"https:\/\/www.welovecycling.com\/sk\/2023\/05\/08\/rozhovor-letape-je-spat-aj-s-profesionalmi\/\" \/>\n<meta property=\"og:locale\" content=\"sk_SK\" \/>\n<meta property=\"og:type\" content=\"article\" \/>\n<meta property=\"og:title\" content=\"Rozhovor: L&#039;Etape je sp\u00e4\u0165 - aj s profesion\u00e1lmi\" \/>\n<meta property=\"og:description\" content=\"20. augusta vypukne u\u017e tret\u00ed ro\u010dn\u00edk cyklistick\u00fdch pretekov L\u2019Etape Slovakia by Tour de France. Op\u00e4\u0165 sa m\u00f4\u017eeme te\u0161i\u0165 na mno\u017estvo noviniek.\" \/>\n<meta property=\"og:url\" content=\"https:\/\/www.welovecycling.com\/sk\/2023\/05\/08\/rozhovor-letape-je-spat-aj-s-profesionalmi\/\" \/>\n<meta property=\"og:site_name\" content=\"\u0160koda We Love Cycling Slovensko\" \/>\n<meta property=\"article:published_time\" content=\"2023-05-08T08:00:53+00:00\" \/>\n<meta property=\"og:image\" content=\"https:\/\/d2p6e6u75xmxt8.cloudfront.net\/4\/2023\/05\/titulka-1.webp\" \/>\n\t<meta property=\"og:image:width\" content=\"990\" \/>\n\t<meta property=\"og:image:height\" content=\"660\" \/>\n\t<meta property=\"og:image:type\" content=\"image\/webp\" \/>\n<meta name=\"author\" content=\"dominika\" \/>\n<meta name=\"twitter:card\" content=\"summary_large_image\" \/>\n<meta name=\"twitter:label1\" content=\"Written by\" \/>\n\t<meta name=\"twitter:data1\" content=\"We Love Cycling\" \/>\n\t<meta name=\"twitter:label2\" content=\"Est. reading time\" \/>\n\t<meta name=\"twitter:data2\" content=\"4\" \/>\n<script type=\"application\/ld+json\" class=\"yoast-schema-graph\">{\"@context\":\"https:\/\/schema.org\",\"@graph\":[{\"@type\":\"WebPage\",\"@id\":\"https:\/\/www.welovecycling.com\/sk\/2023\/05\/08\/rozhovor-letape-je-spat-aj-s-profesionalmi\/\",\"url\":\"https:\/\/www.welovecycling.com\/sk\/2023\/05\/08\/rozhovor-letape-je-spat-aj-s-profesionalmi\/\",\"name\":\"Rozhovor: L'Etape je sp\u00e4\u0165 - aj s profesion\u00e1lmi\",\"isPartOf\":{\"@id\":\"https:\/\/www.welovecycling.com\/sk\/#website\"},\"primaryImageOfPage\":{\"@id\":\"https:\/\/www.welovecycling.com\/sk\/2023\/05\/08\/rozhovor-letape-je-spat-aj-s-profesionalmi\/#primaryimage\"},\"image\":{\"@id\":\"https:\/\/www.welovecycling.com\/sk\/2023\/05\/08\/rozhovor-letape-je-spat-aj-s-profesionalmi\/#primaryimage\"},\"thumbnailUrl\":\"https:\/\/d2p6e6u75xmxt8.cloudfront.net\/4\/2023\/05\/titulka-1.webp\",\"datePublished\":\"2023-05-08T08:00:53+00:00\",\"author\":{\"@id\":\"https:\/\/www.welovecycling.com\/sk\/#\/schema\/person\/533b62b98b6c41bd5135ebfb1f742624\"},\"description\":\"20. augusta vypukne u\u017e tret\u00ed ro\u010dn\u00edk cyklistick\u00fdch pretekov L\u2019Etape Slovakia by Tour de France. Op\u00e4\u0165 sa m\u00f4\u017eeme te\u0161i\u0165 na mno\u017estvo noviniek.\",\"breadcrumb\":{\"@id\":\"https:\/\/www.welovecycling.com\/sk\/2023\/05\/08\/rozhovor-letape-je-spat-aj-s-profesionalmi\/#breadcrumb\"},\"inLanguage\":\"sk-SK\",\"potentialAction\":[{\"@type\":\"ReadAction\",\"target\":[\"https:\/\/www.welovecycling.com\/sk\/2023\/05\/08\/rozhovor-letape-je-spat-aj-s-profesionalmi\/\"]}]},{\"@type\":\"ImageObject\",\"inLanguage\":\"sk-SK\",\"@id\":\"https:\/\/www.welovecycling.com\/sk\/2023\/05\/08\/rozhovor-letape-je-spat-aj-s-profesionalmi\/#primaryimage\",\"url\":\"https:\/\/d2p6e6u75xmxt8.cloudfront.net\/4\/2023\/05\/titulka-1.webp\",\"contentUrl\":\"https:\/\/d2p6e6u75xmxt8.cloudfront.net\/4\/2023\/05\/titulka-1.webp\",\"width\":990,\"height\":660},{\"@type\":\"BreadcrumbList\",\"@id\":\"https:\/\/www.welovecycling.com\/sk\/2023\/05\/08\/rozhovor-letape-je-spat-aj-s-profesionalmi\/#breadcrumb\",\"itemListElement\":[{\"@type\":\"ListItem\",\"position\":1,\"name\":\"Home\",\"item\":\"https:\/\/www.welovecycling.com\/sk\/\"},{\"@type\":\"ListItem\",\"position\":2,\"name\":\"Rozhovor: L&#8217;Etape je sp\u00e4\u0165 &#8211; aj s profesion\u00e1lmi\"}]},{\"@type\":\"WebSite\",\"@id\":\"https:\/\/www.welovecycling.com\/sk\/#website\",\"url\":\"https:\/\/www.welovecycling.com\/sk\/\",\"name\":\"\u0160koda We Love Cycling Slovensko\",\"description\":\"\u0160koda We Love Cycling Slovensko je v\u00e1\u0161 ka\u017edodenn\u00fd zdroj noviniek a in\u0161pir\u00e1cie z sveta cyklistiky\",\"potentialAction\":[{\"@type\":\"SearchAction\",\"target\":{\"@type\":\"EntryPoint\",\"urlTemplate\":\"https:\/\/www.welovecycling.com\/sk\/?s={search_term_string}\"},\"query-input\":{\"@type\":\"PropertyValueSpecification\",\"valueRequired\":true,\"valueName\":\"search_term_string\"}}],\"inLanguage\":\"sk-SK\"},{\"@type\":\"Person\",\"@id\":\"https:\/\/www.welovecycling.com\/sk\/#\/schema\/person\/533b62b98b6c41bd5135ebfb1f742624\",\"name\":\"dominika\",\"image\":{\"@type\":\"ImageObject\",\"inLanguage\":\"sk-SK\",\"@id\":\"https:\/\/www.welovecycling.com\/sk\/#\/schema\/person\/image\/\",\"url\":\"https:\/\/secure.gravatar.com\/avatar\/ded6f274ba2ec3e17fff153f7d9d96a4b33c2cb63907f75d9a5309c599a7f3e6?s=96&d=mm&r=g\",\"contentUrl\":\"https:\/\/secure.gravatar.com\/avatar\/ded6f274ba2ec3e17fff153f7d9d96a4b33c2cb63907f75d9a5309c599a7f3e6?s=96&d=mm&r=g\",\"caption\":\"dominika\"},\"url\":\"https:\/\/www.welovecycling.com\/sk\/author\/dominika\/\"}]}<\/script>\n<!-- \/ Yoast SEO Premium plugin. -->","yoast_head_json":{"title":"Rozhovor: L'Etape je sp\u00e4\u0165 - aj s profesion\u00e1lmi","description":"20. augusta vypukne u\u017e tret\u00ed ro\u010dn\u00edk cyklistick\u00fdch pretekov L\u2019Etape Slovakia by Tour de France. Op\u00e4\u0165 sa m\u00f4\u017eeme te\u0161i\u0165 na mno\u017estvo noviniek.","robots":{"index":"index","follow":"follow","max-snippet":"max-snippet:-1","max-image-preview":"max-image-preview:large","max-video-preview":"max-video-preview:-1"},"canonical":"https:\/\/www.welovecycling.com\/sk\/2023\/05\/08\/rozhovor-letape-je-spat-aj-s-profesionalmi\/","og_locale":"sk_SK","og_type":"article","og_title":"Rozhovor: L'Etape je sp\u00e4\u0165 - aj s profesion\u00e1lmi","og_description":"20. augusta vypukne u\u017e tret\u00ed ro\u010dn\u00edk cyklistick\u00fdch pretekov L\u2019Etape Slovakia by Tour de France. Op\u00e4\u0165 sa m\u00f4\u017eeme te\u0161i\u0165 na mno\u017estvo noviniek.","og_url":"https:\/\/www.welovecycling.com\/sk\/2023\/05\/08\/rozhovor-letape-je-spat-aj-s-profesionalmi\/","og_site_name":"\u0160koda We Love Cycling Slovensko","article_published_time":"2023-05-08T08:00:53+00:00","og_image":[{"width":990,"height":660,"url":"https:\/\/d2p6e6u75xmxt8.cloudfront.net\/4\/2023\/05\/titulka-1.webp","type":"image\/webp"}],"author":"dominika","twitter_card":"summary_large_image","twitter_misc":{"Written by":"We Love Cycling","Est. reading time":"4"},"schema":{"@context":"https:\/\/schema.org","@graph":[{"@type":"WebPage","@id":"https:\/\/www.welovecycling.com\/sk\/2023\/05\/08\/rozhovor-letape-je-spat-aj-s-profesionalmi\/","url":"https:\/\/www.welovecycling.com\/sk\/2023\/05\/08\/rozhovor-letape-je-spat-aj-s-profesionalmi\/","name":"Rozhovor: L'Etape je sp\u00e4\u0165 - aj s profesion\u00e1lmi","isPartOf":{"@id":"https:\/\/www.welovecycling.com\/sk\/#website"},"primaryImageOfPage":{"@id":"https:\/\/www.welovecycling.com\/sk\/2023\/05\/08\/rozhovor-letape-je-spat-aj-s-profesionalmi\/#primaryimage"},"image":{"@id":"https:\/\/www.welovecycling.com\/sk\/2023\/05\/08\/rozhovor-letape-je-spat-aj-s-profesionalmi\/#primaryimage"},"thumbnailUrl":"https:\/\/d2p6e6u75xmxt8.cloudfront.net\/4\/2023\/05\/titulka-1.webp","datePublished":"2023-05-08T08:00:53+00:00","author":{"@id":"https:\/\/www.welovecycling.com\/sk\/#\/schema\/person\/533b62b98b6c41bd5135ebfb1f742624"},"description":"20. augusta vypukne u\u017e tret\u00ed ro\u010dn\u00edk cyklistick\u00fdch pretekov L\u2019Etape Slovakia by Tour de France. Op\u00e4\u0165 sa m\u00f4\u017eeme te\u0161i\u0165 na mno\u017estvo noviniek.","breadcrumb":{"@id":"https:\/\/www.welovecycling.com\/sk\/2023\/05\/08\/rozhovor-letape-je-spat-aj-s-profesionalmi\/#breadcrumb"},"inLanguage":"sk-SK","potentialAction":[{"@type":"ReadAction","target":["https:\/\/www.welovecycling.com\/sk\/2023\/05\/08\/rozhovor-letape-je-spat-aj-s-profesionalmi\/"]}]},{"@type":"ImageObject","inLanguage":"sk-SK","@id":"https:\/\/www.welovecycling.com\/sk\/2023\/05\/08\/rozhovor-letape-je-spat-aj-s-profesionalmi\/#primaryimage","url":"https:\/\/d2p6e6u75xmxt8.cloudfront.net\/4\/2023\/05\/titulka-1.webp","contentUrl":"https:\/\/d2p6e6u75xmxt8.cloudfront.net\/4\/2023\/05\/titulka-1.webp","width":990,"height":660},{"@type":"BreadcrumbList","@id":"https:\/\/www.welovecycling.com\/sk\/2023\/05\/08\/rozhovor-letape-je-spat-aj-s-profesionalmi\/#breadcrumb","itemListElement":[{"@type":"ListItem","position":1,"name":"Home","item":"https:\/\/www.welovecycling.com\/sk\/"},{"@type":"ListItem","position":2,"name":"Rozhovor: L&#8217;Etape je sp\u00e4\u0165 &#8211; aj s profesion\u00e1lmi"}]},{"@type":"WebSite","@id":"https:\/\/www.welovecycling.com\/sk\/#website","url":"https:\/\/www.welovecycling.com\/sk\/","name":"\u0160koda We Love Cycling Slovensko","description":"\u0160koda We Love Cycling Slovensko je v\u00e1\u0161 ka\u017edodenn\u00fd zdroj noviniek a in\u0161pir\u00e1cie z sveta cyklistiky","potentialAction":[{"@type":"SearchAction","target":{"@type":"EntryPoint","urlTemplate":"https:\/\/www.welovecycling.com\/sk\/?s={search_term_string}"},"query-input":{"@type":"PropertyValueSpecification","valueRequired":true,"valueName":"search_term_string"}}],"inLanguage":"sk-SK"},{"@type":"Person","@id":"https:\/\/www.welovecycling.com\/sk\/#\/schema\/person\/533b62b98b6c41bd5135ebfb1f742624","name":"dominika","image":{"@type":"ImageObject","inLanguage":"sk-SK","@id":"https:\/\/www.welovecycling.com\/sk\/#\/schema\/person\/image\/","url":"https:\/\/secure.gravatar.com\/avatar\/ded6f274ba2ec3e17fff153f7d9d96a4b33c2cb63907f75d9a5309c599a7f3e6?s=96&d=mm&r=g","contentUrl":"https:\/\/secure.gravatar.com\/avatar\/ded6f274ba2ec3e17fff153f7d9d96a4b33c2cb63907f75d9a5309c599a7f3e6?s=96&d=mm&r=g","caption":"dominika"},"url":"https:\/\/www.welovecycling.com\/sk\/author\/dominika\/"}]}},"_links":{"self":[{"href":"https:\/\/www.welovecycling.com\/sk\/wp-json\/wp\/v2\/posts\/17385","targetHints":{"allow":["GET"]}}],"collection":[{"href":"https:\/\/www.welovecycling.com\/sk\/wp-json\/wp\/v2\/posts"}],"about":[{"href":"https:\/\/www.welovecycling.com\/sk\/wp-json\/wp\/v2\/types\/post"}],"author":[{"embeddable":true,"href":"https:\/\/www.welovecycling.com\/sk\/wp-json\/wp\/v2\/users\/172"}],"replies":[{"embeddable":true,"href":"https:\/\/www.welovecycling.com\/sk\/wp-json\/wp\/v2\/comments?post=17385"}],"version-history":[{"count":3,"href":"https:\/\/www.welovecycling.com\/sk\/wp-json\/wp\/v2\/posts\/17385\/revisions"}],"predecessor-version":[{"id":17392,"href":"https:\/\/www.welovecycling.com\/sk\/wp-json\/wp\/v2\/posts\/17385\/revisions\/17392"}],"wp:featuredmedia":[{"embeddable":true,"href":"https:\/\/www.welovecycling.com\/sk\/wp-json\/wp\/v2\/media\/17389"}],"wp:attachment":[{"href":"https:\/\/www.welovecycling.com\/sk\/wp-json\/wp\/v2\/media?parent=17385"}],"wp:term":[{"taxonomy":"category","embeddable":true,"href":"https:\/\/www.welovecycling.com\/sk\/wp-json\/wp\/v2\/categories?post=17385"},{"taxonomy":"post_tag","embeddable":true,"href":"https:\/\/www.welovecycling.com\/sk\/wp-json\/wp\/v2\/tags?post=17385"},{"taxonomy":"global-categories","embeddable":true,"href":"https:\/\/www.welovecycling.com\/sk\/wp-json\/wp\/v2\/global-categories?post=17385"}],"curies":[{"name":"wp","href":"https:\/\/api.w.org\/{rel}","templated":true}]}}