{"id":17366,"date":"2023-06-05T14:28:28","date_gmt":"2023-06-05T10:00:38","guid":{"rendered":"https:\/\/www.welovecycling.com\/sk\/?p=17366"},"modified":"2023-06-05T14:29:41","modified_gmt":"2023-06-05T12:29:41","slug":"rozhovor-jan-spak-skoda-slovensky-raj","status":"publish","type":"post","link":"https:\/\/www.welovecycling.com\/sk\/2023\/06\/05\/rozhovor-jan-spak-skoda-slovensky-raj\/","title":{"rendered":"Rozhovor: J\u00e1n \u0160pak \u2013 \u0160koda Slovensk\u00fd raj"},"content":{"rendered":"<p><strong><em>\u201eNapr\u00e1zdno neod\u00edde takmer nikto\u201c <\/em>\u2013 toto v rozhovore pris\u013e\u00fabil J\u00e1n \u0160pak, riadite\u013e marat\u00f3nu \u0160koda Slovensk\u00fd raj. Marat\u00f3n organizuj\u00fa spolo\u010dne s \u013dudov\u00edtom Dulovi\u010dom u\u017e od roku 2011. Jedine\u010dnos\u0165ou tohto kola je, \u017ee sa jedin\u00fdkr\u00e1t v roku spr\u00edstupn\u00ed pr\u00edrodn\u00e1 oblas\u0165 Slovensk\u00fd raj aj pre cyklistov. No, a to je d\u00f4vod, pre\u010do by ste tam nemali <strong>u\u017e t\u00fato sobotu<\/strong> ch\u00fdba\u0165. <\/strong><!--more--><\/p>\n<p>Organiz\u00e1cia tak\u00e9ho ve\u013ek\u00e9ho eventu, ak\u00fdm je cel\u00e1 s\u00e9ria \u0160KODA BIKE OPEN TOUR, si vy\u017eaduje ve\u013ea \u010dasu a financi\u00ed, ale takisto je tam potrebn\u00e1 rovnak\u00e1 d\u00e1vka nad\u0161enia, odhodlania a ochotn\u00fdch \u013eud\u00ed. Pripravili sme pre v\u00e1s s\u00e9riu rozhovorov s organiz\u00e1tormi jednotliv\u00fdch k\u00f4l, aby sme v\u00e1m pribl\u00ed\u017eili, ako tak\u00e1 pr\u00edprava prebieha, a \u017ee s\u00fa to skuto\u010dn\u00ed nad\u0161enci cyklistiky.<\/p>\n<p><strong>\u010co v\u00e1s priviedlo k organizovaniu marat\u00f3nu?<\/strong><br \/>\n<em>Dostal som ponuku od p\u00f4vodn\u00e9ho organiz\u00e1tora marat\u00f3nu v Slovenskom raji, aby som pokra\u010doval.<br \/>\n<\/em><em>Nako\u013eko s\u00e1m chod\u00edm po marat\u00f3noch ako pretek\u00e1r a taktie\u017e som s\u00e1m kritizoval nedostatky na in\u00fdch podujatiach, rozhodol som sa, \u017ee si to vysk\u00fa\u0161am aj zo strany organiz\u00e1tora a ponuku som prijal. Mysl\u00edm si, \u017ee ve\u013ea pretek\u00e1rov by si to malo sk\u00fasi\u0165, preto\u017ee to naozaj nie je tak\u00e9 jednoduch\u00e9, ako sa m\u00f4\u017ee na prv\u00fd poh\u013ead zda\u0165.<\/em><\/p>\n<p><strong>Odkedy marat\u00f3n akt\u00edvne organizujete?<\/strong><br \/>\n<em>Ak si dobre spom\u00ednam, marat\u00f3n organizujeme od roku 2011.<\/em><\/p>\n<p><img loading=\"lazy\" decoding=\"async\" class=\"alignnone size-full wp-image-17369\" src=\"https:\/\/d2p6e6u75xmxt8.cloudfront.net\/4\/2023\/05\/01.webp\" alt=\"\" width=\"990\" height=\"660\" srcset=\"https:\/\/d2p6e6u75xmxt8.cloudfront.net\/4\/2023\/05\/01.webp 990w, https:\/\/d2p6e6u75xmxt8.cloudfront.net\/4\/2023\/05\/01-300x200.webp 300w, https:\/\/d2p6e6u75xmxt8.cloudfront.net\/4\/2023\/05\/01-768x512.webp 768w, https:\/\/d2p6e6u75xmxt8.cloudfront.net\/4\/2023\/05\/01-400x267.webp 400w, https:\/\/d2p6e6u75xmxt8.cloudfront.net\/4\/2023\/05\/01-272x182.webp 272w\" sizes=\"auto, (max-width: 990px) 100vw, 990px\" \/><\/p>\n<p><strong>Ako vyzeral prv\u00fd ro\u010dn\u00edk?<\/strong><br \/>\n<em>Niektor\u00e9 veci sme neustr\u00e1\u017eili, ale ohlasy boli nakoniec pozit\u00edvne, tak\u017ee sme sa rozhodli pokra\u010dova\u0165.<\/em><\/p>\n<p><strong>Kde vid\u00edte najv\u00e4\u010d\u0161\u00ed posun po\u010das rokov?<\/strong><br \/>\n<em>V organiza\u010dnej \u010dasti, a to najm\u00e4 v\u010faka sp\u00e4tnej v\u00e4zbe od pretek\u00e1rov, dobrovo\u013en\u00edkov a div\u00e1kov.<\/em><\/p>\n<p><strong>Z\u00fa\u010dastnili ste sa v minulosti aj in\u00fdch k\u00f4l \u0160KODA BIKE OPEN TOUR? Viete porovna\u0165, v \u010dom ste in\u00fd?<\/strong><br \/>\n<em>Z\u00fa\u010dastnil som sa v\u0161etk\u00fdch k\u00f4l \u0160BOT. Mysl\u00edm si, \u017ee n\u00e1\u0161 marat\u00f3n vynik\u00e1 najm\u00e4 v tom, \u017ee tra\u0165 v Slovenskom raji je spr\u00edstupnen\u00e1 iba po\u010das n\u00e1\u0161ho marat\u00f3nu. Ve\u013emi n\u00e1s te\u0161\u00ed aj priate\u013esk\u00e1 atmosf\u00e9ra v priestoroch \u0161tartu.<\/em><\/p>\n<p><strong>\u010co je na pr\u00edprave najn\u00e1ro\u010dnej\u0161ie?<\/strong><br \/>\n<em>Zohna\u0165 \u013eud\u00ed\/dobrovo\u013en\u00edkov. Samozrejme, aj zmena trate je n\u00e1ro\u010dn\u00e1, a to hlavne administrat\u00edvne, ale sme v\u010fa\u010dn\u00ed, \u017ee aj v NP toto podujatie vn\u00edmaj\u00fa pozit\u00edvne a m\u00f4\u017eeme jazdi\u0165 v \u201craji\u201d.<\/em><\/p>\n<p><img loading=\"lazy\" decoding=\"async\" class=\"alignnone size-full wp-image-17370\" src=\"https:\/\/d2p6e6u75xmxt8.cloudfront.net\/4\/2023\/05\/02.webp\" alt=\"\" width=\"990\" height=\"660\" srcset=\"https:\/\/d2p6e6u75xmxt8.cloudfront.net\/4\/2023\/05\/02.webp 990w, https:\/\/d2p6e6u75xmxt8.cloudfront.net\/4\/2023\/05\/02-300x200.webp 300w, https:\/\/d2p6e6u75xmxt8.cloudfront.net\/4\/2023\/05\/02-768x512.webp 768w, https:\/\/d2p6e6u75xmxt8.cloudfront.net\/4\/2023\/05\/02-400x267.webp 400w, https:\/\/d2p6e6u75xmxt8.cloudfront.net\/4\/2023\/05\/02-272x182.webp 272w\" sizes=\"auto, (max-width: 990px) 100vw, 990px\" \/><\/p>\n<p><strong>Ako je to s n\u00e1v\u0161tevnos\u0165ou?<\/strong><br \/>\n<em>V\u017edy je to v priemere 500 \u00fa\u010dastn\u00edkov, aj po\u010das pand\u00e9mie, ale nebojujeme o extr\u00e9mne v\u00e4\u010d\u0161iu \u00fa\u010das\u0165, preto\u017ee by to bolo na \u00fakor kvality. Prv\u00e9 ro\u010dn\u00edky boli aj povolen\u00edm zo strany n\u00e1rodn\u00e9ho parku limitovan\u00e9 iba pre 500 \u013eud\u00ed.<\/em><\/p>\n<p><strong>S\u00fa\u010das\u0165ou marat\u00f3nu je aj tra\u0165 \u0160koda Family pre rodi\u010dov s de\u0165mi. Ako to vn\u00edmate, nemaj\u00fa rodi\u010dia prehnan\u00e9 n\u00e1roky na svoje deti?<\/strong><br \/>\n<em>N\u00e1jdu sa aj tak\u00ed rodi\u010dia, ktor\u00ed maj\u00fa prehnan\u00e9 n\u00e1roky, ale de\u0165om to na radosti z jazdy ur\u010dite neuber\u00e1. Tra\u0165 Family vn\u00edmame pozit\u00edvne, je ve\u013emi d\u00f4le\u017eit\u00e9 vies\u0165 deti nielen k cyklistike, ale k ak\u00e9muko\u013evek \u0161portu, z ktor\u00e9ho bud\u00fa ma\u0165 rados\u0165.<\/em><\/p>\n<p><img loading=\"lazy\" decoding=\"async\" class=\"alignnone size-full wp-image-17371\" src=\"https:\/\/d2p6e6u75xmxt8.cloudfront.net\/4\/2023\/05\/03.webp\" alt=\"\" width=\"990\" height=\"660\" srcset=\"https:\/\/d2p6e6u75xmxt8.cloudfront.net\/4\/2023\/05\/03.webp 990w, https:\/\/d2p6e6u75xmxt8.cloudfront.net\/4\/2023\/05\/03-300x200.webp 300w, https:\/\/d2p6e6u75xmxt8.cloudfront.net\/4\/2023\/05\/03-768x512.webp 768w, https:\/\/d2p6e6u75xmxt8.cloudfront.net\/4\/2023\/05\/03-400x267.webp 400w, https:\/\/d2p6e6u75xmxt8.cloudfront.net\/4\/2023\/05\/03-272x182.webp 272w\" sizes=\"auto, (max-width: 990px) 100vw, 990px\" \/><\/p>\n<p><strong>Viete pri poh\u013eade sp\u00e4\u0165 vybra\u0165 preteky, ktor\u00e9 s\u00fa pre v\u00e1s nezabudnute\u013en\u00e9?<\/strong><br \/>\n<em>Ke\u010f som ako organiz\u00e1tor pretekov prv\u00fdkr\u00e1t nabral odvahu prenecha\u0165 organiz\u00e1ciu n\u00e1\u0161mu t\u00edmu a od\u0161tartoval som spolu s pretek\u00e1rmi. Bohu\u017eia\u013e, na trati skolaboval pretek\u00e1r po oper\u00e1cii srdca. V\u0161etci pretek\u00e1ri sme sa sna\u017eili pom\u00f4c\u0165 a\u017e do pr\u00edchodu z\u00e1chran\u00e1rov.<\/em><\/p>\n<p><strong>Ako vyzeraj\u00fa pr\u00edpravy a kedy s nimi za\u010d\u00ednate?<\/strong><br \/>\n<em>S pr\u00edpravami za\u010d\u00edname ihne\u010f, doslova de\u0148 po ukon\u010den\u00ed pretekov. Aby sme v\u0161etky veci, ktor\u00e9 chceme zmeni\u0165, mali sp\u00edsan\u00e9, k\u00fdm ich m\u00e1me \u010derstvo v pam\u00e4ti.<\/em><\/p>\n<p><strong>Ako vyzer\u00e1 v\u00e1\u0161 program v de\u0148 konania akcie?<\/strong><br \/>\n<em>Pre n\u00e1s za\u010d\u00edna akcia u\u017e de\u0148 pred \u0161tartom. Hne\u010f zr\u00e1na sa za\u010d\u00edna s pr\u00edpravami z\u00e1bran, z\u00e1zemia, registr\u00e1cie, umiest\u0148ujeme nav\u00e1dzacie tabule na Podlesok, umiest\u0148ujeme bannery, bal\u00edme ta\u0161ky s reklamn\u00fdmi predmetmi pre ka\u017ed\u00e9ho pretek\u00e1ra, pripravujeme a del\u00edme v\u0161etko potrebn\u00e9 na bufety. Podve\u010der v piatok u\u017e za\u010d\u00ednaj\u00fa prich\u00e1dza\u0165 prv\u00ed pretek\u00e1ri na registr\u00e1ciu. V de\u0148 \u0161tartu je to skor\u00fd odchod dobrovo\u013en\u00edkov na bufet a v z\u00e1zem\u00ed pokra\u010dujeme v registr\u00e1cii pretek\u00e1rov. A ani sa nenazd\u00e1me, je tu prv\u00fd \u0161tart.<\/em><\/p>\n<p><img loading=\"lazy\" decoding=\"async\" class=\"alignnone size-full wp-image-17372\" src=\"https:\/\/d2p6e6u75xmxt8.cloudfront.net\/4\/2023\/05\/08.webp\" alt=\"\" width=\"990\" height=\"660\" srcset=\"https:\/\/d2p6e6u75xmxt8.cloudfront.net\/4\/2023\/05\/08.webp 990w, https:\/\/d2p6e6u75xmxt8.cloudfront.net\/4\/2023\/05\/08-300x200.webp 300w, https:\/\/d2p6e6u75xmxt8.cloudfront.net\/4\/2023\/05\/08-768x512.webp 768w, https:\/\/d2p6e6u75xmxt8.cloudfront.net\/4\/2023\/05\/08-400x267.webp 400w, https:\/\/d2p6e6u75xmxt8.cloudfront.net\/4\/2023\/05\/08-272x182.webp 272w\" sizes=\"auto, (max-width: 990px) 100vw, 990px\" \/><\/p>\n<p><strong>Organizujete aj nejak\u00e9 in\u00e9 preteky?<\/strong><br \/>\n<em>V\u00fdnimo\u010dne zimn\u00e9 preteky pre mesto Spi\u0161sk\u00e1 Nov\u00e1 Ves, nako\u013eko m\u00e1me aj cyklistick\u00fa predaj\u0148u, sme sponzorom pre preteky 333 EXTREME a v minulosti sme mali \u010dasovku na Medvediu hlavu o Cyklo\u0161pakov poh\u00e1r.<\/em><\/p>\n<p><strong>\u010co by ste zmenili na pretekoch \u0160BOT, keby to bolo mo\u017en\u00e9?<\/strong><br \/>\n<em>Hlavn\u00e1 tombola (automobil od \u0160koda) bola atrakt\u00edvna pre \u00fa\u010dastn\u00edkov a mysl\u00edme si, \u017ee bola najm\u00e4 motivuj\u00faca, aby pretek\u00e1r pre\u0161iel cel\u00fa s\u00e9riu \u0160BOT.<\/em><\/p>\n<p><strong>\u010co by ste chceli pochv\u00e1li\u0165 a na \u010do upozorni\u0165 v r\u00e1mci spolupr\u00e1ce so zna\u010dkou \u0160koda?<\/strong><br \/>\n<em>Spolo\u010dne sme sa ve\u013emi v spolupr\u00e1ci posunuli, nako\u013eko sa zlep\u0161ila komunik\u00e1cia medzi nami, vznikli priate\u013estv\u00e1 a vieme, \u010do od seba m\u00f4\u017eeme o\u010dak\u00e1va\u0165 a ak\u00e9 ciele chceme spolo\u010dne dosiahnu\u0165.<\/em><\/p>\n<p><em>Pre n\u00e1s, ke\u010f\u017ee sme cyklisti, je st\u00e1le priorita pretek\u00e1r. My vieme, \u010do potrebuj\u00fa pred, po\u010das a po \u0161tarte cyklisti a \u201c\u0161kodov\u00e1ci\u201d zas myslia na \u013eud\u00ed v z\u00e1zem\u00ed marat\u00f3nu, napr\u00edklad programom, \u0160koda meste\u010dkom pre deti i samotn\u00fdm n\u00e1padom s Family tra\u0165ou.<\/em><\/p>\n<div id='gallery-1' class='gallery galleryid-17366 gallery-columns-2 gallery-size-full'><figure class='gallery-item'>\n\t\t\t<div class='gallery-icon landscape'>\n\t\t\t\t<a href='https:\/\/d2p6e6u75xmxt8.cloudfront.net\/4\/2023\/05\/04.webp'><img loading=\"lazy\" decoding=\"async\" width=\"990\" height=\"660\" src=\"https:\/\/d2p6e6u75xmxt8.cloudfront.net\/4\/2023\/05\/04.webp\" class=\"attachment-full size-full\" alt=\"\" srcset=\"https:\/\/d2p6e6u75xmxt8.cloudfront.net\/4\/2023\/05\/04.webp 990w, https:\/\/d2p6e6u75xmxt8.cloudfront.net\/4\/2023\/05\/04-300x200.webp 300w, https:\/\/d2p6e6u75xmxt8.cloudfront.net\/4\/2023\/05\/04-768x512.webp 768w, https:\/\/d2p6e6u75xmxt8.cloudfront.net\/4\/2023\/05\/04-400x267.webp 400w, https:\/\/d2p6e6u75xmxt8.cloudfront.net\/4\/2023\/05\/04-272x182.webp 272w\" sizes=\"auto, (max-width: 990px) 100vw, 990px\" \/><\/a>\n\t\t\t<\/div><\/figure><figure class='gallery-item'>\n\t\t\t<div class='gallery-icon landscape'>\n\t\t\t\t<a href='https:\/\/d2p6e6u75xmxt8.cloudfront.net\/4\/2023\/05\/07.webp'><img loading=\"lazy\" decoding=\"async\" width=\"990\" height=\"660\" src=\"https:\/\/d2p6e6u75xmxt8.cloudfront.net\/4\/2023\/05\/07.webp\" class=\"attachment-full size-full\" alt=\"\" srcset=\"https:\/\/d2p6e6u75xmxt8.cloudfront.net\/4\/2023\/05\/07.webp 990w, https:\/\/d2p6e6u75xmxt8.cloudfront.net\/4\/2023\/05\/07-300x200.webp 300w, https:\/\/d2p6e6u75xmxt8.cloudfront.net\/4\/2023\/05\/07-768x512.webp 768w, https:\/\/d2p6e6u75xmxt8.cloudfront.net\/4\/2023\/05\/07-400x267.webp 400w, https:\/\/d2p6e6u75xmxt8.cloudfront.net\/4\/2023\/05\/07-272x182.webp 272w\" sizes=\"auto, (max-width: 990px) 100vw, 990px\" \/><\/a>\n\t\t\t<\/div><\/figure>\n\t\t<\/div>\n\n<p><strong>Po\u010das rokov ste za\u017eili r\u00f4zne typy po\u010dasia. Ak\u00e9 po\u010dasie je najhor\u0161ie &#8211; vietor, d\u00e1\u017e\u010f \u010di ve\u013ek\u00e1 hor\u00fa\u010dava?<\/strong><br \/>\n<em>Zima a d\u00e1\u017e\u010f &#8211; to bolo nepr\u00edjemn\u00e9 pre n\u00e1s i pretek\u00e1rov. Ale pre ob\u010derstvovacie bufety na trati ur\u010dite hor\u00fa\u010dava, nako\u013eko m\u00e1me na bufetoch iontov\u00e9 n\u00e1poje (sladk\u00e9), ban\u00e1ny a podobne\u2026 V hor\u00fa\u010dave im to tam hmyz dok\u00e1\u017ee naozaj strp\u010di\u0165.<\/em><\/p>\n<p><strong>Organizovanie tak\u00e9hoto ve\u013ek\u00e9ho podujatia sa nezaob\u00edde bez pomoci dobrovo\u013en\u00edkov. Nem\u00e1te probl\u00e9m ich ka\u017edoro\u010dne n\u00e1js\u0165 dostato\u010dn\u00e9 mno\u017estvo?<\/strong><br \/>\n<em>Ka\u017ed\u00e1 pomocn\u00e1 ruka je dobr\u00e1, st\u00e1le je probl\u00e9m zohna\u0165 dobrovo\u013en\u00edkov, ale mus\u00edm poveda\u0165, \u017ee kto raz pri\u0161iel a pomohol, zv\u00e4\u010d\u0161a pri\u0161iel aj o rok. M\u00e1me teda svoje \u201cst\u00e1lice\u201d medzi dobrovo\u013en\u00edkmi a o to priate\u013eskej\u0161ie, z\u00e1bavnej\u0161ie je z\u00e1kulisie. Samozrejme, aj sa jednoduch\u0161ie pracuje, ak u\u017e ka\u017ed\u00fd vie, \u010do robi\u0165. Mysl\u00edm si, \u017ee m\u00e1me tak \u0161ikovn\u00fdch \u013eud\u00ed, \u017ee by som tam ani nemusel by\u0165.<\/em><\/p>\n<p><strong>Ak\u00e1 je podpora obc\u00ed? Uvedomuj\u00fa si, \u017ee je to aj pre nich mo\u017enos\u0165 propag\u00e1cie?<\/strong><br \/>\n<em>\u00c1no, uvedomuj\u00fa si to a podpora napr\u00edklad z obce Hrabu\u0161ice a Podlesku je pre n\u00e1s neoddelite\u013en\u00e1 s\u00fa\u010das\u0165, bez ktorej by to ne\u0161lo.<\/em><\/p>\n<p><img loading=\"lazy\" decoding=\"async\" class=\"alignnone size-full wp-image-17375\" src=\"https:\/\/d2p6e6u75xmxt8.cloudfront.net\/4\/2023\/05\/05.webp\" alt=\"\" width=\"990\" height=\"660\" srcset=\"https:\/\/d2p6e6u75xmxt8.cloudfront.net\/4\/2023\/05\/05.webp 990w, https:\/\/d2p6e6u75xmxt8.cloudfront.net\/4\/2023\/05\/05-300x200.webp 300w, https:\/\/d2p6e6u75xmxt8.cloudfront.net\/4\/2023\/05\/05-768x512.webp 768w, https:\/\/d2p6e6u75xmxt8.cloudfront.net\/4\/2023\/05\/05-400x267.webp 400w, https:\/\/d2p6e6u75xmxt8.cloudfront.net\/4\/2023\/05\/05-272x182.webp 272w\" sizes=\"auto, (max-width: 990px) 100vw, 990px\" \/><\/p>\n<p><strong>Sledujete aj organizovanie podobn\u00fdch akcii v zahrani\u010d\u00ed, pripadne ste sa nimi v nie\u010dom in\u0161pirovali?<\/strong><br \/>\n<em>In\u0161pir\u00e1cia prich\u00e1dza z r\u00f4znych podujat\u00ed. V\u017edy je \u010do zlep\u0161ova\u0165, ale spomeniem napr\u00edklad tak\u00fd \u00d6tztaler Radmarathon &#8211; kde jednozna\u010dne preva\u017euje kvalita nad kvantitou.<\/em><\/p>\n<p><strong>Pozn\u00e1te sa organiz\u00e1tori jednotliv\u00fdch k\u00f4l \u0160BOT &#8211; spolupracujete vz\u00e1jomne?<\/strong><br \/>\n<em>\u00c1no, pozn\u00e1me sa i vz\u00e1jomne spolupracujeme.<\/em><\/p>\n<p><strong>Je nejak\u00fd ve\u013ek\u00fd organiza\u010dn\u00fd probl\u00e9m, s ktor\u00fdm sa ka\u017edoro\u010dne stret\u00e1vate?<\/strong><br \/>\n<em>Aj ke\u010f sa nejak\u00fd organiza\u010dn\u00fd probl\u00e9m vyskytol, sna\u017e\u00edme sa, aby to nepoc\u00edtil pretek\u00e1r. Ale neviem o takom probl\u00e9me, ktor\u00fd by sa st\u00e1val opakovane po\u010das ro\u010dn\u00edkov. Doposia\u013e najv\u00e4\u010d\u0161ou sk\u00fa\u0161kou organiza\u010dne bol marat\u00f3n po\u010das pand\u00e9mie a testovanie.<\/em><\/p>\n<p><strong>Stal sa po\u010das rokov aj nejak\u00fd v\u00e1\u017enej\u0161\u00ed \u00faraz?<\/strong><br \/>\n<em>Zv\u00e4\u010d\u0161a tr\u017en\u00e9 rany, nejak\u00e9 p\u00e1dy a odreniny.<\/em><\/p>\n<p><strong>M\u00e1te nejak\u00fa z\u00e1bavn\u00fa pr\u00edhodu zo z\u00e1kulisia alebo priamo z miesta konania pretekov?<\/strong><br \/>\n<em>Aj preto organizujeme marat\u00f3n u\u017e viac ako 10 rokov, lebo z\u00e1kulisie je naozaj z\u00e1bavn\u00e9. Ak to chcete za\u017ei\u0165, miesta pre dobrovo\u013en\u00edkov s\u00fa st\u00e1le vo\u013en\u00e9.<\/em><\/p>\n<p><img loading=\"lazy\" decoding=\"async\" class=\"alignnone size-full wp-image-17376\" src=\"https:\/\/d2p6e6u75xmxt8.cloudfront.net\/4\/2023\/05\/06.webp\" alt=\"\" width=\"990\" height=\"660\" srcset=\"https:\/\/d2p6e6u75xmxt8.cloudfront.net\/4\/2023\/05\/06.webp 990w, https:\/\/d2p6e6u75xmxt8.cloudfront.net\/4\/2023\/05\/06-300x200.webp 300w, https:\/\/d2p6e6u75xmxt8.cloudfront.net\/4\/2023\/05\/06-768x512.webp 768w, https:\/\/d2p6e6u75xmxt8.cloudfront.net\/4\/2023\/05\/06-400x267.webp 400w, https:\/\/d2p6e6u75xmxt8.cloudfront.net\/4\/2023\/05\/06-272x182.webp 272w\" sizes=\"auto, (max-width: 990px) 100vw, 990px\" \/><\/p>\n<p><strong>Spomeniete si, ak\u00fd bol najmlad\u0161\u00ed a najstar\u0161\u00ed pretek\u00e1r?<\/strong><br \/>\n<em>Najmlad\u0161\u00ed okolo 1-2 a najstar\u0161\u00ed ur\u010dite po 70. Presne u\u017e neviem.<\/em><\/p>\n<p><strong>Ste alebo bol ste akt\u00edvny cyklista?<\/strong><br \/>\n<em>\u00c1no, som b\u00fdval\u00fd reprezentant SR v cyklistike (J\u00e1n \u0160pak &#8211; riadite\u013e pretekov) a m\u00f4j kolega \u013dudov\u00edt Dulovi\u010d (technick\u00fd mana\u017e\u00e9r) &#8211; je b\u00fdval\u00fd reprezentant SR v triatlone.<\/em><\/p>\n<p><strong>M\u00e1te nejak\u00e9 kon\u00ed\u010dky \u010di aktivity, ktor\u00fdm sa venujete okrem cyklistiky?<\/strong><br \/>\n<em>Spolo\u010dne s priate\u013emi basketbal, skialp, ale najm\u00e4 cyklistika.<\/em><\/p>\n<p><img loading=\"lazy\" decoding=\"async\" class=\"alignnone size-full wp-image-17377\" src=\"https:\/\/d2p6e6u75xmxt8.cloudfront.net\/4\/2023\/05\/09.webp\" alt=\"\" width=\"990\" height=\"660\" srcset=\"https:\/\/d2p6e6u75xmxt8.cloudfront.net\/4\/2023\/05\/09.webp 990w, https:\/\/d2p6e6u75xmxt8.cloudfront.net\/4\/2023\/05\/09-300x200.webp 300w, https:\/\/d2p6e6u75xmxt8.cloudfront.net\/4\/2023\/05\/09-768x512.webp 768w, https:\/\/d2p6e6u75xmxt8.cloudfront.net\/4\/2023\/05\/09-400x267.webp 400w, https:\/\/d2p6e6u75xmxt8.cloudfront.net\/4\/2023\/05\/09-272x182.webp 272w\" sizes=\"auto, (max-width: 990px) 100vw, 990px\" \/><\/p>\n<p><strong>M\u00e1te nejak\u00fd odkaz pre \u00fa\u010dastn\u00edkov aktu\u00e1lneho 10. v\u00fdro\u010dia \u0160KODA BIKE OPEN TOUR?<\/strong><br \/>\n<em>\u010co sa t\u00fdka celej s\u00e9rie\u2026 Pr\u00ed\u010fte to za\u017ei\u0165, nepozerajte na profil trate a kilometre, ale u\u017eite si to naplno. Ur\u010dite neo\u013eutujete, ak pr\u00eddete s celou rodinou, za\u017ei\u0165 atmosf\u00e9ru \u0160BOT. Za marat\u00f3n v Slovenskom raji m\u00f4\u017eeme s\u013e\u00fabi\u0165, \u017ee napr\u00e1zdno neod\u00edde takmer nikto, m\u00e1me super ceny, tombolu a kto u\u017e raz bol, vie, \u017ee sa oplat\u00ed pr\u00eds\u0165, u\u017e len kv\u00f4li gu\u013e\u00e1\u0161u od hasi\u010dov! \ud83d\ude42 Te\u0161\u00edme sa na v\u00e1s!<\/em><\/p>\n","protected":false},"excerpt":{"rendered":"<p>\u201eNapr\u00e1zdno neod\u00edde takmer nikto\u201c \u2013 toto v rozhovore pris\u013e\u00fabil J\u00e1n \u0160pak, riadite\u013e marat\u00f3nu \u0160koda Slovensk\u00fd raj. Marat\u00f3n organizuj\u00fa spolo\u010dne s [&hellip;]<\/p>\n","protected":false},"author":172,"featured_media":17368,"comment_status":"open","ping_status":"open","sticky":false,"template":"","format":"standard","meta":{"footnotes":""},"categories":[191],"tags":[115,546,53,178,179,501,1557,542,35,271],"global-categories":[1074],"class_list":["post-17366","post","type-post","status-publish","format-standard","has-post-thumbnail","hentry","category-odporucame","tag-cestna-cyklistika","tag-cyklistika","tag-deti","tag-maraton","tag-preteky","tag-rozhovor","tag-sezona-2023","tag-skoda","tag-sbot","tag-skoda-slovensky-raj","global-categories-cycling"],"yoast_head":"<!-- This site is optimized with the Yoast SEO Premium plugin v25.3 (Yoast SEO v25.9) - https:\/\/yoast.com\/wordpress\/plugins\/seo\/ -->\n<title>Rozhovor: J\u00e1n \u0160pak \u2013 \u0160koda Slovensk\u00fd raj<\/title>\n<meta name=\"description\" content=\"\u201eNapr\u00e1zdno neod\u00edde takmer nikto\u201c \u2013 toto v rozhovore pris\u013e\u00fabil J\u00e1n \u0160pak, riadite\u013e marat\u00f3nu \u0160koda Slovensk\u00fd raj.\" \/>\n<meta name=\"robots\" content=\"index, follow, max-snippet:-1, max-image-preview:large, max-video-preview:-1\" \/>\n<link rel=\"canonical\" href=\"https:\/\/www.welovecycling.com\/sk\/2023\/06\/05\/rozhovor-jan-spak-skoda-slovensky-raj\/\" \/>\n<meta property=\"og:locale\" content=\"sk_SK\" \/>\n<meta property=\"og:type\" content=\"article\" \/>\n<meta property=\"og:title\" content=\"Rozhovor: J\u00e1n \u0160pak \u2013 \u0160koda Slovensk\u00fd raj\" \/>\n<meta property=\"og:description\" content=\"\u201eNapr\u00e1zdno neod\u00edde takmer nikto\u201c \u2013 toto v rozhovore pris\u013e\u00fabil J\u00e1n \u0160pak, riadite\u013e marat\u00f3nu \u0160koda Slovensk\u00fd raj.\" \/>\n<meta property=\"og:url\" content=\"https:\/\/www.welovecycling.com\/sk\/2023\/06\/05\/rozhovor-jan-spak-skoda-slovensky-raj\/\" \/>\n<meta property=\"og:site_name\" content=\"\u0160koda We Love Cycling Slovensko\" \/>\n<meta property=\"article:published_time\" content=\"2023-06-05T10:00:38+00:00\" \/>\n<meta property=\"article:modified_time\" content=\"2023-06-05T12:29:41+00:00\" \/>\n<meta property=\"og:image\" content=\"https:\/\/d2p6e6u75xmxt8.cloudfront.net\/4\/2023\/05\/titulka_raj.webp\" \/>\n\t<meta property=\"og:image:width\" content=\"990\" \/>\n\t<meta property=\"og:image:height\" content=\"660\" \/>\n\t<meta property=\"og:image:type\" content=\"image\/webp\" \/>\n<meta name=\"author\" content=\"dominika\" \/>\n<meta name=\"twitter:card\" content=\"summary_large_image\" \/>\n<meta name=\"twitter:label1\" content=\"Written by\" \/>\n\t<meta name=\"twitter:data1\" content=\"Radovan Vr\u0161ka\" \/>\n\t<meta name=\"twitter:label2\" content=\"Est. reading time\" \/>\n\t<meta name=\"twitter:data2\" content=\"6\" \/>\n<script type=\"application\/ld+json\" class=\"yoast-schema-graph\">{\"@context\":\"https:\/\/schema.org\",\"@graph\":[{\"@type\":\"WebPage\",\"@id\":\"https:\/\/www.welovecycling.com\/sk\/2023\/06\/05\/rozhovor-jan-spak-skoda-slovensky-raj\/\",\"url\":\"https:\/\/www.welovecycling.com\/sk\/2023\/06\/05\/rozhovor-jan-spak-skoda-slovensky-raj\/\",\"name\":\"Rozhovor: J\u00e1n \u0160pak \u2013 \u0160koda Slovensk\u00fd raj\",\"isPartOf\":{\"@id\":\"https:\/\/www.welovecycling.com\/sk\/#website\"},\"primaryImageOfPage\":{\"@id\":\"https:\/\/www.welovecycling.com\/sk\/2023\/06\/05\/rozhovor-jan-spak-skoda-slovensky-raj\/#primaryimage\"},\"image\":{\"@id\":\"https:\/\/www.welovecycling.com\/sk\/2023\/06\/05\/rozhovor-jan-spak-skoda-slovensky-raj\/#primaryimage\"},\"thumbnailUrl\":\"https:\/\/d2p6e6u75xmxt8.cloudfront.net\/4\/2023\/05\/titulka_raj.webp\",\"datePublished\":\"2023-06-05T10:00:38+00:00\",\"dateModified\":\"2023-06-05T12:29:41+00:00\",\"author\":{\"@id\":\"https:\/\/www.welovecycling.com\/sk\/#\/schema\/person\/533b62b98b6c41bd5135ebfb1f742624\"},\"description\":\"\u201eNapr\u00e1zdno neod\u00edde takmer nikto\u201c \u2013 toto v rozhovore pris\u013e\u00fabil J\u00e1n \u0160pak, riadite\u013e marat\u00f3nu \u0160koda Slovensk\u00fd raj.\",\"breadcrumb\":{\"@id\":\"https:\/\/www.welovecycling.com\/sk\/2023\/06\/05\/rozhovor-jan-spak-skoda-slovensky-raj\/#breadcrumb\"},\"inLanguage\":\"sk-SK\",\"potentialAction\":[{\"@type\":\"ReadAction\",\"target\":[\"https:\/\/www.welovecycling.com\/sk\/2023\/06\/05\/rozhovor-jan-spak-skoda-slovensky-raj\/\"]}]},{\"@type\":\"ImageObject\",\"inLanguage\":\"sk-SK\",\"@id\":\"https:\/\/www.welovecycling.com\/sk\/2023\/06\/05\/rozhovor-jan-spak-skoda-slovensky-raj\/#primaryimage\",\"url\":\"https:\/\/d2p6e6u75xmxt8.cloudfront.net\/4\/2023\/05\/titulka_raj.webp\",\"contentUrl\":\"https:\/\/d2p6e6u75xmxt8.cloudfront.net\/4\/2023\/05\/titulka_raj.webp\",\"width\":990,\"height\":660,\"caption\":\"\u0160BOT cyklisti na \u0161tarte\"},{\"@type\":\"BreadcrumbList\",\"@id\":\"https:\/\/www.welovecycling.com\/sk\/2023\/06\/05\/rozhovor-jan-spak-skoda-slovensky-raj\/#breadcrumb\",\"itemListElement\":[{\"@type\":\"ListItem\",\"position\":1,\"name\":\"Home\",\"item\":\"https:\/\/www.welovecycling.com\/sk\/\"},{\"@type\":\"ListItem\",\"position\":2,\"name\":\"Rozhovor: J\u00e1n \u0160pak \u2013 \u0160koda Slovensk\u00fd raj\"}]},{\"@type\":\"WebSite\",\"@id\":\"https:\/\/www.welovecycling.com\/sk\/#website\",\"url\":\"https:\/\/www.welovecycling.com\/sk\/\",\"name\":\"\u0160koda We Love Cycling Slovensko\",\"description\":\"\u0160koda We Love Cycling Slovensko je v\u00e1\u0161 ka\u017edodenn\u00fd zdroj noviniek a in\u0161pir\u00e1cie z sveta cyklistiky\",\"potentialAction\":[{\"@type\":\"SearchAction\",\"target\":{\"@type\":\"EntryPoint\",\"urlTemplate\":\"https:\/\/www.welovecycling.com\/sk\/?s={search_term_string}\"},\"query-input\":{\"@type\":\"PropertyValueSpecification\",\"valueRequired\":true,\"valueName\":\"search_term_string\"}}],\"inLanguage\":\"sk-SK\"},{\"@type\":\"Person\",\"@id\":\"https:\/\/www.welovecycling.com\/sk\/#\/schema\/person\/533b62b98b6c41bd5135ebfb1f742624\",\"name\":\"dominika\",\"image\":{\"@type\":\"ImageObject\",\"inLanguage\":\"sk-SK\",\"@id\":\"https:\/\/www.welovecycling.com\/sk\/#\/schema\/person\/image\/\",\"url\":\"https:\/\/secure.gravatar.com\/avatar\/ded6f274ba2ec3e17fff153f7d9d96a4b33c2cb63907f75d9a5309c599a7f3e6?s=96&d=mm&r=g\",\"contentUrl\":\"https:\/\/secure.gravatar.com\/avatar\/ded6f274ba2ec3e17fff153f7d9d96a4b33c2cb63907f75d9a5309c599a7f3e6?s=96&d=mm&r=g\",\"caption\":\"dominika\"},\"url\":\"https:\/\/www.welovecycling.com\/sk\/author\/dominika\/\"}]}<\/script>\n<!-- \/ Yoast SEO Premium plugin. -->","yoast_head_json":{"title":"Rozhovor: J\u00e1n \u0160pak \u2013 \u0160koda Slovensk\u00fd raj","description":"\u201eNapr\u00e1zdno neod\u00edde takmer nikto\u201c \u2013 toto v rozhovore pris\u013e\u00fabil J\u00e1n \u0160pak, riadite\u013e marat\u00f3nu \u0160koda Slovensk\u00fd raj.","robots":{"index":"index","follow":"follow","max-snippet":"max-snippet:-1","max-image-preview":"max-image-preview:large","max-video-preview":"max-video-preview:-1"},"canonical":"https:\/\/www.welovecycling.com\/sk\/2023\/06\/05\/rozhovor-jan-spak-skoda-slovensky-raj\/","og_locale":"sk_SK","og_type":"article","og_title":"Rozhovor: J\u00e1n \u0160pak \u2013 \u0160koda Slovensk\u00fd raj","og_description":"\u201eNapr\u00e1zdno neod\u00edde takmer nikto\u201c \u2013 toto v rozhovore pris\u013e\u00fabil J\u00e1n \u0160pak, riadite\u013e marat\u00f3nu \u0160koda Slovensk\u00fd raj.","og_url":"https:\/\/www.welovecycling.com\/sk\/2023\/06\/05\/rozhovor-jan-spak-skoda-slovensky-raj\/","og_site_name":"\u0160koda We Love Cycling Slovensko","article_published_time":"2023-06-05T10:00:38+00:00","article_modified_time":"2023-06-05T12:29:41+00:00","og_image":[{"width":990,"height":660,"url":"https:\/\/d2p6e6u75xmxt8.cloudfront.net\/4\/2023\/05\/titulka_raj.webp","type":"image\/webp"}],"author":"dominika","twitter_card":"summary_large_image","twitter_misc":{"Written by":"Radovan Vr\u0161ka","Est. reading time":"6"},"schema":{"@context":"https:\/\/schema.org","@graph":[{"@type":"WebPage","@id":"https:\/\/www.welovecycling.com\/sk\/2023\/06\/05\/rozhovor-jan-spak-skoda-slovensky-raj\/","url":"https:\/\/www.welovecycling.com\/sk\/2023\/06\/05\/rozhovor-jan-spak-skoda-slovensky-raj\/","name":"Rozhovor: J\u00e1n \u0160pak \u2013 \u0160koda Slovensk\u00fd raj","isPartOf":{"@id":"https:\/\/www.welovecycling.com\/sk\/#website"},"primaryImageOfPage":{"@id":"https:\/\/www.welovecycling.com\/sk\/2023\/06\/05\/rozhovor-jan-spak-skoda-slovensky-raj\/#primaryimage"},"image":{"@id":"https:\/\/www.welovecycling.com\/sk\/2023\/06\/05\/rozhovor-jan-spak-skoda-slovensky-raj\/#primaryimage"},"thumbnailUrl":"https:\/\/d2p6e6u75xmxt8.cloudfront.net\/4\/2023\/05\/titulka_raj.webp","datePublished":"2023-06-05T10:00:38+00:00","dateModified":"2023-06-05T12:29:41+00:00","author":{"@id":"https:\/\/www.welovecycling.com\/sk\/#\/schema\/person\/533b62b98b6c41bd5135ebfb1f742624"},"description":"\u201eNapr\u00e1zdno neod\u00edde takmer nikto\u201c \u2013 toto v rozhovore pris\u013e\u00fabil J\u00e1n \u0160pak, riadite\u013e marat\u00f3nu \u0160koda Slovensk\u00fd raj.","breadcrumb":{"@id":"https:\/\/www.welovecycling.com\/sk\/2023\/06\/05\/rozhovor-jan-spak-skoda-slovensky-raj\/#breadcrumb"},"inLanguage":"sk-SK","potentialAction":[{"@type":"ReadAction","target":["https:\/\/www.welovecycling.com\/sk\/2023\/06\/05\/rozhovor-jan-spak-skoda-slovensky-raj\/"]}]},{"@type":"ImageObject","inLanguage":"sk-SK","@id":"https:\/\/www.welovecycling.com\/sk\/2023\/06\/05\/rozhovor-jan-spak-skoda-slovensky-raj\/#primaryimage","url":"https:\/\/d2p6e6u75xmxt8.cloudfront.net\/4\/2023\/05\/titulka_raj.webp","contentUrl":"https:\/\/d2p6e6u75xmxt8.cloudfront.net\/4\/2023\/05\/titulka_raj.webp","width":990,"height":660,"caption":"\u0160BOT cyklisti na \u0161tarte"},{"@type":"BreadcrumbList","@id":"https:\/\/www.welovecycling.com\/sk\/2023\/06\/05\/rozhovor-jan-spak-skoda-slovensky-raj\/#breadcrumb","itemListElement":[{"@type":"ListItem","position":1,"name":"Home","item":"https:\/\/www.welovecycling.com\/sk\/"},{"@type":"ListItem","position":2,"name":"Rozhovor: J\u00e1n \u0160pak \u2013 \u0160koda Slovensk\u00fd raj"}]},{"@type":"WebSite","@id":"https:\/\/www.welovecycling.com\/sk\/#website","url":"https:\/\/www.welovecycling.com\/sk\/","name":"\u0160koda We Love Cycling Slovensko","description":"\u0160koda We Love Cycling Slovensko je v\u00e1\u0161 ka\u017edodenn\u00fd zdroj noviniek a in\u0161pir\u00e1cie z sveta cyklistiky","potentialAction":[{"@type":"SearchAction","target":{"@type":"EntryPoint","urlTemplate":"https:\/\/www.welovecycling.com\/sk\/?s={search_term_string}"},"query-input":{"@type":"PropertyValueSpecification","valueRequired":true,"valueName":"search_term_string"}}],"inLanguage":"sk-SK"},{"@type":"Person","@id":"https:\/\/www.welovecycling.com\/sk\/#\/schema\/person\/533b62b98b6c41bd5135ebfb1f742624","name":"dominika","image":{"@type":"ImageObject","inLanguage":"sk-SK","@id":"https:\/\/www.welovecycling.com\/sk\/#\/schema\/person\/image\/","url":"https:\/\/secure.gravatar.com\/avatar\/ded6f274ba2ec3e17fff153f7d9d96a4b33c2cb63907f75d9a5309c599a7f3e6?s=96&d=mm&r=g","contentUrl":"https:\/\/secure.gravatar.com\/avatar\/ded6f274ba2ec3e17fff153f7d9d96a4b33c2cb63907f75d9a5309c599a7f3e6?s=96&d=mm&r=g","caption":"dominika"},"url":"https:\/\/www.welovecycling.com\/sk\/author\/dominika\/"}]}},"_links":{"self":[{"href":"https:\/\/www.welovecycling.com\/sk\/wp-json\/wp\/v2\/posts\/17366","targetHints":{"allow":["GET"]}}],"collection":[{"href":"https:\/\/www.welovecycling.com\/sk\/wp-json\/wp\/v2\/posts"}],"about":[{"href":"https:\/\/www.welovecycling.com\/sk\/wp-json\/wp\/v2\/types\/post"}],"author":[{"embeddable":true,"href":"https:\/\/www.welovecycling.com\/sk\/wp-json\/wp\/v2\/users\/172"}],"replies":[{"embeddable":true,"href":"https:\/\/www.welovecycling.com\/sk\/wp-json\/wp\/v2\/comments?post=17366"}],"version-history":[{"count":12,"href":"https:\/\/www.welovecycling.com\/sk\/wp-json\/wp\/v2\/posts\/17366\/revisions"}],"predecessor-version":[{"id":17603,"href":"https:\/\/www.welovecycling.com\/sk\/wp-json\/wp\/v2\/posts\/17366\/revisions\/17603"}],"wp:featuredmedia":[{"embeddable":true,"href":"https:\/\/www.welovecycling.com\/sk\/wp-json\/wp\/v2\/media\/17368"}],"wp:attachment":[{"href":"https:\/\/www.welovecycling.com\/sk\/wp-json\/wp\/v2\/media?parent=17366"}],"wp:term":[{"taxonomy":"category","embeddable":true,"href":"https:\/\/www.welovecycling.com\/sk\/wp-json\/wp\/v2\/categories?post=17366"},{"taxonomy":"post_tag","embeddable":true,"href":"https:\/\/www.welovecycling.com\/sk\/wp-json\/wp\/v2\/tags?post=17366"},{"taxonomy":"global-categories","embeddable":true,"href":"https:\/\/www.welovecycling.com\/sk\/wp-json\/wp\/v2\/global-categories?post=17366"}],"curies":[{"name":"wp","href":"https:\/\/api.w.org\/{rel}","templated":true}]}}