{"id":17325,"date":"2023-05-03T16:13:50","date_gmt":"2023-05-03T14:13:50","guid":{"rendered":"https:\/\/www.welovecycling.com\/sk\/?p=17325"},"modified":"2023-05-30T10:40:31","modified_gmt":"2023-05-30T08:40:31","slug":"reportaz-skoda-svatojursky-mtb-maraton-sezona-konecne-zahajena","status":"publish","type":"post","link":"https:\/\/www.welovecycling.com\/sk\/2023\/05\/03\/reportaz-skoda-svatojursky-mtb-maraton-sezona-konecne-zahajena\/","title":{"rendered":"Report\u00e1\u017e: \u0160koda Sv\u00e4tojursk\u00fd MTB marat\u00f3n &#8211; sez\u00f3na kone\u010dne zah\u00e1jen\u00e1"},"content":{"rendered":"<p><strong>Uplynul\u00fd v\u00edkend si zanietenci do horskej cyklistiky vychutnali vstup do marat\u00f3nskej sez\u00f3ny naozaj naplno. Blato, d\u00e1\u017e\u010f, hmla, zima, ale aj neut\u00edchaj\u00faci optimizmus n\u00e1s sprev\u00e1dzali dlho o\u010dak\u00e1van\u00fdm d\u0148om, ktor\u00fd z\u00e1rove\u0148 \u201eodp\u00e1lil\u201d oslavy 10. v\u00fdro\u010dia s\u00e9rie \u0160koda Bike Open Tour.<\/strong><!--more--><\/p>\n<p>Na otvorenie sez\u00f3ny sa iste te\u0161ilo nespo\u010det cyklistov, a v kone\u010dnom d\u00f4sledku to ukazuj\u00fa aj \u010d\u00edsla. <strong>Napriek nie zrovna prajn\u00e9mu po\u010dasiu, ktor\u00e9 dalo v\u0161etk\u00fdm bez v\u00fdnimky zabra\u0165, sa na \u0161tart postavilo spolu 619 cyklistov.<\/strong> \u0160KODA Sv\u00e4tojursk\u00fd MTB marat\u00f3n sa navy\u0161e na sc\u00e9nu vr\u00e1til po trojro\u010dnej pauze, ktor\u00fa zapr\u00ed\u010dinil koronav\u00edrus. O to v\u00e4\u010d\u0161ia rados\u0165 bola c\u00edti\u0165 medzi skaln\u00fdmi pretek\u00e1rmi.<\/p>\n<p><img loading=\"lazy\" decoding=\"async\" class=\"alignnone size-full wp-image-17347\" src=\"https:\/\/d2p6e6u75xmxt8.cloudfront.net\/4\/2023\/05\/reportaz_svaty_jur_26.webp\" alt=\"\" width=\"990\" height=\"660\" srcset=\"https:\/\/d2p6e6u75xmxt8.cloudfront.net\/4\/2023\/05\/reportaz_svaty_jur_26.webp 990w, https:\/\/d2p6e6u75xmxt8.cloudfront.net\/4\/2023\/05\/reportaz_svaty_jur_26-300x200.webp 300w, https:\/\/d2p6e6u75xmxt8.cloudfront.net\/4\/2023\/05\/reportaz_svaty_jur_26-768x512.webp 768w, https:\/\/d2p6e6u75xmxt8.cloudfront.net\/4\/2023\/05\/reportaz_svaty_jur_26-400x267.webp 400w, https:\/\/d2p6e6u75xmxt8.cloudfront.net\/4\/2023\/05\/reportaz_svaty_jur_26-272x182.webp 272w\" sizes=\"auto, (max-width: 990px) 100vw, 990px\" \/><\/p>\n<h2><strong>\u0164a\u017ek\u00fd \u0161tart pre v\u0161etk\u00fdch<\/strong><\/h2>\n<p>Rann\u00e1 atmosf\u00e9ra v de\u0148 pretekov by sa dala nazva\u0165 v\u0161elijako. Upr\u0161an\u00e9 po\u010dasie tr\u00e1pilo cyklistov, ktor\u00ed chystali svoje \u201ema\u0161iny\u201d na \u0165a\u017ek\u00fd v\u00fdkon, ale aj dobrovo\u013en\u00edkov na trati a v z\u00e1zem\u00ed. <strong>D\u00e1\u017e\u010f v\u0161ak m\u00e1lokoho odradil.<\/strong> A tak u\u017e od skor\u00e9ho r\u00e1na bolo vidno aj ke\u010f zmrznut\u00e9, no odhodlan\u00e9 tv\u00e1re, ako sa s\u00fastredene pripravuj\u00fa na boj s po\u010das\u00edm.<\/p>\n<p><img loading=\"lazy\" decoding=\"async\" class=\"alignnone size-full wp-image-17329\" src=\"https:\/\/d2p6e6u75xmxt8.cloudfront.net\/4\/2023\/05\/reportaz_svaty_jur_03.webp\" alt=\"\" width=\"990\" height=\"660\" srcset=\"https:\/\/d2p6e6u75xmxt8.cloudfront.net\/4\/2023\/05\/reportaz_svaty_jur_03.webp 990w, https:\/\/d2p6e6u75xmxt8.cloudfront.net\/4\/2023\/05\/reportaz_svaty_jur_03-300x200.webp 300w, https:\/\/d2p6e6u75xmxt8.cloudfront.net\/4\/2023\/05\/reportaz_svaty_jur_03-768x512.webp 768w, https:\/\/d2p6e6u75xmxt8.cloudfront.net\/4\/2023\/05\/reportaz_svaty_jur_03-400x267.webp 400w, https:\/\/d2p6e6u75xmxt8.cloudfront.net\/4\/2023\/05\/reportaz_svaty_jur_03-272x182.webp 272w\" sizes=\"auto, (max-width: 990px) 100vw, 990px\" \/><\/p>\n<h2><strong>Dlh\u00e1 tra\u0165 &#8211; 70 km<\/strong><\/h2>\n<p>Ako u\u017e b\u00fdva zvykom, s\u00fa\u0165a\u017en\u00fd de\u0148 od\u0161tartovala najdlh\u0161ia tra\u0165. Pretek\u00e1rov \u010dakali dva okruhy v Mal\u00fdch Karpatoch, v r\u00e1mci ktor\u00fdch na\u0161liapali 70 kilometrov a nast\u00fapali 2 000 v\u00fd\u0161kov\u00fdch metrov. \u0160tartovalo sa tradi\u010dne z n\u00e1mestia a rovno smerom hore. <strong>Svaly sa tak r\u00fdchlo zahriali a len \u010do \u010delo pelot\u00f3nu opustilo sprievodn\u00e9 vozidlo, \u201ehad\u201d sa za\u010dal na\u0165ahova\u0165.<\/strong><\/p>\n<p>Na t\u00fato d\u013a\u017eku sa odhodlalo 106 pretek\u00e1rov. Nie v\u0161etk\u00fdm sa v\u0161ak podarilo splni\u0165 \u010dasov\u00fd limit a tie\u017e technick\u00e9 probl\u00e9my mali za n\u00e1sledok kvalifik\u00e1ciu 95 cyklistov. <strong>V popredn\u00fdch miestach zatia\u013e z\u00faril boj takmer do sam\u00e9ho konca.<\/strong> Medzi mu\u017emi sa stal absol\u00fatnym v\u00ed\u0165azom <strong>Miroslav Mich\u00e1lek s \u010dasom 2:54:05.9<\/strong>, s min\u00fatov\u00fdm n\u00e1skokom pred s\u00faperom. Medzi \u017eenami kra\u013eovala <strong>Janka Keseg \u0160tevkov\u00e1 s \u010dasom 3:38:09.4<\/strong>.<\/p>\n<p><img loading=\"lazy\" decoding=\"async\" class=\"alignnone size-full wp-image-17351\" src=\"https:\/\/d2p6e6u75xmxt8.cloudfront.net\/4\/2023\/05\/reportaz_svaty_jur_27.webp\" alt=\"\" width=\"990\" height=\"660\" srcset=\"https:\/\/d2p6e6u75xmxt8.cloudfront.net\/4\/2023\/05\/reportaz_svaty_jur_27.webp 990w, https:\/\/d2p6e6u75xmxt8.cloudfront.net\/4\/2023\/05\/reportaz_svaty_jur_27-300x200.webp 300w, https:\/\/d2p6e6u75xmxt8.cloudfront.net\/4\/2023\/05\/reportaz_svaty_jur_27-768x512.webp 768w, https:\/\/d2p6e6u75xmxt8.cloudfront.net\/4\/2023\/05\/reportaz_svaty_jur_27-400x267.webp 400w, https:\/\/d2p6e6u75xmxt8.cloudfront.net\/4\/2023\/05\/reportaz_svaty_jur_27-272x182.webp 272w\" sizes=\"auto, (max-width: 990px) 100vw, 990px\" \/><\/p>\n<h2><strong>Stredn\u00e1 tra\u0165 &#8211; 42 km<\/strong><\/h2>\n<p>Stredn\u00fa tra\u0165 od\u0161tartovali najprv e-biky s tridsiatimi pretek\u00e1rmi. Tra\u0165 bola podobn\u00e1 ako v pr\u00edpade dlhej, s t\u00fdm rozdielom, \u017ee tu si dali cyklisti len jeden okruh, jeden v\u00fd\u0161\u013eap na Mal\u00fd Javorn\u00edk. Spolu teda odjazdili 42 kilometrov a nast\u00fapali 1 200 v\u00fd\u0161kov\u00fdch metrov. Medzi mu\u017emi tu zv\u00ed\u0165azil <strong>Matej Kobera s \u010dasom 1:25:54.5<\/strong> a medzi \u017eenami <strong>Marianna Pla\u010dkov\u00e1 s \u010dasom 2:19:48.4<\/strong>. A ako to v sobotu vyzeralo z poh\u013eadu pretek\u00e1ra Erika Horv\u00e1tha pr\u00e1ve na tejto trati, sa dozviete v texte o nie\u010do ni\u017e\u0161ie pod n\u00e1zvom <em>\u201cKe\u010f je apr\u00edl apr\u00edlom\u201d<\/em>.<\/p>\n<p>Po nich nasledovali klasik\u00e1ri.<strong> V tomto pr\u00edpade sa nepotvrdilo pravidlo, \u017ee stredn\u00e1 tra\u0165 b\u00fdva najviac vy\u0165a\u017een\u00e1<\/strong> a pelot\u00f3n tvorilo menej \u013eud\u00ed ako na kr\u00e1tkej, konkr\u00e9tne 119 pretek\u00e1rov. T\u00ed sa vydali na svoj blatist\u00fd s\u00faboj s ve\u013ekou vervou a najlep\u0161\u00ed mu\u017ei zajazili napriek podmienkam v\u00fdborn\u00e9 \u010dasy. Absol\u00fatnym v\u00ed\u0165azom sa stal <strong>Mat\u00fa\u0161 Jakub Kore\u0148 s \u010dasom 1:46:58.3<\/strong>, s jeden\u00e1s\u0165 sekundov\u00fdm n\u00e1skokom pred svojim najbli\u017e\u0161\u00edm s\u00faperom. Medzi \u017eenami bola najr\u00fdchlej\u0161ou pretek\u00e1rkou juniorka <strong>Barbora Heged\u00fa\u0161ov\u00e1 s \u010dasom 2:08:20.4<\/strong>.<\/p>\n<div id='gallery-1' class='gallery galleryid-17325 gallery-columns-2 gallery-size-full'><figure class='gallery-item'>\n\t\t\t<div class='gallery-icon landscape'>\n\t\t\t\t<a href='https:\/\/d2p6e6u75xmxt8.cloudfront.net\/4\/2023\/05\/reportaz_svaty_jur_24.webp'><img loading=\"lazy\" decoding=\"async\" width=\"990\" height=\"660\" src=\"https:\/\/d2p6e6u75xmxt8.cloudfront.net\/4\/2023\/05\/reportaz_svaty_jur_24.webp\" class=\"attachment-full size-full\" alt=\"\" srcset=\"https:\/\/d2p6e6u75xmxt8.cloudfront.net\/4\/2023\/05\/reportaz_svaty_jur_24.webp 990w, https:\/\/d2p6e6u75xmxt8.cloudfront.net\/4\/2023\/05\/reportaz_svaty_jur_24-300x200.webp 300w, https:\/\/d2p6e6u75xmxt8.cloudfront.net\/4\/2023\/05\/reportaz_svaty_jur_24-768x512.webp 768w, https:\/\/d2p6e6u75xmxt8.cloudfront.net\/4\/2023\/05\/reportaz_svaty_jur_24-400x267.webp 400w, https:\/\/d2p6e6u75xmxt8.cloudfront.net\/4\/2023\/05\/reportaz_svaty_jur_24-272x182.webp 272w\" sizes=\"auto, (max-width: 990px) 100vw, 990px\" \/><\/a>\n\t\t\t<\/div><\/figure><figure class='gallery-item'>\n\t\t\t<div class='gallery-icon landscape'>\n\t\t\t\t<a href='https:\/\/d2p6e6u75xmxt8.cloudfront.net\/4\/2023\/05\/reportaz_svaty_jur_23.webp'><img loading=\"lazy\" decoding=\"async\" width=\"990\" height=\"660\" src=\"https:\/\/d2p6e6u75xmxt8.cloudfront.net\/4\/2023\/05\/reportaz_svaty_jur_23.webp\" class=\"attachment-full size-full\" alt=\"\" srcset=\"https:\/\/d2p6e6u75xmxt8.cloudfront.net\/4\/2023\/05\/reportaz_svaty_jur_23.webp 990w, https:\/\/d2p6e6u75xmxt8.cloudfront.net\/4\/2023\/05\/reportaz_svaty_jur_23-300x200.webp 300w, https:\/\/d2p6e6u75xmxt8.cloudfront.net\/4\/2023\/05\/reportaz_svaty_jur_23-768x512.webp 768w, https:\/\/d2p6e6u75xmxt8.cloudfront.net\/4\/2023\/05\/reportaz_svaty_jur_23-400x267.webp 400w, https:\/\/d2p6e6u75xmxt8.cloudfront.net\/4\/2023\/05\/reportaz_svaty_jur_23-272x182.webp 272w\" sizes=\"auto, (max-width: 990px) 100vw, 990px\" \/><\/a>\n\t\t\t<\/div><\/figure>\n\t\t<\/div>\n\n<h2><strong>Kr\u00e1tka tra\u0165 &#8211; 21 km<\/strong><\/h2>\n<p><strong>Vo Sv\u00e4tom Jure, mo\u017eno aj v\u010faka po\u010dasiu, bola tento rok najpo\u010detnej\u0161ou pr\u00e1ve kr\u00e1tka tra\u0165.<\/strong> Tu od\u0161tartovalo dovedna 129 pretek\u00e1rov. \u010cakalo ich 21 kilometrov a 550 v\u00fd\u0161kov\u00fdch, pri\u010dom prv\u00fa polovicu trate tvorilo takmer neust\u00e1le st\u00fapanie. Medzi mu\u017emi si prvenstvo odniesol u\u017e ostrie\u013ean\u00fd pretek\u00e1r <strong>Jaroslav \u0160tvrteck\u00fd s \u010dasom 0:50:19.6<\/strong> a medzi \u017eenami zv\u00ed\u0165azila <strong>Zuzana Kasmanov\u00e1 s \u010dasom 1:04:00.8<\/strong>.<\/p>\n<h2><strong>Family tra\u0165 &#8211; 5 km<\/strong><\/h2>\n<p><strong>Na rodinn\u00e9 dobrodru\u017estvo okolo Sv\u00e4t\u00e9ho Jura sa vybralo spolu 22 milovn\u00edkov cyklistiky.<\/strong> Aj deti\u010dky \u0161tartovali z n\u00e1mestia, obkr\u00fa\u017eili mesto, pri\u010dom nast\u00fapali 60 metrov a v naozaj kr\u00e1tkom \u010dase sa te\u0161ili zo svojho v\u00fdkonu v cieli na futbalovom \u0161tadi\u00f3ne. Najr\u00fdchlej\u0161\u00edm pretek\u00e1rom bol <strong>\u0160imon Ren\u00e9 s \u010dasom 0:12:45.0<\/strong>, ktor\u00fd porazil svojho s\u00fapera <strong>Richarda Val\u00ed\u010deka len o 0.7 sekundy<\/strong>. Medzi diev\u010datami brala prvenstvo <strong>Miriam Ol\u00e1hov\u00e1, s \u010dasom 0:22:37.2<\/strong>. Kompletn\u00e9 v\u00fdsledky n\u00e1jdete na <a href=\"https:\/\/www.sportsofttiming.sk\/sk\/zavod\/results\/7708?rid=7077\" target=\"_blank\" rel=\"noopener\">tomto odkaze<\/a>.<\/p>\n<div id='gallery-2' class='gallery galleryid-17325 gallery-columns-2 gallery-size-full'><figure class='gallery-item'>\n\t\t\t<div class='gallery-icon landscape'>\n\t\t\t\t<a href='https:\/\/d2p6e6u75xmxt8.cloudfront.net\/4\/2023\/05\/reportaz_svaty_jur_06.webp'><img loading=\"lazy\" decoding=\"async\" width=\"990\" height=\"660\" src=\"https:\/\/d2p6e6u75xmxt8.cloudfront.net\/4\/2023\/05\/reportaz_svaty_jur_06.webp\" class=\"attachment-full size-full\" alt=\"\" srcset=\"https:\/\/d2p6e6u75xmxt8.cloudfront.net\/4\/2023\/05\/reportaz_svaty_jur_06.webp 990w, https:\/\/d2p6e6u75xmxt8.cloudfront.net\/4\/2023\/05\/reportaz_svaty_jur_06-300x200.webp 300w, https:\/\/d2p6e6u75xmxt8.cloudfront.net\/4\/2023\/05\/reportaz_svaty_jur_06-768x512.webp 768w, https:\/\/d2p6e6u75xmxt8.cloudfront.net\/4\/2023\/05\/reportaz_svaty_jur_06-400x267.webp 400w, https:\/\/d2p6e6u75xmxt8.cloudfront.net\/4\/2023\/05\/reportaz_svaty_jur_06-272x182.webp 272w\" sizes=\"auto, (max-width: 990px) 100vw, 990px\" \/><\/a>\n\t\t\t<\/div><\/figure><figure class='gallery-item'>\n\t\t\t<div class='gallery-icon landscape'>\n\t\t\t\t<a href='https:\/\/d2p6e6u75xmxt8.cloudfront.net\/4\/2023\/05\/reportaz_svaty_jur_05.webp'><img loading=\"lazy\" decoding=\"async\" width=\"990\" height=\"660\" src=\"https:\/\/d2p6e6u75xmxt8.cloudfront.net\/4\/2023\/05\/reportaz_svaty_jur_05.webp\" class=\"attachment-full size-full\" alt=\"\" srcset=\"https:\/\/d2p6e6u75xmxt8.cloudfront.net\/4\/2023\/05\/reportaz_svaty_jur_05.webp 990w, https:\/\/d2p6e6u75xmxt8.cloudfront.net\/4\/2023\/05\/reportaz_svaty_jur_05-300x200.webp 300w, https:\/\/d2p6e6u75xmxt8.cloudfront.net\/4\/2023\/05\/reportaz_svaty_jur_05-768x512.webp 768w, https:\/\/d2p6e6u75xmxt8.cloudfront.net\/4\/2023\/05\/reportaz_svaty_jur_05-400x267.webp 400w, https:\/\/d2p6e6u75xmxt8.cloudfront.net\/4\/2023\/05\/reportaz_svaty_jur_05-272x182.webp 272w\" sizes=\"auto, (max-width: 990px) 100vw, 990px\" \/><\/a>\n\t\t\t<\/div><\/figure>\n\t\t<\/div>\n\n<p>Z\u00e1zemie \u0160koda Sv\u00e4tojursk\u00e9ho MTB marat\u00f3nu bolo situovan\u00e9 na futbalovom \u0161tadi\u00f3ne. Zastre\u0161en\u00e9 priestory uv\u00edtal jednozna\u010dne ka\u017ed\u00fd. Po osprchovan\u00ed a umyt\u00ed bicyklov si mohli v\u0161etci spokojne vychutna\u0165 z\u00e1ver d\u0148a. <strong>D\u00e1\u017e\u010f n\u00e1s na\u0161\u0165astie nesprev\u00e1dzal cel\u00fd de\u0148, a tak vl\u00e1dla v z\u00e1zem\u00ed dobr\u00e1 atmosf\u00e9ra.<\/strong> Nech\u00fdbalo ani ob\u010derstvenie, chillout z\u00f3na, st\u00e1nky partnerov pretekov a priestor pre vy\u0161antenie sa deti\u010diek. Samozrejmos\u0165ou bola aj bohat\u00e1 tombola.<\/p>\n<p><strong>A napriek \u201eusmoklen\u00e9mu\u201d po\u010dasiu tak mo\u017eno na z\u00e1ver \u00faprimne poveda\u0165, \u017ee otvorenie sez\u00f3ny tu bolo ako sa patr\u00ed a te\u0161\u00edme sa na \u010fal\u0161ie z\u00e1\u017eitky.<\/strong> A tie pr\u00eddu \u010do nevidie\u0165, ke\u010f\u017ee \u010fal\u0161ia zast\u00e1vka s\u00e9rie <strong>\u0160koda Bike Open Tour n\u00e1s \u010dak\u00e1 u\u017e 20.m\u00e1ja 2023<\/strong> na <a href=\"https:\/\/www.welovecycling.com\/sk\/2023\/04\/13\/pozvanka-skoda-mtb-maraton-rajecke-teplice-pokracujeme-v-lucanskej-malej-fatre\/\" target=\"_blank\" rel=\"noopener\">\u0160koda MTB marat\u00f3ne Rajeck\u00e9 Teplice<\/a>.<\/p>\n<div id='gallery-3' class='gallery galleryid-17325 gallery-columns-2 gallery-size-full'><figure class='gallery-item'>\n\t\t\t<div class='gallery-icon landscape'>\n\t\t\t\t<a href='https:\/\/d2p6e6u75xmxt8.cloudfront.net\/4\/2023\/05\/reportaz_svaty_jur_12.webp'><img loading=\"lazy\" decoding=\"async\" width=\"990\" height=\"660\" src=\"https:\/\/d2p6e6u75xmxt8.cloudfront.net\/4\/2023\/05\/reportaz_svaty_jur_12.webp\" class=\"attachment-full size-full\" alt=\"\" srcset=\"https:\/\/d2p6e6u75xmxt8.cloudfront.net\/4\/2023\/05\/reportaz_svaty_jur_12.webp 990w, https:\/\/d2p6e6u75xmxt8.cloudfront.net\/4\/2023\/05\/reportaz_svaty_jur_12-300x200.webp 300w, https:\/\/d2p6e6u75xmxt8.cloudfront.net\/4\/2023\/05\/reportaz_svaty_jur_12-768x512.webp 768w, https:\/\/d2p6e6u75xmxt8.cloudfront.net\/4\/2023\/05\/reportaz_svaty_jur_12-400x267.webp 400w, https:\/\/d2p6e6u75xmxt8.cloudfront.net\/4\/2023\/05\/reportaz_svaty_jur_12-272x182.webp 272w\" sizes=\"auto, (max-width: 990px) 100vw, 990px\" \/><\/a>\n\t\t\t<\/div><\/figure><figure class='gallery-item'>\n\t\t\t<div class='gallery-icon landscape'>\n\t\t\t\t<a href='https:\/\/d2p6e6u75xmxt8.cloudfront.net\/4\/2023\/05\/reportaz_svaty_jur_08.webp'><img loading=\"lazy\" decoding=\"async\" width=\"990\" height=\"660\" src=\"https:\/\/d2p6e6u75xmxt8.cloudfront.net\/4\/2023\/05\/reportaz_svaty_jur_08.webp\" class=\"attachment-full size-full\" alt=\"\" srcset=\"https:\/\/d2p6e6u75xmxt8.cloudfront.net\/4\/2023\/05\/reportaz_svaty_jur_08.webp 990w, https:\/\/d2p6e6u75xmxt8.cloudfront.net\/4\/2023\/05\/reportaz_svaty_jur_08-300x200.webp 300w, https:\/\/d2p6e6u75xmxt8.cloudfront.net\/4\/2023\/05\/reportaz_svaty_jur_08-768x512.webp 768w, https:\/\/d2p6e6u75xmxt8.cloudfront.net\/4\/2023\/05\/reportaz_svaty_jur_08-400x267.webp 400w, https:\/\/d2p6e6u75xmxt8.cloudfront.net\/4\/2023\/05\/reportaz_svaty_jur_08-272x182.webp 272w\" sizes=\"auto, (max-width: 990px) 100vw, 990px\" \/><\/a>\n\t\t\t<\/div><\/figure>\n\t\t<\/div>\n\n<h2><\/h2>\n<h2><strong>Ke\u010f je apr\u00edl apr\u00edlom<\/strong><\/h2>\n<p>T\u00fd\u017ede\u0148 pred marat\u00f3nom st\u00e1le nie som rozhodnut\u00fd, ktor\u00fa tra\u0165 si zvol\u00edm na \u00favod v tomto roku. Predpove\u010f po\u010dasia sa s nami na v\u00edkend za\u010d\u00edna zahr\u00e1va\u0165 a po u\u017e ako tak teplej\u0161om po\u010das\u00ed m\u00e1 pr\u00eds\u0165 ochladenie a znova d\u00e1\u017e\u010f. U\u017e n\u00e1m nepr\u0161alo dlh\u00fdch p\u00e1r dn\u00ed! <strong>Vol\u00edm rozumom a hovor\u00edm si, \u017ee ke\u010f bude naozaj ve\u013ea pr\u0161a\u0165, stredn\u00e1 tra\u0165 sa bude da\u0165 vytrpie\u0165.<\/strong> Ako sa nesk\u00f4r uk\u00e1\u017ee, bola to ide\u00e1lna vo\u013eba aj bez trpenia.<\/p>\n<p>Je sobota r\u00e1no, u n\u00e1s kr\u00e1sne slnie\u010dko a vyr\u00e1\u017eam z domu. Na dia\u013enici pri Senci za\u010d\u00edna lia\u0165 a ja stret\u00e1vam prv\u00fdch cyklistov s bikami na nosi\u010doch. Zrejme n\u00e1s bude viac odhodlan\u00fdch \u263a Ako nesk\u00f4r zist\u00edm, \u00fa\u010das\u0165 bola viac ako 600 \u013eud\u00ed, \u010do nie je historick\u00e9 maximum ale vzh\u013eadom na predpove\u010f je to slu\u0161n\u00e9.<\/p>\n<p><img loading=\"lazy\" decoding=\"async\" class=\"alignnone size-full wp-image-17353\" src=\"https:\/\/d2p6e6u75xmxt8.cloudfront.net\/4\/2023\/05\/reportaz_svaty_jur_28.webp\" alt=\"\" width=\"990\" height=\"660\" srcset=\"https:\/\/d2p6e6u75xmxt8.cloudfront.net\/4\/2023\/05\/reportaz_svaty_jur_28.webp 990w, https:\/\/d2p6e6u75xmxt8.cloudfront.net\/4\/2023\/05\/reportaz_svaty_jur_28-300x200.webp 300w, https:\/\/d2p6e6u75xmxt8.cloudfront.net\/4\/2023\/05\/reportaz_svaty_jur_28-768x512.webp 768w, https:\/\/d2p6e6u75xmxt8.cloudfront.net\/4\/2023\/05\/reportaz_svaty_jur_28-400x267.webp 400w, https:\/\/d2p6e6u75xmxt8.cloudfront.net\/4\/2023\/05\/reportaz_svaty_jur_28-272x182.webp 272w\" sizes=\"auto, (max-width: 990px) 100vw, 990px\" \/><\/p>\n<p>Na futbalov\u00e9 ihrisko prich\u00e1dzam nie\u010do po 9. hod. D\u00e1\u017e\u010f postupne ustupuje a pod\u013ea radaru to vyzer\u00e1, \u017ee na \u0161tart pr\u0161a\u0165 nebude. Super! Prv\u00fd \u0161tart m\u00e1 dlh\u00e1 tra\u0165 so 70 km\/2 000 m o 10.00 hod, nasleduje stredn\u00e1 tra\u0165 42 km\/1 200 m, ktor\u00fa za\u010d\u00ednaj\u00fa e-bikeri 10.40 hod a potom ideme my \u201eza svoje\u201d v dvoch vln\u00e1ch o 11. a 11.20 hod. <strong>Ja som sa dal do prvej vlny, \u010do bola op\u00e4\u0165 pri ve\u013ekej \u00fa\u010dasti dobr\u00e1 vo\u013eba.<\/strong> Dostupn\u00e1 bola e\u0161te kr\u00e1tka tra\u0165 21 km\/550 m a pre najmen\u0161\u00edch Family tra\u0165 5 km\/60 m.<\/p>\n<p>Idem sa registrova\u0165 a tu v\u0161etko prebieha \u00faplne hladko. Dost\u00e1vam sv\u00f4j bal\u00edk s \u010d\u00edslom, mini \u010disti\u010d cyklostaru (dnes sa bude teda hodi\u0165 \ud83d\ude42 ) a nejak\u00e9 drobnosti od Nutrendu. <strong>Kto stihol registr\u00e1ciu v predstihu, dostal aj suven\u00edr v podobe lok\u00e1lneho v\u00ednka.<\/strong> Ja som \u201enepi\u010d, tak\u017ee mne to nevad\u00ed, v pr\u00e1ci ich zbieram st\u00e1le \ud83d\ude00<\/p>\n<p><strong>Dlh\u00e1 tra\u0165 je od\u0161tartovan\u00e1 s \u00fa\u010das\u0165ou cez 130 pretek\u00e1rov, s\u00e1m som prekvapen\u00fd vzh\u013eadom na podmienky.<\/strong> O\u010dividne to je popul\u00e1rny marat\u00f3n. Ja tu m\u00e1m premi\u00e9ru, hoci to je moje dom\u00e1ce prostredie. S marat\u00f3nmi som za\u010dal len minul\u00fd rok, tak\u017ee som v\u0161ade e\u0161te nov\u00e1\u010dik.<\/p>\n<div id='gallery-4' class='gallery galleryid-17325 gallery-columns-2 gallery-size-full'><figure class='gallery-item'>\n\t\t\t<div class='gallery-icon landscape'>\n\t\t\t\t<a href='https:\/\/d2p6e6u75xmxt8.cloudfront.net\/4\/2023\/05\/reportaz_svaty_jur_29.webp'><img loading=\"lazy\" decoding=\"async\" width=\"990\" height=\"660\" src=\"https:\/\/d2p6e6u75xmxt8.cloudfront.net\/4\/2023\/05\/reportaz_svaty_jur_29.webp\" class=\"attachment-full size-full\" alt=\"\" srcset=\"https:\/\/d2p6e6u75xmxt8.cloudfront.net\/4\/2023\/05\/reportaz_svaty_jur_29.webp 990w, https:\/\/d2p6e6u75xmxt8.cloudfront.net\/4\/2023\/05\/reportaz_svaty_jur_29-300x200.webp 300w, https:\/\/d2p6e6u75xmxt8.cloudfront.net\/4\/2023\/05\/reportaz_svaty_jur_29-768x512.webp 768w, https:\/\/d2p6e6u75xmxt8.cloudfront.net\/4\/2023\/05\/reportaz_svaty_jur_29-400x267.webp 400w, https:\/\/d2p6e6u75xmxt8.cloudfront.net\/4\/2023\/05\/reportaz_svaty_jur_29-272x182.webp 272w\" sizes=\"auto, (max-width: 990px) 100vw, 990px\" \/><\/a>\n\t\t\t<\/div><\/figure><figure class='gallery-item'>\n\t\t\t<div class='gallery-icon landscape'>\n\t\t\t\t<a href='https:\/\/d2p6e6u75xmxt8.cloudfront.net\/4\/2023\/05\/reportaz_svaty_jur_30.webp'><img loading=\"lazy\" decoding=\"async\" width=\"990\" height=\"660\" src=\"https:\/\/d2p6e6u75xmxt8.cloudfront.net\/4\/2023\/05\/reportaz_svaty_jur_30.webp\" class=\"attachment-full size-full\" alt=\"\" srcset=\"https:\/\/d2p6e6u75xmxt8.cloudfront.net\/4\/2023\/05\/reportaz_svaty_jur_30.webp 990w, https:\/\/d2p6e6u75xmxt8.cloudfront.net\/4\/2023\/05\/reportaz_svaty_jur_30-300x200.webp 300w, https:\/\/d2p6e6u75xmxt8.cloudfront.net\/4\/2023\/05\/reportaz_svaty_jur_30-768x512.webp 768w, https:\/\/d2p6e6u75xmxt8.cloudfront.net\/4\/2023\/05\/reportaz_svaty_jur_30-400x267.webp 400w, https:\/\/d2p6e6u75xmxt8.cloudfront.net\/4\/2023\/05\/reportaz_svaty_jur_30-272x182.webp 272w\" sizes=\"auto, (max-width: 990px) 100vw, 990px\" \/><\/a>\n\t\t\t<\/div><\/figure>\n\t\t<\/div>\n\n<h2><strong>Kond\u00edcia po zimnej sez\u00f3ne<\/strong><\/h2>\n<p>Dvadsa\u0165 min\u00fat do \u0161tartu a ja mierim na n\u00e1mestie, odkia\u013e za\u010d\u00edname. Chcem sa postavi\u0165 do prvej tretiny, nech sa potom nemus\u00edm ve\u013emi prediera\u0165, aj ke\u010f v tomto roku som toho e\u0161te ve\u013ea nenajazdil a sk\u00f4r skialpoval, tak\u017ee som zvedav\u00fd na kondi\u010dku.<\/p>\n<p>D\u00e1\u017e\u010f prestal, vy\u0161lo slnie\u010dko a z doteraz svie\u017eich 10 stup\u0148ov je hne\u010f cez 18. <strong>\u013dudia sa za\u010d\u00ednaj\u00fa vyzlieka\u0165.<\/strong> Ja som zvolil \u00be nohavice, teplej\u0161\u00ed kr\u00e1tky dres s tepl\u00fdm n\u00e1teln\u00edkom a n\u00e1vleky na ruky, tie d\u00e1vam dole a ostan\u00fa v drese a\u017e do konca.<\/p>\n<p>3-2-1 \u0161tart, zap\u00ednam sa do ped\u00e1lov ako pribli\u017ene \u010fal\u0161\u00edch 170 \u013eud\u00ed (niektor\u00fdm sta\u010d\u00ed len polo\u017ei\u0165 nohu, ke\u010f nemaj\u00fa SPD \ud83d\ude00 ) a \u00favod ideme rezk\u00fdm tempom za sprievodn\u00fdm vozidlom. Watty st\u00fapaj\u00fa a u\u017e si len hovor\u00edm, \u017ee to nesmiem prep\u00e1li\u0165. V tomto je wattmeter v\u00fdborn\u00fd ukazovate\u013e. <strong>Prv\u00fdch 8 km je prakticky len do kopca a bal\u00edk sa derie dopredu. Niektor\u00ed po\u013eavuj\u00fa, naopak niektor\u00ed za\u010d\u00ednaj\u00fa dupa\u0165.<\/strong> Cesta je \u0161irok\u00e1, tak\u017ee nevznikaj\u00fa \u017eiadne kr\u00edzovky. Dost\u00e1vame sa do lesa, kde po v\u00fddatn\u00fdch da\u017e\u010foch s\u00fa stromy kr\u00e1sne s\u00fdto zelen\u00e9.<\/p>\n<p><img loading=\"lazy\" decoding=\"async\" class=\"alignnone size-full wp-image-17356\" src=\"https:\/\/d2p6e6u75xmxt8.cloudfront.net\/4\/2023\/05\/reportaz_svaty_jur_31.webp\" alt=\"\" width=\"990\" height=\"660\" srcset=\"https:\/\/d2p6e6u75xmxt8.cloudfront.net\/4\/2023\/05\/reportaz_svaty_jur_31.webp 990w, https:\/\/d2p6e6u75xmxt8.cloudfront.net\/4\/2023\/05\/reportaz_svaty_jur_31-300x200.webp 300w, https:\/\/d2p6e6u75xmxt8.cloudfront.net\/4\/2023\/05\/reportaz_svaty_jur_31-768x512.webp 768w, https:\/\/d2p6e6u75xmxt8.cloudfront.net\/4\/2023\/05\/reportaz_svaty_jur_31-400x267.webp 400w, https:\/\/d2p6e6u75xmxt8.cloudfront.net\/4\/2023\/05\/reportaz_svaty_jur_31-272x182.webp 272w\" sizes=\"auto, (max-width: 990px) 100vw, 990px\" \/><\/p>\n<p>Osobne m\u00e1m Karpaty najrad\u0161ej na jar ke\u010f je v\u0161etko svie\u017ee alebo na jese\u0148, ke\u010f to je farebn\u00e9. <strong>Hoci je podklad blatist\u00fd, nelep\u00ed to a ja si to u\u017e\u00edvam, po prvej kalu\u017ei to u\u017e je jedno.<\/strong> Ide sa mi prekvapivo dobre a dr\u017e\u00edm sa vpredu a nejako ma nikto nepredbieha. Toto sa mi v \u00favode nest\u00e1va&#8230; \ud83d\ude00<\/p>\n<p>Prich\u00e1dzame k prv\u00e9mu bufetu, ktor\u00fd je na 15. km, tu n\u00e1s dobehli prv\u00ed pretek\u00e1ri z dlhej trate, ktor\u00ed u\u017e stihli urobi\u0165 kole\u010dko. <strong>Cca polovica \u013eud\u00ed zastavuje, ja medzi nimi a dopln\u00edm si vodu a uchmatnem jeden k\u00fasok mastn\u00e9ho chleba, m\u0148am. \ud83d\ude42<\/strong><\/p>\n<p>Tra\u0165 je dynamick\u00e1 a za\u010d\u00ednaj\u00fa sa strieda\u0165 st\u00fapania s miernymi rovinkami a klesaniami. Mne tak\u00e9to prostredie vyhovuje a aspo\u0148 nestihnem vychladn\u00fa\u0165. Teplota sa pohybuje od 9 do 12 stup\u0148ov.<\/p>\n<h2><strong>V zjazdoch som tu doma<\/strong><\/h2>\n<p>\u010eal\u0161\u00edmi st\u00fapaniami sa dost\u00e1vame na hrebe\u0148 pod Som\u00e1r, kde to u\u017e pozn\u00e1m naspam\u00e4\u0165 a viem si ka\u017ed\u00fd zjazd pusti\u0165 prakticky bez b\u0155zd. <strong>Ke\u010f to neviem dobieha\u0165 do kopca, tak mus\u00edm z kopca. \u263a<\/strong><\/p>\n<p>Prich\u00e1dzame k Bielemu Kr\u00ed\u017eu, kde je druh\u00fd a posledn\u00fd bufet na tejto trati, ani netreba zastavova\u0165, ale znova si nie\u010do uchmatnem (chleba :D) a pokra\u010dujeme na Sakra Kopec. <strong>Tu za\u010d\u00edna pr\u0161a\u0165 a ja si hovor\u00edm, \u017ee to mohlo e\u0161te chv\u00ed\u013eu vydr\u017ea\u0165 ale z\u00e1rove\u0148 sa te\u0161\u00edm, \u017ee nepr\u0161alo od za\u010diatku. Treba predsa h\u013eada\u0165 pozit\u00edvne veci.<\/strong><\/p>\n<p><img loading=\"lazy\" decoding=\"async\" class=\"alignnone size-full wp-image-17334\" src=\"https:\/\/d2p6e6u75xmxt8.cloudfront.net\/4\/2023\/05\/reportaz_svaty_jur_09.webp\" alt=\"\" width=\"990\" height=\"660\" srcset=\"https:\/\/d2p6e6u75xmxt8.cloudfront.net\/4\/2023\/05\/reportaz_svaty_jur_09.webp 990w, https:\/\/d2p6e6u75xmxt8.cloudfront.net\/4\/2023\/05\/reportaz_svaty_jur_09-300x200.webp 300w, https:\/\/d2p6e6u75xmxt8.cloudfront.net\/4\/2023\/05\/reportaz_svaty_jur_09-768x512.webp 768w, https:\/\/d2p6e6u75xmxt8.cloudfront.net\/4\/2023\/05\/reportaz_svaty_jur_09-400x267.webp 400w, https:\/\/d2p6e6u75xmxt8.cloudfront.net\/4\/2023\/05\/reportaz_svaty_jur_09-272x182.webp 272w\" sizes=\"auto, (max-width: 990px) 100vw, 990px\" \/><\/p>\n<p>Za\u010d\u00ednaj\u00fa tro\u0161ku technickej\u0161ie zjazdy, doteraz bola cel\u00e1 tra\u0165 relat\u00edvna \u013eahk\u00e1 a punc z\u00e1bavy prid\u00e1valo pr\u00e1ve to blatko (som si vedom\u00fd, \u017ee nie ka\u017ed\u00fd zdie\u013ea toto nad\u0161enie \u263a). Tieto zjazdy m\u00e1m r\u00e1d a ob\u010das si u\u017eijem nejak\u00fd mini skok alebo rockgardeny, takto sa mi dar\u00ed dobieha\u0165 pretek\u00e1rov, \u010do nest\u00e1li na bufete.<\/p>\n<p>Bl\u00ed\u017eime sa k posledn\u00fdm v\u00fd\u0161kov\u00fdm metrov a u\u017e len dole do Jura. Za\u010d\u00edname st\u00fapa\u0165 kr\u00e1tkym \u00fazkym chodn\u00edkom \u0161ikmo ku svahu a u\u017e sme skoro hore, ke\u010f za chrbtom po\u010dujem do ****. <strong>Obzriem sa a len vid\u00edm, ako biker za mnou mizne a zletel dole do rokliny dobr\u00fdch 8 m, pribrz\u010fujem a kri\u010d\u00edm, \u010di je v poriadku.<\/strong> Ke\u010f sa sebavedomo oz\u00fdva, \u017ee je v pohode, pokra\u010dujem dole (sn\u00e1\u010f neklamal \u263a). Nasleduj\u00fa u\u017e len r\u00fdchle zjazdy a fini\u0161 po asfalte, kde n\u00e1m regul\u00e9rne pr\u0161\u00ed. Tu u\u017e \u0161liapem, \u010do mi nohy sta\u010dia, tepy lietaj\u00fa cez 170 \u00faderov a idem naplno.<\/p>\n<div id='gallery-5' class='gallery galleryid-17325 gallery-columns-2 gallery-size-full'><figure class='gallery-item'>\n\t\t\t<div class='gallery-icon landscape'>\n\t\t\t\t<a href='https:\/\/d2p6e6u75xmxt8.cloudfront.net\/4\/2023\/05\/reportaz_svaty_jur_10.webp'><img loading=\"lazy\" decoding=\"async\" width=\"990\" height=\"660\" src=\"https:\/\/d2p6e6u75xmxt8.cloudfront.net\/4\/2023\/05\/reportaz_svaty_jur_10.webp\" class=\"attachment-full size-full\" alt=\"\" srcset=\"https:\/\/d2p6e6u75xmxt8.cloudfront.net\/4\/2023\/05\/reportaz_svaty_jur_10.webp 990w, https:\/\/d2p6e6u75xmxt8.cloudfront.net\/4\/2023\/05\/reportaz_svaty_jur_10-300x200.webp 300w, https:\/\/d2p6e6u75xmxt8.cloudfront.net\/4\/2023\/05\/reportaz_svaty_jur_10-768x512.webp 768w, https:\/\/d2p6e6u75xmxt8.cloudfront.net\/4\/2023\/05\/reportaz_svaty_jur_10-400x267.webp 400w, https:\/\/d2p6e6u75xmxt8.cloudfront.net\/4\/2023\/05\/reportaz_svaty_jur_10-272x182.webp 272w\" sizes=\"auto, (max-width: 990px) 100vw, 990px\" \/><\/a>\n\t\t\t<\/div><\/figure><figure class='gallery-item'>\n\t\t\t<div class='gallery-icon landscape'>\n\t\t\t\t<a href='https:\/\/d2p6e6u75xmxt8.cloudfront.net\/4\/2023\/05\/reportaz_svaty_jur_11.webp'><img loading=\"lazy\" decoding=\"async\" width=\"990\" height=\"660\" src=\"https:\/\/d2p6e6u75xmxt8.cloudfront.net\/4\/2023\/05\/reportaz_svaty_jur_11.webp\" class=\"attachment-full size-full\" alt=\"\" srcset=\"https:\/\/d2p6e6u75xmxt8.cloudfront.net\/4\/2023\/05\/reportaz_svaty_jur_11.webp 990w, https:\/\/d2p6e6u75xmxt8.cloudfront.net\/4\/2023\/05\/reportaz_svaty_jur_11-300x200.webp 300w, https:\/\/d2p6e6u75xmxt8.cloudfront.net\/4\/2023\/05\/reportaz_svaty_jur_11-768x512.webp 768w, https:\/\/d2p6e6u75xmxt8.cloudfront.net\/4\/2023\/05\/reportaz_svaty_jur_11-400x267.webp 400w, https:\/\/d2p6e6u75xmxt8.cloudfront.net\/4\/2023\/05\/reportaz_svaty_jur_11-272x182.webp 272w\" sizes=\"auto, (max-width: 990px) 100vw, 990px\" \/><\/a>\n\t\t\t<\/div><\/figure>\n\t\t<\/div>\n\n<p>Do cie\u013eovej rovinky prich\u00e1dzam s \u010dasom 2 hod 15 min a kon\u010d\u00edm na 31. mieste v kateg\u00f3rii (67. celkovo).<strong> Chcel som to da\u0165 pod 2,5 hod,tak\u017ee som spokojn\u00fd a te\u0161\u00edm sa.<\/strong> Tra\u0165 mala 40 km a 1 145 m. Spotreba bola cca 1L vody, 0.5L ion\u0165\u00e1ku, dva g\u00e9ly a dva k\u00fasky chleba. \ud83d\ude00<br \/>\nM\u00f4j z\u00e1znam zo Stravy n\u00e1jdete tu.<\/p>\n<div id='gallery-6' class='gallery galleryid-17325 gallery-columns-2 gallery-size-full'><figure class='gallery-item'>\n\t\t\t<div class='gallery-icon landscape'>\n\t\t\t\t<a href='https:\/\/d2p6e6u75xmxt8.cloudfront.net\/4\/2023\/05\/reportaz_svaty_jur_13.webp'><img loading=\"lazy\" decoding=\"async\" width=\"990\" height=\"660\" src=\"https:\/\/d2p6e6u75xmxt8.cloudfront.net\/4\/2023\/05\/reportaz_svaty_jur_13.webp\" class=\"attachment-full size-full\" alt=\"\" srcset=\"https:\/\/d2p6e6u75xmxt8.cloudfront.net\/4\/2023\/05\/reportaz_svaty_jur_13.webp 990w, https:\/\/d2p6e6u75xmxt8.cloudfront.net\/4\/2023\/05\/reportaz_svaty_jur_13-300x200.webp 300w, https:\/\/d2p6e6u75xmxt8.cloudfront.net\/4\/2023\/05\/reportaz_svaty_jur_13-768x512.webp 768w, https:\/\/d2p6e6u75xmxt8.cloudfront.net\/4\/2023\/05\/reportaz_svaty_jur_13-400x267.webp 400w, https:\/\/d2p6e6u75xmxt8.cloudfront.net\/4\/2023\/05\/reportaz_svaty_jur_13-272x182.webp 272w\" sizes=\"auto, (max-width: 990px) 100vw, 990px\" \/><\/a>\n\t\t\t<\/div><\/figure><figure class='gallery-item'>\n\t\t\t<div class='gallery-icon landscape'>\n\t\t\t\t<a href='https:\/\/d2p6e6u75xmxt8.cloudfront.net\/4\/2023\/05\/reportaz_svaty_jur_14.webp'><img loading=\"lazy\" decoding=\"async\" width=\"990\" height=\"660\" src=\"https:\/\/d2p6e6u75xmxt8.cloudfront.net\/4\/2023\/05\/reportaz_svaty_jur_14.webp\" class=\"attachment-full size-full\" alt=\"\" srcset=\"https:\/\/d2p6e6u75xmxt8.cloudfront.net\/4\/2023\/05\/reportaz_svaty_jur_14.webp 990w, https:\/\/d2p6e6u75xmxt8.cloudfront.net\/4\/2023\/05\/reportaz_svaty_jur_14-300x200.webp 300w, https:\/\/d2p6e6u75xmxt8.cloudfront.net\/4\/2023\/05\/reportaz_svaty_jur_14-768x512.webp 768w, https:\/\/d2p6e6u75xmxt8.cloudfront.net\/4\/2023\/05\/reportaz_svaty_jur_14-400x267.webp 400w, https:\/\/d2p6e6u75xmxt8.cloudfront.net\/4\/2023\/05\/reportaz_svaty_jur_14-272x182.webp 272w\" sizes=\"auto, (max-width: 990px) 100vw, 990px\" \/><\/a>\n\t\t\t<\/div><\/figure>\n\t\t<\/div>\n\n<h2><strong>V\u00fdborn\u00fd za\u010diatok sez\u00f3ny<\/strong><\/h2>\n<p>Po pr\u00edjazde e\u0161te chv\u00ed\u013eu pr\u0161\u00ed, utek\u00e1m umy\u0165 bike, boxov s hadicami je tu dostatok a prakticky sa ne\u010dak\u00e1. Rovno umyjem s hadicou aj seba, v\u0161ak mokr\u00fd som, hor\u0161ie to nebude a do sp\u0155ch sa mi chodi\u0165 nechce, voda je tak akur\u00e1t. <strong>\u010co sa mi tu ve\u013emi osved\u010dilo, bol takzvan\u00fd \u201cass saver\u201d,<\/strong> s\u00edce pre niekoho nie pr\u00edli\u0161 v\u00e1bny kus plastu pod sedlom, ale ve\u013emi efekt\u00edvny proti striekaj\u00facej vode a blatu, ktor\u00e9 neskon\u010d\u00ed na zadnici. \ud83d\ude42<\/p>\n<div id='gallery-7' class='gallery galleryid-17325 gallery-columns-2 gallery-size-full'><figure class='gallery-item'>\n\t\t\t<div class='gallery-icon landscape'>\n\t\t\t\t<a href='https:\/\/d2p6e6u75xmxt8.cloudfront.net\/4\/2023\/05\/reportaz_svaty_jur_18.webp'><img loading=\"lazy\" decoding=\"async\" width=\"990\" height=\"660\" src=\"https:\/\/d2p6e6u75xmxt8.cloudfront.net\/4\/2023\/05\/reportaz_svaty_jur_18.webp\" class=\"attachment-full size-full\" alt=\"\" srcset=\"https:\/\/d2p6e6u75xmxt8.cloudfront.net\/4\/2023\/05\/reportaz_svaty_jur_18.webp 990w, https:\/\/d2p6e6u75xmxt8.cloudfront.net\/4\/2023\/05\/reportaz_svaty_jur_18-300x200.webp 300w, https:\/\/d2p6e6u75xmxt8.cloudfront.net\/4\/2023\/05\/reportaz_svaty_jur_18-768x512.webp 768w, https:\/\/d2p6e6u75xmxt8.cloudfront.net\/4\/2023\/05\/reportaz_svaty_jur_18-400x267.webp 400w, https:\/\/d2p6e6u75xmxt8.cloudfront.net\/4\/2023\/05\/reportaz_svaty_jur_18-272x182.webp 272w\" sizes=\"auto, (max-width: 990px) 100vw, 990px\" \/><\/a>\n\t\t\t<\/div><\/figure><figure class='gallery-item'>\n\t\t\t<div class='gallery-icon landscape'>\n\t\t\t\t<a href='https:\/\/d2p6e6u75xmxt8.cloudfront.net\/4\/2023\/05\/reportaz_svaty_jur_20-1.webp'><img loading=\"lazy\" decoding=\"async\" width=\"990\" height=\"660\" src=\"https:\/\/d2p6e6u75xmxt8.cloudfront.net\/4\/2023\/05\/reportaz_svaty_jur_20-1.webp\" class=\"attachment-full size-full\" alt=\"\" srcset=\"https:\/\/d2p6e6u75xmxt8.cloudfront.net\/4\/2023\/05\/reportaz_svaty_jur_20-1.webp 990w, https:\/\/d2p6e6u75xmxt8.cloudfront.net\/4\/2023\/05\/reportaz_svaty_jur_20-1-300x200.webp 300w, https:\/\/d2p6e6u75xmxt8.cloudfront.net\/4\/2023\/05\/reportaz_svaty_jur_20-1-768x512.webp 768w, https:\/\/d2p6e6u75xmxt8.cloudfront.net\/4\/2023\/05\/reportaz_svaty_jur_20-1-400x267.webp 400w, https:\/\/d2p6e6u75xmxt8.cloudfront.net\/4\/2023\/05\/reportaz_svaty_jur_20-1-272x182.webp 272w\" sizes=\"auto, (max-width: 990px) 100vw, 990px\" \/><\/a>\n\t\t\t<\/div><\/figure>\n\t\t<\/div>\n\n<p><strong>Mus\u00edm pochv\u00e1li\u0165 organiz\u00e1tora a je naozaj vidie\u0165, \u017ee vie, ako sa to rob\u00ed.<\/strong> Zna\u010denie bolo v\u00fdborn\u00e9, kde bolo treba, tam st\u00e1li a p\u00edskali organiz\u00e1tori, aby varovali pred z\u00e1krutou alebo in\u00fdm nebezpe\u010denstvom. Bufety boli super a \u013eudia ve\u013emi mil\u00ed a povzbudzovali. Klob\u00fak dole pred v\u0161etk\u00fdmi, \u010do si to tam odst\u00e1li v tejto nepriazni po\u010dasia. V cieli boli sprchy, kto potreboval, mohol vyu\u017ei\u0165 \u00faschov\u0148u bicyklov. Pr\u00edpadne pre za\u010diatkom e\u0161te mini servisn\u00e9 stredisko.<\/p>\n<div id='gallery-8' class='gallery galleryid-17325 gallery-columns-2 gallery-size-full'><figure class='gallery-item'>\n\t\t\t<div class='gallery-icon landscape'>\n\t\t\t\t<a href='https:\/\/d2p6e6u75xmxt8.cloudfront.net\/4\/2023\/05\/reportaz_svaty_jur_21.webp'><img loading=\"lazy\" decoding=\"async\" width=\"990\" height=\"660\" src=\"https:\/\/d2p6e6u75xmxt8.cloudfront.net\/4\/2023\/05\/reportaz_svaty_jur_21.webp\" class=\"attachment-full size-full\" alt=\"\" srcset=\"https:\/\/d2p6e6u75xmxt8.cloudfront.net\/4\/2023\/05\/reportaz_svaty_jur_21.webp 990w, https:\/\/d2p6e6u75xmxt8.cloudfront.net\/4\/2023\/05\/reportaz_svaty_jur_21-300x200.webp 300w, https:\/\/d2p6e6u75xmxt8.cloudfront.net\/4\/2023\/05\/reportaz_svaty_jur_21-768x512.webp 768w, https:\/\/d2p6e6u75xmxt8.cloudfront.net\/4\/2023\/05\/reportaz_svaty_jur_21-400x267.webp 400w, https:\/\/d2p6e6u75xmxt8.cloudfront.net\/4\/2023\/05\/reportaz_svaty_jur_21-272x182.webp 272w\" sizes=\"auto, (max-width: 990px) 100vw, 990px\" \/><\/a>\n\t\t\t<\/div><\/figure><figure class='gallery-item'>\n\t\t\t<div class='gallery-icon landscape'>\n\t\t\t\t<a href='https:\/\/d2p6e6u75xmxt8.cloudfront.net\/4\/2023\/05\/reportaz_svaty_jur_32.webp'><img loading=\"lazy\" decoding=\"async\" width=\"990\" height=\"660\" src=\"https:\/\/d2p6e6u75xmxt8.cloudfront.net\/4\/2023\/05\/reportaz_svaty_jur_32.webp\" class=\"attachment-full size-full\" alt=\"\" srcset=\"https:\/\/d2p6e6u75xmxt8.cloudfront.net\/4\/2023\/05\/reportaz_svaty_jur_32.webp 990w, https:\/\/d2p6e6u75xmxt8.cloudfront.net\/4\/2023\/05\/reportaz_svaty_jur_32-300x200.webp 300w, https:\/\/d2p6e6u75xmxt8.cloudfront.net\/4\/2023\/05\/reportaz_svaty_jur_32-768x512.webp 768w, https:\/\/d2p6e6u75xmxt8.cloudfront.net\/4\/2023\/05\/reportaz_svaty_jur_32-400x267.webp 400w, https:\/\/d2p6e6u75xmxt8.cloudfront.net\/4\/2023\/05\/reportaz_svaty_jur_32-272x182.webp 272w\" sizes=\"auto, (max-width: 990px) 100vw, 990px\" \/><\/a>\n\t\t\t<\/div><\/figure>\n\t\t<\/div>\n\n<p>Prezliekam sa pri aute, d\u00e1\u017e\u010f ustal, vy\u0161lo slnie\u010dko a m\u00e1me znova cez 16 stup\u0148ov. No proste bl\u00e1zniv\u00fd apr\u00edl. Odstrih\u00e1vam si \u00fatr\u017eky aby som si zobral bagetu a radler a idem si sadn\u00fa\u0165 ku <a href=\"https:\/\/www.welovecycling.com\/sk\/2023\/03\/13\/skoda-bike-open-tour-2023-oslavuje-spolu-s-vami\/\" target=\"_blank\" rel=\"noopener\">svojim kolegom<\/a> do st\u00e1nku \u0160koda a \u010dak\u00e1m na vyhl\u00e1senie v\u00fdsledkov a na tombolu. Zase som vyhral dobr\u00fd pocit. \u263a<\/p>\n<p>Tak\u00fdto \u00favod sez\u00f3ny sa mi ve\u013emi p\u00e1\u010di a a hoci to vyzeralo zle, tak to nebola \u00fapln\u00e1 pohroma a vy\u0161lo to na super preteky. \u010eal\u0161\u00edm kolom \u0160BOT s\u00fa Rajeck\u00e9 teplice. Minul\u00fd rok tam bolo kr\u00e1sne slnie\u010dko, tak sn\u00e1\u010f to vyjde op\u00e4\u0165.<\/p>\n<p>\u0160portu zdar a biku poblatov\u00fd servis. \u263a<\/p>\n<p>Fotogal\u00e9riu z tohto d\u0148a n\u00e1jdete na\u00a0<a href=\"https:\/\/www.welovecycling.com\/sk\/?p=17312\" target=\"_blank\" rel=\"noopener\">tomto odkaze<\/a>.<\/p>\n","protected":false},"excerpt":{"rendered":"<p>Uplynul\u00fd v\u00edkend si zanietenci do horskej cyklistiky vychutnali vstup do marat\u00f3nskej sez\u00f3ny naozaj naplno. Blato, d\u00e1\u017e\u010f, hmla, zima, ale aj [&hellip;]<\/p>\n","protected":false},"author":172,"featured_media":17350,"comment_status":"open","ping_status":"open","sticky":false,"template":"","format":"standard","meta":{"footnotes":""},"categories":[38,33],"tags":[951,180,417,178,412,39,1557,542,35,360],"global-categories":[1074],"class_list":["post-17325","post","type-post","status-publish","format-standard","has-post-thumbnail","hentry","category-reportaz","category-sbot","tag-blato","tag-horska-cyklistika","tag-jar","tag-maraton","tag-mtb","tag-reportaz","tag-sezona-2023","tag-skoda","tag-sbot","tag-skoda-svatojursky-mtb-maraton","global-categories-cycling"],"yoast_head":"<!-- This site is optimized with the Yoast SEO Premium plugin v25.3 (Yoast SEO v25.9) - https:\/\/yoast.com\/wordpress\/plugins\/seo\/ -->\n<title>Report\u00e1\u017e: \u0160koda Sv\u00e4tojursk\u00fd MTB marat\u00f3n - sez\u00f3na kone\u010dne zah\u00e1jen\u00e1<\/title>\n<meta name=\"description\" content=\"Uplynul\u00fd v\u00edkend si zanietenci do horskej cyklistiky vychutnali vstup do marat\u00f3nskej sez\u00f3ny naozaj naplno. Blato, d\u00e1\u017e\u010f a optimizmus.\" \/>\n<meta name=\"robots\" content=\"index, follow, max-snippet:-1, max-image-preview:large, max-video-preview:-1\" \/>\n<link rel=\"canonical\" href=\"https:\/\/www.welovecycling.com\/sk\/2023\/05\/03\/reportaz-skoda-svatojursky-mtb-maraton-sezona-konecne-zahajena\/\" \/>\n<meta property=\"og:locale\" content=\"sk_SK\" \/>\n<meta property=\"og:type\" content=\"article\" \/>\n<meta property=\"og:title\" content=\"Report\u00e1\u017e: \u0160koda Sv\u00e4tojursk\u00fd MTB marat\u00f3n - sez\u00f3na kone\u010dne zah\u00e1jen\u00e1\" \/>\n<meta property=\"og:description\" content=\"Uplynul\u00fd v\u00edkend si zanietenci do horskej cyklistiky vychutnali vstup do marat\u00f3nskej sez\u00f3ny naozaj naplno. Blato, d\u00e1\u017e\u010f a optimizmus.\" \/>\n<meta property=\"og:url\" content=\"https:\/\/www.welovecycling.com\/sk\/2023\/05\/03\/reportaz-skoda-svatojursky-mtb-maraton-sezona-konecne-zahajena\/\" \/>\n<meta property=\"og:site_name\" content=\"\u0160koda We Love Cycling Slovensko\" \/>\n<meta property=\"article:published_time\" content=\"2023-05-03T14:13:50+00:00\" \/>\n<meta property=\"article:modified_time\" content=\"2023-05-30T08:40:31+00:00\" \/>\n<meta property=\"og:image\" content=\"https:\/\/d2p6e6u75xmxt8.cloudfront.net\/4\/2023\/05\/titulka.webp\" \/>\n\t<meta property=\"og:image:width\" content=\"990\" \/>\n\t<meta property=\"og:image:height\" content=\"660\" \/>\n\t<meta property=\"og:image:type\" content=\"image\/webp\" \/>\n<meta name=\"author\" content=\"dominika\" \/>\n<meta name=\"twitter:card\" content=\"summary_large_image\" \/>\n<meta name=\"twitter:label1\" content=\"Written by\" \/>\n\t<meta name=\"twitter:data1\" content=\"Denisa Dubovsk\u00e1, Erik Horv\u00e1th\" \/>\n\t<meta name=\"twitter:label2\" content=\"Est. reading time\" \/>\n\t<meta name=\"twitter:data2\" content=\"9\" \/>\n<script type=\"application\/ld+json\" class=\"yoast-schema-graph\">{\"@context\":\"https:\/\/schema.org\",\"@graph\":[{\"@type\":\"WebPage\",\"@id\":\"https:\/\/www.welovecycling.com\/sk\/2023\/05\/03\/reportaz-skoda-svatojursky-mtb-maraton-sezona-konecne-zahajena\/\",\"url\":\"https:\/\/www.welovecycling.com\/sk\/2023\/05\/03\/reportaz-skoda-svatojursky-mtb-maraton-sezona-konecne-zahajena\/\",\"name\":\"Report\u00e1\u017e: \u0160koda Sv\u00e4tojursk\u00fd MTB marat\u00f3n - sez\u00f3na kone\u010dne zah\u00e1jen\u00e1\",\"isPartOf\":{\"@id\":\"https:\/\/www.welovecycling.com\/sk\/#website\"},\"primaryImageOfPage\":{\"@id\":\"https:\/\/www.welovecycling.com\/sk\/2023\/05\/03\/reportaz-skoda-svatojursky-mtb-maraton-sezona-konecne-zahajena\/#primaryimage\"},\"image\":{\"@id\":\"https:\/\/www.welovecycling.com\/sk\/2023\/05\/03\/reportaz-skoda-svatojursky-mtb-maraton-sezona-konecne-zahajena\/#primaryimage\"},\"thumbnailUrl\":\"https:\/\/d2p6e6u75xmxt8.cloudfront.net\/4\/2023\/05\/titulka.webp\",\"datePublished\":\"2023-05-03T14:13:50+00:00\",\"dateModified\":\"2023-05-30T08:40:31+00:00\",\"author\":{\"@id\":\"https:\/\/www.welovecycling.com\/sk\/#\/schema\/person\/533b62b98b6c41bd5135ebfb1f742624\"},\"description\":\"Uplynul\u00fd v\u00edkend si zanietenci do horskej cyklistiky vychutnali vstup do marat\u00f3nskej sez\u00f3ny naozaj naplno. Blato, d\u00e1\u017e\u010f a optimizmus.\",\"breadcrumb\":{\"@id\":\"https:\/\/www.welovecycling.com\/sk\/2023\/05\/03\/reportaz-skoda-svatojursky-mtb-maraton-sezona-konecne-zahajena\/#breadcrumb\"},\"inLanguage\":\"sk-SK\",\"potentialAction\":[{\"@type\":\"ReadAction\",\"target\":[\"https:\/\/www.welovecycling.com\/sk\/2023\/05\/03\/reportaz-skoda-svatojursky-mtb-maraton-sezona-konecne-zahajena\/\"]}]},{\"@type\":\"ImageObject\",\"inLanguage\":\"sk-SK\",\"@id\":\"https:\/\/www.welovecycling.com\/sk\/2023\/05\/03\/reportaz-skoda-svatojursky-mtb-maraton-sezona-konecne-zahajena\/#primaryimage\",\"url\":\"https:\/\/d2p6e6u75xmxt8.cloudfront.net\/4\/2023\/05\/titulka.webp\",\"contentUrl\":\"https:\/\/d2p6e6u75xmxt8.cloudfront.net\/4\/2023\/05\/titulka.webp\",\"width\":990,\"height\":660},{\"@type\":\"BreadcrumbList\",\"@id\":\"https:\/\/www.welovecycling.com\/sk\/2023\/05\/03\/reportaz-skoda-svatojursky-mtb-maraton-sezona-konecne-zahajena\/#breadcrumb\",\"itemListElement\":[{\"@type\":\"ListItem\",\"position\":1,\"name\":\"Home\",\"item\":\"https:\/\/www.welovecycling.com\/sk\/\"},{\"@type\":\"ListItem\",\"position\":2,\"name\":\"Report\u00e1\u017e: \u0160koda Sv\u00e4tojursk\u00fd MTB marat\u00f3n &#8211; sez\u00f3na kone\u010dne zah\u00e1jen\u00e1\"}]},{\"@type\":\"WebSite\",\"@id\":\"https:\/\/www.welovecycling.com\/sk\/#website\",\"url\":\"https:\/\/www.welovecycling.com\/sk\/\",\"name\":\"\u0160koda We Love Cycling Slovensko\",\"description\":\"\u0160koda We Love Cycling Slovensko je v\u00e1\u0161 ka\u017edodenn\u00fd zdroj noviniek a in\u0161pir\u00e1cie z sveta cyklistiky\",\"potentialAction\":[{\"@type\":\"SearchAction\",\"target\":{\"@type\":\"EntryPoint\",\"urlTemplate\":\"https:\/\/www.welovecycling.com\/sk\/?s={search_term_string}\"},\"query-input\":{\"@type\":\"PropertyValueSpecification\",\"valueRequired\":true,\"valueName\":\"search_term_string\"}}],\"inLanguage\":\"sk-SK\"},{\"@type\":\"Person\",\"@id\":\"https:\/\/www.welovecycling.com\/sk\/#\/schema\/person\/533b62b98b6c41bd5135ebfb1f742624\",\"name\":\"dominika\",\"image\":{\"@type\":\"ImageObject\",\"inLanguage\":\"sk-SK\",\"@id\":\"https:\/\/www.welovecycling.com\/sk\/#\/schema\/person\/image\/\",\"url\":\"https:\/\/secure.gravatar.com\/avatar\/ded6f274ba2ec3e17fff153f7d9d96a4b33c2cb63907f75d9a5309c599a7f3e6?s=96&d=mm&r=g\",\"contentUrl\":\"https:\/\/secure.gravatar.com\/avatar\/ded6f274ba2ec3e17fff153f7d9d96a4b33c2cb63907f75d9a5309c599a7f3e6?s=96&d=mm&r=g\",\"caption\":\"dominika\"},\"url\":\"https:\/\/www.welovecycling.com\/sk\/author\/dominika\/\"}]}<\/script>\n<!-- \/ Yoast SEO Premium plugin. -->","yoast_head_json":{"title":"Report\u00e1\u017e: \u0160koda Sv\u00e4tojursk\u00fd MTB marat\u00f3n - sez\u00f3na kone\u010dne zah\u00e1jen\u00e1","description":"Uplynul\u00fd v\u00edkend si zanietenci do horskej cyklistiky vychutnali vstup do marat\u00f3nskej sez\u00f3ny naozaj naplno. Blato, d\u00e1\u017e\u010f a optimizmus.","robots":{"index":"index","follow":"follow","max-snippet":"max-snippet:-1","max-image-preview":"max-image-preview:large","max-video-preview":"max-video-preview:-1"},"canonical":"https:\/\/www.welovecycling.com\/sk\/2023\/05\/03\/reportaz-skoda-svatojursky-mtb-maraton-sezona-konecne-zahajena\/","og_locale":"sk_SK","og_type":"article","og_title":"Report\u00e1\u017e: \u0160koda Sv\u00e4tojursk\u00fd MTB marat\u00f3n - sez\u00f3na kone\u010dne zah\u00e1jen\u00e1","og_description":"Uplynul\u00fd v\u00edkend si zanietenci do horskej cyklistiky vychutnali vstup do marat\u00f3nskej sez\u00f3ny naozaj naplno. Blato, d\u00e1\u017e\u010f a optimizmus.","og_url":"https:\/\/www.welovecycling.com\/sk\/2023\/05\/03\/reportaz-skoda-svatojursky-mtb-maraton-sezona-konecne-zahajena\/","og_site_name":"\u0160koda We Love Cycling Slovensko","article_published_time":"2023-05-03T14:13:50+00:00","article_modified_time":"2023-05-30T08:40:31+00:00","og_image":[{"width":990,"height":660,"url":"https:\/\/d2p6e6u75xmxt8.cloudfront.net\/4\/2023\/05\/titulka.webp","type":"image\/webp"}],"author":"dominika","twitter_card":"summary_large_image","twitter_misc":{"Written by":"Denisa Dubovsk\u00e1, Erik Horv\u00e1th","Est. reading time":"9"},"schema":{"@context":"https:\/\/schema.org","@graph":[{"@type":"WebPage","@id":"https:\/\/www.welovecycling.com\/sk\/2023\/05\/03\/reportaz-skoda-svatojursky-mtb-maraton-sezona-konecne-zahajena\/","url":"https:\/\/www.welovecycling.com\/sk\/2023\/05\/03\/reportaz-skoda-svatojursky-mtb-maraton-sezona-konecne-zahajena\/","name":"Report\u00e1\u017e: \u0160koda Sv\u00e4tojursk\u00fd MTB marat\u00f3n - sez\u00f3na kone\u010dne zah\u00e1jen\u00e1","isPartOf":{"@id":"https:\/\/www.welovecycling.com\/sk\/#website"},"primaryImageOfPage":{"@id":"https:\/\/www.welovecycling.com\/sk\/2023\/05\/03\/reportaz-skoda-svatojursky-mtb-maraton-sezona-konecne-zahajena\/#primaryimage"},"image":{"@id":"https:\/\/www.welovecycling.com\/sk\/2023\/05\/03\/reportaz-skoda-svatojursky-mtb-maraton-sezona-konecne-zahajena\/#primaryimage"},"thumbnailUrl":"https:\/\/d2p6e6u75xmxt8.cloudfront.net\/4\/2023\/05\/titulka.webp","datePublished":"2023-05-03T14:13:50+00:00","dateModified":"2023-05-30T08:40:31+00:00","author":{"@id":"https:\/\/www.welovecycling.com\/sk\/#\/schema\/person\/533b62b98b6c41bd5135ebfb1f742624"},"description":"Uplynul\u00fd v\u00edkend si zanietenci do horskej cyklistiky vychutnali vstup do marat\u00f3nskej sez\u00f3ny naozaj naplno. Blato, d\u00e1\u017e\u010f a optimizmus.","breadcrumb":{"@id":"https:\/\/www.welovecycling.com\/sk\/2023\/05\/03\/reportaz-skoda-svatojursky-mtb-maraton-sezona-konecne-zahajena\/#breadcrumb"},"inLanguage":"sk-SK","potentialAction":[{"@type":"ReadAction","target":["https:\/\/www.welovecycling.com\/sk\/2023\/05\/03\/reportaz-skoda-svatojursky-mtb-maraton-sezona-konecne-zahajena\/"]}]},{"@type":"ImageObject","inLanguage":"sk-SK","@id":"https:\/\/www.welovecycling.com\/sk\/2023\/05\/03\/reportaz-skoda-svatojursky-mtb-maraton-sezona-konecne-zahajena\/#primaryimage","url":"https:\/\/d2p6e6u75xmxt8.cloudfront.net\/4\/2023\/05\/titulka.webp","contentUrl":"https:\/\/d2p6e6u75xmxt8.cloudfront.net\/4\/2023\/05\/titulka.webp","width":990,"height":660},{"@type":"BreadcrumbList","@id":"https:\/\/www.welovecycling.com\/sk\/2023\/05\/03\/reportaz-skoda-svatojursky-mtb-maraton-sezona-konecne-zahajena\/#breadcrumb","itemListElement":[{"@type":"ListItem","position":1,"name":"Home","item":"https:\/\/www.welovecycling.com\/sk\/"},{"@type":"ListItem","position":2,"name":"Report\u00e1\u017e: \u0160koda Sv\u00e4tojursk\u00fd MTB marat\u00f3n &#8211; sez\u00f3na kone\u010dne zah\u00e1jen\u00e1"}]},{"@type":"WebSite","@id":"https:\/\/www.welovecycling.com\/sk\/#website","url":"https:\/\/www.welovecycling.com\/sk\/","name":"\u0160koda We Love Cycling Slovensko","description":"\u0160koda We Love Cycling Slovensko je v\u00e1\u0161 ka\u017edodenn\u00fd zdroj noviniek a in\u0161pir\u00e1cie z sveta cyklistiky","potentialAction":[{"@type":"SearchAction","target":{"@type":"EntryPoint","urlTemplate":"https:\/\/www.welovecycling.com\/sk\/?s={search_term_string}"},"query-input":{"@type":"PropertyValueSpecification","valueRequired":true,"valueName":"search_term_string"}}],"inLanguage":"sk-SK"},{"@type":"Person","@id":"https:\/\/www.welovecycling.com\/sk\/#\/schema\/person\/533b62b98b6c41bd5135ebfb1f742624","name":"dominika","image":{"@type":"ImageObject","inLanguage":"sk-SK","@id":"https:\/\/www.welovecycling.com\/sk\/#\/schema\/person\/image\/","url":"https:\/\/secure.gravatar.com\/avatar\/ded6f274ba2ec3e17fff153f7d9d96a4b33c2cb63907f75d9a5309c599a7f3e6?s=96&d=mm&r=g","contentUrl":"https:\/\/secure.gravatar.com\/avatar\/ded6f274ba2ec3e17fff153f7d9d96a4b33c2cb63907f75d9a5309c599a7f3e6?s=96&d=mm&r=g","caption":"dominika"},"url":"https:\/\/www.welovecycling.com\/sk\/author\/dominika\/"}]}},"_links":{"self":[{"href":"https:\/\/www.welovecycling.com\/sk\/wp-json\/wp\/v2\/posts\/17325","targetHints":{"allow":["GET"]}}],"collection":[{"href":"https:\/\/www.welovecycling.com\/sk\/wp-json\/wp\/v2\/posts"}],"about":[{"href":"https:\/\/www.welovecycling.com\/sk\/wp-json\/wp\/v2\/types\/post"}],"author":[{"embeddable":true,"href":"https:\/\/www.welovecycling.com\/sk\/wp-json\/wp\/v2\/users\/172"}],"replies":[{"embeddable":true,"href":"https:\/\/www.welovecycling.com\/sk\/wp-json\/wp\/v2\/comments?post=17325"}],"version-history":[{"count":10,"href":"https:\/\/www.welovecycling.com\/sk\/wp-json\/wp\/v2\/posts\/17325\/revisions"}],"predecessor-version":[{"id":17558,"href":"https:\/\/www.welovecycling.com\/sk\/wp-json\/wp\/v2\/posts\/17325\/revisions\/17558"}],"wp:featuredmedia":[{"embeddable":true,"href":"https:\/\/www.welovecycling.com\/sk\/wp-json\/wp\/v2\/media\/17350"}],"wp:attachment":[{"href":"https:\/\/www.welovecycling.com\/sk\/wp-json\/wp\/v2\/media?parent=17325"}],"wp:term":[{"taxonomy":"category","embeddable":true,"href":"https:\/\/www.welovecycling.com\/sk\/wp-json\/wp\/v2\/categories?post=17325"},{"taxonomy":"post_tag","embeddable":true,"href":"https:\/\/www.welovecycling.com\/sk\/wp-json\/wp\/v2\/tags?post=17325"},{"taxonomy":"global-categories","embeddable":true,"href":"https:\/\/www.welovecycling.com\/sk\/wp-json\/wp\/v2\/global-categories?post=17325"}],"curies":[{"name":"wp","href":"https:\/\/api.w.org\/{rel}","templated":true}]}}