{"id":17289,"date":"2023-04-30T10:00:31","date_gmt":"2023-04-30T08:00:31","guid":{"rendered":"https:\/\/www.welovecycling.com\/sk\/?p=17289"},"modified":"2023-04-28T11:41:04","modified_gmt":"2023-04-28T09:41:04","slug":"maj-2023-kde-sa-bude-pretekat-vo-svete","status":"publish","type":"post","link":"https:\/\/www.welovecycling.com\/sk\/2023\/04\/30\/maj-2023-kde-sa-bude-pretekat-vo-svete\/","title":{"rendered":"M\u00e1j 2023 \u2013 kde sa bude preteka\u0165 vo svete"},"content":{"rendered":"<p><strong>Rozmanit\u00e9 krajiny, mno\u017estvo z\u00e1\u017eitkov, n\u00e1ro\u010dn\u00e9 technick\u00e9 pas\u00e1\u017ee, ale aj nieko\u013ekod\u0148ov\u00e9 etapov\u00e9 preteky. Toto v\u0161etko \u010dak\u00e1 pretek\u00e1rov ale aj ich fan\u00fa\u0161ikov na tratiach po celom svete. Vybrali sme nieko\u013eko z nich, ktor\u00e9 by v\u00e1s mohli zauj\u00edma\u0165.<\/strong><!--more--><\/p>\n<h2><strong>Horsk\u00e1 cyklistika<\/strong><\/h2>\n<h2><strong>Portugal Brasil Ride, Portugalsko &#8211; 15.05.2023 &#8211; 20.05.2023<\/strong><\/h2>\n<p>\u0160es\u0165 dn\u00ed, 290km a prev\u00fd\u0161enie 8590km &#8211; to s\u00fa preteky Portugal Brasil Ride. <strong>Maj\u00fa za cie\u013e by\u0165 najv\u00e4\u010d\u0161\u00edmi etapov\u00fdmi pretekmi horsk\u00fdch bicyklov v Portugalsku a Eur\u00f3pe.<\/strong> V\u0161etky etapy s\u00fa starostlivo navrhnut\u00e9 tak, aby pretek\u00e1rom pon\u00fakli tie najlep\u0161ie mo\u017en\u00e9 z\u00e1\u017eitky, in\u0161pirovan\u00e9 rozmanitos\u0165ou krajiny, tr\u00e1s a ter\u00e9nov s t\u00fdm najlep\u0161\u00edm, \u010do Portugalsko m\u00f4\u017ee pon\u00faknu\u0165, vr\u00e1tane skvel\u00fdch gastronomick\u00fdch z\u00e1\u017eitkov.<\/p>\n<p><a href=\"https:\/\/www.youtube.com\/watch?v=2POA4id-1Sc\">https:\/\/www.youtube.com\/watch?v=2POA4id-1Sc<\/a><\/p>\n<h2><strong>Czech MTB Cup, \u010cesk\u00e1 republika &#8211; 20.05.2023 &#8211; 21.05.2023<\/strong><\/h2>\n<p>\u010cesk\u00fd poh\u00e1r horsk\u00fdch bicyklov je s\u00e9ria pretekov po\u010das celej sez\u00f3ny, ktor\u00e9 sa konaj\u00fa po \u010ceskej republike od apr\u00edla a\u017e do septembra. Preteky v Zadove s\u00fa tretie v porad\u00ed a jazd\u00ed sa na tratiach v ly\u017eiarskom stredisku. <strong>Pripraven\u00e9 s\u00fa dve trate \u2013 tra\u0165 \u017diaci, ktor\u00e1 m\u00e1 3,2km a prev\u00fd\u0161enie 110m na okruh.<\/strong> Tra\u0165 Elite m\u00e1 d\u013a\u017eku 4km a prev\u00fd\u0161enie 199m na okruh. Pripraven\u00e9 s\u00fa n\u00e1ro\u010dn\u00e9 pas\u00e1\u017ee ako rock garden \u010di BMX sekcie, ktor\u00e9 preveria technick\u00fa pripravenos\u0165 jazdcov.<\/p>\n<p>Z\u00e1znam si m\u00f4\u017eete pozrie\u0165 na <a href=\"https:\/\/www.youtube.com\/watch?v=qmjOg_864DE&amp;t=607s\" target=\"_blank\" rel=\"noopener\">tomto odkaze<\/a>.<\/p>\n<h2><strong>Jura Bike Marathon, \u0160vaj\u010diarsko &#8211; 21.05.2023<\/strong><\/h2>\n<p>Jedn\u00fdm zo sviatkov MTB cyklistiky vo \u0160vaj\u010diarsku je ur\u010dite aj Jura Bike Marathon, ktor\u00fd sa kon\u00e1 na z\u00e1pade krajiny v meste Vallorbe. <strong>Jazdi\u0165 sa bude na troch hlavn\u00fdch tratiach a to XC marat\u00f3n 71km s prev\u00fd\u0161en\u00edm 2750m, XC 37km s prev\u00fd\u0161en\u00edm 1580m, Populaire 21km s prev\u00fd\u0161en\u00edm 780m.<\/strong> Pripraven\u00e9 s\u00fa trate aj pre deti \u010di pretek\u00e1rov na eBike.<\/p>\n<div class=\"embed-controller-wrapper\">\n<div class=\"embed-wrapper\"><iframe title=\"Jura Bike Marathon 2022\" width=\"500\" height=\"281\" data-src=\"https:\/\/www.youtube.com\/embed\/xV2J6m9b3fY?feature=oembed\" frameborder=\"0\" allow=\"accelerometer; autoplay; clipboard-write; encrypted-media; gyroscope; picture-in-picture; web-share\" referrerpolicy=\"strict-origin-when-cross-origin\" allowfullscreen><\/iframe><\/div>\n<\/div>\n<h2><strong>Cestn\u00e1 cyklistka<\/strong><\/h2>\n<h2><strong>Ringerike GP, N\u00f3rsko &#8211; 07.05.2023<\/strong><\/h2>\n<p>N\u00f3rske preteky Tour Ringerike GP s\u00fa medzin\u00e1rodn\u00e9 jednod\u0148ov\u00e9 preteky, <strong>organizovan\u00e9 pod\u013ea pravidiel UCI a klasifikovan\u00e9 ako elitn\u00e9 podujatie mu\u017eov v r\u00e1mci UCI Europe Tour.<\/strong> Do roku 2010 boli preteky zaraden\u00e9 v kateg\u00f3rii UCI 2.2, ale od roku 2011 sa stali jednod\u0148ovou klasikou, preto\u017ee nahradili etapov\u00e9 Okolo N\u00f3rska. \u0160tart aj cie\u013e je v meste H\u00f8nefoss, ktor\u00e9 je vzdialen\u00e9 pribli\u017ene 60km od hlavn\u00e9ho mesta Oslo.<\/p>\n<lite-youtube videoid=1Sm1lHjHJKY params=\"enablejsapi=1\" style=\"background-image: url('https:\/\/i.ytimg.com\/vi_webp\/1Sm1lHjHJKY\/maxresdefault.webp');\"><\/lite-youtube>\n<h2><strong>Tour de Hongrie, Ma\u010farsko &#8211; 10.05.2023 &#8211; 14.05.2023<\/strong><\/h2>\n<p>Etapov\u00e9 preteky Tour de Hongrie, ktor\u00e9 sa v Ma\u010farsku konaj\u00fa u\u017e od roku 1925. <strong>Aktu\u00e1lnym ro\u010dn\u00edkom sa preteky zara\u010fuj\u00fa do kateg\u00f3rie UCI Pro Series.<\/strong> Zauj\u00edmavos\u0165ou je, \u017ee slovensk\u00fd cyklista Zolt\u00e1n Rem\u00e1k ich vyhral po\u010das svojej kari\u00e9ry dva kr\u00e1t a to v rokoch 2003 a 2004. Jazdi\u0165 sa bude na 5 et\u00e1p, celkovo cyklisti prejd\u00fa 879km. Pretekov sa z\u00fa\u010dastn\u00ed 22 \u0161pi\u010dkov\u00fdch t\u00edmov.<\/p>\n<lite-youtube videoid=aJntii8jz0c params=\"enablejsapi=1\" style=\"background-image: url('https:\/\/i.ytimg.com\/vi_webp\/aJntii8jz0c\/maxresdefault.webp');\"><\/lite-youtube>\n<h2><strong>Vuelta a Burgos Feminas, \u0160panielsko &#8211; 18.05.2023- 21.05.2023<\/strong><\/h2>\n<p><strong>\u017densk\u00e9 etapov\u00e9 preteky Vuelta a Burgos Feminas sa v \u0160panielsku konaj\u00fa od roku 2015 a od roku 2021 patria do UCI Women\u00b4s World Tour.<\/strong> Jazd\u00ed sa na \u0161tyri etapy, celkovo 467km. Cie\u013e poslednej etapy je v oblasti \u013eadovcov\u00fdch jazier Las Lagunas de Neila, kde sa uskuto\u010dn\u00ed aj z\u00e1vere\u010dn\u00fd ceremoni\u00e1l. Na trati \u010dakaj\u00fa pretek\u00e1rky st\u00fapania od 8,2 % a\u017e po 11 %, ktor\u00e9 dodaj\u00fa pretekom t\u00fa spr\u00e1vnu atmosf\u00e9ru.<\/p>\n<lite-youtube videoid=drc8O7_57Es params=\"enablejsapi=1\" style=\"background-image: url('https:\/\/i.ytimg.com\/vi_webp\/drc8O7_57Es\/maxresdefault.webp');\"><\/lite-youtube>\n<h2><strong>GP Gorenjska, Slovinsko &#8211; 21.05.2023<\/strong><\/h2>\n<p>Jednod\u0148ov\u00e9 preteky GP Gorenjska v Slovinsku, <strong>s\u00fa v podstate novinkou v ponuke pretekov v bl\u00edzkosti na\u0161ej krajiny, kde sa d\u00e1 skvele preteka\u0165.<\/strong> Konaj\u00fa sa len od roku 2021, \u010di\u017ee tento rok to bude ich tret\u00ed ro\u010dn\u00edk. D\u013a\u017eka trate je 171,8km v oblasti Cerklje na Gorenjskem, \u010do je obec v severoz\u00e1padnom Slovinsku.<\/p>\n<p>Z\u00e1znam si m\u00f4\u017eete pozrie\u0165 na <a href=\"https:\/\/www.youtube.com\/watch?v=icoqUqgAEGQ&amp;t=4151s\" target=\"_blank\" rel=\"noopener\">tomto odkaze<\/a>.<\/p>\n<h2><strong>Tour de Feminin, \u010cesk\u00e1 republika &#8211; 25.05.2023 &#8211; 28.05.2023<\/strong><\/h2>\n<p><strong>\u017densk\u00e9 etapov\u00e9 preteky sa konaj\u00fa aj v susedn\u00fdch \u010cech\u00e1ch, a to u\u017e od roku 1988, kedy sa jazdilo na tri etapy a postupom \u010dasu sa preteky ust\u00e1lili na \u0161tyroch etap\u00e1ch.<\/strong> V roku 2022 sa preteky neuskuto\u010dnili vzh\u013eadom na celosvetov\u00fa ekonomick\u00fa situ\u00e1ciu a konflikt na Ukrajine. Tento rok sa o to viac v\u0161etky t\u00edmy te\u0161ia na \u00fa\u010das\u0165. Celkov\u00e1 d\u013a\u017eka trate je 340km a jazd\u00ed sa kr\u00e1snou krajinou \u010cesk\u00e9ho \u0160vaj\u010diarska a Lu\u017eick\u00fdmi horami.<\/p>\n<lite-youtube videoid=xhiHou1kVhA params=\"enablejsapi=1\" style=\"background-image: url('https:\/\/i.ytimg.com\/vi_webp\/xhiHou1kVhA\/maxresdefault.webp');\"><\/lite-youtube>\n<p>Titulka: Graeme Murray \/ Red Bull Content Pool<\/p>\n","protected":false},"excerpt":{"rendered":"<p>Rozmanit\u00e9 krajiny, mno\u017estvo z\u00e1\u017eitkov, n\u00e1ro\u010dn\u00e9 technick\u00e9 pas\u00e1\u017ee, ale aj nieko\u013ekod\u0148ov\u00e9 etapov\u00e9 preteky. Toto v\u0161etko \u010dak\u00e1 pretek\u00e1rov ale aj ich fan\u00fa\u0161ikov [&hellip;]<\/p>\n","protected":false},"author":172,"featured_media":17290,"comment_status":"open","ping_status":"open","sticky":false,"template":"","format":"standard","meta":{"footnotes":""},"categories":[34],"tags":[540,115,533,180,944,178,412,273,1445,179,469,251,1581,355,641,659,475],"global-categories":[1074],"class_list":["post-17289","post","type-post","status-publish","format-standard","has-post-thumbnail","hentry","category-podujatia","tag-ceska-republika","tag-cestna-cyklistika","tag-europa","tag-horska-cyklistika","tag-madarsko","tag-maraton","tag-mtb","tag-norsko","tag-portugalsko","tag-preteky","tag-slovinsko","tag-spanielsko","tag-svajciarsko","tag-uci","tag-xc","tag-zenska-cyklistika","tag-zeny","global-categories-cycling"],"yoast_head":"<!-- This site is optimized with the Yoast SEO Premium plugin v25.3 (Yoast SEO v25.9) - https:\/\/yoast.com\/wordpress\/plugins\/seo\/ -->\n<title>M\u00e1j 2023 \u2013 kde sa bude preteka\u0165 vo svete<\/title>\n<meta name=\"description\" content=\"Rozmanit\u00e9 krajiny, mno\u017estvo z\u00e1\u017eitkov, n\u00e1ro\u010dn\u00e9 technick\u00e9 pas\u00e1\u017ee, ale aj nieko\u013ekod\u0148ov\u00e9 etapov\u00e9 preteky. Pozrite sa, ak\u00fd bude m\u00e1j 2023.\" \/>\n<meta name=\"robots\" content=\"index, follow, max-snippet:-1, max-image-preview:large, max-video-preview:-1\" \/>\n<link rel=\"canonical\" href=\"https:\/\/www.welovecycling.com\/sk\/2023\/04\/30\/maj-2023-kde-sa-bude-pretekat-vo-svete\/\" \/>\n<meta property=\"og:locale\" content=\"sk_SK\" \/>\n<meta property=\"og:type\" content=\"article\" \/>\n<meta property=\"og:title\" content=\"M\u00e1j 2023 \u2013 kde sa bude preteka\u0165 vo svete\" \/>\n<meta property=\"og:description\" content=\"Rozmanit\u00e9 krajiny, mno\u017estvo z\u00e1\u017eitkov, n\u00e1ro\u010dn\u00e9 technick\u00e9 pas\u00e1\u017ee, ale aj nieko\u013ekod\u0148ov\u00e9 etapov\u00e9 preteky. Pozrite sa, ak\u00fd bude m\u00e1j 2023.\" \/>\n<meta property=\"og:url\" content=\"https:\/\/www.welovecycling.com\/sk\/2023\/04\/30\/maj-2023-kde-sa-bude-pretekat-vo-svete\/\" \/>\n<meta property=\"og:site_name\" content=\"\u0160koda We Love Cycling Slovensko\" \/>\n<meta property=\"article:published_time\" content=\"2023-04-30T08:00:31+00:00\" \/>\n<meta property=\"og:image\" content=\"https:\/\/d2p6e6u75xmxt8.cloudfront.net\/4\/2023\/04\/titulka-5.webp\" \/>\n\t<meta property=\"og:image:width\" content=\"990\" \/>\n\t<meta property=\"og:image:height\" content=\"660\" \/>\n\t<meta property=\"og:image:type\" content=\"image\/webp\" \/>\n<meta name=\"author\" content=\"dominika\" \/>\n<meta name=\"twitter:card\" content=\"summary_large_image\" \/>\n<meta name=\"twitter:label1\" content=\"Written by\" \/>\n\t<meta name=\"twitter:data1\" content=\"WeLoveCycling\" \/>\n\t<meta name=\"twitter:label2\" content=\"Est. reading time\" \/>\n\t<meta name=\"twitter:data2\" content=\"3\" \/>\n<script type=\"application\/ld+json\" class=\"yoast-schema-graph\">{\"@context\":\"https:\/\/schema.org\",\"@graph\":[{\"@type\":\"WebPage\",\"@id\":\"https:\/\/www.welovecycling.com\/sk\/2023\/04\/30\/maj-2023-kde-sa-bude-pretekat-vo-svete\/\",\"url\":\"https:\/\/www.welovecycling.com\/sk\/2023\/04\/30\/maj-2023-kde-sa-bude-pretekat-vo-svete\/\",\"name\":\"M\u00e1j 2023 \u2013 kde sa bude preteka\u0165 vo svete\",\"isPartOf\":{\"@id\":\"https:\/\/www.welovecycling.com\/sk\/#website\"},\"primaryImageOfPage\":{\"@id\":\"https:\/\/www.welovecycling.com\/sk\/2023\/04\/30\/maj-2023-kde-sa-bude-pretekat-vo-svete\/#primaryimage\"},\"image\":{\"@id\":\"https:\/\/www.welovecycling.com\/sk\/2023\/04\/30\/maj-2023-kde-sa-bude-pretekat-vo-svete\/#primaryimage\"},\"thumbnailUrl\":\"https:\/\/d2p6e6u75xmxt8.cloudfront.net\/4\/2023\/04\/titulka-5.webp\",\"datePublished\":\"2023-04-30T08:00:31+00:00\",\"author\":{\"@id\":\"https:\/\/www.welovecycling.com\/sk\/#\/schema\/person\/533b62b98b6c41bd5135ebfb1f742624\"},\"description\":\"Rozmanit\u00e9 krajiny, mno\u017estvo z\u00e1\u017eitkov, n\u00e1ro\u010dn\u00e9 technick\u00e9 pas\u00e1\u017ee, ale aj nieko\u013ekod\u0148ov\u00e9 etapov\u00e9 preteky. Pozrite sa, ak\u00fd bude m\u00e1j 2023.\",\"breadcrumb\":{\"@id\":\"https:\/\/www.welovecycling.com\/sk\/2023\/04\/30\/maj-2023-kde-sa-bude-pretekat-vo-svete\/#breadcrumb\"},\"inLanguage\":\"sk-SK\",\"potentialAction\":[{\"@type\":\"ReadAction\",\"target\":[\"https:\/\/www.welovecycling.com\/sk\/2023\/04\/30\/maj-2023-kde-sa-bude-pretekat-vo-svete\/\"]}]},{\"@type\":\"ImageObject\",\"inLanguage\":\"sk-SK\",\"@id\":\"https:\/\/www.welovecycling.com\/sk\/2023\/04\/30\/maj-2023-kde-sa-bude-pretekat-vo-svete\/#primaryimage\",\"url\":\"https:\/\/d2p6e6u75xmxt8.cloudfront.net\/4\/2023\/04\/titulka-5.webp\",\"contentUrl\":\"https:\/\/d2p6e6u75xmxt8.cloudfront.net\/4\/2023\/04\/titulka-5.webp\",\"width\":990,\"height\":660,\"caption\":\"Graeme Murray \/ Red Bull Content Pool\"},{\"@type\":\"BreadcrumbList\",\"@id\":\"https:\/\/www.welovecycling.com\/sk\/2023\/04\/30\/maj-2023-kde-sa-bude-pretekat-vo-svete\/#breadcrumb\",\"itemListElement\":[{\"@type\":\"ListItem\",\"position\":1,\"name\":\"Home\",\"item\":\"https:\/\/www.welovecycling.com\/sk\/\"},{\"@type\":\"ListItem\",\"position\":2,\"name\":\"M\u00e1j 2023 \u2013 kde sa bude preteka\u0165 vo svete\"}]},{\"@type\":\"WebSite\",\"@id\":\"https:\/\/www.welovecycling.com\/sk\/#website\",\"url\":\"https:\/\/www.welovecycling.com\/sk\/\",\"name\":\"\u0160koda We Love Cycling Slovensko\",\"description\":\"\u0160koda We Love Cycling Slovensko je v\u00e1\u0161 ka\u017edodenn\u00fd zdroj noviniek a in\u0161pir\u00e1cie z sveta cyklistiky\",\"potentialAction\":[{\"@type\":\"SearchAction\",\"target\":{\"@type\":\"EntryPoint\",\"urlTemplate\":\"https:\/\/www.welovecycling.com\/sk\/?s={search_term_string}\"},\"query-input\":{\"@type\":\"PropertyValueSpecification\",\"valueRequired\":true,\"valueName\":\"search_term_string\"}}],\"inLanguage\":\"sk-SK\"},{\"@type\":\"Person\",\"@id\":\"https:\/\/www.welovecycling.com\/sk\/#\/schema\/person\/533b62b98b6c41bd5135ebfb1f742624\",\"name\":\"dominika\",\"image\":{\"@type\":\"ImageObject\",\"inLanguage\":\"sk-SK\",\"@id\":\"https:\/\/www.welovecycling.com\/sk\/#\/schema\/person\/image\/\",\"url\":\"https:\/\/secure.gravatar.com\/avatar\/ded6f274ba2ec3e17fff153f7d9d96a4b33c2cb63907f75d9a5309c599a7f3e6?s=96&d=mm&r=g\",\"contentUrl\":\"https:\/\/secure.gravatar.com\/avatar\/ded6f274ba2ec3e17fff153f7d9d96a4b33c2cb63907f75d9a5309c599a7f3e6?s=96&d=mm&r=g\",\"caption\":\"dominika\"},\"url\":\"https:\/\/www.welovecycling.com\/sk\/author\/dominika\/\"}]}<\/script>\n<!-- \/ Yoast SEO Premium plugin. -->","yoast_head_json":{"title":"M\u00e1j 2023 \u2013 kde sa bude preteka\u0165 vo svete","description":"Rozmanit\u00e9 krajiny, mno\u017estvo z\u00e1\u017eitkov, n\u00e1ro\u010dn\u00e9 technick\u00e9 pas\u00e1\u017ee, ale aj nieko\u013ekod\u0148ov\u00e9 etapov\u00e9 preteky. Pozrite sa, ak\u00fd bude m\u00e1j 2023.","robots":{"index":"index","follow":"follow","max-snippet":"max-snippet:-1","max-image-preview":"max-image-preview:large","max-video-preview":"max-video-preview:-1"},"canonical":"https:\/\/www.welovecycling.com\/sk\/2023\/04\/30\/maj-2023-kde-sa-bude-pretekat-vo-svete\/","og_locale":"sk_SK","og_type":"article","og_title":"M\u00e1j 2023 \u2013 kde sa bude preteka\u0165 vo svete","og_description":"Rozmanit\u00e9 krajiny, mno\u017estvo z\u00e1\u017eitkov, n\u00e1ro\u010dn\u00e9 technick\u00e9 pas\u00e1\u017ee, ale aj nieko\u013ekod\u0148ov\u00e9 etapov\u00e9 preteky. Pozrite sa, ak\u00fd bude m\u00e1j 2023.","og_url":"https:\/\/www.welovecycling.com\/sk\/2023\/04\/30\/maj-2023-kde-sa-bude-pretekat-vo-svete\/","og_site_name":"\u0160koda We Love Cycling Slovensko","article_published_time":"2023-04-30T08:00:31+00:00","og_image":[{"width":990,"height":660,"url":"https:\/\/d2p6e6u75xmxt8.cloudfront.net\/4\/2023\/04\/titulka-5.webp","type":"image\/webp"}],"author":"dominika","twitter_card":"summary_large_image","twitter_misc":{"Written by":"WeLoveCycling","Est. reading time":"3"},"schema":{"@context":"https:\/\/schema.org","@graph":[{"@type":"WebPage","@id":"https:\/\/www.welovecycling.com\/sk\/2023\/04\/30\/maj-2023-kde-sa-bude-pretekat-vo-svete\/","url":"https:\/\/www.welovecycling.com\/sk\/2023\/04\/30\/maj-2023-kde-sa-bude-pretekat-vo-svete\/","name":"M\u00e1j 2023 \u2013 kde sa bude preteka\u0165 vo svete","isPartOf":{"@id":"https:\/\/www.welovecycling.com\/sk\/#website"},"primaryImageOfPage":{"@id":"https:\/\/www.welovecycling.com\/sk\/2023\/04\/30\/maj-2023-kde-sa-bude-pretekat-vo-svete\/#primaryimage"},"image":{"@id":"https:\/\/www.welovecycling.com\/sk\/2023\/04\/30\/maj-2023-kde-sa-bude-pretekat-vo-svete\/#primaryimage"},"thumbnailUrl":"https:\/\/d2p6e6u75xmxt8.cloudfront.net\/4\/2023\/04\/titulka-5.webp","datePublished":"2023-04-30T08:00:31+00:00","author":{"@id":"https:\/\/www.welovecycling.com\/sk\/#\/schema\/person\/533b62b98b6c41bd5135ebfb1f742624"},"description":"Rozmanit\u00e9 krajiny, mno\u017estvo z\u00e1\u017eitkov, n\u00e1ro\u010dn\u00e9 technick\u00e9 pas\u00e1\u017ee, ale aj nieko\u013ekod\u0148ov\u00e9 etapov\u00e9 preteky. Pozrite sa, ak\u00fd bude m\u00e1j 2023.","breadcrumb":{"@id":"https:\/\/www.welovecycling.com\/sk\/2023\/04\/30\/maj-2023-kde-sa-bude-pretekat-vo-svete\/#breadcrumb"},"inLanguage":"sk-SK","potentialAction":[{"@type":"ReadAction","target":["https:\/\/www.welovecycling.com\/sk\/2023\/04\/30\/maj-2023-kde-sa-bude-pretekat-vo-svete\/"]}]},{"@type":"ImageObject","inLanguage":"sk-SK","@id":"https:\/\/www.welovecycling.com\/sk\/2023\/04\/30\/maj-2023-kde-sa-bude-pretekat-vo-svete\/#primaryimage","url":"https:\/\/d2p6e6u75xmxt8.cloudfront.net\/4\/2023\/04\/titulka-5.webp","contentUrl":"https:\/\/d2p6e6u75xmxt8.cloudfront.net\/4\/2023\/04\/titulka-5.webp","width":990,"height":660,"caption":"Graeme Murray \/ Red Bull Content Pool"},{"@type":"BreadcrumbList","@id":"https:\/\/www.welovecycling.com\/sk\/2023\/04\/30\/maj-2023-kde-sa-bude-pretekat-vo-svete\/#breadcrumb","itemListElement":[{"@type":"ListItem","position":1,"name":"Home","item":"https:\/\/www.welovecycling.com\/sk\/"},{"@type":"ListItem","position":2,"name":"M\u00e1j 2023 \u2013 kde sa bude preteka\u0165 vo svete"}]},{"@type":"WebSite","@id":"https:\/\/www.welovecycling.com\/sk\/#website","url":"https:\/\/www.welovecycling.com\/sk\/","name":"\u0160koda We Love Cycling Slovensko","description":"\u0160koda We Love Cycling Slovensko je v\u00e1\u0161 ka\u017edodenn\u00fd zdroj noviniek a in\u0161pir\u00e1cie z sveta cyklistiky","potentialAction":[{"@type":"SearchAction","target":{"@type":"EntryPoint","urlTemplate":"https:\/\/www.welovecycling.com\/sk\/?s={search_term_string}"},"query-input":{"@type":"PropertyValueSpecification","valueRequired":true,"valueName":"search_term_string"}}],"inLanguage":"sk-SK"},{"@type":"Person","@id":"https:\/\/www.welovecycling.com\/sk\/#\/schema\/person\/533b62b98b6c41bd5135ebfb1f742624","name":"dominika","image":{"@type":"ImageObject","inLanguage":"sk-SK","@id":"https:\/\/www.welovecycling.com\/sk\/#\/schema\/person\/image\/","url":"https:\/\/secure.gravatar.com\/avatar\/ded6f274ba2ec3e17fff153f7d9d96a4b33c2cb63907f75d9a5309c599a7f3e6?s=96&d=mm&r=g","contentUrl":"https:\/\/secure.gravatar.com\/avatar\/ded6f274ba2ec3e17fff153f7d9d96a4b33c2cb63907f75d9a5309c599a7f3e6?s=96&d=mm&r=g","caption":"dominika"},"url":"https:\/\/www.welovecycling.com\/sk\/author\/dominika\/"}]}},"_links":{"self":[{"href":"https:\/\/www.welovecycling.com\/sk\/wp-json\/wp\/v2\/posts\/17289","targetHints":{"allow":["GET"]}}],"collection":[{"href":"https:\/\/www.welovecycling.com\/sk\/wp-json\/wp\/v2\/posts"}],"about":[{"href":"https:\/\/www.welovecycling.com\/sk\/wp-json\/wp\/v2\/types\/post"}],"author":[{"embeddable":true,"href":"https:\/\/www.welovecycling.com\/sk\/wp-json\/wp\/v2\/users\/172"}],"replies":[{"embeddable":true,"href":"https:\/\/www.welovecycling.com\/sk\/wp-json\/wp\/v2\/comments?post=17289"}],"version-history":[{"count":4,"href":"https:\/\/www.welovecycling.com\/sk\/wp-json\/wp\/v2\/posts\/17289\/revisions"}],"predecessor-version":[{"id":17294,"href":"https:\/\/www.welovecycling.com\/sk\/wp-json\/wp\/v2\/posts\/17289\/revisions\/17294"}],"wp:featuredmedia":[{"embeddable":true,"href":"https:\/\/www.welovecycling.com\/sk\/wp-json\/wp\/v2\/media\/17290"}],"wp:attachment":[{"href":"https:\/\/www.welovecycling.com\/sk\/wp-json\/wp\/v2\/media?parent=17289"}],"wp:term":[{"taxonomy":"category","embeddable":true,"href":"https:\/\/www.welovecycling.com\/sk\/wp-json\/wp\/v2\/categories?post=17289"},{"taxonomy":"post_tag","embeddable":true,"href":"https:\/\/www.welovecycling.com\/sk\/wp-json\/wp\/v2\/tags?post=17289"},{"taxonomy":"global-categories","embeddable":true,"href":"https:\/\/www.welovecycling.com\/sk\/wp-json\/wp\/v2\/global-categories?post=17289"}],"curies":[{"name":"wp","href":"https:\/\/api.w.org\/{rel}","templated":true}]}}