{"id":17255,"date":"2023-04-28T10:00:36","date_gmt":"2023-04-28T08:00:36","guid":{"rendered":"https:\/\/www.welovecycling.com\/sk\/?p=17255"},"modified":"2023-04-25T12:56:12","modified_gmt":"2023-04-25T10:56:12","slug":"maj-2023-nova-sezona-prinasa-nove-trate-aj-nove-podujatia","status":"publish","type":"post","link":"https:\/\/www.welovecycling.com\/sk\/2023\/04\/28\/maj-2023-nova-sezona-prinasa-nove-trate-aj-nove-podujatia\/","title":{"rendered":"M\u00e1j 2023 \u2013 nov\u00e1 sez\u00f3na prin\u00e1\u0161a nov\u00e9 trate aj nov\u00e9 podujatia"},"content":{"rendered":"<p><strong>O tom, \u017ee sa u\u017e naplno jazd\u00ed, sved\u010d\u00ed aj mno\u017estvo cyklistick\u00fd podujat\u00ed, ktor\u00e9 n\u00e1s v m\u00e1ji \u010dakaj\u00fa. \u010ci u\u017e ste fan\u00fa\u0161ik cestnej alebo horskej cyklistiky, ur\u010dite si pr\u00eddete na svoje. Pripraven\u00e9 s\u00fa nov\u00e9 miesta aj nov\u00e9 podujatia. <\/strong><!--more--><\/p>\n<h2><strong>01. 05. 2023 &#8211; Ra\u010dianska \u010dasovka<\/strong><\/h2>\n<p><strong>12. ro\u010dn\u00edk cyklo\u010dasovky u\u017e pravidelne daruje \u010das\u0165 zo \u0161tartovn\u00e9ho de\u0165om z detskej onkol\u00f3gie.<\/strong> Miesto \u0161tartu je v Bratislava-Ra\u010da, amfite\u00e1ter v Kni\u017ekovej doline, odtia\u013e trasa vedie cez Doln\u00fd \u010derven\u00fd kr\u00ed\u017e a Biely kr\u00ed\u017e. D\u013a\u017eka trasy je 6 km s prev\u00fd\u0161en\u00edm 340 metrov. V tomto pr\u00edpade nie je \u017eiadne obmedzenie, \u010do sa bicykla t\u00fdka, tak\u017ee m\u00f4\u017eete jazdi\u0165 na horskom alebo aj cestnom bicykli. Zapoji\u0165 sa m\u00f4\u017eu v\u0161etky kateg\u00f3rie, \u010di\u017ee kadeti od 15 rokov a\u017e po 60 plus.<\/p>\n<lite-youtube videoid=bx__RTYuojY params=\"enablejsapi=1\" style=\"background-image: url('https:\/\/i.ytimg.com\/vi_webp\/bx__RTYuojY\/maxresdefault.webp');\"><\/lite-youtube>\n<h2><\/h2>\n<h2><strong>06. 05. 2023 &#8211; Detsk\u00e1 tour Petra Sagana &#8211; \u017dilina<\/strong><\/h2>\n<p>Detsk\u00e1 tour Petra Sagana v jeho rodnom meste m\u00e1 v\u017edy najv\u00e4\u010d\u0161\u00ed po\u010det \u00fa\u010dastn\u00edkov. <strong>Pripraven\u00e9 s\u00fa kateg\u00f3rie od t\u00fdch najmen\u0161\u00edch a\u017e po star\u0161ie \u017eia\u010dky a \u017eiakov a zas\u00fa\u0165a\u017eia si aj rodi\u010dia.<\/strong> Pod\u013ea toho je samozrejme upraven\u00e1 aj d\u013a\u017eka a n\u00e1ro\u010dnos\u0165 trate. Pre pretek\u00e1rov sa odpor\u00fa\u010da horsk\u00fd bicykel, preto\u017ee ter\u00e9n je \u010dlenit\u00fd. Aby ste si spravili predstavu, \u010do v\u00e1s \u010dak\u00e1, pozrite si video z apr\u00edlov\u00e9ho kola v Budmericiach.<\/p>\n<lite-youtube videoid=8QjWCfCH33g params=\"enablejsapi=1\" style=\"background-image: url('https:\/\/i.ytimg.com\/vi_webp\/8QjWCfCH33g\/maxresdefault.webp');\"><\/lite-youtube>\n<h2><\/h2>\n<h2><strong>06. &#8211; 12. 05. 2023 &#8211; Race through Slovakia<\/strong><\/h2>\n<p>Nult\u00fd ro\u010dn\u00edk cyklistick\u00fdch vytrvalostn\u00fdch pretekov, ktor\u00e9 preveria va\u0161e schopnosti. <strong>M\u00e1lokedy budete ma\u0165 pr\u00edle\u017eitos\u0165 prejs\u0165 tis\u00edc kilometrov po Slovensku po\u010das jedn\u00e9ho t\u00fd\u017ed\u0148a.<\/strong> \u010cak\u00e1 v\u00e1s \u0161es\u0165 \u00fasekov na zauj\u00edmav\u00fdch miestach, ako s\u00fa napr\u00edklad \u010ci\u010dmany, Gubalowka v bl\u00edzkosti Zakopan\u00e9ho, Koj\u0161ovsk\u00e1 ho\u013ea, \u010cierny V\u00e1h \u010di Lom nad Rimavicou. Preteky m\u00f4\u017eete odjazdi\u0165 ako jednotlivec alebo ako dvojica a spo\u013eahn\u00fa\u0165 sa m\u00f4\u017eete len na vlastn\u00e9 sily. Prijmete v\u00fdzvu?<\/p>\n<p><a href=\"https:\/\/www.instagram.com\/p\/CqAVqDTDQLX\/\">https:\/\/www.instagram.com\/p\/CqAVqDTDQLX\/<\/a><\/p>\n<h2><\/h2>\n<h2><strong>13. &#8211; 14. 05. 2023 &#8211; MTBIKER Hornonitrianska Enduro s\u00e9ria \u2013 Partiz\u00e1nske<\/strong><\/h2>\n<p>Hornonitrianska Enduro s\u00e9ria od\u0161tartuje svoju prv\u00fa \u010das\u0165 pr\u00e1ve v Partiz\u00e1nskom a potom ju \u010dakaj\u00fa e\u0161te \u010fal\u0161ie tri kol\u00e1. <strong>Novinkou bude Jasensk\u00e1 dolina, no a potom tradi\u010dn\u00e9 miesta vo Ve\u013ekej Leh\u00f4tke a v Bojniciach.<\/strong> Na Ba\u0165ov\u00fdch trailoch v\u00e1s po prv\u00fdkr\u00e1t \u010dakaj\u00fa \u0161tyri RS &#8211; r\u00fdchlostn\u00e9 sk\u00fa\u0161ky, ktor\u00e9 s\u00fa preva\u017ene zjazdov\u00e9ho charakteru. Pripraven\u00e9 s\u00fa aj nov\u00e9 trate, tak\u017ee si tento ro\u010dn\u00edk naplno u\u017eijete.<\/p>\n<lite-youtube videoid=fRsIK74gcbs params=\"enablejsapi=1\" style=\"background-image: url('https:\/\/i.ytimg.com\/vi_webp\/fRsIK74gcbs\/maxresdefault.webp');\"><\/lite-youtube>\n<h2><\/h2>\n<h2><strong>20. 05. 2023 &#8211; \u0160koda MTB marat\u00f3n Rajeck\u00e9 Teplice<\/strong><\/h2>\n<p>\u0160KODA BIKE OPEN TOUR oslavuje desiate v\u00fdro\u010die a vy m\u00f4\u017eete by\u0165 pri tom, u\u017e na druhom kole marat\u00f3nu v Rajeck\u00fdch Tepliciach. Pripraven\u00e9 s\u00fa tri z\u00e1kladn\u00e9 trate \u2013 Kr\u00e1tka 18,5 km, Stredn\u00e1 50 km a Dlh\u00e1 80 km. Navy\u0161e s\u00fa k dispoz\u00edcii detsk\u00e1 Family tra\u0165 a eBike tra\u0165. <a href=\"https:\/\/www.welovecycling.com\/sk\/2023\/04\/13\/pozvanka-skoda-mtb-maraton-rajecke-teplice-pokracujeme-v-lucanskej-malej-fatre\/\" target=\"_blank\" rel=\"noopener\">Pr\u00ed\u010fte za\u017ei\u0165 skvel\u00fa atmosf\u00e9ru<\/a> a n\u00e1dhern\u00e9 v\u00fdh\u013eady na L\u00fa\u010dansk\u00fa Mal\u00fa Fatru a Rajeck\u00fa dolinu. Nebude ch\u00fdba\u0165 ani tombola a kult\u00farny program, ako b\u00fdva dobr\u00fdm zvykom.<\/p>\n<lite-youtube videoid=lFIec4U7rwA params=\"enablejsapi=1\" style=\"background-image: url('https:\/\/i.ytimg.com\/vi_webp\/lFIec4U7rwA\/maxresdefault.webp');\"><\/lite-youtube>\n<h2><\/h2>\n<h2><strong>21. 05. 2023 &#8211; Detsk\u00e1 tour Petra Sagana &#8211; Martin<\/strong><\/h2>\n<p><strong>Tretie kolo Detskej Tour Petra Sagana sa uskuto\u010dn\u00ed op\u00e4\u0165 na netradi\u010dnom mieste, na letisku v Martine.<\/strong> Je pr\u00edjemn\u00e9, \u017ee organiz\u00e1tori v\u017edy pr\u00eddu s nie\u010d\u00edm nov\u00fd, \u010di u\u017e s\u00fa to nov\u00e9 a zauj\u00edmav\u00e9 miesta, alebo je to plaketa s vyobrazen\u00edm Petra Sagana \u010di jeho plag\u00e1t, pre \u00fa\u010dastn\u00edkov pretekov. Pr\u00ed\u010fte pre\u017ei\u0165 \u0161portov\u00fd de\u0148 a mo\u017eno od\u0161tartova\u0165 cyklistick\u00fa kari\u00e9ru v\u00e1\u0161ho potomka. A nezabudnite si pribali\u0165 cyklistick\u00e9 prilby, \u010do je u\u017e samozrejmos\u0165.<\/p>\n<lite-youtube videoid=0gii6qs4FyQ params=\"enablejsapi=1\" style=\"background-image: url('https:\/\/i.ytimg.com\/vi_webp\/0gii6qs4FyQ\/maxresdefault.webp');\"><\/lite-youtube>\n<h2><\/h2>\n<h2><strong>21. 05. 2023 &#8211; DHL Sere\u010fmarat\u00f3n<\/strong><\/h2>\n<p>Sere\u010fmarat\u00f3n je u\u017e ka\u017edoro\u010dne ob\u013e\u00faben\u00fdm podujat\u00edm pre fan\u00fa\u0161ikov cestnej cyklistiky. Trasa pretekov m\u00e1 d\u013a\u017eku 116 km s prev\u00fd\u0161en\u00edm 1 150 metrov. <strong>Prech\u00e1dza 2 krajmi, 4 okresmi, 21 obcami a 2 mestami.<\/strong> Zapoji\u0165 sa m\u00f4\u017eete ako jednotlivec, ale pripraven\u00e1 je aj s\u00fa\u0165a\u017e dru\u017estiev. Okrem hlavn\u00fdch pretekov s\u00fa pripraven\u00e9 aj detsk\u00e9 preteky nazvan\u00e9 ako Sere\u010fmarat\u00f3nik, tak\u017ee preteka\u0165 m\u00f4\u017eu aj va\u0161e deti.<\/p>\n<lite-youtube videoid=UJZUBPzyBCQ params=\"enablejsapi=1\" style=\"background-image: url('https:\/\/i.ytimg.com\/vi_webp\/UJZUBPzyBCQ\/maxresdefault.webp');\"><\/lite-youtube>\n<h2><\/h2>\n<h2><strong>28. 05. 2023 &#8211; Novohradsk\u00fd ped\u00e1l<\/strong><\/h2>\n<p>Lesn\u00e9 cesty, zv\u00e1\u017enice, asfalt ale aj singeltracky v\u00e1s \u010dakaj\u00fa na trati Novohradsk\u00e9ho ped\u00e1lu. Pripraven\u00e9 s\u00fa dve kateg\u00f3rie \u2013 50 km a 25 km. <strong>Tra\u0165 m\u00e1 d\u013a\u017eku 25 km s prev\u00fd\u0161en\u00edm 435 metrov. Odpor\u00fa\u010da sa horsk\u00fd bicykel, ale nie je to podmienkou.<\/strong> Preteky sa bud\u00fa kona\u0165 za ka\u017ed\u00e9ho po\u010dasia, tak\u017ee uvid\u00edme \u010do bude pre n\u00e1s nachystan\u00e9. Zabezpe\u010den\u00e9 je samozrejme ob\u010derstvenie ale aj sprchy a um\u00fdvanie bicyklov.<\/p>\n<lite-youtube videoid=4m5pWsqdPqU params=\"enablejsapi=1\" style=\"background-image: url('https:\/\/i.ytimg.com\/vi_webp\/4m5pWsqdPqU\/maxresdefault.webp');\"><\/lite-youtube>\n","protected":false},"excerpt":{"rendered":"<p>O tom, \u017ee sa u\u017e naplno jazd\u00ed, sved\u010d\u00ed aj mno\u017estvo cyklistick\u00fd podujat\u00ed, ktor\u00e9 n\u00e1s v m\u00e1ji \u010dakaj\u00fa. \u010ci u\u017e ste [&hellip;]<\/p>\n","protected":false},"author":172,"featured_media":17258,"comment_status":"open","ping_status":"open","sticky":false,"template":"","format":"standard","meta":{"footnotes":""},"categories":[34],"tags":[227,115,764,1592,180,178,1517,1593,179,1591,1594,860],"global-categories":[1074],"class_list":["post-17255","post","type-post","status-publish","format-standard","has-post-thumbnail","hentry","category-podujatia","tag-casovka","tag-cestna-cyklistika","tag-detska-tour-petra-sagana","tag-dhl-seredmaraton","tag-horska-cyklistika","tag-maraton","tag-mtbiker","tag-novohradsky-pedal","tag-preteky","tag-race-through-slovakia","tag-racianska-casovka","tag-skoda-mtb-maraton-rajecke-teplice","global-categories-cycling"],"yoast_head":"<!-- This site is optimized with the Yoast SEO Premium plugin v25.3 (Yoast SEO v25.9) - https:\/\/yoast.com\/wordpress\/plugins\/seo\/ -->\n<title>M\u00e1j 2023 \u2013 nov\u00e1 sez\u00f3na prin\u00e1\u0161a nov\u00e9 trate aj nov\u00e9 podujatia<\/title>\n<meta name=\"description\" content=\"\u010ci u\u017e ste fan\u00fa\u0161ik cestnej alebo horskej cyklistiky, ur\u010dite si pr\u00eddete na svoje. Pripraven\u00e9 s\u00fa nov\u00e9 miesta aj nov\u00e9 podujatia.\" \/>\n<meta name=\"robots\" content=\"index, follow, max-snippet:-1, max-image-preview:large, max-video-preview:-1\" \/>\n<link rel=\"canonical\" href=\"https:\/\/www.welovecycling.com\/sk\/2023\/04\/28\/maj-2023-nova-sezona-prinasa-nove-trate-aj-nove-podujatia\/\" \/>\n<meta property=\"og:locale\" content=\"sk_SK\" \/>\n<meta property=\"og:type\" content=\"article\" \/>\n<meta property=\"og:title\" content=\"M\u00e1j 2023 \u2013 nov\u00e1 sez\u00f3na prin\u00e1\u0161a nov\u00e9 trate aj nov\u00e9 podujatia\" \/>\n<meta property=\"og:description\" content=\"\u010ci u\u017e ste fan\u00fa\u0161ik cestnej alebo horskej cyklistiky, ur\u010dite si pr\u00eddete na svoje. Pripraven\u00e9 s\u00fa nov\u00e9 miesta aj nov\u00e9 podujatia.\" \/>\n<meta property=\"og:url\" content=\"https:\/\/www.welovecycling.com\/sk\/2023\/04\/28\/maj-2023-nova-sezona-prinasa-nove-trate-aj-nove-podujatia\/\" \/>\n<meta property=\"og:site_name\" content=\"\u0160koda We Love Cycling Slovensko\" \/>\n<meta property=\"article:published_time\" content=\"2023-04-28T08:00:36+00:00\" \/>\n<meta property=\"og:image\" content=\"https:\/\/d2p6e6u75xmxt8.cloudfront.net\/4\/2023\/04\/titulka-4.webp\" \/>\n\t<meta property=\"og:image:width\" content=\"990\" \/>\n\t<meta property=\"og:image:height\" content=\"660\" \/>\n\t<meta property=\"og:image:type\" content=\"image\/webp\" \/>\n<meta name=\"author\" content=\"dominika\" \/>\n<meta name=\"twitter:card\" content=\"summary_large_image\" \/>\n<meta name=\"twitter:label1\" content=\"Written by\" \/>\n\t<meta name=\"twitter:data1\" content=\"We Love Cycling\" \/>\n\t<meta name=\"twitter:label2\" content=\"Est. reading time\" \/>\n\t<meta name=\"twitter:data2\" content=\"3\" \/>\n<script type=\"application\/ld+json\" class=\"yoast-schema-graph\">{\"@context\":\"https:\/\/schema.org\",\"@graph\":[{\"@type\":\"WebPage\",\"@id\":\"https:\/\/www.welovecycling.com\/sk\/2023\/04\/28\/maj-2023-nova-sezona-prinasa-nove-trate-aj-nove-podujatia\/\",\"url\":\"https:\/\/www.welovecycling.com\/sk\/2023\/04\/28\/maj-2023-nova-sezona-prinasa-nove-trate-aj-nove-podujatia\/\",\"name\":\"M\u00e1j 2023 \u2013 nov\u00e1 sez\u00f3na prin\u00e1\u0161a nov\u00e9 trate aj nov\u00e9 podujatia\",\"isPartOf\":{\"@id\":\"https:\/\/www.welovecycling.com\/sk\/#website\"},\"primaryImageOfPage\":{\"@id\":\"https:\/\/www.welovecycling.com\/sk\/2023\/04\/28\/maj-2023-nova-sezona-prinasa-nove-trate-aj-nove-podujatia\/#primaryimage\"},\"image\":{\"@id\":\"https:\/\/www.welovecycling.com\/sk\/2023\/04\/28\/maj-2023-nova-sezona-prinasa-nove-trate-aj-nove-podujatia\/#primaryimage\"},\"thumbnailUrl\":\"https:\/\/d2p6e6u75xmxt8.cloudfront.net\/4\/2023\/04\/titulka-4.webp\",\"datePublished\":\"2023-04-28T08:00:36+00:00\",\"author\":{\"@id\":\"https:\/\/www.welovecycling.com\/sk\/#\/schema\/person\/533b62b98b6c41bd5135ebfb1f742624\"},\"description\":\"\u010ci u\u017e ste fan\u00fa\u0161ik cestnej alebo horskej cyklistiky, ur\u010dite si pr\u00eddete na svoje. Pripraven\u00e9 s\u00fa nov\u00e9 miesta aj nov\u00e9 podujatia.\",\"breadcrumb\":{\"@id\":\"https:\/\/www.welovecycling.com\/sk\/2023\/04\/28\/maj-2023-nova-sezona-prinasa-nove-trate-aj-nove-podujatia\/#breadcrumb\"},\"inLanguage\":\"sk-SK\",\"potentialAction\":[{\"@type\":\"ReadAction\",\"target\":[\"https:\/\/www.welovecycling.com\/sk\/2023\/04\/28\/maj-2023-nova-sezona-prinasa-nove-trate-aj-nove-podujatia\/\"]}]},{\"@type\":\"ImageObject\",\"inLanguage\":\"sk-SK\",\"@id\":\"https:\/\/www.welovecycling.com\/sk\/2023\/04\/28\/maj-2023-nova-sezona-prinasa-nove-trate-aj-nove-podujatia\/#primaryimage\",\"url\":\"https:\/\/d2p6e6u75xmxt8.cloudfront.net\/4\/2023\/04\/titulka-4.webp\",\"contentUrl\":\"https:\/\/d2p6e6u75xmxt8.cloudfront.net\/4\/2023\/04\/titulka-4.webp\",\"width\":990,\"height\":660,\"caption\":\"cyklista\"},{\"@type\":\"BreadcrumbList\",\"@id\":\"https:\/\/www.welovecycling.com\/sk\/2023\/04\/28\/maj-2023-nova-sezona-prinasa-nove-trate-aj-nove-podujatia\/#breadcrumb\",\"itemListElement\":[{\"@type\":\"ListItem\",\"position\":1,\"name\":\"Home\",\"item\":\"https:\/\/www.welovecycling.com\/sk\/\"},{\"@type\":\"ListItem\",\"position\":2,\"name\":\"M\u00e1j 2023 \u2013 nov\u00e1 sez\u00f3na prin\u00e1\u0161a nov\u00e9 trate aj nov\u00e9 podujatia\"}]},{\"@type\":\"WebSite\",\"@id\":\"https:\/\/www.welovecycling.com\/sk\/#website\",\"url\":\"https:\/\/www.welovecycling.com\/sk\/\",\"name\":\"\u0160koda We Love Cycling Slovensko\",\"description\":\"\u0160koda We Love Cycling Slovensko je v\u00e1\u0161 ka\u017edodenn\u00fd zdroj noviniek a in\u0161pir\u00e1cie z sveta cyklistiky\",\"potentialAction\":[{\"@type\":\"SearchAction\",\"target\":{\"@type\":\"EntryPoint\",\"urlTemplate\":\"https:\/\/www.welovecycling.com\/sk\/?s={search_term_string}\"},\"query-input\":{\"@type\":\"PropertyValueSpecification\",\"valueRequired\":true,\"valueName\":\"search_term_string\"}}],\"inLanguage\":\"sk-SK\"},{\"@type\":\"Person\",\"@id\":\"https:\/\/www.welovecycling.com\/sk\/#\/schema\/person\/533b62b98b6c41bd5135ebfb1f742624\",\"name\":\"dominika\",\"image\":{\"@type\":\"ImageObject\",\"inLanguage\":\"sk-SK\",\"@id\":\"https:\/\/www.welovecycling.com\/sk\/#\/schema\/person\/image\/\",\"url\":\"https:\/\/secure.gravatar.com\/avatar\/ded6f274ba2ec3e17fff153f7d9d96a4b33c2cb63907f75d9a5309c599a7f3e6?s=96&d=mm&r=g\",\"contentUrl\":\"https:\/\/secure.gravatar.com\/avatar\/ded6f274ba2ec3e17fff153f7d9d96a4b33c2cb63907f75d9a5309c599a7f3e6?s=96&d=mm&r=g\",\"caption\":\"dominika\"},\"url\":\"https:\/\/www.welovecycling.com\/sk\/author\/dominika\/\"}]}<\/script>\n<!-- \/ Yoast SEO Premium plugin. -->","yoast_head_json":{"title":"M\u00e1j 2023 \u2013 nov\u00e1 sez\u00f3na prin\u00e1\u0161a nov\u00e9 trate aj nov\u00e9 podujatia","description":"\u010ci u\u017e ste fan\u00fa\u0161ik cestnej alebo horskej cyklistiky, ur\u010dite si pr\u00eddete na svoje. Pripraven\u00e9 s\u00fa nov\u00e9 miesta aj nov\u00e9 podujatia.","robots":{"index":"index","follow":"follow","max-snippet":"max-snippet:-1","max-image-preview":"max-image-preview:large","max-video-preview":"max-video-preview:-1"},"canonical":"https:\/\/www.welovecycling.com\/sk\/2023\/04\/28\/maj-2023-nova-sezona-prinasa-nove-trate-aj-nove-podujatia\/","og_locale":"sk_SK","og_type":"article","og_title":"M\u00e1j 2023 \u2013 nov\u00e1 sez\u00f3na prin\u00e1\u0161a nov\u00e9 trate aj nov\u00e9 podujatia","og_description":"\u010ci u\u017e ste fan\u00fa\u0161ik cestnej alebo horskej cyklistiky, ur\u010dite si pr\u00eddete na svoje. Pripraven\u00e9 s\u00fa nov\u00e9 miesta aj nov\u00e9 podujatia.","og_url":"https:\/\/www.welovecycling.com\/sk\/2023\/04\/28\/maj-2023-nova-sezona-prinasa-nove-trate-aj-nove-podujatia\/","og_site_name":"\u0160koda We Love Cycling Slovensko","article_published_time":"2023-04-28T08:00:36+00:00","og_image":[{"width":990,"height":660,"url":"https:\/\/d2p6e6u75xmxt8.cloudfront.net\/4\/2023\/04\/titulka-4.webp","type":"image\/webp"}],"author":"dominika","twitter_card":"summary_large_image","twitter_misc":{"Written by":"We Love Cycling","Est. reading time":"3"},"schema":{"@context":"https:\/\/schema.org","@graph":[{"@type":"WebPage","@id":"https:\/\/www.welovecycling.com\/sk\/2023\/04\/28\/maj-2023-nova-sezona-prinasa-nove-trate-aj-nove-podujatia\/","url":"https:\/\/www.welovecycling.com\/sk\/2023\/04\/28\/maj-2023-nova-sezona-prinasa-nove-trate-aj-nove-podujatia\/","name":"M\u00e1j 2023 \u2013 nov\u00e1 sez\u00f3na prin\u00e1\u0161a nov\u00e9 trate aj nov\u00e9 podujatia","isPartOf":{"@id":"https:\/\/www.welovecycling.com\/sk\/#website"},"primaryImageOfPage":{"@id":"https:\/\/www.welovecycling.com\/sk\/2023\/04\/28\/maj-2023-nova-sezona-prinasa-nove-trate-aj-nove-podujatia\/#primaryimage"},"image":{"@id":"https:\/\/www.welovecycling.com\/sk\/2023\/04\/28\/maj-2023-nova-sezona-prinasa-nove-trate-aj-nove-podujatia\/#primaryimage"},"thumbnailUrl":"https:\/\/d2p6e6u75xmxt8.cloudfront.net\/4\/2023\/04\/titulka-4.webp","datePublished":"2023-04-28T08:00:36+00:00","author":{"@id":"https:\/\/www.welovecycling.com\/sk\/#\/schema\/person\/533b62b98b6c41bd5135ebfb1f742624"},"description":"\u010ci u\u017e ste fan\u00fa\u0161ik cestnej alebo horskej cyklistiky, ur\u010dite si pr\u00eddete na svoje. Pripraven\u00e9 s\u00fa nov\u00e9 miesta aj nov\u00e9 podujatia.","breadcrumb":{"@id":"https:\/\/www.welovecycling.com\/sk\/2023\/04\/28\/maj-2023-nova-sezona-prinasa-nove-trate-aj-nove-podujatia\/#breadcrumb"},"inLanguage":"sk-SK","potentialAction":[{"@type":"ReadAction","target":["https:\/\/www.welovecycling.com\/sk\/2023\/04\/28\/maj-2023-nova-sezona-prinasa-nove-trate-aj-nove-podujatia\/"]}]},{"@type":"ImageObject","inLanguage":"sk-SK","@id":"https:\/\/www.welovecycling.com\/sk\/2023\/04\/28\/maj-2023-nova-sezona-prinasa-nove-trate-aj-nove-podujatia\/#primaryimage","url":"https:\/\/d2p6e6u75xmxt8.cloudfront.net\/4\/2023\/04\/titulka-4.webp","contentUrl":"https:\/\/d2p6e6u75xmxt8.cloudfront.net\/4\/2023\/04\/titulka-4.webp","width":990,"height":660,"caption":"cyklista"},{"@type":"BreadcrumbList","@id":"https:\/\/www.welovecycling.com\/sk\/2023\/04\/28\/maj-2023-nova-sezona-prinasa-nove-trate-aj-nove-podujatia\/#breadcrumb","itemListElement":[{"@type":"ListItem","position":1,"name":"Home","item":"https:\/\/www.welovecycling.com\/sk\/"},{"@type":"ListItem","position":2,"name":"M\u00e1j 2023 \u2013 nov\u00e1 sez\u00f3na prin\u00e1\u0161a nov\u00e9 trate aj nov\u00e9 podujatia"}]},{"@type":"WebSite","@id":"https:\/\/www.welovecycling.com\/sk\/#website","url":"https:\/\/www.welovecycling.com\/sk\/","name":"\u0160koda We Love Cycling Slovensko","description":"\u0160koda We Love Cycling Slovensko je v\u00e1\u0161 ka\u017edodenn\u00fd zdroj noviniek a in\u0161pir\u00e1cie z sveta cyklistiky","potentialAction":[{"@type":"SearchAction","target":{"@type":"EntryPoint","urlTemplate":"https:\/\/www.welovecycling.com\/sk\/?s={search_term_string}"},"query-input":{"@type":"PropertyValueSpecification","valueRequired":true,"valueName":"search_term_string"}}],"inLanguage":"sk-SK"},{"@type":"Person","@id":"https:\/\/www.welovecycling.com\/sk\/#\/schema\/person\/533b62b98b6c41bd5135ebfb1f742624","name":"dominika","image":{"@type":"ImageObject","inLanguage":"sk-SK","@id":"https:\/\/www.welovecycling.com\/sk\/#\/schema\/person\/image\/","url":"https:\/\/secure.gravatar.com\/avatar\/ded6f274ba2ec3e17fff153f7d9d96a4b33c2cb63907f75d9a5309c599a7f3e6?s=96&d=mm&r=g","contentUrl":"https:\/\/secure.gravatar.com\/avatar\/ded6f274ba2ec3e17fff153f7d9d96a4b33c2cb63907f75d9a5309c599a7f3e6?s=96&d=mm&r=g","caption":"dominika"},"url":"https:\/\/www.welovecycling.com\/sk\/author\/dominika\/"}]}},"_links":{"self":[{"href":"https:\/\/www.welovecycling.com\/sk\/wp-json\/wp\/v2\/posts\/17255","targetHints":{"allow":["GET"]}}],"collection":[{"href":"https:\/\/www.welovecycling.com\/sk\/wp-json\/wp\/v2\/posts"}],"about":[{"href":"https:\/\/www.welovecycling.com\/sk\/wp-json\/wp\/v2\/types\/post"}],"author":[{"embeddable":true,"href":"https:\/\/www.welovecycling.com\/sk\/wp-json\/wp\/v2\/users\/172"}],"replies":[{"embeddable":true,"href":"https:\/\/www.welovecycling.com\/sk\/wp-json\/wp\/v2\/comments?post=17255"}],"version-history":[{"count":5,"href":"https:\/\/www.welovecycling.com\/sk\/wp-json\/wp\/v2\/posts\/17255\/revisions"}],"predecessor-version":[{"id":17261,"href":"https:\/\/www.welovecycling.com\/sk\/wp-json\/wp\/v2\/posts\/17255\/revisions\/17261"}],"wp:featuredmedia":[{"embeddable":true,"href":"https:\/\/www.welovecycling.com\/sk\/wp-json\/wp\/v2\/media\/17258"}],"wp:attachment":[{"href":"https:\/\/www.welovecycling.com\/sk\/wp-json\/wp\/v2\/media?parent=17255"}],"wp:term":[{"taxonomy":"category","embeddable":true,"href":"https:\/\/www.welovecycling.com\/sk\/wp-json\/wp\/v2\/categories?post=17255"},{"taxonomy":"post_tag","embeddable":true,"href":"https:\/\/www.welovecycling.com\/sk\/wp-json\/wp\/v2\/tags?post=17255"},{"taxonomy":"global-categories","embeddable":true,"href":"https:\/\/www.welovecycling.com\/sk\/wp-json\/wp\/v2\/global-categories?post=17255"}],"curies":[{"name":"wp","href":"https:\/\/api.w.org\/{rel}","templated":true}]}}