{"id":17240,"date":"2023-04-25T13:00:06","date_gmt":"2023-04-25T11:00:06","guid":{"rendered":"https:\/\/www.welovecycling.com\/sk\/?p=17240"},"modified":"2023-04-25T14:40:26","modified_gmt":"2023-04-25T12:40:26","slug":"mtb-maraton-s-deckami-ten-najlepsi-napad","status":"publish","type":"post","link":"https:\/\/www.welovecycling.com\/sk\/2023\/04\/25\/mtb-maraton-s-deckami-ten-najlepsi-napad\/","title":{"rendered":"MTB marat\u00f3n s deckami? Ten najlep\u0161\u00ed n\u00e1pad"},"content":{"rendered":"<p><strong>Chcete, aby si va\u0161e deti zamilovali cyklistick\u00e9 podujatia rovnako ako vy? Zoberte ich preteka\u0165 so sebou a za\u010dnite \u010do najsk\u00f4r!<\/strong><!--more--><\/p>\n<h2><strong>Rodinn\u00e1 cyklistika<\/strong><\/h2>\n<p>Pre mnoh\u00fdch rodi\u010dov, ktor\u00ed sa venuj\u00fa horskej cyklistike na profi \u010di hobby \u00farovni, znamen\u00e1 \u00fa\u010das\u0165 na pretekoch pov\u00e4\u010d\u0161ine v\u00edkendov\u00e9 odl\u00fa\u010denie od zvy\u0161ku rodiny. V na\u0161om \u010dl\u00e1nku si dnes uk\u00e1\u017eeme, \u017ee to nemus\u00ed by\u0165 v\u017edy tak. Existuj\u00fa mo\u017enosti, ako si v\u00edkend vedia u\u017ei\u0165 v\u0161etci spolu. <strong>\u0160portov\u00e9 podujatia s\u00fa skvelou pr\u00edle\u017eitos\u0165ou ako sa zabavi\u0165, \u0161portovo vy\u017ei\u0165 a str\u00e1vi\u0165 \u010das spolu ako rodina.<\/strong><\/p>\n<p><strong>Koniec koncov, rodinn\u00e1 cyklistika m\u00f4\u017ee ma\u0165 r\u00f4zne podoby, a nie je len o tom, \u017ee nau\u010d\u00edte deti bicyklova\u0165.<\/strong> Je to mozaika, ktor\u00e1 sa sklad\u00e1 z mali\u010dk\u00fdch dielikov. Neopakovate\u013en\u00e9 cyklo z\u00e1\u017eitky, nezabudnute\u013en\u00e9 spolo\u010dn\u00e9 dobrodru\u017estv\u00e1, mno\u017estv\u00e1 v\u00fdletov a hod\u00edn spolo\u010dne str\u00e1ven\u00e9ho \u010dasu s mal\u00fdmi ve\u013ek\u00fdmi bikermi.<\/p>\n<p><strong>\u0160KODA BIKE OPEN TOUR sa rozbieha u\u017e tento v\u00edkend a ani tento rok nebude na podujatiach ch\u00fdba\u0165 \u0161peci\u00e1lna kateg\u00f3ria s n\u00e1zvom \u0160KODA FAMILY (rodinn\u00e9 t\u00edmy),<\/strong> kde si atmosf\u00e9ru profesion\u00e1lnych pretekov spolo\u010dne pln\u00fdmi d\u00fa\u0161kami vychutnaj\u00fa aj rodiny s de\u0165mi.<\/p>\n<p><img loading=\"lazy\" decoding=\"async\" class=\"alignnone wp-image-17242 size-full\" src=\"https:\/\/d2p6e6u75xmxt8.cloudfront.net\/4\/2023\/04\/family-7.webp\" alt=\"cyklisti na \u0160koda Bike Open Tour\" width=\"990\" height=\"660\" srcset=\"https:\/\/d2p6e6u75xmxt8.cloudfront.net\/4\/2023\/04\/family-7.webp 990w, https:\/\/d2p6e6u75xmxt8.cloudfront.net\/4\/2023\/04\/family-7-300x200.webp 300w, https:\/\/d2p6e6u75xmxt8.cloudfront.net\/4\/2023\/04\/family-7-768x512.webp 768w, https:\/\/d2p6e6u75xmxt8.cloudfront.net\/4\/2023\/04\/family-7-400x267.webp 400w, https:\/\/d2p6e6u75xmxt8.cloudfront.net\/4\/2023\/04\/family-7-272x182.webp 272w\" sizes=\"auto, (max-width: 990px) 100vw, 990px\" \/><\/p>\n<h2><strong>Ako to funguje?<\/strong><\/h2>\n<p><strong>Kateg\u00f3riu FAMILY tvor\u00ed v\u017edy t\u00edm v zlo\u017een\u00ed rodi\u010d (pr\u00edbuzn\u00fd alebo zn\u00e1my) a die\u0165a, pr\u00edpadne m\u00f4\u017eete ma\u0165 v t\u00edme det\u00ed viacero.<\/strong> Ka\u017ed\u00fd \u010dlen t\u00edmu obdr\u017e\u00ed vlastn\u00e9 \u0161tartov\u00e9 \u010d\u00edslo s menom a \u010dipom. V\u00fdsledn\u00fd \u010das v cieli je \u010das najpomal\u0161ieho \u010dlena t\u00edmu, no v praxi to vyzer\u00e1 preva\u017ene tak, \u017ee cel\u00e9 t\u00edmy prich\u00e1dzaj\u00fa do cie\u013ea spolo\u010dne a vo v\u00fdbornej n\u00e1lade.<\/p>\n<p>T\u00e1to kateg\u00f3ria je suver\u00e9nne ta najmil\u0161ia, ak\u00fa m\u00f4\u017eete na cyklomarat\u00f3noch vidie\u0165 a za\u017ei\u0165. Na \u0161tarte sa to hem\u017e\u00ed t\u00fdmi najmil\u0161\u00edmi nedo\u010dkav\u00fdmi detsk\u00fdmi tv\u00e1ri\u010dkami, ktor\u00e9 s\u00fa pln\u00e9 o\u010d\u00e1k\u00e1van\u00ed, n\u00e1dhern\u00fdmi pestrofarebn\u00fdmi bicyklami, bal\u00f3nikmi a v neposlednom rade aj hrd\u00fdmi rodi\u010dmi. <strong>V mnoh\u00fdch pr\u00edpadoch s\u00fa to pre mal\u00fdch \u0161portov\u00fdch nad\u0161encov ich prv\u00e9 ozajstn\u00e9 preteky, ktor\u00e9 za\u017e\u00edj\u00fa. <\/strong>Bud\u00fa o nich e\u0161te dlho v\u0161etk\u00fdm kamar\u00e1tom a zn\u00e1mym rozpr\u00e1va\u0165 a m\u00f4\u017eete si by\u0165 ist\u00fd, \u017ee si ich bud\u00fa nav\u017edy pam\u00e4ta\u0165.<\/p>\n<p><img loading=\"lazy\" decoding=\"async\" class=\"alignnone wp-image-17243 size-full\" src=\"https:\/\/d2p6e6u75xmxt8.cloudfront.net\/4\/2023\/04\/family-4.webp\" alt=\"mama pretek\u00e1 s die\u0165a\u0165om v cyklovoz\u00edku\" width=\"990\" height=\"660\" srcset=\"https:\/\/d2p6e6u75xmxt8.cloudfront.net\/4\/2023\/04\/family-4.webp 990w, https:\/\/d2p6e6u75xmxt8.cloudfront.net\/4\/2023\/04\/family-4-300x200.webp 300w, https:\/\/d2p6e6u75xmxt8.cloudfront.net\/4\/2023\/04\/family-4-768x512.webp 768w, https:\/\/d2p6e6u75xmxt8.cloudfront.net\/4\/2023\/04\/family-4-400x267.webp 400w, https:\/\/d2p6e6u75xmxt8.cloudfront.net\/4\/2023\/04\/family-4-272x182.webp 272w\" sizes=\"auto, (max-width: 990px) 100vw, 990px\" \/><\/p>\n<p>Ak si pr\u00e1ve kladiete ot\u00e1zku, ako vyrie\u0161i\u0165 situ\u00e1ciu, ke\u010f va\u0161e die\u0165a e\u0161te nie je schopn\u00e9 samostatn\u00e9ho bicyklovania, a predsa by ste sa chceli z\u00fa\u010dastni\u0165, m\u00e1me pre v\u00e1s dobr\u00fa spr\u00e1vu. <strong>Organiz\u00e1tori mysleli aj na t\u00fato situ\u00e1ciu a FAMILY trate pripravili tak, aby ste ich zvl\u00e1dli spolo\u010dne v tandeme s die\u0165a\u0165om s pomocou cykloseda\u010dky alebo cyklovoz\u00edka. <\/strong>Z t\u00fdch bud\u00fa t\u00ed najmen\u0161\u00ed \u0161portovci hlasno povzbudzova\u0165 s t\u00fdm najv\u00e4\u010d\u0161\u00edm odhodlan\u00edm nielen v\u00e1s, ale aj v\u0161etk\u00fdch s\u00fa\u0165a\u017eiacich naokolo.<\/p>\n<p>V pr\u00edpade, \u017ee m\u00e1te doma za\u010d\u00ednaj\u00facich cyklistov, ale nie ste si ist\u00ed, \u017ee cel\u00fa tra\u0165 zvl\u00e1dnu sami, nehanbite sa deck\u00e1m pom\u00f4c\u0165, aby ste im \u0161portov\u00fd z\u00e1\u017eitok \u010do najviac spr\u00edjemnili. <strong>Pripravte si lano na potiahnutie a nebojte sa ho pou\u017ei\u0165 kedyko\u013evek po\u010das pretekov.<\/strong> Ak to nep\u00f4jde, z\u00eddite z bicyklov a tro\u0161ku potla\u010dte, spravte si fotky do rodinn\u00e9ho albumu, rozpr\u00e1vajte sa a usmievajte :).<\/p>\n<p><img loading=\"lazy\" decoding=\"async\" class=\"alignnone wp-image-17249 size-full\" src=\"https:\/\/d2p6e6u75xmxt8.cloudfront.net\/4\/2023\/04\/family-6.webp\" alt=\"nafukovacie \u0160KODA auto a deti\" width=\"990\" height=\"660\" srcset=\"https:\/\/d2p6e6u75xmxt8.cloudfront.net\/4\/2023\/04\/family-6.webp 990w, https:\/\/d2p6e6u75xmxt8.cloudfront.net\/4\/2023\/04\/family-6-300x200.webp 300w, https:\/\/d2p6e6u75xmxt8.cloudfront.net\/4\/2023\/04\/family-6-768x512.webp 768w, https:\/\/d2p6e6u75xmxt8.cloudfront.net\/4\/2023\/04\/family-6-400x267.webp 400w, https:\/\/d2p6e6u75xmxt8.cloudfront.net\/4\/2023\/04\/family-6-272x182.webp 272w\" sizes=\"auto, (max-width: 990px) 100vw, 990px\" \/><\/p>\n<p><strong>Po\u010das pretekov nezabudnite deck\u00e1m pravidelne dop\u013a\u0148a\u0165 tekutiny a energiu, majte pripraven\u00e9 ob\u013e\u00faben\u00e9 ovocie, \u010di sladkosti. <\/strong>Ur\u010dite sa zastavte na ka\u017edej ob\u010derstvovacej stanici. Bud\u00fa tam na v\u00e1s \u010daka\u0165 \u00fastretov\u00ed dobrovo\u013en\u00edci, pripraven\u00ed pom\u00f4c\u0165 s akouko\u013evek po\u017eiadavkou a skvel\u00fd catering.<\/p>\n<p>Povzbudzujte nielen svoj t\u00edm, ale aj svojich s\u00faperov, uk\u00e1\u017ete im re\u0161pekt a ak to bude potrebn\u00e9, podajte im pomocn\u00fa ruku. <strong>U\u017e\u00edvajte si a predov\u0161etk\u00fdm relaxujte!<\/strong> \u00da\u010das\u0165 na cyklomarat\u00f3ne by mal by\u0165 pr\u00edjemn\u00fd z\u00e1\u017eitok pre ka\u017ed\u00e9ho. A majte na pam\u00e4ti, \u017ee vo svojich de\u0165och aj takto pestujete celo\u017eivotn\u00fa l\u00e1sku k cyklistike.<\/p>\n<p><img loading=\"lazy\" decoding=\"async\" class=\"alignnone wp-image-17244 size-full\" src=\"https:\/\/d2p6e6u75xmxt8.cloudfront.net\/4\/2023\/04\/family-8.webp\" alt=\"mal\u00fd pretek\u00e1r\" width=\"990\" height=\"660\" srcset=\"https:\/\/d2p6e6u75xmxt8.cloudfront.net\/4\/2023\/04\/family-8.webp 990w, https:\/\/d2p6e6u75xmxt8.cloudfront.net\/4\/2023\/04\/family-8-300x200.webp 300w, https:\/\/d2p6e6u75xmxt8.cloudfront.net\/4\/2023\/04\/family-8-768x512.webp 768w, https:\/\/d2p6e6u75xmxt8.cloudfront.net\/4\/2023\/04\/family-8-400x267.webp 400w, https:\/\/d2p6e6u75xmxt8.cloudfront.net\/4\/2023\/04\/family-8-272x182.webp 272w\" sizes=\"auto, (max-width: 990px) 100vw, 990px\" \/><\/p>\n<h2><strong>Pre\u010do zobra\u0165 deti na \u0161portov\u00e9 podujatia?<\/strong><\/h2>\n<p>\u0160portov\u00e9 podujatia s\u00fa jedna ve\u013ek\u00e1 \u201ep\u00e1rty\u201d, kde sa to cel\u00e9 to\u010d\u00ed okolo z\u00e1bavy &#8211; \u0161portovej, spolo\u010denskej, \u010di rodinnej. <strong>Panuje tu jedine\u010dn\u00e1 atmosf\u00e9ra, ktor\u00fa pravdepodobne neza\u017eijete nikde inde.<\/strong> Pln\u00fdmi d\u00fa\u0161kami si u\u017eijete nielen preteky, ale aj kr\u00e1sne prostredie, bohat\u00fd sprievodn\u00fd program, koncerty, detsk\u00fa fun z\u00f3nu, \u010di stretnutia s kamo\u0161mi a zn\u00e1mymi.<\/p>\n<div id='gallery-1' class='gallery galleryid-17240 gallery-columns-2 gallery-size-full'><figure class='gallery-item'>\n\t\t\t<div class='gallery-icon landscape'>\n\t\t\t\t<img loading=\"lazy\" decoding=\"async\" width=\"990\" height=\"916\" src=\"https:\/\/d2p6e6u75xmxt8.cloudfront.net\/4\/2023\/04\/mtb-s-detmi-02.webp\" class=\"attachment-full size-full\" alt=\"cyklorodinka\" srcset=\"https:\/\/d2p6e6u75xmxt8.cloudfront.net\/4\/2023\/04\/mtb-s-detmi-02.webp 990w, https:\/\/d2p6e6u75xmxt8.cloudfront.net\/4\/2023\/04\/mtb-s-detmi-02-300x278.webp 300w, https:\/\/d2p6e6u75xmxt8.cloudfront.net\/4\/2023\/04\/mtb-s-detmi-02-768x711.webp 768w, https:\/\/d2p6e6u75xmxt8.cloudfront.net\/4\/2023\/04\/mtb-s-detmi-02-400x370.webp 400w\" sizes=\"auto, (max-width: 990px) 100vw, 990px\" \/>\n\t\t\t<\/div><\/figure><figure class='gallery-item'>\n\t\t\t<div class='gallery-icon landscape'>\n\t\t\t\t<img loading=\"lazy\" decoding=\"async\" width=\"990\" height=\"916\" src=\"https:\/\/d2p6e6u75xmxt8.cloudfront.net\/4\/2023\/04\/family-3.webp\" class=\"attachment-full size-full\" alt=\"rodinn\u00fd cyklo v\u00fdlet\" srcset=\"https:\/\/d2p6e6u75xmxt8.cloudfront.net\/4\/2023\/04\/family-3.webp 990w, https:\/\/d2p6e6u75xmxt8.cloudfront.net\/4\/2023\/04\/family-3-300x278.webp 300w, https:\/\/d2p6e6u75xmxt8.cloudfront.net\/4\/2023\/04\/family-3-768x711.webp 768w, https:\/\/d2p6e6u75xmxt8.cloudfront.net\/4\/2023\/04\/family-3-400x370.webp 400w\" sizes=\"auto, (max-width: 990px) 100vw, 990px\" \/>\n\t\t\t<\/div><\/figure>\n\t\t<\/div>\n\n<p>V\u00f4bec sa so sebou na podujatia \u0160KODA BIKE OPEN TOUR nebojte zobra\u0165 aj tie najmen\u0161ie deti\u010dky. Akt\u00edvne ich zapojte do s\u00fa\u0165a\u017eenia, ak to situ\u00e1cia umo\u017e\u0148uje. Na spolo\u010dn\u00e9 z\u00e1\u017eitky, ktor\u00e9 si odtia\u013e odnesiete, budete spolu s deckami s l\u00e1skou a rados\u0165ou spom\u00edna\u0165. <strong>Na pretekoch sa zabavia, nau\u010dia sa re\u0161pektova\u0165 nielen seba, ale aj ostatn\u00fdch \u0161portovcov a organiz\u00e1torov. <\/strong>Zistia, \u010do je to vytrvalos\u0165, ako aj to, \u017ee \u00faspech a v\u00ed\u0165azstvo neprich\u00e1dza zo d\u0148a na de\u0148, a hrd\u00ed na dosiahnut\u00e9 \u201emal\u00e9 ve\u013ek\u00e9\u201d \u00faspechy budete spolu.<\/p>\n","protected":false},"excerpt":{"rendered":"<p>Chcete, aby si va\u0161e deti zamilovali cyklistick\u00e9 podujatia rovnako ako vy? Zoberte ich preteka\u0165 so sebou a za\u010dnite \u010do najsk\u00f4r!<\/p>\n","protected":false},"author":172,"featured_media":17241,"comment_status":"open","ping_status":"open","sticky":false,"template":"","format":"standard","meta":{"footnotes":""},"categories":[191],"tags":[115,507,53,1386,178,179,509,474,35,741],"global-categories":[1074],"class_list":["post-17240","post","type-post","status-publish","format-standard","has-post-thumbnail","hentry","category-odporucame","tag-cestna-cyklistika","tag-cyklorodinka","tag-deti","tag-deti-na-bicykli","tag-maraton","tag-preteky","tag-rodina","tag-rodinny-maraton","tag-sbot","tag-tip-na-vylet","global-categories-cycling"],"yoast_head":"<!-- This site is optimized with the Yoast SEO Premium plugin v25.3 (Yoast SEO v25.9) - https:\/\/yoast.com\/wordpress\/plugins\/seo\/ -->\n<title>MTB marat\u00f3n s deckami? Ten najlep\u0161\u00ed n\u00e1pad<\/title>\n<meta name=\"description\" content=\"Chcete, aby si va\u0161e deti zamilovali cyklistick\u00e9 podujatia rovnako ako vy? Zoberte ich preteka\u0165 so sebou a za\u010dnite \u010do najsk\u00f4r!\" \/>\n<meta name=\"robots\" content=\"index, follow, max-snippet:-1, max-image-preview:large, max-video-preview:-1\" \/>\n<link rel=\"canonical\" href=\"https:\/\/www.welovecycling.com\/sk\/2023\/04\/25\/mtb-maraton-s-deckami-ten-najlepsi-napad\/\" \/>\n<meta property=\"og:locale\" content=\"sk_SK\" \/>\n<meta property=\"og:type\" content=\"article\" \/>\n<meta property=\"og:title\" content=\"MTB marat\u00f3n s deckami? Ten najlep\u0161\u00ed n\u00e1pad\" \/>\n<meta property=\"og:description\" content=\"Chcete, aby si va\u0161e deti zamilovali cyklistick\u00e9 podujatia rovnako ako vy? Zoberte ich preteka\u0165 so sebou a za\u010dnite \u010do najsk\u00f4r!\" \/>\n<meta property=\"og:url\" content=\"https:\/\/www.welovecycling.com\/sk\/2023\/04\/25\/mtb-maraton-s-deckami-ten-najlepsi-napad\/\" \/>\n<meta property=\"og:site_name\" content=\"\u0160koda We Love Cycling Slovensko\" \/>\n<meta property=\"article:published_time\" content=\"2023-04-25T11:00:06+00:00\" \/>\n<meta property=\"article:modified_time\" content=\"2023-04-25T12:40:26+00:00\" \/>\n<meta property=\"og:image\" content=\"https:\/\/d2p6e6u75xmxt8.cloudfront.net\/4\/2023\/04\/family-5.webp\" \/>\n\t<meta property=\"og:image:width\" content=\"990\" \/>\n\t<meta property=\"og:image:height\" content=\"660\" \/>\n\t<meta property=\"og:image:type\" content=\"image\/webp\" \/>\n<meta name=\"author\" content=\"dominika\" \/>\n<meta name=\"twitter:card\" content=\"summary_large_image\" \/>\n<meta name=\"twitter:label1\" content=\"Written by\" \/>\n\t<meta name=\"twitter:data1\" content=\"Katar\u00edna Vasil\u010din Gre\u0161ov\u00e1\" \/>\n\t<meta name=\"twitter:label2\" content=\"Est. reading time\" \/>\n\t<meta name=\"twitter:data2\" content=\"3\" \/>\n<script type=\"application\/ld+json\" class=\"yoast-schema-graph\">{\"@context\":\"https:\/\/schema.org\",\"@graph\":[{\"@type\":\"WebPage\",\"@id\":\"https:\/\/www.welovecycling.com\/sk\/2023\/04\/25\/mtb-maraton-s-deckami-ten-najlepsi-napad\/\",\"url\":\"https:\/\/www.welovecycling.com\/sk\/2023\/04\/25\/mtb-maraton-s-deckami-ten-najlepsi-napad\/\",\"name\":\"MTB marat\u00f3n s deckami? Ten najlep\u0161\u00ed n\u00e1pad\",\"isPartOf\":{\"@id\":\"https:\/\/www.welovecycling.com\/sk\/#website\"},\"primaryImageOfPage\":{\"@id\":\"https:\/\/www.welovecycling.com\/sk\/2023\/04\/25\/mtb-maraton-s-deckami-ten-najlepsi-napad\/#primaryimage\"},\"image\":{\"@id\":\"https:\/\/www.welovecycling.com\/sk\/2023\/04\/25\/mtb-maraton-s-deckami-ten-najlepsi-napad\/#primaryimage\"},\"thumbnailUrl\":\"https:\/\/d2p6e6u75xmxt8.cloudfront.net\/4\/2023\/04\/family-5.webp\",\"datePublished\":\"2023-04-25T11:00:06+00:00\",\"dateModified\":\"2023-04-25T12:40:26+00:00\",\"author\":{\"@id\":\"https:\/\/www.welovecycling.com\/sk\/#\/schema\/person\/533b62b98b6c41bd5135ebfb1f742624\"},\"description\":\"Chcete, aby si va\u0161e deti zamilovali cyklistick\u00e9 podujatia rovnako ako vy? Zoberte ich preteka\u0165 so sebou a za\u010dnite \u010do najsk\u00f4r!\",\"breadcrumb\":{\"@id\":\"https:\/\/www.welovecycling.com\/sk\/2023\/04\/25\/mtb-maraton-s-deckami-ten-najlepsi-napad\/#breadcrumb\"},\"inLanguage\":\"sk-SK\",\"potentialAction\":[{\"@type\":\"ReadAction\",\"target\":[\"https:\/\/www.welovecycling.com\/sk\/2023\/04\/25\/mtb-maraton-s-deckami-ten-najlepsi-napad\/\"]}]},{\"@type\":\"ImageObject\",\"inLanguage\":\"sk-SK\",\"@id\":\"https:\/\/www.welovecycling.com\/sk\/2023\/04\/25\/mtb-maraton-s-deckami-ten-najlepsi-napad\/#primaryimage\",\"url\":\"https:\/\/d2p6e6u75xmxt8.cloudfront.net\/4\/2023\/04\/family-5.webp\",\"contentUrl\":\"https:\/\/d2p6e6u75xmxt8.cloudfront.net\/4\/2023\/04\/family-5.webp\",\"width\":990,\"height\":660,\"caption\":\"MTB maraton\"},{\"@type\":\"BreadcrumbList\",\"@id\":\"https:\/\/www.welovecycling.com\/sk\/2023\/04\/25\/mtb-maraton-s-deckami-ten-najlepsi-napad\/#breadcrumb\",\"itemListElement\":[{\"@type\":\"ListItem\",\"position\":1,\"name\":\"Home\",\"item\":\"https:\/\/www.welovecycling.com\/sk\/\"},{\"@type\":\"ListItem\",\"position\":2,\"name\":\"MTB marat\u00f3n s deckami? Ten najlep\u0161\u00ed n\u00e1pad\"}]},{\"@type\":\"WebSite\",\"@id\":\"https:\/\/www.welovecycling.com\/sk\/#website\",\"url\":\"https:\/\/www.welovecycling.com\/sk\/\",\"name\":\"\u0160koda We Love Cycling Slovensko\",\"description\":\"\u0160koda We Love Cycling Slovensko je v\u00e1\u0161 ka\u017edodenn\u00fd zdroj noviniek a in\u0161pir\u00e1cie z sveta cyklistiky\",\"potentialAction\":[{\"@type\":\"SearchAction\",\"target\":{\"@type\":\"EntryPoint\",\"urlTemplate\":\"https:\/\/www.welovecycling.com\/sk\/?s={search_term_string}\"},\"query-input\":{\"@type\":\"PropertyValueSpecification\",\"valueRequired\":true,\"valueName\":\"search_term_string\"}}],\"inLanguage\":\"sk-SK\"},{\"@type\":\"Person\",\"@id\":\"https:\/\/www.welovecycling.com\/sk\/#\/schema\/person\/533b62b98b6c41bd5135ebfb1f742624\",\"name\":\"dominika\",\"image\":{\"@type\":\"ImageObject\",\"inLanguage\":\"sk-SK\",\"@id\":\"https:\/\/www.welovecycling.com\/sk\/#\/schema\/person\/image\/\",\"url\":\"https:\/\/secure.gravatar.com\/avatar\/ded6f274ba2ec3e17fff153f7d9d96a4b33c2cb63907f75d9a5309c599a7f3e6?s=96&d=mm&r=g\",\"contentUrl\":\"https:\/\/secure.gravatar.com\/avatar\/ded6f274ba2ec3e17fff153f7d9d96a4b33c2cb63907f75d9a5309c599a7f3e6?s=96&d=mm&r=g\",\"caption\":\"dominika\"},\"url\":\"https:\/\/www.welovecycling.com\/sk\/author\/dominika\/\"}]}<\/script>\n<!-- \/ Yoast SEO Premium plugin. -->","yoast_head_json":{"title":"MTB marat\u00f3n s deckami? Ten najlep\u0161\u00ed n\u00e1pad","description":"Chcete, aby si va\u0161e deti zamilovali cyklistick\u00e9 podujatia rovnako ako vy? Zoberte ich preteka\u0165 so sebou a za\u010dnite \u010do najsk\u00f4r!","robots":{"index":"index","follow":"follow","max-snippet":"max-snippet:-1","max-image-preview":"max-image-preview:large","max-video-preview":"max-video-preview:-1"},"canonical":"https:\/\/www.welovecycling.com\/sk\/2023\/04\/25\/mtb-maraton-s-deckami-ten-najlepsi-napad\/","og_locale":"sk_SK","og_type":"article","og_title":"MTB marat\u00f3n s deckami? Ten najlep\u0161\u00ed n\u00e1pad","og_description":"Chcete, aby si va\u0161e deti zamilovali cyklistick\u00e9 podujatia rovnako ako vy? Zoberte ich preteka\u0165 so sebou a za\u010dnite \u010do najsk\u00f4r!","og_url":"https:\/\/www.welovecycling.com\/sk\/2023\/04\/25\/mtb-maraton-s-deckami-ten-najlepsi-napad\/","og_site_name":"\u0160koda We Love Cycling Slovensko","article_published_time":"2023-04-25T11:00:06+00:00","article_modified_time":"2023-04-25T12:40:26+00:00","og_image":[{"width":990,"height":660,"url":"https:\/\/d2p6e6u75xmxt8.cloudfront.net\/4\/2023\/04\/family-5.webp","type":"image\/webp"}],"author":"dominika","twitter_card":"summary_large_image","twitter_misc":{"Written by":"Katar\u00edna Vasil\u010din Gre\u0161ov\u00e1","Est. reading time":"3"},"schema":{"@context":"https:\/\/schema.org","@graph":[{"@type":"WebPage","@id":"https:\/\/www.welovecycling.com\/sk\/2023\/04\/25\/mtb-maraton-s-deckami-ten-najlepsi-napad\/","url":"https:\/\/www.welovecycling.com\/sk\/2023\/04\/25\/mtb-maraton-s-deckami-ten-najlepsi-napad\/","name":"MTB marat\u00f3n s deckami? Ten najlep\u0161\u00ed n\u00e1pad","isPartOf":{"@id":"https:\/\/www.welovecycling.com\/sk\/#website"},"primaryImageOfPage":{"@id":"https:\/\/www.welovecycling.com\/sk\/2023\/04\/25\/mtb-maraton-s-deckami-ten-najlepsi-napad\/#primaryimage"},"image":{"@id":"https:\/\/www.welovecycling.com\/sk\/2023\/04\/25\/mtb-maraton-s-deckami-ten-najlepsi-napad\/#primaryimage"},"thumbnailUrl":"https:\/\/d2p6e6u75xmxt8.cloudfront.net\/4\/2023\/04\/family-5.webp","datePublished":"2023-04-25T11:00:06+00:00","dateModified":"2023-04-25T12:40:26+00:00","author":{"@id":"https:\/\/www.welovecycling.com\/sk\/#\/schema\/person\/533b62b98b6c41bd5135ebfb1f742624"},"description":"Chcete, aby si va\u0161e deti zamilovali cyklistick\u00e9 podujatia rovnako ako vy? Zoberte ich preteka\u0165 so sebou a za\u010dnite \u010do najsk\u00f4r!","breadcrumb":{"@id":"https:\/\/www.welovecycling.com\/sk\/2023\/04\/25\/mtb-maraton-s-deckami-ten-najlepsi-napad\/#breadcrumb"},"inLanguage":"sk-SK","potentialAction":[{"@type":"ReadAction","target":["https:\/\/www.welovecycling.com\/sk\/2023\/04\/25\/mtb-maraton-s-deckami-ten-najlepsi-napad\/"]}]},{"@type":"ImageObject","inLanguage":"sk-SK","@id":"https:\/\/www.welovecycling.com\/sk\/2023\/04\/25\/mtb-maraton-s-deckami-ten-najlepsi-napad\/#primaryimage","url":"https:\/\/d2p6e6u75xmxt8.cloudfront.net\/4\/2023\/04\/family-5.webp","contentUrl":"https:\/\/d2p6e6u75xmxt8.cloudfront.net\/4\/2023\/04\/family-5.webp","width":990,"height":660,"caption":"MTB maraton"},{"@type":"BreadcrumbList","@id":"https:\/\/www.welovecycling.com\/sk\/2023\/04\/25\/mtb-maraton-s-deckami-ten-najlepsi-napad\/#breadcrumb","itemListElement":[{"@type":"ListItem","position":1,"name":"Home","item":"https:\/\/www.welovecycling.com\/sk\/"},{"@type":"ListItem","position":2,"name":"MTB marat\u00f3n s deckami? Ten najlep\u0161\u00ed n\u00e1pad"}]},{"@type":"WebSite","@id":"https:\/\/www.welovecycling.com\/sk\/#website","url":"https:\/\/www.welovecycling.com\/sk\/","name":"\u0160koda We Love Cycling Slovensko","description":"\u0160koda We Love Cycling Slovensko je v\u00e1\u0161 ka\u017edodenn\u00fd zdroj noviniek a in\u0161pir\u00e1cie z sveta cyklistiky","potentialAction":[{"@type":"SearchAction","target":{"@type":"EntryPoint","urlTemplate":"https:\/\/www.welovecycling.com\/sk\/?s={search_term_string}"},"query-input":{"@type":"PropertyValueSpecification","valueRequired":true,"valueName":"search_term_string"}}],"inLanguage":"sk-SK"},{"@type":"Person","@id":"https:\/\/www.welovecycling.com\/sk\/#\/schema\/person\/533b62b98b6c41bd5135ebfb1f742624","name":"dominika","image":{"@type":"ImageObject","inLanguage":"sk-SK","@id":"https:\/\/www.welovecycling.com\/sk\/#\/schema\/person\/image\/","url":"https:\/\/secure.gravatar.com\/avatar\/ded6f274ba2ec3e17fff153f7d9d96a4b33c2cb63907f75d9a5309c599a7f3e6?s=96&d=mm&r=g","contentUrl":"https:\/\/secure.gravatar.com\/avatar\/ded6f274ba2ec3e17fff153f7d9d96a4b33c2cb63907f75d9a5309c599a7f3e6?s=96&d=mm&r=g","caption":"dominika"},"url":"https:\/\/www.welovecycling.com\/sk\/author\/dominika\/"}]}},"_links":{"self":[{"href":"https:\/\/www.welovecycling.com\/sk\/wp-json\/wp\/v2\/posts\/17240","targetHints":{"allow":["GET"]}}],"collection":[{"href":"https:\/\/www.welovecycling.com\/sk\/wp-json\/wp\/v2\/posts"}],"about":[{"href":"https:\/\/www.welovecycling.com\/sk\/wp-json\/wp\/v2\/types\/post"}],"author":[{"embeddable":true,"href":"https:\/\/www.welovecycling.com\/sk\/wp-json\/wp\/v2\/users\/172"}],"replies":[{"embeddable":true,"href":"https:\/\/www.welovecycling.com\/sk\/wp-json\/wp\/v2\/comments?post=17240"}],"version-history":[{"count":7,"href":"https:\/\/www.welovecycling.com\/sk\/wp-json\/wp\/v2\/posts\/17240\/revisions"}],"predecessor-version":[{"id":17254,"href":"https:\/\/www.welovecycling.com\/sk\/wp-json\/wp\/v2\/posts\/17240\/revisions\/17254"}],"wp:featuredmedia":[{"embeddable":true,"href":"https:\/\/www.welovecycling.com\/sk\/wp-json\/wp\/v2\/media\/17241"}],"wp:attachment":[{"href":"https:\/\/www.welovecycling.com\/sk\/wp-json\/wp\/v2\/media?parent=17240"}],"wp:term":[{"taxonomy":"category","embeddable":true,"href":"https:\/\/www.welovecycling.com\/sk\/wp-json\/wp\/v2\/categories?post=17240"},{"taxonomy":"post_tag","embeddable":true,"href":"https:\/\/www.welovecycling.com\/sk\/wp-json\/wp\/v2\/tags?post=17240"},{"taxonomy":"global-categories","embeddable":true,"href":"https:\/\/www.welovecycling.com\/sk\/wp-json\/wp\/v2\/global-categories?post=17240"}],"curies":[{"name":"wp","href":"https:\/\/api.w.org\/{rel}","templated":true}]}}