{"id":1721,"date":"2017-07-22T12:00:50","date_gmt":"2017-07-22T10:00:50","guid":{"rendered":"https:\/\/www.welovecycling.com\/sk\/?p=1721"},"modified":"2017-12-18T13:11:22","modified_gmt":"2017-12-18T12:11:22","slug":"pohar-vitaza-tohtorocnej-tour-de-france","status":"publish","type":"post","link":"https:\/\/www.welovecycling.com\/sk\/2017\/07\/22\/pohar-vitaza-tohtorocnej-tour-de-france\/","title":{"rendered":"Poh\u00e1r pre v\u00ed\u0165aza tohtoro\u010dnej Tour de France"},"content":{"rendered":"<p><strong>U\u017e zajtra odovzdaj\u00fa na Champs-\u00c9lys\u00e9es trofej, po ktorej zaru\u010dene \u201et\u00fa\u017ei\u201c ka\u017ed\u00fd profesion\u00e1lny cyklista. Pozrite sa spolu s nami na nov\u00fd dizajn trofeje, ktor\u00fa bude v ruk\u00e1ch dr\u017ea\u0165 v\u00ed\u0165az tohtoro\u010dn\u00e9ho Tour de France. <\/strong><span id=\"more-140801\"><\/span><\/p>\n<p><!--more--><\/p>\n<lite-youtube videoid=A979vhv4E-E params=\"enablejsapi=1\" style=\"background-image: url('https:\/\/i.ytimg.com\/vi_webp\/A979vhv4E-E\/maxresdefault.webp');\"><\/lite-youtube>\n<p>T\u00e1to sklenen\u00e1 trofej je skuto\u010dne n\u00e1dhern\u00e1 a Le Tour by bez nej ur\u010dite nebola kompletn\u00e1. V s\u00fa\u010dasnej podobe rob\u00ed jej v\u00ed\u0165azom spolo\u010dnos\u0165 na par\u00ed\u017eskom p\u00f3diu od roku 2011, kedy nahradila predch\u00e1dzaj\u00face verzie. Svojou eleganciou si v\u00e1s z\u00edska na prv\u00fd poh\u013ead, tak\u017ee ne\u010dudo, \u017ee sa tento ikonick\u00fd dizajn nezmenil u\u017e 7 rokov.<\/p>\n<div id='gallery-1' class='gallery galleryid-1721 gallery-columns-2 gallery-size-full'><figure class='gallery-item'>\n\t\t\t<div class='gallery-icon portrait'>\n\t\t\t\t<a href='https:\/\/d2p6e6u75xmxt8.cloudfront.net\/4\/2017\/07\/2017_Lasvit-for-Tour-de-France_Glassworks-4-684x1024.webp'><img loading=\"lazy\" decoding=\"async\" width=\"684\" height=\"1024\" src=\"https:\/\/d2p6e6u75xmxt8.cloudfront.net\/4\/2017\/07\/2017_Lasvit-for-Tour-de-France_Glassworks-4-684x1024.webp\" class=\"attachment-full size-full\" alt=\"\" srcset=\"https:\/\/d2p6e6u75xmxt8.cloudfront.net\/4\/2017\/07\/2017_Lasvit-for-Tour-de-France_Glassworks-4-684x1024.webp 684w, https:\/\/d2p6e6u75xmxt8.cloudfront.net\/4\/2017\/07\/2017_Lasvit-for-Tour-de-France_Glassworks-4-684x1024-200x300.webp 200w\" sizes=\"auto, (max-width: 684px) 100vw, 684px\" \/><\/a>\n\t\t\t<\/div><\/figure><figure class='gallery-item'>\n\t\t\t<div class='gallery-icon portrait'>\n\t\t\t\t<a href='https:\/\/d2p6e6u75xmxt8.cloudfront.net\/4\/2017\/07\/2017_Lasvit-for-Tour-de-France_Glassworks-6-684x1024.webp'><img loading=\"lazy\" decoding=\"async\" width=\"684\" height=\"1024\" src=\"https:\/\/d2p6e6u75xmxt8.cloudfront.net\/4\/2017\/07\/2017_Lasvit-for-Tour-de-France_Glassworks-6-684x1024.webp\" class=\"attachment-full size-full\" alt=\"\" srcset=\"https:\/\/d2p6e6u75xmxt8.cloudfront.net\/4\/2017\/07\/2017_Lasvit-for-Tour-de-France_Glassworks-6-684x1024.webp 684w, https:\/\/d2p6e6u75xmxt8.cloudfront.net\/4\/2017\/07\/2017_Lasvit-for-Tour-de-France_Glassworks-6-684x1024-200x300.webp 200w\" sizes=\"auto, (max-width: 684px) 100vw, 684px\" \/><\/a>\n\t\t\t<\/div><\/figure>\n\t\t<\/div>\n\n<p>Nie je tajomstvom, \u017ee \u0160koda je u\u017e 14 rokov partnerom Tour de France a mnoh\u00fdch in\u00fdch cyklistick\u00fdch podujat\u00ed po celom svete.<\/p>\n<p>D\u00f4vodom je skuto\u010dnos\u0165, \u017ee korene spolo\u010dnosti (siahaj\u00face a\u017e do roku 1895) vych\u00e1dzaj\u00fa z d\u00e1vnej \u010deskej \u201emanufakt\u00fary\u201c s n\u00e1zvom Laurin a Klement, ktor\u00e1 sa venovala pr\u00e1ve v\u00fdrobe bicyklov. Netrvalo dlho a u\u017e v roku 1905 vyrobili svoj prv\u00fd automobil. A tak sa zrodila \u0160koda.<\/p>\n<p>S pamiatkou na svoju minulos\u0165 sa rozhodla \u0160koda venova\u0165 v\u00ed\u0165azom skuto\u010dne origin\u00e1lnu a elegantn\u00fa trofej. Minimalistick\u00fa siluetu in\u0161piroval tvar cyklistick\u00fdch pneumat\u00edk a tento dizajn sa ka\u017ed\u00fd rok men\u00ed, pri\u010dom v sebe kombinuje minulos\u0165 a s\u00fa\u010dasnos\u0165.<\/p>\n<p><a href=\"https:\/\/d2p6e6u75xmxt8.cloudfront.net\/4\/2017\/07\/2017_Lasvit-for-Tour-de-France_Glassworks-9.jpg\"><img loading=\"lazy\" decoding=\"async\" class=\"alignnone size-full wp-image-1722\" src=\"https:\/\/d2p6e6u75xmxt8.cloudfront.net\/4\/2017\/07\/2017_Lasvit-for-Tour-de-France_Glassworks-9.jpg\" alt=\"\" width=\"6016\" height=\"4016\" srcset=\"https:\/\/d2p6e6u75xmxt8.cloudfront.net\/4\/2017\/07\/2017_Lasvit-for-Tour-de-France_Glassworks-9.jpg 6016w, https:\/\/d2p6e6u75xmxt8.cloudfront.net\/4\/2017\/07\/2017_Lasvit-for-Tour-de-France_Glassworks-9-300x200.jpg 300w, https:\/\/d2p6e6u75xmxt8.cloudfront.net\/4\/2017\/07\/2017_Lasvit-for-Tour-de-France_Glassworks-9-768x513.jpg 768w, https:\/\/d2p6e6u75xmxt8.cloudfront.net\/4\/2017\/07\/2017_Lasvit-for-Tour-de-France_Glassworks-9-1024x684.jpg 1024w, https:\/\/d2p6e6u75xmxt8.cloudfront.net\/4\/2017\/07\/2017_Lasvit-for-Tour-de-France_Glassworks-9-1920x1282.jpg 1920w, https:\/\/d2p6e6u75xmxt8.cloudfront.net\/4\/2017\/07\/2017_Lasvit-for-Tour-de-France_Glassworks-9-272x182.jpg 272w, https:\/\/d2p6e6u75xmxt8.cloudfront.net\/4\/2017\/07\/2017_Lasvit-for-Tour-de-France_Glassworks-9-1920x1282.jpg 1920w\" sizes=\"auto, (max-width: 6016px) 100vw, 6016px\" \/><\/a><\/p>\n<p>Minulos\u0165 reprezentuje \u010desk\u00fd kry\u0161t\u00e1l a \u010desk\u00fd kubizmus, ktor\u00e9 sa presl\u00e1vili vo svete, \u010do sa v ur\u010ditej forme zakomponovalo aj do s\u00fa\u010dasn\u00e9ho dizajnu \u0160koda. Jasn\u00e9 l\u00ednie a ostro rezan\u00e9 tvary vy\u00fastili v jednu z najcennej\u0161\u00edch trofej\u00ed v \u0161portovom svete.<\/p>\n<div id='gallery-2' class='gallery galleryid-1721 gallery-columns-2 gallery-size-full'><figure class='gallery-item'>\n\t\t\t<div class='gallery-icon portrait'>\n\t\t\t\t<a href='https:\/\/d2p6e6u75xmxt8.cloudfront.net\/4\/2017\/07\/2017_Lasvit-for-Tour-de-France_Glassworks-8-684x1024.webp'><img loading=\"lazy\" decoding=\"async\" width=\"684\" height=\"1024\" src=\"https:\/\/d2p6e6u75xmxt8.cloudfront.net\/4\/2017\/07\/2017_Lasvit-for-Tour-de-France_Glassworks-8-684x1024.webp\" class=\"attachment-full size-full\" alt=\"\" srcset=\"https:\/\/d2p6e6u75xmxt8.cloudfront.net\/4\/2017\/07\/2017_Lasvit-for-Tour-de-France_Glassworks-8-684x1024.webp 684w, https:\/\/d2p6e6u75xmxt8.cloudfront.net\/4\/2017\/07\/2017_Lasvit-for-Tour-de-France_Glassworks-8-684x1024-200x300.webp 200w\" sizes=\"auto, (max-width: 684px) 100vw, 684px\" \/><\/a>\n\t\t\t<\/div><\/figure><figure class='gallery-item'>\n\t\t\t<div class='gallery-icon portrait'>\n\t\t\t\t<a href='https:\/\/d2p6e6u75xmxt8.cloudfront.net\/4\/2017\/07\/2017_Lasvit-for-Tour-de-France-6-1-683x1024.webp'><img loading=\"lazy\" decoding=\"async\" width=\"683\" height=\"1024\" src=\"https:\/\/d2p6e6u75xmxt8.cloudfront.net\/4\/2017\/07\/2017_Lasvit-for-Tour-de-France-6-1-683x1024.webp\" class=\"attachment-full size-full\" alt=\"\" srcset=\"https:\/\/d2p6e6u75xmxt8.cloudfront.net\/4\/2017\/07\/2017_Lasvit-for-Tour-de-France-6-1-683x1024.webp 683w, https:\/\/d2p6e6u75xmxt8.cloudfront.net\/4\/2017\/07\/2017_Lasvit-for-Tour-de-France-6-1-683x1024-200x300.webp 200w\" sizes=\"auto, (max-width: 683px) 100vw, 683px\" \/><\/a>\n\t\t\t<\/div><\/figure>\n\t\t<\/div>\n\n<p>Vo v\u00fdsledku z\u00edska v\u00ed\u0165az nielen t\u00fato kr\u00e1snu cenu (ako jeden z najlep\u0161\u00edch cyklistov s\u00fa\u010dasnosti), ale z\u00e1rove\u0148 aj ve\u013ek\u00fd kus hist\u00f3rie.<\/p>\n<h2><strong>Fakty:<\/strong><\/h2>\n<p><strong>V\u00e1ha:<\/strong> 4 kg &#8211; skoro ako mal\u00e1 koala<\/p>\n<p><strong>V\u00fd\u0161ka:<\/strong> 60 cm &#8211; asi ako 4-mesa\u010dn\u00e9 die\u0165a<\/p>\n<p>Ru\u010dne vyroben\u00e1 v \u010ceskej republike, v sl\u00e1vnej dielni Lasvit.<\/p>\n<p>Dizajn\u00e9ri \u0160koda sa priamo podie\u013eaj\u00fa na fin\u00e1lnom vzh\u013eade \u2013 tento rok je in\u0161pirovan\u00fd dizajnom palubnej dosky historicky prv\u00e9ho elektromobilu zna\u010dky \u2013 \u0160koda VISON E.<\/p>\n<p>\u0160koda je z\u00e1rove\u0148 od roku 2015 aj sponzor zelen\u00e9ho dresu a vytvorila \u0161peci\u00e1lnu verziu trofeje v zelenej farbe pre v\u00ed\u0165aza bodovacej s\u00fa\u0165a\u017ee \u2013 obidve (z roku 2015 a 2016) m\u00e1 doma Peter Sagan.<\/p>\n<p>K dispoz\u00edcii s\u00fa aj \u201ez\u00e1lo\u017en\u00e9\u201c trofeje, keby sa n\u00e1hodou niektor\u00fd po\u0161kodil.<\/p>\n<p>Trofeje steles\u0148uj\u00fa hlavn\u00e9 my\u0161lienky Tour de France \u2013 v\u00e1\u0161e\u0148, zru\u010dnos\u0165, prec\u00edznos\u0165, vytrvalos\u0165 a em\u00f3cie.<\/p>\n","protected":false},"excerpt":{"rendered":"<p>U\u017e zajtra odovzdaj\u00fa na Champs-\u00c9lys\u00e9es trofej, po ktorej zaru\u010dene \u201et\u00fa\u017ei\u201c ka\u017ed\u00fd profesion\u00e1lny cyklista. Pozrite sa spolu s nami na nov\u00fd [&hellip;]<\/p>\n","protected":false},"author":38,"featured_media":1785,"comment_status":"open","ping_status":"open","sticky":false,"template":"","format":"standard","meta":{"footnotes":""},"categories":[117],"tags":[115,185,20,108,186],"global-categories":[],"class_list":["post-1721","post","type-post","status-publish","format-standard","has-post-thumbnail","hentry","category-tour-de-france","tag-cestna-cyklistika","tag-laurin-a-klement","tag-tour-de-france","tag-tour-de-france-2017","tag-trofej"],"yoast_head":"<!-- This site is optimized with the Yoast SEO Premium plugin v25.3 (Yoast SEO v25.9) - https:\/\/yoast.com\/wordpress\/plugins\/seo\/ -->\n<title>Poh\u00e1r pre v\u00ed\u0165aza tohtoro\u010dnej Tour de France - \u0160koda We Love Cycling Slovensko<\/title>\n<meta name=\"robots\" content=\"index, follow, max-snippet:-1, max-image-preview:large, max-video-preview:-1\" \/>\n<link rel=\"canonical\" href=\"https:\/\/www.welovecycling.com\/sk\/2017\/07\/22\/pohar-vitaza-tohtorocnej-tour-de-france\/\" \/>\n<meta property=\"og:locale\" content=\"sk_SK\" \/>\n<meta property=\"og:type\" content=\"article\" \/>\n<meta property=\"og:title\" content=\"Poh\u00e1r pre v\u00ed\u0165aza tohtoro\u010dnej Tour de France\" \/>\n<meta property=\"og:description\" content=\"U\u017e zajtra odovzdaj\u00fa na Champs-\u00c9lys\u00e9es trofej, po ktorej zaru\u010dene \u201et\u00fa\u017ei\u201c ka\u017ed\u00fd profesion\u00e1lny cyklista. Pozrite sa spolu s nami na nov\u00fd [&hellip;]\" \/>\n<meta property=\"og:url\" content=\"https:\/\/www.welovecycling.com\/sk\/2017\/07\/22\/pohar-vitaza-tohtorocnej-tour-de-france\/\" \/>\n<meta property=\"og:site_name\" content=\"\u0160koda We Love Cycling Slovensko\" \/>\n<meta property=\"article:published_time\" content=\"2017-07-22T10:00:50+00:00\" \/>\n<meta property=\"article:modified_time\" content=\"2017-12-18T12:11:22+00:00\" \/>\n<meta property=\"og:image\" content=\"https:\/\/d2p6e6u75xmxt8.cloudfront.net\/4\/2017\/07\/1375x600_trofej.webp\" \/>\n\t<meta property=\"og:image:width\" content=\"1375\" \/>\n\t<meta property=\"og:image:height\" content=\"600\" \/>\n\t<meta property=\"og:image:type\" content=\"image\/webp\" \/>\n<meta name=\"author\" content=\"Ondrej Ga\u0161par\" \/>\n<meta name=\"twitter:card\" content=\"summary_large_image\" \/>\n<meta name=\"twitter:label1\" content=\"Written by\" \/>\n\t<meta name=\"twitter:data1\" content=\"Franti\u0161ka Bla\u017ekov\u00e1\" \/>\n\t<meta name=\"twitter:label2\" content=\"Est. reading time\" \/>\n\t<meta name=\"twitter:data2\" content=\"2 minutes\" \/>\n<script type=\"application\/ld+json\" class=\"yoast-schema-graph\">{\"@context\":\"https:\/\/schema.org\",\"@graph\":[{\"@type\":\"WebPage\",\"@id\":\"https:\/\/www.welovecycling.com\/sk\/2017\/07\/22\/pohar-vitaza-tohtorocnej-tour-de-france\/\",\"url\":\"https:\/\/www.welovecycling.com\/sk\/2017\/07\/22\/pohar-vitaza-tohtorocnej-tour-de-france\/\",\"name\":\"Poh\u00e1r pre v\u00ed\u0165aza tohtoro\u010dnej Tour de France - \u0160koda We Love Cycling Slovensko\",\"isPartOf\":{\"@id\":\"https:\/\/www.welovecycling.com\/sk\/#website\"},\"primaryImageOfPage\":{\"@id\":\"https:\/\/www.welovecycling.com\/sk\/2017\/07\/22\/pohar-vitaza-tohtorocnej-tour-de-france\/#primaryimage\"},\"image\":{\"@id\":\"https:\/\/www.welovecycling.com\/sk\/2017\/07\/22\/pohar-vitaza-tohtorocnej-tour-de-france\/#primaryimage\"},\"thumbnailUrl\":\"https:\/\/d2p6e6u75xmxt8.cloudfront.net\/4\/2017\/07\/1375x600_trofej.webp\",\"datePublished\":\"2017-07-22T10:00:50+00:00\",\"dateModified\":\"2017-12-18T12:11:22+00:00\",\"author\":{\"@id\":\"https:\/\/www.welovecycling.com\/sk\/#\/schema\/person\/8ee09ba39b7e25b1870160aa5b3a89bc\"},\"breadcrumb\":{\"@id\":\"https:\/\/www.welovecycling.com\/sk\/2017\/07\/22\/pohar-vitaza-tohtorocnej-tour-de-france\/#breadcrumb\"},\"inLanguage\":\"sk-SK\",\"potentialAction\":[{\"@type\":\"ReadAction\",\"target\":[\"https:\/\/www.welovecycling.com\/sk\/2017\/07\/22\/pohar-vitaza-tohtorocnej-tour-de-france\/\"]}]},{\"@type\":\"ImageObject\",\"inLanguage\":\"sk-SK\",\"@id\":\"https:\/\/www.welovecycling.com\/sk\/2017\/07\/22\/pohar-vitaza-tohtorocnej-tour-de-france\/#primaryimage\",\"url\":\"https:\/\/d2p6e6u75xmxt8.cloudfront.net\/4\/2017\/07\/1375x600_trofej.webp\",\"contentUrl\":\"https:\/\/d2p6e6u75xmxt8.cloudfront.net\/4\/2017\/07\/1375x600_trofej.webp\",\"width\":1375,\"height\":600},{\"@type\":\"BreadcrumbList\",\"@id\":\"https:\/\/www.welovecycling.com\/sk\/2017\/07\/22\/pohar-vitaza-tohtorocnej-tour-de-france\/#breadcrumb\",\"itemListElement\":[{\"@type\":\"ListItem\",\"position\":1,\"name\":\"Home\",\"item\":\"https:\/\/www.welovecycling.com\/sk\/\"},{\"@type\":\"ListItem\",\"position\":2,\"name\":\"Poh\u00e1r pre v\u00ed\u0165aza tohtoro\u010dnej Tour de France\"}]},{\"@type\":\"WebSite\",\"@id\":\"https:\/\/www.welovecycling.com\/sk\/#website\",\"url\":\"https:\/\/www.welovecycling.com\/sk\/\",\"name\":\"\u0160koda We Love Cycling Slovensko\",\"description\":\"\u0160koda We Love Cycling Slovensko je v\u00e1\u0161 ka\u017edodenn\u00fd zdroj noviniek a in\u0161pir\u00e1cie z sveta cyklistiky\",\"potentialAction\":[{\"@type\":\"SearchAction\",\"target\":{\"@type\":\"EntryPoint\",\"urlTemplate\":\"https:\/\/www.welovecycling.com\/sk\/?s={search_term_string}\"},\"query-input\":{\"@type\":\"PropertyValueSpecification\",\"valueRequired\":true,\"valueName\":\"search_term_string\"}}],\"inLanguage\":\"sk-SK\"},{\"@type\":\"Person\",\"@id\":\"https:\/\/www.welovecycling.com\/sk\/#\/schema\/person\/8ee09ba39b7e25b1870160aa5b3a89bc\",\"name\":\"Ondrej Ga\u0161par\",\"image\":{\"@type\":\"ImageObject\",\"inLanguage\":\"sk-SK\",\"@id\":\"https:\/\/www.welovecycling.com\/sk\/#\/schema\/person\/image\/\",\"url\":\"https:\/\/secure.gravatar.com\/avatar\/6126c9afb87b70da5abbb083ddbb21933da15f18f8ca7cb822aba0fb096a48f6?s=96&d=mm&r=g\",\"contentUrl\":\"https:\/\/secure.gravatar.com\/avatar\/6126c9afb87b70da5abbb083ddbb21933da15f18f8ca7cb822aba0fb096a48f6?s=96&d=mm&r=g\",\"caption\":\"Ondrej Ga\u0161par\"},\"url\":\"https:\/\/www.welovecycling.com\/sk\/author\/ondrejgaspar\/\"}]}<\/script>\n<!-- \/ Yoast SEO Premium plugin. -->","yoast_head_json":{"title":"Poh\u00e1r pre v\u00ed\u0165aza tohtoro\u010dnej Tour de France - \u0160koda We Love Cycling Slovensko","robots":{"index":"index","follow":"follow","max-snippet":"max-snippet:-1","max-image-preview":"max-image-preview:large","max-video-preview":"max-video-preview:-1"},"canonical":"https:\/\/www.welovecycling.com\/sk\/2017\/07\/22\/pohar-vitaza-tohtorocnej-tour-de-france\/","og_locale":"sk_SK","og_type":"article","og_title":"Poh\u00e1r pre v\u00ed\u0165aza tohtoro\u010dnej Tour de France","og_description":"U\u017e zajtra odovzdaj\u00fa na Champs-\u00c9lys\u00e9es trofej, po ktorej zaru\u010dene \u201et\u00fa\u017ei\u201c ka\u017ed\u00fd profesion\u00e1lny cyklista. Pozrite sa spolu s nami na nov\u00fd [&hellip;]","og_url":"https:\/\/www.welovecycling.com\/sk\/2017\/07\/22\/pohar-vitaza-tohtorocnej-tour-de-france\/","og_site_name":"\u0160koda We Love Cycling Slovensko","article_published_time":"2017-07-22T10:00:50+00:00","article_modified_time":"2017-12-18T12:11:22+00:00","og_image":[{"width":1375,"height":600,"url":"https:\/\/d2p6e6u75xmxt8.cloudfront.net\/4\/2017\/07\/1375x600_trofej.webp","type":"image\/webp"}],"author":"Ondrej Ga\u0161par","twitter_card":"summary_large_image","twitter_misc":{"Written by":"Franti\u0161ka Bla\u017ekov\u00e1","Est. reading time":"2 minutes"},"schema":{"@context":"https:\/\/schema.org","@graph":[{"@type":"WebPage","@id":"https:\/\/www.welovecycling.com\/sk\/2017\/07\/22\/pohar-vitaza-tohtorocnej-tour-de-france\/","url":"https:\/\/www.welovecycling.com\/sk\/2017\/07\/22\/pohar-vitaza-tohtorocnej-tour-de-france\/","name":"Poh\u00e1r pre v\u00ed\u0165aza tohtoro\u010dnej Tour de France - \u0160koda We Love Cycling Slovensko","isPartOf":{"@id":"https:\/\/www.welovecycling.com\/sk\/#website"},"primaryImageOfPage":{"@id":"https:\/\/www.welovecycling.com\/sk\/2017\/07\/22\/pohar-vitaza-tohtorocnej-tour-de-france\/#primaryimage"},"image":{"@id":"https:\/\/www.welovecycling.com\/sk\/2017\/07\/22\/pohar-vitaza-tohtorocnej-tour-de-france\/#primaryimage"},"thumbnailUrl":"https:\/\/d2p6e6u75xmxt8.cloudfront.net\/4\/2017\/07\/1375x600_trofej.webp","datePublished":"2017-07-22T10:00:50+00:00","dateModified":"2017-12-18T12:11:22+00:00","author":{"@id":"https:\/\/www.welovecycling.com\/sk\/#\/schema\/person\/8ee09ba39b7e25b1870160aa5b3a89bc"},"breadcrumb":{"@id":"https:\/\/www.welovecycling.com\/sk\/2017\/07\/22\/pohar-vitaza-tohtorocnej-tour-de-france\/#breadcrumb"},"inLanguage":"sk-SK","potentialAction":[{"@type":"ReadAction","target":["https:\/\/www.welovecycling.com\/sk\/2017\/07\/22\/pohar-vitaza-tohtorocnej-tour-de-france\/"]}]},{"@type":"ImageObject","inLanguage":"sk-SK","@id":"https:\/\/www.welovecycling.com\/sk\/2017\/07\/22\/pohar-vitaza-tohtorocnej-tour-de-france\/#primaryimage","url":"https:\/\/d2p6e6u75xmxt8.cloudfront.net\/4\/2017\/07\/1375x600_trofej.webp","contentUrl":"https:\/\/d2p6e6u75xmxt8.cloudfront.net\/4\/2017\/07\/1375x600_trofej.webp","width":1375,"height":600},{"@type":"BreadcrumbList","@id":"https:\/\/www.welovecycling.com\/sk\/2017\/07\/22\/pohar-vitaza-tohtorocnej-tour-de-france\/#breadcrumb","itemListElement":[{"@type":"ListItem","position":1,"name":"Home","item":"https:\/\/www.welovecycling.com\/sk\/"},{"@type":"ListItem","position":2,"name":"Poh\u00e1r pre v\u00ed\u0165aza tohtoro\u010dnej Tour de France"}]},{"@type":"WebSite","@id":"https:\/\/www.welovecycling.com\/sk\/#website","url":"https:\/\/www.welovecycling.com\/sk\/","name":"\u0160koda We Love Cycling Slovensko","description":"\u0160koda We Love Cycling Slovensko je v\u00e1\u0161 ka\u017edodenn\u00fd zdroj noviniek a in\u0161pir\u00e1cie z sveta cyklistiky","potentialAction":[{"@type":"SearchAction","target":{"@type":"EntryPoint","urlTemplate":"https:\/\/www.welovecycling.com\/sk\/?s={search_term_string}"},"query-input":{"@type":"PropertyValueSpecification","valueRequired":true,"valueName":"search_term_string"}}],"inLanguage":"sk-SK"},{"@type":"Person","@id":"https:\/\/www.welovecycling.com\/sk\/#\/schema\/person\/8ee09ba39b7e25b1870160aa5b3a89bc","name":"Ondrej Ga\u0161par","image":{"@type":"ImageObject","inLanguage":"sk-SK","@id":"https:\/\/www.welovecycling.com\/sk\/#\/schema\/person\/image\/","url":"https:\/\/secure.gravatar.com\/avatar\/6126c9afb87b70da5abbb083ddbb21933da15f18f8ca7cb822aba0fb096a48f6?s=96&d=mm&r=g","contentUrl":"https:\/\/secure.gravatar.com\/avatar\/6126c9afb87b70da5abbb083ddbb21933da15f18f8ca7cb822aba0fb096a48f6?s=96&d=mm&r=g","caption":"Ondrej Ga\u0161par"},"url":"https:\/\/www.welovecycling.com\/sk\/author\/ondrejgaspar\/"}]}},"_links":{"self":[{"href":"https:\/\/www.welovecycling.com\/sk\/wp-json\/wp\/v2\/posts\/1721","targetHints":{"allow":["GET"]}}],"collection":[{"href":"https:\/\/www.welovecycling.com\/sk\/wp-json\/wp\/v2\/posts"}],"about":[{"href":"https:\/\/www.welovecycling.com\/sk\/wp-json\/wp\/v2\/types\/post"}],"author":[{"embeddable":true,"href":"https:\/\/www.welovecycling.com\/sk\/wp-json\/wp\/v2\/users\/38"}],"replies":[{"embeddable":true,"href":"https:\/\/www.welovecycling.com\/sk\/wp-json\/wp\/v2\/comments?post=1721"}],"version-history":[{"count":2,"href":"https:\/\/www.welovecycling.com\/sk\/wp-json\/wp\/v2\/posts\/1721\/revisions"}],"predecessor-version":[{"id":1736,"href":"https:\/\/www.welovecycling.com\/sk\/wp-json\/wp\/v2\/posts\/1721\/revisions\/1736"}],"wp:featuredmedia":[{"embeddable":true,"href":"https:\/\/www.welovecycling.com\/sk\/wp-json\/wp\/v2\/media\/1785"}],"wp:attachment":[{"href":"https:\/\/www.welovecycling.com\/sk\/wp-json\/wp\/v2\/media?parent=1721"}],"wp:term":[{"taxonomy":"category","embeddable":true,"href":"https:\/\/www.welovecycling.com\/sk\/wp-json\/wp\/v2\/categories?post=1721"},{"taxonomy":"post_tag","embeddable":true,"href":"https:\/\/www.welovecycling.com\/sk\/wp-json\/wp\/v2\/tags?post=1721"},{"taxonomy":"global-categories","embeddable":true,"href":"https:\/\/www.welovecycling.com\/sk\/wp-json\/wp\/v2\/global-categories?post=1721"}],"curies":[{"name":"wp","href":"https:\/\/api.w.org\/{rel}","templated":true}]}}