{"id":17099,"date":"2023-04-13T10:30:44","date_gmt":"2023-04-13T08:30:44","guid":{"rendered":"https:\/\/www.welovecycling.com\/sk\/?p=17099"},"modified":"2023-05-16T11:56:53","modified_gmt":"2023-05-16T09:56:53","slug":"pozvanka-skoda-mtb-maraton-rajecke-teplice-pokracujeme-v-lucanskej-malej-fatre","status":"publish","type":"post","link":"https:\/\/www.welovecycling.com\/sk\/2023\/04\/13\/pozvanka-skoda-mtb-maraton-rajecke-teplice-pokracujeme-v-lucanskej-malej-fatre\/","title":{"rendered":"Pozv\u00e1nka: \u0160koda MTB Marat\u00f3n Rajeck\u00e9 Teplice &#8211; pokra\u010dujeme  v L\u00fa\u010danskej Malej Fatre"},"content":{"rendered":"<p><strong>Ak je Sv\u00e4t\u00fd Jur pre v\u00e1s \u010faleko alebo naopak nechcete vynecha\u0165 ani jedno kolo s\u00e9rie, je tu 7. ro\u010dn\u00edk marat\u00f3nu v Rajeck\u00fdch Tepliciach. Rozhodne si d\u00e1te dobre do tela a zabav\u00ed sa aj cel\u00e1 rodina. <\/strong><!--more--><\/p>\n<p>\u010eal\u0161ie kolo 10. ro\u010dn\u00edka s\u00e9rie \u0160KODA BIKE OPEN TOUR je na pl\u00e1ne tentokr\u00e1t 20. m\u00e1ja v Rajeckej doline u\u017e v zn\u00e1mom z\u00e1zem\u00ed ne\u010faleko k\u00fapaliska Laura Rajeck\u00e9 Teplice. <strong>Samozrejmos\u0165ou je pestr\u00e1 ponuka trat\u00ed, kde si vyberie naozaj ka\u017ed\u00fd.<\/strong> Pr\u00ed\u010fte si da\u0165 do tela, k\u00fdm va\u0161a rodina si m\u00f4\u017ee odd\u00fdchnu\u0165 v prostred\u00ed malebnej krajiny s bohat\u00fdm sprievodn\u00fdm programom.<\/p>\n<p>Tento rok s\u00fa preteky aj s\u00fa\u010das\u0165ou Slovak E-Bike CUP 2023, a to konkr\u00e9tne v kateg\u00f3rii XCM. Ako motiv\u00e1cia m\u00f4\u017ee posl\u00fa\u017ei\u0165 <a href=\"https:\/\/www.welovecycling.com\/sk\/2022\/05\/26\/reportaz-skoda-mtb-maraton-rajecke-teplice-dokonaly-start-sezony\/\" target=\"_blank\" rel=\"noopener\">poh\u013ead na minul\u00fd ro\u010dn\u00edk<\/a> a my budeme d\u00fafa\u0165, \u017ee aj tento rok n\u00e1m bude pria\u0165 slne\u010dn\u00e9 po\u010dasie.<\/p>\n<div id='gallery-1' class='gallery galleryid-17099 gallery-columns-2 gallery-size-full'><figure class='gallery-item'>\n\t\t\t<div class='gallery-icon landscape'>\n\t\t\t\t<a href='https:\/\/d2p6e6u75xmxt8.cloudfront.net\/4\/2023\/04\/02_RT_WLC_SBOT.webp'><img loading=\"lazy\" decoding=\"async\" width=\"990\" height=\"660\" src=\"https:\/\/d2p6e6u75xmxt8.cloudfront.net\/4\/2023\/04\/02_RT_WLC_SBOT.webp\" class=\"attachment-full size-full\" alt=\"\u0160KODA\" srcset=\"https:\/\/d2p6e6u75xmxt8.cloudfront.net\/4\/2023\/04\/02_RT_WLC_SBOT.webp 990w, https:\/\/d2p6e6u75xmxt8.cloudfront.net\/4\/2023\/04\/02_RT_WLC_SBOT-300x200.webp 300w, https:\/\/d2p6e6u75xmxt8.cloudfront.net\/4\/2023\/04\/02_RT_WLC_SBOT-768x512.webp 768w, https:\/\/d2p6e6u75xmxt8.cloudfront.net\/4\/2023\/04\/02_RT_WLC_SBOT-400x267.webp 400w, https:\/\/d2p6e6u75xmxt8.cloudfront.net\/4\/2023\/04\/02_RT_WLC_SBOT-272x182.webp 272w\" sizes=\"auto, (max-width: 990px) 100vw, 990px\" \/><\/a>\n\t\t\t<\/div><\/figure><figure class='gallery-item'>\n\t\t\t<div class='gallery-icon landscape'>\n\t\t\t\t<a href='https:\/\/d2p6e6u75xmxt8.cloudfront.net\/4\/2023\/04\/03_RT_WLC_SBOT.webp'><img loading=\"lazy\" decoding=\"async\" width=\"990\" height=\"660\" src=\"https:\/\/d2p6e6u75xmxt8.cloudfront.net\/4\/2023\/04\/03_RT_WLC_SBOT.webp\" class=\"attachment-full size-full\" alt=\"\" srcset=\"https:\/\/d2p6e6u75xmxt8.cloudfront.net\/4\/2023\/04\/03_RT_WLC_SBOT.webp 990w, https:\/\/d2p6e6u75xmxt8.cloudfront.net\/4\/2023\/04\/03_RT_WLC_SBOT-300x200.webp 300w, https:\/\/d2p6e6u75xmxt8.cloudfront.net\/4\/2023\/04\/03_RT_WLC_SBOT-768x512.webp 768w, https:\/\/d2p6e6u75xmxt8.cloudfront.net\/4\/2023\/04\/03_RT_WLC_SBOT-400x267.webp 400w, https:\/\/d2p6e6u75xmxt8.cloudfront.net\/4\/2023\/04\/03_RT_WLC_SBOT-272x182.webp 272w\" sizes=\"auto, (max-width: 990px) 100vw, 990px\" \/><\/a>\n\t\t\t<\/div><\/figure>\n\t\t<\/div>\n\n<h2><strong>Registr\u00e1cia a \u0161tartovn\u00e9<\/strong><\/h2>\n<p>Zvykom u\u017e b\u00fdva <a href=\"https:\/\/www.bikepoint.sk\/maraton\/registracia\/\" target=\"_blank\" rel=\"noopener\">online registr\u00e1cia<\/a> s najni\u017e\u0161ou sumou \u0161tartovn\u00e9ho do 14. apr\u00edla s mo\u017enos\u0165ou suven\u00edru. <strong>Nesk\u00f4r sa suma \u0161tartovn\u00e9ho zv\u00fd\u0161i bez mo\u017enosti objednania suven\u00edru, a to do 13. m\u00e1ja.<\/strong> Detaily cien \u0161tartovn\u00e9ho pre trate n\u00e1jdete na obr\u00e1zku ni\u017e\u0161ie. Obsahom \u0161tartovn\u00e9ho je zabezpe\u010denie trat\u00ed, zdravotn\u00e1 starostlivos\u0165, \u0161tartovac\u00ed bal\u00ed\u010dek a program v z\u00e1zem\u00ed pretekov.<\/p>\n<p><img loading=\"lazy\" decoding=\"async\" class=\"alignnone size-full wp-image-17103\" src=\"https:\/\/d2p6e6u75xmxt8.cloudfront.net\/4\/2023\/04\/04_RT_WLC_SBOT.webp\" alt=\"\u0161tartovn\u00e9\" width=\"615\" height=\"219\" srcset=\"https:\/\/d2p6e6u75xmxt8.cloudfront.net\/4\/2023\/04\/04_RT_WLC_SBOT.webp 615w, https:\/\/d2p6e6u75xmxt8.cloudfront.net\/4\/2023\/04\/04_RT_WLC_SBOT-300x107.webp 300w, https:\/\/d2p6e6u75xmxt8.cloudfront.net\/4\/2023\/04\/04_RT_WLC_SBOT-400x142.webp 400w\" sizes=\"auto, (max-width: 615px) 100vw, 615px\" \/><\/p>\n<h2><strong>Trate<\/strong><\/h2>\n<p>Marat\u00f3ncov u\u017e \u010dak\u00e1 zn\u00e1ma tra\u0165 s porciou 80 kilometrov a prev\u00fd\u0161en\u00edm 2 300 v\u00fd\u0161kov\u00fdch metrov. Stredn\u00e1 polmarat\u00f3nska tra\u0165 ur\u010den\u00e1 aj pre e-bike kateg\u00f3riu m\u00e1 1 390 metrov\u00e9 prev\u00fd\u0161enie na d\u013a\u017eke 50 kilometrov. Kr\u00e1tka hobby tra\u0165 m\u00e1 18,5 kilometra s prev\u00fd\u0161en\u00edm 422 metrov, ktor\u00e1 je vhodn\u00e1 pre r\u00fdchlych temp\u00e1rov alebo za\u010d\u00ednaj\u00facich cyklistov.<\/p>\n<p><strong>Viac o profiloch a mapy trat\u00ed n\u00e1jdete na <a href=\"https:\/\/www.bikepoint.sk\/maraton\/mapa-a-trate-maratonu\/\" target=\"_blank\" rel=\"noopener\">str\u00e1nke organiz\u00e1tora<\/a>.<\/strong> A \u017ee pripravi\u0165 tak\u00e9to podujatie nie je v\u00f4bec jednoduch\u00e9, sme sa dozvedeli v ned\u00e1vnom rozhovore s <a href=\"https:\/\/www.welovecycling.com\/sk\/2023\/03\/16\/rozhovor-lubos-dupkala-skoda-mtb-maraton-rajecke-teplice\/\" target=\"_blank\" rel=\"noopener\">\u013dubo\u0161om Dupkalom<\/a>.<\/p>\n<div id='gallery-2' class='gallery galleryid-17099 gallery-columns-2 gallery-size-full'><figure class='gallery-item'>\n\t\t\t<div class='gallery-icon landscape'>\n\t\t\t\t<a href='https:\/\/d2p6e6u75xmxt8.cloudfront.net\/4\/2023\/04\/05_RT_WLC_SBOT.webp'><img loading=\"lazy\" decoding=\"async\" width=\"990\" height=\"660\" src=\"https:\/\/d2p6e6u75xmxt8.cloudfront.net\/4\/2023\/04\/05_RT_WLC_SBOT.webp\" class=\"attachment-full size-full\" alt=\"mal\u00fd cyklisti\" srcset=\"https:\/\/d2p6e6u75xmxt8.cloudfront.net\/4\/2023\/04\/05_RT_WLC_SBOT.webp 990w, https:\/\/d2p6e6u75xmxt8.cloudfront.net\/4\/2023\/04\/05_RT_WLC_SBOT-300x200.webp 300w, https:\/\/d2p6e6u75xmxt8.cloudfront.net\/4\/2023\/04\/05_RT_WLC_SBOT-768x512.webp 768w, https:\/\/d2p6e6u75xmxt8.cloudfront.net\/4\/2023\/04\/05_RT_WLC_SBOT-400x267.webp 400w, https:\/\/d2p6e6u75xmxt8.cloudfront.net\/4\/2023\/04\/05_RT_WLC_SBOT-272x182.webp 272w\" sizes=\"auto, (max-width: 990px) 100vw, 990px\" \/><\/a>\n\t\t\t<\/div><\/figure><figure class='gallery-item'>\n\t\t\t<div class='gallery-icon landscape'>\n\t\t\t\t<a href='https:\/\/d2p6e6u75xmxt8.cloudfront.net\/4\/2023\/04\/06_RT_WLC_SBOT.webp'><img loading=\"lazy\" decoding=\"async\" width=\"990\" height=\"660\" src=\"https:\/\/d2p6e6u75xmxt8.cloudfront.net\/4\/2023\/04\/06_RT_WLC_SBOT.webp\" class=\"attachment-full size-full\" alt=\"cyklisti v lese\" srcset=\"https:\/\/d2p6e6u75xmxt8.cloudfront.net\/4\/2023\/04\/06_RT_WLC_SBOT.webp 990w, https:\/\/d2p6e6u75xmxt8.cloudfront.net\/4\/2023\/04\/06_RT_WLC_SBOT-300x200.webp 300w, https:\/\/d2p6e6u75xmxt8.cloudfront.net\/4\/2023\/04\/06_RT_WLC_SBOT-768x512.webp 768w, https:\/\/d2p6e6u75xmxt8.cloudfront.net\/4\/2023\/04\/06_RT_WLC_SBOT-400x267.webp 400w, https:\/\/d2p6e6u75xmxt8.cloudfront.net\/4\/2023\/04\/06_RT_WLC_SBOT-272x182.webp 272w\" sizes=\"auto, (max-width: 990px) 100vw, 990px\" \/><\/a>\n\t\t\t<\/div><\/figure>\n\t\t<\/div>\n\n<h2><strong>Program pretekov<\/strong><\/h2>\n<p>Prezent\u00e1cia bude prebieha\u0165 na recepcii hotela Laura Rajeck\u00e9 Teplice u\u017e v piatok 19. m\u00e1ja od 18:00 do 21:00 hodiny. V samotn\u00fd de\u0148 pretekov bude prebieha\u0165 u\u017e od 7:00 a\u017e do 10:00 pre hobby tra\u0165.<\/p>\n<p><strong>Prv\u00fd v\u00fdstrel zaznie o 9:00 hodine pre najdlh\u0161iu marat\u00f3nsku tra\u0165 a o 40 min\u00fat nesk\u00f4r ich bude nasledova\u0165 kateg\u00f3ria E-bike na polmarat\u00f3nskej trati.<\/strong> \u010eal\u0161\u00ed pretek\u00e1ri sa vydaj\u00fa na polmarat\u00f3nsku tra\u0165 o 10:00 hodine a \u0161tart hobby trate je napl\u00e1novan\u00fd na 10:20 min\u00fat nesk\u00f4r. Kateg\u00f3ria \u0160KODA Family vyraz\u00ed 10:30 a \u0161tart aj cie\u013e v\u0161etk\u00fdch z\u00fa\u010dastnen\u00fdch bude K\u00fapalisko Laura Rajeck\u00e9 Teplice.<\/p>\n<div id='gallery-3' class='gallery galleryid-17099 gallery-columns-2 gallery-size-full'><figure class='gallery-item'>\n\t\t\t<div class='gallery-icon landscape'>\n\t\t\t\t<a href='https:\/\/d2p6e6u75xmxt8.cloudfront.net\/4\/2023\/04\/07_RT_WLC_SBOT.webp'><img loading=\"lazy\" decoding=\"async\" width=\"990\" height=\"660\" src=\"https:\/\/d2p6e6u75xmxt8.cloudfront.net\/4\/2023\/04\/07_RT_WLC_SBOT.webp\" class=\"attachment-full size-full\" alt=\"\" srcset=\"https:\/\/d2p6e6u75xmxt8.cloudfront.net\/4\/2023\/04\/07_RT_WLC_SBOT.webp 990w, https:\/\/d2p6e6u75xmxt8.cloudfront.net\/4\/2023\/04\/07_RT_WLC_SBOT-300x200.webp 300w, https:\/\/d2p6e6u75xmxt8.cloudfront.net\/4\/2023\/04\/07_RT_WLC_SBOT-768x512.webp 768w, https:\/\/d2p6e6u75xmxt8.cloudfront.net\/4\/2023\/04\/07_RT_WLC_SBOT-400x267.webp 400w, https:\/\/d2p6e6u75xmxt8.cloudfront.net\/4\/2023\/04\/07_RT_WLC_SBOT-272x182.webp 272w\" sizes=\"auto, (max-width: 990px) 100vw, 990px\" \/><\/a>\n\t\t\t<\/div><\/figure><figure class='gallery-item'>\n\t\t\t<div class='gallery-icon landscape'>\n\t\t\t\t<a href='https:\/\/d2p6e6u75xmxt8.cloudfront.net\/4\/2023\/04\/08_RT_WLC_SBOT.webp'><img loading=\"lazy\" decoding=\"async\" width=\"990\" height=\"660\" src=\"https:\/\/d2p6e6u75xmxt8.cloudfront.net\/4\/2023\/04\/08_RT_WLC_SBOT.webp\" class=\"attachment-full size-full\" alt=\"\" srcset=\"https:\/\/d2p6e6u75xmxt8.cloudfront.net\/4\/2023\/04\/08_RT_WLC_SBOT.webp 990w, https:\/\/d2p6e6u75xmxt8.cloudfront.net\/4\/2023\/04\/08_RT_WLC_SBOT-300x200.webp 300w, https:\/\/d2p6e6u75xmxt8.cloudfront.net\/4\/2023\/04\/08_RT_WLC_SBOT-768x512.webp 768w, https:\/\/d2p6e6u75xmxt8.cloudfront.net\/4\/2023\/04\/08_RT_WLC_SBOT-400x267.webp 400w, https:\/\/d2p6e6u75xmxt8.cloudfront.net\/4\/2023\/04\/08_RT_WLC_SBOT-272x182.webp 272w\" sizes=\"auto, (max-width: 990px) 100vw, 990px\" \/><\/a>\n\t\t\t<\/div><\/figure>\n\t\t<\/div>\n\n<h2><strong>Z\u00e1zemie a cie\u013e pretekov<\/strong><\/h2>\n<p>V cieli na v\u00e1s \u010dak\u00e1 ob\u010derstvenie a na v\u00fdber bude m\u00e4sit\u00e9 alebo bezm\u00e4sit\u00e9 jedlo. Samozrejmos\u0165ou bude mo\u017enos\u0165 um\u00fdvania bicyklov s ich n\u00e1slednou \u00faschovou a sprchy pre pretek\u00e1rov<strong>. Tradi\u010dn\u00fdm spestren\u00edm bud\u00fa v\u00fdstavn\u00e9 st\u00e1nky partnerov podujatia a nebude ch\u00fdba\u0165 ani z\u00f3na pre najmen\u0161\u00edch, ktor\u00fa zabezpe\u010d\u00ed gener\u00e1lny partner \u0160KODA.<\/strong><\/p>\n<p>Te\u0161i\u0165 sa m\u00f4\u017eete aj na st\u00e1nky so \u0161portovou v\u00fd\u017eivou alebo oble\u010den\u00edm. Parkovanie bude zabezpe\u010den\u00e9 v okol\u00ed konania marat\u00f3nu. O 16:00 n\u00e1s \u010dak\u00e1 vyhodnotenie v\u00fdsledkov s ocenen\u00edm prv\u00fdch troch najlep\u0161\u00edch v ka\u017edej kateg\u00f3rii a pokra\u010dova\u0165 budeme bohatou tombolou pre v\u0161etk\u00fdch \u00fa\u010dastn\u00edkov pretekov.<\/p>\n<div id='gallery-4' class='gallery galleryid-17099 gallery-columns-2 gallery-size-full'><figure class='gallery-item'>\n\t\t\t<div class='gallery-icon landscape'>\n\t\t\t\t<a href='https:\/\/d2p6e6u75xmxt8.cloudfront.net\/4\/2023\/04\/09_RT_WLC_SBOT.webp'><img loading=\"lazy\" decoding=\"async\" width=\"990\" height=\"660\" src=\"https:\/\/d2p6e6u75xmxt8.cloudfront.net\/4\/2023\/04\/09_RT_WLC_SBOT.webp\" class=\"attachment-full size-full\" alt=\"chlapec na vaku\" srcset=\"https:\/\/d2p6e6u75xmxt8.cloudfront.net\/4\/2023\/04\/09_RT_WLC_SBOT.webp 990w, https:\/\/d2p6e6u75xmxt8.cloudfront.net\/4\/2023\/04\/09_RT_WLC_SBOT-300x200.webp 300w, https:\/\/d2p6e6u75xmxt8.cloudfront.net\/4\/2023\/04\/09_RT_WLC_SBOT-768x512.webp 768w, https:\/\/d2p6e6u75xmxt8.cloudfront.net\/4\/2023\/04\/09_RT_WLC_SBOT-400x267.webp 400w, https:\/\/d2p6e6u75xmxt8.cloudfront.net\/4\/2023\/04\/09_RT_WLC_SBOT-272x182.webp 272w\" sizes=\"auto, (max-width: 990px) 100vw, 990px\" \/><\/a>\n\t\t\t<\/div><\/figure><figure class='gallery-item'>\n\t\t\t<div class='gallery-icon landscape'>\n\t\t\t\t<a href='https:\/\/d2p6e6u75xmxt8.cloudfront.net\/4\/2023\/04\/10_RT_WLC_SBOT.webp'><img loading=\"lazy\" decoding=\"async\" width=\"990\" height=\"660\" src=\"https:\/\/d2p6e6u75xmxt8.cloudfront.net\/4\/2023\/04\/10_RT_WLC_SBOT.webp\" class=\"attachment-full size-full\" alt=\"\" srcset=\"https:\/\/d2p6e6u75xmxt8.cloudfront.net\/4\/2023\/04\/10_RT_WLC_SBOT.webp 990w, https:\/\/d2p6e6u75xmxt8.cloudfront.net\/4\/2023\/04\/10_RT_WLC_SBOT-300x200.webp 300w, https:\/\/d2p6e6u75xmxt8.cloudfront.net\/4\/2023\/04\/10_RT_WLC_SBOT-768x512.webp 768w, https:\/\/d2p6e6u75xmxt8.cloudfront.net\/4\/2023\/04\/10_RT_WLC_SBOT-400x267.webp 400w, https:\/\/d2p6e6u75xmxt8.cloudfront.net\/4\/2023\/04\/10_RT_WLC_SBOT-272x182.webp 272w\" sizes=\"auto, (max-width: 990px) 100vw, 990px\" \/><\/a>\n\t\t\t<\/div><\/figure>\n\t\t<\/div>\n\n<p>Ur\u010dite sa aj na tomto podujat\u00ed stretnete s niektor\u00fdmi <a href=\"https:\/\/www.welovecycling.com\/sk\/2023\/03\/13\/skoda-bike-open-tour-2023-oslavuje-spolu-s-vami\/\" target=\"_blank\" rel=\"noopener\">ambas\u00e1dormi s\u00e9rie \u0160KODA BIKE OPEN TOUR<\/a>,<strong> nev\u00e1hajte sa registrova\u0165 a zapoji\u0165 sa do s\u00fa\u0165a\u017ee v marat\u00f3nskej s\u00e9rii.<\/strong> Sta\u010d\u00ed sa z\u00fa\u010dastni\u0165 iba 4 k\u00f4l s bohat\u00fdmi odmenami, ako napr\u00edklad auto \u0160KODA Enyaq iV na t\u00fd\u017ede\u0148 a in\u00e9. Viac podrobnost\u00ed n\u00e1jdete na str\u00e1nke <a href=\"https:\/\/www.welovecycling.com\/sk\/sbot\/rajecke.php\" target=\"_blank\" rel=\"noopener\">\u0160BOT s\u00e9rie<\/a>.<\/p>\n<p>&nbsp;<\/p>\n","protected":false},"excerpt":{"rendered":"<p>Ak je Sv\u00e4t\u00fd Jur pre v\u00e1s \u010faleko alebo naopak nechcete vynecha\u0165 ani jedno kolo s\u00e9rie, je tu 7. ro\u010dn\u00edk marat\u00f3nu [&hellip;]<\/p>\n","protected":false},"author":172,"featured_media":17100,"comment_status":"open","ping_status":"open","sticky":false,"template":"","format":"standard","meta":{"footnotes":""},"categories":[191,33],"tags":[53,261,178,412,91,474,35,860,1072],"global-categories":[1074],"class_list":["post-17099","post","type-post","status-publish","format-standard","has-post-thumbnail","hentry","category-odporucame","category-sbot","tag-deti","tag-ebike","tag-maraton","tag-mtb","tag-pozvanka","tag-rodinny-maraton","tag-sbot","tag-skoda-mtb-maraton-rajecke-teplice","tag-trat","global-categories-cycling"],"yoast_head":"<!-- This site is optimized with the Yoast SEO Premium plugin v25.3 (Yoast SEO v25.9) - https:\/\/yoast.com\/wordpress\/plugins\/seo\/ -->\n<title>Pozv\u00e1nka: \u0160koda MTB Marat\u00f3n Rajeck\u00e9 Teplice - pokra\u010dujeme v L\u00fa\u010danskej Malej Fatre<\/title>\n<meta name=\"description\" content=\"Ak je Sv\u00e4t\u00fd Jur pre v\u00e1s \u010faleko alebo naopak nechcete vynecha\u0165 ani jedno kolo s\u00e9rie, je tu 7. ro\u010dn\u00edk marat\u00f3nu v Rajeck\u00fdch Tepliciach.\" \/>\n<meta name=\"robots\" content=\"index, follow, max-snippet:-1, max-image-preview:large, max-video-preview:-1\" \/>\n<link rel=\"canonical\" href=\"https:\/\/www.welovecycling.com\/sk\/2023\/04\/13\/pozvanka-skoda-mtb-maraton-rajecke-teplice-pokracujeme-v-lucanskej-malej-fatre\/\" \/>\n<meta property=\"og:locale\" content=\"sk_SK\" \/>\n<meta property=\"og:type\" content=\"article\" \/>\n<meta property=\"og:title\" content=\"Pozv\u00e1nka: \u0160koda MTB Marat\u00f3n Rajeck\u00e9 Teplice - pokra\u010dujeme v L\u00fa\u010danskej Malej Fatre\" \/>\n<meta property=\"og:description\" content=\"Ak je Sv\u00e4t\u00fd Jur pre v\u00e1s \u010faleko alebo naopak nechcete vynecha\u0165 ani jedno kolo s\u00e9rie, je tu 7. ro\u010dn\u00edk marat\u00f3nu v Rajeck\u00fdch Tepliciach.\" \/>\n<meta property=\"og:url\" content=\"https:\/\/www.welovecycling.com\/sk\/2023\/04\/13\/pozvanka-skoda-mtb-maraton-rajecke-teplice-pokracujeme-v-lucanskej-malej-fatre\/\" \/>\n<meta property=\"og:site_name\" content=\"\u0160koda We Love Cycling Slovensko\" \/>\n<meta property=\"article:published_time\" content=\"2023-04-13T08:30:44+00:00\" \/>\n<meta property=\"article:modified_time\" content=\"2023-05-16T09:56:53+00:00\" \/>\n<meta property=\"og:image\" content=\"https:\/\/d2p6e6u75xmxt8.cloudfront.net\/4\/2023\/04\/01_RT_WLC_SBOT.webp\" \/>\n\t<meta property=\"og:image:width\" content=\"990\" \/>\n\t<meta property=\"og:image:height\" content=\"660\" \/>\n\t<meta property=\"og:image:type\" content=\"image\/webp\" \/>\n<meta name=\"author\" content=\"dominika\" \/>\n<meta name=\"twitter:card\" content=\"summary_large_image\" \/>\n<meta name=\"twitter:label1\" content=\"Written by\" \/>\n\t<meta name=\"twitter:data1\" content=\"We Love Cycling\" \/>\n\t<meta name=\"twitter:label2\" content=\"Est. reading time\" \/>\n\t<meta name=\"twitter:data2\" content=\"3\" \/>\n<script type=\"application\/ld+json\" class=\"yoast-schema-graph\">{\"@context\":\"https:\/\/schema.org\",\"@graph\":[{\"@type\":\"WebPage\",\"@id\":\"https:\/\/www.welovecycling.com\/sk\/2023\/04\/13\/pozvanka-skoda-mtb-maraton-rajecke-teplice-pokracujeme-v-lucanskej-malej-fatre\/\",\"url\":\"https:\/\/www.welovecycling.com\/sk\/2023\/04\/13\/pozvanka-skoda-mtb-maraton-rajecke-teplice-pokracujeme-v-lucanskej-malej-fatre\/\",\"name\":\"Pozv\u00e1nka: \u0160koda MTB Marat\u00f3n Rajeck\u00e9 Teplice - pokra\u010dujeme v L\u00fa\u010danskej Malej Fatre\",\"isPartOf\":{\"@id\":\"https:\/\/www.welovecycling.com\/sk\/#website\"},\"primaryImageOfPage\":{\"@id\":\"https:\/\/www.welovecycling.com\/sk\/2023\/04\/13\/pozvanka-skoda-mtb-maraton-rajecke-teplice-pokracujeme-v-lucanskej-malej-fatre\/#primaryimage\"},\"image\":{\"@id\":\"https:\/\/www.welovecycling.com\/sk\/2023\/04\/13\/pozvanka-skoda-mtb-maraton-rajecke-teplice-pokracujeme-v-lucanskej-malej-fatre\/#primaryimage\"},\"thumbnailUrl\":\"https:\/\/d2p6e6u75xmxt8.cloudfront.net\/4\/2023\/04\/01_RT_WLC_SBOT.webp\",\"datePublished\":\"2023-04-13T08:30:44+00:00\",\"dateModified\":\"2023-05-16T09:56:53+00:00\",\"author\":{\"@id\":\"https:\/\/www.welovecycling.com\/sk\/#\/schema\/person\/533b62b98b6c41bd5135ebfb1f742624\"},\"description\":\"Ak je Sv\u00e4t\u00fd Jur pre v\u00e1s \u010faleko alebo naopak nechcete vynecha\u0165 ani jedno kolo s\u00e9rie, je tu 7. ro\u010dn\u00edk marat\u00f3nu v Rajeck\u00fdch Tepliciach.\",\"breadcrumb\":{\"@id\":\"https:\/\/www.welovecycling.com\/sk\/2023\/04\/13\/pozvanka-skoda-mtb-maraton-rajecke-teplice-pokracujeme-v-lucanskej-malej-fatre\/#breadcrumb\"},\"inLanguage\":\"sk-SK\",\"potentialAction\":[{\"@type\":\"ReadAction\",\"target\":[\"https:\/\/www.welovecycling.com\/sk\/2023\/04\/13\/pozvanka-skoda-mtb-maraton-rajecke-teplice-pokracujeme-v-lucanskej-malej-fatre\/\"]}]},{\"@type\":\"ImageObject\",\"inLanguage\":\"sk-SK\",\"@id\":\"https:\/\/www.welovecycling.com\/sk\/2023\/04\/13\/pozvanka-skoda-mtb-maraton-rajecke-teplice-pokracujeme-v-lucanskej-malej-fatre\/#primaryimage\",\"url\":\"https:\/\/d2p6e6u75xmxt8.cloudfront.net\/4\/2023\/04\/01_RT_WLC_SBOT.webp\",\"contentUrl\":\"https:\/\/d2p6e6u75xmxt8.cloudfront.net\/4\/2023\/04\/01_RT_WLC_SBOT.webp\",\"width\":990,\"height\":660,\"caption\":\"\u0160BOT\"},{\"@type\":\"BreadcrumbList\",\"@id\":\"https:\/\/www.welovecycling.com\/sk\/2023\/04\/13\/pozvanka-skoda-mtb-maraton-rajecke-teplice-pokracujeme-v-lucanskej-malej-fatre\/#breadcrumb\",\"itemListElement\":[{\"@type\":\"ListItem\",\"position\":1,\"name\":\"Home\",\"item\":\"https:\/\/www.welovecycling.com\/sk\/\"},{\"@type\":\"ListItem\",\"position\":2,\"name\":\"Pozv\u00e1nka: \u0160koda MTB Marat\u00f3n Rajeck\u00e9 Teplice &#8211; pokra\u010dujeme v L\u00fa\u010danskej Malej Fatre\"}]},{\"@type\":\"WebSite\",\"@id\":\"https:\/\/www.welovecycling.com\/sk\/#website\",\"url\":\"https:\/\/www.welovecycling.com\/sk\/\",\"name\":\"\u0160koda We Love Cycling Slovensko\",\"description\":\"\u0160koda We Love Cycling Slovensko je v\u00e1\u0161 ka\u017edodenn\u00fd zdroj noviniek a in\u0161pir\u00e1cie z sveta cyklistiky\",\"potentialAction\":[{\"@type\":\"SearchAction\",\"target\":{\"@type\":\"EntryPoint\",\"urlTemplate\":\"https:\/\/www.welovecycling.com\/sk\/?s={search_term_string}\"},\"query-input\":{\"@type\":\"PropertyValueSpecification\",\"valueRequired\":true,\"valueName\":\"search_term_string\"}}],\"inLanguage\":\"sk-SK\"},{\"@type\":\"Person\",\"@id\":\"https:\/\/www.welovecycling.com\/sk\/#\/schema\/person\/533b62b98b6c41bd5135ebfb1f742624\",\"name\":\"dominika\",\"image\":{\"@type\":\"ImageObject\",\"inLanguage\":\"sk-SK\",\"@id\":\"https:\/\/www.welovecycling.com\/sk\/#\/schema\/person\/image\/\",\"url\":\"https:\/\/secure.gravatar.com\/avatar\/ded6f274ba2ec3e17fff153f7d9d96a4b33c2cb63907f75d9a5309c599a7f3e6?s=96&d=mm&r=g\",\"contentUrl\":\"https:\/\/secure.gravatar.com\/avatar\/ded6f274ba2ec3e17fff153f7d9d96a4b33c2cb63907f75d9a5309c599a7f3e6?s=96&d=mm&r=g\",\"caption\":\"dominika\"},\"url\":\"https:\/\/www.welovecycling.com\/sk\/author\/dominika\/\"}]}<\/script>\n<!-- \/ Yoast SEO Premium plugin. -->","yoast_head_json":{"title":"Pozv\u00e1nka: \u0160koda MTB Marat\u00f3n Rajeck\u00e9 Teplice - pokra\u010dujeme v L\u00fa\u010danskej Malej Fatre","description":"Ak je Sv\u00e4t\u00fd Jur pre v\u00e1s \u010faleko alebo naopak nechcete vynecha\u0165 ani jedno kolo s\u00e9rie, je tu 7. ro\u010dn\u00edk marat\u00f3nu v Rajeck\u00fdch Tepliciach.","robots":{"index":"index","follow":"follow","max-snippet":"max-snippet:-1","max-image-preview":"max-image-preview:large","max-video-preview":"max-video-preview:-1"},"canonical":"https:\/\/www.welovecycling.com\/sk\/2023\/04\/13\/pozvanka-skoda-mtb-maraton-rajecke-teplice-pokracujeme-v-lucanskej-malej-fatre\/","og_locale":"sk_SK","og_type":"article","og_title":"Pozv\u00e1nka: \u0160koda MTB Marat\u00f3n Rajeck\u00e9 Teplice - pokra\u010dujeme v L\u00fa\u010danskej Malej Fatre","og_description":"Ak je Sv\u00e4t\u00fd Jur pre v\u00e1s \u010faleko alebo naopak nechcete vynecha\u0165 ani jedno kolo s\u00e9rie, je tu 7. ro\u010dn\u00edk marat\u00f3nu v Rajeck\u00fdch Tepliciach.","og_url":"https:\/\/www.welovecycling.com\/sk\/2023\/04\/13\/pozvanka-skoda-mtb-maraton-rajecke-teplice-pokracujeme-v-lucanskej-malej-fatre\/","og_site_name":"\u0160koda We Love Cycling Slovensko","article_published_time":"2023-04-13T08:30:44+00:00","article_modified_time":"2023-05-16T09:56:53+00:00","og_image":[{"width":990,"height":660,"url":"https:\/\/d2p6e6u75xmxt8.cloudfront.net\/4\/2023\/04\/01_RT_WLC_SBOT.webp","type":"image\/webp"}],"author":"dominika","twitter_card":"summary_large_image","twitter_misc":{"Written by":"We Love Cycling","Est. reading time":"3"},"schema":{"@context":"https:\/\/schema.org","@graph":[{"@type":"WebPage","@id":"https:\/\/www.welovecycling.com\/sk\/2023\/04\/13\/pozvanka-skoda-mtb-maraton-rajecke-teplice-pokracujeme-v-lucanskej-malej-fatre\/","url":"https:\/\/www.welovecycling.com\/sk\/2023\/04\/13\/pozvanka-skoda-mtb-maraton-rajecke-teplice-pokracujeme-v-lucanskej-malej-fatre\/","name":"Pozv\u00e1nka: \u0160koda MTB Marat\u00f3n Rajeck\u00e9 Teplice - pokra\u010dujeme v L\u00fa\u010danskej Malej Fatre","isPartOf":{"@id":"https:\/\/www.welovecycling.com\/sk\/#website"},"primaryImageOfPage":{"@id":"https:\/\/www.welovecycling.com\/sk\/2023\/04\/13\/pozvanka-skoda-mtb-maraton-rajecke-teplice-pokracujeme-v-lucanskej-malej-fatre\/#primaryimage"},"image":{"@id":"https:\/\/www.welovecycling.com\/sk\/2023\/04\/13\/pozvanka-skoda-mtb-maraton-rajecke-teplice-pokracujeme-v-lucanskej-malej-fatre\/#primaryimage"},"thumbnailUrl":"https:\/\/d2p6e6u75xmxt8.cloudfront.net\/4\/2023\/04\/01_RT_WLC_SBOT.webp","datePublished":"2023-04-13T08:30:44+00:00","dateModified":"2023-05-16T09:56:53+00:00","author":{"@id":"https:\/\/www.welovecycling.com\/sk\/#\/schema\/person\/533b62b98b6c41bd5135ebfb1f742624"},"description":"Ak je Sv\u00e4t\u00fd Jur pre v\u00e1s \u010faleko alebo naopak nechcete vynecha\u0165 ani jedno kolo s\u00e9rie, je tu 7. ro\u010dn\u00edk marat\u00f3nu v Rajeck\u00fdch Tepliciach.","breadcrumb":{"@id":"https:\/\/www.welovecycling.com\/sk\/2023\/04\/13\/pozvanka-skoda-mtb-maraton-rajecke-teplice-pokracujeme-v-lucanskej-malej-fatre\/#breadcrumb"},"inLanguage":"sk-SK","potentialAction":[{"@type":"ReadAction","target":["https:\/\/www.welovecycling.com\/sk\/2023\/04\/13\/pozvanka-skoda-mtb-maraton-rajecke-teplice-pokracujeme-v-lucanskej-malej-fatre\/"]}]},{"@type":"ImageObject","inLanguage":"sk-SK","@id":"https:\/\/www.welovecycling.com\/sk\/2023\/04\/13\/pozvanka-skoda-mtb-maraton-rajecke-teplice-pokracujeme-v-lucanskej-malej-fatre\/#primaryimage","url":"https:\/\/d2p6e6u75xmxt8.cloudfront.net\/4\/2023\/04\/01_RT_WLC_SBOT.webp","contentUrl":"https:\/\/d2p6e6u75xmxt8.cloudfront.net\/4\/2023\/04\/01_RT_WLC_SBOT.webp","width":990,"height":660,"caption":"\u0160BOT"},{"@type":"BreadcrumbList","@id":"https:\/\/www.welovecycling.com\/sk\/2023\/04\/13\/pozvanka-skoda-mtb-maraton-rajecke-teplice-pokracujeme-v-lucanskej-malej-fatre\/#breadcrumb","itemListElement":[{"@type":"ListItem","position":1,"name":"Home","item":"https:\/\/www.welovecycling.com\/sk\/"},{"@type":"ListItem","position":2,"name":"Pozv\u00e1nka: \u0160koda MTB Marat\u00f3n Rajeck\u00e9 Teplice &#8211; pokra\u010dujeme v L\u00fa\u010danskej Malej Fatre"}]},{"@type":"WebSite","@id":"https:\/\/www.welovecycling.com\/sk\/#website","url":"https:\/\/www.welovecycling.com\/sk\/","name":"\u0160koda We Love Cycling Slovensko","description":"\u0160koda We Love Cycling Slovensko je v\u00e1\u0161 ka\u017edodenn\u00fd zdroj noviniek a in\u0161pir\u00e1cie z sveta cyklistiky","potentialAction":[{"@type":"SearchAction","target":{"@type":"EntryPoint","urlTemplate":"https:\/\/www.welovecycling.com\/sk\/?s={search_term_string}"},"query-input":{"@type":"PropertyValueSpecification","valueRequired":true,"valueName":"search_term_string"}}],"inLanguage":"sk-SK"},{"@type":"Person","@id":"https:\/\/www.welovecycling.com\/sk\/#\/schema\/person\/533b62b98b6c41bd5135ebfb1f742624","name":"dominika","image":{"@type":"ImageObject","inLanguage":"sk-SK","@id":"https:\/\/www.welovecycling.com\/sk\/#\/schema\/person\/image\/","url":"https:\/\/secure.gravatar.com\/avatar\/ded6f274ba2ec3e17fff153f7d9d96a4b33c2cb63907f75d9a5309c599a7f3e6?s=96&d=mm&r=g","contentUrl":"https:\/\/secure.gravatar.com\/avatar\/ded6f274ba2ec3e17fff153f7d9d96a4b33c2cb63907f75d9a5309c599a7f3e6?s=96&d=mm&r=g","caption":"dominika"},"url":"https:\/\/www.welovecycling.com\/sk\/author\/dominika\/"}]}},"_links":{"self":[{"href":"https:\/\/www.welovecycling.com\/sk\/wp-json\/wp\/v2\/posts\/17099","targetHints":{"allow":["GET"]}}],"collection":[{"href":"https:\/\/www.welovecycling.com\/sk\/wp-json\/wp\/v2\/posts"}],"about":[{"href":"https:\/\/www.welovecycling.com\/sk\/wp-json\/wp\/v2\/types\/post"}],"author":[{"embeddable":true,"href":"https:\/\/www.welovecycling.com\/sk\/wp-json\/wp\/v2\/users\/172"}],"replies":[{"embeddable":true,"href":"https:\/\/www.welovecycling.com\/sk\/wp-json\/wp\/v2\/comments?post=17099"}],"version-history":[{"count":3,"href":"https:\/\/www.welovecycling.com\/sk\/wp-json\/wp\/v2\/posts\/17099\/revisions"}],"predecessor-version":[{"id":17112,"href":"https:\/\/www.welovecycling.com\/sk\/wp-json\/wp\/v2\/posts\/17099\/revisions\/17112"}],"wp:featuredmedia":[{"embeddable":true,"href":"https:\/\/www.welovecycling.com\/sk\/wp-json\/wp\/v2\/media\/17100"}],"wp:attachment":[{"href":"https:\/\/www.welovecycling.com\/sk\/wp-json\/wp\/v2\/media?parent=17099"}],"wp:term":[{"taxonomy":"category","embeddable":true,"href":"https:\/\/www.welovecycling.com\/sk\/wp-json\/wp\/v2\/categories?post=17099"},{"taxonomy":"post_tag","embeddable":true,"href":"https:\/\/www.welovecycling.com\/sk\/wp-json\/wp\/v2\/tags?post=17099"},{"taxonomy":"global-categories","embeddable":true,"href":"https:\/\/www.welovecycling.com\/sk\/wp-json\/wp\/v2\/global-categories?post=17099"}],"curies":[{"name":"wp","href":"https:\/\/api.w.org\/{rel}","templated":true}]}}