{"id":17064,"date":"2023-04-17T11:55:13","date_gmt":"2023-04-17T09:55:13","guid":{"rendered":"https:\/\/www.welovecycling.com\/sk\/?p=17064"},"modified":"2023-08-01T13:16:59","modified_gmt":"2023-08-01T11:16:59","slug":"rozhovor-vincent-hupka-skoda-mtb-svaty-jur","status":"publish","type":"post","link":"https:\/\/www.welovecycling.com\/sk\/2023\/04\/17\/rozhovor-vincent-hupka-skoda-mtb-svaty-jur\/","title":{"rendered":"Rozhovor: Vincent Hupka &#8211; \u0160koda Sv\u00e4tojursk\u00fd MTB marat\u00f3n"},"content":{"rendered":"<p><strong>Vincent Hupka n\u00e1m porozpr\u00e1val nieko\u013eko detailov zo z\u00e1kulisia organizovania ve\u013ekej akcie, akou je cyklomarat\u00f3n, zauj\u00edmavosti z prv\u00e9ho ro\u010dn\u00edka a zmienil aj v\u00edno, ktor\u00e9 sa stalo s\u00fa\u010das\u0165ou pretekov v tomto vin\u00e1rskom kraji. V rozhovore sa dozviete, \u017ee cesta cyklistu m\u00f4\u017ee za\u010d\u00edna\u0165 na \u0161tarte pretekov, pokra\u010dova\u0165 cez stupne v\u00ed\u0165azov a postupom \u010dasu sa v\u010faka nad\u0161eniu pre cyklistiku m\u00f4\u017ee sta\u0165 napr\u00edklad aj organiz\u00e1torom marat\u00f3nu vo Sv\u00e4tom Jure. <\/strong><!--more--><\/p>\n<p>Organiz\u00e1cia tak\u00e9ho ve\u013ek\u00e9ho eventu, ak\u00fdm je cel\u00e1 s\u00e9ria \u0160koda Bike Open Tour, si vy\u017eaduje ve\u013ea \u010dasu a financi\u00ed, ale takisto je tam potrebn\u00e1 rovnak\u00e1 d\u00e1vka nad\u0161enia, odhodlania a ochotn\u00fdch \u013eud\u00ed. Pripravili sme pre v\u00e1s s\u00e9riu rozhovorov s organiz\u00e1tormi jednotliv\u00fdch k\u00f4l, aby sme v\u00e1m pribl\u00ed\u017eili, ako tak\u00e1 pr\u00edprava prebieha a \u017ee s\u00fa to skuto\u010dn\u00ed nad\u0161enci cyklistiky.<\/p>\n<h4><strong>\u010co v\u00e1s priviedlo k organizovaniu marat\u00f3nu vo Sv\u00e4tom Jure?<\/strong><\/h4>\n<p><em>Najsk\u00f4r sme sa ako partia cyklistick\u00fdch nad\u0161encov z\u00fa\u010dast\u0148ovali na MTB pretekoch, z ktor\u00fdch u\u017e v\u00e4\u010d\u0161ina zanikla. Zalo\u017eili sme cyklistick\u00fd klub a rozhodli sme sa zorganizova\u0165 MTB marat\u00f3n. Pritom ve\u013ea z n\u00e1s akt\u00edvne pretekalo, \u010dasto sme obsadzovali stupne v\u00ed\u0165azov. Mali sme v na\u0161ich radoch majstrov a majsterky Slovenska. Dokonca sa niektor\u00ed z\u00fa\u010dastnili majstrovstiev sveta v MTB. Tak sa stalo, \u017ee z pretek\u00e1rov sa stali kvalifikovan\u00ed organiz\u00e1tori.<\/em><\/p>\n<h4><img loading=\"lazy\" decoding=\"async\" class=\"alignnone wp-image-17066 size-full\" src=\"https:\/\/d2p6e6u75xmxt8.cloudfront.net\/4\/2023\/04\/01-1.webp\" alt=\"\u0160BOT Vincent Hupka\" width=\"990\" height=\"660\" srcset=\"https:\/\/d2p6e6u75xmxt8.cloudfront.net\/4\/2023\/04\/01-1.webp 990w, https:\/\/d2p6e6u75xmxt8.cloudfront.net\/4\/2023\/04\/01-1-300x200.webp 300w, https:\/\/d2p6e6u75xmxt8.cloudfront.net\/4\/2023\/04\/01-1-768x512.webp 768w, https:\/\/d2p6e6u75xmxt8.cloudfront.net\/4\/2023\/04\/01-1-400x267.webp 400w, https:\/\/d2p6e6u75xmxt8.cloudfront.net\/4\/2023\/04\/01-1-272x182.webp 272w\" sizes=\"auto, (max-width: 990px) 100vw, 990px\" \/><br \/>\n<strong>Tak\u017ee ste z\u00edskali nielen potrebn\u00e9 \u0161portov\u00e9 a organiza\u010dn\u00e9 sk\u00fasenosti, ale aj mno\u017estvo nezabudnute\u013en\u00fdch z\u00e1\u017eitkov?<\/strong><\/h4>\n<p><em>Nezabudnute\u013en\u00fdch z\u00e1\u017eitkov m\u00e1m ve\u013ea. Oprava defektu na Salzkammergut Trophy v da\u017edi, blate a pri 2 stup\u0148och Celzia. Dojazd do cie\u013ea so zlomenou k\u013e\u00fa\u010dnou kos\u0165ou. Bol som pravdepodobne aj najstar\u0161\u00ed finisher na 4-etapov\u00fdch pretekoch Beskidy MTB Trophy v Po\u013esku.<\/em><\/p>\n<h4><strong>Odkedy marat\u00f3n akt\u00edvne organizujete?<\/strong><\/h4>\n<p><em>Prv\u00fd ro\u010dn\u00edk Sv\u00e4tojursk\u00e9ho marat\u00f3nu sa konal v roku 2007. \u0160tart aj cie\u013e bol v Jozefkovom \u00fadol\u00ed, teda priamo v lese. Na \u0161tarte bolo 160 pretek\u00e1rov, bola siln\u00e1 hmla, vidite\u013enos\u0165 maxim\u00e1lne 5 metrov. Bolo zauj\u00edmav\u00e9 sledova\u0165, ako sa pretek\u00e1ri na trase aj pred cie\u013eom vyn\u00e1rali z hmly. Dos\u0165 z nich pobl\u00fadilo, preto\u017ee zna\u010denie nebolo vidie\u0165. Od prv\u00e9ho ro\u010dn\u00edka sme marat\u00f3n organizovali ka\u017edoro\u010dne, <a href=\"https:\/\/www.welovecycling.com\/sk\/2019\/04\/17\/reportaz-skoda-svatojursky-mtb-maraton-2019-sviezi-start-maratonskej-sezony\/\" target=\"_blank\" rel=\"noopener\">a\u017e do roku 2019<\/a>. Ro\u010dn\u00edky 2020 a\u017e 2022 sme kv\u00f4li korone neorganizovali.<\/em><\/p>\n<h4><strong>Z\u00fa\u010dastnil ste sa v minulosti aj in\u00fdch marat\u00f3noch a samozrejme aj k\u00f4l \u0160BOT?<\/strong><\/h4>\n<p><em>Z\u00fa\u010dastnil som sa na viac ako 120 MTB marat\u00f3noch a samozrejme aj na v\u00e4\u010d\u0161ine marat\u00f3nov \u0160koda Bike Open Tour. Asi jedin\u00fd, na ktorom som zatia\u013e nebol, je <a href=\"https:\/\/www.welovecycling.com\/sk\/2022\/06\/28\/reportaz-skoda-mtb-cyklomaraton-topolcianky-dejisko-majstrovstiev-slovenska\/\" target=\"_blank\" rel=\"noopener\">marat\u00f3n v Topo\u013e\u010diankach<\/a>. Sn\u00e1\u010f sa podar\u00ed z\u00fa\u010dastni\u0165 tento rok.<\/em><\/p>\n<p><img loading=\"lazy\" decoding=\"async\" class=\"alignnone wp-image-17067 size-full\" src=\"https:\/\/d2p6e6u75xmxt8.cloudfront.net\/4\/2023\/04\/02.webp\" alt=\"Vincent Hupka\" width=\"990\" height=\"660\" srcset=\"https:\/\/d2p6e6u75xmxt8.cloudfront.net\/4\/2023\/04\/02.webp 990w, https:\/\/d2p6e6u75xmxt8.cloudfront.net\/4\/2023\/04\/02-300x200.webp 300w, https:\/\/d2p6e6u75xmxt8.cloudfront.net\/4\/2023\/04\/02-768x512.webp 768w, https:\/\/d2p6e6u75xmxt8.cloudfront.net\/4\/2023\/04\/02-400x267.webp 400w, https:\/\/d2p6e6u75xmxt8.cloudfront.net\/4\/2023\/04\/02-272x182.webp 272w\" sizes=\"auto, (max-width: 990px) 100vw, 990px\" \/><\/p>\n<h4><strong>\u010co je na pr\u00edprave najn\u00e1ro\u010dnej\u0161ie?<\/strong><\/h4>\n<p><em>Pr\u00edprava marat\u00f3nu je ve\u013emi n\u00e1ro\u010dn\u00e1 vec. Najd\u00f4le\u017eitej\u0161\u00ed s\u00fa zodpovedn\u00ed spolupracovn\u00edci, nie tak\u00ed, ktor\u00ed povedia, ak bude pr\u0161a\u0165, nepr\u00eddem. Chvalabohu m\u00e1m okolo seba nieko\u013eko super spo\u013eahliv\u00fdch a \u0161ikovn\u00fdch \u013eud\u00ed. Celkovo sa do organiz\u00e1cie \u0160koda Bike Open Tour marat\u00f3nu zap\u00e1ja pribli\u017ene 130 \u013eud\u00ed.<\/em><\/p>\n<h4><strong>Ako vyzeraj\u00fa pr\u00edpravy a kedy s nimi za\u010d\u00ednate?<\/strong><\/h4>\n<p><em>Pr\u00edprava na \u0160BOT marat\u00f3n pre m\u0148a za\u010d\u00edna u\u017e v novembri. Za\u010d\u00ednam vybavova\u0165 v\u0161etky tie zmluvy, povolenia, sponzorov at\u010f.<\/em><\/p>\n<p><img loading=\"lazy\" decoding=\"async\" class=\"alignnone size-full wp-image-17068\" src=\"https:\/\/d2p6e6u75xmxt8.cloudfront.net\/4\/2023\/04\/06.webp\" alt=\"cyklisti\" width=\"990\" height=\"660\" srcset=\"https:\/\/d2p6e6u75xmxt8.cloudfront.net\/4\/2023\/04\/06.webp 990w, https:\/\/d2p6e6u75xmxt8.cloudfront.net\/4\/2023\/04\/06-300x200.webp 300w, https:\/\/d2p6e6u75xmxt8.cloudfront.net\/4\/2023\/04\/06-768x512.webp 768w, https:\/\/d2p6e6u75xmxt8.cloudfront.net\/4\/2023\/04\/06-400x267.webp 400w, https:\/\/d2p6e6u75xmxt8.cloudfront.net\/4\/2023\/04\/06-272x182.webp 272w\" sizes=\"auto, (max-width: 990px) 100vw, 990px\" \/><\/p>\n<h4><strong>Ako vyzer\u00e1 v\u00e1\u0161 program v de\u0148 konania akcie?<\/strong><\/h4>\n<p><em>V de\u0148 konania pretekov m\u00e1 ka\u017ed\u00fd \u010dlen t\u00edmu konkr\u00e9tne \u00falohy. Mojou \u00falohou je koordinova\u0165 v\u0161etky \u010dinnosti a pr\u00edpadne rie\u0161i\u0165 vzniknut\u00e9 a ne\u010dakane probl\u00e9my.<\/em><\/p>\n<h4><strong>S\u00fa\u010das\u0165ou marat\u00f3nu je aj tra\u0165 \u0160koda Family pre rodi\u010dov s de\u0165mi. Ako to vn\u00edmate, nemaj\u00fa rodi\u010dia prehnan\u00e9 n\u00e1roky na svoje deti?<\/strong><\/h4>\n<p><em>\u00c1no, niekedy sa st\u00e1va, \u017ee sa pri tejto kateg\u00f3rii niektor\u00ed rodi\u010dia svojim z\u00e1palom a amb\u00edciami chovaj\u00fa neprimerane.<\/em><\/p>\n<p><img loading=\"lazy\" decoding=\"async\" class=\"alignnone size-full wp-image-17069\" src=\"https:\/\/d2p6e6u75xmxt8.cloudfront.net\/4\/2023\/04\/03.webp\" alt=\"deti na bicykloch\" width=\"990\" height=\"660\" srcset=\"https:\/\/d2p6e6u75xmxt8.cloudfront.net\/4\/2023\/04\/03.webp 990w, https:\/\/d2p6e6u75xmxt8.cloudfront.net\/4\/2023\/04\/03-300x200.webp 300w, https:\/\/d2p6e6u75xmxt8.cloudfront.net\/4\/2023\/04\/03-768x512.webp 768w, https:\/\/d2p6e6u75xmxt8.cloudfront.net\/4\/2023\/04\/03-400x267.webp 400w, https:\/\/d2p6e6u75xmxt8.cloudfront.net\/4\/2023\/04\/03-272x182.webp 272w\" sizes=\"auto, (max-width: 990px) 100vw, 990px\" \/><\/p>\n<h4><strong>Organizujete aj nejak\u00e9 in\u00e9 preteky?<\/strong><\/h4>\n<p><em>Okrem \u0160koda Bike Open Tour marat\u00f3nu sme organizovali dve \u010dasovky do vrchu &#8211; Sv\u00e4tojursk\u00fd drap\u00e1k a Sv\u00e4tojursk\u00fd blesk, ktor\u00fd sa tento rok bude kona\u0165 nieko\u013eko dn\u00ed po \u0160BOT marat\u00f3ne, v nede\u013eu 14. 5. 2023.<\/em><\/p>\n<h4><strong>\u010co by ste chcel pochv\u00e1li\u0165 a na \u010do upozorni\u0165 v r\u00e1mci spolupr\u00e1ce so zna\u010dkou \u0160koda?<\/strong><\/h4>\n<p><em>Spolupr\u00e1ca so zna\u010dkou \u0160koda a mestom Sv\u00e4t\u00fd Jur je na ve\u013emi dobrej \u00farovni. Moment\u00e1lne si neviem predstavi\u0165 organiz\u00e1ciu \u0160BOT marat\u00f3nu bez ich \u00fa\u010dasti a podpory.<\/em><\/p>\n<p><img loading=\"lazy\" decoding=\"async\" class=\"alignnone size-full wp-image-17070\" src=\"https:\/\/d2p6e6u75xmxt8.cloudfront.net\/4\/2023\/04\/07.webp\" alt=\"\u0160BOT\" width=\"990\" height=\"660\" srcset=\"https:\/\/d2p6e6u75xmxt8.cloudfront.net\/4\/2023\/04\/07.webp 990w, https:\/\/d2p6e6u75xmxt8.cloudfront.net\/4\/2023\/04\/07-300x200.webp 300w, https:\/\/d2p6e6u75xmxt8.cloudfront.net\/4\/2023\/04\/07-768x512.webp 768w, https:\/\/d2p6e6u75xmxt8.cloudfront.net\/4\/2023\/04\/07-400x267.webp 400w, https:\/\/d2p6e6u75xmxt8.cloudfront.net\/4\/2023\/04\/07-272x182.webp 272w\" sizes=\"auto, (max-width: 990px) 100vw, 990px\" \/><\/p>\n<h4><strong>Pozn\u00e1te sa organiz\u00e1tori jednotliv\u00fdch k\u00f4l \u0160koda Bike Open Tour &#8211; spolupracujete vz\u00e1jomne?<\/strong><\/h4>\n<p><em>S v\u00e4\u010d\u0161inou organiz\u00e1torov \u0160BOT, ale aj in\u00fdch pretekov, sa pozn\u00e1m dlh\u00e9 roky a pova\u017eujem ich u\u017e za svojich priate\u013eov. Vz\u00e1jomn\u00e1 diskusia a spolupr\u00e1ca je ve\u013emi prospe\u0161n\u00e1. Bez vz\u00e1jomn\u00e9ho prepojenia by u\u017e niektor\u00e9 preteky pravdepodobne neexistovali.<\/em><\/p>\n<h4><strong>V \u00favode ste spom\u00ednal akt\u00edvnu cyklistiku, venujete sa jej e\u0161te st\u00e1le?<\/strong><\/h4>\n<p><em>Z pretek\u00e1rskej cyklistiky som u\u017e vyc\u00faval. Bicyklujem pre pohyb a poznanie. Doma ale aj v zahrani\u010d\u00ed. Klenotom mojich z\u00e1\u017eitkov s\u00fa dva mesiace bicyklovania na Novom Z\u00e9lande.<\/em><\/p>\n<h4><strong>M\u00e1te nejak\u00e9 kon\u00ed\u010dky \u010di aktivity, ktor\u00fdm sa venujete okrem cyklistiky?<\/strong><\/h4>\n<p><em>Roky som robil ne\u0161portov\u00fd \u0161port &#8211; r\u00e1dioamat\u00e9rstvo. Po rodi\u010doch som zdedil vinice a v\u00ednnu pivnicu. 50 rokov sa venujem pestovaniu hrozna a dor\u00e1baniu v\u00edna, ktor\u00e9mu sme v na\u0161om meste\u010dku dali n\u00e1zov Sv\u00e4tojursk\u00fd ion\u0165\u00e1k.<\/em><\/p>\n<h4><img loading=\"lazy\" decoding=\"async\" class=\"alignnone size-full wp-image-17071\" src=\"https:\/\/d2p6e6u75xmxt8.cloudfront.net\/4\/2023\/04\/05.webp\" alt=\"v\u00fdhra\" width=\"990\" height=\"660\" srcset=\"https:\/\/d2p6e6u75xmxt8.cloudfront.net\/4\/2023\/04\/05.webp 990w, https:\/\/d2p6e6u75xmxt8.cloudfront.net\/4\/2023\/04\/05-300x200.webp 300w, https:\/\/d2p6e6u75xmxt8.cloudfront.net\/4\/2023\/04\/05-768x512.webp 768w, https:\/\/d2p6e6u75xmxt8.cloudfront.net\/4\/2023\/04\/05-400x267.webp 400w, https:\/\/d2p6e6u75xmxt8.cloudfront.net\/4\/2023\/04\/05-272x182.webp 272w\" sizes=\"auto, (max-width: 990px) 100vw, 990px\" \/><br \/>\n<strong>M\u00e1te nejak\u00fd odkaz pre \u00fa\u010dastn\u00edkov aktu\u00e1lneho 10. v\u00fdro\u010dia \u0160koda Bike Open Tour?<\/strong><\/h4>\n<p><em>Chcem poprosi\u0165 \u00fa\u010dastn\u00edkov marat\u00f3nov s\u00e9rie, aby sa chovali \u0161portovo, boli k ostatn\u00fdm oh\u013eadupln\u00ed. Aby si naplno u\u017e\u00edvali kr\u00e1sy n\u00e1\u0161ho Slovenska a hlavne, aby v\u017edy pri\u0161li do cie\u013ea zdrav\u00ed.<\/em><\/p>\n","protected":false},"excerpt":{"rendered":"<p>Vincent Hupka n\u00e1m porozpr\u00e1val nieko\u013eko detailov zo z\u00e1kulisia organizovania ve\u013ekej akcie, akou je cyklomarat\u00f3n, zauj\u00edmavosti z prv\u00e9ho ro\u010dn\u00edka a zmienil [&hellip;]<\/p>\n","protected":false},"author":172,"featured_media":17065,"comment_status":"open","ping_status":"open","sticky":false,"template":"","format":"standard","meta":{"footnotes":""},"categories":[191,33],"tags":[115,1246,546,53,178,501,1557,35,523,40],"global-categories":[1074],"class_list":["post-17064","post","type-post","status-publish","format-standard","has-post-thumbnail","hentry","category-odporucame","category-sbot","tag-cestna-cyklistika","tag-cyklisticka-komunita","tag-cyklistika","tag-deti","tag-maraton","tag-rozhovor","tag-sezona-2023","tag-sbot","tag-slovensko","tag-svaty-jur","global-categories-cycling"],"yoast_head":"<!-- This site is optimized with the Yoast SEO Premium plugin v25.3 (Yoast SEO v25.9) - https:\/\/yoast.com\/wordpress\/plugins\/seo\/ -->\n<title>Rozhovor: Vincent Hupka - \u0160koda Sv\u00e4tojursk\u00fd MTB marat\u00f3n<\/title>\n<meta name=\"description\" content=\"Vincent Hupka n\u00e1m porozpr\u00e1val nieko\u013eko detailov zo z\u00e1kulisia organizovania cyklomarat\u00f3nu aj zauj\u00edmavosti z prv\u00e9ho ro\u010dn\u00edka.\" \/>\n<meta name=\"robots\" content=\"index, follow, max-snippet:-1, max-image-preview:large, max-video-preview:-1\" \/>\n<link rel=\"canonical\" href=\"https:\/\/www.welovecycling.com\/sk\/2023\/04\/17\/rozhovor-vincent-hupka-skoda-mtb-svaty-jur\/\" \/>\n<meta property=\"og:locale\" content=\"sk_SK\" \/>\n<meta property=\"og:type\" content=\"article\" \/>\n<meta property=\"og:title\" content=\"Rozhovor: Vincent Hupka - \u0160koda Sv\u00e4tojursk\u00fd MTB marat\u00f3n\" \/>\n<meta property=\"og:description\" content=\"Vincent Hupka n\u00e1m porozpr\u00e1val nieko\u013eko detailov zo z\u00e1kulisia organizovania cyklomarat\u00f3nu aj zauj\u00edmavosti z prv\u00e9ho ro\u010dn\u00edka.\" \/>\n<meta property=\"og:url\" content=\"https:\/\/www.welovecycling.com\/sk\/2023\/04\/17\/rozhovor-vincent-hupka-skoda-mtb-svaty-jur\/\" \/>\n<meta property=\"og:site_name\" content=\"\u0160koda We Love Cycling Slovensko\" \/>\n<meta property=\"article:published_time\" content=\"2023-04-17T09:55:13+00:00\" \/>\n<meta property=\"article:modified_time\" content=\"2023-08-01T11:16:59+00:00\" \/>\n<meta property=\"og:image\" content=\"https:\/\/d2p6e6u75xmxt8.cloudfront.net\/4\/2023\/04\/titulka-2.webp\" \/>\n\t<meta property=\"og:image:width\" content=\"990\" \/>\n\t<meta property=\"og:image:height\" content=\"660\" \/>\n\t<meta property=\"og:image:type\" content=\"image\/webp\" \/>\n<meta name=\"author\" content=\"dominika\" \/>\n<meta name=\"twitter:card\" content=\"summary_large_image\" \/>\n<meta name=\"twitter:label1\" content=\"Written by\" \/>\n\t<meta name=\"twitter:data1\" content=\"Radovan Vr\u0161ka\" \/>\n\t<meta name=\"twitter:label2\" content=\"Est. reading time\" \/>\n\t<meta name=\"twitter:data2\" content=\"4\" \/>\n<script type=\"application\/ld+json\" class=\"yoast-schema-graph\">{\"@context\":\"https:\/\/schema.org\",\"@graph\":[{\"@type\":\"WebPage\",\"@id\":\"https:\/\/www.welovecycling.com\/sk\/2023\/04\/17\/rozhovor-vincent-hupka-skoda-mtb-svaty-jur\/\",\"url\":\"https:\/\/www.welovecycling.com\/sk\/2023\/04\/17\/rozhovor-vincent-hupka-skoda-mtb-svaty-jur\/\",\"name\":\"Rozhovor: Vincent Hupka - \u0160koda Sv\u00e4tojursk\u00fd MTB marat\u00f3n\",\"isPartOf\":{\"@id\":\"https:\/\/www.welovecycling.com\/sk\/#website\"},\"primaryImageOfPage\":{\"@id\":\"https:\/\/www.welovecycling.com\/sk\/2023\/04\/17\/rozhovor-vincent-hupka-skoda-mtb-svaty-jur\/#primaryimage\"},\"image\":{\"@id\":\"https:\/\/www.welovecycling.com\/sk\/2023\/04\/17\/rozhovor-vincent-hupka-skoda-mtb-svaty-jur\/#primaryimage\"},\"thumbnailUrl\":\"https:\/\/d2p6e6u75xmxt8.cloudfront.net\/4\/2023\/04\/titulka-2.webp\",\"datePublished\":\"2023-04-17T09:55:13+00:00\",\"dateModified\":\"2023-08-01T11:16:59+00:00\",\"author\":{\"@id\":\"https:\/\/www.welovecycling.com\/sk\/#\/schema\/person\/533b62b98b6c41bd5135ebfb1f742624\"},\"description\":\"Vincent Hupka n\u00e1m porozpr\u00e1val nieko\u013eko detailov zo z\u00e1kulisia organizovania cyklomarat\u00f3nu aj zauj\u00edmavosti z prv\u00e9ho ro\u010dn\u00edka.\",\"breadcrumb\":{\"@id\":\"https:\/\/www.welovecycling.com\/sk\/2023\/04\/17\/rozhovor-vincent-hupka-skoda-mtb-svaty-jur\/#breadcrumb\"},\"inLanguage\":\"sk-SK\",\"potentialAction\":[{\"@type\":\"ReadAction\",\"target\":[\"https:\/\/www.welovecycling.com\/sk\/2023\/04\/17\/rozhovor-vincent-hupka-skoda-mtb-svaty-jur\/\"]}]},{\"@type\":\"ImageObject\",\"inLanguage\":\"sk-SK\",\"@id\":\"https:\/\/www.welovecycling.com\/sk\/2023\/04\/17\/rozhovor-vincent-hupka-skoda-mtb-svaty-jur\/#primaryimage\",\"url\":\"https:\/\/d2p6e6u75xmxt8.cloudfront.net\/4\/2023\/04\/titulka-2.webp\",\"contentUrl\":\"https:\/\/d2p6e6u75xmxt8.cloudfront.net\/4\/2023\/04\/titulka-2.webp\",\"width\":990,\"height\":660},{\"@type\":\"BreadcrumbList\",\"@id\":\"https:\/\/www.welovecycling.com\/sk\/2023\/04\/17\/rozhovor-vincent-hupka-skoda-mtb-svaty-jur\/#breadcrumb\",\"itemListElement\":[{\"@type\":\"ListItem\",\"position\":1,\"name\":\"Home\",\"item\":\"https:\/\/www.welovecycling.com\/sk\/\"},{\"@type\":\"ListItem\",\"position\":2,\"name\":\"Rozhovor: Vincent Hupka &#8211; \u0160koda Sv\u00e4tojursk\u00fd MTB marat\u00f3n\"}]},{\"@type\":\"WebSite\",\"@id\":\"https:\/\/www.welovecycling.com\/sk\/#website\",\"url\":\"https:\/\/www.welovecycling.com\/sk\/\",\"name\":\"\u0160koda We Love Cycling Slovensko\",\"description\":\"\u0160koda We Love Cycling Slovensko je v\u00e1\u0161 ka\u017edodenn\u00fd zdroj noviniek a in\u0161pir\u00e1cie z sveta cyklistiky\",\"potentialAction\":[{\"@type\":\"SearchAction\",\"target\":{\"@type\":\"EntryPoint\",\"urlTemplate\":\"https:\/\/www.welovecycling.com\/sk\/?s={search_term_string}\"},\"query-input\":{\"@type\":\"PropertyValueSpecification\",\"valueRequired\":true,\"valueName\":\"search_term_string\"}}],\"inLanguage\":\"sk-SK\"},{\"@type\":\"Person\",\"@id\":\"https:\/\/www.welovecycling.com\/sk\/#\/schema\/person\/533b62b98b6c41bd5135ebfb1f742624\",\"name\":\"dominika\",\"image\":{\"@type\":\"ImageObject\",\"inLanguage\":\"sk-SK\",\"@id\":\"https:\/\/www.welovecycling.com\/sk\/#\/schema\/person\/image\/\",\"url\":\"https:\/\/secure.gravatar.com\/avatar\/ded6f274ba2ec3e17fff153f7d9d96a4b33c2cb63907f75d9a5309c599a7f3e6?s=96&d=mm&r=g\",\"contentUrl\":\"https:\/\/secure.gravatar.com\/avatar\/ded6f274ba2ec3e17fff153f7d9d96a4b33c2cb63907f75d9a5309c599a7f3e6?s=96&d=mm&r=g\",\"caption\":\"dominika\"},\"url\":\"https:\/\/www.welovecycling.com\/sk\/author\/dominika\/\"}]}<\/script>\n<!-- \/ Yoast SEO Premium plugin. -->","yoast_head_json":{"title":"Rozhovor: Vincent Hupka - \u0160koda Sv\u00e4tojursk\u00fd MTB marat\u00f3n","description":"Vincent Hupka n\u00e1m porozpr\u00e1val nieko\u013eko detailov zo z\u00e1kulisia organizovania cyklomarat\u00f3nu aj zauj\u00edmavosti z prv\u00e9ho ro\u010dn\u00edka.","robots":{"index":"index","follow":"follow","max-snippet":"max-snippet:-1","max-image-preview":"max-image-preview:large","max-video-preview":"max-video-preview:-1"},"canonical":"https:\/\/www.welovecycling.com\/sk\/2023\/04\/17\/rozhovor-vincent-hupka-skoda-mtb-svaty-jur\/","og_locale":"sk_SK","og_type":"article","og_title":"Rozhovor: Vincent Hupka - \u0160koda Sv\u00e4tojursk\u00fd MTB marat\u00f3n","og_description":"Vincent Hupka n\u00e1m porozpr\u00e1val nieko\u013eko detailov zo z\u00e1kulisia organizovania cyklomarat\u00f3nu aj zauj\u00edmavosti z prv\u00e9ho ro\u010dn\u00edka.","og_url":"https:\/\/www.welovecycling.com\/sk\/2023\/04\/17\/rozhovor-vincent-hupka-skoda-mtb-svaty-jur\/","og_site_name":"\u0160koda We Love Cycling Slovensko","article_published_time":"2023-04-17T09:55:13+00:00","article_modified_time":"2023-08-01T11:16:59+00:00","og_image":[{"width":990,"height":660,"url":"https:\/\/d2p6e6u75xmxt8.cloudfront.net\/4\/2023\/04\/titulka-2.webp","type":"image\/webp"}],"author":"dominika","twitter_card":"summary_large_image","twitter_misc":{"Written by":"Radovan Vr\u0161ka","Est. reading time":"4"},"schema":{"@context":"https:\/\/schema.org","@graph":[{"@type":"WebPage","@id":"https:\/\/www.welovecycling.com\/sk\/2023\/04\/17\/rozhovor-vincent-hupka-skoda-mtb-svaty-jur\/","url":"https:\/\/www.welovecycling.com\/sk\/2023\/04\/17\/rozhovor-vincent-hupka-skoda-mtb-svaty-jur\/","name":"Rozhovor: Vincent Hupka - \u0160koda Sv\u00e4tojursk\u00fd MTB marat\u00f3n","isPartOf":{"@id":"https:\/\/www.welovecycling.com\/sk\/#website"},"primaryImageOfPage":{"@id":"https:\/\/www.welovecycling.com\/sk\/2023\/04\/17\/rozhovor-vincent-hupka-skoda-mtb-svaty-jur\/#primaryimage"},"image":{"@id":"https:\/\/www.welovecycling.com\/sk\/2023\/04\/17\/rozhovor-vincent-hupka-skoda-mtb-svaty-jur\/#primaryimage"},"thumbnailUrl":"https:\/\/d2p6e6u75xmxt8.cloudfront.net\/4\/2023\/04\/titulka-2.webp","datePublished":"2023-04-17T09:55:13+00:00","dateModified":"2023-08-01T11:16:59+00:00","author":{"@id":"https:\/\/www.welovecycling.com\/sk\/#\/schema\/person\/533b62b98b6c41bd5135ebfb1f742624"},"description":"Vincent Hupka n\u00e1m porozpr\u00e1val nieko\u013eko detailov zo z\u00e1kulisia organizovania cyklomarat\u00f3nu aj zauj\u00edmavosti z prv\u00e9ho ro\u010dn\u00edka.","breadcrumb":{"@id":"https:\/\/www.welovecycling.com\/sk\/2023\/04\/17\/rozhovor-vincent-hupka-skoda-mtb-svaty-jur\/#breadcrumb"},"inLanguage":"sk-SK","potentialAction":[{"@type":"ReadAction","target":["https:\/\/www.welovecycling.com\/sk\/2023\/04\/17\/rozhovor-vincent-hupka-skoda-mtb-svaty-jur\/"]}]},{"@type":"ImageObject","inLanguage":"sk-SK","@id":"https:\/\/www.welovecycling.com\/sk\/2023\/04\/17\/rozhovor-vincent-hupka-skoda-mtb-svaty-jur\/#primaryimage","url":"https:\/\/d2p6e6u75xmxt8.cloudfront.net\/4\/2023\/04\/titulka-2.webp","contentUrl":"https:\/\/d2p6e6u75xmxt8.cloudfront.net\/4\/2023\/04\/titulka-2.webp","width":990,"height":660},{"@type":"BreadcrumbList","@id":"https:\/\/www.welovecycling.com\/sk\/2023\/04\/17\/rozhovor-vincent-hupka-skoda-mtb-svaty-jur\/#breadcrumb","itemListElement":[{"@type":"ListItem","position":1,"name":"Home","item":"https:\/\/www.welovecycling.com\/sk\/"},{"@type":"ListItem","position":2,"name":"Rozhovor: Vincent Hupka &#8211; \u0160koda Sv\u00e4tojursk\u00fd MTB marat\u00f3n"}]},{"@type":"WebSite","@id":"https:\/\/www.welovecycling.com\/sk\/#website","url":"https:\/\/www.welovecycling.com\/sk\/","name":"\u0160koda We Love Cycling Slovensko","description":"\u0160koda We Love Cycling Slovensko je v\u00e1\u0161 ka\u017edodenn\u00fd zdroj noviniek a in\u0161pir\u00e1cie z sveta cyklistiky","potentialAction":[{"@type":"SearchAction","target":{"@type":"EntryPoint","urlTemplate":"https:\/\/www.welovecycling.com\/sk\/?s={search_term_string}"},"query-input":{"@type":"PropertyValueSpecification","valueRequired":true,"valueName":"search_term_string"}}],"inLanguage":"sk-SK"},{"@type":"Person","@id":"https:\/\/www.welovecycling.com\/sk\/#\/schema\/person\/533b62b98b6c41bd5135ebfb1f742624","name":"dominika","image":{"@type":"ImageObject","inLanguage":"sk-SK","@id":"https:\/\/www.welovecycling.com\/sk\/#\/schema\/person\/image\/","url":"https:\/\/secure.gravatar.com\/avatar\/ded6f274ba2ec3e17fff153f7d9d96a4b33c2cb63907f75d9a5309c599a7f3e6?s=96&d=mm&r=g","contentUrl":"https:\/\/secure.gravatar.com\/avatar\/ded6f274ba2ec3e17fff153f7d9d96a4b33c2cb63907f75d9a5309c599a7f3e6?s=96&d=mm&r=g","caption":"dominika"},"url":"https:\/\/www.welovecycling.com\/sk\/author\/dominika\/"}]}},"_links":{"self":[{"href":"https:\/\/www.welovecycling.com\/sk\/wp-json\/wp\/v2\/posts\/17064","targetHints":{"allow":["GET"]}}],"collection":[{"href":"https:\/\/www.welovecycling.com\/sk\/wp-json\/wp\/v2\/posts"}],"about":[{"href":"https:\/\/www.welovecycling.com\/sk\/wp-json\/wp\/v2\/types\/post"}],"author":[{"embeddable":true,"href":"https:\/\/www.welovecycling.com\/sk\/wp-json\/wp\/v2\/users\/172"}],"replies":[{"embeddable":true,"href":"https:\/\/www.welovecycling.com\/sk\/wp-json\/wp\/v2\/comments?post=17064"}],"version-history":[{"count":12,"href":"https:\/\/www.welovecycling.com\/sk\/wp-json\/wp\/v2\/posts\/17064\/revisions"}],"predecessor-version":[{"id":17983,"href":"https:\/\/www.welovecycling.com\/sk\/wp-json\/wp\/v2\/posts\/17064\/revisions\/17983"}],"wp:featuredmedia":[{"embeddable":true,"href":"https:\/\/www.welovecycling.com\/sk\/wp-json\/wp\/v2\/media\/17065"}],"wp:attachment":[{"href":"https:\/\/www.welovecycling.com\/sk\/wp-json\/wp\/v2\/media?parent=17064"}],"wp:term":[{"taxonomy":"category","embeddable":true,"href":"https:\/\/www.welovecycling.com\/sk\/wp-json\/wp\/v2\/categories?post=17064"},{"taxonomy":"post_tag","embeddable":true,"href":"https:\/\/www.welovecycling.com\/sk\/wp-json\/wp\/v2\/tags?post=17064"},{"taxonomy":"global-categories","embeddable":true,"href":"https:\/\/www.welovecycling.com\/sk\/wp-json\/wp\/v2\/global-categories?post=17064"}],"curies":[{"name":"wp","href":"https:\/\/api.w.org\/{rel}","templated":true}]}}