{"id":17056,"date":"2023-04-12T10:00:44","date_gmt":"2023-04-12T08:00:44","guid":{"rendered":"https:\/\/www.welovecycling.com\/sk\/?p=17056"},"modified":"2023-04-12T10:07:43","modified_gmt":"2023-04-12T08:07:43","slug":"serial-ako-sa-stat-cyklistom-8-ako-spojazdnit-bike-do-novej-sezony","status":"publish","type":"post","link":"https:\/\/www.welovecycling.com\/sk\/2023\/04\/12\/serial-ako-sa-stat-cyklistom-8-ako-spojazdnit-bike-do-novej-sezony\/","title":{"rendered":"Seri\u00e1l: Ako sa sta\u0165 cyklistom &#8211; 8. Ako spojazdni\u0165 bike do novej sez\u00f3ny"},"content":{"rendered":"<p><strong>Pred zimou ste bicykel spo\u013eahlivo zazimovali, no a po p\u00e1r mesiacoch, ke\u010f oddychoval v pivnici \u010di gar\u00e1\u017ei, je na\u010dase ho da\u0165 do stavu, aby ste mohli vyrazi\u0165 do novej sez\u00f3ny. \u010cak\u00e1 v\u00e1s nieko\u013eko z\u00e1kladn\u00fdch \u00fakonov, ktor\u00e9 bude treba spravi\u0165 a je na v\u00e1s, \u010di sa do toho pust\u00edte sami, alebo to zver\u00edte najbli\u017e\u0161iemu cyklo servisu. A t\u00ed bikeri, ktor\u00ed jazdia celoro\u010dne, u\u0161etria viac \u010dasu na \u010fal\u0161\u00ed v\u00fdjazd. \ud83d\ude42<\/strong><!--more--><\/p>\n<h2><strong>Dof\u00faka\u0165 koles\u00e1<\/strong><\/h2>\n<p>Po zime bud\u00fa va\u0161e koles\u00e1 ke\u010f u\u017e nie \u00faplne pr\u00e1zdne, tak ur\u010dite nie vhodn\u00e9 na cesty. Bude ich potrebn\u00e9 dof\u00faka\u0165 a treba myslie\u0165 na spr\u00e1vny tlak. Rozhoduje tu viacero faktorov ako napr\u00edklad typ bicykla \u2013 \u010di je to cestn\u00fd, gravel alebo horsk\u00fd bicykel. Takisto \u0161t\u00fdl jazdy, va\u0161a hmotnos\u0165, \u0161\u00edrka pneumat\u00edk at\u010f. <strong>Nie je to v\u0161ak \u017eiadna ve\u013ek\u00e1 veda a v\u0161etky inform\u00e1cie si viete n\u00e1js\u0165 na internete, alebo v\u00e1m poradia sk\u00fasenej\u0161\u00ed cyklisti.<\/strong><\/p>\n<h2><strong>Namaza\u0165 pohybliv\u00e9 \u010dasti<\/strong><\/h2>\n<p><strong>Ak ste nezanedbali zimn\u00fa o\u010distu bicykla a poriadne ho umyli, tak v\u00e4\u010d\u0161ina pohybliv\u00fdch \u010dast\u00ed ako re\u0165az, prevodn\u00edk, prehadzova\u010dka bud\u00fa such\u00e9 a treba ich naolejova\u0165.<\/strong> V cyklo obchodoch je v s\u00fa\u010dasnej dobe na v\u00fdber ve\u013ek\u00e9 mno\u017estvo kvalitn\u00fdch mazac\u00edch olejov \u010di u\u017e keramick\u00e9 alebo s tefl\u00f3nom. Vybra\u0165 si m\u00f4\u017eete dokonca aj to, \u010di chcete tie s klasick\u00fdm kvapkadlom alebo vo forme spreja. V pr\u00edpade, \u017ee m\u00e1te horsk\u00fd bicykel, treba sa postara\u0165 aj o odpru\u017eenie.<\/p>\n<figure id=\"attachment_17058\" aria-describedby=\"caption-attachment-17058\" style=\"width: 990px\" class=\"wp-caption alignnone\"><img loading=\"lazy\" decoding=\"async\" class=\"size-full wp-image-17058\" src=\"https:\/\/d2p6e6u75xmxt8.cloudfront.net\/4\/2023\/04\/01.webp\" alt=\"\" width=\"990\" height=\"660\" srcset=\"https:\/\/d2p6e6u75xmxt8.cloudfront.net\/4\/2023\/04\/01.webp 990w, https:\/\/d2p6e6u75xmxt8.cloudfront.net\/4\/2023\/04\/01-300x200.webp 300w, https:\/\/d2p6e6u75xmxt8.cloudfront.net\/4\/2023\/04\/01-768x512.webp 768w, https:\/\/d2p6e6u75xmxt8.cloudfront.net\/4\/2023\/04\/01-400x267.webp 400w, https:\/\/d2p6e6u75xmxt8.cloudfront.net\/4\/2023\/04\/01-272x182.webp 272w\" sizes=\"auto, (max-width: 990px) 100vw, 990px\" \/><figcaption id=\"caption-attachment-17058\" class=\"wp-caption-text\">zdroj: pixabay.com<\/figcaption><\/figure>\n<h2><strong>Skontrolova\u0165 nastavenie posedu<\/strong><\/h2>\n<p>Nov\u00e1 sez\u00f3na je dobrou pr\u00edle\u017eitos\u0165ou skontrolova\u0165 aj nastavenie posedu, riadidiel a celkov\u00e9ho komfortu z jazdy. Mo\u017eno ste cel\u00fa minul\u00fa sez\u00f3nu mali pocit, \u017ee nesed\u00edte spr\u00e1vne, alebo ste mali probl\u00e9my s t\u0155pnut\u00edm r\u00fak \u010di nie\u010do podobn\u00e9. <strong>Tieto veci sa daj\u00fa odstr\u00e1ni\u0165 <a href=\"https:\/\/www.welovecycling.com\/sk\/2018\/08\/09\/preco-je-dolezite-spravne-nastavenie-posedu\/\">spr\u00e1vnym nastaven\u00edm v\u00e1\u0161ho bicykla<\/a>, tak\u017ee si pred novou sez\u00f3nou doprajte \u010das a trochu sa tomu povenujte.<\/strong> Odmenou v\u00e1m bude komfortn\u00e1 jazda a zlep\u0161enie va\u0161ich v\u00fdkonov.<\/p>\n<h2><strong>Kontrola opotrebovan\u00fdch \u010dast\u00ed<\/strong><\/h2>\n<p><strong>Ke\u010f u\u017e sa budete podrobne venova\u0165 v\u00e1\u0161mu bicyklu, pozrite si ka\u017ed\u00fa s\u00fa\u010diastku na bicykli, \u010di nejav\u00ed zn\u00e1mky opotrebovania.<\/strong> Skontrolujte aj re\u0165az, \u010di nie je vy\u0165ahan\u00e1 a nepotrebuje vymeni\u0165. Existuj\u00fa na to \u0161ikovn\u00e9 mierky za p\u00e1r eur. Aj tak\u00e9 veci ako gripy \u010di sedlo je potrebn\u00e9 skontrolova\u0165 a ak s\u00fa u\u017e opotrebovan\u00e9 \u010di prasknut\u00e9, je ich potrebn\u00e9 vymeni\u0165. Nejde tu len o estetick\u00fa z\u00e1le\u017eitos\u0165, ale aj o va\u0161u bezpe\u010dnos\u0165.<\/p>\n<h2><strong>Spravte si v novej sez\u00f3ne rados\u0165<\/strong><\/h2>\n<p>Ak u\u017e m\u00e1te v\u0161etko skontrolovan\u00e9, nastaven\u00e9, naolejovan\u00e9, m\u00f4\u017eete vyrazi\u0165 na cesty. A aby ste na cesty vyrazili s chu\u0165ou, spravte si nejak\u00fa mal\u00fa rados\u0165. <strong>K\u00fapte si na bicykel nov\u00e9 svetlo, bra\u0161nu, alebo farebn\u00fd dr\u017eiak na f\u013ea\u0161u.<\/strong> Aj tak\u00e1to drobnos\u0165 sp\u00f4sob\u00ed, \u017ee sa u\u017e doslova budete te\u0161i\u0165 na svoj prv\u00fd v\u00fdjazd. A to ani netreba pripom\u00edna\u0165, \u017ee vyrazi\u0165 na cesty v novom drese \u010di s nov\u00fdmi okuliarmi bude pre v\u00e1s vrcholom blaha. Prajeme v\u00e1m \u00faspe\u0161n\u00fa sez\u00f3nu a rados\u0165 zo \u017eivota.<\/p>\n","protected":false},"excerpt":{"rendered":"<p>Pred zimou ste bicykel spo\u013eahlivo zazimovali, no a po p\u00e1r mesiacoch, ke\u010f oddychoval v pivnici \u010di gar\u00e1\u017ei, je na\u010dase ho [&hellip;]<\/p>\n","protected":false},"author":172,"featured_media":17057,"comment_status":"open","ping_status":"open","sticky":false,"template":"","format":"standard","meta":{"footnotes":""},"categories":[191],"tags":[62,559,546,413,636,931,637,631,563,564,290],"global-categories":[1074],"class_list":["post-17056","post","type-post","status-publish","format-standard","has-post-thumbnail","hentry","category-odporucame","tag-bezpecnost","tag-bicykel","tag-cyklistika","tag-jarna-udrzba","tag-mazanie","tag-odporucame","tag-oprava","tag-retaz","tag-servis","tag-starostlivost","tag-udrzba","global-categories-cycling"],"yoast_head":"<!-- This site is optimized with the Yoast SEO Premium plugin v25.3 (Yoast SEO v25.9) - https:\/\/yoast.com\/wordpress\/plugins\/seo\/ -->\n<title>Seri\u00e1l: Ako sa sta\u0165 cyklistom - 8. Ako spojazdni\u0165 bike do novej sez\u00f3ny<\/title>\n<meta name=\"description\" content=\"Pred zimou ste bicykel spo\u013eahlivo zazimovali. Teraz je v\u0161ak op\u00e4\u0165 na\u010dase ho da\u0165 do stavu, aby ste mohli vyrazi\u0165 do novej sez\u00f3ny.\" \/>\n<meta name=\"robots\" content=\"index, follow, max-snippet:-1, max-image-preview:large, max-video-preview:-1\" \/>\n<link rel=\"canonical\" href=\"https:\/\/www.welovecycling.com\/sk\/2023\/04\/12\/serial-ako-sa-stat-cyklistom-8-ako-spojazdnit-bike-do-novej-sezony\/\" \/>\n<meta property=\"og:locale\" content=\"sk_SK\" \/>\n<meta property=\"og:type\" content=\"article\" \/>\n<meta property=\"og:title\" content=\"Seri\u00e1l: Ako sa sta\u0165 cyklistom - 8. Ako spojazdni\u0165 bike do novej sez\u00f3ny\" \/>\n<meta property=\"og:description\" content=\"Pred zimou ste bicykel spo\u013eahlivo zazimovali. Teraz je v\u0161ak op\u00e4\u0165 na\u010dase ho da\u0165 do stavu, aby ste mohli vyrazi\u0165 do novej sez\u00f3ny.\" \/>\n<meta property=\"og:url\" content=\"https:\/\/www.welovecycling.com\/sk\/2023\/04\/12\/serial-ako-sa-stat-cyklistom-8-ako-spojazdnit-bike-do-novej-sezony\/\" \/>\n<meta property=\"og:site_name\" content=\"\u0160koda We Love Cycling Slovensko\" \/>\n<meta property=\"article:published_time\" content=\"2023-04-12T08:00:44+00:00\" \/>\n<meta property=\"article:modified_time\" content=\"2023-04-12T08:07:43+00:00\" \/>\n<meta property=\"og:image\" content=\"https:\/\/d2p6e6u75xmxt8.cloudfront.net\/4\/2023\/04\/titulka2.webp\" \/>\n\t<meta property=\"og:image:width\" content=\"990\" \/>\n\t<meta property=\"og:image:height\" content=\"660\" \/>\n\t<meta property=\"og:image:type\" content=\"image\/webp\" \/>\n<meta name=\"author\" content=\"dominika\" \/>\n<meta name=\"twitter:card\" content=\"summary_large_image\" \/>\n<meta name=\"twitter:label1\" content=\"Written by\" \/>\n\t<meta name=\"twitter:data1\" content=\"Radovan Vr\u0161ka\" \/>\n\t<meta name=\"twitter:label2\" content=\"Est. reading time\" \/>\n\t<meta name=\"twitter:data2\" content=\"2\" \/>\n<script type=\"application\/ld+json\" class=\"yoast-schema-graph\">{\"@context\":\"https:\/\/schema.org\",\"@graph\":[{\"@type\":\"WebPage\",\"@id\":\"https:\/\/www.welovecycling.com\/sk\/2023\/04\/12\/serial-ako-sa-stat-cyklistom-8-ako-spojazdnit-bike-do-novej-sezony\/\",\"url\":\"https:\/\/www.welovecycling.com\/sk\/2023\/04\/12\/serial-ako-sa-stat-cyklistom-8-ako-spojazdnit-bike-do-novej-sezony\/\",\"name\":\"Seri\u00e1l: Ako sa sta\u0165 cyklistom - 8. Ako spojazdni\u0165 bike do novej sez\u00f3ny\",\"isPartOf\":{\"@id\":\"https:\/\/www.welovecycling.com\/sk\/#website\"},\"primaryImageOfPage\":{\"@id\":\"https:\/\/www.welovecycling.com\/sk\/2023\/04\/12\/serial-ako-sa-stat-cyklistom-8-ako-spojazdnit-bike-do-novej-sezony\/#primaryimage\"},\"image\":{\"@id\":\"https:\/\/www.welovecycling.com\/sk\/2023\/04\/12\/serial-ako-sa-stat-cyklistom-8-ako-spojazdnit-bike-do-novej-sezony\/#primaryimage\"},\"thumbnailUrl\":\"https:\/\/d2p6e6u75xmxt8.cloudfront.net\/4\/2023\/04\/titulka2.webp\",\"datePublished\":\"2023-04-12T08:00:44+00:00\",\"dateModified\":\"2023-04-12T08:07:43+00:00\",\"author\":{\"@id\":\"https:\/\/www.welovecycling.com\/sk\/#\/schema\/person\/533b62b98b6c41bd5135ebfb1f742624\"},\"description\":\"Pred zimou ste bicykel spo\u013eahlivo zazimovali. Teraz je v\u0161ak op\u00e4\u0165 na\u010dase ho da\u0165 do stavu, aby ste mohli vyrazi\u0165 do novej sez\u00f3ny.\",\"breadcrumb\":{\"@id\":\"https:\/\/www.welovecycling.com\/sk\/2023\/04\/12\/serial-ako-sa-stat-cyklistom-8-ako-spojazdnit-bike-do-novej-sezony\/#breadcrumb\"},\"inLanguage\":\"sk-SK\",\"potentialAction\":[{\"@type\":\"ReadAction\",\"target\":[\"https:\/\/www.welovecycling.com\/sk\/2023\/04\/12\/serial-ako-sa-stat-cyklistom-8-ako-spojazdnit-bike-do-novej-sezony\/\"]}]},{\"@type\":\"ImageObject\",\"inLanguage\":\"sk-SK\",\"@id\":\"https:\/\/www.welovecycling.com\/sk\/2023\/04\/12\/serial-ako-sa-stat-cyklistom-8-ako-spojazdnit-bike-do-novej-sezony\/#primaryimage\",\"url\":\"https:\/\/d2p6e6u75xmxt8.cloudfront.net\/4\/2023\/04\/titulka2.webp\",\"contentUrl\":\"https:\/\/d2p6e6u75xmxt8.cloudfront.net\/4\/2023\/04\/titulka2.webp\",\"width\":990,\"height\":660,\"caption\":\"zdroj: pixabay.com\"},{\"@type\":\"BreadcrumbList\",\"@id\":\"https:\/\/www.welovecycling.com\/sk\/2023\/04\/12\/serial-ako-sa-stat-cyklistom-8-ako-spojazdnit-bike-do-novej-sezony\/#breadcrumb\",\"itemListElement\":[{\"@type\":\"ListItem\",\"position\":1,\"name\":\"Home\",\"item\":\"https:\/\/www.welovecycling.com\/sk\/\"},{\"@type\":\"ListItem\",\"position\":2,\"name\":\"Seri\u00e1l: Ako sa sta\u0165 cyklistom &#8211; 8. Ako spojazdni\u0165 bike do novej sez\u00f3ny\"}]},{\"@type\":\"WebSite\",\"@id\":\"https:\/\/www.welovecycling.com\/sk\/#website\",\"url\":\"https:\/\/www.welovecycling.com\/sk\/\",\"name\":\"\u0160koda We Love Cycling Slovensko\",\"description\":\"\u0160koda We Love Cycling Slovensko je v\u00e1\u0161 ka\u017edodenn\u00fd zdroj noviniek a in\u0161pir\u00e1cie z sveta cyklistiky\",\"potentialAction\":[{\"@type\":\"SearchAction\",\"target\":{\"@type\":\"EntryPoint\",\"urlTemplate\":\"https:\/\/www.welovecycling.com\/sk\/?s={search_term_string}\"},\"query-input\":{\"@type\":\"PropertyValueSpecification\",\"valueRequired\":true,\"valueName\":\"search_term_string\"}}],\"inLanguage\":\"sk-SK\"},{\"@type\":\"Person\",\"@id\":\"https:\/\/www.welovecycling.com\/sk\/#\/schema\/person\/533b62b98b6c41bd5135ebfb1f742624\",\"name\":\"dominika\",\"image\":{\"@type\":\"ImageObject\",\"inLanguage\":\"sk-SK\",\"@id\":\"https:\/\/www.welovecycling.com\/sk\/#\/schema\/person\/image\/\",\"url\":\"https:\/\/secure.gravatar.com\/avatar\/ded6f274ba2ec3e17fff153f7d9d96a4b33c2cb63907f75d9a5309c599a7f3e6?s=96&d=mm&r=g\",\"contentUrl\":\"https:\/\/secure.gravatar.com\/avatar\/ded6f274ba2ec3e17fff153f7d9d96a4b33c2cb63907f75d9a5309c599a7f3e6?s=96&d=mm&r=g\",\"caption\":\"dominika\"},\"url\":\"https:\/\/www.welovecycling.com\/sk\/author\/dominika\/\"}]}<\/script>\n<!-- \/ Yoast SEO Premium plugin. -->","yoast_head_json":{"title":"Seri\u00e1l: Ako sa sta\u0165 cyklistom - 8. Ako spojazdni\u0165 bike do novej sez\u00f3ny","description":"Pred zimou ste bicykel spo\u013eahlivo zazimovali. Teraz je v\u0161ak op\u00e4\u0165 na\u010dase ho da\u0165 do stavu, aby ste mohli vyrazi\u0165 do novej sez\u00f3ny.","robots":{"index":"index","follow":"follow","max-snippet":"max-snippet:-1","max-image-preview":"max-image-preview:large","max-video-preview":"max-video-preview:-1"},"canonical":"https:\/\/www.welovecycling.com\/sk\/2023\/04\/12\/serial-ako-sa-stat-cyklistom-8-ako-spojazdnit-bike-do-novej-sezony\/","og_locale":"sk_SK","og_type":"article","og_title":"Seri\u00e1l: Ako sa sta\u0165 cyklistom - 8. Ako spojazdni\u0165 bike do novej sez\u00f3ny","og_description":"Pred zimou ste bicykel spo\u013eahlivo zazimovali. Teraz je v\u0161ak op\u00e4\u0165 na\u010dase ho da\u0165 do stavu, aby ste mohli vyrazi\u0165 do novej sez\u00f3ny.","og_url":"https:\/\/www.welovecycling.com\/sk\/2023\/04\/12\/serial-ako-sa-stat-cyklistom-8-ako-spojazdnit-bike-do-novej-sezony\/","og_site_name":"\u0160koda We Love Cycling Slovensko","article_published_time":"2023-04-12T08:00:44+00:00","article_modified_time":"2023-04-12T08:07:43+00:00","og_image":[{"width":990,"height":660,"url":"https:\/\/d2p6e6u75xmxt8.cloudfront.net\/4\/2023\/04\/titulka2.webp","type":"image\/webp"}],"author":"dominika","twitter_card":"summary_large_image","twitter_misc":{"Written by":"Radovan Vr\u0161ka","Est. reading time":"2"},"schema":{"@context":"https:\/\/schema.org","@graph":[{"@type":"WebPage","@id":"https:\/\/www.welovecycling.com\/sk\/2023\/04\/12\/serial-ako-sa-stat-cyklistom-8-ako-spojazdnit-bike-do-novej-sezony\/","url":"https:\/\/www.welovecycling.com\/sk\/2023\/04\/12\/serial-ako-sa-stat-cyklistom-8-ako-spojazdnit-bike-do-novej-sezony\/","name":"Seri\u00e1l: Ako sa sta\u0165 cyklistom - 8. Ako spojazdni\u0165 bike do novej sez\u00f3ny","isPartOf":{"@id":"https:\/\/www.welovecycling.com\/sk\/#website"},"primaryImageOfPage":{"@id":"https:\/\/www.welovecycling.com\/sk\/2023\/04\/12\/serial-ako-sa-stat-cyklistom-8-ako-spojazdnit-bike-do-novej-sezony\/#primaryimage"},"image":{"@id":"https:\/\/www.welovecycling.com\/sk\/2023\/04\/12\/serial-ako-sa-stat-cyklistom-8-ako-spojazdnit-bike-do-novej-sezony\/#primaryimage"},"thumbnailUrl":"https:\/\/d2p6e6u75xmxt8.cloudfront.net\/4\/2023\/04\/titulka2.webp","datePublished":"2023-04-12T08:00:44+00:00","dateModified":"2023-04-12T08:07:43+00:00","author":{"@id":"https:\/\/www.welovecycling.com\/sk\/#\/schema\/person\/533b62b98b6c41bd5135ebfb1f742624"},"description":"Pred zimou ste bicykel spo\u013eahlivo zazimovali. Teraz je v\u0161ak op\u00e4\u0165 na\u010dase ho da\u0165 do stavu, aby ste mohli vyrazi\u0165 do novej sez\u00f3ny.","breadcrumb":{"@id":"https:\/\/www.welovecycling.com\/sk\/2023\/04\/12\/serial-ako-sa-stat-cyklistom-8-ako-spojazdnit-bike-do-novej-sezony\/#breadcrumb"},"inLanguage":"sk-SK","potentialAction":[{"@type":"ReadAction","target":["https:\/\/www.welovecycling.com\/sk\/2023\/04\/12\/serial-ako-sa-stat-cyklistom-8-ako-spojazdnit-bike-do-novej-sezony\/"]}]},{"@type":"ImageObject","inLanguage":"sk-SK","@id":"https:\/\/www.welovecycling.com\/sk\/2023\/04\/12\/serial-ako-sa-stat-cyklistom-8-ako-spojazdnit-bike-do-novej-sezony\/#primaryimage","url":"https:\/\/d2p6e6u75xmxt8.cloudfront.net\/4\/2023\/04\/titulka2.webp","contentUrl":"https:\/\/d2p6e6u75xmxt8.cloudfront.net\/4\/2023\/04\/titulka2.webp","width":990,"height":660,"caption":"zdroj: pixabay.com"},{"@type":"BreadcrumbList","@id":"https:\/\/www.welovecycling.com\/sk\/2023\/04\/12\/serial-ako-sa-stat-cyklistom-8-ako-spojazdnit-bike-do-novej-sezony\/#breadcrumb","itemListElement":[{"@type":"ListItem","position":1,"name":"Home","item":"https:\/\/www.welovecycling.com\/sk\/"},{"@type":"ListItem","position":2,"name":"Seri\u00e1l: Ako sa sta\u0165 cyklistom &#8211; 8. Ako spojazdni\u0165 bike do novej sez\u00f3ny"}]},{"@type":"WebSite","@id":"https:\/\/www.welovecycling.com\/sk\/#website","url":"https:\/\/www.welovecycling.com\/sk\/","name":"\u0160koda We Love Cycling Slovensko","description":"\u0160koda We Love Cycling Slovensko je v\u00e1\u0161 ka\u017edodenn\u00fd zdroj noviniek a in\u0161pir\u00e1cie z sveta cyklistiky","potentialAction":[{"@type":"SearchAction","target":{"@type":"EntryPoint","urlTemplate":"https:\/\/www.welovecycling.com\/sk\/?s={search_term_string}"},"query-input":{"@type":"PropertyValueSpecification","valueRequired":true,"valueName":"search_term_string"}}],"inLanguage":"sk-SK"},{"@type":"Person","@id":"https:\/\/www.welovecycling.com\/sk\/#\/schema\/person\/533b62b98b6c41bd5135ebfb1f742624","name":"dominika","image":{"@type":"ImageObject","inLanguage":"sk-SK","@id":"https:\/\/www.welovecycling.com\/sk\/#\/schema\/person\/image\/","url":"https:\/\/secure.gravatar.com\/avatar\/ded6f274ba2ec3e17fff153f7d9d96a4b33c2cb63907f75d9a5309c599a7f3e6?s=96&d=mm&r=g","contentUrl":"https:\/\/secure.gravatar.com\/avatar\/ded6f274ba2ec3e17fff153f7d9d96a4b33c2cb63907f75d9a5309c599a7f3e6?s=96&d=mm&r=g","caption":"dominika"},"url":"https:\/\/www.welovecycling.com\/sk\/author\/dominika\/"}]}},"_links":{"self":[{"href":"https:\/\/www.welovecycling.com\/sk\/wp-json\/wp\/v2\/posts\/17056","targetHints":{"allow":["GET"]}}],"collection":[{"href":"https:\/\/www.welovecycling.com\/sk\/wp-json\/wp\/v2\/posts"}],"about":[{"href":"https:\/\/www.welovecycling.com\/sk\/wp-json\/wp\/v2\/types\/post"}],"author":[{"embeddable":true,"href":"https:\/\/www.welovecycling.com\/sk\/wp-json\/wp\/v2\/users\/172"}],"replies":[{"embeddable":true,"href":"https:\/\/www.welovecycling.com\/sk\/wp-json\/wp\/v2\/comments?post=17056"}],"version-history":[{"count":4,"href":"https:\/\/www.welovecycling.com\/sk\/wp-json\/wp\/v2\/posts\/17056\/revisions"}],"predecessor-version":[{"id":17062,"href":"https:\/\/www.welovecycling.com\/sk\/wp-json\/wp\/v2\/posts\/17056\/revisions\/17062"}],"wp:featuredmedia":[{"embeddable":true,"href":"https:\/\/www.welovecycling.com\/sk\/wp-json\/wp\/v2\/media\/17057"}],"wp:attachment":[{"href":"https:\/\/www.welovecycling.com\/sk\/wp-json\/wp\/v2\/media?parent=17056"}],"wp:term":[{"taxonomy":"category","embeddable":true,"href":"https:\/\/www.welovecycling.com\/sk\/wp-json\/wp\/v2\/categories?post=17056"},{"taxonomy":"post_tag","embeddable":true,"href":"https:\/\/www.welovecycling.com\/sk\/wp-json\/wp\/v2\/tags?post=17056"},{"taxonomy":"global-categories","embeddable":true,"href":"https:\/\/www.welovecycling.com\/sk\/wp-json\/wp\/v2\/global-categories?post=17056"}],"curies":[{"name":"wp","href":"https:\/\/api.w.org\/{rel}","templated":true}]}}