{"id":17020,"date":"2023-04-05T09:00:42","date_gmt":"2023-04-05T07:00:42","guid":{"rendered":"https:\/\/www.welovecycling.com\/sk\/?p=17020"},"modified":"2023-04-13T11:15:33","modified_gmt":"2023-04-13T09:15:33","slug":"april-2023-kde-sa-bude-pretekat-vo-svete","status":"publish","type":"post","link":"https:\/\/www.welovecycling.com\/sk\/2023\/04\/05\/april-2023-kde-sa-bude-pretekat-vo-svete\/","title":{"rendered":"Apr\u00edl 2023 \u2013 kde sa bude preteka\u0165 vo svete"},"content":{"rendered":"<p><strong>Pozreli sme sa do okolit\u00fdch kraj\u00edn, kde bud\u00fa zauj\u00edmav\u00e9 cyklistick\u00e9 akcie, aby ste mohli naplno od\u0161tartova\u0165 nov\u00fa sez\u00f3nu. Je na v\u00e1s, \u010di sa ich z\u00fa\u010dastn\u00edte ako pretek\u00e1ri, alebo ako fan\u00fa\u0161ikovia.<\/strong><!--more--><\/p>\n<h2><em><strong>Horsk\u00e1 cyklistika<\/strong><\/em><\/h2>\n<h2><strong>Bikerennen Arbon, \u0160vaj\u010diarsko &#8211; 08. 04. 2023<\/strong><\/h2>\n<p>Od roku 2015 je trad\u00edciou, \u017ee preteky sa konaj\u00fa na Bielu sobotu a u\u017e po \u00f4smykr\u00e1t ich organizuje cyklistick\u00fd klub Arbon. <strong>Tra\u0165 je dlh\u00e1 3,3 km a vedie po po\u013en\u00fdch cest\u00e1ch, l\u00fakami aj lesom.<\/strong> M\u00e1 charakteristick\u00e9 r\u00fdchle singletracky a jej prev\u00fd\u0161enie je len 50 metrov. Meste\u010dko Arbon je ozna\u010dovan\u00e9 aj ako Pompeje v\u00fdchodn\u00e9ho \u0160vaj\u010diarska, tak sa ur\u010dite oplat\u00ed nav\u0161t\u00edvi\u0165 tento kraj.<\/p>\n<p><iframe loading=\"lazy\" title=\"YouTube video player\" src=\"https:\/\/www.youtube-nocookie.com\/embed\/U4gXZVgrPnY\" width=\"800\" height=\"450\" frameborder=\"0\" allowfullscreen=\"allowfullscreen\"><\/iframe><\/p>\n<h2><strong>iXS European Downhill Cup, Chorv\u00e1tsko &#8211; 14. 04. 2023 &#8211; 16. 04. 2023<\/strong><\/h2>\n<p>Apr\u00edlov\u00e9 term\u00edny u\u017e tradi\u010dne patria pretekom v Chorv\u00e1tsku a je to jedine\u010dn\u00e1 mo\u017enos\u0165 pre t\u00fdch, ktor\u00ed t\u00fato destin\u00e1ciu maj\u00fa radi, aby tu za\u017eili nie\u010do nov\u00e9. <strong>T\u00e1to downhillov\u00e1 tra\u0165 je n\u00e1ro\u010dn\u00e1 a prever\u00ed nielen jazdcov ale aj ich vybavenie.<\/strong> Samozrejmos\u0165ou je, \u017ee tra\u0165 v d\u013a\u017eke 1,3 km sa oproti minul\u00e9mu roku trochu zmen\u00ed a ur\u010dite pribudn\u00fa nov\u00e9 zauj\u00edmav\u00e9 \u00faseky. Organiz\u00e1tori s\u013eubuj\u00fa aj \u00fa\u010das\u0165 niektor\u00fdch jazdcov svetov\u00e9ho poh\u00e1ra.<\/p>\n<p><iframe loading=\"lazy\" title=\"YouTube video player\" src=\"https:\/\/www.youtube-nocookie.com\/embed\/0mUobZPUQfo\" width=\"800\" height=\"450\" frameborder=\"0\" allowfullscreen=\"allowfullscreen\"><\/iframe><\/p>\n<h2><strong>4 Islands Stage Race, Chorv\u00e1tsko, Baska, Rab, Merag, Lo\u0161inj &#8211; 18. 04. 2023 &#8211; 22. 04. 2023<\/strong><\/h2>\n<p>E\u0161te raz Chorv\u00e1tsko a jeho Kvarnersk\u00e9 ostrovy. Je to epick\u00fd 5 d\u0148ov\u00fd marat\u00f3n, po\u010das ktor\u00e9ho prejdete nieko\u013eko ostrovov. <strong>Celkov\u00e1 d\u013a\u017eka je 289 km a prev\u00fd\u0161enie 6 022 m. Povrch tu je \u201cdrsn\u00fd\u201d, pokryt\u00fd kame\u0148mi a kore\u0148mi.<\/strong> Viac ako 2 000 horsk\u00fdch cyklistov nechalo na t\u00fdchto tratiach svoju krv, pot a slzy, ke\u010f prekon\u00e1vali limity, aby z\u00edskali svoje kone\u010dn\u00e9 medaily. Zauj\u00edmavos\u0165ou je, \u017ee preteky za\u010d\u00ednaj\u00fa na palube trajektu a \u0161tart odp\u00edska lodn\u00e1 sir\u00e9na.<\/p>\n<p><iframe loading=\"lazy\" title=\"YouTube video player\" src=\"https:\/\/www.youtube-nocookie.com\/embed\/FZecgOdUnB8\" width=\"800\" height=\"450\" frameborder=\"0\" allowfullscreen=\"allowfullscreen\"><\/iframe><\/p>\n<h2><strong>International MTB Bundesliga, Nemecko, Heubach &#8211; 22. 04. 2023 &#8211; 23. 04. 2023<\/strong><\/h2>\n<p>Dvojd\u0148ov\u00fd program je pln\u00fd atrakt\u00edvnych kateg\u00f3ri\u00ed. V sobotu je na hlavnom programe marat\u00f3n, ale aj kvalifik\u00e1cia na pumptracku, enduro a XCO okruhy \u017eiakov. V nede\u013eu v\u00e1s \u010dakaj\u00fa kateg\u00f3rie UCI Junior a XCO Bundesliga. <strong>Pripraven\u00fd je aj bohat\u00fd sprievodn\u00fd program \u010di u\u017e hudobn\u00e9 vyst\u00fapenia alebo dirt-jump show.<\/strong> Pr\u00ed\u010fte si u\u017ei\u0165 tento sviatok cyklistiky v meste\u010dku Heubach ne\u010faleko \u0160tuttgartu.<\/p>\n<p><iframe loading=\"lazy\" title=\"YouTube video player\" src=\"https:\/\/www.youtube-nocookie.com\/embed\/W3m1UjjB0ww\" width=\"800\" height=\"450\" frameborder=\"0\" allowfullscreen=\"allowfullscreen\"><\/iframe><\/p>\n<h2><em><strong>Cestn\u00e1 cyklistka<\/strong><\/em><\/h2>\n<h2><strong>Paris-Roubaix Femmes, Franc\u00fazsko &#8211; 08. 04. 2023<\/strong><\/h2>\n<p>Jarn\u00e1 klasika rozdelen\u00e1 na dva dni, pri\u010dom prv\u00fd de\u0148 patr\u00ed \u017een\u00e1m. Pretek\u00e1rky \u010dak\u00e1 145,5 km dlh\u00e1 tra\u0165, ktor\u00e1 za\u010d\u00edna v meste\u010dku Denain, ktor\u00e9 je vzdialen\u00e9 dve hodiny od Par\u00ed\u017ea. <strong>Cie\u013e je samozrejme, kde inde, ako v Roubaix a u\u017e teraz sa te\u0161\u00edme na toto ve\u013ek\u00e9 fin\u00e1le na velodr\u00f3me.<\/strong> Pretekov sa z\u00fa\u010dastn\u00ed 24 t\u00edmov, rovnako ako v prech\u00e1dzaj\u00facom roku a sme zvedav\u00ed, \u010di sa Elise Longo Borghini podar\u00ed zopakova\u0165 minuloro\u010dn\u00e9 v\u00ed\u0165azstvo.<\/p>\n<p><iframe loading=\"lazy\" title=\"YouTube video player\" src=\"https:\/\/www.youtube-nocookie.com\/embed\/YfxsSeLHptI\" width=\"800\" height=\"450\" frameborder=\"0\" allowfullscreen=\"allowfullscreen\"><\/iframe><\/p>\n<h2><strong>Paris-Roubaix, Franc\u00fazsko &#8211; 09. 04. 2023<\/strong><\/h2>\n<p>Sledovanie tejto klasiky nevynech\u00e1 ani jeden fan\u00fa\u0161ik cyklistiky.<strong> Jazdcov \u010dak\u00e1 257 km dlh\u00e1 tra\u0165, ktor\u00e1 klasicky prever\u00ed ich schopnosti a nielen fyzick\u00e9, ale aj psychick\u00e9.<\/strong> Uvid\u00edme, ak\u00e9 po\u010dasie si organiz\u00e1tori \u201cpripravili\u201d, ale v ka\u017edom pr\u00edpade to bude ve\u013ekolep\u00fd z\u00e1\u017eitok. Roubaix je u\u017e dlh\u00e9 roky krajom cyklistiky a na jeho dla\u017eobn\u00fdch kock\u00e1ch budeme sledova\u0165 cyklistick\u00fa elitu s\u00fa\u010dasnej doby.<\/p>\n<p><iframe loading=\"lazy\" title=\"YouTube video player\" src=\"https:\/\/www.youtube-nocookie.com\/embed\/5ir0Ptzmplw\" width=\"800\" height=\"450\" frameborder=\"0\" allowfullscreen=\"allowfullscreen\"><\/iframe><\/p>\n<h2><strong>Presidential Cycling Tour of T\u00fcrkiye, Turecko &#8211; 23. 04. 2023 &#8211; 30. 04. 2023<\/strong><\/h2>\n<p>Viacd\u0148ov\u00e9 etapov\u00e9 preteky sa konaj\u00fa v <a href=\"https:\/\/www.tourofturkiye.org.tr\/EN\" target=\"_blank\" rel=\"noopener\">Turecku <\/a>u\u017e od roku 1963. Tento rok maj\u00fa svoj 57. ro\u010dn\u00edk a v 8 etap\u00e1ch jazdci prejd\u00fa 135 a\u017e 205 km denne. <strong>Preteky boli ned\u00e1vno zaraden\u00e9 aj do kateg\u00f3rie World Tour, v\u010faka \u010domu sa bud\u00fa vysiela\u0165 na \u0161portov\u00fdch kan\u00e1loch v mnoh\u00fdch krajin\u00e1ch.<\/strong> Pr\u00ed\u010fte spozna\u0165 zauj\u00edmav\u00fa krajinu, akou Turecko ur\u010dite je.<\/p>\n<p><iframe loading=\"lazy\" title=\"YouTube video player\" src=\"https:\/\/www.youtube-nocookie.com\/embed\/OHXSAYj4nEA\" width=\"800\" height=\"450\" frameborder=\"0\" allowfullscreen=\"allowfullscreen\"><\/iframe><\/p>\n<h2><strong>Gracia, \u010cesk\u00e1 republika &#8211; 27. 04. 2023 &#8211; 30. 04. 2023<\/strong><\/h2>\n<p>Tieto etapov\u00e9 preteky \u017eien oslavuj\u00fa u\u017e svoj 35. ro\u010dn\u00edk a pravidelne sa ho z\u00fa\u010dast\u0148uje okolo 120 pretek\u00e1rok. <strong>\u010cak\u00e1 ich p\u00e4\u0165 dn\u00ed na koles\u00e1ch, z toho jedna \u010dasovka a ve\u013ek\u00e9 fin\u00e1le na okruhu v meste Orlov\u00e1.<\/strong> Celkov\u00e1 d\u013a\u017eka trate je 377,1 km a postav\u00ed sa na \u0148u 25 t\u00edmov z okolit\u00fdch kraj\u00edn, ale aj z Est\u00f3nska \u010di Uzbekistanu. Preteky Gracia s\u00fa jedn\u00fdmi z t\u00fdch, ktor\u00e9 ka\u017edoro\u010dne zvidite\u013e\u0148uj\u00fa \u017eensk\u00fa cyklistiku.<\/p>\n<p><iframe loading=\"lazy\" title=\"YouTube video player\" src=\"https:\/\/www.youtube-nocookie.com\/embed\/yMhKK6Zizn4\" width=\"800\" height=\"450\" frameborder=\"0\" allowfullscreen=\"allowfullscreen\"><span data-mce-type=\"bookmark\" style=\"display: inline-block; width: 0px; overflow: hidden; line-height: 0;\" class=\"mce_SELRES_start\">\ufeff<\/span><\/iframe><\/p>\n","protected":false},"excerpt":{"rendered":"<p>Pozreli sme sa do okolit\u00fdch kraj\u00edn, kde bud\u00fa zauj\u00edmav\u00e9 cyklistick\u00e9 akcie, aby ste mohli naplno od\u0161tartova\u0165 nov\u00fa sez\u00f3nu. Je na [&hellip;]<\/p>\n","protected":false},"author":172,"featured_media":17022,"comment_status":"open","ping_status":"open","sticky":false,"template":"","format":"standard","meta":{"footnotes":""},"categories":[34],"tags":[478,1474,540,115,1476,331,306,180,412,254,179,1581,642,659,475],"global-categories":[1074],"class_list":["post-17020","post","type-post","status-publish","format-standard","has-post-thumbnail","hentry","category-podujatia","tag-akcia","tag-april","tag-ceska-republika","tag-cestna-cyklistika","tag-chorvatsko","tag-etapove-preteky","tag-francuzsko","tag-horska-cyklistika","tag-mtb","tag-nemecko","tag-preteky","tag-svajciarsko","tag-turecko","tag-zenska-cyklistika","tag-zeny","global-categories-cycling"],"yoast_head":"<!-- This site is optimized with the Yoast SEO Premium plugin v25.3 (Yoast SEO v25.9) - https:\/\/yoast.com\/wordpress\/plugins\/seo\/ -->\n<title>Apr\u00edl 2023 \u2013 kde sa bude preteka\u0165 vo svete<\/title>\n<meta name=\"description\" content=\"Pozreli sme sa do okolit\u00fdch kraj\u00edn, kde bud\u00fa zauj\u00edmav\u00e9 cyklistick\u00e9 akcie, aby ste mohli naplno od\u0161tartova\u0165 nov\u00fa sez\u00f3nu.\" \/>\n<meta name=\"robots\" content=\"index, follow, max-snippet:-1, max-image-preview:large, max-video-preview:-1\" \/>\n<link rel=\"canonical\" href=\"https:\/\/www.welovecycling.com\/sk\/2023\/04\/05\/april-2023-kde-sa-bude-pretekat-vo-svete\/\" \/>\n<meta property=\"og:locale\" content=\"sk_SK\" \/>\n<meta property=\"og:type\" content=\"article\" \/>\n<meta property=\"og:title\" content=\"Apr\u00edl 2023 \u2013 kde sa bude preteka\u0165 vo svete\" \/>\n<meta property=\"og:description\" content=\"Pozreli sme sa do okolit\u00fdch kraj\u00edn, kde bud\u00fa zauj\u00edmav\u00e9 cyklistick\u00e9 akcie, aby ste mohli naplno od\u0161tartova\u0165 nov\u00fa sez\u00f3nu.\" \/>\n<meta property=\"og:url\" content=\"https:\/\/www.welovecycling.com\/sk\/2023\/04\/05\/april-2023-kde-sa-bude-pretekat-vo-svete\/\" \/>\n<meta property=\"og:site_name\" content=\"\u0160koda We Love Cycling Slovensko\" \/>\n<meta property=\"article:published_time\" content=\"2023-04-05T07:00:42+00:00\" \/>\n<meta property=\"article:modified_time\" content=\"2023-04-13T09:15:33+00:00\" \/>\n<meta property=\"og:image\" content=\"https:\/\/d2p6e6u75xmxt8.cloudfront.net\/4\/2023\/04\/titulka.webp\" \/>\n\t<meta property=\"og:image:width\" content=\"990\" \/>\n\t<meta property=\"og:image:height\" content=\"660\" \/>\n\t<meta property=\"og:image:type\" content=\"image\/webp\" \/>\n<meta name=\"author\" content=\"dominika\" \/>\n<meta name=\"twitter:card\" content=\"summary_large_image\" \/>\n<meta name=\"twitter:label1\" content=\"Written by\" \/>\n\t<meta name=\"twitter:data1\" content=\"We Love Cycling\" \/>\n\t<meta name=\"twitter:label2\" content=\"Est. reading time\" \/>\n\t<meta name=\"twitter:data2\" content=\"3\" \/>\n<script type=\"application\/ld+json\" class=\"yoast-schema-graph\">{\"@context\":\"https:\/\/schema.org\",\"@graph\":[{\"@type\":\"WebPage\",\"@id\":\"https:\/\/www.welovecycling.com\/sk\/2023\/04\/05\/april-2023-kde-sa-bude-pretekat-vo-svete\/\",\"url\":\"https:\/\/www.welovecycling.com\/sk\/2023\/04\/05\/april-2023-kde-sa-bude-pretekat-vo-svete\/\",\"name\":\"Apr\u00edl 2023 \u2013 kde sa bude preteka\u0165 vo svete\",\"isPartOf\":{\"@id\":\"https:\/\/www.welovecycling.com\/sk\/#website\"},\"primaryImageOfPage\":{\"@id\":\"https:\/\/www.welovecycling.com\/sk\/2023\/04\/05\/april-2023-kde-sa-bude-pretekat-vo-svete\/#primaryimage\"},\"image\":{\"@id\":\"https:\/\/www.welovecycling.com\/sk\/2023\/04\/05\/april-2023-kde-sa-bude-pretekat-vo-svete\/#primaryimage\"},\"thumbnailUrl\":\"https:\/\/d2p6e6u75xmxt8.cloudfront.net\/4\/2023\/04\/titulka.webp\",\"datePublished\":\"2023-04-05T07:00:42+00:00\",\"dateModified\":\"2023-04-13T09:15:33+00:00\",\"author\":{\"@id\":\"https:\/\/www.welovecycling.com\/sk\/#\/schema\/person\/533b62b98b6c41bd5135ebfb1f742624\"},\"description\":\"Pozreli sme sa do okolit\u00fdch kraj\u00edn, kde bud\u00fa zauj\u00edmav\u00e9 cyklistick\u00e9 akcie, aby ste mohli naplno od\u0161tartova\u0165 nov\u00fa sez\u00f3nu.\",\"breadcrumb\":{\"@id\":\"https:\/\/www.welovecycling.com\/sk\/2023\/04\/05\/april-2023-kde-sa-bude-pretekat-vo-svete\/#breadcrumb\"},\"inLanguage\":\"sk-SK\",\"potentialAction\":[{\"@type\":\"ReadAction\",\"target\":[\"https:\/\/www.welovecycling.com\/sk\/2023\/04\/05\/april-2023-kde-sa-bude-pretekat-vo-svete\/\"]}]},{\"@type\":\"ImageObject\",\"inLanguage\":\"sk-SK\",\"@id\":\"https:\/\/www.welovecycling.com\/sk\/2023\/04\/05\/april-2023-kde-sa-bude-pretekat-vo-svete\/#primaryimage\",\"url\":\"https:\/\/d2p6e6u75xmxt8.cloudfront.net\/4\/2023\/04\/titulka.webp\",\"contentUrl\":\"https:\/\/d2p6e6u75xmxt8.cloudfront.net\/4\/2023\/04\/titulka.webp\",\"width\":990,\"height\":660,\"caption\":\"Siphesihle Wooda Maguban\/Red Bull Content Pool\"},{\"@type\":\"BreadcrumbList\",\"@id\":\"https:\/\/www.welovecycling.com\/sk\/2023\/04\/05\/april-2023-kde-sa-bude-pretekat-vo-svete\/#breadcrumb\",\"itemListElement\":[{\"@type\":\"ListItem\",\"position\":1,\"name\":\"Home\",\"item\":\"https:\/\/www.welovecycling.com\/sk\/\"},{\"@type\":\"ListItem\",\"position\":2,\"name\":\"Apr\u00edl 2023 \u2013 kde sa bude preteka\u0165 vo svete\"}]},{\"@type\":\"WebSite\",\"@id\":\"https:\/\/www.welovecycling.com\/sk\/#website\",\"url\":\"https:\/\/www.welovecycling.com\/sk\/\",\"name\":\"\u0160koda We Love Cycling Slovensko\",\"description\":\"\u0160koda We Love Cycling Slovensko je v\u00e1\u0161 ka\u017edodenn\u00fd zdroj noviniek a in\u0161pir\u00e1cie z sveta cyklistiky\",\"potentialAction\":[{\"@type\":\"SearchAction\",\"target\":{\"@type\":\"EntryPoint\",\"urlTemplate\":\"https:\/\/www.welovecycling.com\/sk\/?s={search_term_string}\"},\"query-input\":{\"@type\":\"PropertyValueSpecification\",\"valueRequired\":true,\"valueName\":\"search_term_string\"}}],\"inLanguage\":\"sk-SK\"},{\"@type\":\"Person\",\"@id\":\"https:\/\/www.welovecycling.com\/sk\/#\/schema\/person\/533b62b98b6c41bd5135ebfb1f742624\",\"name\":\"dominika\",\"image\":{\"@type\":\"ImageObject\",\"inLanguage\":\"sk-SK\",\"@id\":\"https:\/\/www.welovecycling.com\/sk\/#\/schema\/person\/image\/\",\"url\":\"https:\/\/secure.gravatar.com\/avatar\/ded6f274ba2ec3e17fff153f7d9d96a4b33c2cb63907f75d9a5309c599a7f3e6?s=96&d=mm&r=g\",\"contentUrl\":\"https:\/\/secure.gravatar.com\/avatar\/ded6f274ba2ec3e17fff153f7d9d96a4b33c2cb63907f75d9a5309c599a7f3e6?s=96&d=mm&r=g\",\"caption\":\"dominika\"},\"url\":\"https:\/\/www.welovecycling.com\/sk\/author\/dominika\/\"}]}<\/script>\n<!-- \/ Yoast SEO Premium plugin. -->","yoast_head_json":{"title":"Apr\u00edl 2023 \u2013 kde sa bude preteka\u0165 vo svete","description":"Pozreli sme sa do okolit\u00fdch kraj\u00edn, kde bud\u00fa zauj\u00edmav\u00e9 cyklistick\u00e9 akcie, aby ste mohli naplno od\u0161tartova\u0165 nov\u00fa sez\u00f3nu.","robots":{"index":"index","follow":"follow","max-snippet":"max-snippet:-1","max-image-preview":"max-image-preview:large","max-video-preview":"max-video-preview:-1"},"canonical":"https:\/\/www.welovecycling.com\/sk\/2023\/04\/05\/april-2023-kde-sa-bude-pretekat-vo-svete\/","og_locale":"sk_SK","og_type":"article","og_title":"Apr\u00edl 2023 \u2013 kde sa bude preteka\u0165 vo svete","og_description":"Pozreli sme sa do okolit\u00fdch kraj\u00edn, kde bud\u00fa zauj\u00edmav\u00e9 cyklistick\u00e9 akcie, aby ste mohli naplno od\u0161tartova\u0165 nov\u00fa sez\u00f3nu.","og_url":"https:\/\/www.welovecycling.com\/sk\/2023\/04\/05\/april-2023-kde-sa-bude-pretekat-vo-svete\/","og_site_name":"\u0160koda We Love Cycling Slovensko","article_published_time":"2023-04-05T07:00:42+00:00","article_modified_time":"2023-04-13T09:15:33+00:00","og_image":[{"width":990,"height":660,"url":"https:\/\/d2p6e6u75xmxt8.cloudfront.net\/4\/2023\/04\/titulka.webp","type":"image\/webp"}],"author":"dominika","twitter_card":"summary_large_image","twitter_misc":{"Written by":"We Love Cycling","Est. reading time":"3"},"schema":{"@context":"https:\/\/schema.org","@graph":[{"@type":"WebPage","@id":"https:\/\/www.welovecycling.com\/sk\/2023\/04\/05\/april-2023-kde-sa-bude-pretekat-vo-svete\/","url":"https:\/\/www.welovecycling.com\/sk\/2023\/04\/05\/april-2023-kde-sa-bude-pretekat-vo-svete\/","name":"Apr\u00edl 2023 \u2013 kde sa bude preteka\u0165 vo svete","isPartOf":{"@id":"https:\/\/www.welovecycling.com\/sk\/#website"},"primaryImageOfPage":{"@id":"https:\/\/www.welovecycling.com\/sk\/2023\/04\/05\/april-2023-kde-sa-bude-pretekat-vo-svete\/#primaryimage"},"image":{"@id":"https:\/\/www.welovecycling.com\/sk\/2023\/04\/05\/april-2023-kde-sa-bude-pretekat-vo-svete\/#primaryimage"},"thumbnailUrl":"https:\/\/d2p6e6u75xmxt8.cloudfront.net\/4\/2023\/04\/titulka.webp","datePublished":"2023-04-05T07:00:42+00:00","dateModified":"2023-04-13T09:15:33+00:00","author":{"@id":"https:\/\/www.welovecycling.com\/sk\/#\/schema\/person\/533b62b98b6c41bd5135ebfb1f742624"},"description":"Pozreli sme sa do okolit\u00fdch kraj\u00edn, kde bud\u00fa zauj\u00edmav\u00e9 cyklistick\u00e9 akcie, aby ste mohli naplno od\u0161tartova\u0165 nov\u00fa sez\u00f3nu.","breadcrumb":{"@id":"https:\/\/www.welovecycling.com\/sk\/2023\/04\/05\/april-2023-kde-sa-bude-pretekat-vo-svete\/#breadcrumb"},"inLanguage":"sk-SK","potentialAction":[{"@type":"ReadAction","target":["https:\/\/www.welovecycling.com\/sk\/2023\/04\/05\/april-2023-kde-sa-bude-pretekat-vo-svete\/"]}]},{"@type":"ImageObject","inLanguage":"sk-SK","@id":"https:\/\/www.welovecycling.com\/sk\/2023\/04\/05\/april-2023-kde-sa-bude-pretekat-vo-svete\/#primaryimage","url":"https:\/\/d2p6e6u75xmxt8.cloudfront.net\/4\/2023\/04\/titulka.webp","contentUrl":"https:\/\/d2p6e6u75xmxt8.cloudfront.net\/4\/2023\/04\/titulka.webp","width":990,"height":660,"caption":"Siphesihle Wooda Maguban\/Red Bull Content Pool"},{"@type":"BreadcrumbList","@id":"https:\/\/www.welovecycling.com\/sk\/2023\/04\/05\/april-2023-kde-sa-bude-pretekat-vo-svete\/#breadcrumb","itemListElement":[{"@type":"ListItem","position":1,"name":"Home","item":"https:\/\/www.welovecycling.com\/sk\/"},{"@type":"ListItem","position":2,"name":"Apr\u00edl 2023 \u2013 kde sa bude preteka\u0165 vo svete"}]},{"@type":"WebSite","@id":"https:\/\/www.welovecycling.com\/sk\/#website","url":"https:\/\/www.welovecycling.com\/sk\/","name":"\u0160koda We Love Cycling Slovensko","description":"\u0160koda We Love Cycling Slovensko je v\u00e1\u0161 ka\u017edodenn\u00fd zdroj noviniek a in\u0161pir\u00e1cie z sveta cyklistiky","potentialAction":[{"@type":"SearchAction","target":{"@type":"EntryPoint","urlTemplate":"https:\/\/www.welovecycling.com\/sk\/?s={search_term_string}"},"query-input":{"@type":"PropertyValueSpecification","valueRequired":true,"valueName":"search_term_string"}}],"inLanguage":"sk-SK"},{"@type":"Person","@id":"https:\/\/www.welovecycling.com\/sk\/#\/schema\/person\/533b62b98b6c41bd5135ebfb1f742624","name":"dominika","image":{"@type":"ImageObject","inLanguage":"sk-SK","@id":"https:\/\/www.welovecycling.com\/sk\/#\/schema\/person\/image\/","url":"https:\/\/secure.gravatar.com\/avatar\/ded6f274ba2ec3e17fff153f7d9d96a4b33c2cb63907f75d9a5309c599a7f3e6?s=96&d=mm&r=g","contentUrl":"https:\/\/secure.gravatar.com\/avatar\/ded6f274ba2ec3e17fff153f7d9d96a4b33c2cb63907f75d9a5309c599a7f3e6?s=96&d=mm&r=g","caption":"dominika"},"url":"https:\/\/www.welovecycling.com\/sk\/author\/dominika\/"}]}},"_links":{"self":[{"href":"https:\/\/www.welovecycling.com\/sk\/wp-json\/wp\/v2\/posts\/17020","targetHints":{"allow":["GET"]}}],"collection":[{"href":"https:\/\/www.welovecycling.com\/sk\/wp-json\/wp\/v2\/posts"}],"about":[{"href":"https:\/\/www.welovecycling.com\/sk\/wp-json\/wp\/v2\/types\/post"}],"author":[{"embeddable":true,"href":"https:\/\/www.welovecycling.com\/sk\/wp-json\/wp\/v2\/users\/172"}],"replies":[{"embeddable":true,"href":"https:\/\/www.welovecycling.com\/sk\/wp-json\/wp\/v2\/comments?post=17020"}],"version-history":[{"count":4,"href":"https:\/\/www.welovecycling.com\/sk\/wp-json\/wp\/v2\/posts\/17020\/revisions"}],"predecessor-version":[{"id":17122,"href":"https:\/\/www.welovecycling.com\/sk\/wp-json\/wp\/v2\/posts\/17020\/revisions\/17122"}],"wp:featuredmedia":[{"embeddable":true,"href":"https:\/\/www.welovecycling.com\/sk\/wp-json\/wp\/v2\/media\/17022"}],"wp:attachment":[{"href":"https:\/\/www.welovecycling.com\/sk\/wp-json\/wp\/v2\/media?parent=17020"}],"wp:term":[{"taxonomy":"category","embeddable":true,"href":"https:\/\/www.welovecycling.com\/sk\/wp-json\/wp\/v2\/categories?post=17020"},{"taxonomy":"post_tag","embeddable":true,"href":"https:\/\/www.welovecycling.com\/sk\/wp-json\/wp\/v2\/tags?post=17020"},{"taxonomy":"global-categories","embeddable":true,"href":"https:\/\/www.welovecycling.com\/sk\/wp-json\/wp\/v2\/global-categories?post=17020"}],"curies":[{"name":"wp","href":"https:\/\/api.w.org\/{rel}","templated":true}]}}