{"id":17005,"date":"2023-04-03T10:00:26","date_gmt":"2023-04-03T08:00:26","guid":{"rendered":"https:\/\/www.welovecycling.com\/sk\/?p=17005"},"modified":"2023-04-03T10:12:24","modified_gmt":"2023-04-03T08:12:24","slug":"april-2023-start-novej-sezony-prisiel-skor-ako-by-sme-cakali","status":"publish","type":"post","link":"https:\/\/www.welovecycling.com\/sk\/2023\/04\/03\/april-2023-start-novej-sezony-prisiel-skor-ako-by-sme-cakali\/","title":{"rendered":"Apr\u00edl 2023 &#8211; \u0161tart novej sez\u00f3ny pri\u0161iel sk\u00f4r, ako by sme \u010dakali"},"content":{"rendered":"<p><strong>Zima je kone\u010dne za nami a u\u017e sa nevieme do\u010dka\u0165 tohtoro\u010dnej cyklistickej sez\u00f3ny. Pripravili sme preh\u013ead zauj\u00edmav\u00fdch akci\u00ed, na ktor\u00fdch by ste nemali ch\u00fdba\u0165 a je jedno, \u010di ako pretek\u00e1ri alebo ako nad\u0161en\u00ed fan\u00fa\u0161ikovia. Pr\u00ed\u010fte vytvori\u0165 skvel\u00fa atmosf\u00e9ru a osl\u00e1vi\u0165 jar, ako sa patr\u00ed.<\/strong><br \/>\n<!--more--><\/p>\n<h2><strong>04. \u2013 30. 04. 2023 Cyklokruhy 2023<\/strong><\/h2>\n<p>Zauj\u00edmav\u00fd form\u00e1t pretekov pon\u00fakaj\u00fa Cyklokruhy. <strong>S\u00fa to individu\u00e1lne jazdy, ktor\u00e9 po\u010das cyklistickej sez\u00f3ny maj\u00fa nieko\u013eko zauj\u00edmav\u00fdch okruhov.<\/strong> Na zber \u010dasov sa pou\u017e\u00edva aplik\u00e1cia <a href=\"https:\/\/www.welovecycling.com\/sk\/2018\/08\/28\/su-skutocne-najblaznivejsie-cyklisticke-rekordy-v-aplikacii-strava\/\" target=\"_blank\" rel=\"noopener\">STRAVA<\/a> a tieto bud\u00fa zverejnen\u00e9 na str\u00e1nke organiz\u00e1tora. Po\u010das mesiaca apr\u00edl to bude \u010dasovka na trati Nem\u0161ov\u00e1 \u2013 Lednick\u00e9 Rovne. Tra\u0165 m\u00e1 d\u013a\u017eku 34 km a prev\u00fd\u0161enie 90 m. Tak\u017ee m\u00e1te na to cel\u00fd mesiac, aby ste si vysk\u00fa\u0161ali svoje sily.<\/p>\n<p><img loading=\"lazy\" decoding=\"async\" class=\"alignnone size-full wp-image-17007\" src=\"https:\/\/d2p6e6u75xmxt8.cloudfront.net\/4\/2023\/03\/01-4.webp\" alt=\"cyklisti v lese\" width=\"990\" height=\"660\" srcset=\"https:\/\/d2p6e6u75xmxt8.cloudfront.net\/4\/2023\/03\/01-4.webp 990w, https:\/\/d2p6e6u75xmxt8.cloudfront.net\/4\/2023\/03\/01-4-300x200.webp 300w, https:\/\/d2p6e6u75xmxt8.cloudfront.net\/4\/2023\/03\/01-4-768x512.webp 768w, https:\/\/d2p6e6u75xmxt8.cloudfront.net\/4\/2023\/03\/01-4-400x267.webp 400w, https:\/\/d2p6e6u75xmxt8.cloudfront.net\/4\/2023\/03\/01-4-272x182.webp 272w\" sizes=\"auto, (max-width: 990px) 100vw, 990px\" \/><\/p>\n<h2><strong>15. 04. 2023 &#8211; Liptov Ride<\/strong><\/h2>\n<p>\u0160tafetov\u00e9 preteky pre skuto\u010dne siln\u00e9 t\u00edmy. Spojenie viacer\u00fdch \u017eivlov prever\u00ed va\u0161u pr\u00edpravu. Preteky za\u010d\u00ednaj\u00fa pr\u00e1ve na bicykloch, kde v\u00e1s na trati v d\u013a\u017eke 21 km prever\u00ed 780 metrov\u00e9 prev\u00fd\u0161enie. <strong>\u0160tafeta pokra\u010duje v skialpe, freeride, behu a cel\u00e9 preteky ukon\u010d\u00ed vodn\u00fd slalom.<\/strong> \u00dalohou cel\u00e9ho t\u00edmu je samozrejme \u010do najlep\u0161\u00ed \u010das a najmen\u0161\u00ed po\u010det trestn\u00fdch sek\u00fand. Odmenou po skon\u010den\u00ed bude nielen pocit z dobr\u00fdch v\u00fdsledkov, ale aj n\u00e1sledn\u00e1 afterparty.<\/p>\n<p><iframe loading=\"lazy\" title=\"YouTube video player\" src=\"https:\/\/www.youtube-nocookie.com\/embed\/OFdIG2pMMkk\" width=\"800\" height=\"450\" frameborder=\"0\" allowfullscreen=\"allowfullscreen\"><\/iframe><\/p>\n<h2><strong>16. 04. 2023 &#8211; Detsk\u00e1 tour Petra Sagana<\/strong><\/h2>\n<p>Jubilejn\u00fd desiaty ro\u010dn\u00edk <a href=\"https:\/\/detskatour.sk\/\" rel=\"noopener\" target=\"_blank\">Detskej Tour Petra Sagana<\/a> za\u010d\u00edna v kr\u00e1snom prostred\u00ed z\u00e1mock\u00e9ho parku v Budmericiach. Po\u010das t\u00fdchto ro\u010dn\u00edkov u\u017e stihlo vyr\u00e1s\u0165 <a href=\"https:\/\/www.welovecycling.com\/sk\/2023\/02\/16\/rozhovor-viktoria-chladonova-ist-do-vsetkeho-naplno-a-plnit-si-svoje-sny\/\" target=\"_blank\" rel=\"noopener\">nieko\u013eko detsk\u00fdch talentov<\/a>, a tak nev\u00e1hajte a umo\u017enite svojim de\u0165om vysk\u00fa\u0161a\u0165 si tieto zauj\u00edmav\u00e9 preteky.<strong> S\u00fa ur\u010den\u00e9 pre v\u0161etky kateg\u00f3rie od t\u00fdch najmen\u0161\u00edch a\u017e po star\u0161\u00edch \u017eiakov a \u017eia\u010dky.<\/strong> V\u010faka okr\u00fahlemu v\u00fdro\u010diu bude ur\u010dite postaran\u00e9 aj o zauj\u00edmav\u00fd sprievodn\u00fd program.<\/p>\n<p><iframe loading=\"lazy\" title=\"YouTube video player\" src=\"https:\/\/www.youtube-nocookie.com\/embed\/C04S4qLNP9M\" width=\"800\" height=\"450\" frameborder=\"0\" allowfullscreen=\"allowfullscreen\"><\/iframe><\/p>\n<h2><strong>23. 04. 2023 &#8211; Merida Road Cup: Prievidzsk\u00fd cyklomarat\u00f3n<\/strong><\/h2>\n<p>Prievidzsk\u00fd cyklomarat\u00f3n oslavuje u\u017e svoj 14. ro\u010dn\u00edk a kona\u0165 sa bude v predposledn\u00fa nede\u013eu v mesiaci.<strong> Pripraven\u00fd je okruh v d\u013a\u017eke 129 km z Prievidze do Topo\u013e\u010dian a p\u00f4jde sa cez okolit\u00e9 meste\u010dk\u00e1 a dediny.<\/strong> Jazdi\u0165 sa bude za otvorenej cestnej prem\u00e1vky, ale samozrejme organiz\u00e1tor zabezpe\u010d\u00ed sprievodn\u00e9 vozidl\u00e1 pre potrebn\u00fa bezpe\u010dnos\u0165 cyklistov. Preteky s\u00fa organizovan\u00e9 pod z\u00e1\u0161titou J\u00e1na Stejskala, mnohon\u00e1sobn\u00e9ho majstra republiky v cestnej cyklistike.<\/p>\n<p><iframe loading=\"lazy\" title=\"YouTube video player\" src=\"https:\/\/www.youtube-nocookie.com\/embed\/DNRPqJeDmeg\" width=\"800\" height=\"450\" frameborder=\"0\" allowfullscreen=\"allowfullscreen\"><\/iframe><\/p>\n<h2><strong>29. 04. 2023 &#8211; \u0160KODA Sv\u00e4tojursk\u00fd MTB marat\u00f3n<\/strong><\/h2>\n<p>Podobne ako Detsk\u00e1 tour Petra Sagana, aj \u0160KODA BIKE OPEN TOUR oslavuje tento rok svoj desiaty ro\u010dn\u00edk. <a href=\"https:\/\/www.welovecycling.com\/sk\/2023\/03\/29\/pozvanka-skoda-svatojursky-mtb-maraton-po-pauze-opat-v-karpatoch\/\" target=\"_blank\" rel=\"noopener\">Prv\u00e9 kolo od\u0161tartuje na konci mesiaca vo Sv\u00e4tom Jure<\/a>, kde sa t\u00e1to s\u00e9ria posledn\u00e9 tri roky nekonala. Pripraven\u00e9 s\u00fa klasick\u00e9 tri trate.<strong> Dlh\u00e1 trasa ma 70 km s prev\u00fd\u0161en\u00edm 2 000 m, stredn\u00e1 trasa 42 km s prev\u00fd\u0161en\u00edm 1 200 m, no a ak s\u00fa to <a href=\"https:\/\/www.welovecycling.com\/sk\/2023\/01\/16\/ako-sa-stat-cyklistom-prve-treningove-mesiace\/\" target=\"_blank\" rel=\"noopener\">va\u0161e prv\u00e9 preteky<\/a>, vysk\u00fa\u0161ajte kr\u00e1tku trasu, ktor\u00e1 ma 21 km a prev\u00fd\u0161enie 550 m.<\/strong> Family trasa m\u00e1 5 km a prev\u00fd\u0161enie 60 m.<\/p>\n<p><iframe loading=\"lazy\" title=\"YouTube video player\" src=\"https:\/\/www.youtube-nocookie.com\/embed\/LeNu8U9BanU\" width=\"800\" height=\"450\" frameborder=\"0\" allowfullscreen=\"allowfullscreen\"><\/iframe><\/p>\n<h2><strong>30. 04. 2023 &#8211; 1. kolo slovensk\u00e9ho poh\u00e1ra v downhille<\/strong><\/h2>\n<p><strong>Prv\u00e9 kolo slovensk\u00e9ho poh\u00e1ra v downhile od\u0161tartuje rovnako ako minul\u00fd rok na Ko\u0161\u00fatke, ktor\u00e1 je zn\u00e1ma svojou r\u00fdchlou tra\u0165ou. <\/strong>Ver\u00edme, \u017ee po\u010dasie nepokaz\u00ed pretek\u00e1rom z\u00e1\u017eitok zo s\u00fa\u0165a\u017eenia. Pr\u00ed\u010f sa nad\u00fdcha\u0165 \u010derstv\u00e9ho horsk\u00e9ho vzduchu, vychutna\u0165 si jazdu po kore\u0148och, kame\u0148och a lesn\u00fdch cest\u00e1ch. Nabi sa adrenal\u00ednom z r\u00fdchlej jazdy a od\u0161tartuj nov\u00fa sez\u00f3nu naplno.<\/p>\n<p><iframe loading=\"lazy\" title=\"YouTube video player\" src=\"https:\/\/www.youtube-nocookie.com\/embed\/Gz98ZcVhebY\" width=\"800\" height=\"450\" frameborder=\"0\" allowfullscreen=\"allowfullscreen\"><\/iframe><\/p>\n","protected":false},"excerpt":{"rendered":"<p>Zima je kone\u010dne za nami a u\u017e sa nevieme do\u010dka\u0165 tohtoro\u010dnej cyklistickej sez\u00f3ny. Pripravili sme preh\u013ead zauj\u00edmav\u00fdch akci\u00ed, na ktor\u00fdch [&hellip;]<\/p>\n","protected":false},"author":172,"featured_media":17006,"comment_status":"open","ping_status":"open","sticky":false,"template":"","format":"standard","meta":{"footnotes":""},"categories":[34],"tags":[478,1474,1566,764,303,732,178,412,46,91,179,1557,35,360],"global-categories":[1074],"class_list":["post-17005","post","type-post","status-publish","format-standard","has-post-thumbnail","hentry","category-podujatia","tag-akcia","tag-april","tag-cyklokruhy","tag-detska-tour-petra-sagana","tag-down-hill","tag-liptov","tag-maraton","tag-mtb","tag-peter-sagan","tag-pozvanka","tag-preteky","tag-sezona-2023","tag-sbot","tag-skoda-svatojursky-mtb-maraton","global-categories-cycling"],"yoast_head":"<!-- This site is optimized with the Yoast SEO Premium plugin v25.3 (Yoast SEO v25.9) - https:\/\/yoast.com\/wordpress\/plugins\/seo\/ -->\n<title>Apr\u00edl 2023 - \u0161tart novej sez\u00f3ny pri\u0161iel sk\u00f4r, ako by sme \u010dakali<\/title>\n<meta name=\"description\" content=\"Zima je kone\u010dne za nami a u\u017e sa nevieme do\u010dka\u0165 tohtoro\u010dnej cyklistickej sez\u00f3ny. Pr\u00ed\u010fte vytvori\u0165 skvel\u00fa atmosf\u00e9ru a osl\u00e1vi\u0165 jar, ako sa patr\u00ed.\" \/>\n<meta name=\"robots\" content=\"index, follow, max-snippet:-1, max-image-preview:large, max-video-preview:-1\" \/>\n<link rel=\"canonical\" href=\"https:\/\/www.welovecycling.com\/sk\/2023\/04\/03\/april-2023-start-novej-sezony-prisiel-skor-ako-by-sme-cakali\/\" \/>\n<meta property=\"og:locale\" content=\"sk_SK\" \/>\n<meta property=\"og:type\" content=\"article\" \/>\n<meta property=\"og:title\" content=\"Apr\u00edl 2023 - \u0161tart novej sez\u00f3ny pri\u0161iel sk\u00f4r, ako by sme \u010dakali\" \/>\n<meta property=\"og:description\" content=\"Zima je kone\u010dne za nami a u\u017e sa nevieme do\u010dka\u0165 tohtoro\u010dnej cyklistickej sez\u00f3ny. Pr\u00ed\u010fte vytvori\u0165 skvel\u00fa atmosf\u00e9ru a osl\u00e1vi\u0165 jar, ako sa patr\u00ed.\" \/>\n<meta property=\"og:url\" content=\"https:\/\/www.welovecycling.com\/sk\/2023\/04\/03\/april-2023-start-novej-sezony-prisiel-skor-ako-by-sme-cakali\/\" \/>\n<meta property=\"og:site_name\" content=\"\u0160koda We Love Cycling Slovensko\" \/>\n<meta property=\"article:published_time\" content=\"2023-04-03T08:00:26+00:00\" \/>\n<meta property=\"article:modified_time\" content=\"2023-04-03T08:12:24+00:00\" \/>\n<meta property=\"og:image\" content=\"https:\/\/d2p6e6u75xmxt8.cloudfront.net\/4\/2023\/03\/titulka-5.webp\" \/>\n\t<meta property=\"og:image:width\" content=\"990\" \/>\n\t<meta property=\"og:image:height\" content=\"660\" \/>\n\t<meta property=\"og:image:type\" content=\"image\/webp\" \/>\n<meta name=\"author\" content=\"dominika\" \/>\n<meta name=\"twitter:card\" content=\"summary_large_image\" \/>\n<meta name=\"twitter:label1\" content=\"Written by\" \/>\n\t<meta name=\"twitter:data1\" content=\"We Love Cycling\" \/>\n\t<meta name=\"twitter:label2\" content=\"Est. reading time\" \/>\n\t<meta name=\"twitter:data2\" content=\"3\" \/>\n<script type=\"application\/ld+json\" class=\"yoast-schema-graph\">{\"@context\":\"https:\/\/schema.org\",\"@graph\":[{\"@type\":\"WebPage\",\"@id\":\"https:\/\/www.welovecycling.com\/sk\/2023\/04\/03\/april-2023-start-novej-sezony-prisiel-skor-ako-by-sme-cakali\/\",\"url\":\"https:\/\/www.welovecycling.com\/sk\/2023\/04\/03\/april-2023-start-novej-sezony-prisiel-skor-ako-by-sme-cakali\/\",\"name\":\"Apr\u00edl 2023 - \u0161tart novej sez\u00f3ny pri\u0161iel sk\u00f4r, ako by sme \u010dakali\",\"isPartOf\":{\"@id\":\"https:\/\/www.welovecycling.com\/sk\/#website\"},\"primaryImageOfPage\":{\"@id\":\"https:\/\/www.welovecycling.com\/sk\/2023\/04\/03\/april-2023-start-novej-sezony-prisiel-skor-ako-by-sme-cakali\/#primaryimage\"},\"image\":{\"@id\":\"https:\/\/www.welovecycling.com\/sk\/2023\/04\/03\/april-2023-start-novej-sezony-prisiel-skor-ako-by-sme-cakali\/#primaryimage\"},\"thumbnailUrl\":\"https:\/\/d2p6e6u75xmxt8.cloudfront.net\/4\/2023\/03\/titulka-5.webp\",\"datePublished\":\"2023-04-03T08:00:26+00:00\",\"dateModified\":\"2023-04-03T08:12:24+00:00\",\"author\":{\"@id\":\"https:\/\/www.welovecycling.com\/sk\/#\/schema\/person\/533b62b98b6c41bd5135ebfb1f742624\"},\"description\":\"Zima je kone\u010dne za nami a u\u017e sa nevieme do\u010dka\u0165 tohtoro\u010dnej cyklistickej sez\u00f3ny. Pr\u00ed\u010fte vytvori\u0165 skvel\u00fa atmosf\u00e9ru a osl\u00e1vi\u0165 jar, ako sa patr\u00ed.\",\"breadcrumb\":{\"@id\":\"https:\/\/www.welovecycling.com\/sk\/2023\/04\/03\/april-2023-start-novej-sezony-prisiel-skor-ako-by-sme-cakali\/#breadcrumb\"},\"inLanguage\":\"sk-SK\",\"potentialAction\":[{\"@type\":\"ReadAction\",\"target\":[\"https:\/\/www.welovecycling.com\/sk\/2023\/04\/03\/april-2023-start-novej-sezony-prisiel-skor-ako-by-sme-cakali\/\"]}]},{\"@type\":\"ImageObject\",\"inLanguage\":\"sk-SK\",\"@id\":\"https:\/\/www.welovecycling.com\/sk\/2023\/04\/03\/april-2023-start-novej-sezony-prisiel-skor-ako-by-sme-cakali\/#primaryimage\",\"url\":\"https:\/\/d2p6e6u75xmxt8.cloudfront.net\/4\/2023\/03\/titulka-5.webp\",\"contentUrl\":\"https:\/\/d2p6e6u75xmxt8.cloudfront.net\/4\/2023\/03\/titulka-5.webp\",\"width\":990,\"height\":660,\"caption\":\"cyklisti na \u0161tarte \u0160BOT\"},{\"@type\":\"BreadcrumbList\",\"@id\":\"https:\/\/www.welovecycling.com\/sk\/2023\/04\/03\/april-2023-start-novej-sezony-prisiel-skor-ako-by-sme-cakali\/#breadcrumb\",\"itemListElement\":[{\"@type\":\"ListItem\",\"position\":1,\"name\":\"Home\",\"item\":\"https:\/\/www.welovecycling.com\/sk\/\"},{\"@type\":\"ListItem\",\"position\":2,\"name\":\"Apr\u00edl 2023 &#8211; \u0161tart novej sez\u00f3ny pri\u0161iel sk\u00f4r, ako by sme \u010dakali\"}]},{\"@type\":\"WebSite\",\"@id\":\"https:\/\/www.welovecycling.com\/sk\/#website\",\"url\":\"https:\/\/www.welovecycling.com\/sk\/\",\"name\":\"\u0160koda We Love Cycling Slovensko\",\"description\":\"\u0160koda We Love Cycling Slovensko je v\u00e1\u0161 ka\u017edodenn\u00fd zdroj noviniek a in\u0161pir\u00e1cie z sveta cyklistiky\",\"potentialAction\":[{\"@type\":\"SearchAction\",\"target\":{\"@type\":\"EntryPoint\",\"urlTemplate\":\"https:\/\/www.welovecycling.com\/sk\/?s={search_term_string}\"},\"query-input\":{\"@type\":\"PropertyValueSpecification\",\"valueRequired\":true,\"valueName\":\"search_term_string\"}}],\"inLanguage\":\"sk-SK\"},{\"@type\":\"Person\",\"@id\":\"https:\/\/www.welovecycling.com\/sk\/#\/schema\/person\/533b62b98b6c41bd5135ebfb1f742624\",\"name\":\"dominika\",\"image\":{\"@type\":\"ImageObject\",\"inLanguage\":\"sk-SK\",\"@id\":\"https:\/\/www.welovecycling.com\/sk\/#\/schema\/person\/image\/\",\"url\":\"https:\/\/secure.gravatar.com\/avatar\/ded6f274ba2ec3e17fff153f7d9d96a4b33c2cb63907f75d9a5309c599a7f3e6?s=96&d=mm&r=g\",\"contentUrl\":\"https:\/\/secure.gravatar.com\/avatar\/ded6f274ba2ec3e17fff153f7d9d96a4b33c2cb63907f75d9a5309c599a7f3e6?s=96&d=mm&r=g\",\"caption\":\"dominika\"},\"url\":\"https:\/\/www.welovecycling.com\/sk\/author\/dominika\/\"}]}<\/script>\n<!-- \/ Yoast SEO Premium plugin. -->","yoast_head_json":{"title":"Apr\u00edl 2023 - \u0161tart novej sez\u00f3ny pri\u0161iel sk\u00f4r, ako by sme \u010dakali","description":"Zima je kone\u010dne za nami a u\u017e sa nevieme do\u010dka\u0165 tohtoro\u010dnej cyklistickej sez\u00f3ny. Pr\u00ed\u010fte vytvori\u0165 skvel\u00fa atmosf\u00e9ru a osl\u00e1vi\u0165 jar, ako sa patr\u00ed.","robots":{"index":"index","follow":"follow","max-snippet":"max-snippet:-1","max-image-preview":"max-image-preview:large","max-video-preview":"max-video-preview:-1"},"canonical":"https:\/\/www.welovecycling.com\/sk\/2023\/04\/03\/april-2023-start-novej-sezony-prisiel-skor-ako-by-sme-cakali\/","og_locale":"sk_SK","og_type":"article","og_title":"Apr\u00edl 2023 - \u0161tart novej sez\u00f3ny pri\u0161iel sk\u00f4r, ako by sme \u010dakali","og_description":"Zima je kone\u010dne za nami a u\u017e sa nevieme do\u010dka\u0165 tohtoro\u010dnej cyklistickej sez\u00f3ny. Pr\u00ed\u010fte vytvori\u0165 skvel\u00fa atmosf\u00e9ru a osl\u00e1vi\u0165 jar, ako sa patr\u00ed.","og_url":"https:\/\/www.welovecycling.com\/sk\/2023\/04\/03\/april-2023-start-novej-sezony-prisiel-skor-ako-by-sme-cakali\/","og_site_name":"\u0160koda We Love Cycling Slovensko","article_published_time":"2023-04-03T08:00:26+00:00","article_modified_time":"2023-04-03T08:12:24+00:00","og_image":[{"width":990,"height":660,"url":"https:\/\/d2p6e6u75xmxt8.cloudfront.net\/4\/2023\/03\/titulka-5.webp","type":"image\/webp"}],"author":"dominika","twitter_card":"summary_large_image","twitter_misc":{"Written by":"We Love Cycling","Est. reading time":"3"},"schema":{"@context":"https:\/\/schema.org","@graph":[{"@type":"WebPage","@id":"https:\/\/www.welovecycling.com\/sk\/2023\/04\/03\/april-2023-start-novej-sezony-prisiel-skor-ako-by-sme-cakali\/","url":"https:\/\/www.welovecycling.com\/sk\/2023\/04\/03\/april-2023-start-novej-sezony-prisiel-skor-ako-by-sme-cakali\/","name":"Apr\u00edl 2023 - \u0161tart novej sez\u00f3ny pri\u0161iel sk\u00f4r, ako by sme \u010dakali","isPartOf":{"@id":"https:\/\/www.welovecycling.com\/sk\/#website"},"primaryImageOfPage":{"@id":"https:\/\/www.welovecycling.com\/sk\/2023\/04\/03\/april-2023-start-novej-sezony-prisiel-skor-ako-by-sme-cakali\/#primaryimage"},"image":{"@id":"https:\/\/www.welovecycling.com\/sk\/2023\/04\/03\/april-2023-start-novej-sezony-prisiel-skor-ako-by-sme-cakali\/#primaryimage"},"thumbnailUrl":"https:\/\/d2p6e6u75xmxt8.cloudfront.net\/4\/2023\/03\/titulka-5.webp","datePublished":"2023-04-03T08:00:26+00:00","dateModified":"2023-04-03T08:12:24+00:00","author":{"@id":"https:\/\/www.welovecycling.com\/sk\/#\/schema\/person\/533b62b98b6c41bd5135ebfb1f742624"},"description":"Zima je kone\u010dne za nami a u\u017e sa nevieme do\u010dka\u0165 tohtoro\u010dnej cyklistickej sez\u00f3ny. Pr\u00ed\u010fte vytvori\u0165 skvel\u00fa atmosf\u00e9ru a osl\u00e1vi\u0165 jar, ako sa patr\u00ed.","breadcrumb":{"@id":"https:\/\/www.welovecycling.com\/sk\/2023\/04\/03\/april-2023-start-novej-sezony-prisiel-skor-ako-by-sme-cakali\/#breadcrumb"},"inLanguage":"sk-SK","potentialAction":[{"@type":"ReadAction","target":["https:\/\/www.welovecycling.com\/sk\/2023\/04\/03\/april-2023-start-novej-sezony-prisiel-skor-ako-by-sme-cakali\/"]}]},{"@type":"ImageObject","inLanguage":"sk-SK","@id":"https:\/\/www.welovecycling.com\/sk\/2023\/04\/03\/april-2023-start-novej-sezony-prisiel-skor-ako-by-sme-cakali\/#primaryimage","url":"https:\/\/d2p6e6u75xmxt8.cloudfront.net\/4\/2023\/03\/titulka-5.webp","contentUrl":"https:\/\/d2p6e6u75xmxt8.cloudfront.net\/4\/2023\/03\/titulka-5.webp","width":990,"height":660,"caption":"cyklisti na \u0161tarte \u0160BOT"},{"@type":"BreadcrumbList","@id":"https:\/\/www.welovecycling.com\/sk\/2023\/04\/03\/april-2023-start-novej-sezony-prisiel-skor-ako-by-sme-cakali\/#breadcrumb","itemListElement":[{"@type":"ListItem","position":1,"name":"Home","item":"https:\/\/www.welovecycling.com\/sk\/"},{"@type":"ListItem","position":2,"name":"Apr\u00edl 2023 &#8211; \u0161tart novej sez\u00f3ny pri\u0161iel sk\u00f4r, ako by sme \u010dakali"}]},{"@type":"WebSite","@id":"https:\/\/www.welovecycling.com\/sk\/#website","url":"https:\/\/www.welovecycling.com\/sk\/","name":"\u0160koda We Love Cycling Slovensko","description":"\u0160koda We Love Cycling Slovensko je v\u00e1\u0161 ka\u017edodenn\u00fd zdroj noviniek a in\u0161pir\u00e1cie z sveta cyklistiky","potentialAction":[{"@type":"SearchAction","target":{"@type":"EntryPoint","urlTemplate":"https:\/\/www.welovecycling.com\/sk\/?s={search_term_string}"},"query-input":{"@type":"PropertyValueSpecification","valueRequired":true,"valueName":"search_term_string"}}],"inLanguage":"sk-SK"},{"@type":"Person","@id":"https:\/\/www.welovecycling.com\/sk\/#\/schema\/person\/533b62b98b6c41bd5135ebfb1f742624","name":"dominika","image":{"@type":"ImageObject","inLanguage":"sk-SK","@id":"https:\/\/www.welovecycling.com\/sk\/#\/schema\/person\/image\/","url":"https:\/\/secure.gravatar.com\/avatar\/ded6f274ba2ec3e17fff153f7d9d96a4b33c2cb63907f75d9a5309c599a7f3e6?s=96&d=mm&r=g","contentUrl":"https:\/\/secure.gravatar.com\/avatar\/ded6f274ba2ec3e17fff153f7d9d96a4b33c2cb63907f75d9a5309c599a7f3e6?s=96&d=mm&r=g","caption":"dominika"},"url":"https:\/\/www.welovecycling.com\/sk\/author\/dominika\/"}]}},"_links":{"self":[{"href":"https:\/\/www.welovecycling.com\/sk\/wp-json\/wp\/v2\/posts\/17005","targetHints":{"allow":["GET"]}}],"collection":[{"href":"https:\/\/www.welovecycling.com\/sk\/wp-json\/wp\/v2\/posts"}],"about":[{"href":"https:\/\/www.welovecycling.com\/sk\/wp-json\/wp\/v2\/types\/post"}],"author":[{"embeddable":true,"href":"https:\/\/www.welovecycling.com\/sk\/wp-json\/wp\/v2\/users\/172"}],"replies":[{"embeddable":true,"href":"https:\/\/www.welovecycling.com\/sk\/wp-json\/wp\/v2\/comments?post=17005"}],"version-history":[{"count":12,"href":"https:\/\/www.welovecycling.com\/sk\/wp-json\/wp\/v2\/posts\/17005\/revisions"}],"predecessor-version":[{"id":17019,"href":"https:\/\/www.welovecycling.com\/sk\/wp-json\/wp\/v2\/posts\/17005\/revisions\/17019"}],"wp:featuredmedia":[{"embeddable":true,"href":"https:\/\/www.welovecycling.com\/sk\/wp-json\/wp\/v2\/media\/17006"}],"wp:attachment":[{"href":"https:\/\/www.welovecycling.com\/sk\/wp-json\/wp\/v2\/media?parent=17005"}],"wp:term":[{"taxonomy":"category","embeddable":true,"href":"https:\/\/www.welovecycling.com\/sk\/wp-json\/wp\/v2\/categories?post=17005"},{"taxonomy":"post_tag","embeddable":true,"href":"https:\/\/www.welovecycling.com\/sk\/wp-json\/wp\/v2\/tags?post=17005"},{"taxonomy":"global-categories","embeddable":true,"href":"https:\/\/www.welovecycling.com\/sk\/wp-json\/wp\/v2\/global-categories?post=17005"}],"curies":[{"name":"wp","href":"https:\/\/api.w.org\/{rel}","templated":true}]}}