{"id":16990,"date":"2023-03-29T10:00:47","date_gmt":"2023-03-29T08:00:47","guid":{"rendered":"https:\/\/www.welovecycling.com\/sk\/?p=16990"},"modified":"2023-05-30T12:20:58","modified_gmt":"2023-05-30T10:20:58","slug":"pozvanka-skoda-svatojursky-mtb-maraton-po-pauze-opat-v-karpatoch","status":"publish","type":"post","link":"https:\/\/www.welovecycling.com\/sk\/2023\/03\/29\/pozvanka-skoda-svatojursky-mtb-maraton-po-pauze-opat-v-karpatoch\/","title":{"rendered":"Pozv\u00e1nka: \u0160koda Sv\u00e4tojursk\u00fd MTB marat\u00f3n &#8211; po pauze op\u00e4\u0165 v Karpatoch"},"content":{"rendered":"<p><span style=\"font-weight: 400;\"><strong>Jubilejn\u00fd 10. ro\u010dn\u00edk s\u00e9rie \u0160koda Bike Open Tour je tu a s \u0148ou sa vracia aj ob\u013e\u00faben\u00fd marat\u00f3n vo Sv\u00e4tom Jure.<\/strong>\u00a0<\/span><!--more--><\/p>\n<p><span style=\"font-weight: 400;\"><strong>Otvorenie popul\u00e1rnej marat\u00f3nskej s\u00e9rie na Slovensku bude 29. apr\u00edla vo Sv\u00e4tom Jure, ktor\u00fd je zn\u00e1my mnoh\u00fdm \u00fa\u010dastn\u00edkom.<\/strong> Po\u010fme sa spolu pozrie\u0165, \u010do n\u00e1s \u010dak\u00e1 a neminie v tento de\u0148. Ak\u00e9 novinky si pre n\u00e1s pripravil organiz\u00e1tor a s\u00e9ria \u0160koda Bike Open Tour? Ako motiv\u00e1cia m\u00f4\u017ee na \u00favod posl\u00fa\u017ei\u0165 <\/span><a href=\"https:\/\/www.welovecycling.com\/sk\/2019\/04\/17\/reportaz-skoda-svatojursky-mtb-maraton-2019-sviezi-start-maratonskej-sezony\/\"><span style=\"font-weight: 400;\">report\u00e1\u017e z posledn\u00e9ho ro\u010dn\u00edka tohto ob\u013e\u00faben\u00e9ho marat\u00f3nu<\/span><\/a><span style=\"font-weight: 400;\">.\u00a0<\/span><\/p>\n<p><img loading=\"lazy\" decoding=\"async\" class=\"alignnone size-full wp-image-16993\" src=\"https:\/\/d2p6e6u75xmxt8.cloudfront.net\/4\/2023\/03\/02_SBOT_WLC_SJ.webp\" alt=\"cyklisti za autom\" width=\"990\" height=\"660\" srcset=\"https:\/\/d2p6e6u75xmxt8.cloudfront.net\/4\/2023\/03\/02_SBOT_WLC_SJ.webp 990w, https:\/\/d2p6e6u75xmxt8.cloudfront.net\/4\/2023\/03\/02_SBOT_WLC_SJ-300x200.webp 300w, https:\/\/d2p6e6u75xmxt8.cloudfront.net\/4\/2023\/03\/02_SBOT_WLC_SJ-768x512.webp 768w, https:\/\/d2p6e6u75xmxt8.cloudfront.net\/4\/2023\/03\/02_SBOT_WLC_SJ-400x267.webp 400w, https:\/\/d2p6e6u75xmxt8.cloudfront.net\/4\/2023\/03\/02_SBOT_WLC_SJ-272x182.webp 272w\" sizes=\"auto, (max-width: 990px) 100vw, 990px\" \/><\/p>\n<h2><strong>Propoz\u00edcie pretekov a prihl\u00e1senie<\/strong><\/h2>\n<p><span style=\"font-weight: 400;\">Samozrejmos\u0165ou bude zachovan\u00fd vysok\u00fd \u0161tandard organiz\u00e1cie pretekov aj s ekologick\u00fdm pr\u00edstupom k \u017eivotn\u00e9mu prostrediu. Samotn\u00fd 14. ro\u010dn\u00edk marat\u00f3nu si pre n\u00e1s pripravil 4 trate s bohatou porciou pre nad\u0161encov, ale aj pre t\u00fdch najmen\u0161\u00edch pretek\u00e1rov. <\/span><a href=\"https:\/\/registrace.sportsoft.cz\/main.aspx?e=2777&amp;lng=sk\"><span style=\"font-weight: 400;\">Prihl\u00e1senie prebieha online<\/span><\/a><span style=\"font-weight: 400;\"> formou so \u0161tartovn\u00fdm 30 \u20ac do 27. apr\u00edla. <\/span><\/p>\n<p><span style=\"font-weight: 400;\"><strong>Pre t\u00fdch, ktor\u00ed sa prihl\u00e1sia do konca marca, bude pripraven\u00fd aj suven\u00edr.<\/strong> Prihl\u00e1senie bude st\u00e1le mo\u017en\u00e9 28. a 29. apr\u00edla, kde v\u00fd\u0161ka \u0161tartovn\u00e9ho bude 35 alebo 40 \u20ac bez n\u00e1roku na \u0161tartovn\u00fd bal\u00ed\u010dek. V cene \u0161tartovn\u00e9ho je zahrnut\u00e9 ob\u010derstvenie na trati, v priestoroch cie\u013ea a ostatn\u00e9 slu\u017eby pre pretek\u00e1rov a ich bicykle<\/span><\/p>\n<p><img loading=\"lazy\" decoding=\"async\" class=\"alignnone size-full wp-image-16994\" src=\"https:\/\/d2p6e6u75xmxt8.cloudfront.net\/4\/2023\/03\/03_SBOT_WLC_SJ.webp\" alt=\"cyklisti\" width=\"990\" height=\"660\" srcset=\"https:\/\/d2p6e6u75xmxt8.cloudfront.net\/4\/2023\/03\/03_SBOT_WLC_SJ.webp 990w, https:\/\/d2p6e6u75xmxt8.cloudfront.net\/4\/2023\/03\/03_SBOT_WLC_SJ-300x200.webp 300w, https:\/\/d2p6e6u75xmxt8.cloudfront.net\/4\/2023\/03\/03_SBOT_WLC_SJ-768x512.webp 768w, https:\/\/d2p6e6u75xmxt8.cloudfront.net\/4\/2023\/03\/03_SBOT_WLC_SJ-400x267.webp 400w, https:\/\/d2p6e6u75xmxt8.cloudfront.net\/4\/2023\/03\/03_SBOT_WLC_SJ-272x182.webp 272w\" sizes=\"auto, (max-width: 990px) 100vw, 990px\" \/><\/p>\n<h2><strong>Trate pre v\u0161etk\u00fdch<\/strong><\/h2>\n<p><span style=\"font-weight: 400;\">T\u00ed, \u010do sa venovali <\/span><a href=\"https:\/\/www.welovecycling.com\/sk\/2022\/02\/16\/ako-si-udrzat-kondicku-aj-pocas-zimy\/\"><span style=\"font-weight: 400;\">tr\u00e9ningu aj po\u010das zimy<\/span><\/a><span style=\"font-weight: 400;\">, ur\u010dite radi zak\u00fasia dlh\u00fa tra\u0165 s porciou 70 kilometrov a prev\u00fd\u0161en\u00edm 2 000 metrov. Stredn\u00e1 tra\u0165 pon\u00faka d\u013a\u017eku 42 kilometrov s 1200 v\u00fd\u0161kov\u00fdmi metrami a t\u00e1to tra\u0165 je ur\u010den\u00e1 aj pre kateg\u00f3riu ebike. Kr\u00e1tka m\u00e1 21 kilometrov s prev\u00fd\u0161en\u00edm 550 metrov a najkrat\u0161ia FAMILY 5 kilometrov s prev\u00fd\u0161en\u00edm do 70 metrov. <strong>FAMILY tra\u0165 je ur\u010den\u00e1 hlavne pre rodiny s de\u0165mi. Tam si dobrodru\u017estvo pretekov m\u00f4\u017eu na vlastnej ko\u017ei vysk\u00fa\u0161a\u0165 deti so svojimi rodi\u010dmi.<\/strong> V tomto pr\u00edpade plat\u00ed \u0161tartovn\u00e9 iba rodi\u010d.\u00a0<\/span><\/p>\n<p><img loading=\"lazy\" decoding=\"async\" class=\"alignnone size-full wp-image-16995\" src=\"https:\/\/d2p6e6u75xmxt8.cloudfront.net\/4\/2023\/03\/04_SBOT_WLC_SJ.webp\" alt=\"mal\u00fd aj ve\u013ek\u00fd cyklisti\" width=\"990\" height=\"660\" srcset=\"https:\/\/d2p6e6u75xmxt8.cloudfront.net\/4\/2023\/03\/04_SBOT_WLC_SJ.webp 990w, https:\/\/d2p6e6u75xmxt8.cloudfront.net\/4\/2023\/03\/04_SBOT_WLC_SJ-300x200.webp 300w, https:\/\/d2p6e6u75xmxt8.cloudfront.net\/4\/2023\/03\/04_SBOT_WLC_SJ-768x512.webp 768w, https:\/\/d2p6e6u75xmxt8.cloudfront.net\/4\/2023\/03\/04_SBOT_WLC_SJ-400x267.webp 400w, https:\/\/d2p6e6u75xmxt8.cloudfront.net\/4\/2023\/03\/04_SBOT_WLC_SJ-272x182.webp 272w\" sizes=\"auto, (max-width: 990px) 100vw, 990px\" \/><\/p>\n<h2><strong>1, 2, 3&#8230;\u0161tart<\/strong><\/h2>\n<p><span style=\"font-weight: 400;\">Samotn\u00fd \u0161tart pretekov bude situovan\u00fd na n\u00e1mest\u00ed vo Sv\u00e4tom Jure a prv\u00fd \u0161tartovn\u00fd v\u00fdstrel zaznie o 10. hodine pre dlh\u00fa tra\u0165. Nesk\u00f4r 10:40 bude pokra\u010dova\u0165 stredn\u00e1 tra\u0165 s kateg\u00f3riou ebike. Ka\u017ed\u00fdch 20 min\u00fat p\u00f4jde \u010fal\u0161ia vlna na strednej a nakoniec na kr\u00e1tkej trase. Kateg\u00f3ria FAMILY \u0161tartuje 11:50, tak\u017ee si jej pretek\u00e1ri m\u00f4\u017eu viac pospa\u0165. \ud83d\ude42 V tom pr\u00edpade nesmieme ale preme\u0161ka\u0165 prezent\u00e1ciu pretekov, ktor\u00e1 bude prebieha\u0165 de\u0148 pred pretekmi 28. apr\u00edla od 16. do 20. hodiny a v de\u0148 pretekov od 8:00 do 11:20. <strong>Prezent\u00e1cia bude prebieha\u0165 na futbalovom \u0161tadi\u00f3ne Sv\u00e4t\u00fd Jur, kde bude aj cie\u013e pretekov.\u00a0<\/strong><\/span><\/p>\n<div id='gallery-1' class='gallery galleryid-16990 gallery-columns-2 gallery-size-full'><figure class='gallery-item'>\n\t\t\t<div class='gallery-icon landscape'>\n\t\t\t\t<a href='https:\/\/d2p6e6u75xmxt8.cloudfront.net\/4\/2023\/03\/08_SBOT_WLC_SJ.webp'><img loading=\"lazy\" decoding=\"async\" width=\"990\" height=\"660\" src=\"https:\/\/d2p6e6u75xmxt8.cloudfront.net\/4\/2023\/03\/08_SBOT_WLC_SJ.webp\" class=\"attachment-full size-full\" alt=\"\" srcset=\"https:\/\/d2p6e6u75xmxt8.cloudfront.net\/4\/2023\/03\/08_SBOT_WLC_SJ.webp 990w, https:\/\/d2p6e6u75xmxt8.cloudfront.net\/4\/2023\/03\/08_SBOT_WLC_SJ-300x200.webp 300w, https:\/\/d2p6e6u75xmxt8.cloudfront.net\/4\/2023\/03\/08_SBOT_WLC_SJ-768x512.webp 768w, https:\/\/d2p6e6u75xmxt8.cloudfront.net\/4\/2023\/03\/08_SBOT_WLC_SJ-400x267.webp 400w, https:\/\/d2p6e6u75xmxt8.cloudfront.net\/4\/2023\/03\/08_SBOT_WLC_SJ-272x182.webp 272w\" sizes=\"auto, (max-width: 990px) 100vw, 990px\" \/><\/a>\n\t\t\t<\/div><\/figure><figure class='gallery-item'>\n\t\t\t<div class='gallery-icon landscape'>\n\t\t\t\t<a href='https:\/\/d2p6e6u75xmxt8.cloudfront.net\/4\/2023\/03\/05_SBOT_WLC_SJ.webp'><img loading=\"lazy\" decoding=\"async\" width=\"990\" height=\"660\" src=\"https:\/\/d2p6e6u75xmxt8.cloudfront.net\/4\/2023\/03\/05_SBOT_WLC_SJ.webp\" class=\"attachment-full size-full\" alt=\"stupienky v\u00ed\u0165azov a auto\" srcset=\"https:\/\/d2p6e6u75xmxt8.cloudfront.net\/4\/2023\/03\/05_SBOT_WLC_SJ.webp 990w, https:\/\/d2p6e6u75xmxt8.cloudfront.net\/4\/2023\/03\/05_SBOT_WLC_SJ-300x200.webp 300w, https:\/\/d2p6e6u75xmxt8.cloudfront.net\/4\/2023\/03\/05_SBOT_WLC_SJ-768x512.webp 768w, https:\/\/d2p6e6u75xmxt8.cloudfront.net\/4\/2023\/03\/05_SBOT_WLC_SJ-400x267.webp 400w, https:\/\/d2p6e6u75xmxt8.cloudfront.net\/4\/2023\/03\/05_SBOT_WLC_SJ-272x182.webp 272w\" sizes=\"auto, (max-width: 990px) 100vw, 990px\" \/><\/a>\n\t\t\t<\/div><\/figure>\n\t\t<\/div>\n\n<h2><strong>V cieli nuda nehroz\u00ed<\/strong><\/h2>\n<p><span style=\"font-weight: 400;\">Pripraven\u00e9 bud\u00fa sprchy pre \u00fa\u010dastn\u00edkov marat\u00f3nu a ich bicykle, ktor\u00e9 si bud\u00fa m\u00f4c\u0165 nesk\u00f4r uschova\u0165. Samozrejmos\u0165ou bude ob\u010derstvenie po pretekoch a prezenta\u010dn\u00e9 st\u00e1nky partnerov marat\u00f3nu.<strong> Ke\u010f\u017ee sa nach\u00e1dzame vo vin\u00e1rskej oblasti, k dispoz\u00edcii bude aj degust\u00e1cia sv\u00e4tojursk\u00fdch v\u00edn.<\/strong> T\u00ed najmen\u0161\u00ed bud\u00fa ma\u0165 o program postaran\u00e9 v \u0160koda village, kde na nich bude \u010daka\u0165 mno\u017estvo z\u00e1bavy. Stretn\u00fa\u0165 sa budete m\u00f4c\u0165 aj s niektor\u00fdmi <a href=\"https:\/\/www.welovecycling.com\/sk\/2023\/03\/13\/skoda-bike-open-tour-2023-oslavuje-spolu-s-vami\/\">ambas\u00e1dormi s\u00e9rie \u0160koda Bike Open Tour<\/a>.<\/span><\/p>\n<div id='gallery-2' class='gallery galleryid-16990 gallery-columns-2 gallery-size-full'><figure class='gallery-item'>\n\t\t\t<div class='gallery-icon landscape'>\n\t\t\t\t<a href='https:\/\/d2p6e6u75xmxt8.cloudfront.net\/4\/2023\/03\/06_SBOT_WLC_SJ.webp'><img loading=\"lazy\" decoding=\"async\" width=\"990\" height=\"660\" src=\"https:\/\/d2p6e6u75xmxt8.cloudfront.net\/4\/2023\/03\/06_SBOT_WLC_SJ.webp\" class=\"attachment-full size-full\" alt=\"maskot medve\u010f\" srcset=\"https:\/\/d2p6e6u75xmxt8.cloudfront.net\/4\/2023\/03\/06_SBOT_WLC_SJ.webp 990w, https:\/\/d2p6e6u75xmxt8.cloudfront.net\/4\/2023\/03\/06_SBOT_WLC_SJ-300x200.webp 300w, https:\/\/d2p6e6u75xmxt8.cloudfront.net\/4\/2023\/03\/06_SBOT_WLC_SJ-768x512.webp 768w, https:\/\/d2p6e6u75xmxt8.cloudfront.net\/4\/2023\/03\/06_SBOT_WLC_SJ-400x267.webp 400w, https:\/\/d2p6e6u75xmxt8.cloudfront.net\/4\/2023\/03\/06_SBOT_WLC_SJ-272x182.webp 272w\" sizes=\"auto, (max-width: 990px) 100vw, 990px\" \/><\/a>\n\t\t\t<\/div><\/figure><figure class='gallery-item'>\n\t\t\t<div class='gallery-icon landscape'>\n\t\t\t\t<a href='https:\/\/d2p6e6u75xmxt8.cloudfront.net\/4\/2023\/03\/07_SBOT_WLC_SJ.webp'><img loading=\"lazy\" decoding=\"async\" width=\"990\" height=\"660\" src=\"https:\/\/d2p6e6u75xmxt8.cloudfront.net\/4\/2023\/03\/07_SBOT_WLC_SJ.webp\" class=\"attachment-full size-full\" alt=\"\" srcset=\"https:\/\/d2p6e6u75xmxt8.cloudfront.net\/4\/2023\/03\/07_SBOT_WLC_SJ.webp 990w, https:\/\/d2p6e6u75xmxt8.cloudfront.net\/4\/2023\/03\/07_SBOT_WLC_SJ-300x200.webp 300w, https:\/\/d2p6e6u75xmxt8.cloudfront.net\/4\/2023\/03\/07_SBOT_WLC_SJ-768x512.webp 768w, https:\/\/d2p6e6u75xmxt8.cloudfront.net\/4\/2023\/03\/07_SBOT_WLC_SJ-400x267.webp 400w, https:\/\/d2p6e6u75xmxt8.cloudfront.net\/4\/2023\/03\/07_SBOT_WLC_SJ-272x182.webp 272w\" sizes=\"auto, (max-width: 990px) 100vw, 990px\" \/><\/a>\n\t\t\t<\/div><\/figure>\n\t\t<\/div>\n\n<p><span style=\"font-weight: 400;\"><strong>V z\u00e1vere d\u0148a n\u00e1s bude o 15:30 \u010daka\u0165 vyhl\u00e1senie v\u00fdsledkov najlep\u0161\u00edch pretek\u00e1rov s bohat\u00fdmi vecn\u00fdmi a finan\u010dn\u00fdmi cenami od sponzora \u0160koda a mnoho in\u00fdch.<\/strong> Nasledova\u0165 bude tombola, kde m\u00f4\u017eete vyhra\u0165 napr\u00edklad zapo\u017ei\u010danie vozidla \u0160koda Enyaq iV na t\u00fd\u017ede\u0148 alebo napr\u00edklad nosi\u010d na bicykel a mnoho in\u00e9ho.\u00a0<\/span><\/p>\n<p><span style=\"font-weight: 400;\">Nev\u00e1hajte a prihl\u00e1ste sa u\u017e dnes a rozto\u010dte koles\u00e1 do sez\u00f3ny v s\u00fa\u0165a\u017enom tempe. Viac inform\u00e1cii n\u00e1jdete na <\/span><a href=\"https:\/\/www.welovecycling.com\/sk\/sbot\/index.php\"><span style=\"font-weight: 400;\">str\u00e1nkach \u0160BOT s\u00e9rie<\/span><\/a><span style=\"font-weight: 400;\"> aj s preh\u013eadom v\u0161etk\u00fdch k\u00f4l.<\/span><\/p>\n","protected":false},"excerpt":{"rendered":"<p>Jubilejn\u00fd 10. ro\u010dn\u00edk s\u00e9rie \u0160koda Bike Open Tour je tu a s \u0148ou sa vracia aj ob\u013e\u00faben\u00fd marat\u00f3n vo Sv\u00e4tom [&hellip;]<\/p>\n","protected":false},"author":172,"featured_media":16992,"comment_status":"open","ping_status":"open","sticky":false,"template":"","format":"standard","meta":{"footnotes":""},"categories":[34],"tags":[1474,1386,178,91,179,509,1557,542,35,40,1540],"global-categories":[1074],"class_list":["post-16990","post","type-post","status-publish","format-standard","has-post-thumbnail","hentry","category-podujatia","tag-april","tag-deti-na-bicykli","tag-maraton","tag-pozvanka","tag-preteky","tag-rodina","tag-sezona-2023","tag-skoda","tag-sbot","tag-svaty-jur","tag-tip","global-categories-cycling"],"yoast_head":"<!-- This site is optimized with the Yoast SEO Premium plugin v25.3 (Yoast SEO v25.9) - https:\/\/yoast.com\/wordpress\/plugins\/seo\/ -->\n<title>Pozv\u00e1nka: \u0160koda Sv\u00e4tojursk\u00fd MTB marat\u00f3n - po pauze op\u00e4\u0165 v Karpatoch<\/title>\n<meta name=\"description\" content=\"Jubilejn\u00fd 10. ro\u010dn\u00edk s\u00e9rie \u0160KODA BIKE OPEN TOUR je tu a s \u0148ou sa vracia aj ob\u013e\u00faben\u00fd marat\u00f3n vo Sv\u00e4tom Jure.\u00a0\" \/>\n<meta name=\"robots\" content=\"index, follow, max-snippet:-1, max-image-preview:large, max-video-preview:-1\" \/>\n<link rel=\"canonical\" href=\"https:\/\/www.welovecycling.com\/sk\/2023\/03\/29\/pozvanka-skoda-svatojursky-mtb-maraton-po-pauze-opat-v-karpatoch\/\" \/>\n<meta property=\"og:locale\" content=\"sk_SK\" \/>\n<meta property=\"og:type\" content=\"article\" \/>\n<meta property=\"og:title\" content=\"Pozv\u00e1nka: \u0160koda Sv\u00e4tojursk\u00fd MTB marat\u00f3n - po pauze op\u00e4\u0165 v Karpatoch\" \/>\n<meta property=\"og:description\" content=\"Jubilejn\u00fd 10. ro\u010dn\u00edk s\u00e9rie \u0160KODA BIKE OPEN TOUR je tu a s \u0148ou sa vracia aj ob\u013e\u00faben\u00fd marat\u00f3n vo Sv\u00e4tom Jure.\u00a0\" \/>\n<meta property=\"og:url\" content=\"https:\/\/www.welovecycling.com\/sk\/2023\/03\/29\/pozvanka-skoda-svatojursky-mtb-maraton-po-pauze-opat-v-karpatoch\/\" \/>\n<meta property=\"og:site_name\" content=\"\u0160koda We Love Cycling Slovensko\" \/>\n<meta property=\"article:published_time\" content=\"2023-03-29T08:00:47+00:00\" \/>\n<meta property=\"article:modified_time\" content=\"2023-05-30T10:20:58+00:00\" \/>\n<meta property=\"og:image\" content=\"https:\/\/d2p6e6u75xmxt8.cloudfront.net\/4\/2023\/03\/01_SBOT_WLC_SJ.webp\" \/>\n\t<meta property=\"og:image:width\" content=\"990\" \/>\n\t<meta property=\"og:image:height\" content=\"660\" \/>\n\t<meta property=\"og:image:type\" content=\"image\/webp\" \/>\n<meta name=\"author\" content=\"dominika\" \/>\n<meta name=\"twitter:card\" content=\"summary_large_image\" \/>\n<meta name=\"twitter:label1\" content=\"Written by\" \/>\n\t<meta name=\"twitter:data1\" content=\"We Love Cycling\" \/>\n\t<meta name=\"twitter:label2\" content=\"Est. reading time\" \/>\n\t<meta name=\"twitter:data2\" content=\"3\" \/>\n<script type=\"application\/ld+json\" class=\"yoast-schema-graph\">{\"@context\":\"https:\/\/schema.org\",\"@graph\":[{\"@type\":\"WebPage\",\"@id\":\"https:\/\/www.welovecycling.com\/sk\/2023\/03\/29\/pozvanka-skoda-svatojursky-mtb-maraton-po-pauze-opat-v-karpatoch\/\",\"url\":\"https:\/\/www.welovecycling.com\/sk\/2023\/03\/29\/pozvanka-skoda-svatojursky-mtb-maraton-po-pauze-opat-v-karpatoch\/\",\"name\":\"Pozv\u00e1nka: \u0160koda Sv\u00e4tojursk\u00fd MTB marat\u00f3n - po pauze op\u00e4\u0165 v Karpatoch\",\"isPartOf\":{\"@id\":\"https:\/\/www.welovecycling.com\/sk\/#website\"},\"primaryImageOfPage\":{\"@id\":\"https:\/\/www.welovecycling.com\/sk\/2023\/03\/29\/pozvanka-skoda-svatojursky-mtb-maraton-po-pauze-opat-v-karpatoch\/#primaryimage\"},\"image\":{\"@id\":\"https:\/\/www.welovecycling.com\/sk\/2023\/03\/29\/pozvanka-skoda-svatojursky-mtb-maraton-po-pauze-opat-v-karpatoch\/#primaryimage\"},\"thumbnailUrl\":\"https:\/\/d2p6e6u75xmxt8.cloudfront.net\/4\/2023\/03\/01_SBOT_WLC_SJ.webp\",\"datePublished\":\"2023-03-29T08:00:47+00:00\",\"dateModified\":\"2023-05-30T10:20:58+00:00\",\"author\":{\"@id\":\"https:\/\/www.welovecycling.com\/sk\/#\/schema\/person\/533b62b98b6c41bd5135ebfb1f742624\"},\"description\":\"Jubilejn\u00fd 10. ro\u010dn\u00edk s\u00e9rie \u0160KODA BIKE OPEN TOUR je tu a s \u0148ou sa vracia aj ob\u013e\u00faben\u00fd marat\u00f3n vo Sv\u00e4tom Jure.\u00a0\",\"breadcrumb\":{\"@id\":\"https:\/\/www.welovecycling.com\/sk\/2023\/03\/29\/pozvanka-skoda-svatojursky-mtb-maraton-po-pauze-opat-v-karpatoch\/#breadcrumb\"},\"inLanguage\":\"sk-SK\",\"potentialAction\":[{\"@type\":\"ReadAction\",\"target\":[\"https:\/\/www.welovecycling.com\/sk\/2023\/03\/29\/pozvanka-skoda-svatojursky-mtb-maraton-po-pauze-opat-v-karpatoch\/\"]}]},{\"@type\":\"ImageObject\",\"inLanguage\":\"sk-SK\",\"@id\":\"https:\/\/www.welovecycling.com\/sk\/2023\/03\/29\/pozvanka-skoda-svatojursky-mtb-maraton-po-pauze-opat-v-karpatoch\/#primaryimage\",\"url\":\"https:\/\/d2p6e6u75xmxt8.cloudfront.net\/4\/2023\/03\/01_SBOT_WLC_SJ.webp\",\"contentUrl\":\"https:\/\/d2p6e6u75xmxt8.cloudfront.net\/4\/2023\/03\/01_SBOT_WLC_SJ.webp\",\"width\":990,\"height\":660,\"caption\":\"\u0160BOT\"},{\"@type\":\"BreadcrumbList\",\"@id\":\"https:\/\/www.welovecycling.com\/sk\/2023\/03\/29\/pozvanka-skoda-svatojursky-mtb-maraton-po-pauze-opat-v-karpatoch\/#breadcrumb\",\"itemListElement\":[{\"@type\":\"ListItem\",\"position\":1,\"name\":\"Home\",\"item\":\"https:\/\/www.welovecycling.com\/sk\/\"},{\"@type\":\"ListItem\",\"position\":2,\"name\":\"Pozv\u00e1nka: \u0160koda Sv\u00e4tojursk\u00fd MTB marat\u00f3n &#8211; po pauze op\u00e4\u0165 v Karpatoch\"}]},{\"@type\":\"WebSite\",\"@id\":\"https:\/\/www.welovecycling.com\/sk\/#website\",\"url\":\"https:\/\/www.welovecycling.com\/sk\/\",\"name\":\"\u0160koda We Love Cycling Slovensko\",\"description\":\"\u0160koda We Love Cycling Slovensko je v\u00e1\u0161 ka\u017edodenn\u00fd zdroj noviniek a in\u0161pir\u00e1cie z sveta cyklistiky\",\"potentialAction\":[{\"@type\":\"SearchAction\",\"target\":{\"@type\":\"EntryPoint\",\"urlTemplate\":\"https:\/\/www.welovecycling.com\/sk\/?s={search_term_string}\"},\"query-input\":{\"@type\":\"PropertyValueSpecification\",\"valueRequired\":true,\"valueName\":\"search_term_string\"}}],\"inLanguage\":\"sk-SK\"},{\"@type\":\"Person\",\"@id\":\"https:\/\/www.welovecycling.com\/sk\/#\/schema\/person\/533b62b98b6c41bd5135ebfb1f742624\",\"name\":\"dominika\",\"image\":{\"@type\":\"ImageObject\",\"inLanguage\":\"sk-SK\",\"@id\":\"https:\/\/www.welovecycling.com\/sk\/#\/schema\/person\/image\/\",\"url\":\"https:\/\/secure.gravatar.com\/avatar\/ded6f274ba2ec3e17fff153f7d9d96a4b33c2cb63907f75d9a5309c599a7f3e6?s=96&d=mm&r=g\",\"contentUrl\":\"https:\/\/secure.gravatar.com\/avatar\/ded6f274ba2ec3e17fff153f7d9d96a4b33c2cb63907f75d9a5309c599a7f3e6?s=96&d=mm&r=g\",\"caption\":\"dominika\"},\"url\":\"https:\/\/www.welovecycling.com\/sk\/author\/dominika\/\"}]}<\/script>\n<!-- \/ Yoast SEO Premium plugin. -->","yoast_head_json":{"title":"Pozv\u00e1nka: \u0160koda Sv\u00e4tojursk\u00fd MTB marat\u00f3n - po pauze op\u00e4\u0165 v Karpatoch","description":"Jubilejn\u00fd 10. ro\u010dn\u00edk s\u00e9rie \u0160KODA BIKE OPEN TOUR je tu a s \u0148ou sa vracia aj ob\u013e\u00faben\u00fd marat\u00f3n vo Sv\u00e4tom Jure.\u00a0","robots":{"index":"index","follow":"follow","max-snippet":"max-snippet:-1","max-image-preview":"max-image-preview:large","max-video-preview":"max-video-preview:-1"},"canonical":"https:\/\/www.welovecycling.com\/sk\/2023\/03\/29\/pozvanka-skoda-svatojursky-mtb-maraton-po-pauze-opat-v-karpatoch\/","og_locale":"sk_SK","og_type":"article","og_title":"Pozv\u00e1nka: \u0160koda Sv\u00e4tojursk\u00fd MTB marat\u00f3n - po pauze op\u00e4\u0165 v Karpatoch","og_description":"Jubilejn\u00fd 10. ro\u010dn\u00edk s\u00e9rie \u0160KODA BIKE OPEN TOUR je tu a s \u0148ou sa vracia aj ob\u013e\u00faben\u00fd marat\u00f3n vo Sv\u00e4tom Jure.\u00a0","og_url":"https:\/\/www.welovecycling.com\/sk\/2023\/03\/29\/pozvanka-skoda-svatojursky-mtb-maraton-po-pauze-opat-v-karpatoch\/","og_site_name":"\u0160koda We Love Cycling Slovensko","article_published_time":"2023-03-29T08:00:47+00:00","article_modified_time":"2023-05-30T10:20:58+00:00","og_image":[{"width":990,"height":660,"url":"https:\/\/d2p6e6u75xmxt8.cloudfront.net\/4\/2023\/03\/01_SBOT_WLC_SJ.webp","type":"image\/webp"}],"author":"dominika","twitter_card":"summary_large_image","twitter_misc":{"Written by":"We Love Cycling","Est. reading time":"3"},"schema":{"@context":"https:\/\/schema.org","@graph":[{"@type":"WebPage","@id":"https:\/\/www.welovecycling.com\/sk\/2023\/03\/29\/pozvanka-skoda-svatojursky-mtb-maraton-po-pauze-opat-v-karpatoch\/","url":"https:\/\/www.welovecycling.com\/sk\/2023\/03\/29\/pozvanka-skoda-svatojursky-mtb-maraton-po-pauze-opat-v-karpatoch\/","name":"Pozv\u00e1nka: \u0160koda Sv\u00e4tojursk\u00fd MTB marat\u00f3n - po pauze op\u00e4\u0165 v Karpatoch","isPartOf":{"@id":"https:\/\/www.welovecycling.com\/sk\/#website"},"primaryImageOfPage":{"@id":"https:\/\/www.welovecycling.com\/sk\/2023\/03\/29\/pozvanka-skoda-svatojursky-mtb-maraton-po-pauze-opat-v-karpatoch\/#primaryimage"},"image":{"@id":"https:\/\/www.welovecycling.com\/sk\/2023\/03\/29\/pozvanka-skoda-svatojursky-mtb-maraton-po-pauze-opat-v-karpatoch\/#primaryimage"},"thumbnailUrl":"https:\/\/d2p6e6u75xmxt8.cloudfront.net\/4\/2023\/03\/01_SBOT_WLC_SJ.webp","datePublished":"2023-03-29T08:00:47+00:00","dateModified":"2023-05-30T10:20:58+00:00","author":{"@id":"https:\/\/www.welovecycling.com\/sk\/#\/schema\/person\/533b62b98b6c41bd5135ebfb1f742624"},"description":"Jubilejn\u00fd 10. ro\u010dn\u00edk s\u00e9rie \u0160KODA BIKE OPEN TOUR je tu a s \u0148ou sa vracia aj ob\u013e\u00faben\u00fd marat\u00f3n vo Sv\u00e4tom Jure.\u00a0","breadcrumb":{"@id":"https:\/\/www.welovecycling.com\/sk\/2023\/03\/29\/pozvanka-skoda-svatojursky-mtb-maraton-po-pauze-opat-v-karpatoch\/#breadcrumb"},"inLanguage":"sk-SK","potentialAction":[{"@type":"ReadAction","target":["https:\/\/www.welovecycling.com\/sk\/2023\/03\/29\/pozvanka-skoda-svatojursky-mtb-maraton-po-pauze-opat-v-karpatoch\/"]}]},{"@type":"ImageObject","inLanguage":"sk-SK","@id":"https:\/\/www.welovecycling.com\/sk\/2023\/03\/29\/pozvanka-skoda-svatojursky-mtb-maraton-po-pauze-opat-v-karpatoch\/#primaryimage","url":"https:\/\/d2p6e6u75xmxt8.cloudfront.net\/4\/2023\/03\/01_SBOT_WLC_SJ.webp","contentUrl":"https:\/\/d2p6e6u75xmxt8.cloudfront.net\/4\/2023\/03\/01_SBOT_WLC_SJ.webp","width":990,"height":660,"caption":"\u0160BOT"},{"@type":"BreadcrumbList","@id":"https:\/\/www.welovecycling.com\/sk\/2023\/03\/29\/pozvanka-skoda-svatojursky-mtb-maraton-po-pauze-opat-v-karpatoch\/#breadcrumb","itemListElement":[{"@type":"ListItem","position":1,"name":"Home","item":"https:\/\/www.welovecycling.com\/sk\/"},{"@type":"ListItem","position":2,"name":"Pozv\u00e1nka: \u0160koda Sv\u00e4tojursk\u00fd MTB marat\u00f3n &#8211; po pauze op\u00e4\u0165 v Karpatoch"}]},{"@type":"WebSite","@id":"https:\/\/www.welovecycling.com\/sk\/#website","url":"https:\/\/www.welovecycling.com\/sk\/","name":"\u0160koda We Love Cycling Slovensko","description":"\u0160koda We Love Cycling Slovensko je v\u00e1\u0161 ka\u017edodenn\u00fd zdroj noviniek a in\u0161pir\u00e1cie z sveta cyklistiky","potentialAction":[{"@type":"SearchAction","target":{"@type":"EntryPoint","urlTemplate":"https:\/\/www.welovecycling.com\/sk\/?s={search_term_string}"},"query-input":{"@type":"PropertyValueSpecification","valueRequired":true,"valueName":"search_term_string"}}],"inLanguage":"sk-SK"},{"@type":"Person","@id":"https:\/\/www.welovecycling.com\/sk\/#\/schema\/person\/533b62b98b6c41bd5135ebfb1f742624","name":"dominika","image":{"@type":"ImageObject","inLanguage":"sk-SK","@id":"https:\/\/www.welovecycling.com\/sk\/#\/schema\/person\/image\/","url":"https:\/\/secure.gravatar.com\/avatar\/ded6f274ba2ec3e17fff153f7d9d96a4b33c2cb63907f75d9a5309c599a7f3e6?s=96&d=mm&r=g","contentUrl":"https:\/\/secure.gravatar.com\/avatar\/ded6f274ba2ec3e17fff153f7d9d96a4b33c2cb63907f75d9a5309c599a7f3e6?s=96&d=mm&r=g","caption":"dominika"},"url":"https:\/\/www.welovecycling.com\/sk\/author\/dominika\/"}]}},"_links":{"self":[{"href":"https:\/\/www.welovecycling.com\/sk\/wp-json\/wp\/v2\/posts\/16990","targetHints":{"allow":["GET"]}}],"collection":[{"href":"https:\/\/www.welovecycling.com\/sk\/wp-json\/wp\/v2\/posts"}],"about":[{"href":"https:\/\/www.welovecycling.com\/sk\/wp-json\/wp\/v2\/types\/post"}],"author":[{"embeddable":true,"href":"https:\/\/www.welovecycling.com\/sk\/wp-json\/wp\/v2\/users\/172"}],"replies":[{"embeddable":true,"href":"https:\/\/www.welovecycling.com\/sk\/wp-json\/wp\/v2\/comments?post=16990"}],"version-history":[{"count":2,"href":"https:\/\/www.welovecycling.com\/sk\/wp-json\/wp\/v2\/posts\/16990\/revisions"}],"predecessor-version":[{"id":17562,"href":"https:\/\/www.welovecycling.com\/sk\/wp-json\/wp\/v2\/posts\/16990\/revisions\/17562"}],"wp:featuredmedia":[{"embeddable":true,"href":"https:\/\/www.welovecycling.com\/sk\/wp-json\/wp\/v2\/media\/16992"}],"wp:attachment":[{"href":"https:\/\/www.welovecycling.com\/sk\/wp-json\/wp\/v2\/media?parent=16990"}],"wp:term":[{"taxonomy":"category","embeddable":true,"href":"https:\/\/www.welovecycling.com\/sk\/wp-json\/wp\/v2\/categories?post=16990"},{"taxonomy":"post_tag","embeddable":true,"href":"https:\/\/www.welovecycling.com\/sk\/wp-json\/wp\/v2\/tags?post=16990"},{"taxonomy":"global-categories","embeddable":true,"href":"https:\/\/www.welovecycling.com\/sk\/wp-json\/wp\/v2\/global-categories?post=16990"}],"curies":[{"name":"wp","href":"https:\/\/api.w.org\/{rel}","templated":true}]}}