{"id":16935,"date":"2023-03-23T10:00:28","date_gmt":"2023-03-23T09:00:28","guid":{"rendered":"https:\/\/www.welovecycling.com\/sk\/?p=16935"},"modified":"2023-04-05T10:42:56","modified_gmt":"2023-04-05T08:42:56","slug":"rozhovor-cinnost-slovenskeho-cykloklubu-1-cast","status":"publish","type":"post","link":"https:\/\/www.welovecycling.com\/sk\/2023\/03\/23\/rozhovor-cinnost-slovenskeho-cykloklubu-1-cast\/","title":{"rendered":"Rozhovor: \u010cinnos\u0165 Slovensk\u00e9ho cykloklubu (1. \u010das\u0165)"},"content":{"rendered":"<p><strong>Po\u010das na\u0161ich cyklov\u00fdletov a v\u00fdjazdov berieme cyklistick\u00e9 zna\u010denie u\u017e ako samozrejm\u00e9. Niekedy sa v\u00f4bec nezam\u00fd\u0161\u013eame nad t\u00fdm, ako sa tam tie \u201eC\u201c vlastne objavili. Rozhodli sme sa pozrie\u0165 na \u010dinnos\u0165 Slovensk\u00e9ho cykloklubu a prezisti\u0165, \u010do v\u0161etko ich \u010dinnos\u0165 obn\u00e1\u0161a. Rozpr\u00e1vali sme sa s Luciou Bagovou aj s predsedom klubu Michalom Hlatk\u00fdm.<\/strong><!--more--><\/p>\n<p><strong>Cykloklub vznikol v roku 1994, ak\u00e9 boli za\u010diatky? Kto st\u00e1l za t\u00fdmto n\u00e1padom? <\/strong><br \/>\n<em>Cykloklub zalo\u017eila trojica kamar\u00e1tov \u2013 Peter Mati, Peter Malenka a Juraj Hlatk\u00fd. Bola to partia nad\u0161encov a cyklistov, ktor\u00ed sa venovali cykloturistike. Postupne sa okrem jazdenia rozvinul aj n\u00e1pad za\u010da\u0165 zna\u010di\u0165 cykloturistick\u00e9 trasy po vzore pe\u0161\u00edch tr\u00e1s. Ke\u010f\u017ee vyrastali v KST, tak sa postupne prepracovali k tomu, \u017ee zalo\u017eili SCK, za\u010dali oslovova\u0165 \u010fal\u0161\u00edch nad\u0161encov a postupne za\u010dali vznika\u0165 \u010fal\u0161ie kluby SCK po celom Slovensku.<\/em><\/p>\n<p><em>Okrem jazdenia, organizovania akci\u00ed, cykloturistick\u00fdch v\u00fdjazdov sa SCK postupne dost\u00e1valo aj k samotn\u00e9mu zna\u010deniu, \u010do vyvrcholilo vytvoren\u00edm samostatnej STN pre cykloturistick\u00e9 zna\u010denie. Skuto\u010dn\u00fd boom nastal po roku 2000, ke\u010f sa vo ve\u013ekom za\u010dali zna\u010di\u0165 cykloturistick\u00e9 trasy, prib\u00fadali kluby a po\u010det \u010dlenov.<\/em><\/p>\n<p><img loading=\"lazy\" decoding=\"async\" class=\"alignnone size-full wp-image-16938\" src=\"https:\/\/d2p6e6u75xmxt8.cloudfront.net\/4\/2023\/03\/01-2.webp\" alt=\"cyklistky na sene\" width=\"990\" height=\"660\" srcset=\"https:\/\/d2p6e6u75xmxt8.cloudfront.net\/4\/2023\/03\/01-2.webp 990w, https:\/\/d2p6e6u75xmxt8.cloudfront.net\/4\/2023\/03\/01-2-300x200.webp 300w, https:\/\/d2p6e6u75xmxt8.cloudfront.net\/4\/2023\/03\/01-2-768x512.webp 768w, https:\/\/d2p6e6u75xmxt8.cloudfront.net\/4\/2023\/03\/01-2-400x267.webp 400w, https:\/\/d2p6e6u75xmxt8.cloudfront.net\/4\/2023\/03\/01-2-272x182.webp 272w\" sizes=\"auto, (max-width: 990px) 100vw, 990px\" \/><\/p>\n<p><strong>M\u00e1te 15 pobo\u010diek a ve\u013ek\u00e9 mno\u017estvo organiz\u00e1ci\u00ed, s ktor\u00fdmi spolupracujete. Je toto mno\u017estvo dostato\u010dn\u00e9 alebo ste otvoren\u00ed spolupr\u00e1ci aj s \u010fal\u0161\u00edmi organiz\u00e1ciami? <\/strong><br \/>\n<em>Pod \u201esvojou strechou\u201c zdru\u017eujeme 15 region\u00e1lnych klubov spolu s cca 400 \u010dlenmi. \u010clenovia sa vedia registrova\u0165 dokonca i priamo pod n\u00e1s, ako \u00fastredie SCK. Tieto na\u0161e kluby by sme mohli rozdeli\u0165 do dvoch kateg\u00f3ri\u00ed a to na kluby, ktor\u00fdch prim\u00e1rnou aktivitou je bicyklovanie, cyklov\u00fdjazdy, cykloturistika a na kluby, ktor\u00fdch prim\u00e1rnou aktivitou je venovanie sa cykloturistick\u00e9mu zna\u010deniu. <\/em><\/p>\n<p><em>Preto s\u00fa niektor\u00e9 kluby v\u00e4\u010d\u0161ie, niektor\u00e9 men\u0161ie, niektor\u00e9 akt\u00edvnej\u0161ie a niektor\u00e9 menej. Za na\u0161e kluby sme nesmierne radi, lebo v\u010faka nim vid\u00edme, \u017ee to m\u00e1 v\u00fdznam a medzi \u010dlenmi vznikaj\u00fa dlhoro\u010dn\u00e9 priate\u013estv\u00e1, rovnako ako medzi predsedami.<\/em><\/p>\n<p><img loading=\"lazy\" decoding=\"async\" class=\"alignnone wp-image-16952 size-full\" src=\"https:\/\/d2p6e6u75xmxt8.cloudfront.net\/4\/2023\/03\/13-1.webp\" alt=\"\" width=\"990\" height=\"726\" srcset=\"https:\/\/d2p6e6u75xmxt8.cloudfront.net\/4\/2023\/03\/13-1.webp 990w, https:\/\/d2p6e6u75xmxt8.cloudfront.net\/4\/2023\/03\/13-1-300x220.webp 300w, https:\/\/d2p6e6u75xmxt8.cloudfront.net\/4\/2023\/03\/13-1-768x563.webp 768w, https:\/\/d2p6e6u75xmxt8.cloudfront.net\/4\/2023\/03\/13-1-400x293.webp 400w\" sizes=\"auto, (max-width: 990px) 100vw, 990px\" \/><\/p>\n<p><em>Druhou najv\u00fdznamnej\u0161ou spolupr\u00e1cou v oblasti realiz\u00e1cie cykloturistick\u00e9ho zna\u010denia je spolupr\u00e1ca s vy\u0161kolen\u00fdmi zna\u010dk\u00e1rmi po celom Slovensku. K dne\u0161n\u00e9mu d\u0148u evidujeme cca 90 vy\u0161kolen\u00fdch zna\u010dk\u00e1rov, z \u010doho s pribli\u017ene polovicou akt\u00edvne spolupracujeme, \u010di u\u017e ide o obnovu zna\u010denia z rozpo\u010dtu M\u0160VVa\u0160 SR, n\u00e1\u0161ho rozpo\u010dtu alebo v spolupr\u00e1ci so samospr\u00e1vnymi krajmi, krajsk\u00fdmi\/oblastn\u00fdmi organiz\u00e1ciami cestovn\u00e9ho ruchu, \u010di in\u00fdmi subjektmi.<\/em><\/p>\n<p><em>Ve\u013emi d\u00f4le\u017eitou s\u00fa\u010das\u0165ou spolupr\u00e1ce s\u00fa s\u00fakromn\u00ed partneri, v\u010faka nim sa podarili realizova\u0165 viacer\u00e9 projekty. Za takmer 30 rokov fungovania podporili na\u0161u organiz\u00e1ciu desiatky r\u00f4znych partnerov. Viacero t\u00fdchto spolupr\u00e1c je zalo\u017een\u00fdch na dlhoro\u010dnej spolupr\u00e1ci a ve\u013emi si v\u00e1\u017eime ich podporu.<\/em><\/p>\n<p><img loading=\"lazy\" decoding=\"async\" class=\"alignnone size-full wp-image-16939\" src=\"https:\/\/d2p6e6u75xmxt8.cloudfront.net\/4\/2023\/03\/02-2.webp\" alt=\"cyklotrasa so zna\u010den\u00edm\" width=\"990\" height=\"660\" srcset=\"https:\/\/d2p6e6u75xmxt8.cloudfront.net\/4\/2023\/03\/02-2.webp 990w, https:\/\/d2p6e6u75xmxt8.cloudfront.net\/4\/2023\/03\/02-2-300x200.webp 300w, https:\/\/d2p6e6u75xmxt8.cloudfront.net\/4\/2023\/03\/02-2-768x512.webp 768w, https:\/\/d2p6e6u75xmxt8.cloudfront.net\/4\/2023\/03\/02-2-400x267.webp 400w, https:\/\/d2p6e6u75xmxt8.cloudfront.net\/4\/2023\/03\/02-2-272x182.webp 272w\" sizes=\"auto, (max-width: 990px) 100vw, 990px\" \/><\/p>\n<p><em>N\u00e1sledne je tu spolupr\u00e1ca s krajmi, krajsk\u00fdmi organiz\u00e1ciami, oblastn\u00fdmi organiz\u00e1ciami, mestami a obcami. V\u010faka t\u00fdmto subjektom vieme finan\u010dne pokry\u0165 obnovu, \u00fadr\u017ebu existuj\u00faceho a vyzna\u010dovanie nov\u00fdch \u00fasekov alebo aj nov\u00fdch tr\u00e1s v r\u00f4znych regi\u00f3noch Slovenska. V niektor\u00fdch krajoch je komunik\u00e1cia a spolupr\u00e1ca silnej\u0161ia, v in\u00fdch viac stagnuje. V\u0161etko sa odzrkad\u013euje na kvalite a hustote cykloturistick\u00e9ho zna\u010denia v danom regi\u00f3ne.<\/em><\/p>\n<p><em>Ve\u013emi d\u00f4le\u017eit\u00e1 je spolupr\u00e1ca so \u0161t\u00e1tnymi podnikmi, i ke\u010f je i po 30 rokoch st\u00e1le ob\u010das kostrbat\u00e1 \u010di \u0165a\u017ekop\u00e1dna. Bez dobrej a dlhoro\u010dnej spolupr\u00e1ce s podnikmi ako Lesy SR, SVP \u010di \u0161t\u00e1tnou ochranou pr\u00edrody by sme len \u0165a\u017eko vytvorili sie\u0165 cykloturistick\u00fdch tr\u00e1s. Vyzdvihn\u00fa\u0165 mus\u00edme aj spolupr\u00e1ce so s\u00fakromn\u00fdmi vlastn\u00edkmi, urb\u00e1rmi a \u010fal\u0161\u00edmi stovkami r\u00f4znych subjektov, s ktor\u00fdmi sme za tie roky spolupracovali. V\u010faka nim a ich s\u00fahlasu vieme spr\u00edstup\u0148ova\u0165 miesta, kde by inak cyklisti nemali leg\u00e1lne mo\u017enos\u0165 jazdi\u0165.<\/em><\/p>\n<p><img loading=\"lazy\" decoding=\"async\" class=\"alignnone size-full wp-image-16946\" src=\"https:\/\/d2p6e6u75xmxt8.cloudfront.net\/4\/2023\/03\/11.webp\" alt=\"die\u0165a na odr\u00e1\u017eadle\" width=\"990\" height=\"660\" srcset=\"https:\/\/d2p6e6u75xmxt8.cloudfront.net\/4\/2023\/03\/11.webp 990w, https:\/\/d2p6e6u75xmxt8.cloudfront.net\/4\/2023\/03\/11-300x200.webp 300w, https:\/\/d2p6e6u75xmxt8.cloudfront.net\/4\/2023\/03\/11-768x512.webp 768w, https:\/\/d2p6e6u75xmxt8.cloudfront.net\/4\/2023\/03\/11-400x267.webp 400w, https:\/\/d2p6e6u75xmxt8.cloudfront.net\/4\/2023\/03\/11-272x182.webp 272w\" sizes=\"auto, (max-width: 990px) 100vw, 990px\" \/><\/p>\n<p><em>St\u00e1le sme v\u0161ak otvoren\u00ed i nov\u00fdm spolupr\u00e1cam. \u010ci u\u017e ide o r\u00f4zne ob\u010dianske zdru\u017eenia, ktor\u00e9 sa venuj\u00fa cykloturistike alebo p\u00f4jde o jednorazov\u00fa spolupr\u00e1cu, vybudovanie napr. doplnkovej infra\u0161trukt\u00fary, \u010di spolupr\u00e1ca na organiz\u00e1cii nejakej akcie. V\u0161etko je to o komunik\u00e1cii a dohode dvoch str\u00e1n. \u010ci\u017ee na t\u00fato ot\u00e1zku by sme odpovedali kladne, sme otvoren\u00ed spolupr\u00e1ci aj s \u010fal\u0161\u00edmi organiz\u00e1ciami.<\/em><\/p>\n<p><strong>M\u00f4\u017ee sa pr\u00edpadn\u00fd z\u00e1ujemca sta\u0165 \u010dlenom SCK? Ak\u00fdm sp\u00f4sobom z\u00edska \u010dlenstvo?<\/strong><br \/>\n<em>Samozrejme, radi medzi sebou priv\u00edtame nov\u00fdch \u010dlenov. Na na\u0161ej str\u00e1nke je mo\u017enos\u0165 registr\u00e1cie prostredn\u00edctvom jednoduch\u00e9ho <a href=\"https:\/\/www.cykloklub.sk\/formular\/registracny-formular-clenstvo-v-sck\/\" target=\"_blank\" rel=\"noopener\">formul\u00e1ra<\/a>.<\/em><\/p>\n<p><em>Potenci\u00e1lny \u010dlen si vie vybra\u0165 klub, v ktorom chce by\u0165 \u010dlenom, my z \u00fastredia potom za\u0148ho v\u0161etko vyrie\u0161ime. Ako \u010dlen svoj\u00edm \u010dlensk\u00fdm poplatkom podpor\u00ed obnovu a \u00fadr\u017ebu cykloturistick\u00e9ho zna\u010denia na Slovensku, z\u00edska r\u00f4zne benefity v podobe zliav u na\u0161ich partnerov a m\u00f4\u017ee sa z\u00fa\u010dast\u0148ova\u0165 cyklov\u00fdjazdov na\u0161ich klubov alebo akci\u00ed, ktor\u00e9 organizujeme priamo my z \u00fastredia.<\/em><\/p>\n<p><img loading=\"lazy\" decoding=\"async\" class=\"alignnone size-full wp-image-16950\" src=\"https:\/\/d2p6e6u75xmxt8.cloudfront.net\/4\/2023\/03\/08-1.webp\" alt=\"zasne\u017een\u00e1 lesn\u00e1 cesta\" width=\"990\" height=\"660\" srcset=\"https:\/\/d2p6e6u75xmxt8.cloudfront.net\/4\/2023\/03\/08-1.webp 990w, https:\/\/d2p6e6u75xmxt8.cloudfront.net\/4\/2023\/03\/08-1-300x200.webp 300w, https:\/\/d2p6e6u75xmxt8.cloudfront.net\/4\/2023\/03\/08-1-768x512.webp 768w, https:\/\/d2p6e6u75xmxt8.cloudfront.net\/4\/2023\/03\/08-1-400x267.webp 400w, https:\/\/d2p6e6u75xmxt8.cloudfront.net\/4\/2023\/03\/08-1-272x182.webp 272w\" sizes=\"auto, (max-width: 990px) 100vw, 990px\" \/><\/p>\n<p><strong>Po\u010das svojej \u010dinnosti ste vydali nieko\u013eko publik\u00e1ci\u00ed ako napr\u00edklad u\u010debn\u00e9 \u010di metodick\u00e9 materi\u00e1ly, ale aj propaga\u010dn\u00e9 materi\u00e1ly. M\u00e1te moment\u00e1lne rozpracovan\u00fa nejak\u00fa nov\u00fa publik\u00e1ciu?<\/strong><br \/>\n<em>\u00daprimne povieme, \u017ee aktu\u00e1lne sa venujeme predov\u0161etk\u00fdm zna\u010deniu a \u010dinnostiam s t\u00fdm sp\u00e4t\u00fdmi, na\u0161im akci\u00e1m a spracov\u00e1vaniu strategick\u00fdch dokumentov. Na spracov\u00e1vanie nov\u00fdch publik\u00e1ci\u00ed ve\u013emi priestor neost\u00e1va. V minulom roku sme vydali mal\u00fd Slovn\u00edk cykloturistick\u00e9ho zna\u010denia, ktor\u00fd v skratke vysvet\u013euje v\u0161etky prvky cykloturistick\u00e9ho zna\u010denia.<\/em><\/p>\n<p><em>Taktie\u017e je na\u0161ou snahou v bl\u00edzkej bud\u00facnosti zaktualizova\u0165 u\u017e vydan\u00e9 materi\u00e1ly \u201eChceme cyklotrasu, ako na to?\u201c a \u201eZna\u010denie cykloturistick\u00fdch tr\u00e1s\u201c.<\/em><\/p>\n<p><img loading=\"lazy\" decoding=\"async\" class=\"alignnone size-full wp-image-16940\" src=\"https:\/\/d2p6e6u75xmxt8.cloudfront.net\/4\/2023\/03\/03-2.webp\" alt=\"cykloturistick\u00e9 noviny\" width=\"990\" height=\"990\" srcset=\"https:\/\/d2p6e6u75xmxt8.cloudfront.net\/4\/2023\/03\/03-2.webp 990w, https:\/\/d2p6e6u75xmxt8.cloudfront.net\/4\/2023\/03\/03-2-300x300.webp 300w, https:\/\/d2p6e6u75xmxt8.cloudfront.net\/4\/2023\/03\/03-2-150x150.webp 150w, https:\/\/d2p6e6u75xmxt8.cloudfront.net\/4\/2023\/03\/03-2-768x768.webp 768w, https:\/\/d2p6e6u75xmxt8.cloudfront.net\/4\/2023\/03\/03-2-400x400.webp 400w\" sizes=\"auto, (max-width: 990px) 100vw, 990px\" \/><\/p>\n<p><strong>Vyd\u00e1vate dokonca aj spravodaj Cykloturistick\u00e9 novinky, ktor\u00fd je mo\u017en\u00e9 si stiahnu\u0165 na va\u0161ej str\u00e1nke. Existuje aj v tla\u010denej forme?<\/strong><br \/>\n<em>V minulosti sme Cykloturistick\u00e9 novinky d\u00e1vali tla\u010di\u0165, aj ke\u010f iba v malom mno\u017estve. Teraz, ke\u010f je v\u00e4\u010d\u0161ina sveta online, u\u017e Cykloturistick\u00e9 novinky netla\u010d\u00edme a vyd\u00e1vame ich iba online, zdarma dostupn\u00e9 na na\u0161ej str\u00e1nke, soci\u00e1lnych sie\u0165ach. Ich tla\u010d bola pre n\u00e1s finan\u010dne za\u0165a\u017euj\u00faca, preto\u017ee sme ho poskytovali zdarma.<\/em><\/p>\n<p><em>Cykloturistick\u00e9 novinky s\u00fa n\u00e1\u0161 \u201eob\u010dasn\u00edk\u201c, ktor\u00fd sa sna\u017e\u00edme vyd\u00e1va\u0165 aspo\u0148 raz ro\u010dne a ke\u010f sa podar\u00ed, tak aj zo dvakr\u00e1t. Aktu\u00e1lne pracujeme na novom \u010d\u00edsle a d\u00fafame, \u017ee v priebehu jari uzrie svetlo sveta.<\/em><\/p>\n<p><img loading=\"lazy\" decoding=\"async\" class=\"alignnone size-full wp-image-16956\" src=\"https:\/\/d2p6e6u75xmxt8.cloudfront.net\/4\/2023\/03\/12.webp\" alt=\"les v hmle\" width=\"990\" height=\"660\" srcset=\"https:\/\/d2p6e6u75xmxt8.cloudfront.net\/4\/2023\/03\/12.webp 990w, https:\/\/d2p6e6u75xmxt8.cloudfront.net\/4\/2023\/03\/12-300x200.webp 300w, https:\/\/d2p6e6u75xmxt8.cloudfront.net\/4\/2023\/03\/12-768x512.webp 768w, https:\/\/d2p6e6u75xmxt8.cloudfront.net\/4\/2023\/03\/12-400x267.webp 400w, https:\/\/d2p6e6u75xmxt8.cloudfront.net\/4\/2023\/03\/12-272x182.webp 272w\" sizes=\"auto, (max-width: 990px) 100vw, 990px\" \/><\/p>\n<p><strong>Za\u010dali ste spolupracova\u0165 aj s Klubom slovensk\u00fdch turistov. V \u010dom t\u00e1to spolupr\u00e1ca spo\u010d\u00edva? <\/strong><br \/>\n<em>Spolupr\u00e1ca s KST spo\u010d\u00edva v najm\u00e4 v spolo\u010dnom postupe pri rie\u0161en\u00ed legislat\u00edvnych probl\u00e9mov. V podstate s\u00fa metodiky a postupy pri zna\u010den\u00ed takmer identick\u00e9 a obe organiz\u00e1cie pracujeme s rovnak\u00fdmi probl\u00e9mami. Aktu\u00e1lne akt\u00edvne spolupracujeme pri rie\u0161en\u00ed turistick\u00e9ho z\u00e1kona a novom z\u00e1kone o \u0161porte. Spolo\u010dne postupujeme pri kompletiz\u00e1cii pripomienok, pet\u00edci\u00e1ch \u010di n\u00e1vrhoch legislat\u00edvy. <\/em><\/p>\n<p><em>Takisto spolupr\u00e1ca spo\u010d\u00edva i vo vz\u00e1jomnom vyu\u017e\u00edvan\u00ed smerovn\u00edkov, aby sa v niektor\u00fdch pr\u00edpadoch neduplikovalo. Radi by sme robili aj spolo\u010dn\u00e9 brig\u00e1dy a postupne aj nejak\u00e9 akcie, ke\u010f\u017ee aj v r\u00e1mci KST je ve\u013ek\u00e1 skupina cykloturistov.<\/em><\/p>\n<p><a href=\"https:\/\/www.instagram.com\/p\/ClRAe2-qiLA\/\">https:\/\/www.instagram.com\/p\/ClRAe2-qiLA\/<\/a><\/p>\n<p><strong>Organizujete aj r\u00f4zne cyklo podujatia ako s\u00fa napr\u00edklad N\u00e1rodn\u00e9 zrazy cykloturistov, Bl\u00e1zniv\u00fd cyklov\u00fdjazd, \u010casovka na Bradlo. Ak\u00e9 s\u00fa odozvy na tieto akcie?<\/strong><br \/>\n<em>Mysl\u00edme, \u017ee ohlasy na tieto na\u0161e akcie s\u00fa pozit\u00edvne. Sna\u017e\u00edme sa ich robi\u0165 pre \u013eud\u00ed a te\u0161\u00ed n\u00e1s, ak vid\u00edme, \u017ee sa bavia a odch\u00e1dzaj\u00fa s \u00fasmevom.<\/em><\/p>\n<p><em>N\u00e1rodn\u00fd zraz cykloturistov je tak\u00e1 na\u0161a srdcovka, ide o podujatie, ktor\u00e9 sa organizujeme s mal\u00fdmi prest\u00e1vkami u\u017e od vzniku SCK. Tento rok p\u00f4jde o 21. ro\u010dn\u00edk zrazu, bude sa kona\u0165 v Humennom v spolupr\u00e1ci s na\u0161\u00edm najmlad\u0161\u00edm klubom SCK Humenn\u00e9 v tret\u00ed j\u00fanov\u00fd v\u00edkend. V\u0161etky inform\u00e1cie oh\u013eadom zrazu s\u00fa zverejnen\u00e9 na <a href=\"https:\/\/www.cykloklub.sk\/formular\/21-nc-humenne\/\" target=\"_blank\" rel=\"noopener\">na\u0161ej str\u00e1nke<\/a> a budeme radi, ak sa k n\u00e1m ktoko\u013evek prid\u00e1 :).<\/em><\/p>\n<p><img loading=\"lazy\" decoding=\"async\" class=\"alignnone wp-image-16984 size-full\" src=\"https:\/\/d2p6e6u75xmxt8.cloudfront.net\/4\/2023\/03\/PLAGAT_online_small.webp\" alt=\"plag\u00e1t zraz cykloturistov\" width=\"990\" height=\"1400\" srcset=\"https:\/\/d2p6e6u75xmxt8.cloudfront.net\/4\/2023\/03\/PLAGAT_online_small.webp 990w, https:\/\/d2p6e6u75xmxt8.cloudfront.net\/4\/2023\/03\/PLAGAT_online_small-212x300.webp 212w, https:\/\/d2p6e6u75xmxt8.cloudfront.net\/4\/2023\/03\/PLAGAT_online_small-724x1024.webp 724w, https:\/\/d2p6e6u75xmxt8.cloudfront.net\/4\/2023\/03\/PLAGAT_online_small-768x1086.webp 768w, https:\/\/d2p6e6u75xmxt8.cloudfront.net\/4\/2023\/03\/PLAGAT_online_small-283x400.webp 283w\" sizes=\"auto, (max-width: 990px) 100vw, 990px\" \/><\/p>\n<p><em>Novinkou je tie\u017e \u010casovka na Bradlo, Memori\u00e1l J\u00e1na Noska. Je to akcia, ktorou sme o\u017eivili niekdaj\u0161iu cyklistick\u00fa \u010dasovku z Brezovej pod Bradlom na vrchol Bradlo. S podujat\u00edm sme vlastne za\u010dali minul\u00fd rok a aj ke\u010f sa jednalo o nult\u00fd ro\u010dn\u00edk, ohlasy boli naozaj pozit\u00edvne. V tomto roku sa budeme sna\u017ei\u0165 odstr\u00e1ni\u0165 drobn\u00e9 nedostatky z minul\u00e9ho ro\u010dn\u00edka a pevne ver\u00edme, \u017ee si v septembri op\u00e4\u0165 spolo\u010dne zamak\u00e1me.<\/em><\/p>\n<p><em>Okrem t\u00fdchto hlavn\u00fdch akci\u00ed organizujeme napr. Ra\u0148ajky pre cyklistov. Robili sme ich v Trnave, minul\u00fd rok v Pie\u0161\u0165anoch a pevne d\u00fafame, \u017ee sa n\u00e1m podaria zorganizova\u0165 i po\u010das tohto roka. Pl\u00e1nujeme a realizujeme trate na BikeFest marat\u00f3ne a Bratislavskom MTB marat\u00f3ne. Aj tento rok sa m\u00f4\u017eete te\u0161i\u0165 na novinky na marat\u00f3ne v K\u00e1lnici.<\/em><\/p>\n<p><em>Akcie sa n\u00e1m dar\u00ed organizova\u0165 iba s podporou na\u0161ich partnerov. Medzi podporovate\u013eov na\u0161ich akci\u00ed patr\u00ed i \u0160KODA, \u010domu sme ve\u013emi v\u010fa\u010dn\u00ed.<\/em><\/p>\n<p><img loading=\"lazy\" decoding=\"async\" class=\"alignnone size-full wp-image-16941\" src=\"https:\/\/d2p6e6u75xmxt8.cloudfront.net\/4\/2023\/03\/04-1.webp\" alt=\"cyklotrasa, zast\u00e1vka\" width=\"990\" height=\"660\" srcset=\"https:\/\/d2p6e6u75xmxt8.cloudfront.net\/4\/2023\/03\/04-1.webp 990w, https:\/\/d2p6e6u75xmxt8.cloudfront.net\/4\/2023\/03\/04-1-300x200.webp 300w, https:\/\/d2p6e6u75xmxt8.cloudfront.net\/4\/2023\/03\/04-1-768x512.webp 768w, https:\/\/d2p6e6u75xmxt8.cloudfront.net\/4\/2023\/03\/04-1-400x267.webp 400w, https:\/\/d2p6e6u75xmxt8.cloudfront.net\/4\/2023\/03\/04-1-272x182.webp 272w\" sizes=\"auto, (max-width: 990px) 100vw, 990px\" \/><\/p>\n<p><strong>Nestar\u00e1te sa len o samotn\u00e9 zna\u010denie, ale dok\u00e1\u017eete zabezpe\u010di\u0165 aj informa\u010dn\u00e9 tabule, \u010di dokonca v spolupr\u00e1ci so zna\u010dkou \u0160KODA ste in\u0161talovali cykloservisn\u00fd stojan. \u010co v\u0161etko e\u0161te rob\u00edte?<\/strong><br \/>\n<em>V dne\u0161nej dobe je zna\u010denie u\u017e ak\u00fdmsi \u0161tandardom a samozrejmos\u0165ou. Ke\u010f chceme i cykloturistick\u00e9 trasy zatrakt\u00edv\u0148ova\u0165 a \u010falej modernizova\u0165, okrem zna\u010denia, pre rozvoj cykloturistiky je potrebn\u00e9 zabezpe\u010di\u0165 i doplnkov\u00fa infra\u0161trukt\u00faru. Predstavte si, \u017ee sa vyd\u00e1te na tak\u00fa naozaj v\u00fd\u017eivn\u00fa cykloturistiku, \u010di u\u017e jednod\u0148ov\u00fa alebo viac. Po\u010das d\u0148a sa potrebujete i niekde schova\u0165, zaparkova\u0165 svoj bicykel, \u010di nebodaj opravi\u0165 si defekt. To je tak\u00fd z\u00e1klad, \u010do cykloturista na svojej t\u00fare potrebuje. Potom nasleduj\u00fa in\u00e9 slu\u017eby.<\/em><\/p>\n<p><img loading=\"lazy\" decoding=\"async\" class=\"alignnone size-full wp-image-16958\" src=\"https:\/\/d2p6e6u75xmxt8.cloudfront.net\/4\/2023\/03\/10-1.webp\" alt=\"cykloturistick\u00e9 zna\u010denie\" width=\"990\" height=\"824\" srcset=\"https:\/\/d2p6e6u75xmxt8.cloudfront.net\/4\/2023\/03\/10-1.webp 990w, https:\/\/d2p6e6u75xmxt8.cloudfront.net\/4\/2023\/03\/10-1-300x250.webp 300w, https:\/\/d2p6e6u75xmxt8.cloudfront.net\/4\/2023\/03\/10-1-768x639.webp 768w, https:\/\/d2p6e6u75xmxt8.cloudfront.net\/4\/2023\/03\/10-1-400x333.webp 400w\" sizes=\"auto, (max-width: 990px) 100vw, 990px\" \/><\/p>\n<p><em>Okrem zna\u010denia sa teda okrajovo venujeme aj realiz\u00e1cii doplnkovej infra\u0161trukt\u00fary ako stavba cykloodpo\u010d\u00edvadiel, osadenie mapov\u00fdch stojanov s aktu\u00e1lnou mapou, osadenie cykloservisn\u00fdch stojanov, \u010di realiz\u00e1cia cyklostojanov. Na\u0161e odpo\u010d\u00edvadl\u00e1 m\u00f4\u017eete streta\u0165 napr\u00edklad na trase EuroVelo 13 alebo na magistr\u00e1lach v okol\u00ed Nitry. Ve\u013ek\u00e9mu rozmachu sa te\u0161ia cykloservisn\u00e9 stojany, ktor\u00fdch sme za posledn\u00e9 roky osadili desiatky. Ide o servisn\u00e9 stojany, kde si m\u00f4\u017eete dof\u00faka\u0165 koleso, opravi\u0165 mal\u00e9 poruchy, nie\u010do pritiahnu\u0165&#8230; <\/em><\/p>\n<p><em>\u010co n\u00e1s ale nete\u0161\u00ed, je, \u017ee tieto stojany s\u00fa \u010dasto ter\u010dom vandalov a ich oprava stoj\u00ed ro\u010dne nemal\u00e9 financie. \u013dudia by si mali za\u010da\u0165 viac v\u00e1\u017ei\u0165 to, \u010do robia pre nich druh\u00ed.<\/em><\/p>\n<p><img loading=\"lazy\" decoding=\"async\" class=\"alignnone size-full wp-image-16942\" src=\"https:\/\/d2p6e6u75xmxt8.cloudfront.net\/4\/2023\/03\/05-1.webp\" alt=\"cyklo zna\u010denie\" width=\"990\" height=\"660\" srcset=\"https:\/\/d2p6e6u75xmxt8.cloudfront.net\/4\/2023\/03\/05-1.webp 990w, https:\/\/d2p6e6u75xmxt8.cloudfront.net\/4\/2023\/03\/05-1-300x200.webp 300w, https:\/\/d2p6e6u75xmxt8.cloudfront.net\/4\/2023\/03\/05-1-768x512.webp 768w, https:\/\/d2p6e6u75xmxt8.cloudfront.net\/4\/2023\/03\/05-1-400x267.webp 400w, https:\/\/d2p6e6u75xmxt8.cloudfront.net\/4\/2023\/03\/05-1-272x182.webp 272w\" sizes=\"auto, (max-width: 990px) 100vw, 990px\" \/><\/p>\n<p><strong>Zauj\u00edmav\u00fdm projektom je aj cykloportal.sk, kde si cyklista m\u00f4\u017ee vybra\u0165 kraj, kam sa chyst\u00e1 na v\u00fdlet a dozvie sa o zauj\u00edmav\u00fdch miestach, ktor\u00e9 nav\u0161t\u00edvi\u0165. V\u00fdber je dokonca mo\u017en\u00fd aj pod\u013ea n\u00e1ro\u010dnosti trasy. Mus\u00ed by\u0165 n\u00e1ro\u010dn\u00e9, dop\u013a\u0148a\u0165 tam inform\u00e1cie, aby bol port\u00e1l aktu\u00e1lny.<\/strong><br \/>\n<em>Tento port\u00e1l vznik\u00e1 postupne od roku 2012, kedy sa za\u010dal nap\u013a\u0148a\u0165 v spolupr\u00e1ci s jednotliv\u00fdmi krajmi. Odvtedy sa sna\u017e\u00edme o to, aby bol aktu\u00e1lny a aby na \u0148om ni\u010d nech\u00fdbalo, aj ke\u010f vieme, \u017ee tam aktu\u00e1lne e\u0161te st\u00e1le ch\u00fdbaj\u00fa cel\u00e9 dva kraje Slovenska. Pevne ver\u00edme, \u017ee v priebehu nasleduj\u00facich rokov sa doplnia i tieto dva kraje.<\/em><\/p>\n<p><em>Dop\u013a\u0148anie a aktualizovanie cykloport\u00e1lu zaberie mnoho \u010dasu. Nie je to len o tom, \u017ee sa tam nahr\u00e1 trasa, ale k trase sa v\u017edy spisuje i jej popis a sna\u017e\u00edme sa dop\u013a\u0148a\u0165 i najaktu\u00e1lnej\u0161ie fotografie. Popis a fotografie sa sna\u017e\u00edme aktualizova\u0165 po ka\u017edej obnove, predsa len aktu\u00e1lnej\u0161ie fotografie s\u00fa atrakt\u00edvnej\u0161ie a trasovanie sa ob\u010dasne men\u00ed. Tie\u017e aktualizujeme GPX-k\u00e1 tr\u00e1s, aby mali spr\u00e1vne v\u00fd\u0161ky, smer. Zmeny rie\u0161ime i s Garminom, ku ka\u017edej trase je v\u017edy aktu\u00e1lny Garmin connect prelink. Ke\u010f port\u00e1l vznikal, SCK fyzicky pre\u0161lo v\u0161etky trasy krajov, ktor\u00e9 na port\u00e1li u\u017e s\u00fa, tie zmapoval a vypracoval v\u00fdstup.<\/em><\/p>\n<p><img loading=\"lazy\" decoding=\"async\" class=\"alignnone wp-image-16948 size-full\" src=\"https:\/\/d2p6e6u75xmxt8.cloudfront.net\/4\/2023\/03\/09-1.webp\" alt=\"zasne\u017een\u00e1 lesn\u00e1 cesta\" width=\"990\" height=\"660\" srcset=\"https:\/\/d2p6e6u75xmxt8.cloudfront.net\/4\/2023\/03\/09-1.webp 990w, https:\/\/d2p6e6u75xmxt8.cloudfront.net\/4\/2023\/03\/09-1-300x200.webp 300w, https:\/\/d2p6e6u75xmxt8.cloudfront.net\/4\/2023\/03\/09-1-768x512.webp 768w, https:\/\/d2p6e6u75xmxt8.cloudfront.net\/4\/2023\/03\/09-1-400x267.webp 400w, https:\/\/d2p6e6u75xmxt8.cloudfront.net\/4\/2023\/03\/09-1-272x182.webp 272w\" sizes=\"auto, (max-width: 990px) 100vw, 990px\" \/><\/p>\n<p><em>Finan\u010dne n\u00e1ro\u010dn\u00e1 je i prev\u00e1dza tak\u00e9hoto port\u00e1lu, hlavne \u010do sa t\u00fdka aktualiz\u00e1cie celkovej mapy. Na str\u00e1nke nem\u00e1me \u017eiadny reklamn\u00fd priestor, priestor tu maj\u00fa naozaj iba subjekty, ktor\u00e9 s nami spolupracuj\u00fa, \u010di\u017ee celkov\u00e1 aktualiz\u00e1cia ide z n\u00e1\u0161ho vrecka. V minulom roku cel\u00fd port\u00e1l pre\u0161iel ve\u013ekou zmenou, celkov\u00e1 mapa sa vylep\u0161ila o viacer\u00e9 vyh\u013ead\u00e1vania, je ostrej\u0161ia a u\u017e\u00edvate\u013e sa vie na trasu ve\u013emi \u013eahko preklikn\u00fa\u0165. Taktie\u017e novinkou je celkov\u00fd zoznam tr\u00e1s na Slovensku, nielen po krajoch. Filtrova\u0165 viete pod\u013ea farby, n\u00e1ro\u010dnosti, ur\u010denia. St\u00e1le je \u010do na tejto str\u00e1nke vylep\u0161ova\u0165, my sa te\u0161\u00edme i mal\u00fdm kr\u00f4\u010dikom.<\/em><\/p>\n<p>Link na celkov\u00fd zoznam: <a href=\"https:\/\/www.cykloportal.sk\/vyber-si-trasu\/\" target=\"_blank\" rel=\"noopener\">tu<\/a>.<br \/>\nLink na cel\u00fa mapku: <a href=\"https:\/\/www.cykloportal.sk\/cyklotrasy-na-mape\/\" target=\"_blank\" rel=\"noopener\">tu<\/a>.<\/p>\n<p>V druhej \u010dasti rozhovoru sa bli\u017e\u0161ie pozrieme na to, ako vznikne nov\u00e1 cyklotrasa, \u010do v\u0161etko je na to potrebn\u00e9 a mo\u017eno sa n\u00e1m podar\u00ed pribl\u00ed\u017ei\u0165 aj jeden de\u0148 zna\u010dk\u00e1ra.<\/p>\n","protected":false},"excerpt":{"rendered":"<p>Po\u010das na\u0161ich cyklov\u00fdletov a v\u00fdjazdov berieme cyklistick\u00e9 zna\u010denie u\u017e ako samozrejm\u00e9. Niekedy sa v\u00f4bec nezam\u00fd\u0161\u013eame nad t\u00fdm, ako sa tam [&hellip;]<\/p>\n","protected":false},"author":172,"featured_media":16937,"comment_status":"open","ping_status":"open","sticky":false,"template":"","format":"standard","meta":{"footnotes":""},"categories":[191],"tags":[115,928,1246,995,1136,546,587,448,180,501,563,542,1590,901,508],"global-categories":[1074],"class_list":["post-16935","post","type-post","status-publish","format-standard","has-post-thumbnail","hentry","category-odporucame","tag-cestna-cyklistika","tag-chodnik","tag-cyklisticka-komunita","tag-cyklisticky-klub","tag-cyklisticky-stojan","tag-cyklistika","tag-cyklochodnik","tag-cyklotrasy","tag-horska-cyklistika","tag-rozhovor","tag-servis","tag-skoda","tag-slovensky-cykloklub","tag-turistika","tag-vylet","global-categories-cycling"],"yoast_head":"<!-- This site is optimized with the Yoast SEO Premium plugin v25.3 (Yoast SEO v25.9) - https:\/\/yoast.com\/wordpress\/plugins\/seo\/ -->\n<title>Rozhovor: \u010cinnos\u0165 Slovensk\u00e9ho cykloklubu (1. \u010das\u0165)<\/title>\n<meta name=\"description\" content=\"Zamysleli ste sa niekedy nad t\u00fdm, kto n\u00e1m zna\u010d\u00ed cyklotrasy? V tomto rozhovore v\u00e1m pribl\u00ed\u017eime \u010dinnos\u0165 Slovensk\u00e9ho cykloklubu.\" \/>\n<meta name=\"robots\" content=\"index, follow, max-snippet:-1, max-image-preview:large, max-video-preview:-1\" \/>\n<link rel=\"canonical\" href=\"https:\/\/www.welovecycling.com\/sk\/2023\/03\/23\/rozhovor-cinnost-slovenskeho-cykloklubu-1-cast\/\" \/>\n<meta property=\"og:locale\" content=\"sk_SK\" \/>\n<meta property=\"og:type\" content=\"article\" \/>\n<meta property=\"og:title\" content=\"Rozhovor: \u010cinnos\u0165 Slovensk\u00e9ho cykloklubu (1. \u010das\u0165)\" \/>\n<meta property=\"og:description\" content=\"Zamysleli ste sa niekedy nad t\u00fdm, kto n\u00e1m zna\u010d\u00ed cyklotrasy? V tomto rozhovore v\u00e1m pribl\u00ed\u017eime \u010dinnos\u0165 Slovensk\u00e9ho cykloklubu.\" \/>\n<meta property=\"og:url\" content=\"https:\/\/www.welovecycling.com\/sk\/2023\/03\/23\/rozhovor-cinnost-slovenskeho-cykloklubu-1-cast\/\" \/>\n<meta property=\"og:site_name\" content=\"\u0160koda We Love Cycling Slovensko\" \/>\n<meta property=\"article:published_time\" content=\"2023-03-23T09:00:28+00:00\" \/>\n<meta property=\"article:modified_time\" content=\"2023-04-05T08:42:56+00:00\" \/>\n<meta property=\"og:image\" content=\"https:\/\/d2p6e6u75xmxt8.cloudfront.net\/4\/2023\/03\/titulka-3.webp\" \/>\n\t<meta property=\"og:image:width\" content=\"990\" \/>\n\t<meta property=\"og:image:height\" content=\"660\" \/>\n\t<meta property=\"og:image:type\" content=\"image\/webp\" \/>\n<meta name=\"author\" content=\"dominika\" \/>\n<meta name=\"twitter:card\" content=\"summary_large_image\" \/>\n<meta name=\"twitter:label1\" content=\"Written by\" \/>\n\t<meta name=\"twitter:data1\" content=\"Radovan Vr\u0161ka\" \/>\n\t<meta name=\"twitter:label2\" content=\"Est. reading time\" \/>\n\t<meta name=\"twitter:data2\" content=\"9\" \/>\n<script type=\"application\/ld+json\" class=\"yoast-schema-graph\">{\"@context\":\"https:\/\/schema.org\",\"@graph\":[{\"@type\":\"WebPage\",\"@id\":\"https:\/\/www.welovecycling.com\/sk\/2023\/03\/23\/rozhovor-cinnost-slovenskeho-cykloklubu-1-cast\/\",\"url\":\"https:\/\/www.welovecycling.com\/sk\/2023\/03\/23\/rozhovor-cinnost-slovenskeho-cykloklubu-1-cast\/\",\"name\":\"Rozhovor: \u010cinnos\u0165 Slovensk\u00e9ho cykloklubu (1. \u010das\u0165)\",\"isPartOf\":{\"@id\":\"https:\/\/www.welovecycling.com\/sk\/#website\"},\"primaryImageOfPage\":{\"@id\":\"https:\/\/www.welovecycling.com\/sk\/2023\/03\/23\/rozhovor-cinnost-slovenskeho-cykloklubu-1-cast\/#primaryimage\"},\"image\":{\"@id\":\"https:\/\/www.welovecycling.com\/sk\/2023\/03\/23\/rozhovor-cinnost-slovenskeho-cykloklubu-1-cast\/#primaryimage\"},\"thumbnailUrl\":\"https:\/\/d2p6e6u75xmxt8.cloudfront.net\/4\/2023\/03\/titulka-3.webp\",\"datePublished\":\"2023-03-23T09:00:28+00:00\",\"dateModified\":\"2023-04-05T08:42:56+00:00\",\"author\":{\"@id\":\"https:\/\/www.welovecycling.com\/sk\/#\/schema\/person\/533b62b98b6c41bd5135ebfb1f742624\"},\"description\":\"Zamysleli ste sa niekedy nad t\u00fdm, kto n\u00e1m zna\u010d\u00ed cyklotrasy? V tomto rozhovore v\u00e1m pribl\u00ed\u017eime \u010dinnos\u0165 Slovensk\u00e9ho cykloklubu.\",\"breadcrumb\":{\"@id\":\"https:\/\/www.welovecycling.com\/sk\/2023\/03\/23\/rozhovor-cinnost-slovenskeho-cykloklubu-1-cast\/#breadcrumb\"},\"inLanguage\":\"sk-SK\",\"potentialAction\":[{\"@type\":\"ReadAction\",\"target\":[\"https:\/\/www.welovecycling.com\/sk\/2023\/03\/23\/rozhovor-cinnost-slovenskeho-cykloklubu-1-cast\/\"]}]},{\"@type\":\"ImageObject\",\"inLanguage\":\"sk-SK\",\"@id\":\"https:\/\/www.welovecycling.com\/sk\/2023\/03\/23\/rozhovor-cinnost-slovenskeho-cykloklubu-1-cast\/#primaryimage\",\"url\":\"https:\/\/d2p6e6u75xmxt8.cloudfront.net\/4\/2023\/03\/titulka-3.webp\",\"contentUrl\":\"https:\/\/d2p6e6u75xmxt8.cloudfront.net\/4\/2023\/03\/titulka-3.webp\",\"width\":990,\"height\":660,\"caption\":\"zna\u010denie\"},{\"@type\":\"BreadcrumbList\",\"@id\":\"https:\/\/www.welovecycling.com\/sk\/2023\/03\/23\/rozhovor-cinnost-slovenskeho-cykloklubu-1-cast\/#breadcrumb\",\"itemListElement\":[{\"@type\":\"ListItem\",\"position\":1,\"name\":\"Home\",\"item\":\"https:\/\/www.welovecycling.com\/sk\/\"},{\"@type\":\"ListItem\",\"position\":2,\"name\":\"Rozhovor: \u010cinnos\u0165 Slovensk\u00e9ho cykloklubu (1. \u010das\u0165)\"}]},{\"@type\":\"WebSite\",\"@id\":\"https:\/\/www.welovecycling.com\/sk\/#website\",\"url\":\"https:\/\/www.welovecycling.com\/sk\/\",\"name\":\"\u0160koda We Love Cycling Slovensko\",\"description\":\"\u0160koda We Love Cycling Slovensko je v\u00e1\u0161 ka\u017edodenn\u00fd zdroj noviniek a in\u0161pir\u00e1cie z sveta cyklistiky\",\"potentialAction\":[{\"@type\":\"SearchAction\",\"target\":{\"@type\":\"EntryPoint\",\"urlTemplate\":\"https:\/\/www.welovecycling.com\/sk\/?s={search_term_string}\"},\"query-input\":{\"@type\":\"PropertyValueSpecification\",\"valueRequired\":true,\"valueName\":\"search_term_string\"}}],\"inLanguage\":\"sk-SK\"},{\"@type\":\"Person\",\"@id\":\"https:\/\/www.welovecycling.com\/sk\/#\/schema\/person\/533b62b98b6c41bd5135ebfb1f742624\",\"name\":\"dominika\",\"image\":{\"@type\":\"ImageObject\",\"inLanguage\":\"sk-SK\",\"@id\":\"https:\/\/www.welovecycling.com\/sk\/#\/schema\/person\/image\/\",\"url\":\"https:\/\/secure.gravatar.com\/avatar\/ded6f274ba2ec3e17fff153f7d9d96a4b33c2cb63907f75d9a5309c599a7f3e6?s=96&d=mm&r=g\",\"contentUrl\":\"https:\/\/secure.gravatar.com\/avatar\/ded6f274ba2ec3e17fff153f7d9d96a4b33c2cb63907f75d9a5309c599a7f3e6?s=96&d=mm&r=g\",\"caption\":\"dominika\"},\"url\":\"https:\/\/www.welovecycling.com\/sk\/author\/dominika\/\"}]}<\/script>\n<!-- \/ Yoast SEO Premium plugin. -->","yoast_head_json":{"title":"Rozhovor: \u010cinnos\u0165 Slovensk\u00e9ho cykloklubu (1. \u010das\u0165)","description":"Zamysleli ste sa niekedy nad t\u00fdm, kto n\u00e1m zna\u010d\u00ed cyklotrasy? V tomto rozhovore v\u00e1m pribl\u00ed\u017eime \u010dinnos\u0165 Slovensk\u00e9ho cykloklubu.","robots":{"index":"index","follow":"follow","max-snippet":"max-snippet:-1","max-image-preview":"max-image-preview:large","max-video-preview":"max-video-preview:-1"},"canonical":"https:\/\/www.welovecycling.com\/sk\/2023\/03\/23\/rozhovor-cinnost-slovenskeho-cykloklubu-1-cast\/","og_locale":"sk_SK","og_type":"article","og_title":"Rozhovor: \u010cinnos\u0165 Slovensk\u00e9ho cykloklubu (1. \u010das\u0165)","og_description":"Zamysleli ste sa niekedy nad t\u00fdm, kto n\u00e1m zna\u010d\u00ed cyklotrasy? V tomto rozhovore v\u00e1m pribl\u00ed\u017eime \u010dinnos\u0165 Slovensk\u00e9ho cykloklubu.","og_url":"https:\/\/www.welovecycling.com\/sk\/2023\/03\/23\/rozhovor-cinnost-slovenskeho-cykloklubu-1-cast\/","og_site_name":"\u0160koda We Love Cycling Slovensko","article_published_time":"2023-03-23T09:00:28+00:00","article_modified_time":"2023-04-05T08:42:56+00:00","og_image":[{"width":990,"height":660,"url":"https:\/\/d2p6e6u75xmxt8.cloudfront.net\/4\/2023\/03\/titulka-3.webp","type":"image\/webp"}],"author":"dominika","twitter_card":"summary_large_image","twitter_misc":{"Written by":"Radovan Vr\u0161ka","Est. reading time":"9"},"schema":{"@context":"https:\/\/schema.org","@graph":[{"@type":"WebPage","@id":"https:\/\/www.welovecycling.com\/sk\/2023\/03\/23\/rozhovor-cinnost-slovenskeho-cykloklubu-1-cast\/","url":"https:\/\/www.welovecycling.com\/sk\/2023\/03\/23\/rozhovor-cinnost-slovenskeho-cykloklubu-1-cast\/","name":"Rozhovor: \u010cinnos\u0165 Slovensk\u00e9ho cykloklubu (1. \u010das\u0165)","isPartOf":{"@id":"https:\/\/www.welovecycling.com\/sk\/#website"},"primaryImageOfPage":{"@id":"https:\/\/www.welovecycling.com\/sk\/2023\/03\/23\/rozhovor-cinnost-slovenskeho-cykloklubu-1-cast\/#primaryimage"},"image":{"@id":"https:\/\/www.welovecycling.com\/sk\/2023\/03\/23\/rozhovor-cinnost-slovenskeho-cykloklubu-1-cast\/#primaryimage"},"thumbnailUrl":"https:\/\/d2p6e6u75xmxt8.cloudfront.net\/4\/2023\/03\/titulka-3.webp","datePublished":"2023-03-23T09:00:28+00:00","dateModified":"2023-04-05T08:42:56+00:00","author":{"@id":"https:\/\/www.welovecycling.com\/sk\/#\/schema\/person\/533b62b98b6c41bd5135ebfb1f742624"},"description":"Zamysleli ste sa niekedy nad t\u00fdm, kto n\u00e1m zna\u010d\u00ed cyklotrasy? V tomto rozhovore v\u00e1m pribl\u00ed\u017eime \u010dinnos\u0165 Slovensk\u00e9ho cykloklubu.","breadcrumb":{"@id":"https:\/\/www.welovecycling.com\/sk\/2023\/03\/23\/rozhovor-cinnost-slovenskeho-cykloklubu-1-cast\/#breadcrumb"},"inLanguage":"sk-SK","potentialAction":[{"@type":"ReadAction","target":["https:\/\/www.welovecycling.com\/sk\/2023\/03\/23\/rozhovor-cinnost-slovenskeho-cykloklubu-1-cast\/"]}]},{"@type":"ImageObject","inLanguage":"sk-SK","@id":"https:\/\/www.welovecycling.com\/sk\/2023\/03\/23\/rozhovor-cinnost-slovenskeho-cykloklubu-1-cast\/#primaryimage","url":"https:\/\/d2p6e6u75xmxt8.cloudfront.net\/4\/2023\/03\/titulka-3.webp","contentUrl":"https:\/\/d2p6e6u75xmxt8.cloudfront.net\/4\/2023\/03\/titulka-3.webp","width":990,"height":660,"caption":"zna\u010denie"},{"@type":"BreadcrumbList","@id":"https:\/\/www.welovecycling.com\/sk\/2023\/03\/23\/rozhovor-cinnost-slovenskeho-cykloklubu-1-cast\/#breadcrumb","itemListElement":[{"@type":"ListItem","position":1,"name":"Home","item":"https:\/\/www.welovecycling.com\/sk\/"},{"@type":"ListItem","position":2,"name":"Rozhovor: \u010cinnos\u0165 Slovensk\u00e9ho cykloklubu (1. \u010das\u0165)"}]},{"@type":"WebSite","@id":"https:\/\/www.welovecycling.com\/sk\/#website","url":"https:\/\/www.welovecycling.com\/sk\/","name":"\u0160koda We Love Cycling Slovensko","description":"\u0160koda We Love Cycling Slovensko je v\u00e1\u0161 ka\u017edodenn\u00fd zdroj noviniek a in\u0161pir\u00e1cie z sveta cyklistiky","potentialAction":[{"@type":"SearchAction","target":{"@type":"EntryPoint","urlTemplate":"https:\/\/www.welovecycling.com\/sk\/?s={search_term_string}"},"query-input":{"@type":"PropertyValueSpecification","valueRequired":true,"valueName":"search_term_string"}}],"inLanguage":"sk-SK"},{"@type":"Person","@id":"https:\/\/www.welovecycling.com\/sk\/#\/schema\/person\/533b62b98b6c41bd5135ebfb1f742624","name":"dominika","image":{"@type":"ImageObject","inLanguage":"sk-SK","@id":"https:\/\/www.welovecycling.com\/sk\/#\/schema\/person\/image\/","url":"https:\/\/secure.gravatar.com\/avatar\/ded6f274ba2ec3e17fff153f7d9d96a4b33c2cb63907f75d9a5309c599a7f3e6?s=96&d=mm&r=g","contentUrl":"https:\/\/secure.gravatar.com\/avatar\/ded6f274ba2ec3e17fff153f7d9d96a4b33c2cb63907f75d9a5309c599a7f3e6?s=96&d=mm&r=g","caption":"dominika"},"url":"https:\/\/www.welovecycling.com\/sk\/author\/dominika\/"}]}},"_links":{"self":[{"href":"https:\/\/www.welovecycling.com\/sk\/wp-json\/wp\/v2\/posts\/16935","targetHints":{"allow":["GET"]}}],"collection":[{"href":"https:\/\/www.welovecycling.com\/sk\/wp-json\/wp\/v2\/posts"}],"about":[{"href":"https:\/\/www.welovecycling.com\/sk\/wp-json\/wp\/v2\/types\/post"}],"author":[{"embeddable":true,"href":"https:\/\/www.welovecycling.com\/sk\/wp-json\/wp\/v2\/users\/172"}],"replies":[{"embeddable":true,"href":"https:\/\/www.welovecycling.com\/sk\/wp-json\/wp\/v2\/comments?post=16935"}],"version-history":[{"count":2,"href":"https:\/\/www.welovecycling.com\/sk\/wp-json\/wp\/v2\/posts\/16935\/revisions"}],"predecessor-version":[{"id":17049,"href":"https:\/\/www.welovecycling.com\/sk\/wp-json\/wp\/v2\/posts\/16935\/revisions\/17049"}],"wp:featuredmedia":[{"embeddable":true,"href":"https:\/\/www.welovecycling.com\/sk\/wp-json\/wp\/v2\/media\/16937"}],"wp:attachment":[{"href":"https:\/\/www.welovecycling.com\/sk\/wp-json\/wp\/v2\/media?parent=16935"}],"wp:term":[{"taxonomy":"category","embeddable":true,"href":"https:\/\/www.welovecycling.com\/sk\/wp-json\/wp\/v2\/categories?post=16935"},{"taxonomy":"post_tag","embeddable":true,"href":"https:\/\/www.welovecycling.com\/sk\/wp-json\/wp\/v2\/tags?post=16935"},{"taxonomy":"global-categories","embeddable":true,"href":"https:\/\/www.welovecycling.com\/sk\/wp-json\/wp\/v2\/global-categories?post=16935"}],"curies":[{"name":"wp","href":"https:\/\/api.w.org\/{rel}","templated":true}]}}