{"id":16920,"date":"2023-05-15T12:43:43","date_gmt":"2023-05-15T10:43:43","guid":{"rendered":"https:\/\/www.welovecycling.com\/sk\/?p=16920"},"modified":"2023-05-15T12:44:20","modified_gmt":"2023-05-15T10:44:20","slug":"5-naj-cyklotras-v-spanielsku","status":"publish","type":"post","link":"https:\/\/www.welovecycling.com\/sk\/2023\/05\/15\/5-naj-cyklotras-v-spanielsku\/","title":{"rendered":"5 naj cyklotr\u00e1s v \u0160panielsku"},"content":{"rendered":"<p style=\"font-weight: 400;\"><strong>Nie je \u0160panielsko jednoducho naj? V\u00fdborn\u00e9 jedlo a pr\u00edjemn\u00e9 podnebie, miesto ako stvoren\u00e9 pre jarn\u00fa cyklistiku. Ako ste u\u017e mohli pod\u013ea nadpisu predpoklada\u0165, pripravili sme si pre v\u00e1s skvel\u00fd zoznam cyklotr\u00e1s v \u0160panielsku, ktor\u00e9 mus\u00edte vysk\u00fa\u0161a\u0165. A ak ste u\u017e \u010d\u00edtali n\u00e1\u0161 \u010dl\u00e1nok o <a href=\"https:\/\/www.welovecycling.com\/sk\/?p=16854&amp;preview=true\" target=\"_blank\" rel=\"noopener\">5 naj cyklotras\u00e1ch vo Franc\u00fazsku<\/a>, ktor\u00fd sme vytvorili v spolupr\u00e1ci s ROUVY, viete, \u017ee t\u00fdch, ktor\u00ed si v\u00fdlet do \u0160panielska nem\u00f4\u017eu dovoli\u0165, nenech\u00e1me na sklaman\u00fdch.<br \/>\n<\/strong><\/p>\n<p><!--more--><\/p>\n<p style=\"font-weight: 400;\">Franc\u00fazsko \u010dasto l\u00e1ka cyklistov na svoje ikonick\u00e9 trasy a Tour de France, ale to neznamen\u00e1, \u017ee by ste mali \u0160panielsko \u00faplne vy\u010diarknu\u0165 zo zoznamu destin\u00e1ci\u00ed, ktor\u00e9 chcete nav\u0161t\u00edvi\u0165. \u0160panielsko by ste mali ur\u010dite nav\u0161t\u00edvi\u0165, ak m\u00e1te vo\u013en\u00fd \u010das na konci zimy, \u010di na za\u010diatku jari, kedy je skvel\u00fdm miestom na sp\u00e1lenie prebyto\u010dn\u00fdch viano\u010dn\u00fdch kal\u00f3ri\u00ed. Nateraz v\u0161ak vezmite do ruky poh\u00e1r sangrie a po\u010fme sa spolo\u010dne pozrie\u0165 na najlep\u0161ie miesta na jazdu v \u0160panielsku.<\/p>\n<h2><strong>V\u00fdlet do Pr\u00edrodn\u00e9ho parku Albufera z Valencie<\/strong><\/h2>\n<p style=\"font-weight: 400;\">Kde lep\u0161ie za\u010da\u0165 n\u00e1\u0161 v\u00fdlet ne\u017e v slne\u010dnej Valencii? Toto stredomorsk\u00e9 mesto m\u00e1 \u010do pon\u00faknu\u0165 aj pe\u0161\u00edm turistom, tak\u017ee ak va\u0161a polovi\u010dka nem\u00e1 chu\u0165 \u0161liapa\u0165 cel\u00fa dovolenku, m\u00f4\u017ee si u\u017ei\u0165 \u00fa\u017easn\u00e9 pl\u00e1\u017ee, chutn\u00e9 jedlo a no\u010dn\u00e9 fiesty, zatia\u013e \u010do vy budete jazdi\u0165 po regi\u00f3ne. <strong>V\u00e4\u010d\u0161ina ciest okolo Valencie zas\u00fdti v\u00e1\u0161 hlad po cyklo dobrodru\u017estve, ale v\u00fdlet po <a href=\"https:\/\/www.komoot.com\/smarttour\/e839571609\/vuelta-al-parque-natural-de-l-albufera-desde-valencia\" target=\"_blank\" rel=\"noopener\">Pr\u00edrodnom parku Albufera<\/a> bude \u010dere\u0161ni\u010dkou na torte.<\/strong><\/p>\n<p style=\"font-weight: 400;\">Samotn\u00e1 trasa je jednoduch\u00e1, no mus\u00edte si na \u0148u vyhradi\u0165 aspo\u0148 pol d\u0148a. Cel\u00e1 cesta je dlh\u00e1 86 kilometrov a nie s\u00fa na nej skoro \u017eiadne st\u00fapania. V\u00e4\u010d\u0161inu \u010dasu p\u00f4jdete po asfaltovej alebo vydl\u00e1\u017edenej ceste, a iba jeden kilometer bude vydl\u00e1\u017eden\u00fd kockami. <strong>Najn\u00e1ro\u010dnej\u0161\u00ed v\u00fd\u0161\u013eap na celej trase (ak teda m\u00f4\u017eete 30-metrov\u00e9 prev\u00fd\u0161enie nazv\u00fdva\u0165 st\u00fapan\u00edm) m\u00e1 6 % sklon a je dlh\u00fd 500 metrov.<\/strong><\/p>\n<figure id=\"attachment_16921\" aria-describedby=\"caption-attachment-16921\" style=\"width: 1000px\" class=\"wp-caption alignnone\"><a href=\"https:\/\/d2p6e6u75xmxt8.cloudfront.net\/4\/2023\/03\/Albufera-Spain-profimedia-0753671326.webp\"><img loading=\"lazy\" decoding=\"async\" class=\"size-full wp-image-16921\" src=\"https:\/\/d2p6e6u75xmxt8.cloudfront.net\/4\/2023\/03\/Albufera-Spain-profimedia-0753671326.webp\" alt=\"Albufera national park\" width=\"1000\" height=\"667\" srcset=\"https:\/\/d2p6e6u75xmxt8.cloudfront.net\/4\/2023\/03\/Albufera-Spain-profimedia-0753671326.webp 1000w, https:\/\/d2p6e6u75xmxt8.cloudfront.net\/4\/2023\/03\/Albufera-Spain-profimedia-0753671326-300x200.webp 300w, https:\/\/d2p6e6u75xmxt8.cloudfront.net\/4\/2023\/03\/Albufera-Spain-profimedia-0753671326-768x512.webp 768w, https:\/\/d2p6e6u75xmxt8.cloudfront.net\/4\/2023\/03\/Albufera-Spain-profimedia-0753671326-400x267.webp 400w, https:\/\/d2p6e6u75xmxt8.cloudfront.net\/4\/2023\/03\/Albufera-Spain-profimedia-0753671326-272x182.webp 272w\" sizes=\"auto, (max-width: 1000px) 100vw, 1000px\" \/><\/a><figcaption id=\"caption-attachment-16921\" class=\"wp-caption-text\">Pr\u00edrodn\u00fd park Albufera pon\u00faka dychber\u00face v\u00fdh\u013eady. \u00a9 Profimedia<\/figcaption><\/figure>\n<p style=\"font-weight: 400;\">Cestu za\u010dnete na vlakovej stanici a vyraz\u00edte na juh do mesta Sueca. <strong>Toto malebn\u00e9 meste\u010dko sa nach\u00e1dza pribli\u017ene 35 kilometrov od za\u010diatku va\u0161ej trasy a je to skvel\u00e9 miesto, kde si pochutna\u0165 na dobrej k\u00e1ve, \u010di pive.<\/strong> Odtia\u013e p\u00f4jdete smerom k moru, kde m\u00f4\u017eete vidie\u0165 jedno z najkraj\u0161\u00edch miest na celom \u0161panielskom pobre\u017e\u00ed Stredozemn\u00e9ho mora: Faro de Cullera. Toto je stred na\u0161ej cesty. Po tom n\u00e1dhernom v\u00fdh\u013eade budete pokra\u010dova\u0165 sp\u00e4\u0165 do Valencie, tentokr\u00e1t v\u0161ak priamo popri pobre\u017e\u00ed. Pr\u00edroda je tam jednoducho hypnotizuj\u00faca, a ak budete chcie\u0165, m\u00f4\u017eete si v mori aj zapl\u00e1va\u0165.<\/p>\n<p style=\"font-weight: 400;\">Cestou sp\u00e4\u0165 budete m\u00f4c\u0165 vidie\u0165 jazero l\u2019Albufera v celej jeho kr\u00e1se. <strong>T\u00e1to cyklotrasa je pre t\u00fdch, ktor\u00ed uprednost\u0148uj\u00fa pohodov\u00e9 cesty, po\u010das ktor\u00fdch sa je na \u010do pozera\u0165 a bez toho, aby sa pr\u00edli\u0161 spotili.<\/strong> Ak v\u0161ak chcete t\u00fato trasu zvl\u00e1dnu\u0165 za p\u00e4\u0165 hod\u00edn, mus\u00edte do ped\u00e1lovania vlo\u017ei\u0165 viac s\u00edl.<\/p>\n<h2><strong>Soneja \u2013 Segorbe \u2013 Soneja<\/strong><\/h2>\n<p style=\"font-weight: 400;\">\u010eal\u0161ia jednoduch\u00e1 a oddychov\u00e1 trasa v \u0160panielsku, ktor\u00e1 sp\u00e1ja nezabudnute\u013en\u00e9 v\u00fdh\u013eady s kr\u00e1snymi stredovek\u00fdmi meste\u010dkami a najsl\u00e1vnej\u0161ou lesnou cestou \u0160panielska (tzv. greenway),Via Verde Ojos Negros. T\u00e1to cyklotrasa vo v\u00e1\u0161 ur\u010dite nevzbud\u00ed chu\u0165 l\u00e1ma\u0165 rekordy. <strong>Jej dychber\u00faca kr\u00e1sa v\u00e1s bude n\u00fati\u0165 ka\u017ed\u00fa chv\u00ed\u013eu zastavova\u0165 a kocha\u0165 sa.<\/strong> Na\u0161\u0165astie, cel\u00e1 trasa Soneja-Segorbe (tam a sp\u00e4\u0165) je dlh\u00e1 pribli\u017ene 27 kilometrov, a str\u00e1vi\u0165 na nej m\u00f4\u017eete to\u013eko \u010dasu, ko\u013eko len chcete. T\u00e1to trasa je preva\u017ene rovinat\u00e1, po\u010das celej cesty vyst\u00fapate a z\u00eddete nie\u010do cez 270 metrov. Nie s\u00fa na nej \u017eiadne n\u00e1ro\u010dn\u00e9 v\u00fd\u0161\u013eapy, ten najv\u00e4\u010d\u0161\u00ed, ktor\u00fd budete musie\u0165 prekona\u0165, m\u00e1 4 % sklon.<\/p>\n<p style=\"font-weight: 400;\">Prv\u00fa \u010das\u0165 trasy tvor\u00ed preva\u017ene st\u00fapanie, ale nie je ve\u013emi n\u00e1ro\u010dn\u00e9. Cestu za\u010dnete na vlakovej stanici v meste Soneya a p\u00f4jdete po sl\u00e1vnej Via Verde Ojos Negros. T\u00e1 v\u00e1s privedie do mesta Altura, a odtia\u013e budete pokra\u010dova\u0165 na sever do mesta Navajas. <strong>Ak si urob\u00edte men\u0161iu obch\u00e1dzku, m\u00f4\u017eete sa pozrie\u0165 na kr\u00e1sny vodop\u00e1d pri Salto de la Novia.<\/strong> Je to skvel\u00e9 miesto na piknik. Ak ste na v\u00fdlete so svojou polovi\u010dkou, toto miesto je skvel\u00e9 napr\u00edklad na tak\u00e9 po\u017eiadanie o ruku (\u017emurk).<\/p>\n<p style=\"font-weight: 400;\">Cestou nasp\u00e4\u0165 sa m\u00f4\u017eete zastavi\u0165 v Segorbe, kde by ste si mali urobi\u0165 v\u00fdlet do Castillo de la Estrella. Segorbe nie je len \u010darovn\u00fdm meste\u010dkom, ale aj jedn\u00fdm z cyklistick\u00fdch centier \u0160panielska. Odtia\u013eto sa m\u00f4\u017eete vyda\u0165 na nespo\u010detn\u00e9 mno\u017estvo o\u010daruj\u00facich cyklotr\u00e1s.<strong> Tak\u017ee, ak sa nikam nepon\u00e1h\u013eate, m\u00f4\u017eete v meste str\u00e1vi\u0165 dva &#8211; tri dni a u\u017ei\u0165 si aj in\u00e9 trasy.<\/strong> V opa\u010dnom pr\u00edpade sa m\u00f4\u017eete vyda\u0165 na 6-kilometrov\u00fd zostup do n\u00e1\u0161ho \u0161tartovn\u00e9ho mesta, Soneja.<\/p>\n<figure id=\"attachment_16922\" aria-describedby=\"caption-attachment-16922\" style=\"width: 1000px\" class=\"wp-caption alignnone\"><a href=\"https:\/\/d2p6e6u75xmxt8.cloudfront.net\/4\/2023\/03\/Segorbe-profimedia-0700532195.webp\"><img loading=\"lazy\" decoding=\"async\" class=\"size-full wp-image-16922\" src=\"https:\/\/d2p6e6u75xmxt8.cloudfront.net\/4\/2023\/03\/Segorbe-profimedia-0700532195.webp\" alt=\"Segorbe, Spain\" width=\"1000\" height=\"667\" srcset=\"https:\/\/d2p6e6u75xmxt8.cloudfront.net\/4\/2023\/03\/Segorbe-profimedia-0700532195.webp 1000w, https:\/\/d2p6e6u75xmxt8.cloudfront.net\/4\/2023\/03\/Segorbe-profimedia-0700532195-300x200.webp 300w, https:\/\/d2p6e6u75xmxt8.cloudfront.net\/4\/2023\/03\/Segorbe-profimedia-0700532195-768x512.webp 768w, https:\/\/d2p6e6u75xmxt8.cloudfront.net\/4\/2023\/03\/Segorbe-profimedia-0700532195-400x267.webp 400w, https:\/\/d2p6e6u75xmxt8.cloudfront.net\/4\/2023\/03\/Segorbe-profimedia-0700532195-272x182.webp 272w\" sizes=\"auto, (max-width: 1000px) 100vw, 1000px\" \/><\/a><figcaption id=\"caption-attachment-16922\" class=\"wp-caption-text\">U\u017eite si v\u00fdh\u013eady mesta Segorbe. \u00a9 Profimedia<\/figcaption><\/figure>\n<p style=\"font-weight: 400;\">T\u00e1to epick\u00e1 trasa je skvel\u00e1 pre p\u00e1ry alebo oddychov\u00e9 v\u00fdlety. Ale ak si chcete na tomto v\u00fdlete zamaka\u0165, m\u00f4\u017eete si urobi\u0165 to\u013eko okruhov touto kr\u00e1snou krajinou, ko\u013eko len budete chcie\u0165.<\/p>\n<h2><strong>Malorka \u2013 sl\u00e1vny c\u00edp Cap de Formentor<\/strong><\/h2>\n<p style=\"font-weight: 400;\">Ke\u010f opust\u00edme vn\u00fatrozemie Eur\u00f3py, m\u00f4\u017eeme n\u00e1js\u0165 mekku v\u0161etk\u00fdch cyklistov po\u010das zimy: Malorku. <strong>Pr\u00edjemn\u00e9 podnebie tohto stredomorsk\u00e9ho ostrova dovo\u013euje bicyklova\u0165 po\u010das cel\u00e9ho roka, av\u0161ak po\u010das letn\u00fdch hor\u00fa\u010dav odpor\u00fa\u010dame rad\u0161ej zosta\u0165 bl\u00edzko pl\u00e1\u017ee s poh\u00e1rom sangrie v ruke.<\/strong> \u010co sa v\u0161ak t\u00fdka jarnej cyklistiky, Malorka je ob\u013e\u00faben\u00fdm miestom pre mnoho profesion\u00e1lnych cyklistov.<\/p>\n<p style=\"font-weight: 400;\">Aj ke\u010f cel\u00fd ostrov pon\u00faka nespo\u010detne ve\u013ea pr\u00edle\u017eitost\u00ed na otestovanie v\u00fddr\u017ee a r\u00fdchlosti cyklistu, je tu jedna trasa, ktor\u00fa proste nem\u00f4\u017eete vynecha\u0165, ak raz nav\u0161t\u00edvite raj tohto ostrova: <a href=\"https:\/\/my.rouvy.com\/virtual-routes\/detail\/41965?_ga=2.19392248.178271556.1676893949-162744294.1674828002&amp;_gac=1.92174696.1674828002.Cj0KCQiAic6eBhCoARIsANlox84uQDYfIguB5Pv5FTI-j9R5k7HVJvroaVVf1DIlthACGTAU7tetb00aAiIbEALw_wcB\" target=\"_blank\" rel=\"noopener\">Cap de Formentor<\/a>.<\/p>\n<p style=\"font-weight: 400;\">T\u00e1to trasa m\u00e1 jedn\u00fdm smerom pribli\u017ene 11 kilometrov (22 kilometrov tam a nasp\u00e4\u0165) a zavedie v\u00e1s na najsevernej\u0161\u00ed bod ostrova. <strong>Po\u010das t\u00fdch 11 kilometrov mus\u00edte vy\u0161liapa\u0165 256 metrov a zdola\u0165 10 % st\u00fapanie.<\/strong> Najlep\u0161ie je, \u017ee za\u010dnete vo v\u00fd\u0161ke hladiny mora a po\u010das prv\u00fdch 4 kilometrov vyst\u00fapate 200 metrov. Aj ke\u010f to nebude to najn\u00e1ro\u010dnej\u0161ie st\u00fapanie v\u00e1\u0161ho \u017eivota, ur\u010dite nebude ani to naj\u013eah\u0161ie.<\/p>\n<p style=\"font-weight: 400;\">Va\u0161a cesta za\u010dne pri o\u010daruj\u00facom Platja de Formentor. Nezabudnite si po jazde po tejto kr\u00e1snej pl\u00e1\u017ei urobi\u0165 fotky a pokojne si odd\u00fdchnite aj vo vode.<\/p>\n<p style=\"font-weight: 400;\">Trasa je sama o sebe skvostn\u00e1. Za\u010d\u00edna lesnou cestou, o ktor\u00fa sa v\u0161ak budete musie\u0165 podeli\u0165 aj s in\u00fdmi vozidlami. Vzh\u013eadom na to, \u017ee je to jedna z najpopul\u00e1rnej\u0161\u00edch cyklo destin\u00e1ci\u00ed \u0160panielska, vodi\u010di s\u00fa extr\u00e9mne opatr\u00ed. <strong>V polovici cesty len ust\u00fapi a odhal\u00ed v\u00e1m v\u00fdh\u013ead na kr\u00e1snu zaf\u00edrov\u00fa vodu Stredozemn\u00e9ho mora.<\/strong> Prejdete okolo nieko\u013ek\u00fdch kr\u00e1snych miest na fotenie, no odolajte poku\u0161eniu.<\/p>\n<p style=\"font-weight: 400;\"><strong>Aj ke\u010f je t\u00e1to trasa n\u00e1ro\u010dn\u00e1, zaberie v\u00e1m len 16-20 min\u00fat.<\/strong> Na konci uvid\u00edte Far de Formentor, kde si m\u00f4\u017eete urobi\u0165 tie najkraj\u0161ie fotky vo va\u0161om \u017eivote. Cestou nazad si dajte na\u010das a u\u017eite si v\u0161etky tie kr\u00e1sne v\u00fdh\u013eady sk\u00f4r, ako sa vyd\u00e1te na 5-kilometrov\u00fd zostup sp\u00e4\u0165.<\/p>\n<p style=\"font-weight: 400;\">T\u00e1to trasa vie by\u0165 n\u00e1ro\u010dn\u00e1, no aj romantick\u00e1. M\u00f4\u017eete sa do toho oprie\u0165 a sk\u00fasi\u0165 prekona\u0165 rekord &#8211; 16 min\u00fat a 13 sek\u00fand, alebo si proste m\u00f4\u017eete v pokoji u\u017ei\u0165 kr\u00e1snu pr\u00edrodu. Je to na v\u00e1s.<\/p>\n<h2><strong>V\u00fdlet na El Teide z Punta Brava<\/strong><\/h2>\n<p style=\"font-weight: 400;\">Ste pripraven\u00ed na skuto\u010dn\u00fa v\u00fdzvu? Ak \u00e1no, vezmeme v\u00e1s na \u010fal\u0161\u00ed \u0161panielsky ostrov &#8211; Tenerife. <strong>Jazde po Tenerife sa ni\u010d nevyrovn\u00e1, ke\u010f\u017ee pon\u00faka strm\u00e9 v\u00fdstupy, ok\u00faz\u013euj\u00face v\u00fdh\u013eady a v\u00fdborn\u00e9 jedlo.<\/strong> Ale, samozrejme, najv\u00e4\u010d\u0161ou atrakciou je najvy\u0161\u0161ia sopka Eur\u00f3pskej \u00fanie, El Teide. Aj ke\u010f vrelo odpor\u00fa\u010dame \u00eds\u0165 na tohto 3,718 metrov vysok\u00e9ho spiaceho obra na pe\u0161iu t\u00faru, nemali by ste preme\u0161ka\u0165 mo\u017enos\u0165 u\u017ei\u0165 si cyklistiku po tomto regi\u00f3ne.<\/p>\n<p style=\"font-weight: 400;\">Prirodzene, ak\u00fako\u013evek trasu si vyberiete, ka\u017ed\u00e1 bude n\u00e1dhern\u00e1. Ale ak chcete poriadnu v\u00fdzvu, mus\u00edme trva\u0165 na trase z <a href=\"https:\/\/www.komoot.com\/smarttour\/94451\/zoom?query=d09AbGPzf8DW_Y%3DFylsE1IRfZLsc5uuXvHfsKYELLOP90X9ixCh9AT8XdH3rAwP8U3Q6f_0bQPSY8XHjPo7YPN6EWw-OuHIELcKRIpP1hAELeWZ2z5xmABaPMLFoK4MxueT-ijPic39KdA%3D\" target=\"_blank\" rel=\"noopener\">Punta Brava na El Teide<\/a>. T\u00e1 v\u00e1s vezme od hladiny mora a\u017e 2,3 kilometre nad \u0148u len za 40 kilometrov. <strong>T\u00e1to cesta je vhodn\u00e1 len pre dobre pripraven\u00fdch, vytr\u00e9novan\u00fdch cyklistov.<\/strong> Otestuje va\u0161e ment\u00e1lne aj fyzick\u00e9 schopnosti na maximum a bude to jedna z najn\u00e1ro\u010dnej\u0161\u00edch ciest v\u00e1\u0161ho \u017eivota. Cel\u00e1 cesta m\u00e1 100 kilometrov, so sklonmi a\u017e do 31 %!<\/p>\n<figure id=\"attachment_16923\" aria-describedby=\"caption-attachment-16923\" style=\"width: 1000px\" class=\"wp-caption alignnone\"><a href=\"https:\/\/d2p6e6u75xmxt8.cloudfront.net\/4\/2023\/03\/El-Teide-profimedia-0627854209.webp\"><img loading=\"lazy\" decoding=\"async\" class=\"wp-image-16923 size-full\" src=\"https:\/\/d2p6e6u75xmxt8.cloudfront.net\/4\/2023\/03\/El-Teide-profimedia-0627854209.webp\" alt=\"El Teide Cycling\" width=\"1000\" height=\"666\" srcset=\"https:\/\/d2p6e6u75xmxt8.cloudfront.net\/4\/2023\/03\/El-Teide-profimedia-0627854209.webp 1000w, https:\/\/d2p6e6u75xmxt8.cloudfront.net\/4\/2023\/03\/El-Teide-profimedia-0627854209-300x200.webp 300w, https:\/\/d2p6e6u75xmxt8.cloudfront.net\/4\/2023\/03\/El-Teide-profimedia-0627854209-768x511.webp 768w, https:\/\/d2p6e6u75xmxt8.cloudfront.net\/4\/2023\/03\/El-Teide-profimedia-0627854209-400x266.webp 400w, https:\/\/d2p6e6u75xmxt8.cloudfront.net\/4\/2023\/03\/El-Teide-profimedia-0627854209-272x182.webp 272w\" sizes=\"auto, (max-width: 1000px) 100vw, 1000px\" \/><\/a><figcaption id=\"caption-attachment-16923\" class=\"wp-caption-text\">Jazdeniu po Tenerife sa ni\u010d nevyrovn\u00e1. \u00a9 Profimedia<\/figcaption><\/figure>\n<p style=\"font-weight: 400;\">V prvej \u0161tvrtine si u\u017eijete nieko\u013eko kr\u00e1snych v\u00fdh\u013eadov na Atlantick\u00fd oce\u00e1n. Ak budete ma\u0165 \u0161\u0165astie na dobr\u00e9 po\u010dasie, m\u00f4\u017eete vidie\u0165 aj susedn\u00fa dymiacu sopku La Palma.<\/p>\n<p style=\"font-weight: 400;\">Druh\u00e1 \u0161tvrtina je pln\u00e1 n\u00e1ro\u010dn\u00fdch st\u00fapan\u00ed. Sk\u00faste sa v\u0161ak z \u010dasu na \u010das pozrie\u0165 aj na kr\u00e1snu pr\u00edrodu okolo.<\/p>\n<p style=\"font-weight: 400;\">Po prvej polovici u\u017e budete sk\u00f4r klesa\u0165 a budete ma\u0165 \u0161ancu na horizonte vidie\u0165 bodky Gran Canaria, Fuerteventura a Lanzarote. Pripravte sa na siln\u00fd vietor, ke\u010f\u017ee tieto ostrovy s\u00fa zn\u00e1me ich siln\u00fdmi vetern\u00fdmi pr\u00fadmi.<\/p>\n<p style=\"font-weight: 400;\">T\u00e1to trasa skuto\u010dne otestuje va\u0161u vytrvalos\u0165. <strong>Zaberie v\u00e1m asi \u0161es\u0165 a pol hodiny, ale ak si na to tr\u00fafate, m\u00f4\u017eete ju sk\u00fasi\u0165 absolvova\u0165 za menej ako \u0161es\u0165.<\/strong><\/p>\n<h2><strong>Col du Pourtalet<\/strong><\/h2>\n<p style=\"font-weight: 400;\">Kon\u010d\u00edme \u010dere\u0161ni\u010dkou na torte \u0161panielskej cyklistiky: <a href=\"https:\/\/blog.rouvy.com\/en\/351\/Col-du-Pourtalet\" target=\"_blank\" rel=\"noopener\">Frontera del Portalet, tie\u017e zn\u00e1mym ako Col du Pourtalet<\/a>. Pre\u010do franc\u00faz\u0161tina? <strong>Nu\u017e, z\u00e1ver tejto trasy je hne\u010f pri franc\u00fazskej hranici, tak\u017ee si ju m\u00f4\u017eete vy\u0161liapa\u0165 z oboch str\u00e1n.<\/strong> \u0160panielsko je v\u0161ak tou lep\u0161ou vo\u013ebou. Nielen \u017ee za\u010dnete v malebnom meste\u010dku Biescas, ale po\u010das cesty si u\u017eijete kr\u00e1sne v\u00fdh\u013eady. Uvid\u00edte kr\u00e1sny, bujn\u00fd les aj impozantn\u00e9 skaly, na oboch stran\u00e1ch trasy.<\/p>\n<p style=\"font-weight: 400;\">T\u00e1to 26,7 kilometrov\u00e1 trasa je sama o sebe st\u00fapan\u00edm. <strong>V priemere budete \u0161liapa\u0165 4 % sklon, no m\u00f4\u017ee vyst\u00fapi\u0165 a\u017e na 12 %.<\/strong> \u010c\u00edm vy\u0161\u0161ie p\u00f4jdete, t\u00fdm \u0165a\u017e\u0161ie to bude. Po\u010das cesty budete musie\u0165 zdola\u0165 takmer kilometrov\u00fd v\u00fdstup. Budete v\u0161ak m\u00f4c\u0165 bicyklova\u0165 popri o\u010daruj\u00facom Embalse de Bubal a tie\u017e aj Embalse de Lanuza.<\/p>\n<p style=\"font-weight: 400;\">Na vrchole uvid\u00edte Franc\u00fazsko aj \u0160panielsko, \u010do je v\u00fdhrou samo o sebe. T\u00e1to trasa v\u00e4\u010d\u0161inou zaberie 65-70 min\u00fat. Ak ale chcete v\u00e4\u010d\u0161iu v\u00fdzvu, rekord je 52:16. Tak \u010do, c\u00edtite sa na to?<\/p>\n<h2><strong>Do \u0160panielska cestova\u0165 nemus\u00edte<\/strong><\/h2>\n<p style=\"font-weight: 400;\">Ak chcete prekona\u0165 rekord na Col du Pourtalet, nemus\u00edte na cestu tam m\u00ed\u0148a\u0165 tis\u00edce eur. V\u0161etko, \u010do potrebujete, je v\u00e1\u0161 vern\u00fd cyklo tr\u00e9ner <a href=\"https:\/\/rouvy.com\/\" target=\"_blank\" rel=\"noopener\">ROUVY<\/a>. Rouvy je simul\u00e1tor augmentovanej (roz\u0161\u00edrenej) reality, ktor\u00fd sa prepoj\u00ed s va\u0161im trena\u017e\u00e9rom a d\u00e1 v\u00e1m tak \u0161ancu zajazdi\u0165 si na t\u00fdch najikonickej\u0161\u00edch tras\u00e1ch, nielen v \u0160panielsku ale po celom svete. <strong>Akoby ste tam naozaj boli.<\/strong> Navy\u0161e, ak m\u00e1te smart trena\u017e\u00e9r, Rouvy automaticky zmen\u00ed odpor vzh\u013eadom na v\u00fdstup, ktor\u00fd idete. Tak\u017ee, ak\u00e1 je va\u0161a v\u00fdhovorka na to, \u017ee nevy\u0161liapete Col du Pourtalet pod 50 min\u00fat?<\/p>\n<h2><strong>M\u00e1me pre v\u00e1s \u010fal\u0161iu v\u00fdzvu<\/strong><\/h2>\n<p><a href=\"https:\/\/d2p6e6u75xmxt8.cloudfront.net\/2\/2023\/02\/LaVueltaStage21-Madrid1.webp\"><img loading=\"lazy\" decoding=\"async\" class=\"alignnone size-extra-large wp-image-16924\" src=\"https:\/\/d2p6e6u75xmxt8.cloudfront.net\/4\/2023\/03\/LaVueltaStage21-Madrid1-1920x1080.webp\" alt=\"La Vuelta Rouvy Route\" width=\"1920\" height=\"1080\" data-wp-editing=\"1\" srcset=\"https:\/\/d2p6e6u75xmxt8.cloudfront.net\/4\/2023\/03\/LaVueltaStage21-Madrid1-1920x1080.webp 1920w, https:\/\/d2p6e6u75xmxt8.cloudfront.net\/4\/2023\/03\/LaVueltaStage21-Madrid1-300x169.webp 300w, https:\/\/d2p6e6u75xmxt8.cloudfront.net\/4\/2023\/03\/LaVueltaStage21-Madrid1-1024x576.webp 1024w, https:\/\/d2p6e6u75xmxt8.cloudfront.net\/4\/2023\/03\/LaVueltaStage21-Madrid1-768x432.webp 768w, https:\/\/d2p6e6u75xmxt8.cloudfront.net\/4\/2023\/03\/LaVueltaStage21-Madrid1-1536x864.webp 1536w, https:\/\/d2p6e6u75xmxt8.cloudfront.net\/4\/2023\/03\/LaVueltaStage21-Madrid1-400x225.webp 400w, https:\/\/d2p6e6u75xmxt8.cloudfront.net\/4\/2023\/03\/LaVueltaStage21-Madrid1.webp 2000w, https:\/\/d2p6e6u75xmxt8.cloudfront.net\/4\/2023\/03\/LaVueltaStage21-Madrid1-1920x1080.webp 1920w\" sizes=\"auto, (max-width: 1920px) 100vw, 1920px\" \/><\/a><\/p>\n<p style=\"font-weight: 400;\">Ak sa nec\u00edtite l\u00e1ma\u0165 tak\u00e9to rekordy, my vo <a href=\"https:\/\/rouvy.com\/challenges\/skoda-we-love-cycling\" target=\"_blank\" rel=\"noopener\">We Love Cycling sme si pre v\u00e1s pripravili \u010fal\u0161iu v\u00fdzvu<\/a>. Rozhodli sme sa osl\u00e1vi\u0165 na\u0161u spolupr\u00e1cu s Rouvy t\u00fdm, \u017ee v\u00e1s pozveme prida\u0165 sa do na\u0161ich pretekov s \u010dasom po Madride. Prirodzene sme si vybrali <a href=\"https:\/\/my.rouvy.com\/virtual-routes\/detail\/93840\" target=\"_blank\" rel=\"noopener\">posledn\u00fa \u010das\u0165 La Vuelta 2022<\/a>, tak\u017ee m\u00f4\u017eete by\u0165 s\u00fa\u010das\u0165ou pelet\u00f3nu, alebo e\u0161te lep\u0161ie, m\u00f4\u017eete sa c\u00edtit ako <a href=\"https:\/\/www.welovecycling.com\/sk\/2022\/12\/02\/instagramove-ucty-svetovych-cyklistov-pohlady-aj-do-zakulisia\/\" target=\"_blank\" rel=\"noopener\">Remco Evenepoel<\/a>, ktor\u00fd vyhral minuloro\u010dn\u00e9 preteky po \u0160panielsku.<\/p>\n<p style=\"font-weight: 400;\">T\u00e1to trasa v\u00e1s vezme na 25 kilometrov dlh\u00fd v\u00fdlet po predmest\u00ed Madridu. Tieto preteky maj\u00fa v\u0161etko. V\u00fdstupy, r\u00fdchle sekcie a tie\u017e aj jeden epick\u00fd klesaj\u00faci z\u00e1ver, kde m\u00f4\u017eete uk\u00e1za\u0165, ako r\u00fdchlo viete \u0161printova\u0165.<\/p>\n<p style=\"font-weight: 400;\">Aktu\u00e1lny najlep\u0161\u00ed \u010das je 32:36.16. Ste pripraven\u00fd prida\u0165 sa k n\u00e1m a prekona\u0165 tento \u010das? Vid\u00edme sa v ROUVY!<\/p>\n","protected":false},"excerpt":{"rendered":"<p>Nie je \u0160panielsko jednoducho naj? V\u00fdborn\u00e9 jedlo a pr\u00edjemn\u00e9 podnebie, miesto ako stvoren\u00e9 pre jarn\u00fa cyklistiku. Ako ste u\u017e mohli [&hellip;]<\/p>\n","protected":false},"author":172,"featured_media":16926,"comment_status":"open","ping_status":"open","sticky":false,"template":"","format":"standard","meta":{"footnotes":""},"categories":[4],"tags":[115,916,917,417,566,767,1218,852,251,741,1233],"global-categories":[],"class_list":["post-16920","post","type-post","status-publish","format-standard","has-post-thumbnail","hentry","category-cestna-cyklisitika","tag-cestna-cyklistika","tag-cyklisticka-destinacia","tag-destinacia","tag-jar","tag-leto","tag-motivacia","tag-rouvy","tag-sopka","tag-spanielsko","tag-tip-na-vylet","tag-vyzva"],"yoast_head":"<!-- This site is optimized with the Yoast SEO Premium plugin v25.3 (Yoast SEO v25.9) - https:\/\/yoast.com\/wordpress\/plugins\/seo\/ -->\n<title>5 naj cyklotr\u00e1s v \u0160panielsku - \u0160koda We Love Cycling Slovensko<\/title>\n<meta name=\"description\" content=\"V\u00fdborn\u00e9 jedlo, pr\u00edjemn\u00e9 podnebie, miesto ako stvoren\u00e9 pre jarn\u00fa cyklistiku. Tu je 5 cyklotr\u00e1s \u0160panielsku, ktor\u00e9 jednoducho mus\u00edte vysk\u00fa\u0161a\u0165!\" \/>\n<meta name=\"robots\" content=\"index, follow, max-snippet:-1, max-image-preview:large, max-video-preview:-1\" \/>\n<link rel=\"canonical\" href=\"https:\/\/www.welovecycling.com\/sk\/2023\/05\/15\/5-naj-cyklotras-v-spanielsku\/\" \/>\n<meta property=\"og:locale\" content=\"sk_SK\" \/>\n<meta property=\"og:type\" content=\"article\" \/>\n<meta property=\"og:title\" content=\"5 naj cyklotr\u00e1s v \u0160panielsku\" \/>\n<meta property=\"og:description\" content=\"V\u00fdborn\u00e9 jedlo, pr\u00edjemn\u00e9 podnebie, miesto ako stvoren\u00e9 pre jarn\u00fa cyklistiku. Tu je 5 cyklotr\u00e1s \u0160panielsku, ktor\u00e9 jednoducho mus\u00edte vysk\u00fa\u0161a\u0165!\" \/>\n<meta property=\"og:url\" content=\"https:\/\/www.welovecycling.com\/sk\/2023\/05\/15\/5-naj-cyklotras-v-spanielsku\/\" \/>\n<meta property=\"og:site_name\" content=\"\u0160koda We Love Cycling Slovensko\" \/>\n<meta property=\"article:published_time\" content=\"2023-05-15T10:43:43+00:00\" \/>\n<meta property=\"article:modified_time\" content=\"2023-05-15T10:44:20+00:00\" \/>\n<meta property=\"og:image\" content=\"https:\/\/d2p6e6u75xmxt8.cloudfront.net\/4\/2023\/03\/Mallorca-Cap-de-Formentor-profimedia-0747037101-CVR-.webp\" \/>\n\t<meta property=\"og:image:width\" content=\"990\" \/>\n\t<meta property=\"og:image:height\" content=\"660\" \/>\n\t<meta property=\"og:image:type\" content=\"image\/webp\" \/>\n<meta name=\"author\" content=\"dominika\" \/>\n<meta name=\"twitter:card\" content=\"summary_large_image\" \/>\n<meta name=\"twitter:label1\" content=\"Written by\" \/>\n\t<meta name=\"twitter:data1\" content=\"Martin Atanasov\" \/>\n\t<meta name=\"twitter:label2\" content=\"Est. reading time\" \/>\n\t<meta name=\"twitter:data2\" content=\"5\" \/>\n<script type=\"application\/ld+json\" class=\"yoast-schema-graph\">{\"@context\":\"https:\/\/schema.org\",\"@graph\":[{\"@type\":\"WebPage\",\"@id\":\"https:\/\/www.welovecycling.com\/sk\/2023\/05\/15\/5-naj-cyklotras-v-spanielsku\/\",\"url\":\"https:\/\/www.welovecycling.com\/sk\/2023\/05\/15\/5-naj-cyklotras-v-spanielsku\/\",\"name\":\"5 naj cyklotr\u00e1s v \u0160panielsku - \u0160koda We Love Cycling Slovensko\",\"isPartOf\":{\"@id\":\"https:\/\/www.welovecycling.com\/sk\/#website\"},\"primaryImageOfPage\":{\"@id\":\"https:\/\/www.welovecycling.com\/sk\/2023\/05\/15\/5-naj-cyklotras-v-spanielsku\/#primaryimage\"},\"image\":{\"@id\":\"https:\/\/www.welovecycling.com\/sk\/2023\/05\/15\/5-naj-cyklotras-v-spanielsku\/#primaryimage\"},\"thumbnailUrl\":\"https:\/\/d2p6e6u75xmxt8.cloudfront.net\/4\/2023\/03\/Mallorca-Cap-de-Formentor-profimedia-0747037101-CVR-.webp\",\"datePublished\":\"2023-05-15T10:43:43+00:00\",\"dateModified\":\"2023-05-15T10:44:20+00:00\",\"author\":{\"@id\":\"https:\/\/www.welovecycling.com\/sk\/#\/schema\/person\/533b62b98b6c41bd5135ebfb1f742624\"},\"description\":\"V\u00fdborn\u00e9 jedlo, pr\u00edjemn\u00e9 podnebie, miesto ako stvoren\u00e9 pre jarn\u00fa cyklistiku. Tu je 5 cyklotr\u00e1s \u0160panielsku, ktor\u00e9 jednoducho mus\u00edte vysk\u00fa\u0161a\u0165!\",\"breadcrumb\":{\"@id\":\"https:\/\/www.welovecycling.com\/sk\/2023\/05\/15\/5-naj-cyklotras-v-spanielsku\/#breadcrumb\"},\"inLanguage\":\"sk-SK\",\"potentialAction\":[{\"@type\":\"ReadAction\",\"target\":[\"https:\/\/www.welovecycling.com\/sk\/2023\/05\/15\/5-naj-cyklotras-v-spanielsku\/\"]}]},{\"@type\":\"ImageObject\",\"inLanguage\":\"sk-SK\",\"@id\":\"https:\/\/www.welovecycling.com\/sk\/2023\/05\/15\/5-naj-cyklotras-v-spanielsku\/#primaryimage\",\"url\":\"https:\/\/d2p6e6u75xmxt8.cloudfront.net\/4\/2023\/03\/Mallorca-Cap-de-Formentor-profimedia-0747037101-CVR-.webp\",\"contentUrl\":\"https:\/\/d2p6e6u75xmxt8.cloudfront.net\/4\/2023\/03\/Mallorca-Cap-de-Formentor-profimedia-0747037101-CVR-.webp\",\"width\":990,\"height\":660,\"caption\":\"Mallorca cycling\"},{\"@type\":\"BreadcrumbList\",\"@id\":\"https:\/\/www.welovecycling.com\/sk\/2023\/05\/15\/5-naj-cyklotras-v-spanielsku\/#breadcrumb\",\"itemListElement\":[{\"@type\":\"ListItem\",\"position\":1,\"name\":\"Home\",\"item\":\"https:\/\/www.welovecycling.com\/sk\/\"},{\"@type\":\"ListItem\",\"position\":2,\"name\":\"5 naj cyklotr\u00e1s v \u0160panielsku\"}]},{\"@type\":\"WebSite\",\"@id\":\"https:\/\/www.welovecycling.com\/sk\/#website\",\"url\":\"https:\/\/www.welovecycling.com\/sk\/\",\"name\":\"\u0160koda We Love Cycling Slovensko\",\"description\":\"\u0160koda We Love Cycling Slovensko je v\u00e1\u0161 ka\u017edodenn\u00fd zdroj noviniek a in\u0161pir\u00e1cie z sveta cyklistiky\",\"potentialAction\":[{\"@type\":\"SearchAction\",\"target\":{\"@type\":\"EntryPoint\",\"urlTemplate\":\"https:\/\/www.welovecycling.com\/sk\/?s={search_term_string}\"},\"query-input\":{\"@type\":\"PropertyValueSpecification\",\"valueRequired\":true,\"valueName\":\"search_term_string\"}}],\"inLanguage\":\"sk-SK\"},{\"@type\":\"Person\",\"@id\":\"https:\/\/www.welovecycling.com\/sk\/#\/schema\/person\/533b62b98b6c41bd5135ebfb1f742624\",\"name\":\"dominika\",\"image\":{\"@type\":\"ImageObject\",\"inLanguage\":\"sk-SK\",\"@id\":\"https:\/\/www.welovecycling.com\/sk\/#\/schema\/person\/image\/\",\"url\":\"https:\/\/secure.gravatar.com\/avatar\/ded6f274ba2ec3e17fff153f7d9d96a4b33c2cb63907f75d9a5309c599a7f3e6?s=96&d=mm&r=g\",\"contentUrl\":\"https:\/\/secure.gravatar.com\/avatar\/ded6f274ba2ec3e17fff153f7d9d96a4b33c2cb63907f75d9a5309c599a7f3e6?s=96&d=mm&r=g\",\"caption\":\"dominika\"},\"url\":\"https:\/\/www.welovecycling.com\/sk\/author\/dominika\/\"}]}<\/script>\n<!-- \/ Yoast SEO Premium plugin. -->","yoast_head_json":{"title":"5 naj cyklotr\u00e1s v \u0160panielsku - \u0160koda We Love Cycling Slovensko","description":"V\u00fdborn\u00e9 jedlo, pr\u00edjemn\u00e9 podnebie, miesto ako stvoren\u00e9 pre jarn\u00fa cyklistiku. Tu je 5 cyklotr\u00e1s \u0160panielsku, ktor\u00e9 jednoducho mus\u00edte vysk\u00fa\u0161a\u0165!","robots":{"index":"index","follow":"follow","max-snippet":"max-snippet:-1","max-image-preview":"max-image-preview:large","max-video-preview":"max-video-preview:-1"},"canonical":"https:\/\/www.welovecycling.com\/sk\/2023\/05\/15\/5-naj-cyklotras-v-spanielsku\/","og_locale":"sk_SK","og_type":"article","og_title":"5 naj cyklotr\u00e1s v \u0160panielsku","og_description":"V\u00fdborn\u00e9 jedlo, pr\u00edjemn\u00e9 podnebie, miesto ako stvoren\u00e9 pre jarn\u00fa cyklistiku. Tu je 5 cyklotr\u00e1s \u0160panielsku, ktor\u00e9 jednoducho mus\u00edte vysk\u00fa\u0161a\u0165!","og_url":"https:\/\/www.welovecycling.com\/sk\/2023\/05\/15\/5-naj-cyklotras-v-spanielsku\/","og_site_name":"\u0160koda We Love Cycling Slovensko","article_published_time":"2023-05-15T10:43:43+00:00","article_modified_time":"2023-05-15T10:44:20+00:00","og_image":[{"width":990,"height":660,"url":"https:\/\/d2p6e6u75xmxt8.cloudfront.net\/4\/2023\/03\/Mallorca-Cap-de-Formentor-profimedia-0747037101-CVR-.webp","type":"image\/webp"}],"author":"dominika","twitter_card":"summary_large_image","twitter_misc":{"Written by":"Martin Atanasov","Est. reading time":"5"},"schema":{"@context":"https:\/\/schema.org","@graph":[{"@type":"WebPage","@id":"https:\/\/www.welovecycling.com\/sk\/2023\/05\/15\/5-naj-cyklotras-v-spanielsku\/","url":"https:\/\/www.welovecycling.com\/sk\/2023\/05\/15\/5-naj-cyklotras-v-spanielsku\/","name":"5 naj cyklotr\u00e1s v \u0160panielsku - \u0160koda We Love Cycling Slovensko","isPartOf":{"@id":"https:\/\/www.welovecycling.com\/sk\/#website"},"primaryImageOfPage":{"@id":"https:\/\/www.welovecycling.com\/sk\/2023\/05\/15\/5-naj-cyklotras-v-spanielsku\/#primaryimage"},"image":{"@id":"https:\/\/www.welovecycling.com\/sk\/2023\/05\/15\/5-naj-cyklotras-v-spanielsku\/#primaryimage"},"thumbnailUrl":"https:\/\/d2p6e6u75xmxt8.cloudfront.net\/4\/2023\/03\/Mallorca-Cap-de-Formentor-profimedia-0747037101-CVR-.webp","datePublished":"2023-05-15T10:43:43+00:00","dateModified":"2023-05-15T10:44:20+00:00","author":{"@id":"https:\/\/www.welovecycling.com\/sk\/#\/schema\/person\/533b62b98b6c41bd5135ebfb1f742624"},"description":"V\u00fdborn\u00e9 jedlo, pr\u00edjemn\u00e9 podnebie, miesto ako stvoren\u00e9 pre jarn\u00fa cyklistiku. Tu je 5 cyklotr\u00e1s \u0160panielsku, ktor\u00e9 jednoducho mus\u00edte vysk\u00fa\u0161a\u0165!","breadcrumb":{"@id":"https:\/\/www.welovecycling.com\/sk\/2023\/05\/15\/5-naj-cyklotras-v-spanielsku\/#breadcrumb"},"inLanguage":"sk-SK","potentialAction":[{"@type":"ReadAction","target":["https:\/\/www.welovecycling.com\/sk\/2023\/05\/15\/5-naj-cyklotras-v-spanielsku\/"]}]},{"@type":"ImageObject","inLanguage":"sk-SK","@id":"https:\/\/www.welovecycling.com\/sk\/2023\/05\/15\/5-naj-cyklotras-v-spanielsku\/#primaryimage","url":"https:\/\/d2p6e6u75xmxt8.cloudfront.net\/4\/2023\/03\/Mallorca-Cap-de-Formentor-profimedia-0747037101-CVR-.webp","contentUrl":"https:\/\/d2p6e6u75xmxt8.cloudfront.net\/4\/2023\/03\/Mallorca-Cap-de-Formentor-profimedia-0747037101-CVR-.webp","width":990,"height":660,"caption":"Mallorca cycling"},{"@type":"BreadcrumbList","@id":"https:\/\/www.welovecycling.com\/sk\/2023\/05\/15\/5-naj-cyklotras-v-spanielsku\/#breadcrumb","itemListElement":[{"@type":"ListItem","position":1,"name":"Home","item":"https:\/\/www.welovecycling.com\/sk\/"},{"@type":"ListItem","position":2,"name":"5 naj cyklotr\u00e1s v \u0160panielsku"}]},{"@type":"WebSite","@id":"https:\/\/www.welovecycling.com\/sk\/#website","url":"https:\/\/www.welovecycling.com\/sk\/","name":"\u0160koda We Love Cycling Slovensko","description":"\u0160koda We Love Cycling Slovensko je v\u00e1\u0161 ka\u017edodenn\u00fd zdroj noviniek a in\u0161pir\u00e1cie z sveta cyklistiky","potentialAction":[{"@type":"SearchAction","target":{"@type":"EntryPoint","urlTemplate":"https:\/\/www.welovecycling.com\/sk\/?s={search_term_string}"},"query-input":{"@type":"PropertyValueSpecification","valueRequired":true,"valueName":"search_term_string"}}],"inLanguage":"sk-SK"},{"@type":"Person","@id":"https:\/\/www.welovecycling.com\/sk\/#\/schema\/person\/533b62b98b6c41bd5135ebfb1f742624","name":"dominika","image":{"@type":"ImageObject","inLanguage":"sk-SK","@id":"https:\/\/www.welovecycling.com\/sk\/#\/schema\/person\/image\/","url":"https:\/\/secure.gravatar.com\/avatar\/ded6f274ba2ec3e17fff153f7d9d96a4b33c2cb63907f75d9a5309c599a7f3e6?s=96&d=mm&r=g","contentUrl":"https:\/\/secure.gravatar.com\/avatar\/ded6f274ba2ec3e17fff153f7d9d96a4b33c2cb63907f75d9a5309c599a7f3e6?s=96&d=mm&r=g","caption":"dominika"},"url":"https:\/\/www.welovecycling.com\/sk\/author\/dominika\/"}]}},"_links":{"self":[{"href":"https:\/\/www.welovecycling.com\/sk\/wp-json\/wp\/v2\/posts\/16920","targetHints":{"allow":["GET"]}}],"collection":[{"href":"https:\/\/www.welovecycling.com\/sk\/wp-json\/wp\/v2\/posts"}],"about":[{"href":"https:\/\/www.welovecycling.com\/sk\/wp-json\/wp\/v2\/types\/post"}],"author":[{"embeddable":true,"href":"https:\/\/www.welovecycling.com\/sk\/wp-json\/wp\/v2\/users\/172"}],"replies":[{"embeddable":true,"href":"https:\/\/www.welovecycling.com\/sk\/wp-json\/wp\/v2\/comments?post=16920"}],"version-history":[{"count":9,"href":"https:\/\/www.welovecycling.com\/sk\/wp-json\/wp\/v2\/posts\/16920\/revisions"}],"predecessor-version":[{"id":17443,"href":"https:\/\/www.welovecycling.com\/sk\/wp-json\/wp\/v2\/posts\/16920\/revisions\/17443"}],"wp:featuredmedia":[{"embeddable":true,"href":"https:\/\/www.welovecycling.com\/sk\/wp-json\/wp\/v2\/media\/16926"}],"wp:attachment":[{"href":"https:\/\/www.welovecycling.com\/sk\/wp-json\/wp\/v2\/media?parent=16920"}],"wp:term":[{"taxonomy":"category","embeddable":true,"href":"https:\/\/www.welovecycling.com\/sk\/wp-json\/wp\/v2\/categories?post=16920"},{"taxonomy":"post_tag","embeddable":true,"href":"https:\/\/www.welovecycling.com\/sk\/wp-json\/wp\/v2\/tags?post=16920"},{"taxonomy":"global-categories","embeddable":true,"href":"https:\/\/www.welovecycling.com\/sk\/wp-json\/wp\/v2\/global-categories?post=16920"}],"curies":[{"name":"wp","href":"https:\/\/api.w.org\/{rel}","templated":true}]}}