{"id":1692,"date":"2017-08-01T11:10:01","date_gmt":"2017-08-01T09:10:01","guid":{"rendered":"https:\/\/www.welovecycling.com\/sk\/?p=1692"},"modified":"2017-12-18T13:08:22","modified_gmt":"2017-12-18T12:08:22","slug":"vecna-dilema-kam-bicyklom","status":"publish","type":"post","link":"https:\/\/www.welovecycling.com\/sk\/2017\/08\/01\/vecna-dilema-kam-bicyklom\/","title":{"rendered":"Ve\u010dn\u00e1 dilema&#8230; kam s&nbsp;bicyklom?"},"content":{"rendered":"<p><strong>Ur\u010dite pozn\u00e1te ten ve\u010dn\u00fd probl\u00e9m v\u00e1\u0161niv\u00e9ho cyklistu \u2013 kam ulo\u017ei\u0165 bezpe\u010dne svoj \u201epoklad\u201c?<\/strong><!--more--><\/p>\n<p><a href=\"https:\/\/d2p6e6u75xmxt8.cloudfront.net\/4\/2017\/07\/89e415249cc0d04614cc3c7f75401f54-bike-shelf-wall-bike-rack.jpg\"><img loading=\"lazy\" decoding=\"async\" class=\"size-full wp-image-1710 aligncenter\" src=\"https:\/\/d2p6e6u75xmxt8.cloudfront.net\/4\/2017\/07\/89e415249cc0d04614cc3c7f75401f54-bike-shelf-wall-bike-rack.jpg\" alt=\"\" width=\"736\" height=\"414\" \/><\/a><\/p>\n<div id='gallery-1' class='gallery galleryid-1692 gallery-columns-2 gallery-size-full'><figure class='gallery-item'>\n\t\t\t<div class='gallery-icon portrait'>\n\t\t\t\t<a href='https:\/\/d2p6e6u75xmxt8.cloudfront.net\/4\/2017\/07\/13.webp'><img loading=\"lazy\" decoding=\"async\" width=\"557\" height=\"720\" src=\"https:\/\/d2p6e6u75xmxt8.cloudfront.net\/4\/2017\/07\/13.webp\" class=\"attachment-full size-full\" alt=\"\" srcset=\"https:\/\/d2p6e6u75xmxt8.cloudfront.net\/4\/2017\/07\/13.webp 557w, https:\/\/d2p6e6u75xmxt8.cloudfront.net\/4\/2017\/07\/13-232x300.webp 232w\" sizes=\"auto, (max-width: 557px) 100vw, 557px\" \/><\/a>\n\t\t\t<\/div><\/figure><figure class='gallery-item'>\n\t\t\t<div class='gallery-icon portrait'>\n\t\t\t\t<a href='https:\/\/d2p6e6u75xmxt8.cloudfront.net\/4\/2017\/07\/14-e1501577849667.webp'><img loading=\"lazy\" decoding=\"async\" width=\"595\" height=\"735\" src=\"https:\/\/d2p6e6u75xmxt8.cloudfront.net\/4\/2017\/07\/14-e1501577849667.webp\" class=\"attachment-full size-full\" alt=\"\" srcset=\"https:\/\/d2p6e6u75xmxt8.cloudfront.net\/4\/2017\/07\/14-e1501577849667.webp 595w, https:\/\/d2p6e6u75xmxt8.cloudfront.net\/4\/2017\/07\/14-e1501577849667-243x300.webp 243w\" sizes=\"auto, (max-width: 595px) 100vw, 595px\" \/><\/a>\n\t\t\t<\/div><\/figure><figure class='gallery-item'>\n\t\t\t<div class='gallery-icon landscape'>\n\t\t\t\t<a href='https:\/\/d2p6e6u75xmxt8.cloudfront.net\/4\/2017\/07\/7.webp'><img loading=\"lazy\" decoding=\"async\" width=\"640\" height=\"627\" src=\"https:\/\/d2p6e6u75xmxt8.cloudfront.net\/4\/2017\/07\/7.webp\" class=\"attachment-full size-full\" alt=\"\" srcset=\"https:\/\/d2p6e6u75xmxt8.cloudfront.net\/4\/2017\/07\/7.webp 640w, https:\/\/d2p6e6u75xmxt8.cloudfront.net\/4\/2017\/07\/7-300x294.webp 300w\" sizes=\"auto, (max-width: 640px) 100vw, 640px\" \/><\/a>\n\t\t\t<\/div><\/figure>\n\t\t<\/div>\n\n<p>Dnes u\u017e je d\u00e1vno pre\u010d doba, ke\u010f ste si mohli bicykel len tak necha\u0165 bez probl\u00e9mov v pivnici. Je toti\u017e ve\u013emi pravdepodobn\u00e9, \u017ee v\u00e1m sk\u00f4r, \u010di nesk\u00f4r zmizne. Navy\u0161e u\u017e v\u00f4bec nie je v\u00fdnimkou, ak v\u00e1\u0161 stroj stoj\u00ed viac ako va\u0161e auto \u2013 a niekedy ich je aj viac.<\/p>\n<p><a href=\"https:\/\/d2p6e6u75xmxt8.cloudfront.net\/4\/2017\/07\/bcc1d71e6a34727b5b0cb352567cf127-neon-lighting-unique-lighting.jpg\"><img loading=\"lazy\" decoding=\"async\" class=\"size-full wp-image-1711 aligncenter\" src=\"https:\/\/d2p6e6u75xmxt8.cloudfront.net\/4\/2017\/07\/bcc1d71e6a34727b5b0cb352567cf127-neon-lighting-unique-lighting.jpg\" alt=\"\" width=\"736\" height=\"573\" \/><\/a><\/p>\n<div id='gallery-2' class='gallery galleryid-1692 gallery-columns-2 gallery-size-full'><figure class='gallery-item'>\n\t\t\t<div class='gallery-icon portrait'>\n\t\t\t\t<a href='https:\/\/d2p6e6u75xmxt8.cloudfront.net\/4\/2017\/07\/17.webp'><img loading=\"lazy\" decoding=\"async\" width=\"667\" height=\"1000\" src=\"https:\/\/d2p6e6u75xmxt8.cloudfront.net\/4\/2017\/07\/17.webp\" class=\"attachment-full size-full\" alt=\"\" srcset=\"https:\/\/d2p6e6u75xmxt8.cloudfront.net\/4\/2017\/07\/17.webp 667w, https:\/\/d2p6e6u75xmxt8.cloudfront.net\/4\/2017\/07\/17-200x300.webp 200w\" sizes=\"auto, (max-width: 667px) 100vw, 667px\" \/><\/a>\n\t\t\t<\/div><\/figure><figure class='gallery-item'>\n\t\t\t<div class='gallery-icon portrait'>\n\t\t\t\t<a href='https:\/\/d2p6e6u75xmxt8.cloudfront.net\/4\/2017\/07\/9.webp'><img loading=\"lazy\" decoding=\"async\" width=\"550\" height=\"825\" src=\"https:\/\/d2p6e6u75xmxt8.cloudfront.net\/4\/2017\/07\/9.webp\" class=\"attachment-full size-full\" alt=\"\" srcset=\"https:\/\/d2p6e6u75xmxt8.cloudfront.net\/4\/2017\/07\/9.webp 550w, https:\/\/d2p6e6u75xmxt8.cloudfront.net\/4\/2017\/07\/9-200x300.webp 200w\" sizes=\"auto, (max-width: 550px) 100vw, 550px\" \/><\/a>\n\t\t\t<\/div><\/figure><figure class='gallery-item'>\n\t\t\t<div class='gallery-icon portrait'>\n\t\t\t\t<a href='https:\/\/d2p6e6u75xmxt8.cloudfront.net\/4\/2017\/07\/12.webp'><img loading=\"lazy\" decoding=\"async\" width=\"400\" height=\"600\" src=\"https:\/\/d2p6e6u75xmxt8.cloudfront.net\/4\/2017\/07\/12.webp\" class=\"attachment-full size-full\" alt=\"\" srcset=\"https:\/\/d2p6e6u75xmxt8.cloudfront.net\/4\/2017\/07\/12.webp 400w, https:\/\/d2p6e6u75xmxt8.cloudfront.net\/4\/2017\/07\/12-200x300.webp 200w\" sizes=\"auto, (max-width: 400px) 100vw, 400px\" \/><\/a>\n\t\t\t<\/div><\/figure>\n\t\t<\/div>\n\n<p>Ve\u013emi \u010dasto nast\u00e1va probl\u00e9m, kam teda s bicyklom &#8211; najm\u00e4 v pr\u00edpade obmedzen\u00e9ho priestoru. Pokia\u013e b\u00fdvate sami, e\u0161te to m\u00e1te pomerne jednoduch\u00e9, no rodina a najm\u00e4 priate\u013eka\/man\u017eelka u\u017e mus\u00ed by\u0165 \u201etrochu\u201c viac tolerantn\u00e1. O to hor\u0161ie, ak m\u00e1 v\u00fdrazn\u00e9 \u201edizajn\u00e9rske\u201c ch\u00fa\u0165ky a cel\u00fd byt sa sna\u017e\u00ed zladi\u0165 do jednotnej formy. Len tak opret\u00fd bicykel o stenu m\u00f4\u017ee tento koncept v\u00fdrazne naru\u0161i\u0165 a razom si mus\u00edte vybra\u0165, kto m\u00e1 prednos\u0165. Alebo aj nie.<\/p>\n<p>https:\/\/www.facebook.com\/SkodaCycling\/photos\/a.478342125579947.1073741828.474291262651700\/1486147264799423\/?type=3&#038;theater<\/p>\n<div id='gallery-3' class='gallery galleryid-1692 gallery-columns-2 gallery-size-full'><figure class='gallery-item'>\n\t\t\t<div class='gallery-icon portrait'>\n\t\t\t\t<a href='https:\/\/d2p6e6u75xmxt8.cloudfront.net\/4\/2017\/07\/eb294e8e7147ab2b5d4cbd1c3b040a21-decorating-ideas-kitchen-decorating-1.webp'><img loading=\"lazy\" decoding=\"async\" width=\"359\" height=\"480\" src=\"https:\/\/d2p6e6u75xmxt8.cloudfront.net\/4\/2017\/07\/eb294e8e7147ab2b5d4cbd1c3b040a21-decorating-ideas-kitchen-decorating-1.webp\" class=\"attachment-full size-full\" alt=\"\" srcset=\"https:\/\/d2p6e6u75xmxt8.cloudfront.net\/4\/2017\/07\/eb294e8e7147ab2b5d4cbd1c3b040a21-decorating-ideas-kitchen-decorating-1.webp 359w, https:\/\/d2p6e6u75xmxt8.cloudfront.net\/4\/2017\/07\/eb294e8e7147ab2b5d4cbd1c3b040a21-decorating-ideas-kitchen-decorating-1-224x300.webp 224w\" sizes=\"auto, (max-width: 359px) 100vw, 359px\" \/><\/a>\n\t\t\t<\/div><\/figure><figure class='gallery-item'>\n\t\t\t<div class='gallery-icon portrait'>\n\t\t\t\t<a href='https:\/\/d2p6e6u75xmxt8.cloudfront.net\/4\/2017\/07\/eac46fba2a052d94ad18f9333432568c-apartment-ideas-apartment-living.webp'><img loading=\"lazy\" decoding=\"async\" width=\"350\" height=\"480\" src=\"https:\/\/d2p6e6u75xmxt8.cloudfront.net\/4\/2017\/07\/eac46fba2a052d94ad18f9333432568c-apartment-ideas-apartment-living.webp\" class=\"attachment-full size-full\" alt=\"\" srcset=\"https:\/\/d2p6e6u75xmxt8.cloudfront.net\/4\/2017\/07\/eac46fba2a052d94ad18f9333432568c-apartment-ideas-apartment-living.webp 350w, https:\/\/d2p6e6u75xmxt8.cloudfront.net\/4\/2017\/07\/eac46fba2a052d94ad18f9333432568c-apartment-ideas-apartment-living-219x300.webp 219w\" sizes=\"auto, (max-width: 350px) 100vw, 350px\" \/><\/a>\n\t\t\t<\/div><\/figure>\n\t\t<\/div>\n\n<div id='gallery-4' class='gallery galleryid-1692 gallery-columns-2 gallery-size-full'><figure class='gallery-item'>\n\t\t\t<div class='gallery-icon portrait'>\n\t\t\t\t<a href='https:\/\/d2p6e6u75xmxt8.cloudfront.net\/4\/2017\/07\/4-3.webp'><img loading=\"lazy\" decoding=\"async\" width=\"736\" height=\"852\" src=\"https:\/\/d2p6e6u75xmxt8.cloudfront.net\/4\/2017\/07\/4-3.webp\" class=\"attachment-full size-full\" alt=\"\" srcset=\"https:\/\/d2p6e6u75xmxt8.cloudfront.net\/4\/2017\/07\/4-3.webp 736w, https:\/\/d2p6e6u75xmxt8.cloudfront.net\/4\/2017\/07\/4-3-259x300.webp 259w\" sizes=\"auto, (max-width: 736px) 100vw, 736px\" \/><\/a>\n\t\t\t<\/div><\/figure><figure class='gallery-item'>\n\t\t\t<div class='gallery-icon portrait'>\n\t\t\t\t<a href='https:\/\/d2p6e6u75xmxt8.cloudfront.net\/4\/2017\/07\/19.webp'><img loading=\"lazy\" decoding=\"async\" width=\"550\" height=\"645\" src=\"https:\/\/d2p6e6u75xmxt8.cloudfront.net\/4\/2017\/07\/19.webp\" class=\"attachment-full size-full\" alt=\"\" srcset=\"https:\/\/d2p6e6u75xmxt8.cloudfront.net\/4\/2017\/07\/19.webp 550w, https:\/\/d2p6e6u75xmxt8.cloudfront.net\/4\/2017\/07\/19-256x300.webp 256w\" sizes=\"auto, (max-width: 550px) 100vw, 550px\" \/><\/a>\n\t\t\t<\/div><\/figure>\n\t\t<\/div>\n\n<p>Je ve\u013ea mo\u017enost\u00ed ako tento probl\u00e9m pomerne elegantne vyrie\u0161i\u0165 a vytvori\u0165 z bicykla v podstate dekor\u00e1ciu, \u010di priamo s\u00fa\u010das\u0165 bytu. Prin\u00e1\u0161ame v\u00e1m mo\u017en\u00fa in\u0161pir\u00e1ciu aj ke\u010f treba uzna\u0165, \u017ee niektor\u00e9 n\u00e1pady s\u00fa celkom \u201eextravagantn\u00e9\u201c. Fin\u00e1lny v\u00fdber preto u\u017e nech\u00e1me rad\u0161ej na v\u00e1s&#8230;<\/p>\n<p><a href=\"https:\/\/d2p6e6u75xmxt8.cloudfront.net\/4\/2017\/07\/84f69f56a3a4b596eef3a382708c1872-indoor-bike-storage-bicycle-storage.jpg\"><img loading=\"lazy\" decoding=\"async\" class=\"aligncenter wp-image-1713 size-full\" src=\"https:\/\/d2p6e6u75xmxt8.cloudfront.net\/4\/2017\/07\/84f69f56a3a4b596eef3a382708c1872-indoor-bike-storage-bicycle-storage.jpg\" alt=\"\" width=\"492\" height=\"418\" \/><\/a><\/p>\n<p>https:\/\/www.instagram.com\/p\/BO_1qqyAlqs\/<\/p>\n<div id='gallery-5' class='gallery galleryid-1692 gallery-columns-2 gallery-size-full'><figure class='gallery-item'>\n\t\t\t<div class='gallery-icon portrait'>\n\t\t\t\t<a href='https:\/\/d2p6e6u75xmxt8.cloudfront.net\/4\/2017\/07\/05805da8f42ebc8b083a81a2d9640cae-small-apartments-small-spaces.webp'><img loading=\"lazy\" decoding=\"async\" width=\"724\" height=\"900\" src=\"https:\/\/d2p6e6u75xmxt8.cloudfront.net\/4\/2017\/07\/05805da8f42ebc8b083a81a2d9640cae-small-apartments-small-spaces.webp\" class=\"attachment-full size-full\" alt=\"\" srcset=\"https:\/\/d2p6e6u75xmxt8.cloudfront.net\/4\/2017\/07\/05805da8f42ebc8b083a81a2d9640cae-small-apartments-small-spaces.webp 724w, https:\/\/d2p6e6u75xmxt8.cloudfront.net\/4\/2017\/07\/05805da8f42ebc8b083a81a2d9640cae-small-apartments-small-spaces-241x300.webp 241w\" sizes=\"auto, (max-width: 724px) 100vw, 724px\" \/><\/a>\n\t\t\t<\/div><\/figure><figure class='gallery-item'>\n\t\t\t<div class='gallery-icon portrait'>\n\t\t\t\t<a href='https:\/\/d2p6e6u75xmxt8.cloudfront.net\/4\/2017\/07\/d6340d66e1a9ccff77a40129941bcdd2-studio-apartments-tiny-apartments.webp'><img loading=\"lazy\" decoding=\"async\" width=\"480\" height=\"720\" src=\"https:\/\/d2p6e6u75xmxt8.cloudfront.net\/4\/2017\/07\/d6340d66e1a9ccff77a40129941bcdd2-studio-apartments-tiny-apartments.webp\" class=\"attachment-full size-full\" alt=\"\" srcset=\"https:\/\/d2p6e6u75xmxt8.cloudfront.net\/4\/2017\/07\/d6340d66e1a9ccff77a40129941bcdd2-studio-apartments-tiny-apartments.webp 480w, https:\/\/d2p6e6u75xmxt8.cloudfront.net\/4\/2017\/07\/d6340d66e1a9ccff77a40129941bcdd2-studio-apartments-tiny-apartments-200x300.webp 200w\" sizes=\"auto, (max-width: 480px) 100vw, 480px\" \/><\/a>\n\t\t\t<\/div><\/figure>\n\t\t<\/div>\n\n","protected":false},"excerpt":{"rendered":"<p>Ur\u010dite pozn\u00e1te ten ve\u010dn\u00fd probl\u00e9m v\u00e1\u0161niv\u00e9ho cyklistu \u2013 kam ulo\u017ei\u0165 bezpe\u010dne svoj \u201epoklad\u201c?<\/p>\n","protected":false},"author":38,"featured_media":1720,"comment_status":"open","ping_status":"open","sticky":false,"template":"","format":"standard","meta":{"footnotes":""},"categories":[4,3,118],"tags":[115,184,180,183],"global-categories":[],"class_list":["post-1692","post","type-post","status-publish","format-standard","has-post-thumbnail","hentry","category-cestna-cyklisitika","category-mtb","category-zabava","tag-cestna-cyklistika","tag-dizajn","tag-horska-cyklistika","tag-zabava"],"yoast_head":"<!-- This site is optimized with the Yoast SEO Premium plugin v25.3 (Yoast SEO v25.9) - https:\/\/yoast.com\/wordpress\/plugins\/seo\/ -->\n<title>Ve\u010dn\u00e1 dilema... kam s&nbsp;bicyklom? - \u0160koda We Love Cycling Slovensko<\/title>\n<meta name=\"robots\" content=\"index, follow, max-snippet:-1, max-image-preview:large, max-video-preview:-1\" \/>\n<link rel=\"canonical\" href=\"https:\/\/www.welovecycling.com\/sk\/2017\/08\/01\/vecna-dilema-kam-bicyklom\/\" \/>\n<meta property=\"og:locale\" content=\"sk_SK\" \/>\n<meta property=\"og:type\" content=\"article\" \/>\n<meta property=\"og:title\" content=\"Ve\u010dn\u00e1 dilema... kam s&nbsp;bicyklom?\" \/>\n<meta property=\"og:description\" content=\"Ur\u010dite pozn\u00e1te ten ve\u010dn\u00fd probl\u00e9m v\u00e1\u0161niv\u00e9ho cyklistu \u2013 kam ulo\u017ei\u0165 bezpe\u010dne svoj \u201epoklad\u201c?\" \/>\n<meta property=\"og:url\" content=\"https:\/\/www.welovecycling.com\/sk\/2017\/08\/01\/vecna-dilema-kam-bicyklom\/\" \/>\n<meta property=\"og:site_name\" content=\"\u0160koda We Love Cycling Slovensko\" \/>\n<meta property=\"article:published_time\" content=\"2017-08-01T09:10:01+00:00\" \/>\n<meta property=\"article:modified_time\" content=\"2017-12-18T12:08:22+00:00\" \/>\n<meta property=\"og:image\" content=\"https:\/\/d2p6e6u75xmxt8.cloudfront.net\/4\/2017\/07\/wlc_uchyt-e1501577644557.webp\" \/>\n\t<meta property=\"og:image:width\" content=\"1375\" \/>\n\t<meta property=\"og:image:height\" content=\"601\" \/>\n\t<meta property=\"og:image:type\" content=\"image\/webp\" \/>\n<meta name=\"author\" content=\"Ondrej Ga\u0161par\" \/>\n<meta name=\"twitter:card\" content=\"summary_large_image\" \/>\n<meta name=\"twitter:label1\" content=\"Written by\" \/>\n\t<meta name=\"twitter:data1\" content=\"Martin Imrich\" \/>\n\t<meta name=\"twitter:label2\" content=\"Est. reading time\" \/>\n\t<meta name=\"twitter:data2\" content=\"1 minute\" \/>\n<script type=\"application\/ld+json\" class=\"yoast-schema-graph\">{\"@context\":\"https:\/\/schema.org\",\"@graph\":[{\"@type\":\"WebPage\",\"@id\":\"https:\/\/www.welovecycling.com\/sk\/2017\/08\/01\/vecna-dilema-kam-bicyklom\/\",\"url\":\"https:\/\/www.welovecycling.com\/sk\/2017\/08\/01\/vecna-dilema-kam-bicyklom\/\",\"name\":\"Ve\u010dn\u00e1 dilema... kam s&nbsp;bicyklom? - \u0160koda We Love Cycling Slovensko\",\"isPartOf\":{\"@id\":\"https:\/\/www.welovecycling.com\/sk\/#website\"},\"primaryImageOfPage\":{\"@id\":\"https:\/\/www.welovecycling.com\/sk\/2017\/08\/01\/vecna-dilema-kam-bicyklom\/#primaryimage\"},\"image\":{\"@id\":\"https:\/\/www.welovecycling.com\/sk\/2017\/08\/01\/vecna-dilema-kam-bicyklom\/#primaryimage\"},\"thumbnailUrl\":\"https:\/\/d2p6e6u75xmxt8.cloudfront.net\/4\/2017\/07\/wlc_uchyt-e1501577644557.webp\",\"datePublished\":\"2017-08-01T09:10:01+00:00\",\"dateModified\":\"2017-12-18T12:08:22+00:00\",\"author\":{\"@id\":\"https:\/\/www.welovecycling.com\/sk\/#\/schema\/person\/8ee09ba39b7e25b1870160aa5b3a89bc\"},\"breadcrumb\":{\"@id\":\"https:\/\/www.welovecycling.com\/sk\/2017\/08\/01\/vecna-dilema-kam-bicyklom\/#breadcrumb\"},\"inLanguage\":\"sk-SK\",\"potentialAction\":[{\"@type\":\"ReadAction\",\"target\":[\"https:\/\/www.welovecycling.com\/sk\/2017\/08\/01\/vecna-dilema-kam-bicyklom\/\"]}]},{\"@type\":\"ImageObject\",\"inLanguage\":\"sk-SK\",\"@id\":\"https:\/\/www.welovecycling.com\/sk\/2017\/08\/01\/vecna-dilema-kam-bicyklom\/#primaryimage\",\"url\":\"https:\/\/d2p6e6u75xmxt8.cloudfront.net\/4\/2017\/07\/wlc_uchyt-e1501577644557.webp\",\"contentUrl\":\"https:\/\/d2p6e6u75xmxt8.cloudfront.net\/4\/2017\/07\/wlc_uchyt-e1501577644557.webp\",\"width\":1375,\"height\":601},{\"@type\":\"BreadcrumbList\",\"@id\":\"https:\/\/www.welovecycling.com\/sk\/2017\/08\/01\/vecna-dilema-kam-bicyklom\/#breadcrumb\",\"itemListElement\":[{\"@type\":\"ListItem\",\"position\":1,\"name\":\"Home\",\"item\":\"https:\/\/www.welovecycling.com\/sk\/\"},{\"@type\":\"ListItem\",\"position\":2,\"name\":\"Ve\u010dn\u00e1 dilema&#8230; kam s&nbsp;bicyklom?\"}]},{\"@type\":\"WebSite\",\"@id\":\"https:\/\/www.welovecycling.com\/sk\/#website\",\"url\":\"https:\/\/www.welovecycling.com\/sk\/\",\"name\":\"\u0160koda We Love Cycling Slovensko\",\"description\":\"\u0160koda We Love Cycling Slovensko je v\u00e1\u0161 ka\u017edodenn\u00fd zdroj noviniek a in\u0161pir\u00e1cie z sveta cyklistiky\",\"potentialAction\":[{\"@type\":\"SearchAction\",\"target\":{\"@type\":\"EntryPoint\",\"urlTemplate\":\"https:\/\/www.welovecycling.com\/sk\/?s={search_term_string}\"},\"query-input\":{\"@type\":\"PropertyValueSpecification\",\"valueRequired\":true,\"valueName\":\"search_term_string\"}}],\"inLanguage\":\"sk-SK\"},{\"@type\":\"Person\",\"@id\":\"https:\/\/www.welovecycling.com\/sk\/#\/schema\/person\/8ee09ba39b7e25b1870160aa5b3a89bc\",\"name\":\"Ondrej Ga\u0161par\",\"image\":{\"@type\":\"ImageObject\",\"inLanguage\":\"sk-SK\",\"@id\":\"https:\/\/www.welovecycling.com\/sk\/#\/schema\/person\/image\/\",\"url\":\"https:\/\/secure.gravatar.com\/avatar\/6126c9afb87b70da5abbb083ddbb21933da15f18f8ca7cb822aba0fb096a48f6?s=96&d=mm&r=g\",\"contentUrl\":\"https:\/\/secure.gravatar.com\/avatar\/6126c9afb87b70da5abbb083ddbb21933da15f18f8ca7cb822aba0fb096a48f6?s=96&d=mm&r=g\",\"caption\":\"Ondrej Ga\u0161par\"},\"url\":\"https:\/\/www.welovecycling.com\/sk\/author\/ondrejgaspar\/\"}]}<\/script>\n<!-- \/ Yoast SEO Premium plugin. -->","yoast_head_json":{"title":"Ve\u010dn\u00e1 dilema... kam s&nbsp;bicyklom? - \u0160koda We Love Cycling Slovensko","robots":{"index":"index","follow":"follow","max-snippet":"max-snippet:-1","max-image-preview":"max-image-preview:large","max-video-preview":"max-video-preview:-1"},"canonical":"https:\/\/www.welovecycling.com\/sk\/2017\/08\/01\/vecna-dilema-kam-bicyklom\/","og_locale":"sk_SK","og_type":"article","og_title":"Ve\u010dn\u00e1 dilema... kam s&nbsp;bicyklom?","og_description":"Ur\u010dite pozn\u00e1te ten ve\u010dn\u00fd probl\u00e9m v\u00e1\u0161niv\u00e9ho cyklistu \u2013 kam ulo\u017ei\u0165 bezpe\u010dne svoj \u201epoklad\u201c?","og_url":"https:\/\/www.welovecycling.com\/sk\/2017\/08\/01\/vecna-dilema-kam-bicyklom\/","og_site_name":"\u0160koda We Love Cycling Slovensko","article_published_time":"2017-08-01T09:10:01+00:00","article_modified_time":"2017-12-18T12:08:22+00:00","og_image":[{"width":1375,"height":601,"url":"https:\/\/d2p6e6u75xmxt8.cloudfront.net\/4\/2017\/07\/wlc_uchyt-e1501577644557.webp","type":"image\/webp"}],"author":"Ondrej Ga\u0161par","twitter_card":"summary_large_image","twitter_misc":{"Written by":"Martin Imrich","Est. reading time":"1 minute"},"schema":{"@context":"https:\/\/schema.org","@graph":[{"@type":"WebPage","@id":"https:\/\/www.welovecycling.com\/sk\/2017\/08\/01\/vecna-dilema-kam-bicyklom\/","url":"https:\/\/www.welovecycling.com\/sk\/2017\/08\/01\/vecna-dilema-kam-bicyklom\/","name":"Ve\u010dn\u00e1 dilema... kam s&nbsp;bicyklom? - \u0160koda We Love Cycling Slovensko","isPartOf":{"@id":"https:\/\/www.welovecycling.com\/sk\/#website"},"primaryImageOfPage":{"@id":"https:\/\/www.welovecycling.com\/sk\/2017\/08\/01\/vecna-dilema-kam-bicyklom\/#primaryimage"},"image":{"@id":"https:\/\/www.welovecycling.com\/sk\/2017\/08\/01\/vecna-dilema-kam-bicyklom\/#primaryimage"},"thumbnailUrl":"https:\/\/d2p6e6u75xmxt8.cloudfront.net\/4\/2017\/07\/wlc_uchyt-e1501577644557.webp","datePublished":"2017-08-01T09:10:01+00:00","dateModified":"2017-12-18T12:08:22+00:00","author":{"@id":"https:\/\/www.welovecycling.com\/sk\/#\/schema\/person\/8ee09ba39b7e25b1870160aa5b3a89bc"},"breadcrumb":{"@id":"https:\/\/www.welovecycling.com\/sk\/2017\/08\/01\/vecna-dilema-kam-bicyklom\/#breadcrumb"},"inLanguage":"sk-SK","potentialAction":[{"@type":"ReadAction","target":["https:\/\/www.welovecycling.com\/sk\/2017\/08\/01\/vecna-dilema-kam-bicyklom\/"]}]},{"@type":"ImageObject","inLanguage":"sk-SK","@id":"https:\/\/www.welovecycling.com\/sk\/2017\/08\/01\/vecna-dilema-kam-bicyklom\/#primaryimage","url":"https:\/\/d2p6e6u75xmxt8.cloudfront.net\/4\/2017\/07\/wlc_uchyt-e1501577644557.webp","contentUrl":"https:\/\/d2p6e6u75xmxt8.cloudfront.net\/4\/2017\/07\/wlc_uchyt-e1501577644557.webp","width":1375,"height":601},{"@type":"BreadcrumbList","@id":"https:\/\/www.welovecycling.com\/sk\/2017\/08\/01\/vecna-dilema-kam-bicyklom\/#breadcrumb","itemListElement":[{"@type":"ListItem","position":1,"name":"Home","item":"https:\/\/www.welovecycling.com\/sk\/"},{"@type":"ListItem","position":2,"name":"Ve\u010dn\u00e1 dilema&#8230; kam s&nbsp;bicyklom?"}]},{"@type":"WebSite","@id":"https:\/\/www.welovecycling.com\/sk\/#website","url":"https:\/\/www.welovecycling.com\/sk\/","name":"\u0160koda We Love Cycling Slovensko","description":"\u0160koda We Love Cycling Slovensko je v\u00e1\u0161 ka\u017edodenn\u00fd zdroj noviniek a in\u0161pir\u00e1cie z sveta cyklistiky","potentialAction":[{"@type":"SearchAction","target":{"@type":"EntryPoint","urlTemplate":"https:\/\/www.welovecycling.com\/sk\/?s={search_term_string}"},"query-input":{"@type":"PropertyValueSpecification","valueRequired":true,"valueName":"search_term_string"}}],"inLanguage":"sk-SK"},{"@type":"Person","@id":"https:\/\/www.welovecycling.com\/sk\/#\/schema\/person\/8ee09ba39b7e25b1870160aa5b3a89bc","name":"Ondrej Ga\u0161par","image":{"@type":"ImageObject","inLanguage":"sk-SK","@id":"https:\/\/www.welovecycling.com\/sk\/#\/schema\/person\/image\/","url":"https:\/\/secure.gravatar.com\/avatar\/6126c9afb87b70da5abbb083ddbb21933da15f18f8ca7cb822aba0fb096a48f6?s=96&d=mm&r=g","contentUrl":"https:\/\/secure.gravatar.com\/avatar\/6126c9afb87b70da5abbb083ddbb21933da15f18f8ca7cb822aba0fb096a48f6?s=96&d=mm&r=g","caption":"Ondrej Ga\u0161par"},"url":"https:\/\/www.welovecycling.com\/sk\/author\/ondrejgaspar\/"}]}},"_links":{"self":[{"href":"https:\/\/www.welovecycling.com\/sk\/wp-json\/wp\/v2\/posts\/1692","targetHints":{"allow":["GET"]}}],"collection":[{"href":"https:\/\/www.welovecycling.com\/sk\/wp-json\/wp\/v2\/posts"}],"about":[{"href":"https:\/\/www.welovecycling.com\/sk\/wp-json\/wp\/v2\/types\/post"}],"author":[{"embeddable":true,"href":"https:\/\/www.welovecycling.com\/sk\/wp-json\/wp\/v2\/users\/38"}],"replies":[{"embeddable":true,"href":"https:\/\/www.welovecycling.com\/sk\/wp-json\/wp\/v2\/comments?post=1692"}],"version-history":[{"count":2,"href":"https:\/\/www.welovecycling.com\/sk\/wp-json\/wp\/v2\/posts\/1692\/revisions"}],"predecessor-version":[{"id":1762,"href":"https:\/\/www.welovecycling.com\/sk\/wp-json\/wp\/v2\/posts\/1692\/revisions\/1762"}],"wp:featuredmedia":[{"embeddable":true,"href":"https:\/\/www.welovecycling.com\/sk\/wp-json\/wp\/v2\/media\/1720"}],"wp:attachment":[{"href":"https:\/\/www.welovecycling.com\/sk\/wp-json\/wp\/v2\/media?parent=1692"}],"wp:term":[{"taxonomy":"category","embeddable":true,"href":"https:\/\/www.welovecycling.com\/sk\/wp-json\/wp\/v2\/categories?post=1692"},{"taxonomy":"post_tag","embeddable":true,"href":"https:\/\/www.welovecycling.com\/sk\/wp-json\/wp\/v2\/tags?post=1692"},{"taxonomy":"global-categories","embeddable":true,"href":"https:\/\/www.welovecycling.com\/sk\/wp-json\/wp\/v2\/global-categories?post=1692"}],"curies":[{"name":"wp","href":"https:\/\/api.w.org\/{rel}","templated":true}]}}