{"id":16894,"date":"2023-03-16T10:00:26","date_gmt":"2023-03-16T09:00:26","guid":{"rendered":"https:\/\/www.welovecycling.com\/sk\/?p=16894"},"modified":"2023-03-15T15:59:55","modified_gmt":"2023-03-15T14:59:55","slug":"rozhovor-lubos-dupkala-skoda-mtb-maraton-rajecke-teplice","status":"publish","type":"post","link":"https:\/\/www.welovecycling.com\/sk\/2023\/03\/16\/rozhovor-lubos-dupkala-skoda-mtb-maraton-rajecke-teplice\/","title":{"rendered":"Rozhovor: \u013dubo\u0161 Dupkala &#8211; \u0160koda MTB marat\u00f3n Rajeck\u00e9 Teplice"},"content":{"rendered":"<p><strong>\u013dubo\u0161 Dupkala od sam\u00e9ho za\u010diatku stoj\u00ed za organiz\u00e1ciou marat\u00f3nu pod hlavi\u010dkou \u0160BOT v n\u00e1dhernom prostred\u00ed k\u00fape\u013en\u00e9ho mesta Rajeck\u00e9 Teplice. O tom, ako dok\u00e1\u017ee po\u010dasie ovplyvni\u0165 preteky, ale aj o podpore mesta a samotn\u00fdch k\u00fape\u013eov, sa dozviete v tomto rozhovore.<\/strong><!--more--><\/p>\n<p>Organiz\u00e1cia tak\u00e9ho ve\u013ek\u00e9ho eventu, ak\u00fdm je cel\u00e1 s\u00e9ria \u0160KODA BIKE OPEN TOUR, si vy\u017eaduje ve\u013ea \u010dasu a financi\u00ed, ale takisto je tam potrebn\u00e1 rovnak\u00e1 d\u00e1vka nad\u0161enia, odhodlania a ochotn\u00fdch \u013eud\u00ed. Pripravili sme pre v\u00e1s s\u00e9riu rozhovorov s organiz\u00e1tormi jednotliv\u00fdch k\u00f4l, aby sme v\u00e1m pribl\u00ed\u017eili, ako tak\u00e1 pr\u00edprava prebieha a \u017ee s\u00fa to skuto\u010dn\u00ed nad\u0161enci cyklistiky.<\/p>\n<div id='gallery-1' class='gallery galleryid-16894 gallery-columns-2 gallery-size-full'><figure class='gallery-item'>\n\t\t\t<div class='gallery-icon landscape'>\n\t\t\t\t<a href='https:\/\/d2p6e6u75xmxt8.cloudfront.net\/4\/2023\/03\/01-1.webp'><img loading=\"lazy\" decoding=\"async\" width=\"990\" height=\"660\" src=\"https:\/\/d2p6e6u75xmxt8.cloudfront.net\/4\/2023\/03\/01-1.webp\" class=\"attachment-full size-full\" alt=\"\" srcset=\"https:\/\/d2p6e6u75xmxt8.cloudfront.net\/4\/2023\/03\/01-1.webp 990w, https:\/\/d2p6e6u75xmxt8.cloudfront.net\/4\/2023\/03\/01-1-300x200.webp 300w, https:\/\/d2p6e6u75xmxt8.cloudfront.net\/4\/2023\/03\/01-1-768x512.webp 768w, https:\/\/d2p6e6u75xmxt8.cloudfront.net\/4\/2023\/03\/01-1-400x267.webp 400w, https:\/\/d2p6e6u75xmxt8.cloudfront.net\/4\/2023\/03\/01-1-272x182.webp 272w\" sizes=\"auto, (max-width: 990px) 100vw, 990px\" \/><\/a>\n\t\t\t<\/div><\/figure><figure class='gallery-item'>\n\t\t\t<div class='gallery-icon landscape'>\n\t\t\t\t<a href='https:\/\/d2p6e6u75xmxt8.cloudfront.net\/4\/2023\/03\/02-1.webp'><img loading=\"lazy\" decoding=\"async\" width=\"990\" height=\"660\" src=\"https:\/\/d2p6e6u75xmxt8.cloudfront.net\/4\/2023\/03\/02-1.webp\" class=\"attachment-full size-full\" alt=\"\" srcset=\"https:\/\/d2p6e6u75xmxt8.cloudfront.net\/4\/2023\/03\/02-1.webp 990w, https:\/\/d2p6e6u75xmxt8.cloudfront.net\/4\/2023\/03\/02-1-300x200.webp 300w, https:\/\/d2p6e6u75xmxt8.cloudfront.net\/4\/2023\/03\/02-1-768x512.webp 768w, https:\/\/d2p6e6u75xmxt8.cloudfront.net\/4\/2023\/03\/02-1-400x267.webp 400w, https:\/\/d2p6e6u75xmxt8.cloudfront.net\/4\/2023\/03\/02-1-272x182.webp 272w\" sizes=\"auto, (max-width: 990px) 100vw, 990px\" \/><\/a>\n\t\t\t<\/div><\/figure>\n\t\t<\/div>\n\n<p><strong>\u010co v\u00e1s priviedlo k organizovaniu marat\u00f3nu v Rajeck\u00fdch Tepliciach?<\/strong><br \/>\n<em>Organizovaniu cyklo podujat\u00ed sa venujem u\u017e 18 rokov. Za\u010d\u00ednal som so spoluorganiz\u00e1ciou Fatransk\u00e9ho marat\u00f3nu a nesk\u00f4r som za\u010dal organizova\u0165 aj \u010fal\u0161ie podujatia ako FESTINA 24 hod\u00edn MTB , PED\u00c1Lovn\u00edk, detsk\u00fd Ped\u00e1lovn\u00ed\u010dek a pred 7 rokmi sme za\u010dali s man\u017eelkou a partiou bikepoint.sk organizova\u0165 aj <a href=\"https:\/\/www.welovecycling.com\/sk\/2022\/05\/26\/reportaz-skoda-mtb-maraton-rajecke-teplice-dokonaly-start-sezony\/\" target=\"_blank\" rel=\"noopener\">\u0160koda MTB marat\u00f3n Rajeck\u00e9 Teplice<\/a>.<\/em><\/p>\n<p><strong>Od ktor\u00e9ho roku marat\u00f3n akt\u00edvne organizujete?<\/strong><br \/>\n<em>Ke\u010f po\u010d\u00edtam aj Fatran, tak od roku 2006&#8230;<\/em><\/p>\n<p><strong>Ako vyzeral prv\u00fd ro\u010dn\u00edk?<\/strong><br \/>\n<em>Prv\u00fd ro\u010dn\u00edk \u0160KODA BIKE OPEN TOUR marat\u00f3nu u\u017e bol z m\u00f4jho poh\u013eadu \u201eklasika\u201d, nako\u013eko sme v roku 2017 organizovali \u0161tyri r\u00f4zne podujatia. Marat\u00f3n v\u0161ak m\u00e1 svoje \u0161pecifik\u00e1, ktor\u00e9 v\u00fdrazne ovplyv\u0148uj\u00fa organiz\u00e1ciu. Hlavne d\u013a\u017eka trat\u00ed, ve\u013ek\u00fd po\u010det dobrovo\u013en\u00edkov a v neposlednom rade aj z\u00edskanie potrebn\u00fdch povolen\u00ed.<\/em><\/p>\n<p><strong>Kde vid\u00edte najv\u00e4\u010d\u0161\u00ed posun po\u010das rokov?<\/strong><br \/>\n<em>Ani nie najv\u00e4\u010d\u0161\u00ed posun, ale najd\u00f4le\u017eitej\u0161ie je, \u017ee na\u0161i kamar\u00e1ti a dobrovo\u013en\u00edci sa vo ve\u013ekej \u010dasti vracaj\u00fa na svoje poz\u00edcie a to je z m\u00f4jho poh\u013eadu ten najv\u00e4\u010d\u0161\u00ed benefit. Celkom sa \u010d\u00edslo dobrovo\u013en\u00edkov pohybuje okolo 120 \u013eud\u00ed.<\/em><\/p>\n<p><img loading=\"lazy\" decoding=\"async\" class=\"alignnone size-full wp-image-16899\" src=\"https:\/\/d2p6e6u75xmxt8.cloudfront.net\/4\/2023\/03\/04.webp\" alt=\"\" width=\"990\" height=\"660\" srcset=\"https:\/\/d2p6e6u75xmxt8.cloudfront.net\/4\/2023\/03\/04.webp 990w, https:\/\/d2p6e6u75xmxt8.cloudfront.net\/4\/2023\/03\/04-300x200.webp 300w, https:\/\/d2p6e6u75xmxt8.cloudfront.net\/4\/2023\/03\/04-768x512.webp 768w, https:\/\/d2p6e6u75xmxt8.cloudfront.net\/4\/2023\/03\/04-400x267.webp 400w, https:\/\/d2p6e6u75xmxt8.cloudfront.net\/4\/2023\/03\/04-272x182.webp 272w\" sizes=\"auto, (max-width: 990px) 100vw, 990px\" \/><\/p>\n<p><strong>Z\u00fa\u010dastnil ste sa v minulosti aj in\u00fdch k\u00f4l \u0160BOT? Viete porovna\u0165, v \u010dom je v\u00e1\u0161 marat\u00f3n in\u00fd?<\/strong><br \/>\n<em>Ke\u010f\u017ee moje povolanie zah\u0155\u0148a aj moderovanie \u0161portov\u00fdch podujat\u00ed, tak som pr\u00edtomn\u00fd na v\u00e4\u010d\u0161ine \u0160BOT akci\u00ed a viem porovn\u00e1va\u0165 a hlavne si bra\u0165 od ka\u017ed\u00e9ho to pozit\u00edvne. Samozrejme, viem kolegom aj poradi\u0165 a takto sa spolo\u010dne pos\u00favame v\u0161etci ku kvalitnej\u0161\u00edm podujatiam.<\/em><\/p>\n<p><em>V \u010dom sme in\u00ed? Marat\u00f3ny s\u00fa ve\u013emi \u0161pecifick\u00e1 z\u00e1le\u017eitos\u0165. Ka\u017ed\u00fd m\u00e1me in\u00fa tra\u0165, ktor\u00e1 vyhovuje v\u017edy in\u00fdm jazdcom, ale mysl\u00edm, \u017ee v Rajeck\u00fdch Tepliciach m\u00e1me jedno z najkvalitnej\u0161\u00edch z\u00e1zem\u00ed pre akcie na Slovensku. A nielen pre cyklistiku. Za to by som sa r\u00e1d po\u010fakoval vedeniu Slovensk\u00fdch lie\u010debn\u00fdch k\u00fape\u013eov Rajeck\u00e9 Teplice, p\u00e1novi Zdenkovi Mi\u0161kolcimu.<\/em><\/p>\n<p><strong>\u010co je na pr\u00edprave najn\u00e1ro\u010dnej\u0161ie?<\/strong><br \/>\n<em>Je toho ve\u013emi ve\u013ea a hlavne ve\u013emi \u0161irok\u00fd z\u00e1ber. Za\u010d\u00edna to povoleniami a oslovovan\u00edm sponzorov. No a samozrejme tra\u0165, dobrovo\u013en\u00edci, dod\u00e1vatelia slu\u017eieb sanitka, Horsk\u00e1 slu\u017eba, strava, vystavovatelia, prezent\u00e1cia, ozvu\u010denie, program&#8230;) Cel\u00fa pr\u00edpravu za\u010d\u00ednam robi\u0165 od okt\u00f3bra a v\u0161etko sa skon\u010d\u00ed dva t\u00fd\u017edne po akcii.<\/em><\/p>\n<p><img loading=\"lazy\" decoding=\"async\" class=\"alignnone size-full wp-image-16898\" src=\"https:\/\/d2p6e6u75xmxt8.cloudfront.net\/4\/2023\/03\/03-1.webp\" alt=\"\" width=\"990\" height=\"660\" srcset=\"https:\/\/d2p6e6u75xmxt8.cloudfront.net\/4\/2023\/03\/03-1.webp 990w, https:\/\/d2p6e6u75xmxt8.cloudfront.net\/4\/2023\/03\/03-1-300x200.webp 300w, https:\/\/d2p6e6u75xmxt8.cloudfront.net\/4\/2023\/03\/03-1-768x512.webp 768w, https:\/\/d2p6e6u75xmxt8.cloudfront.net\/4\/2023\/03\/03-1-400x267.webp 400w, https:\/\/d2p6e6u75xmxt8.cloudfront.net\/4\/2023\/03\/03-1-272x182.webp 272w\" sizes=\"auto, (max-width: 990px) 100vw, 990px\" \/><\/p>\n<p><strong>Ako je to s n\u00e1v\u0161tevnos\u0165ou?<\/strong><br \/>\n<em>Tak s n\u00e1v\u0161tevnos\u0165ou sme po minulom roku boli spokojn\u00ed, nako\u013eko n\u00e1\u0161 marat\u00f3n bol spomedzi v\u0161etk\u00fdch akci\u00ed na Slovensku najpo\u010detnej\u0161\u00ed. Trochu viac sme sa tr\u00e1pili po\u010das pand\u00e9mie, kedy bola \u00fa\u010das\u0165 oproti minul\u00e9mu roku tretinov\u00e1.<\/em><\/p>\n<p><strong>S\u00fa\u010das\u0165ou marat\u00f3nu je aj tra\u0165 \u0160koda Family pre rodi\u010dov s de\u0165mi. Ako to vn\u00edmate, nemaj\u00fa rodi\u010dia prehnane n\u00e1roky na svoje deti?<\/strong><br \/>\n<em>Nemysl\u00edm si, \u017ee zrovna t\u00e1to kateg\u00f3ria m\u00e1 premotivovan\u00fdch rodi\u010dov. Samozrejme, v\u017edy s\u00fa tam aj viac ambici\u00f3zni rodi\u010dia, ale je to \u00faplne v poriadku.<\/em><\/p>\n<div id='gallery-2' class='gallery galleryid-16894 gallery-columns-2 gallery-size-full'><figure class='gallery-item'>\n\t\t\t<div class='gallery-icon landscape'>\n\t\t\t\t<a href='https:\/\/d2p6e6u75xmxt8.cloudfront.net\/4\/2023\/03\/05.webp'><img loading=\"lazy\" decoding=\"async\" width=\"990\" height=\"660\" src=\"https:\/\/d2p6e6u75xmxt8.cloudfront.net\/4\/2023\/03\/05.webp\" class=\"attachment-full size-full\" alt=\"\" srcset=\"https:\/\/d2p6e6u75xmxt8.cloudfront.net\/4\/2023\/03\/05.webp 990w, https:\/\/d2p6e6u75xmxt8.cloudfront.net\/4\/2023\/03\/05-300x200.webp 300w, https:\/\/d2p6e6u75xmxt8.cloudfront.net\/4\/2023\/03\/05-768x512.webp 768w, https:\/\/d2p6e6u75xmxt8.cloudfront.net\/4\/2023\/03\/05-400x267.webp 400w, https:\/\/d2p6e6u75xmxt8.cloudfront.net\/4\/2023\/03\/05-272x182.webp 272w\" sizes=\"auto, (max-width: 990px) 100vw, 990px\" \/><\/a>\n\t\t\t<\/div><\/figure><figure class='gallery-item'>\n\t\t\t<div class='gallery-icon landscape'>\n\t\t\t\t<a href='https:\/\/d2p6e6u75xmxt8.cloudfront.net\/4\/2023\/03\/06.webp'><img loading=\"lazy\" decoding=\"async\" width=\"990\" height=\"660\" src=\"https:\/\/d2p6e6u75xmxt8.cloudfront.net\/4\/2023\/03\/06.webp\" class=\"attachment-full size-full\" alt=\"\" srcset=\"https:\/\/d2p6e6u75xmxt8.cloudfront.net\/4\/2023\/03\/06.webp 990w, https:\/\/d2p6e6u75xmxt8.cloudfront.net\/4\/2023\/03\/06-300x200.webp 300w, https:\/\/d2p6e6u75xmxt8.cloudfront.net\/4\/2023\/03\/06-768x512.webp 768w, https:\/\/d2p6e6u75xmxt8.cloudfront.net\/4\/2023\/03\/06-400x267.webp 400w, https:\/\/d2p6e6u75xmxt8.cloudfront.net\/4\/2023\/03\/06-272x182.webp 272w\" sizes=\"auto, (max-width: 990px) 100vw, 990px\" \/><\/a>\n\t\t\t<\/div><\/figure>\n\t\t<\/div>\n\n<p><strong>Viete pri poh\u013eade sp\u00e4\u0165 vybra\u0165 preteky, ktor\u00e9 s\u00fa pre v\u00e1s nezabudnute\u013en\u00e9?<\/strong><br \/>\n<em>Ur\u010dite <a href=\"https:\/\/www.welovecycling.com\/sk\/2019\/06\/18\/reportaz-skoda-mtb-maraton-rajecke-teplice-v-znameni-vody-a-slnka\/\" target=\"_blank\" rel=\"noopener\">rok 2019<\/a>! Viac ako 700 pretek\u00e1rov teplota 35 \u00b0C a na k\u00fapalisku e\u0161te okolo 2000 k\u00fapaj\u00facich sa \u013eud\u00ed. Bol to naozaj masaker.<\/em><\/p>\n<p><strong>Ako vyzer\u00e1 v\u00e1\u0161 program v de\u0148 konania akcie?<\/strong><br \/>\n<em>V de\u0148 pretekov je v\u0161etko pripraven\u00e9 na 110 %. Ka\u017ed\u00fd m\u00e1 svoje \u00falohy u\u017e rozdan\u00e9. Ja sa sna\u017e\u00edm pre\u017e\u00edva\u0165 atmosf\u00e9ru a komunikujem u\u017e hlavne len oh\u013eadom z\u00e1chran\u00e1rov, lek\u00e1rov a rozhodcov. V\u017edy sa hlavne \u201emodl\u00edm\u201c, aby v\u0161etci \u00fa\u010dastn\u00edci pri\u0161li zdrav\u00ed do cie\u013ea. A samozrejme sa porozpr\u00e1vam s kamar\u00e1tmi bikermi, sponzormi a m\u00e9diami.<\/em><\/p>\n<p><strong>Organizujete aj nejak\u00e9 in\u00e9 preteky?<\/strong><br \/>\n<em>Ako som u\u017e spom\u00ednal, organizujeme dlhodobo akcie PED\u00c1Lovn\u00edk a PED\u00c1lovn\u00ed\u010dek vo Var\u00edne, \u017dilinsk\u00fa putova\u010dku , \u017dilinsk\u00fd zlom v\u00e4z (amat\u00e9rsky prek\u00e1\u017ekov\u00fd beh) a 24-hodinov\u00e9 marat\u00f3ny do roku 2019.<\/em><\/p>\n<p><strong>\u010co by ste zmenil na pretekoch \u0160BOT, keby sa dalo?<\/strong><br \/>\n<em>Nezmenil by som prakticky ni\u010d. Bol by som r\u00e1d, ak by si na podujatia na\u0161lo cestu viac bikerov a bikeriek.<\/em><\/p>\n<p><strong>\u010co by ste chcel pochv\u00e1li\u0165 a na \u010do upozorni\u0165 v r\u00e1mci spolupr\u00e1ce so zna\u010dkou \u0160KODA?<\/strong><br \/>\n<em>So \u0160KODOU pred sez\u00f3nou naozaj ve\u013emi intenz\u00edvne komunikujeme a stret\u00e1vame sa na m\u00edtingoch, kde rozober\u00e1me, \u010do by sa dalo zlep\u0161i\u0165 a kde e\u0161te potrebujeme prida\u0165. Za m\u0148a SUPER spolupr\u00e1ca a som r\u00e1d, \u017ee Rajecke Teplice m\u00f4\u017eu by\u0165 s\u00fa\u010das\u0165ou tejto skvelej s\u00e9rie.<\/em><\/p>\n<p><img loading=\"lazy\" decoding=\"async\" class=\"alignnone size-full wp-image-16902\" src=\"https:\/\/d2p6e6u75xmxt8.cloudfront.net\/4\/2023\/03\/07.webp\" alt=\"\" width=\"990\" height=\"660\" srcset=\"https:\/\/d2p6e6u75xmxt8.cloudfront.net\/4\/2023\/03\/07.webp 990w, https:\/\/d2p6e6u75xmxt8.cloudfront.net\/4\/2023\/03\/07-300x200.webp 300w, https:\/\/d2p6e6u75xmxt8.cloudfront.net\/4\/2023\/03\/07-768x512.webp 768w, https:\/\/d2p6e6u75xmxt8.cloudfront.net\/4\/2023\/03\/07-400x267.webp 400w, https:\/\/d2p6e6u75xmxt8.cloudfront.net\/4\/2023\/03\/07-272x182.webp 272w\" sizes=\"auto, (max-width: 990px) 100vw, 990px\" \/><\/p>\n<p><strong>Po\u010das rokov ste za\u017eili r\u00f4zne typy po\u010dasia. Ak\u00e9 po\u010dasie je najhor\u0161ie &#8211; vietor, d\u00e1\u017e\u010f \u010di ve\u013ek\u00e1 hor\u00fa\u010dava?<\/strong><br \/>\n<em>2019 boli \u00famorn\u00e9 hor\u00fa\u010davy, 2020 a 2021 zasa d\u00e1\u017e\u010f, zima a vietor s teplotami 8 &#8211; 10 stup\u0148ov. Obrovsk\u00e9 kontrasty. Treba v\u0161ak poveda\u0165, \u017ee roky <a href=\"https:\/\/www.welovecycling.com\/sk\/2020\/09\/30\/reportaz-skoda-mtb-maraton-rajecke-teplice-finale-v-tazkych-podmienkach\/\" target=\"_blank\" rel=\"noopener\">2020<\/a> a <a href=\"https:\/\/www.welovecycling.com\/sk\/2021\/09\/22\/reportaz-skoda-mtb-maraton-rajecke-teplice-poriadne-bahenne-kupele\/\" target=\"_blank\" rel=\"noopener\">2021<\/a> boli term\u00edny v septembri a e\u0161te na oboch akcia COVID opatrenia&#8230;brrrrr<\/em><\/p>\n<div id='gallery-3' class='gallery galleryid-16894 gallery-columns-2 gallery-size-full'><figure class='gallery-item'>\n\t\t\t<div class='gallery-icon landscape'>\n\t\t\t\t<a href='https:\/\/d2p6e6u75xmxt8.cloudfront.net\/4\/2023\/03\/08.webp'><img loading=\"lazy\" decoding=\"async\" width=\"990\" height=\"660\" src=\"https:\/\/d2p6e6u75xmxt8.cloudfront.net\/4\/2023\/03\/08.webp\" class=\"attachment-full size-full\" alt=\"\" srcset=\"https:\/\/d2p6e6u75xmxt8.cloudfront.net\/4\/2023\/03\/08.webp 990w, https:\/\/d2p6e6u75xmxt8.cloudfront.net\/4\/2023\/03\/08-300x200.webp 300w, https:\/\/d2p6e6u75xmxt8.cloudfront.net\/4\/2023\/03\/08-768x512.webp 768w, https:\/\/d2p6e6u75xmxt8.cloudfront.net\/4\/2023\/03\/08-400x267.webp 400w, https:\/\/d2p6e6u75xmxt8.cloudfront.net\/4\/2023\/03\/08-272x182.webp 272w\" sizes=\"auto, (max-width: 990px) 100vw, 990px\" \/><\/a>\n\t\t\t<\/div><\/figure><figure class='gallery-item'>\n\t\t\t<div class='gallery-icon landscape'>\n\t\t\t\t<a href='https:\/\/d2p6e6u75xmxt8.cloudfront.net\/4\/2023\/03\/09.webp'><img loading=\"lazy\" decoding=\"async\" width=\"990\" height=\"660\" src=\"https:\/\/d2p6e6u75xmxt8.cloudfront.net\/4\/2023\/03\/09.webp\" class=\"attachment-full size-full\" alt=\"\" srcset=\"https:\/\/d2p6e6u75xmxt8.cloudfront.net\/4\/2023\/03\/09.webp 990w, https:\/\/d2p6e6u75xmxt8.cloudfront.net\/4\/2023\/03\/09-300x200.webp 300w, https:\/\/d2p6e6u75xmxt8.cloudfront.net\/4\/2023\/03\/09-768x512.webp 768w, https:\/\/d2p6e6u75xmxt8.cloudfront.net\/4\/2023\/03\/09-400x267.webp 400w, https:\/\/d2p6e6u75xmxt8.cloudfront.net\/4\/2023\/03\/09-272x182.webp 272w\" sizes=\"auto, (max-width: 990px) 100vw, 990px\" \/><\/a>\n\t\t\t<\/div><\/figure>\n\t\t<\/div>\n\n<p><strong>Ak\u00e1 je podpora mesta? Uvedomuj\u00fa si, \u017ee je to aj pre nich mo\u017enos\u0165 propag\u00e1cie?<\/strong><br \/>\n<em>Mesto Rajeck\u00e9 Teplice n\u00e1m v\u017edy vych\u00e1dzalo v \u00fastrety a pom\u00e1halo.<\/em><\/p>\n<p><strong>Sledujete aj organizovanie podrobn\u00fdch akcii v zahrani\u010d\u00ed, pripadne ste sa nimi v nie\u010dom in\u0161pirovali?<\/strong><br \/>\n<em>Nav\u0161t\u00edvil som mnoho akci\u00ed v \u010cesku, Taliansku, Rak\u00fasku a treba poveda\u0165, \u017ee naozaj marat\u00f3ny tam nav\u0161tevuje n\u00e1sobne viac pretek\u00e1rov. Ale to je na dlh\u0161ie rozpr\u00e1vanie. A in\u0161piroval som sa tam samozrejme.<\/em><\/p>\n<p><strong>Je nejak\u00fd ve\u013ek\u00fd organiza\u010dn\u00fd probl\u00e9m, s ktor\u00fdm sa ka\u017edoro\u010dne stret\u00e1vate?<\/strong><br \/>\n<em>Nenazval by som to probl\u00e9m. V\u017edy bojujeme s vlastn\u00edkmi pozemkov a povoleniami.<\/em><\/p>\n<p><strong>Stal sa po\u010das rokov aj nejak\u00fd v\u00e1\u017enej\u0161\u00ed \u00faraz?<\/strong><br \/>\n<em>\u00darazy s\u00fa neoddelite\u013enou s\u00fa\u010das\u0165ou. Ale o tomto ner\u00e1d rozpr\u00e1vam a ako som povedal u\u017e vy\u0161\u0161ie, \u017eelan\u00edm ka\u017ed\u00e9ho organiz\u00e1tora podujatia je, aby v\u0161etci do\u0161li do cie\u013ea v zdrav\u00ed!!!<\/em><\/p>\n<p><img loading=\"lazy\" decoding=\"async\" class=\"alignnone size-full wp-image-16905\" src=\"https:\/\/d2p6e6u75xmxt8.cloudfront.net\/4\/2023\/03\/10.webp\" alt=\"\" width=\"990\" height=\"660\" srcset=\"https:\/\/d2p6e6u75xmxt8.cloudfront.net\/4\/2023\/03\/10.webp 990w, https:\/\/d2p6e6u75xmxt8.cloudfront.net\/4\/2023\/03\/10-300x200.webp 300w, https:\/\/d2p6e6u75xmxt8.cloudfront.net\/4\/2023\/03\/10-768x512.webp 768w, https:\/\/d2p6e6u75xmxt8.cloudfront.net\/4\/2023\/03\/10-400x267.webp 400w, https:\/\/d2p6e6u75xmxt8.cloudfront.net\/4\/2023\/03\/10-272x182.webp 272w\" sizes=\"auto, (max-width: 990px) 100vw, 990px\" \/><\/p>\n<p><strong>Ste alebo bol ste akt\u00edvny cyklista?<\/strong><br \/>\n<em>Cyklistika je kr\u00e1sny \u0161port a samozrejme cez \u0148u som sa dostal k organiz\u00e1cii cyklistick\u00fdch akci\u00ed.<\/em><\/p>\n<p><strong>M\u00e1te nejak\u00e9 kon\u00ed\u010dky \u010di aktivity, ktor\u00fdm sa venujete okrem cyklistiky?<\/strong><br \/>\n<em>R\u00e1d sa venujem bonsajom a z\u00e1hrade.<\/em><\/p>\n<p><strong>Ak\u00fd in\u00fd \u0161port sledujete alebo rob\u00edte?<\/strong><br \/>\n<em>Ke\u010f\u017ee syn Benjam\u00edn hr\u00e1 futbal v U7 M\u0160K \u017dilina , tak je to jasn\u00e9. \u263a<\/em><\/p>\n<p><strong>M\u00e1te nejak\u00fd odkaz pre \u00fa\u010dastn\u00edkov aktu\u00e1lneho 10. ro\u010dn\u00edka \u0160KODA BIKE OPEN TOUR?<\/strong><br \/>\n<em>Aby si u\u017e\u00edvali \u017eivot a aby robili to, \u010do maj\u00fa radi. Napr\u00edklad aj cyklistiku.<\/em><\/p>\n","protected":false},"excerpt":{"rendered":"<p>\u013dubo\u0161 Dupkala od sam\u00e9ho za\u010diatku stoj\u00ed za organiz\u00e1ciou marat\u00f3nu pod hlavi\u010dkou \u0160BOT v n\u00e1dhernom prostred\u00ed k\u00fape\u013en\u00e9ho mesta Rajeck\u00e9 Teplice. O [&hellip;]<\/p>\n","protected":false},"author":172,"featured_media":16906,"comment_status":"open","ping_status":"open","sticky":false,"template":"","format":"standard","meta":{"footnotes":""},"categories":[191],"tags":[1246,546,53,1588,178,767,37,179,474,501,1557,860,523,883],"global-categories":[1074],"class_list":["post-16894","post","type-post","status-publish","format-standard","has-post-thumbnail","hentry","category-odporucame","tag-cyklisticka-komunita","tag-cyklistika","tag-deti","tag-lubos-dupkala","tag-maraton","tag-motivacia","tag-podujatia","tag-preteky","tag-rodinny-maraton","tag-rozhovor","tag-sezona-2023","tag-skoda-mtb-maraton-rajecke-teplice","tag-slovensko","tag-uspech","global-categories-cycling"],"yoast_head":"<!-- This site is optimized with the Yoast SEO Premium plugin v25.3 (Yoast SEO v25.9) - https:\/\/yoast.com\/wordpress\/plugins\/seo\/ -->\n<title>Rozhovor: \u013dubo\u0161 Dupkala - \u0160koda MTB marat\u00f3n Rajeck\u00e9 Teplice<\/title>\n<meta name=\"description\" content=\"O tom, ako dok\u00e1\u017ee po\u010dasie ovplyvni\u0165 preteky, o podpore mesta a k\u00fape\u013eov aj o tom, ak\u00e9 je to organizova\u0165 marat\u00f3n sa dozviete v tomto rozhovore.\" \/>\n<meta name=\"robots\" content=\"index, follow, max-snippet:-1, max-image-preview:large, max-video-preview:-1\" \/>\n<link rel=\"canonical\" href=\"https:\/\/www.welovecycling.com\/sk\/2023\/03\/16\/rozhovor-lubos-dupkala-skoda-mtb-maraton-rajecke-teplice\/\" \/>\n<meta property=\"og:locale\" content=\"sk_SK\" \/>\n<meta property=\"og:type\" content=\"article\" \/>\n<meta property=\"og:title\" content=\"Rozhovor: \u013dubo\u0161 Dupkala - \u0160koda MTB marat\u00f3n Rajeck\u00e9 Teplice\" \/>\n<meta property=\"og:description\" content=\"O tom, ako dok\u00e1\u017ee po\u010dasie ovplyvni\u0165 preteky, o podpore mesta a k\u00fape\u013eov aj o tom, ak\u00e9 je to organizova\u0165 marat\u00f3n sa dozviete v tomto rozhovore.\" \/>\n<meta property=\"og:url\" content=\"https:\/\/www.welovecycling.com\/sk\/2023\/03\/16\/rozhovor-lubos-dupkala-skoda-mtb-maraton-rajecke-teplice\/\" \/>\n<meta property=\"og:site_name\" content=\"\u0160koda We Love Cycling Slovensko\" \/>\n<meta property=\"article:published_time\" content=\"2023-03-16T09:00:26+00:00\" \/>\n<meta property=\"og:image\" content=\"https:\/\/d2p6e6u75xmxt8.cloudfront.net\/4\/2023\/03\/titulka-2.webp\" \/>\n\t<meta property=\"og:image:width\" content=\"990\" \/>\n\t<meta property=\"og:image:height\" content=\"660\" \/>\n\t<meta property=\"og:image:type\" content=\"image\/webp\" \/>\n<meta name=\"author\" content=\"dominika\" \/>\n<meta name=\"twitter:card\" content=\"summary_large_image\" \/>\n<meta name=\"twitter:label1\" content=\"Written by\" \/>\n\t<meta name=\"twitter:data1\" content=\"Radovan Vr\u0161ka\" \/>\n\t<meta name=\"twitter:label2\" content=\"Est. reading time\" \/>\n\t<meta name=\"twitter:data2\" content=\"5\" \/>\n<script type=\"application\/ld+json\" class=\"yoast-schema-graph\">{\"@context\":\"https:\/\/schema.org\",\"@graph\":[{\"@type\":\"WebPage\",\"@id\":\"https:\/\/www.welovecycling.com\/sk\/2023\/03\/16\/rozhovor-lubos-dupkala-skoda-mtb-maraton-rajecke-teplice\/\",\"url\":\"https:\/\/www.welovecycling.com\/sk\/2023\/03\/16\/rozhovor-lubos-dupkala-skoda-mtb-maraton-rajecke-teplice\/\",\"name\":\"Rozhovor: \u013dubo\u0161 Dupkala - \u0160koda MTB marat\u00f3n Rajeck\u00e9 Teplice\",\"isPartOf\":{\"@id\":\"https:\/\/www.welovecycling.com\/sk\/#website\"},\"primaryImageOfPage\":{\"@id\":\"https:\/\/www.welovecycling.com\/sk\/2023\/03\/16\/rozhovor-lubos-dupkala-skoda-mtb-maraton-rajecke-teplice\/#primaryimage\"},\"image\":{\"@id\":\"https:\/\/www.welovecycling.com\/sk\/2023\/03\/16\/rozhovor-lubos-dupkala-skoda-mtb-maraton-rajecke-teplice\/#primaryimage\"},\"thumbnailUrl\":\"https:\/\/d2p6e6u75xmxt8.cloudfront.net\/4\/2023\/03\/titulka-2.webp\",\"datePublished\":\"2023-03-16T09:00:26+00:00\",\"author\":{\"@id\":\"https:\/\/www.welovecycling.com\/sk\/#\/schema\/person\/533b62b98b6c41bd5135ebfb1f742624\"},\"description\":\"O tom, ako dok\u00e1\u017ee po\u010dasie ovplyvni\u0165 preteky, o podpore mesta a k\u00fape\u013eov aj o tom, ak\u00e9 je to organizova\u0165 marat\u00f3n sa dozviete v tomto rozhovore.\",\"breadcrumb\":{\"@id\":\"https:\/\/www.welovecycling.com\/sk\/2023\/03\/16\/rozhovor-lubos-dupkala-skoda-mtb-maraton-rajecke-teplice\/#breadcrumb\"},\"inLanguage\":\"sk-SK\",\"potentialAction\":[{\"@type\":\"ReadAction\",\"target\":[\"https:\/\/www.welovecycling.com\/sk\/2023\/03\/16\/rozhovor-lubos-dupkala-skoda-mtb-maraton-rajecke-teplice\/\"]}]},{\"@type\":\"ImageObject\",\"inLanguage\":\"sk-SK\",\"@id\":\"https:\/\/www.welovecycling.com\/sk\/2023\/03\/16\/rozhovor-lubos-dupkala-skoda-mtb-maraton-rajecke-teplice\/#primaryimage\",\"url\":\"https:\/\/d2p6e6u75xmxt8.cloudfront.net\/4\/2023\/03\/titulka-2.webp\",\"contentUrl\":\"https:\/\/d2p6e6u75xmxt8.cloudfront.net\/4\/2023\/03\/titulka-2.webp\",\"width\":990,\"height\":660,\"caption\":\"\u0160KODA Bike Open Tour\"},{\"@type\":\"BreadcrumbList\",\"@id\":\"https:\/\/www.welovecycling.com\/sk\/2023\/03\/16\/rozhovor-lubos-dupkala-skoda-mtb-maraton-rajecke-teplice\/#breadcrumb\",\"itemListElement\":[{\"@type\":\"ListItem\",\"position\":1,\"name\":\"Home\",\"item\":\"https:\/\/www.welovecycling.com\/sk\/\"},{\"@type\":\"ListItem\",\"position\":2,\"name\":\"Rozhovor: \u013dubo\u0161 Dupkala &#8211; \u0160koda MTB marat\u00f3n Rajeck\u00e9 Teplice\"}]},{\"@type\":\"WebSite\",\"@id\":\"https:\/\/www.welovecycling.com\/sk\/#website\",\"url\":\"https:\/\/www.welovecycling.com\/sk\/\",\"name\":\"\u0160koda We Love Cycling Slovensko\",\"description\":\"\u0160koda We Love Cycling Slovensko je v\u00e1\u0161 ka\u017edodenn\u00fd zdroj noviniek a in\u0161pir\u00e1cie z sveta cyklistiky\",\"potentialAction\":[{\"@type\":\"SearchAction\",\"target\":{\"@type\":\"EntryPoint\",\"urlTemplate\":\"https:\/\/www.welovecycling.com\/sk\/?s={search_term_string}\"},\"query-input\":{\"@type\":\"PropertyValueSpecification\",\"valueRequired\":true,\"valueName\":\"search_term_string\"}}],\"inLanguage\":\"sk-SK\"},{\"@type\":\"Person\",\"@id\":\"https:\/\/www.welovecycling.com\/sk\/#\/schema\/person\/533b62b98b6c41bd5135ebfb1f742624\",\"name\":\"dominika\",\"image\":{\"@type\":\"ImageObject\",\"inLanguage\":\"sk-SK\",\"@id\":\"https:\/\/www.welovecycling.com\/sk\/#\/schema\/person\/image\/\",\"url\":\"https:\/\/secure.gravatar.com\/avatar\/ded6f274ba2ec3e17fff153f7d9d96a4b33c2cb63907f75d9a5309c599a7f3e6?s=96&d=mm&r=g\",\"contentUrl\":\"https:\/\/secure.gravatar.com\/avatar\/ded6f274ba2ec3e17fff153f7d9d96a4b33c2cb63907f75d9a5309c599a7f3e6?s=96&d=mm&r=g\",\"caption\":\"dominika\"},\"url\":\"https:\/\/www.welovecycling.com\/sk\/author\/dominika\/\"}]}<\/script>\n<!-- \/ Yoast SEO Premium plugin. -->","yoast_head_json":{"title":"Rozhovor: \u013dubo\u0161 Dupkala - \u0160koda MTB marat\u00f3n Rajeck\u00e9 Teplice","description":"O tom, ako dok\u00e1\u017ee po\u010dasie ovplyvni\u0165 preteky, o podpore mesta a k\u00fape\u013eov aj o tom, ak\u00e9 je to organizova\u0165 marat\u00f3n sa dozviete v tomto rozhovore.","robots":{"index":"index","follow":"follow","max-snippet":"max-snippet:-1","max-image-preview":"max-image-preview:large","max-video-preview":"max-video-preview:-1"},"canonical":"https:\/\/www.welovecycling.com\/sk\/2023\/03\/16\/rozhovor-lubos-dupkala-skoda-mtb-maraton-rajecke-teplice\/","og_locale":"sk_SK","og_type":"article","og_title":"Rozhovor: \u013dubo\u0161 Dupkala - \u0160koda MTB marat\u00f3n Rajeck\u00e9 Teplice","og_description":"O tom, ako dok\u00e1\u017ee po\u010dasie ovplyvni\u0165 preteky, o podpore mesta a k\u00fape\u013eov aj o tom, ak\u00e9 je to organizova\u0165 marat\u00f3n sa dozviete v tomto rozhovore.","og_url":"https:\/\/www.welovecycling.com\/sk\/2023\/03\/16\/rozhovor-lubos-dupkala-skoda-mtb-maraton-rajecke-teplice\/","og_site_name":"\u0160koda We Love Cycling Slovensko","article_published_time":"2023-03-16T09:00:26+00:00","og_image":[{"width":990,"height":660,"url":"https:\/\/d2p6e6u75xmxt8.cloudfront.net\/4\/2023\/03\/titulka-2.webp","type":"image\/webp"}],"author":"dominika","twitter_card":"summary_large_image","twitter_misc":{"Written by":"Radovan Vr\u0161ka","Est. reading time":"5"},"schema":{"@context":"https:\/\/schema.org","@graph":[{"@type":"WebPage","@id":"https:\/\/www.welovecycling.com\/sk\/2023\/03\/16\/rozhovor-lubos-dupkala-skoda-mtb-maraton-rajecke-teplice\/","url":"https:\/\/www.welovecycling.com\/sk\/2023\/03\/16\/rozhovor-lubos-dupkala-skoda-mtb-maraton-rajecke-teplice\/","name":"Rozhovor: \u013dubo\u0161 Dupkala - \u0160koda MTB marat\u00f3n Rajeck\u00e9 Teplice","isPartOf":{"@id":"https:\/\/www.welovecycling.com\/sk\/#website"},"primaryImageOfPage":{"@id":"https:\/\/www.welovecycling.com\/sk\/2023\/03\/16\/rozhovor-lubos-dupkala-skoda-mtb-maraton-rajecke-teplice\/#primaryimage"},"image":{"@id":"https:\/\/www.welovecycling.com\/sk\/2023\/03\/16\/rozhovor-lubos-dupkala-skoda-mtb-maraton-rajecke-teplice\/#primaryimage"},"thumbnailUrl":"https:\/\/d2p6e6u75xmxt8.cloudfront.net\/4\/2023\/03\/titulka-2.webp","datePublished":"2023-03-16T09:00:26+00:00","author":{"@id":"https:\/\/www.welovecycling.com\/sk\/#\/schema\/person\/533b62b98b6c41bd5135ebfb1f742624"},"description":"O tom, ako dok\u00e1\u017ee po\u010dasie ovplyvni\u0165 preteky, o podpore mesta a k\u00fape\u013eov aj o tom, ak\u00e9 je to organizova\u0165 marat\u00f3n sa dozviete v tomto rozhovore.","breadcrumb":{"@id":"https:\/\/www.welovecycling.com\/sk\/2023\/03\/16\/rozhovor-lubos-dupkala-skoda-mtb-maraton-rajecke-teplice\/#breadcrumb"},"inLanguage":"sk-SK","potentialAction":[{"@type":"ReadAction","target":["https:\/\/www.welovecycling.com\/sk\/2023\/03\/16\/rozhovor-lubos-dupkala-skoda-mtb-maraton-rajecke-teplice\/"]}]},{"@type":"ImageObject","inLanguage":"sk-SK","@id":"https:\/\/www.welovecycling.com\/sk\/2023\/03\/16\/rozhovor-lubos-dupkala-skoda-mtb-maraton-rajecke-teplice\/#primaryimage","url":"https:\/\/d2p6e6u75xmxt8.cloudfront.net\/4\/2023\/03\/titulka-2.webp","contentUrl":"https:\/\/d2p6e6u75xmxt8.cloudfront.net\/4\/2023\/03\/titulka-2.webp","width":990,"height":660,"caption":"\u0160KODA Bike Open Tour"},{"@type":"BreadcrumbList","@id":"https:\/\/www.welovecycling.com\/sk\/2023\/03\/16\/rozhovor-lubos-dupkala-skoda-mtb-maraton-rajecke-teplice\/#breadcrumb","itemListElement":[{"@type":"ListItem","position":1,"name":"Home","item":"https:\/\/www.welovecycling.com\/sk\/"},{"@type":"ListItem","position":2,"name":"Rozhovor: \u013dubo\u0161 Dupkala &#8211; \u0160koda MTB marat\u00f3n Rajeck\u00e9 Teplice"}]},{"@type":"WebSite","@id":"https:\/\/www.welovecycling.com\/sk\/#website","url":"https:\/\/www.welovecycling.com\/sk\/","name":"\u0160koda We Love Cycling Slovensko","description":"\u0160koda We Love Cycling Slovensko je v\u00e1\u0161 ka\u017edodenn\u00fd zdroj noviniek a in\u0161pir\u00e1cie z sveta cyklistiky","potentialAction":[{"@type":"SearchAction","target":{"@type":"EntryPoint","urlTemplate":"https:\/\/www.welovecycling.com\/sk\/?s={search_term_string}"},"query-input":{"@type":"PropertyValueSpecification","valueRequired":true,"valueName":"search_term_string"}}],"inLanguage":"sk-SK"},{"@type":"Person","@id":"https:\/\/www.welovecycling.com\/sk\/#\/schema\/person\/533b62b98b6c41bd5135ebfb1f742624","name":"dominika","image":{"@type":"ImageObject","inLanguage":"sk-SK","@id":"https:\/\/www.welovecycling.com\/sk\/#\/schema\/person\/image\/","url":"https:\/\/secure.gravatar.com\/avatar\/ded6f274ba2ec3e17fff153f7d9d96a4b33c2cb63907f75d9a5309c599a7f3e6?s=96&d=mm&r=g","contentUrl":"https:\/\/secure.gravatar.com\/avatar\/ded6f274ba2ec3e17fff153f7d9d96a4b33c2cb63907f75d9a5309c599a7f3e6?s=96&d=mm&r=g","caption":"dominika"},"url":"https:\/\/www.welovecycling.com\/sk\/author\/dominika\/"}]}},"_links":{"self":[{"href":"https:\/\/www.welovecycling.com\/sk\/wp-json\/wp\/v2\/posts\/16894","targetHints":{"allow":["GET"]}}],"collection":[{"href":"https:\/\/www.welovecycling.com\/sk\/wp-json\/wp\/v2\/posts"}],"about":[{"href":"https:\/\/www.welovecycling.com\/sk\/wp-json\/wp\/v2\/types\/post"}],"author":[{"embeddable":true,"href":"https:\/\/www.welovecycling.com\/sk\/wp-json\/wp\/v2\/users\/172"}],"replies":[{"embeddable":true,"href":"https:\/\/www.welovecycling.com\/sk\/wp-json\/wp\/v2\/comments?post=16894"}],"version-history":[{"count":2,"href":"https:\/\/www.welovecycling.com\/sk\/wp-json\/wp\/v2\/posts\/16894\/revisions"}],"predecessor-version":[{"id":16913,"href":"https:\/\/www.welovecycling.com\/sk\/wp-json\/wp\/v2\/posts\/16894\/revisions\/16913"}],"wp:featuredmedia":[{"embeddable":true,"href":"https:\/\/www.welovecycling.com\/sk\/wp-json\/wp\/v2\/media\/16906"}],"wp:attachment":[{"href":"https:\/\/www.welovecycling.com\/sk\/wp-json\/wp\/v2\/media?parent=16894"}],"wp:term":[{"taxonomy":"category","embeddable":true,"href":"https:\/\/www.welovecycling.com\/sk\/wp-json\/wp\/v2\/categories?post=16894"},{"taxonomy":"post_tag","embeddable":true,"href":"https:\/\/www.welovecycling.com\/sk\/wp-json\/wp\/v2\/tags?post=16894"},{"taxonomy":"global-categories","embeddable":true,"href":"https:\/\/www.welovecycling.com\/sk\/wp-json\/wp\/v2\/global-categories?post=16894"}],"curies":[{"name":"wp","href":"https:\/\/api.w.org\/{rel}","templated":true}]}}