{"id":16868,"date":"2023-03-10T10:35:14","date_gmt":"2023-03-10T09:35:14","guid":{"rendered":"https:\/\/www.welovecycling.com\/sk\/?p=16868"},"modified":"2023-04-14T11:43:51","modified_gmt":"2023-04-14T09:43:51","slug":"neusiedler-see-radmarathon-2023-vyhraj-zaciatok-sezony-vo-velkom-style","status":"publish","type":"post","link":"https:\/\/www.welovecycling.com\/sk\/2023\/03\/10\/neusiedler-see-radmarathon-2023-vyhraj-zaciatok-sezony-vo-velkom-style\/","title":{"rendered":"Neusiedler See Radmarathon 2023 \u2013 vyhraj za\u010diatok sez\u00f3ny vo ve\u013ekom \u0161t\u00fdle"},"content":{"rendered":"<div id=\"pl-16868\"  class=\"panel-layout\" ><div id=\"pg-16868-0\"  class=\"panel-grid panel-no-style\" ><div id=\"pgc-16868-0-0\"  class=\"panel-grid-cell\" ><div id=\"panel-16868-0-0-0\" class=\"so-panel widget widget_sow-editor panel-first-child panel-last-child\" data-index=\"0\" ><div\n\t\t\t\n\t\t\tclass=\"so-widget-sow-editor so-widget-sow-editor-base\"\n\t\t\t\n\t\t>\n<div class=\"siteorigin-widget-tinymce textwidget\">\n\t<p><strong>Ka\u017ed\u00fd amat\u00e9rsky fan\u00fa\u0161ik cestnej cyklistiky sa t\u00fa\u017ei z\u00fa\u010dastni\u0165 poriadnych pretekov na svetovej \u00farovni. A pr\u00e1ve UCI Gran Fondo je pr\u00edle\u017eitos\u0165, ako si tento sen splni\u0165. Je to svetov\u00fd \u0161ampion\u00e1t amat\u00e9rskych cyklistov a bude sa kona\u0165 v \u0160k\u00f3tsku, v meste Glasgow. Jedin\u00e9, \u010do v\u00e1m stoj\u00ed v ceste, je kvalifikova\u0165 sa na t\u00fato udalos\u0165 a my v\u00e1m prin\u00e1\u0161ame t\u00fato mo\u017enos\u0165 ne\u010faleko u na\u0161ich susedov.<\/strong><\/p>\n<p><a href=\"https:\/\/www.neusiedlersee-radmarathon.com\/\" target=\"_blank\" rel=\"noopener\">Neusiedler See Radmarathon<\/a>, zn\u00e1my aj ako Marat\u00f3n okolo Nezidersk\u00e9ho jazera, pon\u00faka okrem mo\u017enosti kvalifik\u00e1cie na u\u017e spom\u00ednan\u00e9 UCI Grand Fondo aj skvel\u00fd za\u010diatok cyklistickej sez\u00f3ny v naozaj ve\u013ekom \u0161t\u00fdle. <strong>Preteky sa konaj\u00fa koncom apr\u00edla a v prv\u00fd de\u0148 22. 4. bude \u010dasovka, kde je takisto mo\u017enos\u0165 kvalifikova\u0165 sa na Majstrovstv\u00e1 sveta UCI v \u010dasovk\u00e1rskych s\u00fa\u0165a\u017eiach.<\/strong> V nede\u013eu 23. 4. sa bude kona\u0165 samotn\u00fd marat\u00f3n.<\/p>\n<\/div>\n<\/div><\/div><\/div><\/div><div id=\"pg-16868-1\"  class=\"panel-grid panel-no-style\" ><div id=\"pgc-16868-1-0\"  class=\"panel-grid-cell\" ><div id=\"panel-16868-1-0-0\" class=\"so-panel widget widget_sow-editor panel-first-child panel-last-child\" data-index=\"1\" ><div\n\t\t\t\n\t\t\tclass=\"so-widget-sow-editor so-widget-sow-editor-base\"\n\t\t\t\n\t\t>\n<div class=\"siteorigin-widget-tinymce textwidget\">\n\t<p><img loading=\"lazy\" decoding=\"async\" class=\"alignnone size-full wp-image-16817\" src=\"https:\/\/d2p6e6u75xmxt8.cloudfront.net\/4\/2023\/03\/01.webp\" alt=\"Neusiedler See Radmarathon s\u00fa\u0165a\u017e\" width=\"990\" height=\"660\" srcset=\"https:\/\/d2p6e6u75xmxt8.cloudfront.net\/4\/2023\/03\/01.webp 990w, https:\/\/d2p6e6u75xmxt8.cloudfront.net\/4\/2023\/03\/01-300x200.webp 300w, https:\/\/d2p6e6u75xmxt8.cloudfront.net\/4\/2023\/03\/01-768x512.webp 768w, https:\/\/d2p6e6u75xmxt8.cloudfront.net\/4\/2023\/03\/01-400x267.webp 400w, https:\/\/d2p6e6u75xmxt8.cloudfront.net\/4\/2023\/03\/01-272x182.webp 272w\" sizes=\"auto, (max-width: 990px) 100vw, 990px\" \/><\/p>\n<\/div>\n<\/div><\/div><\/div><\/div><div id=\"pg-16868-2\"  class=\"panel-grid panel-no-style\" ><div id=\"pgc-16868-2-0\"  class=\"panel-grid-cell\" ><div id=\"panel-16868-2-0-0\" class=\"so-panel widget widget_sow-editor panel-first-child panel-last-child\" data-index=\"2\" ><div\n\t\t\t\n\t\t\tclass=\"so-widget-sow-editor so-widget-sow-editor-base\"\n\t\t\t\n\t\t>\n<div class=\"siteorigin-widget-tinymce textwidget\">\n\t<p>Trasa m\u00e1 d\u013a\u017eku 125 km a prev\u00fd\u0161enie 600 metrov. <strong>\u0160tart je v obci M\u00f6rbisch a vedie okolo Nezidersk\u00e9ho jazera proti smeru hodinov\u00fdch ru\u010di\u010diek.<\/strong> Ako vidie\u0165, prev\u00fd\u0161enie nie je extra ve\u013ek\u00e9 a tra\u0165 je pomerne rovinat\u00e1. Av\u0161ak tradi\u010dne b\u00fdva ve\u013emi vetern\u00e1, \u010do v\u00e1m dok\u00e1\u017ee preteky znepr\u00edjemni\u0165. Na tejto trati maj\u00fa v\u00fdhodu \u0161print\u00e9ri, ale na svoje si pr\u00eddu v\u0161etci. \u0160pecialitou tohto marat\u00f3nu je, \u017ee tra\u0165 na jednom \u00faseku vedie aj cez Ma\u010farsko.<\/p>\n<\/div>\n<\/div><\/div><\/div><\/div><div id=\"pg-16868-3\"  class=\"panel-grid panel-no-style\" ><div id=\"pgc-16868-3-0\"  class=\"panel-grid-cell\" ><div id=\"panel-16868-3-0-0\" class=\"so-panel widget widget_sow-editor panel-first-child\" data-index=\"3\" ><div\n\t\t\t\n\t\t\tclass=\"so-widget-sow-editor so-widget-sow-editor-base\"\n\t\t\t\n\t\t>\n<div class=\"siteorigin-widget-tinymce textwidget\">\n\t<p><img loading=\"lazy\" decoding=\"async\" class=\"alignnone size-full wp-image-16818\" src=\"https:\/\/d2p6e6u75xmxt8.cloudfront.net\/4\/2023\/03\/02.webp\" alt=\"cyklisti\" width=\"990\" height=\"660\" srcset=\"https:\/\/d2p6e6u75xmxt8.cloudfront.net\/4\/2023\/03\/02.webp 990w, https:\/\/d2p6e6u75xmxt8.cloudfront.net\/4\/2023\/03\/02-300x200.webp 300w, https:\/\/d2p6e6u75xmxt8.cloudfront.net\/4\/2023\/03\/02-768x512.webp 768w, https:\/\/d2p6e6u75xmxt8.cloudfront.net\/4\/2023\/03\/02-400x267.webp 400w, https:\/\/d2p6e6u75xmxt8.cloudfront.net\/4\/2023\/03\/02-272x182.webp 272w\" sizes=\"auto, (max-width: 990px) 100vw, 990px\" \/><\/p>\n<div class=\"shortcode-ys-post-pinup\"><article class=\"loop-simple post-16622 post type-post status-publish format-standard has-post-thumbnail hentry category-zdravie-trening tag-aplikacia tag-cestna-cyklistika tag-cyklistika tag-domaci-trening tag-dusevne-zdravie tag-horska-cyklistika tag-motivacia tag-trening tag-zdravie tag-zima tag-zivotny-styl\" data-postid=\"16622\" role=\"article\" data-post-id=\"16622\" data-word-count=\"798\" data-headline-length=\"63\" data-category=\"Zdravie a tr\u00e9ning\" data-author=\"Megan Flottorp\" data-published=\"2023-01-20T09:00:09+01:00\" data-published-day=\"Friday\">\n    <div class=\"entry-thumbnail article-thumbnail\" content=\"https:\/\/d2p6e6u75xmxt8.cloudfront.net\/4\/2023\/01\/Road-Cyclists-Men-and-Woman-profimedia-0748616353-CVR-150x150.webp\"><a href=\"https:\/\/www.welovecycling.com\/sk\/2023\/01\/20\/ako-efektivne-dosiahnut-vase-cyklisticke-ciele-na-rok-2023\/\" class=\"image-holder\" target=\"_self\"><img decoding=\"async\" loading=\"lazy\" class=\"\" src=\"https:\/\/d2p6e6u75xmxt8.cloudfront.net\/4\/2023\/01\/Road-Cyclists-Men-and-Woman-profimedia-0748616353-CVR.webp\" srcset=\"https:\/\/d2p6e6u75xmxt8.cloudfront.net\/4\/2023\/01\/Road-Cyclists-Men-and-Woman-profimedia-0748616353-CVR.webp 990w, https:\/\/d2p6e6u75xmxt8.cloudfront.net\/4\/2023\/01\/Road-Cyclists-Men-and-Woman-profimedia-0748616353-CVR-300x200.webp 300w, https:\/\/d2p6e6u75xmxt8.cloudfront.net\/4\/2023\/01\/Road-Cyclists-Men-and-Woman-profimedia-0748616353-CVR-768x512.webp 768w, https:\/\/d2p6e6u75xmxt8.cloudfront.net\/4\/2023\/01\/Road-Cyclists-Men-and-Woman-profimedia-0748616353-CVR-272x182.webp 272w\" width=\"990\" height=\"660\" sizes=\"auto, (min-width: 1200px) 300px, (min-width: 768px) 25vw, 100vw\" alt=\"ako-efektivne-dosiahnut-vase-cyklisticke-ciele-na-rok-2023\"\/><\/a><\/div>    <div class=\"entry-meta\">\n        <a class=\"label label-secondary post-category\" href=\"https:\/\/www.welovecycling.com\/sk\/category\/zdravie-trening\/\" title=\"Zdravie a tr\u00e9ning\">Zdravie a tr\u00e9ning<\/a>\n    <\/div>\n    <div class=\"entry-details\">\n        <a href=\"https:\/\/www.welovecycling.com\/sk\/2023\/01\/20\/ako-efektivne-dosiahnut-vase-cyklisticke-ciele-na-rok-2023\/\" class='entry-title-wrapper'>\n            <h3 class=\"entry-title\"><span>Ako efekt\u00edvne dosiahnu\u0165 va\u0161e cyklistick\u00e9 ciele pre rok 2023<\/span><\/h3>\n        <\/a>\n    <\/div>\n    <\/article>\n<\/div>\n<\/div>\n<\/div><\/div><div id=\"panel-16868-3-0-1\" class=\"so-panel widget widget_sow-editor panel-last-child\" data-index=\"4\" ><div\n\t\t\t\n\t\t\tclass=\"so-widget-sow-editor so-widget-sow-editor-base\"\n\t\t\t\n\t\t>\n<div class=\"siteorigin-widget-tinymce textwidget\">\n\t<p>Ak sa rozhodnete ne\u00fato\u010di\u0165 na prv\u00e9 miesta a chcete si preteky hlavne naplno u\u017ei\u0165, m\u00f4\u017eete sa sem-tam okolo seba obzrie\u0165 a vychutna\u0165 si jedine\u010dn\u00fa fl\u00f3ru a faunu n\u00e1rodn\u00e9ho parku Seewinkel. <strong>A v pr\u00edpade, \u017ee sa nebudete c\u00edti\u0165 na cel\u00fa trasu marat\u00f3nu, m\u00f4\u017eete si zvoli\u0165 krat\u0161\u00ed variant v d\u013a\u017eke 65 kilometrov. T\u00e1 kon\u010d\u00ed v obci Illmitz, odkia\u013e v\u00e1s trajekt odvezie sp\u00e4\u0165 na miesto \u0161tartu do M\u00f6rbischu.<\/strong><\/p>\n<\/div>\n<\/div><\/div><\/div><\/div><div id=\"pg-16868-4\"  class=\"panel-grid panel-no-style\" ><div id=\"pgc-16868-4-0\"  class=\"panel-grid-cell\" ><div id=\"panel-16868-4-0-0\" class=\"so-panel widget widget_sow-editor panel-first-child\" data-index=\"5\" ><div\n\t\t\t\n\t\t\tclass=\"so-widget-sow-editor so-widget-sow-editor-base\"\n\t\t\t\n\t\t>\n<div class=\"siteorigin-widget-tinymce textwidget\">\n\t<p><img loading=\"lazy\" decoding=\"async\" class=\"alignnone size-full wp-image-16819\" src=\"https:\/\/d2p6e6u75xmxt8.cloudfront.net\/4\/2023\/03\/03.webp\" alt=\"za\u010diatok cyklistickej sez\u00f3ny\" width=\"990\" height=\"660\" srcset=\"https:\/\/d2p6e6u75xmxt8.cloudfront.net\/4\/2023\/03\/03.webp 990w, https:\/\/d2p6e6u75xmxt8.cloudfront.net\/4\/2023\/03\/03-300x200.webp 300w, https:\/\/d2p6e6u75xmxt8.cloudfront.net\/4\/2023\/03\/03-768x512.webp 768w, https:\/\/d2p6e6u75xmxt8.cloudfront.net\/4\/2023\/03\/03-400x267.webp 400w, https:\/\/d2p6e6u75xmxt8.cloudfront.net\/4\/2023\/03\/03-272x182.webp 272w\" sizes=\"auto, (max-width: 990px) 100vw, 990px\" \/><\/p>\n<\/div>\n<\/div><\/div><div id=\"panel-16868-4-0-1\" class=\"so-panel widget widget_sow-editor panel-last-child\" data-index=\"6\" ><div class=\"panel-widget-style panel-widget-style-for-16868-4-0-1\" ><div\n\t\t\t\n\t\t\tclass=\"so-widget-sow-editor so-widget-sow-editor-base\"\n\t\t\t\n\t\t>\n<div class=\"siteorigin-widget-tinymce textwidget\">\n\t<h2><strong>Zaujal v\u00e1s Cyklomarat\u00f3n okolo Nezidersk\u00e9ho jazera?\u00a0<\/strong><\/h2>\n<p>Chcete sa z\u00fa\u010dastni\u0165 pretekov? Alebo si len urobi\u0165 v\u00edkendov\u00fd v\u00fdlet na bicykloch?<\/p>\n<p>Sledujte aj na\u010falej WeLoveCycling na Facebooku, kde aktu\u00e1lne prebieha s\u00fa\u0165a\u017e o \u0161tartovn\u00e9 na \u010dasovke aj hlavn\u00fdch pretekoch.<\/p>\n<div class=\"social social-list no-followers\"><a class=\"social-network icon icon-facebook\" style=\"text-decoration:none;\" href=\"https:\/\/www.facebook.com\/welovecycling.sk\" target=\"_blank\" rel=\"noopener\" data-label=\"Facebook\"><\/a><\/div>\n<\/div>\n<\/div><\/div><\/div><\/div><\/div><div id=\"pg-16868-5\"  class=\"panel-grid panel-has-style\" ><div class=\"panel-row-style panel-row-style-for-16868-5\" ><div id=\"pgc-16868-5-0\"  class=\"panel-grid-cell\" ><div id=\"panel-16868-5-0-0\" class=\"so-panel widget widget_sow-editor panel-first-child panel-last-child\" data-index=\"7\" ><div\n\t\t\t\n\t\t\tclass=\"so-widget-sow-editor so-widget-sow-editor-base\"\n\t\t\t\n\t\t>\n<div class=\"siteorigin-widget-tinymce textwidget\">\n\t<h2><strong>Z\u00e1kladn\u00e9 inform\u00e1cie<\/strong><\/h2>\n<p>Ak st\u00e1le v\u00e1hate, \u010di sa z\u00fa\u010dastni\u0165 tejto jedine\u010dnej udalosti, pon\u00fakame v\u00e1m mo\u017enos\u0165 vyhra\u0165 \u0161tartovn\u00e9. <strong>S\u00fa\u0165a\u017e prebieha od 10. 03. 2023 do 17. 03. 2023.<\/strong><\/p>\n<p>Vyhra\u0165 m\u00f4\u017eete:<\/p>\n<ul>\n<li><strong>5x \u010dasovka (22. apr\u00edl)<\/strong><\/li>\n<li><strong>5x Gran Fondo (23. apr\u00edl)<\/strong><\/li>\n<\/ul>\n<p><strong>Ak sa v\u00e1m nepodar\u00ed \u0161tartovn\u00e9 vyhra\u0165, alebo z nejak\u00fdch in\u00fdch d\u00f4vodov sa tento rok nez\u00fa\u010dastn\u00edte, nemus\u00edte by\u0165 smutn\u00ed.<\/strong> Organiz\u00e1tor NSR Johannes Hessenberger pred\u013a\u017eil zmluvu s \u201eUCI Gran Fondo World Series\u201c do roku 2025.<\/p>\n<\/div>\n<\/div><\/div><\/div><\/div><\/div><\/div>","protected":false},"excerpt":{"rendered":"<p>Ka\u017ed\u00fd amat\u00e9rsky fan\u00fa\u0161ik cestnej cyklistiky sa t\u00fa\u017ei z\u00fa\u010dastni\u0165 poriadnych pretekov na svetovej \u00farovni. A pr\u00e1ve UCI Gran Fondo je pr\u00edle\u017eitos\u0165, [&hellip;]<\/p>\n","protected":false},"author":172,"featured_media":16820,"comment_status":"open","ping_status":"open","sticky":false,"template":"","format":"standard","meta":{"footnotes":""},"categories":[191,34],"tags":[115,1501,533,944,178,1583,179,598,1557,72],"global-categories":[],"class_list":["post-16868","post","type-post","status-publish","format-standard","has-post-thumbnail","hentry","category-odporucame","category-podujatia","tag-cestna-cyklistika","tag-cyklistka","tag-europa","tag-madarsko","tag-maraton","tag-neusiedler-see-radmarathon","tag-preteky","tag-rakusko","tag-sezona-2023","tag-sutaz"],"yoast_head":"<!-- This site is optimized with the Yoast SEO Premium plugin v25.3 (Yoast SEO v25.9) - https:\/\/yoast.com\/wordpress\/plugins\/seo\/ -->\n<title>Neusiedler See Radmarathon 2023 \u2013 vyhraj za\u010diatok sez\u00f3ny vo ve\u013ekom \u0161t\u00fdle<\/title>\n<meta name=\"description\" content=\"Ka\u017ed\u00fd fan\u00fa\u0161ik cestnej cyklistiky sa t\u00fa\u017ei z\u00fa\u010dastni\u0165 pretekov na svetovej \u00farovni. Vyhrajte \u0161tartovn\u00e9 na Neusiedler See Radmarathon 2023.\" \/>\n<meta name=\"robots\" content=\"index, follow, max-snippet:-1, max-image-preview:large, max-video-preview:-1\" \/>\n<link rel=\"canonical\" href=\"https:\/\/www.welovecycling.com\/sk\/2023\/03\/10\/neusiedler-see-radmarathon-2023-vyhraj-zaciatok-sezony-vo-velkom-style\/\" \/>\n<meta property=\"og:locale\" content=\"sk_SK\" \/>\n<meta property=\"og:type\" content=\"article\" \/>\n<meta property=\"og:title\" content=\"Neusiedler See Radmarathon 2023 \u2013 vyhraj za\u010diatok sez\u00f3ny vo ve\u013ekom \u0161t\u00fdle\" \/>\n<meta property=\"og:description\" content=\"Ka\u017ed\u00fd fan\u00fa\u0161ik cestnej cyklistiky sa t\u00fa\u017ei z\u00fa\u010dastni\u0165 pretekov na svetovej \u00farovni. Vyhrajte \u0161tartovn\u00e9 na Neusiedler See Radmarathon 2023.\" \/>\n<meta property=\"og:url\" content=\"https:\/\/www.welovecycling.com\/sk\/2023\/03\/10\/neusiedler-see-radmarathon-2023-vyhraj-zaciatok-sezony-vo-velkom-style\/\" \/>\n<meta property=\"og:site_name\" content=\"\u0160koda We Love Cycling Slovensko\" \/>\n<meta property=\"article:published_time\" content=\"2023-03-10T09:35:14+00:00\" \/>\n<meta property=\"article:modified_time\" content=\"2023-04-14T09:43:51+00:00\" \/>\n<meta property=\"og:image\" content=\"https:\/\/d2p6e6u75xmxt8.cloudfront.net\/4\/2023\/03\/titulka.webp\" \/>\n\t<meta property=\"og:image:width\" content=\"990\" \/>\n\t<meta property=\"og:image:height\" content=\"660\" \/>\n\t<meta property=\"og:image:type\" content=\"image\/webp\" \/>\n<meta name=\"author\" content=\"dominika\" \/>\n<meta name=\"twitter:card\" content=\"summary_large_image\" \/>\n<meta name=\"twitter:label1\" content=\"Written by\" \/>\n\t<meta name=\"twitter:data1\" content=\"Megan Flottorp\" \/>\n\t<meta name=\"twitter:label2\" content=\"Est. reading time\" \/>\n\t<meta name=\"twitter:data2\" content=\"6\" \/>\n<script type=\"application\/ld+json\" class=\"yoast-schema-graph\">{\"@context\":\"https:\/\/schema.org\",\"@graph\":[{\"@type\":\"WebPage\",\"@id\":\"https:\/\/www.welovecycling.com\/sk\/2023\/03\/10\/neusiedler-see-radmarathon-2023-vyhraj-zaciatok-sezony-vo-velkom-style\/\",\"url\":\"https:\/\/www.welovecycling.com\/sk\/2023\/03\/10\/neusiedler-see-radmarathon-2023-vyhraj-zaciatok-sezony-vo-velkom-style\/\",\"name\":\"Neusiedler See Radmarathon 2023 \u2013 vyhraj za\u010diatok sez\u00f3ny vo ve\u013ekom \u0161t\u00fdle\",\"isPartOf\":{\"@id\":\"https:\/\/www.welovecycling.com\/sk\/#website\"},\"primaryImageOfPage\":{\"@id\":\"https:\/\/www.welovecycling.com\/sk\/2023\/03\/10\/neusiedler-see-radmarathon-2023-vyhraj-zaciatok-sezony-vo-velkom-style\/#primaryimage\"},\"image\":{\"@id\":\"https:\/\/www.welovecycling.com\/sk\/2023\/03\/10\/neusiedler-see-radmarathon-2023-vyhraj-zaciatok-sezony-vo-velkom-style\/#primaryimage\"},\"thumbnailUrl\":\"https:\/\/d2p6e6u75xmxt8.cloudfront.net\/4\/2023\/03\/titulka.webp\",\"datePublished\":\"2023-03-10T09:35:14+00:00\",\"dateModified\":\"2023-04-14T09:43:51+00:00\",\"author\":{\"@id\":\"https:\/\/www.welovecycling.com\/sk\/#\/schema\/person\/533b62b98b6c41bd5135ebfb1f742624\"},\"description\":\"Ka\u017ed\u00fd fan\u00fa\u0161ik cestnej cyklistiky sa t\u00fa\u017ei z\u00fa\u010dastni\u0165 pretekov na svetovej \u00farovni. Vyhrajte \u0161tartovn\u00e9 na Neusiedler See Radmarathon 2023.\",\"breadcrumb\":{\"@id\":\"https:\/\/www.welovecycling.com\/sk\/2023\/03\/10\/neusiedler-see-radmarathon-2023-vyhraj-zaciatok-sezony-vo-velkom-style\/#breadcrumb\"},\"inLanguage\":\"sk-SK\",\"potentialAction\":[{\"@type\":\"ReadAction\",\"target\":[\"https:\/\/www.welovecycling.com\/sk\/2023\/03\/10\/neusiedler-see-radmarathon-2023-vyhraj-zaciatok-sezony-vo-velkom-style\/\"]}]},{\"@type\":\"ImageObject\",\"inLanguage\":\"sk-SK\",\"@id\":\"https:\/\/www.welovecycling.com\/sk\/2023\/03\/10\/neusiedler-see-radmarathon-2023-vyhraj-zaciatok-sezony-vo-velkom-style\/#primaryimage\",\"url\":\"https:\/\/d2p6e6u75xmxt8.cloudfront.net\/4\/2023\/03\/titulka.webp\",\"contentUrl\":\"https:\/\/d2p6e6u75xmxt8.cloudfront.net\/4\/2023\/03\/titulka.webp\",\"width\":990,\"height\":660},{\"@type\":\"BreadcrumbList\",\"@id\":\"https:\/\/www.welovecycling.com\/sk\/2023\/03\/10\/neusiedler-see-radmarathon-2023-vyhraj-zaciatok-sezony-vo-velkom-style\/#breadcrumb\",\"itemListElement\":[{\"@type\":\"ListItem\",\"position\":1,\"name\":\"Home\",\"item\":\"https:\/\/www.welovecycling.com\/sk\/\"},{\"@type\":\"ListItem\",\"position\":2,\"name\":\"Neusiedler See Radmarathon 2023 \u2013 vyhraj za\u010diatok sez\u00f3ny vo ve\u013ekom \u0161t\u00fdle\"}]},{\"@type\":\"WebSite\",\"@id\":\"https:\/\/www.welovecycling.com\/sk\/#website\",\"url\":\"https:\/\/www.welovecycling.com\/sk\/\",\"name\":\"\u0160koda We Love Cycling Slovensko\",\"description\":\"\u0160koda We Love Cycling Slovensko je v\u00e1\u0161 ka\u017edodenn\u00fd zdroj noviniek a in\u0161pir\u00e1cie z sveta cyklistiky\",\"potentialAction\":[{\"@type\":\"SearchAction\",\"target\":{\"@type\":\"EntryPoint\",\"urlTemplate\":\"https:\/\/www.welovecycling.com\/sk\/?s={search_term_string}\"},\"query-input\":{\"@type\":\"PropertyValueSpecification\",\"valueRequired\":true,\"valueName\":\"search_term_string\"}}],\"inLanguage\":\"sk-SK\"},{\"@type\":\"Person\",\"@id\":\"https:\/\/www.welovecycling.com\/sk\/#\/schema\/person\/533b62b98b6c41bd5135ebfb1f742624\",\"name\":\"dominika\",\"image\":{\"@type\":\"ImageObject\",\"inLanguage\":\"sk-SK\",\"@id\":\"https:\/\/www.welovecycling.com\/sk\/#\/schema\/person\/image\/\",\"url\":\"https:\/\/secure.gravatar.com\/avatar\/ded6f274ba2ec3e17fff153f7d9d96a4b33c2cb63907f75d9a5309c599a7f3e6?s=96&d=mm&r=g\",\"contentUrl\":\"https:\/\/secure.gravatar.com\/avatar\/ded6f274ba2ec3e17fff153f7d9d96a4b33c2cb63907f75d9a5309c599a7f3e6?s=96&d=mm&r=g\",\"caption\":\"dominika\"},\"url\":\"https:\/\/www.welovecycling.com\/sk\/author\/dominika\/\"}]}<\/script>\n<!-- \/ Yoast SEO Premium plugin. -->","yoast_head_json":{"title":"Neusiedler See Radmarathon 2023 \u2013 vyhraj za\u010diatok sez\u00f3ny vo ve\u013ekom \u0161t\u00fdle","description":"Ka\u017ed\u00fd fan\u00fa\u0161ik cestnej cyklistiky sa t\u00fa\u017ei z\u00fa\u010dastni\u0165 pretekov na svetovej \u00farovni. Vyhrajte \u0161tartovn\u00e9 na Neusiedler See Radmarathon 2023.","robots":{"index":"index","follow":"follow","max-snippet":"max-snippet:-1","max-image-preview":"max-image-preview:large","max-video-preview":"max-video-preview:-1"},"canonical":"https:\/\/www.welovecycling.com\/sk\/2023\/03\/10\/neusiedler-see-radmarathon-2023-vyhraj-zaciatok-sezony-vo-velkom-style\/","og_locale":"sk_SK","og_type":"article","og_title":"Neusiedler See Radmarathon 2023 \u2013 vyhraj za\u010diatok sez\u00f3ny vo ve\u013ekom \u0161t\u00fdle","og_description":"Ka\u017ed\u00fd fan\u00fa\u0161ik cestnej cyklistiky sa t\u00fa\u017ei z\u00fa\u010dastni\u0165 pretekov na svetovej \u00farovni. Vyhrajte \u0161tartovn\u00e9 na Neusiedler See Radmarathon 2023.","og_url":"https:\/\/www.welovecycling.com\/sk\/2023\/03\/10\/neusiedler-see-radmarathon-2023-vyhraj-zaciatok-sezony-vo-velkom-style\/","og_site_name":"\u0160koda We Love Cycling Slovensko","article_published_time":"2023-03-10T09:35:14+00:00","article_modified_time":"2023-04-14T09:43:51+00:00","og_image":[{"width":990,"height":660,"url":"https:\/\/d2p6e6u75xmxt8.cloudfront.net\/4\/2023\/03\/titulka.webp","type":"image\/webp"}],"author":"dominika","twitter_card":"summary_large_image","twitter_misc":{"Written by":"Megan Flottorp","Est. reading time":"6"},"schema":{"@context":"https:\/\/schema.org","@graph":[{"@type":"WebPage","@id":"https:\/\/www.welovecycling.com\/sk\/2023\/03\/10\/neusiedler-see-radmarathon-2023-vyhraj-zaciatok-sezony-vo-velkom-style\/","url":"https:\/\/www.welovecycling.com\/sk\/2023\/03\/10\/neusiedler-see-radmarathon-2023-vyhraj-zaciatok-sezony-vo-velkom-style\/","name":"Neusiedler See Radmarathon 2023 \u2013 vyhraj za\u010diatok sez\u00f3ny vo ve\u013ekom \u0161t\u00fdle","isPartOf":{"@id":"https:\/\/www.welovecycling.com\/sk\/#website"},"primaryImageOfPage":{"@id":"https:\/\/www.welovecycling.com\/sk\/2023\/03\/10\/neusiedler-see-radmarathon-2023-vyhraj-zaciatok-sezony-vo-velkom-style\/#primaryimage"},"image":{"@id":"https:\/\/www.welovecycling.com\/sk\/2023\/03\/10\/neusiedler-see-radmarathon-2023-vyhraj-zaciatok-sezony-vo-velkom-style\/#primaryimage"},"thumbnailUrl":"https:\/\/d2p6e6u75xmxt8.cloudfront.net\/4\/2023\/03\/titulka.webp","datePublished":"2023-03-10T09:35:14+00:00","dateModified":"2023-04-14T09:43:51+00:00","author":{"@id":"https:\/\/www.welovecycling.com\/sk\/#\/schema\/person\/533b62b98b6c41bd5135ebfb1f742624"},"description":"Ka\u017ed\u00fd fan\u00fa\u0161ik cestnej cyklistiky sa t\u00fa\u017ei z\u00fa\u010dastni\u0165 pretekov na svetovej \u00farovni. Vyhrajte \u0161tartovn\u00e9 na Neusiedler See Radmarathon 2023.","breadcrumb":{"@id":"https:\/\/www.welovecycling.com\/sk\/2023\/03\/10\/neusiedler-see-radmarathon-2023-vyhraj-zaciatok-sezony-vo-velkom-style\/#breadcrumb"},"inLanguage":"sk-SK","potentialAction":[{"@type":"ReadAction","target":["https:\/\/www.welovecycling.com\/sk\/2023\/03\/10\/neusiedler-see-radmarathon-2023-vyhraj-zaciatok-sezony-vo-velkom-style\/"]}]},{"@type":"ImageObject","inLanguage":"sk-SK","@id":"https:\/\/www.welovecycling.com\/sk\/2023\/03\/10\/neusiedler-see-radmarathon-2023-vyhraj-zaciatok-sezony-vo-velkom-style\/#primaryimage","url":"https:\/\/d2p6e6u75xmxt8.cloudfront.net\/4\/2023\/03\/titulka.webp","contentUrl":"https:\/\/d2p6e6u75xmxt8.cloudfront.net\/4\/2023\/03\/titulka.webp","width":990,"height":660},{"@type":"BreadcrumbList","@id":"https:\/\/www.welovecycling.com\/sk\/2023\/03\/10\/neusiedler-see-radmarathon-2023-vyhraj-zaciatok-sezony-vo-velkom-style\/#breadcrumb","itemListElement":[{"@type":"ListItem","position":1,"name":"Home","item":"https:\/\/www.welovecycling.com\/sk\/"},{"@type":"ListItem","position":2,"name":"Neusiedler See Radmarathon 2023 \u2013 vyhraj za\u010diatok sez\u00f3ny vo ve\u013ekom \u0161t\u00fdle"}]},{"@type":"WebSite","@id":"https:\/\/www.welovecycling.com\/sk\/#website","url":"https:\/\/www.welovecycling.com\/sk\/","name":"\u0160koda We Love Cycling Slovensko","description":"\u0160koda We Love Cycling Slovensko je v\u00e1\u0161 ka\u017edodenn\u00fd zdroj noviniek a in\u0161pir\u00e1cie z sveta cyklistiky","potentialAction":[{"@type":"SearchAction","target":{"@type":"EntryPoint","urlTemplate":"https:\/\/www.welovecycling.com\/sk\/?s={search_term_string}"},"query-input":{"@type":"PropertyValueSpecification","valueRequired":true,"valueName":"search_term_string"}}],"inLanguage":"sk-SK"},{"@type":"Person","@id":"https:\/\/www.welovecycling.com\/sk\/#\/schema\/person\/533b62b98b6c41bd5135ebfb1f742624","name":"dominika","image":{"@type":"ImageObject","inLanguage":"sk-SK","@id":"https:\/\/www.welovecycling.com\/sk\/#\/schema\/person\/image\/","url":"https:\/\/secure.gravatar.com\/avatar\/ded6f274ba2ec3e17fff153f7d9d96a4b33c2cb63907f75d9a5309c599a7f3e6?s=96&d=mm&r=g","contentUrl":"https:\/\/secure.gravatar.com\/avatar\/ded6f274ba2ec3e17fff153f7d9d96a4b33c2cb63907f75d9a5309c599a7f3e6?s=96&d=mm&r=g","caption":"dominika"},"url":"https:\/\/www.welovecycling.com\/sk\/author\/dominika\/"}]}},"_links":{"self":[{"href":"https:\/\/www.welovecycling.com\/sk\/wp-json\/wp\/v2\/posts\/16868","targetHints":{"allow":["GET"]}}],"collection":[{"href":"https:\/\/www.welovecycling.com\/sk\/wp-json\/wp\/v2\/posts"}],"about":[{"href":"https:\/\/www.welovecycling.com\/sk\/wp-json\/wp\/v2\/types\/post"}],"author":[{"embeddable":true,"href":"https:\/\/www.welovecycling.com\/sk\/wp-json\/wp\/v2\/users\/172"}],"replies":[{"embeddable":true,"href":"https:\/\/www.welovecycling.com\/sk\/wp-json\/wp\/v2\/comments?post=16868"}],"version-history":[{"count":2,"href":"https:\/\/www.welovecycling.com\/sk\/wp-json\/wp\/v2\/posts\/16868\/revisions"}],"predecessor-version":[{"id":18881,"href":"https:\/\/www.welovecycling.com\/sk\/wp-json\/wp\/v2\/posts\/16868\/revisions\/18881"}],"wp:featuredmedia":[{"embeddable":true,"href":"https:\/\/www.welovecycling.com\/sk\/wp-json\/wp\/v2\/media\/16820"}],"wp:attachment":[{"href":"https:\/\/www.welovecycling.com\/sk\/wp-json\/wp\/v2\/media?parent=16868"}],"wp:term":[{"taxonomy":"category","embeddable":true,"href":"https:\/\/www.welovecycling.com\/sk\/wp-json\/wp\/v2\/categories?post=16868"},{"taxonomy":"post_tag","embeddable":true,"href":"https:\/\/www.welovecycling.com\/sk\/wp-json\/wp\/v2\/tags?post=16868"},{"taxonomy":"global-categories","embeddable":true,"href":"https:\/\/www.welovecycling.com\/sk\/wp-json\/wp\/v2\/global-categories?post=16868"}],"curies":[{"name":"wp","href":"https:\/\/api.w.org\/{rel}","templated":true}]}}