{"id":16854,"date":"2023-04-20T12:09:13","date_gmt":"2023-04-20T10:09:13","guid":{"rendered":"https:\/\/www.welovecycling.com\/sk\/?p=16854"},"modified":"2023-04-20T12:23:45","modified_gmt":"2023-04-20T10:23:45","slug":"5-naj-cyklotras-vo-francuzsku","status":"publish","type":"post","link":"https:\/\/www.welovecycling.com\/sk\/2023\/04\/20\/5-naj-cyklotras-vo-francuzsku\/","title":{"rendered":"5 naj cyklotr\u00e1s vo Franc\u00fazsku"},"content":{"rendered":"<p style=\"font-weight: 400;\"><strong>Ach, Franc\u00fazsko, krajina l\u00e1sky, v\u00edna a aromatick\u00fdch syrov. A cyklistiky\u2026 nezabudnime na cyklistiku. Hovor\u00ed v\u00e1m nie\u010do t\u00e1 ka\u017edoro\u010dn\u00e1 akcia Tour de France? Ur\u010dite \u00e1no. \ud83d\ude42 Je to \u010das, kedy sme prilepen\u00ed k obrazovk\u00e1m a povzbudzujeme na\u0161e idoly. Ale stav\u00edm sa, \u017ee viacer\u00ed z v\u00e1s t\u00fa\u017eia nav\u0161t\u00edvi\u0165 tieto miesta a zajazdi\u0165 si po t\u00fdch legend\u00e1rnych tras\u00e1ch. Franc\u00fazsko pon\u00faka skuto\u010dne dychber\u00face (niekedy doslovne) mo\u017enosti.<\/strong><\/p>\n<p><!--more--><\/p>\n<p style=\"font-weight: 400;\">Ak budete ma\u0165 mo\u017enos\u0165 splni\u0165 si tento cyklistick\u00fd sen, ur\u010dite nev\u00e1hajte a cho\u010fte. <strong>Nie v\u0161etci si v\u0161ak m\u00f4\u017eeme dovoli\u0165 tak\u00fdto v\u00fdlet do Franc\u00fazska, \u010di u\u017e z \u010dasov\u00e9ho alebo finan\u010dn\u00e9ho h\u013eadiska.<\/strong> Je tu v\u0161ak aj in\u00e1 mo\u017enos\u0165. Ide v\u0161ak o prekvapenie, tak\u017ee si ho nech\u00e1me na nesk\u00f4r. Len sa pros\u00edm tv\u00e1rte prekvapene, ke\u010f sa k tomu dostaneme. Sk\u00f4r ako si povieme o t\u00fdchto in\u00fdch mo\u017enostiach, pozrime sa spolo\u010dne na p\u00e4\u0165 najlep\u0161\u00edch tr\u00e1s, ktor\u00e9 si vo Franc\u00fazsku proste mus\u00edte prejs\u0165.<\/p>\n<h2><strong>Popri R\u00fdne<\/strong><\/h2>\n<p style=\"font-weight: 400;\">Ak t\u00fa\u017eite po \u00fateku pred ruchom ve\u013ek\u00e9ho mesta, regi\u00f3n Alsaska je pre v\u00e1s ako stvoren\u00fd. T\u00e1to historick\u00e1 \u010das\u0165 Franc\u00fazska m\u00e1 ok\u00faz\u013euj\u00face v\u00fdh\u013eady v\u010faka bl\u00edzkej polohe \u00c1lp. <strong>Alsasko m\u00e1 skvel\u00e9 trasy, ktor\u00e9 uspokoja takmer v\u0161etky t\u00fa\u017eby cyklistu.<\/strong> Bergheim &#8211; Col haut de Ribeauville je pre t\u00fdch, ktor\u00ed maj\u00fa radi jednoduch\u00e9 st\u00fapanie do 10 %. Av\u0161ak, ke\u010f hovor\u00edme o Alsasku, jedna z najlep\u0161\u00edch tamoj\u0161\u00edch tr\u00e1s je bezpochyby t\u00e1 <a href=\"https:\/\/www.komoot.com\/tour\/1030523127\" target=\"_blank\" rel=\"noopener\">popri R\u00fdne<\/a>. Ak budete cestova\u0165 z letiska Baden-Baden, technicky p\u00f4jdete proti pr\u00fadu R\u00fdnu, ale na tom a\u017e tak nez\u00e1le\u017e\u00ed.<\/p>\n<p style=\"font-weight: 400;\">Cel\u00e1 cesta popri franc\u00fazskej \u010dasti R\u00fdnu je pribli\u017ene 204 km dlh\u00e1, pri\u010dom za\u010d\u00edna v malom meste\u010dku Beinhem, ktor\u00e9 sa nach\u00e1dza nieko\u013eko kilometrov od letiska Baden-Baden, a kon\u010d\u00ed na franc\u00fazskom brehu tejto mohutnej rieky. Cestu do Bassel m\u00f4\u017eete absolvova\u0165 na jeden pokus. Ke\u010f\u017ee ter\u00e9n je rovn\u00fd, samotn\u00e1 cesta vlastne nie je tak dlh\u00e1. Av\u0161ak, ak si chcete u\u017ei\u0165 t\u00fato vyhliadkov\u00fa jazdu vr\u00e1tane ok\u00faz\u013euj\u00faceho \u0160trasburgu a \u0161armantn\u00e9ho mesta Colmar, tie\u017e zn\u00e1meho ako franc\u00fazske Ben\u00e1tky, mus\u00edte si na t\u00fato cestu vyhradi\u0165 aspo\u0148 tri dni. <strong>Po tejto ceste nav\u0161t\u00edvite nieko\u013eko tuctov mal\u00fdch franc\u00fazskych ded\u00edn, kde si m\u00f4\u017eete vychutna\u0165 \u010derstv\u00e9 poch\u00fa\u0165ky priamo z pece.<\/strong><\/p>\n<p style=\"font-weight: 400;\">T\u00e1to trasa je pre t\u00fdch, ktor\u00ed si u\u017e\u00edvaj\u00fa cyklistiku rovnako ako dobr\u00e9 jedlo a v\u00edno.<\/p>\n<figure id=\"attachment_16855\" aria-describedby=\"caption-attachment-16855\" style=\"width: 1000px\" class=\"wp-caption alignnone\"><a href=\"https:\/\/d2p6e6u75xmxt8.cloudfront.net\/4\/2023\/03\/Alsace-Vineyards-profimedia-0744363157.webp\"><img loading=\"lazy\" decoding=\"async\" class=\"wp-image-16855 size-full\" src=\"https:\/\/d2p6e6u75xmxt8.cloudfront.net\/4\/2023\/03\/Alsace-Vineyards-profimedia-0744363157.webp\" alt=\"Vineyards in Alsace \" width=\"1000\" height=\"653\" srcset=\"https:\/\/d2p6e6u75xmxt8.cloudfront.net\/4\/2023\/03\/Alsace-Vineyards-profimedia-0744363157.webp 1000w, https:\/\/d2p6e6u75xmxt8.cloudfront.net\/4\/2023\/03\/Alsace-Vineyards-profimedia-0744363157-300x196.webp 300w, https:\/\/d2p6e6u75xmxt8.cloudfront.net\/4\/2023\/03\/Alsace-Vineyards-profimedia-0744363157-768x502.webp 768w, https:\/\/d2p6e6u75xmxt8.cloudfront.net\/4\/2023\/03\/Alsace-Vineyards-profimedia-0744363157-400x261.webp 400w\" sizes=\"auto, (max-width: 1000px) 100vw, 1000px\" \/><\/a><figcaption id=\"caption-attachment-16855\" class=\"wp-caption-text\">Kr\u00e1sne vinohrady pri meste\u010dku Colmar. \u00a9 Profimedia<\/figcaption><\/figure>\n<h2><strong>Cesta po Monaku<\/strong><\/h2>\n<p style=\"font-weight: 400;\">Cote d\u2019Azur je dobre zn\u00e1my cyklistick\u00fd raj a mnoho profesion\u00e1lnych cyklistov tr\u00e1vi zimu pri Nice. <strong>Toto stredomorsk\u00e9 mesto m\u00e1 \u010do pon\u00faknu\u0165, aj ke\u010f nie ste cyklista, ale ke\u010f tam budete, ur\u010dite cho\u010fte aspo\u0148 na r\u00fdchlu prehliadku Monaka.<\/strong><a href=\"https:\/\/www.komoot.com\/tour\/1030505921\" target=\"_blank\" rel=\"noopener\"> Na tejto ceste<\/a> n\u00e1jdete celkom dos\u0165 strm\u00e9 v\u00fd\u0161\u013eapy. Po\u010das 40 km jazdy vyst\u00fapate 840 m. Len na prv\u00fdch 15 km vyst\u00fapate viac ne\u017e 450 m, \u010do je slu\u0161n\u00fd orie\u0161ok, ale je to t\u00e1 naj\u0165a\u017e\u0161ia \u010das\u0165 tejto jazdy.<\/p>\n<p style=\"font-weight: 400;\">Pozit\u00edvom je, \u017ee si u\u017eijete \u00fa\u017easn\u00e9 v\u00fdh\u013eady po panoramatickej ceste kopcami. Va\u0161a cesta za\u010dne vo v\u00fdchodnej \u010dasti n\u00e1mestia Theodora de Banville v Nice. Z n\u00e1mestia je kr\u00e1sne vidie\u0165 mestsk\u00fd pr\u00edstav. Potom p\u00f4jdete rovno do v\u00fd\u0161in. St\u00fapanie m\u00f4\u017ee by\u0165 a\u017e 22 %. T\u00e1to trasa ur\u010dite nie je pre za\u010diato\u010dn\u00edkov, ke\u010f\u017ee prv\u00fdch 15 km skuto\u010dne otestuje va\u0161u silu a vytrvalos\u0165. Aj ke\u010f budete v\u00e4\u010d\u0161inu \u010dasu jazdi\u0165 pri hlavn\u00fdch cest\u00e1ch, prem\u00e1vky sa nemus\u00edte b\u00e1\u0165. \u0160of\u00e9ri s\u00fa v tejto oblasti na cyklistov zvyknut\u00ed a s\u00fa ve\u013emi tolerantn\u00ed. \u010c\u00edm vy\u0161\u0161ie vy\u0161liapete, t\u00fdm kraj\u0161\u00ed budete ma\u0165 v\u00fdh\u013ead. Nezab\u00fadajte v\u0161ak sledova\u0165 aj cestu. <strong>\u010cas na fotky bude, ke\u010f si urob\u00edte oddychov\u00fa prest\u00e1vku.<\/strong><\/p>\n<p style=\"font-weight: 400;\">Po tom, \u010do dosiahnete najvy\u0161\u0161\u00ed bod pri La Turbie, m\u00f4\u017eete sa kocha\u0165 v\u00fdh\u013eadom na Stredozemn\u00e9 more, Monako a Nice. Je skuto\u010dne dychber\u00faci. <strong>Po\u010das 10 km dlh\u00e9ho zostupu budete ma\u0165 panoramatick\u00fd v\u00fdh\u013ead na cel\u00fa krajinu Monaka.<\/strong> Budete ma\u0165 mo\u017enos\u0165 \u00eds\u0165 cez svetozn\u00e1my pr\u00edstav a odtia\u013e budete pokra\u010dova\u0165 popri Cote d\u2019Azur nasp\u00e4\u0165 do Nice.<\/p>\n<p style=\"font-weight: 400;\">T\u00e1to trasa je v skutku ok\u00faz\u013euj\u00faca, ale nie je pre ka\u017ed\u00e9ho. Mus\u00edte by\u0165 na \u0148u v top fyzickej kond\u00edcii. V opa\u010dnom pr\u00edpade bude t\u00e1to cesta pre v\u00e1s pold\u0148ovou no\u010dnou morou.<\/p>\n<h2><strong>Bordeaux \u2013 Chartreuse de Valrose<\/strong><\/h2>\n<figure id=\"attachment_16856\" aria-describedby=\"caption-attachment-16856\" style=\"width: 1000px\" class=\"wp-caption alignnone\"><a href=\"https:\/\/d2p6e6u75xmxt8.cloudfront.net\/4\/2023\/03\/Bordeaux-profimedia-0737123028.webp\"><img loading=\"lazy\" decoding=\"async\" class=\"size-full wp-image-16856\" src=\"https:\/\/d2p6e6u75xmxt8.cloudfront.net\/4\/2023\/03\/Bordeaux-profimedia-0737123028.webp\" alt=\"Bordeaux\" width=\"1000\" height=\"666\" srcset=\"https:\/\/d2p6e6u75xmxt8.cloudfront.net\/4\/2023\/03\/Bordeaux-profimedia-0737123028.webp 1000w, https:\/\/d2p6e6u75xmxt8.cloudfront.net\/4\/2023\/03\/Bordeaux-profimedia-0737123028-300x200.webp 300w, https:\/\/d2p6e6u75xmxt8.cloudfront.net\/4\/2023\/03\/Bordeaux-profimedia-0737123028-768x511.webp 768w, https:\/\/d2p6e6u75xmxt8.cloudfront.net\/4\/2023\/03\/Bordeaux-profimedia-0737123028-400x266.webp 400w, https:\/\/d2p6e6u75xmxt8.cloudfront.net\/4\/2023\/03\/Bordeaux-profimedia-0737123028-272x182.webp 272w\" sizes=\"auto, (max-width: 1000px) 100vw, 1000px\" \/><\/a><figcaption id=\"caption-attachment-16856\" class=\"wp-caption-text\">Na tejto trase si vychutn\u00e1te v\u0161etky k\u00fazla Bordeaux. \u00a9 Profimedia<\/figcaption><\/figure>\n<p style=\"font-weight: 400;\"><strong>Ak ste dos\u0165 hedonistick\u00fd na to, aby ste kombinovali rados\u0165 z cyklistiky s bo\u017esk\u00fdm pote\u0161en\u00edm, ktor\u00fdm je pitie kvalitn\u00e9ho v\u00edna, oblas\u0165 Bordeaux je ako stvoren\u00e1 pre v\u00e1s.<\/strong> V tejto oblasti je hne\u010f nieko\u013eko vzru\u0161uj\u00facich tr\u00e1s, a bez oh\u013eadu na to, ktor\u00fa si vyberiete, si u\u017eijete ve\u013ea z\u00e1bavy. V tomto regi\u00f3ne by ste si v\u0161ak mali vyhradi\u0165 viac \u010dasu na v\u00edno, tak\u017ee krat\u0161ia trasa do <a href=\"https:\/\/www.komoot.com\/smarttour\/10730846?tour_origin=smart_tour_search\" target=\"_blank\" rel=\"noopener\">Chartreuse de Valrose<\/a> s kr\u00e1snymi vinicami bude perfektn\u00e1. T\u00e1to trasa je dlh\u00e1 70 km a zv\u00e4\u010d\u0161a rovinat\u00e1, nast\u00fapate na nej len okolo 370 m. Naj\u0165a\u017e\u0161\u00ed sklon je niekde v polovici cesty (7 %).<\/p>\n<p style=\"font-weight: 400;\">Najsk\u00f4r p\u00f4jdete pribli\u017ene 20 km popri v\u00fdchodnom brehu La Garonne. Potom pri Cambes odbo\u010d\u00edte na severov\u00fdchod a p\u00f4jdete popri ikonickej ceste Les Peupliers. Po\u010das cesty nav\u0161t\u00edvite Piste Roger Lap\u00e9bie a tie\u017e aj Bistrot au bord de la piste Roger Lap\u00e9bie, kde si m\u00f4\u017eete zama\u0161krti\u0165. Nakoniec sa m\u00f4\u017eete zastavi\u0165 v Chartreuse de Valrose. <strong>Okolo tohto ka\u0161tie\u013ea ste pre\u0161li aj na za\u010diatku cesty, ale prech\u00e1dzka v parku, ktor\u00fd patr\u00ed k tomuto s\u00eddlu, bude perfektn\u00fdm z\u00e1verom va\u0161ej cesty sp\u00e4\u0165 do Bordeaux.<\/strong><\/p>\n<p style=\"font-weight: 400;\">T\u00e1to trasa je relat\u00edvne \u013eahk\u00e1, ale ak ste e\u0161te nikdy nejazdili viac ako 50 km, m\u00f4\u017ee by\u0165 pre v\u00e1s ohromuj\u00faca. Ka\u017edop\u00e1dne, ak nebudete tr\u00e1vi\u0165 prive\u013ea \u010dasu foten\u00edm n\u00e1dhernej scen\u00e9rie, mali by ste ju zvl\u00e1dnu\u0165 za pribli\u017ene tri hodiny.<\/p>\n<h2><strong>Alpe d&#8217;Huez<\/strong><\/h2>\n<p style=\"font-weight: 400;\"><a href=\"https:\/\/my.rouvy.com\/virtual-routes\/detail\/93570\">Alpe d&#8217;Huez<\/a> nepotrebuje predstavenie.<strong> Bez poch\u00fdb je to je jedno z najikonickej\u0161\u00edch v\u00fdstupov cel\u00e9ho sveta.<\/strong> S jeho 21 legend\u00e1rnymi serpent\u00ednami je to jedno z naj\u0165a\u017e\u0161\u00edch st\u00fapan\u00ed na Tour de France, a prirodzene, ka\u017ed\u00fd cyklo nad\u0161enec sn\u00edva o prekonan\u00ed tohto vrchu.<\/p>\n<p style=\"font-weight: 400;\">Va\u0161a cesta za\u010dne v malom meste\u010dku Le Bourg d\u2019Oisans, ktor\u00e9 sa nach\u00e1dza hne\u010f pod t\u00fdmto majest\u00e1tnym kopcom. Cel\u00e1 trasa je dlh\u00e1 14.3 km a celkov\u00e9 prev\u00fd\u0161enie je takmer 1.1 km. Prv\u00fd kilometer je relat\u00edvne rovinat\u00fd. Ke\u010f prejdete cez rieku Romanche a dve mal\u00e9 jazierka, za\u010dne sa strm\u00e9 st\u00fapanie, so sklonom 8 %. <strong>Najstrm\u0161ia \u010das\u0165 m\u00e1 14 % sklon, \u010do s\u00edce nie je a\u017e tak \u0161okuj\u00face \u010d\u00edslo, ale st\u00e1le je to drsn\u00fd \u00fasek.<\/strong><\/p>\n<p style=\"font-weight: 400;\">Ak po\u010das tejto mu\u010divej cesty dok\u00e1\u017eete zodvihn\u00fa\u0165 hlavu, budete ma\u0165 neskuto\u010dne n\u00e1dhern\u00fd v\u00fdh\u013ead. <strong>Bohu\u017eia\u013e, t\u00fato cestu je mo\u017en\u00e9 absolvova\u0165 len po\u010das letn\u00fdch mesiacov, nako\u013eko sa nach\u00e1dza v srdci \u00c1lp.<\/strong> Ak sa v\u00e1m nechce tak dlho \u010daka\u0165, bude sa v\u00e1m p\u00e1\u010di\u0165 na\u0161e prekvapenie. K\u00fdm sa tam dostaneme, vedeli ste, \u017ee aktu\u00e1lny rekord je 37:30 min\u00fat a dosiahol ho Stefan Kirchmair? Ak by ste n\u00e1hodou potrebovali nejak\u00fa v\u00fdzvu.<\/p>\n<h2><strong>Mont Ventoux<\/strong><\/h2>\n<figure id=\"attachment_16857\" aria-describedby=\"caption-attachment-16857\" style=\"width: 1000px\" class=\"wp-caption alignnone\"><a href=\"https:\/\/d2p6e6u75xmxt8.cloudfront.net\/4\/2023\/03\/Mont-Ventoux-profimedia-0700211746.webp\"><img loading=\"lazy\" decoding=\"async\" class=\"wp-image-16857 size-full\" src=\"https:\/\/d2p6e6u75xmxt8.cloudfront.net\/4\/2023\/03\/Mont-Ventoux-profimedia-0700211746.webp\" alt=\"Mont Ventoux\" width=\"1000\" height=\"666\" srcset=\"https:\/\/d2p6e6u75xmxt8.cloudfront.net\/4\/2023\/03\/Mont-Ventoux-profimedia-0700211746.webp 1000w, https:\/\/d2p6e6u75xmxt8.cloudfront.net\/4\/2023\/03\/Mont-Ventoux-profimedia-0700211746-300x200.webp 300w, https:\/\/d2p6e6u75xmxt8.cloudfront.net\/4\/2023\/03\/Mont-Ventoux-profimedia-0700211746-768x511.webp 768w, https:\/\/d2p6e6u75xmxt8.cloudfront.net\/4\/2023\/03\/Mont-Ventoux-profimedia-0700211746-400x266.webp 400w, https:\/\/d2p6e6u75xmxt8.cloudfront.net\/4\/2023\/03\/Mont-Ventoux-profimedia-0700211746-272x182.webp 272w\" sizes=\"auto, (max-width: 1000px) 100vw, 1000px\" \/><\/a><figcaption id=\"caption-attachment-16857\" class=\"wp-caption-text\">Mt. Ventoux, tie\u017e prez\u00fdvan\u00fd obor Provensalska, spad\u00e1 do st\u00fapan\u00ed ozna\u010den\u00fdch ako \u201cHC\u201d. Je to skratka pre \u201cHors Cat\u00e9gorie\u201d, \u010do v preklade znamen\u00e1 \u201cned\u00e1 sa kategorizova\u0165\u201d. \u00a9 Profimedia<\/figcaption><\/figure>\n<p style=\"font-weight: 400;\">Ke\u010f u\u017e hovor\u00edme o ikonick\u00fdch st\u00fapaniach, nesmieme zabudn\u00fa\u0165 na naj\u0165a\u017e\u0161ie st\u00fapanie Tour de France: <a href=\"https:\/\/my.rouvy.com\/virtual-routes\/detail\/36341\" target=\"_blank\" rel=\"noopener\">Mount Ventoux<\/a>. T\u00e1to trasa je skuto\u010dn\u00fdm testom fyzickej a ment\u00e1lnej sily ktor\u00e9hoko\u013evek jazdca. <strong>T\u00e1to 17.12 km dlh\u00e1 jazda v\u00e1s prevedie peklom a nazad, a rad\u0161ej by ste sa mali poriadne pripravi\u0165 na to, \u010do v\u00e1s \u010dak\u00e1.<\/strong> Za\u010dnete hne\u010f 5 % st\u00fapan\u00edm. Nepotrv\u00e1 dlho, k\u00fdm bude toto \u010d\u00edslo dvojmiestne a dosiahne a\u017e 19 %.<\/p>\n<p style=\"font-weight: 400;\">Za cel\u00fa cestu nie je ani chv\u00ed\u013ea na oddych, tak\u017ee jazdu si u\u017eijete hlavne v jednocifernom sklone. Ke\u010f pr\u00eddete k pam\u00e4tn\u00edku Toma Simpsona, mali by ste siahnu\u0165 na dno svojej rezervy, ke\u010f\u017ee v\u00e1m odtia\u013e ost\u00e1va u\u017e len jeden kilometer. Bohu\u017eia\u013e je kopec \u010dasto v oblakoch, ale to by nemal by\u0165 probl\u00e9m. Na Mont Ventoux sa nechod\u00ed pre pote\u0161enie z v\u00fdh\u013eadu. Toto je v\u00fdzva a mali by ste ju bra\u0165 pr\u00e1ve tak. Rekordn\u00fd v\u00fdstup na toto mon\u0161trum je tesne pod 50 min\u00fat, tak\u017ee si pripravte bike. Je \u010das prekon\u00e1va\u0165 rekordy!<\/p>\n<div class=\"shortcode-ys-post-pinup\"><article class=\"loop-simple post-16712 post type-post status-publish format-standard has-post-thumbnail hentry category-zabava tag-albansko tag-bicyklovanie tag-cestna-cyklistika tag-cyklisticka-destinacia tag-cyklodovolenka tag-dovolenka tag-europa tag-horska-cyklistika tag-irsko tag-portugalsko tag-slovinsko tag-svajciarsko tag-svet tag-tip-na-vylet tag-vylet\" data-postid=\"16712\" role=\"article\" data-post-id=\"16712\" data-word-count=\"594\" data-headline-length=\"61\" data-category=\"Z\u00e1bava\" data-author=\"Megan Flottorp\" data-published=\"2023-02-07T09:12:37+01:00\" data-published-day=\"Tuesday\">\n    <div class=\"entry-thumbnail article-thumbnail\" content=\"https:\/\/d2p6e6u75xmxt8.cloudfront.net\/4\/2023\/02\/Algarve-Cycling-profimedia-0658090154-CVR-150x150.webp\"><a href=\"https:\/\/www.welovecycling.com\/sk\/2023\/02\/07\/najlepsie-menej-zname-cyklisticke-destinacie-europy-2023\/\" class=\"image-holder\" target=\"_self\"><img decoding=\"async\" loading=\"lazy\" class=\"\" src=\"https:\/\/d2p6e6u75xmxt8.cloudfront.net\/4\/2023\/02\/Algarve-Cycling-profimedia-0658090154-CVR.webp\" srcset=\"https:\/\/d2p6e6u75xmxt8.cloudfront.net\/4\/2023\/02\/Algarve-Cycling-profimedia-0658090154-CVR.webp 990w, https:\/\/d2p6e6u75xmxt8.cloudfront.net\/4\/2023\/02\/Algarve-Cycling-profimedia-0658090154-CVR-300x200.webp 300w, https:\/\/d2p6e6u75xmxt8.cloudfront.net\/4\/2023\/02\/Algarve-Cycling-profimedia-0658090154-CVR-768x512.webp 768w, https:\/\/d2p6e6u75xmxt8.cloudfront.net\/4\/2023\/02\/Algarve-Cycling-profimedia-0658090154-CVR-272x182.webp 272w\" width=\"990\" height=\"660\" sizes=\"auto, (min-width: 1200px) 300px, (min-width: 768px) 25vw, 100vw\" alt=\"najlepsie-menej-zname-cyklisticke-destinacie-europy-2023\"\/><\/a><\/div>    <div class=\"entry-meta\">\n        <a class=\"label label-secondary post-category\" href=\"https:\/\/www.welovecycling.com\/sk\/category\/zabava\/\" title=\"Z\u00e1bava\">Z\u00e1bava<\/a>\n    <\/div>\n    <div class=\"entry-details\">\n        <a href=\"https:\/\/www.welovecycling.com\/sk\/2023\/02\/07\/najlepsie-menej-zname-cyklisticke-destinacie-europy-2023\/\" class='entry-title-wrapper'>\n            <h3 class=\"entry-title\"><span>Najlep\u0161ie menej zn\u00e1me cyklistick\u00e9 destin\u00e1cie Eur\u00f3py 2023<\/span><\/h3>\n        <\/a>\n    <\/div>\n    <\/article>\n<\/div>\n<h2><strong>PREKVAPENIE!<\/strong><\/h2>\n<p style=\"font-weight: 400;\">V\u0161etci dobre pozn\u00e1me chu\u0165 hne\u010f v momente vyrazi\u0165 na bike, no nem\u00f4c\u0165 \u00eds\u0165. Je to frustruj\u00face a demotivuj\u00face, a pravdepodobne si tak\u00fdto v\u00fdlet m\u00f4\u017eeme dovoli\u0165 jeden alebo dvakr\u00e1t za \u017eivot. Alebo tomu tak aspo\u0148 doteraz bolo.<\/p>\n<p style=\"font-weight: 400;\"><strong>Vo We Love Cycling sa v\u00e1m v\u017edy sna\u017e\u00edme pon\u00faknu\u0165 tie najlep\u0161ie miesta na jazdu, a tentokr\u00e1t sme spojili sily s Rouvy, aby sme v\u00e1m splnili va\u0161e sny.<\/strong> Te\u0161\u00edte sa? My \u00e1no.<\/p>\n<p style=\"font-weight: 400;\">\u010co je najd\u00f4le\u017eitej\u0161ie, ak sa v\u00e1m nechce \u010daka\u0165 na leto, alebo si chcete u\u017ei\u0165 ok\u00faz\u013euj\u00face cesty bez toho, aby v\u00e1s to st\u00e1lo tis\u00edce, m\u00f4\u017eete si u\u017ei\u0165 niektor\u00e9 z tr\u00e1s na platforme roz\u0161\u00edrenej reality Rouvy.<\/p>\n<h2><strong>\u010co je Rouvy?<\/strong><\/h2>\n<p style=\"font-weight: 400;\"><strong>Rouvy je aplik\u00e1cia, ktor\u00e1 v\u00e1m umo\u017e\u0148uje tr\u00e9nova\u0165, preteka\u0165 alebo len objavova\u0165 re\u00e1lne trasy z pohodlia v\u00e1\u0161ho domova.<\/strong> Roz\u0161\u00edren\u00e1 realita v\u00e1m umo\u017en\u00ed naplno si u\u017ei\u0165 tie najepickej\u0161ie trasy cel\u00e9ho sveta, bez toho, aby ste vystr\u010dili p\u00e4ty z domu. T\u00e1to platforma pon\u00faka viac ne\u017e 25 000 km ciest zo \u0161iestich kontinentov (nie, bohu\u017eia\u013e si st\u00e1le nem\u00f4\u017eete zajazdi\u0165 po Antarkt\u00edde), na ktor\u00fdch m\u00f4\u017eete jazdi\u0165 sami, tr\u00e9nova\u0165, alebo dokonca preteka\u0165 s va\u0161imi kamar\u00e1tmi. Je to skuto\u010dne druh\u00e1 najlep\u0161ia mo\u017enos\u0165, hne\u010f za bicyklovan\u00edm v skuto\u010dnom svete. T\u00e1to aplik\u00e1cia sa bezprobl\u00e9movo pripoj\u00ed na v\u00e1\u0161 smart trena\u017e\u00e9r, rovnako dobre sa tie\u017e pripoj\u00ed aj k t\u00fdm, ktor\u00e9 nie s\u00fa smart. Pri smart trena\u017e\u00e9ri v\u0161ak automaticky men\u00ed odpor, \u010d\u00edm rob\u00ed cel\u00fd z\u00e1\u017eitok e\u0161te re\u00e1lnej\u0161\u00edm.<\/p>\n<p style=\"font-weight: 400;\">Rouvy je skvel\u00fd sp\u00f4sob, ako tr\u00e9nova\u0165 aj v tom najchladnej\u0161om po\u010das\u00ed. Tak\u017ee, ak sa v\u00e1m nechce \u010daka\u0165 na leto, aby ste si mohli prejs\u0165 p\u00e4\u0165 najlep\u0161\u00edch tr\u00e1s vo Franc\u00fazsku, <a href=\"https:\/\/rouvy.com\/\" target=\"_blank\" rel=\"noopener\">stiahnite si aplik\u00e1ciu<\/a> u\u017e teraz a m\u00f4\u017eete vyrazi\u0165.<\/p>\n<h2><strong>We challenge you to conquer Paris<\/strong><\/h2>\n<figure id=\"attachment_16858\" aria-describedby=\"caption-attachment-16858\" style=\"width: 1040px\" class=\"wp-caption alignnone\"><a href=\"https:\/\/d2p6e6u75xmxt8.cloudfront.net\/4\/2023\/03\/Rouvy-Challenge-2023.webp\"><img loading=\"lazy\" decoding=\"async\" class=\"wp-image-16858 size-full\" src=\"https:\/\/d2p6e6u75xmxt8.cloudfront.net\/4\/2023\/03\/Rouvy-Challenge-2023.webp\" alt=\"Rouvy Challenge Paris Route\" width=\"1040\" height=\"585\" srcset=\"https:\/\/d2p6e6u75xmxt8.cloudfront.net\/4\/2023\/03\/Rouvy-Challenge-2023.webp 1040w, https:\/\/d2p6e6u75xmxt8.cloudfront.net\/4\/2023\/03\/Rouvy-Challenge-2023-300x169.webp 300w, https:\/\/d2p6e6u75xmxt8.cloudfront.net\/4\/2023\/03\/Rouvy-Challenge-2023-1024x576.webp 1024w, https:\/\/d2p6e6u75xmxt8.cloudfront.net\/4\/2023\/03\/Rouvy-Challenge-2023-768x432.webp 768w, https:\/\/d2p6e6u75xmxt8.cloudfront.net\/4\/2023\/03\/Rouvy-Challenge-2023-400x225.webp 400w\" sizes=\"auto, (max-width: 1040px) 100vw, 1040px\" \/><\/a><figcaption id=\"caption-attachment-16858\" class=\"wp-caption-text\">Pr\u00edjmete na\u0161u v\u00fdzvu?<\/figcaption><\/figure>\n<p style=\"font-weight: 400;\"><strong>Ke\u010f\u017ee sme chceli osl\u00e1vi\u0165 na\u0161u spolupr\u00e1cu sp\u00f4sobom, ktor\u00fd m\u00e1me najrad\u0161ej, rozhodli sme sa pripravi\u0165 pre na\u0161ich \u010ditate\u013eov v\u00fdzvu.<\/strong> \u010co na \u0148u poviete? Na\u0161a v\u00fdzva v\u00e1s vezme na r\u00fdchly v\u00fdlet po hlavnom meste Franc\u00fazska. V Par\u00ed\u017ei je hne\u010f nieko\u013eko ikonick\u00fdch tr\u00e1s, ale \u017eiadna nie je tak ikonick\u00e1 ako <a href=\"https:\/\/my.rouvy.com\/virtual-routes\/detail\/80436\" target=\"_blank\" rel=\"noopener\">\u201cMesto l\u00e1sky\u201d<\/a>. P\u00f4jdete na kr\u00e1tky v\u00fdlet hlavn\u00fdm mestom a uvid\u00edte v\u0161etky pamiatky. Najsk\u00f4r za\u010dnete cestou priamo k Eiffelovej ve\u017ei. Potom p\u00f4jdete popri Seine a\u017e do ikonickej katedr\u00e1ly Notre-Dame de Paris. Po ceste p\u00f4jdete okolo Louvre, a cestu ukon\u010d\u00edte tak, ako v\u0161etky legendy Tour de France, na Champs Elysees, pri V\u00ed\u0165aznom obl\u00faku Arc de Triomphe.<\/p>\n<p style=\"font-weight: 400;\"><strong>T\u00e1to 11 km dlh\u00e1 trasa v\u00e1m zaberie 15-20 min\u00fat. Pripravte sa v\u0161ak na neskuto\u010dne kr\u00e1snu roz\u0161\u00edren\u00fa realitu, ktor\u00e1 v\u00e1s teleportuje priamo do srdca Par\u00ed\u017ea.<\/strong> Dobrou spr\u00e1vou je, \u017ee t\u00fato trasu m\u00f4\u017eete prech\u00e1dza\u0165 to\u013ekokr\u00e1t, ko\u013eko len budete chcie\u0165. Tak\u017ee si najsk\u00f4r vychutnajte pamiatky a v\u0161etku energiu dajte a\u017e do jazdy pri Champs Elysees, ako nespo\u010detne ve\u013ea legiend pred vami. Ste pripraven\u00fd na t\u00fato v\u00fdzvu?<\/p>\n","protected":false},"excerpt":{"rendered":"<p>Ach, Franc\u00fazsko, krajina l\u00e1sky, v\u00edna a aromatick\u00fdch syrov. A cyklistiky\u2026 nezabudnime na cyklistiku. Hovor\u00ed v\u00e1m nie\u010do t\u00e1 ka\u017edoro\u010dn\u00e1 akcia Tour [&hellip;]<\/p>\n","protected":false},"author":172,"featured_media":16860,"comment_status":"open","ping_status":"open","sticky":false,"template":"","format":"standard","meta":{"footnotes":""},"categories":[4],"tags":[1073,115,916,917,306,566,767,1471,1218,741,20],"global-categories":[],"class_list":["post-16854","post","type-post","status-publish","format-standard","has-post-thumbnail","hentry","category-cestna-cyklisitika","tag-alpy","tag-cestna-cyklistika","tag-cyklisticka-destinacia","tag-destinacia","tag-francuzsko","tag-leto","tag-motivacia","tag-okolo-alp","tag-rouvy","tag-tip-na-vylet","tag-tour-de-france"],"yoast_head":"<!-- This site is optimized with the Yoast SEO Premium plugin v25.3 (Yoast SEO v25.9) - https:\/\/yoast.com\/wordpress\/plugins\/seo\/ -->\n<title>5 naj cyklotr\u00e1s vo Franc\u00fazsku - \u0160koda We Love Cycling Slovensko<\/title>\n<meta name=\"description\" content=\"Prem\u00fd\u0161\u013eate o v\u00fdlete do Franc\u00fazska? Toto je p\u00e4t naj cyklotr\u00e1s, ktor\u00e9 si jednoducho mus\u00edte vo Franc\u00fazsku prejs\u0165.\" \/>\n<meta name=\"robots\" content=\"index, follow, max-snippet:-1, max-image-preview:large, max-video-preview:-1\" \/>\n<link rel=\"canonical\" href=\"https:\/\/www.welovecycling.com\/sk\/2023\/04\/20\/5-naj-cyklotras-vo-francuzsku\/\" \/>\n<meta property=\"og:locale\" content=\"sk_SK\" \/>\n<meta property=\"og:type\" content=\"article\" \/>\n<meta property=\"og:title\" content=\"5 naj cyklotr\u00e1s vo Franc\u00fazsku\" \/>\n<meta property=\"og:description\" content=\"Prem\u00fd\u0161\u013eate o v\u00fdlete do Franc\u00fazska? Toto je p\u00e4t naj cyklotr\u00e1s, ktor\u00e9 si jednoducho mus\u00edte vo Franc\u00fazsku prejs\u0165.\" \/>\n<meta property=\"og:url\" content=\"https:\/\/www.welovecycling.com\/sk\/2023\/04\/20\/5-naj-cyklotras-vo-francuzsku\/\" \/>\n<meta property=\"og:site_name\" content=\"\u0160koda We Love Cycling Slovensko\" \/>\n<meta property=\"article:published_time\" content=\"2023-04-20T10:09:13+00:00\" \/>\n<meta property=\"article:modified_time\" content=\"2023-04-20T10:23:45+00:00\" \/>\n<meta property=\"og:image\" content=\"https:\/\/d2p6e6u75xmxt8.cloudfront.net\/4\/2023\/03\/Mont-Ventoux-profimedia-0720389188-CVR.webp\" \/>\n\t<meta property=\"og:image:width\" content=\"990\" \/>\n\t<meta property=\"og:image:height\" content=\"660\" \/>\n\t<meta property=\"og:image:type\" content=\"image\/webp\" \/>\n<meta name=\"author\" content=\"dominika\" \/>\n<meta name=\"twitter:card\" content=\"summary_large_image\" \/>\n<meta name=\"twitter:label1\" content=\"Written by\" \/>\n\t<meta name=\"twitter:data1\" content=\"Megan Flottorp\" \/>\n\t<meta name=\"twitter:label2\" content=\"Est. reading time\" \/>\n\t<meta name=\"twitter:data2\" content=\"6\" \/>\n<script type=\"application\/ld+json\" class=\"yoast-schema-graph\">{\"@context\":\"https:\/\/schema.org\",\"@graph\":[{\"@type\":\"WebPage\",\"@id\":\"https:\/\/www.welovecycling.com\/sk\/2023\/04\/20\/5-naj-cyklotras-vo-francuzsku\/\",\"url\":\"https:\/\/www.welovecycling.com\/sk\/2023\/04\/20\/5-naj-cyklotras-vo-francuzsku\/\",\"name\":\"5 naj cyklotr\u00e1s vo Franc\u00fazsku - \u0160koda We Love Cycling Slovensko\",\"isPartOf\":{\"@id\":\"https:\/\/www.welovecycling.com\/sk\/#website\"},\"primaryImageOfPage\":{\"@id\":\"https:\/\/www.welovecycling.com\/sk\/2023\/04\/20\/5-naj-cyklotras-vo-francuzsku\/#primaryimage\"},\"image\":{\"@id\":\"https:\/\/www.welovecycling.com\/sk\/2023\/04\/20\/5-naj-cyklotras-vo-francuzsku\/#primaryimage\"},\"thumbnailUrl\":\"https:\/\/d2p6e6u75xmxt8.cloudfront.net\/4\/2023\/03\/Mont-Ventoux-profimedia-0720389188-CVR.webp\",\"datePublished\":\"2023-04-20T10:09:13+00:00\",\"dateModified\":\"2023-04-20T10:23:45+00:00\",\"author\":{\"@id\":\"https:\/\/www.welovecycling.com\/sk\/#\/schema\/person\/533b62b98b6c41bd5135ebfb1f742624\"},\"description\":\"Prem\u00fd\u0161\u013eate o v\u00fdlete do Franc\u00fazska? Toto je p\u00e4t naj cyklotr\u00e1s, ktor\u00e9 si jednoducho mus\u00edte vo Franc\u00fazsku prejs\u0165.\",\"breadcrumb\":{\"@id\":\"https:\/\/www.welovecycling.com\/sk\/2023\/04\/20\/5-naj-cyklotras-vo-francuzsku\/#breadcrumb\"},\"inLanguage\":\"sk-SK\",\"potentialAction\":[{\"@type\":\"ReadAction\",\"target\":[\"https:\/\/www.welovecycling.com\/sk\/2023\/04\/20\/5-naj-cyklotras-vo-francuzsku\/\"]}]},{\"@type\":\"ImageObject\",\"inLanguage\":\"sk-SK\",\"@id\":\"https:\/\/www.welovecycling.com\/sk\/2023\/04\/20\/5-naj-cyklotras-vo-francuzsku\/#primaryimage\",\"url\":\"https:\/\/d2p6e6u75xmxt8.cloudfront.net\/4\/2023\/03\/Mont-Ventoux-profimedia-0720389188-CVR.webp\",\"contentUrl\":\"https:\/\/d2p6e6u75xmxt8.cloudfront.net\/4\/2023\/03\/Mont-Ventoux-profimedia-0720389188-CVR.webp\",\"width\":990,\"height\":660,\"caption\":\"Mont Ventoux\"},{\"@type\":\"BreadcrumbList\",\"@id\":\"https:\/\/www.welovecycling.com\/sk\/2023\/04\/20\/5-naj-cyklotras-vo-francuzsku\/#breadcrumb\",\"itemListElement\":[{\"@type\":\"ListItem\",\"position\":1,\"name\":\"Home\",\"item\":\"https:\/\/www.welovecycling.com\/sk\/\"},{\"@type\":\"ListItem\",\"position\":2,\"name\":\"5 naj cyklotr\u00e1s vo Franc\u00fazsku\"}]},{\"@type\":\"WebSite\",\"@id\":\"https:\/\/www.welovecycling.com\/sk\/#website\",\"url\":\"https:\/\/www.welovecycling.com\/sk\/\",\"name\":\"\u0160koda We Love Cycling Slovensko\",\"description\":\"\u0160koda We Love Cycling Slovensko je v\u00e1\u0161 ka\u017edodenn\u00fd zdroj noviniek a in\u0161pir\u00e1cie z sveta cyklistiky\",\"potentialAction\":[{\"@type\":\"SearchAction\",\"target\":{\"@type\":\"EntryPoint\",\"urlTemplate\":\"https:\/\/www.welovecycling.com\/sk\/?s={search_term_string}\"},\"query-input\":{\"@type\":\"PropertyValueSpecification\",\"valueRequired\":true,\"valueName\":\"search_term_string\"}}],\"inLanguage\":\"sk-SK\"},{\"@type\":\"Person\",\"@id\":\"https:\/\/www.welovecycling.com\/sk\/#\/schema\/person\/533b62b98b6c41bd5135ebfb1f742624\",\"name\":\"dominika\",\"image\":{\"@type\":\"ImageObject\",\"inLanguage\":\"sk-SK\",\"@id\":\"https:\/\/www.welovecycling.com\/sk\/#\/schema\/person\/image\/\",\"url\":\"https:\/\/secure.gravatar.com\/avatar\/ded6f274ba2ec3e17fff153f7d9d96a4b33c2cb63907f75d9a5309c599a7f3e6?s=96&d=mm&r=g\",\"contentUrl\":\"https:\/\/secure.gravatar.com\/avatar\/ded6f274ba2ec3e17fff153f7d9d96a4b33c2cb63907f75d9a5309c599a7f3e6?s=96&d=mm&r=g\",\"caption\":\"dominika\"},\"url\":\"https:\/\/www.welovecycling.com\/sk\/author\/dominika\/\"}]}<\/script>\n<!-- \/ Yoast SEO Premium plugin. -->","yoast_head_json":{"title":"5 naj cyklotr\u00e1s vo Franc\u00fazsku - \u0160koda We Love Cycling Slovensko","description":"Prem\u00fd\u0161\u013eate o v\u00fdlete do Franc\u00fazska? Toto je p\u00e4t naj cyklotr\u00e1s, ktor\u00e9 si jednoducho mus\u00edte vo Franc\u00fazsku prejs\u0165.","robots":{"index":"index","follow":"follow","max-snippet":"max-snippet:-1","max-image-preview":"max-image-preview:large","max-video-preview":"max-video-preview:-1"},"canonical":"https:\/\/www.welovecycling.com\/sk\/2023\/04\/20\/5-naj-cyklotras-vo-francuzsku\/","og_locale":"sk_SK","og_type":"article","og_title":"5 naj cyklotr\u00e1s vo Franc\u00fazsku","og_description":"Prem\u00fd\u0161\u013eate o v\u00fdlete do Franc\u00fazska? Toto je p\u00e4t naj cyklotr\u00e1s, ktor\u00e9 si jednoducho mus\u00edte vo Franc\u00fazsku prejs\u0165.","og_url":"https:\/\/www.welovecycling.com\/sk\/2023\/04\/20\/5-naj-cyklotras-vo-francuzsku\/","og_site_name":"\u0160koda We Love Cycling Slovensko","article_published_time":"2023-04-20T10:09:13+00:00","article_modified_time":"2023-04-20T10:23:45+00:00","og_image":[{"width":990,"height":660,"url":"https:\/\/d2p6e6u75xmxt8.cloudfront.net\/4\/2023\/03\/Mont-Ventoux-profimedia-0720389188-CVR.webp","type":"image\/webp"}],"author":"dominika","twitter_card":"summary_large_image","twitter_misc":{"Written by":"Megan Flottorp","Est. reading time":"6"},"schema":{"@context":"https:\/\/schema.org","@graph":[{"@type":"WebPage","@id":"https:\/\/www.welovecycling.com\/sk\/2023\/04\/20\/5-naj-cyklotras-vo-francuzsku\/","url":"https:\/\/www.welovecycling.com\/sk\/2023\/04\/20\/5-naj-cyklotras-vo-francuzsku\/","name":"5 naj cyklotr\u00e1s vo Franc\u00fazsku - \u0160koda We Love Cycling Slovensko","isPartOf":{"@id":"https:\/\/www.welovecycling.com\/sk\/#website"},"primaryImageOfPage":{"@id":"https:\/\/www.welovecycling.com\/sk\/2023\/04\/20\/5-naj-cyklotras-vo-francuzsku\/#primaryimage"},"image":{"@id":"https:\/\/www.welovecycling.com\/sk\/2023\/04\/20\/5-naj-cyklotras-vo-francuzsku\/#primaryimage"},"thumbnailUrl":"https:\/\/d2p6e6u75xmxt8.cloudfront.net\/4\/2023\/03\/Mont-Ventoux-profimedia-0720389188-CVR.webp","datePublished":"2023-04-20T10:09:13+00:00","dateModified":"2023-04-20T10:23:45+00:00","author":{"@id":"https:\/\/www.welovecycling.com\/sk\/#\/schema\/person\/533b62b98b6c41bd5135ebfb1f742624"},"description":"Prem\u00fd\u0161\u013eate o v\u00fdlete do Franc\u00fazska? Toto je p\u00e4t naj cyklotr\u00e1s, ktor\u00e9 si jednoducho mus\u00edte vo Franc\u00fazsku prejs\u0165.","breadcrumb":{"@id":"https:\/\/www.welovecycling.com\/sk\/2023\/04\/20\/5-naj-cyklotras-vo-francuzsku\/#breadcrumb"},"inLanguage":"sk-SK","potentialAction":[{"@type":"ReadAction","target":["https:\/\/www.welovecycling.com\/sk\/2023\/04\/20\/5-naj-cyklotras-vo-francuzsku\/"]}]},{"@type":"ImageObject","inLanguage":"sk-SK","@id":"https:\/\/www.welovecycling.com\/sk\/2023\/04\/20\/5-naj-cyklotras-vo-francuzsku\/#primaryimage","url":"https:\/\/d2p6e6u75xmxt8.cloudfront.net\/4\/2023\/03\/Mont-Ventoux-profimedia-0720389188-CVR.webp","contentUrl":"https:\/\/d2p6e6u75xmxt8.cloudfront.net\/4\/2023\/03\/Mont-Ventoux-profimedia-0720389188-CVR.webp","width":990,"height":660,"caption":"Mont Ventoux"},{"@type":"BreadcrumbList","@id":"https:\/\/www.welovecycling.com\/sk\/2023\/04\/20\/5-naj-cyklotras-vo-francuzsku\/#breadcrumb","itemListElement":[{"@type":"ListItem","position":1,"name":"Home","item":"https:\/\/www.welovecycling.com\/sk\/"},{"@type":"ListItem","position":2,"name":"5 naj cyklotr\u00e1s vo Franc\u00fazsku"}]},{"@type":"WebSite","@id":"https:\/\/www.welovecycling.com\/sk\/#website","url":"https:\/\/www.welovecycling.com\/sk\/","name":"\u0160koda We Love Cycling Slovensko","description":"\u0160koda We Love Cycling Slovensko je v\u00e1\u0161 ka\u017edodenn\u00fd zdroj noviniek a in\u0161pir\u00e1cie z sveta cyklistiky","potentialAction":[{"@type":"SearchAction","target":{"@type":"EntryPoint","urlTemplate":"https:\/\/www.welovecycling.com\/sk\/?s={search_term_string}"},"query-input":{"@type":"PropertyValueSpecification","valueRequired":true,"valueName":"search_term_string"}}],"inLanguage":"sk-SK"},{"@type":"Person","@id":"https:\/\/www.welovecycling.com\/sk\/#\/schema\/person\/533b62b98b6c41bd5135ebfb1f742624","name":"dominika","image":{"@type":"ImageObject","inLanguage":"sk-SK","@id":"https:\/\/www.welovecycling.com\/sk\/#\/schema\/person\/image\/","url":"https:\/\/secure.gravatar.com\/avatar\/ded6f274ba2ec3e17fff153f7d9d96a4b33c2cb63907f75d9a5309c599a7f3e6?s=96&d=mm&r=g","contentUrl":"https:\/\/secure.gravatar.com\/avatar\/ded6f274ba2ec3e17fff153f7d9d96a4b33c2cb63907f75d9a5309c599a7f3e6?s=96&d=mm&r=g","caption":"dominika"},"url":"https:\/\/www.welovecycling.com\/sk\/author\/dominika\/"}]}},"_links":{"self":[{"href":"https:\/\/www.welovecycling.com\/sk\/wp-json\/wp\/v2\/posts\/16854","targetHints":{"allow":["GET"]}}],"collection":[{"href":"https:\/\/www.welovecycling.com\/sk\/wp-json\/wp\/v2\/posts"}],"about":[{"href":"https:\/\/www.welovecycling.com\/sk\/wp-json\/wp\/v2\/types\/post"}],"author":[{"embeddable":true,"href":"https:\/\/www.welovecycling.com\/sk\/wp-json\/wp\/v2\/users\/172"}],"replies":[{"embeddable":true,"href":"https:\/\/www.welovecycling.com\/sk\/wp-json\/wp\/v2\/comments?post=16854"}],"version-history":[{"count":8,"href":"https:\/\/www.welovecycling.com\/sk\/wp-json\/wp\/v2\/posts\/16854\/revisions"}],"predecessor-version":[{"id":17202,"href":"https:\/\/www.welovecycling.com\/sk\/wp-json\/wp\/v2\/posts\/16854\/revisions\/17202"}],"wp:featuredmedia":[{"embeddable":true,"href":"https:\/\/www.welovecycling.com\/sk\/wp-json\/wp\/v2\/media\/16860"}],"wp:attachment":[{"href":"https:\/\/www.welovecycling.com\/sk\/wp-json\/wp\/v2\/media?parent=16854"}],"wp:term":[{"taxonomy":"category","embeddable":true,"href":"https:\/\/www.welovecycling.com\/sk\/wp-json\/wp\/v2\/categories?post=16854"},{"taxonomy":"post_tag","embeddable":true,"href":"https:\/\/www.welovecycling.com\/sk\/wp-json\/wp\/v2\/tags?post=16854"},{"taxonomy":"global-categories","embeddable":true,"href":"https:\/\/www.welovecycling.com\/sk\/wp-json\/wp\/v2\/global-categories?post=16854"}],"curies":[{"name":"wp","href":"https:\/\/api.w.org\/{rel}","templated":true}]}}