{"id":16838,"date":"2023-03-13T13:00:32","date_gmt":"2023-03-13T12:00:32","guid":{"rendered":"https:\/\/www.welovecycling.com\/sk\/?p=16838"},"modified":"2023-05-30T12:19:58","modified_gmt":"2023-05-30T10:19:58","slug":"skoda-bike-open-tour-2023-oslavuje-spolu-s-vami","status":"publish","type":"post","link":"https:\/\/www.welovecycling.com\/sk\/2023\/03\/13\/skoda-bike-open-tour-2023-oslavuje-spolu-s-vami\/","title":{"rendered":"\u0160koda Bike Open Tour 2023 oslavuje spolu s vami"},"content":{"rendered":"<p><strong>Tohtoro\u010dn\u00e1 s\u00e9ria \u0160koda Bike Open Tour bude ve\u013ekolep\u00e1. A viete pre\u010do? Lebo oslavuje 10. v\u00fdro\u010die. A ke\u010f sa oslavuje, bude z toho ma\u0165 nie\u010do ka\u017ed\u00fd. Pripravujeme ve\u013ea zauj\u00edmavost\u00ed, prekvapen\u00ed ale aj nieko\u013eko rozhovorov \u010di u\u017e s organiz\u00e1tormi jednotliv\u00fdch k\u00f4l, pretek\u00e1rmi a mo\u017eno sa n\u00e1m podar\u00ed spravi\u0165 rozhovor aj s nejakou zn\u00e1mou osobnos\u0165ou. <\/strong><!--more--><\/p>\n<p>O v\u0161etkom v\u00e1s budeme informova\u0165 na tejto str\u00e1nke ale aj na na\u0161ich soci\u00e1lnych sie\u0165ach. <strong>Na za\u010diatok v\u00e1m predstav\u00edme na\u0161ich ambas\u00e1dorov, ktor\u00ed v\u00e1s preved\u00fa celou s\u00e9riou marat\u00f3nov 2023.<\/strong> V\u0161etko zauj\u00edmav\u00ed \u013eudia s l\u00e1skou k \u0161portu, hor\u00e1m a pohybu na \u010derstvom vzduchu.<\/p>\n<h2><strong>BAJKERKY<\/strong><\/h2>\n<p>T\u00e1to <a href=\"https:\/\/www.instagram.com\/bajkerky\/?utm_source=ig_embed&amp;ig_rid=aff97c61-647f-43b6-893d-49dc77afa092\" target=\"_blank\" rel=\"noopener\">komunita cyklistiek<\/a> je pre \u00fa\u010dastn\u00edkov minul\u00e9ho ro\u010dn\u00edka zn\u00e1ma. Ich domovsk\u00e9 traily s\u00fa v Karpatoch, ale akt\u00edvne sa z\u00fa\u010dast\u0148uj\u00fa r\u00f4znych marat\u00f3nov a nebud\u00fa ch\u00fdba\u0165 ani na jednotliv\u00fdch kol\u00e1ch celej s\u00e9rie \u0160BOT. Ak sa chcete o nich dozvedie\u0165 viac, robili sme na na\u0161ich str\u00e1nkach u\u017e s nimi <a href=\"https:\/\/www.welovecycling.com\/sk\/2022\/09\/28\/skoda-bike-open-tour-2022-a-bajkerky-krasky-slovenska-pokope\/\" target=\"_blank\" rel=\"noopener\">rozhovor<\/a>.<strong> To, \u017ee ich jazdenie spolu bav\u00ed a myslia to v\u00e1\u017ene, potvrdili na jese\u0148 nov\u00fdmi dresmi, v\u010faka ktor\u00fdm ich tento rok na \u0160BOT ur\u010dite neprehliadnete.<\/strong><\/p>\n<p><a href=\"https:\/\/www.instagram.com\/p\/CktPJyOqX-S\/\">https:\/\/www.instagram.com\/p\/CktPJyOqX-S\/<\/a><\/p>\n<h2><strong>Michal Domonko\u0161<\/strong><\/h2>\n<p><a href=\"https:\/\/www.instagram.com\/michaldomonkos\/?utm_source=ig_embed&amp;ig_rid=1a6bd057-90e7-4876-baad-c1087979a500\" target=\"_blank\" rel=\"noopener\">Dabingov\u00fd herec<\/a>, ktor\u00fd prepo\u017ei\u010dal svoj hlas napr\u00edklad Dracovi Malfoyovi v slovenskej verzii Harryho Pottera. <strong>Jeho okruh \u010dinnost\u00ed je v\u0161ak ove\u013ea \u0161ir\u0161\u00ed a okrem dabingu sa venuje aj herectvu, re\u017e\u00edruje filmy a seri\u00e1ly, m\u00e1 svoju vlastn\u00fa talkshow, moderuje akcie a dokonca si ho m\u00f4\u017eete pozva\u0165 aj ako starej\u0161ieho na svadbu.<\/strong> Aby toho nebolo m\u00e1lo, Michal je aj v\u00e1\u0161niv\u00fd cyklista a budete ma\u0165 pr\u00edle\u017eitos\u0165 sledova\u0165 jeho \u0161portov\u00e9 \u00faspechy na jednotliv\u00fdch marat\u00f3noch \u0160BOT a stretn\u00fa\u0165 sa s n\u00edm osobne.<\/p>\n<p><a href=\"https:\/\/www.instagram.com\/p\/CpQhVY_qFYP\/\">https:\/\/www.instagram.com\/p\/CpQhVY_qFYP\/<\/a><\/p>\n<h2><strong>Denisa Dubovsk\u00e1 <\/strong><\/h2>\n<p><a href=\"https:\/\/www.instagram.com\/mywaymtb\/?utm_source=ig_embed&amp;ig_rid=56a6a65e-7d43-4122-81da-1ecb3b65435a\" target=\"_blank\" rel=\"noopener\">Denisa Dubovsk\u00e1<\/a> je \u010dlenkou zdru\u017eenia BAJKERKY a <strong>tento rok si dala novoro\u010dn\u00e9 predsavzatie, \u017ee najazd\u00ed 10 tis\u00edc kilometrov na bicykli a odbehne polmarat\u00f3n.<\/strong> Okrem toho je tento rok odhodlan\u00e1 na \u0160BOT dosiahnu\u0165 p\u00f3dium, ktor\u00e9 jej minul\u00fd rok u\u0161lo skuto\u010dne tesne \u2013 skon\u010dila na \u0161tvrtom mieste. Bude zauj\u00edmav\u00e9 sledova\u0165 jej \u00faspechy po\u010das jednotliv\u00fdch k\u00f4l. Zimn\u00fa pr\u00edpravu nezanedbala a okrem behu a turistiky sa z\u00fa\u010dastnila napr\u00edklad aj Stupava Winter Trophy.<\/p>\n<p><a href=\"https:\/\/www.instagram.com\/p\/CoISdymrWzh\/\">https:\/\/www.instagram.com\/p\/CoISdymrWzh\/<\/a><\/p>\n<h2><strong>Katar\u00edna Gre\u0161ov\u00e1 <\/strong><\/h2>\n<p><strong>To, \u017ee \u0160KODA BIKE OPEN TOUR nie je ur\u010den\u00e1 len pre natr\u00e9novan\u00fdch cyklistov, ale aj pre rodiny s de\u0165mi, potvrdzuje napr\u00edklad ob\u013e\u00faben\u00e1 kateg\u00f3ria \u0160KODA FAMILY, ktorej sa ka\u017edoro\u010dne z\u00fa\u010dast\u0148uj\u00fa rodi\u010dia spolu s de\u0165mi.<\/strong> No a Katka je mama dvoch det\u00ed, ktor\u00e1 miluje pohyb na \u010derstvom vzduchu a na svojom <a href=\"https:\/\/www.instagram.com\/katkaadventures\/?utm_source=ig_embed&amp;ig_rid=c3185a1b-1389-48c4-b48b-8f33fb2fb805\" target=\"_blank\" rel=\"noopener\">Instagramovom profile<\/a> s \u00faspechom prezentuje, ako tr\u00e1via svoj vo\u013en\u00fd \u010das. \u010ci je mraziv\u00e9 po\u010dasie alebo hor\u00face leto, ni\u010d ju neodrad\u00ed, aby s de\u0165mi vyrazila do pr\u00edrody. Tak\u017ee m\u00f4\u017eeme sa te\u0161i\u0165 na ich z\u00e1\u017eitky po\u010das jednotliv\u00fdch k\u00f4l, ur\u010dite pre n\u00e1s objavia zauj\u00edmav\u00e9 miesta.<\/p>\n<p><a href=\"https:\/\/www.instagram.com\/p\/CfMcyqbMzM2\/\">https:\/\/www.instagram.com\/p\/CfMcyqbMzM2\/<\/a><\/p>\n<div class=\"shortcode-ys-post-pinup\"><article class=\"loop-simple post-16005 post type-post status-publish format-standard has-post-thumbnail hentry category-sbot tag-akcia tag-ekologia tag-horska-cyklistika tag-maraton tag-motivacia tag-mtb tag-podujatia tag-pozvanka tag-preteky tag-sezona-2023 tag-skoda tag-skoda-auto tag-sbot tag-skoda-dedina tag-zabava global-categories-cycling\" data-postid=\"16005\" role=\"article\" data-post-id=\"16005\" data-word-count=\"167\" data-headline-length=\"49\" data-category=\"\u0160koda Bike Open Tour\" data-global-category=\"Cycling\" data-author=\"WeLoveCycling\" data-published=\"2022-11-23T10:00:03+01:00\" data-published-day=\"Wednesday\">\n    <div class=\"entry-thumbnail article-thumbnail\" content=\"https:\/\/d2p6e6u75xmxt8.cloudfront.net\/4\/2022\/10\/SBOT_2023_03-150x150.webp\"><a href=\"https:\/\/www.welovecycling.com\/sk\/2022\/11\/23\/skoda-bike-open-tour-2023-terminy-a-miesta\/\" class=\"image-holder\" target=\"_self\"><img decoding=\"async\" loading=\"lazy\" class=\"\" src=\"https:\/\/d2p6e6u75xmxt8.cloudfront.net\/4\/2022\/10\/SBOT_2023_03.webp\" srcset=\"https:\/\/d2p6e6u75xmxt8.cloudfront.net\/4\/2022\/10\/SBOT_2023_03.webp 990w, https:\/\/d2p6e6u75xmxt8.cloudfront.net\/4\/2022\/10\/SBOT_2023_03-300x200.webp 300w, https:\/\/d2p6e6u75xmxt8.cloudfront.net\/4\/2022\/10\/SBOT_2023_03-768x512.webp 768w, https:\/\/d2p6e6u75xmxt8.cloudfront.net\/4\/2022\/10\/SBOT_2023_03-272x182.webp 272w\" width=\"990\" height=\"660\" sizes=\"auto, (min-width: 1200px) 300px, (min-width: 768px) 25vw, 100vw\" alt=\"skoda-bike-open-tour-2023-terminy-a-miesta\"\/><\/a><\/div>    <div class=\"entry-meta\">\n        <a class=\"label label-secondary post-category\" href=\"https:\/\/www.welovecycling.com\/sk\/category\/sbot\/\" title=\"\u0160koda Bike Open Tour\">\u0160koda Bike Open Tour<\/a>\n    <\/div>\n    <div class=\"entry-details\">\n        <a href=\"https:\/\/www.welovecycling.com\/sk\/2022\/11\/23\/skoda-bike-open-tour-2023-terminy-a-miesta\/\" class='entry-title-wrapper'>\n            <h3 class=\"entry-title\"><span>\u0160koda BIKE OPEN TOUR 2023 \u2013 term\u00edny a\u00a0miesta<\/span><\/h3>\n        <\/a>\n    <\/div>\n    <\/article>\n<\/div>\n<h2><strong>Erik Horv\u00e1th<\/strong><\/h2>\n<p>Cyklistika, hory, cestovanie &#8211; to s\u00fa l\u00e1sky, ktor\u00fdm <a href=\"https:\/\/www.instagram.com\/erino_h\/?utm_source=ig_embed&amp;ig_rid=51e5fe1a-343a-4039-acf3-7673e761422c\" target=\"_blank\" rel=\"noopener\">Erik <\/a>pod\u013eahol u\u017e pred rokmi. Jeho n\u00e1zor je, \u017ee bez oh\u013eadu na to, \u010do sa deje dole vo svete, pr\u00edroda mu pon\u00fakne v\u017edy v\u00fdborne \u00fato\u010disko na vy\u010distenie mysle. <strong>Zimn\u00fa pr\u00edpravu nezanedbal, \u010di u\u017e to bol skialp na Lomnickom sedle, turistika vo Ve\u013ekej Fatre alebo n\u00e1v\u0161teva Dolomitov.<\/strong> Ka\u017edop\u00e1dne je pripraven\u00fd tohtoro\u010dn\u00e9 10. v\u00fdro\u010die \u0160BOT osl\u00e1vi\u0165 naplno a zajazdi\u0165 tie najlep\u0161ie \u010dasy.<\/p>\n<p><a href=\"https:\/\/www.instagram.com\/p\/Cm2BgMgruGi\/\">https:\/\/www.instagram.com\/p\/Cm2BgMgruGi\/<\/a><\/p>\n<p><strong>Sta\u0148te sa aj vy s\u00fa\u010das\u0165ou t\u00fdchto osl\u00e1v cyklistiky a pr\u00ed\u010fte preteka\u0165 a zmera\u0165 si sily s ostatn\u00fdmi.<\/strong> Ako vid\u00edte, s\u00e9ria \u0160BOT je naozaj pre ka\u017ed\u00e9ho. A ak sa rozhodnete pr\u00eds\u0165 ako fan\u00fa\u0161ikovia cyklistiky a podpori\u0165 pretek\u00e1rov, takisto urob\u00edte dobre, preto\u017ee za\u017eijete neopakovate\u013en\u00fa atmosf\u00e9ru. Te\u0161\u00edme sa na spolo\u010dn\u00e9 z\u00e1\u017eitky!<\/p>\n","protected":false},"excerpt":{"rendered":"<p>Tohtoro\u010dn\u00e1 s\u00e9ria \u0160koda Bike Open Tour bude ve\u013ekolep\u00e1. A viete pre\u010do? Lebo oslavuje 10. v\u00fdro\u010die. A ke\u010f sa oslavuje, bude [&hellip;]<\/p>\n","protected":false},"author":172,"featured_media":16844,"comment_status":"open","ping_status":"open","sticky":false,"template":"","format":"standard","meta":{"footnotes":""},"categories":[191],"tags":[],"global-categories":[1074],"class_list":["post-16838","post","type-post","status-publish","format-standard","has-post-thumbnail","hentry","category-odporucame","global-categories-cycling"],"yoast_head":"<!-- This site is optimized with the Yoast SEO Premium plugin v25.3 (Yoast SEO v25.9) - https:\/\/yoast.com\/wordpress\/plugins\/seo\/ -->\n<title>\u0160koda Bike Open Tour 2023 oslavuje spolu s vami<\/title>\n<meta name=\"description\" content=\"Tohtoro\u010dn\u00e1 s\u00e9ria \u0160KODA BIKE OPEN TOUR bude ve\u013ekolep\u00e1. Pripravujeme ve\u013ea zauj\u00edmavost\u00ed, prekvapen\u00ed ale aj nieko\u013eko rozhovorov.\" \/>\n<meta name=\"robots\" content=\"index, follow, max-snippet:-1, max-image-preview:large, max-video-preview:-1\" \/>\n<link rel=\"canonical\" href=\"https:\/\/www.welovecycling.com\/sk\/2023\/03\/13\/skoda-bike-open-tour-2023-oslavuje-spolu-s-vami\/\" \/>\n<meta property=\"og:locale\" content=\"sk_SK\" \/>\n<meta property=\"og:type\" content=\"article\" \/>\n<meta property=\"og:title\" content=\"\u0160koda Bike Open Tour 2023 oslavuje spolu s vami\" \/>\n<meta property=\"og:description\" content=\"Tohtoro\u010dn\u00e1 s\u00e9ria \u0160KODA BIKE OPEN TOUR bude ve\u013ekolep\u00e1. Pripravujeme ve\u013ea zauj\u00edmavost\u00ed, prekvapen\u00ed ale aj nieko\u013eko rozhovorov.\" \/>\n<meta property=\"og:url\" content=\"https:\/\/www.welovecycling.com\/sk\/2023\/03\/13\/skoda-bike-open-tour-2023-oslavuje-spolu-s-vami\/\" \/>\n<meta property=\"og:site_name\" content=\"\u0160koda We Love Cycling Slovensko\" \/>\n<meta property=\"article:published_time\" content=\"2023-03-13T12:00:32+00:00\" \/>\n<meta property=\"article:modified_time\" content=\"2023-05-30T10:19:58+00:00\" \/>\n<meta property=\"og:image\" content=\"https:\/\/d2p6e6u75xmxt8.cloudfront.net\/4\/2023\/03\/titulka-1.webp\" \/>\n\t<meta property=\"og:image:width\" content=\"990\" \/>\n\t<meta property=\"og:image:height\" content=\"660\" \/>\n\t<meta property=\"og:image:type\" content=\"image\/webp\" \/>\n<meta name=\"author\" content=\"dominika\" \/>\n<meta name=\"twitter:card\" content=\"summary_large_image\" \/>\n<meta name=\"twitter:label1\" content=\"Written by\" \/>\n\t<meta name=\"twitter:data1\" content=\"WeLoveCycling\" \/>\n\t<meta name=\"twitter:label2\" content=\"Est. reading time\" \/>\n\t<meta name=\"twitter:data2\" content=\"3\" \/>\n<script type=\"application\/ld+json\" class=\"yoast-schema-graph\">{\"@context\":\"https:\/\/schema.org\",\"@graph\":[{\"@type\":\"WebPage\",\"@id\":\"https:\/\/www.welovecycling.com\/sk\/2023\/03\/13\/skoda-bike-open-tour-2023-oslavuje-spolu-s-vami\/\",\"url\":\"https:\/\/www.welovecycling.com\/sk\/2023\/03\/13\/skoda-bike-open-tour-2023-oslavuje-spolu-s-vami\/\",\"name\":\"\u0160koda Bike Open Tour 2023 oslavuje spolu s vami\",\"isPartOf\":{\"@id\":\"https:\/\/www.welovecycling.com\/sk\/#website\"},\"primaryImageOfPage\":{\"@id\":\"https:\/\/www.welovecycling.com\/sk\/2023\/03\/13\/skoda-bike-open-tour-2023-oslavuje-spolu-s-vami\/#primaryimage\"},\"image\":{\"@id\":\"https:\/\/www.welovecycling.com\/sk\/2023\/03\/13\/skoda-bike-open-tour-2023-oslavuje-spolu-s-vami\/#primaryimage\"},\"thumbnailUrl\":\"https:\/\/d2p6e6u75xmxt8.cloudfront.net\/4\/2023\/03\/titulka-1.webp\",\"datePublished\":\"2023-03-13T12:00:32+00:00\",\"dateModified\":\"2023-05-30T10:19:58+00:00\",\"author\":{\"@id\":\"https:\/\/www.welovecycling.com\/sk\/#\/schema\/person\/533b62b98b6c41bd5135ebfb1f742624\"},\"description\":\"Tohtoro\u010dn\u00e1 s\u00e9ria \u0160KODA BIKE OPEN TOUR bude ve\u013ekolep\u00e1. Pripravujeme ve\u013ea zauj\u00edmavost\u00ed, prekvapen\u00ed ale aj nieko\u013eko rozhovorov.\",\"breadcrumb\":{\"@id\":\"https:\/\/www.welovecycling.com\/sk\/2023\/03\/13\/skoda-bike-open-tour-2023-oslavuje-spolu-s-vami\/#breadcrumb\"},\"inLanguage\":\"sk-SK\",\"potentialAction\":[{\"@type\":\"ReadAction\",\"target\":[\"https:\/\/www.welovecycling.com\/sk\/2023\/03\/13\/skoda-bike-open-tour-2023-oslavuje-spolu-s-vami\/\"]}]},{\"@type\":\"ImageObject\",\"inLanguage\":\"sk-SK\",\"@id\":\"https:\/\/www.welovecycling.com\/sk\/2023\/03\/13\/skoda-bike-open-tour-2023-oslavuje-spolu-s-vami\/#primaryimage\",\"url\":\"https:\/\/d2p6e6u75xmxt8.cloudfront.net\/4\/2023\/03\/titulka-1.webp\",\"contentUrl\":\"https:\/\/d2p6e6u75xmxt8.cloudfront.net\/4\/2023\/03\/titulka-1.webp\",\"width\":990,\"height\":660,\"caption\":\"\u0160KODA BIKE OPEN TOUR 2023\"},{\"@type\":\"BreadcrumbList\",\"@id\":\"https:\/\/www.welovecycling.com\/sk\/2023\/03\/13\/skoda-bike-open-tour-2023-oslavuje-spolu-s-vami\/#breadcrumb\",\"itemListElement\":[{\"@type\":\"ListItem\",\"position\":1,\"name\":\"Home\",\"item\":\"https:\/\/www.welovecycling.com\/sk\/\"},{\"@type\":\"ListItem\",\"position\":2,\"name\":\"\u0160koda Bike Open Tour 2023 oslavuje spolu s vami\"}]},{\"@type\":\"WebSite\",\"@id\":\"https:\/\/www.welovecycling.com\/sk\/#website\",\"url\":\"https:\/\/www.welovecycling.com\/sk\/\",\"name\":\"\u0160koda We Love Cycling Slovensko\",\"description\":\"\u0160koda We Love Cycling Slovensko je v\u00e1\u0161 ka\u017edodenn\u00fd zdroj noviniek a in\u0161pir\u00e1cie z sveta cyklistiky\",\"potentialAction\":[{\"@type\":\"SearchAction\",\"target\":{\"@type\":\"EntryPoint\",\"urlTemplate\":\"https:\/\/www.welovecycling.com\/sk\/?s={search_term_string}\"},\"query-input\":{\"@type\":\"PropertyValueSpecification\",\"valueRequired\":true,\"valueName\":\"search_term_string\"}}],\"inLanguage\":\"sk-SK\"},{\"@type\":\"Person\",\"@id\":\"https:\/\/www.welovecycling.com\/sk\/#\/schema\/person\/533b62b98b6c41bd5135ebfb1f742624\",\"name\":\"dominika\",\"image\":{\"@type\":\"ImageObject\",\"inLanguage\":\"sk-SK\",\"@id\":\"https:\/\/www.welovecycling.com\/sk\/#\/schema\/person\/image\/\",\"url\":\"https:\/\/secure.gravatar.com\/avatar\/ded6f274ba2ec3e17fff153f7d9d96a4b33c2cb63907f75d9a5309c599a7f3e6?s=96&d=mm&r=g\",\"contentUrl\":\"https:\/\/secure.gravatar.com\/avatar\/ded6f274ba2ec3e17fff153f7d9d96a4b33c2cb63907f75d9a5309c599a7f3e6?s=96&d=mm&r=g\",\"caption\":\"dominika\"},\"url\":\"https:\/\/www.welovecycling.com\/sk\/author\/dominika\/\"}]}<\/script>\n<!-- \/ Yoast SEO Premium plugin. -->","yoast_head_json":{"title":"\u0160koda Bike Open Tour 2023 oslavuje spolu s vami","description":"Tohtoro\u010dn\u00e1 s\u00e9ria \u0160KODA BIKE OPEN TOUR bude ve\u013ekolep\u00e1. Pripravujeme ve\u013ea zauj\u00edmavost\u00ed, prekvapen\u00ed ale aj nieko\u013eko rozhovorov.","robots":{"index":"index","follow":"follow","max-snippet":"max-snippet:-1","max-image-preview":"max-image-preview:large","max-video-preview":"max-video-preview:-1"},"canonical":"https:\/\/www.welovecycling.com\/sk\/2023\/03\/13\/skoda-bike-open-tour-2023-oslavuje-spolu-s-vami\/","og_locale":"sk_SK","og_type":"article","og_title":"\u0160koda Bike Open Tour 2023 oslavuje spolu s vami","og_description":"Tohtoro\u010dn\u00e1 s\u00e9ria \u0160KODA BIKE OPEN TOUR bude ve\u013ekolep\u00e1. Pripravujeme ve\u013ea zauj\u00edmavost\u00ed, prekvapen\u00ed ale aj nieko\u013eko rozhovorov.","og_url":"https:\/\/www.welovecycling.com\/sk\/2023\/03\/13\/skoda-bike-open-tour-2023-oslavuje-spolu-s-vami\/","og_site_name":"\u0160koda We Love Cycling Slovensko","article_published_time":"2023-03-13T12:00:32+00:00","article_modified_time":"2023-05-30T10:19:58+00:00","og_image":[{"width":990,"height":660,"url":"https:\/\/d2p6e6u75xmxt8.cloudfront.net\/4\/2023\/03\/titulka-1.webp","type":"image\/webp"}],"author":"dominika","twitter_card":"summary_large_image","twitter_misc":{"Written by":"WeLoveCycling","Est. reading time":"3"},"schema":{"@context":"https:\/\/schema.org","@graph":[{"@type":"WebPage","@id":"https:\/\/www.welovecycling.com\/sk\/2023\/03\/13\/skoda-bike-open-tour-2023-oslavuje-spolu-s-vami\/","url":"https:\/\/www.welovecycling.com\/sk\/2023\/03\/13\/skoda-bike-open-tour-2023-oslavuje-spolu-s-vami\/","name":"\u0160koda Bike Open Tour 2023 oslavuje spolu s vami","isPartOf":{"@id":"https:\/\/www.welovecycling.com\/sk\/#website"},"primaryImageOfPage":{"@id":"https:\/\/www.welovecycling.com\/sk\/2023\/03\/13\/skoda-bike-open-tour-2023-oslavuje-spolu-s-vami\/#primaryimage"},"image":{"@id":"https:\/\/www.welovecycling.com\/sk\/2023\/03\/13\/skoda-bike-open-tour-2023-oslavuje-spolu-s-vami\/#primaryimage"},"thumbnailUrl":"https:\/\/d2p6e6u75xmxt8.cloudfront.net\/4\/2023\/03\/titulka-1.webp","datePublished":"2023-03-13T12:00:32+00:00","dateModified":"2023-05-30T10:19:58+00:00","author":{"@id":"https:\/\/www.welovecycling.com\/sk\/#\/schema\/person\/533b62b98b6c41bd5135ebfb1f742624"},"description":"Tohtoro\u010dn\u00e1 s\u00e9ria \u0160KODA BIKE OPEN TOUR bude ve\u013ekolep\u00e1. Pripravujeme ve\u013ea zauj\u00edmavost\u00ed, prekvapen\u00ed ale aj nieko\u013eko rozhovorov.","breadcrumb":{"@id":"https:\/\/www.welovecycling.com\/sk\/2023\/03\/13\/skoda-bike-open-tour-2023-oslavuje-spolu-s-vami\/#breadcrumb"},"inLanguage":"sk-SK","potentialAction":[{"@type":"ReadAction","target":["https:\/\/www.welovecycling.com\/sk\/2023\/03\/13\/skoda-bike-open-tour-2023-oslavuje-spolu-s-vami\/"]}]},{"@type":"ImageObject","inLanguage":"sk-SK","@id":"https:\/\/www.welovecycling.com\/sk\/2023\/03\/13\/skoda-bike-open-tour-2023-oslavuje-spolu-s-vami\/#primaryimage","url":"https:\/\/d2p6e6u75xmxt8.cloudfront.net\/4\/2023\/03\/titulka-1.webp","contentUrl":"https:\/\/d2p6e6u75xmxt8.cloudfront.net\/4\/2023\/03\/titulka-1.webp","width":990,"height":660,"caption":"\u0160KODA BIKE OPEN TOUR 2023"},{"@type":"BreadcrumbList","@id":"https:\/\/www.welovecycling.com\/sk\/2023\/03\/13\/skoda-bike-open-tour-2023-oslavuje-spolu-s-vami\/#breadcrumb","itemListElement":[{"@type":"ListItem","position":1,"name":"Home","item":"https:\/\/www.welovecycling.com\/sk\/"},{"@type":"ListItem","position":2,"name":"\u0160koda Bike Open Tour 2023 oslavuje spolu s vami"}]},{"@type":"WebSite","@id":"https:\/\/www.welovecycling.com\/sk\/#website","url":"https:\/\/www.welovecycling.com\/sk\/","name":"\u0160koda We Love Cycling Slovensko","description":"\u0160koda We Love Cycling Slovensko je v\u00e1\u0161 ka\u017edodenn\u00fd zdroj noviniek a in\u0161pir\u00e1cie z sveta cyklistiky","potentialAction":[{"@type":"SearchAction","target":{"@type":"EntryPoint","urlTemplate":"https:\/\/www.welovecycling.com\/sk\/?s={search_term_string}"},"query-input":{"@type":"PropertyValueSpecification","valueRequired":true,"valueName":"search_term_string"}}],"inLanguage":"sk-SK"},{"@type":"Person","@id":"https:\/\/www.welovecycling.com\/sk\/#\/schema\/person\/533b62b98b6c41bd5135ebfb1f742624","name":"dominika","image":{"@type":"ImageObject","inLanguage":"sk-SK","@id":"https:\/\/www.welovecycling.com\/sk\/#\/schema\/person\/image\/","url":"https:\/\/secure.gravatar.com\/avatar\/ded6f274ba2ec3e17fff153f7d9d96a4b33c2cb63907f75d9a5309c599a7f3e6?s=96&d=mm&r=g","contentUrl":"https:\/\/secure.gravatar.com\/avatar\/ded6f274ba2ec3e17fff153f7d9d96a4b33c2cb63907f75d9a5309c599a7f3e6?s=96&d=mm&r=g","caption":"dominika"},"url":"https:\/\/www.welovecycling.com\/sk\/author\/dominika\/"}]}},"_links":{"self":[{"href":"https:\/\/www.welovecycling.com\/sk\/wp-json\/wp\/v2\/posts\/16838","targetHints":{"allow":["GET"]}}],"collection":[{"href":"https:\/\/www.welovecycling.com\/sk\/wp-json\/wp\/v2\/posts"}],"about":[{"href":"https:\/\/www.welovecycling.com\/sk\/wp-json\/wp\/v2\/types\/post"}],"author":[{"embeddable":true,"href":"https:\/\/www.welovecycling.com\/sk\/wp-json\/wp\/v2\/users\/172"}],"replies":[{"embeddable":true,"href":"https:\/\/www.welovecycling.com\/sk\/wp-json\/wp\/v2\/comments?post=16838"}],"version-history":[{"count":2,"href":"https:\/\/www.welovecycling.com\/sk\/wp-json\/wp\/v2\/posts\/16838\/revisions"}],"predecessor-version":[{"id":17565,"href":"https:\/\/www.welovecycling.com\/sk\/wp-json\/wp\/v2\/posts\/16838\/revisions\/17565"}],"wp:featuredmedia":[{"embeddable":true,"href":"https:\/\/www.welovecycling.com\/sk\/wp-json\/wp\/v2\/media\/16844"}],"wp:attachment":[{"href":"https:\/\/www.welovecycling.com\/sk\/wp-json\/wp\/v2\/media?parent=16838"}],"wp:term":[{"taxonomy":"category","embeddable":true,"href":"https:\/\/www.welovecycling.com\/sk\/wp-json\/wp\/v2\/categories?post=16838"},{"taxonomy":"post_tag","embeddable":true,"href":"https:\/\/www.welovecycling.com\/sk\/wp-json\/wp\/v2\/tags?post=16838"},{"taxonomy":"global-categories","embeddable":true,"href":"https:\/\/www.welovecycling.com\/sk\/wp-json\/wp\/v2\/global-categories?post=16838"}],"curies":[{"name":"wp","href":"https:\/\/api.w.org\/{rel}","templated":true}]}}