{"id":16797,"date":"2023-03-27T09:30:24","date_gmt":"2023-03-27T07:30:24","guid":{"rendered":"https:\/\/www.welovecycling.com\/sk\/?p=16797"},"modified":"2023-04-13T12:29:05","modified_gmt":"2023-04-13T10:29:05","slug":"najpodivnejsie-trofeje-v-cyklistike","status":"publish","type":"post","link":"https:\/\/www.welovecycling.com\/sk\/2023\/03\/27\/najpodivnejsie-trofeje-v-cyklistike\/","title":{"rendered":"Najpodivnej\u0161ie trofeje v cyklistike"},"content":{"rendered":"<p><strong>\u010co v\u00e1m pr\u00edde na myse\u013e, ke\u010f si predstav\u00edte p\u00f3diov\u00fd ceremoni\u00e1l profesion\u00e1lnych cyklistick\u00fdch pretekov? V\u00ed\u0165az v charakteristickom drese, n\u00e1dhern\u00fd pozl\u00e1ten\u00fd poh\u00e1r, elegantn\u00fa plaketu alebo kr\u00e1sny tanier, po ktorom bude nasledova\u0165 kytica, \u0161ampansk\u00e9 a blesky z fotoapar\u00e1tov?<\/strong><\/p>\n<p><!--more--><\/p>\n<p>V\u00e4\u010d\u0161ina jazdcov o\u010dak\u00e1va nie\u010do, \u010do bude ma\u0165 \u010destn\u00e9 miesto niekde doma na poli\u010dke alebo v sieni sl\u00e1vy. No nie v\u017edy to tak je. Pozrime sa na nieko\u013eko nezvy\u010dajn\u00fdch trofej\u00ed v cyklistike, udelen\u00fdch v\u00ed\u0165azom, ktor\u00e9 nie s\u00fa pr\u00e1ve v\u00fdstavn\u00fdm materi\u00e1lom.<\/p>\n<h2><strong>Kuurne\u2013Brussels\u2013Kuurne<\/strong><\/h2>\n<p>T\u00e1to jednod\u0148ov\u00e1 jarn\u00e1 klasika oslavuje v roku 2023 svoj 75. ro\u010dn\u00edk. <strong>Preteky sa za\u010d\u00ednaj\u00fa v Kuurne v Belgicku, obci v Z\u00e1padnom Fl\u00e1msku s bohatou hist\u00f3riou textiln\u00e9ho obchodu.<\/strong> Tvor\u00ed tradi\u010dn\u00fd \u00favod sez\u00f3ny belgick\u00fdch klas\u00edk spolu s Omloop Het Nieuwsblad, ktor\u00fd sa kon\u00e1 v sobotu predt\u00fdm.<\/p>\n<p>Obyvatelia susedn\u00e9ho mesta Kortrijk pomenovali obchodn\u00edkov z Kuurne ve\u013emi priate\u013esky: \u201esom\u00e1re\u201c. Cestovali toti\u017eto okolo nich na miestny trh, aby pred\u00e1vali svoj tovar s voz\u00edkmi \u0165ahan\u00fdmi som\u00e1rmi. <strong>V\u00ed\u0165az Kuurne\u2013Brusel\u2013Kuurne, hrd\u00fd na svoje miestne dedi\u010dstvo, dost\u00e1va dodnes kr\u00e1sneho ply\u0161ov\u00e9ho som\u00e1rika.<\/strong><\/p>\n<h2><strong>Klasika Haribo<\/strong><\/h2>\n<p>Ste fan\u00fa\u0161ikom gumen\u00fdch cukr\u00edkov Haribo? Ak \u00e1no, budete smutn\u00ed, ke\u010f zist\u00edte, \u017ee toto jednod\u0148ov\u00e9 franc\u00fazske podujatie u\u017e nie je v kalend\u00e1ri profesion\u00e1lnych pretekov. V rokoch 1994 a\u017e 2006 bol v\u0161ak s\u00fa\u010das\u0165ou pretek\u00e1rskej s\u00e9rie Coupe de France. Medzi v\u00fdznamn\u00fdch v\u00ed\u0165azov z minulosti patria Erik Zabel, Laurent Jalabert, Stuart O\u2019Grady a Thor Hushovd.<\/p>\n<p>Ur\u010dite ste sa u\u017e dovtipili, \u017ee hlavn\u00fdm sponzorom bola spolo\u010dnos\u0165 Haribo Candy Company. <strong>V\u00ed\u0165az d\u0148a si ako trofej odniesol svoju telesn\u00fa hmotnos\u0165 v gumen\u00fdch cukr\u00edkoch Haribo.<\/strong><\/p>\n<h2><strong>Super-prest\u00ed\u017eny cyklokros<\/strong><\/h2>\n<p>Cyklokros sa te\u0161\u00ed renesancii a z\u00edskava na popularite. <strong>Div\u00e1ci si u\u017e\u00edvaj\u00fa vzru\u0161enie z jazdy zablaten\u00fdch pretek\u00e1rov cez prek\u00e1\u017eky, schody, \u201epieskovisk\u00e1\u201d, nebezpe\u010dn\u00e9 zjazdy.<\/strong> T\u00edmov\u00ed asistenti ich potom zv\u00e4\u010d\u0161a o\u010distia, aby mohli vyst\u00fapi\u0165 na p\u00f3dium a prevzia\u0165 si lukrat\u00edvnu cenu.<\/p>\n<p><strong>V roku 2014 sa belgick\u00fd cyklokros\u00e1r Tom Meeusen stal hrd\u00fdm v\u00ed\u0165azom sprchy od popul\u00e1rnej zna\u010dky Hansgrohe.<\/strong> Viete si predstavi\u0165 divnej\u0161\u00ed, no vhodnej\u0161\u00ed predmet na v\u00ed\u0165azstvo v cyklokrosov\u00fdch pretekoch, po ktor\u00fdch ste \u0161pinav\u00fd a\u017e za u\u0161ami? Ja nie. Geni\u00e1lne.<\/p>\n<div class=\"embed-controller-wrapper\">\n<blockquote class=\"twitter-tweet\" data-width=\"500\" data-dnt=\"true\">\n<p lang=\"en\" dir=\"ltr\">Tom Meeusen overjoyed to win a &#39;shower&#39; at yesterday&#39;s Superprestige Cross race. WHAT A PRIZE! <a href=\"http:\/\/t.co\/xp4T63a0p8\">pic.twitter.com\/xp4T63a0p8<\/a><\/p>\n<p>&mdash; Simon Warren (@100Climbs) <a href=\"https:\/\/twitter.com\/100Climbs\/status\/531726642134388736?ref_src=twsrc%5Etfw\">November 10, 2014<\/a><\/p><\/blockquote>\n<p><script async data-src=\"https:\/\/platform.twitter.com\/widgets.js\" charset=\"utf-8\"><\/script><\/div>\n<h2><strong>Tro-Bro L\u00e9on<\/strong><\/h2>\n<p>Tro-Bro L\u00e9on? To \u010do je za jazyk? Je to region\u00e1lny keltsk\u00fd jazyk, inak zn\u00e1my ako Br\u00e9ton, ktor\u00fdm sa hovor\u00ed v Bret\u00f3nsku vo Franc\u00fazsku. Toto podujatie UCI Pro Series, zn\u00e1me pre n\u00e1s ostatn\u00fdch ako Tour of L\u00e9on, sa kon\u00e1 v Finest\u00e8re na \u00faplnom z\u00e1pade Bret\u00f3nska. Finest\u00e8re znamen\u00e1 \u201ekoniec zeme\u201c, \u010do dokonale vystihuje jeho geografick\u00fa polohu pre kontinent\u00e1lne Franc\u00fazsko.<\/p>\n<p>Tro-Bro L\u00e9on je tie\u017e ozna\u010dovan\u00fd ako \u201ePetit Paris-Roubaix\u201c alebo \u201ePeklo z\u00e1padu\u201c pre mno\u017estvo n\u00e1ro\u010dn\u00fdch, nespevnen\u00fdch farm\u00e1rskych ciest. <strong>Pretek\u00e1r na prvom mieste a najlep\u0161ie umiestnen\u00fd Bret\u00f3nec dostan\u00fa \u017eiv\u00e9 prasiatko!<\/strong> Regi\u00f3n je zn\u00e1my svojimi lahodn\u00fdmi v\u00fdrobkami z brav\u010dov\u00e9ho m\u00e4sa, ako s\u00fa klob\u00e1sy, pa\u0161t\u00e9ty, teriny a in\u00e9. Hospod\u00e1rske zvierat\u00e1 boli v nie tak d\u00e1vnej minulosti samozrejmos\u0165ou. Jazdci ako Sean Kelly a Mario Cipollini dostali v najlep\u0161\u00edch rokoch jednu alebo dve kravy.<\/p>\n<h2><strong>Arctic Race of Norway<\/strong><\/h2>\n<p>N\u00f3rske \u013eadov\u00e9 vody a majest\u00e1tne fjordy s\u00fa domovom niektor\u00fdch z najlep\u0161\u00edch lososov na svete a arktick\u00fdch pretekov. Prv\u00fd ro\u010dn\u00edk tohto ofici\u00e1lneho podujatia sponzorovan\u00e9ho UCI sa konal v roku 2013. <strong>Mysl\u00edte si, \u017ee tieto preteky boli vytvoren\u00e9 pre ob\u013e\u00faben\u00e9ho krajana, Thora Hushovda po tom, \u010do v roku 2010 vyhral majstrovstv\u00e1 sveta v cestnej cyklistike?<\/strong><\/p>\n<p>V roku 2019 si profesion\u00e1l Steve Cummings obliekol lososov\u00fd dres (n\u00f3rsky KOM) ur\u010den\u00fd najlep\u0161iemu cyklistovi v st\u00fapan\u00ed. <strong>Ako cenu dostal obrovsk\u00fa ply\u0161ov\u00fa hra\u010dku lososa. Celkov\u00fd v\u00ed\u0165az klasifik\u00e1cie si odn\u00e1\u0161a 500 kg vynikaj\u00faceho n\u00f3rskeho lososa.<\/strong><\/p>\n<div class=\"shortcode-ys-post-pinup\"><article class=\"loop-simple post-16416 post type-post status-publish format-standard has-post-thumbnail hentry category-cestna-cyklisitika tag-cestna-cyklistika tag-cyklistika tag-francuzsko tag-giro-d-italia tag-grand-tour tag-historia tag-ocenenie tag-profesional tag-skoda tag-skoda-auto tag-taliansko tag-tour-de-france tag-trofej tag-vuelta-a-espana\" data-postid=\"16416\" role=\"article\" data-post-id=\"16416\" data-word-count=\"805\" data-headline-length=\"50\" data-category=\"Cestn\u00e1 cyklistika\" data-author=\"Andrea Champredonde\" data-published=\"2022-12-22T09:14:20+01:00\" data-published-day=\"Thursday\">\n    <div class=\"entry-thumbnail article-thumbnail\" content=\"https:\/\/d2p6e6u75xmxt8.cloudfront.net\/4\/2022\/12\/Jai-Hindley-profimedia-0695499585-CVR-150x150.webp\"><a href=\"https:\/\/www.welovecycling.com\/sk\/2022\/12\/22\/ktora-trofej-z-grand-tour-sa-vam-paci-najviac\/\" class=\"image-holder\" target=\"_self\"><img decoding=\"async\" loading=\"lazy\" class=\"\" src=\"https:\/\/d2p6e6u75xmxt8.cloudfront.net\/4\/2022\/12\/Jai-Hindley-profimedia-0695499585-CVR.webp\" srcset=\"https:\/\/d2p6e6u75xmxt8.cloudfront.net\/4\/2022\/12\/Jai-Hindley-profimedia-0695499585-CVR.webp 990w, https:\/\/d2p6e6u75xmxt8.cloudfront.net\/4\/2022\/12\/Jai-Hindley-profimedia-0695499585-CVR-300x200.webp 300w, https:\/\/d2p6e6u75xmxt8.cloudfront.net\/4\/2022\/12\/Jai-Hindley-profimedia-0695499585-CVR-768x512.webp 768w, https:\/\/d2p6e6u75xmxt8.cloudfront.net\/4\/2022\/12\/Jai-Hindley-profimedia-0695499585-CVR-272x182.webp 272w\" width=\"990\" height=\"660\" sizes=\"auto, (min-width: 1200px) 300px, (min-width: 768px) 25vw, 100vw\" alt=\"ktora-trofej-z-grand-tour-sa-vam-paci-najviac\"\/><\/a><\/div>    <div class=\"entry-meta\">\n        <a class=\"label label-secondary post-category\" href=\"https:\/\/www.welovecycling.com\/sk\/category\/cestna-cyklisitika\/\" title=\"Cestn\u00e1 cyklistika\">Cestn\u00e1 cyklistika<\/a>\n    <\/div>\n    <div class=\"entry-details\">\n        <a href=\"https:\/\/www.welovecycling.com\/sk\/2022\/12\/22\/ktora-trofej-z-grand-tour-sa-vam-paci-najviac\/\" class='entry-title-wrapper'>\n            <h3 class=\"entry-title\"><span>Ktor\u00e1 trofej z Grand Tour sa v\u00e1m p\u00e1\u010di najviac?<\/span><\/h3>\n        <\/a>\n    <\/div>\n    <\/article>\n<\/div>\n<h2><strong>Okolo Turecka<\/strong><\/h2>\n<p>Toto viacetapov\u00e9 podujatie sa za\u010dalo v roku 1963 ako Marmara Tour. R\u00fdchlo sa rozr\u00e1stlo na medzin\u00e1rodn\u00fd status a v roku 1965 sa stal prezidentskou cyklistickou Tour v Turecku. <strong>Teraz tureck\u00e9 podnebie a ohromuj\u00faca krajina pri\u0165ahuje tis\u00edce \u0161portov\u00fdch nad\u0161encov a najlep\u0161\u00edch svetov\u00fdch cyklistov.<\/strong><\/p>\n<p>Ban\u00e1ny mi zrovna nenapadn\u00fa, ke\u010f si spomeniem na Turecko. No v roku 2015 sa to sponzori pretekov rozhodli zmeni\u0165. Mark Cavendish, v\u00ed\u0165az 1. etapy, dostal obrovsk\u00fd trs ban\u00e1nov; ve\u013emi u\u017eito\u010dn\u00e1 cena pre ka\u017ed\u00e9ho cyklistu. Na to, aby ich udr\u017eal, potreboval hne\u010f nieko\u013eko r\u00fak. <strong>Cel\u00fd pelot\u00f3n sa zrejme pote\u0161il s n\u00edm.<\/strong><\/p>\n<h2><strong>Klasika Brugge\u2013De Panne<\/strong><\/h2>\n<p>Toto viacd\u0148ov\u00e9 cyklistick\u00e9 podujatie v Belgicku bolo sl\u00e1vnostne otvoren\u00e9 v roku 1977. Boli to posledn\u00e9 fl\u00e1mske preteky v kalend\u00e1ri, ktor\u00e9 viedli k Tour de Flanders. Do roku 2017 preteky trvali tri dni a boli zn\u00e1me (v angli\u010dtine) ako Three Days of Brugge-De Panne. <strong>V s\u00fa\u010dasnosti s\u00fa to jednod\u0148ov\u00e9 preteky, ktor\u00e9 zah\u0155\u0148aj\u00fa sl\u00e1vny dl\u00e1\u017eden\u00fd Kemmelberg a nieko\u013eko \u010fal\u0161\u00edch zauj\u00edmav\u00fdch \u00fasekov.<\/strong><\/p>\n<p>V roku 2011 bol prv\u00fd de\u0148 pretekov tradi\u010dne venovan\u00fd \u0161print\u00e9rom a nemeck\u00fd r\u00fdchlik Andr\u00e9 Greipel nesklamal. Ke\u010f v\u0161ak dostal denn\u00fa trofej, jeho tv\u00e1r na p\u00f3diu hovorila za v\u0161etko. <strong>Predstavte si s\u00fahru tvarov, \u010do vyzeraj\u00fa ako sladk\u00e9 pusinky, marcip\u00e1nov\u00e9 huby a ku\u010derav\u00e9ho mu\u017ea v \u017eltom drese, ktor\u00fd le\u017e\u00ed na schodoch a dr\u017e\u00ed f\u013ea\u0161u \u0161ampansk\u00e9ho a ch\u00fdbaj\u00fa mu nohavice.<\/strong> Zd\u00e1 sa, \u017ee t\u00e1to cena je vhodnej\u0161ia pre umeleck\u00fa gal\u00e9riu ako prest\u00ed\u017ene preteky.<\/p>\n","protected":false},"excerpt":{"rendered":"<p>\u010co v\u00e1m pr\u00edde na myse\u013e, ke\u010f si predstav\u00edte p\u00f3diov\u00fd ceremoni\u00e1l profesion\u00e1lnych cyklistick\u00fdch pretekov? V\u00ed\u0165az v charakteristickom drese, n\u00e1dhern\u00fd pozl\u00e1ten\u00fd poh\u00e1r, [&hellip;]<\/p>\n","protected":false},"author":172,"featured_media":16799,"comment_status":"open","ping_status":"open","sticky":false,"template":"","format":"standard","meta":{"footnotes":""},"categories":[118],"tags":[421,115,546,331,306,273,179,186,642,250,183],"global-categories":[],"class_list":["post-16797","post","type-post","status-publish","format-standard","has-post-thumbnail","hentry","category-zabava","tag-belgicko","tag-cestna-cyklistika","tag-cyklistika","tag-etapove-preteky","tag-francuzsko","tag-norsko","tag-preteky","tag-trofej","tag-turecko","tag-vyhra","tag-zabava"],"yoast_head":"<!-- This site is optimized with the Yoast SEO Premium plugin v25.3 (Yoast SEO v25.9) - https:\/\/yoast.com\/wordpress\/plugins\/seo\/ -->\n<title>Najpodivnej\u0161ie trofeje v cyklistike - \u0160koda We Love Cycling Slovensko<\/title>\n<meta name=\"description\" content=\"Pozrime sa na najpodivnej\u0161ie trofeje cyklistick\u00e9ho sveta, ktor\u00e9 si ich v\u00ed\u0165azi zrejme na poli\u010dky nevylo\u017eili. Ktor\u00e1 by pote\u0161ila v\u00e1s?\" \/>\n<meta name=\"robots\" content=\"index, follow, max-snippet:-1, max-image-preview:large, max-video-preview:-1\" \/>\n<link rel=\"canonical\" href=\"https:\/\/www.welovecycling.com\/sk\/2023\/03\/27\/najpodivnejsie-trofeje-v-cyklistike\/\" \/>\n<meta property=\"og:locale\" content=\"sk_SK\" \/>\n<meta property=\"og:type\" content=\"article\" \/>\n<meta property=\"og:title\" content=\"Najpodivnej\u0161ie trofeje v cyklistike\" \/>\n<meta property=\"og:description\" content=\"Pozrime sa na najpodivnej\u0161ie trofeje cyklistick\u00e9ho sveta, ktor\u00e9 si ich v\u00ed\u0165azi zrejme na poli\u010dky nevylo\u017eili. Ktor\u00e1 by pote\u0161ila v\u00e1s?\" \/>\n<meta property=\"og:url\" content=\"https:\/\/www.welovecycling.com\/sk\/2023\/03\/27\/najpodivnejsie-trofeje-v-cyklistike\/\" \/>\n<meta property=\"og:site_name\" content=\"\u0160koda We Love Cycling Slovensko\" \/>\n<meta property=\"article:published_time\" content=\"2023-03-27T07:30:24+00:00\" \/>\n<meta property=\"article:modified_time\" content=\"2023-04-13T10:29:05+00:00\" \/>\n<meta property=\"og:image\" content=\"https:\/\/d2p6e6u75xmxt8.cloudfront.net\/4\/2023\/02\/Kuurne-Brusselss-Kuurne-Jakobsen-profimedia-0665244570-CVR.webp\" \/>\n\t<meta property=\"og:image:width\" content=\"990\" \/>\n\t<meta property=\"og:image:height\" content=\"660\" \/>\n\t<meta property=\"og:image:type\" content=\"image\/webp\" \/>\n<meta name=\"author\" content=\"dominika\" \/>\n<meta name=\"twitter:card\" content=\"summary_large_image\" \/>\n<meta name=\"twitter:label1\" content=\"Written by\" \/>\n\t<meta name=\"twitter:data1\" content=\"Andrea Champredonde\" \/>\n\t<meta name=\"twitter:label2\" content=\"Est. reading time\" \/>\n\t<meta name=\"twitter:data2\" content=\"6\" \/>\n<script type=\"application\/ld+json\" class=\"yoast-schema-graph\">{\"@context\":\"https:\/\/schema.org\",\"@graph\":[{\"@type\":\"WebPage\",\"@id\":\"https:\/\/www.welovecycling.com\/sk\/2023\/03\/27\/najpodivnejsie-trofeje-v-cyklistike\/\",\"url\":\"https:\/\/www.welovecycling.com\/sk\/2023\/03\/27\/najpodivnejsie-trofeje-v-cyklistike\/\",\"name\":\"Najpodivnej\u0161ie trofeje v cyklistike - \u0160koda We Love Cycling Slovensko\",\"isPartOf\":{\"@id\":\"https:\/\/www.welovecycling.com\/sk\/#website\"},\"primaryImageOfPage\":{\"@id\":\"https:\/\/www.welovecycling.com\/sk\/2023\/03\/27\/najpodivnejsie-trofeje-v-cyklistike\/#primaryimage\"},\"image\":{\"@id\":\"https:\/\/www.welovecycling.com\/sk\/2023\/03\/27\/najpodivnejsie-trofeje-v-cyklistike\/#primaryimage\"},\"thumbnailUrl\":\"https:\/\/d2p6e6u75xmxt8.cloudfront.net\/4\/2023\/02\/Kuurne-Brusselss-Kuurne-Jakobsen-profimedia-0665244570-CVR.webp\",\"datePublished\":\"2023-03-27T07:30:24+00:00\",\"dateModified\":\"2023-04-13T10:29:05+00:00\",\"author\":{\"@id\":\"https:\/\/www.welovecycling.com\/sk\/#\/schema\/person\/533b62b98b6c41bd5135ebfb1f742624\"},\"description\":\"Pozrime sa na najpodivnej\u0161ie trofeje cyklistick\u00e9ho sveta, ktor\u00e9 si ich v\u00ed\u0165azi zrejme na poli\u010dky nevylo\u017eili. Ktor\u00e1 by pote\u0161ila v\u00e1s?\",\"breadcrumb\":{\"@id\":\"https:\/\/www.welovecycling.com\/sk\/2023\/03\/27\/najpodivnejsie-trofeje-v-cyklistike\/#breadcrumb\"},\"inLanguage\":\"sk-SK\",\"potentialAction\":[{\"@type\":\"ReadAction\",\"target\":[\"https:\/\/www.welovecycling.com\/sk\/2023\/03\/27\/najpodivnejsie-trofeje-v-cyklistike\/\"]}]},{\"@type\":\"ImageObject\",\"inLanguage\":\"sk-SK\",\"@id\":\"https:\/\/www.welovecycling.com\/sk\/2023\/03\/27\/najpodivnejsie-trofeje-v-cyklistike\/#primaryimage\",\"url\":\"https:\/\/d2p6e6u75xmxt8.cloudfront.net\/4\/2023\/02\/Kuurne-Brusselss-Kuurne-Jakobsen-profimedia-0665244570-CVR.webp\",\"contentUrl\":\"https:\/\/d2p6e6u75xmxt8.cloudfront.net\/4\/2023\/02\/Kuurne-Brusselss-Kuurne-Jakobsen-profimedia-0665244570-CVR.webp\",\"width\":990,\"height\":660,\"caption\":\"Kuurne-Brussels-Kuurne\"},{\"@type\":\"BreadcrumbList\",\"@id\":\"https:\/\/www.welovecycling.com\/sk\/2023\/03\/27\/najpodivnejsie-trofeje-v-cyklistike\/#breadcrumb\",\"itemListElement\":[{\"@type\":\"ListItem\",\"position\":1,\"name\":\"Home\",\"item\":\"https:\/\/www.welovecycling.com\/sk\/\"},{\"@type\":\"ListItem\",\"position\":2,\"name\":\"Najpodivnej\u0161ie trofeje v cyklistike\"}]},{\"@type\":\"WebSite\",\"@id\":\"https:\/\/www.welovecycling.com\/sk\/#website\",\"url\":\"https:\/\/www.welovecycling.com\/sk\/\",\"name\":\"\u0160koda We Love Cycling Slovensko\",\"description\":\"\u0160koda We Love Cycling Slovensko je v\u00e1\u0161 ka\u017edodenn\u00fd zdroj noviniek a in\u0161pir\u00e1cie z sveta cyklistiky\",\"potentialAction\":[{\"@type\":\"SearchAction\",\"target\":{\"@type\":\"EntryPoint\",\"urlTemplate\":\"https:\/\/www.welovecycling.com\/sk\/?s={search_term_string}\"},\"query-input\":{\"@type\":\"PropertyValueSpecification\",\"valueRequired\":true,\"valueName\":\"search_term_string\"}}],\"inLanguage\":\"sk-SK\"},{\"@type\":\"Person\",\"@id\":\"https:\/\/www.welovecycling.com\/sk\/#\/schema\/person\/533b62b98b6c41bd5135ebfb1f742624\",\"name\":\"dominika\",\"image\":{\"@type\":\"ImageObject\",\"inLanguage\":\"sk-SK\",\"@id\":\"https:\/\/www.welovecycling.com\/sk\/#\/schema\/person\/image\/\",\"url\":\"https:\/\/secure.gravatar.com\/avatar\/ded6f274ba2ec3e17fff153f7d9d96a4b33c2cb63907f75d9a5309c599a7f3e6?s=96&d=mm&r=g\",\"contentUrl\":\"https:\/\/secure.gravatar.com\/avatar\/ded6f274ba2ec3e17fff153f7d9d96a4b33c2cb63907f75d9a5309c599a7f3e6?s=96&d=mm&r=g\",\"caption\":\"dominika\"},\"url\":\"https:\/\/www.welovecycling.com\/sk\/author\/dominika\/\"}]}<\/script>\n<!-- \/ Yoast SEO Premium plugin. -->","yoast_head_json":{"title":"Najpodivnej\u0161ie trofeje v cyklistike - \u0160koda We Love Cycling Slovensko","description":"Pozrime sa na najpodivnej\u0161ie trofeje cyklistick\u00e9ho sveta, ktor\u00e9 si ich v\u00ed\u0165azi zrejme na poli\u010dky nevylo\u017eili. Ktor\u00e1 by pote\u0161ila v\u00e1s?","robots":{"index":"index","follow":"follow","max-snippet":"max-snippet:-1","max-image-preview":"max-image-preview:large","max-video-preview":"max-video-preview:-1"},"canonical":"https:\/\/www.welovecycling.com\/sk\/2023\/03\/27\/najpodivnejsie-trofeje-v-cyklistike\/","og_locale":"sk_SK","og_type":"article","og_title":"Najpodivnej\u0161ie trofeje v cyklistike","og_description":"Pozrime sa na najpodivnej\u0161ie trofeje cyklistick\u00e9ho sveta, ktor\u00e9 si ich v\u00ed\u0165azi zrejme na poli\u010dky nevylo\u017eili. Ktor\u00e1 by pote\u0161ila v\u00e1s?","og_url":"https:\/\/www.welovecycling.com\/sk\/2023\/03\/27\/najpodivnejsie-trofeje-v-cyklistike\/","og_site_name":"\u0160koda We Love Cycling Slovensko","article_published_time":"2023-03-27T07:30:24+00:00","article_modified_time":"2023-04-13T10:29:05+00:00","og_image":[{"width":990,"height":660,"url":"https:\/\/d2p6e6u75xmxt8.cloudfront.net\/4\/2023\/02\/Kuurne-Brusselss-Kuurne-Jakobsen-profimedia-0665244570-CVR.webp","type":"image\/webp"}],"author":"dominika","twitter_card":"summary_large_image","twitter_misc":{"Written by":"Andrea Champredonde","Est. reading time":"6"},"schema":{"@context":"https:\/\/schema.org","@graph":[{"@type":"WebPage","@id":"https:\/\/www.welovecycling.com\/sk\/2023\/03\/27\/najpodivnejsie-trofeje-v-cyklistike\/","url":"https:\/\/www.welovecycling.com\/sk\/2023\/03\/27\/najpodivnejsie-trofeje-v-cyklistike\/","name":"Najpodivnej\u0161ie trofeje v cyklistike - \u0160koda We Love Cycling Slovensko","isPartOf":{"@id":"https:\/\/www.welovecycling.com\/sk\/#website"},"primaryImageOfPage":{"@id":"https:\/\/www.welovecycling.com\/sk\/2023\/03\/27\/najpodivnejsie-trofeje-v-cyklistike\/#primaryimage"},"image":{"@id":"https:\/\/www.welovecycling.com\/sk\/2023\/03\/27\/najpodivnejsie-trofeje-v-cyklistike\/#primaryimage"},"thumbnailUrl":"https:\/\/d2p6e6u75xmxt8.cloudfront.net\/4\/2023\/02\/Kuurne-Brusselss-Kuurne-Jakobsen-profimedia-0665244570-CVR.webp","datePublished":"2023-03-27T07:30:24+00:00","dateModified":"2023-04-13T10:29:05+00:00","author":{"@id":"https:\/\/www.welovecycling.com\/sk\/#\/schema\/person\/533b62b98b6c41bd5135ebfb1f742624"},"description":"Pozrime sa na najpodivnej\u0161ie trofeje cyklistick\u00e9ho sveta, ktor\u00e9 si ich v\u00ed\u0165azi zrejme na poli\u010dky nevylo\u017eili. Ktor\u00e1 by pote\u0161ila v\u00e1s?","breadcrumb":{"@id":"https:\/\/www.welovecycling.com\/sk\/2023\/03\/27\/najpodivnejsie-trofeje-v-cyklistike\/#breadcrumb"},"inLanguage":"sk-SK","potentialAction":[{"@type":"ReadAction","target":["https:\/\/www.welovecycling.com\/sk\/2023\/03\/27\/najpodivnejsie-trofeje-v-cyklistike\/"]}]},{"@type":"ImageObject","inLanguage":"sk-SK","@id":"https:\/\/www.welovecycling.com\/sk\/2023\/03\/27\/najpodivnejsie-trofeje-v-cyklistike\/#primaryimage","url":"https:\/\/d2p6e6u75xmxt8.cloudfront.net\/4\/2023\/02\/Kuurne-Brusselss-Kuurne-Jakobsen-profimedia-0665244570-CVR.webp","contentUrl":"https:\/\/d2p6e6u75xmxt8.cloudfront.net\/4\/2023\/02\/Kuurne-Brusselss-Kuurne-Jakobsen-profimedia-0665244570-CVR.webp","width":990,"height":660,"caption":"Kuurne-Brussels-Kuurne"},{"@type":"BreadcrumbList","@id":"https:\/\/www.welovecycling.com\/sk\/2023\/03\/27\/najpodivnejsie-trofeje-v-cyklistike\/#breadcrumb","itemListElement":[{"@type":"ListItem","position":1,"name":"Home","item":"https:\/\/www.welovecycling.com\/sk\/"},{"@type":"ListItem","position":2,"name":"Najpodivnej\u0161ie trofeje v cyklistike"}]},{"@type":"WebSite","@id":"https:\/\/www.welovecycling.com\/sk\/#website","url":"https:\/\/www.welovecycling.com\/sk\/","name":"\u0160koda We Love Cycling Slovensko","description":"\u0160koda We Love Cycling Slovensko je v\u00e1\u0161 ka\u017edodenn\u00fd zdroj noviniek a in\u0161pir\u00e1cie z sveta cyklistiky","potentialAction":[{"@type":"SearchAction","target":{"@type":"EntryPoint","urlTemplate":"https:\/\/www.welovecycling.com\/sk\/?s={search_term_string}"},"query-input":{"@type":"PropertyValueSpecification","valueRequired":true,"valueName":"search_term_string"}}],"inLanguage":"sk-SK"},{"@type":"Person","@id":"https:\/\/www.welovecycling.com\/sk\/#\/schema\/person\/533b62b98b6c41bd5135ebfb1f742624","name":"dominika","image":{"@type":"ImageObject","inLanguage":"sk-SK","@id":"https:\/\/www.welovecycling.com\/sk\/#\/schema\/person\/image\/","url":"https:\/\/secure.gravatar.com\/avatar\/ded6f274ba2ec3e17fff153f7d9d96a4b33c2cb63907f75d9a5309c599a7f3e6?s=96&d=mm&r=g","contentUrl":"https:\/\/secure.gravatar.com\/avatar\/ded6f274ba2ec3e17fff153f7d9d96a4b33c2cb63907f75d9a5309c599a7f3e6?s=96&d=mm&r=g","caption":"dominika"},"url":"https:\/\/www.welovecycling.com\/sk\/author\/dominika\/"}]}},"_links":{"self":[{"href":"https:\/\/www.welovecycling.com\/sk\/wp-json\/wp\/v2\/posts\/16797","targetHints":{"allow":["GET"]}}],"collection":[{"href":"https:\/\/www.welovecycling.com\/sk\/wp-json\/wp\/v2\/posts"}],"about":[{"href":"https:\/\/www.welovecycling.com\/sk\/wp-json\/wp\/v2\/types\/post"}],"author":[{"embeddable":true,"href":"https:\/\/www.welovecycling.com\/sk\/wp-json\/wp\/v2\/users\/172"}],"replies":[{"embeddable":true,"href":"https:\/\/www.welovecycling.com\/sk\/wp-json\/wp\/v2\/comments?post=16797"}],"version-history":[{"count":2,"href":"https:\/\/www.welovecycling.com\/sk\/wp-json\/wp\/v2\/posts\/16797\/revisions"}],"predecessor-version":[{"id":16988,"href":"https:\/\/www.welovecycling.com\/sk\/wp-json\/wp\/v2\/posts\/16797\/revisions\/16988"}],"wp:featuredmedia":[{"embeddable":true,"href":"https:\/\/www.welovecycling.com\/sk\/wp-json\/wp\/v2\/media\/16799"}],"wp:attachment":[{"href":"https:\/\/www.welovecycling.com\/sk\/wp-json\/wp\/v2\/media?parent=16797"}],"wp:term":[{"taxonomy":"category","embeddable":true,"href":"https:\/\/www.welovecycling.com\/sk\/wp-json\/wp\/v2\/categories?post=16797"},{"taxonomy":"post_tag","embeddable":true,"href":"https:\/\/www.welovecycling.com\/sk\/wp-json\/wp\/v2\/tags?post=16797"},{"taxonomy":"global-categories","embeddable":true,"href":"https:\/\/www.welovecycling.com\/sk\/wp-json\/wp\/v2\/global-categories?post=16797"}],"curies":[{"name":"wp","href":"https:\/\/api.w.org\/{rel}","templated":true}]}}