{"id":16784,"date":"2023-02-23T09:22:16","date_gmt":"2023-02-23T08:22:16","guid":{"rendered":"https:\/\/www.welovecycling.com\/sk\/?p=16784"},"modified":"2023-02-23T09:22:16","modified_gmt":"2023-02-23T08:22:16","slug":"vitamin-d-moze-z-vas-urobit-lepsieho-cyklistu","status":"publish","type":"post","link":"https:\/\/www.welovecycling.com\/sk\/2023\/02\/23\/vitamin-d-moze-z-vas-urobit-lepsieho-cyklistu\/","title":{"rendered":"Vitam\u00edn D: M\u00f4\u017ee z v\u00e1s urobi\u0165 lep\u0161ieho cyklistu?"},"content":{"rendered":"<p><strong>Vedeli ste, \u017ee Chris Boardman, b\u00fdval\u00fd britsk\u00fd cyklistick\u00fd pretek\u00e1r, prestal jazdi\u0165 po tom, \u010do mu zistili skor\u00e9 \u0161t\u00e1dium osteopor\u00f3zy? Ne\u0161\u0165astn\u00fd koniec skvelej cyklistickej kari\u00e9ry, ale ot\u00e1zkou je: dalo sa tomu pred\u00eds\u0165?<\/strong><\/p>\n<p><!--more--><\/p>\n<p>V Chrisovom pr\u00edpade zrejme nie, nako\u013eko sa toto ochorenie vyskytuje v jeho rodine. V mnoh\u00fdch pr\u00edpadoch sa v\u0161ak d\u00e1 osteopor\u00f3ze \u2013 ochoreniu, ktor\u00e9 oslabuje kosti, rob\u00ed ich krehk\u00fdmi a n\u00e1chylnej\u0161\u00edmi na zlomeniny \u2013 do zna\u010dnej miery pred\u00eds\u0165. Vzh\u013eadom na to, \u017ee bicyklovanie nie je cvi\u010denie so z\u00e1\u0165a\u017eou, je ve\u013emi nepravdepodobn\u00e9, \u017ee by v\u00e1m samotn\u00e9 pomohlo pred\u00eds\u0165 tejto chorobe. <strong>Av\u0161ak jedn\u00fdm sp\u00f4sobom, ako pred\u00eds\u0165 osteopor\u00f3ze, je pr\u00edjem dostato\u010dn\u00e9ho mno\u017estva vitam\u00ednu D.<\/strong><\/p>\n<p>Tak\u017ee, ak v\u00e1m vitam\u00edn D dok\u00e1\u017ee pom\u00f4c\u0165 v tom, aby ste sa nemuseli vzda\u0165 bicyklovania, tak z v\u00e1s automaticky rob\u00ed lep\u0161ieho cyklistu. <strong>Ak\u00e9 \u010fal\u0161ie v\u00fdhody m\u00e1 pravideln\u00e1 konzum\u00e1cia tohto z\u00e1kladn\u00e9ho vitam\u00ednu, najm\u00e4 v spojen\u00ed s na\u0161ou l\u00e1skou k cyklistike?<\/strong><\/p>\n<h2><strong>1) Zni\u017euje z\u00e1pal<\/strong><\/h2>\n<p><a href=\"https:\/\/www.antidoping.sk\/data\/files\/795_vitamin-d-update.pdf\" target=\"_blank\" rel=\"noopener\">\u0160t\u00fadie <\/a>ukazuj\u00fa, \u017ee u atl\u00e9ta sa z\u00e1pal zv\u00e4\u010d\u0161uje, ke\u010f m\u00e1 nedostatok vitam\u00ednu D. <strong>\u0160pecialisti sa tie\u017e domnievaj\u00fa, \u017ee pr\u00e1ve z\u00e1pal m\u00f4\u017ee ma\u0165 za n\u00e1sledok vyhorenie, \u010di \u201esyndr\u00f3m pretr\u00e9novania\u201d u atl\u00e9tov.<\/strong> Ak si \u0161portovec udr\u017eiava zdrav\u00fa hladinu vitam\u00ednu D v tele, pomocou stravy aj v\u00fd\u017eivov\u00fdch doplnkov, z\u00e1pal sa zn\u00ed\u017ei, a tak sa m\u00f4\u017ee r\u00fdchlej\u0161ie vr\u00e1ti\u0165 k tr\u00e9ningu.<\/p>\n<h2><strong>2) Lep\u0161\u00ed v \u0161printe<\/strong><\/h2>\n<p>Ak ste niekedy robili intervaly, ur\u010dite ste sa stretli s fr\u00e1zou \u201er\u00fdchle svalov\u00e9 vl\u00e1kna\u201d. Pr\u00e1ve tieto svaly typu-II s\u00fa citliv\u00e9 na nedostatok vitam\u00ednu D. Tieto svalov\u00e9 vl\u00e1kna s\u00fa d\u00f4le\u017eit\u00e9 pre aktivity, ktor\u00e9 si vy\u017eaduj\u00fa kr\u00e1tke, trhav\u00e9 pohyby. <strong>Tak\u017ee, ak chcete ma\u0165 epick\u00fd z\u00e1ver \u0161printu, alebo ak sa pripravujete na ve\u013ek\u00fd v\u00fdstup, mali by ste si da\u0165 z\u00e1le\u017ea\u0165, aby ste mali v tele dostatok vitam\u00ednu D.<\/strong><\/p>\n<h2><strong>3) Vyhnite sa svalovej atrofii<\/strong><\/h2>\n<p>\u010clovek s n\u00edzkou hladinou vitam\u00ednu D je n\u00e1chylnej\u0161\u00ed na svalov\u00fa atrofiu, ktor\u00e1 zni\u017euje efektivitu jeho svalov pri bicyklovan\u00ed. Svaly, ktor\u00e9 atrofovali, sa s\u0165ahuj\u00fa a uvo\u013e\u0148uj\u00fa podstatne pomal\u0161ie, ich v\u00fdkon teda nebude tak dobr\u00fd. <strong>Navy\u0161e, atrofovan\u00e9 svaly s\u00fa vystaven\u00e9 v\u00e4\u010d\u0161iemu riziku chronickej bolesti.<\/strong> S tak\u00fdmito sympt\u00f3mami cyklistika ur\u010dite nebude va\u0161ou prioritou.<\/p>\n<figure id=\"attachment_16785\" aria-describedby=\"caption-attachment-16785\" style=\"width: 1008px\" class=\"wp-caption alignnone\"><a href=\"https:\/\/d2p6e6u75xmxt8.cloudfront.net\/4\/2023\/02\/Cycling-with-sunglasses-profimedia-0560999887.webp\"><img loading=\"lazy\" decoding=\"async\" class=\"wp-image-16785 size-full\" src=\"https:\/\/d2p6e6u75xmxt8.cloudfront.net\/4\/2023\/02\/Cycling-with-sunglasses-profimedia-0560999887.webp\" alt=\"Cyclist with sunglasses\" width=\"1008\" height=\"672\" srcset=\"https:\/\/d2p6e6u75xmxt8.cloudfront.net\/4\/2023\/02\/Cycling-with-sunglasses-profimedia-0560999887.webp 1008w, https:\/\/d2p6e6u75xmxt8.cloudfront.net\/4\/2023\/02\/Cycling-with-sunglasses-profimedia-0560999887-300x200.webp 300w, https:\/\/d2p6e6u75xmxt8.cloudfront.net\/4\/2023\/02\/Cycling-with-sunglasses-profimedia-0560999887-768x512.webp 768w, https:\/\/d2p6e6u75xmxt8.cloudfront.net\/4\/2023\/02\/Cycling-with-sunglasses-profimedia-0560999887-400x267.webp 400w, https:\/\/d2p6e6u75xmxt8.cloudfront.net\/4\/2023\/02\/Cycling-with-sunglasses-profimedia-0560999887-272x182.webp 272w\" sizes=\"auto, (max-width: 1008px) 100vw, 1008px\" \/><\/a><figcaption id=\"caption-attachment-16785\" class=\"wp-caption-text\">Mnoh\u00fdm \u013eu\u010fom na dosiahnutie ich ka\u017edodennej d\u00e1vky vitam\u00ednu D sta\u010d\u00ed iba pobyt na slnku. \u00a9 Profimedia<\/figcaption><\/figure>\n<h2><strong>4) Zn\u00ed\u017een\u00e9 riziko zranen\u00ed<\/strong><\/h2>\n<p><strong>R\u00f4zne \u0161t\u00fadie sa sna\u017eili pouk\u00e1za\u0165 na prepojenie medzi dostato\u010dn\u00fdm mno\u017estvom vitam\u00ednu D a prevenciou a lie\u010den\u00edm zranen\u00ed.<\/strong> Jedna z t\u00fdchto \u0161t\u00fadi\u00ed sledovala nieko\u013eko futbalistov, pri\u010dom bolo dok\u00e1zan\u00e9, \u017ee t\u00ed z nich, ktor\u00ed mali zranenia pohybov\u00e9ho apar\u00e1tu, mali podstatne ni\u017e\u0161iu hladinu vitam\u00ednu D, ako ich kolegovia bez zranen\u00ed.<\/p>\n<h2><strong>5) Lep\u0161ie hojenie<\/strong><\/h2>\n<p>V pr\u00edpade, \u017ee sa zran\u00edte, \u010di u\u017e to bude natiahnut\u00fd sval alebo zlomenina sp\u00f4soben\u00e1 spadnut\u00edm z bicykla, t\u00ed, ktor\u00ed maj\u00fa dostatok vitam\u00ednu D v tele, sa uzdravia podstatne r\u00fdchlej\u0161ie ako t\u00ed, ktor\u00ed ho maj\u00fa m\u00e1lo.<\/p>\n<h2><strong>6) Zv\u00fd\u0161en\u00e1 hladina kysl\u00edka<\/strong><\/h2>\n<p><a href=\"https:\/\/www.welovecycling.com\/sk\/2022\/10\/12\/stante-sa-lepsim-jazdcom-v-kopcoch-treningove-tipy\/\" target=\"_blank\" rel=\"noopener\">Dychber\u00face v\u00fdstupy<\/a> by boli s trochu v\u00e4\u010d\u0161\u00edm mno\u017estvom kysl\u00edka jednoduch\u0161ie, v\u0161ak\u017ee? Nu\u017e, s t\u00fdm m\u00f4\u017ee pom\u00f4c\u0165 vitam\u00edn D! \u0160t\u00fadie uk\u00e1zali, \u017ee \u010dlovek s dostatkom vitam\u00ednu D m\u00e1 v\u00e4\u010d\u0161\u00ed pr\u00edjem kysl\u00edka, tak\u017ee sa mu lep\u0161ie d\u00fdcha.<\/p>\n<p><strong>Toto je len nieko\u013eko v\u00fdhod vitam\u00ednu D pre cyklistov, a vlastne \u013eud\u00ed ako tak\u00fdch v\u00f4bec.<\/strong> Najsk\u00f4r je potrebn\u00e9 uisti\u0165 sa, \u010di m\u00e1te alebo nem\u00e1te nedostatok vitam\u00ednu D. Aby ste si boli stopercentne ist\u00ed, m\u00f4\u017eete si da\u0165 urobi\u0165 krvn\u00fd test. Ale je pravdepodobn\u00e9, \u017ee aj cyklisti, ktor\u00ed s\u00fa vonku takmer ka\u017ed\u00fd de\u0148, no \u017eij\u00fa mimo 35 stup\u0148ov severne, \u010di ju\u017ene od rovn\u00edka, bud\u00fa cez zimu potrebova\u0165 ich z\u00e1soby doplni\u0165.<\/p>\n<p><a href=\"https:\/\/www.welovecycling.com\/sk\/2020\/05\/15\/strava-a-vyziva-cyklistu-zakladne-rady-pre-hobby-jazdcov\/\" target=\"_blank\" rel=\"noopener\">Vitam\u00edn D<\/a> si m\u00f4\u017eete doplni\u0165 r\u00f4znymi sp\u00f4sobmi. \u010ci u\u017e ho prij\u00edmate v jedle alebo pobytom na slnku, je dobr\u00e9 siahnu\u0165 aj po doplnkoch. <strong>Najlep\u0161ou cestou je kombin\u00e1cia v\u0161etk\u00fdch t\u00fdchto sp\u00f4sobov, ktor\u00e1 v\u00e1m ur\u010dite pom\u00f4\u017ee, hlavne s tr\u00e9ningom v zimnom obdob\u00ed.<\/strong><\/p>\n","protected":false},"excerpt":{"rendered":"<p>Vedeli ste, \u017ee Chris Boardman, b\u00fdval\u00fd britsk\u00fd cyklistick\u00fd pretek\u00e1r, prestal jazdi\u0165 po tom, \u010do mu zistili skor\u00e9 \u0161t\u00e1dium osteopor\u00f3zy? Ne\u0161\u0165astn\u00fd [&hellip;]<\/p>\n","protected":false},"author":172,"featured_media":16787,"comment_status":"open","ping_status":"open","sticky":false,"template":"","format":"standard","meta":{"footnotes":""},"categories":[2],"tags":[115,546,180,163,55,1066,1402,161,623,332],"global-categories":[],"class_list":["post-16784","post","type-post","status-publish","format-standard","has-post-thumbnail","hentry","category-zdravie-trening","tag-cestna-cyklistika","tag-cyklistika","tag-horska-cyklistika","tag-strava","tag-trening","tag-vitamin-d","tag-zdrava-strava","tag-zdravie","tag-zdravy-zivotny-styl","tag-zranenia"],"yoast_head":"<!-- This site is optimized with the Yoast SEO Premium plugin v25.3 (Yoast SEO v25.9) - https:\/\/yoast.com\/wordpress\/plugins\/seo\/ -->\n<title>Vitam\u00edn D: M\u00f4\u017ee z v\u00e1s urobi\u0165 lep\u0161ieho cyklistu? -<\/title>\n<meta name=\"description\" content=\"Vitam\u00edn D je d\u00f4le\u017eit\u00fd nielen pre \u0161portovcov ale aj pre be\u017en\u00e9ho \u010dloveka. Pre ka\u017ed\u00e9ho cyklistu by v\u0161ak mal by\u0165 ka\u017edodennou z\u00e1le\u017eitos\u0165ou.\" \/>\n<meta name=\"robots\" content=\"index, follow, max-snippet:-1, max-image-preview:large, max-video-preview:-1\" \/>\n<link rel=\"canonical\" href=\"https:\/\/www.welovecycling.com\/sk\/2023\/02\/23\/vitamin-d-moze-z-vas-urobit-lepsieho-cyklistu\/\" \/>\n<meta property=\"og:locale\" content=\"sk_SK\" \/>\n<meta property=\"og:type\" content=\"article\" \/>\n<meta property=\"og:title\" content=\"Vitam\u00edn D: M\u00f4\u017ee z v\u00e1s urobi\u0165 lep\u0161ieho cyklistu?\" \/>\n<meta property=\"og:description\" content=\"Vitam\u00edn D je d\u00f4le\u017eit\u00fd nielen pre \u0161portovcov ale aj pre be\u017en\u00e9ho \u010dloveka. Pre ka\u017ed\u00e9ho cyklistu by v\u0161ak mal by\u0165 ka\u017edodennou z\u00e1le\u017eitos\u0165ou.\" \/>\n<meta property=\"og:url\" content=\"https:\/\/www.welovecycling.com\/sk\/2023\/02\/23\/vitamin-d-moze-z-vas-urobit-lepsieho-cyklistu\/\" \/>\n<meta property=\"og:site_name\" content=\"\u0160koda We Love Cycling Slovensko\" \/>\n<meta property=\"article:published_time\" content=\"2023-02-23T08:22:16+00:00\" \/>\n<meta property=\"og:image\" content=\"https:\/\/d2p6e6u75xmxt8.cloudfront.net\/4\/2023\/02\/Vitamin-D-Rich-Food-profimedia-0753868563-CVR.webp\" \/>\n\t<meta property=\"og:image:width\" content=\"990\" \/>\n\t<meta property=\"og:image:height\" content=\"660\" \/>\n\t<meta property=\"og:image:type\" content=\"image\/webp\" \/>\n<meta name=\"author\" content=\"dominika\" \/>\n<meta name=\"twitter:card\" content=\"summary_large_image\" \/>\n<meta name=\"twitter:label1\" content=\"Written by\" \/>\n\t<meta name=\"twitter:data1\" content=\"Charlotte Murray\" \/>\n\t<meta name=\"twitter:label2\" content=\"Est. reading time\" \/>\n\t<meta name=\"twitter:data2\" content=\"5\" \/>\n<script type=\"application\/ld+json\" class=\"yoast-schema-graph\">{\"@context\":\"https:\/\/schema.org\",\"@graph\":[{\"@type\":\"WebPage\",\"@id\":\"https:\/\/www.welovecycling.com\/sk\/2023\/02\/23\/vitamin-d-moze-z-vas-urobit-lepsieho-cyklistu\/\",\"url\":\"https:\/\/www.welovecycling.com\/sk\/2023\/02\/23\/vitamin-d-moze-z-vas-urobit-lepsieho-cyklistu\/\",\"name\":\"Vitam\u00edn D: M\u00f4\u017ee z v\u00e1s urobi\u0165 lep\u0161ieho cyklistu? -\",\"isPartOf\":{\"@id\":\"https:\/\/www.welovecycling.com\/sk\/#website\"},\"primaryImageOfPage\":{\"@id\":\"https:\/\/www.welovecycling.com\/sk\/2023\/02\/23\/vitamin-d-moze-z-vas-urobit-lepsieho-cyklistu\/#primaryimage\"},\"image\":{\"@id\":\"https:\/\/www.welovecycling.com\/sk\/2023\/02\/23\/vitamin-d-moze-z-vas-urobit-lepsieho-cyklistu\/#primaryimage\"},\"thumbnailUrl\":\"https:\/\/d2p6e6u75xmxt8.cloudfront.net\/4\/2023\/02\/Vitamin-D-Rich-Food-profimedia-0753868563-CVR.webp\",\"datePublished\":\"2023-02-23T08:22:16+00:00\",\"author\":{\"@id\":\"https:\/\/www.welovecycling.com\/sk\/#\/schema\/person\/533b62b98b6c41bd5135ebfb1f742624\"},\"description\":\"Vitam\u00edn D je d\u00f4le\u017eit\u00fd nielen pre \u0161portovcov ale aj pre be\u017en\u00e9ho \u010dloveka. Pre ka\u017ed\u00e9ho cyklistu by v\u0161ak mal by\u0165 ka\u017edodennou z\u00e1le\u017eitos\u0165ou.\",\"breadcrumb\":{\"@id\":\"https:\/\/www.welovecycling.com\/sk\/2023\/02\/23\/vitamin-d-moze-z-vas-urobit-lepsieho-cyklistu\/#breadcrumb\"},\"inLanguage\":\"sk-SK\",\"potentialAction\":[{\"@type\":\"ReadAction\",\"target\":[\"https:\/\/www.welovecycling.com\/sk\/2023\/02\/23\/vitamin-d-moze-z-vas-urobit-lepsieho-cyklistu\/\"]}]},{\"@type\":\"ImageObject\",\"inLanguage\":\"sk-SK\",\"@id\":\"https:\/\/www.welovecycling.com\/sk\/2023\/02\/23\/vitamin-d-moze-z-vas-urobit-lepsieho-cyklistu\/#primaryimage\",\"url\":\"https:\/\/d2p6e6u75xmxt8.cloudfront.net\/4\/2023\/02\/Vitamin-D-Rich-Food-profimedia-0753868563-CVR.webp\",\"contentUrl\":\"https:\/\/d2p6e6u75xmxt8.cloudfront.net\/4\/2023\/02\/Vitamin-D-Rich-Food-profimedia-0753868563-CVR.webp\",\"width\":990,\"height\":660,\"caption\":\"Vitamin D Rich Food\"},{\"@type\":\"BreadcrumbList\",\"@id\":\"https:\/\/www.welovecycling.com\/sk\/2023\/02\/23\/vitamin-d-moze-z-vas-urobit-lepsieho-cyklistu\/#breadcrumb\",\"itemListElement\":[{\"@type\":\"ListItem\",\"position\":1,\"name\":\"Home\",\"item\":\"https:\/\/www.welovecycling.com\/sk\/\"},{\"@type\":\"ListItem\",\"position\":2,\"name\":\"Vitam\u00edn D: M\u00f4\u017ee z v\u00e1s urobi\u0165 lep\u0161ieho cyklistu?\"}]},{\"@type\":\"WebSite\",\"@id\":\"https:\/\/www.welovecycling.com\/sk\/#website\",\"url\":\"https:\/\/www.welovecycling.com\/sk\/\",\"name\":\"\u0160koda We Love Cycling Slovensko\",\"description\":\"\u0160koda We Love Cycling Slovensko je v\u00e1\u0161 ka\u017edodenn\u00fd zdroj noviniek a in\u0161pir\u00e1cie z sveta cyklistiky\",\"potentialAction\":[{\"@type\":\"SearchAction\",\"target\":{\"@type\":\"EntryPoint\",\"urlTemplate\":\"https:\/\/www.welovecycling.com\/sk\/?s={search_term_string}\"},\"query-input\":{\"@type\":\"PropertyValueSpecification\",\"valueRequired\":true,\"valueName\":\"search_term_string\"}}],\"inLanguage\":\"sk-SK\"},{\"@type\":\"Person\",\"@id\":\"https:\/\/www.welovecycling.com\/sk\/#\/schema\/person\/533b62b98b6c41bd5135ebfb1f742624\",\"name\":\"dominika\",\"image\":{\"@type\":\"ImageObject\",\"inLanguage\":\"sk-SK\",\"@id\":\"https:\/\/www.welovecycling.com\/sk\/#\/schema\/person\/image\/\",\"url\":\"https:\/\/secure.gravatar.com\/avatar\/ded6f274ba2ec3e17fff153f7d9d96a4b33c2cb63907f75d9a5309c599a7f3e6?s=96&d=mm&r=g\",\"contentUrl\":\"https:\/\/secure.gravatar.com\/avatar\/ded6f274ba2ec3e17fff153f7d9d96a4b33c2cb63907f75d9a5309c599a7f3e6?s=96&d=mm&r=g\",\"caption\":\"dominika\"},\"url\":\"https:\/\/www.welovecycling.com\/sk\/author\/dominika\/\"}]}<\/script>\n<!-- \/ Yoast SEO Premium plugin. -->","yoast_head_json":{"title":"Vitam\u00edn D: M\u00f4\u017ee z v\u00e1s urobi\u0165 lep\u0161ieho cyklistu? -","description":"Vitam\u00edn D je d\u00f4le\u017eit\u00fd nielen pre \u0161portovcov ale aj pre be\u017en\u00e9ho \u010dloveka. Pre ka\u017ed\u00e9ho cyklistu by v\u0161ak mal by\u0165 ka\u017edodennou z\u00e1le\u017eitos\u0165ou.","robots":{"index":"index","follow":"follow","max-snippet":"max-snippet:-1","max-image-preview":"max-image-preview:large","max-video-preview":"max-video-preview:-1"},"canonical":"https:\/\/www.welovecycling.com\/sk\/2023\/02\/23\/vitamin-d-moze-z-vas-urobit-lepsieho-cyklistu\/","og_locale":"sk_SK","og_type":"article","og_title":"Vitam\u00edn D: M\u00f4\u017ee z v\u00e1s urobi\u0165 lep\u0161ieho cyklistu?","og_description":"Vitam\u00edn D je d\u00f4le\u017eit\u00fd nielen pre \u0161portovcov ale aj pre be\u017en\u00e9ho \u010dloveka. Pre ka\u017ed\u00e9ho cyklistu by v\u0161ak mal by\u0165 ka\u017edodennou z\u00e1le\u017eitos\u0165ou.","og_url":"https:\/\/www.welovecycling.com\/sk\/2023\/02\/23\/vitamin-d-moze-z-vas-urobit-lepsieho-cyklistu\/","og_site_name":"\u0160koda We Love Cycling Slovensko","article_published_time":"2023-02-23T08:22:16+00:00","og_image":[{"width":990,"height":660,"url":"https:\/\/d2p6e6u75xmxt8.cloudfront.net\/4\/2023\/02\/Vitamin-D-Rich-Food-profimedia-0753868563-CVR.webp","type":"image\/webp"}],"author":"dominika","twitter_card":"summary_large_image","twitter_misc":{"Written by":"Charlotte Murray","Est. reading time":"5"},"schema":{"@context":"https:\/\/schema.org","@graph":[{"@type":"WebPage","@id":"https:\/\/www.welovecycling.com\/sk\/2023\/02\/23\/vitamin-d-moze-z-vas-urobit-lepsieho-cyklistu\/","url":"https:\/\/www.welovecycling.com\/sk\/2023\/02\/23\/vitamin-d-moze-z-vas-urobit-lepsieho-cyklistu\/","name":"Vitam\u00edn D: M\u00f4\u017ee z v\u00e1s urobi\u0165 lep\u0161ieho cyklistu? -","isPartOf":{"@id":"https:\/\/www.welovecycling.com\/sk\/#website"},"primaryImageOfPage":{"@id":"https:\/\/www.welovecycling.com\/sk\/2023\/02\/23\/vitamin-d-moze-z-vas-urobit-lepsieho-cyklistu\/#primaryimage"},"image":{"@id":"https:\/\/www.welovecycling.com\/sk\/2023\/02\/23\/vitamin-d-moze-z-vas-urobit-lepsieho-cyklistu\/#primaryimage"},"thumbnailUrl":"https:\/\/d2p6e6u75xmxt8.cloudfront.net\/4\/2023\/02\/Vitamin-D-Rich-Food-profimedia-0753868563-CVR.webp","datePublished":"2023-02-23T08:22:16+00:00","author":{"@id":"https:\/\/www.welovecycling.com\/sk\/#\/schema\/person\/533b62b98b6c41bd5135ebfb1f742624"},"description":"Vitam\u00edn D je d\u00f4le\u017eit\u00fd nielen pre \u0161portovcov ale aj pre be\u017en\u00e9ho \u010dloveka. Pre ka\u017ed\u00e9ho cyklistu by v\u0161ak mal by\u0165 ka\u017edodennou z\u00e1le\u017eitos\u0165ou.","breadcrumb":{"@id":"https:\/\/www.welovecycling.com\/sk\/2023\/02\/23\/vitamin-d-moze-z-vas-urobit-lepsieho-cyklistu\/#breadcrumb"},"inLanguage":"sk-SK","potentialAction":[{"@type":"ReadAction","target":["https:\/\/www.welovecycling.com\/sk\/2023\/02\/23\/vitamin-d-moze-z-vas-urobit-lepsieho-cyklistu\/"]}]},{"@type":"ImageObject","inLanguage":"sk-SK","@id":"https:\/\/www.welovecycling.com\/sk\/2023\/02\/23\/vitamin-d-moze-z-vas-urobit-lepsieho-cyklistu\/#primaryimage","url":"https:\/\/d2p6e6u75xmxt8.cloudfront.net\/4\/2023\/02\/Vitamin-D-Rich-Food-profimedia-0753868563-CVR.webp","contentUrl":"https:\/\/d2p6e6u75xmxt8.cloudfront.net\/4\/2023\/02\/Vitamin-D-Rich-Food-profimedia-0753868563-CVR.webp","width":990,"height":660,"caption":"Vitamin D Rich Food"},{"@type":"BreadcrumbList","@id":"https:\/\/www.welovecycling.com\/sk\/2023\/02\/23\/vitamin-d-moze-z-vas-urobit-lepsieho-cyklistu\/#breadcrumb","itemListElement":[{"@type":"ListItem","position":1,"name":"Home","item":"https:\/\/www.welovecycling.com\/sk\/"},{"@type":"ListItem","position":2,"name":"Vitam\u00edn D: M\u00f4\u017ee z v\u00e1s urobi\u0165 lep\u0161ieho cyklistu?"}]},{"@type":"WebSite","@id":"https:\/\/www.welovecycling.com\/sk\/#website","url":"https:\/\/www.welovecycling.com\/sk\/","name":"\u0160koda We Love Cycling Slovensko","description":"\u0160koda We Love Cycling Slovensko je v\u00e1\u0161 ka\u017edodenn\u00fd zdroj noviniek a in\u0161pir\u00e1cie z sveta cyklistiky","potentialAction":[{"@type":"SearchAction","target":{"@type":"EntryPoint","urlTemplate":"https:\/\/www.welovecycling.com\/sk\/?s={search_term_string}"},"query-input":{"@type":"PropertyValueSpecification","valueRequired":true,"valueName":"search_term_string"}}],"inLanguage":"sk-SK"},{"@type":"Person","@id":"https:\/\/www.welovecycling.com\/sk\/#\/schema\/person\/533b62b98b6c41bd5135ebfb1f742624","name":"dominika","image":{"@type":"ImageObject","inLanguage":"sk-SK","@id":"https:\/\/www.welovecycling.com\/sk\/#\/schema\/person\/image\/","url":"https:\/\/secure.gravatar.com\/avatar\/ded6f274ba2ec3e17fff153f7d9d96a4b33c2cb63907f75d9a5309c599a7f3e6?s=96&d=mm&r=g","contentUrl":"https:\/\/secure.gravatar.com\/avatar\/ded6f274ba2ec3e17fff153f7d9d96a4b33c2cb63907f75d9a5309c599a7f3e6?s=96&d=mm&r=g","caption":"dominika"},"url":"https:\/\/www.welovecycling.com\/sk\/author\/dominika\/"}]}},"_links":{"self":[{"href":"https:\/\/www.welovecycling.com\/sk\/wp-json\/wp\/v2\/posts\/16784","targetHints":{"allow":["GET"]}}],"collection":[{"href":"https:\/\/www.welovecycling.com\/sk\/wp-json\/wp\/v2\/posts"}],"about":[{"href":"https:\/\/www.welovecycling.com\/sk\/wp-json\/wp\/v2\/types\/post"}],"author":[{"embeddable":true,"href":"https:\/\/www.welovecycling.com\/sk\/wp-json\/wp\/v2\/users\/172"}],"replies":[{"embeddable":true,"href":"https:\/\/www.welovecycling.com\/sk\/wp-json\/wp\/v2\/comments?post=16784"}],"version-history":[{"count":2,"href":"https:\/\/www.welovecycling.com\/sk\/wp-json\/wp\/v2\/posts\/16784\/revisions"}],"predecessor-version":[{"id":16806,"href":"https:\/\/www.welovecycling.com\/sk\/wp-json\/wp\/v2\/posts\/16784\/revisions\/16806"}],"wp:featuredmedia":[{"embeddable":true,"href":"https:\/\/www.welovecycling.com\/sk\/wp-json\/wp\/v2\/media\/16787"}],"wp:attachment":[{"href":"https:\/\/www.welovecycling.com\/sk\/wp-json\/wp\/v2\/media?parent=16784"}],"wp:term":[{"taxonomy":"category","embeddable":true,"href":"https:\/\/www.welovecycling.com\/sk\/wp-json\/wp\/v2\/categories?post=16784"},{"taxonomy":"post_tag","embeddable":true,"href":"https:\/\/www.welovecycling.com\/sk\/wp-json\/wp\/v2\/tags?post=16784"},{"taxonomy":"global-categories","embeddable":true,"href":"https:\/\/www.welovecycling.com\/sk\/wp-json\/wp\/v2\/global-categories?post=16784"}],"curies":[{"name":"wp","href":"https:\/\/api.w.org\/{rel}","templated":true}]}}