{"id":16750,"date":"2023-02-09T09:00:04","date_gmt":"2023-02-09T08:00:04","guid":{"rendered":"https:\/\/www.welovecycling.com\/sk\/?p=16750"},"modified":"2023-02-08T23:27:22","modified_gmt":"2023-02-08T22:27:22","slug":"tip-na-valentinsky-darcek","status":"publish","type":"post","link":"https:\/\/www.welovecycling.com\/sk\/2023\/02\/09\/tip-na-valentinsky-darcek\/","title":{"rendered":"Tip na valent\u00ednsky dar\u010dek &#8211; s l\u00e1skou k cyklistike"},"content":{"rendered":"<p>\u010ci u\u017e sl\u00e1vite valent\u00ednsky sviatok alebo nie, ur\u010dite je v\u017edy t\u00e1 spr\u00e1vna chv\u00ed\u013ea na sviatok zamilovan\u00fdch. Ka\u017ed\u00fd m\u00e1me okolo seba \u013eud\u00ed, na ktor\u00fdch n\u00e1m z\u00e1le\u017e\u00ed, a tak sme pre v\u00e1s vybrali nieko\u013eko produktov z ponuky na\u0161ej zna\u010dky We Love Cycling, ktor\u00e9 pote\u0161ia nejedno cyklistick\u00e9 srdce.  <!--more--><\/p>\n<h2><strong>Cyklistick\u00e9 rukavice<\/strong><\/h2>\n<p><a href=\"https:\/\/eshop.skoda-auto.sk\/sk_SK\/cyklisticke-rukavice\/p\/000084616J+FBD\" rel=\"noopener\" target=\"_blank\">Rukavice <\/a>spolu s prilbou patria k z\u00e1kladn\u00e9mu vybaveniu na bicykel. <strong>Nemali by sa bra\u0165 na \u013eahk\u00fa v\u00e1hu, preto\u017ee po\u010das jazdy na bicykli sa pot\u00edte a mokr\u00e9 dlane m\u00f4\u017eu v nestr\u00e1\u017eenej chv\u00edli sk\u013aznu\u0165 z riadidiel a vy strat\u00edte rovnov\u00e1hu.<\/strong> Preto nev\u00e1hajte a svojej polovi\u010dke zabezpe\u010dte kvalitn\u00e9 cyklistick\u00e9 rukavice. Maj\u00fa g\u00e9lov\u00e9 vypch\u00e1vky v nam\u00e1han\u00fdch \u010dastiach a na dlaniach polstrovanie z umelej ko\u017ee. Ur\u010dite ocen\u00edte utieraciu plochu z fleesu umiestnen\u00fa na palci a takisto s\u00fa praktick\u00e9 aj s\u0165ahovacie kr\u00fa\u017eky na prostredn\u00edku a prstenn\u00edku.  <\/p>\n<p><img loading=\"lazy\" decoding=\"async\" src=\"https:\/\/d2p6e6u75xmxt8.cloudfront.net\/4\/2023\/02\/01.webp\" alt=\"Rukavice \u0160KODA\" width=\"990\" height=\"660\" class=\"alignnone size-full wp-image-16759\" srcset=\"https:\/\/d2p6e6u75xmxt8.cloudfront.net\/4\/2023\/02\/01.webp 990w, https:\/\/d2p6e6u75xmxt8.cloudfront.net\/4\/2023\/02\/01-300x200.webp 300w, https:\/\/d2p6e6u75xmxt8.cloudfront.net\/4\/2023\/02\/01-768x512.webp 768w, https:\/\/d2p6e6u75xmxt8.cloudfront.net\/4\/2023\/02\/01-272x182.webp 272w\" sizes=\"auto, (max-width: 990px) 100vw, 990px\" \/><\/p>\n<h2><strong>D\u00e1mske kra\u0165asy<\/strong><\/h2>\n<p>Sviatok zamilovan\u00fdch je predzves\u0165ou bl\u00ed\u017eiacej sa jari. No a s jarou pr\u00edde aj tepl\u00e9 po\u010dasie a va\u0161a polovi\u010dka ocen\u00ed <a href=\"https:\/\/eshop.skoda-auto.sk\/sk_SK\/damske-cyklisticke-kratasy-wlc\/p\/000084615F\" rel=\"noopener\" target=\"_blank\">cyklistick\u00e9 kra\u0165asy<\/a>. <strong>Vyroben\u00e9 s\u00fa z \u013eahk\u00e9ho kompresn\u00e9ho materi\u00e1lu, v\u010faka \u010domu poskytuj\u00fa komfort po\u010das jazdy.<\/strong> V\u00fdstelka sp\u013a\u0148a pr\u00e9miov\u00e9 n\u00e1roky na kvalitu a pohodlie, tak\u017ee m\u00f4\u017eete v sedle str\u00e1vi\u0165 ove\u013ea viac \u010dasu ako doteraz. Na elastickom leme je umiestnen\u00e9 logo We Love Cycling a vy sa m\u00f4\u017eete c\u00edti\u0165 ako na Tour de France. <\/p>\n<p><img loading=\"lazy\" decoding=\"async\" src=\"https:\/\/d2p6e6u75xmxt8.cloudfront.net\/4\/2023\/02\/02.webp\" alt=\"d\u00e1mske kra\u0165asy \u0160KODA\" width=\"990\" height=\"660\" class=\"alignnone size-full wp-image-16760\" srcset=\"https:\/\/d2p6e6u75xmxt8.cloudfront.net\/4\/2023\/02\/02.webp 990w, https:\/\/d2p6e6u75xmxt8.cloudfront.net\/4\/2023\/02\/02-300x200.webp 300w, https:\/\/d2p6e6u75xmxt8.cloudfront.net\/4\/2023\/02\/02-768x512.webp 768w, https:\/\/d2p6e6u75xmxt8.cloudfront.net\/4\/2023\/02\/02-272x182.webp 272w\" sizes=\"auto, (max-width: 990px) 100vw, 990px\" \/><\/p>\n<h2><strong>P\u00e1nska bunda<\/strong><\/h2>\n<p>T\u00e1to <a href=\"https:\/\/eshop.skoda-auto.sk\/sk_SK\/panska-cyklisticka-bunda-wlc\/p\/000084612G\" rel=\"noopener\" target=\"_blank\">bunda <\/a>v\u00e1m poskytne dokonal\u00fa ochranu pred vetrom a da\u017e\u010fom. <strong>Vyroben\u00e1 je z membr\u00e1nov\u00e9ho materi\u00e1lu a pletenina v\u00e1m zaist\u00ed, \u017ee aj napriek nepriazniv\u00e9mu po\u010dasiu budete v teple.<\/strong> Zap\u00ednanie je rie\u0161en\u00e9 zipsom a vzadu na chrbte n\u00e1jdete trojdielne vrecko na d\u00f4le\u017eit\u00e9 drobnosti. Nezabudlo sa ani na tak\u00fd detail ako je reflexn\u00fd p\u00e1sik. Bunda m\u00e1 typick\u00e9 \u0160KODA farby a na hrudi, chrbte aj ramen\u00e1ch m\u00e1 \u0161t\u00fdlov\u00fd branding.  <\/p>\n<p><img loading=\"lazy\" decoding=\"async\" src=\"https:\/\/d2p6e6u75xmxt8.cloudfront.net\/4\/2023\/02\/03.webp\" alt=\"p\u00e1nska bunda \u0160KODA\" width=\"990\" height=\"660\" class=\"alignnone size-full wp-image-16761\" srcset=\"https:\/\/d2p6e6u75xmxt8.cloudfront.net\/4\/2023\/02\/03.webp 990w, https:\/\/d2p6e6u75xmxt8.cloudfront.net\/4\/2023\/02\/03-300x200.webp 300w, https:\/\/d2p6e6u75xmxt8.cloudfront.net\/4\/2023\/02\/03-768x512.webp 768w, https:\/\/d2p6e6u75xmxt8.cloudfront.net\/4\/2023\/02\/03-272x182.webp 272w\" sizes=\"auto, (max-width: 990px) 100vw, 990px\" \/><\/p>\n<h2><strong>Cyklistick\u00e9 okuliare<\/strong><\/h2>\n<p>Na jar je po\u010dasie premenliv\u00e9 a slnko chv\u00ed\u013eu svieti a potom je pod mrakom. Aby ste nemuseli st\u00e1le meni\u0165 okuliare vyberte si tieto so <a href=\"https:\/\/eshop.skoda-auto.sk\/sk_SK\/cyklisticke-okuliare-samozafarbovacie\/p\/000087900AF\" rel=\"noopener\" target=\"_blank\">samozafarbovac\u00edmi sklami<\/a>, ktor\u00e9 reaguj\u00fa pod\u013ea intenzity svetla. <strong>Vyroben\u00e9 s\u00fa z odoln\u00e9ho materi\u00e1lu TR90, ktor\u00fd je z\u00e1rove\u0148 ve\u013emi \u013eahk\u00fd, ani nebudete vedie\u0165, \u017ee okuliare m\u00e1te. <\/strong>Zd\u00e1 sa, \u017ee je to nepodstatn\u00fd detail, ale ke\u010f str\u00e1vite nieko\u013eko hod\u00edn v sedle po\u010das slne\u010dn\u00e9ho d\u0148a, ocen\u00edte ich \u013eahkos\u0165.  S\u00fa\u010das\u0165ou balenia je praktick\u00e9 pevn\u00e9 puzdro a \u010distiaca handri\u010dka. <\/p>\n<p><img loading=\"lazy\" decoding=\"async\" src=\"https:\/\/d2p6e6u75xmxt8.cloudfront.net\/4\/2023\/02\/04.webp\" alt=\"okuliare \u0160KODA\" width=\"990\" height=\"660\" class=\"alignnone size-full wp-image-16762\" srcset=\"https:\/\/d2p6e6u75xmxt8.cloudfront.net\/4\/2023\/02\/04.webp 990w, https:\/\/d2p6e6u75xmxt8.cloudfront.net\/4\/2023\/02\/04-300x200.webp 300w, https:\/\/d2p6e6u75xmxt8.cloudfront.net\/4\/2023\/02\/04-768x512.webp 768w, https:\/\/d2p6e6u75xmxt8.cloudfront.net\/4\/2023\/02\/04-272x182.webp 272w\" sizes=\"auto, (max-width: 990px) 100vw, 990px\" \/><\/p>\n<div class=\"shortcode-ys-post-pinup\"><article class=\"loop-simple post-13784 post type-post status-publish format-standard has-post-thumbnail hentry category-nakupny-poradca tag-cestna-cyklistika tag-darceky tag-muzi tag-nakupny-poradca tag-odporucame tag-welovecycling tag-zeny global-categories-cycling\" data-postid=\"13784\" role=\"article\" data-post-id=\"13784\" data-word-count=\"327\" data-headline-length=\"49\" data-category=\"N\u00e1kupn\u00fd poradca\" data-global-category=\"Cycling\" data-author=\"Radovan Vr\u0161ka\" data-published=\"2022-02-09T10:00:07+01:00\" data-published-day=\"Wednesday\">\n    <div class=\"entry-thumbnail article-thumbnail\" content=\"https:\/\/d2p6e6u75xmxt8.cloudfront.net\/4\/2022\/02\/tip_00n-150x150.webp\"><a href=\"https:\/\/www.welovecycling.com\/sk\/2022\/02\/09\/tipy-na-valentinsky-darcek-pre-svoju-polovicku\/\" class=\"image-holder\" target=\"_self\"><img decoding=\"async\" loading=\"lazy\" class=\"\" src=\"https:\/\/d2p6e6u75xmxt8.cloudfront.net\/4\/2022\/02\/tip_00n-1024x445.webp\" srcset=\"https:\/\/d2p6e6u75xmxt8.cloudfront.net\/4\/2022\/02\/tip_00n.webp 1380w, https:\/\/d2p6e6u75xmxt8.cloudfront.net\/4\/2022\/02\/tip_00n-300x130.webp 300w, https:\/\/d2p6e6u75xmxt8.cloudfront.net\/4\/2022\/02\/tip_00n-1024x445.webp 1024w, https:\/\/d2p6e6u75xmxt8.cloudfront.net\/4\/2022\/02\/tip_00n-768x334.webp 768w\" width=\"1024\" height=\"445\" sizes=\"auto, (min-width: 1200px) 460px, (min-width: 768px) 38vw, 100vw\" alt=\"tipy-na-valentinsky-darcek-pre-svoju-polovicku\"\/><\/a><\/div>    <div class=\"entry-meta\">\n        <a class=\"label label-secondary post-category\" href=\"https:\/\/www.welovecycling.com\/sk\/category\/nakupny-poradca\/\" title=\"N\u00e1kupn\u00fd poradca\">N\u00e1kupn\u00fd poradca<\/a>\n    <\/div>\n    <div class=\"entry-details\">\n        <a href=\"https:\/\/www.welovecycling.com\/sk\/2022\/02\/09\/tipy-na-valentinsky-darcek-pre-svoju-polovicku\/\" class='entry-title-wrapper'>\n            <h3 class=\"entry-title\"><span>Tipy na valent\u00ednsky dar\u010dek pre svoju polovi\u010dku<\/span><\/h3>\n        <\/a>\n    <\/div>\n    <\/article>\n<\/div>\n<h2><strong>Cyklistick\u00e9 n\u00e1radie<\/strong><\/h2>\n<p>Ma\u0165 so sebou aspo\u0148 <a href=\"https:\/\/eshop.skoda-auto.sk\/sk_SK\/cyklisticke-naradie\/p\/000093889B\" rel=\"noopener\" target=\"_blank\">z\u00e1kladn\u00e9 n\u00e1radie<\/a> je d\u00f4le\u017eit\u00e9. \u010ci u\u017e si viete na cest\u00e1ch poradi\u0165 alebo nie. <strong>V\u017edy sa n\u00e1jde niekto zru\u010dn\u00fd, kto v\u00e1m pom\u00f4\u017ee a ocen\u00ed, \u017ee m\u00e1te k dispoz\u00edcii kvalitn\u00e9 n\u00e1stroje.<\/strong> N\u00e1radie obsahuje z\u00e1kladn\u00e9 imbusov\u00e9 k\u013e\u00fa\u010de, kr\u00ed\u017eov\u00fd a ploch\u00fd skrutkova\u010d, maticov\u00e9 a centrovacie k\u013e\u00fa\u010de. Ve\u013ekou v\u00fdhodou pre \u0161ikovnej\u0161\u00edch a zru\u010dnej\u0161\u00edch cyklistov je nitova\u010d na re\u0165az, ktor\u00fd b\u00fdva s\u00fa\u010das\u0165ou len v  t\u00fdch drah\u0161\u00edch sad\u00e1ch. Hmotnos\u0165 je necel\u00fdch 200 gramov a vyroben\u00e9 je z tvrdenej chr\u00f3m-vanadiovej ocele.  <\/p>\n<p><img loading=\"lazy\" decoding=\"async\" src=\"https:\/\/d2p6e6u75xmxt8.cloudfront.net\/4\/2023\/02\/05.webp\" alt=\"cyklistick\u00e9 n\u00e1radie \u0160KODA\" width=\"990\" height=\"660\" class=\"alignnone size-full wp-image-16763\" srcset=\"https:\/\/d2p6e6u75xmxt8.cloudfront.net\/4\/2023\/02\/05.webp 990w, https:\/\/d2p6e6u75xmxt8.cloudfront.net\/4\/2023\/02\/05-300x200.webp 300w, https:\/\/d2p6e6u75xmxt8.cloudfront.net\/4\/2023\/02\/05-768x512.webp 768w, https:\/\/d2p6e6u75xmxt8.cloudfront.net\/4\/2023\/02\/05-272x182.webp 272w\" sizes=\"auto, (max-width: 990px) 100vw, 990px\" \/><\/p>\n<h2><strong>Kolobe\u017eka<\/strong><\/h2>\n<p><a href=\"https:\/\/eshop.skoda-auto.sk\/sk_SK\/kolobezka-evo\/p\/000050002C\" rel=\"noopener\" target=\"_blank\">Kolobe\u017eky <\/a>sa u\u017e stali s\u00fa\u010das\u0165ou na\u0161ej doby a ob\u013e\u00fabili si ich rovnako deti ako aj dospel\u00ed. <strong>Ak je va\u0161a polovi\u010dka \u0161portov\u00fd typ, ur\u010dite sa pote\u0161\u00ed skladacej kolobe\u017eke, ktor\u00fa m\u00f4\u017ee vozi\u0165 v aute.<\/strong> Bude v\u017edy po ruke, \u010di u\u017e bude ma\u0165 chu\u0165 trochu si za\u0161portova\u0165 po pr\u00e1ci, alebo r\u00fdchlo sa presun\u00fa\u0165 niekam, kam sa auto nedostane. Nosnos\u0165 je 100 kg, vyroben\u00e1 je z kombin\u00e1cie hlin\u00edka a ocele a samozrejmos\u0165ou je aj poistka skladacieho mechanizmu.  <\/p>\n<p><img loading=\"lazy\" decoding=\"async\" src=\"https:\/\/d2p6e6u75xmxt8.cloudfront.net\/4\/2023\/02\/06.webp\" alt=\"kolobe\u017eka \u0160KODA\" width=\"990\" height=\"660\" class=\"alignnone size-full wp-image-16764\" srcset=\"https:\/\/d2p6e6u75xmxt8.cloudfront.net\/4\/2023\/02\/06.webp 990w, https:\/\/d2p6e6u75xmxt8.cloudfront.net\/4\/2023\/02\/06-300x200.webp 300w, https:\/\/d2p6e6u75xmxt8.cloudfront.net\/4\/2023\/02\/06-768x512.webp 768w, https:\/\/d2p6e6u75xmxt8.cloudfront.net\/4\/2023\/02\/06-272x182.webp 272w\" sizes=\"auto, (max-width: 990px) 100vw, 990px\" \/><\/p>\n","protected":false},"excerpt":{"rendered":"<p>\u010ci u\u017e sl\u00e1vite valent\u00ednsky sviatok alebo nie, ur\u010dite je v\u017edy t\u00e1 spr\u00e1vna chv\u00ed\u013ea na sviatok zamilovan\u00fdch. Ka\u017ed\u00fd m\u00e1me okolo seba [&hellip;]<\/p>\n","protected":false},"author":172,"featured_media":16758,"comment_status":"open","ping_status":"open","sticky":false,"template":"","format":"standard","meta":{"footnotes":""},"categories":[52],"tags":[312,597,345,388,669,215,565,285,346,1557,1540,1196],"global-categories":[1074],"class_list":["post-16750","post","type-post","status-publish","format-standard","has-post-thumbnail","hentry","category-nakupny-poradca","tag-bunda","tag-cyklista","tag-darceky","tag-kratasy","tag-nakup","tag-nakupny-poradca","tag-naradie","tag-oblecenie","tag-okuliare","tag-sezona-2023","tag-tip","tag-vybava","global-categories-cycling"],"yoast_head":"<!-- This site is optimized with the Yoast SEO Premium plugin v25.3 (Yoast SEO v25.9) - https:\/\/yoast.com\/wordpress\/plugins\/seo\/ -->\n<title>Tip na valent\u00ednsky dar\u010dek - s l\u00e1skou k cyklistike - \u0160koda We Love Cycling Slovensko<\/title>\n<meta name=\"description\" content=\"Febru\u00e1r je \u010das l\u00e1sky, a tak sme vybrali nieko\u013eko produktov z ponuky na\u0161ej zna\u010dky We Love Cycling, ktor\u00e9 pote\u0161ia nejedno cyklistick\u00e9 srdce.\" \/>\n<meta name=\"robots\" content=\"index, follow, max-snippet:-1, max-image-preview:large, max-video-preview:-1\" \/>\n<link rel=\"canonical\" href=\"https:\/\/www.welovecycling.com\/sk\/2023\/02\/09\/tip-na-valentinsky-darcek\/\" \/>\n<meta property=\"og:locale\" content=\"sk_SK\" \/>\n<meta property=\"og:type\" content=\"article\" \/>\n<meta property=\"og:title\" content=\"Tip na valent\u00ednsky dar\u010dek - s l\u00e1skou k cyklistike\" \/>\n<meta property=\"og:description\" content=\"Febru\u00e1r je \u010das l\u00e1sky, a tak sme vybrali nieko\u013eko produktov z ponuky na\u0161ej zna\u010dky We Love Cycling, ktor\u00e9 pote\u0161ia nejedno cyklistick\u00e9 srdce.\" \/>\n<meta property=\"og:url\" content=\"https:\/\/www.welovecycling.com\/sk\/2023\/02\/09\/tip-na-valentinsky-darcek\/\" \/>\n<meta property=\"og:site_name\" content=\"\u0160koda We Love Cycling Slovensko\" \/>\n<meta property=\"article:published_time\" content=\"2023-02-09T08:00:04+00:00\" \/>\n<meta property=\"og:image\" content=\"https:\/\/d2p6e6u75xmxt8.cloudfront.net\/4\/2023\/02\/titulka-2.webp\" \/>\n\t<meta property=\"og:image:width\" content=\"990\" \/>\n\t<meta property=\"og:image:height\" content=\"660\" \/>\n\t<meta property=\"og:image:type\" content=\"image\/webp\" \/>\n<meta name=\"author\" content=\"dominika\" \/>\n<meta name=\"twitter:card\" content=\"summary_large_image\" \/>\n<meta name=\"twitter:label1\" content=\"Written by\" \/>\n\t<meta name=\"twitter:data1\" content=\"Radovan Vr\u0161ka\" \/>\n\t<meta name=\"twitter:label2\" content=\"Est. reading time\" \/>\n\t<meta name=\"twitter:data2\" content=\"4\" \/>\n<script type=\"application\/ld+json\" class=\"yoast-schema-graph\">{\"@context\":\"https:\/\/schema.org\",\"@graph\":[{\"@type\":\"WebPage\",\"@id\":\"https:\/\/www.welovecycling.com\/sk\/2023\/02\/09\/tip-na-valentinsky-darcek\/\",\"url\":\"https:\/\/www.welovecycling.com\/sk\/2023\/02\/09\/tip-na-valentinsky-darcek\/\",\"name\":\"Tip na valent\u00ednsky dar\u010dek - s l\u00e1skou k cyklistike - \u0160koda We Love Cycling Slovensko\",\"isPartOf\":{\"@id\":\"https:\/\/www.welovecycling.com\/sk\/#website\"},\"primaryImageOfPage\":{\"@id\":\"https:\/\/www.welovecycling.com\/sk\/2023\/02\/09\/tip-na-valentinsky-darcek\/#primaryimage\"},\"image\":{\"@id\":\"https:\/\/www.welovecycling.com\/sk\/2023\/02\/09\/tip-na-valentinsky-darcek\/#primaryimage\"},\"thumbnailUrl\":\"https:\/\/d2p6e6u75xmxt8.cloudfront.net\/4\/2023\/02\/titulka-2.webp\",\"datePublished\":\"2023-02-09T08:00:04+00:00\",\"author\":{\"@id\":\"https:\/\/www.welovecycling.com\/sk\/#\/schema\/person\/533b62b98b6c41bd5135ebfb1f742624\"},\"description\":\"Febru\u00e1r je \u010das l\u00e1sky, a tak sme vybrali nieko\u013eko produktov z ponuky na\u0161ej zna\u010dky We Love Cycling, ktor\u00e9 pote\u0161ia nejedno cyklistick\u00e9 srdce.\",\"breadcrumb\":{\"@id\":\"https:\/\/www.welovecycling.com\/sk\/2023\/02\/09\/tip-na-valentinsky-darcek\/#breadcrumb\"},\"inLanguage\":\"sk-SK\",\"potentialAction\":[{\"@type\":\"ReadAction\",\"target\":[\"https:\/\/www.welovecycling.com\/sk\/2023\/02\/09\/tip-na-valentinsky-darcek\/\"]}]},{\"@type\":\"ImageObject\",\"inLanguage\":\"sk-SK\",\"@id\":\"https:\/\/www.welovecycling.com\/sk\/2023\/02\/09\/tip-na-valentinsky-darcek\/#primaryimage\",\"url\":\"https:\/\/d2p6e6u75xmxt8.cloudfront.net\/4\/2023\/02\/titulka-2.webp\",\"contentUrl\":\"https:\/\/d2p6e6u75xmxt8.cloudfront.net\/4\/2023\/02\/titulka-2.webp\",\"width\":990,\"height\":660,\"caption\":\"oble\u010denie a v\u00fdbava \u0160KODA\"},{\"@type\":\"BreadcrumbList\",\"@id\":\"https:\/\/www.welovecycling.com\/sk\/2023\/02\/09\/tip-na-valentinsky-darcek\/#breadcrumb\",\"itemListElement\":[{\"@type\":\"ListItem\",\"position\":1,\"name\":\"Home\",\"item\":\"https:\/\/www.welovecycling.com\/sk\/\"},{\"@type\":\"ListItem\",\"position\":2,\"name\":\"Tip na valent\u00ednsky dar\u010dek &#8211; s l\u00e1skou k cyklistike\"}]},{\"@type\":\"WebSite\",\"@id\":\"https:\/\/www.welovecycling.com\/sk\/#website\",\"url\":\"https:\/\/www.welovecycling.com\/sk\/\",\"name\":\"\u0160koda We Love Cycling Slovensko\",\"description\":\"\u0160koda We Love Cycling Slovensko je v\u00e1\u0161 ka\u017edodenn\u00fd zdroj noviniek a in\u0161pir\u00e1cie z sveta cyklistiky\",\"potentialAction\":[{\"@type\":\"SearchAction\",\"target\":{\"@type\":\"EntryPoint\",\"urlTemplate\":\"https:\/\/www.welovecycling.com\/sk\/?s={search_term_string}\"},\"query-input\":{\"@type\":\"PropertyValueSpecification\",\"valueRequired\":true,\"valueName\":\"search_term_string\"}}],\"inLanguage\":\"sk-SK\"},{\"@type\":\"Person\",\"@id\":\"https:\/\/www.welovecycling.com\/sk\/#\/schema\/person\/533b62b98b6c41bd5135ebfb1f742624\",\"name\":\"dominika\",\"image\":{\"@type\":\"ImageObject\",\"inLanguage\":\"sk-SK\",\"@id\":\"https:\/\/www.welovecycling.com\/sk\/#\/schema\/person\/image\/\",\"url\":\"https:\/\/secure.gravatar.com\/avatar\/ded6f274ba2ec3e17fff153f7d9d96a4b33c2cb63907f75d9a5309c599a7f3e6?s=96&d=mm&r=g\",\"contentUrl\":\"https:\/\/secure.gravatar.com\/avatar\/ded6f274ba2ec3e17fff153f7d9d96a4b33c2cb63907f75d9a5309c599a7f3e6?s=96&d=mm&r=g\",\"caption\":\"dominika\"},\"url\":\"https:\/\/www.welovecycling.com\/sk\/author\/dominika\/\"}]}<\/script>\n<!-- \/ Yoast SEO Premium plugin. -->","yoast_head_json":{"title":"Tip na valent\u00ednsky dar\u010dek - s l\u00e1skou k cyklistike - \u0160koda We Love Cycling Slovensko","description":"Febru\u00e1r je \u010das l\u00e1sky, a tak sme vybrali nieko\u013eko produktov z ponuky na\u0161ej zna\u010dky We Love Cycling, ktor\u00e9 pote\u0161ia nejedno cyklistick\u00e9 srdce.","robots":{"index":"index","follow":"follow","max-snippet":"max-snippet:-1","max-image-preview":"max-image-preview:large","max-video-preview":"max-video-preview:-1"},"canonical":"https:\/\/www.welovecycling.com\/sk\/2023\/02\/09\/tip-na-valentinsky-darcek\/","og_locale":"sk_SK","og_type":"article","og_title":"Tip na valent\u00ednsky dar\u010dek - s l\u00e1skou k cyklistike","og_description":"Febru\u00e1r je \u010das l\u00e1sky, a tak sme vybrali nieko\u013eko produktov z ponuky na\u0161ej zna\u010dky We Love Cycling, ktor\u00e9 pote\u0161ia nejedno cyklistick\u00e9 srdce.","og_url":"https:\/\/www.welovecycling.com\/sk\/2023\/02\/09\/tip-na-valentinsky-darcek\/","og_site_name":"\u0160koda We Love Cycling Slovensko","article_published_time":"2023-02-09T08:00:04+00:00","og_image":[{"width":990,"height":660,"url":"https:\/\/d2p6e6u75xmxt8.cloudfront.net\/4\/2023\/02\/titulka-2.webp","type":"image\/webp"}],"author":"dominika","twitter_card":"summary_large_image","twitter_misc":{"Written by":"Radovan Vr\u0161ka","Est. reading time":"4"},"schema":{"@context":"https:\/\/schema.org","@graph":[{"@type":"WebPage","@id":"https:\/\/www.welovecycling.com\/sk\/2023\/02\/09\/tip-na-valentinsky-darcek\/","url":"https:\/\/www.welovecycling.com\/sk\/2023\/02\/09\/tip-na-valentinsky-darcek\/","name":"Tip na valent\u00ednsky dar\u010dek - s l\u00e1skou k cyklistike - \u0160koda We Love Cycling Slovensko","isPartOf":{"@id":"https:\/\/www.welovecycling.com\/sk\/#website"},"primaryImageOfPage":{"@id":"https:\/\/www.welovecycling.com\/sk\/2023\/02\/09\/tip-na-valentinsky-darcek\/#primaryimage"},"image":{"@id":"https:\/\/www.welovecycling.com\/sk\/2023\/02\/09\/tip-na-valentinsky-darcek\/#primaryimage"},"thumbnailUrl":"https:\/\/d2p6e6u75xmxt8.cloudfront.net\/4\/2023\/02\/titulka-2.webp","datePublished":"2023-02-09T08:00:04+00:00","author":{"@id":"https:\/\/www.welovecycling.com\/sk\/#\/schema\/person\/533b62b98b6c41bd5135ebfb1f742624"},"description":"Febru\u00e1r je \u010das l\u00e1sky, a tak sme vybrali nieko\u013eko produktov z ponuky na\u0161ej zna\u010dky We Love Cycling, ktor\u00e9 pote\u0161ia nejedno cyklistick\u00e9 srdce.","breadcrumb":{"@id":"https:\/\/www.welovecycling.com\/sk\/2023\/02\/09\/tip-na-valentinsky-darcek\/#breadcrumb"},"inLanguage":"sk-SK","potentialAction":[{"@type":"ReadAction","target":["https:\/\/www.welovecycling.com\/sk\/2023\/02\/09\/tip-na-valentinsky-darcek\/"]}]},{"@type":"ImageObject","inLanguage":"sk-SK","@id":"https:\/\/www.welovecycling.com\/sk\/2023\/02\/09\/tip-na-valentinsky-darcek\/#primaryimage","url":"https:\/\/d2p6e6u75xmxt8.cloudfront.net\/4\/2023\/02\/titulka-2.webp","contentUrl":"https:\/\/d2p6e6u75xmxt8.cloudfront.net\/4\/2023\/02\/titulka-2.webp","width":990,"height":660,"caption":"oble\u010denie a v\u00fdbava \u0160KODA"},{"@type":"BreadcrumbList","@id":"https:\/\/www.welovecycling.com\/sk\/2023\/02\/09\/tip-na-valentinsky-darcek\/#breadcrumb","itemListElement":[{"@type":"ListItem","position":1,"name":"Home","item":"https:\/\/www.welovecycling.com\/sk\/"},{"@type":"ListItem","position":2,"name":"Tip na valent\u00ednsky dar\u010dek &#8211; s l\u00e1skou k cyklistike"}]},{"@type":"WebSite","@id":"https:\/\/www.welovecycling.com\/sk\/#website","url":"https:\/\/www.welovecycling.com\/sk\/","name":"\u0160koda We Love Cycling Slovensko","description":"\u0160koda We Love Cycling Slovensko je v\u00e1\u0161 ka\u017edodenn\u00fd zdroj noviniek a in\u0161pir\u00e1cie z sveta cyklistiky","potentialAction":[{"@type":"SearchAction","target":{"@type":"EntryPoint","urlTemplate":"https:\/\/www.welovecycling.com\/sk\/?s={search_term_string}"},"query-input":{"@type":"PropertyValueSpecification","valueRequired":true,"valueName":"search_term_string"}}],"inLanguage":"sk-SK"},{"@type":"Person","@id":"https:\/\/www.welovecycling.com\/sk\/#\/schema\/person\/533b62b98b6c41bd5135ebfb1f742624","name":"dominika","image":{"@type":"ImageObject","inLanguage":"sk-SK","@id":"https:\/\/www.welovecycling.com\/sk\/#\/schema\/person\/image\/","url":"https:\/\/secure.gravatar.com\/avatar\/ded6f274ba2ec3e17fff153f7d9d96a4b33c2cb63907f75d9a5309c599a7f3e6?s=96&d=mm&r=g","contentUrl":"https:\/\/secure.gravatar.com\/avatar\/ded6f274ba2ec3e17fff153f7d9d96a4b33c2cb63907f75d9a5309c599a7f3e6?s=96&d=mm&r=g","caption":"dominika"},"url":"https:\/\/www.welovecycling.com\/sk\/author\/dominika\/"}]}},"_links":{"self":[{"href":"https:\/\/www.welovecycling.com\/sk\/wp-json\/wp\/v2\/posts\/16750","targetHints":{"allow":["GET"]}}],"collection":[{"href":"https:\/\/www.welovecycling.com\/sk\/wp-json\/wp\/v2\/posts"}],"about":[{"href":"https:\/\/www.welovecycling.com\/sk\/wp-json\/wp\/v2\/types\/post"}],"author":[{"embeddable":true,"href":"https:\/\/www.welovecycling.com\/sk\/wp-json\/wp\/v2\/users\/172"}],"replies":[{"embeddable":true,"href":"https:\/\/www.welovecycling.com\/sk\/wp-json\/wp\/v2\/comments?post=16750"}],"version-history":[{"count":2,"href":"https:\/\/www.welovecycling.com\/sk\/wp-json\/wp\/v2\/posts\/16750\/revisions"}],"predecessor-version":[{"id":16770,"href":"https:\/\/www.welovecycling.com\/sk\/wp-json\/wp\/v2\/posts\/16750\/revisions\/16770"}],"wp:featuredmedia":[{"embeddable":true,"href":"https:\/\/www.welovecycling.com\/sk\/wp-json\/wp\/v2\/media\/16758"}],"wp:attachment":[{"href":"https:\/\/www.welovecycling.com\/sk\/wp-json\/wp\/v2\/media?parent=16750"}],"wp:term":[{"taxonomy":"category","embeddable":true,"href":"https:\/\/www.welovecycling.com\/sk\/wp-json\/wp\/v2\/categories?post=16750"},{"taxonomy":"post_tag","embeddable":true,"href":"https:\/\/www.welovecycling.com\/sk\/wp-json\/wp\/v2\/tags?post=16750"},{"taxonomy":"global-categories","embeddable":true,"href":"https:\/\/www.welovecycling.com\/sk\/wp-json\/wp\/v2\/global-categories?post=16750"}],"curies":[{"name":"wp","href":"https:\/\/api.w.org\/{rel}","templated":true}]}}