{"id":16723,"date":"2023-07-06T10:00:40","date_gmt":"2023-07-06T08:00:40","guid":{"rendered":"https:\/\/www.welovecycling.com\/sk\/?p=16723"},"modified":"2023-07-06T10:39:13","modified_gmt":"2023-07-06T08:39:13","slug":"tip-na-vylet-vyjazdit-maraton-v-prostredi-levocskych-vrchov","status":"publish","type":"post","link":"https:\/\/www.welovecycling.com\/sk\/2023\/07\/06\/tip-na-vylet-vyjazdit-maraton-v-prostredi-levocskych-vrchov\/","title":{"rendered":"Tip na v\u00fdlet: Vyjazdi\u0165 marat\u00f3n v\u00a0prostred\u00ed Levo\u010dsk\u00fdch vrchov"},"content":{"rendered":"<p><strong>Po absolvovan\u00ed <a href=\"https:\/\/www.welovecycling.com\/sk\/2023\/06\/26\/pozvanka-skoda-mtb-maraton-levocske-vrchy-preteky-pod-dohladom-majstra-pavla\/\">\u0160koda MTB marat\u00f3n Levo\u010dsk\u00e9 vrchy<\/a> v r\u00e1mci s\u00e9rie \u0160KODA BIKE OPEN TOUR nemus\u00edte hne\u010f nalo\u017ei\u0165 biky do auta a \u00eds\u0165 domov, odpor\u00fa\u010dam tu zosta\u0165 aj na druh\u00fd de\u0148 a vychutna\u0165 si pr\u00edrodu Levo\u010dsk\u00fdch vrchov mimo pretekania. V tomto \u010dl\u00e1nku sa pozrieme na zop\u00e1r zauj\u00edmav\u00fdch v\u00fdjazdov po okol\u00ed.<\/strong><br \/>\n<!--more--><\/p>\n<h2><b>Vyhliadkov\u00e1 ve\u017ea na Javorine<\/b><\/h2>\n<p><span style=\"font-weight: 400;\">Ke\u010f ju dokon\u010dia, bude to asi najnav\u0161tevovanej\u0161ie miesto v\u00a0Levo\u010dsk\u00fdch vrchoch, no mysl\u00edm, \u017ee u\u017e teraz aj je. <strong>Ch\u00fdba u\u017e len posledn\u00e9 poschodie a\u00a0strecha, no d\u00e1 sa u\u017e na \u0148u \u00eds\u0165 a\u00a0vychutna\u0165 si v\u00fdh\u013ead do okolia a\u00a0samozrejme aj na Tatry.\u00a0 <\/strong><\/span><\/p>\n<p><img loading=\"lazy\" decoding=\"async\" class=\"alignnone size-full wp-image-16740\" src=\"https:\/\/d2p6e6u75xmxt8.cloudfront.net\/4\/2023\/02\/vyhliadkova-veza-na-Javorine-1.webp\" alt=\"v\u00fdhliadkov\u00e1 ve\u017ea na Javorine\" width=\"990\" height=\"660\" srcset=\"https:\/\/d2p6e6u75xmxt8.cloudfront.net\/4\/2023\/02\/vyhliadkova-veza-na-Javorine-1.webp 990w, https:\/\/d2p6e6u75xmxt8.cloudfront.net\/4\/2023\/02\/vyhliadkova-veza-na-Javorine-1-300x200.webp 300w, https:\/\/d2p6e6u75xmxt8.cloudfront.net\/4\/2023\/02\/vyhliadkova-veza-na-Javorine-1-768x512.webp 768w, https:\/\/d2p6e6u75xmxt8.cloudfront.net\/4\/2023\/02\/vyhliadkova-veza-na-Javorine-1-272x182.webp 272w\" sizes=\"auto, (max-width: 990px) 100vw, 990px\" \/><\/p>\n<p>Ako v\u00fdchodiskov\u00fd bod m\u00f4\u017eeme zvoli\u0165 bu\u010f samotn\u00e9 mesto Levo\u010da, alebo susedn\u00fa Levo\u010dsk\u00fa dolinu. Dobr\u00fd pr\u00edstup je aj od Ke\u017emarku, pr\u00edpadne z opa\u010dnej strany od Brezovice. Z Levo\u010dskej doliny je to hore zhruba 9 km, no s prev\u00fd\u0161en\u00edm takmer 700 metrov. Prv\u00e1 \u010das\u0165 tejto trasy vedie po \u017elto zna\u010denom \u201eC\u201c-\u010dku k r\u00e1zcestiu Koz\u00ed hrb. Je odtia\u013e pekn\u00fd v\u00fdh\u013ead do Levo\u010dskej doliny.<strong> Od tohto miesta sa zmen\u00ed zna\u010denie na zelen\u00e9, po ktorom sa u\u017e miernej\u0161ie st\u00fapa k\u00a0tie\u017e ve\u013emi zn\u00e1memu bodu, ktor\u00fdm je pam\u00e4tn\u00edk SNP.<\/strong><\/p>\n<p><img loading=\"lazy\" decoding=\"async\" class=\"alignnone size-full wp-image-16734\" src=\"https:\/\/d2p6e6u75xmxt8.cloudfront.net\/4\/2023\/02\/pamatnik-SNP-1.webp\" alt=\"Pam\u00e4tn\u00edk SNP\" width=\"990\" height=\"660\" srcset=\"https:\/\/d2p6e6u75xmxt8.cloudfront.net\/4\/2023\/02\/pamatnik-SNP-1.webp 990w, https:\/\/d2p6e6u75xmxt8.cloudfront.net\/4\/2023\/02\/pamatnik-SNP-1-300x200.webp 300w, https:\/\/d2p6e6u75xmxt8.cloudfront.net\/4\/2023\/02\/pamatnik-SNP-1-768x512.webp 768w, https:\/\/d2p6e6u75xmxt8.cloudfront.net\/4\/2023\/02\/pamatnik-SNP-1-272x182.webp 272w\" sizes=\"auto, (max-width: 990px) 100vw, 990px\" \/><\/p>\n<p><span style=\"font-weight: 400;\">Tu tret\u00edkr\u00e1t zmen\u00edme zna\u010denie a pokra\u010dujeme po hrebeni po modrej cyklotrase. Zhruba po pol kilometri odbo\u010duje strm\u00e1 \u010derveno zna\u010den\u00e1 stojka a\u017e k vyhliadkovej ve\u017ei. Za nav\u0161t\u00edvenie stoj\u00ed aj zhruba 80 m vzdialen\u00e1 \u201elavi\u010dka l\u00e1sky&#8220;, odkia\u013e s\u00fa tie\u017e pekn\u00e9 v\u00fdh\u013eady do doliny. <strong>T\u00fdmto miestom prech\u00e1dza aj samotn\u00fd MTB marat\u00f3n, ktor\u00fd v\u00e1s od tohto miesta po\u0161le do celkom n\u00e1ro\u010dn\u00e9ho pr\u00edrodn\u00e9ho zjazdu na Dvor\u010danku, miesto ktor\u00fdm ste prech\u00e1dzali, ak ste st\u00fapali po zelenej trase k\u00a0pam\u00e4tn\u00edku.<\/strong> Povrch je po celej d\u013a\u017eke kamenisto \u0161trkov\u00fd.<\/span><\/p>\n<p><span style=\"font-weight: 400;\">\u010eal\u0161ou alternat\u00edvnou trasou tie\u017e z Levo\u010dskej doliny m\u00f4\u017ee by\u0165 st\u00fapanie k pam\u00e4tn\u00edku SNP cez chatu Hrby. Tam je povrch o nie\u010do lep\u0161\u00ed, od chaty k pam\u00e4tn\u00edku ide asfaltka, rovnako aj z obce Torysky, len v z\u00e1vere u\u017e v hor\u0161om stave. <\/span><\/p>\n<div id='gallery-1' class='gallery galleryid-16723 gallery-columns-2 gallery-size-full'><figure class='gallery-item'>\n\t\t\t<div class='gallery-icon landscape'>\n\t\t\t\t<a href='https:\/\/d2p6e6u75xmxt8.cloudfront.net\/4\/2023\/02\/chata-Hrby-1.webp'><img loading=\"lazy\" decoding=\"async\" width=\"990\" height=\"660\" src=\"https:\/\/d2p6e6u75xmxt8.cloudfront.net\/4\/2023\/02\/chata-Hrby-1.webp\" class=\"attachment-full size-full\" alt=\"chata Hrby\" srcset=\"https:\/\/d2p6e6u75xmxt8.cloudfront.net\/4\/2023\/02\/chata-Hrby-1.webp 990w, https:\/\/d2p6e6u75xmxt8.cloudfront.net\/4\/2023\/02\/chata-Hrby-1-300x200.webp 300w, https:\/\/d2p6e6u75xmxt8.cloudfront.net\/4\/2023\/02\/chata-Hrby-1-768x512.webp 768w, https:\/\/d2p6e6u75xmxt8.cloudfront.net\/4\/2023\/02\/chata-Hrby-1-272x182.webp 272w\" sizes=\"auto, (max-width: 990px) 100vw, 990px\" \/><\/a>\n\t\t\t<\/div><\/figure><figure class='gallery-item'>\n\t\t\t<div class='gallery-icon landscape'>\n\t\t\t\t<a href='https:\/\/d2p6e6u75xmxt8.cloudfront.net\/4\/2023\/02\/k-chate-Hrby-od-Levocskej-doliny-1.webp'><img loading=\"lazy\" decoding=\"async\" width=\"990\" height=\"660\" src=\"https:\/\/d2p6e6u75xmxt8.cloudfront.net\/4\/2023\/02\/k-chate-Hrby-od-Levocskej-doliny-1.webp\" class=\"attachment-full size-full\" alt=\"K chate Hrby od Levo\u010dskej doliny\" srcset=\"https:\/\/d2p6e6u75xmxt8.cloudfront.net\/4\/2023\/02\/k-chate-Hrby-od-Levocskej-doliny-1.webp 990w, https:\/\/d2p6e6u75xmxt8.cloudfront.net\/4\/2023\/02\/k-chate-Hrby-od-Levocskej-doliny-1-300x200.webp 300w, https:\/\/d2p6e6u75xmxt8.cloudfront.net\/4\/2023\/02\/k-chate-Hrby-od-Levocskej-doliny-1-768x512.webp 768w, https:\/\/d2p6e6u75xmxt8.cloudfront.net\/4\/2023\/02\/k-chate-Hrby-od-Levocskej-doliny-1-272x182.webp 272w\" sizes=\"auto, (max-width: 990px) 100vw, 990px\" \/><\/a>\n\t\t\t<\/div><\/figure>\n\t\t<\/div>\n\n<p>Tret\u00edm, a aj najdlh\u0161\u00edm variantom z Levo\u010dskej doliny, je st\u00fapanie cez sedlo pod Kr\u00ed\u017eov\u00fdm vrchom. Toto st\u00fapanie je aj najhor\u0161ie, \u010do sa t\u00fdka povrchu. Zo sedla pod Kr\u00ed\u017eov\u00fdm vrchom potom trasa pokra\u010duje okolo chaty Gehu\u013ea.<\/p>\n<figure id=\"attachment_16735\" aria-describedby=\"caption-attachment-16735\" style=\"width: 990px\" class=\"wp-caption alignnone\"><img loading=\"lazy\" decoding=\"async\" class=\"size-full wp-image-16735\" src=\"https:\/\/d2p6e6u75xmxt8.cloudfront.net\/4\/2023\/02\/chata-Gehula-1.webp\" alt=\"chata Gehu\u013ea\" width=\"990\" height=\"660\" srcset=\"https:\/\/d2p6e6u75xmxt8.cloudfront.net\/4\/2023\/02\/chata-Gehula-1.webp 990w, https:\/\/d2p6e6u75xmxt8.cloudfront.net\/4\/2023\/02\/chata-Gehula-1-300x200.webp 300w, https:\/\/d2p6e6u75xmxt8.cloudfront.net\/4\/2023\/02\/chata-Gehula-1-768x512.webp 768w, https:\/\/d2p6e6u75xmxt8.cloudfront.net\/4\/2023\/02\/chata-Gehula-1-272x182.webp 272w\" sizes=\"auto, (max-width: 990px) 100vw, 990px\" \/><figcaption id=\"caption-attachment-16735\" class=\"wp-caption-text\">Asi najkraj\u0161ia chata v\u00a0Levo\u010dsk\u00fdch vrchoch. \u010ealej po zelenej cyklotrase na Koz\u00ed hrb a\u00a0cez Dvor\u010danku k\u00a0pam\u00e4tn\u00edku SNP.<\/figcaption><\/figure>\n<h2><b>Hrebe\u0148ovka cez chatu Kame\u0148\u00a0<\/b><\/h2>\n<p><span style=\"font-weight: 400;\">Ak chcete spozna\u0165 Levo\u010dsk\u00e9 vrchy aj mimo ofici\u00e1lnych tr\u00e1s, tak pr\u00edde vhod t\u00e1to hrebe\u0148ovka. Napoji\u0165 sa na \u0148u d\u00e1 tie\u017e od spom\u00ednan\u00e9ho pam\u00e4tn\u00edka SNP, odkia\u013e treba pokra\u010dova\u0165 okolo chaty Vinn\u00e1 a\u017e do sedla pod \u0160kapovou, star\u00fd n\u00e1zov Levo\u010dsk\u00fd V\u00e1clav\u00e1k. <\/span><\/p>\n<p><img loading=\"lazy\" decoding=\"async\" class=\"alignnone size-full wp-image-16743\" src=\"https:\/\/d2p6e6u75xmxt8.cloudfront.net\/4\/2023\/02\/chata-Vinna.webp\" alt=\"chata Vinn\u00e1\" width=\"990\" height=\"660\" srcset=\"https:\/\/d2p6e6u75xmxt8.cloudfront.net\/4\/2023\/02\/chata-Vinna.webp 990w, https:\/\/d2p6e6u75xmxt8.cloudfront.net\/4\/2023\/02\/chata-Vinna-300x200.webp 300w, https:\/\/d2p6e6u75xmxt8.cloudfront.net\/4\/2023\/02\/chata-Vinna-768x512.webp 768w, https:\/\/d2p6e6u75xmxt8.cloudfront.net\/4\/2023\/02\/chata-Vinna-272x182.webp 272w\" sizes=\"auto, (max-width: 990px) 100vw, 990px\" \/><\/p>\n<p><span style=\"font-weight: 400;\">Odtia\u013e u\u017e mimo zna\u010denia, hne\u010f zo sedla doprava dole smer Tich\u00fd Potok, no po asi 300 m treba odbo\u010di\u0165 na kamenist\u00fa lesn\u00fa cestu. Tej sa treba dr\u017ea\u0165 a po pribli\u017ene 2 km sa dostaneme k chate Kame\u0148. Ak som spom\u00ednal, \u017ee Gehu\u013ea patr\u00ed k t\u00fdm najkraj\u0161\u00edm, tak t\u00e1to u\u017e je dos\u0165 sch\u00e1tran\u00e1. <strong>Od chaty \u010falej rovno po hrebeni s pekn\u00fdmi v\u00fdh\u013eadmi a\u017e po l\u00faku, z ktorej u\u017e len zjazd na cestu medzi Repa\u0161ami a Toryskami.<\/strong> Z obce Torysky sa potom d\u00e1 pekne okolo chaty Hrby vr\u00e1ti\u0165 do Levo\u010dskej doliny a m\u00e1te pekn\u00fd v\u00fd\u017eivn\u00fd okruh. Krat\u0161\u00ed variant by som zvolil od chaty Vinn\u00e1 z\u00eds\u0165 dole do obce Torysky. Po\u010das zjazdu odpor\u00fa\u010dam po cca 2,5 km zastavi\u0165 pri prameni Torysy. Pekn\u00e9 oddychov\u00e9 miesto, trochu skryt\u00e9 v lese ale ozna\u010den\u00e9.<\/span><\/p>\n<p><img loading=\"lazy\" decoding=\"async\" class=\"alignnone size-full wp-image-16736\" src=\"https:\/\/d2p6e6u75xmxt8.cloudfront.net\/4\/2023\/02\/pramen-Torysy.webp\" alt=\"\" width=\"990\" height=\"660\" srcset=\"https:\/\/d2p6e6u75xmxt8.cloudfront.net\/4\/2023\/02\/pramen-Torysy.webp 990w, https:\/\/d2p6e6u75xmxt8.cloudfront.net\/4\/2023\/02\/pramen-Torysy-300x200.webp 300w, https:\/\/d2p6e6u75xmxt8.cloudfront.net\/4\/2023\/02\/pramen-Torysy-768x512.webp 768w, https:\/\/d2p6e6u75xmxt8.cloudfront.net\/4\/2023\/02\/pramen-Torysy-272x182.webp 272w\" sizes=\"auto, (max-width: 990px) 100vw, 990px\" \/><\/p>\n<h2><b>Mariansk\u00e1 hora<\/b><\/h2>\n<p><span style=\"font-weight: 400;\">Jedno z\u00a0najzn\u00e1mej\u0161\u00edch p\u00fatnick\u00fdch miest, ktor\u00fdm od minul\u00e9ho roku prech\u00e1dza aj tra\u0165 MTB marat\u00f3nu. <\/span><\/p>\n<p><img loading=\"lazy\" decoding=\"async\" class=\"alignnone size-full wp-image-16737\" src=\"https:\/\/d2p6e6u75xmxt8.cloudfront.net\/4\/2023\/02\/Marianska-hora.webp\" alt=\"Mari\u00e1nska hora\" width=\"990\" height=\"990\" srcset=\"https:\/\/d2p6e6u75xmxt8.cloudfront.net\/4\/2023\/02\/Marianska-hora.webp 990w, https:\/\/d2p6e6u75xmxt8.cloudfront.net\/4\/2023\/02\/Marianska-hora-300x300.webp 300w, https:\/\/d2p6e6u75xmxt8.cloudfront.net\/4\/2023\/02\/Marianska-hora-150x150.webp 150w, https:\/\/d2p6e6u75xmxt8.cloudfront.net\/4\/2023\/02\/Marianska-hora-768x768.webp 768w\" sizes=\"auto, (max-width: 990px) 100vw, 990px\" \/><\/p>\n<p><span style=\"font-weight: 400;\">Pr\u00edstupn\u00e1 \u010di u\u017e po asfaltke, alebo v\u00fd\u017eivn\u00fdm l\u00fa\u010dnym st\u00fapan\u00edm, ktor\u00e9 d\u00e1 riadne zabra\u0165, navy\u0161e je to prv\u00e9 st\u00fapanie na trati, ale aspo\u0148 sa to tu pekne preriedi. D\u00e1 sa vytvori\u0165 kr\u00e1tky okruh cez r\u00e1zcestie K\u00faty sp\u00e4\u0165 do Levo\u010dskej doliny, alebo cez zn\u00e1my Kr\u00fa\u017eok.\u00a0<\/span><\/p>\n<h2><b>Brezov\u00e1<\/b><\/h2>\n<p><span style=\"font-weight: 400;\">Vysiela\u010d Brezov\u00e1 je pomerne dobre pr\u00edstupn\u00fd z\u00a0Levo\u010de. Ja to vol\u00e1m hranica medzi Ke\u017emarsk\u00fdm a\u00a0Levo\u010dsk\u00fdm okresom. Z\u00a0Levo\u010de je v\u00fdstup o\u00a0nie\u010do n\u00e1ro\u010dnej\u0161\u00ed cez Zbojn\u00edcku l\u00faku. <\/span><\/p>\n<p><img loading=\"lazy\" decoding=\"async\" class=\"alignnone size-full wp-image-16738\" src=\"https:\/\/d2p6e6u75xmxt8.cloudfront.net\/4\/2023\/02\/stupanie-od-Levoce-na-Brezovu-1.webp\" alt=\"st\u00fapanie od Levo\u010de na Brezov\u00fa\" width=\"990\" height=\"660\" srcset=\"https:\/\/d2p6e6u75xmxt8.cloudfront.net\/4\/2023\/02\/stupanie-od-Levoce-na-Brezovu-1.webp 990w, https:\/\/d2p6e6u75xmxt8.cloudfront.net\/4\/2023\/02\/stupanie-od-Levoce-na-Brezovu-1-300x200.webp 300w, https:\/\/d2p6e6u75xmxt8.cloudfront.net\/4\/2023\/02\/stupanie-od-Levoce-na-Brezovu-1-768x512.webp 768w, https:\/\/d2p6e6u75xmxt8.cloudfront.net\/4\/2023\/02\/stupanie-od-Levoce-na-Brezovu-1-272x182.webp 272w\" sizes=\"auto, (max-width: 990px) 100vw, 990px\" \/><\/p>\n<p><span style=\"font-weight: 400;\">V\u00a0smere od Ke\u017emarku\u00a0je pr\u00edstup s\u00edce dlh\u0161\u00ed, no pohodlnej\u0161\u00ed. A\u017e za Ruskinovce, b\u00fdval\u00fa obec, je to po asfaltke a\u00a0pri malom rybn\u00edku odbo\u010duje trasa k\u00a0vysiela\u010du, z\u00e1ver ale potr\u00e1pi rovnako z\u00a0ka\u017ed\u00e9ho smeru. <strong>D\u00e1 sa vytvori\u0165 takto okruh okolo vysiela\u010da z\u00a0Ke\u017emarku do Levo\u010de, pr\u00edpadne od vysiela\u010da pokra\u010duje trasa u\u017e len po turistickom zna\u010den\u00ed dole do obce Hradisko.<\/strong>\u00a0<\/span><\/p>\n<p><span style=\"font-weight: 400;\">Levo\u010dsk\u00e9 vrchy ale toho skr\u00fdvaj\u00fa ove\u013ea viac, tak\u017ee sa tu d\u00e1 str\u00e1vi\u0165 aj pekn\u00e1 \u0161portov\u00e1 dovolenka. \ud83d\ude42<\/span><\/p>\n","protected":false},"excerpt":{"rendered":"<p>Po absolvovan\u00ed \u0160koda MTB marat\u00f3n Levo\u010dsk\u00e9 vrchy v r\u00e1mci s\u00e9rie \u0160KODA BIKE OPEN TOUR nemus\u00edte hne\u010f nalo\u017ei\u0165 biky do auta [&hellip;]<\/p>\n","protected":false},"author":172,"featured_media":16745,"comment_status":"open","ping_status":"open","sticky":false,"template":"","format":"standard","meta":{"footnotes":""},"categories":[191,33],"tags":[619,546,1500,1128,180,773,566,982,763,931,1533,35,859,523,741,901],"global-categories":[1074],"class_list":["post-16723","post","type-post","status-publish","format-standard","has-post-thumbnail","hentry","category-odporucame","category-sbot","tag-bicyklovanie","tag-cyklistika","tag-cyklodovolenka","tag-dovolenka","tag-horska-cyklistika","tag-hory","tag-leto","tag-levoca","tag-oddych","tag-odporucame","tag-priroda","tag-sbot","tag-skoda-mtb-maraton-levocske-vrchy","tag-slovensko","tag-tip-na-vylet","tag-turistika","global-categories-cycling"],"yoast_head":"<!-- This site is optimized with the Yoast SEO Premium plugin v25.3 (Yoast SEO v25.9) - https:\/\/yoast.com\/wordpress\/plugins\/seo\/ -->\n<title>Tip na v\u00fdlet: Vyjazdi\u0165 marat\u00f3n v\u00a0prostred\u00ed Levo\u010dsk\u00fdch vrchov<\/title>\n<meta name=\"description\" content=\"Pre\u010do osta\u0165 v kr\u00e1snej pr\u00edrode Levo\u010dsk\u00fdch vrchov aj po absolvovan\u00ed \u0160koda MTB marat\u00f3n Levo\u010dsk\u00e9 vrchy, a kam sa vybra\u0165 na bicykli.\" \/>\n<meta name=\"robots\" content=\"index, follow, max-snippet:-1, max-image-preview:large, max-video-preview:-1\" \/>\n<link rel=\"canonical\" href=\"https:\/\/www.welovecycling.com\/sk\/2023\/07\/06\/tip-na-vylet-vyjazdit-maraton-v-prostredi-levocskych-vrchov\/\" \/>\n<meta property=\"og:locale\" content=\"sk_SK\" \/>\n<meta property=\"og:type\" content=\"article\" \/>\n<meta property=\"og:title\" content=\"Tip na v\u00fdlet: Vyjazdi\u0165 marat\u00f3n v\u00a0prostred\u00ed Levo\u010dsk\u00fdch vrchov\" \/>\n<meta property=\"og:description\" content=\"Pre\u010do osta\u0165 v kr\u00e1snej pr\u00edrode Levo\u010dsk\u00fdch vrchov aj po absolvovan\u00ed \u0160koda MTB marat\u00f3n Levo\u010dsk\u00e9 vrchy, a kam sa vybra\u0165 na bicykli.\" \/>\n<meta property=\"og:url\" content=\"https:\/\/www.welovecycling.com\/sk\/2023\/07\/06\/tip-na-vylet-vyjazdit-maraton-v-prostredi-levocskych-vrchov\/\" \/>\n<meta property=\"og:site_name\" content=\"\u0160koda We Love Cycling Slovensko\" \/>\n<meta property=\"article:published_time\" content=\"2023-07-06T08:00:40+00:00\" \/>\n<meta property=\"article:modified_time\" content=\"2023-07-06T08:39:13+00:00\" \/>\n<meta property=\"og:image\" content=\"https:\/\/d2p6e6u75xmxt8.cloudfront.net\/4\/2023\/02\/titulka-1.webp\" \/>\n\t<meta property=\"og:image:width\" content=\"990\" \/>\n\t<meta property=\"og:image:height\" content=\"660\" \/>\n\t<meta property=\"og:image:type\" content=\"image\/webp\" \/>\n<meta name=\"author\" content=\"dominika\" \/>\n<meta name=\"twitter:card\" content=\"summary_large_image\" \/>\n<meta name=\"twitter:label1\" content=\"Written by\" \/>\n\t<meta name=\"twitter:data1\" content=\"Maro\u0161 Gleva\u0148\u00e1k\" \/>\n\t<meta name=\"twitter:label2\" content=\"Est. reading time\" \/>\n\t<meta name=\"twitter:data2\" content=\"4\" \/>\n<script type=\"application\/ld+json\" class=\"yoast-schema-graph\">{\"@context\":\"https:\/\/schema.org\",\"@graph\":[{\"@type\":\"WebPage\",\"@id\":\"https:\/\/www.welovecycling.com\/sk\/2023\/07\/06\/tip-na-vylet-vyjazdit-maraton-v-prostredi-levocskych-vrchov\/\",\"url\":\"https:\/\/www.welovecycling.com\/sk\/2023\/07\/06\/tip-na-vylet-vyjazdit-maraton-v-prostredi-levocskych-vrchov\/\",\"name\":\"Tip na v\u00fdlet: Vyjazdi\u0165 marat\u00f3n v\u00a0prostred\u00ed Levo\u010dsk\u00fdch vrchov\",\"isPartOf\":{\"@id\":\"https:\/\/www.welovecycling.com\/sk\/#website\"},\"primaryImageOfPage\":{\"@id\":\"https:\/\/www.welovecycling.com\/sk\/2023\/07\/06\/tip-na-vylet-vyjazdit-maraton-v-prostredi-levocskych-vrchov\/#primaryimage\"},\"image\":{\"@id\":\"https:\/\/www.welovecycling.com\/sk\/2023\/07\/06\/tip-na-vylet-vyjazdit-maraton-v-prostredi-levocskych-vrchov\/#primaryimage\"},\"thumbnailUrl\":\"https:\/\/d2p6e6u75xmxt8.cloudfront.net\/4\/2023\/02\/titulka-1.webp\",\"datePublished\":\"2023-07-06T08:00:40+00:00\",\"dateModified\":\"2023-07-06T08:39:13+00:00\",\"author\":{\"@id\":\"https:\/\/www.welovecycling.com\/sk\/#\/schema\/person\/533b62b98b6c41bd5135ebfb1f742624\"},\"description\":\"Pre\u010do osta\u0165 v kr\u00e1snej pr\u00edrode Levo\u010dsk\u00fdch vrchov aj po absolvovan\u00ed \u0160koda MTB marat\u00f3n Levo\u010dsk\u00e9 vrchy, a kam sa vybra\u0165 na bicykli.\",\"breadcrumb\":{\"@id\":\"https:\/\/www.welovecycling.com\/sk\/2023\/07\/06\/tip-na-vylet-vyjazdit-maraton-v-prostredi-levocskych-vrchov\/#breadcrumb\"},\"inLanguage\":\"sk-SK\",\"potentialAction\":[{\"@type\":\"ReadAction\",\"target\":[\"https:\/\/www.welovecycling.com\/sk\/2023\/07\/06\/tip-na-vylet-vyjazdit-maraton-v-prostredi-levocskych-vrchov\/\"]}]},{\"@type\":\"ImageObject\",\"inLanguage\":\"sk-SK\",\"@id\":\"https:\/\/www.welovecycling.com\/sk\/2023\/07\/06\/tip-na-vylet-vyjazdit-maraton-v-prostredi-levocskych-vrchov\/#primaryimage\",\"url\":\"https:\/\/d2p6e6u75xmxt8.cloudfront.net\/4\/2023\/02\/titulka-1.webp\",\"contentUrl\":\"https:\/\/d2p6e6u75xmxt8.cloudfront.net\/4\/2023\/02\/titulka-1.webp\",\"width\":990,\"height\":660},{\"@type\":\"BreadcrumbList\",\"@id\":\"https:\/\/www.welovecycling.com\/sk\/2023\/07\/06\/tip-na-vylet-vyjazdit-maraton-v-prostredi-levocskych-vrchov\/#breadcrumb\",\"itemListElement\":[{\"@type\":\"ListItem\",\"position\":1,\"name\":\"Home\",\"item\":\"https:\/\/www.welovecycling.com\/sk\/\"},{\"@type\":\"ListItem\",\"position\":2,\"name\":\"Tip na v\u00fdlet: Vyjazdi\u0165 marat\u00f3n v\u00a0prostred\u00ed Levo\u010dsk\u00fdch vrchov\"}]},{\"@type\":\"WebSite\",\"@id\":\"https:\/\/www.welovecycling.com\/sk\/#website\",\"url\":\"https:\/\/www.welovecycling.com\/sk\/\",\"name\":\"\u0160koda We Love Cycling Slovensko\",\"description\":\"\u0160koda We Love Cycling Slovensko je v\u00e1\u0161 ka\u017edodenn\u00fd zdroj noviniek a in\u0161pir\u00e1cie z sveta cyklistiky\",\"potentialAction\":[{\"@type\":\"SearchAction\",\"target\":{\"@type\":\"EntryPoint\",\"urlTemplate\":\"https:\/\/www.welovecycling.com\/sk\/?s={search_term_string}\"},\"query-input\":{\"@type\":\"PropertyValueSpecification\",\"valueRequired\":true,\"valueName\":\"search_term_string\"}}],\"inLanguage\":\"sk-SK\"},{\"@type\":\"Person\",\"@id\":\"https:\/\/www.welovecycling.com\/sk\/#\/schema\/person\/533b62b98b6c41bd5135ebfb1f742624\",\"name\":\"dominika\",\"image\":{\"@type\":\"ImageObject\",\"inLanguage\":\"sk-SK\",\"@id\":\"https:\/\/www.welovecycling.com\/sk\/#\/schema\/person\/image\/\",\"url\":\"https:\/\/secure.gravatar.com\/avatar\/ded6f274ba2ec3e17fff153f7d9d96a4b33c2cb63907f75d9a5309c599a7f3e6?s=96&d=mm&r=g\",\"contentUrl\":\"https:\/\/secure.gravatar.com\/avatar\/ded6f274ba2ec3e17fff153f7d9d96a4b33c2cb63907f75d9a5309c599a7f3e6?s=96&d=mm&r=g\",\"caption\":\"dominika\"},\"url\":\"https:\/\/www.welovecycling.com\/sk\/author\/dominika\/\"}]}<\/script>\n<!-- \/ Yoast SEO Premium plugin. -->","yoast_head_json":{"title":"Tip na v\u00fdlet: Vyjazdi\u0165 marat\u00f3n v\u00a0prostred\u00ed Levo\u010dsk\u00fdch vrchov","description":"Pre\u010do osta\u0165 v kr\u00e1snej pr\u00edrode Levo\u010dsk\u00fdch vrchov aj po absolvovan\u00ed \u0160koda MTB marat\u00f3n Levo\u010dsk\u00e9 vrchy, a kam sa vybra\u0165 na bicykli.","robots":{"index":"index","follow":"follow","max-snippet":"max-snippet:-1","max-image-preview":"max-image-preview:large","max-video-preview":"max-video-preview:-1"},"canonical":"https:\/\/www.welovecycling.com\/sk\/2023\/07\/06\/tip-na-vylet-vyjazdit-maraton-v-prostredi-levocskych-vrchov\/","og_locale":"sk_SK","og_type":"article","og_title":"Tip na v\u00fdlet: Vyjazdi\u0165 marat\u00f3n v\u00a0prostred\u00ed Levo\u010dsk\u00fdch vrchov","og_description":"Pre\u010do osta\u0165 v kr\u00e1snej pr\u00edrode Levo\u010dsk\u00fdch vrchov aj po absolvovan\u00ed \u0160koda MTB marat\u00f3n Levo\u010dsk\u00e9 vrchy, a kam sa vybra\u0165 na bicykli.","og_url":"https:\/\/www.welovecycling.com\/sk\/2023\/07\/06\/tip-na-vylet-vyjazdit-maraton-v-prostredi-levocskych-vrchov\/","og_site_name":"\u0160koda We Love Cycling Slovensko","article_published_time":"2023-07-06T08:00:40+00:00","article_modified_time":"2023-07-06T08:39:13+00:00","og_image":[{"width":990,"height":660,"url":"https:\/\/d2p6e6u75xmxt8.cloudfront.net\/4\/2023\/02\/titulka-1.webp","type":"image\/webp"}],"author":"dominika","twitter_card":"summary_large_image","twitter_misc":{"Written by":"Maro\u0161 Gleva\u0148\u00e1k","Est. reading time":"4"},"schema":{"@context":"https:\/\/schema.org","@graph":[{"@type":"WebPage","@id":"https:\/\/www.welovecycling.com\/sk\/2023\/07\/06\/tip-na-vylet-vyjazdit-maraton-v-prostredi-levocskych-vrchov\/","url":"https:\/\/www.welovecycling.com\/sk\/2023\/07\/06\/tip-na-vylet-vyjazdit-maraton-v-prostredi-levocskych-vrchov\/","name":"Tip na v\u00fdlet: Vyjazdi\u0165 marat\u00f3n v\u00a0prostred\u00ed Levo\u010dsk\u00fdch vrchov","isPartOf":{"@id":"https:\/\/www.welovecycling.com\/sk\/#website"},"primaryImageOfPage":{"@id":"https:\/\/www.welovecycling.com\/sk\/2023\/07\/06\/tip-na-vylet-vyjazdit-maraton-v-prostredi-levocskych-vrchov\/#primaryimage"},"image":{"@id":"https:\/\/www.welovecycling.com\/sk\/2023\/07\/06\/tip-na-vylet-vyjazdit-maraton-v-prostredi-levocskych-vrchov\/#primaryimage"},"thumbnailUrl":"https:\/\/d2p6e6u75xmxt8.cloudfront.net\/4\/2023\/02\/titulka-1.webp","datePublished":"2023-07-06T08:00:40+00:00","dateModified":"2023-07-06T08:39:13+00:00","author":{"@id":"https:\/\/www.welovecycling.com\/sk\/#\/schema\/person\/533b62b98b6c41bd5135ebfb1f742624"},"description":"Pre\u010do osta\u0165 v kr\u00e1snej pr\u00edrode Levo\u010dsk\u00fdch vrchov aj po absolvovan\u00ed \u0160koda MTB marat\u00f3n Levo\u010dsk\u00e9 vrchy, a kam sa vybra\u0165 na bicykli.","breadcrumb":{"@id":"https:\/\/www.welovecycling.com\/sk\/2023\/07\/06\/tip-na-vylet-vyjazdit-maraton-v-prostredi-levocskych-vrchov\/#breadcrumb"},"inLanguage":"sk-SK","potentialAction":[{"@type":"ReadAction","target":["https:\/\/www.welovecycling.com\/sk\/2023\/07\/06\/tip-na-vylet-vyjazdit-maraton-v-prostredi-levocskych-vrchov\/"]}]},{"@type":"ImageObject","inLanguage":"sk-SK","@id":"https:\/\/www.welovecycling.com\/sk\/2023\/07\/06\/tip-na-vylet-vyjazdit-maraton-v-prostredi-levocskych-vrchov\/#primaryimage","url":"https:\/\/d2p6e6u75xmxt8.cloudfront.net\/4\/2023\/02\/titulka-1.webp","contentUrl":"https:\/\/d2p6e6u75xmxt8.cloudfront.net\/4\/2023\/02\/titulka-1.webp","width":990,"height":660},{"@type":"BreadcrumbList","@id":"https:\/\/www.welovecycling.com\/sk\/2023\/07\/06\/tip-na-vylet-vyjazdit-maraton-v-prostredi-levocskych-vrchov\/#breadcrumb","itemListElement":[{"@type":"ListItem","position":1,"name":"Home","item":"https:\/\/www.welovecycling.com\/sk\/"},{"@type":"ListItem","position":2,"name":"Tip na v\u00fdlet: Vyjazdi\u0165 marat\u00f3n v\u00a0prostred\u00ed Levo\u010dsk\u00fdch vrchov"}]},{"@type":"WebSite","@id":"https:\/\/www.welovecycling.com\/sk\/#website","url":"https:\/\/www.welovecycling.com\/sk\/","name":"\u0160koda We Love Cycling Slovensko","description":"\u0160koda We Love Cycling Slovensko je v\u00e1\u0161 ka\u017edodenn\u00fd zdroj noviniek a in\u0161pir\u00e1cie z sveta cyklistiky","potentialAction":[{"@type":"SearchAction","target":{"@type":"EntryPoint","urlTemplate":"https:\/\/www.welovecycling.com\/sk\/?s={search_term_string}"},"query-input":{"@type":"PropertyValueSpecification","valueRequired":true,"valueName":"search_term_string"}}],"inLanguage":"sk-SK"},{"@type":"Person","@id":"https:\/\/www.welovecycling.com\/sk\/#\/schema\/person\/533b62b98b6c41bd5135ebfb1f742624","name":"dominika","image":{"@type":"ImageObject","inLanguage":"sk-SK","@id":"https:\/\/www.welovecycling.com\/sk\/#\/schema\/person\/image\/","url":"https:\/\/secure.gravatar.com\/avatar\/ded6f274ba2ec3e17fff153f7d9d96a4b33c2cb63907f75d9a5309c599a7f3e6?s=96&d=mm&r=g","contentUrl":"https:\/\/secure.gravatar.com\/avatar\/ded6f274ba2ec3e17fff153f7d9d96a4b33c2cb63907f75d9a5309c599a7f3e6?s=96&d=mm&r=g","caption":"dominika"},"url":"https:\/\/www.welovecycling.com\/sk\/author\/dominika\/"}]}},"_links":{"self":[{"href":"https:\/\/www.welovecycling.com\/sk\/wp-json\/wp\/v2\/posts\/16723","targetHints":{"allow":["GET"]}}],"collection":[{"href":"https:\/\/www.welovecycling.com\/sk\/wp-json\/wp\/v2\/posts"}],"about":[{"href":"https:\/\/www.welovecycling.com\/sk\/wp-json\/wp\/v2\/types\/post"}],"author":[{"embeddable":true,"href":"https:\/\/www.welovecycling.com\/sk\/wp-json\/wp\/v2\/users\/172"}],"replies":[{"embeddable":true,"href":"https:\/\/www.welovecycling.com\/sk\/wp-json\/wp\/v2\/comments?post=16723"}],"version-history":[{"count":6,"href":"https:\/\/www.welovecycling.com\/sk\/wp-json\/wp\/v2\/posts\/16723\/revisions"}],"predecessor-version":[{"id":17835,"href":"https:\/\/www.welovecycling.com\/sk\/wp-json\/wp\/v2\/posts\/16723\/revisions\/17835"}],"wp:featuredmedia":[{"embeddable":true,"href":"https:\/\/www.welovecycling.com\/sk\/wp-json\/wp\/v2\/media\/16745"}],"wp:attachment":[{"href":"https:\/\/www.welovecycling.com\/sk\/wp-json\/wp\/v2\/media?parent=16723"}],"wp:term":[{"taxonomy":"category","embeddable":true,"href":"https:\/\/www.welovecycling.com\/sk\/wp-json\/wp\/v2\/categories?post=16723"},{"taxonomy":"post_tag","embeddable":true,"href":"https:\/\/www.welovecycling.com\/sk\/wp-json\/wp\/v2\/tags?post=16723"},{"taxonomy":"global-categories","embeddable":true,"href":"https:\/\/www.welovecycling.com\/sk\/wp-json\/wp\/v2\/global-categories?post=16723"}],"curies":[{"name":"wp","href":"https:\/\/api.w.org\/{rel}","templated":true}]}}