{"id":16712,"date":"2023-02-07T09:12:37","date_gmt":"2023-02-07T08:12:37","guid":{"rendered":"https:\/\/www.welovecycling.com\/sk\/?p=16712"},"modified":"2023-02-07T09:12:37","modified_gmt":"2023-02-07T08:12:37","slug":"najlepsie-menej-zname-cyklisticke-destinacie-europy-2023","status":"publish","type":"post","link":"https:\/\/www.welovecycling.com\/sk\/2023\/02\/07\/najlepsie-menej-zname-cyklisticke-destinacie-europy-2023\/","title":{"rendered":"Najlep\u0161ie menej zn\u00e1me cyklistick\u00e9 destin\u00e1cie Eur\u00f3py 2023"},"content":{"rendered":"<p><strong>Gratulujeme! Dostali ste sa cez janu\u00e1r. Prv\u00fd mesiac v roku je pre mnoh\u00fdch \u0165a\u017ek\u00fdm obdob\u00edm, preto vedzte, \u017ee ak ste sa u\u017e pri prvej vete c\u00edtili v\u00edtan\u00ed, ste v tej spr\u00e1vnej spolo\u010dnosti. Ak ste e\u0161te neza\u010dali pl\u00e1nova\u0165 na rok 2023 \u017eiadne cyklo v\u00fdlety po Eur\u00f3pe, teraz je ten spr\u00e1vny \u010das! Viete ak\u00e9 s\u00fa najkraj\u0161ie cyklistick\u00e9 destin\u00e1cie v Eur\u00f3pe?<\/strong><\/p>\n<p><!--more--><\/p>\n<p>S bl\u00ed\u017eiacou sa vlnou jari naprie\u010d kontinentom by ste si mohli u\u017e\u00edva\u0165 profesion\u00e1lne pripraven\u00e9 cafezinho alebo si pochutn\u00e1va\u0165 na \u010derstvej bagete sk\u00f4r, ne\u017e sa nazd\u00e1te. <strong>Samozrejme by to bol len bonus k n\u00e1dhern\u00fdm najazden\u00fdm kilometrom v jednej z najkraj\u0161\u00edch lokal\u00edt na svete.<\/strong><\/p>\n<p>Skuto\u010dne je v Eur\u00f3pe nieko\u013eko top cyklistick\u00fdch destin\u00e1ci\u00ed, ktor\u00e9 poskytuj\u00fa vynikaj\u00face mo\u017enosti na jazdenie. Okrem nich sa v\u0161ak ka\u017ed\u00fd rok na radar nad\u0161encov cyklistiky vkr\u00e1daj\u00fa nov\u00e9 zauj\u00edmav\u00e9 miesta. Po\u010fme sa teda pozrie\u0165 na v\u00fdber t\u00fdch najlep\u0161\u00edch cyklistick\u00fdch destin\u00e1ci\u00ed na rok 2023!<\/p>\n<h2><strong>Nechajte sa zv\u00e1bi\u0165 nesp\u00fatan\u00fdmi vodn\u00fdmi kan\u00e1lmi Alb\u00e1nska<\/strong><\/h2>\n<p>V j\u00fani minul\u00e9ho roka sa vl\u00e1da zaviazala vyhl\u00e1si\u0165 oblas\u0165 divokej rieky Vjosa za N\u00e1rodn\u00fd park, \u010d\u00edm ochr\u00e1nia rieku a vytvoria tak \u00fato\u010disko pre outdoor nad\u0161encov.<\/p>\n<p>S\u00fa\u010das\u0165ou tohto \u00fasilia je novootvoren\u00e1 cyklotrasa UNESCO. <strong>Ide o okru\u017en\u00fa cyklotrasu za\u010d\u00ednaj\u00facu z Tirany, ktor\u00e1 pokr\u00fdva juhov\u00fdchodn\u00e9 \u00fazemie Alb\u00e1nska.<\/strong> Pri odpor\u00fa\u010danej d\u013a\u017eke 15 dn\u00ed m\u00e1 trasa celkov\u00fa vzdialenos\u0165 1 080 km a kumulovan\u00e9 prev\u00fd\u0161enie 20 753 m. Po\u010das tejto dobrodru\u017enej cesty objav\u00edte skvosty juhov\u00fdchodn\u00e9ho Alb\u00e1nska, a zajazd\u00edte si \u00fa\u017easnou scen\u00e9riou pokojn\u00fdch horsk\u00fdch ciest a tyrkysov\u00e9ho pobre\u017eia I\u00f3nskeho a Jadransk\u00e9ho mora. Okrem n\u00e1dhern\u00fdch v\u00fdh\u013eadov m\u00f4\u017eete o\u010dak\u00e1va\u0165 aj vrel\u00e9 priv\u00edtanie od miestnych, ktor\u00fdch dobrosrde\u010dn\u00e1 balk\u00e1nska kult\u00fara je skuto\u010dn\u00fdm pote\u0161en\u00edm.<\/p>\n<h2><strong>Objavte r\u00f4znorod\u00fa geografiu Slovinska<\/strong><\/h2>\n<p>Okrem s\u00fa\u010dasn\u00fdch hviezd, ak\u00fdmi s\u00fa Primo\u017e Rogli\u010d a Tadej Poga\u010dar, m\u00e1 Slovinsko dlh\u00fa hist\u00f3riu \u0161pi\u010dkov\u00fdch cyklistov. Je teda prirodzen\u00e9, \u017ee zvy\u0161ok cyklistickej komunity sa za\u010dal zauj\u00edma\u0165 o to, kde sa t\u00edto talentovan\u00ed pretek\u00e1ri nau\u010dili jazdi\u0165.\u00a0 <strong>Ak skuto\u010dne h\u013ead\u00e1te v\u00fdzvu na va\u0161u \u010fal\u0161iu cyklistick\u00fa dovolenku, Slovinsko v\u00e1m m\u00e1 \u010do poskytn\u00fa\u0165.<\/strong><\/p>\n<p>V J\u00falskych Alp\u00e1ch pozd\u013a\u017e talianskych a rak\u00faskych hran\u00edc n\u00e1jdete skuto\u010dne ve\u013ekolep\u00e9 st\u00fapania. Priesmyk Vr\u0161i\u010d a sedlo Mangart pon\u00fakaj\u00fa kr\u00e1sne v\u00fdh\u013eady na okolit\u00fa pr\u00edrodu. Ak h\u013ead\u00e1te nie\u010do pokojnej\u0161ie, Slovinsko pon\u00faka v \u00fadoliach na \u00fap\u00e4t\u00ed \u00c1lp alebo v oblasti Stredozemn\u00e9ho mora aj dostupnej\u0161ie trasy. <strong>T\u00e1to mal\u00e1 krajina prekon\u00e1va o\u010dak\u00e1vania, a \u010di u\u017e ste tu na dva dni alebo dva t\u00fd\u017edne, v\u00e1\u0161 z\u00e1\u017eitok bude ur\u010dite pestr\u00fd.<\/strong> Cesty s\u00fa vo v\u0161eobecnosti kvalitn\u00e9 a krajina, ktor\u00e1 akt\u00edvne investuje do ekoturizmu, rada priv\u00edta viac cyklistov.<\/p>\n<figure id=\"attachment_16713\" aria-describedby=\"caption-attachment-16713\" style=\"width: 1000px\" class=\"wp-caption alignnone\"><a href=\"https:\/\/d2p6e6u75xmxt8.cloudfront.net\/4\/2023\/02\/Cycling-in-Slovenia-profimedia-0727433779.webp\"><img loading=\"lazy\" decoding=\"async\" class=\"size-full wp-image-16713\" src=\"https:\/\/d2p6e6u75xmxt8.cloudfront.net\/4\/2023\/02\/Cycling-in-Slovenia-profimedia-0727433779.webp\" alt=\"\" width=\"1000\" height=\"666\" srcset=\"https:\/\/d2p6e6u75xmxt8.cloudfront.net\/4\/2023\/02\/Cycling-in-Slovenia-profimedia-0727433779.webp 1000w, https:\/\/d2p6e6u75xmxt8.cloudfront.net\/4\/2023\/02\/Cycling-in-Slovenia-profimedia-0727433779-300x200.webp 300w, https:\/\/d2p6e6u75xmxt8.cloudfront.net\/4\/2023\/02\/Cycling-in-Slovenia-profimedia-0727433779-768x511.webp 768w, https:\/\/d2p6e6u75xmxt8.cloudfront.net\/4\/2023\/02\/Cycling-in-Slovenia-profimedia-0727433779-272x182.webp 272w\" sizes=\"auto, (max-width: 1000px) 100vw, 1000px\" \/><\/a><figcaption id=\"caption-attachment-16713\" class=\"wp-caption-text\">Jazero Jasna pri hore Kranjska Gora v Slovinsku. \u00a9 Profimedia<\/figcaption><\/figure>\n<h2><strong>Presk\u00famajte priesmyky a \u00fadolia \u0160vaj\u010diarska<\/strong><\/h2>\n<p>Taliansko a Franc\u00fazsko pre ich kr\u00e1sne, priam snov\u00e9 cyklocesty dost\u00e1vaj\u00fa ve\u013ea zasl\u00fa\u017eenej pozornosti. St\u00e1le viac nad\u0161encov v\u0161ak objavuje pote\u0161enie z bicyklovania po \u0161vaj\u010diarskych hor\u00e1ch. <strong>Okrem nekone\u010dn\u00fdch mo\u017enost\u00ed na dobrodru\u017estvo v menej zn\u00e1mom ter\u00e9ne poskytuj\u00fa \u0161vaj\u010diarske kopce aj dokonale udr\u017eiavan\u00e9 cesty a zdvoril\u00fdch vodi\u010dov.<\/strong><\/p>\n<p>\u0160vaj\u010diarsko m\u00e1 ve\u013ea \u00fadol\u00ed, kde si m\u00f4\u017eete odd\u00fdchnu\u0165 medzi dvoma v\u00fdstupmi. <strong>Av\u0161ak, aby ste si t\u00fato destin\u00e1ciu skuto\u010dne u\u017eili na maximum, mali by ste by\u0165 sk\u00fasenej\u0161\u00ed a ma\u0165 sebavedomie na to zdol\u00e1va\u0165 aj tie n\u00e1ro\u010dnej\u0161ie priesmyky.<\/strong> Ako pr\u00edklad si pozrite nasleduj\u00faci trojvrcholov\u00fd kombinovan\u00fd itiner\u00e1r \u2013 za\u010dnite s priesmykom Susten Pass a vytvorte slu\u010dku prepojen\u00edm s priesmykom Furka, potom to zakon\u010dite priesmykom Grismel. Tri vrcholy nad 2 200 m na trase dlhej 120 km. To v\u00f4bec nie je zl\u00e9! Na\u0161\u0165astie v\u00e1s na konci bud\u00fa \u010daka\u0165 chutn\u00e1 \u010dokol\u00e1da a lahodn\u00e9 syry.<\/p>\n<div class=\"shortcode-ys-post-pinup\"><article class=\"loop-simple post-16547 post type-post status-publish format-standard has-post-thumbnail hentry category-mtb tag-cestovanie tag-cyklisticka-destinacia tag-cyklistika tag-cyklodovolenka tag-francuzsko tag-horska-cyklistika tag-horsky-bicykel tag-kopec tag-mtb tag-mtb-jazda tag-portugalsko tag-taliansko tag-vylet tag-zabava tag-zima\" data-postid=\"16547\" role=\"article\" data-post-id=\"16547\" data-word-count=\"770\" data-headline-length=\"40\" data-category=\"MTB\" data-author=\"Martin Atanasov\" data-published=\"2023-01-06T09:00:08+01:00\" data-published-day=\"Friday\">\n    <div class=\"entry-thumbnail article-thumbnail\" content=\"https:\/\/d2p6e6u75xmxt8.cloudfront.net\/4\/2023\/01\/Gran-Canaria-profimedia-0218457242-CVR-150x150.webp\"><a href=\"https:\/\/www.welovecycling.com\/sk\/2023\/01\/06\/top5-najlepsich-miest-na-mtb-cez-zimu\/\" class=\"image-holder\" target=\"_self\"><img decoding=\"async\" loading=\"lazy\" class=\"\" src=\"https:\/\/d2p6e6u75xmxt8.cloudfront.net\/4\/2023\/01\/Gran-Canaria-profimedia-0218457242-CVR.webp\" srcset=\"https:\/\/d2p6e6u75xmxt8.cloudfront.net\/4\/2023\/01\/Gran-Canaria-profimedia-0218457242-CVR.webp 990w, https:\/\/d2p6e6u75xmxt8.cloudfront.net\/4\/2023\/01\/Gran-Canaria-profimedia-0218457242-CVR-300x200.webp 300w, https:\/\/d2p6e6u75xmxt8.cloudfront.net\/4\/2023\/01\/Gran-Canaria-profimedia-0218457242-CVR-768x512.webp 768w, https:\/\/d2p6e6u75xmxt8.cloudfront.net\/4\/2023\/01\/Gran-Canaria-profimedia-0218457242-CVR-272x182.webp 272w\" width=\"990\" height=\"660\" sizes=\"auto, (min-width: 1200px) 300px, (min-width: 768px) 25vw, 100vw\" alt=\"top5-najlepsich-miest-na-mtb-cez-zimu\"\/><\/a><\/div>    <div class=\"entry-meta\">\n        <a class=\"label label-secondary post-category\" href=\"https:\/\/www.welovecycling.com\/sk\/category\/mtb\/\" title=\"MTB\">MTB<\/a>\n    <\/div>\n    <div class=\"entry-details\">\n        <a href=\"https:\/\/www.welovecycling.com\/sk\/2023\/01\/06\/top5-najlepsich-miest-na-mtb-cez-zimu\/\" class='entry-title-wrapper'>\n            <h3 class=\"entry-title\"><span>TOP 5 najlep\u0161\u00edch miest na MTB cez zimu<\/span><\/h3>\n        <\/a>\n    <\/div>\n    <\/article>\n<\/div>\n<h2><strong>Nechajte sa ok\u00fazli\u0165 magickou krajinou \u00cdrska<\/strong><\/h2>\n<p>Ak ste ned\u00e1vno v kin\u00e1ch zachytili film Duchovia Inisherinu, je pravdepodobn\u00e9, \u017ee ste u\u017e sn\u00edvali o tom, \u017ee na nadch\u00e1dzaj\u00facom cyklistickom v\u00fdlete presk\u00famate n\u00e1dhern\u00e9 zelen\u00e9 kopce a \u00fadolia \u00cdrska. Ak si v\u0161ak nie ste ist\u00ed, kde za\u010da\u0165, dovo\u013ete n\u00e1m navrhn\u00fa\u0165 Galway.<\/p>\n<p>Galway, pr\u00edstavn\u00e9 mesto na z\u00e1padnom pobre\u017e\u00ed \u00cdrska, le\u017e\u00ed priamo na mieste, kde sa rieka Corrib stret\u00e1va s Atlantick\u00fdm oce\u00e1nom. <strong>Okrem p\u00f4vabn\u00e9ho mestsk\u00e9ho centra pon\u00faka okolie niektor\u00e9 z t\u00fdch najok\u00faz\u013euj\u00facej\u0161\u00edch v\u00fdh\u013eadov, ak\u00e9 si dok\u00e1\u017eete predstavi\u0165.<\/strong> V regi\u00f3ne p\u00f4sob\u00ed aj nieko\u013eko sk\u00fasen\u00fdch cestovn\u00fdch kancel\u00e1ri\u00ed, tak\u017ee pl\u00e1novanie m\u00f4\u017eete necha\u0165 na in\u00fdch a u\u017ei\u0165 si pokojn\u00fd, nieko\u013ekod\u0148ov\u00fd v\u00fdlet so sprievodcom po \u010dastiach Z\u00e1padn\u00e9ho \u00cdrska, bez davov turistov. Na n\u00e1v\u0161tevu sa odpor\u00fa\u010da vyhradi\u0165 si letn\u00e9 mesiace. Pam\u00e4tajte v\u0161ak, \u017ee krajina je notoricky zn\u00e1ma svojimi da\u017ediv\u00fdmi d\u0148ami, preto si ur\u010dite priba\u013ete spo\u013eahliv\u00e9 vybavenie do da\u017e\u010fa bez oh\u013eadu na predpove\u010f.<\/p>\n<h2><strong>U\u017eite si celoro\u010dn\u00e9 slnko a n\u00e1ro\u010dn\u00e9 trasy v Algarve<\/strong><\/h2>\n<p>Spo\u010diatku si pri my\u0161lienke na Algarve m\u00f4\u017eete predstavi\u0165 obrazy pobre\u017eia zaliateho slnkom a posiateho vt\u00e1kmi. Ak sa v\u0161ak oto\u010d\u00edte chrbtom k vode a zamierite do Serra de Monchique, tam za\u010d\u00edna skuto\u010dn\u00e1 z\u00e1bava! <strong>N\u00e1dhern\u00e9 32-kilometrov dlh\u00e9 pohorie sa tiahne po juhoz\u00e1padnom pobre\u017e\u00ed krajiny a poskytuje \u00fachvatn\u00e9 v\u00fdh\u013eady na Atlantick\u00fd oce\u00e1n aj na v\u00fdchod celej krajiny.<\/strong><\/p>\n<p>Je tu skvel\u00fd 80 km dlh\u00fd okruh, pre ktor\u00fd Monchique sl\u00fa\u017ei ako pekn\u00fd \u0161tart. V z\u00e1vislosti od v\u00e1\u0161ho ubytovania sa v\u0161ak m\u00f4\u017eete na okruh napoji\u0165 odkia\u013eko\u013evek. <strong>Pri pl\u00e1novan\u00ed tr\u00e1s si tie\u017e nezabudnite pozrie\u0165 \u201eVolta ao Algarve\u201c, jedny z prv\u00fdch profesion\u00e1lnych pretekov, na ktor\u00fdch sa ka\u017ed\u00fd febru\u00e1r uskuto\u010d\u0148uje ve\u013ek\u00e9 stretnutie cyklistov.<\/strong><\/p>\n","protected":false},"excerpt":{"rendered":"<p>Gratulujeme! Dostali ste sa cez janu\u00e1r. Prv\u00fd mesiac v roku je pre mnoh\u00fdch \u0165a\u017ek\u00fdm obdob\u00edm, preto vedzte, \u017ee ak ste [&hellip;]<\/p>\n","protected":false},"author":172,"featured_media":16715,"comment_status":"open","ping_status":"open","sticky":false,"template":"","format":"standard","meta":{"footnotes":""},"categories":[118],"tags":[1582,619,115,916,1500,1128,533,180,1580,1445,469,1581,815,741,508],"global-categories":[],"class_list":["post-16712","post","type-post","status-publish","format-standard","has-post-thumbnail","hentry","category-zabava","tag-albansko","tag-bicyklovanie","tag-cestna-cyklistika","tag-cyklisticka-destinacia","tag-cyklodovolenka","tag-dovolenka","tag-europa","tag-horska-cyklistika","tag-irsko","tag-portugalsko","tag-slovinsko","tag-svajciarsko","tag-svet","tag-tip-na-vylet","tag-vylet"],"yoast_head":"<!-- This site is optimized with the Yoast SEO Premium plugin v25.3 (Yoast SEO v25.9) - https:\/\/yoast.com\/wordpress\/plugins\/seo\/ -->\n<title>Najlep\u0161ie menej zn\u00e1me cyklistick\u00e9 destin\u00e1cie Eur\u00f3py 2023<\/title>\n<meta name=\"description\" content=\"Ka\u017ed\u00fd rok n\u00e1m na radar prib\u00fadaj\u00fa nov\u00e9 cyklistick\u00e9 destin\u00e1cie. Pozrime sa na tie najlep\u0161ie miesta na rok 2023!\" \/>\n<meta name=\"robots\" content=\"index, follow, max-snippet:-1, max-image-preview:large, max-video-preview:-1\" \/>\n<link rel=\"canonical\" href=\"https:\/\/www.welovecycling.com\/sk\/2023\/02\/07\/najlepsie-menej-zname-cyklisticke-destinacie-europy-2023\/\" \/>\n<meta property=\"og:locale\" content=\"sk_SK\" \/>\n<meta property=\"og:type\" content=\"article\" \/>\n<meta property=\"og:title\" content=\"Najlep\u0161ie menej zn\u00e1me cyklistick\u00e9 destin\u00e1cie Eur\u00f3py 2023\" \/>\n<meta property=\"og:description\" content=\"Ka\u017ed\u00fd rok n\u00e1m na radar prib\u00fadaj\u00fa nov\u00e9 cyklistick\u00e9 destin\u00e1cie. Pozrime sa na tie najlep\u0161ie miesta na rok 2023!\" \/>\n<meta property=\"og:url\" content=\"https:\/\/www.welovecycling.com\/sk\/2023\/02\/07\/najlepsie-menej-zname-cyklisticke-destinacie-europy-2023\/\" \/>\n<meta property=\"og:site_name\" content=\"\u0160koda We Love Cycling Slovensko\" \/>\n<meta property=\"article:published_time\" content=\"2023-02-07T08:12:37+00:00\" \/>\n<meta property=\"og:image\" content=\"https:\/\/d2p6e6u75xmxt8.cloudfront.net\/4\/2023\/02\/Algarve-Cycling-profimedia-0658090154-CVR.webp\" \/>\n\t<meta property=\"og:image:width\" content=\"990\" \/>\n\t<meta property=\"og:image:height\" content=\"660\" \/>\n\t<meta property=\"og:image:type\" content=\"image\/webp\" \/>\n<meta name=\"author\" content=\"dominika\" \/>\n<meta name=\"twitter:card\" content=\"summary_large_image\" \/>\n<meta name=\"twitter:label1\" content=\"Written by\" \/>\n\t<meta name=\"twitter:data1\" content=\"Martin Atanasov\" \/>\n\t<meta name=\"twitter:label2\" content=\"Est. reading time\" \/>\n\t<meta name=\"twitter:data2\" content=\"6\" \/>\n<script type=\"application\/ld+json\" class=\"yoast-schema-graph\">{\"@context\":\"https:\/\/schema.org\",\"@graph\":[{\"@type\":\"WebPage\",\"@id\":\"https:\/\/www.welovecycling.com\/sk\/2023\/02\/07\/najlepsie-menej-zname-cyklisticke-destinacie-europy-2023\/\",\"url\":\"https:\/\/www.welovecycling.com\/sk\/2023\/02\/07\/najlepsie-menej-zname-cyklisticke-destinacie-europy-2023\/\",\"name\":\"Najlep\u0161ie menej zn\u00e1me cyklistick\u00e9 destin\u00e1cie Eur\u00f3py 2023\",\"isPartOf\":{\"@id\":\"https:\/\/www.welovecycling.com\/sk\/#website\"},\"primaryImageOfPage\":{\"@id\":\"https:\/\/www.welovecycling.com\/sk\/2023\/02\/07\/najlepsie-menej-zname-cyklisticke-destinacie-europy-2023\/#primaryimage\"},\"image\":{\"@id\":\"https:\/\/www.welovecycling.com\/sk\/2023\/02\/07\/najlepsie-menej-zname-cyklisticke-destinacie-europy-2023\/#primaryimage\"},\"thumbnailUrl\":\"https:\/\/d2p6e6u75xmxt8.cloudfront.net\/4\/2023\/02\/Algarve-Cycling-profimedia-0658090154-CVR.webp\",\"datePublished\":\"2023-02-07T08:12:37+00:00\",\"author\":{\"@id\":\"https:\/\/www.welovecycling.com\/sk\/#\/schema\/person\/533b62b98b6c41bd5135ebfb1f742624\"},\"description\":\"Ka\u017ed\u00fd rok n\u00e1m na radar prib\u00fadaj\u00fa nov\u00e9 cyklistick\u00e9 destin\u00e1cie. Pozrime sa na tie najlep\u0161ie miesta na rok 2023!\",\"breadcrumb\":{\"@id\":\"https:\/\/www.welovecycling.com\/sk\/2023\/02\/07\/najlepsie-menej-zname-cyklisticke-destinacie-europy-2023\/#breadcrumb\"},\"inLanguage\":\"sk-SK\",\"potentialAction\":[{\"@type\":\"ReadAction\",\"target\":[\"https:\/\/www.welovecycling.com\/sk\/2023\/02\/07\/najlepsie-menej-zname-cyklisticke-destinacie-europy-2023\/\"]}]},{\"@type\":\"ImageObject\",\"inLanguage\":\"sk-SK\",\"@id\":\"https:\/\/www.welovecycling.com\/sk\/2023\/02\/07\/najlepsie-menej-zname-cyklisticke-destinacie-europy-2023\/#primaryimage\",\"url\":\"https:\/\/d2p6e6u75xmxt8.cloudfront.net\/4\/2023\/02\/Algarve-Cycling-profimedia-0658090154-CVR.webp\",\"contentUrl\":\"https:\/\/d2p6e6u75xmxt8.cloudfront.net\/4\/2023\/02\/Algarve-Cycling-profimedia-0658090154-CVR.webp\",\"width\":990,\"height\":660,\"caption\":\"Cycling in the Algarve\"},{\"@type\":\"BreadcrumbList\",\"@id\":\"https:\/\/www.welovecycling.com\/sk\/2023\/02\/07\/najlepsie-menej-zname-cyklisticke-destinacie-europy-2023\/#breadcrumb\",\"itemListElement\":[{\"@type\":\"ListItem\",\"position\":1,\"name\":\"Home\",\"item\":\"https:\/\/www.welovecycling.com\/sk\/\"},{\"@type\":\"ListItem\",\"position\":2,\"name\":\"Najlep\u0161ie menej zn\u00e1me cyklistick\u00e9 destin\u00e1cie Eur\u00f3py 2023\"}]},{\"@type\":\"WebSite\",\"@id\":\"https:\/\/www.welovecycling.com\/sk\/#website\",\"url\":\"https:\/\/www.welovecycling.com\/sk\/\",\"name\":\"\u0160koda We Love Cycling Slovensko\",\"description\":\"\u0160koda We Love Cycling Slovensko je v\u00e1\u0161 ka\u017edodenn\u00fd zdroj noviniek a in\u0161pir\u00e1cie z sveta cyklistiky\",\"potentialAction\":[{\"@type\":\"SearchAction\",\"target\":{\"@type\":\"EntryPoint\",\"urlTemplate\":\"https:\/\/www.welovecycling.com\/sk\/?s={search_term_string}\"},\"query-input\":{\"@type\":\"PropertyValueSpecification\",\"valueRequired\":true,\"valueName\":\"search_term_string\"}}],\"inLanguage\":\"sk-SK\"},{\"@type\":\"Person\",\"@id\":\"https:\/\/www.welovecycling.com\/sk\/#\/schema\/person\/533b62b98b6c41bd5135ebfb1f742624\",\"name\":\"dominika\",\"image\":{\"@type\":\"ImageObject\",\"inLanguage\":\"sk-SK\",\"@id\":\"https:\/\/www.welovecycling.com\/sk\/#\/schema\/person\/image\/\",\"url\":\"https:\/\/secure.gravatar.com\/avatar\/ded6f274ba2ec3e17fff153f7d9d96a4b33c2cb63907f75d9a5309c599a7f3e6?s=96&d=mm&r=g\",\"contentUrl\":\"https:\/\/secure.gravatar.com\/avatar\/ded6f274ba2ec3e17fff153f7d9d96a4b33c2cb63907f75d9a5309c599a7f3e6?s=96&d=mm&r=g\",\"caption\":\"dominika\"},\"url\":\"https:\/\/www.welovecycling.com\/sk\/author\/dominika\/\"}]}<\/script>\n<!-- \/ Yoast SEO Premium plugin. -->","yoast_head_json":{"title":"Najlep\u0161ie menej zn\u00e1me cyklistick\u00e9 destin\u00e1cie Eur\u00f3py 2023","description":"Ka\u017ed\u00fd rok n\u00e1m na radar prib\u00fadaj\u00fa nov\u00e9 cyklistick\u00e9 destin\u00e1cie. Pozrime sa na tie najlep\u0161ie miesta na rok 2023!","robots":{"index":"index","follow":"follow","max-snippet":"max-snippet:-1","max-image-preview":"max-image-preview:large","max-video-preview":"max-video-preview:-1"},"canonical":"https:\/\/www.welovecycling.com\/sk\/2023\/02\/07\/najlepsie-menej-zname-cyklisticke-destinacie-europy-2023\/","og_locale":"sk_SK","og_type":"article","og_title":"Najlep\u0161ie menej zn\u00e1me cyklistick\u00e9 destin\u00e1cie Eur\u00f3py 2023","og_description":"Ka\u017ed\u00fd rok n\u00e1m na radar prib\u00fadaj\u00fa nov\u00e9 cyklistick\u00e9 destin\u00e1cie. Pozrime sa na tie najlep\u0161ie miesta na rok 2023!","og_url":"https:\/\/www.welovecycling.com\/sk\/2023\/02\/07\/najlepsie-menej-zname-cyklisticke-destinacie-europy-2023\/","og_site_name":"\u0160koda We Love Cycling Slovensko","article_published_time":"2023-02-07T08:12:37+00:00","og_image":[{"width":990,"height":660,"url":"https:\/\/d2p6e6u75xmxt8.cloudfront.net\/4\/2023\/02\/Algarve-Cycling-profimedia-0658090154-CVR.webp","type":"image\/webp"}],"author":"dominika","twitter_card":"summary_large_image","twitter_misc":{"Written by":"Martin Atanasov","Est. reading time":"6"},"schema":{"@context":"https:\/\/schema.org","@graph":[{"@type":"WebPage","@id":"https:\/\/www.welovecycling.com\/sk\/2023\/02\/07\/najlepsie-menej-zname-cyklisticke-destinacie-europy-2023\/","url":"https:\/\/www.welovecycling.com\/sk\/2023\/02\/07\/najlepsie-menej-zname-cyklisticke-destinacie-europy-2023\/","name":"Najlep\u0161ie menej zn\u00e1me cyklistick\u00e9 destin\u00e1cie Eur\u00f3py 2023","isPartOf":{"@id":"https:\/\/www.welovecycling.com\/sk\/#website"},"primaryImageOfPage":{"@id":"https:\/\/www.welovecycling.com\/sk\/2023\/02\/07\/najlepsie-menej-zname-cyklisticke-destinacie-europy-2023\/#primaryimage"},"image":{"@id":"https:\/\/www.welovecycling.com\/sk\/2023\/02\/07\/najlepsie-menej-zname-cyklisticke-destinacie-europy-2023\/#primaryimage"},"thumbnailUrl":"https:\/\/d2p6e6u75xmxt8.cloudfront.net\/4\/2023\/02\/Algarve-Cycling-profimedia-0658090154-CVR.webp","datePublished":"2023-02-07T08:12:37+00:00","author":{"@id":"https:\/\/www.welovecycling.com\/sk\/#\/schema\/person\/533b62b98b6c41bd5135ebfb1f742624"},"description":"Ka\u017ed\u00fd rok n\u00e1m na radar prib\u00fadaj\u00fa nov\u00e9 cyklistick\u00e9 destin\u00e1cie. Pozrime sa na tie najlep\u0161ie miesta na rok 2023!","breadcrumb":{"@id":"https:\/\/www.welovecycling.com\/sk\/2023\/02\/07\/najlepsie-menej-zname-cyklisticke-destinacie-europy-2023\/#breadcrumb"},"inLanguage":"sk-SK","potentialAction":[{"@type":"ReadAction","target":["https:\/\/www.welovecycling.com\/sk\/2023\/02\/07\/najlepsie-menej-zname-cyklisticke-destinacie-europy-2023\/"]}]},{"@type":"ImageObject","inLanguage":"sk-SK","@id":"https:\/\/www.welovecycling.com\/sk\/2023\/02\/07\/najlepsie-menej-zname-cyklisticke-destinacie-europy-2023\/#primaryimage","url":"https:\/\/d2p6e6u75xmxt8.cloudfront.net\/4\/2023\/02\/Algarve-Cycling-profimedia-0658090154-CVR.webp","contentUrl":"https:\/\/d2p6e6u75xmxt8.cloudfront.net\/4\/2023\/02\/Algarve-Cycling-profimedia-0658090154-CVR.webp","width":990,"height":660,"caption":"Cycling in the Algarve"},{"@type":"BreadcrumbList","@id":"https:\/\/www.welovecycling.com\/sk\/2023\/02\/07\/najlepsie-menej-zname-cyklisticke-destinacie-europy-2023\/#breadcrumb","itemListElement":[{"@type":"ListItem","position":1,"name":"Home","item":"https:\/\/www.welovecycling.com\/sk\/"},{"@type":"ListItem","position":2,"name":"Najlep\u0161ie menej zn\u00e1me cyklistick\u00e9 destin\u00e1cie Eur\u00f3py 2023"}]},{"@type":"WebSite","@id":"https:\/\/www.welovecycling.com\/sk\/#website","url":"https:\/\/www.welovecycling.com\/sk\/","name":"\u0160koda We Love Cycling Slovensko","description":"\u0160koda We Love Cycling Slovensko je v\u00e1\u0161 ka\u017edodenn\u00fd zdroj noviniek a in\u0161pir\u00e1cie z sveta cyklistiky","potentialAction":[{"@type":"SearchAction","target":{"@type":"EntryPoint","urlTemplate":"https:\/\/www.welovecycling.com\/sk\/?s={search_term_string}"},"query-input":{"@type":"PropertyValueSpecification","valueRequired":true,"valueName":"search_term_string"}}],"inLanguage":"sk-SK"},{"@type":"Person","@id":"https:\/\/www.welovecycling.com\/sk\/#\/schema\/person\/533b62b98b6c41bd5135ebfb1f742624","name":"dominika","image":{"@type":"ImageObject","inLanguage":"sk-SK","@id":"https:\/\/www.welovecycling.com\/sk\/#\/schema\/person\/image\/","url":"https:\/\/secure.gravatar.com\/avatar\/ded6f274ba2ec3e17fff153f7d9d96a4b33c2cb63907f75d9a5309c599a7f3e6?s=96&d=mm&r=g","contentUrl":"https:\/\/secure.gravatar.com\/avatar\/ded6f274ba2ec3e17fff153f7d9d96a4b33c2cb63907f75d9a5309c599a7f3e6?s=96&d=mm&r=g","caption":"dominika"},"url":"https:\/\/www.welovecycling.com\/sk\/author\/dominika\/"}]}},"_links":{"self":[{"href":"https:\/\/www.welovecycling.com\/sk\/wp-json\/wp\/v2\/posts\/16712","targetHints":{"allow":["GET"]}}],"collection":[{"href":"https:\/\/www.welovecycling.com\/sk\/wp-json\/wp\/v2\/posts"}],"about":[{"href":"https:\/\/www.welovecycling.com\/sk\/wp-json\/wp\/v2\/types\/post"}],"author":[{"embeddable":true,"href":"https:\/\/www.welovecycling.com\/sk\/wp-json\/wp\/v2\/users\/172"}],"replies":[{"embeddable":true,"href":"https:\/\/www.welovecycling.com\/sk\/wp-json\/wp\/v2\/comments?post=16712"}],"version-history":[{"count":2,"href":"https:\/\/www.welovecycling.com\/sk\/wp-json\/wp\/v2\/posts\/16712\/revisions"}],"predecessor-version":[{"id":16749,"href":"https:\/\/www.welovecycling.com\/sk\/wp-json\/wp\/v2\/posts\/16712\/revisions\/16749"}],"wp:featuredmedia":[{"embeddable":true,"href":"https:\/\/www.welovecycling.com\/sk\/wp-json\/wp\/v2\/media\/16715"}],"wp:attachment":[{"href":"https:\/\/www.welovecycling.com\/sk\/wp-json\/wp\/v2\/media?parent=16712"}],"wp:term":[{"taxonomy":"category","embeddable":true,"href":"https:\/\/www.welovecycling.com\/sk\/wp-json\/wp\/v2\/categories?post=16712"},{"taxonomy":"post_tag","embeddable":true,"href":"https:\/\/www.welovecycling.com\/sk\/wp-json\/wp\/v2\/tags?post=16712"},{"taxonomy":"global-categories","embeddable":true,"href":"https:\/\/www.welovecycling.com\/sk\/wp-json\/wp\/v2\/global-categories?post=16712"}],"curies":[{"name":"wp","href":"https:\/\/api.w.org\/{rel}","templated":true}]}}