{"id":16706,"date":"2023-02-03T09:32:15","date_gmt":"2023-02-03T08:32:15","guid":{"rendered":"https:\/\/www.welovecycling.com\/sk\/?p=16706"},"modified":"2023-10-26T10:10:17","modified_gmt":"2023-10-26T08:10:17","slug":"ako-sa-stat-cyklistom-7-ake-typy-cyklistov-stretnete","status":"publish","type":"post","link":"https:\/\/www.welovecycling.com\/sk\/2023\/02\/03\/ako-sa-stat-cyklistom-7-ake-typy-cyklistov-stretnete\/","title":{"rendered":"Seri\u00e1l: Ako sa sta\u0165 cyklistom \u2013 7. Ak\u00e9 typy cyklistov stretnete"},"content":{"rendered":"<p>V minulej \u010dasti n\u00e1\u0161ho seri\u00e1lu sme si <a href=\"https:\/\/www.welovecycling.com\/sk\/2023\/01\/16\/ako-sa-stat-cyklistom-prve-treningove-mesiace\/\" target=\"_blank\" rel=\"noopener\">spravili pr\u00edpravu na prv\u00e9 v\u00fdjazdy<\/a>, tr\u00e9ningy a mo\u017eno ste sa rozhodli sk\u00fasi\u0165 aj prv\u00e9 preteky. Potrebujete sa v\u0161ak pripravi\u0165 aj na to, ak\u00e9 typy cyklistov na cest\u00e1ch stretnete. To preto, aby ste neboli zasko\u010den\u00ed. A mo\u017eno si aj vy n\u00e1jdete skupinku, do ktorej budete patri\u0165.<br \/>\n<!--more--><\/p>\n<h2><strong>Vern\u00fd jednej trase<\/strong><\/h2>\n<p>N\u00e1js\u0165 ob\u013e\u00faben\u00fa trasu a osta\u0165 jej vern\u00fd je jeden zo sp\u00f4sobov, ako tr\u00e9nova\u0165. Medzi cyklistami je mnoho \u013eud\u00ed, ktor\u00ed to takto maj\u00fa. <strong>Niekto m\u00e1 svoj ob\u013e\u00faben\u00fd okruh, a ke\u010f si oble\u010die cyklistick\u00fd dres, nad ni\u010d\u00edm in\u00fdm ani neprem\u00fd\u0161\u013ea.<\/strong> T\u00edto cyklisti maj\u00fa radi svoje istoty a vedia, \u017ee ich tam ni\u010d nem\u00f4\u017ee prekvapi\u0165. Spoznali svoju trasu po\u010das r\u00f4znych ro\u010dn\u00fdch obdob\u00ed, a tak vedia, \u010do ich \u010dak\u00e1.<\/p>\n<h2><strong>Ka\u017ed\u00fd de\u0148 inak<\/strong><\/h2>\n<p>Opa\u010dn\u00fdm extr\u00e9mom s\u00fa cyklisti, ktor\u00ed ka\u017ed\u00fd v\u00fdjazd musia spozn\u00e1va\u0165 nov\u00e9 miesta a priam sa desia toho, \u017ee by i\u0161li dvakr\u00e1t t\u00fa ist\u00fa trasu. Ve\u013emi r\u00fdchlo spoznaj\u00fa okolie svojho bydliska a \u010doskoro za\u010dn\u00fa cestova\u0165 po krajine a vyh\u013ead\u00e1va\u0165 nov\u00e9 miesta. <strong>V\u00fdhodou tak\u00fdchto cyklistov je, \u017ee v\u010faka tomu v\u00e1m dok\u00e1\u017eu poradi\u0165 r\u00f4zne zauj\u00edmav\u00e9 lokality vhodn\u00e9 na cyklistiku.<\/strong> V ide\u00e1lnom pr\u00edpade o tom na str\u00e1nky We Love Cycling <a href=\"https:\/\/www.welovecycling.com\/sk\/2022\/08\/26\/tip-na-vylet-krasny-zitkov-a-zitkovske-bohyne\/\" target=\"_blank\" rel=\"noopener\">nap\u00ed\u0161u \u010dl\u00e1nok<\/a> \u010di report\u00e1\u017e.<\/p>\n<h2><strong>St\u00e1le nov\u00e9 v\u00fdzvy<\/strong><\/h2>\n<p>T\u00edto cyklisti s\u00fa podobn\u00e1 kateg\u00f3ria ako t\u00e1 predch\u00e1dzaj\u00faca, ale nevad\u00ed im jazdi\u0165 na tom istom mieste viackr\u00e1t, dokonca si aj tu dok\u00e1\u017eu n\u00e1js\u0165 nejak\u00fa v\u00fdzvu. Napr\u00edklad, \u010do najviackr\u00e1t po\u010das d\u0148a prejs\u0165 t\u00fa ist\u00fa trasu. <strong>Ako u\u017e tu\u0161\u00edte, s\u00fa to \u0161portovci, ktor\u00ed maj\u00fa t\u00fa\u017ebu prekon\u00e1va\u0165 seba ale aj in\u00fdch, zaka\u017ed\u00fdm, ke\u010f sadn\u00fa na bicykel.<\/strong> \u010ci u\u017e je to <a href=\"https:\/\/www.welovecycling.com\/sk\/2023\/01\/27\/everesting-vyzva-pre-kazdeho\/\" target=\"_blank\" rel=\"noopener\">Everesting<\/a>, Gerlaching alebo in\u00e9 podobne v\u00fdzvy. S pr\u00edchodom aplik\u00e1cie Strava a mo\u017enosti meran\u00fdch segmentov ich chu\u0165 preteka\u0165 len nar\u00e1stla a niekedy to prerastie a\u017e do akejsi m\u00e1nie.<\/p>\n<h2><strong>Len ke\u010f je dokonal\u00e9 po\u010dasie<\/strong><\/h2>\n<p>Mo\u017eno si potrpia na \u010distotu oble\u010denia a lesk svojho bicykla, a tak vyr\u00e1\u017eaj\u00fa na cesty len v pr\u00edpade dokonal\u00e9ho po\u010dasia a oblohy bez mr\u00e1\u010dika. <strong>Potrebuj\u00fa istotu, \u017ee nebud\u00fa potrebova\u0165 nepremokav\u00fa bundu.<\/strong> To im s\u00edce nikto nem\u00f4\u017ee zaru\u010di\u0165, ale predpove\u010f po\u010dasia sleduj\u00fa \u010dastej\u0161ie ako svoje soci\u00e1lne siete. Je jasn\u00e9, \u017ee s tak\u00fdmto pr\u00edstupom k cyklistike si ve\u013ea nezajazdia, ale len aby ste vedeli, \u017ee aj tak\u00ed s\u00fa medzi nami.<\/p>\n<p><img loading=\"lazy\" decoding=\"async\" class=\"alignnone size-full wp-image-16710\" src=\"https:\/\/d2p6e6u75xmxt8.cloudfront.net\/4\/2023\/01\/01-1-e1675324978943.webp\" alt=\"cyklisti na jese\u0148\" width=\"990\" height=\"660\" srcset=\"https:\/\/d2p6e6u75xmxt8.cloudfront.net\/4\/2023\/01\/01-1-e1675324978943.webp 990w, https:\/\/d2p6e6u75xmxt8.cloudfront.net\/4\/2023\/01\/01-1-e1675324978943-300x200.webp 300w, https:\/\/d2p6e6u75xmxt8.cloudfront.net\/4\/2023\/01\/01-1-e1675324978943-768x512.webp 768w, https:\/\/d2p6e6u75xmxt8.cloudfront.net\/4\/2023\/01\/01-1-e1675324978943-272x182.webp 272w\" sizes=\"auto, (max-width: 990px) 100vw, 990px\" \/><\/p>\n<h2><strong>Za ka\u017ed\u00e9ho po\u010dasia<\/strong><\/h2>\n<p>A znova tu m\u00e1me opa\u010dn\u00fd extr\u00e9m \u2013 cyklistov, ktor\u00fdm nevad\u00ed vietor, d\u00e1\u017e\u010f a dokonca ani sneh. <strong>Dr\u017eia sa hesla, \u017ee neexistuje zl\u00e9 po\u010dasie, len zle oble\u010den\u00fd cyklista.<\/strong> Pravidelne \u0161okuj\u00fa na soci\u00e1lnych sie\u0165ach fotkami z v\u00fdjazdov v \u010dase, ke\u010f vy ste sedeli s hor\u00facim \u010dajom na gau\u010di. Oni sa vtedy brodili v hlbokom snehu, alebo po\u010das da\u017e\u010fa str\u00e1vili v sedle p\u00e1r hod\u00edn. No \u010do u\u017e, nemus\u00edme si bra\u0165 z ka\u017ed\u00e9ho pr\u00edklad.<\/p>\n<h2><strong>Skri\u0148a pln\u00e1 cyklistick\u00e9ho oble\u010denia<\/strong><\/h2>\n<p><strong>Nez\u00e1le\u017e\u00ed, \u010di je to \u017eena alebo mu\u017e, s\u00fa to \u0161portovci, ktor\u00ed neodolaj\u00fa \u017eiadnej technologickej novinke v oblasti oble\u010denia.<\/strong> Nepremokav\u00e9 bundy, funk\u010dne pr\u00e1dlo, dres, ktor\u00fd dokonale saje pot, nohavice, ktor\u00e9 v chladnom po\u010das\u00ed zahrej\u00fa at\u010f. Skr\u00e1tka, oble\u010denie je v ich pr\u00edpade prvorad\u00e9. Niektor\u00ed to maj\u00fa podobn\u00e9 aj s bicyklami a komponentami, ale o tom sn\u00e1\u010f niekedy nabud\u00face.<\/p>\n<p>Aby som v\u0161ak nekrivdil jednej malej podskupine tak\u00fdchto \u013eud\u00ed a tou s\u00fa redaktori cyklistick\u00fdch magaz\u00ednov, ktor\u00ed toto oble\u010denie musia testova\u0165, a t\u00fdm p\u00e1dom im ost\u00e1va vo vlastn\u00edctve. Samozrejme im to nez\u00e1vid\u00edme a sme radi, \u017ee sa obetuj\u00fa testovan\u00edm t\u00fdchto veci pre n\u00e1s.<\/p>\n","protected":false},"excerpt":{"rendered":"<p>V minulej \u010dasti n\u00e1\u0161ho seri\u00e1lu sme si spravili pr\u00edpravu na prv\u00e9 v\u00fdjazdy, tr\u00e9ningy a mo\u017eno ste sa rozhodli sk\u00fasi\u0165 aj [&hellip;]<\/p>\n","protected":false},"author":172,"featured_media":16707,"comment_status":"open","ping_status":"open","sticky":false,"template":"","format":"standard","meta":{"footnotes":""},"categories":[191],"tags":[559,619,115,597,1246,1307,180,767,931,848],"global-categories":[1074],"class_list":["post-16706","post","type-post","status-publish","format-standard","has-post-thumbnail","hentry","category-odporucame","tag-bicykel","tag-bicyklovanie","tag-cestna-cyklistika","tag-cyklista","tag-cyklisticka-komunita","tag-domaci-trening","tag-horska-cyklistika","tag-motivacia","tag-odporucame","tag-zivotny-styl","global-categories-cycling"],"yoast_head":"<!-- This site is optimized with the Yoast SEO Premium plugin v25.3 (Yoast SEO v25.9) - https:\/\/yoast.com\/wordpress\/plugins\/seo\/ -->\n<title>Seri\u00e1l: Ako sa sta\u0165 cyklistom \u2013 7. Ak\u00e9 typy cyklistov stretnete -<\/title>\n<meta name=\"description\" content=\"Nebu\u010fte prekvapen\u00ed, ke\u010f stretnete tieto typy cyklistov. Mo\u017eno si aj vy medzi nimi n\u00e1jdete skupinku, do ktorej budete patri\u0165.\" \/>\n<meta name=\"robots\" content=\"index, follow, max-snippet:-1, max-image-preview:large, max-video-preview:-1\" \/>\n<link rel=\"canonical\" href=\"https:\/\/www.welovecycling.com\/sk\/2023\/02\/03\/ako-sa-stat-cyklistom-7-ake-typy-cyklistov-stretnete\/\" \/>\n<meta property=\"og:locale\" content=\"sk_SK\" \/>\n<meta property=\"og:type\" content=\"article\" \/>\n<meta property=\"og:title\" content=\"Seri\u00e1l: Ako sa sta\u0165 cyklistom \u2013 7. Ak\u00e9 typy cyklistov stretnete\" \/>\n<meta property=\"og:description\" content=\"Nebu\u010fte prekvapen\u00ed, ke\u010f stretnete tieto typy cyklistov. Mo\u017eno si aj vy medzi nimi n\u00e1jdete skupinku, do ktorej budete patri\u0165.\" \/>\n<meta property=\"og:url\" content=\"https:\/\/www.welovecycling.com\/sk\/2023\/02\/03\/ako-sa-stat-cyklistom-7-ake-typy-cyklistov-stretnete\/\" \/>\n<meta property=\"og:site_name\" content=\"\u0160koda We Love Cycling Slovensko\" \/>\n<meta property=\"article:published_time\" content=\"2023-02-03T08:32:15+00:00\" \/>\n<meta property=\"article:modified_time\" content=\"2023-10-26T08:10:17+00:00\" \/>\n<meta property=\"og:image\" content=\"https:\/\/d2p6e6u75xmxt8.cloudfront.net\/4\/2023\/01\/titulka-1-e1675159647786.webp\" \/>\n\t<meta property=\"og:image:width\" content=\"990\" \/>\n\t<meta property=\"og:image:height\" content=\"660\" \/>\n\t<meta property=\"og:image:type\" content=\"image\/webp\" \/>\n<meta name=\"author\" content=\"dominika\" \/>\n<meta name=\"twitter:card\" content=\"summary_large_image\" \/>\n<meta name=\"twitter:label1\" content=\"Written by\" \/>\n\t<meta name=\"twitter:data1\" content=\"Radovan Vr\u0161ka\" \/>\n\t<meta name=\"twitter:label2\" content=\"Est. reading time\" \/>\n\t<meta name=\"twitter:data2\" content=\"3\" \/>\n<script type=\"application\/ld+json\" class=\"yoast-schema-graph\">{\"@context\":\"https:\/\/schema.org\",\"@graph\":[{\"@type\":\"WebPage\",\"@id\":\"https:\/\/www.welovecycling.com\/sk\/2023\/02\/03\/ako-sa-stat-cyklistom-7-ake-typy-cyklistov-stretnete\/\",\"url\":\"https:\/\/www.welovecycling.com\/sk\/2023\/02\/03\/ako-sa-stat-cyklistom-7-ake-typy-cyklistov-stretnete\/\",\"name\":\"Seri\u00e1l: Ako sa sta\u0165 cyklistom \u2013 7. Ak\u00e9 typy cyklistov stretnete -\",\"isPartOf\":{\"@id\":\"https:\/\/www.welovecycling.com\/sk\/#website\"},\"primaryImageOfPage\":{\"@id\":\"https:\/\/www.welovecycling.com\/sk\/2023\/02\/03\/ako-sa-stat-cyklistom-7-ake-typy-cyklistov-stretnete\/#primaryimage\"},\"image\":{\"@id\":\"https:\/\/www.welovecycling.com\/sk\/2023\/02\/03\/ako-sa-stat-cyklistom-7-ake-typy-cyklistov-stretnete\/#primaryimage\"},\"thumbnailUrl\":\"https:\/\/d2p6e6u75xmxt8.cloudfront.net\/4\/2023\/01\/titulka-1-e1675159647786.webp\",\"datePublished\":\"2023-02-03T08:32:15+00:00\",\"dateModified\":\"2023-10-26T08:10:17+00:00\",\"author\":{\"@id\":\"https:\/\/www.welovecycling.com\/sk\/#\/schema\/person\/533b62b98b6c41bd5135ebfb1f742624\"},\"description\":\"Nebu\u010fte prekvapen\u00ed, ke\u010f stretnete tieto typy cyklistov. Mo\u017eno si aj vy medzi nimi n\u00e1jdete skupinku, do ktorej budete patri\u0165.\",\"breadcrumb\":{\"@id\":\"https:\/\/www.welovecycling.com\/sk\/2023\/02\/03\/ako-sa-stat-cyklistom-7-ake-typy-cyklistov-stretnete\/#breadcrumb\"},\"inLanguage\":\"sk-SK\",\"potentialAction\":[{\"@type\":\"ReadAction\",\"target\":[\"https:\/\/www.welovecycling.com\/sk\/2023\/02\/03\/ako-sa-stat-cyklistom-7-ake-typy-cyklistov-stretnete\/\"]}]},{\"@type\":\"ImageObject\",\"inLanguage\":\"sk-SK\",\"@id\":\"https:\/\/www.welovecycling.com\/sk\/2023\/02\/03\/ako-sa-stat-cyklistom-7-ake-typy-cyklistov-stretnete\/#primaryimage\",\"url\":\"https:\/\/d2p6e6u75xmxt8.cloudfront.net\/4\/2023\/01\/titulka-1-e1675159647786.webp\",\"contentUrl\":\"https:\/\/d2p6e6u75xmxt8.cloudfront.net\/4\/2023\/01\/titulka-1-e1675159647786.webp\",\"width\":990,\"height\":660,\"caption\":\"cyklista v zime\"},{\"@type\":\"BreadcrumbList\",\"@id\":\"https:\/\/www.welovecycling.com\/sk\/2023\/02\/03\/ako-sa-stat-cyklistom-7-ake-typy-cyklistov-stretnete\/#breadcrumb\",\"itemListElement\":[{\"@type\":\"ListItem\",\"position\":1,\"name\":\"Home\",\"item\":\"https:\/\/www.welovecycling.com\/sk\/\"},{\"@type\":\"ListItem\",\"position\":2,\"name\":\"Seri\u00e1l: Ako sa sta\u0165 cyklistom \u2013 7. Ak\u00e9 typy cyklistov stretnete\"}]},{\"@type\":\"WebSite\",\"@id\":\"https:\/\/www.welovecycling.com\/sk\/#website\",\"url\":\"https:\/\/www.welovecycling.com\/sk\/\",\"name\":\"\u0160koda We Love Cycling Slovensko\",\"description\":\"\u0160koda We Love Cycling Slovensko je v\u00e1\u0161 ka\u017edodenn\u00fd zdroj noviniek a in\u0161pir\u00e1cie z sveta cyklistiky\",\"potentialAction\":[{\"@type\":\"SearchAction\",\"target\":{\"@type\":\"EntryPoint\",\"urlTemplate\":\"https:\/\/www.welovecycling.com\/sk\/?s={search_term_string}\"},\"query-input\":{\"@type\":\"PropertyValueSpecification\",\"valueRequired\":true,\"valueName\":\"search_term_string\"}}],\"inLanguage\":\"sk-SK\"},{\"@type\":\"Person\",\"@id\":\"https:\/\/www.welovecycling.com\/sk\/#\/schema\/person\/533b62b98b6c41bd5135ebfb1f742624\",\"name\":\"dominika\",\"image\":{\"@type\":\"ImageObject\",\"inLanguage\":\"sk-SK\",\"@id\":\"https:\/\/www.welovecycling.com\/sk\/#\/schema\/person\/image\/\",\"url\":\"https:\/\/secure.gravatar.com\/avatar\/ded6f274ba2ec3e17fff153f7d9d96a4b33c2cb63907f75d9a5309c599a7f3e6?s=96&d=mm&r=g\",\"contentUrl\":\"https:\/\/secure.gravatar.com\/avatar\/ded6f274ba2ec3e17fff153f7d9d96a4b33c2cb63907f75d9a5309c599a7f3e6?s=96&d=mm&r=g\",\"caption\":\"dominika\"},\"url\":\"https:\/\/www.welovecycling.com\/sk\/author\/dominika\/\"}]}<\/script>\n<!-- \/ Yoast SEO Premium plugin. -->","yoast_head_json":{"title":"Seri\u00e1l: Ako sa sta\u0165 cyklistom \u2013 7. Ak\u00e9 typy cyklistov stretnete -","description":"Nebu\u010fte prekvapen\u00ed, ke\u010f stretnete tieto typy cyklistov. Mo\u017eno si aj vy medzi nimi n\u00e1jdete skupinku, do ktorej budete patri\u0165.","robots":{"index":"index","follow":"follow","max-snippet":"max-snippet:-1","max-image-preview":"max-image-preview:large","max-video-preview":"max-video-preview:-1"},"canonical":"https:\/\/www.welovecycling.com\/sk\/2023\/02\/03\/ako-sa-stat-cyklistom-7-ake-typy-cyklistov-stretnete\/","og_locale":"sk_SK","og_type":"article","og_title":"Seri\u00e1l: Ako sa sta\u0165 cyklistom \u2013 7. Ak\u00e9 typy cyklistov stretnete","og_description":"Nebu\u010fte prekvapen\u00ed, ke\u010f stretnete tieto typy cyklistov. Mo\u017eno si aj vy medzi nimi n\u00e1jdete skupinku, do ktorej budete patri\u0165.","og_url":"https:\/\/www.welovecycling.com\/sk\/2023\/02\/03\/ako-sa-stat-cyklistom-7-ake-typy-cyklistov-stretnete\/","og_site_name":"\u0160koda We Love Cycling Slovensko","article_published_time":"2023-02-03T08:32:15+00:00","article_modified_time":"2023-10-26T08:10:17+00:00","og_image":[{"width":990,"height":660,"url":"https:\/\/d2p6e6u75xmxt8.cloudfront.net\/4\/2023\/01\/titulka-1-e1675159647786.webp","type":"image\/webp"}],"author":"dominika","twitter_card":"summary_large_image","twitter_misc":{"Written by":"Radovan Vr\u0161ka","Est. reading time":"3"},"schema":{"@context":"https:\/\/schema.org","@graph":[{"@type":"WebPage","@id":"https:\/\/www.welovecycling.com\/sk\/2023\/02\/03\/ako-sa-stat-cyklistom-7-ake-typy-cyklistov-stretnete\/","url":"https:\/\/www.welovecycling.com\/sk\/2023\/02\/03\/ako-sa-stat-cyklistom-7-ake-typy-cyklistov-stretnete\/","name":"Seri\u00e1l: Ako sa sta\u0165 cyklistom \u2013 7. Ak\u00e9 typy cyklistov stretnete -","isPartOf":{"@id":"https:\/\/www.welovecycling.com\/sk\/#website"},"primaryImageOfPage":{"@id":"https:\/\/www.welovecycling.com\/sk\/2023\/02\/03\/ako-sa-stat-cyklistom-7-ake-typy-cyklistov-stretnete\/#primaryimage"},"image":{"@id":"https:\/\/www.welovecycling.com\/sk\/2023\/02\/03\/ako-sa-stat-cyklistom-7-ake-typy-cyklistov-stretnete\/#primaryimage"},"thumbnailUrl":"https:\/\/d2p6e6u75xmxt8.cloudfront.net\/4\/2023\/01\/titulka-1-e1675159647786.webp","datePublished":"2023-02-03T08:32:15+00:00","dateModified":"2023-10-26T08:10:17+00:00","author":{"@id":"https:\/\/www.welovecycling.com\/sk\/#\/schema\/person\/533b62b98b6c41bd5135ebfb1f742624"},"description":"Nebu\u010fte prekvapen\u00ed, ke\u010f stretnete tieto typy cyklistov. Mo\u017eno si aj vy medzi nimi n\u00e1jdete skupinku, do ktorej budete patri\u0165.","breadcrumb":{"@id":"https:\/\/www.welovecycling.com\/sk\/2023\/02\/03\/ako-sa-stat-cyklistom-7-ake-typy-cyklistov-stretnete\/#breadcrumb"},"inLanguage":"sk-SK","potentialAction":[{"@type":"ReadAction","target":["https:\/\/www.welovecycling.com\/sk\/2023\/02\/03\/ako-sa-stat-cyklistom-7-ake-typy-cyklistov-stretnete\/"]}]},{"@type":"ImageObject","inLanguage":"sk-SK","@id":"https:\/\/www.welovecycling.com\/sk\/2023\/02\/03\/ako-sa-stat-cyklistom-7-ake-typy-cyklistov-stretnete\/#primaryimage","url":"https:\/\/d2p6e6u75xmxt8.cloudfront.net\/4\/2023\/01\/titulka-1-e1675159647786.webp","contentUrl":"https:\/\/d2p6e6u75xmxt8.cloudfront.net\/4\/2023\/01\/titulka-1-e1675159647786.webp","width":990,"height":660,"caption":"cyklista v zime"},{"@type":"BreadcrumbList","@id":"https:\/\/www.welovecycling.com\/sk\/2023\/02\/03\/ako-sa-stat-cyklistom-7-ake-typy-cyklistov-stretnete\/#breadcrumb","itemListElement":[{"@type":"ListItem","position":1,"name":"Home","item":"https:\/\/www.welovecycling.com\/sk\/"},{"@type":"ListItem","position":2,"name":"Seri\u00e1l: Ako sa sta\u0165 cyklistom \u2013 7. Ak\u00e9 typy cyklistov stretnete"}]},{"@type":"WebSite","@id":"https:\/\/www.welovecycling.com\/sk\/#website","url":"https:\/\/www.welovecycling.com\/sk\/","name":"\u0160koda We Love Cycling Slovensko","description":"\u0160koda We Love Cycling Slovensko je v\u00e1\u0161 ka\u017edodenn\u00fd zdroj noviniek a in\u0161pir\u00e1cie z sveta cyklistiky","potentialAction":[{"@type":"SearchAction","target":{"@type":"EntryPoint","urlTemplate":"https:\/\/www.welovecycling.com\/sk\/?s={search_term_string}"},"query-input":{"@type":"PropertyValueSpecification","valueRequired":true,"valueName":"search_term_string"}}],"inLanguage":"sk-SK"},{"@type":"Person","@id":"https:\/\/www.welovecycling.com\/sk\/#\/schema\/person\/533b62b98b6c41bd5135ebfb1f742624","name":"dominika","image":{"@type":"ImageObject","inLanguage":"sk-SK","@id":"https:\/\/www.welovecycling.com\/sk\/#\/schema\/person\/image\/","url":"https:\/\/secure.gravatar.com\/avatar\/ded6f274ba2ec3e17fff153f7d9d96a4b33c2cb63907f75d9a5309c599a7f3e6?s=96&d=mm&r=g","contentUrl":"https:\/\/secure.gravatar.com\/avatar\/ded6f274ba2ec3e17fff153f7d9d96a4b33c2cb63907f75d9a5309c599a7f3e6?s=96&d=mm&r=g","caption":"dominika"},"url":"https:\/\/www.welovecycling.com\/sk\/author\/dominika\/"}]}},"_links":{"self":[{"href":"https:\/\/www.welovecycling.com\/sk\/wp-json\/wp\/v2\/posts\/16706","targetHints":{"allow":["GET"]}}],"collection":[{"href":"https:\/\/www.welovecycling.com\/sk\/wp-json\/wp\/v2\/posts"}],"about":[{"href":"https:\/\/www.welovecycling.com\/sk\/wp-json\/wp\/v2\/types\/post"}],"author":[{"embeddable":true,"href":"https:\/\/www.welovecycling.com\/sk\/wp-json\/wp\/v2\/users\/172"}],"replies":[{"embeddable":true,"href":"https:\/\/www.welovecycling.com\/sk\/wp-json\/wp\/v2\/comments?post=16706"}],"version-history":[{"count":2,"href":"https:\/\/www.welovecycling.com\/sk\/wp-json\/wp\/v2\/posts\/16706\/revisions"}],"predecessor-version":[{"id":18422,"href":"https:\/\/www.welovecycling.com\/sk\/wp-json\/wp\/v2\/posts\/16706\/revisions\/18422"}],"wp:featuredmedia":[{"embeddable":true,"href":"https:\/\/www.welovecycling.com\/sk\/wp-json\/wp\/v2\/media\/16707"}],"wp:attachment":[{"href":"https:\/\/www.welovecycling.com\/sk\/wp-json\/wp\/v2\/media?parent=16706"}],"wp:term":[{"taxonomy":"category","embeddable":true,"href":"https:\/\/www.welovecycling.com\/sk\/wp-json\/wp\/v2\/categories?post=16706"},{"taxonomy":"post_tag","embeddable":true,"href":"https:\/\/www.welovecycling.com\/sk\/wp-json\/wp\/v2\/tags?post=16706"},{"taxonomy":"global-categories","embeddable":true,"href":"https:\/\/www.welovecycling.com\/sk\/wp-json\/wp\/v2\/global-categories?post=16706"}],"curies":[{"name":"wp","href":"https:\/\/api.w.org\/{rel}","templated":true}]}}