{"id":16698,"date":"2023-02-21T09:00:02","date_gmt":"2023-02-21T08:00:02","guid":{"rendered":"https:\/\/www.welovecycling.com\/sk\/?p=16698"},"modified":"2023-02-17T14:45:03","modified_gmt":"2023-02-17T13:45:03","slug":"finale-ligure-preco-je-toto-miesto-ako-stvorene-pre-zimne-enduro-jazdy","status":"publish","type":"post","link":"https:\/\/www.welovecycling.com\/sk\/2023\/02\/21\/finale-ligure-preco-je-toto-miesto-ako-stvorene-pre-zimne-enduro-jazdy\/","title":{"rendered":"Finale Ligure: Pre\u010do je toto miesto ako stvoren\u00e9 pre zimn\u00e9 enduro jazdy"},"content":{"rendered":"<p><strong>Ak ste sa rozhodli pres\u0165ahova\u0165 stovky kilometrov od v\u00e1\u0161ho domova a usadi\u0165 sa, museli ste sa do toho miesta bl\u00e1znivo zamilova\u0165. Presne toto sa stalo Dominike Dur\u010d\u00e1kovej z \u010ciech, ktor\u00e1 sa pres\u0165ahovala do Finale Ligure. D\u00f4vod? Po\u010dasie, talianska kult\u00fara a horsk\u00e1 cyklistika. \u201eNezn\u00e1\u0161am studen\u00e9 zimy, svoju krajinu som opustila kv\u00f4li Finale Ligure, preto\u017ee tam m\u00f4\u017eem jazdi\u0165 cel\u00fd rok. V roku 2016 to bola l\u00e1ska na prv\u00fd poh\u013ead,\u201d vysvet\u013euje Dominika d\u00f4vody, kv\u00f4li ktor\u00fdm sa rozhodla zosta\u0165 na mieste, ktor\u00e9 je s\u00fa\u010das\u0165ou talianskej rivi\u00e9ry, pribli\u017ene hodinu autom z\u00e1padne od Janova.<\/strong><\/p>\n<p><!--more--><\/p>\n<p><strong>Okrem pieskov\u00fdch pl\u00e1\u017e\u00ed a v\u00fdh\u013eadov je toto miesto zn\u00e1me aj pre jeho neuverite\u013en\u00fa sie\u0165 enduro trat\u00ed.<\/strong> Dominika moment\u00e1lne pracuje ako cyklosprievodca. Po tom, \u010do Finale nav\u0161t\u00edvila viac ne\u017e tridsa\u0165kr\u00e1t, sa postupne nau\u010dila trate naspam\u00e4\u0165, v\u010faka \u010domu mohla za\u010da\u0165 sprev\u00e1dza\u0165 najsk\u00f4r svojich kamar\u00e1tov a nesk\u00f4r dokonca aj z\u00e1kazn\u00edkov.<\/p>\n<p>Narozdiel od priemern\u00e9ho bikeparku sa traily nenach\u00e1dzaj\u00fa len na jednom kopci, ale s\u00fa roztr\u00fasen\u00e9 na pobre\u017en\u00fdch hor\u00e1ch aj vo vn\u00fatrozem\u00ed. \u201e<em>N\u00e1v\u0161tevn\u00edci, ktor\u00ed nie s\u00fa obozn\u00e1men\u00ed s miestnou geografiou, sa m\u00f4\u017eu \u013eahko strati\u0165, preto ak chc\u00fa svoj \u010das vyu\u017ei\u0165 efekt\u00edvne, odpor\u00fa\u010dam im, naja\u0165 si sprievodcu,<\/em>\u201d hovor\u00ed Dominika. <strong>Na v\u00fdber sa tu nach\u00e1dzaj\u00fa dve ve\u013ek\u00e9 spolo\u010dnosti, poskytuj\u00face kyvadlov\u00fa dopravu a nieko\u013eko tuctov mal\u00fdch.<\/strong> \u201e<em>Ka\u017ed\u00fd z\u00e1kazn\u00edk h\u013ead\u00e1 nie\u010do in\u00e9. K\u00fdm niektor\u00ed vyh\u013ead\u00e1vaj\u00fa n\u00e1ro\u010dn\u00e9, technick\u00e9 downhill jazdy, in\u00ed m\u00f4\u017eu preferova\u0165 sk\u00f4r rodinn\u00fd v\u00fdlet. Finale Ligure poskytuje oboje,<\/em>\u201d hovor\u00ed Dominika, ktor\u00e1 pracuje pre miestnu spolo\u010dnos\u0165 <a href=\"https:\/\/www.cascinadelgroppo.com\/it\/\">Cascina del Groppo<\/a>.<\/p>\n<figure id=\"attachment_16699\" aria-describedby=\"caption-attachment-16699\" style=\"width: 1080px\" class=\"wp-caption alignnone\"><a href=\"https:\/\/d2p6e6u75xmxt8.cloudfront.net\/4\/2023\/01\/finale_ligure_dominika7.webp\"><img loading=\"lazy\" decoding=\"async\" class=\"wp-image-16699 size-full\" src=\"https:\/\/d2p6e6u75xmxt8.cloudfront.net\/4\/2023\/01\/finale_ligure_dominika7.webp\" alt=\"Finale Ligure\" width=\"1080\" height=\"720\" srcset=\"https:\/\/d2p6e6u75xmxt8.cloudfront.net\/4\/2023\/01\/finale_ligure_dominika7.webp 1080w, https:\/\/d2p6e6u75xmxt8.cloudfront.net\/4\/2023\/01\/finale_ligure_dominika7-300x200.webp 300w, https:\/\/d2p6e6u75xmxt8.cloudfront.net\/4\/2023\/01\/finale_ligure_dominika7-1024x683.webp 1024w, https:\/\/d2p6e6u75xmxt8.cloudfront.net\/4\/2023\/01\/finale_ligure_dominika7-768x512.webp 768w, https:\/\/d2p6e6u75xmxt8.cloudfront.net\/4\/2023\/01\/finale_ligure_dominika7-272x182.webp 272w\" sizes=\"auto, (max-width: 1080px) 100vw, 1080px\" \/><\/a><figcaption id=\"caption-attachment-16699\" class=\"wp-caption-text\">Malebn\u00e9 trate Finale Ligure.<\/figcaption><\/figure>\n<p>Hlavn\u00e9 v\u00fdhody? <strong>Z mnoh\u00fdch trat\u00ed je vidie\u0165 more, \u010do pon\u00faka pr\u00edjemn\u00fa letn\u00fa atmosf\u00e9ru aj po\u010das zimn\u00fdch v\u00fdjazdov.<\/strong> Teplota v janu\u00e1ri a febru\u00e1ri sa pohybuje okolo 15 \u00b0C, tak\u017ee kra\u0165asy a dres v\u00e1m bud\u00fa mo\u017eno sta\u010di\u0165, no je lep\u0161ie ma\u0165 so sebou v batohu aj nie\u010do teplej\u0161ie. Po\u010dasie je pr\u00edjemne tepl\u00e9, k\u00fdm svieti slnko, no vietor m\u00f4\u017ee tento pr\u00edjemn\u00fd pocit pokazi\u0165.<\/p>\n<p><strong>Bikeri s\u00fa medzi miestnymi ve\u013emi popul\u00e1rni, nako\u013eko s\u00fa ich hlavn\u00fdm zdrojom turistick\u00fdch pr\u00edjmov mimo letn\u00fa sez\u00f3nu<\/strong>. Ke\u010f miestni \u0161of\u00e9ri stretn\u00fa na ceste dvoch ved\u013ea seba id\u00facich cyklistov, netr\u00fabia po nich. Pr\u00e1ve\u017ee ich pekne ob\u00eddu a dokonca im aj zak\u00fdvaj\u00fa.<\/p>\n<p>Pod\u013ea Dominiky je na Finale Ligure cca stovka trailov. V okol\u00ed funguje nieko\u013eko skup\u00edn, ktor\u00e9 tieto traily prev\u00e1dzkuj\u00fa a staraj\u00fa sa o ne. Sie\u0165 tr\u00e1s sa neust\u00e1le roz\u0161iruje. Zatia\u013e \u010do v minulosti preva\u017eovali n\u00e1ro\u010dnej\u0161ie traily pre sk\u00fasen\u00fdch jazdcov, dnes sa stavia viac trat\u00ed pre t\u00fdch menej sk\u00fasen\u00fdch. \u201e<em>Nie je to ni\u010d pre \u00fapln\u00fdch za\u010diato\u010dn\u00edkov, no t\u00ed, ktor\u00ed jazdia v bikeparkoch \u010derven\u00e9 traily, si n\u00e1jdu na Finale Ligure to svoje,<\/em>\u201d hovor\u00ed Dominika. <strong>Navy\u0161e, ned\u00e1vno boli v Pietra Ligure vybudovan\u00e9 traily pre ebiky, ktor\u00e9 pon\u00fakaj\u00fa mnoho tr\u00e1s do kopca, ktor\u00e9 bud\u00fa vyhovova\u0165 rodin\u00e1m aj \u0161portovo zalo\u017een\u00fdm jazdcom.<\/strong> <\/p>\n<p><strong>Takmer v\u0161etky traily vo Finale s\u00fa \u013eahko dostupn\u00e9, v\u010faka spevnen\u00fdm cest\u00e1m, no t\u00fdm, ktor\u00ed by chceli ok\u00fasi\u0165 viac miestnych trailov, sa odpor\u00fa\u010da prenaja\u0165 si kyvadlov\u00fa dopravu na bicykle.<\/strong> Ide o dod\u00e1vky so \u0161peci\u00e1lnymi voz\u00edkmi na prepravu bicyklov. Tie maj\u00fa kapacitu 5-10 \u013eud\u00ed a vozia bikerov hore na kopce. Jednoducho nalo\u017e\u00edte bicykel na stojan, nast\u00fapite si a nech\u00e1te sa vyviez\u0165 a\u017e na vrchol kopca. S\u00fa tu k dispoz\u00edcii tie\u017e v\u00e4\u010d\u0161ie dod\u00e1vky s jednorazov\u00fdm v\u00fdvozom s kapacitou a\u017e do 20 \u013eud\u00ed, no tie\u017e sa tu n\u00e1jdu ter\u00e9nne aut\u00e1, v\u010faka ktor\u00fdm sa dostanete do nepr\u00edstupn\u00fdch miest na jazdu v ter\u00e9ne.<\/p>\n<p>Aj napriek pomoci vo forme kyvadlovej dopravy je jazdenie po Finale n\u00e1ro\u010dnou sk\u00fasenos\u0165ou. Na jedenkr\u00e1t m\u00f4\u017eete z\u00eds\u0165 3000-3500 vertik\u00e1lnych metrov. Nesk\u00fasen\u00fd jazdec nemus\u00ed na druh\u00fd de\u0148 vl\u00e1da\u0165 dr\u017ea\u0165 riad\u00edtka. Na niektor\u00fdch trailoch nakles\u00e1te napr. len 200 metrov, av\u0161ak nach\u00e1dzaj\u00fa sa tu aj 11 kilometrov dlh\u00e9 traily s 800-metrov\u00fdm prev\u00fd\u0161en\u00edm. Na konci ka\u017edej trasy \u010dak\u00e1 dod\u00e1vka, aby v\u00e1s vyviezla na \u010fal\u0161\u00ed kopec. Vzh\u013eadom na ich d\u013a\u017eku si m\u00f4\u017eete za de\u0148 zajazdi\u0165 po 6 a\u017e 12 trailoch. <strong>Ak si chcete da\u0165 od downhillu prest\u00e1vku, m\u00f4\u017eete sa necha\u0165 vyviez\u0165 na kopec a de\u0148 str\u00e1vi\u0165 cross-country jazdou a pomal\u00fdm zostupom k moru.<\/strong> <\/p>\n<figure id=\"attachment_16700\" aria-describedby=\"caption-attachment-16700\" style=\"width: 1080px\" class=\"wp-caption alignnone\"><a href=\"https:\/\/d2p6e6u75xmxt8.cloudfront.net\/4\/2023\/01\/finale_ligure_dominika3.webp\"><img loading=\"lazy\" decoding=\"async\" class=\"wp-image-16700 size-full\" src=\"https:\/\/d2p6e6u75xmxt8.cloudfront.net\/4\/2023\/01\/finale_ligure_dominika3.webp\" alt=\"\" width=\"1080\" height=\"720\" srcset=\"https:\/\/d2p6e6u75xmxt8.cloudfront.net\/4\/2023\/01\/finale_ligure_dominika3.webp 1080w, https:\/\/d2p6e6u75xmxt8.cloudfront.net\/4\/2023\/01\/finale_ligure_dominika3-300x200.webp 300w, https:\/\/d2p6e6u75xmxt8.cloudfront.net\/4\/2023\/01\/finale_ligure_dominika3-1024x683.webp 1024w, https:\/\/d2p6e6u75xmxt8.cloudfront.net\/4\/2023\/01\/finale_ligure_dominika3-768x512.webp 768w, https:\/\/d2p6e6u75xmxt8.cloudfront.net\/4\/2023\/01\/finale_ligure_dominika3-272x182.webp 272w\" sizes=\"auto, (max-width: 1080px) 100vw, 1080px\" \/><\/a><figcaption id=\"caption-attachment-16700\" class=\"wp-caption-text\">Finale Ligure je jednou z top svetov\u00fdch destin\u00e1ci\u00ed pre MTB jazdy.<\/figcaption><\/figure>\n<p><strong>T\u00ed, \u010do radi jazdia s\u00f3lo, si m\u00f4\u017eu od \u0161of\u00e9rov dod\u00e1vok zaobstara\u0165 mapu cyklo tr\u00e1s, aby mali lep\u0161\u00ed preh\u013ead o n\u00e1ro\u010dnosti jednotliv\u00fdch lok\u00e1ci\u00ed.<\/strong> Alternat\u00edvou je interakt\u00edvna aplik\u00e1cia Trailfolks, ktor\u00e1 je zadarmo. T\u00e1to aplik\u00e1cia m\u00e1 v sebe v\u0161etky trasy, ktor\u00e9 v\u010faka GPS sign\u00e1lu m\u00f4\u017eete jazdi\u0165 bez probl\u00e9mov a v\u017edy pozna\u0165 svoju polohu. Farebn\u00e9 zna\u010dky ozna\u010duj\u00fa stupe\u0148 n\u00e1ro\u010dnosti. Zelen\u00e9 a modr\u00e9 s\u00fa \u013eahk\u00e9 trasy, \u010dierne s\u00fa pre pokro\u010dil\u00fdch a \u010derven\u00e9 s\u00fa tie naj\u0165a\u017e\u0161ie. <\/p>\n<p>A \u010do v\u00fdbava? <strong>Nutnos\u0165ou je enduro bicykel s aspo\u0148 140 mm zdvihom vpredu aj vzadu.<\/strong> \u201e<em>V\u0161etk\u00fdm odpor\u00fa\u010dam bezdu\u0161ov\u00e9 syst\u00e9my, aby sa vyhli otravn\u00fdm defektom, ktor\u00e9 s\u00fa pri koles\u00e1ch s du\u0161ou \u010dast\u00e9. Chr\u00e1ni\u010de a integr\u00e1lna prilba s\u00fa pre predch\u00e1dzanie zraneniam nevyhnutn\u00e9.<\/em>\u201d<\/p>\n<p>Samotn\u00e9 Finale je rozdelen\u00e9 na Finalborgo, star\u00e9 mesto, a mesto Finale Ligure. V starom meste n\u00e1jdete mno\u017estvo re\u0161taur\u00e1ci\u00ed, st\u00e1nkov so zmrzlinou a kaviarn\u00ed, ktor\u00e9 pon\u00fakaj\u00fa skvel\u00fd oddych po \u00fanavnom dni na biku. <strong>Dominika odpor\u00fa\u010da tr\u00e1vi\u0165 popoludnie na kr\u00e1snej promen\u00e1de pri pl\u00e1\u017ei, kde si po jazde m\u00f4\u017eu bikeri sadn\u00fa\u0165 na pivo.<\/strong> Do star\u00e9ho mesta m\u00f4\u017eu vst\u00fapi\u0165 len z\u00e1sobovacie aut\u00e1, tak\u017ee je tam zaru\u010den\u00e1 \u00fatuln\u00e1 atmosf\u00e9ra. V\u0161etky mal\u00e9 obchod\u00edky m\u00f4\u017eete objavova\u0165 v pokoji. Stredovek\u00fd charakter dod\u00e1va star\u00e9mu mestu \u0161pecifick\u00fd n\u00e1dych. \u201e<em>Ak v\u00e1s doma tr\u00e1pi zima, nev\u00e1hajte a pr\u00ed\u010fte sem. Ver\u00edm, \u017ee Finale Ligure v\u00e1s urob\u00ed \u0161\u0165astn\u00fdmi!<\/em>\u201d s\u013eubuje Dominika. <\/p>\n<p>S Dominikou sa m\u00f4\u017eete <a href=\"https:\/\/www.instagram.com\/dominikar4f\/\">skontaktova\u0165 na jej Instagrame.<\/a><\/p>\n","protected":false},"excerpt":{"rendered":"<p>Ak ste sa rozhodli pres\u0165ahova\u0165 stovky kilometrov od v\u00e1\u0161ho domova a usadi\u0165 sa, museli ste sa do toho miesta bl\u00e1znivo [&hellip;]<\/p>\n","protected":false},"author":172,"featured_media":16702,"comment_status":"open","ping_status":"open","sticky":false,"template":"","format":"standard","meta":{"footnotes":""},"categories":[3],"tags":[1288,916,546,1500,448,896,180,902,580,412,1453,815,419,741,508,317],"global-categories":[],"class_list":["post-16698","post","type-post","status-publish","format-standard","has-post-thumbnail","hentry","category-mtb","tag-bicyklovanie-v-zime","tag-cyklisticka-destinacia","tag-cyklistika","tag-cyklodovolenka","tag-cyklotrasy","tag-enduro","tag-horska-cyklistika","tag-horsky-bicykel","tag-instagram","tag-mtb","tag-mtb-jazda","tag-svet","tag-taliansko","tag-tip-na-vylet","tag-vylet","tag-zima"],"yoast_head":"<!-- This site is optimized with the Yoast SEO Premium plugin v25.3 (Yoast SEO v25.9) - https:\/\/yoast.com\/wordpress\/plugins\/seo\/ -->\n<title>Finale Ligure: Pre\u010do je toto miesto ako stvoren\u00e9 pre zimn\u00e9 enduro jazdy<\/title>\n<meta name=\"description\" content=\"Vo Finale Ligure sa nach\u00e1dza okolo sto cyklotr\u00e1s. Nieko\u013eko miestnych skup\u00edn ich prev\u00e1dzkuje a star\u00e1 sa o ne.\" \/>\n<meta name=\"robots\" content=\"index, follow, max-snippet:-1, max-image-preview:large, max-video-preview:-1\" \/>\n<link rel=\"canonical\" href=\"https:\/\/www.welovecycling.com\/sk\/2023\/02\/21\/finale-ligure-preco-je-toto-miesto-ako-stvorene-pre-zimne-enduro-jazdy\/\" \/>\n<meta property=\"og:locale\" content=\"sk_SK\" \/>\n<meta property=\"og:type\" content=\"article\" \/>\n<meta property=\"og:title\" content=\"Finale Ligure: Pre\u010do je toto miesto ako stvoren\u00e9 pre zimn\u00e9 enduro jazdy\" \/>\n<meta property=\"og:description\" content=\"Vo Finale Ligure sa nach\u00e1dza okolo sto cyklotr\u00e1s. Nieko\u013eko miestnych skup\u00edn ich prev\u00e1dzkuje a star\u00e1 sa o ne.\" \/>\n<meta property=\"og:url\" content=\"https:\/\/www.welovecycling.com\/sk\/2023\/02\/21\/finale-ligure-preco-je-toto-miesto-ako-stvorene-pre-zimne-enduro-jazdy\/\" \/>\n<meta property=\"og:site_name\" content=\"\u0160koda We Love Cycling Slovensko\" \/>\n<meta property=\"article:published_time\" content=\"2023-02-21T08:00:02+00:00\" \/>\n<meta property=\"og:image\" content=\"https:\/\/d2p6e6u75xmxt8.cloudfront.net\/4\/2023\/01\/Finale-Ligure-Dominika-CVR.webp\" \/>\n\t<meta property=\"og:image:width\" content=\"990\" \/>\n\t<meta property=\"og:image:height\" content=\"660\" \/>\n\t<meta property=\"og:image:type\" content=\"image\/webp\" \/>\n<meta name=\"author\" content=\"dominika\" \/>\n<meta name=\"twitter:card\" content=\"summary_large_image\" \/>\n<meta name=\"twitter:label1\" content=\"Written by\" \/>\n\t<meta name=\"twitter:data1\" content=\"Adam Marsal\" \/>\n\t<meta name=\"twitter:label2\" content=\"Est. reading time\" \/>\n\t<meta name=\"twitter:data2\" content=\"5\" \/>\n<script type=\"application\/ld+json\" class=\"yoast-schema-graph\">{\"@context\":\"https:\/\/schema.org\",\"@graph\":[{\"@type\":\"WebPage\",\"@id\":\"https:\/\/www.welovecycling.com\/sk\/2023\/02\/21\/finale-ligure-preco-je-toto-miesto-ako-stvorene-pre-zimne-enduro-jazdy\/\",\"url\":\"https:\/\/www.welovecycling.com\/sk\/2023\/02\/21\/finale-ligure-preco-je-toto-miesto-ako-stvorene-pre-zimne-enduro-jazdy\/\",\"name\":\"Finale Ligure: Pre\u010do je toto miesto ako stvoren\u00e9 pre zimn\u00e9 enduro jazdy\",\"isPartOf\":{\"@id\":\"https:\/\/www.welovecycling.com\/sk\/#website\"},\"primaryImageOfPage\":{\"@id\":\"https:\/\/www.welovecycling.com\/sk\/2023\/02\/21\/finale-ligure-preco-je-toto-miesto-ako-stvorene-pre-zimne-enduro-jazdy\/#primaryimage\"},\"image\":{\"@id\":\"https:\/\/www.welovecycling.com\/sk\/2023\/02\/21\/finale-ligure-preco-je-toto-miesto-ako-stvorene-pre-zimne-enduro-jazdy\/#primaryimage\"},\"thumbnailUrl\":\"https:\/\/d2p6e6u75xmxt8.cloudfront.net\/4\/2023\/01\/Finale-Ligure-Dominika-CVR.webp\",\"datePublished\":\"2023-02-21T08:00:02+00:00\",\"author\":{\"@id\":\"https:\/\/www.welovecycling.com\/sk\/#\/schema\/person\/533b62b98b6c41bd5135ebfb1f742624\"},\"description\":\"Vo Finale Ligure sa nach\u00e1dza okolo sto cyklotr\u00e1s. Nieko\u013eko miestnych skup\u00edn ich prev\u00e1dzkuje a star\u00e1 sa o ne.\",\"breadcrumb\":{\"@id\":\"https:\/\/www.welovecycling.com\/sk\/2023\/02\/21\/finale-ligure-preco-je-toto-miesto-ako-stvorene-pre-zimne-enduro-jazdy\/#breadcrumb\"},\"inLanguage\":\"sk-SK\",\"potentialAction\":[{\"@type\":\"ReadAction\",\"target\":[\"https:\/\/www.welovecycling.com\/sk\/2023\/02\/21\/finale-ligure-preco-je-toto-miesto-ako-stvorene-pre-zimne-enduro-jazdy\/\"]}]},{\"@type\":\"ImageObject\",\"inLanguage\":\"sk-SK\",\"@id\":\"https:\/\/www.welovecycling.com\/sk\/2023\/02\/21\/finale-ligure-preco-je-toto-miesto-ako-stvorene-pre-zimne-enduro-jazdy\/#primaryimage\",\"url\":\"https:\/\/d2p6e6u75xmxt8.cloudfront.net\/4\/2023\/01\/Finale-Ligure-Dominika-CVR.webp\",\"contentUrl\":\"https:\/\/d2p6e6u75xmxt8.cloudfront.net\/4\/2023\/01\/Finale-Ligure-Dominika-CVR.webp\",\"width\":990,\"height\":660,\"caption\":\"Finale Ligure\"},{\"@type\":\"BreadcrumbList\",\"@id\":\"https:\/\/www.welovecycling.com\/sk\/2023\/02\/21\/finale-ligure-preco-je-toto-miesto-ako-stvorene-pre-zimne-enduro-jazdy\/#breadcrumb\",\"itemListElement\":[{\"@type\":\"ListItem\",\"position\":1,\"name\":\"Home\",\"item\":\"https:\/\/www.welovecycling.com\/sk\/\"},{\"@type\":\"ListItem\",\"position\":2,\"name\":\"Finale Ligure: Pre\u010do je toto miesto ako stvoren\u00e9 pre zimn\u00e9 enduro jazdy\"}]},{\"@type\":\"WebSite\",\"@id\":\"https:\/\/www.welovecycling.com\/sk\/#website\",\"url\":\"https:\/\/www.welovecycling.com\/sk\/\",\"name\":\"\u0160koda We Love Cycling Slovensko\",\"description\":\"\u0160koda We Love Cycling Slovensko je v\u00e1\u0161 ka\u017edodenn\u00fd zdroj noviniek a in\u0161pir\u00e1cie z sveta cyklistiky\",\"potentialAction\":[{\"@type\":\"SearchAction\",\"target\":{\"@type\":\"EntryPoint\",\"urlTemplate\":\"https:\/\/www.welovecycling.com\/sk\/?s={search_term_string}\"},\"query-input\":{\"@type\":\"PropertyValueSpecification\",\"valueRequired\":true,\"valueName\":\"search_term_string\"}}],\"inLanguage\":\"sk-SK\"},{\"@type\":\"Person\",\"@id\":\"https:\/\/www.welovecycling.com\/sk\/#\/schema\/person\/533b62b98b6c41bd5135ebfb1f742624\",\"name\":\"dominika\",\"image\":{\"@type\":\"ImageObject\",\"inLanguage\":\"sk-SK\",\"@id\":\"https:\/\/www.welovecycling.com\/sk\/#\/schema\/person\/image\/\",\"url\":\"https:\/\/secure.gravatar.com\/avatar\/ded6f274ba2ec3e17fff153f7d9d96a4b33c2cb63907f75d9a5309c599a7f3e6?s=96&d=mm&r=g\",\"contentUrl\":\"https:\/\/secure.gravatar.com\/avatar\/ded6f274ba2ec3e17fff153f7d9d96a4b33c2cb63907f75d9a5309c599a7f3e6?s=96&d=mm&r=g\",\"caption\":\"dominika\"},\"url\":\"https:\/\/www.welovecycling.com\/sk\/author\/dominika\/\"}]}<\/script>\n<!-- \/ Yoast SEO Premium plugin. -->","yoast_head_json":{"title":"Finale Ligure: Pre\u010do je toto miesto ako stvoren\u00e9 pre zimn\u00e9 enduro jazdy","description":"Vo Finale Ligure sa nach\u00e1dza okolo sto cyklotr\u00e1s. Nieko\u013eko miestnych skup\u00edn ich prev\u00e1dzkuje a star\u00e1 sa o ne.","robots":{"index":"index","follow":"follow","max-snippet":"max-snippet:-1","max-image-preview":"max-image-preview:large","max-video-preview":"max-video-preview:-1"},"canonical":"https:\/\/www.welovecycling.com\/sk\/2023\/02\/21\/finale-ligure-preco-je-toto-miesto-ako-stvorene-pre-zimne-enduro-jazdy\/","og_locale":"sk_SK","og_type":"article","og_title":"Finale Ligure: Pre\u010do je toto miesto ako stvoren\u00e9 pre zimn\u00e9 enduro jazdy","og_description":"Vo Finale Ligure sa nach\u00e1dza okolo sto cyklotr\u00e1s. Nieko\u013eko miestnych skup\u00edn ich prev\u00e1dzkuje a star\u00e1 sa o ne.","og_url":"https:\/\/www.welovecycling.com\/sk\/2023\/02\/21\/finale-ligure-preco-je-toto-miesto-ako-stvorene-pre-zimne-enduro-jazdy\/","og_site_name":"\u0160koda We Love Cycling Slovensko","article_published_time":"2023-02-21T08:00:02+00:00","og_image":[{"width":990,"height":660,"url":"https:\/\/d2p6e6u75xmxt8.cloudfront.net\/4\/2023\/01\/Finale-Ligure-Dominika-CVR.webp","type":"image\/webp"}],"author":"dominika","twitter_card":"summary_large_image","twitter_misc":{"Written by":"Adam Marsal","Est. reading time":"5"},"schema":{"@context":"https:\/\/schema.org","@graph":[{"@type":"WebPage","@id":"https:\/\/www.welovecycling.com\/sk\/2023\/02\/21\/finale-ligure-preco-je-toto-miesto-ako-stvorene-pre-zimne-enduro-jazdy\/","url":"https:\/\/www.welovecycling.com\/sk\/2023\/02\/21\/finale-ligure-preco-je-toto-miesto-ako-stvorene-pre-zimne-enduro-jazdy\/","name":"Finale Ligure: Pre\u010do je toto miesto ako stvoren\u00e9 pre zimn\u00e9 enduro jazdy","isPartOf":{"@id":"https:\/\/www.welovecycling.com\/sk\/#website"},"primaryImageOfPage":{"@id":"https:\/\/www.welovecycling.com\/sk\/2023\/02\/21\/finale-ligure-preco-je-toto-miesto-ako-stvorene-pre-zimne-enduro-jazdy\/#primaryimage"},"image":{"@id":"https:\/\/www.welovecycling.com\/sk\/2023\/02\/21\/finale-ligure-preco-je-toto-miesto-ako-stvorene-pre-zimne-enduro-jazdy\/#primaryimage"},"thumbnailUrl":"https:\/\/d2p6e6u75xmxt8.cloudfront.net\/4\/2023\/01\/Finale-Ligure-Dominika-CVR.webp","datePublished":"2023-02-21T08:00:02+00:00","author":{"@id":"https:\/\/www.welovecycling.com\/sk\/#\/schema\/person\/533b62b98b6c41bd5135ebfb1f742624"},"description":"Vo Finale Ligure sa nach\u00e1dza okolo sto cyklotr\u00e1s. Nieko\u013eko miestnych skup\u00edn ich prev\u00e1dzkuje a star\u00e1 sa o ne.","breadcrumb":{"@id":"https:\/\/www.welovecycling.com\/sk\/2023\/02\/21\/finale-ligure-preco-je-toto-miesto-ako-stvorene-pre-zimne-enduro-jazdy\/#breadcrumb"},"inLanguage":"sk-SK","potentialAction":[{"@type":"ReadAction","target":["https:\/\/www.welovecycling.com\/sk\/2023\/02\/21\/finale-ligure-preco-je-toto-miesto-ako-stvorene-pre-zimne-enduro-jazdy\/"]}]},{"@type":"ImageObject","inLanguage":"sk-SK","@id":"https:\/\/www.welovecycling.com\/sk\/2023\/02\/21\/finale-ligure-preco-je-toto-miesto-ako-stvorene-pre-zimne-enduro-jazdy\/#primaryimage","url":"https:\/\/d2p6e6u75xmxt8.cloudfront.net\/4\/2023\/01\/Finale-Ligure-Dominika-CVR.webp","contentUrl":"https:\/\/d2p6e6u75xmxt8.cloudfront.net\/4\/2023\/01\/Finale-Ligure-Dominika-CVR.webp","width":990,"height":660,"caption":"Finale Ligure"},{"@type":"BreadcrumbList","@id":"https:\/\/www.welovecycling.com\/sk\/2023\/02\/21\/finale-ligure-preco-je-toto-miesto-ako-stvorene-pre-zimne-enduro-jazdy\/#breadcrumb","itemListElement":[{"@type":"ListItem","position":1,"name":"Home","item":"https:\/\/www.welovecycling.com\/sk\/"},{"@type":"ListItem","position":2,"name":"Finale Ligure: Pre\u010do je toto miesto ako stvoren\u00e9 pre zimn\u00e9 enduro jazdy"}]},{"@type":"WebSite","@id":"https:\/\/www.welovecycling.com\/sk\/#website","url":"https:\/\/www.welovecycling.com\/sk\/","name":"\u0160koda We Love Cycling Slovensko","description":"\u0160koda We Love Cycling Slovensko je v\u00e1\u0161 ka\u017edodenn\u00fd zdroj noviniek a in\u0161pir\u00e1cie z sveta cyklistiky","potentialAction":[{"@type":"SearchAction","target":{"@type":"EntryPoint","urlTemplate":"https:\/\/www.welovecycling.com\/sk\/?s={search_term_string}"},"query-input":{"@type":"PropertyValueSpecification","valueRequired":true,"valueName":"search_term_string"}}],"inLanguage":"sk-SK"},{"@type":"Person","@id":"https:\/\/www.welovecycling.com\/sk\/#\/schema\/person\/533b62b98b6c41bd5135ebfb1f742624","name":"dominika","image":{"@type":"ImageObject","inLanguage":"sk-SK","@id":"https:\/\/www.welovecycling.com\/sk\/#\/schema\/person\/image\/","url":"https:\/\/secure.gravatar.com\/avatar\/ded6f274ba2ec3e17fff153f7d9d96a4b33c2cb63907f75d9a5309c599a7f3e6?s=96&d=mm&r=g","contentUrl":"https:\/\/secure.gravatar.com\/avatar\/ded6f274ba2ec3e17fff153f7d9d96a4b33c2cb63907f75d9a5309c599a7f3e6?s=96&d=mm&r=g","caption":"dominika"},"url":"https:\/\/www.welovecycling.com\/sk\/author\/dominika\/"}]}},"_links":{"self":[{"href":"https:\/\/www.welovecycling.com\/sk\/wp-json\/wp\/v2\/posts\/16698","targetHints":{"allow":["GET"]}}],"collection":[{"href":"https:\/\/www.welovecycling.com\/sk\/wp-json\/wp\/v2\/posts"}],"about":[{"href":"https:\/\/www.welovecycling.com\/sk\/wp-json\/wp\/v2\/types\/post"}],"author":[{"embeddable":true,"href":"https:\/\/www.welovecycling.com\/sk\/wp-json\/wp\/v2\/users\/172"}],"replies":[{"embeddable":true,"href":"https:\/\/www.welovecycling.com\/sk\/wp-json\/wp\/v2\/comments?post=16698"}],"version-history":[{"count":2,"href":"https:\/\/www.welovecycling.com\/sk\/wp-json\/wp\/v2\/posts\/16698\/revisions"}],"predecessor-version":[{"id":16796,"href":"https:\/\/www.welovecycling.com\/sk\/wp-json\/wp\/v2\/posts\/16698\/revisions\/16796"}],"wp:featuredmedia":[{"embeddable":true,"href":"https:\/\/www.welovecycling.com\/sk\/wp-json\/wp\/v2\/media\/16702"}],"wp:attachment":[{"href":"https:\/\/www.welovecycling.com\/sk\/wp-json\/wp\/v2\/media?parent=16698"}],"wp:term":[{"taxonomy":"category","embeddable":true,"href":"https:\/\/www.welovecycling.com\/sk\/wp-json\/wp\/v2\/categories?post=16698"},{"taxonomy":"post_tag","embeddable":true,"href":"https:\/\/www.welovecycling.com\/sk\/wp-json\/wp\/v2\/tags?post=16698"},{"taxonomy":"global-categories","embeddable":true,"href":"https:\/\/www.welovecycling.com\/sk\/wp-json\/wp\/v2\/global-categories?post=16698"}],"curies":[{"name":"wp","href":"https:\/\/api.w.org\/{rel}","templated":true}]}}