{"id":16655,"date":"2023-01-27T09:00:58","date_gmt":"2023-01-27T08:00:58","guid":{"rendered":"https:\/\/www.welovecycling.com\/sk\/?p=16655"},"modified":"2023-01-26T10:54:54","modified_gmt":"2023-01-26T09:54:54","slug":"everesting-vyzva-pre-kazdeho","status":"publish","type":"post","link":"https:\/\/www.welovecycling.com\/sk\/2023\/01\/27\/everesting-vyzva-pre-kazdeho\/","title":{"rendered":"Everesting &#8211; v\u00fdzva pre ka\u017ed\u00e9ho (?)"},"content":{"rendered":"<p>Pomaly, ale isto n\u00e1m za\u010d\u00edna nov\u00e1 sez\u00f3na a s \u0148ou aj nov\u00e9 v\u00fdzvy. A tie m\u00f4\u017eu ma\u0165 skuto\u010dne r\u00f4znorod\u00e9 podoby.<!--more--><\/p>\n<p>Jednou z mojich v\u00fdziev bol pred p\u00e1r rokmi Everesting. V s\u00fa\u010dasnosti u\u017e poriadne spopularizovan\u00e1 v\u00fdzva sa vtedy dostala cez jeden z cyklistick\u00fdch port\u00e1lov aj ku mne. <strong>Prv\u00e9, \u010do som si o nej pomyslel, bolo, \u017ee je to poriadne \u0161ialen\u00e9, za de\u0148 nast\u00fapa\u0165 vy\u0161e 8 000 v\u00fd\u0161kov\u00fdch metrov\u2026<\/strong> No ke\u010f\u017ee jazdu v kopcoch milujem, nakoniec som si povedal, pre\u010do nie?<\/p>\n<p><img loading=\"lazy\" decoding=\"async\" class=\"alignnone size-full wp-image-16656\" src=\"https:\/\/d2p6e6u75xmxt8.cloudfront.net\/4\/2023\/01\/everesting_00.webp\" alt=\"\" width=\"990\" height=\"990\" \/><\/p>\n<h2><strong>Vo\u013eba kopca<\/strong><\/h2>\n<p>Samozrejme, jedn\u00fdm z najz\u00e1sadnej\u0161\u00edch rozhodnut\u00ed bolo vybra\u0165 lokalitu, kde budem jazdi\u0165. Osobne som sk\u00f4r \u201etemp\u00e1rsky\u201c typ, m\u00e1m r\u00e1d kopce, kde si na za\u010diatku zarad\u00edm nejak\u00fd prevod a pri st\u00fapan\u00ed rad\u00edm maxim\u00e1lne o jeden nahor alebo nadol. <strong>S kopcom samotn\u00fdm sa via\u017ee aj sklon \u2013 neob\u013eubujem prudk\u00e9 v\u00fd\u0161\u013eapy, ktor\u00e9 ma neust\u00e1le \u201e\u0165ahaj\u00fa\u201c za nohy, no na druhej strane je in\u00fd extr\u00e9m v podobe planej vzdialenosti s pr\u00edli\u0161 n\u00edzkym sklonom<\/strong>. <\/p>\n<p>Moje optimum sa pohybovalo niekde v rozmedz\u00ed 6 \u2013 8 %. Myslie\u0165 treba najm\u00e4 na vodu, ktorej ka\u017ed\u00fd Everester po\u010das svojej v\u00fdzvy vypije na litre a pr\u00edjemn\u00fdm bonusom je v\u017edy kvalitn\u00fd asfalt. Ke\u010f u\u017e nebudem r\u00fdchly smerom nahor, s moj\u00edm \u201evyoperovan\u00fdm&#8220; strachom, \u010do sa zjazdov na ceste t\u00fdka, aspo\u0148 do\u017eeniem zame\u0161kan\u00e9 cestou nadol. \u263a <strong>V\u0161etky tieto atrib\u00faty v sebe sp\u00e1jala Skalka pri Kremnici, ktor\u00fa som to\u010dil od odbo\u010dky na Krahule a musel som ju vyjs\u0165 dvadsa\u0165dvakr\u00e1t<\/strong>.<\/p>\n<p><img loading=\"lazy\" decoding=\"async\" class=\"alignnone size-full wp-image-16657\" src=\"https:\/\/d2p6e6u75xmxt8.cloudfront.net\/4\/2023\/01\/everesting_01.webp\" alt=\"\" width=\"990\" height=\"660\" srcset=\"https:\/\/d2p6e6u75xmxt8.cloudfront.net\/4\/2023\/01\/everesting_01.webp 990w, https:\/\/d2p6e6u75xmxt8.cloudfront.net\/4\/2023\/01\/everesting_01-300x200.webp 300w, https:\/\/d2p6e6u75xmxt8.cloudfront.net\/4\/2023\/01\/everesting_01-768x512.webp 768w, https:\/\/d2p6e6u75xmxt8.cloudfront.net\/4\/2023\/01\/everesting_01-272x182.webp 272w\" sizes=\"auto, (max-width: 990px) 100vw, 990px\" \/><\/p>\n<h2><strong>Spr\u00e1vny \u201emindset\u201c je z\u00e1klad<\/strong><\/h2>\n<p>T\u00e1to v\u00fdzva je s\u00edce poriadny \u201ez\u00e1hul\u201c na fyzi\u010dku, no hoci sa to nezd\u00e1, omnoho viac dostane zabra\u0165 pr\u00e1ve psychika. <strong>Treba sa jednoducho ment\u00e1lne nastavi\u0165 na to, \u017ee po ka\u017edom zjazde sa treba oto\u010di\u0165 a vyjs\u0165 op\u00e4\u0165 na vrchol<\/strong>. Ja som sa po\u010das m\u00f4jho Everestingu boril s mno\u017estvom probl\u00e9mov. Prv\u00fdm z nich bol ve\u013emi skor\u00fd rann\u00fd bud\u00ed\u010dek, ktor\u00fd ma, ako milovn\u00edka v\u00fd\u017eivn\u00e9ho sp\u00e1nku, nie \u00faplne pote\u0161il. \u263a Druh\u00fdm bolo nieko\u013eko dier v mojej v\u00fdbave. Sp\u00edsal som si skuto\u010dne siahodlh\u00fd zoznam v\u0161etk\u00e9ho, \u010do by sa mi mohlo z\u00eds\u0165, no pozabudol som na to, \u017ee hoci je j\u00fal, r\u00e1na v \u00fadoliach s\u00fa studen\u00e9, a tak som to musel rie\u0161i\u0165 pekne \u201ena klasika\u201c \u2013 noviny pod dres a ide sa.<\/p>\n<p><img loading=\"lazy\" decoding=\"async\" class=\"alignnone size-full wp-image-16658\" src=\"https:\/\/d2p6e6u75xmxt8.cloudfront.net\/4\/2023\/01\/everesting_02.webp\" alt=\"\" width=\"990\" height=\"660\" srcset=\"https:\/\/d2p6e6u75xmxt8.cloudfront.net\/4\/2023\/01\/everesting_02.webp 990w, https:\/\/d2p6e6u75xmxt8.cloudfront.net\/4\/2023\/01\/everesting_02-300x200.webp 300w, https:\/\/d2p6e6u75xmxt8.cloudfront.net\/4\/2023\/01\/everesting_02-768x512.webp 768w, https:\/\/d2p6e6u75xmxt8.cloudfront.net\/4\/2023\/01\/everesting_02-272x182.webp 272w\" sizes=\"auto, (max-width: 990px) 100vw, 990px\" \/><\/p>\n<p>Ke\u010f som v polovici v\u00fdzvy pl\u00e1noval obed a obed pri\u0161iel o tretej poobede, pri\u010dom som jazdil od pol piatej, bolo mi jasn\u00e9, \u017ee sa m\u00f4j Everesting po\u0165ah\u00e1 dlho do noci. <strong>Tu ma zas zradila po\u017ei\u010dan\u00e1 \u010delovka, ktor\u00e1 bola s\u00edce nabit\u00e1, no po p\u00e1r desiatkach min\u00fat takmer prestala svieti\u0165, tak\u017ee som si u\u017e\u00edval romantick\u00e9 v\u00fd\u0161\u013eapy sprev\u00e1dzan\u00e9 len rojmi svetlu\u0161iek a mesia\u010dikom v kraji, kde sa to hem\u017e\u00ed medve\u010fmi<\/strong>. To, \u017ee som po\u010das predposledn\u00e9ho v\u00fdjazdu u\u017e takmer zaspal na bicykli, asi ani nemus\u00edm rozv\u00e1dza\u0165\u2026 Mo\u017enost\u00ed, pre\u010do to ukon\u010di\u0165, sa v\u017edy n\u00e1jde ve\u013ea a jedin\u00e9, \u010do v tak\u00fdch momentoch pom\u00e1ha, je len siln\u00e1 v\u00f4\u013ea a dobr\u00e1 motiv\u00e1cia.<\/p>\n<div class=\"shortcode-ys-post-pinup\"><article class=\"loop-simple post-10002 post type-post status-publish format-standard has-post-thumbnail hentry category-cestna-cyklisitika tag-adrenalin tag-bezpecnost tag-bicykel tag-cesta tag-cestna-cyklistika tag-cestny-bicykel tag-cyklo-jedlo tag-energia tag-everesting tag-jazda tag-jazdec tag-jazdenie tag-jedlo tag-malorka tag-motivacia tag-ovocie tag-stupanie tag-tempo tag-trasa tag-trening tag-vytrvalost tag-vyziva tag-vyzva tag-zdravy-zivotny-styl tag-zelenina\" data-postid=\"10002\" role=\"article\" data-post-id=\"10002\" data-word-count=\"757\" data-headline-length=\"72\" data-category=\"Cestn\u00e1 cyklistika\" data-author=\"Monika Sattler\" data-published=\"2020-06-03T10:00:45+02:00\" data-published-day=\"Wednesday\">\n    <div class=\"entry-thumbnail article-thumbnail\" content=\"https:\/\/d2p6e6u75xmxt8.cloudfront.net\/4\/2020\/06\/Monika-Sattler-Everesting-CVR-150x150.webp\"><a href=\"https:\/\/www.welovecycling.com\/sk\/2020\/06\/03\/5-tipov-ako-zvladnut-everesting-8-848-vyskovych-metrov-na-bicykli\/\" class=\"image-holder\" target=\"_self\"><img decoding=\"async\" loading=\"lazy\" class=\"\" src=\"https:\/\/d2p6e6u75xmxt8.cloudfront.net\/4\/2020\/06\/Monika-Sattler-Everesting-CVR-1024x450.webp\" srcset=\"https:\/\/d2p6e6u75xmxt8.cloudfront.net\/4\/2020\/06\/Monika-Sattler-Everesting-CVR.webp 1366w, https:\/\/d2p6e6u75xmxt8.cloudfront.net\/4\/2020\/06\/Monika-Sattler-Everesting-CVR-300x132.webp 300w, https:\/\/d2p6e6u75xmxt8.cloudfront.net\/4\/2020\/06\/Monika-Sattler-Everesting-CVR-1024x450.webp 1024w, https:\/\/d2p6e6u75xmxt8.cloudfront.net\/4\/2020\/06\/Monika-Sattler-Everesting-CVR-768x337.webp 768w\" width=\"1024\" height=\"450\" sizes=\"auto, (min-width: 1200px) 456px, (min-width: 768px) 38vw, 100vw\" alt=\"5-tipov-ako-zvladnut-everesting-8-848-vyskovych-metrov-na-bicykli\"\/><\/a><\/div>    <div class=\"entry-meta\">\n        <a class=\"label label-secondary post-category\" href=\"https:\/\/www.welovecycling.com\/sk\/category\/cestna-cyklisitika\/\" title=\"Cestn\u00e1 cyklistika\">Cestn\u00e1 cyklistika<\/a>\n    <\/div>\n    <div class=\"entry-details\">\n        <a href=\"https:\/\/www.welovecycling.com\/sk\/2020\/06\/03\/5-tipov-ako-zvladnut-everesting-8-848-vyskovych-metrov-na-bicykli\/\" class='entry-title-wrapper'>\n            <h3 class=\"entry-title\"><span>5 tipov, ako zvl\u00e1dnu\u0165 Everesting: 8 848 v\u00fd\u0161kov\u00fdch metrov na bicykli<\/span><\/h3>\n        <\/a>\n    <\/div>\n    <\/article>\n<\/div>\n<h2><strong>Pre\u010do pr\u00e1ve Everesting?<\/strong><\/h2>\n<p>Ka\u017ed\u00fd m\u00e1 asi svoj vlastn\u00fd popud. Dok\u00e1za\u0165 si, \u017ee na to m\u00e1m? Z\u00edska\u0165 uznanie do okolia? Da\u0165 si Everesting ako dobr\u00fd tr\u00e9ning na extr\u00e9mne marat\u00f3ny? Zisti\u0165, ko\u013eko toho zvl\u00e1dne \u013eudsk\u00e9 telo a psychika? <strong>Ja som svoj Everesting od\u0161tartoval najm\u00e4 ako osobn\u00fa vrch\u00e1rsku za\u0165a\u017ek\u00e1vaciu sk\u00fa\u0161ku a s\u010dasti aj preto, \u017ee m\u00e1m jednoducho r\u00e1d extr\u00e9mne v\u00fdzvy a rovnako r\u00e1d sa prekon\u00e1vam<\/strong>.<\/p>\n<p><img loading=\"lazy\" decoding=\"async\" class=\"alignnone size-full wp-image-16659\" src=\"https:\/\/d2p6e6u75xmxt8.cloudfront.net\/4\/2023\/01\/everesting_03.webp\" alt=\"\" width=\"990\" height=\"990\" srcset=\"https:\/\/d2p6e6u75xmxt8.cloudfront.net\/4\/2023\/01\/everesting_03.webp 990w, https:\/\/d2p6e6u75xmxt8.cloudfront.net\/4\/2023\/01\/everesting_03-300x300.webp 300w, https:\/\/d2p6e6u75xmxt8.cloudfront.net\/4\/2023\/01\/everesting_03-150x150.webp 150w, https:\/\/d2p6e6u75xmxt8.cloudfront.net\/4\/2023\/01\/everesting_03-768x768.webp 768w\" sizes=\"auto, (max-width: 990px) 100vw, 990px\" \/><\/p>\n<p><strong>No Everesting toho v sebe skr\u00fdva omnoho viac<\/strong>. M\u00f4\u017ee\u0161 ho absolvova\u0165 s\u00e1m, ako vy\u010distenie hlavy, \u010di s partiou, kde sa dok\u00e1\u017eete navz\u00e1jom potiahnu\u0165. Na kopci s vyrovnan\u00fdm sklonom, no pokojne aj v kr\u00e1tkej mestskej stojke. Na \u017eiletke, alebo treb\u00e1rs aj na horskom bicykli. Ka\u017ed\u00fd si m\u00f4\u017ee n\u00e1js\u0165 to svoje \u201eprav\u00e9 orechov\u00e9\u201c, ktor\u00e9 mu vyhovuje.<\/p>\n<p><strong>Tak pre\u010do to nesk\u00fasi\u0165?<\/strong><\/p>\n","protected":false},"excerpt":{"rendered":"<p>Pomaly, ale isto n\u00e1m za\u010d\u00edna nov\u00e1 sez\u00f3na a s \u0148ou aj nov\u00e9 v\u00fdzvy. A tie m\u00f4\u017eu ma\u0165 skuto\u010dne r\u00f4znorod\u00e9 podoby.<\/p>\n","protected":false},"author":172,"featured_media":16660,"comment_status":"open","ping_status":"open","sticky":false,"template":"","format":"standard","meta":{"footnotes":""},"categories":[191],"tags":[319,559,546,1231,180,1102,767,1109,545,652,1233,623],"global-categories":[1074],"class_list":["post-16655","post","type-post","status-publish","format-standard","has-post-thumbnail","hentry","category-odporucame","tag-adrenalin","tag-bicykel","tag-cyklistika","tag-everesting","tag-horska-cyklistika","tag-kopec","tag-motivacia","tag-stupanie","tag-trasa","tag-vytrvalost","tag-vyzva","tag-zdravy-zivotny-styl","global-categories-cycling"],"yoast_head":"<!-- This site is optimized with the Yoast SEO Premium plugin v25.3 (Yoast SEO v25.9) - https:\/\/yoast.com\/wordpress\/plugins\/seo\/ -->\n<title>Everesting - v\u00fdzva pre ka\u017ed\u00e9ho (?) - \u0160koda We Love Cycling Slovensko<\/title>\n<meta name=\"description\" content=\"Pomaly, ale isto n\u00e1m za\u010d\u00edna nov\u00e1 sez\u00f3na a s \u0148ou aj nov\u00e9 v\u00fdzvy. A tie m\u00f4\u017eu ma\u0165 skuto\u010dne r\u00f4znorod\u00e9 podoby. Pozn\u00e1te Everesting?\" \/>\n<meta name=\"robots\" content=\"index, follow, max-snippet:-1, max-image-preview:large, max-video-preview:-1\" \/>\n<link rel=\"canonical\" href=\"https:\/\/www.welovecycling.com\/sk\/2023\/01\/27\/everesting-vyzva-pre-kazdeho\/\" \/>\n<meta property=\"og:locale\" content=\"sk_SK\" \/>\n<meta property=\"og:type\" content=\"article\" \/>\n<meta property=\"og:title\" content=\"Everesting - v\u00fdzva pre ka\u017ed\u00e9ho (?)\" \/>\n<meta property=\"og:description\" content=\"Pomaly, ale isto n\u00e1m za\u010d\u00edna nov\u00e1 sez\u00f3na a s \u0148ou aj nov\u00e9 v\u00fdzvy. A tie m\u00f4\u017eu ma\u0165 skuto\u010dne r\u00f4znorod\u00e9 podoby. Pozn\u00e1te Everesting?\" \/>\n<meta property=\"og:url\" content=\"https:\/\/www.welovecycling.com\/sk\/2023\/01\/27\/everesting-vyzva-pre-kazdeho\/\" \/>\n<meta property=\"og:site_name\" content=\"\u0160koda We Love Cycling Slovensko\" \/>\n<meta property=\"article:published_time\" content=\"2023-01-27T08:00:58+00:00\" \/>\n<meta property=\"og:image\" content=\"https:\/\/d2p6e6u75xmxt8.cloudfront.net\/4\/2023\/01\/everesting_Titulka.webp\" \/>\n\t<meta property=\"og:image:width\" content=\"990\" \/>\n\t<meta property=\"og:image:height\" content=\"660\" \/>\n\t<meta property=\"og:image:type\" content=\"image\/webp\" \/>\n<meta name=\"author\" content=\"dominika\" \/>\n<meta name=\"twitter:card\" content=\"summary_large_image\" \/>\n<meta name=\"twitter:label1\" content=\"Written by\" \/>\n\t<meta name=\"twitter:data1\" content=\"Monika Sattler\" \/>\n\t<meta name=\"twitter:label2\" content=\"Est. reading time\" \/>\n\t<meta name=\"twitter:data2\" content=\"7\" \/>\n<script type=\"application\/ld+json\" class=\"yoast-schema-graph\">{\"@context\":\"https:\/\/schema.org\",\"@graph\":[{\"@type\":\"WebPage\",\"@id\":\"https:\/\/www.welovecycling.com\/sk\/2023\/01\/27\/everesting-vyzva-pre-kazdeho\/\",\"url\":\"https:\/\/www.welovecycling.com\/sk\/2023\/01\/27\/everesting-vyzva-pre-kazdeho\/\",\"name\":\"Everesting - v\u00fdzva pre ka\u017ed\u00e9ho (?) - \u0160koda We Love Cycling Slovensko\",\"isPartOf\":{\"@id\":\"https:\/\/www.welovecycling.com\/sk\/#website\"},\"primaryImageOfPage\":{\"@id\":\"https:\/\/www.welovecycling.com\/sk\/2023\/01\/27\/everesting-vyzva-pre-kazdeho\/#primaryimage\"},\"image\":{\"@id\":\"https:\/\/www.welovecycling.com\/sk\/2023\/01\/27\/everesting-vyzva-pre-kazdeho\/#primaryimage\"},\"thumbnailUrl\":\"https:\/\/d2p6e6u75xmxt8.cloudfront.net\/4\/2023\/01\/everesting_Titulka.webp\",\"datePublished\":\"2023-01-27T08:00:58+00:00\",\"author\":{\"@id\":\"https:\/\/www.welovecycling.com\/sk\/#\/schema\/person\/533b62b98b6c41bd5135ebfb1f742624\"},\"description\":\"Pomaly, ale isto n\u00e1m za\u010d\u00edna nov\u00e1 sez\u00f3na a s \u0148ou aj nov\u00e9 v\u00fdzvy. A tie m\u00f4\u017eu ma\u0165 skuto\u010dne r\u00f4znorod\u00e9 podoby. Pozn\u00e1te Everesting?\",\"breadcrumb\":{\"@id\":\"https:\/\/www.welovecycling.com\/sk\/2023\/01\/27\/everesting-vyzva-pre-kazdeho\/#breadcrumb\"},\"inLanguage\":\"sk-SK\",\"potentialAction\":[{\"@type\":\"ReadAction\",\"target\":[\"https:\/\/www.welovecycling.com\/sk\/2023\/01\/27\/everesting-vyzva-pre-kazdeho\/\"]}]},{\"@type\":\"ImageObject\",\"inLanguage\":\"sk-SK\",\"@id\":\"https:\/\/www.welovecycling.com\/sk\/2023\/01\/27\/everesting-vyzva-pre-kazdeho\/#primaryimage\",\"url\":\"https:\/\/d2p6e6u75xmxt8.cloudfront.net\/4\/2023\/01\/everesting_Titulka.webp\",\"contentUrl\":\"https:\/\/d2p6e6u75xmxt8.cloudfront.net\/4\/2023\/01\/everesting_Titulka.webp\",\"width\":990,\"height\":660,\"caption\":\"cesta pri lese\"},{\"@type\":\"BreadcrumbList\",\"@id\":\"https:\/\/www.welovecycling.com\/sk\/2023\/01\/27\/everesting-vyzva-pre-kazdeho\/#breadcrumb\",\"itemListElement\":[{\"@type\":\"ListItem\",\"position\":1,\"name\":\"Home\",\"item\":\"https:\/\/www.welovecycling.com\/sk\/\"},{\"@type\":\"ListItem\",\"position\":2,\"name\":\"Everesting &#8211; v\u00fdzva pre ka\u017ed\u00e9ho (?)\"}]},{\"@type\":\"WebSite\",\"@id\":\"https:\/\/www.welovecycling.com\/sk\/#website\",\"url\":\"https:\/\/www.welovecycling.com\/sk\/\",\"name\":\"\u0160koda We Love Cycling Slovensko\",\"description\":\"\u0160koda We Love Cycling Slovensko je v\u00e1\u0161 ka\u017edodenn\u00fd zdroj noviniek a in\u0161pir\u00e1cie z sveta cyklistiky\",\"potentialAction\":[{\"@type\":\"SearchAction\",\"target\":{\"@type\":\"EntryPoint\",\"urlTemplate\":\"https:\/\/www.welovecycling.com\/sk\/?s={search_term_string}\"},\"query-input\":{\"@type\":\"PropertyValueSpecification\",\"valueRequired\":true,\"valueName\":\"search_term_string\"}}],\"inLanguage\":\"sk-SK\"},{\"@type\":\"Person\",\"@id\":\"https:\/\/www.welovecycling.com\/sk\/#\/schema\/person\/533b62b98b6c41bd5135ebfb1f742624\",\"name\":\"dominika\",\"image\":{\"@type\":\"ImageObject\",\"inLanguage\":\"sk-SK\",\"@id\":\"https:\/\/www.welovecycling.com\/sk\/#\/schema\/person\/image\/\",\"url\":\"https:\/\/secure.gravatar.com\/avatar\/ded6f274ba2ec3e17fff153f7d9d96a4b33c2cb63907f75d9a5309c599a7f3e6?s=96&d=mm&r=g\",\"contentUrl\":\"https:\/\/secure.gravatar.com\/avatar\/ded6f274ba2ec3e17fff153f7d9d96a4b33c2cb63907f75d9a5309c599a7f3e6?s=96&d=mm&r=g\",\"caption\":\"dominika\"},\"url\":\"https:\/\/www.welovecycling.com\/sk\/author\/dominika\/\"}]}<\/script>\n<!-- \/ Yoast SEO Premium plugin. -->","yoast_head_json":{"title":"Everesting - v\u00fdzva pre ka\u017ed\u00e9ho (?) - \u0160koda We Love Cycling Slovensko","description":"Pomaly, ale isto n\u00e1m za\u010d\u00edna nov\u00e1 sez\u00f3na a s \u0148ou aj nov\u00e9 v\u00fdzvy. A tie m\u00f4\u017eu ma\u0165 skuto\u010dne r\u00f4znorod\u00e9 podoby. Pozn\u00e1te Everesting?","robots":{"index":"index","follow":"follow","max-snippet":"max-snippet:-1","max-image-preview":"max-image-preview:large","max-video-preview":"max-video-preview:-1"},"canonical":"https:\/\/www.welovecycling.com\/sk\/2023\/01\/27\/everesting-vyzva-pre-kazdeho\/","og_locale":"sk_SK","og_type":"article","og_title":"Everesting - v\u00fdzva pre ka\u017ed\u00e9ho (?)","og_description":"Pomaly, ale isto n\u00e1m za\u010d\u00edna nov\u00e1 sez\u00f3na a s \u0148ou aj nov\u00e9 v\u00fdzvy. A tie m\u00f4\u017eu ma\u0165 skuto\u010dne r\u00f4znorod\u00e9 podoby. Pozn\u00e1te Everesting?","og_url":"https:\/\/www.welovecycling.com\/sk\/2023\/01\/27\/everesting-vyzva-pre-kazdeho\/","og_site_name":"\u0160koda We Love Cycling Slovensko","article_published_time":"2023-01-27T08:00:58+00:00","og_image":[{"width":990,"height":660,"url":"https:\/\/d2p6e6u75xmxt8.cloudfront.net\/4\/2023\/01\/everesting_Titulka.webp","type":"image\/webp"}],"author":"dominika","twitter_card":"summary_large_image","twitter_misc":{"Written by":"Monika Sattler","Est. reading time":"7"},"schema":{"@context":"https:\/\/schema.org","@graph":[{"@type":"WebPage","@id":"https:\/\/www.welovecycling.com\/sk\/2023\/01\/27\/everesting-vyzva-pre-kazdeho\/","url":"https:\/\/www.welovecycling.com\/sk\/2023\/01\/27\/everesting-vyzva-pre-kazdeho\/","name":"Everesting - v\u00fdzva pre ka\u017ed\u00e9ho (?) - \u0160koda We Love Cycling Slovensko","isPartOf":{"@id":"https:\/\/www.welovecycling.com\/sk\/#website"},"primaryImageOfPage":{"@id":"https:\/\/www.welovecycling.com\/sk\/2023\/01\/27\/everesting-vyzva-pre-kazdeho\/#primaryimage"},"image":{"@id":"https:\/\/www.welovecycling.com\/sk\/2023\/01\/27\/everesting-vyzva-pre-kazdeho\/#primaryimage"},"thumbnailUrl":"https:\/\/d2p6e6u75xmxt8.cloudfront.net\/4\/2023\/01\/everesting_Titulka.webp","datePublished":"2023-01-27T08:00:58+00:00","author":{"@id":"https:\/\/www.welovecycling.com\/sk\/#\/schema\/person\/533b62b98b6c41bd5135ebfb1f742624"},"description":"Pomaly, ale isto n\u00e1m za\u010d\u00edna nov\u00e1 sez\u00f3na a s \u0148ou aj nov\u00e9 v\u00fdzvy. A tie m\u00f4\u017eu ma\u0165 skuto\u010dne r\u00f4znorod\u00e9 podoby. Pozn\u00e1te Everesting?","breadcrumb":{"@id":"https:\/\/www.welovecycling.com\/sk\/2023\/01\/27\/everesting-vyzva-pre-kazdeho\/#breadcrumb"},"inLanguage":"sk-SK","potentialAction":[{"@type":"ReadAction","target":["https:\/\/www.welovecycling.com\/sk\/2023\/01\/27\/everesting-vyzva-pre-kazdeho\/"]}]},{"@type":"ImageObject","inLanguage":"sk-SK","@id":"https:\/\/www.welovecycling.com\/sk\/2023\/01\/27\/everesting-vyzva-pre-kazdeho\/#primaryimage","url":"https:\/\/d2p6e6u75xmxt8.cloudfront.net\/4\/2023\/01\/everesting_Titulka.webp","contentUrl":"https:\/\/d2p6e6u75xmxt8.cloudfront.net\/4\/2023\/01\/everesting_Titulka.webp","width":990,"height":660,"caption":"cesta pri lese"},{"@type":"BreadcrumbList","@id":"https:\/\/www.welovecycling.com\/sk\/2023\/01\/27\/everesting-vyzva-pre-kazdeho\/#breadcrumb","itemListElement":[{"@type":"ListItem","position":1,"name":"Home","item":"https:\/\/www.welovecycling.com\/sk\/"},{"@type":"ListItem","position":2,"name":"Everesting &#8211; v\u00fdzva pre ka\u017ed\u00e9ho (?)"}]},{"@type":"WebSite","@id":"https:\/\/www.welovecycling.com\/sk\/#website","url":"https:\/\/www.welovecycling.com\/sk\/","name":"\u0160koda We Love Cycling Slovensko","description":"\u0160koda We Love Cycling Slovensko je v\u00e1\u0161 ka\u017edodenn\u00fd zdroj noviniek a in\u0161pir\u00e1cie z sveta cyklistiky","potentialAction":[{"@type":"SearchAction","target":{"@type":"EntryPoint","urlTemplate":"https:\/\/www.welovecycling.com\/sk\/?s={search_term_string}"},"query-input":{"@type":"PropertyValueSpecification","valueRequired":true,"valueName":"search_term_string"}}],"inLanguage":"sk-SK"},{"@type":"Person","@id":"https:\/\/www.welovecycling.com\/sk\/#\/schema\/person\/533b62b98b6c41bd5135ebfb1f742624","name":"dominika","image":{"@type":"ImageObject","inLanguage":"sk-SK","@id":"https:\/\/www.welovecycling.com\/sk\/#\/schema\/person\/image\/","url":"https:\/\/secure.gravatar.com\/avatar\/ded6f274ba2ec3e17fff153f7d9d96a4b33c2cb63907f75d9a5309c599a7f3e6?s=96&d=mm&r=g","contentUrl":"https:\/\/secure.gravatar.com\/avatar\/ded6f274ba2ec3e17fff153f7d9d96a4b33c2cb63907f75d9a5309c599a7f3e6?s=96&d=mm&r=g","caption":"dominika"},"url":"https:\/\/www.welovecycling.com\/sk\/author\/dominika\/"}]}},"_links":{"self":[{"href":"https:\/\/www.welovecycling.com\/sk\/wp-json\/wp\/v2\/posts\/16655","targetHints":{"allow":["GET"]}}],"collection":[{"href":"https:\/\/www.welovecycling.com\/sk\/wp-json\/wp\/v2\/posts"}],"about":[{"href":"https:\/\/www.welovecycling.com\/sk\/wp-json\/wp\/v2\/types\/post"}],"author":[{"embeddable":true,"href":"https:\/\/www.welovecycling.com\/sk\/wp-json\/wp\/v2\/users\/172"}],"replies":[{"embeddable":true,"href":"https:\/\/www.welovecycling.com\/sk\/wp-json\/wp\/v2\/comments?post=16655"}],"version-history":[{"count":2,"href":"https:\/\/www.welovecycling.com\/sk\/wp-json\/wp\/v2\/posts\/16655\/revisions"}],"predecessor-version":[{"id":16683,"href":"https:\/\/www.welovecycling.com\/sk\/wp-json\/wp\/v2\/posts\/16655\/revisions\/16683"}],"wp:featuredmedia":[{"embeddable":true,"href":"https:\/\/www.welovecycling.com\/sk\/wp-json\/wp\/v2\/media\/16660"}],"wp:attachment":[{"href":"https:\/\/www.welovecycling.com\/sk\/wp-json\/wp\/v2\/media?parent=16655"}],"wp:term":[{"taxonomy":"category","embeddable":true,"href":"https:\/\/www.welovecycling.com\/sk\/wp-json\/wp\/v2\/categories?post=16655"},{"taxonomy":"post_tag","embeddable":true,"href":"https:\/\/www.welovecycling.com\/sk\/wp-json\/wp\/v2\/tags?post=16655"},{"taxonomy":"global-categories","embeddable":true,"href":"https:\/\/www.welovecycling.com\/sk\/wp-json\/wp\/v2\/global-categories?post=16655"}],"curies":[{"name":"wp","href":"https:\/\/api.w.org\/{rel}","templated":true}]}}