{"id":16637,"date":"2023-01-23T10:29:11","date_gmt":"2023-01-23T09:29:11","guid":{"rendered":"https:\/\/www.welovecycling.com\/sk\/?p=16637"},"modified":"2023-01-23T10:29:11","modified_gmt":"2023-01-23T09:29:11","slug":"vyhrajte-pripravu-dres-a-startovne-na-letape-slovakia-2023","status":"publish","type":"post","link":"https:\/\/www.welovecycling.com\/sk\/2023\/01\/23\/vyhrajte-pripravu-dres-a-startovne-na-letape-slovakia-2023\/","title":{"rendered":"Vyhrajte pr\u00edpravu, dres a \u0161tartovn\u00e9 na L\u2019Etape Slovakia 2023"},"content":{"rendered":"<p>Za\u017ei\u0165 atmosf\u00e9ru Tour de France bud\u00fa m\u00f4c\u0165 cyklisti na Slovensku u\u017e tret\u00edkr\u00e1t. \u010co takto sa necha\u0165 pripravi\u0165 na podujatie profesion\u00e1lnym tr\u00e9nerom, ktor\u00fd \u0161tyroch \u0161\u0165astlivcov nau\u010d\u00ed, ako sa spr\u00e1vne tr\u00e9nuje?<!--more--><\/p>\n<p>Ak sme <a href=\"https:\/\/www.welovecycling.com\/sk\/series\/letape-slovakia\/\" target=\"_blank\" rel=\"noopener\">na\u0161ou s\u00e9riou<\/a> o podujat\u00ed L&#8217;Etape Slovakia by Tour de France niekoho in\u0161pirovali, m\u00e1me dobr\u00fa spr\u00e1vu. Organiz\u00e1tori podujatia sa rozhodli aj pre ro\u010dn\u00edk 2023 vyhl\u00e1si\u0165 s\u00fa\u0165a\u017e, pre v\u00fdhercov pripravili zauj\u00edmav\u00e9 ceny. A nep\u00f4jde len o klasick\u00e9 veci, ako cyklistick\u00fd dres alebo bezplatn\u00e9 \u0161tartovn\u00e9. <strong>Hlavnou odmenou je spolupr\u00e1ca s profesion\u00e1lnym tr\u00e9nerom, ktor\u00fd po\u010das nieko\u013ek\u00fdch mesiacov pretek\u00e1rov alebo pretek\u00e1rky priprav\u00ed na \u0161tart<\/strong>.<\/p>\n<p><img loading=\"lazy\" decoding=\"async\" class=\"alignnone size-full wp-image-16640\" src=\"https:\/\/d2p6e6u75xmxt8.cloudfront.net\/4\/2023\/01\/WLC_sutaz_02.webp\" alt=\"cyklisti\" width=\"990\" height=\"660\" srcset=\"https:\/\/d2p6e6u75xmxt8.cloudfront.net\/4\/2023\/01\/WLC_sutaz_02.webp 990w, https:\/\/d2p6e6u75xmxt8.cloudfront.net\/4\/2023\/01\/WLC_sutaz_02-300x200.webp 300w, https:\/\/d2p6e6u75xmxt8.cloudfront.net\/4\/2023\/01\/WLC_sutaz_02-768x512.webp 768w, https:\/\/d2p6e6u75xmxt8.cloudfront.net\/4\/2023\/01\/WLC_sutaz_02-272x182.webp 272w\" sizes=\"auto, (max-width: 990px) 100vw, 990px\" \/><\/p>\n<h2><strong>V\u00fdhra na cel\u00fd \u017eivot<\/strong><\/h2>\n<p><strong>Polro\u010dn\u00fd tr\u00e9ningov\u00fd pl\u00e1n vypracuje \u0161\u00e9ftr\u00e9ner L&#8217;Etape Slovakia Michal Uli\u010dn\u00fd, spolupr\u00e1ca za\u010d\u00edna individu\u00e1lnou diagnostikou a anal\u00fdzou, aby boli tr\u00e9ningy \u0161it\u00e9 presne na mieru<\/strong>. A \u010do je na takejto v\u00fdhre najlep\u0161ie? \u017de pr\u00edchodom do cie\u013ea L&#8217;Etape Slovakia 2023 to pre zverencov nekon\u010d\u00ed, tr\u00e9ningov\u00e9 postupy m\u00f4\u017eu vyu\u017e\u00edva\u0165 aj na\u010falej pri svojom jazden\u00ed, \u010do sa za polroka nau\u010dia, to im nav\u017edy zmen\u00ed sp\u00f4sob, ako doteraz tr\u00e9novali.<\/p>\n<h2><strong>Podmienky s\u00fa\u0165a\u017ee<\/strong><\/h2>\n<p>Aby sa zv\u00fd\u0161ila \u0161anca, \u017ee tak\u00e1to cena sa dostane do spr\u00e1vnych r\u00fak, organiz\u00e1tori podujatia to vymysleli nasledovne. <strong>Vybera\u0165 bud\u00fa na z\u00e1klade individu\u00e1lnych pr\u00edbehov, ktor\u00e9 im z\u00e1ujemcovia po\u0161l\u00fa, samozrejme ich najviac zauj\u00edma cyklistika a v\u0161etko, \u010do s \u0148ou s\u00favis\u00ed<\/strong>. Pr\u00edbeh by mal obsahova\u0165 inform\u00e1cie o doteraj\u0161om tr\u00e9novan\u00ed a sk\u00fasenostiach, d\u00f4le\u017eit\u00e9 je dopredu vedie\u0165, ko\u013eko \u010dasu bude ma\u0165 z\u00e1ujemca na pr\u00edpravu, alebo \u010di m\u00e1 z\u00e1ujem o \u0161tart na kr\u00e1tkej alebo dlhej trati L&#8217;Etape Slovakia.<\/p>\n<ul>\n<li>pr\u00edbehy treba posiela\u0165 na email <strong>marketing@becool.sk<\/strong><\/li>\n<li>uz\u00e1vierka s\u00fa\u0165a\u017ee prebehne <strong>30. 1. 2023<\/strong><\/li>\n<li>\u0161tyria v\u00fdhercovia bud\u00fa zverejnen\u00ed <strong>31. 1. 2023<\/strong><\/li>\n<li>podmienkou je 18 rokov a osobn\u00e1 pr\u00edtomnos\u0165 na tr\u00e9ningoch v Bratislave<\/li>\n<\/ul>\n<p>&nbsp;<\/p>\n<blockquote class=\"instagram-media\" style=\"background: #FFF; border: 0; border-radius: 3px; box-shadow: 0 0 1px 0 rgba(0,0,0,0.5),0 1px 10px 0 rgba(0,0,0,0.15); margin: 1px; max-width: 540px; min-width: 326px; padding: 0; width: calc(100% - 2px);\" data-instgrm-captioned=\"\" data-instgrm-permalink=\"https:\/\/www.instagram.com\/p\/CnoSZWDITir\/?utm_source=ig_embed&amp;utm_campaign=loading\" data-instgrm-version=\"14\">\n<div style=\"padding: 16px;\">\n<p>&nbsp;<\/p>\n<div style=\"display: flex; flex-direction: row; align-items: center;\">\n<div style=\"background-color: #f4f4f4; border-radius: 50%; flex-grow: 0; height: 40px; margin-right: 14px; width: 40px;\"><\/div>\n<div style=\"display: flex; flex-direction: column; flex-grow: 1; justify-content: center;\">\n<div style=\"background-color: #f4f4f4; border-radius: 4px; flex-grow: 0; height: 14px; margin-bottom: 6px; width: 100px;\"><\/div>\n<div style=\"background-color: #f4f4f4; border-radius: 4px; flex-grow: 0; height: 14px; width: 60px;\"><\/div>\n<\/div>\n<\/div>\n<div style=\"padding: 19% 0;\"><\/div>\n<div style=\"display: block; height: 50px; margin: 0 auto 12px; width: 50px;\"><\/div>\n<div style=\"padding-top: 8px;\">\n<div style=\"color: #3897f0; font-family: Arial,sans-serif; font-size: 14px; font-style: normal; font-weight: 550; line-height: 18px;\">Zobrazi\u0165 tento pr\u00edspevok na Instagrame<\/div>\n<\/div>\n<div style=\"padding: 12.5% 0;\"><\/div>\n<div style=\"display: flex; flex-direction: row; margin-bottom: 14px; align-items: center;\">\n<div>\n<div style=\"background-color: #f4f4f4; border-radius: 50%; height: 12.5px; width: 12.5px; transform: translateX(0px) translateY(7px);\"><\/div>\n<div style=\"background-color: #f4f4f4; height: 12.5px; transform: rotate(-45deg) translateX(3px) translateY(1px); width: 12.5px; flex-grow: 0; margin-right: 14px; margin-left: 2px;\"><\/div>\n<div style=\"background-color: #f4f4f4; border-radius: 50%; height: 12.5px; width: 12.5px; transform: translateX(9px) translateY(-18px);\"><\/div>\n<\/div>\n<div style=\"margin-left: 8px;\">\n<div style=\"background-color: #f4f4f4; border-radius: 50%; flex-grow: 0; height: 20px; width: 20px;\"><\/div>\n<div style=\"width: 0; height: 0; border-top: 2px solid transparent; border-left: 6px solid #f4f4f4; border-bottom: 2px solid transparent; transform: translateX(16px) translateY(-4px) rotate(30deg);\"><\/div>\n<\/div>\n<div style=\"margin-left: auto;\">\n<div style=\"width: 0px; border-top: 8px solid #F4F4F4; border-right: 8px solid transparent; transform: translateY(16px);\"><\/div>\n<div style=\"background-color: #f4f4f4; flex-grow: 0; height: 12px; width: 16px; transform: translateY(-4px);\"><\/div>\n<div style=\"width: 0; height: 0; border-top: 8px solid #F4F4F4; border-left: 8px solid transparent; transform: translateY(-4px) translateX(8px);\"><\/div>\n<\/div>\n<\/div>\n<div style=\"display: flex; flex-direction: column; flex-grow: 1; justify-content: center; margin-bottom: 24px;\">\n<div style=\"background-color: #f4f4f4; border-radius: 4px; flex-grow: 0; height: 14px; margin-bottom: 6px; width: 224px;\"><\/div>\n<div style=\"background-color: #f4f4f4; border-radius: 4px; flex-grow: 0; height: 14px; width: 144px;\"><\/div>\n<\/div>\n<p>&nbsp;<\/p>\n<p style=\"color: #c9c8cd; font-family: Arial,sans-serif; font-size: 14px; line-height: 17px; margin-bottom: 0; margin-top: 8px; overflow: hidden; padding: 8px 0 7px; text-align: center; text-overflow: ellipsis; white-space: nowrap;\"><a style=\"color: #c9c8cd; font-family: Arial,sans-serif; font-size: 14px; font-style: normal; font-weight: normal; line-height: 17px; text-decoration: none;\" href=\"https:\/\/www.instagram.com\/p\/CnoSZWDITir\/?utm_source=ig_embed&amp;utm_campaign=loading\" target=\"_blank\" rel=\"noopener\">Pr\u00edspevok, ktor\u00fd zdie\u013ea L\u2019Etape Slovakia (@letapeslovakia)<\/a><\/p>\n<\/div>\n<\/blockquote>\n<p><script async src=\"\/\/www.instagram.com\/embed.js\"><\/script><\/p>\n<p><strong>V\u0161etko to vypukne 20. 8. 2023, op\u00e4\u0165 bude na v\u00fdber dlh\u00e1 trasa THE RACE 117 km alebo kr\u00e1tka THE RIDE 65 km<\/strong>. Detaily o s\u00fa\u0165a\u017ei, ale aj novinky a aktuality, je najlep\u0161ie sledova\u0165 na <a href=\"https:\/\/slovakia.letapebytourdefrance.com\" target=\"_blank\" rel=\"noopener\">webe<\/a> alebo <a href=\"https:\/\/www.facebook.com\/letapeslovakia\" target=\"_blank\" rel=\"noopener\">soci\u00e1lnych sie\u0165ach<\/a> podujatia L&#8217;Etape Slovakia by Tour de France.<\/p>\n","protected":false},"excerpt":{"rendered":"<p>Za\u017ei\u0165 atmosf\u00e9ru Tour de France bud\u00fa m\u00f4c\u0165 cyklisti na Slovensku u\u017e tret\u00edkr\u00e1t. \u010co takto sa necha\u0165 pripravi\u0165 na podujatie profesion\u00e1lnym [&hellip;]<\/p>\n","protected":false},"author":172,"featured_media":16639,"comment_status":"open","ping_status":"open","sticky":false,"template":"","format":"standard","meta":{"footnotes":""},"categories":[191],"tags":[115,597,546,1351,37,179,1557,72,1512,250,880],"global-categories":[1074],"class_list":["post-16637","post","type-post","status-publish","format-standard","has-post-thumbnail","hentry","category-odporucame","tag-cestna-cyklistika","tag-cyklista","tag-cyklistika","tag-letape-slovakia","tag-podujatia","tag-preteky","tag-sezona-2023","tag-sutaz","tag-trener","tag-vyhra","tag-welovecycling","global-categories-cycling"],"yoast_head":"<!-- This site is optimized with the Yoast SEO Premium plugin v25.3 (Yoast SEO v25.9) - https:\/\/yoast.com\/wordpress\/plugins\/seo\/ -->\n<title>Vyhrajte pr\u00edpravu, dres a \u0161tartovn\u00e9 na L\u2019Etape Slovakia 2023<\/title>\n<meta name=\"description\" content=\"\u010co takto sa necha\u0165 pripravi\u0165 na podujatie profesion\u00e1lnym tr\u00e9nerom, ktor\u00fd \u0161tyroch \u0161\u0165astlivcov nau\u010d\u00ed, ako sa spr\u00e1vne tr\u00e9nuje?\" \/>\n<meta name=\"robots\" content=\"index, follow, max-snippet:-1, max-image-preview:large, max-video-preview:-1\" \/>\n<link rel=\"canonical\" href=\"https:\/\/www.welovecycling.com\/sk\/2023\/01\/23\/vyhrajte-pripravu-dres-a-startovne-na-letape-slovakia-2023\/\" \/>\n<meta property=\"og:locale\" content=\"sk_SK\" \/>\n<meta property=\"og:type\" content=\"article\" \/>\n<meta property=\"og:title\" content=\"Vyhrajte pr\u00edpravu, dres a \u0161tartovn\u00e9 na L\u2019Etape Slovakia 2023\" \/>\n<meta property=\"og:description\" content=\"\u010co takto sa necha\u0165 pripravi\u0165 na podujatie profesion\u00e1lnym tr\u00e9nerom, ktor\u00fd \u0161tyroch \u0161\u0165astlivcov nau\u010d\u00ed, ako sa spr\u00e1vne tr\u00e9nuje?\" \/>\n<meta property=\"og:url\" content=\"https:\/\/www.welovecycling.com\/sk\/2023\/01\/23\/vyhrajte-pripravu-dres-a-startovne-na-letape-slovakia-2023\/\" \/>\n<meta property=\"og:site_name\" content=\"\u0160koda We Love Cycling Slovensko\" \/>\n<meta property=\"article:published_time\" content=\"2023-01-23T09:29:11+00:00\" \/>\n<meta property=\"og:image\" content=\"https:\/\/d2p6e6u75xmxt8.cloudfront.net\/4\/2023\/01\/WLC_sutaz_01.webp\" \/>\n\t<meta property=\"og:image:width\" content=\"990\" \/>\n\t<meta property=\"og:image:height\" content=\"660\" \/>\n\t<meta property=\"og:image:type\" content=\"image\/webp\" \/>\n<meta name=\"author\" content=\"dominika\" \/>\n<meta name=\"twitter:card\" content=\"summary_large_image\" \/>\n<meta name=\"twitter:label1\" content=\"Written by\" \/>\n\t<meta name=\"twitter:data1\" content=\"We Love Cycling\" \/>\n\t<meta name=\"twitter:label2\" content=\"Est. reading time\" \/>\n\t<meta name=\"twitter:data2\" content=\"2\" \/>\n<script type=\"application\/ld+json\" class=\"yoast-schema-graph\">{\"@context\":\"https:\/\/schema.org\",\"@graph\":[{\"@type\":\"WebPage\",\"@id\":\"https:\/\/www.welovecycling.com\/sk\/2023\/01\/23\/vyhrajte-pripravu-dres-a-startovne-na-letape-slovakia-2023\/\",\"url\":\"https:\/\/www.welovecycling.com\/sk\/2023\/01\/23\/vyhrajte-pripravu-dres-a-startovne-na-letape-slovakia-2023\/\",\"name\":\"Vyhrajte pr\u00edpravu, dres a \u0161tartovn\u00e9 na L\u2019Etape Slovakia 2023\",\"isPartOf\":{\"@id\":\"https:\/\/www.welovecycling.com\/sk\/#website\"},\"primaryImageOfPage\":{\"@id\":\"https:\/\/www.welovecycling.com\/sk\/2023\/01\/23\/vyhrajte-pripravu-dres-a-startovne-na-letape-slovakia-2023\/#primaryimage\"},\"image\":{\"@id\":\"https:\/\/www.welovecycling.com\/sk\/2023\/01\/23\/vyhrajte-pripravu-dres-a-startovne-na-letape-slovakia-2023\/#primaryimage\"},\"thumbnailUrl\":\"https:\/\/d2p6e6u75xmxt8.cloudfront.net\/4\/2023\/01\/WLC_sutaz_01.webp\",\"datePublished\":\"2023-01-23T09:29:11+00:00\",\"author\":{\"@id\":\"https:\/\/www.welovecycling.com\/sk\/#\/schema\/person\/533b62b98b6c41bd5135ebfb1f742624\"},\"description\":\"\u010co takto sa necha\u0165 pripravi\u0165 na podujatie profesion\u00e1lnym tr\u00e9nerom, ktor\u00fd \u0161tyroch \u0161\u0165astlivcov nau\u010d\u00ed, ako sa spr\u00e1vne tr\u00e9nuje?\",\"breadcrumb\":{\"@id\":\"https:\/\/www.welovecycling.com\/sk\/2023\/01\/23\/vyhrajte-pripravu-dres-a-startovne-na-letape-slovakia-2023\/#breadcrumb\"},\"inLanguage\":\"sk-SK\",\"potentialAction\":[{\"@type\":\"ReadAction\",\"target\":[\"https:\/\/www.welovecycling.com\/sk\/2023\/01\/23\/vyhrajte-pripravu-dres-a-startovne-na-letape-slovakia-2023\/\"]}]},{\"@type\":\"ImageObject\",\"inLanguage\":\"sk-SK\",\"@id\":\"https:\/\/www.welovecycling.com\/sk\/2023\/01\/23\/vyhrajte-pripravu-dres-a-startovne-na-letape-slovakia-2023\/#primaryimage\",\"url\":\"https:\/\/d2p6e6u75xmxt8.cloudfront.net\/4\/2023\/01\/WLC_sutaz_01.webp\",\"contentUrl\":\"https:\/\/d2p6e6u75xmxt8.cloudfront.net\/4\/2023\/01\/WLC_sutaz_01.webp\",\"width\":990,\"height\":660,\"caption\":\"Vyhrajte pr\u00edpravu, dres a \u0161tartovn\u00e9 na L\u2019Etape Slovakia 2023\"},{\"@type\":\"BreadcrumbList\",\"@id\":\"https:\/\/www.welovecycling.com\/sk\/2023\/01\/23\/vyhrajte-pripravu-dres-a-startovne-na-letape-slovakia-2023\/#breadcrumb\",\"itemListElement\":[{\"@type\":\"ListItem\",\"position\":1,\"name\":\"Home\",\"item\":\"https:\/\/www.welovecycling.com\/sk\/\"},{\"@type\":\"ListItem\",\"position\":2,\"name\":\"Vyhrajte pr\u00edpravu, dres a \u0161tartovn\u00e9 na L\u2019Etape Slovakia 2023\"}]},{\"@type\":\"WebSite\",\"@id\":\"https:\/\/www.welovecycling.com\/sk\/#website\",\"url\":\"https:\/\/www.welovecycling.com\/sk\/\",\"name\":\"\u0160koda We Love Cycling Slovensko\",\"description\":\"\u0160koda We Love Cycling Slovensko je v\u00e1\u0161 ka\u017edodenn\u00fd zdroj noviniek a in\u0161pir\u00e1cie z sveta cyklistiky\",\"potentialAction\":[{\"@type\":\"SearchAction\",\"target\":{\"@type\":\"EntryPoint\",\"urlTemplate\":\"https:\/\/www.welovecycling.com\/sk\/?s={search_term_string}\"},\"query-input\":{\"@type\":\"PropertyValueSpecification\",\"valueRequired\":true,\"valueName\":\"search_term_string\"}}],\"inLanguage\":\"sk-SK\"},{\"@type\":\"Person\",\"@id\":\"https:\/\/www.welovecycling.com\/sk\/#\/schema\/person\/533b62b98b6c41bd5135ebfb1f742624\",\"name\":\"dominika\",\"image\":{\"@type\":\"ImageObject\",\"inLanguage\":\"sk-SK\",\"@id\":\"https:\/\/www.welovecycling.com\/sk\/#\/schema\/person\/image\/\",\"url\":\"https:\/\/secure.gravatar.com\/avatar\/ded6f274ba2ec3e17fff153f7d9d96a4b33c2cb63907f75d9a5309c599a7f3e6?s=96&d=mm&r=g\",\"contentUrl\":\"https:\/\/secure.gravatar.com\/avatar\/ded6f274ba2ec3e17fff153f7d9d96a4b33c2cb63907f75d9a5309c599a7f3e6?s=96&d=mm&r=g\",\"caption\":\"dominika\"},\"url\":\"https:\/\/www.welovecycling.com\/sk\/author\/dominika\/\"}]}<\/script>\n<!-- \/ Yoast SEO Premium plugin. -->","yoast_head_json":{"title":"Vyhrajte pr\u00edpravu, dres a \u0161tartovn\u00e9 na L\u2019Etape Slovakia 2023","description":"\u010co takto sa necha\u0165 pripravi\u0165 na podujatie profesion\u00e1lnym tr\u00e9nerom, ktor\u00fd \u0161tyroch \u0161\u0165astlivcov nau\u010d\u00ed, ako sa spr\u00e1vne tr\u00e9nuje?","robots":{"index":"index","follow":"follow","max-snippet":"max-snippet:-1","max-image-preview":"max-image-preview:large","max-video-preview":"max-video-preview:-1"},"canonical":"https:\/\/www.welovecycling.com\/sk\/2023\/01\/23\/vyhrajte-pripravu-dres-a-startovne-na-letape-slovakia-2023\/","og_locale":"sk_SK","og_type":"article","og_title":"Vyhrajte pr\u00edpravu, dres a \u0161tartovn\u00e9 na L\u2019Etape Slovakia 2023","og_description":"\u010co takto sa necha\u0165 pripravi\u0165 na podujatie profesion\u00e1lnym tr\u00e9nerom, ktor\u00fd \u0161tyroch \u0161\u0165astlivcov nau\u010d\u00ed, ako sa spr\u00e1vne tr\u00e9nuje?","og_url":"https:\/\/www.welovecycling.com\/sk\/2023\/01\/23\/vyhrajte-pripravu-dres-a-startovne-na-letape-slovakia-2023\/","og_site_name":"\u0160koda We Love Cycling Slovensko","article_published_time":"2023-01-23T09:29:11+00:00","og_image":[{"width":990,"height":660,"url":"https:\/\/d2p6e6u75xmxt8.cloudfront.net\/4\/2023\/01\/WLC_sutaz_01.webp","type":"image\/webp"}],"author":"dominika","twitter_card":"summary_large_image","twitter_misc":{"Written by":"We Love Cycling","Est. reading time":"2"},"schema":{"@context":"https:\/\/schema.org","@graph":[{"@type":"WebPage","@id":"https:\/\/www.welovecycling.com\/sk\/2023\/01\/23\/vyhrajte-pripravu-dres-a-startovne-na-letape-slovakia-2023\/","url":"https:\/\/www.welovecycling.com\/sk\/2023\/01\/23\/vyhrajte-pripravu-dres-a-startovne-na-letape-slovakia-2023\/","name":"Vyhrajte pr\u00edpravu, dres a \u0161tartovn\u00e9 na L\u2019Etape Slovakia 2023","isPartOf":{"@id":"https:\/\/www.welovecycling.com\/sk\/#website"},"primaryImageOfPage":{"@id":"https:\/\/www.welovecycling.com\/sk\/2023\/01\/23\/vyhrajte-pripravu-dres-a-startovne-na-letape-slovakia-2023\/#primaryimage"},"image":{"@id":"https:\/\/www.welovecycling.com\/sk\/2023\/01\/23\/vyhrajte-pripravu-dres-a-startovne-na-letape-slovakia-2023\/#primaryimage"},"thumbnailUrl":"https:\/\/d2p6e6u75xmxt8.cloudfront.net\/4\/2023\/01\/WLC_sutaz_01.webp","datePublished":"2023-01-23T09:29:11+00:00","author":{"@id":"https:\/\/www.welovecycling.com\/sk\/#\/schema\/person\/533b62b98b6c41bd5135ebfb1f742624"},"description":"\u010co takto sa necha\u0165 pripravi\u0165 na podujatie profesion\u00e1lnym tr\u00e9nerom, ktor\u00fd \u0161tyroch \u0161\u0165astlivcov nau\u010d\u00ed, ako sa spr\u00e1vne tr\u00e9nuje?","breadcrumb":{"@id":"https:\/\/www.welovecycling.com\/sk\/2023\/01\/23\/vyhrajte-pripravu-dres-a-startovne-na-letape-slovakia-2023\/#breadcrumb"},"inLanguage":"sk-SK","potentialAction":[{"@type":"ReadAction","target":["https:\/\/www.welovecycling.com\/sk\/2023\/01\/23\/vyhrajte-pripravu-dres-a-startovne-na-letape-slovakia-2023\/"]}]},{"@type":"ImageObject","inLanguage":"sk-SK","@id":"https:\/\/www.welovecycling.com\/sk\/2023\/01\/23\/vyhrajte-pripravu-dres-a-startovne-na-letape-slovakia-2023\/#primaryimage","url":"https:\/\/d2p6e6u75xmxt8.cloudfront.net\/4\/2023\/01\/WLC_sutaz_01.webp","contentUrl":"https:\/\/d2p6e6u75xmxt8.cloudfront.net\/4\/2023\/01\/WLC_sutaz_01.webp","width":990,"height":660,"caption":"Vyhrajte pr\u00edpravu, dres a \u0161tartovn\u00e9 na L\u2019Etape Slovakia 2023"},{"@type":"BreadcrumbList","@id":"https:\/\/www.welovecycling.com\/sk\/2023\/01\/23\/vyhrajte-pripravu-dres-a-startovne-na-letape-slovakia-2023\/#breadcrumb","itemListElement":[{"@type":"ListItem","position":1,"name":"Home","item":"https:\/\/www.welovecycling.com\/sk\/"},{"@type":"ListItem","position":2,"name":"Vyhrajte pr\u00edpravu, dres a \u0161tartovn\u00e9 na L\u2019Etape Slovakia 2023"}]},{"@type":"WebSite","@id":"https:\/\/www.welovecycling.com\/sk\/#website","url":"https:\/\/www.welovecycling.com\/sk\/","name":"\u0160koda We Love Cycling Slovensko","description":"\u0160koda We Love Cycling Slovensko je v\u00e1\u0161 ka\u017edodenn\u00fd zdroj noviniek a in\u0161pir\u00e1cie z sveta cyklistiky","potentialAction":[{"@type":"SearchAction","target":{"@type":"EntryPoint","urlTemplate":"https:\/\/www.welovecycling.com\/sk\/?s={search_term_string}"},"query-input":{"@type":"PropertyValueSpecification","valueRequired":true,"valueName":"search_term_string"}}],"inLanguage":"sk-SK"},{"@type":"Person","@id":"https:\/\/www.welovecycling.com\/sk\/#\/schema\/person\/533b62b98b6c41bd5135ebfb1f742624","name":"dominika","image":{"@type":"ImageObject","inLanguage":"sk-SK","@id":"https:\/\/www.welovecycling.com\/sk\/#\/schema\/person\/image\/","url":"https:\/\/secure.gravatar.com\/avatar\/ded6f274ba2ec3e17fff153f7d9d96a4b33c2cb63907f75d9a5309c599a7f3e6?s=96&d=mm&r=g","contentUrl":"https:\/\/secure.gravatar.com\/avatar\/ded6f274ba2ec3e17fff153f7d9d96a4b33c2cb63907f75d9a5309c599a7f3e6?s=96&d=mm&r=g","caption":"dominika"},"url":"https:\/\/www.welovecycling.com\/sk\/author\/dominika\/"}]}},"_links":{"self":[{"href":"https:\/\/www.welovecycling.com\/sk\/wp-json\/wp\/v2\/posts\/16637","targetHints":{"allow":["GET"]}}],"collection":[{"href":"https:\/\/www.welovecycling.com\/sk\/wp-json\/wp\/v2\/posts"}],"about":[{"href":"https:\/\/www.welovecycling.com\/sk\/wp-json\/wp\/v2\/types\/post"}],"author":[{"embeddable":true,"href":"https:\/\/www.welovecycling.com\/sk\/wp-json\/wp\/v2\/users\/172"}],"replies":[{"embeddable":true,"href":"https:\/\/www.welovecycling.com\/sk\/wp-json\/wp\/v2\/comments?post=16637"}],"version-history":[{"count":2,"href":"https:\/\/www.welovecycling.com\/sk\/wp-json\/wp\/v2\/posts\/16637\/revisions"}],"predecessor-version":[{"id":16654,"href":"https:\/\/www.welovecycling.com\/sk\/wp-json\/wp\/v2\/posts\/16637\/revisions\/16654"}],"wp:featuredmedia":[{"embeddable":true,"href":"https:\/\/www.welovecycling.com\/sk\/wp-json\/wp\/v2\/media\/16639"}],"wp:attachment":[{"href":"https:\/\/www.welovecycling.com\/sk\/wp-json\/wp\/v2\/media?parent=16637"}],"wp:term":[{"taxonomy":"category","embeddable":true,"href":"https:\/\/www.welovecycling.com\/sk\/wp-json\/wp\/v2\/categories?post=16637"},{"taxonomy":"post_tag","embeddable":true,"href":"https:\/\/www.welovecycling.com\/sk\/wp-json\/wp\/v2\/tags?post=16637"},{"taxonomy":"global-categories","embeddable":true,"href":"https:\/\/www.welovecycling.com\/sk\/wp-json\/wp\/v2\/global-categories?post=16637"}],"curies":[{"name":"wp","href":"https:\/\/api.w.org\/{rel}","templated":true}]}}