{"id":16579,"date":"2023-01-16T09:00:14","date_gmt":"2023-01-16T08:00:14","guid":{"rendered":"https:\/\/www.welovecycling.com\/sk\/?p=16579"},"modified":"2023-01-12T13:40:52","modified_gmt":"2023-01-12T12:40:52","slug":"ako-sa-stat-cyklistom-prve-treningove-mesiace","status":"publish","type":"post","link":"https:\/\/www.welovecycling.com\/sk\/2023\/01\/16\/ako-sa-stat-cyklistom-prve-treningove-mesiace\/","title":{"rendered":"Seri\u00e1l: Ako sa sta\u0165 cyklistom \u2013 6. Prv\u00e9 tr\u00e9ningov\u00e9 mesiace"},"content":{"rendered":"<p>V predch\u00e1dzaj\u00facich \u010dl\u00e1nkoch sme sa pozreli na to, <a href=\"https:\/\/www.welovecycling.com\/sk\/2022\/05\/18\/serial-ako-sa-stat-cyklistom-1-kedy-zacat-s-cyklistikou\/\" rel=\"noopener\" target=\"_blank\">kedy za\u010da\u0165<\/a>, <a href=\"https:\/\/www.welovecycling.com\/sk\/2022\/05\/27\/serial-ako-sa-stat-cyklistom-2-kam-uskladnit-bicykel\/\" rel=\"noopener\" target=\"_blank\">kam bicykel uskladni\u0165<\/a>, <a href=\"https:\/\/www.welovecycling.com\/sk\/2022\/08\/22\/serial-ako-sa-stat-cyklistom-4-aky-druh-cyklistiky-si-vybrat\/\" rel=\"noopener\" target=\"_blank\">ak\u00e9 s\u00fa druhy cyklistiky<\/a>, pre\u0161li sme si <a href=\"https:\/\/www.welovecycling.com\/sk\/2022\/11\/01\/serial-ako-sa-stat-cyklistom-5-servis-a-zakladne-zrucnosti\/\" rel=\"noopener\" target=\"_blank\">z\u00e1kladn\u00fd servis<\/a> a dokonca aj <a href=\"https:\/\/www.welovecycling.com\/sk\/2022\/07\/06\/serial-ako-sa-stat-cyklistom-3-preco-bicyklujete\/\" rel=\"noopener\" target=\"_blank\">d\u00f4vody, pre\u010do bicyklujeme<\/a>. Je najvy\u0161\u0161\u00ed \u010das, kone\u010dne na bicykel nasadn\u00fa\u0165 a vyrazi\u0165. Jaj, pardon, je zima a teraz bicykluj\u00fa len skuto\u010dn\u00ed odv\u00e1\u017elivci. Tak\u017ee je najvy\u0161\u0161\u00ed \u010das pozrie\u0165, ako na to, ke\u010f vyraz\u00edte na jar na dvoch koles\u00e1ch po prv\u00fdkr\u00e1t von, a ako by mali vyzera\u0165 va\u0161e prv\u00e9 tr\u00e9ningov\u00e9 mesiace.<!--more--><\/p>\n<h2><strong>Prv\u00e9 t\u00fd\u017edne<\/strong><\/h2>\n<p><strong>Na za\u010diatok si napl\u00e1nujte len trasy do jednej hodiny<\/strong>. Skuto\u010dne to nepreh\u00e1\u0148ajte, lebo si cyklistiku znechut\u00edte, a to nechcete. Pri bicyklovan\u00ed budete zap\u00e1ja\u0165 nov\u00e9 svalov\u00e9 partie a telo si na t\u00fato z\u00e1\u0165a\u017e mus\u00ed zvykn\u00fa\u0165. Na za\u010diatok vyrazte tak 2-3-kr\u00e1t do t\u00fd\u017ed\u0148a a medzi jednotliv\u00fdmi jazdami si doprajte de\u0148 oddychu. Nezab\u00fadajte na pitn\u00fd re\u017eim, preto\u017ee pre v\u00e1s, ako za\u010diato\u010dn\u00edkov, je ve\u013emi d\u00f4le\u017eit\u00fd. \u010co sa t\u00fdka stravy, pri v\u00fdjazdoch do jednej hodiny nepotrebujete \u017eiadne extra energetick\u00e9 pr\u00edpravky. <\/p>\n<h2><strong>Prv\u00fd mesiac<\/strong><\/h2>\n<p><strong>Prv\u00e9 t\u00fd\u017edne m\u00e1te za sebou a m\u00f4\u017eete za\u010da\u0165 prid\u00e1va\u0165 dlh\u0161ie trasy a pokojne sa vyberte aj na dvojhodinov\u00fd v\u00fdjazd<\/strong>. Pr\u00edpadne zosta\u0148te na jednej hodine, ale vyberte si poriadne kopcovit\u00fdch ter\u00e9n. Tu u\u017e treba myslie\u0165 aj na jedlo so sebou a pravidlom je, \u017ee najnesk\u00f4r po ka\u017edej hodine treba zjes\u0165 nie\u010do mal\u00e9. Tak\u017ee vo va\u0161om pr\u00edpade to bude jedno, maxim\u00e1lne dve mal\u00e9 jedla. Pod mal\u00fdm jedlom m\u00e1m na mysli energetick\u00fa ty\u010dinky alebo nejak\u00fd keks\u00edk, nie mal\u00fd reze\u0148, \u010di hamburger. <\/p>\n<div class=\"shortcode-ys-post-pinup\"><article class=\"loop-simple post-11873 post type-post status-publish format-standard has-post-thumbnail hentry category-odporucame tag-cestna-cyklistika tag-dusa tag-horska-cyklistika tag-jedlo tag-napoj tag-naradie tag-odporucame tag-vyjazd global-categories-cycling\" data-postid=\"11873\" role=\"article\" data-post-id=\"11873\" data-word-count=\"453\" data-headline-length=\"42\" data-category=\"Odpor\u00fa\u010dame\" data-global-category=\"Cycling\" data-author=\"Radovan Vr\u0161ka\" data-published=\"2021-06-08T10:00:45+02:00\" data-published-day=\"Tuesday\">\n    <div class=\"entry-thumbnail article-thumbnail\" content=\"https:\/\/d2p6e6u75xmxt8.cloudfront.net\/4\/2021\/06\/7-veci_00-150x150.webp\"><a href=\"https:\/\/www.welovecycling.com\/sk\/2021\/06\/08\/7-veci-ktore-si-nezabudnut-na-vyjazd\/\" class=\"image-holder\" target=\"_self\"><img decoding=\"async\" loading=\"lazy\" class=\"\" src=\"https:\/\/d2p6e6u75xmxt8.cloudfront.net\/4\/2021\/06\/7-veci_00-1024x445.webp\" srcset=\"https:\/\/d2p6e6u75xmxt8.cloudfront.net\/4\/2021\/06\/7-veci_00.webp 1380w, https:\/\/d2p6e6u75xmxt8.cloudfront.net\/4\/2021\/06\/7-veci_00-300x130.webp 300w, https:\/\/d2p6e6u75xmxt8.cloudfront.net\/4\/2021\/06\/7-veci_00-1024x445.webp 1024w, https:\/\/d2p6e6u75xmxt8.cloudfront.net\/4\/2021\/06\/7-veci_00-768x334.webp 768w\" width=\"1024\" height=\"445\" sizes=\"auto, (min-width: 1200px) 460px, (min-width: 768px) 38vw, 100vw\" alt=\"7-veci-ktore-si-nezabudnut-na-vyjazd\"\/><\/a><\/div>    <div class=\"entry-meta\">\n        <a class=\"label label-secondary post-category\" href=\"https:\/\/www.welovecycling.com\/sk\/category\/odporucame\/\" title=\"Odpor\u00fa\u010dame\">Odpor\u00fa\u010dame<\/a>\n    <\/div>\n    <div class=\"entry-details\">\n        <a href=\"https:\/\/www.welovecycling.com\/sk\/2021\/06\/08\/7-veci-ktore-si-nezabudnut-na-vyjazd\/\" class='entry-title-wrapper'>\n            <h3 class=\"entry-title\"><span>7 vec\u00ed, ktor\u00e9 si nezabudn\u00fa\u0165 na v\u00fdjazd<\/span><\/h3>\n        <\/a>\n    <\/div>\n    <\/article>\n<\/div>\n<h2><strong>Kone\u010dne poriadny v\u00fdjazd<\/strong><\/h2>\n<p>Prv\u00e9 mesiace m\u00e1te za sebou a c\u00edtite sa na poriadnu d\u00e1vku kilometrov. Po\u010fte do toho a napl\u00e1nujte si poldenn\u00fa trasu. \u010ci u\u017e to bude nejak\u00fd cestn\u00fd okruh alebo jazda do vzdialen\u00fdch kopcov, je len na v\u00e1s. <strong>Je v\u0161ak dobr\u00e9 n\u00e1js\u0165 si na tak\u00fdto v\u00fdjazd par\u0165\u00e1ka a d\u00f4kladne sa z\u00e1sobi\u0165 jedlom a tekutinami<\/strong>. Nezabudnite na nejak\u00e9 to n\u00e1hradn\u00e9 oble\u010denie a z\u00e1kladn\u00fd servisn\u00fd bal\u00ed\u010dek. Mo\u017eno to bude miestami bolie\u0165, ale ten pocit na z\u00e1ver d\u0148a je na nezaplatenie. Zvl\u00e1dli ste svoj prv\u00fd poriadny cyklistick\u00fd v\u00fdjazd. <\/p>\n<figure id=\"attachment_16580\" aria-describedby=\"caption-attachment-16580\" style=\"width: 990px\" class=\"wp-caption alignnone\"><img loading=\"lazy\" decoding=\"async\" src=\"https:\/\/d2p6e6u75xmxt8.cloudfront.net\/4\/2023\/01\/ako_sa_stat_cyklistom_01.webp\" alt=\"cyklista na hor\u00e1ch\" width=\"990\" height=\"660\" class=\"size-full wp-image-16580\" srcset=\"https:\/\/d2p6e6u75xmxt8.cloudfront.net\/4\/2023\/01\/ako_sa_stat_cyklistom_01.webp 990w, https:\/\/d2p6e6u75xmxt8.cloudfront.net\/4\/2023\/01\/ako_sa_stat_cyklistom_01-300x200.webp 300w, https:\/\/d2p6e6u75xmxt8.cloudfront.net\/4\/2023\/01\/ako_sa_stat_cyklistom_01-768x512.webp 768w, https:\/\/d2p6e6u75xmxt8.cloudfront.net\/4\/2023\/01\/ako_sa_stat_cyklistom_01-272x182.webp 272w\" sizes=\"auto, (max-width: 990px) 100vw, 990px\" \/><figcaption id=\"caption-attachment-16580\" class=\"wp-caption-text\">Zdroj: pexels.com<\/figcaption><\/figure>\n<h2><strong>Prv\u00e9 preteky<\/strong><\/h2>\n<p>Ak to prv\u00fd rok stihnete a tr\u00e9novali ste skuto\u010dne poctivo, m\u00f4\u017eete sk\u00fasi\u0165 aj svoje prv\u00e9 preteky. <strong>Nevyberajte si v\u0161ak na za\u010diatok ni\u010d \u0165a\u017ek\u00e9, aj ke\u010f m\u00e1te pocit, \u017ee formu m\u00e1te dobr\u00fa<\/strong>. M\u00f4\u017ee sa toti\u017e sta\u0165, \u017ee \u00fa\u010das\u0165 fan\u00fa\u0161ikov a s\u00fa\u0165a\u017eiv\u00fd duch cyklistov okolo v\u00e1s bude pre v\u00e1s ru\u0161iv\u00fd a vy zrazu strat\u00edte svoje odhodlanie a zbyto\u010dne budete ma\u0165 natr\u00e9novan\u00e9, ke\u010f v\u00e1m tr\u00e9ma zvia\u017ee nohy. <\/p>\n<p>\u00daspechy aj ne\u00faspechy. Ur\u010dite za\u017eijete v\u0161etko hne\u010f od za\u010diatku. <strong>D\u00f4le\u017eit\u00e9 je, \u017ee sa netreba necha\u0165 odradi\u0165<\/strong>. V\u0161etko toto patr\u00ed k cyklistike a vy sa naplno stanete \u010dlenom tejto \u00fa\u017easnej komunity. Vychutn\u00e1vajte si to. <\/p>\n","protected":false},"excerpt":{"rendered":"<p>V predch\u00e1dzaj\u00facich \u010dl\u00e1nkoch sme sa pozreli na to, kedy za\u010da\u0165, kam bicykel uskladni\u0165, ak\u00e9 s\u00fa druhy cyklistiky, pre\u0161li sme si [&hellip;]<\/p>\n","protected":false},"author":172,"featured_media":16581,"comment_status":"open","ping_status":"open","sticky":false,"template":"","format":"standard","meta":{"footnotes":""},"categories":[191],"tags":[559,619,115,597,1246,1307,180,767,931,161],"global-categories":[1074],"class_list":["post-16579","post","type-post","status-publish","format-standard","has-post-thumbnail","hentry","category-odporucame","tag-bicykel","tag-bicyklovanie","tag-cestna-cyklistika","tag-cyklista","tag-cyklisticka-komunita","tag-domaci-trening","tag-horska-cyklistika","tag-motivacia","tag-odporucame","tag-zdravie","global-categories-cycling"],"yoast_head":"<!-- This site is optimized with the Yoast SEO Premium plugin v25.3 (Yoast SEO v25.9) - https:\/\/yoast.com\/wordpress\/plugins\/seo\/ -->\n<title>Seri\u00e1l: Ako sa sta\u0165 cyklistom \u2013 6. Prv\u00e9 tr\u00e9ningov\u00e9 mesiace<\/title>\n<meta name=\"description\" content=\"Ako na to, ke\u010f vyraz\u00edte na jar na dvoch koles\u00e1ch po prv\u00fdkr\u00e1t von, a ako by mali vyzera\u0165 va\u0161e prv\u00e9 tr\u00e9ningov\u00e9 mesiace.\" \/>\n<meta name=\"robots\" content=\"index, follow, max-snippet:-1, max-image-preview:large, max-video-preview:-1\" \/>\n<link rel=\"canonical\" href=\"https:\/\/www.welovecycling.com\/sk\/2023\/01\/16\/ako-sa-stat-cyklistom-prve-treningove-mesiace\/\" \/>\n<meta property=\"og:locale\" content=\"sk_SK\" \/>\n<meta property=\"og:type\" content=\"article\" \/>\n<meta property=\"og:title\" content=\"Seri\u00e1l: Ako sa sta\u0165 cyklistom \u2013 6. Prv\u00e9 tr\u00e9ningov\u00e9 mesiace\" \/>\n<meta property=\"og:description\" content=\"Ako na to, ke\u010f vyraz\u00edte na jar na dvoch koles\u00e1ch po prv\u00fdkr\u00e1t von, a ako by mali vyzera\u0165 va\u0161e prv\u00e9 tr\u00e9ningov\u00e9 mesiace.\" \/>\n<meta property=\"og:url\" content=\"https:\/\/www.welovecycling.com\/sk\/2023\/01\/16\/ako-sa-stat-cyklistom-prve-treningove-mesiace\/\" \/>\n<meta property=\"og:site_name\" content=\"\u0160koda We Love Cycling Slovensko\" \/>\n<meta property=\"article:published_time\" content=\"2023-01-16T08:00:14+00:00\" \/>\n<meta property=\"og:image\" content=\"https:\/\/d2p6e6u75xmxt8.cloudfront.net\/4\/2023\/01\/ako_sa_stat_cyklistom_titulka.webp\" \/>\n\t<meta property=\"og:image:width\" content=\"990\" \/>\n\t<meta property=\"og:image:height\" content=\"660\" \/>\n\t<meta property=\"og:image:type\" content=\"image\/webp\" \/>\n<meta name=\"author\" content=\"dominika\" \/>\n<meta name=\"twitter:card\" content=\"summary_large_image\" \/>\n<meta name=\"twitter:label1\" content=\"Written by\" \/>\n\t<meta name=\"twitter:data1\" content=\"Radovan Vr\u0161ka\" \/>\n\t<meta name=\"twitter:label2\" content=\"Est. reading time\" \/>\n\t<meta name=\"twitter:data2\" content=\"3\" \/>\n<script type=\"application\/ld+json\" class=\"yoast-schema-graph\">{\"@context\":\"https:\/\/schema.org\",\"@graph\":[{\"@type\":\"WebPage\",\"@id\":\"https:\/\/www.welovecycling.com\/sk\/2023\/01\/16\/ako-sa-stat-cyklistom-prve-treningove-mesiace\/\",\"url\":\"https:\/\/www.welovecycling.com\/sk\/2023\/01\/16\/ako-sa-stat-cyklistom-prve-treningove-mesiace\/\",\"name\":\"Seri\u00e1l: Ako sa sta\u0165 cyklistom \u2013 6. Prv\u00e9 tr\u00e9ningov\u00e9 mesiace\",\"isPartOf\":{\"@id\":\"https:\/\/www.welovecycling.com\/sk\/#website\"},\"primaryImageOfPage\":{\"@id\":\"https:\/\/www.welovecycling.com\/sk\/2023\/01\/16\/ako-sa-stat-cyklistom-prve-treningove-mesiace\/#primaryimage\"},\"image\":{\"@id\":\"https:\/\/www.welovecycling.com\/sk\/2023\/01\/16\/ako-sa-stat-cyklistom-prve-treningove-mesiace\/#primaryimage\"},\"thumbnailUrl\":\"https:\/\/d2p6e6u75xmxt8.cloudfront.net\/4\/2023\/01\/ako_sa_stat_cyklistom_titulka.webp\",\"datePublished\":\"2023-01-16T08:00:14+00:00\",\"author\":{\"@id\":\"https:\/\/www.welovecycling.com\/sk\/#\/schema\/person\/533b62b98b6c41bd5135ebfb1f742624\"},\"description\":\"Ako na to, ke\u010f vyraz\u00edte na jar na dvoch koles\u00e1ch po prv\u00fdkr\u00e1t von, a ako by mali vyzera\u0165 va\u0161e prv\u00e9 tr\u00e9ningov\u00e9 mesiace.\",\"breadcrumb\":{\"@id\":\"https:\/\/www.welovecycling.com\/sk\/2023\/01\/16\/ako-sa-stat-cyklistom-prve-treningove-mesiace\/#breadcrumb\"},\"inLanguage\":\"sk-SK\",\"potentialAction\":[{\"@type\":\"ReadAction\",\"target\":[\"https:\/\/www.welovecycling.com\/sk\/2023\/01\/16\/ako-sa-stat-cyklistom-prve-treningove-mesiace\/\"]}]},{\"@type\":\"ImageObject\",\"inLanguage\":\"sk-SK\",\"@id\":\"https:\/\/www.welovecycling.com\/sk\/2023\/01\/16\/ako-sa-stat-cyklistom-prve-treningove-mesiace\/#primaryimage\",\"url\":\"https:\/\/d2p6e6u75xmxt8.cloudfront.net\/4\/2023\/01\/ako_sa_stat_cyklistom_titulka.webp\",\"contentUrl\":\"https:\/\/d2p6e6u75xmxt8.cloudfront.net\/4\/2023\/01\/ako_sa_stat_cyklistom_titulka.webp\",\"width\":990,\"height\":660,\"caption\":\"Titulka: pexels.com\"},{\"@type\":\"BreadcrumbList\",\"@id\":\"https:\/\/www.welovecycling.com\/sk\/2023\/01\/16\/ako-sa-stat-cyklistom-prve-treningove-mesiace\/#breadcrumb\",\"itemListElement\":[{\"@type\":\"ListItem\",\"position\":1,\"name\":\"Home\",\"item\":\"https:\/\/www.welovecycling.com\/sk\/\"},{\"@type\":\"ListItem\",\"position\":2,\"name\":\"Seri\u00e1l: Ako sa sta\u0165 cyklistom \u2013 6. Prv\u00e9 tr\u00e9ningov\u00e9 mesiace\"}]},{\"@type\":\"WebSite\",\"@id\":\"https:\/\/www.welovecycling.com\/sk\/#website\",\"url\":\"https:\/\/www.welovecycling.com\/sk\/\",\"name\":\"\u0160koda We Love Cycling Slovensko\",\"description\":\"\u0160koda We Love Cycling Slovensko je v\u00e1\u0161 ka\u017edodenn\u00fd zdroj noviniek a in\u0161pir\u00e1cie z sveta cyklistiky\",\"potentialAction\":[{\"@type\":\"SearchAction\",\"target\":{\"@type\":\"EntryPoint\",\"urlTemplate\":\"https:\/\/www.welovecycling.com\/sk\/?s={search_term_string}\"},\"query-input\":{\"@type\":\"PropertyValueSpecification\",\"valueRequired\":true,\"valueName\":\"search_term_string\"}}],\"inLanguage\":\"sk-SK\"},{\"@type\":\"Person\",\"@id\":\"https:\/\/www.welovecycling.com\/sk\/#\/schema\/person\/533b62b98b6c41bd5135ebfb1f742624\",\"name\":\"dominika\",\"image\":{\"@type\":\"ImageObject\",\"inLanguage\":\"sk-SK\",\"@id\":\"https:\/\/www.welovecycling.com\/sk\/#\/schema\/person\/image\/\",\"url\":\"https:\/\/secure.gravatar.com\/avatar\/ded6f274ba2ec3e17fff153f7d9d96a4b33c2cb63907f75d9a5309c599a7f3e6?s=96&d=mm&r=g\",\"contentUrl\":\"https:\/\/secure.gravatar.com\/avatar\/ded6f274ba2ec3e17fff153f7d9d96a4b33c2cb63907f75d9a5309c599a7f3e6?s=96&d=mm&r=g\",\"caption\":\"dominika\"},\"url\":\"https:\/\/www.welovecycling.com\/sk\/author\/dominika\/\"}]}<\/script>\n<!-- \/ Yoast SEO Premium plugin. -->","yoast_head_json":{"title":"Seri\u00e1l: Ako sa sta\u0165 cyklistom \u2013 6. Prv\u00e9 tr\u00e9ningov\u00e9 mesiace","description":"Ako na to, ke\u010f vyraz\u00edte na jar na dvoch koles\u00e1ch po prv\u00fdkr\u00e1t von, a ako by mali vyzera\u0165 va\u0161e prv\u00e9 tr\u00e9ningov\u00e9 mesiace.","robots":{"index":"index","follow":"follow","max-snippet":"max-snippet:-1","max-image-preview":"max-image-preview:large","max-video-preview":"max-video-preview:-1"},"canonical":"https:\/\/www.welovecycling.com\/sk\/2023\/01\/16\/ako-sa-stat-cyklistom-prve-treningove-mesiace\/","og_locale":"sk_SK","og_type":"article","og_title":"Seri\u00e1l: Ako sa sta\u0165 cyklistom \u2013 6. Prv\u00e9 tr\u00e9ningov\u00e9 mesiace","og_description":"Ako na to, ke\u010f vyraz\u00edte na jar na dvoch koles\u00e1ch po prv\u00fdkr\u00e1t von, a ako by mali vyzera\u0165 va\u0161e prv\u00e9 tr\u00e9ningov\u00e9 mesiace.","og_url":"https:\/\/www.welovecycling.com\/sk\/2023\/01\/16\/ako-sa-stat-cyklistom-prve-treningove-mesiace\/","og_site_name":"\u0160koda We Love Cycling Slovensko","article_published_time":"2023-01-16T08:00:14+00:00","og_image":[{"width":990,"height":660,"url":"https:\/\/d2p6e6u75xmxt8.cloudfront.net\/4\/2023\/01\/ako_sa_stat_cyklistom_titulka.webp","type":"image\/webp"}],"author":"dominika","twitter_card":"summary_large_image","twitter_misc":{"Written by":"Radovan Vr\u0161ka","Est. reading time":"3"},"schema":{"@context":"https:\/\/schema.org","@graph":[{"@type":"WebPage","@id":"https:\/\/www.welovecycling.com\/sk\/2023\/01\/16\/ako-sa-stat-cyklistom-prve-treningove-mesiace\/","url":"https:\/\/www.welovecycling.com\/sk\/2023\/01\/16\/ako-sa-stat-cyklistom-prve-treningove-mesiace\/","name":"Seri\u00e1l: Ako sa sta\u0165 cyklistom \u2013 6. Prv\u00e9 tr\u00e9ningov\u00e9 mesiace","isPartOf":{"@id":"https:\/\/www.welovecycling.com\/sk\/#website"},"primaryImageOfPage":{"@id":"https:\/\/www.welovecycling.com\/sk\/2023\/01\/16\/ako-sa-stat-cyklistom-prve-treningove-mesiace\/#primaryimage"},"image":{"@id":"https:\/\/www.welovecycling.com\/sk\/2023\/01\/16\/ako-sa-stat-cyklistom-prve-treningove-mesiace\/#primaryimage"},"thumbnailUrl":"https:\/\/d2p6e6u75xmxt8.cloudfront.net\/4\/2023\/01\/ako_sa_stat_cyklistom_titulka.webp","datePublished":"2023-01-16T08:00:14+00:00","author":{"@id":"https:\/\/www.welovecycling.com\/sk\/#\/schema\/person\/533b62b98b6c41bd5135ebfb1f742624"},"description":"Ako na to, ke\u010f vyraz\u00edte na jar na dvoch koles\u00e1ch po prv\u00fdkr\u00e1t von, a ako by mali vyzera\u0165 va\u0161e prv\u00e9 tr\u00e9ningov\u00e9 mesiace.","breadcrumb":{"@id":"https:\/\/www.welovecycling.com\/sk\/2023\/01\/16\/ako-sa-stat-cyklistom-prve-treningove-mesiace\/#breadcrumb"},"inLanguage":"sk-SK","potentialAction":[{"@type":"ReadAction","target":["https:\/\/www.welovecycling.com\/sk\/2023\/01\/16\/ako-sa-stat-cyklistom-prve-treningove-mesiace\/"]}]},{"@type":"ImageObject","inLanguage":"sk-SK","@id":"https:\/\/www.welovecycling.com\/sk\/2023\/01\/16\/ako-sa-stat-cyklistom-prve-treningove-mesiace\/#primaryimage","url":"https:\/\/d2p6e6u75xmxt8.cloudfront.net\/4\/2023\/01\/ako_sa_stat_cyklistom_titulka.webp","contentUrl":"https:\/\/d2p6e6u75xmxt8.cloudfront.net\/4\/2023\/01\/ako_sa_stat_cyklistom_titulka.webp","width":990,"height":660,"caption":"Titulka: pexels.com"},{"@type":"BreadcrumbList","@id":"https:\/\/www.welovecycling.com\/sk\/2023\/01\/16\/ako-sa-stat-cyklistom-prve-treningove-mesiace\/#breadcrumb","itemListElement":[{"@type":"ListItem","position":1,"name":"Home","item":"https:\/\/www.welovecycling.com\/sk\/"},{"@type":"ListItem","position":2,"name":"Seri\u00e1l: Ako sa sta\u0165 cyklistom \u2013 6. Prv\u00e9 tr\u00e9ningov\u00e9 mesiace"}]},{"@type":"WebSite","@id":"https:\/\/www.welovecycling.com\/sk\/#website","url":"https:\/\/www.welovecycling.com\/sk\/","name":"\u0160koda We Love Cycling Slovensko","description":"\u0160koda We Love Cycling Slovensko je v\u00e1\u0161 ka\u017edodenn\u00fd zdroj noviniek a in\u0161pir\u00e1cie z sveta cyklistiky","potentialAction":[{"@type":"SearchAction","target":{"@type":"EntryPoint","urlTemplate":"https:\/\/www.welovecycling.com\/sk\/?s={search_term_string}"},"query-input":{"@type":"PropertyValueSpecification","valueRequired":true,"valueName":"search_term_string"}}],"inLanguage":"sk-SK"},{"@type":"Person","@id":"https:\/\/www.welovecycling.com\/sk\/#\/schema\/person\/533b62b98b6c41bd5135ebfb1f742624","name":"dominika","image":{"@type":"ImageObject","inLanguage":"sk-SK","@id":"https:\/\/www.welovecycling.com\/sk\/#\/schema\/person\/image\/","url":"https:\/\/secure.gravatar.com\/avatar\/ded6f274ba2ec3e17fff153f7d9d96a4b33c2cb63907f75d9a5309c599a7f3e6?s=96&d=mm&r=g","contentUrl":"https:\/\/secure.gravatar.com\/avatar\/ded6f274ba2ec3e17fff153f7d9d96a4b33c2cb63907f75d9a5309c599a7f3e6?s=96&d=mm&r=g","caption":"dominika"},"url":"https:\/\/www.welovecycling.com\/sk\/author\/dominika\/"}]}},"_links":{"self":[{"href":"https:\/\/www.welovecycling.com\/sk\/wp-json\/wp\/v2\/posts\/16579","targetHints":{"allow":["GET"]}}],"collection":[{"href":"https:\/\/www.welovecycling.com\/sk\/wp-json\/wp\/v2\/posts"}],"about":[{"href":"https:\/\/www.welovecycling.com\/sk\/wp-json\/wp\/v2\/types\/post"}],"author":[{"embeddable":true,"href":"https:\/\/www.welovecycling.com\/sk\/wp-json\/wp\/v2\/users\/172"}],"replies":[{"embeddable":true,"href":"https:\/\/www.welovecycling.com\/sk\/wp-json\/wp\/v2\/comments?post=16579"}],"version-history":[{"count":2,"href":"https:\/\/www.welovecycling.com\/sk\/wp-json\/wp\/v2\/posts\/16579\/revisions"}],"predecessor-version":[{"id":16598,"href":"https:\/\/www.welovecycling.com\/sk\/wp-json\/wp\/v2\/posts\/16579\/revisions\/16598"}],"wp:featuredmedia":[{"embeddable":true,"href":"https:\/\/www.welovecycling.com\/sk\/wp-json\/wp\/v2\/media\/16581"}],"wp:attachment":[{"href":"https:\/\/www.welovecycling.com\/sk\/wp-json\/wp\/v2\/media?parent=16579"}],"wp:term":[{"taxonomy":"category","embeddable":true,"href":"https:\/\/www.welovecycling.com\/sk\/wp-json\/wp\/v2\/categories?post=16579"},{"taxonomy":"post_tag","embeddable":true,"href":"https:\/\/www.welovecycling.com\/sk\/wp-json\/wp\/v2\/tags?post=16579"},{"taxonomy":"global-categories","embeddable":true,"href":"https:\/\/www.welovecycling.com\/sk\/wp-json\/wp\/v2\/global-categories?post=16579"}],"curies":[{"name":"wp","href":"https:\/\/api.w.org\/{rel}","templated":true}]}}