{"id":1656,"date":"2017-07-19T19:30:36","date_gmt":"2017-07-19T17:30:36","guid":{"rendered":"https:\/\/www.welovecycling.com\/sk\/?p=1656"},"modified":"2017-12-18T13:11:22","modified_gmt":"2017-12-18T12:11:22","slug":"novinky-zo-17-etapy","status":"publish","type":"post","link":"https:\/\/www.welovecycling.com\/sk\/2017\/07\/19\/novinky-zo-17-etapy\/","title":{"rendered":"Novinky zo 17. etapy: prekvapenia aj p\u00e1dy"},"content":{"rendered":"<p><strong><span id=\"result_box\" class=\"\" lang=\"sk\" tabindex=\"-1\"><span class=\"\">Slovincovi Primo\u017eovi Rogli\u010dovi sa dnes podaril ve\u013ekolep\u00fd k\u00fasok! Na Galibier striasol ostatn\u00fdch pretek\u00e1rov a dojazd si vychutnal \u00faplne s\u00e1m. Lep\u0161\u00ed v\u00fdsledok (a prv\u00e9 etapov\u00e9 v\u00ed\u0165azstvo pre svoju krajinu) si na svojej debutovej Tour ani nemohol \u017eela\u0165.<\/span><\/span><\/strong><\/p>\n<p><!--more--><\/p>\n<p>Jazdci na celkov\u00e9 poradie &#8211; Chris Froome, Rigoberto Ur\u00e1n, Romain Bardet a Fabio Aru &#8211; skon\u010dili s viac ako min\u00fatovou stratou. Aru sa navy\u0161e prepadol z druh\u00e9ho priamo na \u0161tvrt\u00e9 miesto.<\/p>\n<h2><strong>V\u00fdsledky 17. etapy<\/strong><\/h2>\n<p>1 ROGLIC PRIMOZ 05H 07&#8242; 41&#8220; B : 10&#8220; &#8211;<br \/>\n2 URAN RIGOBERTO B : 06&#8220; &#8211; + 01&#8242; 13&#8220;<br \/>\n3 FROOME CHRISTOPHER B : 04&#8220; &#8211; + 01&#8242; 13&#8220;<br \/>\n4 BARDET ROMAIN + 01&#8242; 13&#8220;<br \/>\n5 BARGUIL WARREN + 01&#8242; 13&#8220;<br \/>\n6 LANDA MIKEL + 01&#8242; 16&#8220;<br \/>\n7 MARTIN DANIEL + 01&#8242; 43&#8220;<br \/>\n8 CONTADOR ALBERTO + 01&#8242; 44&#8220;<br \/>\n9 MEINTJES LOUIS + 01&#8242; 44&#8220;<br \/>\n10 ARU FABIO + 01&#8242; 44&#8220;<\/p>\n<h2><strong>Zjazd z Col du Galibier (HC)<\/strong><\/h2>\n<lite-youtube videoid=ECqaZkWAuYg params=\"enablejsapi=1\" style=\"background-image: url('https:\/\/i.ytimg.com\/vi_webp\/ECqaZkWAuYg\/maxresdefault.webp');\"><\/lite-youtube>\n<div class=\"shortcode-ys-post-pinup\"><article class=\"loop-simple post-1659 post type-post status-publish format-standard has-post-thumbnail hentry category-cestna-cyklisitika category-zabava tag-cestna-cyklistika tag-chris-froome tag-marco-pantani tag-peter-sagan tag-tour-de-france tag-zjazd\" data-postid=\"1659\" role=\"article\" data-post-id=\"1659\" data-word-count=\"10\" data-headline-length=\"44\" data-category=\"Cestn\u00e1 cyklistika\" data-author=\"We Love Cycling\" data-published=\"2017-06-19T18:16:43+02:00\" data-published-day=\"Monday\">\n    <div class=\"entry-thumbnail article-thumbnail\" content=\"https:\/\/d2p6e6u75xmxt8.cloudfront.net\/4\/2017\/07\/profimedia-0230104607jpg-150x150.webp\"><a href=\"https:\/\/www.welovecycling.com\/sk\/2017\/06\/19\/infografika-takto-profici-schadzaju-hory\/\" class=\"image-holder\" target=\"_self\"><img decoding=\"async\" loading=\"lazy\" class=\"\" src=\"https:\/\/d2p6e6u75xmxt8.cloudfront.net\/4\/2017\/07\/profimedia-0230104607jpg-1024x447.webp\" srcset=\"https:\/\/d2p6e6u75xmxt8.cloudfront.net\/4\/2017\/07\/profimedia-0230104607jpg.webp 1375w, https:\/\/d2p6e6u75xmxt8.cloudfront.net\/4\/2017\/07\/profimedia-0230104607jpg-300x131.webp 300w, https:\/\/d2p6e6u75xmxt8.cloudfront.net\/4\/2017\/07\/profimedia-0230104607jpg-1024x447.webp 1024w, https:\/\/d2p6e6u75xmxt8.cloudfront.net\/4\/2017\/07\/profimedia-0230104607jpg-768x335.webp 768w\" width=\"1024\" height=\"447\" sizes=\"auto, (min-width: 1200px) 458px, (min-width: 768px) 38vw, 100vw\" alt=\"infografika-takto-profici-schadzaju-hory\"\/><\/a><\/div>    <div class=\"entry-meta\">\n        <a class=\"label label-secondary post-category\" href=\"https:\/\/www.welovecycling.com\/sk\/category\/cestna-cyklisitika\/\" title=\"Cestn\u00e1 cyklistika\">Cestn\u00e1 cyklistika<\/a>\n    <\/div>\n    <div class=\"entry-details\">\n        <a href=\"https:\/\/www.welovecycling.com\/sk\/2017\/06\/19\/infografika-takto-profici-schadzaju-hory\/\" class='entry-title-wrapper'>\n            <h3 class=\"entry-title\"><span>INFOGRAFIKA: Takto prof\u00edci sch\u00e1dzaj\u00fa hory<\/span><\/h3>\n        <\/a>\n    <\/div>\n    <\/article>\n<\/div>\n<h2><strong>\u010eal\u0161ia rana pre &#8222;zelen\u00fd dres&#8220;<\/strong><\/h2>\n<p>Zmeny na \u010dele bodovacej s\u00fa\u0165a\u017ee prich\u00e1dzaj\u00fa aj takmer \u00faplne na z\u00e1ver celej Tour. Nie (celkom) v\u0161ak z\u00e1sluhou nap\u00ednavej a tesnej konkurencie. Po tom, ako sme sa museli rozl\u00fa\u010di\u0165 s Petrom Saganom, Markom Cavendishom a nesk\u00f4r Arnaudom D\u00e9marom, sa nalepila smola na aktu\u00e1lneho l\u00eddra: po dne\u0161nom p\u00e1de odst\u00fapil aj Marcel Kittel.<\/p>\n<p>S dvomi etapov\u00fdmi v\u00ed\u0165azstvami pre Matthewsa (14. a 16.) sme mohli by\u0165 svedkami e\u0161te celkom nap\u00ednav\u00e9ho s\u00faboja.<\/p>\n<div class=\"embed-controller-wrapper\">\n<div class=\"embed-wrapper\"><iframe title=\"The \u0160KODA green jersey minute - Stage 17 - Tour de France 2017\" width=\"500\" height=\"281\" data-src=\"https:\/\/www.youtube.com\/embed\/ndEKTmibKDo?feature=oembed\" frameborder=\"0\" allow=\"accelerometer; autoplay; clipboard-write; encrypted-media; gyroscope; picture-in-picture; web-share\" referrerpolicy=\"strict-origin-when-cross-origin\" allowfullscreen><\/iframe><\/div>\n<\/div>\n<p>Zelen\u00fd dres si tak obliekol Michael Matthews z t\u00edmu Sunweb, ktor\u00fd ma moment\u00e1lne 364 bodov a pred druh\u00fdm Greipelom n\u00e1skok viac ako 150. N\u00e1m ost\u00e1va len d\u00fafa\u0165, \u017ee podobn\u00e1 nehoda nestretne aj jeho &#8211; zd\u00e1 sa, \u017ee zelen\u00fd dres je tento rok asi zakliaty \ud83d\ude42<\/p>\n<div class=\"shortcode-ys-post-pinup\"><article class=\"loop-simple post-1503 post type-post status-publish format-standard has-post-thumbnail hentry category-cestna-cyklisitika category-tour-de-france tag-alexander-kristoff tag-andre-greipel tag-arnaud-demare tag-cestna-cyklistika tag-marcel-kittel tag-mark-cavendish tag-michael-matthews tag-peter-sagan tag-tour-de-france tag-tour-de-france-2017 tag-zeleny-dres\" data-postid=\"1503\" role=\"article\" data-post-id=\"1503\" data-word-count=\"298\" data-headline-length=\"36\" data-category=\"Cestn\u00e1 cyklistika\" data-author=\"We Love Cycling\" data-published=\"2017-07-08T13:44:47+02:00\" data-published-day=\"Saturday\">\n    <div class=\"entry-thumbnail article-thumbnail\" content=\"https:\/\/d2p6e6u75xmxt8.cloudfront.net\/4\/2017\/07\/profimedia-0340383712jpg-e1499467575185-150x150.webp\"><a href=\"https:\/\/www.welovecycling.com\/sk\/2017\/07\/08\/kral-mrtvy-nech-zije-kral\/\" class=\"image-holder\" target=\"_self\"><img decoding=\"async\" loading=\"lazy\" class=\"\" src=\"https:\/\/d2p6e6u75xmxt8.cloudfront.net\/4\/2017\/07\/profimedia-0340383712jpg-e1499467575185-1024x447.webp\" srcset=\"https:\/\/d2p6e6u75xmxt8.cloudfront.net\/4\/2017\/07\/profimedia-0340383712jpg-e1499467575185.webp 1375w, https:\/\/d2p6e6u75xmxt8.cloudfront.net\/4\/2017\/07\/profimedia-0340383712jpg-e1499467575185-300x131.webp 300w, https:\/\/d2p6e6u75xmxt8.cloudfront.net\/4\/2017\/07\/profimedia-0340383712jpg-e1499467575185-1024x447.webp 1024w, https:\/\/d2p6e6u75xmxt8.cloudfront.net\/4\/2017\/07\/profimedia-0340383712jpg-e1499467575185-768x335.webp 768w\" width=\"1024\" height=\"447\" sizes=\"auto, (min-width: 1200px) 458px, (min-width: 768px) 38vw, 100vw\" alt=\"kral-mrtvy-nech-zije-kral\"\/><\/a><\/div>    <div class=\"entry-meta\">\n        <a class=\"label label-secondary post-category\" href=\"https:\/\/www.welovecycling.com\/sk\/category\/cestna-cyklisitika\/\" title=\"Cestn\u00e1 cyklistika\">Cestn\u00e1 cyklistika<\/a>\n    <\/div>\n    <div class=\"entry-details\">\n        <a href=\"https:\/\/www.welovecycling.com\/sk\/2017\/07\/08\/kral-mrtvy-nech-zije-kral\/\" class='entry-title-wrapper'>\n            <h3 class=\"entry-title\"><span>Kr\u00e1\u013e je m\u0155tvy, nech \u017eije kr\u00e1\u013e?<\/span><\/h3>\n        <\/a>\n    <\/div>\n    <\/article>\n<\/div>\n","protected":false},"excerpt":{"rendered":"<p>Slovincovi Primo\u017eovi Rogli\u010dovi sa dnes podaril ve\u013ekolep\u00fd k\u00fasok! Na Galibier striasol ostatn\u00fdch pretek\u00e1rov a dojazd si vychutnal \u00faplne s\u00e1m. Lep\u0161\u00ed [&hellip;]<\/p>\n","protected":false},"author":38,"featured_media":1673,"comment_status":"open","ping_status":"open","sticky":false,"template":"","format":"standard","meta":{"footnotes":""},"categories":[117],"tags":[115,153,154,170,20,108,156],"global-categories":[],"class_list":["post-1656","post","type-post","status-publish","format-standard","has-post-thumbnail","hentry","category-tour-de-france","tag-cestna-cyklistika","tag-marcel-kittel","tag-michael-matthews","tag-primoz-roglic","tag-tour-de-france","tag-tour-de-france-2017","tag-zeleny-dres"],"yoast_head":"<!-- This site is optimized with the Yoast SEO Premium plugin v25.3 (Yoast SEO v25.9) - https:\/\/yoast.com\/wordpress\/plugins\/seo\/ -->\n<title>Novinky zo 17. etapy: prekvapenia aj p\u00e1dy - \u0160koda We Love Cycling Slovensko<\/title>\n<meta name=\"robots\" content=\"index, follow, max-snippet:-1, max-image-preview:large, max-video-preview:-1\" \/>\n<link rel=\"canonical\" href=\"https:\/\/www.welovecycling.com\/sk\/2017\/07\/19\/novinky-zo-17-etapy\/\" \/>\n<meta property=\"og:locale\" content=\"sk_SK\" \/>\n<meta property=\"og:type\" content=\"article\" \/>\n<meta property=\"og:title\" content=\"Novinky zo 17. etapy: prekvapenia aj p\u00e1dy\" \/>\n<meta property=\"og:description\" content=\"Slovincovi Primo\u017eovi Rogli\u010dovi sa dnes podaril ve\u013ekolep\u00fd k\u00fasok! Na Galibier striasol ostatn\u00fdch pretek\u00e1rov a dojazd si vychutnal \u00faplne s\u00e1m. Lep\u0161\u00ed [&hellip;]\" \/>\n<meta property=\"og:url\" content=\"https:\/\/www.welovecycling.com\/sk\/2017\/07\/19\/novinky-zo-17-etapy\/\" \/>\n<meta property=\"og:site_name\" content=\"\u0160koda We Love Cycling Slovensko\" \/>\n<meta property=\"article:published_time\" content=\"2017-07-19T17:30:36+00:00\" \/>\n<meta property=\"article:modified_time\" content=\"2017-12-18T12:11:22+00:00\" \/>\n<meta property=\"og:image\" content=\"https:\/\/d2p6e6u75xmxt8.cloudfront.net\/4\/2017\/07\/roglic-tdf-17.webp\" \/>\n\t<meta property=\"og:image:width\" content=\"1375\" \/>\n\t<meta property=\"og:image:height\" content=\"600\" \/>\n\t<meta property=\"og:image:type\" content=\"image\/webp\" \/>\n<meta name=\"author\" content=\"Ondrej Ga\u0161par\" \/>\n<meta name=\"twitter:card\" content=\"summary_large_image\" \/>\n<meta name=\"twitter:label1\" content=\"Written by\" \/>\n\t<meta name=\"twitter:data1\" content=\"We Love Cycling\" \/>\n\t<meta name=\"twitter:label2\" content=\"Est. reading time\" \/>\n\t<meta name=\"twitter:data2\" content=\"1 minute\" \/>\n<script type=\"application\/ld+json\" class=\"yoast-schema-graph\">{\"@context\":\"https:\/\/schema.org\",\"@graph\":[{\"@type\":\"WebPage\",\"@id\":\"https:\/\/www.welovecycling.com\/sk\/2017\/07\/19\/novinky-zo-17-etapy\/\",\"url\":\"https:\/\/www.welovecycling.com\/sk\/2017\/07\/19\/novinky-zo-17-etapy\/\",\"name\":\"Novinky zo 17. etapy: prekvapenia aj p\u00e1dy - \u0160koda We Love Cycling Slovensko\",\"isPartOf\":{\"@id\":\"https:\/\/www.welovecycling.com\/sk\/#website\"},\"primaryImageOfPage\":{\"@id\":\"https:\/\/www.welovecycling.com\/sk\/2017\/07\/19\/novinky-zo-17-etapy\/#primaryimage\"},\"image\":{\"@id\":\"https:\/\/www.welovecycling.com\/sk\/2017\/07\/19\/novinky-zo-17-etapy\/#primaryimage\"},\"thumbnailUrl\":\"https:\/\/d2p6e6u75xmxt8.cloudfront.net\/4\/2017\/07\/roglic-tdf-17.webp\",\"datePublished\":\"2017-07-19T17:30:36+00:00\",\"dateModified\":\"2017-12-18T12:11:22+00:00\",\"author\":{\"@id\":\"https:\/\/www.welovecycling.com\/sk\/#\/schema\/person\/8ee09ba39b7e25b1870160aa5b3a89bc\"},\"breadcrumb\":{\"@id\":\"https:\/\/www.welovecycling.com\/sk\/2017\/07\/19\/novinky-zo-17-etapy\/#breadcrumb\"},\"inLanguage\":\"sk-SK\",\"potentialAction\":[{\"@type\":\"ReadAction\",\"target\":[\"https:\/\/www.welovecycling.com\/sk\/2017\/07\/19\/novinky-zo-17-etapy\/\"]}]},{\"@type\":\"ImageObject\",\"inLanguage\":\"sk-SK\",\"@id\":\"https:\/\/www.welovecycling.com\/sk\/2017\/07\/19\/novinky-zo-17-etapy\/#primaryimage\",\"url\":\"https:\/\/d2p6e6u75xmxt8.cloudfront.net\/4\/2017\/07\/roglic-tdf-17.webp\",\"contentUrl\":\"https:\/\/d2p6e6u75xmxt8.cloudfront.net\/4\/2017\/07\/roglic-tdf-17.webp\",\"width\":1375,\"height\":600},{\"@type\":\"BreadcrumbList\",\"@id\":\"https:\/\/www.welovecycling.com\/sk\/2017\/07\/19\/novinky-zo-17-etapy\/#breadcrumb\",\"itemListElement\":[{\"@type\":\"ListItem\",\"position\":1,\"name\":\"Home\",\"item\":\"https:\/\/www.welovecycling.com\/sk\/\"},{\"@type\":\"ListItem\",\"position\":2,\"name\":\"Novinky zo 17. etapy: prekvapenia aj p\u00e1dy\"}]},{\"@type\":\"WebSite\",\"@id\":\"https:\/\/www.welovecycling.com\/sk\/#website\",\"url\":\"https:\/\/www.welovecycling.com\/sk\/\",\"name\":\"\u0160koda We Love Cycling Slovensko\",\"description\":\"\u0160koda We Love Cycling Slovensko je v\u00e1\u0161 ka\u017edodenn\u00fd zdroj noviniek a in\u0161pir\u00e1cie z sveta cyklistiky\",\"potentialAction\":[{\"@type\":\"SearchAction\",\"target\":{\"@type\":\"EntryPoint\",\"urlTemplate\":\"https:\/\/www.welovecycling.com\/sk\/?s={search_term_string}\"},\"query-input\":{\"@type\":\"PropertyValueSpecification\",\"valueRequired\":true,\"valueName\":\"search_term_string\"}}],\"inLanguage\":\"sk-SK\"},{\"@type\":\"Person\",\"@id\":\"https:\/\/www.welovecycling.com\/sk\/#\/schema\/person\/8ee09ba39b7e25b1870160aa5b3a89bc\",\"name\":\"Ondrej Ga\u0161par\",\"image\":{\"@type\":\"ImageObject\",\"inLanguage\":\"sk-SK\",\"@id\":\"https:\/\/www.welovecycling.com\/sk\/#\/schema\/person\/image\/\",\"url\":\"https:\/\/secure.gravatar.com\/avatar\/6126c9afb87b70da5abbb083ddbb21933da15f18f8ca7cb822aba0fb096a48f6?s=96&d=mm&r=g\",\"contentUrl\":\"https:\/\/secure.gravatar.com\/avatar\/6126c9afb87b70da5abbb083ddbb21933da15f18f8ca7cb822aba0fb096a48f6?s=96&d=mm&r=g\",\"caption\":\"Ondrej Ga\u0161par\"},\"url\":\"https:\/\/www.welovecycling.com\/sk\/author\/ondrejgaspar\/\"}]}<\/script>\n<!-- \/ Yoast SEO Premium plugin. -->","yoast_head_json":{"title":"Novinky zo 17. etapy: prekvapenia aj p\u00e1dy - \u0160koda We Love Cycling Slovensko","robots":{"index":"index","follow":"follow","max-snippet":"max-snippet:-1","max-image-preview":"max-image-preview:large","max-video-preview":"max-video-preview:-1"},"canonical":"https:\/\/www.welovecycling.com\/sk\/2017\/07\/19\/novinky-zo-17-etapy\/","og_locale":"sk_SK","og_type":"article","og_title":"Novinky zo 17. etapy: prekvapenia aj p\u00e1dy","og_description":"Slovincovi Primo\u017eovi Rogli\u010dovi sa dnes podaril ve\u013ekolep\u00fd k\u00fasok! Na Galibier striasol ostatn\u00fdch pretek\u00e1rov a dojazd si vychutnal \u00faplne s\u00e1m. Lep\u0161\u00ed [&hellip;]","og_url":"https:\/\/www.welovecycling.com\/sk\/2017\/07\/19\/novinky-zo-17-etapy\/","og_site_name":"\u0160koda We Love Cycling Slovensko","article_published_time":"2017-07-19T17:30:36+00:00","article_modified_time":"2017-12-18T12:11:22+00:00","og_image":[{"width":1375,"height":600,"url":"https:\/\/d2p6e6u75xmxt8.cloudfront.net\/4\/2017\/07\/roglic-tdf-17.webp","type":"image\/webp"}],"author":"Ondrej Ga\u0161par","twitter_card":"summary_large_image","twitter_misc":{"Written by":"We Love Cycling","Est. reading time":"1 minute"},"schema":{"@context":"https:\/\/schema.org","@graph":[{"@type":"WebPage","@id":"https:\/\/www.welovecycling.com\/sk\/2017\/07\/19\/novinky-zo-17-etapy\/","url":"https:\/\/www.welovecycling.com\/sk\/2017\/07\/19\/novinky-zo-17-etapy\/","name":"Novinky zo 17. etapy: prekvapenia aj p\u00e1dy - \u0160koda We Love Cycling Slovensko","isPartOf":{"@id":"https:\/\/www.welovecycling.com\/sk\/#website"},"primaryImageOfPage":{"@id":"https:\/\/www.welovecycling.com\/sk\/2017\/07\/19\/novinky-zo-17-etapy\/#primaryimage"},"image":{"@id":"https:\/\/www.welovecycling.com\/sk\/2017\/07\/19\/novinky-zo-17-etapy\/#primaryimage"},"thumbnailUrl":"https:\/\/d2p6e6u75xmxt8.cloudfront.net\/4\/2017\/07\/roglic-tdf-17.webp","datePublished":"2017-07-19T17:30:36+00:00","dateModified":"2017-12-18T12:11:22+00:00","author":{"@id":"https:\/\/www.welovecycling.com\/sk\/#\/schema\/person\/8ee09ba39b7e25b1870160aa5b3a89bc"},"breadcrumb":{"@id":"https:\/\/www.welovecycling.com\/sk\/2017\/07\/19\/novinky-zo-17-etapy\/#breadcrumb"},"inLanguage":"sk-SK","potentialAction":[{"@type":"ReadAction","target":["https:\/\/www.welovecycling.com\/sk\/2017\/07\/19\/novinky-zo-17-etapy\/"]}]},{"@type":"ImageObject","inLanguage":"sk-SK","@id":"https:\/\/www.welovecycling.com\/sk\/2017\/07\/19\/novinky-zo-17-etapy\/#primaryimage","url":"https:\/\/d2p6e6u75xmxt8.cloudfront.net\/4\/2017\/07\/roglic-tdf-17.webp","contentUrl":"https:\/\/d2p6e6u75xmxt8.cloudfront.net\/4\/2017\/07\/roglic-tdf-17.webp","width":1375,"height":600},{"@type":"BreadcrumbList","@id":"https:\/\/www.welovecycling.com\/sk\/2017\/07\/19\/novinky-zo-17-etapy\/#breadcrumb","itemListElement":[{"@type":"ListItem","position":1,"name":"Home","item":"https:\/\/www.welovecycling.com\/sk\/"},{"@type":"ListItem","position":2,"name":"Novinky zo 17. etapy: prekvapenia aj p\u00e1dy"}]},{"@type":"WebSite","@id":"https:\/\/www.welovecycling.com\/sk\/#website","url":"https:\/\/www.welovecycling.com\/sk\/","name":"\u0160koda We Love Cycling Slovensko","description":"\u0160koda We Love Cycling Slovensko je v\u00e1\u0161 ka\u017edodenn\u00fd zdroj noviniek a in\u0161pir\u00e1cie z sveta cyklistiky","potentialAction":[{"@type":"SearchAction","target":{"@type":"EntryPoint","urlTemplate":"https:\/\/www.welovecycling.com\/sk\/?s={search_term_string}"},"query-input":{"@type":"PropertyValueSpecification","valueRequired":true,"valueName":"search_term_string"}}],"inLanguage":"sk-SK"},{"@type":"Person","@id":"https:\/\/www.welovecycling.com\/sk\/#\/schema\/person\/8ee09ba39b7e25b1870160aa5b3a89bc","name":"Ondrej Ga\u0161par","image":{"@type":"ImageObject","inLanguage":"sk-SK","@id":"https:\/\/www.welovecycling.com\/sk\/#\/schema\/person\/image\/","url":"https:\/\/secure.gravatar.com\/avatar\/6126c9afb87b70da5abbb083ddbb21933da15f18f8ca7cb822aba0fb096a48f6?s=96&d=mm&r=g","contentUrl":"https:\/\/secure.gravatar.com\/avatar\/6126c9afb87b70da5abbb083ddbb21933da15f18f8ca7cb822aba0fb096a48f6?s=96&d=mm&r=g","caption":"Ondrej Ga\u0161par"},"url":"https:\/\/www.welovecycling.com\/sk\/author\/ondrejgaspar\/"}]}},"_links":{"self":[{"href":"https:\/\/www.welovecycling.com\/sk\/wp-json\/wp\/v2\/posts\/1656","targetHints":{"allow":["GET"]}}],"collection":[{"href":"https:\/\/www.welovecycling.com\/sk\/wp-json\/wp\/v2\/posts"}],"about":[{"href":"https:\/\/www.welovecycling.com\/sk\/wp-json\/wp\/v2\/types\/post"}],"author":[{"embeddable":true,"href":"https:\/\/www.welovecycling.com\/sk\/wp-json\/wp\/v2\/users\/38"}],"replies":[{"embeddable":true,"href":"https:\/\/www.welovecycling.com\/sk\/wp-json\/wp\/v2\/comments?post=1656"}],"version-history":[{"count":2,"href":"https:\/\/www.welovecycling.com\/sk\/wp-json\/wp\/v2\/posts\/1656\/revisions"}],"predecessor-version":[{"id":1677,"href":"https:\/\/www.welovecycling.com\/sk\/wp-json\/wp\/v2\/posts\/1656\/revisions\/1677"}],"wp:featuredmedia":[{"embeddable":true,"href":"https:\/\/www.welovecycling.com\/sk\/wp-json\/wp\/v2\/media\/1673"}],"wp:attachment":[{"href":"https:\/\/www.welovecycling.com\/sk\/wp-json\/wp\/v2\/media?parent=1656"}],"wp:term":[{"taxonomy":"category","embeddable":true,"href":"https:\/\/www.welovecycling.com\/sk\/wp-json\/wp\/v2\/categories?post=1656"},{"taxonomy":"post_tag","embeddable":true,"href":"https:\/\/www.welovecycling.com\/sk\/wp-json\/wp\/v2\/tags?post=1656"},{"taxonomy":"global-categories","embeddable":true,"href":"https:\/\/www.welovecycling.com\/sk\/wp-json\/wp\/v2\/global-categories?post=1656"}],"curies":[{"name":"wp","href":"https:\/\/api.w.org\/{rel}","templated":true}]}}