{"id":16430,"date":"2022-12-24T09:00:04","date_gmt":"2022-12-24T08:00:04","guid":{"rendered":"https:\/\/www.welovecycling.com\/sk\/?p=16430"},"modified":"2022-12-22T12:21:01","modified_gmt":"2022-12-22T11:21:01","slug":"rozhovor-samuel-kovac-kazde-preteky-si-chce-naplno-uzit","status":"publish","type":"post","link":"https:\/\/www.welovecycling.com\/sk\/2022\/12\/24\/rozhovor-samuel-kovac-kazde-preteky-si-chce-naplno-uzit\/","title":{"rendered":"Rozhovor: Samuel Kov\u00e1\u010d \u2013 preteky si u\u017e\u00edva"},"content":{"rendered":"<p><a href=\"https:\/\/www.instagram.com\/samuelkovac_\/\" target=\"_blank\" rel=\"noopener\">Samuel Kov\u00e1\u010d<\/a> m\u00e1 napriek svojmu mlad\u00e9mu veku na svojom konte u\u017e nieko\u013eko cenn\u00fdch v\u00ed\u0165azstiev. Tento rok z\u00edskal 4 medaily na majstrovstv\u00e1ch Slovenska v 3 r\u00f4znych odvetviach cyklistiky. Druh\u00e9 miesto v cyklokrose, prv\u00e9 miesto v \u010dasovke a druh\u00e9 miesto v cestn\u00fdch pretekoch s hromadn\u00fdm \u0161tartom na U23. Je aj v\u00ed\u0165azom prv\u00e9ho ro\u010dn\u00edka Gravel majstrovstiev Slovenska. Okrem toho boduje na mnoh\u00fdch \u010fal\u0161\u00edch pretekoch, zauj\u00edmav\u00fd je napr\u00edklad jeho tra\u0165ov\u00fd rekord po\u010das \u010dasovky na Sliezsky dom. Bolo len ot\u00e1zkou \u010dasu, kedy s n\u00edm sprav\u00edme rozhovor.<br \/>\n<!--more--><\/p>\n<p><strong>Je mi jasn\u00e9, \u017ee na bicykli si, ako v\u00e4\u010d\u0161ina z n\u00e1s, jazdil u\u017e ako die\u0165a. Kedy ale nastal ten moment, ke\u010f si si povedal, \u017ee sa tomuto \u0161portu chce\u0161 venova\u0165 v\u00e1\u017enej\u0161ie?<\/strong><br \/>\n<em>M\u0148a rodi\u010dia v\u017edy viedli k \u0161portu. Od svojich siedmych rokov som sa venoval rovnomerne futbalu a bikrosu v t\u00edme BMX Team Liptov. Toto obdobie trvalo do mojich p\u00e4tn\u00e1stich rokov, kedy som dostal svoj prv\u00fd ces\u0165\u00e1k a lep\u0161i hor\u00e1k a za\u010dal som sa ubera\u0165 in\u00fdm cyklistick\u00fdm smerom.<\/em><\/p>\n<p><strong>Mal si od za\u010diatku vypracovan\u00fd nejak\u00fd pl\u00e1n, ako bude\u0161 na sebe pracova\u0165, alebo si mal tr\u00e9nera, ktor\u00fd u\u017e vedel, ako \u0165a nasmerova\u0165?<\/strong><br \/>\n<em>Od za\u010diatku spolupracujem s jedn\u00fdm tr\u00e9nerom, s ktor\u00fdm sme si za tie roky vybudovali ve\u013emi dobr\u00fd vz\u0165ah. V\u010faka nemu a svojej cie\u013eavedomosti dok\u00e1\u017eem neust\u00e1le napredova\u0165, zvy\u0161ova\u0165 svoju v\u00fdkonnos\u0165 a plni\u0165 si ciele, ktor\u00e9 sa v\u0161ak niekedy nevyplnia pod\u013ea predst\u00e1v.<\/em><\/p>\n<p><strong>Vedel by si p\u00e1r vetami charakterizova\u0165 seba ako cyklistu?<\/strong><br \/>\n<em>Moj\u00edm cie\u013eom v\u017edy bolo by\u0165 siln\u00fdm pretek\u00e1rom v n\u00e1ro\u010dnom kopcovitom ter\u00e9ne. Meriam takmer 1,90 m, \u010di\u017ee zo m\u0148a nikdy nebude \u010distokrvn\u00fd vrch\u00e1r, ale m\u00e1m r\u00e1d stredne dlh\u00e9 a krat\u0161ie kopce a v\u0161eobecne ve\u013emi n\u00e1ro\u010dn\u00e9 etapy. V minulom roku som zapracoval na \u010dasovke, ktor\u00e1 je tie\u017e ve\u013emi d\u00f4le\u017eit\u00e1 v etapov\u00fdch pretekoch a m\u00f4\u017ee pom\u00f4c\u0165 napr\u00edklad aj v \u00fanikoch.<\/em><\/p>\n<p><a href=\"https:\/\/d2p6e6u75xmxt8.cloudfront.net\/4\/2022\/12\/01-1.webp\"><img loading=\"lazy\" decoding=\"async\" class=\"alignnone size-extra-large wp-image-16432\" src=\"https:\/\/d2p6e6u75xmxt8.cloudfront.net\/4\/2022\/12\/01-1-1920x1278.webp\" alt=\"\" width=\"1920\" height=\"1278\" srcset=\"https:\/\/d2p6e6u75xmxt8.cloudfront.net\/4\/2022\/12\/01-1-1920x1278.webp 1920w, https:\/\/d2p6e6u75xmxt8.cloudfront.net\/4\/2022\/12\/01-1-300x200.webp 300w, https:\/\/d2p6e6u75xmxt8.cloudfront.net\/4\/2022\/12\/01-1-1024x682.webp 1024w, https:\/\/d2p6e6u75xmxt8.cloudfront.net\/4\/2022\/12\/01-1-768x511.webp 768w, https:\/\/d2p6e6u75xmxt8.cloudfront.net\/4\/2022\/12\/01-1-1536x1022.webp 1536w, https:\/\/d2p6e6u75xmxt8.cloudfront.net\/4\/2022\/12\/01-1-272x182.webp 272w, https:\/\/d2p6e6u75xmxt8.cloudfront.net\/4\/2022\/12\/01-1.webp 2048w, https:\/\/d2p6e6u75xmxt8.cloudfront.net\/4\/2022\/12\/01-1-1920x1278.webp 1920w\" sizes=\"auto, (max-width: 1920px) 100vw, 1920px\" \/><\/a><\/p>\n<p><strong>Tento rok sa v \u0160amor\u00edne konali historicky prv\u00e9 Gravel majstrovstv\u00e1 Slovenska, ktor\u00e9 si zasl\u00fa\u017eene vyhral. Ten dlh\u00fd s\u00f3lo \u00fanik bol asi ve\u013emi n\u00e1ro\u010dn\u00fd, v\u0161ak?<\/strong><br \/>\n<em>Gravel majstrovstv\u00e1 Slovenska mi skvele zapadli do cyklokrosovej sez\u00f3ny a \u0161iel som tam s cie\u013eom si ich u\u017ei\u0165. Preteky boli ve\u013emi zauj\u00edmav\u00e9, ja som bol v tom \u010dase v dobrej forme, \u010do som chcel vyu\u017ei\u0165 a preteky si spravi\u0165 \u0165a\u017ek\u00e9. Chcel som \u00eds\u0165 do \u00faniku, \u010do sa mi podarilo. \u00c1no, bolo to dos\u0165 n\u00e1ro\u010dn\u00fdch 35 kilometrov.<\/em><\/p>\n<p><strong>Z\u00fa\u010dastnil si sa aj Majstrovstiev Slovenska v Mlad\u00e1 Vo\u017eice. Ak\u00e9 to bolo, ocitn\u00fa\u0165 sa na podujat\u00ed, na ktorom jazdili aj tak\u00e9 men\u00e1 ako Peter Sagan?<\/strong><br \/>\n<em>Pre m\u0148a boli tieto preteky najv\u00e4\u010d\u0161\u00edm z\u00e1\u017eitkom tejto sez\u00f3ny. Preteka\u0165 s tak\u00fdm ve\u013ek\u00fdm \u0161portovcom a \u010dlovekom, ak\u00fdm je Peter Sagan, bolo pre m\u0148a ve\u013ekou c\u0165ou a ve\u013emi som si to u\u017eil. Atmosf\u00e9ra po\u010das pretekov bola skvel\u00e1.<\/em><\/p>\n<p><a href=\"https:\/\/d2p6e6u75xmxt8.cloudfront.net\/4\/2022\/12\/kovac-02.webp\"><img loading=\"lazy\" decoding=\"async\" class=\"alignnone size-extra-large wp-image-16434\" src=\"https:\/\/d2p6e6u75xmxt8.cloudfront.net\/4\/2022\/12\/kovac-02-1920x1283.webp\" alt=\"\" width=\"1920\" height=\"1283\" \/><\/a><\/p>\n<p><strong>Z\u00fa\u010dastnil si sa prv\u00e9ho ro\u010dn\u00edka MTBIKER Sliezsky kr\u00e1\u013e, na ktorom si si zap\u00edsal tra\u0165ov\u00fd rekord nielen v r\u00e1mci ofici\u00e1lne meran\u00fdch \u010dasov na pretekoch, ale aj v r\u00e1mci segmentu na Strave, kde nebol nikto r\u00fdchlej\u0161\u00ed ako ty. Ako si vn\u00edmal tieto preteky?<\/strong><br \/>\n<em>Ja poch\u00e1dzam z Liptova a m\u00e1m najazden\u00e9 v\u0161etky kopce v Tatr\u00e1ch, je to moja ob\u013e\u00faben\u00e1 lokalita. Predsa na Slovensku je najkraj\u0161ie v Tatr\u00e1ch. Sliezsky kr\u00e1\u013e mi zapasoval do pr\u00edpravy, po\u010das toho v\u00edkendu som nemal \u017eiadne cyklokrosov\u00e9 preteky, tak som vyu\u017eil t\u00fato \u0161ancu, da\u0165 si naplno 25 min\u00fat. V\u00f4bec som si nemyslel, \u017ee m\u00f4\u017eem prekona\u0165 rekord Tom\u00e1\u0161a Vi\u0161\u0148ovsk\u00e9ho, ke\u010f\u017ee som mal za sebou dynamick\u00e9 tr\u00e9ningy v ter\u00e9ne, ale koniec koncov, v\u00fdkon po\u010das tej \u010dasovky bol jeden z mojich top. Atmosf\u00e9ra na t\u00fdchto lok\u00e1lnych pretekoch je v\u017edy super, stretnem sa s ve\u013ea skvel\u00fdmi, dobr\u00fdmi a mil\u00fdmi \u013eu\u010fmi, \u010do v\u017edy pote\u0161\u00ed.<\/em><\/p>\n<p><strong>Si e\u0161te pomerne mlad\u00fd, ale m\u00e1\u0161 u\u017e na konte pekn\u00e9 \u00faspechy. Vie\u0161 pri poh\u013eade sp\u00e4\u0165 vybra\u0165 preteky, ktor\u00e9 s\u00fa pre teba nezabudnute\u013en\u00e9?<\/strong><br \/>\n<em>Pre m\u0148a s\u00fa ka\u017ed\u00e9 preteky svoj\u00edm sp\u00f4sobom nezabudnute\u013en\u00e9. V\u017edy za\u017e\u00edvam po\u010das pretekov nie\u010do \u0161peci\u00e1lne. No ak by som mal vybra\u0165 nejak\u00e9 konkr\u00e9tne preteky, tak to bud\u00fa ur\u010dite tohtoro\u010dn\u00e9 Majstrovstv\u00e1 Slovenska ELITE. V zahrani\u010d\u00ed jednozna\u010dne majstrovstv\u00e1 sveta na ceste v junioroch, alebo majstrovstv\u00e1 Eur\u00f3py v cyklokrose v Namure tento rok. Belgick\u00ed fan\u00fa\u0161ikovia v\u017edy vedia spravi\u0165 neskuto\u010dn\u00fd hluk a atmosf\u00e9ru, ktor\u00e1 sa ned\u00e1 op\u00edsa\u0165.<\/em><\/p>\n<p><a href=\"https:\/\/d2p6e6u75xmxt8.cloudfront.net\/4\/2022\/12\/kovac-03.webp\"><img loading=\"lazy\" decoding=\"async\" class=\"alignnone size-full wp-image-16435\" src=\"https:\/\/d2p6e6u75xmxt8.cloudfront.net\/4\/2022\/12\/kovac-03.webp\" alt=\"\" width=\"1440\" height=\"960\" \/><\/a><\/p>\n<p><strong>Na \u010do mysl\u00ed\u0161 na \u0161tarte pretekov? Ako sa motivuje\u0161?<\/strong><br \/>\n<em>Rozm\u00fd\u0161\u013eam, ako dosiahnu\u0165 najlep\u0161\u00ed v\u00fdsledok, \u010do je aj mojou motiv\u00e1ciou.<\/em><\/p>\n<p><strong>Jazd\u00ed\u0161 za CAT Tren\u010d\u00edn. Ako si spokojn\u00fd so svoj\u00edm t\u00edmom?<\/strong><br \/>\n<em>V CAT Tren\u010d\u00edn je priate\u013esk\u00e1 atmosf\u00e9ra, sme v\u00fdborn\u00e1 partia a rozumieme si. Po\u010das pretekov vie by\u0165 aj z\u00e1bava. V t\u00edme m\u00e1m ve\u013emi dobr\u00e9 podmienky, za \u010do som ve\u013emi v\u010fa\u010dn\u00fd. M\u00e1m zabezpe\u010den\u00fd servis a technick\u00e9 z\u00e1zemie.<\/em><\/p>\n<p><strong>Chod\u00ed\u0161 tr\u00e9nova\u0165 aj do zahrani\u010dia, a ak \u00e1no, ktor\u00e9 lokality m\u00e1\u0161 ob\u013e\u00faben\u00e9?<\/strong><br \/>\n<em>Bol som v \u0160panielsku v Calpe, \u010do je najlep\u0161ia lokalita na jarn\u00e9 s\u00fastredenie. Je tam \u010dlenit\u00fd ter\u00e9n, pokojn\u00e9 cesty a v\u00fdborn\u00e9 po\u010dasie. Bol som viackr\u00e1t v Livigne, \u010do pova\u017eujem za ide\u00e1lne prostredie pre vysokohorsk\u00fd tr\u00e9ning najm\u00e4 v lete.<\/em><\/p>\n<p><strong>Tvoj tr\u00e9ning sa ur\u010dite sklad\u00e1 z viacer\u00fdch \u010dast\u00ed, ktor\u00fa aktivitu m\u00e1\u0161 najrad\u0161ej?<\/strong><br \/>\n<em>Mimo cyklistiky v zime ve\u013emi r\u00e1d be\u017ekujem. \u010clovek pri tom zapoj\u00ed cel\u00e9 telo a in\u00e9 svaly ako pri cyklistike.<\/em><\/p>\n<div class=\"shortcode-ys-post-pinup\"><article class=\"loop-simple post-15031 post type-post status-publish format-standard has-post-thumbnail hentry category-odporucame tag-bicykel tag-bicyklovanie tag-cestna-cyklistika tag-ebike tag-mestsky-bicykel tag-nezvycajny-bicykel tag-originalny-bicykel tag-rozhovor tag-sharvan tag-skladaci-bicykel tag-slovensko tag-svet tag-unikatnost tag-uspech global-categories-cycling\" data-postid=\"15031\" role=\"article\" data-post-id=\"15031\" data-word-count=\"846\" data-headline-length=\"51\" data-category=\"Odpor\u00fa\u010dame\" data-global-category=\"Cycling\" data-author=\"Radovan Vr\u0161ka\" data-published=\"2022-09-05T09:00:26+02:00\" data-published-day=\"Monday\">\n    <div class=\"entry-thumbnail article-thumbnail\" content=\"https:\/\/d2p6e6u75xmxt8.cloudfront.net\/4\/2022\/08\/Sharvan_00-150x150.webp\"><a href=\"https:\/\/www.welovecycling.com\/sk\/2022\/09\/05\/rozhovor-sharvan-svetovy-unikat-zo-slovenska\/\" class=\"image-holder\" target=\"_self\"><img decoding=\"async\" loading=\"lazy\" class=\"\" src=\"https:\/\/d2p6e6u75xmxt8.cloudfront.net\/4\/2022\/08\/Sharvan_00.webp\" srcset=\"https:\/\/d2p6e6u75xmxt8.cloudfront.net\/4\/2022\/08\/Sharvan_00.webp 990w, https:\/\/d2p6e6u75xmxt8.cloudfront.net\/4\/2022\/08\/Sharvan_00-300x200.webp 300w, https:\/\/d2p6e6u75xmxt8.cloudfront.net\/4\/2022\/08\/Sharvan_00-768x512.webp 768w, https:\/\/d2p6e6u75xmxt8.cloudfront.net\/4\/2022\/08\/Sharvan_00-272x182.webp 272w\" width=\"990\" height=\"660\" sizes=\"auto, (min-width: 1200px) 300px, (min-width: 768px) 25vw, 100vw\" alt=\"rozhovor-sharvan-svetovy-unikat-zo-slovenska\"\/><\/a><\/div>    <div class=\"entry-meta\">\n        <a class=\"label label-secondary post-category\" href=\"https:\/\/www.welovecycling.com\/sk\/category\/odporucame\/\" title=\"Odpor\u00fa\u010dame\">Odpor\u00fa\u010dame<\/a>\n    <\/div>\n    <div class=\"entry-details\">\n        <a href=\"https:\/\/www.welovecycling.com\/sk\/2022\/09\/05\/rozhovor-sharvan-svetovy-unikat-zo-slovenska\/\" class='entry-title-wrapper'>\n            <h3 class=\"entry-title\"><span>Rozhovor: SHARVAN \u2013 svetov\u00fd unik\u00e1t zo Slovenska<\/span><\/h3>\n        <\/a>\n    <\/div>\n    <\/article>\n<\/div>\n<p><strong>Ak\u00fd m\u00e1\u0161 bicykel, ak\u00e9 vybavenie, komponenty?<\/strong><br \/>\n<em>M\u00e1m Giant TCR Advanced Pro 1 Disc, je tam mechanick\u00e9 radenie Ultegra. Na preteky m\u00e1m k dispoz\u00edcii karb\u00f3nov\u00e9 koles\u00e1. Samozrejmos\u0165ou s\u00fa k\u013euky s wattmetrom.<\/em><\/p>\n<p><a href=\"https:\/\/d2p6e6u75xmxt8.cloudfront.net\/4\/2022\/12\/kovac-04.webp\"><img loading=\"lazy\" decoding=\"async\" class=\"alignnone size-extra-large wp-image-16439\" src=\"https:\/\/d2p6e6u75xmxt8.cloudfront.net\/4\/2022\/12\/kovac-04-1920x1280.webp\" alt=\"\" width=\"1920\" height=\"1280\" \/><\/a><\/p>\n<p><strong>Ako vyzer\u00e1 tvoj \u0161portov\u00fd de\u0148?<\/strong><br \/>\n<em>V\u00e4\u010d\u0161inou m\u00e1m dvojf\u00e1zov\u00e9 tr\u00e9ningy. V zime m\u00f4\u017eem kombinova\u0165 beh s be\u017ekami, posil\u0148ov\u0148ou a trena\u017e\u00e9rom. V lete naj\u010dastej\u0161ie pomedzi preteky tr\u00e9nujem jednof\u00e1zovo viac hod\u00edn.<\/em><\/p>\n<p><strong>M\u00e1\u0161 nejak\u00e9 kon\u00ed\u010dky \u010di aktivity, ktor\u00fdm sa venuje\u0161 okrem cyklistiky?<\/strong><br \/>\n<em>Ke\u010f\u017ee som len ned\u00e1vno zmaturoval, tak popri \u0161kole som nemal \u010das na \u017eiadne kon\u00ed\u010dky. Moment\u00e1lne, ak sa n\u00e1jde trochu \u010dasu, vybehnem s bratom do Hradskej hory, ktor\u00fa m\u00e1me za domom, alebo si ideme rekrea\u010dne zapl\u00e1va\u0165. <\/em><\/p>\n<p><strong>Cyklistika je kr\u00e1sny \u0161port a ty, ke\u010f\u017ee sa jej venuje\u0161 naplno, vid\u00ed\u0161 ur\u010dite viac ako be\u017en\u00fd hobby cyklista. Je nie\u010do, \u010do by si na s\u00fa\u010dasnej cyklistike zmenil?<\/strong><br \/>\n<em>Na Slovensku ch\u00fdbaj\u00fa prechodn\u00e9 cestn\u00e9 t\u00edmy z juniorskej do mu\u017eskej kateg\u00f3rie. Pretek\u00e1ri \u010dasto str\u00e1caj\u00fa motiv\u00e1ciu, preto\u017ee sa nedostan\u00fa do zahrani\u010dia hne\u010f z juniorov a na Slovensku maj\u00fa mal\u00fa \u0161ancu napredova\u0165.<\/em><\/p>\n<div data-rows=\"1\" id='gallery-1' class='gallery-rows-1 gallery galleryid-15031 gallery-columns-2 gallery-size-full'><figure class='gallery-item'>\n\t\t\t<div class='gallery-icon landscape'>\n\t\t\t\t<a href='https:\/\/d2p6e6u75xmxt8.cloudfront.net\/4\/2022\/12\/kovac-06-e1671704813103.webp'><img loading=\"lazy\" decoding=\"async\" width=\"990\" height=\"660\" src=\"https:\/\/d2p6e6u75xmxt8.cloudfront.net\/4\/2022\/12\/kovac-06-e1671704813103.webp\" class=\"attachment-full size-full\" alt=\"\" srcset=\"https:\/\/d2p6e6u75xmxt8.cloudfront.net\/4\/2022\/12\/kovac-06-e1671704813103.webp 990w, https:\/\/d2p6e6u75xmxt8.cloudfront.net\/4\/2022\/12\/kovac-06-e1671704813103-300x200.webp 300w, https:\/\/d2p6e6u75xmxt8.cloudfront.net\/4\/2022\/12\/kovac-06-e1671704813103-768x512.webp 768w, https:\/\/d2p6e6u75xmxt8.cloudfront.net\/4\/2022\/12\/kovac-06-e1671704813103-272x182.webp 272w\" sizes=\"auto, (max-width: 990px) 100vw, 990px\" \/><\/a>\n\t\t\t<\/div><\/figure><figure class='gallery-item'>\n\t\t\t<div class='gallery-icon landscape'>\n\t\t\t\t<a href='https:\/\/d2p6e6u75xmxt8.cloudfront.net\/4\/2022\/12\/kovac-05-e1671704858332.webp'><img loading=\"lazy\" decoding=\"async\" width=\"990\" height=\"661\" src=\"https:\/\/d2p6e6u75xmxt8.cloudfront.net\/4\/2022\/12\/kovac-05-e1671704858332.webp\" class=\"attachment-full size-full\" alt=\"\" srcset=\"https:\/\/d2p6e6u75xmxt8.cloudfront.net\/4\/2022\/12\/kovac-05-e1671704858332.webp 990w, https:\/\/d2p6e6u75xmxt8.cloudfront.net\/4\/2022\/12\/kovac-05-e1671704858332-300x200.webp 300w, https:\/\/d2p6e6u75xmxt8.cloudfront.net\/4\/2022\/12\/kovac-05-e1671704858332-768x513.webp 768w, https:\/\/d2p6e6u75xmxt8.cloudfront.net\/4\/2022\/12\/kovac-05-e1671704858332-272x182.webp 272w, https:\/\/d2p6e6u75xmxt8.cloudfront.net\/4\/2022\/12\/kovac-05-1920x1282.webp 1920w\" sizes=\"auto, (max-width: 990px) 100vw, 990px\" \/><\/a>\n\t\t\t<\/div><\/figure>\n\t\t<\/div>\n        \n<p><strong>Elektrobicykle s\u00fa tu u\u017e nejak\u00fa t\u00fa sez\u00f3nu, ale debata okolo nich je st\u00e1le \u017eiv\u00e1. Ak\u00fd je tvoj poh\u013ead na ne?<\/strong><br \/>\n<em>Elektrobicykle si na\u0161li svojich priaznivcov, ke\u010f\u017ee be\u017en\u00ed hobby cyklisti dok\u00e1\u017eu prejs\u0165 v\u00e4\u010d\u0161iu vzdialenos\u0165 s men\u0161ou n\u00e1mahou. Je to fajn, ale d\u00fafam, \u017ee ho nebudem potrebova\u0165 najbli\u017e\u0161\u00edch 50 rokov.<\/em><\/p>\n<p><strong>Tento rok si maturoval, ak\u00e9 m\u00e1\u0161 pl\u00e1ny do bud\u00facna, nielen osobn\u00e9 ale aj \u0161portov\u00e9?<\/strong><br \/>\n<em>Milujem cyklistiku. Aktu\u00e1lne d\u00e1vam do toho v\u0161etko, \u010do je vo mne. Moj\u00edm snom je \u017eivi\u0165 sa cyklistikou.<\/em><\/p>\n<p>\u010eakujeme za rozhovor a ver\u00edme, \u017ee o tebe budeme v najbli\u017e\u0161\u00edch sez\u00f3nach po\u010du\u0165 \u010do naj\u010dastej\u0161ie. \ud83d\ude42<\/p>\n","protected":false},"excerpt":{"rendered":"<p>Samuel Kov\u00e1\u010d m\u00e1 napriek svojmu mlad\u00e9mu veku na svojom konte u\u017e nieko\u013eko cenn\u00fdch v\u00ed\u0165azstiev. Tento rok z\u00edskal 4 medaily na [&hellip;]<\/p>\n","protected":false},"author":172,"featured_media":16433,"comment_status":"open","ping_status":"open","sticky":false,"template":"","format":"standard","meta":{"footnotes":""},"categories":[191],"tags":[559,619,115,597,1246,546,331,767,501,523,55,883,183],"global-categories":[1074],"class_list":["post-16430","post","type-post","status-publish","format-standard","has-post-thumbnail","hentry","category-odporucame","tag-bicykel","tag-bicyklovanie","tag-cestna-cyklistika","tag-cyklista","tag-cyklisticka-komunita","tag-cyklistika","tag-etapove-preteky","tag-motivacia","tag-rozhovor","tag-slovensko","tag-trening","tag-uspech","tag-zabava","global-categories-cycling"],"yoast_head":"<!-- This site is optimized with the Yoast SEO Premium plugin v25.3 (Yoast SEO v25.9) - https:\/\/yoast.com\/wordpress\/plugins\/seo\/ -->\n<title>Rozhovor: Samuel Kov\u00e1\u010d \u2013 preteky si u\u017e\u00edva - \u0160koda We Love Cycling Slovensko<\/title>\n<meta name=\"description\" content=\"Samuel Kov\u00e1\u010d, mlad\u00fd, \u00faspe\u0161n\u00fd cyklista, ktor\u00fd sa tento rok z\u00fa\u010dastnil nieko\u013eko pretekov a z\u00edskal 4 medaily v 3 r\u00f4znych odvetviach cyklistiky.\" \/>\n<meta name=\"robots\" content=\"index, follow, max-snippet:-1, max-image-preview:large, max-video-preview:-1\" \/>\n<link rel=\"canonical\" href=\"https:\/\/www.welovecycling.com\/sk\/2022\/12\/24\/rozhovor-samuel-kovac-kazde-preteky-si-chce-naplno-uzit\/\" \/>\n<meta property=\"og:locale\" content=\"sk_SK\" \/>\n<meta property=\"og:type\" content=\"article\" \/>\n<meta property=\"og:title\" content=\"Rozhovor: Samuel Kov\u00e1\u010d \u2013 preteky si u\u017e\u00edva\" \/>\n<meta property=\"og:description\" content=\"Samuel Kov\u00e1\u010d, mlad\u00fd, \u00faspe\u0161n\u00fd cyklista, ktor\u00fd sa tento rok z\u00fa\u010dastnil nieko\u013eko pretekov a z\u00edskal 4 medaily v 3 r\u00f4znych odvetviach cyklistiky.\" \/>\n<meta property=\"og:url\" content=\"https:\/\/www.welovecycling.com\/sk\/2022\/12\/24\/rozhovor-samuel-kovac-kazde-preteky-si-chce-naplno-uzit\/\" \/>\n<meta property=\"og:site_name\" content=\"\u0160koda We Love Cycling Slovensko\" \/>\n<meta property=\"article:published_time\" content=\"2022-12-24T08:00:04+00:00\" \/>\n<meta property=\"og:image\" content=\"https:\/\/d2p6e6u75xmxt8.cloudfront.net\/4\/2022\/12\/Kovac-00-e1671704758465.webp\" \/>\n\t<meta property=\"og:image:width\" content=\"990\" \/>\n\t<meta property=\"og:image:height\" content=\"660\" \/>\n\t<meta property=\"og:image:type\" content=\"image\/webp\" \/>\n<meta name=\"author\" content=\"dominika\" \/>\n<meta name=\"twitter:card\" content=\"summary_large_image\" \/>\n<meta name=\"twitter:label1\" content=\"Written by\" \/>\n\t<meta name=\"twitter:data1\" content=\"Radovan Vr\u0161ka\" \/>\n\t<meta name=\"twitter:label2\" content=\"Est. reading time\" \/>\n\t<meta name=\"twitter:data2\" content=\"10\" \/>\n<script type=\"application\/ld+json\" class=\"yoast-schema-graph\">{\"@context\":\"https:\/\/schema.org\",\"@graph\":[{\"@type\":\"WebPage\",\"@id\":\"https:\/\/www.welovecycling.com\/sk\/2022\/12\/24\/rozhovor-samuel-kovac-kazde-preteky-si-chce-naplno-uzit\/\",\"url\":\"https:\/\/www.welovecycling.com\/sk\/2022\/12\/24\/rozhovor-samuel-kovac-kazde-preteky-si-chce-naplno-uzit\/\",\"name\":\"Rozhovor: Samuel Kov\u00e1\u010d \u2013 preteky si u\u017e\u00edva - \u0160koda We Love Cycling Slovensko\",\"isPartOf\":{\"@id\":\"https:\/\/www.welovecycling.com\/sk\/#website\"},\"primaryImageOfPage\":{\"@id\":\"https:\/\/www.welovecycling.com\/sk\/2022\/12\/24\/rozhovor-samuel-kovac-kazde-preteky-si-chce-naplno-uzit\/#primaryimage\"},\"image\":{\"@id\":\"https:\/\/www.welovecycling.com\/sk\/2022\/12\/24\/rozhovor-samuel-kovac-kazde-preteky-si-chce-naplno-uzit\/#primaryimage\"},\"thumbnailUrl\":\"https:\/\/d2p6e6u75xmxt8.cloudfront.net\/4\/2022\/12\/Kovac-00-e1671704758465.webp\",\"datePublished\":\"2022-12-24T08:00:04+00:00\",\"author\":{\"@id\":\"https:\/\/www.welovecycling.com\/sk\/#\/schema\/person\/533b62b98b6c41bd5135ebfb1f742624\"},\"description\":\"Samuel Kov\u00e1\u010d, mlad\u00fd, \u00faspe\u0161n\u00fd cyklista, ktor\u00fd sa tento rok z\u00fa\u010dastnil nieko\u013eko pretekov a z\u00edskal 4 medaily v 3 r\u00f4znych odvetviach cyklistiky.\",\"breadcrumb\":{\"@id\":\"https:\/\/www.welovecycling.com\/sk\/2022\/12\/24\/rozhovor-samuel-kovac-kazde-preteky-si-chce-naplno-uzit\/#breadcrumb\"},\"inLanguage\":\"sk-SK\",\"potentialAction\":[{\"@type\":\"ReadAction\",\"target\":[\"https:\/\/www.welovecycling.com\/sk\/2022\/12\/24\/rozhovor-samuel-kovac-kazde-preteky-si-chce-naplno-uzit\/\"]}]},{\"@type\":\"ImageObject\",\"inLanguage\":\"sk-SK\",\"@id\":\"https:\/\/www.welovecycling.com\/sk\/2022\/12\/24\/rozhovor-samuel-kovac-kazde-preteky-si-chce-naplno-uzit\/#primaryimage\",\"url\":\"https:\/\/d2p6e6u75xmxt8.cloudfront.net\/4\/2022\/12\/Kovac-00-e1671704758465.webp\",\"contentUrl\":\"https:\/\/d2p6e6u75xmxt8.cloudfront.net\/4\/2022\/12\/Kovac-00-e1671704758465.webp\",\"width\":990,\"height\":660},{\"@type\":\"BreadcrumbList\",\"@id\":\"https:\/\/www.welovecycling.com\/sk\/2022\/12\/24\/rozhovor-samuel-kovac-kazde-preteky-si-chce-naplno-uzit\/#breadcrumb\",\"itemListElement\":[{\"@type\":\"ListItem\",\"position\":1,\"name\":\"Home\",\"item\":\"https:\/\/www.welovecycling.com\/sk\/\"},{\"@type\":\"ListItem\",\"position\":2,\"name\":\"Rozhovor: Samuel Kov\u00e1\u010d \u2013 preteky si u\u017e\u00edva\"}]},{\"@type\":\"WebSite\",\"@id\":\"https:\/\/www.welovecycling.com\/sk\/#website\",\"url\":\"https:\/\/www.welovecycling.com\/sk\/\",\"name\":\"\u0160koda We Love Cycling Slovensko\",\"description\":\"\u0160koda We Love Cycling Slovensko je v\u00e1\u0161 ka\u017edodenn\u00fd zdroj noviniek a in\u0161pir\u00e1cie z sveta cyklistiky\",\"potentialAction\":[{\"@type\":\"SearchAction\",\"target\":{\"@type\":\"EntryPoint\",\"urlTemplate\":\"https:\/\/www.welovecycling.com\/sk\/?s={search_term_string}\"},\"query-input\":{\"@type\":\"PropertyValueSpecification\",\"valueRequired\":true,\"valueName\":\"search_term_string\"}}],\"inLanguage\":\"sk-SK\"},{\"@type\":\"Person\",\"@id\":\"https:\/\/www.welovecycling.com\/sk\/#\/schema\/person\/533b62b98b6c41bd5135ebfb1f742624\",\"name\":\"dominika\",\"image\":{\"@type\":\"ImageObject\",\"inLanguage\":\"sk-SK\",\"@id\":\"https:\/\/www.welovecycling.com\/sk\/#\/schema\/person\/image\/\",\"url\":\"https:\/\/secure.gravatar.com\/avatar\/ded6f274ba2ec3e17fff153f7d9d96a4b33c2cb63907f75d9a5309c599a7f3e6?s=96&d=mm&r=g\",\"contentUrl\":\"https:\/\/secure.gravatar.com\/avatar\/ded6f274ba2ec3e17fff153f7d9d96a4b33c2cb63907f75d9a5309c599a7f3e6?s=96&d=mm&r=g\",\"caption\":\"dominika\"},\"url\":\"https:\/\/www.welovecycling.com\/sk\/author\/dominika\/\"}]}<\/script>\n<!-- \/ Yoast SEO Premium plugin. -->","yoast_head_json":{"title":"Rozhovor: Samuel Kov\u00e1\u010d \u2013 preteky si u\u017e\u00edva - \u0160koda We Love Cycling Slovensko","description":"Samuel Kov\u00e1\u010d, mlad\u00fd, \u00faspe\u0161n\u00fd cyklista, ktor\u00fd sa tento rok z\u00fa\u010dastnil nieko\u013eko pretekov a z\u00edskal 4 medaily v 3 r\u00f4znych odvetviach cyklistiky.","robots":{"index":"index","follow":"follow","max-snippet":"max-snippet:-1","max-image-preview":"max-image-preview:large","max-video-preview":"max-video-preview:-1"},"canonical":"https:\/\/www.welovecycling.com\/sk\/2022\/12\/24\/rozhovor-samuel-kovac-kazde-preteky-si-chce-naplno-uzit\/","og_locale":"sk_SK","og_type":"article","og_title":"Rozhovor: Samuel Kov\u00e1\u010d \u2013 preteky si u\u017e\u00edva","og_description":"Samuel Kov\u00e1\u010d, mlad\u00fd, \u00faspe\u0161n\u00fd cyklista, ktor\u00fd sa tento rok z\u00fa\u010dastnil nieko\u013eko pretekov a z\u00edskal 4 medaily v 3 r\u00f4znych odvetviach cyklistiky.","og_url":"https:\/\/www.welovecycling.com\/sk\/2022\/12\/24\/rozhovor-samuel-kovac-kazde-preteky-si-chce-naplno-uzit\/","og_site_name":"\u0160koda We Love Cycling Slovensko","article_published_time":"2022-12-24T08:00:04+00:00","og_image":[{"width":990,"height":660,"url":"https:\/\/d2p6e6u75xmxt8.cloudfront.net\/4\/2022\/12\/Kovac-00-e1671704758465.webp","type":"image\/webp"}],"author":"dominika","twitter_card":"summary_large_image","twitter_misc":{"Written by":"Radovan Vr\u0161ka","Est. reading time":"10"},"schema":{"@context":"https:\/\/schema.org","@graph":[{"@type":"WebPage","@id":"https:\/\/www.welovecycling.com\/sk\/2022\/12\/24\/rozhovor-samuel-kovac-kazde-preteky-si-chce-naplno-uzit\/","url":"https:\/\/www.welovecycling.com\/sk\/2022\/12\/24\/rozhovor-samuel-kovac-kazde-preteky-si-chce-naplno-uzit\/","name":"Rozhovor: Samuel Kov\u00e1\u010d \u2013 preteky si u\u017e\u00edva - \u0160koda We Love Cycling Slovensko","isPartOf":{"@id":"https:\/\/www.welovecycling.com\/sk\/#website"},"primaryImageOfPage":{"@id":"https:\/\/www.welovecycling.com\/sk\/2022\/12\/24\/rozhovor-samuel-kovac-kazde-preteky-si-chce-naplno-uzit\/#primaryimage"},"image":{"@id":"https:\/\/www.welovecycling.com\/sk\/2022\/12\/24\/rozhovor-samuel-kovac-kazde-preteky-si-chce-naplno-uzit\/#primaryimage"},"thumbnailUrl":"https:\/\/d2p6e6u75xmxt8.cloudfront.net\/4\/2022\/12\/Kovac-00-e1671704758465.webp","datePublished":"2022-12-24T08:00:04+00:00","author":{"@id":"https:\/\/www.welovecycling.com\/sk\/#\/schema\/person\/533b62b98b6c41bd5135ebfb1f742624"},"description":"Samuel Kov\u00e1\u010d, mlad\u00fd, \u00faspe\u0161n\u00fd cyklista, ktor\u00fd sa tento rok z\u00fa\u010dastnil nieko\u013eko pretekov a z\u00edskal 4 medaily v 3 r\u00f4znych odvetviach cyklistiky.","breadcrumb":{"@id":"https:\/\/www.welovecycling.com\/sk\/2022\/12\/24\/rozhovor-samuel-kovac-kazde-preteky-si-chce-naplno-uzit\/#breadcrumb"},"inLanguage":"sk-SK","potentialAction":[{"@type":"ReadAction","target":["https:\/\/www.welovecycling.com\/sk\/2022\/12\/24\/rozhovor-samuel-kovac-kazde-preteky-si-chce-naplno-uzit\/"]}]},{"@type":"ImageObject","inLanguage":"sk-SK","@id":"https:\/\/www.welovecycling.com\/sk\/2022\/12\/24\/rozhovor-samuel-kovac-kazde-preteky-si-chce-naplno-uzit\/#primaryimage","url":"https:\/\/d2p6e6u75xmxt8.cloudfront.net\/4\/2022\/12\/Kovac-00-e1671704758465.webp","contentUrl":"https:\/\/d2p6e6u75xmxt8.cloudfront.net\/4\/2022\/12\/Kovac-00-e1671704758465.webp","width":990,"height":660},{"@type":"BreadcrumbList","@id":"https:\/\/www.welovecycling.com\/sk\/2022\/12\/24\/rozhovor-samuel-kovac-kazde-preteky-si-chce-naplno-uzit\/#breadcrumb","itemListElement":[{"@type":"ListItem","position":1,"name":"Home","item":"https:\/\/www.welovecycling.com\/sk\/"},{"@type":"ListItem","position":2,"name":"Rozhovor: Samuel Kov\u00e1\u010d \u2013 preteky si u\u017e\u00edva"}]},{"@type":"WebSite","@id":"https:\/\/www.welovecycling.com\/sk\/#website","url":"https:\/\/www.welovecycling.com\/sk\/","name":"\u0160koda We Love Cycling Slovensko","description":"\u0160koda We Love Cycling Slovensko je v\u00e1\u0161 ka\u017edodenn\u00fd zdroj noviniek a in\u0161pir\u00e1cie z sveta cyklistiky","potentialAction":[{"@type":"SearchAction","target":{"@type":"EntryPoint","urlTemplate":"https:\/\/www.welovecycling.com\/sk\/?s={search_term_string}"},"query-input":{"@type":"PropertyValueSpecification","valueRequired":true,"valueName":"search_term_string"}}],"inLanguage":"sk-SK"},{"@type":"Person","@id":"https:\/\/www.welovecycling.com\/sk\/#\/schema\/person\/533b62b98b6c41bd5135ebfb1f742624","name":"dominika","image":{"@type":"ImageObject","inLanguage":"sk-SK","@id":"https:\/\/www.welovecycling.com\/sk\/#\/schema\/person\/image\/","url":"https:\/\/secure.gravatar.com\/avatar\/ded6f274ba2ec3e17fff153f7d9d96a4b33c2cb63907f75d9a5309c599a7f3e6?s=96&d=mm&r=g","contentUrl":"https:\/\/secure.gravatar.com\/avatar\/ded6f274ba2ec3e17fff153f7d9d96a4b33c2cb63907f75d9a5309c599a7f3e6?s=96&d=mm&r=g","caption":"dominika"},"url":"https:\/\/www.welovecycling.com\/sk\/author\/dominika\/"}]}},"_links":{"self":[{"href":"https:\/\/www.welovecycling.com\/sk\/wp-json\/wp\/v2\/posts\/16430","targetHints":{"allow":["GET"]}}],"collection":[{"href":"https:\/\/www.welovecycling.com\/sk\/wp-json\/wp\/v2\/posts"}],"about":[{"href":"https:\/\/www.welovecycling.com\/sk\/wp-json\/wp\/v2\/types\/post"}],"author":[{"embeddable":true,"href":"https:\/\/www.welovecycling.com\/sk\/wp-json\/wp\/v2\/users\/172"}],"replies":[{"embeddable":true,"href":"https:\/\/www.welovecycling.com\/sk\/wp-json\/wp\/v2\/comments?post=16430"}],"version-history":[{"count":2,"href":"https:\/\/www.welovecycling.com\/sk\/wp-json\/wp\/v2\/posts\/16430\/revisions"}],"predecessor-version":[{"id":16468,"href":"https:\/\/www.welovecycling.com\/sk\/wp-json\/wp\/v2\/posts\/16430\/revisions\/16468"}],"wp:featuredmedia":[{"embeddable":true,"href":"https:\/\/www.welovecycling.com\/sk\/wp-json\/wp\/v2\/media\/16433"}],"wp:attachment":[{"href":"https:\/\/www.welovecycling.com\/sk\/wp-json\/wp\/v2\/media?parent=16430"}],"wp:term":[{"taxonomy":"category","embeddable":true,"href":"https:\/\/www.welovecycling.com\/sk\/wp-json\/wp\/v2\/categories?post=16430"},{"taxonomy":"post_tag","embeddable":true,"href":"https:\/\/www.welovecycling.com\/sk\/wp-json\/wp\/v2\/tags?post=16430"},{"taxonomy":"global-categories","embeddable":true,"href":"https:\/\/www.welovecycling.com\/sk\/wp-json\/wp\/v2\/global-categories?post=16430"}],"curies":[{"name":"wp","href":"https:\/\/api.w.org\/{rel}","templated":true}]}}