{"id":16416,"date":"2022-12-22T09:14:20","date_gmt":"2022-12-22T08:14:20","guid":{"rendered":"https:\/\/www.welovecycling.com\/sk\/?p=16416"},"modified":"2022-12-22T09:14:20","modified_gmt":"2022-12-22T08:14:20","slug":"ktora-trofej-z-grand-tour-sa-vam-paci-najviac","status":"publish","type":"post","link":"https:\/\/www.welovecycling.com\/sk\/2022\/12\/22\/ktora-trofej-z-grand-tour-sa-vam-paci-najviac\/","title":{"rendered":"Ktor\u00e1 trofej z Grand Tour sa v\u00e1m p\u00e1\u010di najviac?"},"content":{"rendered":"<p><strong>Sledujete Grand Tour? Kto by odolal epickej pretek\u00e1rskej bitke a tv\u00e1ram \u0161pinav\u00fdm od zablaten\u00fdch dl\u00e1\u017eden\u00fdch ciest, \u010di od zapr\u00e1\u0161en\u00fdch \u0161trkov\u00fdch \u00fasekov? Alebo obrazom pelet\u00f3nu, svi\u0161tiaceho po k\u013eukat\u00fdch cest\u00e1ch, ktor\u00e9 ved\u00fa cez malebn\u00e9 dedinky a kr\u00e1snu vlniacu sa krajinu, obsypan\u00fa vinicami a skvostmi architekt\u00fary. Tie z\u00e1bery, nap\u00e4tie a z\u00e1bava s\u00fa skvel\u00e9, ale pod\u013ea m\u0148a s\u00fa skvel\u00e9 aj trofeje. Ale ko\u013eko o nich viete vy, a ktor\u00e1 Grand Tour trofej sa v\u00e1m najviac p\u00e1\u010di? Pozrime sa na na\u0161ich kandid\u00e1tov.<\/strong><\/p>\n<p><!--more--><\/p>\n<h2><strong>Tour de France<\/strong><\/h2>\n<p>Trofej Tour de France sa vol\u00e1 Coupe Omnisports. Jej vzh\u013ead navrhol Roger Vieillard v roku 1971, ako z\u00e1kazku pre franc\u00fazskeho prezidenta, Val\u00e9ry Giscard d\u2019Estaing (1974-1981), ktorou mal vynovi\u0165 ofici\u00e1lne k\u00fasky pon\u00fakan\u00e9 \u0161t\u00e1tom. P\u00f4vodne v\u0161ak chceli tieto trofeje odovzd\u00e1va\u0165 v\u0161etk\u00fdm \u0161pi\u010dkov\u00fdm atl\u00e9tom, nielen v\u00ed\u0165azom Tour.<\/p>\n<p>Prieskum neodhalil, \u017ee by boli v\u00ed\u0165azi Tour de France pred rokom 1971 oce\u0148ovan\u00ed \u0161pecifickou trofejou. Sk\u00f4r i\u0161lo obdiv \u013eudu, finan\u010dn\u00fa odmenu a tie\u017e \u017elt\u00fd dres. Medzi rokmi 1930-1961 a 1967-1968 s\u00fa\u0165a\u017eili n\u00e1rodn\u00e9 t\u00edmy o trofej klasifikovan\u00fa pre t\u00edmy, ktor\u00e1 sa volala Challenge International, ktor\u00e1, zd\u00e1 sa, bola in\u0161pir\u00e1ciou pri tvorbe Coupe Omnisports. Odli\u0161ovala sa v\u0161ak t\u00fdm, \u017ee nebola keramick\u00e1, ale kovov\u00e1.<\/p>\n<p>Dne\u0161n\u00fa keramick\u00fa Coupe Omnisports vyr\u00e1ba Manufacture National de S\u00e8vres na brehoch Seiny, p\u00e1r kilometrov po pr\u00fade od Par\u00ed\u017ea. Ich v\u00fdrobky patria medzi tie najlep\u0161ie porcel\u00e1nov\u00e9 k\u00fasky z cel\u00e9ho sveta, u\u017e od roku 1759 a vl\u00e1dy \u013dudov\u00edta XV. <strong>Do dne\u0161n\u00e9ho d\u0148a s\u00fa ofici\u00e1lnym dod\u00e1vate\u013eom keramiky pre franc\u00fazsku vl\u00e1du.<\/strong> \u0160t\u00e1tne ve\u010dere v prezidentskom s\u00eddle Elyse\u00e9, s\u00fa pod\u00e1van\u00e9 na jemnom porcel\u00e1novom S\u00e8vres riade.<\/p>\n<p>N\u00e1dhern\u00e1, tmav\u00e1 modr\u00e1, ktor\u00e1 kontrastovala s 24-kar\u00e1tov\u00fdmi, ru\u010dne ma\u013eovan\u00fdmi detailami, je zn\u00e1ma ako \u201ele bleu de S\u00e8vres\u201d, teda S\u00e8vres modr\u00e1. T\u00e1to farba patr\u00ed S\u00e8vres a symbolizuje nielen tov\u00e1re\u0148, ale aj samotn\u00e9 Franc\u00fazsko. Ka\u017ed\u00fd rok dostane v\u00ed\u0165az poh\u00e1r, no nebolo tomu tak v\u017edy.<\/p>\n<p>Poh\u00e1r nebol udelen\u00fd v\u00ed\u0165azovi Tour de France a\u017e do roku 1975. Pre\u010do? Pod\u013ea te\u00f3ri\u00ed je d\u00f4vodom to, \u017ee to bol prv\u00fd rok, kedy mal Grand Boucle zakon\u010denie na Champs-\u00c9lys\u00e9es. Tie\u017e sa hovor\u00ed, \u017ee je to preto, \u017ee Bernard Th\u00e9venet porazil Eddieho Merckxa, \u010d\u00edm ukon\u010dil 8-ro\u010dn\u00fa s\u00e9riu prehier, a tak navr\u00e1til n\u00e1rodu hrdos\u0165.<\/p>\n<figure id=\"attachment_16417\" aria-describedby=\"caption-attachment-16417\" style=\"width: 1250px\" class=\"wp-caption alignnone\"><a href=\"https:\/\/d2p6e6u75xmxt8.cloudfront.net\/4\/2022\/12\/Vingegaard-Tour-de-France-lion-profimedia-0709657136.webp\"><img loading=\"lazy\" decoding=\"async\" class=\"size-full wp-image-16417\" src=\"https:\/\/d2p6e6u75xmxt8.cloudfront.net\/4\/2022\/12\/Vingegaard-Tour-de-France-lion-profimedia-0709657136.webp\" alt=\"Jonas Vingegaard\" width=\"1250\" height=\"901\" srcset=\"https:\/\/d2p6e6u75xmxt8.cloudfront.net\/4\/2022\/12\/Vingegaard-Tour-de-France-lion-profimedia-0709657136.webp 1250w, https:\/\/d2p6e6u75xmxt8.cloudfront.net\/4\/2022\/12\/Vingegaard-Tour-de-France-lion-profimedia-0709657136-300x216.webp 300w, https:\/\/d2p6e6u75xmxt8.cloudfront.net\/4\/2022\/12\/Vingegaard-Tour-de-France-lion-profimedia-0709657136-1024x738.webp 1024w, https:\/\/d2p6e6u75xmxt8.cloudfront.net\/4\/2022\/12\/Vingegaard-Tour-de-France-lion-profimedia-0709657136-768x554.webp 768w\" sizes=\"auto, (max-width: 1250px) 100vw, 1250px\" \/><\/a><figcaption id=\"caption-attachment-16417\" class=\"wp-caption-text\">Ply\u0161ov\u00fd lev je \u010fal\u0161ou Tour de France trofejou pre v\u00ed\u0165azov \u017elt\u00e9ho dresu. \u00a9 Profimedia<\/figcaption><\/figure>\n<h2><strong>Bonusov\u00e1 Tour de France trofej<\/strong><\/h2>\n<p>Okrem Coupe Omnisports dostan\u00fa v\u00ed\u0165azi dresu (\u017elt\u00e9ho, bodkovan\u00e9ho, zelen\u00e9ho a bieleho) na Champs-\u00c9lys\u00e9es ve\u013ekolep\u00fa bonusov\u00fa trofej, ako dar od ich dlhoro\u010dn\u00e9ho partnera a sponzora, zna\u010dky \u0160koda. <strong>Ale nejde len o trofeje, s\u00fa to <a href=\"https:\/\/www.welovecycling.com\/sk\/2017\/07\/22\/pohar-vitaza-tohtorocnej-tour-de-france\/\" rel=\"noopener\" target=\"_blank\">umeleck\u00e9 k\u00fasky<\/a>, ktor\u00e9 odr\u00e1\u017eaj\u00fa zru\u010dnos\u0165, kult\u00faru a talent \u010deskej v\u00fdroby kri\u0161t\u00e1\u013eu, ktor\u00e1 siaha a\u017e do 70. rokov 17. storo\u010dia, a pravdepodobne aj do storo\u010d\u00ed predt\u00fdm.<\/strong><\/p>\n<p>\u0160koda ude\u013euje tieto skvostn\u00e9, origin\u00e1lne, ru\u010dne tvarovan\u00e9 a f\u00fakan\u00e9 k\u00fasky z olovnat\u00e9ho kri\u0161t\u00e1\u013eu u\u017e od roku 2011. <strong>Ich n\u00e1vrh\u00e1rom je slovensk\u00fd umelec, Peter Olah.<\/strong> Tieto n\u00e1dhern\u00e9 60 cm v\u00e1zy, ktor\u00e9 v\u00e1\u017eia 4 kg, reprezentuj\u00fa to, o \u010dom je cyklistika, \u201epr\u00edrodu a \u010dist\u00fa energiu\u201d. Ka\u017ed\u00fa jednu vyr\u00e1ba renomovan\u00fd majster \u010deskej v\u00fdroby kri\u0161t\u00e1\u013eu, <a href=\"https:\/\/www.lasvit.com\/project\/crystal-wall\">Lasvit<\/a>.<\/p>\n<h2><strong>Giro d\u2019Italia<\/strong><\/h2>\n<p>Giro je najd\u00f4le\u017eitej\u0161\u00edm pretekom v talianskom kalend\u00e1ri, a druhou najd\u00f4le\u017eitej\u0161ou etapou Grand Tour, hne\u010f po Tour de France. Posledn\u00fdch 23 rokov z\u00edskavali v\u00ed\u0165azi \u201eTrofeo Senza Fine\u201d, takzvan\u00fa nekone\u010dn\u00fa trofej. Vyroben\u00e1 bola v roku 1999, v\u010faka spolupr\u00e1ci Gazzetta dello Sport, sl\u00e1vnymi \u0161portov\u00fdmi novinami ru\u017eovej farby, ktor\u00e1 ur\u010duje farbu dresu l\u00eddra Giro, a skupinou RCS Sport, ktor\u00e1 organizuje Giro a \u010fal\u0161ie talianske cestn\u00e9 cyklistick\u00e9 preteky, ako s\u00fa Milan-Sanremo a Tirreno-Adriatico.<\/p>\n<p><strong>Uskuto\u010dnila sa verejn\u00e1 s\u00fa\u0165a\u017e, a v\u00fdhercom bol origin\u00e1lny dizajn umelca Fabrizia Galli.<\/strong> Predstavil elegantn\u00fa s\u00favisl\u00fa \u0161pir\u00e1lu, ktor\u00e1 vytv\u00e1ra sl\u00e1vny tvar pres\u00fdpac\u00edch hod\u00edn. Jej vzh\u013ead reprezentuje talianske cesty, ktor\u00fdmi ide pelet\u00f3n, a tie\u017e hist\u00f3riu Giro, ktor\u00e1 \u201enem\u00e1 konca\u201d.<\/p>\n<p>T\u00e1to \u0161pir\u00e1lovit\u00e1 ve\u017ea, ktor\u00e1 vyzer\u00e1 ako nekone\u010dn\u00e1 zlat\u00e1 ma\u0161\u013ea, je v skuto\u010dnosti me\u010f pozl\u00e1ten\u00e1 18-kar\u00e1tov\u00fdm zlatom. Me\u010f je materi\u00e1l, v\u010faka ktor\u00e9mu je mo\u017en\u00e9 vytvarova\u0165 a udr\u017ea\u0165 komplikovan\u00fd tvar trofeje. Vyr\u00e1ba sa v dielni Maria Penella v Saletto di Vigodarzere v Taliansku. Dedinka Saletto je s\u00fa\u010das\u0165ou obce Vigodarzere, v provincii Padova a regi\u00f3ne Veneto. V\u00fdroba jednej trofeje zaberie pribli\u017ene jeden mesiac.<\/p>\n<p>Pomocou \u0161peci\u00e1lneho pr\u00edstroja sa meden\u00e1 ty\u010d zaobl\u00ed a vyle\u0161t\u00ed. Potom je za pomoci vysokej teploty vytvarovan\u00e1 do \u0161pir\u00e1ly, ktor\u00e1 akoby visela vo vzduchu. Tento tvar sa dosahuje pomocou stroja, ktor\u00fd pripom\u00edna mu\u010diaci pr\u00edstroj. N\u00e1sledne sa tento meden\u00fd k\u00fasok ore\u017ee a vyle\u0161t\u00ed. Kone\u010dn\u00fdm a najdelik\u00e1tnej\u0161\u00edm krokom je vypa\u013eovanie mien predo\u0161l\u00fdch v\u00ed\u0165azov laserom, po \u010dom nasleduje kone\u010dn\u00e9 opieskovanie. Ka\u017ed\u00fd rok je udelen\u00e1 nov\u00e1 trofej, pri\u010dom meno najnov\u0161ieho v\u00ed\u0165aza vyryje Penello v\u017edy na mieste.<\/p>\n<p>Bolo zlo\u017eit\u00e9 zisti\u0165 detaily o trofeji Coupe Omnisports, ale trofej Giro m\u00e1 podobn\u00fa v\u00fd\u0161ku ako kr\u00e1sne kri\u0161t\u00e1\u013eov\u00e9 v\u00e1zy od zna\u010dky \u0160koda, 54 cm, ale Giro v\u00e1\u017ei podstatne viac, a to 9,5 kg. Panello vyr\u00e1ba tie\u017e trofeje pre Milan-Sanremo, Milan-Torino, Strade Bianche na trojzubci Tirreno-Adriatico.<\/p>\n<h2><strong>Vuelta a Espa\u00f1a<\/strong><\/h2>\n<p>Nie je \u017eiadnym prekvapen\u00edm, \u017ee aj trofej odovzd\u00e1van\u00e1 v\u00ed\u0165azovi Vuelta a Espa\u00f1a m\u00e1 vzne\u0161en\u00e9 korene. Kr\u00e1\u013eovsk\u00e1 tov\u00e1re\u0148 na sklo La Granja (La Real F\u00e1brica de Cristales de la Granja) vyr\u00e1ba trofej v\u0161eobecnej klasifik\u00e1cie pre \u0161panielske preteky u\u017e od roku 2008. Bola zalo\u017een\u00e1 v roku 1727 \u0161panielskym kr\u00e1\u013eom, Filipom V., a nach\u00e1dza sa len nieko\u013eko kilometrov od Segovie.<\/p>\n<p>Trofej sa v\u0161ak od prvej Vuelta v roku 1935 zmenila. Do roku 1999 bolo prv\u00e9 miesto oce\u0148ovan\u00e9 strieborn\u00fdm poh\u00e1rom. Nesk\u00f4r ve\u013ek\u00fdm kri\u0161t\u00e1\u013eov\u00fdm tanierom so \u0161tvorcov\u00fdm z\u00e1kladom, ktor\u00fd sl\u00fa\u017ei ako stojan. <strong>Obl\u00fd tvar bol zvolen\u00fd, aby pripom\u00ednal koleso bicykla, pri\u010dom men\u00e1 predo\u0161l\u00fdch v\u00ed\u0165azov vytv\u00e1rali v\u00fdplet kolesa.<\/strong> V s\u00fa\u010dasnosti v\u00ed\u0165az st\u00e1le dostane ve\u013ek\u00fd kri\u0161t\u00e1\u013eov\u00fd tanier, ale tento m\u00e1 v strede \u010derven\u00e9 logo La Vuelta.<\/p>\n<p>Akon\u00e1hle si \u010derven\u00e1 glaz\u00fara, potrebn\u00e1 na reprodukciu loga, prejde \u0161peci\u00e1lnym procesom vitrifik\u00e1cie, vytvor\u00ed sa pomocou otrysk\u00e1vania diamantov\u00fdm prachom v\u00fdplet kolesa z mien v\u00ed\u0165azov. Samozrejme je vynechan\u00e9 vo\u013en\u00e9 miesto pre najnov\u0161ie v\u00ed\u0165aza, ale toto meno je pridan\u00e9 a\u017e po dokon\u010den\u00ed trofeje. Druh\u00e9 a tretie miesto z\u00edskavaj\u00fa kri\u0161t\u00e1\u013eov\u00e9 v\u00e1zy od rovnak\u00e9ho v\u00fdrobcu, ale na t\u00fdch je len popisok s umiestnen\u00edm.<\/p>\n<h2><strong>V\u00ed\u0165azn\u00e9 stupienky Grand Tour trofej\u00ed<\/strong><\/h2>\n<p>Kr\u00e1su ka\u017ed\u00fd hodnot\u00edme subjekt\u00edvne. Jeden \u010dl\u00e1nok nem\u00f4\u017ee rozhodn\u00fa\u0165 za cel\u00e9 masy. Okrem \u010disto vizu\u00e1lnej estetiky v\u00e1s m\u00f4\u017eu pri kone\u010dnom rozhodnut\u00ed ovplyvni\u0165 aj hist\u00f3ria a kult\u00fara, ktor\u00e9 sa skr\u00fdvaj\u00fa za ka\u017edou trofejou. Av\u0161ak ka\u017ed\u00e1 jedna z t\u00fdchto troch trofej\u00ed je \u00fa\u017easn\u00fdm \u00faspechom v kari\u00e9re profesion\u00e1lneho cyklistu. <\/p>\n<p>U m\u0148a osobne vyhr\u00e1va Giro d\u2019Italia\u2019s Trofeo Senza Fine. Mysl\u00edm, \u017ee jej vzh\u013ead je modern\u00fd, znamenit\u00fd a ve\u013emi sa mi p\u00e1\u010di, \u017ee jej dizajn vzi\u0161iel z verejnej s\u00fa\u0165a\u017ee. Cyklistika je predsa len \u0161portom pre masy, no nie? Tour de France\u2019s Coupe Omnisports z\u00edskava druh\u00e9 miesto, za svoj klasick\u00fd vzh\u013ead a \u010dist\u00fa prest\u00ed\u017e, \u010d\u00edm Vuelta kon\u010d\u00ed na tre\u0165om mieste.<\/p>\n","protected":false},"excerpt":{"rendered":"<p>Sledujete Grand Tour? Kto by odolal epickej pretek\u00e1rskej bitke a tv\u00e1ram \u0161pinav\u00fdm od zablaten\u00fdch dl\u00e1\u017eden\u00fdch ciest, \u010di od zapr\u00e1\u0161en\u00fdch \u0161trkov\u00fdch [&hellip;]<\/p>\n","protected":false},"author":172,"featured_media":16419,"comment_status":"open","ping_status":"open","sticky":false,"template":"","format":"standard","meta":{"footnotes":""},"categories":[4],"tags":[115,546,306,65,268,876,607,885,542,1009,419,20,186,219],"global-categories":[],"class_list":["post-16416","post","type-post","status-publish","format-standard","has-post-thumbnail","hentry","category-cestna-cyklisitika","tag-cestna-cyklistika","tag-cyklistika","tag-francuzsko","tag-giro-d-italia","tag-grand-tour","tag-historia","tag-ocenenie","tag-profesional","tag-skoda","tag-skoda-auto","tag-taliansko","tag-tour-de-france","tag-trofej","tag-vuelta-a-espana"],"yoast_head":"<!-- This site is optimized with the Yoast SEO Premium plugin v25.3 (Yoast SEO v25.9) - https:\/\/yoast.com\/wordpress\/plugins\/seo\/ -->\n<title>Ktor\u00e1 trofej z Grand Tour sa v\u00e1m najviac p\u00e1\u010di?- We Love Cycling Magazine<\/title>\n<meta name=\"description\" content=\"Sledujete Grand Tour? Tie z\u00e1bery, nap\u00e4tie, z\u00e1bava a kr\u00e1sne trofeje. Ale ko\u013eko o nich viete vy, a ktor\u00e1 Grand Tour trofej sa v\u00e1m najviac p\u00e1\u010di?\" \/>\n<meta name=\"robots\" content=\"index, follow, max-snippet:-1, max-image-preview:large, max-video-preview:-1\" \/>\n<link rel=\"canonical\" href=\"https:\/\/www.welovecycling.com\/sk\/2022\/12\/22\/ktora-trofej-z-grand-tour-sa-vam-paci-najviac\/\" \/>\n<meta property=\"og:locale\" content=\"sk_SK\" \/>\n<meta property=\"og:type\" content=\"article\" \/>\n<meta property=\"og:title\" content=\"Ktor\u00e1 trofej z Grand Tour sa v\u00e1m p\u00e1\u010di najviac?\" \/>\n<meta property=\"og:description\" content=\"Sledujete Grand Tour? Tie z\u00e1bery, nap\u00e4tie, z\u00e1bava a kr\u00e1sne trofeje. Ale ko\u013eko o nich viete vy, a ktor\u00e1 Grand Tour trofej sa v\u00e1m najviac p\u00e1\u010di?\" \/>\n<meta property=\"og:url\" content=\"https:\/\/www.welovecycling.com\/sk\/2022\/12\/22\/ktora-trofej-z-grand-tour-sa-vam-paci-najviac\/\" \/>\n<meta property=\"og:site_name\" content=\"\u0160koda We Love Cycling Slovensko\" \/>\n<meta property=\"article:published_time\" content=\"2022-12-22T08:14:20+00:00\" \/>\n<meta property=\"og:image\" content=\"https:\/\/d2p6e6u75xmxt8.cloudfront.net\/4\/2022\/12\/Jai-Hindley-profimedia-0695499585-CVR.webp\" \/>\n\t<meta property=\"og:image:width\" content=\"990\" \/>\n\t<meta property=\"og:image:height\" content=\"660\" \/>\n\t<meta property=\"og:image:type\" content=\"image\/webp\" \/>\n<meta name=\"author\" content=\"dominika\" \/>\n<meta name=\"twitter:card\" content=\"summary_large_image\" \/>\n<meta name=\"twitter:label1\" content=\"Written by\" \/>\n\t<meta name=\"twitter:data1\" content=\"Andrea Champredonde\" \/>\n\t<meta name=\"twitter:label2\" content=\"Est. reading time\" \/>\n\t<meta name=\"twitter:data2\" content=\"6\" \/>\n<script type=\"application\/ld+json\" class=\"yoast-schema-graph\">{\"@context\":\"https:\/\/schema.org\",\"@graph\":[{\"@type\":\"WebPage\",\"@id\":\"https:\/\/www.welovecycling.com\/sk\/2022\/12\/22\/ktora-trofej-z-grand-tour-sa-vam-paci-najviac\/\",\"url\":\"https:\/\/www.welovecycling.com\/sk\/2022\/12\/22\/ktora-trofej-z-grand-tour-sa-vam-paci-najviac\/\",\"name\":\"Ktor\u00e1 trofej z Grand Tour sa v\u00e1m najviac p\u00e1\u010di?- We Love Cycling Magazine\",\"isPartOf\":{\"@id\":\"https:\/\/www.welovecycling.com\/sk\/#website\"},\"primaryImageOfPage\":{\"@id\":\"https:\/\/www.welovecycling.com\/sk\/2022\/12\/22\/ktora-trofej-z-grand-tour-sa-vam-paci-najviac\/#primaryimage\"},\"image\":{\"@id\":\"https:\/\/www.welovecycling.com\/sk\/2022\/12\/22\/ktora-trofej-z-grand-tour-sa-vam-paci-najviac\/#primaryimage\"},\"thumbnailUrl\":\"https:\/\/d2p6e6u75xmxt8.cloudfront.net\/4\/2022\/12\/Jai-Hindley-profimedia-0695499585-CVR.webp\",\"datePublished\":\"2022-12-22T08:14:20+00:00\",\"author\":{\"@id\":\"https:\/\/www.welovecycling.com\/sk\/#\/schema\/person\/533b62b98b6c41bd5135ebfb1f742624\"},\"description\":\"Sledujete Grand Tour? Tie z\u00e1bery, nap\u00e4tie, z\u00e1bava a kr\u00e1sne trofeje. Ale ko\u013eko o nich viete vy, a ktor\u00e1 Grand Tour trofej sa v\u00e1m najviac p\u00e1\u010di?\",\"breadcrumb\":{\"@id\":\"https:\/\/www.welovecycling.com\/sk\/2022\/12\/22\/ktora-trofej-z-grand-tour-sa-vam-paci-najviac\/#breadcrumb\"},\"inLanguage\":\"sk-SK\",\"potentialAction\":[{\"@type\":\"ReadAction\",\"target\":[\"https:\/\/www.welovecycling.com\/sk\/2022\/12\/22\/ktora-trofej-z-grand-tour-sa-vam-paci-najviac\/\"]}]},{\"@type\":\"ImageObject\",\"inLanguage\":\"sk-SK\",\"@id\":\"https:\/\/www.welovecycling.com\/sk\/2022\/12\/22\/ktora-trofej-z-grand-tour-sa-vam-paci-najviac\/#primaryimage\",\"url\":\"https:\/\/d2p6e6u75xmxt8.cloudfront.net\/4\/2022\/12\/Jai-Hindley-profimedia-0695499585-CVR.webp\",\"contentUrl\":\"https:\/\/d2p6e6u75xmxt8.cloudfront.net\/4\/2022\/12\/Jai-Hindley-profimedia-0695499585-CVR.webp\",\"width\":990,\"height\":660,\"caption\":\"Jai Hindley\"},{\"@type\":\"BreadcrumbList\",\"@id\":\"https:\/\/www.welovecycling.com\/sk\/2022\/12\/22\/ktora-trofej-z-grand-tour-sa-vam-paci-najviac\/#breadcrumb\",\"itemListElement\":[{\"@type\":\"ListItem\",\"position\":1,\"name\":\"Home\",\"item\":\"https:\/\/www.welovecycling.com\/sk\/\"},{\"@type\":\"ListItem\",\"position\":2,\"name\":\"Ktor\u00e1 trofej z Grand Tour sa v\u00e1m p\u00e1\u010di najviac?\"}]},{\"@type\":\"WebSite\",\"@id\":\"https:\/\/www.welovecycling.com\/sk\/#website\",\"url\":\"https:\/\/www.welovecycling.com\/sk\/\",\"name\":\"\u0160koda We Love Cycling Slovensko\",\"description\":\"\u0160koda We Love Cycling Slovensko je v\u00e1\u0161 ka\u017edodenn\u00fd zdroj noviniek a in\u0161pir\u00e1cie z sveta cyklistiky\",\"potentialAction\":[{\"@type\":\"SearchAction\",\"target\":{\"@type\":\"EntryPoint\",\"urlTemplate\":\"https:\/\/www.welovecycling.com\/sk\/?s={search_term_string}\"},\"query-input\":{\"@type\":\"PropertyValueSpecification\",\"valueRequired\":true,\"valueName\":\"search_term_string\"}}],\"inLanguage\":\"sk-SK\"},{\"@type\":\"Person\",\"@id\":\"https:\/\/www.welovecycling.com\/sk\/#\/schema\/person\/533b62b98b6c41bd5135ebfb1f742624\",\"name\":\"dominika\",\"image\":{\"@type\":\"ImageObject\",\"inLanguage\":\"sk-SK\",\"@id\":\"https:\/\/www.welovecycling.com\/sk\/#\/schema\/person\/image\/\",\"url\":\"https:\/\/secure.gravatar.com\/avatar\/ded6f274ba2ec3e17fff153f7d9d96a4b33c2cb63907f75d9a5309c599a7f3e6?s=96&d=mm&r=g\",\"contentUrl\":\"https:\/\/secure.gravatar.com\/avatar\/ded6f274ba2ec3e17fff153f7d9d96a4b33c2cb63907f75d9a5309c599a7f3e6?s=96&d=mm&r=g\",\"caption\":\"dominika\"},\"url\":\"https:\/\/www.welovecycling.com\/sk\/author\/dominika\/\"}]}<\/script>\n<!-- \/ Yoast SEO Premium plugin. -->","yoast_head_json":{"title":"Ktor\u00e1 trofej z Grand Tour sa v\u00e1m najviac p\u00e1\u010di?- We Love Cycling Magazine","description":"Sledujete Grand Tour? Tie z\u00e1bery, nap\u00e4tie, z\u00e1bava a kr\u00e1sne trofeje. Ale ko\u013eko o nich viete vy, a ktor\u00e1 Grand Tour trofej sa v\u00e1m najviac p\u00e1\u010di?","robots":{"index":"index","follow":"follow","max-snippet":"max-snippet:-1","max-image-preview":"max-image-preview:large","max-video-preview":"max-video-preview:-1"},"canonical":"https:\/\/www.welovecycling.com\/sk\/2022\/12\/22\/ktora-trofej-z-grand-tour-sa-vam-paci-najviac\/","og_locale":"sk_SK","og_type":"article","og_title":"Ktor\u00e1 trofej z Grand Tour sa v\u00e1m p\u00e1\u010di najviac?","og_description":"Sledujete Grand Tour? Tie z\u00e1bery, nap\u00e4tie, z\u00e1bava a kr\u00e1sne trofeje. Ale ko\u013eko o nich viete vy, a ktor\u00e1 Grand Tour trofej sa v\u00e1m najviac p\u00e1\u010di?","og_url":"https:\/\/www.welovecycling.com\/sk\/2022\/12\/22\/ktora-trofej-z-grand-tour-sa-vam-paci-najviac\/","og_site_name":"\u0160koda We Love Cycling Slovensko","article_published_time":"2022-12-22T08:14:20+00:00","og_image":[{"width":990,"height":660,"url":"https:\/\/d2p6e6u75xmxt8.cloudfront.net\/4\/2022\/12\/Jai-Hindley-profimedia-0695499585-CVR.webp","type":"image\/webp"}],"author":"dominika","twitter_card":"summary_large_image","twitter_misc":{"Written by":"Andrea Champredonde","Est. reading time":"6"},"schema":{"@context":"https:\/\/schema.org","@graph":[{"@type":"WebPage","@id":"https:\/\/www.welovecycling.com\/sk\/2022\/12\/22\/ktora-trofej-z-grand-tour-sa-vam-paci-najviac\/","url":"https:\/\/www.welovecycling.com\/sk\/2022\/12\/22\/ktora-trofej-z-grand-tour-sa-vam-paci-najviac\/","name":"Ktor\u00e1 trofej z Grand Tour sa v\u00e1m najviac p\u00e1\u010di?- We Love Cycling Magazine","isPartOf":{"@id":"https:\/\/www.welovecycling.com\/sk\/#website"},"primaryImageOfPage":{"@id":"https:\/\/www.welovecycling.com\/sk\/2022\/12\/22\/ktora-trofej-z-grand-tour-sa-vam-paci-najviac\/#primaryimage"},"image":{"@id":"https:\/\/www.welovecycling.com\/sk\/2022\/12\/22\/ktora-trofej-z-grand-tour-sa-vam-paci-najviac\/#primaryimage"},"thumbnailUrl":"https:\/\/d2p6e6u75xmxt8.cloudfront.net\/4\/2022\/12\/Jai-Hindley-profimedia-0695499585-CVR.webp","datePublished":"2022-12-22T08:14:20+00:00","author":{"@id":"https:\/\/www.welovecycling.com\/sk\/#\/schema\/person\/533b62b98b6c41bd5135ebfb1f742624"},"description":"Sledujete Grand Tour? Tie z\u00e1bery, nap\u00e4tie, z\u00e1bava a kr\u00e1sne trofeje. Ale ko\u013eko o nich viete vy, a ktor\u00e1 Grand Tour trofej sa v\u00e1m najviac p\u00e1\u010di?","breadcrumb":{"@id":"https:\/\/www.welovecycling.com\/sk\/2022\/12\/22\/ktora-trofej-z-grand-tour-sa-vam-paci-najviac\/#breadcrumb"},"inLanguage":"sk-SK","potentialAction":[{"@type":"ReadAction","target":["https:\/\/www.welovecycling.com\/sk\/2022\/12\/22\/ktora-trofej-z-grand-tour-sa-vam-paci-najviac\/"]}]},{"@type":"ImageObject","inLanguage":"sk-SK","@id":"https:\/\/www.welovecycling.com\/sk\/2022\/12\/22\/ktora-trofej-z-grand-tour-sa-vam-paci-najviac\/#primaryimage","url":"https:\/\/d2p6e6u75xmxt8.cloudfront.net\/4\/2022\/12\/Jai-Hindley-profimedia-0695499585-CVR.webp","contentUrl":"https:\/\/d2p6e6u75xmxt8.cloudfront.net\/4\/2022\/12\/Jai-Hindley-profimedia-0695499585-CVR.webp","width":990,"height":660,"caption":"Jai Hindley"},{"@type":"BreadcrumbList","@id":"https:\/\/www.welovecycling.com\/sk\/2022\/12\/22\/ktora-trofej-z-grand-tour-sa-vam-paci-najviac\/#breadcrumb","itemListElement":[{"@type":"ListItem","position":1,"name":"Home","item":"https:\/\/www.welovecycling.com\/sk\/"},{"@type":"ListItem","position":2,"name":"Ktor\u00e1 trofej z Grand Tour sa v\u00e1m p\u00e1\u010di najviac?"}]},{"@type":"WebSite","@id":"https:\/\/www.welovecycling.com\/sk\/#website","url":"https:\/\/www.welovecycling.com\/sk\/","name":"\u0160koda We Love Cycling Slovensko","description":"\u0160koda We Love Cycling Slovensko je v\u00e1\u0161 ka\u017edodenn\u00fd zdroj noviniek a in\u0161pir\u00e1cie z sveta cyklistiky","potentialAction":[{"@type":"SearchAction","target":{"@type":"EntryPoint","urlTemplate":"https:\/\/www.welovecycling.com\/sk\/?s={search_term_string}"},"query-input":{"@type":"PropertyValueSpecification","valueRequired":true,"valueName":"search_term_string"}}],"inLanguage":"sk-SK"},{"@type":"Person","@id":"https:\/\/www.welovecycling.com\/sk\/#\/schema\/person\/533b62b98b6c41bd5135ebfb1f742624","name":"dominika","image":{"@type":"ImageObject","inLanguage":"sk-SK","@id":"https:\/\/www.welovecycling.com\/sk\/#\/schema\/person\/image\/","url":"https:\/\/secure.gravatar.com\/avatar\/ded6f274ba2ec3e17fff153f7d9d96a4b33c2cb63907f75d9a5309c599a7f3e6?s=96&d=mm&r=g","contentUrl":"https:\/\/secure.gravatar.com\/avatar\/ded6f274ba2ec3e17fff153f7d9d96a4b33c2cb63907f75d9a5309c599a7f3e6?s=96&d=mm&r=g","caption":"dominika"},"url":"https:\/\/www.welovecycling.com\/sk\/author\/dominika\/"}]}},"_links":{"self":[{"href":"https:\/\/www.welovecycling.com\/sk\/wp-json\/wp\/v2\/posts\/16416","targetHints":{"allow":["GET"]}}],"collection":[{"href":"https:\/\/www.welovecycling.com\/sk\/wp-json\/wp\/v2\/posts"}],"about":[{"href":"https:\/\/www.welovecycling.com\/sk\/wp-json\/wp\/v2\/types\/post"}],"author":[{"embeddable":true,"href":"https:\/\/www.welovecycling.com\/sk\/wp-json\/wp\/v2\/users\/172"}],"replies":[{"embeddable":true,"href":"https:\/\/www.welovecycling.com\/sk\/wp-json\/wp\/v2\/comments?post=16416"}],"version-history":[{"count":2,"href":"https:\/\/www.welovecycling.com\/sk\/wp-json\/wp\/v2\/posts\/16416\/revisions"}],"predecessor-version":[{"id":16444,"href":"https:\/\/www.welovecycling.com\/sk\/wp-json\/wp\/v2\/posts\/16416\/revisions\/16444"}],"wp:featuredmedia":[{"embeddable":true,"href":"https:\/\/www.welovecycling.com\/sk\/wp-json\/wp\/v2\/media\/16419"}],"wp:attachment":[{"href":"https:\/\/www.welovecycling.com\/sk\/wp-json\/wp\/v2\/media?parent=16416"}],"wp:term":[{"taxonomy":"category","embeddable":true,"href":"https:\/\/www.welovecycling.com\/sk\/wp-json\/wp\/v2\/categories?post=16416"},{"taxonomy":"post_tag","embeddable":true,"href":"https:\/\/www.welovecycling.com\/sk\/wp-json\/wp\/v2\/tags?post=16416"},{"taxonomy":"global-categories","embeddable":true,"href":"https:\/\/www.welovecycling.com\/sk\/wp-json\/wp\/v2\/global-categories?post=16416"}],"curies":[{"name":"wp","href":"https:\/\/api.w.org\/{rel}","templated":true}]}}