{"id":1632,"date":"2017-07-17T18:05:56","date_gmt":"2017-07-17T16:05:56","guid":{"rendered":"https:\/\/www.welovecycling.com\/sk\/?p=1632"},"modified":"2017-12-18T13:11:23","modified_gmt":"2017-12-18T12:11:23","slug":"tour-de-france-dramaticky-druhy-tyzden","status":"publish","type":"post","link":"https:\/\/www.welovecycling.com\/sk\/2017\/07\/17\/tour-de-france-dramaticky-druhy-tyzden\/","title":{"rendered":"Tour de France \u2013 dramatick\u00fd druh\u00fd t\u00fd\u017ede\u0148"},"content":{"rendered":"<p><strong>Sl\u00e1vne etapov\u00e9 podujatie m\u00e1 za sebou druh\u00fd t\u00fd\u017ede\u0148, ktor\u00fd priniesol dominanciu Marcela Kittela v \u0161printe, vydaren\u00e9 \u00faniky a hlavne nap\u00ednav\u00e9 s\u00faboje o \u017elt\u00fd dres.<\/strong><!--more--><\/p>\n<h2><strong>7. etapa (Troyes &gt; Nuits-St-Georges) \u2013 213 km<\/strong><\/h2>\n<p>V porad\u00ed siedma etapa priniesla o\u010dak\u00e1van\u00fd duel \u0161print\u00e9rov, kde bol prekvapivo najsilnej\u0161\u00edm protivn\u00edkom Marcela Kittela &#8211; N\u00f3r Edvald Boasson Hagen. Na neho sa po odst\u00fapen\u00ed Marca Cavendisha preniesla zodpovednos\u0165 za cie\u013eov\u00e9 \u0161purty a neby\u0165 6 mm, mohol to by\u0165 ve\u013emi podaren\u00fd z\u00e1skok. Pr\u00e1ve 6 mm rozhodlo o tom, \u017ee si \u010fal\u0161ie v\u00ed\u0165azstvo prip\u00edsal na svoje konto nemeck\u00fd pretek\u00e1r Marcel Kittel.<\/p>\n<p><a href=\"https:\/\/d2p6e6u75xmxt8.cloudfront.net\/4\/2017\/07\/02-2.jpg\"><img loading=\"lazy\" decoding=\"async\" class=\"alignnone size-full wp-image-1634\" src=\"https:\/\/d2p6e6u75xmxt8.cloudfront.net\/4\/2017\/07\/02-2.jpg\" alt=\"\" width=\"1200\" height=\"672\" \/><\/a><\/p>\n<h2><strong>8. etapa (Dole &gt; Station des Rousses) &#8211; 187 km<\/strong><\/h2>\n<p>Ak nejak\u00fd profil s\u013euboval ve\u013ek\u00fa \u0161ancu pre \u00fanik, tak pr\u00e1ve ten v 8. etape. To si uvedomili mnoh\u00ed a nech\u00fdbalo mno\u017estvo pokusov hne\u010f od za\u010diatku, kedy sa postupne sformovala ve\u013emi siln\u00e1 skupina. Z nej sa napokon radoval dom\u00e1ci Lilian Calmejane, ktor\u00fd si vo ve\u013emi dramatickom s\u00faboji udr\u017eal n\u00e1skok pred Robertom Gesinkom a prip\u00edsal cenn\u00fd triumf pre kontinent\u00e1lny t\u00edm Direct Energie. Medzi hlavn\u00fdmi favoritmi na celkov\u00e9 poradie sa ni\u010d nezmenilo ani dnes, vo veden\u00ed zostal na\u010falej Chris Froome.<\/p>\n<h2><strong>9. etapa (Nantua &gt; Chamb\u00e9ry) \u2013 181 km<\/strong><\/h2>\n<p>Jednou z naj\u0165a\u017e\u0161\u00edch sk\u00fa\u0161ok cel\u00e9ho ro\u010dn\u00edka bola v podstate kr\u00e1\u013eovsk\u00e1 etapa, ktor\u00e1 pon\u00fakla viac ako 4 500 v\u00fd\u0161kov\u00fdch metrov a skuto\u010dne n\u00e1ro\u010dn\u00e9 zjazdy. Najm\u00e4 ten z Mont du Chat patr\u00ed medzi medzi ve\u013emi technick\u00e9. Dr\u00e1ma za\u010dala u\u017e po druhom kopci, kedy sa v mokrom zjazde por\u00fa\u010dali k zemi Geraint Thomas a rovnako aj Rafal Majka. Thomas odst\u00fapil so zlomenou k\u013e\u00fa\u010dnou kos\u0165ou, Majka cel\u00fd odret\u00fd bojoval \u010falej, no bol to koniec jeho amb\u00edci\u00ed na celkov\u00e9 poradie a \u010fal\u0161ia rana pre t\u00edm BORA-hansgrohe. V poslednom st\u00fapan\u00ed na spom\u00ednan\u00fd Mont du Chat sa rozhorel s\u00faboj o celkov\u00e9 poradie a nech\u00fdbal kontroverzn\u00fd moment.<\/p>\n<p><a href=\"https:\/\/d2p6e6u75xmxt8.cloudfront.net\/4\/2017\/07\/03-2.jpg\"><img loading=\"lazy\" decoding=\"async\" class=\"alignnone size-full wp-image-1635\" src=\"https:\/\/d2p6e6u75xmxt8.cloudfront.net\/4\/2017\/07\/03-2.jpg\" alt=\"\" width=\"1200\" height=\"424\" \/><\/a><\/p>\n<p>Fabio Aru za\u00fato\u010dil v momente, kedy Chris Froome signalizoval technick\u00e9 probl\u00e9my. Nakoniec sa situ\u00e1cia upokojia a po\u010dkalo sa na ved\u00faceho pretek\u00e1ra. Tempo bolo vysok\u00e9, na \u010do doplatil Alberto Contador a nesk\u00f4r aj Nairo Quintana. Len\u017ee v n\u00e1slednom zjazde, pri hr\u00f4zostra\u0161nom p\u00e1de skon\u010dil hor\u00faci favorit na v\u00ed\u0165azstvo \u2013 Richie Porte. Vzal so sebou aj Daniela Martina, ten nakoniec nasko\u010dil sp\u00e4\u0165 na bicykel a so stratou pokra\u010doval. Porteho v\u0161ak museli odviez\u0165 do nemocnice a Tour pre neho skon\u010dila, no \u010faleko d\u00f4le\u017eitej\u0161\u00ed bol fakt, \u017ee okrem zlomen\u00edn sa mu ni\u010d hor\u0161ie nestalo. Samotn\u00fa etapu vyhral n\u00e1sledne Rigoberto Ur\u00e1n zo skupiny hlavn\u00fdch favoritov tesne pred dom\u00e1cim Warrenom Barguilom. Vo veden\u00ed zostal na\u010falej Chris Froome. To nebolo v\u0161etko. V\u010faka \u010dasov\u00e9mu limitu musel preteky opusti\u0165 dom\u00e1ci \u0161print\u00e9r Arnaud D\u00e9mare a rovnako aj n\u00e1\u0161 Juraj Sagan a zop\u00e1r \u010fal\u0161\u00edch jazdcov.<\/p>\n<p>https:\/\/www.instagram.com\/p\/BWbtnYVlfaC\/<\/p>\n<h2><strong>10. etapa (P\u00e9rigueux &gt; Bergerac) 178 km<\/strong><br \/>\n<strong>11. etapa (Eymet &gt; Pau) 203 km<\/strong><\/h2>\n<p>Obe tieto etapy mali nie\u010do podobn\u00e9 \u2013 boli rovinat\u00e9 a stali sa op\u00e4\u0165 koris\u0165ou Marcela Kittela, ktor\u00fd tak m\u00e1 na svojom konte u\u017e 5 v\u00ed\u0165azstiev. Akur\u00e1t v tej druhej, e\u0161te do poslednej chv\u00edle tr\u00e1pil pelot\u00f3n Maciej Bodnar, ktor\u00fd sa z \u00faniku pok\u00fasil zdvihn\u00fa\u0165 n\u00e1ladu v t\u00edme BORA-hansgrohe a takmer sa mu to podarilo.<\/p>\n<p>https:\/\/www.instagram.com\/p\/BWdPHZNBbEl\/<\/p>\n<h2><strong>12. etapa (Pau &gt; Peyragudes) \u2013 214 km<\/strong><\/h2>\n<p>\u00davodn\u00e1 etapa v Pyrenej\u00e1ch, s cie\u013eom vo ve\u013emi strmom kopci na Peyragudes, mala op\u00e4\u0165 amb\u00edciu zamie\u0161a\u0165 s celkov\u00fdm porad\u00edm \u2013 najm\u00e4 v\u010faka kr\u00e1tkemu, no poriadne strm\u00e9mu z\u00e1veru. E\u0161te predt\u00fdm z pelot\u00f3nu odpadol Nairo Quintana, ktor\u00fd potvrdil, \u017ee na Tour nie je vo svojej \u201eko\u017ei\u201c, za \u010do zrejme m\u00f4\u017ee aj \u00fanava z ned\u00e1vneho Gira. Kontakt postupne stratil aj Alberto Contador, tak\u017ee ani \u0161panielsky jazdec nie je vo forme, v\u010faka ktorej vyhr\u00e1val Grand Tours ako na be\u017eiacom p\u00e1se&#8230; Hlavn\u00ed favoriti sa dr\u017eali pokope a\u017e do samotn\u00e9ho z\u00e1veru, kde si najlep\u0161ie po\u010d\u00ednal Romain Bardet, tak\u017ee Franc\u00fazi mali op\u00e4\u0165 d\u00f4vod na rados\u0165. P\u00e1r metrov straty v podan\u00ed Chrisa Frooma znamenalo, \u017ee do \u017elt\u00e9ho sa prezliekol Fabio Aru z Astany.<\/p>\n<p>https:\/\/www.instagram.com\/p\/BWfG4RDhGpG\/<\/p>\n<h2><strong>13. etapa (Saint-Girons &gt; Foix) \u2013 101 km<\/strong><\/h2>\n<p>Iba 100 km a n\u00e1ro\u010dn\u00fd profil znamenalo jedin\u00e9 \u2013 agres\u00edvne preteky od za\u010diatku do konca. A presne tak sa aj stalo a bolo sa na \u010do pozera\u0165! Alberto Contador spo\u010diatku etapy blufoval, aby nakoniec prekvapil s\u00faperov a dostal sa do hlavn\u00e9ho \u00faniku. Ten mal skuto\u010dne \u201ehviezdne\u201c obsadenie a nech\u00fdbali v \u0148om e\u0161te Mikel Landa, Nairo Quintana a dom\u00e1ca n\u00e1dej &#8211; Warren Barguil v drese pre najlep\u0161ieho vrch\u00e1ra. Landa z t\u00edmu SKY sa v\u010faka tomu v\u00fdrazne posunul v celkovom porad\u00ed u\u017e na 5. miesto, v\u00ed\u0165azstvo bral spom\u00ednan\u00fd Barguil. To malo cenu zlata, preto\u017ee 14. j\u00fal je d\u0148om dobytia Bastily, \u010do je pre Franc\u00fazov v podstate najv\u00e4\u010d\u0161\u00ed sviatok a Barquil im pripravil kr\u00e1sny dar\u010dek. Vo veden\u00ed st\u00e1le zostal Fabio Aru o 6 sek\u00fand pred Chrisom Froomom.<\/p>\n<p>https:\/\/www.instagram.com\/p\/BWiIw9pBmIy\/<\/p>\n<h2><strong>13. etapa<\/strong><\/h2>\n<p><iframe loading=\"lazy\" src=\"https:\/\/www.youtube-nocookie.com\/embed\/26IbM7xWbsU\" width=\"560\" height=\"315\" frameborder=\"0\" allowfullscreen=\"allowfullscreen\"><\/iframe><\/p>\n<h2><strong>14. etapa (Blagnac &gt; Rodez) &#8211; 181 km<\/strong><\/h2>\n<p>Ak by na Tour e\u0161te pokra\u010doval Peter Sagan, t\u00fato etapu by mal ur\u010dite v kalend\u00e1ri \u201ezakr\u00fa\u017ekovan\u00fa\u201c. Mierne zvlnen\u00fd profil a v\u00fdbu\u0161n\u00e9 fin\u00e1le v krat\u0161om st\u00fapan\u00ed dokonale sed\u00ed jeho charakteristik\u00e1m, o \u010dom presved\u010dil aj neskor\u0161\u00ed v\u00ed\u0165az \u2013 Michael Matthews. Pomerne ne\u010dakan\u00e1 bola zmena v celkovom porad\u00ed, preto\u017ee Fabio Aru sa ocitol pred cie\u013eov\u00fdm st\u00fapan\u00edm na chvoste pelot\u00f3nu, \u010do ho nakoniec st\u00e1lo drahocenn\u00e9 sekundy. Do \u010dela sa dostal op\u00e4\u0165 Chris Froome s n\u00e1skokom 18 sek\u00fand. Tret\u00ed v porad\u00ed je Romain Bardet so stratou 23 sek\u00fand.<\/p>\n<h2><strong>15. etapa (Laissac &gt; Le Puy-en-Velay) \u2013 189 km<\/strong><\/h2>\n<p>V\u0161etci vrch\u00e1ri, ktor\u00ed t\u00fa\u017eili po etapovom triumfe, mali \u0161ancu v etape stvorenej pre \u00fanik. Pr\u00e1ve z neho sa 29 km pred cie\u013eom odp\u00fatal Bauke Mollema a s\u00f3lovou jazdou si do\u0161iel pre svoje prv\u00e9 v\u00ed\u0165azstvo na Tour a z\u00e1rove\u0148 priniesol trochu \u201epovzbudenia\u201c do t\u00edmu Trek-Segafredo. V \u0148om sa toti\u017e trochu tr\u00e1pi Alberto Contador. Romain Bardet a jeho t\u00edm sa pok\u00fa\u0161ali vytvori\u0165 tlak na Chrisa Frooma, \u010do sa aj podarilo najm\u00e4 v momente, kedy musel rie\u0161i\u0165 technick\u00e9 probl\u00e9my a do\u0165ahova\u0165 sa spa\u0165 za pomoci t\u00edmov\u00fdch kolegov. Nakoniec v\u0161etko stihol a v celkovom porad\u00ed na\u010falej vedie. Z favoritov mal op\u00e4\u0165 najv\u00e4\u010d\u0161ie probl\u00e9my Nairo Quintana, ktor\u00fd si musel zo skupiny \u201evyst\u00fapi\u0165\u201c a stratil \u010fal\u0161ie min\u00faty. Rovnako vypadol aj z celkov\u00e9ho poradia Top 10.<\/p>\n<p>https:\/\/www.instagram.com\/p\/BWnyiRUF_lV\/<\/p>\n<p>Cel\u00e1 Tour sa teda poriadne zdramatizovala najm\u00e4 v boji o \u017elt\u00fd dres, kedy rozhoduje v podstate ka\u017ed\u00e1 sekunda \u2013 to vytv\u00e1ra na jazdcov poriadny tlak. Pred nami s\u00fa e\u0161te dve n\u00e1ro\u010dn\u00e9 horsk\u00e9 etapy, z toho jedn\u00e1 kon\u010d\u00ed na legend\u00e1rnom kopci Col\u00a0d&#8217;Izoard, ktor\u00fd tak m\u00f4\u017ee vytvori\u0165 kulisy pre rozhoduj\u00faci \u00fatok. V celkovom porad\u00ed teda <strong>vedie Chris Froome<\/strong>, 18 sek\u00fand str\u00e1ca Fabio Aru a 23 sek\u00fand Romain Bardet. <strong>Zelen\u00fd dres<\/strong> dr\u017e\u00ed pomerne neohrozene <strong>Marcel Kittel<\/strong>, <strong>bodkovan\u00fd<\/strong> pre najlep\u0161ieho vrch\u00e1ra rovnako suver\u00e9nne h\u00e1ji <strong>Warren Barquil<\/strong>. <strong>Najlep\u0161\u00edm jazdcom do 25 rokov<\/strong> je <strong>Simon Yates<\/strong>, ktor\u00fd je v celkovom porad\u00ed na v\u00fdbornom 7. mieste.<\/p>\n<p>https:\/\/www.instagram.com\/p\/BWncnaflDfy\/<\/p>\n","protected":false},"excerpt":{"rendered":"<p>Sl\u00e1vne etapov\u00e9 podujatie m\u00e1 za sebou druh\u00fd t\u00fd\u017ede\u0148, ktor\u00fd priniesol dominanciu Marcela Kittela v \u0161printe, vydaren\u00e9 \u00faniky a hlavne nap\u00ednav\u00e9 [&hellip;]<\/p>\n","protected":false},"author":38,"featured_media":1641,"comment_status":"open","ping_status":"open","sticky":false,"template":"","format":"standard","meta":{"footnotes":""},"categories":[4,117],"tags":[121,160,115,119,151,153,154,116,159,120,152,20,108,167,156],"global-categories":[],"class_list":["post-1632","post","type-post","status-publish","format-standard","has-post-thumbnail","hentry","category-cestna-cyklisitika","category-tour-de-france","tag-alberto-contador","tag-bora-hansgrohe","tag-cestna-cyklistika","tag-chris-froome","tag-fabio-aru","tag-marcel-kittel","tag-michael-matthews","tag-nairo-quintana","tag-rafal-majka","tag-richie-porte","tag-simon-yates","tag-tour-de-france","tag-tour-de-france-2017","tag-warren-barquil","tag-zeleny-dres"],"yoast_head":"<!-- This site is optimized with the Yoast SEO Premium plugin v25.3 (Yoast SEO v25.9) - https:\/\/yoast.com\/wordpress\/plugins\/seo\/ -->\n<title>Tour de France \u2013 dramatick\u00fd druh\u00fd t\u00fd\u017ede\u0148 - \u0160koda We Love Cycling Slovensko<\/title>\n<meta name=\"robots\" content=\"index, follow, max-snippet:-1, max-image-preview:large, max-video-preview:-1\" \/>\n<link rel=\"canonical\" href=\"https:\/\/www.welovecycling.com\/sk\/2017\/07\/17\/tour-de-france-dramaticky-druhy-tyzden\/\" \/>\n<meta property=\"og:locale\" content=\"sk_SK\" \/>\n<meta property=\"og:type\" content=\"article\" \/>\n<meta property=\"og:title\" content=\"Tour de France \u2013 dramatick\u00fd druh\u00fd t\u00fd\u017ede\u0148\" \/>\n<meta property=\"og:description\" content=\"Sl\u00e1vne etapov\u00e9 podujatie m\u00e1 za sebou druh\u00fd t\u00fd\u017ede\u0148, ktor\u00fd priniesol dominanciu Marcela Kittela v \u0161printe, vydaren\u00e9 \u00faniky a hlavne nap\u00ednav\u00e9 [&hellip;]\" \/>\n<meta property=\"og:url\" content=\"https:\/\/www.welovecycling.com\/sk\/2017\/07\/17\/tour-de-france-dramaticky-druhy-tyzden\/\" \/>\n<meta property=\"og:site_name\" content=\"\u0160koda We Love Cycling Slovensko\" \/>\n<meta property=\"article:published_time\" content=\"2017-07-17T16:05:56+00:00\" \/>\n<meta property=\"article:modified_time\" content=\"2017-12-18T12:11:23+00:00\" \/>\n<meta property=\"og:image\" content=\"https:\/\/d2p6e6u75xmxt8.cloudfront.net\/4\/2017\/07\/druhytyzden-tdf.webp\" \/>\n\t<meta property=\"og:image:width\" content=\"1375\" \/>\n\t<meta property=\"og:image:height\" content=\"600\" \/>\n\t<meta property=\"og:image:type\" content=\"image\/webp\" \/>\n<meta name=\"author\" content=\"Ondrej Ga\u0161par\" \/>\n<meta name=\"twitter:card\" content=\"summary_large_image\" \/>\n<meta name=\"twitter:label1\" content=\"Written by\" \/>\n\t<meta name=\"twitter:data1\" content=\"Martin Imrich\" \/>\n\t<meta name=\"twitter:label2\" content=\"Est. reading time\" \/>\n\t<meta name=\"twitter:data2\" content=\"6 minutes\" \/>\n<script type=\"application\/ld+json\" class=\"yoast-schema-graph\">{\"@context\":\"https:\/\/schema.org\",\"@graph\":[{\"@type\":\"WebPage\",\"@id\":\"https:\/\/www.welovecycling.com\/sk\/2017\/07\/17\/tour-de-france-dramaticky-druhy-tyzden\/\",\"url\":\"https:\/\/www.welovecycling.com\/sk\/2017\/07\/17\/tour-de-france-dramaticky-druhy-tyzden\/\",\"name\":\"Tour de France \u2013 dramatick\u00fd druh\u00fd t\u00fd\u017ede\u0148 - \u0160koda We Love Cycling Slovensko\",\"isPartOf\":{\"@id\":\"https:\/\/www.welovecycling.com\/sk\/#website\"},\"primaryImageOfPage\":{\"@id\":\"https:\/\/www.welovecycling.com\/sk\/2017\/07\/17\/tour-de-france-dramaticky-druhy-tyzden\/#primaryimage\"},\"image\":{\"@id\":\"https:\/\/www.welovecycling.com\/sk\/2017\/07\/17\/tour-de-france-dramaticky-druhy-tyzden\/#primaryimage\"},\"thumbnailUrl\":\"https:\/\/d2p6e6u75xmxt8.cloudfront.net\/4\/2017\/07\/druhytyzden-tdf.webp\",\"datePublished\":\"2017-07-17T16:05:56+00:00\",\"dateModified\":\"2017-12-18T12:11:23+00:00\",\"author\":{\"@id\":\"https:\/\/www.welovecycling.com\/sk\/#\/schema\/person\/8ee09ba39b7e25b1870160aa5b3a89bc\"},\"breadcrumb\":{\"@id\":\"https:\/\/www.welovecycling.com\/sk\/2017\/07\/17\/tour-de-france-dramaticky-druhy-tyzden\/#breadcrumb\"},\"inLanguage\":\"sk-SK\",\"potentialAction\":[{\"@type\":\"ReadAction\",\"target\":[\"https:\/\/www.welovecycling.com\/sk\/2017\/07\/17\/tour-de-france-dramaticky-druhy-tyzden\/\"]}]},{\"@type\":\"ImageObject\",\"inLanguage\":\"sk-SK\",\"@id\":\"https:\/\/www.welovecycling.com\/sk\/2017\/07\/17\/tour-de-france-dramaticky-druhy-tyzden\/#primaryimage\",\"url\":\"https:\/\/d2p6e6u75xmxt8.cloudfront.net\/4\/2017\/07\/druhytyzden-tdf.webp\",\"contentUrl\":\"https:\/\/d2p6e6u75xmxt8.cloudfront.net\/4\/2017\/07\/druhytyzden-tdf.webp\",\"width\":1375,\"height\":600},{\"@type\":\"BreadcrumbList\",\"@id\":\"https:\/\/www.welovecycling.com\/sk\/2017\/07\/17\/tour-de-france-dramaticky-druhy-tyzden\/#breadcrumb\",\"itemListElement\":[{\"@type\":\"ListItem\",\"position\":1,\"name\":\"Home\",\"item\":\"https:\/\/www.welovecycling.com\/sk\/\"},{\"@type\":\"ListItem\",\"position\":2,\"name\":\"Tour de France \u2013 dramatick\u00fd druh\u00fd t\u00fd\u017ede\u0148\"}]},{\"@type\":\"WebSite\",\"@id\":\"https:\/\/www.welovecycling.com\/sk\/#website\",\"url\":\"https:\/\/www.welovecycling.com\/sk\/\",\"name\":\"\u0160koda We Love Cycling Slovensko\",\"description\":\"\u0160koda We Love Cycling Slovensko je v\u00e1\u0161 ka\u017edodenn\u00fd zdroj noviniek a in\u0161pir\u00e1cie z sveta cyklistiky\",\"potentialAction\":[{\"@type\":\"SearchAction\",\"target\":{\"@type\":\"EntryPoint\",\"urlTemplate\":\"https:\/\/www.welovecycling.com\/sk\/?s={search_term_string}\"},\"query-input\":{\"@type\":\"PropertyValueSpecification\",\"valueRequired\":true,\"valueName\":\"search_term_string\"}}],\"inLanguage\":\"sk-SK\"},{\"@type\":\"Person\",\"@id\":\"https:\/\/www.welovecycling.com\/sk\/#\/schema\/person\/8ee09ba39b7e25b1870160aa5b3a89bc\",\"name\":\"Ondrej Ga\u0161par\",\"image\":{\"@type\":\"ImageObject\",\"inLanguage\":\"sk-SK\",\"@id\":\"https:\/\/www.welovecycling.com\/sk\/#\/schema\/person\/image\/\",\"url\":\"https:\/\/secure.gravatar.com\/avatar\/6126c9afb87b70da5abbb083ddbb21933da15f18f8ca7cb822aba0fb096a48f6?s=96&d=mm&r=g\",\"contentUrl\":\"https:\/\/secure.gravatar.com\/avatar\/6126c9afb87b70da5abbb083ddbb21933da15f18f8ca7cb822aba0fb096a48f6?s=96&d=mm&r=g\",\"caption\":\"Ondrej Ga\u0161par\"},\"url\":\"https:\/\/www.welovecycling.com\/sk\/author\/ondrejgaspar\/\"}]}<\/script>\n<!-- \/ Yoast SEO Premium plugin. -->","yoast_head_json":{"title":"Tour de France \u2013 dramatick\u00fd druh\u00fd t\u00fd\u017ede\u0148 - \u0160koda We Love Cycling Slovensko","robots":{"index":"index","follow":"follow","max-snippet":"max-snippet:-1","max-image-preview":"max-image-preview:large","max-video-preview":"max-video-preview:-1"},"canonical":"https:\/\/www.welovecycling.com\/sk\/2017\/07\/17\/tour-de-france-dramaticky-druhy-tyzden\/","og_locale":"sk_SK","og_type":"article","og_title":"Tour de France \u2013 dramatick\u00fd druh\u00fd t\u00fd\u017ede\u0148","og_description":"Sl\u00e1vne etapov\u00e9 podujatie m\u00e1 za sebou druh\u00fd t\u00fd\u017ede\u0148, ktor\u00fd priniesol dominanciu Marcela Kittela v \u0161printe, vydaren\u00e9 \u00faniky a hlavne nap\u00ednav\u00e9 [&hellip;]","og_url":"https:\/\/www.welovecycling.com\/sk\/2017\/07\/17\/tour-de-france-dramaticky-druhy-tyzden\/","og_site_name":"\u0160koda We Love Cycling Slovensko","article_published_time":"2017-07-17T16:05:56+00:00","article_modified_time":"2017-12-18T12:11:23+00:00","og_image":[{"width":1375,"height":600,"url":"https:\/\/d2p6e6u75xmxt8.cloudfront.net\/4\/2017\/07\/druhytyzden-tdf.webp","type":"image\/webp"}],"author":"Ondrej Ga\u0161par","twitter_card":"summary_large_image","twitter_misc":{"Written by":"Martin Imrich","Est. reading time":"6 minutes"},"schema":{"@context":"https:\/\/schema.org","@graph":[{"@type":"WebPage","@id":"https:\/\/www.welovecycling.com\/sk\/2017\/07\/17\/tour-de-france-dramaticky-druhy-tyzden\/","url":"https:\/\/www.welovecycling.com\/sk\/2017\/07\/17\/tour-de-france-dramaticky-druhy-tyzden\/","name":"Tour de France \u2013 dramatick\u00fd druh\u00fd t\u00fd\u017ede\u0148 - \u0160koda We Love Cycling Slovensko","isPartOf":{"@id":"https:\/\/www.welovecycling.com\/sk\/#website"},"primaryImageOfPage":{"@id":"https:\/\/www.welovecycling.com\/sk\/2017\/07\/17\/tour-de-france-dramaticky-druhy-tyzden\/#primaryimage"},"image":{"@id":"https:\/\/www.welovecycling.com\/sk\/2017\/07\/17\/tour-de-france-dramaticky-druhy-tyzden\/#primaryimage"},"thumbnailUrl":"https:\/\/d2p6e6u75xmxt8.cloudfront.net\/4\/2017\/07\/druhytyzden-tdf.webp","datePublished":"2017-07-17T16:05:56+00:00","dateModified":"2017-12-18T12:11:23+00:00","author":{"@id":"https:\/\/www.welovecycling.com\/sk\/#\/schema\/person\/8ee09ba39b7e25b1870160aa5b3a89bc"},"breadcrumb":{"@id":"https:\/\/www.welovecycling.com\/sk\/2017\/07\/17\/tour-de-france-dramaticky-druhy-tyzden\/#breadcrumb"},"inLanguage":"sk-SK","potentialAction":[{"@type":"ReadAction","target":["https:\/\/www.welovecycling.com\/sk\/2017\/07\/17\/tour-de-france-dramaticky-druhy-tyzden\/"]}]},{"@type":"ImageObject","inLanguage":"sk-SK","@id":"https:\/\/www.welovecycling.com\/sk\/2017\/07\/17\/tour-de-france-dramaticky-druhy-tyzden\/#primaryimage","url":"https:\/\/d2p6e6u75xmxt8.cloudfront.net\/4\/2017\/07\/druhytyzden-tdf.webp","contentUrl":"https:\/\/d2p6e6u75xmxt8.cloudfront.net\/4\/2017\/07\/druhytyzden-tdf.webp","width":1375,"height":600},{"@type":"BreadcrumbList","@id":"https:\/\/www.welovecycling.com\/sk\/2017\/07\/17\/tour-de-france-dramaticky-druhy-tyzden\/#breadcrumb","itemListElement":[{"@type":"ListItem","position":1,"name":"Home","item":"https:\/\/www.welovecycling.com\/sk\/"},{"@type":"ListItem","position":2,"name":"Tour de France \u2013 dramatick\u00fd druh\u00fd t\u00fd\u017ede\u0148"}]},{"@type":"WebSite","@id":"https:\/\/www.welovecycling.com\/sk\/#website","url":"https:\/\/www.welovecycling.com\/sk\/","name":"\u0160koda We Love Cycling Slovensko","description":"\u0160koda We Love Cycling Slovensko je v\u00e1\u0161 ka\u017edodenn\u00fd zdroj noviniek a in\u0161pir\u00e1cie z sveta cyklistiky","potentialAction":[{"@type":"SearchAction","target":{"@type":"EntryPoint","urlTemplate":"https:\/\/www.welovecycling.com\/sk\/?s={search_term_string}"},"query-input":{"@type":"PropertyValueSpecification","valueRequired":true,"valueName":"search_term_string"}}],"inLanguage":"sk-SK"},{"@type":"Person","@id":"https:\/\/www.welovecycling.com\/sk\/#\/schema\/person\/8ee09ba39b7e25b1870160aa5b3a89bc","name":"Ondrej Ga\u0161par","image":{"@type":"ImageObject","inLanguage":"sk-SK","@id":"https:\/\/www.welovecycling.com\/sk\/#\/schema\/person\/image\/","url":"https:\/\/secure.gravatar.com\/avatar\/6126c9afb87b70da5abbb083ddbb21933da15f18f8ca7cb822aba0fb096a48f6?s=96&d=mm&r=g","contentUrl":"https:\/\/secure.gravatar.com\/avatar\/6126c9afb87b70da5abbb083ddbb21933da15f18f8ca7cb822aba0fb096a48f6?s=96&d=mm&r=g","caption":"Ondrej Ga\u0161par"},"url":"https:\/\/www.welovecycling.com\/sk\/author\/ondrejgaspar\/"}]}},"_links":{"self":[{"href":"https:\/\/www.welovecycling.com\/sk\/wp-json\/wp\/v2\/posts\/1632","targetHints":{"allow":["GET"]}}],"collection":[{"href":"https:\/\/www.welovecycling.com\/sk\/wp-json\/wp\/v2\/posts"}],"about":[{"href":"https:\/\/www.welovecycling.com\/sk\/wp-json\/wp\/v2\/types\/post"}],"author":[{"embeddable":true,"href":"https:\/\/www.welovecycling.com\/sk\/wp-json\/wp\/v2\/users\/38"}],"replies":[{"embeddable":true,"href":"https:\/\/www.welovecycling.com\/sk\/wp-json\/wp\/v2\/comments?post=1632"}],"version-history":[{"count":2,"href":"https:\/\/www.welovecycling.com\/sk\/wp-json\/wp\/v2\/posts\/1632\/revisions"}],"predecessor-version":[{"id":1643,"href":"https:\/\/www.welovecycling.com\/sk\/wp-json\/wp\/v2\/posts\/1632\/revisions\/1643"}],"wp:featuredmedia":[{"embeddable":true,"href":"https:\/\/www.welovecycling.com\/sk\/wp-json\/wp\/v2\/media\/1641"}],"wp:attachment":[{"href":"https:\/\/www.welovecycling.com\/sk\/wp-json\/wp\/v2\/media?parent=1632"}],"wp:term":[{"taxonomy":"category","embeddable":true,"href":"https:\/\/www.welovecycling.com\/sk\/wp-json\/wp\/v2\/categories?post=1632"},{"taxonomy":"post_tag","embeddable":true,"href":"https:\/\/www.welovecycling.com\/sk\/wp-json\/wp\/v2\/tags?post=1632"},{"taxonomy":"global-categories","embeddable":true,"href":"https:\/\/www.welovecycling.com\/sk\/wp-json\/wp\/v2\/global-categories?post=1632"}],"curies":[{"name":"wp","href":"https:\/\/api.w.org\/{rel}","templated":true}]}}