{"id":16286,"date":"2022-12-16T10:00:33","date_gmt":"2022-12-16T09:00:33","guid":{"rendered":"https:\/\/www.welovecycling.com\/sk\/?p=16286"},"modified":"2022-12-14T11:02:54","modified_gmt":"2022-12-14T10:02:54","slug":"vianocne-darceky-pre-cyklistu-vas-vianocny-zoznam","status":"publish","type":"post","link":"https:\/\/www.welovecycling.com\/sk\/2022\/12\/16\/vianocne-darceky-pre-cyklistu-vas-vianocny-zoznam\/","title":{"rendered":"Viano\u010dn\u00e9 dar\u010deky pre cyklistu \u2013 v\u00e1\u0161 viano\u010dn\u00fd zoznam"},"content":{"rendered":"<p><strong>Ak m\u00e1te pocit, \u017ee u\u017e v\u0161etko m\u00e1te a\u00a0ni\u010d nepotrebujete, sk\u00faste si prejs\u0165 tento zoznam, ktor\u00fd sme pre v\u00e1s pripravili. Ur\u010dite n\u00e1jdete zop\u00e1r drobnost\u00ed, ktor\u00e9 v\u00e1s prekvapia svojou funk\u010dnos\u0165ou a\u00a0kvalitou. A\u00a0mo\u017eno je \u010das vysk\u00fa\u0161a\u0165 aj nie\u010do nov\u00e9.<\/strong><!--more--><\/p>\n<h2><strong>Okuliare na bicykel<\/strong><\/h2>\n<p>Kvalitn\u00e9 okuliare s\u00fa na bicykli z\u00e1klad v\u00fdbavy. \u010ci u\u017e svieti slnko, f\u00faka vietor, zrak si treba chr\u00e1ni\u0165. A\u00a0to u\u017e ani netreba spom\u00edna\u0165 nepr\u00edjemn\u00fd hmyz. <a href=\"https:\/\/www.mtbiker.sk\/shop\/oblecenie-a-batohy\/okuliare\/cesta-a-mtb\/briko-cyclope-2-okuliare-ciernapm3p1.html#481965\" rel=\"noopener\" target=\"_blank\">Model Cyclope<\/a> je \u013eahk\u00fd ale zato odoln\u00fd. <strong>Syst\u00e9m Centerbloc zabra\u0148uje deform\u00e1ci\u00e1m v\u00fdh\u013eadu a\u00a0vy budete vidie\u0165 aj do str\u00e1n ove\u013ea lep\u0161ie.<\/strong> Okuliare maj\u00fa viacero otvorov, ktor\u00e9 zabezpe\u010duj\u00fa odvetr\u00e1vanie a\u00a0zabra\u0148uj\u00fa zahmlievaniu. Balenie navy\u0161e obsahuje aj vymenite\u013en\u00e9 \u0161o\u0161ovky.<\/p>\n<p><a href=\"https:\/\/d2p6e6u75xmxt8.cloudfront.net\/4\/2022\/12\/Okuliare-na-bicykel-1.webp\"><img loading=\"lazy\" decoding=\"async\" src=\"https:\/\/d2p6e6u75xmxt8.cloudfront.net\/4\/2022\/12\/Okuliare-na-bicykel-1.webp\" alt=\"\" width=\"990\" height=\"660\" class=\"alignnone size-full wp-image-16311\" srcset=\"https:\/\/d2p6e6u75xmxt8.cloudfront.net\/4\/2022\/12\/Okuliare-na-bicykel-1.webp 990w, https:\/\/d2p6e6u75xmxt8.cloudfront.net\/4\/2022\/12\/Okuliare-na-bicykel-1-300x200.webp 300w, https:\/\/d2p6e6u75xmxt8.cloudfront.net\/4\/2022\/12\/Okuliare-na-bicykel-1-768x512.webp 768w, https:\/\/d2p6e6u75xmxt8.cloudfront.net\/4\/2022\/12\/Okuliare-na-bicykel-1-272x182.webp 272w\" sizes=\"auto, (max-width: 990px) 100vw, 990px\" \/><\/a><\/p>\n<h2><strong>Batoh na turistiku<\/strong><\/h2>\n<p><a href=\"https:\/\/northfinder.com\/sk\/7330-bp-1101sp-batoh-21-l-devan.html\/20-farba-black\/22-velkost-oso_uni\" rel=\"noopener\" target=\"_blank\">Batoh<\/a> m\u00e1 objem 21 litrov a\u00a0tak je vhodn\u00fd na men\u0161iu turistiku, alebo na \u013eah\u0161ie cestovate\u013esk\u00e9 v\u00fdlety po okol\u00ed. M\u00e1 modern\u00fd vzh\u013ead, tak\u017ee ho v\u00a0pr\u00edpade potreby m\u00f4\u017eete pokojne vzia\u0165 aj do pr\u00e1ce. M\u00e1 odvetr\u00e1van\u00fd sie\u0165ovinov\u00fd chrb\u00e1t a\u00a0hrudn\u00fd a\u00a0bedrov\u00fd p\u00e1s sa d\u00e1 jednoducho odstr\u00e1ni\u0165. <strong>Ur\u010dite pote\u0161\u00ed aj vystu\u017een\u00e1 priehradka na notebook a\u00a0vrecko na drobnosti.<\/strong> Nech\u00fdbaj\u00fa mu reflexn\u00e9 prvky a\u00a0pre lep\u0161iu vidite\u013enos\u0165 si na p\u00fatko na \u010delnej strane batoha m\u00f4\u017eete pripn\u00fa\u0165 napr\u00edklad svetlo z\u00a0bicykla.<\/p>\n<p><a href=\"https:\/\/d2p6e6u75xmxt8.cloudfront.net\/4\/2022\/12\/Batoh-na-turistiku.webp\"><img loading=\"lazy\" decoding=\"async\" src=\"https:\/\/d2p6e6u75xmxt8.cloudfront.net\/4\/2022\/12\/Batoh-na-turistiku.webp\" alt=\"\" width=\"990\" height=\"660\" class=\"alignnone size-full wp-image-16312\" srcset=\"https:\/\/d2p6e6u75xmxt8.cloudfront.net\/4\/2022\/12\/Batoh-na-turistiku.webp 990w, https:\/\/d2p6e6u75xmxt8.cloudfront.net\/4\/2022\/12\/Batoh-na-turistiku-300x200.webp 300w, https:\/\/d2p6e6u75xmxt8.cloudfront.net\/4\/2022\/12\/Batoh-na-turistiku-768x512.webp 768w, https:\/\/d2p6e6u75xmxt8.cloudfront.net\/4\/2022\/12\/Batoh-na-turistiku-272x182.webp 272w\" sizes=\"auto, (max-width: 990px) 100vw, 990px\" \/><\/a><\/p>\n<h2><strong>\u0160portov\u00e9 hodinky<\/strong><\/h2>\n<p>Ak ste doteraz nemali \u017eiadne \u0161portov\u00e9 hodinky a\u00a0st\u00e1le v\u00e1hate, \u010di ich vyu\u017eijete, je tu pre v\u00e1s mo\u017enos\u0165 k\u00fapi\u0165 si <a href=\"https:\/\/www.suunto.sk\/suunto-5-peak-cave-green\/SS050730000\/\" rel=\"noopener\" target=\"_blank\">lacnej\u0161\u00ed model<\/a> na za\u010diatok. Zna\u010dka Suunto je spo\u013eahliv\u00fd v\u00fdrobca a\u00a0napriek tomu, \u017ee je to ni\u017e\u0161\u00ed model, <strong>pon\u00faka prekvapivo ve\u013ea mo\u017enost\u00ed ako je monitorovanie aktivity, sledovanie sp\u00e1nku, \u0161portov\u00e9 re\u017eimy, \u010di intervalov\u00fd tr\u00e9ning<\/strong>. M\u00f4\u017eete nimi ovl\u00e1da\u0165 aj m\u00e9di\u00e1 z\u00a0v\u00e1\u0161ho telef\u00f3nu a\u00a0tak po\u010das \u0161portovania po\u010d\u00fava\u0165 hudbu \u010di podcasty.<\/p>\n<p><a href=\"https:\/\/d2p6e6u75xmxt8.cloudfront.net\/4\/2022\/12\/Sportove-hodinky.webp\"><img loading=\"lazy\" decoding=\"async\" src=\"https:\/\/d2p6e6u75xmxt8.cloudfront.net\/4\/2022\/12\/Sportove-hodinky.webp\" alt=\"\" width=\"990\" height=\"660\" class=\"alignnone size-full wp-image-16305\" srcset=\"https:\/\/d2p6e6u75xmxt8.cloudfront.net\/4\/2022\/12\/Sportove-hodinky.webp 990w, https:\/\/d2p6e6u75xmxt8.cloudfront.net\/4\/2022\/12\/Sportove-hodinky-300x200.webp 300w, https:\/\/d2p6e6u75xmxt8.cloudfront.net\/4\/2022\/12\/Sportove-hodinky-768x512.webp 768w, https:\/\/d2p6e6u75xmxt8.cloudfront.net\/4\/2022\/12\/Sportove-hodinky-272x182.webp 272w\" sizes=\"auto, (max-width: 990px) 100vw, 990px\" \/><\/a><\/p>\n<h2><strong>K\u00e1va na cesty<\/strong><\/h2>\n<p><a href=\"https:\/\/www.mthiker.sk\/shop\/outdoor\/vyziva-a-kozmetika\/energia\/napoje\/the-brew-company-vianoce-darcekove-balenie-kavy-5x300-ml.html\" rel=\"noopener\" target=\"_blank\">Viano\u010dn\u00e9 balenie<\/a> jedine\u010dn\u00e9ho konceptu k\u00e1vy na cesty obsahuje 10 ks papierov\u00fdch kanvi\u010diek. Je to ak\u00e1si cestovate\u013esk\u00e1 obdoba FrenchPressu. Sta\u010d\u00ed odlomi\u0165 uz\u00e1ver, vytvarova\u0165 vrecko, aby st\u00e1lo, zalia\u0165 vodou a\u00a0necha\u0165 vyl\u00fahova\u0165. <strong>Filter vo vn\u00fatri je navrhnut\u00fd tak aby zachoval kvalitu k\u00e1vy a\u00a0z\u00e1rove\u0148 oddelil usadeninu o\u00a0k\u00e1vy.<\/strong> V\u00a0tomto balen\u00ed n\u00e1jdete p\u00e4\u0165 druhov k\u00e1v a\u00a0to Guatemala, Hondurad, Etiopia, Brazil a\u00a0aj mnoh\u00fdmi ob\u013e\u00faben\u00e1 Kolumbia.<\/p>\n<p><a href=\"https:\/\/d2p6e6u75xmxt8.cloudfront.net\/4\/2022\/12\/Kava-na-cesty.webp\"><img loading=\"lazy\" decoding=\"async\" src=\"https:\/\/d2p6e6u75xmxt8.cloudfront.net\/4\/2022\/12\/Kava-na-cesty.webp\" alt=\"\" width=\"990\" height=\"660\" class=\"alignnone size-full wp-image-16306\" srcset=\"https:\/\/d2p6e6u75xmxt8.cloudfront.net\/4\/2022\/12\/Kava-na-cesty.webp 990w, https:\/\/d2p6e6u75xmxt8.cloudfront.net\/4\/2022\/12\/Kava-na-cesty-300x200.webp 300w, https:\/\/d2p6e6u75xmxt8.cloudfront.net\/4\/2022\/12\/Kava-na-cesty-768x512.webp 768w, https:\/\/d2p6e6u75xmxt8.cloudfront.net\/4\/2022\/12\/Kava-na-cesty-272x182.webp 272w\" sizes=\"auto, (max-width: 990px) 100vw, 990px\" \/><\/a><\/p>\n<h2><strong>Sedac\u00ed kr\u00e9m<\/strong><\/h2>\n<p>Mo\u017eno sa e\u0161te pou\u017e\u00edvaniu sedacieho kr\u00e9mu br\u00e1nite, ale verte, \u017ee po prvom pou\u017eit\u00ed budete prem\u00fd\u0161\u013ea\u0165, pre\u010do ste ho vlastne doteraz nemali. Je to skuto\u010dne <a href=\"https:\/\/eshop.eleven-sportswear.sk\/tunap-sports\/2097-tunap-sports-sedaci-krem-chamoise-cream\" rel=\"noopener\" target=\"_blank\">skvel\u00fd pomocn\u00edk<\/a> na dlh\u00e9 hodiny v\u00a0sedle bicykla. <strong>Zabra\u0148uje odieraniu a\u00a0tvorbe p\u013euzgierov.<\/strong> Ak ste z\u00e1rove\u0148 fan\u00fa\u0161ikom dlh\u0161\u00edch behov \u010di dokonca ultrabehov, tak ho vyu\u017eijete aj tam. Nechcen\u00e9mu vysychaniu poko\u017eky a\u00a0n\u00e1sledn\u00e9mu nepr\u00edjemn\u00e9mu odieraniu citliv\u00fdch miest bude odteraz koniec.<\/p>\n<p><a href=\"https:\/\/d2p6e6u75xmxt8.cloudfront.net\/4\/2022\/12\/Sedaci-krem.webp\"><img loading=\"lazy\" decoding=\"async\" src=\"https:\/\/d2p6e6u75xmxt8.cloudfront.net\/4\/2022\/12\/Sedaci-krem.webp\" alt=\"\" width=\"990\" height=\"660\" class=\"alignnone size-full wp-image-16307\" srcset=\"https:\/\/d2p6e6u75xmxt8.cloudfront.net\/4\/2022\/12\/Sedaci-krem.webp 990w, https:\/\/d2p6e6u75xmxt8.cloudfront.net\/4\/2022\/12\/Sedaci-krem-300x200.webp 300w, https:\/\/d2p6e6u75xmxt8.cloudfront.net\/4\/2022\/12\/Sedaci-krem-768x512.webp 768w, https:\/\/d2p6e6u75xmxt8.cloudfront.net\/4\/2022\/12\/Sedaci-krem-272x182.webp 272w\" sizes=\"auto, (max-width: 990px) 100vw, 990px\" \/><\/a><\/p>\n<h2><strong>Kniha Tour de Froome<\/strong><\/h2>\n<p>Kniha s\u00a0t\u00fdmto vtipn\u00fdm n\u00e1zvom opisuje dobrodru\u017estvom naplnen\u00fd \u017eivot tohto britsk\u00e9ho profesion\u00e1lneho cestn\u00e9ho cyklistu. <strong>Chris Froome tu opisuje svoje v\u00ed\u0165azstv\u00e1, \u00faspechy ale aj por\u00e1\u017eky a\u00a0nepriaze\u0148 osudu.<\/strong> P\u00edsan\u00e1 je takmer denn\u00edkov\u00fdm \u0161t\u00fdlom a\u00a0je to skuto\u010dne podrobn\u00e1 <a href=\"https:\/\/www.martinus.sk\/?uItem=762329\" rel=\"noopener\" target=\"_blank\">autobiografick\u00e1 kniha<\/a>. Prezradil detaily aj o\u00a0svojej dopingovej af\u00e9re, ktor\u00e1 mu ohrozila kari\u00e9ru. V\u0161etky podrobnosti sa do\u010d\u00edtate v\u00a0tejto knihe, od ktorej sa nebude vedie\u0165 odtrhn\u00fa\u0165.<\/p>\n<p><a href=\"https:\/\/d2p6e6u75xmxt8.cloudfront.net\/4\/2022\/12\/Kniha-Tour-de-Froome.webp\"><img loading=\"lazy\" decoding=\"async\" src=\"https:\/\/d2p6e6u75xmxt8.cloudfront.net\/4\/2022\/12\/Kniha-Tour-de-Froome.webp\" alt=\"\" width=\"990\" height=\"660\" class=\"alignnone size-full wp-image-16308\" srcset=\"https:\/\/d2p6e6u75xmxt8.cloudfront.net\/4\/2022\/12\/Kniha-Tour-de-Froome.webp 990w, https:\/\/d2p6e6u75xmxt8.cloudfront.net\/4\/2022\/12\/Kniha-Tour-de-Froome-300x200.webp 300w, https:\/\/d2p6e6u75xmxt8.cloudfront.net\/4\/2022\/12\/Kniha-Tour-de-Froome-768x512.webp 768w, https:\/\/d2p6e6u75xmxt8.cloudfront.net\/4\/2022\/12\/Kniha-Tour-de-Froome-272x182.webp 272w\" sizes=\"auto, (max-width: 990px) 100vw, 990px\" \/><\/a><\/p>\n<h2><strong>Zimn\u00e9 n\u00e1vleky<\/strong><\/h2>\n<p>Aj v\u00a0t\u00fdch najn\u00e1ro\u010dnej\u0161\u00edch zimn\u00fdch podmienkach udr\u017eia va\u0161e nohy v\u00a0teple po\u010das jazdy na bicykli. S\u00fa ergonomicky tvarovan\u00e9 s\u00a0hladk\u00fdm aerodynamick\u00fdm strihom. <strong>Vrstven\u00fd membr\u00e1nov\u00fd materi\u00e1l m\u00e1 dokonca vlastnosti neopr\u00e9nu, ale samozrejme je oproti nemu vzdu\u0161nej\u0161\u00ed.<\/strong> P\u00e4ta a\u00a0\u0161pi\u010dka je vystu\u017en\u00e1 kevlarom, aby <a href=\"https:\/\/isadore.com\/sk\/signature-winter-shoe-covers?activeCategory=3\" rel=\"noopener\" target=\"_blank\">n\u00e1vleky<\/a> zvl\u00e1dli aj n\u00e1ro\u010dnej\u0161ie podmienky. Zap\u00ednanie je na zips, v\u010faka \u010domu sa \u013eahko obliekaj\u00fa.<\/p>\n<p><a href=\"https:\/\/d2p6e6u75xmxt8.cloudfront.net\/4\/2022\/12\/Zimne-navleky.webp\"><img loading=\"lazy\" decoding=\"async\" src=\"https:\/\/d2p6e6u75xmxt8.cloudfront.net\/4\/2022\/12\/Zimne-navleky.webp\" alt=\"\" width=\"990\" height=\"660\" class=\"alignnone size-full wp-image-16309\" srcset=\"https:\/\/d2p6e6u75xmxt8.cloudfront.net\/4\/2022\/12\/Zimne-navleky.webp 990w, https:\/\/d2p6e6u75xmxt8.cloudfront.net\/4\/2022\/12\/Zimne-navleky-300x200.webp 300w, https:\/\/d2p6e6u75xmxt8.cloudfront.net\/4\/2022\/12\/Zimne-navleky-768x512.webp 768w, https:\/\/d2p6e6u75xmxt8.cloudfront.net\/4\/2022\/12\/Zimne-navleky-272x182.webp 272w\" sizes=\"auto, (max-width: 990px) 100vw, 990px\" \/><\/a><\/p>\n<div class=\"shortcode-ys-post-pinup\"><article class=\"loop-simple post-16197 post type-post status-publish format-standard has-post-thumbnail hentry category-nakupny-poradca tag-bicyklovanie tag-biker tag-celovka tag-darceky tag-deti-na-bicykli tag-detske-bicykle tag-horska-cyklistika tag-kosik-na-bicykel tag-motivacia tag-nakup tag-nakupny-poradca tag-prilba tag-svetlo tag-vianoce tag-zabava global-categories-cycling\" data-postid=\"16197\" role=\"article\" data-post-id=\"16197\" data-word-count=\"388\" data-headline-length=\"65\" data-category=\"N\u00e1kupn\u00fd poradca\" data-global-category=\"Cycling\" data-author=\"Radovan Vr\u0161ka\" data-published=\"2022-12-07T14:00:25+01:00\" data-published-day=\"Wednesday\">\n    <div class=\"entry-thumbnail article-thumbnail\" content=\"https:\/\/d2p6e6u75xmxt8.cloudfront.net\/4\/2022\/12\/darceky_deti_00-150x150.webp\"><a href=\"https:\/\/www.welovecycling.com\/sk\/2022\/12\/07\/vianocne-darceky-pre-deti-povzbudte-ich-chut-sportovat\/\" class=\"image-holder\" target=\"_self\"><img decoding=\"async\" loading=\"lazy\" class=\"\" src=\"https:\/\/d2p6e6u75xmxt8.cloudfront.net\/4\/2022\/12\/darceky_deti_00.webp\" srcset=\"https:\/\/d2p6e6u75xmxt8.cloudfront.net\/4\/2022\/12\/darceky_deti_00.webp 990w, https:\/\/d2p6e6u75xmxt8.cloudfront.net\/4\/2022\/12\/darceky_deti_00-300x200.webp 300w, https:\/\/d2p6e6u75xmxt8.cloudfront.net\/4\/2022\/12\/darceky_deti_00-768x512.webp 768w, https:\/\/d2p6e6u75xmxt8.cloudfront.net\/4\/2022\/12\/darceky_deti_00-272x182.webp 272w\" width=\"990\" height=\"660\" sizes=\"auto, (min-width: 1200px) 300px, (min-width: 768px) 25vw, 100vw\" alt=\"vianocne-darceky-pre-deti-povzbudte-ich-chut-sportovat\"\/><\/a><\/div>    <div class=\"entry-meta\">\n        <a class=\"label label-secondary post-category\" href=\"https:\/\/www.welovecycling.com\/sk\/category\/nakupny-poradca\/\" title=\"N\u00e1kupn\u00fd poradca\">N\u00e1kupn\u00fd poradca<\/a>\n    <\/div>\n    <div class=\"entry-details\">\n        <a href=\"https:\/\/www.welovecycling.com\/sk\/2022\/12\/07\/vianocne-darceky-pre-deti-povzbudte-ich-chut-sportovat\/\" class='entry-title-wrapper'>\n            <h3 class=\"entry-title\"><span>Viano\u010dn\u00e9 dar\u010deky pre deti \u2013 povzbu\u010fte ich chu\u0165 \u0161portova\u0165<\/span><\/h3>\n        <\/a>\n    <\/div>\n    <\/article>\n<\/div>\n<h2><strong>Replika dresu Tour de France 2022<\/strong><\/h2>\n<p>\u017diadny z\u00a0fan\u00fa\u0161ikov cyklistiky nevynechal sledovanie Tour de France a\u00a0takisto v\u0161etci sn\u00edvaj\u00fa si tam niekedy zajazdi\u0165. No a\u00a0s\u00a0<a href=\"https:\/\/eshop.skoda-auto.sk\/sk_SK\/replika-zeleneho-dresu-tdf-2022\/p\/000084610CB212\" rel=\"noopener\" target=\"_blank\">replikou dresu<\/a> si tento sen m\u00f4\u017eete aspo\u0148 \u010diasto\u010dne splni\u0165. <strong>Vyroben\u00fd je z\u00a0kombin\u00e1cie vysoko priedu\u0161nej l\u00e1tky a\u00a0\u013eahkej sie\u0165oviny<\/strong>, tak\u017ee po\u010das hor\u00facich letn\u00fdch dn\u00ed sa poti\u0165 nebudete a\u00a0m\u00f4\u017eete poriadne \u0161liapnu do ped\u00e1lov. Dres m\u00e1 klasick\u00fd strih, trojit\u00e9 zadn\u00e9 vrecko a\u00a0navy\u0161e jedno extra vrecko na cennosti. S\u00a0tak\u00fdmto dar\u010dekom sa nebudete vedie\u0165 do\u010dka\u0165 novej sez\u00f3ny.<\/p>\n<p><a href=\"https:\/\/d2p6e6u75xmxt8.cloudfront.net\/4\/2022\/12\/Replika-dresu-TdF.webp\"><img loading=\"lazy\" decoding=\"async\" src=\"https:\/\/d2p6e6u75xmxt8.cloudfront.net\/4\/2022\/12\/Replika-dresu-TdF.webp\" alt=\"\" width=\"990\" height=\"660\" class=\"alignnone size-full wp-image-16297\" srcset=\"https:\/\/d2p6e6u75xmxt8.cloudfront.net\/4\/2022\/12\/Replika-dresu-TdF.webp 990w, https:\/\/d2p6e6u75xmxt8.cloudfront.net\/4\/2022\/12\/Replika-dresu-TdF-300x200.webp 300w, https:\/\/d2p6e6u75xmxt8.cloudfront.net\/4\/2022\/12\/Replika-dresu-TdF-768x512.webp 768w, https:\/\/d2p6e6u75xmxt8.cloudfront.net\/4\/2022\/12\/Replika-dresu-TdF-272x182.webp 272w\" sizes=\"auto, (max-width: 990px) 100vw, 990px\" \/><\/a><\/p>\n<p>Tituln\u00e1 fotografia: pixabay.com<\/p>\n","protected":false},"excerpt":{"rendered":"<p>Ak m\u00e1te pocit, \u017ee u\u017e v\u0161etko m\u00e1te a\u00a0ni\u010d nepotrebujete, sk\u00faste si prejs\u0165 tento zoznam, ktor\u00fd sme pre v\u00e1s pripravili. Ur\u010dite [&hellip;]<\/p>\n","protected":false},"author":170,"featured_media":16295,"comment_status":"open","ping_status":"open","sticky":false,"template":"","format":"standard","meta":{"footnotes":""},"categories":[52],"tags":[662,115,345,1396,572,666,1539,767,600,669,215,310,346,344,475,317],"global-categories":[1074],"class_list":["post-16286","post","type-post","status-publish","format-standard","has-post-thumbnail","hentry","category-nakupny-poradca","tag-batoh","tag-cestna-cyklistika","tag-darceky","tag-gps-hodinky","tag-kava","tag-kniha","tag-kniha-o-cyklistike","tag-motivacia","tag-muzi","tag-nakup","tag-nakupny-poradca","tag-navleky","tag-okuliare","tag-vianoce","tag-zeny","tag-zima","global-categories-cycling"],"yoast_head":"<!-- This site is optimized with the Yoast SEO Premium plugin v25.3 (Yoast SEO v25.9) - https:\/\/yoast.com\/wordpress\/plugins\/seo\/ -->\n<title>Viano\u010dn\u00e9 dar\u010deky pre cyklistu \u2013 v\u00e1\u0161 viano\u010dn\u00fd zoznam - \u0160koda We Love Cycling Slovensko<\/title>\n<meta name=\"description\" content=\"Ak m\u00e1te pocit, \u017ee u\u017e v\u0161etko m\u00e1te a\u00a0ni\u010d nepotrebujete, sk\u00faste si prejs\u0165 tento zoznam, kde pon\u00fakame p\u00e1r tipov na viano\u010dn\u00e9 dar\u010deky pre cyklistu.\" \/>\n<meta name=\"robots\" content=\"index, follow, max-snippet:-1, max-image-preview:large, max-video-preview:-1\" \/>\n<link rel=\"canonical\" href=\"https:\/\/www.welovecycling.com\/sk\/2022\/12\/16\/vianocne-darceky-pre-cyklistu-vas-vianocny-zoznam\/\" \/>\n<meta property=\"og:locale\" content=\"sk_SK\" \/>\n<meta property=\"og:type\" content=\"article\" \/>\n<meta property=\"og:title\" content=\"Viano\u010dn\u00e9 dar\u010deky pre cyklistu \u2013 v\u00e1\u0161 viano\u010dn\u00fd zoznam\" \/>\n<meta property=\"og:description\" content=\"Ak m\u00e1te pocit, \u017ee u\u017e v\u0161etko m\u00e1te a\u00a0ni\u010d nepotrebujete, sk\u00faste si prejs\u0165 tento zoznam, kde pon\u00fakame p\u00e1r tipov na viano\u010dn\u00e9 dar\u010deky pre cyklistu.\" \/>\n<meta property=\"og:url\" content=\"https:\/\/www.welovecycling.com\/sk\/2022\/12\/16\/vianocne-darceky-pre-cyklistu-vas-vianocny-zoznam\/\" \/>\n<meta property=\"og:site_name\" content=\"\u0160koda We Love Cycling Slovensko\" \/>\n<meta property=\"article:published_time\" content=\"2022-12-16T09:00:33+00:00\" \/>\n<meta property=\"og:image\" content=\"https:\/\/d2p6e6u75xmxt8.cloudfront.net\/4\/2022\/12\/Vianocne_darceky_00.webp\" \/>\n\t<meta property=\"og:image:width\" content=\"990\" \/>\n\t<meta property=\"og:image:height\" content=\"660\" \/>\n\t<meta property=\"og:image:type\" content=\"image\/webp\" \/>\n<meta name=\"author\" content=\"miksakova\" \/>\n<meta name=\"twitter:card\" content=\"summary_large_image\" \/>\n<meta name=\"twitter:label1\" content=\"Written by\" \/>\n\t<meta name=\"twitter:data1\" content=\"Radovan Vr\u0161ka\" \/>\n\t<meta name=\"twitter:label2\" content=\"Est. reading time\" \/>\n\t<meta name=\"twitter:data2\" content=\"5\" \/>\n<script type=\"application\/ld+json\" class=\"yoast-schema-graph\">{\"@context\":\"https:\/\/schema.org\",\"@graph\":[{\"@type\":\"WebPage\",\"@id\":\"https:\/\/www.welovecycling.com\/sk\/2022\/12\/16\/vianocne-darceky-pre-cyklistu-vas-vianocny-zoznam\/\",\"url\":\"https:\/\/www.welovecycling.com\/sk\/2022\/12\/16\/vianocne-darceky-pre-cyklistu-vas-vianocny-zoznam\/\",\"name\":\"Viano\u010dn\u00e9 dar\u010deky pre cyklistu \u2013 v\u00e1\u0161 viano\u010dn\u00fd zoznam - \u0160koda We Love Cycling Slovensko\",\"isPartOf\":{\"@id\":\"https:\/\/www.welovecycling.com\/sk\/#website\"},\"primaryImageOfPage\":{\"@id\":\"https:\/\/www.welovecycling.com\/sk\/2022\/12\/16\/vianocne-darceky-pre-cyklistu-vas-vianocny-zoznam\/#primaryimage\"},\"image\":{\"@id\":\"https:\/\/www.welovecycling.com\/sk\/2022\/12\/16\/vianocne-darceky-pre-cyklistu-vas-vianocny-zoznam\/#primaryimage\"},\"thumbnailUrl\":\"https:\/\/d2p6e6u75xmxt8.cloudfront.net\/4\/2022\/12\/Vianocne_darceky_00.webp\",\"datePublished\":\"2022-12-16T09:00:33+00:00\",\"author\":{\"@id\":\"https:\/\/www.welovecycling.com\/sk\/#\/schema\/person\/c6ce5af9dceed219d84a07d2ffa2cad9\"},\"description\":\"Ak m\u00e1te pocit, \u017ee u\u017e v\u0161etko m\u00e1te a\u00a0ni\u010d nepotrebujete, sk\u00faste si prejs\u0165 tento zoznam, kde pon\u00fakame p\u00e1r tipov na viano\u010dn\u00e9 dar\u010deky pre cyklistu.\",\"breadcrumb\":{\"@id\":\"https:\/\/www.welovecycling.com\/sk\/2022\/12\/16\/vianocne-darceky-pre-cyklistu-vas-vianocny-zoznam\/#breadcrumb\"},\"inLanguage\":\"sk-SK\",\"potentialAction\":[{\"@type\":\"ReadAction\",\"target\":[\"https:\/\/www.welovecycling.com\/sk\/2022\/12\/16\/vianocne-darceky-pre-cyklistu-vas-vianocny-zoznam\/\"]}]},{\"@type\":\"ImageObject\",\"inLanguage\":\"sk-SK\",\"@id\":\"https:\/\/www.welovecycling.com\/sk\/2022\/12\/16\/vianocne-darceky-pre-cyklistu-vas-vianocny-zoznam\/#primaryimage\",\"url\":\"https:\/\/d2p6e6u75xmxt8.cloudfront.net\/4\/2022\/12\/Vianocne_darceky_00.webp\",\"contentUrl\":\"https:\/\/d2p6e6u75xmxt8.cloudfront.net\/4\/2022\/12\/Vianocne_darceky_00.webp\",\"width\":990,\"height\":660},{\"@type\":\"BreadcrumbList\",\"@id\":\"https:\/\/www.welovecycling.com\/sk\/2022\/12\/16\/vianocne-darceky-pre-cyklistu-vas-vianocny-zoznam\/#breadcrumb\",\"itemListElement\":[{\"@type\":\"ListItem\",\"position\":1,\"name\":\"Home\",\"item\":\"https:\/\/www.welovecycling.com\/sk\/\"},{\"@type\":\"ListItem\",\"position\":2,\"name\":\"Viano\u010dn\u00e9 dar\u010deky pre cyklistu \u2013 v\u00e1\u0161 viano\u010dn\u00fd zoznam\"}]},{\"@type\":\"WebSite\",\"@id\":\"https:\/\/www.welovecycling.com\/sk\/#website\",\"url\":\"https:\/\/www.welovecycling.com\/sk\/\",\"name\":\"\u0160koda We Love Cycling Slovensko\",\"description\":\"\u0160koda We Love Cycling Slovensko je v\u00e1\u0161 ka\u017edodenn\u00fd zdroj noviniek a in\u0161pir\u00e1cie z sveta cyklistiky\",\"potentialAction\":[{\"@type\":\"SearchAction\",\"target\":{\"@type\":\"EntryPoint\",\"urlTemplate\":\"https:\/\/www.welovecycling.com\/sk\/?s={search_term_string}\"},\"query-input\":{\"@type\":\"PropertyValueSpecification\",\"valueRequired\":true,\"valueName\":\"search_term_string\"}}],\"inLanguage\":\"sk-SK\"},{\"@type\":\"Person\",\"@id\":\"https:\/\/www.welovecycling.com\/sk\/#\/schema\/person\/c6ce5af9dceed219d84a07d2ffa2cad9\",\"name\":\"miksakova\",\"image\":{\"@type\":\"ImageObject\",\"inLanguage\":\"sk-SK\",\"@id\":\"https:\/\/www.welovecycling.com\/sk\/#\/schema\/person\/image\/\",\"url\":\"https:\/\/secure.gravatar.com\/avatar\/3663fb8acb50de04150ea6f7afc1bc15aba80aad4bf92aee01bd38a79084eb7a?s=96&d=mm&r=g\",\"contentUrl\":\"https:\/\/secure.gravatar.com\/avatar\/3663fb8acb50de04150ea6f7afc1bc15aba80aad4bf92aee01bd38a79084eb7a?s=96&d=mm&r=g\",\"caption\":\"miksakova\"},\"url\":\"https:\/\/www.welovecycling.com\/sk\/author\/miksakova\/\"}]}<\/script>\n<!-- \/ Yoast SEO Premium plugin. -->","yoast_head_json":{"title":"Viano\u010dn\u00e9 dar\u010deky pre cyklistu \u2013 v\u00e1\u0161 viano\u010dn\u00fd zoznam - \u0160koda We Love Cycling Slovensko","description":"Ak m\u00e1te pocit, \u017ee u\u017e v\u0161etko m\u00e1te a\u00a0ni\u010d nepotrebujete, sk\u00faste si prejs\u0165 tento zoznam, kde pon\u00fakame p\u00e1r tipov na viano\u010dn\u00e9 dar\u010deky pre cyklistu.","robots":{"index":"index","follow":"follow","max-snippet":"max-snippet:-1","max-image-preview":"max-image-preview:large","max-video-preview":"max-video-preview:-1"},"canonical":"https:\/\/www.welovecycling.com\/sk\/2022\/12\/16\/vianocne-darceky-pre-cyklistu-vas-vianocny-zoznam\/","og_locale":"sk_SK","og_type":"article","og_title":"Viano\u010dn\u00e9 dar\u010deky pre cyklistu \u2013 v\u00e1\u0161 viano\u010dn\u00fd zoznam","og_description":"Ak m\u00e1te pocit, \u017ee u\u017e v\u0161etko m\u00e1te a\u00a0ni\u010d nepotrebujete, sk\u00faste si prejs\u0165 tento zoznam, kde pon\u00fakame p\u00e1r tipov na viano\u010dn\u00e9 dar\u010deky pre cyklistu.","og_url":"https:\/\/www.welovecycling.com\/sk\/2022\/12\/16\/vianocne-darceky-pre-cyklistu-vas-vianocny-zoznam\/","og_site_name":"\u0160koda We Love Cycling Slovensko","article_published_time":"2022-12-16T09:00:33+00:00","og_image":[{"width":990,"height":660,"url":"https:\/\/d2p6e6u75xmxt8.cloudfront.net\/4\/2022\/12\/Vianocne_darceky_00.webp","type":"image\/webp"}],"author":"miksakova","twitter_card":"summary_large_image","twitter_misc":{"Written by":"Radovan Vr\u0161ka","Est. reading time":"5"},"schema":{"@context":"https:\/\/schema.org","@graph":[{"@type":"WebPage","@id":"https:\/\/www.welovecycling.com\/sk\/2022\/12\/16\/vianocne-darceky-pre-cyklistu-vas-vianocny-zoznam\/","url":"https:\/\/www.welovecycling.com\/sk\/2022\/12\/16\/vianocne-darceky-pre-cyklistu-vas-vianocny-zoznam\/","name":"Viano\u010dn\u00e9 dar\u010deky pre cyklistu \u2013 v\u00e1\u0161 viano\u010dn\u00fd zoznam - \u0160koda We Love Cycling Slovensko","isPartOf":{"@id":"https:\/\/www.welovecycling.com\/sk\/#website"},"primaryImageOfPage":{"@id":"https:\/\/www.welovecycling.com\/sk\/2022\/12\/16\/vianocne-darceky-pre-cyklistu-vas-vianocny-zoznam\/#primaryimage"},"image":{"@id":"https:\/\/www.welovecycling.com\/sk\/2022\/12\/16\/vianocne-darceky-pre-cyklistu-vas-vianocny-zoznam\/#primaryimage"},"thumbnailUrl":"https:\/\/d2p6e6u75xmxt8.cloudfront.net\/4\/2022\/12\/Vianocne_darceky_00.webp","datePublished":"2022-12-16T09:00:33+00:00","author":{"@id":"https:\/\/www.welovecycling.com\/sk\/#\/schema\/person\/c6ce5af9dceed219d84a07d2ffa2cad9"},"description":"Ak m\u00e1te pocit, \u017ee u\u017e v\u0161etko m\u00e1te a\u00a0ni\u010d nepotrebujete, sk\u00faste si prejs\u0165 tento zoznam, kde pon\u00fakame p\u00e1r tipov na viano\u010dn\u00e9 dar\u010deky pre cyklistu.","breadcrumb":{"@id":"https:\/\/www.welovecycling.com\/sk\/2022\/12\/16\/vianocne-darceky-pre-cyklistu-vas-vianocny-zoznam\/#breadcrumb"},"inLanguage":"sk-SK","potentialAction":[{"@type":"ReadAction","target":["https:\/\/www.welovecycling.com\/sk\/2022\/12\/16\/vianocne-darceky-pre-cyklistu-vas-vianocny-zoznam\/"]}]},{"@type":"ImageObject","inLanguage":"sk-SK","@id":"https:\/\/www.welovecycling.com\/sk\/2022\/12\/16\/vianocne-darceky-pre-cyklistu-vas-vianocny-zoznam\/#primaryimage","url":"https:\/\/d2p6e6u75xmxt8.cloudfront.net\/4\/2022\/12\/Vianocne_darceky_00.webp","contentUrl":"https:\/\/d2p6e6u75xmxt8.cloudfront.net\/4\/2022\/12\/Vianocne_darceky_00.webp","width":990,"height":660},{"@type":"BreadcrumbList","@id":"https:\/\/www.welovecycling.com\/sk\/2022\/12\/16\/vianocne-darceky-pre-cyklistu-vas-vianocny-zoznam\/#breadcrumb","itemListElement":[{"@type":"ListItem","position":1,"name":"Home","item":"https:\/\/www.welovecycling.com\/sk\/"},{"@type":"ListItem","position":2,"name":"Viano\u010dn\u00e9 dar\u010deky pre cyklistu \u2013 v\u00e1\u0161 viano\u010dn\u00fd zoznam"}]},{"@type":"WebSite","@id":"https:\/\/www.welovecycling.com\/sk\/#website","url":"https:\/\/www.welovecycling.com\/sk\/","name":"\u0160koda We Love Cycling Slovensko","description":"\u0160koda We Love Cycling Slovensko je v\u00e1\u0161 ka\u017edodenn\u00fd zdroj noviniek a in\u0161pir\u00e1cie z sveta cyklistiky","potentialAction":[{"@type":"SearchAction","target":{"@type":"EntryPoint","urlTemplate":"https:\/\/www.welovecycling.com\/sk\/?s={search_term_string}"},"query-input":{"@type":"PropertyValueSpecification","valueRequired":true,"valueName":"search_term_string"}}],"inLanguage":"sk-SK"},{"@type":"Person","@id":"https:\/\/www.welovecycling.com\/sk\/#\/schema\/person\/c6ce5af9dceed219d84a07d2ffa2cad9","name":"miksakova","image":{"@type":"ImageObject","inLanguage":"sk-SK","@id":"https:\/\/www.welovecycling.com\/sk\/#\/schema\/person\/image\/","url":"https:\/\/secure.gravatar.com\/avatar\/3663fb8acb50de04150ea6f7afc1bc15aba80aad4bf92aee01bd38a79084eb7a?s=96&d=mm&r=g","contentUrl":"https:\/\/secure.gravatar.com\/avatar\/3663fb8acb50de04150ea6f7afc1bc15aba80aad4bf92aee01bd38a79084eb7a?s=96&d=mm&r=g","caption":"miksakova"},"url":"https:\/\/www.welovecycling.com\/sk\/author\/miksakova\/"}]}},"_links":{"self":[{"href":"https:\/\/www.welovecycling.com\/sk\/wp-json\/wp\/v2\/posts\/16286","targetHints":{"allow":["GET"]}}],"collection":[{"href":"https:\/\/www.welovecycling.com\/sk\/wp-json\/wp\/v2\/posts"}],"about":[{"href":"https:\/\/www.welovecycling.com\/sk\/wp-json\/wp\/v2\/types\/post"}],"author":[{"embeddable":true,"href":"https:\/\/www.welovecycling.com\/sk\/wp-json\/wp\/v2\/users\/170"}],"replies":[{"embeddable":true,"href":"https:\/\/www.welovecycling.com\/sk\/wp-json\/wp\/v2\/comments?post=16286"}],"version-history":[{"count":2,"href":"https:\/\/www.welovecycling.com\/sk\/wp-json\/wp\/v2\/posts\/16286\/revisions"}],"predecessor-version":[{"id":16314,"href":"https:\/\/www.welovecycling.com\/sk\/wp-json\/wp\/v2\/posts\/16286\/revisions\/16314"}],"wp:featuredmedia":[{"embeddable":true,"href":"https:\/\/www.welovecycling.com\/sk\/wp-json\/wp\/v2\/media\/16295"}],"wp:attachment":[{"href":"https:\/\/www.welovecycling.com\/sk\/wp-json\/wp\/v2\/media?parent=16286"}],"wp:term":[{"taxonomy":"category","embeddable":true,"href":"https:\/\/www.welovecycling.com\/sk\/wp-json\/wp\/v2\/categories?post=16286"},{"taxonomy":"post_tag","embeddable":true,"href":"https:\/\/www.welovecycling.com\/sk\/wp-json\/wp\/v2\/tags?post=16286"},{"taxonomy":"global-categories","embeddable":true,"href":"https:\/\/www.welovecycling.com\/sk\/wp-json\/wp\/v2\/global-categories?post=16286"}],"curies":[{"name":"wp","href":"https:\/\/api.w.org\/{rel}","templated":true}]}}