{"id":16280,"date":"2022-12-14T11:00:17","date_gmt":"2022-12-14T10:00:17","guid":{"rendered":"https:\/\/www.welovecycling.com\/sk\/?p=16280"},"modified":"2022-12-14T11:02:20","modified_gmt":"2022-12-14T10:02:20","slug":"e-bike-ako-cesta-ku-kondicii","status":"publish","type":"post","link":"https:\/\/www.welovecycling.com\/sk\/2022\/12\/14\/e-bike-ako-cesta-ku-kondicii\/","title":{"rendered":"E-bike ako cesta ku kond\u00edcii"},"content":{"rendered":"<p style=\"font-weight: 400;\"><strong>Mysl\u00edm, \u017ee v\u00e4\u010d\u0161ina \u013eud\u00ed by s\u00fahlasila s t\u00fdm, \u017ee elektrobicykle maj\u00fa oproti t\u00fdm klasick\u00fdm nieko\u013eko d\u00f4le\u017eit\u00fdch v\u00fdhod. Umo\u017e\u0148uj\u00fa v\u00e1m napr\u00edklad st\u00fapa\u0165 do kopcov, na ktor\u00e9 nemus\u00edte by\u0165 fyzicky dostato\u010dne siln\u00ed. E-bike v\u00e1m tie\u017e umo\u017e\u0148uje dr\u017ea\u0165 tempo s cyklistami, ktor\u00ed s\u00fa r\u00fdchlej\u0161\u00ed a zdatnej\u0161\u00ed ako vy. To z tohto bicykla rob\u00ed ide\u00e1lneho spolo\u010dn\u00edka pre rodinn\u00e9 jazdy, kde sa sily a kond\u00edcia medzi jazdcami m\u00f4\u017eu l\u00ed\u0161i\u0165. Jazda na \u0148om v\u00e1m tie\u017e umo\u017e\u0148uje porozpr\u00e1va\u0165 sa s ostatn\u00fdmi cyklistami na e-bikoch, v\u010faka \u010domu m\u00e1te potom pr\u00edjemn\u00fd spolo\u010densk\u00fd v\u00fdlet.<\/strong><\/p>\n<p style=\"font-weight: 400;\"><!--more--><\/p>\n<p style=\"font-weight: 400;\">Vedeli ste v\u0161ak, \u017ee elektrobicykle sa dokonale hodia aj na kvalitn\u00fd tr\u00e9ning, ktor\u00fd m\u00f4\u017ee by\u0165 d\u00f4le\u017eitou s\u00fa\u010das\u0165ou budovania va\u0161ej kond\u00edcie? Pod\u013ea ned\u00e1vnej <a href=\"https:\/\/journals.lww.com\/acsm-tj\/Fulltext\/2021\/04150\/Metabolic_and_Cardiovascular_Responses_to_a.5.aspx?context=LatestArticles\" rel=\"noopener\" target=\"_blank\">\u0161t\u00fadie<\/a>, ktor\u00e1 vyu\u017e\u00edvala nov\u00fdch cyklistov na elektrobicykloch, <strong>jazdci doch\u00e1dzaj\u00faci do pr\u00e1ce na e-bikoch jazdili r\u00fdchlej\u0161ie a s men\u0161ou n\u00e1mahou, pri\u010dom sa v\u0161ak dostato\u010dne zad\u00fdchali a aj srdcov\u00fa frekvenciu mali dos\u0165 vysok\u00fa<\/strong> na to, aby z toho mali potrebn\u00e9 v\u00fdhody pre rast kond\u00edcie.<\/p>\n<p style=\"font-weight: 400;\">Ako uviedli autori \u0161t\u00fadie, <em>&#8222;Srdcov\u00e1 frekvencia a kalorick\u00fd v\u00fddaj sa pri jazde na e-biku v\u00fdrazne zv\u00fd\u0161ila nad \u00farove\u0148 pokoja. Hoci tieto hodnoty boli ni\u017e\u0161ie ako relat\u00edvna srdcov\u00e1 a metabolick\u00e1 frekvencia pri be\u017enom bicyklovan\u00ed, odozvy po\u010das simulovan\u00e9ho 5 km doch\u00e1dzania na e-biku dosiahli \u201estredn\u00fa intenzitu\u201c a to nazna\u010duje, \u017ee doch\u00e1dzanie na e-biku by mohlo by\u0165 s\u00fa\u010das\u0165ou strat\u00e9gie na z\u00edskanie odpor\u00fa\u010dan\u00e9ho mno\u017estva fyzickej aktivity pre zdravie.\u201c<\/em><\/p>\n<p style=\"font-weight: 400;\">Aj ke\u010f je pravda, \u017ee priame \u00fa\u010dinky jazdy na e-biku s\u00fa menej prospe\u0161n\u00e9 ako tie, ktor\u00e9 poskytuje jazda na \u0161tandardnom bicykli, in\u00e1 <a href=\"https:\/\/www.sciencedirect.com\/science\/article\/pii\/S259019821930017X\" rel=\"noopener\" target=\"_blank\">\u0161t\u00fadia<\/a> zistila, \u017ee <strong>cyklisti na elektrobicykloch maj\u00fa tendenciu jazdi\u0165 na v\u00e4\u010d\u0161ie vzdialenosti ako cyklisti na bicykloch bez motora, \u010do zmen\u0161ilo vz\u00e1jomn\u00fd rozdiel<\/strong>. <em>\u201e\u00darovne fyzickej aktivity meran\u00e9 v min\u00fatach za t\u00fd\u017ede\u0148 boli podobn\u00e9 medzi e-bikermi a klasick\u00fdmi cyklistami (4 463 vs. 4 085),\u201c<\/em> ako to zistili autori tejto \u0161t\u00fadie. Dospeli k z\u00e1veru, \u017ee <em>\u201efyzick\u00e1 aktivita je podobn\u00e1 pre e-bikerov aj klasick\u00fdch cyklistov. Navy\u0161e, celkov\u00e1 fyzick\u00e1 aktivita medzi oboma skupinami bola tie\u017e porovnate\u013en\u00e1.&#8220;<\/em><\/p>\n<figure id=\"attachment_16281\" aria-describedby=\"caption-attachment-16281\" style=\"width: 1250px\" class=\"wp-caption alignnone\"><a href=\"https:\/\/d2p6e6u75xmxt8.cloudfront.net\/4\/2022\/12\/E-bike-profimedia-0558344112.webp\"><img loading=\"lazy\" decoding=\"async\" class=\"wp-image-16281 size-full\" src=\"https:\/\/d2p6e6u75xmxt8.cloudfront.net\/4\/2022\/12\/E-bike-profimedia-0558344112.webp\" alt=\"E-bicycle\" width=\"1250\" height=\"780\" srcset=\"https:\/\/d2p6e6u75xmxt8.cloudfront.net\/4\/2022\/12\/E-bike-profimedia-0558344112.webp 1250w, https:\/\/d2p6e6u75xmxt8.cloudfront.net\/4\/2022\/12\/E-bike-profimedia-0558344112-300x187.webp 300w, https:\/\/d2p6e6u75xmxt8.cloudfront.net\/4\/2022\/12\/E-bike-profimedia-0558344112-1024x639.webp 1024w, https:\/\/d2p6e6u75xmxt8.cloudfront.net\/4\/2022\/12\/E-bike-profimedia-0558344112-768x479.webp 768w\" sizes=\"auto, (max-width: 1250px) 100vw, 1250px\" \/><\/a><figcaption id=\"caption-attachment-16281\" class=\"wp-caption-text\">Elektrobicykle v\u00e1m dok\u00e1\u017eu poskytn\u00fa\u0165 vynikaj\u00faci tr\u00e9ning. \u00a9 Profimedia<\/figcaption><\/figure>\n<p style=\"font-weight: 400;\">Aby sa tieto zistenia otestovali, Bike Radar nechal cyklistick\u00e9ho tr\u00e9nera a elitn\u00e9ho MTB jazdca Toma Bella jazdi\u0165 na elektrickom horskom bicykli, aby zistil, ak\u00fa fyzick\u00fa aktivitu vyvinie. <strong>Namerali mu srdcov\u00fa frekvenciu na 198 bpm.<\/strong> To nie je \u00faplne na \u00farovni jeho osobn\u00e9ho maxima 208 bpm, ale ur\u010dite dos\u0165 bl\u00edzko na to, aby to bolo v\u00fdznamn\u00e9. A s\u00e1m Bell potvrdil mnoh\u00e9 z v\u00fdhod citovan\u00fdch v t\u00fdchto \u0161t\u00fadi\u00e1ch. <em>\u201eElektrobicykle v\u00e1m m\u00f4\u017eu pom\u00f4c\u0165 zosta\u0165 na bicykli vonku dlh\u0161ie,&#8220;<\/em> povedal. <em>\u201eAj ke\u010f priemern\u00e1 intenzita m\u00f4\u017ee by\u0165 ni\u017e\u0161ia, existuje vz\u00e1jomn\u00fd vz\u0165ah medzi trvan\u00edm jazdy\/tr\u00e9ningu a zlep\u0161en\u00edm kond\u00edcie. Ve\u013ea aer\u00f3bnych v\u00fdhod vych\u00e1dza aj z d\u013a\u017eky jazdy, nielen intenzity.&#8220;<\/em><\/p>\n<p style=\"font-weight: 400;\">Samozrejme, ako aj pri klasick\u00fdch bicykloch, o mno\u017estve aktivity, ktor\u00fa na e-biku absolvujete, rozhodujete vy. M\u00f4\u017eete napr\u00edklad meni\u0165 \u010das jazdy mimo re\u017eimu turbo. To v\u00e1m umo\u017en\u00ed jazdi\u0165 na bicykli, ktor\u00fd je v\u00fdrazne \u0165a\u017e\u0161\u00ed ako v\u00e1\u0161 bicykel, \u010do zvy\u0161uje odpor a t\u00fdm zvy\u0161uje v\u00e1\u0161 srdcov\u00fd tep a zvy\u0161uje vytrvalos\u0165 a v\u00fdkon.<\/p>\n<div class=\"shortcode-ys-post-pinup\"><article class=\"loop-simple post-11311 post type-post status-publish format-standard has-post-thumbnail hentry category-e-bike tag-bezpecnost tag-bicyklovanie tag-cestna-cyklistika tag-chlad tag-ebike tag-elektrobicykel tag-horska-cyklistika tag-jazda tag-komponenty tag-servis tag-sneh tag-udrzba tag-voda tag-zima tag-zimna-udrzba tag-znecistenie global-categories-cycling\" data-postid=\"11311\" role=\"article\" data-post-id=\"11311\" data-word-count=\"560\" data-headline-length=\"41\" data-category=\"E-bike\" data-global-category=\"Cycling\" data-author=\"WeLoveCycling\" data-published=\"2021-01-13T10:00:05+01:00\" data-published-day=\"Wednesday\">\n    <div class=\"entry-thumbnail article-thumbnail\" content=\"https:\/\/d2p6e6u75xmxt8.cloudfront.net\/4\/2021\/01\/Ebike_starostlivost_00-150x150.webp\"><a href=\"https:\/\/www.welovecycling.com\/sk\/2021\/01\/13\/ako-sa-starat-o-elektrobicykel-v-zime\/\" class=\"image-holder\" target=\"_self\"><img decoding=\"async\" loading=\"lazy\" class=\"\" src=\"https:\/\/d2p6e6u75xmxt8.cloudfront.net\/4\/2021\/01\/Ebike_starostlivost_00-1024x445.webp\" srcset=\"https:\/\/d2p6e6u75xmxt8.cloudfront.net\/4\/2021\/01\/Ebike_starostlivost_00.webp 1380w, https:\/\/d2p6e6u75xmxt8.cloudfront.net\/4\/2021\/01\/Ebike_starostlivost_00-300x130.webp 300w, https:\/\/d2p6e6u75xmxt8.cloudfront.net\/4\/2021\/01\/Ebike_starostlivost_00-1024x445.webp 1024w, https:\/\/d2p6e6u75xmxt8.cloudfront.net\/4\/2021\/01\/Ebike_starostlivost_00-768x334.webp 768w\" width=\"1024\" height=\"445\" sizes=\"auto, (min-width: 1200px) 460px, (min-width: 768px) 38vw, 100vw\" alt=\"ako-sa-starat-o-elektrobicykel-v-zime\"\/><\/a><\/div>    <div class=\"entry-meta\">\n        <a class=\"label label-secondary post-category\" href=\"https:\/\/www.welovecycling.com\/sk\/category\/e-bike\/\" title=\"E-bike\">E-bike<\/a>\n    <\/div>\n    <div class=\"entry-details\">\n        <a href=\"https:\/\/www.welovecycling.com\/sk\/2021\/01\/13\/ako-sa-starat-o-elektrobicykel-v-zime\/\" class='entry-title-wrapper'>\n            <h3 class=\"entry-title\"><span>Ako sa stara\u0165 o\u00a0elektrobicykel v\u00a0zime?<\/span><\/h3>\n        <\/a>\n    <\/div>\n    <\/article>\n<\/div>\n<p style=\"font-weight: 400;\">Ak to mysl\u00edte s tr\u00e9ningom na e-biku v\u00e1\u017ene, pou\u017eite mera\u010d srdcovej frekvencie. To v\u00e1m pom\u00f4\u017ee sledova\u0165 va\u0161e fyzick\u00e9 zlep\u0161enie a zabezpe\u010d\u00ed, \u017ee sa nebudete pre\u0165a\u017eova\u0165. <strong>Poskytne tie\u017e numerick\u00fd r\u00e1mec \u2013 po\u010det \u00faderov za min\u00fatu (bpm) \u2013 pre va\u0161e tr\u00e9ningy.<\/strong> Ak budete mera\u010d srdcovej frekvencie pou\u017e\u00edva\u0165, mali by ste sa porozpr\u00e1va\u0165 s tr\u00e9nerom o tom, ako z neho vy\u0165a\u017ei\u0165 maximum a ak\u00e1 je najlep\u0161ia maxim\u00e1lna tepov\u00e1 frekvencia na to, \u010do chcete dosiahnu\u0165.<\/p>\n<p style=\"font-weight: 400;\">Nakoniec, ak tr\u00e9nujete na elektrobicykli, nevyh\u00fdbajte sa kopcom. N\u00e1jdite si ne\u010falek\u00fd kopec, ktor\u00fd vyhovuje va\u0161ej kond\u00edcii. Tak\u00fd, ktor\u00fd nie je ani pr\u00edli\u0161 jednoduch\u00fd, ani <a href=\"https:\/\/www.welovecycling.com\/wide\/ride-tested\/alpe-dhuez\/\" rel=\"noopener\" target=\"_blank\">\u201eAlpe d&#8217;Huez\u201d<\/a>, a opakujte 3 a\u017e 5 min\u00fat alebo jeden dlh\u00fd \u201e\u0165ah\u201d na vrchol. Alebo skombinujte obe strat\u00e9gie. Nech tr\u00e9nujete akoko\u013evek, zist\u00edte, \u017ee \u2013 na rozdiel od toho, \u010do ste si pravdepodobne mysleli \u2013 <strong>je e-bike skvel\u00fd sp\u00f4sob, ako sa dosta\u0165 do kond\u00edcie a zosta\u0165 fit.<\/strong><\/p>\n","protected":false},"excerpt":{"rendered":"<p>Mysl\u00edm, \u017ee v\u00e4\u010d\u0161ina \u013eud\u00ed by s\u00fahlasila s t\u00fdm, \u017ee elektrobicykle maj\u00fa oproti t\u00fdm klasick\u00fdm nieko\u013eko d\u00f4le\u017eit\u00fdch v\u00fdhod. Umo\u017e\u0148uj\u00fa v\u00e1m napr\u00edklad [&hellip;]<\/p>\n","protected":false},"author":170,"featured_media":16283,"comment_status":"open","ping_status":"open","sticky":false,"template":"","format":"standard","meta":{"footnotes":""},"categories":[2],"tags":[1253,261,691,180,1219,1571,1570,1095],"global-categories":[],"class_list":["post-16280","post","type-post","status-publish","format-standard","has-post-thumbnail","hentry","category-zdravie-trening","tag-alpe-dhuez","tag-ebike","tag-elektrobicykel","tag-horska-cyklistika","tag-studia","tag-tom-bell","tag-vo2-max","tag-vyskum"],"yoast_head":"<!-- This site is optimized with the Yoast SEO Premium plugin v25.3 (Yoast SEO v25.9) - https:\/\/yoast.com\/wordpress\/plugins\/seo\/ -->\n<title>E-bike ako cesta ku kond\u00edcii - \u0160koda We Love Cycling Slovensko<\/title>\n<meta name=\"description\" content=\"Ak to chcete s tr\u00e9ningom na e-biku v\u00e1\u017ene, pou\u017eite mera\u010d srdcovej frekvencie. To v\u00e1m pom\u00f4\u017ee sledova\u0165 va\u0161e fyzick\u00e9 zlep\u0161enie.\" \/>\n<meta name=\"robots\" content=\"index, follow, max-snippet:-1, max-image-preview:large, max-video-preview:-1\" \/>\n<link rel=\"canonical\" href=\"https:\/\/www.welovecycling.com\/sk\/2022\/12\/14\/e-bike-ako-cesta-ku-kondicii\/\" \/>\n<meta property=\"og:locale\" content=\"sk_SK\" \/>\n<meta property=\"og:type\" content=\"article\" \/>\n<meta property=\"og:title\" content=\"E-bike ako cesta ku kond\u00edcii\" \/>\n<meta property=\"og:description\" content=\"Ak to chcete s tr\u00e9ningom na e-biku v\u00e1\u017ene, pou\u017eite mera\u010d srdcovej frekvencie. To v\u00e1m pom\u00f4\u017ee sledova\u0165 va\u0161e fyzick\u00e9 zlep\u0161enie.\" \/>\n<meta property=\"og:url\" content=\"https:\/\/www.welovecycling.com\/sk\/2022\/12\/14\/e-bike-ako-cesta-ku-kondicii\/\" \/>\n<meta property=\"og:site_name\" content=\"\u0160koda We Love Cycling Slovensko\" \/>\n<meta property=\"article:published_time\" content=\"2022-12-14T10:00:17+00:00\" \/>\n<meta property=\"article:modified_time\" content=\"2022-12-14T10:02:20+00:00\" \/>\n<meta property=\"og:image\" content=\"https:\/\/d2p6e6u75xmxt8.cloudfront.net\/4\/2022\/12\/E-Bike-MTB-Woman-profimedia-0711447027-CVR.webp\" \/>\n\t<meta property=\"og:image:width\" content=\"990\" \/>\n\t<meta property=\"og:image:height\" content=\"660\" \/>\n\t<meta property=\"og:image:type\" content=\"image\/webp\" \/>\n<meta name=\"author\" content=\"miksakova\" \/>\n<meta name=\"twitter:card\" content=\"summary_large_image\" \/>\n<meta name=\"twitter:label1\" content=\"Written by\" \/>\n\t<meta name=\"twitter:data1\" content=\"WeLoveCycling\" \/>\n\t<meta name=\"twitter:label2\" content=\"Est. reading time\" \/>\n\t<meta name=\"twitter:data2\" content=\"4\" \/>\n<script type=\"application\/ld+json\" class=\"yoast-schema-graph\">{\"@context\":\"https:\/\/schema.org\",\"@graph\":[{\"@type\":\"WebPage\",\"@id\":\"https:\/\/www.welovecycling.com\/sk\/2022\/12\/14\/e-bike-ako-cesta-ku-kondicii\/\",\"url\":\"https:\/\/www.welovecycling.com\/sk\/2022\/12\/14\/e-bike-ako-cesta-ku-kondicii\/\",\"name\":\"E-bike ako cesta ku kond\u00edcii - \u0160koda We Love Cycling Slovensko\",\"isPartOf\":{\"@id\":\"https:\/\/www.welovecycling.com\/sk\/#website\"},\"primaryImageOfPage\":{\"@id\":\"https:\/\/www.welovecycling.com\/sk\/2022\/12\/14\/e-bike-ako-cesta-ku-kondicii\/#primaryimage\"},\"image\":{\"@id\":\"https:\/\/www.welovecycling.com\/sk\/2022\/12\/14\/e-bike-ako-cesta-ku-kondicii\/#primaryimage\"},\"thumbnailUrl\":\"https:\/\/d2p6e6u75xmxt8.cloudfront.net\/4\/2022\/12\/E-Bike-MTB-Woman-profimedia-0711447027-CVR.webp\",\"datePublished\":\"2022-12-14T10:00:17+00:00\",\"dateModified\":\"2022-12-14T10:02:20+00:00\",\"author\":{\"@id\":\"https:\/\/www.welovecycling.com\/sk\/#\/schema\/person\/c6ce5af9dceed219d84a07d2ffa2cad9\"},\"description\":\"Ak to chcete s tr\u00e9ningom na e-biku v\u00e1\u017ene, pou\u017eite mera\u010d srdcovej frekvencie. To v\u00e1m pom\u00f4\u017ee sledova\u0165 va\u0161e fyzick\u00e9 zlep\u0161enie.\",\"breadcrumb\":{\"@id\":\"https:\/\/www.welovecycling.com\/sk\/2022\/12\/14\/e-bike-ako-cesta-ku-kondicii\/#breadcrumb\"},\"inLanguage\":\"sk-SK\",\"potentialAction\":[{\"@type\":\"ReadAction\",\"target\":[\"https:\/\/www.welovecycling.com\/sk\/2022\/12\/14\/e-bike-ako-cesta-ku-kondicii\/\"]}]},{\"@type\":\"ImageObject\",\"inLanguage\":\"sk-SK\",\"@id\":\"https:\/\/www.welovecycling.com\/sk\/2022\/12\/14\/e-bike-ako-cesta-ku-kondicii\/#primaryimage\",\"url\":\"https:\/\/d2p6e6u75xmxt8.cloudfront.net\/4\/2022\/12\/E-Bike-MTB-Woman-profimedia-0711447027-CVR.webp\",\"contentUrl\":\"https:\/\/d2p6e6u75xmxt8.cloudfront.net\/4\/2022\/12\/E-Bike-MTB-Woman-profimedia-0711447027-CVR.webp\",\"width\":990,\"height\":660,\"caption\":\"MTB E-Bike\"},{\"@type\":\"BreadcrumbList\",\"@id\":\"https:\/\/www.welovecycling.com\/sk\/2022\/12\/14\/e-bike-ako-cesta-ku-kondicii\/#breadcrumb\",\"itemListElement\":[{\"@type\":\"ListItem\",\"position\":1,\"name\":\"Home\",\"item\":\"https:\/\/www.welovecycling.com\/sk\/\"},{\"@type\":\"ListItem\",\"position\":2,\"name\":\"E-bike ako cesta ku kond\u00edcii\"}]},{\"@type\":\"WebSite\",\"@id\":\"https:\/\/www.welovecycling.com\/sk\/#website\",\"url\":\"https:\/\/www.welovecycling.com\/sk\/\",\"name\":\"\u0160koda We Love Cycling Slovensko\",\"description\":\"\u0160koda We Love Cycling Slovensko je v\u00e1\u0161 ka\u017edodenn\u00fd zdroj noviniek a in\u0161pir\u00e1cie z sveta cyklistiky\",\"potentialAction\":[{\"@type\":\"SearchAction\",\"target\":{\"@type\":\"EntryPoint\",\"urlTemplate\":\"https:\/\/www.welovecycling.com\/sk\/?s={search_term_string}\"},\"query-input\":{\"@type\":\"PropertyValueSpecification\",\"valueRequired\":true,\"valueName\":\"search_term_string\"}}],\"inLanguage\":\"sk-SK\"},{\"@type\":\"Person\",\"@id\":\"https:\/\/www.welovecycling.com\/sk\/#\/schema\/person\/c6ce5af9dceed219d84a07d2ffa2cad9\",\"name\":\"miksakova\",\"image\":{\"@type\":\"ImageObject\",\"inLanguage\":\"sk-SK\",\"@id\":\"https:\/\/www.welovecycling.com\/sk\/#\/schema\/person\/image\/\",\"url\":\"https:\/\/secure.gravatar.com\/avatar\/3663fb8acb50de04150ea6f7afc1bc15aba80aad4bf92aee01bd38a79084eb7a?s=96&d=mm&r=g\",\"contentUrl\":\"https:\/\/secure.gravatar.com\/avatar\/3663fb8acb50de04150ea6f7afc1bc15aba80aad4bf92aee01bd38a79084eb7a?s=96&d=mm&r=g\",\"caption\":\"miksakova\"},\"url\":\"https:\/\/www.welovecycling.com\/sk\/author\/miksakova\/\"}]}<\/script>\n<!-- \/ Yoast SEO Premium plugin. -->","yoast_head_json":{"title":"E-bike ako cesta ku kond\u00edcii - \u0160koda We Love Cycling Slovensko","description":"Ak to chcete s tr\u00e9ningom na e-biku v\u00e1\u017ene, pou\u017eite mera\u010d srdcovej frekvencie. To v\u00e1m pom\u00f4\u017ee sledova\u0165 va\u0161e fyzick\u00e9 zlep\u0161enie.","robots":{"index":"index","follow":"follow","max-snippet":"max-snippet:-1","max-image-preview":"max-image-preview:large","max-video-preview":"max-video-preview:-1"},"canonical":"https:\/\/www.welovecycling.com\/sk\/2022\/12\/14\/e-bike-ako-cesta-ku-kondicii\/","og_locale":"sk_SK","og_type":"article","og_title":"E-bike ako cesta ku kond\u00edcii","og_description":"Ak to chcete s tr\u00e9ningom na e-biku v\u00e1\u017ene, pou\u017eite mera\u010d srdcovej frekvencie. To v\u00e1m pom\u00f4\u017ee sledova\u0165 va\u0161e fyzick\u00e9 zlep\u0161enie.","og_url":"https:\/\/www.welovecycling.com\/sk\/2022\/12\/14\/e-bike-ako-cesta-ku-kondicii\/","og_site_name":"\u0160koda We Love Cycling Slovensko","article_published_time":"2022-12-14T10:00:17+00:00","article_modified_time":"2022-12-14T10:02:20+00:00","og_image":[{"width":990,"height":660,"url":"https:\/\/d2p6e6u75xmxt8.cloudfront.net\/4\/2022\/12\/E-Bike-MTB-Woman-profimedia-0711447027-CVR.webp","type":"image\/webp"}],"author":"miksakova","twitter_card":"summary_large_image","twitter_misc":{"Written by":"WeLoveCycling","Est. reading time":"4"},"schema":{"@context":"https:\/\/schema.org","@graph":[{"@type":"WebPage","@id":"https:\/\/www.welovecycling.com\/sk\/2022\/12\/14\/e-bike-ako-cesta-ku-kondicii\/","url":"https:\/\/www.welovecycling.com\/sk\/2022\/12\/14\/e-bike-ako-cesta-ku-kondicii\/","name":"E-bike ako cesta ku kond\u00edcii - \u0160koda We Love Cycling Slovensko","isPartOf":{"@id":"https:\/\/www.welovecycling.com\/sk\/#website"},"primaryImageOfPage":{"@id":"https:\/\/www.welovecycling.com\/sk\/2022\/12\/14\/e-bike-ako-cesta-ku-kondicii\/#primaryimage"},"image":{"@id":"https:\/\/www.welovecycling.com\/sk\/2022\/12\/14\/e-bike-ako-cesta-ku-kondicii\/#primaryimage"},"thumbnailUrl":"https:\/\/d2p6e6u75xmxt8.cloudfront.net\/4\/2022\/12\/E-Bike-MTB-Woman-profimedia-0711447027-CVR.webp","datePublished":"2022-12-14T10:00:17+00:00","dateModified":"2022-12-14T10:02:20+00:00","author":{"@id":"https:\/\/www.welovecycling.com\/sk\/#\/schema\/person\/c6ce5af9dceed219d84a07d2ffa2cad9"},"description":"Ak to chcete s tr\u00e9ningom na e-biku v\u00e1\u017ene, pou\u017eite mera\u010d srdcovej frekvencie. To v\u00e1m pom\u00f4\u017ee sledova\u0165 va\u0161e fyzick\u00e9 zlep\u0161enie.","breadcrumb":{"@id":"https:\/\/www.welovecycling.com\/sk\/2022\/12\/14\/e-bike-ako-cesta-ku-kondicii\/#breadcrumb"},"inLanguage":"sk-SK","potentialAction":[{"@type":"ReadAction","target":["https:\/\/www.welovecycling.com\/sk\/2022\/12\/14\/e-bike-ako-cesta-ku-kondicii\/"]}]},{"@type":"ImageObject","inLanguage":"sk-SK","@id":"https:\/\/www.welovecycling.com\/sk\/2022\/12\/14\/e-bike-ako-cesta-ku-kondicii\/#primaryimage","url":"https:\/\/d2p6e6u75xmxt8.cloudfront.net\/4\/2022\/12\/E-Bike-MTB-Woman-profimedia-0711447027-CVR.webp","contentUrl":"https:\/\/d2p6e6u75xmxt8.cloudfront.net\/4\/2022\/12\/E-Bike-MTB-Woman-profimedia-0711447027-CVR.webp","width":990,"height":660,"caption":"MTB E-Bike"},{"@type":"BreadcrumbList","@id":"https:\/\/www.welovecycling.com\/sk\/2022\/12\/14\/e-bike-ako-cesta-ku-kondicii\/#breadcrumb","itemListElement":[{"@type":"ListItem","position":1,"name":"Home","item":"https:\/\/www.welovecycling.com\/sk\/"},{"@type":"ListItem","position":2,"name":"E-bike ako cesta ku kond\u00edcii"}]},{"@type":"WebSite","@id":"https:\/\/www.welovecycling.com\/sk\/#website","url":"https:\/\/www.welovecycling.com\/sk\/","name":"\u0160koda We Love Cycling Slovensko","description":"\u0160koda We Love Cycling Slovensko je v\u00e1\u0161 ka\u017edodenn\u00fd zdroj noviniek a in\u0161pir\u00e1cie z sveta cyklistiky","potentialAction":[{"@type":"SearchAction","target":{"@type":"EntryPoint","urlTemplate":"https:\/\/www.welovecycling.com\/sk\/?s={search_term_string}"},"query-input":{"@type":"PropertyValueSpecification","valueRequired":true,"valueName":"search_term_string"}}],"inLanguage":"sk-SK"},{"@type":"Person","@id":"https:\/\/www.welovecycling.com\/sk\/#\/schema\/person\/c6ce5af9dceed219d84a07d2ffa2cad9","name":"miksakova","image":{"@type":"ImageObject","inLanguage":"sk-SK","@id":"https:\/\/www.welovecycling.com\/sk\/#\/schema\/person\/image\/","url":"https:\/\/secure.gravatar.com\/avatar\/3663fb8acb50de04150ea6f7afc1bc15aba80aad4bf92aee01bd38a79084eb7a?s=96&d=mm&r=g","contentUrl":"https:\/\/secure.gravatar.com\/avatar\/3663fb8acb50de04150ea6f7afc1bc15aba80aad4bf92aee01bd38a79084eb7a?s=96&d=mm&r=g","caption":"miksakova"},"url":"https:\/\/www.welovecycling.com\/sk\/author\/miksakova\/"}]}},"_links":{"self":[{"href":"https:\/\/www.welovecycling.com\/sk\/wp-json\/wp\/v2\/posts\/16280","targetHints":{"allow":["GET"]}}],"collection":[{"href":"https:\/\/www.welovecycling.com\/sk\/wp-json\/wp\/v2\/posts"}],"about":[{"href":"https:\/\/www.welovecycling.com\/sk\/wp-json\/wp\/v2\/types\/post"}],"author":[{"embeddable":true,"href":"https:\/\/www.welovecycling.com\/sk\/wp-json\/wp\/v2\/users\/170"}],"replies":[{"embeddable":true,"href":"https:\/\/www.welovecycling.com\/sk\/wp-json\/wp\/v2\/comments?post=16280"}],"version-history":[{"count":2,"href":"https:\/\/www.welovecycling.com\/sk\/wp-json\/wp\/v2\/posts\/16280\/revisions"}],"predecessor-version":[{"id":16302,"href":"https:\/\/www.welovecycling.com\/sk\/wp-json\/wp\/v2\/posts\/16280\/revisions\/16302"}],"wp:featuredmedia":[{"embeddable":true,"href":"https:\/\/www.welovecycling.com\/sk\/wp-json\/wp\/v2\/media\/16283"}],"wp:attachment":[{"href":"https:\/\/www.welovecycling.com\/sk\/wp-json\/wp\/v2\/media?parent=16280"}],"wp:term":[{"taxonomy":"category","embeddable":true,"href":"https:\/\/www.welovecycling.com\/sk\/wp-json\/wp\/v2\/categories?post=16280"},{"taxonomy":"post_tag","embeddable":true,"href":"https:\/\/www.welovecycling.com\/sk\/wp-json\/wp\/v2\/tags?post=16280"},{"taxonomy":"global-categories","embeddable":true,"href":"https:\/\/www.welovecycling.com\/sk\/wp-json\/wp\/v2\/global-categories?post=16280"}],"curies":[{"name":"wp","href":"https:\/\/api.w.org\/{rel}","templated":true}]}}