{"id":16223,"date":"2022-12-30T09:00:54","date_gmt":"2022-12-30T08:00:54","guid":{"rendered":"https:\/\/www.welovecycling.com\/sk\/?p=16223"},"modified":"2022-12-22T09:47:52","modified_gmt":"2022-12-22T08:47:52","slug":"co-sme-zazili-na-red-bull-mtb-scene-v-roku-2022","status":"publish","type":"post","link":"https:\/\/www.welovecycling.com\/sk\/2022\/12\/30\/co-sme-zazili-na-red-bull-mtb-scene-v-roku-2022\/","title":{"rendered":"\u010co sme za\u017eili na Red Bull MTB sc\u00e9ne v\u00a0roku 2022"},"content":{"rendered":"<p><strong>Pozrime sa na \u00faspe\u0161n\u00fa Red Bull MTB sez\u00f3nu, ktor\u00e1 sa v\u00a0roku 2022 rozbehla skuto\u010dne naplno. U\u017eili si ju nielen pretek\u00e1ri, ale aj fan\u00fa\u0161ikovia, o\u00a0\u010dom sved\u010dia aj fantastick\u00e9 fotky a\u00a0vide\u00e1, ktor\u00e9 z\u00a0t\u00fdchto akci\u00ed m\u00e1me. Po\u010fme si op\u00e4\u0165 pripomen\u00fa\u0165 tieto nezabudnute\u013en\u00e9 chv\u00edle.<\/strong><!--more--><\/p>\n<h2><strong>5. 2. 2022 Red Bull Monserrate Cerro Abajo<\/strong><\/h2>\n<p>Za\u010diatok roka patril najdlh\u0161\u00edm downhillov\u00fdm pretekom na svete. Konali sa v\u00a0kolumbijskej Bogote a\u00a0ich \u0161pecialitou je, \u017ee sa jazdia cez mesto. <strong>Tra\u0165 m\u00e1 2,4 km a\u00a0jej hlavnou s\u00fa\u010das\u0165ou s\u00fa takzvan\u00e9 nekone\u010dn\u00e9 schody.<\/strong> Je to takmer p\u00e4\u0165min\u00fatov\u00fd zjazd po technicky n\u00e1ro\u010dnej trati. Pozrite si z\u00e1znam troch v\u00ed\u0165azn\u00fdch j\u00e1zd, o\u00a0ktor\u00e9 sa postarali Camilo Sanchez, Juan Velez a Marcelo Gutierrez.\n<lite-youtube videoid=q_sfXa0zv0k params=\"enablejsapi=1\" style=\"background-image: url('https:\/\/i.ytimg.com\/vi_webp\/q_sfXa0zv0k\/maxresdefault.webp');\"><\/lite-youtube>\n<h2><strong>27. 2. 2022 Red\u00a0Bull Valpara\u00edso Cerro Abajo<\/strong><\/h2>\n<p>Jazdcom, ktor\u00fdm nesta\u010dil zjazd po nekon\u010den\u00fdch schodoch, je ur\u010den\u00e1 downhillov\u00e1 tra\u0165 v\u00a0\u010dilskom meste Valpara\u00edso. <strong>Ani tu nech\u00fdbaj\u00fa schody, ale doplnen\u00e9 s\u00fa zlo\u017eit\u00fdmi z\u00e1krutami v\u00a0\u00fazkych uli\u010dk\u00e1ch<\/strong> a\u00a0dokonca aj prejazdmi cez vn\u00fatro budovy \u010di lodn\u00e9ho kontajnera. Nech\u00fdbaj\u00fa r\u00f4zne skoky a\u00a0most\u00edky. Striebro tento rok z\u00edskal \u010desk\u00fd biker Tom\u00e1\u0161 \u201eDate\u013e\u201c Slav\u00edk, jazdiaci hlavne discipl\u00ednu zvan\u00fa fourcross a\u00a0sl\u00e1viaci \u00faspechy na mnoh\u00fdch svetov\u00fdch podujatiach. Zlato odjazdil Pedro Ferrari a\u00a0bronz z\u00edskal Johannes Fischbach.\n<lite-youtube videoid=iAObhj-sU-k params=\"enablejsapi=1\" style=\"background-image: url('https:\/\/i.ytimg.com\/vi_webp\/iAObhj-sU-k\/maxresdefault.webp');\"><\/lite-youtube>\n<h2><strong>8. \u2013 15. 5. 2022 Red Bull Formation<\/strong><\/h2>\n<p>M\u00e1j patril freeridovej horskej cyklistike v\u00a0ju\u017enom Utahu. Zvl\u00e1\u0161tnos\u0165ou v\u0161ak je, \u017ee t\u00e1to akcia sa sna\u017e\u00ed podpori\u0165 \u017eensk\u00fa cyklistiku a\u00a0tak je to u\u017e tretia ed\u00edcia. \u0160t\u00fdl pr\u00edpravy je trochu podobn\u00fd popul\u00e1rnej Rampage, preto\u017ee cel\u00fa tra\u0165 si musia pretek\u00e1rky pripravi\u0165 sam\u00e9. <strong>Cie\u013eom je vysklada\u0165 si cel\u00fa tra\u0165 odhora a\u017e nadol, aby ste predviedli to najlep\u0161ie, \u010do vo v\u00e1s je.<\/strong> Bola to mo\u017enos\u0165 za\u017ei\u0165 \u017eensk\u00fd freeride MTB tak ako nikdy predt\u00fdm.\n<lite-youtube videoid=339NPLIEJy8 params=\"enablejsapi=1\" style=\"background-image: url('https:\/\/i.ytimg.com\/vi_webp\/339NPLIEJy8\/maxresdefault.webp');\"><\/lite-youtube>\n<h2><strong>16. \u2013 19. 6. 2022 Crankworx World Tour: Innsbruck<\/strong><\/h2>\n<p>Crankworx World Tour od\u0161tartovala tento rok v\u00a0Innsbrucku a\u00a0z\u00e1rove\u0148 to bola jedin\u00e1 zast\u00e1vka tejto tour v\u00a0Eur\u00f3pe. O\u00a0to viac si to eur\u00f3pski fan\u00fa\u0161ikovia cenili a\u00a0preto bola pre nich \u00fa\u010das\u0165 takmer povinn\u00e1. Aj po\u010dasie im prialo, preto\u017ee bol kr\u00e1sny de\u0148 a\u00a0\u00fapln\u00e9 bezvetrie, \u010do s\u00fa takmer dokonal\u00e9 podmienky na jazdu. S\u00fa\u010das\u0165ou tejto akcie v\u00a0Tirolsk\u00fdch Alp\u00e1ch boli aj s\u00fa\u0165a\u017ee King and Queen of Crankworx a Crankworx FMBA svetov\u00fd \u0161ampion\u00e1t v slopestyle. V\u00ed\u0165azmi sa stali Emil Johansson, Erik Fedko a Tim Bringer.\n<lite-youtube videoid=0k3OsBRrLWw params=\"enablejsapi=1\" style=\"background-image: url('https:\/\/i.ytimg.com\/vi_webp\/0k3OsBRrLWw\/maxresdefault.webp');\"><\/lite-youtube>\n<h2><strong>11. \u2013 14. 8. 2022 Crankworx World Tour<\/strong><\/h2>\n<p>\u010eal\u0161ie kol\u00e1 Crankworx World Tour sa odjazdili 11. \u2013 14. 8. 2022 v\u00a0kanadskom Whistleri, 6. \u2013 9. 10. 2022 v\u00a0austr\u00e1lskom Cairns a\u00a0z\u00e1ver sez\u00f3ny 10. \u2013 13. 11. 2022 patril mestu Rotorua na Novom Z\u00e9lande. <strong>Tu prebehlo ude\u013eovanie cien pre kr\u00e1\u013eovn\u00fa a\u00a0kr\u00e1\u013ea Crankworx<\/strong>, ktor\u00e9 z\u00edskali Caroline Buchanan a Bas Van Steenbergen. Nech\u00fdbalo ani ve\u013ekolep\u00e9 ukon\u010denie sez\u00f3ny.<br \/>\n<div data-rows=\"2\" id='gallery-1' class='gallery-rows-2 gallery galleryid-16223 gallery-columns-2 gallery-size-full'><figure class='gallery-item'>\n\t\t\t<div class='gallery-icon landscape'>\n\t\t\t\t<a href='https:\/\/d2p6e6u75xmxt8.cloudfront.net\/4\/2022\/12\/01.webp'><img loading=\"lazy\" decoding=\"async\" width=\"990\" height=\"660\" src=\"https:\/\/d2p6e6u75xmxt8.cloudfront.net\/4\/2022\/12\/01.webp\" class=\"attachment-full size-full\" alt=\"\" srcset=\"https:\/\/d2p6e6u75xmxt8.cloudfront.net\/4\/2022\/12\/01.webp 990w, https:\/\/d2p6e6u75xmxt8.cloudfront.net\/4\/2022\/12\/01-300x200.webp 300w, https:\/\/d2p6e6u75xmxt8.cloudfront.net\/4\/2022\/12\/01-768x512.webp 768w, https:\/\/d2p6e6u75xmxt8.cloudfront.net\/4\/2022\/12\/01-272x182.webp 272w\" sizes=\"auto, (max-width: 990px) 100vw, 990px\" \/><\/a>\n\t\t\t<\/div><\/figure><figure class='gallery-item'>\n\t\t\t<div class='gallery-icon landscape'>\n\t\t\t\t<a href='https:\/\/d2p6e6u75xmxt8.cloudfront.net\/4\/2022\/12\/02.webp'><img loading=\"lazy\" decoding=\"async\" width=\"990\" height=\"660\" src=\"https:\/\/d2p6e6u75xmxt8.cloudfront.net\/4\/2022\/12\/02.webp\" class=\"attachment-full size-full\" alt=\"\" srcset=\"https:\/\/d2p6e6u75xmxt8.cloudfront.net\/4\/2022\/12\/02.webp 990w, https:\/\/d2p6e6u75xmxt8.cloudfront.net\/4\/2022\/12\/02-300x200.webp 300w, https:\/\/d2p6e6u75xmxt8.cloudfront.net\/4\/2022\/12\/02-768x512.webp 768w, https:\/\/d2p6e6u75xmxt8.cloudfront.net\/4\/2022\/12\/02-272x182.webp 272w\" sizes=\"auto, (max-width: 990px) 100vw, 990px\" \/><\/a>\n\t\t\t<\/div><\/figure><figure class='gallery-item'>\n\t\t\t<div class='gallery-icon landscape'>\n\t\t\t\t<a href='https:\/\/d2p6e6u75xmxt8.cloudfront.net\/4\/2022\/12\/03.webp'><img loading=\"lazy\" decoding=\"async\" width=\"990\" height=\"660\" src=\"https:\/\/d2p6e6u75xmxt8.cloudfront.net\/4\/2022\/12\/03.webp\" class=\"attachment-full size-full\" alt=\"\" srcset=\"https:\/\/d2p6e6u75xmxt8.cloudfront.net\/4\/2022\/12\/03.webp 990w, https:\/\/d2p6e6u75xmxt8.cloudfront.net\/4\/2022\/12\/03-300x200.webp 300w, https:\/\/d2p6e6u75xmxt8.cloudfront.net\/4\/2022\/12\/03-768x512.webp 768w, https:\/\/d2p6e6u75xmxt8.cloudfront.net\/4\/2022\/12\/03-272x182.webp 272w\" sizes=\"auto, (max-width: 990px) 100vw, 990px\" \/><\/a>\n\t\t\t<\/div><\/figure><figure class='gallery-item'>\n\t\t\t<div class='gallery-icon landscape'>\n\t\t\t\t<a href='https:\/\/d2p6e6u75xmxt8.cloudfront.net\/4\/2022\/12\/04.webp'><img loading=\"lazy\" decoding=\"async\" width=\"990\" height=\"660\" src=\"https:\/\/d2p6e6u75xmxt8.cloudfront.net\/4\/2022\/12\/04.webp\" class=\"attachment-full size-full\" alt=\"\" srcset=\"https:\/\/d2p6e6u75xmxt8.cloudfront.net\/4\/2022\/12\/04.webp 990w, https:\/\/d2p6e6u75xmxt8.cloudfront.net\/4\/2022\/12\/04-300x200.webp 300w, https:\/\/d2p6e6u75xmxt8.cloudfront.net\/4\/2022\/12\/04-768x512.webp 768w, https:\/\/d2p6e6u75xmxt8.cloudfront.net\/4\/2022\/12\/04-272x182.webp 272w\" sizes=\"auto, (max-width: 990px) 100vw, 990px\" \/><\/a>\n\t\t\t<\/div><\/figure>\n\t\t<\/div>\n        <\/p>\n<h2><strong>3. 9. 2022 Red Bull District Ride<\/strong><\/h2>\n<p>Po piatich rokoch sa tieto preteky vr\u00e1tili do Norimbergu. T\u00e1to n\u00e1dhern\u00e1 metropola za\u017eila sviatok MTB slopestyle, ktorej sa z\u00fa\u010dastnili tie najv\u00e4\u010d\u0161ie hviezdy. <strong>Tra\u0165 viedla cez viacero \u0161tvrt\u00ed mesta, ktor\u00e9 okrem r\u00f4znej n\u00e1ro\u010dnosti pon\u00fakali aj n\u00e1dhern\u00e9 poh\u013eady na dominanty mesta.<\/strong> \u00da\u017easn\u00e1 bola aj \u00fa\u010das\u0165 120 tis\u00edcov\u00e9ho davu fan\u00fa\u0161ikov. V\u00ed\u0165azmi sa stali Emil Johansson, Nicholi Rogatkin a Erik Fedko.\n<lite-youtube videoid=t2CcDa1qQd0 params=\"enablejsapi=1\" style=\"background-image: url('https:\/\/i.ytimg.com\/vi_webp\/t2CcDa1qQd0\/maxresdefault.webp');\"><\/lite-youtube>\n<div class=\"shortcode-ys-post-pinup\"><article class=\"loop-simple post-16017 post type-post status-publish format-standard has-post-thumbnail hentry category-mtb tag-horska-cyklistika tag-jazda tag-mtb tag-outdoor tag-richard-gasperotti tag-rockgarden tag-trening\" data-postid=\"16017\" role=\"article\" data-post-id=\"16017\" data-word-count=\"420\" data-headline-length=\"36\" data-category=\"MTB\" data-author=\"Adam Marsal\" data-published=\"2022-11-03T10:00:11+01:00\" data-published-day=\"Thursday\">\n    <div class=\"entry-thumbnail article-thumbnail\" content=\"https:\/\/d2p6e6u75xmxt8.cloudfront.net\/4\/2022\/11\/Gaspi-Rock-Garden-CVR-150x150.webp\"><a href=\"https:\/\/www.welovecycling.com\/sk\/2022\/11\/03\/ako-zvladnut-rockgarden-s-graciou\/\" class=\"image-holder\" target=\"_self\"><img decoding=\"async\" loading=\"lazy\" class=\"\" src=\"https:\/\/d2p6e6u75xmxt8.cloudfront.net\/4\/2022\/11\/Gaspi-Rock-Garden-CVR.webp\" srcset=\"https:\/\/d2p6e6u75xmxt8.cloudfront.net\/4\/2022\/11\/Gaspi-Rock-Garden-CVR.webp 990w, https:\/\/d2p6e6u75xmxt8.cloudfront.net\/4\/2022\/11\/Gaspi-Rock-Garden-CVR-300x200.webp 300w, https:\/\/d2p6e6u75xmxt8.cloudfront.net\/4\/2022\/11\/Gaspi-Rock-Garden-CVR-768x512.webp 768w, https:\/\/d2p6e6u75xmxt8.cloudfront.net\/4\/2022\/11\/Gaspi-Rock-Garden-CVR-272x182.webp 272w\" width=\"990\" height=\"660\" sizes=\"auto, (min-width: 1200px) 300px, (min-width: 768px) 25vw, 100vw\" alt=\"ako-zvladnut-rockgarden-s-graciou\"\/><\/a><\/div>    <div class=\"entry-meta\">\n        <a class=\"label label-secondary post-category\" href=\"https:\/\/www.welovecycling.com\/sk\/category\/mtb\/\" title=\"MTB\">MTB<\/a>\n    <\/div>\n    <div class=\"entry-details\">\n        <a href=\"https:\/\/www.welovecycling.com\/sk\/2022\/11\/03\/ako-zvladnut-rockgarden-s-graciou\/\" class='entry-title-wrapper'>\n            <h3 class=\"entry-title\"><span>Ako zvl\u00e1dnu\u0165 rockgarden s gr\u00e1ciou<\/span><\/h3>\n        <\/a>\n    <\/div>\n    <\/article>\n<\/div>\n<h2><strong>11. 9. 2022 Red Bull Hardline<\/strong><\/h2>\n<p>Je to u\u017e \u00f4sma ed\u00edcia tejto cyklistickej show. Aj to sved\u010d\u00ed o\u00a0jej popularite. Ozna\u010duje sa ako najtvrd\u0161ie zjazdov\u00e9 podujatie v\u00a0horskej cyklistike na svete. <strong>Pre t\u00fdch, ktor\u00ed zvl\u00e1dnu v\u0161etky tie neuverite\u013en\u00e9 skoky, dropy a\u00a0ostatn\u00e9 technick\u00e9 n\u00e1strahy, \u010dak\u00e1 ocenenie skuto\u010dn\u00fdch prof\u00edkov.<\/strong> Medzi v\u00ed\u0165azov sa zap\u00edsali Jackson Goldstone, Joe Smith a Taylor Vernon.\n<lite-youtube videoid=4t3XO95sTaY params=\"enablejsapi=1\" style=\"background-image: url('https:\/\/i.ytimg.com\/vi_webp\/4t3XO95sTaY\/maxresdefault.webp');\"><\/lite-youtube>\n<h2><strong>21. 10. 2022 Red Bull RAMPAGE<\/strong><\/h2>\n<p>P\u00fa\u0161tne podmienky v\u00a0juhov\u00fdchodnom Utahu neodp\u00fa\u0161\u0165aj\u00fa \u017eiadne chyby. Tieto preteky s\u00fa jedny z\u00a0najsledovanej\u0161\u00edch na celom svete. <strong>Ich n\u00e1ro\u010dnos\u0165 je skuto\u010dne drsn\u00e1 a\u00a0triky jazdcov s\u00fa rok od roka n\u00e1ro\u010dnej\u0161ie.<\/strong> To, \u010do sa pre rokmi zdalo nemo\u017en\u00e9, sa teraz be\u017ene jazd\u00ed. Ale pr\u00edroda si tu aj tak rozhoduje najviac a\u00a0tento rok preteky skr\u00e1tilo vetern\u00e9 po\u010dasie na polovicu. Napriek tomu to bola skvel\u00e1 akcia.\n<lite-youtube videoid=EZVy-Wrncyg params=\"enablejsapi=1\" style=\"background-image: url('https:\/\/i.ytimg.com\/vi_webp\/EZVy-Wrncyg\/maxresdefault.webp');\"><\/lite-youtube>\n<p>Zdroj fotografi\u00ed: redbullcontentpool.com<\/p>\n","protected":false},"excerpt":{"rendered":"<p>Pozrime sa na \u00faspe\u0161n\u00fa Red Bull MTB sez\u00f3nu, ktor\u00e1 sa v\u00a0roku 2022 rozbehla skuto\u010dne naplno. U\u017eili si ju nielen pretek\u00e1ri, [&hellip;]<\/p>\n","protected":false},"author":170,"featured_media":16236,"comment_status":"open","ping_status":"open","sticky":false,"template":"","format":"standard","meta":{"footnotes":""},"categories":[3],"tags":[319,478,180,767,412,1453,722,302,370,315,304,1411,183],"global-categories":[1074],"class_list":["post-16223","post","type-post","status-publish","format-standard","has-post-thumbnail","hentry","category-mtb","tag-adrenalin","tag-akcia","tag-horska-cyklistika","tag-motivacia","tag-mtb","tag-mtb-jazda","tag-nebezpecenstvo","tag-red-bull","tag-red-bull-district-ride","tag-hardline","tag-rampage","tag-sezona-2022","tag-zabava","global-categories-cycling"],"yoast_head":"<!-- This site is optimized with the Yoast SEO Premium plugin v25.3 (Yoast SEO v25.9) - https:\/\/yoast.com\/wordpress\/plugins\/seo\/ -->\n<title>\u010co sme za\u017eili na Red Bull MTB sc\u00e9ne v\u00a0roku 2022 - \u0160koda We Love Cycling Slovensko<\/title>\n<meta name=\"description\" content=\"Pozrime sa na \u00faspe\u0161n\u00fa RED BULL MTB sez\u00f3nu, ktor\u00e1 sa v\u00a0roku 2022 rozbehla skuto\u010dne naplno. U\u017eili si ju nielen pretek\u00e1ri, ale aj fan\u00fa\u0161ikovia.\" \/>\n<meta name=\"robots\" content=\"index, follow, max-snippet:-1, max-image-preview:large, max-video-preview:-1\" \/>\n<link rel=\"canonical\" href=\"https:\/\/www.welovecycling.com\/sk\/2022\/12\/30\/co-sme-zazili-na-red-bull-mtb-scene-v-roku-2022\/\" \/>\n<meta property=\"og:locale\" content=\"sk_SK\" \/>\n<meta property=\"og:type\" content=\"article\" \/>\n<meta property=\"og:title\" content=\"\u010co sme za\u017eili na Red Bull MTB sc\u00e9ne v\u00a0roku 2022\" \/>\n<meta property=\"og:description\" content=\"Pozrime sa na \u00faspe\u0161n\u00fa RED BULL MTB sez\u00f3nu, ktor\u00e1 sa v\u00a0roku 2022 rozbehla skuto\u010dne naplno. U\u017eili si ju nielen pretek\u00e1ri, ale aj fan\u00fa\u0161ikovia.\" \/>\n<meta property=\"og:url\" content=\"https:\/\/www.welovecycling.com\/sk\/2022\/12\/30\/co-sme-zazili-na-red-bull-mtb-scene-v-roku-2022\/\" \/>\n<meta property=\"og:site_name\" content=\"\u0160koda We Love Cycling Slovensko\" \/>\n<meta property=\"article:published_time\" content=\"2022-12-30T08:00:54+00:00\" \/>\n<meta property=\"og:image\" content=\"https:\/\/d2p6e6u75xmxt8.cloudfront.net\/4\/2022\/12\/RedBull_00.webp\" \/>\n\t<meta property=\"og:image:width\" content=\"990\" \/>\n\t<meta property=\"og:image:height\" content=\"660\" \/>\n\t<meta property=\"og:image:type\" content=\"image\/webp\" \/>\n<meta name=\"author\" content=\"miksakova\" \/>\n<meta name=\"twitter:card\" content=\"summary_large_image\" \/>\n<meta name=\"twitter:label1\" content=\"Written by\" \/>\n\t<meta name=\"twitter:data1\" content=\"Adam Marsal\" \/>\n\t<meta name=\"twitter:label2\" content=\"Est. reading time\" \/>\n\t<meta name=\"twitter:data2\" content=\"5\" \/>\n<script type=\"application\/ld+json\" class=\"yoast-schema-graph\">{\"@context\":\"https:\/\/schema.org\",\"@graph\":[{\"@type\":\"WebPage\",\"@id\":\"https:\/\/www.welovecycling.com\/sk\/2022\/12\/30\/co-sme-zazili-na-red-bull-mtb-scene-v-roku-2022\/\",\"url\":\"https:\/\/www.welovecycling.com\/sk\/2022\/12\/30\/co-sme-zazili-na-red-bull-mtb-scene-v-roku-2022\/\",\"name\":\"\u010co sme za\u017eili na Red Bull MTB sc\u00e9ne v\u00a0roku 2022 - \u0160koda We Love Cycling Slovensko\",\"isPartOf\":{\"@id\":\"https:\/\/www.welovecycling.com\/sk\/#website\"},\"primaryImageOfPage\":{\"@id\":\"https:\/\/www.welovecycling.com\/sk\/2022\/12\/30\/co-sme-zazili-na-red-bull-mtb-scene-v-roku-2022\/#primaryimage\"},\"image\":{\"@id\":\"https:\/\/www.welovecycling.com\/sk\/2022\/12\/30\/co-sme-zazili-na-red-bull-mtb-scene-v-roku-2022\/#primaryimage\"},\"thumbnailUrl\":\"https:\/\/d2p6e6u75xmxt8.cloudfront.net\/4\/2022\/12\/RedBull_00.webp\",\"datePublished\":\"2022-12-30T08:00:54+00:00\",\"author\":{\"@id\":\"https:\/\/www.welovecycling.com\/sk\/#\/schema\/person\/c6ce5af9dceed219d84a07d2ffa2cad9\"},\"description\":\"Pozrime sa na \u00faspe\u0161n\u00fa RED BULL MTB sez\u00f3nu, ktor\u00e1 sa v\u00a0roku 2022 rozbehla skuto\u010dne naplno. U\u017eili si ju nielen pretek\u00e1ri, ale aj fan\u00fa\u0161ikovia.\",\"breadcrumb\":{\"@id\":\"https:\/\/www.welovecycling.com\/sk\/2022\/12\/30\/co-sme-zazili-na-red-bull-mtb-scene-v-roku-2022\/#breadcrumb\"},\"inLanguage\":\"sk-SK\",\"potentialAction\":[{\"@type\":\"ReadAction\",\"target\":[\"https:\/\/www.welovecycling.com\/sk\/2022\/12\/30\/co-sme-zazili-na-red-bull-mtb-scene-v-roku-2022\/\"]}]},{\"@type\":\"ImageObject\",\"inLanguage\":\"sk-SK\",\"@id\":\"https:\/\/www.welovecycling.com\/sk\/2022\/12\/30\/co-sme-zazili-na-red-bull-mtb-scene-v-roku-2022\/#primaryimage\",\"url\":\"https:\/\/d2p6e6u75xmxt8.cloudfront.net\/4\/2022\/12\/RedBull_00.webp\",\"contentUrl\":\"https:\/\/d2p6e6u75xmxt8.cloudfront.net\/4\/2022\/12\/RedBull_00.webp\",\"width\":990,\"height\":660},{\"@type\":\"BreadcrumbList\",\"@id\":\"https:\/\/www.welovecycling.com\/sk\/2022\/12\/30\/co-sme-zazili-na-red-bull-mtb-scene-v-roku-2022\/#breadcrumb\",\"itemListElement\":[{\"@type\":\"ListItem\",\"position\":1,\"name\":\"Home\",\"item\":\"https:\/\/www.welovecycling.com\/sk\/\"},{\"@type\":\"ListItem\",\"position\":2,\"name\":\"\u010co sme za\u017eili na Red Bull MTB sc\u00e9ne v\u00a0roku 2022\"}]},{\"@type\":\"WebSite\",\"@id\":\"https:\/\/www.welovecycling.com\/sk\/#website\",\"url\":\"https:\/\/www.welovecycling.com\/sk\/\",\"name\":\"\u0160koda We Love Cycling Slovensko\",\"description\":\"\u0160koda We Love Cycling Slovensko je v\u00e1\u0161 ka\u017edodenn\u00fd zdroj noviniek a in\u0161pir\u00e1cie z sveta cyklistiky\",\"potentialAction\":[{\"@type\":\"SearchAction\",\"target\":{\"@type\":\"EntryPoint\",\"urlTemplate\":\"https:\/\/www.welovecycling.com\/sk\/?s={search_term_string}\"},\"query-input\":{\"@type\":\"PropertyValueSpecification\",\"valueRequired\":true,\"valueName\":\"search_term_string\"}}],\"inLanguage\":\"sk-SK\"},{\"@type\":\"Person\",\"@id\":\"https:\/\/www.welovecycling.com\/sk\/#\/schema\/person\/c6ce5af9dceed219d84a07d2ffa2cad9\",\"name\":\"miksakova\",\"image\":{\"@type\":\"ImageObject\",\"inLanguage\":\"sk-SK\",\"@id\":\"https:\/\/www.welovecycling.com\/sk\/#\/schema\/person\/image\/\",\"url\":\"https:\/\/secure.gravatar.com\/avatar\/3663fb8acb50de04150ea6f7afc1bc15aba80aad4bf92aee01bd38a79084eb7a?s=96&d=mm&r=g\",\"contentUrl\":\"https:\/\/secure.gravatar.com\/avatar\/3663fb8acb50de04150ea6f7afc1bc15aba80aad4bf92aee01bd38a79084eb7a?s=96&d=mm&r=g\",\"caption\":\"miksakova\"},\"url\":\"https:\/\/www.welovecycling.com\/sk\/author\/miksakova\/\"}]}<\/script>\n<!-- \/ Yoast SEO Premium plugin. -->","yoast_head_json":{"title":"\u010co sme za\u017eili na Red Bull MTB sc\u00e9ne v\u00a0roku 2022 - \u0160koda We Love Cycling Slovensko","description":"Pozrime sa na \u00faspe\u0161n\u00fa RED BULL MTB sez\u00f3nu, ktor\u00e1 sa v\u00a0roku 2022 rozbehla skuto\u010dne naplno. U\u017eili si ju nielen pretek\u00e1ri, ale aj fan\u00fa\u0161ikovia.","robots":{"index":"index","follow":"follow","max-snippet":"max-snippet:-1","max-image-preview":"max-image-preview:large","max-video-preview":"max-video-preview:-1"},"canonical":"https:\/\/www.welovecycling.com\/sk\/2022\/12\/30\/co-sme-zazili-na-red-bull-mtb-scene-v-roku-2022\/","og_locale":"sk_SK","og_type":"article","og_title":"\u010co sme za\u017eili na Red Bull MTB sc\u00e9ne v\u00a0roku 2022","og_description":"Pozrime sa na \u00faspe\u0161n\u00fa RED BULL MTB sez\u00f3nu, ktor\u00e1 sa v\u00a0roku 2022 rozbehla skuto\u010dne naplno. U\u017eili si ju nielen pretek\u00e1ri, ale aj fan\u00fa\u0161ikovia.","og_url":"https:\/\/www.welovecycling.com\/sk\/2022\/12\/30\/co-sme-zazili-na-red-bull-mtb-scene-v-roku-2022\/","og_site_name":"\u0160koda We Love Cycling Slovensko","article_published_time":"2022-12-30T08:00:54+00:00","og_image":[{"width":990,"height":660,"url":"https:\/\/d2p6e6u75xmxt8.cloudfront.net\/4\/2022\/12\/RedBull_00.webp","type":"image\/webp"}],"author":"miksakova","twitter_card":"summary_large_image","twitter_misc":{"Written by":"Adam Marsal","Est. reading time":"5"},"schema":{"@context":"https:\/\/schema.org","@graph":[{"@type":"WebPage","@id":"https:\/\/www.welovecycling.com\/sk\/2022\/12\/30\/co-sme-zazili-na-red-bull-mtb-scene-v-roku-2022\/","url":"https:\/\/www.welovecycling.com\/sk\/2022\/12\/30\/co-sme-zazili-na-red-bull-mtb-scene-v-roku-2022\/","name":"\u010co sme za\u017eili na Red Bull MTB sc\u00e9ne v\u00a0roku 2022 - \u0160koda We Love Cycling Slovensko","isPartOf":{"@id":"https:\/\/www.welovecycling.com\/sk\/#website"},"primaryImageOfPage":{"@id":"https:\/\/www.welovecycling.com\/sk\/2022\/12\/30\/co-sme-zazili-na-red-bull-mtb-scene-v-roku-2022\/#primaryimage"},"image":{"@id":"https:\/\/www.welovecycling.com\/sk\/2022\/12\/30\/co-sme-zazili-na-red-bull-mtb-scene-v-roku-2022\/#primaryimage"},"thumbnailUrl":"https:\/\/d2p6e6u75xmxt8.cloudfront.net\/4\/2022\/12\/RedBull_00.webp","datePublished":"2022-12-30T08:00:54+00:00","author":{"@id":"https:\/\/www.welovecycling.com\/sk\/#\/schema\/person\/c6ce5af9dceed219d84a07d2ffa2cad9"},"description":"Pozrime sa na \u00faspe\u0161n\u00fa RED BULL MTB sez\u00f3nu, ktor\u00e1 sa v\u00a0roku 2022 rozbehla skuto\u010dne naplno. U\u017eili si ju nielen pretek\u00e1ri, ale aj fan\u00fa\u0161ikovia.","breadcrumb":{"@id":"https:\/\/www.welovecycling.com\/sk\/2022\/12\/30\/co-sme-zazili-na-red-bull-mtb-scene-v-roku-2022\/#breadcrumb"},"inLanguage":"sk-SK","potentialAction":[{"@type":"ReadAction","target":["https:\/\/www.welovecycling.com\/sk\/2022\/12\/30\/co-sme-zazili-na-red-bull-mtb-scene-v-roku-2022\/"]}]},{"@type":"ImageObject","inLanguage":"sk-SK","@id":"https:\/\/www.welovecycling.com\/sk\/2022\/12\/30\/co-sme-zazili-na-red-bull-mtb-scene-v-roku-2022\/#primaryimage","url":"https:\/\/d2p6e6u75xmxt8.cloudfront.net\/4\/2022\/12\/RedBull_00.webp","contentUrl":"https:\/\/d2p6e6u75xmxt8.cloudfront.net\/4\/2022\/12\/RedBull_00.webp","width":990,"height":660},{"@type":"BreadcrumbList","@id":"https:\/\/www.welovecycling.com\/sk\/2022\/12\/30\/co-sme-zazili-na-red-bull-mtb-scene-v-roku-2022\/#breadcrumb","itemListElement":[{"@type":"ListItem","position":1,"name":"Home","item":"https:\/\/www.welovecycling.com\/sk\/"},{"@type":"ListItem","position":2,"name":"\u010co sme za\u017eili na Red Bull MTB sc\u00e9ne v\u00a0roku 2022"}]},{"@type":"WebSite","@id":"https:\/\/www.welovecycling.com\/sk\/#website","url":"https:\/\/www.welovecycling.com\/sk\/","name":"\u0160koda We Love Cycling Slovensko","description":"\u0160koda We Love Cycling Slovensko je v\u00e1\u0161 ka\u017edodenn\u00fd zdroj noviniek a in\u0161pir\u00e1cie z sveta cyklistiky","potentialAction":[{"@type":"SearchAction","target":{"@type":"EntryPoint","urlTemplate":"https:\/\/www.welovecycling.com\/sk\/?s={search_term_string}"},"query-input":{"@type":"PropertyValueSpecification","valueRequired":true,"valueName":"search_term_string"}}],"inLanguage":"sk-SK"},{"@type":"Person","@id":"https:\/\/www.welovecycling.com\/sk\/#\/schema\/person\/c6ce5af9dceed219d84a07d2ffa2cad9","name":"miksakova","image":{"@type":"ImageObject","inLanguage":"sk-SK","@id":"https:\/\/www.welovecycling.com\/sk\/#\/schema\/person\/image\/","url":"https:\/\/secure.gravatar.com\/avatar\/3663fb8acb50de04150ea6f7afc1bc15aba80aad4bf92aee01bd38a79084eb7a?s=96&d=mm&r=g","contentUrl":"https:\/\/secure.gravatar.com\/avatar\/3663fb8acb50de04150ea6f7afc1bc15aba80aad4bf92aee01bd38a79084eb7a?s=96&d=mm&r=g","caption":"miksakova"},"url":"https:\/\/www.welovecycling.com\/sk\/author\/miksakova\/"}]}},"_links":{"self":[{"href":"https:\/\/www.welovecycling.com\/sk\/wp-json\/wp\/v2\/posts\/16223","targetHints":{"allow":["GET"]}}],"collection":[{"href":"https:\/\/www.welovecycling.com\/sk\/wp-json\/wp\/v2\/posts"}],"about":[{"href":"https:\/\/www.welovecycling.com\/sk\/wp-json\/wp\/v2\/types\/post"}],"author":[{"embeddable":true,"href":"https:\/\/www.welovecycling.com\/sk\/wp-json\/wp\/v2\/users\/170"}],"replies":[{"embeddable":true,"href":"https:\/\/www.welovecycling.com\/sk\/wp-json\/wp\/v2\/comments?post=16223"}],"version-history":[{"count":2,"href":"https:\/\/www.welovecycling.com\/sk\/wp-json\/wp\/v2\/posts\/16223\/revisions"}],"predecessor-version":[{"id":16457,"href":"https:\/\/www.welovecycling.com\/sk\/wp-json\/wp\/v2\/posts\/16223\/revisions\/16457"}],"wp:featuredmedia":[{"embeddable":true,"href":"https:\/\/www.welovecycling.com\/sk\/wp-json\/wp\/v2\/media\/16236"}],"wp:attachment":[{"href":"https:\/\/www.welovecycling.com\/sk\/wp-json\/wp\/v2\/media?parent=16223"}],"wp:term":[{"taxonomy":"category","embeddable":true,"href":"https:\/\/www.welovecycling.com\/sk\/wp-json\/wp\/v2\/categories?post=16223"},{"taxonomy":"post_tag","embeddable":true,"href":"https:\/\/www.welovecycling.com\/sk\/wp-json\/wp\/v2\/tags?post=16223"},{"taxonomy":"global-categories","embeddable":true,"href":"https:\/\/www.welovecycling.com\/sk\/wp-json\/wp\/v2\/global-categories?post=16223"}],"curies":[{"name":"wp","href":"https:\/\/api.w.org\/{rel}","templated":true}]}}