{"id":16197,"date":"2022-12-07T14:00:25","date_gmt":"2022-12-07T13:00:25","guid":{"rendered":"https:\/\/www.welovecycling.com\/sk\/?p=16197"},"modified":"2022-12-07T11:46:10","modified_gmt":"2022-12-07T10:46:10","slug":"vianocne-darceky-pre-deti-povzbudte-ich-chut-sportovat","status":"publish","type":"post","link":"https:\/\/www.welovecycling.com\/sk\/2022\/12\/07\/vianocne-darceky-pre-deti-povzbudte-ich-chut-sportovat\/","title":{"rendered":"Viano\u010dn\u00e9 dar\u010deky pre deti \u2013 povzbu\u010fte ich chu\u0165 \u0161portova\u0165"},"content":{"rendered":"<p><strong>\u010ci u\u017e je to nov\u00fd bicykel, alebo len nejak\u00e1 drobnos\u0165, v\u0161etko die\u0165a pote\u0161\u00ed a\u00a0povzbud\u00ed jeho chu\u0165 bicyklova\u0165. S\u00fa to s\u00edce dar\u010deky pod strom\u010dek, ale ur\u010dite bud\u00fa po\u010das sez\u00f3ny dokonale vyu\u017eit\u00e9. A\u00a0v\u00a0neposlednom rade bud\u00fa ma\u0165 rados\u0165 aj rodi\u010dia, ktor\u00ed v\u00a0nich podporia chu\u0165 \u0161portova\u0165.<\/strong><!--more--><\/p>\n<h2><strong>Prilba na bicykel<\/strong><\/h2>\n<p>Prilba je d\u00f4le\u017eitou v\u00fdbavou rovnako dospel\u00fdch ako aj det\u00ed. Ak u\u017e va\u0161e die\u0165a prilbu m\u00e1, treba zv\u00e1\u017ei\u0165, \u010di je v\u00a0dobrom stave, <strong>preto\u017ee bezpe\u010dnos\u0165 je na prvom mieste a\u00a0pr\u00edpadn\u00e1 prasklina v\u00e1\u017ene ohrozuje jej funk\u010dnos\u0165<\/strong>. <a href=\"https:\/\/www.mtbiker.sk\/shop\/prilby\/detske-prilby\/woom-detska-prilba-zlta-.html#138276\" rel=\"noopener\" target=\"_blank\">Prilba Woom<\/a> v\u00a0\u017eltej farbe bude na ceste dobre vidite\u013en\u00e1 a\u00a0navy\u0161e m\u00e1 roz\u0161\u00edren\u00fa ochranu zadnej \u010dasti hlavy. V\u00fdborn\u00fdm doplnkom je aj magnetick\u00e9 zap\u00ednanie, ktor\u00e9 de\u0165om u\u013eah\u010d\u00ed jej nasadzovanie a\u00a0nestane sa, \u017ee va\u0161e die\u0165a bude jazdi\u0165 s\u00a0odopnutou prilbou len kv\u00f4li tomu, \u017ee si nevedelo zapn\u00fa\u0165 klasick\u00fd klip.<\/p>\n<p><a href=\"https:\/\/d2p6e6u75xmxt8.cloudfront.net\/4\/2022\/12\/04_helm_schraeg_yellow_1_d05313a5-e4ca-43ea-83e5-63d879000a63.webp\"><img loading=\"lazy\" decoding=\"async\" src=\"https:\/\/d2p6e6u75xmxt8.cloudfront.net\/4\/2022\/12\/04_helm_schraeg_yellow_1_d05313a5-e4ca-43ea-83e5-63d879000a63.webp\" alt=\"\" width=\"990\" height=\"660\" class=\"alignnone size-full wp-image-16212\" srcset=\"https:\/\/d2p6e6u75xmxt8.cloudfront.net\/4\/2022\/12\/04_helm_schraeg_yellow_1_d05313a5-e4ca-43ea-83e5-63d879000a63.webp 990w, https:\/\/d2p6e6u75xmxt8.cloudfront.net\/4\/2022\/12\/04_helm_schraeg_yellow_1_d05313a5-e4ca-43ea-83e5-63d879000a63-300x200.webp 300w, https:\/\/d2p6e6u75xmxt8.cloudfront.net\/4\/2022\/12\/04_helm_schraeg_yellow_1_d05313a5-e4ca-43ea-83e5-63d879000a63-768x512.webp 768w, https:\/\/d2p6e6u75xmxt8.cloudfront.net\/4\/2022\/12\/04_helm_schraeg_yellow_1_d05313a5-e4ca-43ea-83e5-63d879000a63-272x182.webp 272w\" sizes=\"auto, (max-width: 990px) 100vw, 990px\" \/><\/a><\/p>\n<h2><strong>Svetlo na bicykel<\/strong><\/h2>\n<p>V\u00a0pr\u00edpade, ak v\u00e1m ch\u00fdba v\u00a0bal\u00ed\u010dku pre die\u0165a u\u017e len drobnos\u0165, toto svetielko zaru\u010dene pote\u0161\u00ed a\u00a0pobav\u00ed. A\u00a0navy\u0161e ho deti rady pou\u017e\u00edvaj\u00fa. Je to preto, \u017ee <a href=\"https:\/\/store.kellysbike.com\/zadne-osvetlenie\/piggy-pink_6105\" rel=\"noopener\" target=\"_blank\">svetlo je v\u00a0tvare prasiatka<\/a>, ktor\u00e9mu na \u010derveno svietia o\u010di. <strong>Sveteln\u00fd zdroj s\u00fa 2x LED, je vodovzdorn\u00e9 a\u00a0v\u00fddr\u017e bat\u00e9rie je a\u017e 70 hod\u00edn.<\/strong> M\u00e1 dve funkcie a\u00a0to svietenie a\u00a0blikanie. Skr\u00e1tka svetielko va\u0161e die\u0165a rozvesel\u00ed v\u017edy, ke\u010f ho zapne a\u00a0vy budete ma\u0165 dobr\u00fd pocit, \u017ee ho je na bicykli o\u00a0nie\u010do viac vidie\u0165. <\/p>\n<p><a href=\"https:\/\/d2p6e6u75xmxt8.cloudfront.net\/4\/2022\/12\/6105_piggy_pink1.webp\"><img loading=\"lazy\" decoding=\"async\" src=\"https:\/\/d2p6e6u75xmxt8.cloudfront.net\/4\/2022\/12\/6105_piggy_pink1.webp\" alt=\"\" width=\"990\" height=\"660\" class=\"alignnone size-full wp-image-16213\" srcset=\"https:\/\/d2p6e6u75xmxt8.cloudfront.net\/4\/2022\/12\/6105_piggy_pink1.webp 990w, https:\/\/d2p6e6u75xmxt8.cloudfront.net\/4\/2022\/12\/6105_piggy_pink1-300x200.webp 300w, https:\/\/d2p6e6u75xmxt8.cloudfront.net\/4\/2022\/12\/6105_piggy_pink1-768x512.webp 768w, https:\/\/d2p6e6u75xmxt8.cloudfront.net\/4\/2022\/12\/6105_piggy_pink1-272x182.webp 272w\" sizes=\"auto, (max-width: 990px) 100vw, 990px\" \/><\/a><\/p>\n<h2><strong>\u010celovka<\/strong><\/h2>\n<p>Povedzte mi, ktor\u00e9 die\u0165a nepote\u0161\u00ed \u010delovka. Nie je to s\u00edce vyslovene doplnok na bicykel, ale v\u00a0pr\u00edpade, \u017ee s\u00a0de\u0165mi chod\u00edte napr\u00edklad beh\u00e1va\u0165, alebo na turistiku do lesa, bude to perfektn\u00fd doplnok na skor\u00e9 zimn\u00e9 ve\u010dery. <a href=\"https:\/\/www.knog.sk\/produkt\/celovka-bilby-run-400-lm\/6649\" rel=\"noopener\" target=\"_blank\">\u010celovka<\/a> m\u00e1 svietivos\u0165 400 l\u00famenov a\u00a0to je u\u017e skuto\u010dne dos\u0165 svetla. M\u00e1 7 predprogramovan\u00fdch re\u017eimov s\u00a0v\u00fddr\u017eou bat\u00e9rie a\u017e 100 hod\u00edn. <strong>V\u010faka priesvitn\u00e9mu silik\u00f3nov\u00e9mu p\u00e1siku svetlo presvit\u00e1 aj do str\u00e1n, tak\u017ee je zabezpe\u010den\u00e1 vidite\u013enos\u0165 aj zboku.<\/strong> <\/p>\n<p><a href=\"https:\/\/d2p6e6u75xmxt8.cloudfront.net\/4\/2022\/12\/celovka.webp\"><img loading=\"lazy\" decoding=\"async\" src=\"https:\/\/d2p6e6u75xmxt8.cloudfront.net\/4\/2022\/12\/celovka.webp\" alt=\"\" width=\"990\" height=\"660\" class=\"alignnone size-full wp-image-16216\" srcset=\"https:\/\/d2p6e6u75xmxt8.cloudfront.net\/4\/2022\/12\/celovka.webp 990w, https:\/\/d2p6e6u75xmxt8.cloudfront.net\/4\/2022\/12\/celovka-300x200.webp 300w, https:\/\/d2p6e6u75xmxt8.cloudfront.net\/4\/2022\/12\/celovka-768x512.webp 768w, https:\/\/d2p6e6u75xmxt8.cloudfront.net\/4\/2022\/12\/celovka-272x182.webp 272w\" sizes=\"auto, (max-width: 990px) 100vw, 990px\" \/><\/a><\/p>\n<h2><strong>Z\u00e1mok na bicykel<\/strong><\/h2>\n<p>Ak va\u0161e die\u0165a jazd\u00ed na bicykli do \u0161koly, alebo chod\u00ed za kamar\u00e1tmi, ur\u010dite si ob\u010das potrebuje bicykel uzamkn\u00fa\u0165, aby sa nestalo, \u017ee domov p\u00f4jde pe\u0161o. A\u00a0pr\u00e1ve preto sa v\u017edy z\u00edde <a href=\"https:\/\/store.kellysbike.com\/zamky\/loop-green_9094\" rel=\"noopener\" target=\"_blank\">kvalitn\u00fd z\u00e1mok<\/a>. <strong>Tento je v\u010faka k\u00e1blovej kon\u0161trukcii pomerne \u013eahk\u00fd, ale zato dostato\u010dne bezpe\u010dn\u00fd.<\/strong> Je jednoduch\u00fd na manipul\u00e1ciu a\u00a0dod\u00e1va sa s\u00a0dvoma k\u013e\u00fa\u010dmi. To pre istotu, keby sa jeden k\u013e\u00fa\u010d stratil, ako sa to de\u0165om pomerne \u010dasto st\u00e1va, v\u0161ak\u017ee. <\/p>\n<p><a href=\"https:\/\/d2p6e6u75xmxt8.cloudfront.net\/4\/2022\/12\/9094_loop-1.webp\"><img loading=\"lazy\" decoding=\"async\" src=\"https:\/\/d2p6e6u75xmxt8.cloudfront.net\/4\/2022\/12\/9094_loop-1.webp\" alt=\"\" width=\"990\" height=\"660\" class=\"alignnone size-full wp-image-16215\" srcset=\"https:\/\/d2p6e6u75xmxt8.cloudfront.net\/4\/2022\/12\/9094_loop-1.webp 990w, https:\/\/d2p6e6u75xmxt8.cloudfront.net\/4\/2022\/12\/9094_loop-1-300x200.webp 300w, https:\/\/d2p6e6u75xmxt8.cloudfront.net\/4\/2022\/12\/9094_loop-1-768x512.webp 768w, https:\/\/d2p6e6u75xmxt8.cloudfront.net\/4\/2022\/12\/9094_loop-1-272x182.webp 272w\" sizes=\"auto, (max-width: 990px) 100vw, 990px\" \/><\/a><\/p>\n<h2><strong>Ko\u0161\u00edk na bicykel<\/strong><\/h2>\n<p>Ka\u017ed\u00fd cyklista si potrebuje na v\u00fdjazd vzia\u0165 d\u00f4le\u017eit\u00e9 drobnosti. Ani va\u0161e die\u0165a nie je v\u00fdnimkou, \u010di u\u017e je to doplnenie energie \u2013 \u010di\u017ee sladkosti, alebo nejak\u00e9 to rozpt\u00fdlenie v\u00a0podobe ob\u013e\u00fabenej hra\u010dky. <a href=\"https:\/\/firstbike.sk\/Produkt\/pink-basket\/\" rel=\"noopener\" target=\"_blank\">Ko\u0161\u00edk<\/a> je dostato\u010dne priestrann\u00fd a\u00a0vyroben\u00fd je z\u00a0odoln\u00e9ho plastu, <strong>ktor\u00fd skuto\u010dne vydr\u017e\u00ed v\u0161etky n\u00e1razy a\u00a0\u010doko\u013evek ho po\u010das detskej jazdy postretne<\/strong>. Dostupn\u00fd je vo viacer\u00fdch farb\u00e1ch, tak\u017ee vybra\u0165 viete rovnako pre chlapca ako aj pre diev\u010da. <\/p>\n<p><a href=\"https:\/\/d2p6e6u75xmxt8.cloudfront.net\/4\/2022\/12\/pink-basket1.webp\"><img loading=\"lazy\" decoding=\"async\" src=\"https:\/\/d2p6e6u75xmxt8.cloudfront.net\/4\/2022\/12\/pink-basket1.webp\" alt=\"\" width=\"990\" height=\"660\" class=\"alignnone size-full wp-image-16217\" srcset=\"https:\/\/d2p6e6u75xmxt8.cloudfront.net\/4\/2022\/12\/pink-basket1.webp 990w, https:\/\/d2p6e6u75xmxt8.cloudfront.net\/4\/2022\/12\/pink-basket1-300x200.webp 300w, https:\/\/d2p6e6u75xmxt8.cloudfront.net\/4\/2022\/12\/pink-basket1-768x512.webp 768w, https:\/\/d2p6e6u75xmxt8.cloudfront.net\/4\/2022\/12\/pink-basket1-272x182.webp 272w\" sizes=\"auto, (max-width: 990px) 100vw, 990px\" \/><\/a><\/p>\n<h2><strong>Odr\u00e1\u017eadlo<\/strong><\/h2>\n<p>Pod strom\u010dek v\u017edy patril bicykel a\u00a0urobil u\u017e rados\u0165 mnoh\u00fdm gener\u00e1ci\u00e1m det\u00ed. A\u00a0inak to nemus\u00ed by\u0165 ani u\u00a0v\u00e1s. Pre t\u00fdch najmen\u0161\u00edch je vhodn\u00e9 <a href=\"https:\/\/firstbike.sk\/Produkt\/firstbike-street-orange\/\" rel=\"noopener\" target=\"_blank\">odr\u00e1\u017eadlo<\/a>, na ktorom sa nau\u010dia z\u00e1klady jazdy. Pridan\u00e1 bubnov\u00e1 brzda zaru\u010d\u00ed bezpe\u010dn\u00e9 zastavenie v\u017edy, ke\u010f to die\u0165a bude potrebova\u0165. Odoln\u00fd r\u00e1m vstreb\u00e1va nerovnosti ter\u00e9nu a\u00a0chr\u00e1ni tak chrbticu v\u00e1\u0161ho die\u0165a\u0165a. <strong>Pre zv\u00fd\u0161enie bezpe\u010dnosti s\u00fa na riadidl\u00e1ch kvalitn\u00e9 gripy a\u00a0samozrejmos\u0165ou s\u00fa aj reflexn\u00e9 prvky.<\/strong> <\/p>\n<p><a href=\"https:\/\/d2p6e6u75xmxt8.cloudfront.net\/4\/2022\/12\/Street-Orange-1.webp\"><img loading=\"lazy\" decoding=\"async\" src=\"https:\/\/d2p6e6u75xmxt8.cloudfront.net\/4\/2022\/12\/Street-Orange-1.webp\" alt=\"\" width=\"990\" height=\"660\" class=\"alignnone size-full wp-image-16218\" srcset=\"https:\/\/d2p6e6u75xmxt8.cloudfront.net\/4\/2022\/12\/Street-Orange-1.webp 990w, https:\/\/d2p6e6u75xmxt8.cloudfront.net\/4\/2022\/12\/Street-Orange-1-300x200.webp 300w, https:\/\/d2p6e6u75xmxt8.cloudfront.net\/4\/2022\/12\/Street-Orange-1-768x512.webp 768w, https:\/\/d2p6e6u75xmxt8.cloudfront.net\/4\/2022\/12\/Street-Orange-1-272x182.webp 272w\" sizes=\"auto, (max-width: 990px) 100vw, 990px\" \/><\/a><\/p>\n<h2><strong>Prv\u00fd bicykel<\/strong><\/h2>\n<p>Ak m\u00e1te die\u0165a, ktor\u00e9 u\u017e z\u00a0odr\u00e1\u017eadla vyr\u00e1stlo, je na\u010dase prejs\u0165 na prv\u00fd skuto\u010dn\u00fd bicykel. <a href=\"https:\/\/www.mtbiker.sk\/shop\/bicykle\/detske-bicykle\/20-palcove\/bungi-bungi-lite-20-detsky-bicykel-modra.html#479492\" rel=\"noopener\" target=\"_blank\">Tento model<\/a> m\u00e1 odpor\u00fa\u010dan\u00fd vek 6 a\u017e 9 rokov. R\u00e1m je hlin\u00edkov\u00fd a\u00a0koles\u00e1 maj\u00fa ve\u013ekos\u0165 20\u201c. Bicykel m\u00e1 v\u0161etko, \u010do mal\u00fd cyklista potrebuje a\u00a0samozrejmos\u0165ou s\u00fa aj prehadzova\u010dky \u010di spo\u013eahliv\u00e9 brzdy. <strong>Brzdov\u00e9 p\u00e1ky s\u00fa prisp\u00f4soben\u00e9 pre detsk\u00fa ruku, aby boli \u013eahko dosiahnute\u013en\u00e9 a\u00a0ich obsluha bola jednoduch\u00e1.<\/strong> Ergonomick\u00e9 gripy zabezpe\u010dia dobr\u00fa pri\u013enavos\u0165 ruky. <\/p>\n<p><a href=\"https:\/\/d2p6e6u75xmxt8.cloudfront.net\/4\/2022\/12\/6068_20-modra-2.webp\"><img loading=\"lazy\" decoding=\"async\" src=\"https:\/\/d2p6e6u75xmxt8.cloudfront.net\/4\/2022\/12\/6068_20-modra-2.webp\" alt=\"\" width=\"990\" height=\"660\" class=\"alignnone size-full wp-image-16219\" srcset=\"https:\/\/d2p6e6u75xmxt8.cloudfront.net\/4\/2022\/12\/6068_20-modra-2.webp 990w, https:\/\/d2p6e6u75xmxt8.cloudfront.net\/4\/2022\/12\/6068_20-modra-2-300x200.webp 300w, https:\/\/d2p6e6u75xmxt8.cloudfront.net\/4\/2022\/12\/6068_20-modra-2-768x512.webp 768w, https:\/\/d2p6e6u75xmxt8.cloudfront.net\/4\/2022\/12\/6068_20-modra-2-272x182.webp 272w\" sizes=\"auto, (max-width: 990px) 100vw, 990px\" \/><\/a><\/p>\n","protected":false},"excerpt":{"rendered":"<p>\u010ci u\u017e je to nov\u00fd bicykel, alebo len nejak\u00e1 drobnos\u0165, v\u0161etko die\u0165a pote\u0161\u00ed a\u00a0povzbud\u00ed jeho chu\u0165 bicyklova\u0165. S\u00fa to s\u00edce [&hellip;]<\/p>\n","protected":false},"author":170,"featured_media":16220,"comment_status":"open","ping_status":"open","sticky":false,"template":"","format":"standard","meta":{"footnotes":""},"categories":[52],"tags":[619,1182,1568,345,1386,54,180,1375,767,669,215,264,265,344,183],"global-categories":[1074],"class_list":["post-16197","post","type-post","status-publish","format-standard","has-post-thumbnail","hentry","category-nakupny-poradca","tag-bicyklovanie","tag-biker","tag-celovka","tag-darceky","tag-deti-na-bicykli","tag-detske-bicykle","tag-horska-cyklistika","tag-kosik-na-bicykel","tag-motivacia","tag-nakup","tag-nakupny-poradca","tag-prilba","tag-svetlo","tag-vianoce","tag-zabava","global-categories-cycling"],"yoast_head":"<!-- This site is optimized with the Yoast SEO Premium plugin v25.3 (Yoast SEO v25.9) - https:\/\/yoast.com\/wordpress\/plugins\/seo\/ -->\n<title>Viano\u010dn\u00e9 dar\u010deky pre deti \u2013 povzbu\u010fte ich chu\u0165 \u0161portova\u0165 - \u0160koda We Love Cycling Slovensko<\/title>\n<meta name=\"description\" content=\"\u010ci u\u017e je to nov\u00fd bicykel, alebo len nejak\u00e1 drobnos\u0165, v\u0161etko die\u0165a pote\u0161\u00ed. S\u00fa to s\u00edce viano\u010dn\u00e9 dar\u010deky, ale ur\u010dite bud\u00fa po\u010das sez\u00f3ny vyu\u017eit\u00e9.\" \/>\n<meta name=\"robots\" content=\"index, follow, max-snippet:-1, max-image-preview:large, max-video-preview:-1\" \/>\n<link rel=\"canonical\" href=\"https:\/\/www.welovecycling.com\/sk\/2022\/12\/07\/vianocne-darceky-pre-deti-povzbudte-ich-chut-sportovat\/\" \/>\n<meta property=\"og:locale\" content=\"sk_SK\" \/>\n<meta property=\"og:type\" content=\"article\" \/>\n<meta property=\"og:title\" content=\"Viano\u010dn\u00e9 dar\u010deky pre deti \u2013 povzbu\u010fte ich chu\u0165 \u0161portova\u0165\" \/>\n<meta property=\"og:description\" content=\"\u010ci u\u017e je to nov\u00fd bicykel, alebo len nejak\u00e1 drobnos\u0165, v\u0161etko die\u0165a pote\u0161\u00ed. S\u00fa to s\u00edce viano\u010dn\u00e9 dar\u010deky, ale ur\u010dite bud\u00fa po\u010das sez\u00f3ny vyu\u017eit\u00e9.\" \/>\n<meta property=\"og:url\" content=\"https:\/\/www.welovecycling.com\/sk\/2022\/12\/07\/vianocne-darceky-pre-deti-povzbudte-ich-chut-sportovat\/\" \/>\n<meta property=\"og:site_name\" content=\"\u0160koda We Love Cycling Slovensko\" \/>\n<meta property=\"article:published_time\" content=\"2022-12-07T13:00:25+00:00\" \/>\n<meta property=\"og:image\" content=\"https:\/\/d2p6e6u75xmxt8.cloudfront.net\/4\/2022\/12\/darceky_deti_00.webp\" \/>\n\t<meta property=\"og:image:width\" content=\"990\" \/>\n\t<meta property=\"og:image:height\" content=\"660\" \/>\n\t<meta property=\"og:image:type\" content=\"image\/webp\" \/>\n<meta name=\"author\" content=\"miksakova\" \/>\n<meta name=\"twitter:card\" content=\"summary_large_image\" \/>\n<meta name=\"twitter:label1\" content=\"Written by\" \/>\n\t<meta name=\"twitter:data1\" content=\"Radovan Vr\u0161ka\" \/>\n\t<meta name=\"twitter:label2\" content=\"Est. reading time\" \/>\n\t<meta name=\"twitter:data2\" content=\"5\" \/>\n<script type=\"application\/ld+json\" class=\"yoast-schema-graph\">{\"@context\":\"https:\/\/schema.org\",\"@graph\":[{\"@type\":\"WebPage\",\"@id\":\"https:\/\/www.welovecycling.com\/sk\/2022\/12\/07\/vianocne-darceky-pre-deti-povzbudte-ich-chut-sportovat\/\",\"url\":\"https:\/\/www.welovecycling.com\/sk\/2022\/12\/07\/vianocne-darceky-pre-deti-povzbudte-ich-chut-sportovat\/\",\"name\":\"Viano\u010dn\u00e9 dar\u010deky pre deti \u2013 povzbu\u010fte ich chu\u0165 \u0161portova\u0165 - \u0160koda We Love Cycling Slovensko\",\"isPartOf\":{\"@id\":\"https:\/\/www.welovecycling.com\/sk\/#website\"},\"primaryImageOfPage\":{\"@id\":\"https:\/\/www.welovecycling.com\/sk\/2022\/12\/07\/vianocne-darceky-pre-deti-povzbudte-ich-chut-sportovat\/#primaryimage\"},\"image\":{\"@id\":\"https:\/\/www.welovecycling.com\/sk\/2022\/12\/07\/vianocne-darceky-pre-deti-povzbudte-ich-chut-sportovat\/#primaryimage\"},\"thumbnailUrl\":\"https:\/\/d2p6e6u75xmxt8.cloudfront.net\/4\/2022\/12\/darceky_deti_00.webp\",\"datePublished\":\"2022-12-07T13:00:25+00:00\",\"author\":{\"@id\":\"https:\/\/www.welovecycling.com\/sk\/#\/schema\/person\/c6ce5af9dceed219d84a07d2ffa2cad9\"},\"description\":\"\u010ci u\u017e je to nov\u00fd bicykel, alebo len nejak\u00e1 drobnos\u0165, v\u0161etko die\u0165a pote\u0161\u00ed. S\u00fa to s\u00edce viano\u010dn\u00e9 dar\u010deky, ale ur\u010dite bud\u00fa po\u010das sez\u00f3ny vyu\u017eit\u00e9.\",\"breadcrumb\":{\"@id\":\"https:\/\/www.welovecycling.com\/sk\/2022\/12\/07\/vianocne-darceky-pre-deti-povzbudte-ich-chut-sportovat\/#breadcrumb\"},\"inLanguage\":\"sk-SK\",\"potentialAction\":[{\"@type\":\"ReadAction\",\"target\":[\"https:\/\/www.welovecycling.com\/sk\/2022\/12\/07\/vianocne-darceky-pre-deti-povzbudte-ich-chut-sportovat\/\"]}]},{\"@type\":\"ImageObject\",\"inLanguage\":\"sk-SK\",\"@id\":\"https:\/\/www.welovecycling.com\/sk\/2022\/12\/07\/vianocne-darceky-pre-deti-povzbudte-ich-chut-sportovat\/#primaryimage\",\"url\":\"https:\/\/d2p6e6u75xmxt8.cloudfront.net\/4\/2022\/12\/darceky_deti_00.webp\",\"contentUrl\":\"https:\/\/d2p6e6u75xmxt8.cloudfront.net\/4\/2022\/12\/darceky_deti_00.webp\",\"width\":990,\"height\":660},{\"@type\":\"BreadcrumbList\",\"@id\":\"https:\/\/www.welovecycling.com\/sk\/2022\/12\/07\/vianocne-darceky-pre-deti-povzbudte-ich-chut-sportovat\/#breadcrumb\",\"itemListElement\":[{\"@type\":\"ListItem\",\"position\":1,\"name\":\"Home\",\"item\":\"https:\/\/www.welovecycling.com\/sk\/\"},{\"@type\":\"ListItem\",\"position\":2,\"name\":\"Viano\u010dn\u00e9 dar\u010deky pre deti \u2013 povzbu\u010fte ich chu\u0165 \u0161portova\u0165\"}]},{\"@type\":\"WebSite\",\"@id\":\"https:\/\/www.welovecycling.com\/sk\/#website\",\"url\":\"https:\/\/www.welovecycling.com\/sk\/\",\"name\":\"\u0160koda We Love Cycling Slovensko\",\"description\":\"\u0160koda We Love Cycling Slovensko je v\u00e1\u0161 ka\u017edodenn\u00fd zdroj noviniek a in\u0161pir\u00e1cie z sveta cyklistiky\",\"potentialAction\":[{\"@type\":\"SearchAction\",\"target\":{\"@type\":\"EntryPoint\",\"urlTemplate\":\"https:\/\/www.welovecycling.com\/sk\/?s={search_term_string}\"},\"query-input\":{\"@type\":\"PropertyValueSpecification\",\"valueRequired\":true,\"valueName\":\"search_term_string\"}}],\"inLanguage\":\"sk-SK\"},{\"@type\":\"Person\",\"@id\":\"https:\/\/www.welovecycling.com\/sk\/#\/schema\/person\/c6ce5af9dceed219d84a07d2ffa2cad9\",\"name\":\"miksakova\",\"image\":{\"@type\":\"ImageObject\",\"inLanguage\":\"sk-SK\",\"@id\":\"https:\/\/www.welovecycling.com\/sk\/#\/schema\/person\/image\/\",\"url\":\"https:\/\/secure.gravatar.com\/avatar\/3663fb8acb50de04150ea6f7afc1bc15aba80aad4bf92aee01bd38a79084eb7a?s=96&d=mm&r=g\",\"contentUrl\":\"https:\/\/secure.gravatar.com\/avatar\/3663fb8acb50de04150ea6f7afc1bc15aba80aad4bf92aee01bd38a79084eb7a?s=96&d=mm&r=g\",\"caption\":\"miksakova\"},\"url\":\"https:\/\/www.welovecycling.com\/sk\/author\/miksakova\/\"}]}<\/script>\n<!-- \/ Yoast SEO Premium plugin. -->","yoast_head_json":{"title":"Viano\u010dn\u00e9 dar\u010deky pre deti \u2013 povzbu\u010fte ich chu\u0165 \u0161portova\u0165 - \u0160koda We Love Cycling Slovensko","description":"\u010ci u\u017e je to nov\u00fd bicykel, alebo len nejak\u00e1 drobnos\u0165, v\u0161etko die\u0165a pote\u0161\u00ed. S\u00fa to s\u00edce viano\u010dn\u00e9 dar\u010deky, ale ur\u010dite bud\u00fa po\u010das sez\u00f3ny vyu\u017eit\u00e9.","robots":{"index":"index","follow":"follow","max-snippet":"max-snippet:-1","max-image-preview":"max-image-preview:large","max-video-preview":"max-video-preview:-1"},"canonical":"https:\/\/www.welovecycling.com\/sk\/2022\/12\/07\/vianocne-darceky-pre-deti-povzbudte-ich-chut-sportovat\/","og_locale":"sk_SK","og_type":"article","og_title":"Viano\u010dn\u00e9 dar\u010deky pre deti \u2013 povzbu\u010fte ich chu\u0165 \u0161portova\u0165","og_description":"\u010ci u\u017e je to nov\u00fd bicykel, alebo len nejak\u00e1 drobnos\u0165, v\u0161etko die\u0165a pote\u0161\u00ed. S\u00fa to s\u00edce viano\u010dn\u00e9 dar\u010deky, ale ur\u010dite bud\u00fa po\u010das sez\u00f3ny vyu\u017eit\u00e9.","og_url":"https:\/\/www.welovecycling.com\/sk\/2022\/12\/07\/vianocne-darceky-pre-deti-povzbudte-ich-chut-sportovat\/","og_site_name":"\u0160koda We Love Cycling Slovensko","article_published_time":"2022-12-07T13:00:25+00:00","og_image":[{"width":990,"height":660,"url":"https:\/\/d2p6e6u75xmxt8.cloudfront.net\/4\/2022\/12\/darceky_deti_00.webp","type":"image\/webp"}],"author":"miksakova","twitter_card":"summary_large_image","twitter_misc":{"Written by":"Radovan Vr\u0161ka","Est. reading time":"5"},"schema":{"@context":"https:\/\/schema.org","@graph":[{"@type":"WebPage","@id":"https:\/\/www.welovecycling.com\/sk\/2022\/12\/07\/vianocne-darceky-pre-deti-povzbudte-ich-chut-sportovat\/","url":"https:\/\/www.welovecycling.com\/sk\/2022\/12\/07\/vianocne-darceky-pre-deti-povzbudte-ich-chut-sportovat\/","name":"Viano\u010dn\u00e9 dar\u010deky pre deti \u2013 povzbu\u010fte ich chu\u0165 \u0161portova\u0165 - \u0160koda We Love Cycling Slovensko","isPartOf":{"@id":"https:\/\/www.welovecycling.com\/sk\/#website"},"primaryImageOfPage":{"@id":"https:\/\/www.welovecycling.com\/sk\/2022\/12\/07\/vianocne-darceky-pre-deti-povzbudte-ich-chut-sportovat\/#primaryimage"},"image":{"@id":"https:\/\/www.welovecycling.com\/sk\/2022\/12\/07\/vianocne-darceky-pre-deti-povzbudte-ich-chut-sportovat\/#primaryimage"},"thumbnailUrl":"https:\/\/d2p6e6u75xmxt8.cloudfront.net\/4\/2022\/12\/darceky_deti_00.webp","datePublished":"2022-12-07T13:00:25+00:00","author":{"@id":"https:\/\/www.welovecycling.com\/sk\/#\/schema\/person\/c6ce5af9dceed219d84a07d2ffa2cad9"},"description":"\u010ci u\u017e je to nov\u00fd bicykel, alebo len nejak\u00e1 drobnos\u0165, v\u0161etko die\u0165a pote\u0161\u00ed. S\u00fa to s\u00edce viano\u010dn\u00e9 dar\u010deky, ale ur\u010dite bud\u00fa po\u010das sez\u00f3ny vyu\u017eit\u00e9.","breadcrumb":{"@id":"https:\/\/www.welovecycling.com\/sk\/2022\/12\/07\/vianocne-darceky-pre-deti-povzbudte-ich-chut-sportovat\/#breadcrumb"},"inLanguage":"sk-SK","potentialAction":[{"@type":"ReadAction","target":["https:\/\/www.welovecycling.com\/sk\/2022\/12\/07\/vianocne-darceky-pre-deti-povzbudte-ich-chut-sportovat\/"]}]},{"@type":"ImageObject","inLanguage":"sk-SK","@id":"https:\/\/www.welovecycling.com\/sk\/2022\/12\/07\/vianocne-darceky-pre-deti-povzbudte-ich-chut-sportovat\/#primaryimage","url":"https:\/\/d2p6e6u75xmxt8.cloudfront.net\/4\/2022\/12\/darceky_deti_00.webp","contentUrl":"https:\/\/d2p6e6u75xmxt8.cloudfront.net\/4\/2022\/12\/darceky_deti_00.webp","width":990,"height":660},{"@type":"BreadcrumbList","@id":"https:\/\/www.welovecycling.com\/sk\/2022\/12\/07\/vianocne-darceky-pre-deti-povzbudte-ich-chut-sportovat\/#breadcrumb","itemListElement":[{"@type":"ListItem","position":1,"name":"Home","item":"https:\/\/www.welovecycling.com\/sk\/"},{"@type":"ListItem","position":2,"name":"Viano\u010dn\u00e9 dar\u010deky pre deti \u2013 povzbu\u010fte ich chu\u0165 \u0161portova\u0165"}]},{"@type":"WebSite","@id":"https:\/\/www.welovecycling.com\/sk\/#website","url":"https:\/\/www.welovecycling.com\/sk\/","name":"\u0160koda We Love Cycling Slovensko","description":"\u0160koda We Love Cycling Slovensko je v\u00e1\u0161 ka\u017edodenn\u00fd zdroj noviniek a in\u0161pir\u00e1cie z sveta cyklistiky","potentialAction":[{"@type":"SearchAction","target":{"@type":"EntryPoint","urlTemplate":"https:\/\/www.welovecycling.com\/sk\/?s={search_term_string}"},"query-input":{"@type":"PropertyValueSpecification","valueRequired":true,"valueName":"search_term_string"}}],"inLanguage":"sk-SK"},{"@type":"Person","@id":"https:\/\/www.welovecycling.com\/sk\/#\/schema\/person\/c6ce5af9dceed219d84a07d2ffa2cad9","name":"miksakova","image":{"@type":"ImageObject","inLanguage":"sk-SK","@id":"https:\/\/www.welovecycling.com\/sk\/#\/schema\/person\/image\/","url":"https:\/\/secure.gravatar.com\/avatar\/3663fb8acb50de04150ea6f7afc1bc15aba80aad4bf92aee01bd38a79084eb7a?s=96&d=mm&r=g","contentUrl":"https:\/\/secure.gravatar.com\/avatar\/3663fb8acb50de04150ea6f7afc1bc15aba80aad4bf92aee01bd38a79084eb7a?s=96&d=mm&r=g","caption":"miksakova"},"url":"https:\/\/www.welovecycling.com\/sk\/author\/miksakova\/"}]}},"_links":{"self":[{"href":"https:\/\/www.welovecycling.com\/sk\/wp-json\/wp\/v2\/posts\/16197","targetHints":{"allow":["GET"]}}],"collection":[{"href":"https:\/\/www.welovecycling.com\/sk\/wp-json\/wp\/v2\/posts"}],"about":[{"href":"https:\/\/www.welovecycling.com\/sk\/wp-json\/wp\/v2\/types\/post"}],"author":[{"embeddable":true,"href":"https:\/\/www.welovecycling.com\/sk\/wp-json\/wp\/v2\/users\/170"}],"replies":[{"embeddable":true,"href":"https:\/\/www.welovecycling.com\/sk\/wp-json\/wp\/v2\/comments?post=16197"}],"version-history":[{"count":2,"href":"https:\/\/www.welovecycling.com\/sk\/wp-json\/wp\/v2\/posts\/16197\/revisions"}],"predecessor-version":[{"id":16221,"href":"https:\/\/www.welovecycling.com\/sk\/wp-json\/wp\/v2\/posts\/16197\/revisions\/16221"}],"wp:featuredmedia":[{"embeddable":true,"href":"https:\/\/www.welovecycling.com\/sk\/wp-json\/wp\/v2\/media\/16220"}],"wp:attachment":[{"href":"https:\/\/www.welovecycling.com\/sk\/wp-json\/wp\/v2\/media?parent=16197"}],"wp:term":[{"taxonomy":"category","embeddable":true,"href":"https:\/\/www.welovecycling.com\/sk\/wp-json\/wp\/v2\/categories?post=16197"},{"taxonomy":"post_tag","embeddable":true,"href":"https:\/\/www.welovecycling.com\/sk\/wp-json\/wp\/v2\/tags?post=16197"},{"taxonomy":"global-categories","embeddable":true,"href":"https:\/\/www.welovecycling.com\/sk\/wp-json\/wp\/v2\/global-categories?post=16197"}],"curies":[{"name":"wp","href":"https:\/\/api.w.org\/{rel}","templated":true}]}}