{"id":1614,"date":"2017-09-19T15:16:13","date_gmt":"2017-09-19T13:16:13","guid":{"rendered":"https:\/\/www.welovecycling.com\/sk\/?p=1614"},"modified":"2017-12-18T13:11:01","modified_gmt":"2017-12-18T12:11:01","slug":"sa-stravuju-profesionali-peter-sagan","status":"publish","type":"post","link":"https:\/\/www.welovecycling.com\/sk\/2017\/09\/19\/sa-stravuju-profesionali-peter-sagan\/","title":{"rendered":"Ako sa stravuj\u00fa profesion\u00e1li \u2013 Peter Sagan"},"content":{"rendered":"<p><strong>Chcete by\u0165 raz jedn\u00fdm z najlep\u0161\u00edch cyklistov na svete? Mo\u017eno by ste mali sk\u00fasi\u0165 podobn\u00fa stravu ako jeden z nich. Zrejme \u0165a\u017eko budete h\u013eada\u0165 lep\u0161\u00ed pr\u00edklad ako v osobe Petra Sagana. Nie je zn\u00e1my len pre obdivuhodn\u00e9 v\u00fdkony, ale rovnako pre svoju vesel\u00fa \u201epovahu\u201c a samozrejme dop\u013a\u0148anie energie pomocou gumen\u00fdch medved\u00edkov. Po\u010fme sa trochu pozrie\u0165 na jeho stravovac\u00ed pl\u00e1n a \u010di sa m\u00f4\u017eeme nie\u010domu priu\u010di\u0165.<\/strong><br \/>\n<!--more--><\/p>\n<h2><strong>U\u017e\u00edvajte si jedlo<\/strong><\/h2>\n<p>Ak ste niekedy videli Petra Sagana, je v\u00e1m jasn\u00e9, \u017ee chce ma\u0165 v prvom rade rados\u0165 z toho, \u010do rob\u00ed. A tento pr\u00edstup plat\u00ed v podstate pre v\u0161etko, vr\u00e1tane v\u00fd\u017eivy. \u0160portov\u00fd riadite\u013e a tr\u00e9ner v BORA-hansgrohe, Patxi Vila tvrd\u00ed, \u017ee zakazova\u0165 mu konzumova\u0165 po\u010das vo\u013en\u00fdch dn\u00ed nie\u010do menej \u201ezdrav\u00e9\u201c, je zbyto\u010dn\u00e9. <em>\u201eAj ke\u010f mu poviem, \u017ee si nem\u00f4\u017ee da\u0165 teraz pivo, odpovie len: Fuck off\u201c.<\/em> V jeho pr\u00edpade to v\u0161ak nie je ve\u013ek\u00fd probl\u00e9m, preto\u017ee Peter je v prvom rade ve\u013ek\u00fd profesion\u00e1l a vie, \u010do si m\u00f4\u017ee dovoli\u0165. Navy\u0161e nie je typick\u00fd vrch\u00e1r; mus\u00ed by\u0165 siln\u00fd a v\u00fdbu\u0161n\u00fd, tak\u017ee trochu v\u00e1hy naviac nevad\u00ed. Ove\u013ea d\u00f4le\u017eitej\u0161ie je, aby sa c\u00edtil dobre.<\/p>\n<p>https:\/\/www.instagram.com\/p\/BBLX8PCsgPf\/<\/p>\n<h2><strong>Spr\u00e1vna v\u00fd\u017eiva na pretekoch<\/strong><\/h2>\n<p>Po\u010das pretekov je samotn\u00e1 v\u00fd\u017eiva ve\u013emi d\u00f4le\u017eit\u00e1 a kladie sa na \u0148u ve\u013ek\u00fd d\u00f4raz. Napr\u00edklad po\u010das pr\u00edpravy na etapy Tour de France, jeho t\u00edm vytvor\u00ed nutri\u010dn\u00fd pl\u00e1n, ktor\u00fd obsahuje v\u0161etky jedl\u00e1. Hlavn\u00fd kuch\u00e1r\/kuch\u00e1rka ako napr. Hannah Grant pom\u00e1ha jazdcom s individu\u00e1lnymi potrebami najm\u00e4 v pr\u00edpade, ak potrebuj\u00fa zhodi\u0165 nejak\u00e9 to kilo.<\/p>\n<div class=\"shortcode-ys-post-pinup\"><article class=\"loop-simple post-1648 post type-post status-publish format-video has-post-thumbnail hentry category-cestna-cyklisitika category-tour-de-france category-zdravie-trening tag-8000-kcal tag-cestna-cyklistika tag-cyklo-jedlo tag-tour-de-france tag-vyziva post_format-video\" data-postid=\"1648\" role=\"article\" data-post-id=\"1648\" data-word-count=\"322\" data-headline-length=\"50\" data-category=\"Cestn\u00e1 cyklistika\" data-author=\"We Love Cycling\" data-published=\"2017-07-19T11:13:07+02:00\" data-published-day=\"Wednesday\">\n    <div class=\"entry-thumbnail article-thumbnail video-thumbnail\" content=\"https:\/\/d2p6e6u75xmxt8.cloudfront.net\/4\/2017\/07\/841841851_741871874-150x150.webp\"><svg class=\"play font-icon\"><use href=\"#play_round\" xlink:href=\"#play_round\"><\/use><\/svg><a href=\"https:\/\/www.welovecycling.com\/sk\/2017\/07\/19\/stravovanie-pocas-jedneho-dna-tour-de-france\/\" class=\"image-holder\" target=\"_self\"><img decoding=\"async\" loading=\"lazy\" class=\"\" src=\"https:\/\/d2p6e6u75xmxt8.cloudfront.net\/4\/2017\/07\/841841851_741871874-1024x447.webp\" srcset=\"https:\/\/d2p6e6u75xmxt8.cloudfront.net\/4\/2017\/07\/841841851_741871874.webp 1375w, https:\/\/d2p6e6u75xmxt8.cloudfront.net\/4\/2017\/07\/841841851_741871874-300x131.webp 300w, https:\/\/d2p6e6u75xmxt8.cloudfront.net\/4\/2017\/07\/841841851_741871874-1024x447.webp 1024w, https:\/\/d2p6e6u75xmxt8.cloudfront.net\/4\/2017\/07\/841841851_741871874-768x335.webp 768w\" width=\"1024\" height=\"447\" sizes=\"auto, (min-width: 1200px) 458px, (min-width: 768px) 38vw, 100vw\" alt=\"stravovanie-pocas-jedneho-dna-tour-de-france\"\/><\/a><\/div>    <div class=\"entry-meta\">\n        <a class=\"label label-secondary post-category\" href=\"https:\/\/www.welovecycling.com\/sk\/category\/cestna-cyklisitika\/\" title=\"Cestn\u00e1 cyklistika\">Cestn\u00e1 cyklistika<\/a>\n    <\/div>\n    <div class=\"entry-details\">\n        <a href=\"https:\/\/www.welovecycling.com\/sk\/2017\/07\/19\/stravovanie-pocas-jedneho-dna-tour-de-france\/\" class='entry-title-wrapper'>\n            <h3 class=\"entry-title\"><span>Stravovanie po\u010das jedn\u00e9ho d\u0148a na Tour de France<\/span><\/h3>\n        <\/a>\n    <\/div>\n    <\/article>\n<\/div>\n<p><em>\u201eVe\u013ek\u00e1 v\u00e4\u010d\u0161ina t\u00edmov\u00fdch jazdcov m\u00e1 probl\u00e9m zhodi\u0165 dodato\u010dne hmotnos\u0165, a to aj napriek obrovsk\u00e9mu v\u00fddaju energie a ni\u017e\u0161iemu pr\u00edjmu kal\u00f3ri\u00ed. Pri\u0161li sme na fakt, \u017ee pre nich sa najlep\u0161ie hod\u00ed v\u00fdrazn\u00e9 obmedzenie sacharidov, sprev\u00e1dzan\u00e9 zv\u00fd\u0161en\u00fdm pr\u00edjmom prote\u00ednov a zdrav\u00fdch tukov. Na\u0161ou \u00falohou je vyhn\u00fa\u0165 sa teda jedl\u00e1m bohat\u00fdm na sacharidy a pon\u00faknu\u0165 alternat\u00edvu, ktor\u00e1 obsahuje v\u00e4\u010d\u0161\u00ed podiel m\u00e4sa, zeleniny a zdrav\u00fdch tukov.&#8220;<\/em><\/p>\n<h2><strong>Gumen\u00e9 medved\u00edky ako z\u00e1chrana<\/strong><\/h2>\n<p>Ur\u010dite si pam\u00e4t\u00e1te ako sa Peter Sagan po dojazde na Kuurne-Brusel-Kuurne napch\u00e1val gumen\u00fdmi medved\u00edkmi. Je to d\u00f4kaz, ze aj sladkos\u0165, ktor\u00e1 sa pou\u017eije v spr\u00e1vny moment, m\u00f4\u017ee by\u0165 vhodn\u00fdm doplnkom vyv\u00e1\u017eenej stravy. Gumov\u00e9 medved\u00edky s\u00fa bohat\u00e9 na r\u00fdchle cukry a pom\u00e1haj\u00fa obnovi\u0165 hladinu glykog\u00e9nu, ak s\u00fa konzumovan\u00e9 okam\u017eite po skon\u010den\u00ed v\u00fdkonu. Presved\u010dte sa aj v na\u0161om predch\u00e1dzaj\u00facom \u010dl\u00e1nku.<\/p>\n<div class=\"shortcode-ys-post-pinup\"><article class=\"loop-simple post-566 post type-post status-publish format-video has-post-thumbnail hentry category-zdravie-trening tag-gumene-medvediky tag-peter-sagan tag-vyziva post_format-post-format-video\" data-postid=\"566\" role=\"article\" data-post-id=\"566\" data-word-count=\"124\" data-headline-length=\"30\" data-category=\"Zdravie a tr\u00e9ning\" data-author=\"We Love Cycling\" data-published=\"2017-05-08T17:29:40+02:00\" data-published-day=\"Monday\">\n    <div class=\"entry-thumbnail article-thumbnail video-thumbnail\" content=\"https:\/\/d2p6e6u75xmxt8.cloudfront.net\/4\/2017\/05\/114418-150x150.webp\"><svg class=\"play font-icon\"><use href=\"#play_round\" xlink:href=\"#play_round\"><\/use><\/svg><a href=\"https:\/\/www.welovecycling.com\/sk\/2017\/05\/08\/fenomen-gumovych-medvedikov\/\" class=\"image-holder\" target=\"_self\"><img decoding=\"async\" loading=\"lazy\" class=\"\" src=\"https:\/\/d2p6e6u75xmxt8.cloudfront.net\/4\/2017\/05\/114418-1024x447.webp\" srcset=\"https:\/\/d2p6e6u75xmxt8.cloudfront.net\/4\/2017\/05\/114418.webp 1375w, https:\/\/d2p6e6u75xmxt8.cloudfront.net\/4\/2017\/05\/114418-300x131.webp 300w, https:\/\/d2p6e6u75xmxt8.cloudfront.net\/4\/2017\/05\/114418-1024x447.webp 1024w, https:\/\/d2p6e6u75xmxt8.cloudfront.net\/4\/2017\/05\/114418-768x335.webp 768w\" width=\"1024\" height=\"447\" sizes=\"auto, (min-width: 1200px) 458px, (min-width: 768px) 38vw, 100vw\" alt=\"fenomen-gumovych-medvedikov\"\/><\/a><\/div>    <div class=\"entry-meta\">\n        <a class=\"label label-secondary post-category\" href=\"https:\/\/www.welovecycling.com\/sk\/category\/zdravie-trening\/\" title=\"Zdravie a tr\u00e9ning\">Zdravie a tr\u00e9ning<\/a>\n    <\/div>\n    <div class=\"entry-details\">\n        <a href=\"https:\/\/www.welovecycling.com\/sk\/2017\/05\/08\/fenomen-gumovych-medvedikov\/\" class='entry-title-wrapper'>\n            <h3 class=\"entry-title\"><span>Fenom\u00e9n gumov\u00fdch medved\u00edkov<\/span><\/h3>\n        <\/a>\n    <\/div>\n    <\/article>\n<\/div>\n<h2><strong>Peter Sagan, kuch\u00e1r<\/strong><\/h2>\n<p>Ak pr\u00e1ve nepretek\u00e1, stane sa z Petra Sagana z \u010dasu na \u010das kuch\u00e1r. Je to jednoducho mu\u017e mnoh\u00fdch talentov! Ak v\u00e1s zauj\u00edmaj\u00fa jeho ob\u013e\u00faben\u00e9 jedl\u00e1 a recepty, pozrite jeho s\u00e9riu vide\u00ed na YouTube. Toto je napr\u00edklad verzia kuracieho m\u00e4sa s topinamburov\u00fdmi vlo\u010dkami:<\/p>\n<div class=\"embed-controller-wrapper\">\n<div class=\"embed-wrapper\"><iframe title=\"BORA 10|10: Corn fed chicken with topinamur flakes by Peter Sagan\" width=\"500\" height=\"281\" data-src=\"https:\/\/www.youtube.com\/embed\/mz-19aFJNX8?feature=oembed\" frameborder=\"0\" allow=\"accelerometer; autoplay; clipboard-write; encrypted-media; gyroscope; picture-in-picture; web-share\" referrerpolicy=\"strict-origin-when-cross-origin\" allowfullscreen><\/iframe><\/div>\n<\/div>\n<p>Aj ke\u010f Peter Sagan nie je dokonal\u00fd pr\u00edklad discipl\u00edny v oblasti v\u00fd\u017eivy, v prvom rade pozn\u00e1 dokonale svoje telo a vie, \u010do si m\u00f4\u017ee dovoli\u0165. To mu umo\u017e\u0148uje by\u0165 \u201ev pohode\u201c, v\u00fdsledkom \u010doho s\u00fa aj jeho \u00faspechy. Tak\u017ee aj my by sme mali v prvom rade v\u00fd\u017eivu prisp\u00f4sobi\u0165 celkovej pohode a myslie\u0165 pri tom na svoje potreby a ciele.<\/p>\n","protected":false},"excerpt":{"rendered":"<p>Chcete by\u0165 raz jedn\u00fdm z najlep\u0161\u00edch cyklistov na svete? Mo\u017eno by ste mali sk\u00fasi\u0165 podobn\u00fa stravu ako jeden z nich. [&hellip;]<\/p>\n","protected":false},"author":38,"featured_media":1615,"comment_status":"open","ping_status":"open","sticky":false,"template":"","format":"standard","meta":{"footnotes":""},"categories":[127,63,118,2],"tags":[168,115,43,272,46,20,44,156],"global-categories":[],"class_list":["post-1614","post","type-post","status-publish","format-standard","has-post-thumbnail","hentry","category-legendy","category-grand-tour","category-zabava","category-zdravie-trening","tag-ako-sa-stravuju-profesionali","tag-cestna-cyklistika","tag-cyklo-jedlo","tag-majster-sveta","tag-peter-sagan","tag-tour-de-france","tag-vyziva","tag-zeleny-dres"],"yoast_head":"<!-- This site is optimized with the Yoast SEO Premium plugin v25.3 (Yoast SEO v25.9) - https:\/\/yoast.com\/wordpress\/plugins\/seo\/ -->\n<title>Ako sa stravuj\u00fa profesion\u00e1li \u2013 Peter Sagan - \u0160koda We Love Cycling Slovensko<\/title>\n<meta name=\"robots\" content=\"index, follow, max-snippet:-1, max-image-preview:large, max-video-preview:-1\" \/>\n<link rel=\"canonical\" href=\"https:\/\/www.welovecycling.com\/sk\/2017\/09\/19\/sa-stravuju-profesionali-peter-sagan\/\" \/>\n<meta property=\"og:locale\" content=\"sk_SK\" \/>\n<meta property=\"og:type\" content=\"article\" \/>\n<meta property=\"og:title\" content=\"Ako sa stravuj\u00fa profesion\u00e1li \u2013 Peter Sagan\" \/>\n<meta property=\"og:description\" content=\"Chcete by\u0165 raz jedn\u00fdm z najlep\u0161\u00edch cyklistov na svete? Mo\u017eno by ste mali sk\u00fasi\u0165 podobn\u00fa stravu ako jeden z nich. [&hellip;]\" \/>\n<meta property=\"og:url\" content=\"https:\/\/www.welovecycling.com\/sk\/2017\/09\/19\/sa-stravuju-profesionali-peter-sagan\/\" \/>\n<meta property=\"og:site_name\" content=\"\u0160koda We Love Cycling Slovensko\" \/>\n<meta property=\"article:published_time\" content=\"2017-09-19T13:16:13+00:00\" \/>\n<meta property=\"article:modified_time\" content=\"2017-12-18T12:11:01+00:00\" \/>\n<meta property=\"og:image\" content=\"https:\/\/d2p6e6u75xmxt8.cloudfront.net\/4\/2017\/07\/profimedia-0340369750jpg.webp\" \/>\n\t<meta property=\"og:image:width\" content=\"1800\" \/>\n\t<meta property=\"og:image:height\" content=\"785\" \/>\n\t<meta property=\"og:image:type\" content=\"image\/webp\" \/>\n<meta name=\"author\" content=\"Ondrej Ga\u0161par\" \/>\n<meta name=\"twitter:card\" content=\"summary_large_image\" \/>\n<meta name=\"twitter:label1\" content=\"Written by\" \/>\n\t<meta name=\"twitter:data1\" content=\"We Love Cycling\" \/>\n\t<meta name=\"twitter:label2\" content=\"Est. reading time\" \/>\n\t<meta name=\"twitter:data2\" content=\"3 minutes\" \/>\n<script type=\"application\/ld+json\" class=\"yoast-schema-graph\">{\"@context\":\"https:\/\/schema.org\",\"@graph\":[{\"@type\":\"WebPage\",\"@id\":\"https:\/\/www.welovecycling.com\/sk\/2017\/09\/19\/sa-stravuju-profesionali-peter-sagan\/\",\"url\":\"https:\/\/www.welovecycling.com\/sk\/2017\/09\/19\/sa-stravuju-profesionali-peter-sagan\/\",\"name\":\"Ako sa stravuj\u00fa profesion\u00e1li \u2013 Peter Sagan - \u0160koda We Love Cycling Slovensko\",\"isPartOf\":{\"@id\":\"https:\/\/www.welovecycling.com\/sk\/#website\"},\"primaryImageOfPage\":{\"@id\":\"https:\/\/www.welovecycling.com\/sk\/2017\/09\/19\/sa-stravuju-profesionali-peter-sagan\/#primaryimage\"},\"image\":{\"@id\":\"https:\/\/www.welovecycling.com\/sk\/2017\/09\/19\/sa-stravuju-profesionali-peter-sagan\/#primaryimage\"},\"thumbnailUrl\":\"https:\/\/d2p6e6u75xmxt8.cloudfront.net\/4\/2017\/07\/profimedia-0340369750jpg.webp\",\"datePublished\":\"2017-09-19T13:16:13+00:00\",\"dateModified\":\"2017-12-18T12:11:01+00:00\",\"author\":{\"@id\":\"https:\/\/www.welovecycling.com\/sk\/#\/schema\/person\/8ee09ba39b7e25b1870160aa5b3a89bc\"},\"breadcrumb\":{\"@id\":\"https:\/\/www.welovecycling.com\/sk\/2017\/09\/19\/sa-stravuju-profesionali-peter-sagan\/#breadcrumb\"},\"inLanguage\":\"sk-SK\",\"potentialAction\":[{\"@type\":\"ReadAction\",\"target\":[\"https:\/\/www.welovecycling.com\/sk\/2017\/09\/19\/sa-stravuju-profesionali-peter-sagan\/\"]}]},{\"@type\":\"ImageObject\",\"inLanguage\":\"sk-SK\",\"@id\":\"https:\/\/www.welovecycling.com\/sk\/2017\/09\/19\/sa-stravuju-profesionali-peter-sagan\/#primaryimage\",\"url\":\"https:\/\/d2p6e6u75xmxt8.cloudfront.net\/4\/2017\/07\/profimedia-0340369750jpg.webp\",\"contentUrl\":\"https:\/\/d2p6e6u75xmxt8.cloudfront.net\/4\/2017\/07\/profimedia-0340369750jpg.webp\",\"width\":1800,\"height\":785},{\"@type\":\"BreadcrumbList\",\"@id\":\"https:\/\/www.welovecycling.com\/sk\/2017\/09\/19\/sa-stravuju-profesionali-peter-sagan\/#breadcrumb\",\"itemListElement\":[{\"@type\":\"ListItem\",\"position\":1,\"name\":\"Home\",\"item\":\"https:\/\/www.welovecycling.com\/sk\/\"},{\"@type\":\"ListItem\",\"position\":2,\"name\":\"Ako sa stravuj\u00fa profesion\u00e1li \u2013 Peter Sagan\"}]},{\"@type\":\"WebSite\",\"@id\":\"https:\/\/www.welovecycling.com\/sk\/#website\",\"url\":\"https:\/\/www.welovecycling.com\/sk\/\",\"name\":\"\u0160koda We Love Cycling Slovensko\",\"description\":\"\u0160koda We Love Cycling Slovensko je v\u00e1\u0161 ka\u017edodenn\u00fd zdroj noviniek a in\u0161pir\u00e1cie z sveta cyklistiky\",\"potentialAction\":[{\"@type\":\"SearchAction\",\"target\":{\"@type\":\"EntryPoint\",\"urlTemplate\":\"https:\/\/www.welovecycling.com\/sk\/?s={search_term_string}\"},\"query-input\":{\"@type\":\"PropertyValueSpecification\",\"valueRequired\":true,\"valueName\":\"search_term_string\"}}],\"inLanguage\":\"sk-SK\"},{\"@type\":\"Person\",\"@id\":\"https:\/\/www.welovecycling.com\/sk\/#\/schema\/person\/8ee09ba39b7e25b1870160aa5b3a89bc\",\"name\":\"Ondrej Ga\u0161par\",\"image\":{\"@type\":\"ImageObject\",\"inLanguage\":\"sk-SK\",\"@id\":\"https:\/\/www.welovecycling.com\/sk\/#\/schema\/person\/image\/\",\"url\":\"https:\/\/secure.gravatar.com\/avatar\/6126c9afb87b70da5abbb083ddbb21933da15f18f8ca7cb822aba0fb096a48f6?s=96&d=mm&r=g\",\"contentUrl\":\"https:\/\/secure.gravatar.com\/avatar\/6126c9afb87b70da5abbb083ddbb21933da15f18f8ca7cb822aba0fb096a48f6?s=96&d=mm&r=g\",\"caption\":\"Ondrej Ga\u0161par\"},\"url\":\"https:\/\/www.welovecycling.com\/sk\/author\/ondrejgaspar\/\"}]}<\/script>\n<!-- \/ Yoast SEO Premium plugin. -->","yoast_head_json":{"title":"Ako sa stravuj\u00fa profesion\u00e1li \u2013 Peter Sagan - \u0160koda We Love Cycling Slovensko","robots":{"index":"index","follow":"follow","max-snippet":"max-snippet:-1","max-image-preview":"max-image-preview:large","max-video-preview":"max-video-preview:-1"},"canonical":"https:\/\/www.welovecycling.com\/sk\/2017\/09\/19\/sa-stravuju-profesionali-peter-sagan\/","og_locale":"sk_SK","og_type":"article","og_title":"Ako sa stravuj\u00fa profesion\u00e1li \u2013 Peter Sagan","og_description":"Chcete by\u0165 raz jedn\u00fdm z najlep\u0161\u00edch cyklistov na svete? Mo\u017eno by ste mali sk\u00fasi\u0165 podobn\u00fa stravu ako jeden z nich. [&hellip;]","og_url":"https:\/\/www.welovecycling.com\/sk\/2017\/09\/19\/sa-stravuju-profesionali-peter-sagan\/","og_site_name":"\u0160koda We Love Cycling Slovensko","article_published_time":"2017-09-19T13:16:13+00:00","article_modified_time":"2017-12-18T12:11:01+00:00","og_image":[{"width":1800,"height":785,"url":"https:\/\/d2p6e6u75xmxt8.cloudfront.net\/4\/2017\/07\/profimedia-0340369750jpg.webp","type":"image\/webp"}],"author":"Ondrej Ga\u0161par","twitter_card":"summary_large_image","twitter_misc":{"Written by":"We Love Cycling","Est. reading time":"3 minutes"},"schema":{"@context":"https:\/\/schema.org","@graph":[{"@type":"WebPage","@id":"https:\/\/www.welovecycling.com\/sk\/2017\/09\/19\/sa-stravuju-profesionali-peter-sagan\/","url":"https:\/\/www.welovecycling.com\/sk\/2017\/09\/19\/sa-stravuju-profesionali-peter-sagan\/","name":"Ako sa stravuj\u00fa profesion\u00e1li \u2013 Peter Sagan - \u0160koda We Love Cycling Slovensko","isPartOf":{"@id":"https:\/\/www.welovecycling.com\/sk\/#website"},"primaryImageOfPage":{"@id":"https:\/\/www.welovecycling.com\/sk\/2017\/09\/19\/sa-stravuju-profesionali-peter-sagan\/#primaryimage"},"image":{"@id":"https:\/\/www.welovecycling.com\/sk\/2017\/09\/19\/sa-stravuju-profesionali-peter-sagan\/#primaryimage"},"thumbnailUrl":"https:\/\/d2p6e6u75xmxt8.cloudfront.net\/4\/2017\/07\/profimedia-0340369750jpg.webp","datePublished":"2017-09-19T13:16:13+00:00","dateModified":"2017-12-18T12:11:01+00:00","author":{"@id":"https:\/\/www.welovecycling.com\/sk\/#\/schema\/person\/8ee09ba39b7e25b1870160aa5b3a89bc"},"breadcrumb":{"@id":"https:\/\/www.welovecycling.com\/sk\/2017\/09\/19\/sa-stravuju-profesionali-peter-sagan\/#breadcrumb"},"inLanguage":"sk-SK","potentialAction":[{"@type":"ReadAction","target":["https:\/\/www.welovecycling.com\/sk\/2017\/09\/19\/sa-stravuju-profesionali-peter-sagan\/"]}]},{"@type":"ImageObject","inLanguage":"sk-SK","@id":"https:\/\/www.welovecycling.com\/sk\/2017\/09\/19\/sa-stravuju-profesionali-peter-sagan\/#primaryimage","url":"https:\/\/d2p6e6u75xmxt8.cloudfront.net\/4\/2017\/07\/profimedia-0340369750jpg.webp","contentUrl":"https:\/\/d2p6e6u75xmxt8.cloudfront.net\/4\/2017\/07\/profimedia-0340369750jpg.webp","width":1800,"height":785},{"@type":"BreadcrumbList","@id":"https:\/\/www.welovecycling.com\/sk\/2017\/09\/19\/sa-stravuju-profesionali-peter-sagan\/#breadcrumb","itemListElement":[{"@type":"ListItem","position":1,"name":"Home","item":"https:\/\/www.welovecycling.com\/sk\/"},{"@type":"ListItem","position":2,"name":"Ako sa stravuj\u00fa profesion\u00e1li \u2013 Peter Sagan"}]},{"@type":"WebSite","@id":"https:\/\/www.welovecycling.com\/sk\/#website","url":"https:\/\/www.welovecycling.com\/sk\/","name":"\u0160koda We Love Cycling Slovensko","description":"\u0160koda We Love Cycling Slovensko je v\u00e1\u0161 ka\u017edodenn\u00fd zdroj noviniek a in\u0161pir\u00e1cie z sveta cyklistiky","potentialAction":[{"@type":"SearchAction","target":{"@type":"EntryPoint","urlTemplate":"https:\/\/www.welovecycling.com\/sk\/?s={search_term_string}"},"query-input":{"@type":"PropertyValueSpecification","valueRequired":true,"valueName":"search_term_string"}}],"inLanguage":"sk-SK"},{"@type":"Person","@id":"https:\/\/www.welovecycling.com\/sk\/#\/schema\/person\/8ee09ba39b7e25b1870160aa5b3a89bc","name":"Ondrej Ga\u0161par","image":{"@type":"ImageObject","inLanguage":"sk-SK","@id":"https:\/\/www.welovecycling.com\/sk\/#\/schema\/person\/image\/","url":"https:\/\/secure.gravatar.com\/avatar\/6126c9afb87b70da5abbb083ddbb21933da15f18f8ca7cb822aba0fb096a48f6?s=96&d=mm&r=g","contentUrl":"https:\/\/secure.gravatar.com\/avatar\/6126c9afb87b70da5abbb083ddbb21933da15f18f8ca7cb822aba0fb096a48f6?s=96&d=mm&r=g","caption":"Ondrej Ga\u0161par"},"url":"https:\/\/www.welovecycling.com\/sk\/author\/ondrejgaspar\/"}]}},"_links":{"self":[{"href":"https:\/\/www.welovecycling.com\/sk\/wp-json\/wp\/v2\/posts\/1614","targetHints":{"allow":["GET"]}}],"collection":[{"href":"https:\/\/www.welovecycling.com\/sk\/wp-json\/wp\/v2\/posts"}],"about":[{"href":"https:\/\/www.welovecycling.com\/sk\/wp-json\/wp\/v2\/types\/post"}],"author":[{"embeddable":true,"href":"https:\/\/www.welovecycling.com\/sk\/wp-json\/wp\/v2\/users\/38"}],"replies":[{"embeddable":true,"href":"https:\/\/www.welovecycling.com\/sk\/wp-json\/wp\/v2\/comments?post=1614"}],"version-history":[{"count":2,"href":"https:\/\/www.welovecycling.com\/sk\/wp-json\/wp\/v2\/posts\/1614\/revisions"}],"predecessor-version":[{"id":2300,"href":"https:\/\/www.welovecycling.com\/sk\/wp-json\/wp\/v2\/posts\/1614\/revisions\/2300"}],"wp:featuredmedia":[{"embeddable":true,"href":"https:\/\/www.welovecycling.com\/sk\/wp-json\/wp\/v2\/media\/1615"}],"wp:attachment":[{"href":"https:\/\/www.welovecycling.com\/sk\/wp-json\/wp\/v2\/media?parent=1614"}],"wp:term":[{"taxonomy":"category","embeddable":true,"href":"https:\/\/www.welovecycling.com\/sk\/wp-json\/wp\/v2\/categories?post=1614"},{"taxonomy":"post_tag","embeddable":true,"href":"https:\/\/www.welovecycling.com\/sk\/wp-json\/wp\/v2\/tags?post=1614"},{"taxonomy":"global-categories","embeddable":true,"href":"https:\/\/www.welovecycling.com\/sk\/wp-json\/wp\/v2\/global-categories?post=1614"}],"curies":[{"name":"wp","href":"https:\/\/api.w.org\/{rel}","templated":true}]}}