{"id":16096,"date":"2022-11-21T09:52:36","date_gmt":"2022-11-21T08:52:36","guid":{"rendered":"https:\/\/www.welovecycling.com\/sk\/?p=16096"},"modified":"2022-11-21T09:52:36","modified_gmt":"2022-11-21T08:52:36","slug":"nazor-10-produktov-ktore-mi-nemozu-na-bicykli-chybat","status":"publish","type":"post","link":"https:\/\/www.welovecycling.com\/sk\/2022\/11\/21\/nazor-10-produktov-ktore-mi-nemozu-na-bicykli-chybat\/","title":{"rendered":"N\u00e1zor: 10 produktov, ktor\u00e9 mi nem\u00f4\u017eu na bicykli ch\u00fdba\u0165"},"content":{"rendered":"<p><strong>Aby bola aktivita bezpe\u010dn\u00e1 a pr\u00edjemn\u00e1, okrem bicykla si cyklistika vy\u017eaduje mno\u017estvo in\u00fdch produktov a doplnkov. Tie, ktor\u00e9 nos\u00edte, sa m\u00f4\u017eu l\u00ed\u0161i\u0165 pod\u013ea typu jazdy, po\u010dasia a dokonca aj ro\u010dn\u00e9ho obdobia. Ale aj napriek tomu existuje nieko\u013eko produktov, bez ktor\u00fdch sa v\u00e4\u010d\u0161ina cyklistov pri jazde nezaob\u00edde.<\/strong><\/p>\n<p><!--more--><\/p>\n<p>Ka\u017ed\u00fd m\u00e1 svoje ob\u013e\u00faben\u00e9 oble\u010denie a produkty, ktor\u00e9 vyu\u017e\u00edva po\u010das cyklistiky. Toto je m\u00f4j zoznam 10-tich cyklistick\u00fdch produktov, bez ktor\u00fdch sa na bicykli nezaob\u00eddem.<\/p>\n<h2><strong>1. Kvalitn\u00e9 cyklistick\u00e9 nohavice s vlo\u017ekou<\/strong><\/h2>\n<p>Jedin\u00e1 vec medzi vami a va\u0161im sedlom s\u00fa va\u0161e cyklistick\u00e9 nohavice. Na trhu je ich ve\u013ea. L\u00ed\u0161ia sa hlavne cenou a ch\u00e1pem poku\u0161enie vybra\u0165 si naj\u00faspornej\u0161iu mo\u017enos\u0165. No ak p\u00f4jdete touto cestou, m\u00f4\u017eete to nesk\u00f4r \u013eutova\u0165. Poviem v\u00e1m pre\u010do.<\/p>\n<p>\u010c\u00edm vy\u0161\u0161ia je cena (samozrejme v rozumnej miere), t\u00fdm viac \u010dasu, \u0161itia a kvalitn\u00fdch materi\u00e1lov ide do odevu. <strong>Myslite na kus oble\u010denia na mieru, ktor\u00fd dobre sed\u00ed a m\u00e1te v \u0148om dobr\u00fd pocit.<\/strong> Rovnak\u00fd princ\u00edp plat\u00ed aj pre kvalitn\u00e9 cyklistick\u00e9 nohavice s vlo\u017ekou. \u010c\u00edm viac dielov, t\u00fdm lep\u0161ie sed\u00ed.<\/p>\n<p>Jelenica alebo v\u00fdstelka nemus\u00ed by\u0165 hrub\u00e1 a objemn\u00e1, ale mus\u00ed by\u0165 vyroben\u00e1 z materi\u00e1lu s vysokou hustotou a navrhnut\u00e1 tak, aby poskytovala pohodlie po\u010das cel\u00e9ho trvania va\u0161ej priemernej jazdy. Niektor\u00e9 \u0161t\u00edtky dokonca zobrazuj\u00fa po\u010det hod\u00edn, po\u010das ktor\u00fdch by ste mali produkt pou\u017e\u00edva\u0165. <strong>Nemyslite v\u017edy len na cenu a podrobne si pre\u010d\u00edtajte, \u010do vlastne rob\u00ed tento produkt \u0161peci\u00e1lnym.<\/strong> <\/p>\n<p>S kvalitn\u00fdmi cyklistickymi nohavicami nem\u00f4\u017eete urobi\u0165 chybu. Lep\u0161ie sadn\u00fa, poskytn\u00fa vynikaj\u00face pohodlie a zabr\u00e1nia bolestiv\u00e9mu odieraniu. Ak chcete zo svojej invest\u00edcie do cyklistick\u00e9ho oble\u010denia vy\u0165a\u017ei\u0165 maximum, <strong>nepou\u017e\u00edvajte pri pran\u00ed \u017eiadnu aviv\u00e1\u017e, pr\u00e1dlo len zaveste a nechajte vo\u013ene uschn\u00fa\u0165<\/strong>.<\/p>\n<h2><strong>2. Spodn\u00e1 vrstva z merino vlny<\/strong><\/h2>\n<p>Merino vlna je origin\u00e1lna technick\u00e1 tkanina z pr\u00edrody. Profesion\u00e1lne cyklistick\u00e9 vybavenie bolo vyroben\u00e9 z vlny pred v\u00fdvojom dnes popul\u00e1rnych technick\u00fdch l\u00e1tok. Vyho\u010fte si v\u0161ak z hlavy predstavu star\u00e9ho svrbiaceho vlnen\u00e9ho svetra. <strong>Merino vlna je m\u00e4kk\u00e1, mo\u017eno ju pra\u0165 v pr\u00e1\u010dke a je pr\u00edjemn\u00e1 na dotyk.<\/strong><\/p>\n<p>M\u00e1 vynikaj\u00face sav\u00e9 vlastnosti, r\u00fdchlo schne a \u010dasom nezap\u00e1cha. Merino spodn\u00e9 vrstvy m\u00f4\u017eete n\u00e1js\u0165 vo verzii dlh\u00fdch, kr\u00e1tkych a aj bez ruk\u00e1vov. Nie v\u0161etky s\u00fa zaplaven\u00e9 logami, tak\u017ee ich m\u00f4\u017eete nosi\u0165 na bicykli aj mimo neho.<\/p>\n<figure id=\"attachment_16097\" aria-describedby=\"caption-attachment-16097\" style=\"width: 1029px\" class=\"wp-caption alignnone\"><a href=\"https:\/\/d2p6e6u75xmxt8.cloudfront.net\/4\/2022\/11\/Rapha-merino-base-layer.webp\"><img loading=\"lazy\" decoding=\"async\" class=\"size-full wp-image-16097\" src=\"https:\/\/d2p6e6u75xmxt8.cloudfront.net\/4\/2022\/11\/Rapha-merino-base-layer.webp\" alt=\"Rapha merino base layer\" width=\"1029\" height=\"711\" srcset=\"https:\/\/d2p6e6u75xmxt8.cloudfront.net\/4\/2022\/11\/Rapha-merino-base-layer.webp 1029w, https:\/\/d2p6e6u75xmxt8.cloudfront.net\/4\/2022\/11\/Rapha-merino-base-layer-300x207.webp 300w, https:\/\/d2p6e6u75xmxt8.cloudfront.net\/4\/2022\/11\/Rapha-merino-base-layer-1024x708.webp 1024w, https:\/\/d2p6e6u75xmxt8.cloudfront.net\/4\/2022\/11\/Rapha-merino-base-layer-768x531.webp 768w\" sizes=\"auto, (max-width: 1029px) 100vw, 1029px\" \/><\/a><figcaption id=\"caption-attachment-16097\" class=\"wp-caption-text\">Spodn\u00e1 vrstva od Rapha<\/figcaption><\/figure>\n<h2><strong>3. Prilba<\/strong><\/h2>\n<p>V\u017edy, ke\u010f som na bicykli, nos\u00edm prilbu a vy by ste mali tie\u017e. Mnoh\u00e9 z dne\u0161n\u00fdch modelov s\u00fa dod\u00e1van\u00e9 s integrovan\u00fdm viacsmern\u00fdm syst\u00e9mom ochrany proti n\u00e1razu (zn\u00e1my aj ako <a href=\"https:\/\/en.wikipedia.org\/wiki\/Multi-directional_Impact_Protection_System\" rel=\"noopener\" target=\"_blank\">MIPS<\/a>), ktor\u00fd c<strong>hr\u00e1ni hlavu jazdcov pred mo\u017en\u00fdm poranen\u00edm mozgu pri viac ako jednej rovine kontaktu<\/strong>. Vn\u00fatorn\u00fd mechanizmus MIPS sa pohybuje s va\u0161ou hlavou v pr\u00edpade n\u00e1razu alebo nehody.<\/p>\n<div class=\"shortcode-ys-post-pinup\"><article class=\"loop-simple post-12218 post type-post status-publish format-standard has-post-thumbnail hentry category-bezpecnost tag-bezpecnost tag-bicyklovanie tag-down-hill tag-horska-cyklistika tag-ochrana tag-pad tag-prilba tag-urban global-categories-cycling\" data-postid=\"12218\" role=\"article\" data-post-id=\"12218\" data-word-count=\"520\" data-headline-length=\"33\" data-category=\"Bezpe\u010dnos\u0165\" data-global-category=\"Cycling\" data-author=\"Radovan Vr\u0161ka\" data-published=\"2021-07-09T10:00:04+02:00\" data-published-day=\"Friday\">\n    <div class=\"entry-thumbnail article-thumbnail\" content=\"https:\/\/d2p6e6u75xmxt8.cloudfront.net\/4\/2021\/07\/Prilby_00-150x150.webp\"><a href=\"https:\/\/www.welovecycling.com\/sk\/2021\/07\/09\/ako-si-vybrat-prilbu-na-bicykel\/\" class=\"image-holder\" target=\"_self\"><img decoding=\"async\" loading=\"lazy\" class=\"\" src=\"https:\/\/d2p6e6u75xmxt8.cloudfront.net\/4\/2021\/07\/Prilby_00-1024x445.webp\" srcset=\"https:\/\/d2p6e6u75xmxt8.cloudfront.net\/4\/2021\/07\/Prilby_00.webp 1380w, https:\/\/d2p6e6u75xmxt8.cloudfront.net\/4\/2021\/07\/Prilby_00-300x130.webp 300w, https:\/\/d2p6e6u75xmxt8.cloudfront.net\/4\/2021\/07\/Prilby_00-1024x445.webp 1024w, https:\/\/d2p6e6u75xmxt8.cloudfront.net\/4\/2021\/07\/Prilby_00-768x334.webp 768w\" width=\"1024\" height=\"445\" sizes=\"auto, (min-width: 1200px) 460px, (min-width: 768px) 38vw, 100vw\" alt=\"ako-si-vybrat-prilbu-na-bicykel\"\/><\/a><\/div>    <div class=\"entry-meta\">\n        <a class=\"label label-secondary post-category\" href=\"https:\/\/www.welovecycling.com\/sk\/category\/bezpecnost\/\" title=\"Bezpe\u010dnos\u0165\">Bezpe\u010dnos\u0165<\/a>\n    <\/div>\n    <div class=\"entry-details\">\n        <a href=\"https:\/\/www.welovecycling.com\/sk\/2021\/07\/09\/ako-si-vybrat-prilbu-na-bicykel\/\" class='entry-title-wrapper'>\n            <h3 class=\"entry-title\"><span>Ako si vybra\u0165 prilbu na bicykel?<\/span><\/h3>\n        <\/a>\n    <\/div>\n    <\/article>\n<\/div>\n<p>Bez oh\u013eadu na typ jazdy, ktor\u00fd preferujete, m\u00f4\u017eete n\u00e1js\u0165 cenovo dostupn\u00fa a m\u00f3dne vyzeraj\u00facu prilbu MIPS, ktor\u00e1 sa hod\u00ed k ak\u00e9muko\u013evek \u0161t\u00fdlu, ktor\u00e1 chr\u00e1ni a udr\u017eiava va\u0161u hlavu v suchu a chlade (alebo v teple) po\u010das jazdy. <strong>Pam\u00e4tajte, \u017ee k v\u00e4\u010d\u0161ine neh\u00f4d doch\u00e1dza v d\u00f4sledku vonkaj\u0161\u00edch faktorov, preto pou\u017e\u00edvajte na ochranu hlavy prilbu.<\/strong><\/p>\n<h2><strong>4. Okuliare<\/strong><\/h2>\n<p>Pozn\u00e1m len p\u00e1r cyklistov, ktor\u00ed nejazdia s okuliarmi, no ja tie svoje potrebujem. Pri jasnom slne\u010dnom svetle chr\u00e1nia cyklistick\u00e9 slne\u010dn\u00e9 okuliare va\u0161e o\u010di pred \u0161kodliv\u00fdm UV \u017eiaren\u00edm. V podmienkach so slab\u00fdm viden\u00edm pom\u00e1ha skl\u00ed\u010dko spr\u00e1vnej farby vidie\u0165 cestu jasnej\u0161ie.<\/p>\n<p>A \u010do prach, hmyz a cestn\u00e9 ne\u010distoty, ktor\u00e9 v\u00e1m lietaj\u00fa do tv\u00e1re a o\u010d\u00ed? Alebo ste sa u\u017e niekedy pristihli pri jazde za in\u00fdm cyklistom v da\u017edi, ktor\u00fd nem\u00e1 blatn\u00edk? <strong>Okuliare udr\u017eia \u00falomky a lietaj\u00face predmety mimo va\u0161ich o\u010d\u00ed.<\/strong> Nikdy neviete, \u010do sa m\u00f4\u017ee po\u010das jazdy sta\u0165.<\/p>\n<h2><strong>5. \u0160umiv\u00e9 tablety<\/strong><\/h2>\n<p>Oby\u010dajn\u00e1 voda mi pri jazde nejak nechut\u00ed. Potrebujem c\u00edti\u0165 aspo\u0148 nejak\u00fa chu\u0165, aby som uspokojil svoje chu\u0165ov\u00e9 poh\u00e1riky. Preto si kupujem \u0161umiv\u00e9 tablety. Chv\u00ed\u013eu mi trvalo, k\u00fdm som na\u0161iel pre m\u0148a t\u00fa spr\u00e1vnu chu\u0165, no s trochou experimentovania to zvl\u00e1dnete aj vy.<\/p>\n<p>Ke\u010f idem na dlh\u00fa jazdu, beriem so sebou nieko\u013eko \u010fal\u0161\u00edch na doplnenie. S\u00fa mal\u00e9 a zaberaj\u00fa minimum miesta. Na ka\u017ed\u00fd vyjazd na ne pou\u017e\u00edvam mal\u00e9 plastov\u00e9 vrecko. Zmie\u0161ajte chute, aby ste z\u00edskali rozmanitos\u0165. <strong>V\u00e4\u010d\u0161ina tabliet obsahuje cenn\u00e9 elektrolyty, ktor\u00e9 v\u00e1s udr\u017eia hydratovan\u00fdch, alebo dokonca uh\u013eohydr\u00e1ty, ktor\u00e9 dodaj\u00fa palivo<\/strong>, ke\u010f tradi\u010dn\u00e9 ty\u010dinky alebo g\u00e9ly nesta\u010dia alebo v\u00e1m za\u0165a\u017euj\u00fa \u017eal\u00fadok.<\/p>\n<h2><strong>6. Zbalite\u013en\u00e1 vesta<\/strong><\/h2>\n<p>Ke\u010f je va\u0161e jadro tela tepl\u00e9, je pravdepodobn\u00e9, \u017ee cel\u00e9 telo je zohriate tie\u017e. <strong>Zbalite\u013en\u00e1 vesta poskytuje potrebn\u00fa ochranu pred vetrom, miernym da\u017e\u010fom alebo rann\u00fdm chladom po\u010das zmeny ro\u010dn\u00fdch obdob\u00ed.<\/strong> A ke\u010f\u017ee je zbalite\u013en\u00e1 a kompaktn\u00e1, ani nebudete vedie\u0165, \u017ee ju m\u00e1te.<\/p>\n<h2><strong>7. GPS po\u010d\u00edta\u010d<\/strong><\/h2>\n<p>Technol\u00f3gia GPS nie je len pre motorov\u00e9 vozidl\u00e1. <strong>V\u010faka palubn\u00e9mu naviga\u010dn\u00e9mu syst\u00e9mu na riadidl\u00e1ch alebo z\u00e1p\u00e4st\u00ed sa m\u00f4\u017eete vyda\u0165 na nezn\u00e1me cesty s istotou, \u017ee v\u017edy n\u00e1jdete cestu domov.<\/strong><\/p>\n<p>Tie\u017e prid\u00e1vaj\u00fa korenie do \u017eivota va\u0161ej be\u017enej jazdeckej rutine, preto\u017ee m\u00f4\u017eete pou\u017ei\u0165 s\u00favisiace programy na vytv\u00e1ranie tr\u00e1s, na predbe\u017en\u00e9 pl\u00e1novanie j\u00e1zd a zast\u00e1vok na k\u00e1vu v nepresk\u00faman\u00fdch oblastiach vo va\u0161om okol\u00ed. Ve\u013ea jazdcov u\u017e mo\u017eno urobilo t\u00fato \u0165a\u017ek\u00fa pr\u00e1cu za v\u00e1s. Prezrite si rozsiahlu kni\u017enicu online publikovan\u00fdch j\u00e1zd, ktor\u00e9 m\u00f4\u017eete \u013eahko upravi\u0165 alebo prida\u0165 do svojej zbierky.<\/p>\n<h2><strong>8. Opa\u013eovac\u00ed kr\u00e9m<\/strong><\/h2>\n<p>Opa\u013eovac\u00ed kr\u00e9m nie je potrebn\u00fd len vtedy, ke\u010f svieti slnko. UV l\u00fa\u010de bombarduj\u00fa na\u0161u poko\u017eku 365&nbsp;dn\u00ed v roku a najv\u00e4\u010d\u0161\u00ed org\u00e1n tela potrebuje primeran\u00fa ochranu. 15 alebo 30 SPF nesta\u010d\u00ed. <strong>Cyklisti potrebuj\u00fa aspo\u0148 50 SPF v zlo\u017een\u00ed, ktor\u00e9 je odoln\u00e9 vo\u010di poteniu, pri\u010dom zost\u00e1va \u0161etrn\u00e9 k \u017eivotn\u00e9mu prostrediu.<\/strong><\/p>\n<p>Ur\u010dite si nejak\u00fd priba\u013ete na jazdu. Napl\u0148te star\u00fa cestovn\u00fa n\u00e1dobku zna\u010dkou, ktor\u00fa m\u00e1te odsk\u00fa\u0161an\u00fa a znova ju aplikujte po\u010das k\u00e1vi\u010dkovej prest\u00e1vky. Ak m\u00e1te na sebe \u013eahk\u00fd \u201eperformance aero\u201d dres vyroben\u00fd z l\u00e1tky bez ochrany SPF, nezabudnite na zadn\u00fa \u010das\u0165 krku a chrb\u00e1t.<\/p>\n<h2><strong>9. Mobiln\u00fd telef\u00f3n<\/strong><\/h2>\n<p>V\u00e4\u010d\u0161ina \u013eud\u00ed m\u00e1 svoj mobiln\u00fd telef\u00f3n st\u00e1le pri sebe. Ak v\u0161ak rad\u0161ej nech\u00e1vate ten svoj doma, svoje rozhodnutie si dobre premyslite. <strong>Telef\u00f3n je \u201ez\u00e1chrann\u00e9 lano\u201d pre v\u00e1s a ostatn\u00fdch v pr\u00edpade n\u00fadze alebo neopravite\u013en\u00fdch por\u00fach na ceste.<\/strong> Ak ste na cudzom \u00fazem\u00ed a v\u00e1\u0161mu GPS po\u010d\u00edta\u010du sa vybije bat\u00e9ria, v\u00e1\u0161 smartf\u00f3n m\u00e1 s najv\u00e4\u010d\u0161ou pravdepodobnos\u0165ou naviga\u010dn\u00fa aplik\u00e1ciu, ktor\u00e1 v\u00e1s dostane bezpe\u010dne domov.<\/p>\n<p>A ak jazd\u00edte sami, v\u00e1\u0161 smartf\u00f3n pravdepodobne obsahuje nejak\u00fd typ funkcie SOS pre pr\u00edpad p\u00e1du. Ak sa zist\u00ed n\u00e1raz alebo zr\u00e1\u017eka a vy nereagujete, vyto\u010d\u00ed vopred zadan\u00e9 n\u00fadzov\u00e9 kontaktn\u00e9 telef\u00f3nne \u010d\u00edslo, aby upozornil va\u0161ich bl\u00edzkych alebo zavolal pomoc, ke\u010f vy nem\u00f4\u017eete. Nastavte si t\u00fa mo\u017enos\u0165 e\u0161te dnes.<\/p>\n<h2><strong>10. Prenosn\u00e1 powerbanka<\/strong><\/h2>\n<p>Na cesty dlh\u0161ie ako \u0161tyri hodiny si so sebou beriem mal\u00fa prenosn\u00fa powerbanku a kr\u00e1tky k\u00e1bel na dobitie telef\u00f3nu alebo cyklopo\u010d\u00edta\u010da. <strong>Bat\u00e9rie sa dod\u00e1vaj\u00fa v kompaktn\u00fdch ve\u013ekostiach, od super tenk\u00fdch a\u017e po okr\u00fahle.<\/strong> Vo va\u0161ej sedlovej ta\u0161ke alebo vrecku na drese v\u00e1m zaber\u00fa minimum miesta.<\/p>\n<p>V\u00fddr\u017e bat\u00e9rie GPS je v dne\u0161nej dobe spo\u013eahlivej\u0161ia, ale ak m\u00e1te v telef\u00f3ne spusten\u00fa aplik\u00e1ciu <a href=\"https:\/\/www.strava.com\/\" rel=\"noopener\" target=\"_blank\">Strava<\/a> alebo in\u00fa aplik\u00e1ciu na sledovanie j\u00e1zd, navig\u00e1cia sa neust\u00e1le pou\u017e\u00edva, \u010do r\u00fdchlej\u0161ie vyb\u00edja bat\u00e9riu. Ak v\u00e1s zastihne vybit\u00e1 bat\u00e9ria, vypnite prep\u00ednacie tla\u010didl\u00e1 Bluetooth a Wi-Fi, aby ste \u0161etrili v\u00fddr\u017e bat\u00e9rie.<\/p>\n","protected":false},"excerpt":{"rendered":"<p>Aby bola aktivita bezpe\u010dn\u00e1 a pr\u00edjemn\u00e1, okrem bicykla si cyklistika vy\u017eaduje mno\u017estvo in\u00fdch produktov a doplnkov. Tie, ktor\u00e9 nos\u00edte, sa [&hellip;]<\/p>\n","protected":false},"author":170,"featured_media":16099,"comment_status":"open","ping_status":"open","sticky":false,"template":"","format":"standard","meta":{"footnotes":""},"categories":[191],"tags":[619,115,670,1310,1565,180,1408,1380,285,346,1061,264,1207,318],"global-categories":[],"class_list":["post-16096","post","type-post","status-publish","format-standard","has-post-thumbnail","hentry","category-odporucame","tag-bicyklovanie","tag-cestna-cyklistika","tag-cyklopocitac","tag-dlhy-vyjazd","tag-doplnky","tag-horska-cyklistika","tag-merino-vlna","tag-mips","tag-oblecenie","tag-okuliare","tag-opalovaci-krem","tag-prilba","tag-telefon","tag-vyjazd"],"yoast_head":"<!-- This site is optimized with the Yoast SEO Premium plugin v25.3 (Yoast SEO v25.9) - https:\/\/yoast.com\/wordpress\/plugins\/seo\/ -->\n<title>N\u00e1zor: 10 produktov, ktor\u00e9 mi nem\u00f4\u017eu na bicykli ch\u00fdba\u0165<\/title>\n<meta name=\"description\" content=\"Aby bola aktivita bezpe\u010dn\u00e1 a pr\u00edjemn\u00e1, okrem bicykla si cyklistika vy\u017eaduje mno\u017estvo in\u00fdch produktov. Toto je m\u00f4j zoznam 10 produktov.\" \/>\n<meta name=\"robots\" content=\"index, follow, max-snippet:-1, max-image-preview:large, max-video-preview:-1\" \/>\n<link rel=\"canonical\" href=\"https:\/\/www.welovecycling.com\/sk\/2022\/11\/21\/nazor-10-produktov-ktore-mi-nemozu-na-bicykli-chybat\/\" \/>\n<meta property=\"og:locale\" content=\"sk_SK\" \/>\n<meta property=\"og:type\" content=\"article\" \/>\n<meta property=\"og:title\" content=\"N\u00e1zor: 10 produktov, ktor\u00e9 mi nem\u00f4\u017eu na bicykli ch\u00fdba\u0165\" \/>\n<meta property=\"og:description\" content=\"Aby bola aktivita bezpe\u010dn\u00e1 a pr\u00edjemn\u00e1, okrem bicykla si cyklistika vy\u017eaduje mno\u017estvo in\u00fdch produktov. Toto je m\u00f4j zoznam 10 produktov.\" \/>\n<meta property=\"og:url\" content=\"https:\/\/www.welovecycling.com\/sk\/2022\/11\/21\/nazor-10-produktov-ktore-mi-nemozu-na-bicykli-chybat\/\" \/>\n<meta property=\"og:site_name\" content=\"\u0160koda We Love Cycling Slovensko\" \/>\n<meta property=\"article:published_time\" content=\"2022-11-21T08:52:36+00:00\" \/>\n<meta property=\"og:image\" content=\"https:\/\/d2p6e6u75xmxt8.cloudfront.net\/4\/2022\/11\/Outdoor-Morocco-Summer-profimedia-0689473988-CVR.webp\" \/>\n\t<meta property=\"og:image:width\" content=\"990\" \/>\n\t<meta property=\"og:image:height\" content=\"660\" \/>\n\t<meta property=\"og:image:type\" content=\"image\/webp\" \/>\n<meta name=\"author\" content=\"miksakova\" \/>\n<meta name=\"twitter:card\" content=\"summary_large_image\" \/>\n<meta name=\"twitter:label1\" content=\"Written by\" \/>\n\t<meta name=\"twitter:data1\" content=\"Radovan Vr\u0161ka\" \/>\n\t<meta name=\"twitter:label2\" content=\"Est. reading time\" \/>\n\t<meta name=\"twitter:data2\" content=\"4\" \/>\n<script type=\"application\/ld+json\" class=\"yoast-schema-graph\">{\"@context\":\"https:\/\/schema.org\",\"@graph\":[{\"@type\":\"WebPage\",\"@id\":\"https:\/\/www.welovecycling.com\/sk\/2022\/11\/21\/nazor-10-produktov-ktore-mi-nemozu-na-bicykli-chybat\/\",\"url\":\"https:\/\/www.welovecycling.com\/sk\/2022\/11\/21\/nazor-10-produktov-ktore-mi-nemozu-na-bicykli-chybat\/\",\"name\":\"N\u00e1zor: 10 produktov, ktor\u00e9 mi nem\u00f4\u017eu na bicykli ch\u00fdba\u0165\",\"isPartOf\":{\"@id\":\"https:\/\/www.welovecycling.com\/sk\/#website\"},\"primaryImageOfPage\":{\"@id\":\"https:\/\/www.welovecycling.com\/sk\/2022\/11\/21\/nazor-10-produktov-ktore-mi-nemozu-na-bicykli-chybat\/#primaryimage\"},\"image\":{\"@id\":\"https:\/\/www.welovecycling.com\/sk\/2022\/11\/21\/nazor-10-produktov-ktore-mi-nemozu-na-bicykli-chybat\/#primaryimage\"},\"thumbnailUrl\":\"https:\/\/d2p6e6u75xmxt8.cloudfront.net\/4\/2022\/11\/Outdoor-Morocco-Summer-profimedia-0689473988-CVR.webp\",\"datePublished\":\"2022-11-21T08:52:36+00:00\",\"author\":{\"@id\":\"https:\/\/www.welovecycling.com\/sk\/#\/schema\/person\/c6ce5af9dceed219d84a07d2ffa2cad9\"},\"description\":\"Aby bola aktivita bezpe\u010dn\u00e1 a pr\u00edjemn\u00e1, okrem bicykla si cyklistika vy\u017eaduje mno\u017estvo in\u00fdch produktov. Toto je m\u00f4j zoznam 10 produktov.\",\"breadcrumb\":{\"@id\":\"https:\/\/www.welovecycling.com\/sk\/2022\/11\/21\/nazor-10-produktov-ktore-mi-nemozu-na-bicykli-chybat\/#breadcrumb\"},\"inLanguage\":\"sk-SK\",\"potentialAction\":[{\"@type\":\"ReadAction\",\"target\":[\"https:\/\/www.welovecycling.com\/sk\/2022\/11\/21\/nazor-10-produktov-ktore-mi-nemozu-na-bicykli-chybat\/\"]}]},{\"@type\":\"ImageObject\",\"inLanguage\":\"sk-SK\",\"@id\":\"https:\/\/www.welovecycling.com\/sk\/2022\/11\/21\/nazor-10-produktov-ktore-mi-nemozu-na-bicykli-chybat\/#primaryimage\",\"url\":\"https:\/\/d2p6e6u75xmxt8.cloudfront.net\/4\/2022\/11\/Outdoor-Morocco-Summer-profimedia-0689473988-CVR.webp\",\"contentUrl\":\"https:\/\/d2p6e6u75xmxt8.cloudfront.net\/4\/2022\/11\/Outdoor-Morocco-Summer-profimedia-0689473988-CVR.webp\",\"width\":990,\"height\":660},{\"@type\":\"BreadcrumbList\",\"@id\":\"https:\/\/www.welovecycling.com\/sk\/2022\/11\/21\/nazor-10-produktov-ktore-mi-nemozu-na-bicykli-chybat\/#breadcrumb\",\"itemListElement\":[{\"@type\":\"ListItem\",\"position\":1,\"name\":\"Home\",\"item\":\"https:\/\/www.welovecycling.com\/sk\/\"},{\"@type\":\"ListItem\",\"position\":2,\"name\":\"N\u00e1zor: 10 produktov, ktor\u00e9 mi nem\u00f4\u017eu na bicykli ch\u00fdba\u0165\"}]},{\"@type\":\"WebSite\",\"@id\":\"https:\/\/www.welovecycling.com\/sk\/#website\",\"url\":\"https:\/\/www.welovecycling.com\/sk\/\",\"name\":\"\u0160koda We Love Cycling Slovensko\",\"description\":\"\u0160koda We Love Cycling Slovensko je v\u00e1\u0161 ka\u017edodenn\u00fd zdroj noviniek a in\u0161pir\u00e1cie z sveta cyklistiky\",\"potentialAction\":[{\"@type\":\"SearchAction\",\"target\":{\"@type\":\"EntryPoint\",\"urlTemplate\":\"https:\/\/www.welovecycling.com\/sk\/?s={search_term_string}\"},\"query-input\":{\"@type\":\"PropertyValueSpecification\",\"valueRequired\":true,\"valueName\":\"search_term_string\"}}],\"inLanguage\":\"sk-SK\"},{\"@type\":\"Person\",\"@id\":\"https:\/\/www.welovecycling.com\/sk\/#\/schema\/person\/c6ce5af9dceed219d84a07d2ffa2cad9\",\"name\":\"miksakova\",\"image\":{\"@type\":\"ImageObject\",\"inLanguage\":\"sk-SK\",\"@id\":\"https:\/\/www.welovecycling.com\/sk\/#\/schema\/person\/image\/\",\"url\":\"https:\/\/secure.gravatar.com\/avatar\/3663fb8acb50de04150ea6f7afc1bc15aba80aad4bf92aee01bd38a79084eb7a?s=96&d=mm&r=g\",\"contentUrl\":\"https:\/\/secure.gravatar.com\/avatar\/3663fb8acb50de04150ea6f7afc1bc15aba80aad4bf92aee01bd38a79084eb7a?s=96&d=mm&r=g\",\"caption\":\"miksakova\"},\"url\":\"https:\/\/www.welovecycling.com\/sk\/author\/miksakova\/\"}]}<\/script>\n<!-- \/ Yoast SEO Premium plugin. -->","yoast_head_json":{"title":"N\u00e1zor: 10 produktov, ktor\u00e9 mi nem\u00f4\u017eu na bicykli ch\u00fdba\u0165","description":"Aby bola aktivita bezpe\u010dn\u00e1 a pr\u00edjemn\u00e1, okrem bicykla si cyklistika vy\u017eaduje mno\u017estvo in\u00fdch produktov. Toto je m\u00f4j zoznam 10 produktov.","robots":{"index":"index","follow":"follow","max-snippet":"max-snippet:-1","max-image-preview":"max-image-preview:large","max-video-preview":"max-video-preview:-1"},"canonical":"https:\/\/www.welovecycling.com\/sk\/2022\/11\/21\/nazor-10-produktov-ktore-mi-nemozu-na-bicykli-chybat\/","og_locale":"sk_SK","og_type":"article","og_title":"N\u00e1zor: 10 produktov, ktor\u00e9 mi nem\u00f4\u017eu na bicykli ch\u00fdba\u0165","og_description":"Aby bola aktivita bezpe\u010dn\u00e1 a pr\u00edjemn\u00e1, okrem bicykla si cyklistika vy\u017eaduje mno\u017estvo in\u00fdch produktov. Toto je m\u00f4j zoznam 10 produktov.","og_url":"https:\/\/www.welovecycling.com\/sk\/2022\/11\/21\/nazor-10-produktov-ktore-mi-nemozu-na-bicykli-chybat\/","og_site_name":"\u0160koda We Love Cycling Slovensko","article_published_time":"2022-11-21T08:52:36+00:00","og_image":[{"width":990,"height":660,"url":"https:\/\/d2p6e6u75xmxt8.cloudfront.net\/4\/2022\/11\/Outdoor-Morocco-Summer-profimedia-0689473988-CVR.webp","type":"image\/webp"}],"author":"miksakova","twitter_card":"summary_large_image","twitter_misc":{"Written by":"Radovan Vr\u0161ka","Est. reading time":"4"},"schema":{"@context":"https:\/\/schema.org","@graph":[{"@type":"WebPage","@id":"https:\/\/www.welovecycling.com\/sk\/2022\/11\/21\/nazor-10-produktov-ktore-mi-nemozu-na-bicykli-chybat\/","url":"https:\/\/www.welovecycling.com\/sk\/2022\/11\/21\/nazor-10-produktov-ktore-mi-nemozu-na-bicykli-chybat\/","name":"N\u00e1zor: 10 produktov, ktor\u00e9 mi nem\u00f4\u017eu na bicykli ch\u00fdba\u0165","isPartOf":{"@id":"https:\/\/www.welovecycling.com\/sk\/#website"},"primaryImageOfPage":{"@id":"https:\/\/www.welovecycling.com\/sk\/2022\/11\/21\/nazor-10-produktov-ktore-mi-nemozu-na-bicykli-chybat\/#primaryimage"},"image":{"@id":"https:\/\/www.welovecycling.com\/sk\/2022\/11\/21\/nazor-10-produktov-ktore-mi-nemozu-na-bicykli-chybat\/#primaryimage"},"thumbnailUrl":"https:\/\/d2p6e6u75xmxt8.cloudfront.net\/4\/2022\/11\/Outdoor-Morocco-Summer-profimedia-0689473988-CVR.webp","datePublished":"2022-11-21T08:52:36+00:00","author":{"@id":"https:\/\/www.welovecycling.com\/sk\/#\/schema\/person\/c6ce5af9dceed219d84a07d2ffa2cad9"},"description":"Aby bola aktivita bezpe\u010dn\u00e1 a pr\u00edjemn\u00e1, okrem bicykla si cyklistika vy\u017eaduje mno\u017estvo in\u00fdch produktov. Toto je m\u00f4j zoznam 10 produktov.","breadcrumb":{"@id":"https:\/\/www.welovecycling.com\/sk\/2022\/11\/21\/nazor-10-produktov-ktore-mi-nemozu-na-bicykli-chybat\/#breadcrumb"},"inLanguage":"sk-SK","potentialAction":[{"@type":"ReadAction","target":["https:\/\/www.welovecycling.com\/sk\/2022\/11\/21\/nazor-10-produktov-ktore-mi-nemozu-na-bicykli-chybat\/"]}]},{"@type":"ImageObject","inLanguage":"sk-SK","@id":"https:\/\/www.welovecycling.com\/sk\/2022\/11\/21\/nazor-10-produktov-ktore-mi-nemozu-na-bicykli-chybat\/#primaryimage","url":"https:\/\/d2p6e6u75xmxt8.cloudfront.net\/4\/2022\/11\/Outdoor-Morocco-Summer-profimedia-0689473988-CVR.webp","contentUrl":"https:\/\/d2p6e6u75xmxt8.cloudfront.net\/4\/2022\/11\/Outdoor-Morocco-Summer-profimedia-0689473988-CVR.webp","width":990,"height":660},{"@type":"BreadcrumbList","@id":"https:\/\/www.welovecycling.com\/sk\/2022\/11\/21\/nazor-10-produktov-ktore-mi-nemozu-na-bicykli-chybat\/#breadcrumb","itemListElement":[{"@type":"ListItem","position":1,"name":"Home","item":"https:\/\/www.welovecycling.com\/sk\/"},{"@type":"ListItem","position":2,"name":"N\u00e1zor: 10 produktov, ktor\u00e9 mi nem\u00f4\u017eu na bicykli ch\u00fdba\u0165"}]},{"@type":"WebSite","@id":"https:\/\/www.welovecycling.com\/sk\/#website","url":"https:\/\/www.welovecycling.com\/sk\/","name":"\u0160koda We Love Cycling Slovensko","description":"\u0160koda We Love Cycling Slovensko je v\u00e1\u0161 ka\u017edodenn\u00fd zdroj noviniek a in\u0161pir\u00e1cie z sveta cyklistiky","potentialAction":[{"@type":"SearchAction","target":{"@type":"EntryPoint","urlTemplate":"https:\/\/www.welovecycling.com\/sk\/?s={search_term_string}"},"query-input":{"@type":"PropertyValueSpecification","valueRequired":true,"valueName":"search_term_string"}}],"inLanguage":"sk-SK"},{"@type":"Person","@id":"https:\/\/www.welovecycling.com\/sk\/#\/schema\/person\/c6ce5af9dceed219d84a07d2ffa2cad9","name":"miksakova","image":{"@type":"ImageObject","inLanguage":"sk-SK","@id":"https:\/\/www.welovecycling.com\/sk\/#\/schema\/person\/image\/","url":"https:\/\/secure.gravatar.com\/avatar\/3663fb8acb50de04150ea6f7afc1bc15aba80aad4bf92aee01bd38a79084eb7a?s=96&d=mm&r=g","contentUrl":"https:\/\/secure.gravatar.com\/avatar\/3663fb8acb50de04150ea6f7afc1bc15aba80aad4bf92aee01bd38a79084eb7a?s=96&d=mm&r=g","caption":"miksakova"},"url":"https:\/\/www.welovecycling.com\/sk\/author\/miksakova\/"}]}},"_links":{"self":[{"href":"https:\/\/www.welovecycling.com\/sk\/wp-json\/wp\/v2\/posts\/16096","targetHints":{"allow":["GET"]}}],"collection":[{"href":"https:\/\/www.welovecycling.com\/sk\/wp-json\/wp\/v2\/posts"}],"about":[{"href":"https:\/\/www.welovecycling.com\/sk\/wp-json\/wp\/v2\/types\/post"}],"author":[{"embeddable":true,"href":"https:\/\/www.welovecycling.com\/sk\/wp-json\/wp\/v2\/users\/170"}],"replies":[{"embeddable":true,"href":"https:\/\/www.welovecycling.com\/sk\/wp-json\/wp\/v2\/comments?post=16096"}],"version-history":[{"count":2,"href":"https:\/\/www.welovecycling.com\/sk\/wp-json\/wp\/v2\/posts\/16096\/revisions"}],"predecessor-version":[{"id":16106,"href":"https:\/\/www.welovecycling.com\/sk\/wp-json\/wp\/v2\/posts\/16096\/revisions\/16106"}],"wp:featuredmedia":[{"embeddable":true,"href":"https:\/\/www.welovecycling.com\/sk\/wp-json\/wp\/v2\/media\/16099"}],"wp:attachment":[{"href":"https:\/\/www.welovecycling.com\/sk\/wp-json\/wp\/v2\/media?parent=16096"}],"wp:term":[{"taxonomy":"category","embeddable":true,"href":"https:\/\/www.welovecycling.com\/sk\/wp-json\/wp\/v2\/categories?post=16096"},{"taxonomy":"post_tag","embeddable":true,"href":"https:\/\/www.welovecycling.com\/sk\/wp-json\/wp\/v2\/tags?post=16096"},{"taxonomy":"global-categories","embeddable":true,"href":"https:\/\/www.welovecycling.com\/sk\/wp-json\/wp\/v2\/global-categories?post=16096"}],"curies":[{"name":"wp","href":"https:\/\/api.w.org\/{rel}","templated":true}]}}