{"id":16077,"date":"2022-11-18T09:46:27","date_gmt":"2022-11-18T08:46:27","guid":{"rendered":"https:\/\/www.welovecycling.com\/sk\/?p=16077"},"modified":"2022-11-18T09:46:27","modified_gmt":"2022-11-18T08:46:27","slug":"rozhovor-cyklotrasa-terchovska-dolina-ked-sa-podari-zrealizovat-uzasny-napad","status":"publish","type":"post","link":"https:\/\/www.welovecycling.com\/sk\/2022\/11\/18\/rozhovor-cyklotrasa-terchovska-dolina-ked-sa-podari-zrealizovat-uzasny-napad\/","title":{"rendered":"Rozhovor: Cyklotrasa Terchovsk\u00e1 dolina \u2013 ke\u010f sa podar\u00ed zrealizova\u0165 \u00fa\u017easn\u00fd n\u00e1pad"},"content":{"rendered":"<p><strong>Pre milovn\u00edkov cyklistiky je na Slovensku skuto\u010dn\u00fdm unik\u00e1tom cyklotrasa \u017dilina \u2013 Terchov\u00e1. Cyklotrasa vedie od Vodn\u00e9ho diela \u017dilina cez Var\u00edn a\u017e do Terchovej. Po\u010das svojej trasy kop\u00edruje rieku Var\u00ednka a\u00a0cyklotrasu\u00a0o\u017eivuj\u00fa a dop\u013a\u0148aj\u00fa viacer\u00e9 mosty a\u00a0l\u00e1vky. Trasa je dlh\u00e1 nie\u010do cez 23 kilometrov a\u00a0jej vybudovanie si vy\u017eadovalo viac ako 6 mili\u00f3nov eur. Porozpr\u00e1vali sme sa s\u00a0Ing. Petrom Chrap\u010diakom, \u010dlenom predstavenstva\u00a0Oblastnej organiz\u00e1cie cestovn\u00e9ho ruchu Mal\u00e1 Fatra, ktor\u00e1 cel\u00fa my\u0161lienku zastre\u0161ovala.<\/strong><!--more--><\/p>\n<p><strong>U\u00a0koho a\u00a0kedy vznikol prv\u00fd impulz vybudova\u0165 cyklomagistr\u00e1lu?<\/strong><br \/>\n<em>Prv\u00e9 kroky k\u00a0pr\u00edprave a\u00a0zah\u00e1jeniu projektu som za\u010dal realizova\u0165 u\u017e v\u00a0roku 2014 osloven\u00edm obc\u00ed Terchovskej doliny.<\/em><\/p>\n<p><strong>V\u00a0lete v\u00a0roku 2020 bola za\u010dat\u00e1 v\u00fdstavba, ale predpoklad\u00e1m, \u017ee jednania a\u00a0pr\u00edpravy prebiehali u\u017e ove\u013ea sk\u00f4r?<\/strong><br \/>\n<em>V\u00a0roku 2014 na zasadnut\u00ed Mikroregi\u00f3nu Terchovsk\u00e1 dolina starostovia ods\u00fahlasili m\u00f4j predlo\u017een\u00fd z\u00e1mer a\u00a0od polovice roka 2014 som za\u010dal pripravova\u0165 trasovanie. Oslovil som N\u00e1rodn\u00fd park Mal\u00e1 Fatra pre ods\u00fahlasenie z\u00e1meru a\u00a0trasovania. Nieko\u013ekokr\u00e1t prebehla obhliadka ter\u00e9nu a\u00a0ods\u00fahlasili sme si trasovanie, nako\u013eko cyklotrasa prech\u00e1dza chr\u00e1nen\u00fdm \u00fazem\u00edm NATURA 2000 a\u00a05. stup\u0148om ochrany pr\u00edrody Kras\u0148ansk\u00fd luh. Postupne od prv\u00e9ho n\u00e1vrhu bola v\u00a0roku 2015 spracovan\u00e1 \u0161t\u00fadia, o\u00a0dva roky nesk\u00f4r projekt pre \u00fazemn\u00e9 konanie a\u00a0nakoniec v\u00a0roku 2018 bolo vydan\u00e9 stavebn\u00e9 povolenie.<\/em><\/p>\n<p><a href=\"https:\/\/d2p6e6u75xmxt8.cloudfront.net\/4\/2022\/11\/Cyklotrasa-Terchovska-dolina_01.webp\"><img loading=\"lazy\" decoding=\"async\" src=\"https:\/\/d2p6e6u75xmxt8.cloudfront.net\/4\/2022\/11\/Cyklotrasa-Terchovska-dolina_01.webp\" alt=\"\" width=\"990\" height=\"660\" class=\"alignnone size-full wp-image-16090\" srcset=\"https:\/\/d2p6e6u75xmxt8.cloudfront.net\/4\/2022\/11\/Cyklotrasa-Terchovska-dolina_01.webp 990w, https:\/\/d2p6e6u75xmxt8.cloudfront.net\/4\/2022\/11\/Cyklotrasa-Terchovska-dolina_01-300x200.webp 300w, https:\/\/d2p6e6u75xmxt8.cloudfront.net\/4\/2022\/11\/Cyklotrasa-Terchovska-dolina_01-768x512.webp 768w, https:\/\/d2p6e6u75xmxt8.cloudfront.net\/4\/2022\/11\/Cyklotrasa-Terchovska-dolina_01-272x182.webp 272w\" sizes=\"auto, (max-width: 990px) 100vw, 990px\" \/><\/a><\/p>\n<p><strong>Ako to bolo s\u00a0vysporiadan\u00edm pozemkov pod cyklotrasou? S\u00fa v\u00a0pren\u00e1jme alebo boli odk\u00fapen\u00e9?<\/strong><br \/>\n<em>V\u00e4\u010d\u0161ina pozemkov je s\u00fakromn\u00e1 alebo obecn\u00e1. Podarila sa n\u00e1m v\u0161ak jedna \u00fa\u017easn\u00e1 vec a\u00a0to, \u017ee sme sa s\u00a0vlastn\u00edkmi dohodli na dlhodobom pren\u00e1jme za symbolick\u00e9 1 \u20ac. Za tento pr\u00edstup s\u00fakromn\u00fdch vlastn\u00edkov a\u00a0obecn\u00fdch zastupite\u013estiev im v\u0161etk\u00fdm patr\u00ed na\u0161a ve\u013ek\u00e1 v\u010faka. Pre m\u0148a v\u0161ak bol obrovsk\u00fd \u0161ok, \u017ee napriek tomu, \u017ee je cyklotrasa verejnoprospe\u0161nou stavbou, pozemky sme museli odk\u00fapi\u0165 jedine od \u0161t\u00e1tu v\u00a0zast\u00fapen\u00ed SPF.<\/em> <\/p>\n<p><strong>Ako prebiehalo financovanie cel\u00e9ho projektu? Kto sa na tom podie\u013eal?<\/strong><br \/>\n<em>Najv\u00e4\u010d\u0161\u00ed podiel na tomto projekte m\u00e1 ako investor OOCR Mal\u00e1 Fatra a\u00a0jej \u010dlenovia a\u00a0to najm\u00e4 mesto \u017dilina, ale aj\u00a0obce Terchovskej doliny: Tepli\u010dka nad V\u00e1hom, Nededza, Gbe\u013eany, Kras\u0148any, Str\u00e1\u017ea a Terchov\u00e1. Projekt podporili aj: \u017dilinsk\u00fd samospr\u00e1vny kraj, KOCR \u017dilinsk\u00fd turistick\u00fd kraj, ale t\u00fato stavbu ako jedin\u00fd \u0161t\u00e1tny podnik podporil aj Slovensk\u00fd vodohospod\u00e1rsky podnik Pie\u0161\u0165any a \u010fal\u0161\u00ed partneri. \u017dia\u013e m\u00e1me aj \u010dlenov, respekt\u00edve zastupite\u013estv\u00e1 obc\u00ed, ktor\u00e9 spolufinancovanie projektu zatia\u013e neschv\u00e1li napriek tomu, \u017ee v\u00a0ich obci i\u0161lo o\u00a0v\u00fdznamn\u00fa invest\u00edciu, jedn\u00e1 sa o\u00a0tieto obce: Bel\u00e1, Var\u00edn a\u00a0Lysica. Ver\u00edme, \u017ee nov\u00e9 zastupite\u013estv\u00e1 prehodnotia predch\u00e1dzaj\u00face stanovisk\u00e1 a\u00a0schv\u00e1lia pr\u00edspevok na spolufinancovanie tak, ako bolo dohodnut\u00e9.<\/em> <\/p>\n<p><strong>Povrch trasy tvor\u00ed asfalt a\u00a0\u0161trk, ktor\u00fd zvl\u00e1dnu aj cestn\u00e9 bicykle. V\u00a0akom pomere je zhruba toto striedanie povrchov?<\/strong><br \/>\n<em>Okrem \u00faseku v\u00a0k.\u00fa. Kras\u0148any a\u00a0\u010dasti \u00faseku v\u00a0k.\u00fa. Str\u00e1\u017ea, kde je 5. stupe\u0148 ochrany pr\u00edrody, \u00a0je cyklochodn\u00edk \u0161trkov\u00fd tzv. \u201emlatov\u00e1 cesta\u201c v\u00a0d\u013a\u017eke cca 2,5 km, v\u0161etky ostatn\u00e9 plochy s\u00fa v\u00a0asfalte. Av\u0161ak \u00fasek mlatovej cesty je vhodn\u00fd aj pre cestn\u00e9 bicykle.<\/em><\/p>\n<p><a href=\"https:\/\/d2p6e6u75xmxt8.cloudfront.net\/4\/2022\/11\/Cyklotrasa-Terchovska-dolina_02.webp\"><img loading=\"lazy\" decoding=\"async\" src=\"https:\/\/d2p6e6u75xmxt8.cloudfront.net\/4\/2022\/11\/Cyklotrasa-Terchovska-dolina_02.webp\" alt=\"\" width=\"990\" height=\"660\" class=\"alignnone size-full wp-image-16082\" srcset=\"https:\/\/d2p6e6u75xmxt8.cloudfront.net\/4\/2022\/11\/Cyklotrasa-Terchovska-dolina_02.webp 990w, https:\/\/d2p6e6u75xmxt8.cloudfront.net\/4\/2022\/11\/Cyklotrasa-Terchovska-dolina_02-300x200.webp 300w, https:\/\/d2p6e6u75xmxt8.cloudfront.net\/4\/2022\/11\/Cyklotrasa-Terchovska-dolina_02-768x512.webp 768w, https:\/\/d2p6e6u75xmxt8.cloudfront.net\/4\/2022\/11\/Cyklotrasa-Terchovska-dolina_02-272x182.webp 272w\" sizes=\"auto, (max-width: 990px) 100vw, 990px\" \/><\/a><\/p>\n<p><strong>Ak\u00e1 je \u0161\u00edrka cyklomagistr\u00e1ly, predpoklad\u00e1m, \u017ee sa to pohybuje v\u00a0ur\u010dit\u00fdch medziach?<\/strong><br \/>\n<em>Cyklotrasa v\u00a0k.\u00fa. Tepli\u010dka nad V\u00e1hom a\u00a0Nededza m\u00e1 \u0161\u00edrku 4 m, v\u00a0ostatn\u00fdch katastroch je cyklochodn\u00edk v\u00a0\u0161\u00edrke 2,5 m.<\/em><\/p>\n<p><strong>Na trase je dev\u00e4\u0165 ve\u013ek\u00fdch mostov a\u00a0oce\u0148ujem, \u017ee s\u00fa naozaj perfektne navrhnut\u00e9 s\u00a0oh\u013eadom na miestnu architekt\u00faru. Ako vznikla t\u00e1to my\u0161lienka? Mohli ste si predsa poveda\u0165, \u017ee tam sprav\u00edte jednoduch\u00e9 mosty so z\u00e1bradl\u00edm, ktor\u00e9 by ur\u010dite vy\u0161li aj lacnej\u0161ie?<\/strong><br \/>\n<em>Celkovo je na cyklochodn\u00edku a\u017e 17 premosten\u00ed v\u00a0d\u013a\u017ekach 20-50 ale aj 80 m. 9 ve\u013ek\u00fdch mostov je prestre\u0161en\u00fdch. T\u00fdm, \u017ee cyklochodn\u00edk prech\u00e1dza chr\u00e1nen\u00fdm \u00fazem\u00edm s\u00a0prekr\u00e1snymi v\u00fdh\u013eadmi na Mal\u00fa Fatru, bola na\u0161a po\u017eiadavka na projektov\u00fa dokument\u00e1ciu mostov tak\u00e1, aby boli s\u00fa\u010das\u0165ou tohto celku a\u00a0zapadli do okolitej pr\u00edrody. Zadanie pre projektantov bolo, aby navrhli mosty vych\u00e1dzaj\u00face z\u00a0miestnej architekt\u00fary podhorsk\u00fdch os\u00e1d s\u00a0ich typick\u00fdmi prvkami.<\/em><\/p>\n<div id='gallery-1' class='gallery galleryid-16077 gallery-columns-2 gallery-size-full'><figure class='gallery-item'>\n\t\t\t<div class='gallery-icon landscape'>\n\t\t\t\t<a href='https:\/\/d2p6e6u75xmxt8.cloudfront.net\/4\/2022\/11\/Cyklotrasa-Terchovska-dolina_03.webp'><img loading=\"lazy\" decoding=\"async\" width=\"990\" height=\"660\" src=\"https:\/\/d2p6e6u75xmxt8.cloudfront.net\/4\/2022\/11\/Cyklotrasa-Terchovska-dolina_03.webp\" class=\"attachment-full size-full\" alt=\"\" srcset=\"https:\/\/d2p6e6u75xmxt8.cloudfront.net\/4\/2022\/11\/Cyklotrasa-Terchovska-dolina_03.webp 990w, https:\/\/d2p6e6u75xmxt8.cloudfront.net\/4\/2022\/11\/Cyklotrasa-Terchovska-dolina_03-300x200.webp 300w, https:\/\/d2p6e6u75xmxt8.cloudfront.net\/4\/2022\/11\/Cyklotrasa-Terchovska-dolina_03-768x512.webp 768w, https:\/\/d2p6e6u75xmxt8.cloudfront.net\/4\/2022\/11\/Cyklotrasa-Terchovska-dolina_03-272x182.webp 272w\" sizes=\"auto, (max-width: 990px) 100vw, 990px\" \/><\/a>\n\t\t\t<\/div><\/figure><figure class='gallery-item'>\n\t\t\t<div class='gallery-icon landscape'>\n\t\t\t\t<a href='https:\/\/d2p6e6u75xmxt8.cloudfront.net\/4\/2022\/11\/Cyklotrasa-Terchovska-dolina_04.webp'><img loading=\"lazy\" decoding=\"async\" width=\"990\" height=\"660\" src=\"https:\/\/d2p6e6u75xmxt8.cloudfront.net\/4\/2022\/11\/Cyklotrasa-Terchovska-dolina_04.webp\" class=\"attachment-full size-full\" alt=\"\" srcset=\"https:\/\/d2p6e6u75xmxt8.cloudfront.net\/4\/2022\/11\/Cyklotrasa-Terchovska-dolina_04.webp 990w, https:\/\/d2p6e6u75xmxt8.cloudfront.net\/4\/2022\/11\/Cyklotrasa-Terchovska-dolina_04-300x200.webp 300w, https:\/\/d2p6e6u75xmxt8.cloudfront.net\/4\/2022\/11\/Cyklotrasa-Terchovska-dolina_04-768x512.webp 768w, https:\/\/d2p6e6u75xmxt8.cloudfront.net\/4\/2022\/11\/Cyklotrasa-Terchovska-dolina_04-272x182.webp 272w\" sizes=\"auto, (max-width: 990px) 100vw, 990px\" \/><\/a>\n\t\t\t<\/div><\/figure>\n\t\t<\/div>\n\n<p><strong>Pre\u010do maj\u00fa niektor\u00e9 mosty tak ve\u013ek\u00fd sklon niekde a\u017e 17 %, \u010do m\u00f4\u017ee by\u0165 pre niektor\u00fdch cyklistov a najm\u00e4 deti probl\u00e9m. Vy\u017eadovalo to koryto rieky, alebo technick\u00e9 prevedenie?<\/strong><br \/>\n<em>Tok Var\u00ednky je po celej d\u013a\u017eke cyklotrasy neregulovan\u00fd s divokou veget\u00e1ciou a drobn\u00fdmi stavbami. Pri n\u00e1vrhu bola zoh\u013eadnen\u00e1 t\u00e1to skuto\u010dnos\u0165, aby mostn\u00e9 kon\u0161trukcie nevytv\u00e1rali prek\u00e1\u017eku pri povodni. A takisto z d\u00f4vodu majetko-pr\u00e1vnych pomerov nebolo mo\u017en\u00e9 vytvori\u0165 po\u017eadovan\u00e9 n\u00e1jazdy na mosty na brehoch.<\/em><\/p>\n<p><strong>V\u00a0pl\u00e1ne boli aj nab\u00edjacie stanice pre elektrobicykle v\u00a0ka\u017edej obci, cez ktor\u00fa prech\u00e1dza cyklotrasa. Podarilo sa aj toto zrealizova\u0165?<\/strong><br \/>\n<em>Vo v\u00e4\u010d\u0161ine obc\u00ed, ktor\u00fdmi prech\u00e1dza cyklotrasa, s\u00fa aj nab\u00edjacie stanice na e-biky.<\/em><\/p>\n<p><strong>Ko\u013eko obc\u00ed nav\u0161t\u00edvi cyklista po\u010das jazdy celou cyklotrasou?<\/strong><br \/>\n<em>Cykotrasa za\u010d\u00edna v\u00a0krajskom meste \u017dilina na Vodnom diele, prech\u00e1dza obcami Tepli\u010dka nad V\u00e1hom, Nededza, Gbe\u013eany, Var\u00edn, Kras\u0148any, Str\u00e1\u017ea, Lysica, Bel\u00e1 a\u017e do Terchovej. V\u00a0Terchovej sa zatia\u013e stavebn\u00e9 pr\u00e1ce nerealizovali, nako\u013eko v\u00a0\u010dase podania \u017eiadosti o\u00a0nen\u00e1vratn\u00fd finan\u010dn\u00fd pr\u00edspevok nebolo mo\u017en\u00e9 vyrie\u0161i\u0165 vlastn\u00edcke vz\u0165ahy z\u00a0d\u00f4vodu prebiehaj\u00faceho ROEP-u a\u00a0z\u00a0uveden\u00e9ho d\u00f4vodu nebolo mo\u017en\u00e9 pripravi\u0165 projekt pre stavebn\u00e9 povolenie. Aktu\u00e1lne u\u017e m\u00e1me spracovan\u00fa projektov\u00fa dokument\u00e1ciu pre zost\u00e1vaj\u00faci \u00fasek v\u00a0k-\u00fa. Terchov\u00e1  a\u00a0m\u00e1me v\u00a0pl\u00e1ne dokon\u010di\u0165 tento \u00fasek v\u00a0najbli\u017e\u0161\u00edch rokoch.<\/em><\/p>\n<div class=\"shortcode-ys-post-pinup\"><article class=\"loop-simple post-15325 post type-post status-publish format-standard has-post-thumbnail hentry category-odporucame tag-bicykel tag-bicyklovanie tag-cestna-cyklistika tag-horska-cyklistika tag-kniha tag-kniha-o-cyklistike tag-motivacia\" data-postid=\"15325\" role=\"article\" data-post-id=\"15325\" data-word-count=\"750\" data-headline-length=\"71\" data-category=\"Odpor\u00fa\u010dame\" data-author=\"Megan Flottorp\" data-published=\"2022-09-23T09:00:23+02:00\" data-published-day=\"Friday\">\n    <div class=\"entry-thumbnail article-thumbnail\" content=\"https:\/\/d2p6e6u75xmxt8.cloudfront.net\/4\/2022\/09\/Bike-touring-Book-profimedia-0664923429-CVR-150x150.webp\"><a href=\"https:\/\/www.welovecycling.com\/sk\/2022\/09\/23\/najlepsie-knihy-o-cestach-na-bicykli-ktore-vas-mozu-inspirovat\/\" class=\"image-holder\" target=\"_self\"><img decoding=\"async\" loading=\"lazy\" class=\"\" src=\"https:\/\/d2p6e6u75xmxt8.cloudfront.net\/4\/2022\/09\/Bike-touring-Book-profimedia-0664923429-CVR.webp\" srcset=\"https:\/\/d2p6e6u75xmxt8.cloudfront.net\/4\/2022\/09\/Bike-touring-Book-profimedia-0664923429-CVR.webp 990w, https:\/\/d2p6e6u75xmxt8.cloudfront.net\/4\/2022\/09\/Bike-touring-Book-profimedia-0664923429-CVR-300x200.webp 300w, https:\/\/d2p6e6u75xmxt8.cloudfront.net\/4\/2022\/09\/Bike-touring-Book-profimedia-0664923429-CVR-768x512.webp 768w, https:\/\/d2p6e6u75xmxt8.cloudfront.net\/4\/2022\/09\/Bike-touring-Book-profimedia-0664923429-CVR-272x182.webp 272w\" width=\"990\" height=\"660\" sizes=\"auto, (min-width: 1200px) 300px, (min-width: 768px) 25vw, 100vw\" alt=\"najlepsie-knihy-o-cestach-na-bicykli-ktore-vas-mozu-inspirovat\"\/><\/a><\/div>    <div class=\"entry-meta\">\n        <a class=\"label label-secondary post-category\" href=\"https:\/\/www.welovecycling.com\/sk\/category\/odporucame\/\" title=\"Odpor\u00fa\u010dame\">Odpor\u00fa\u010dame<\/a>\n    <\/div>\n    <div class=\"entry-details\">\n        <a href=\"https:\/\/www.welovecycling.com\/sk\/2022\/09\/23\/najlepsie-knihy-o-cestach-na-bicykli-ktore-vas-mozu-inspirovat\/\" class='entry-title-wrapper'>\n            <h3 class=\"entry-title\"><span>Najlep\u0161ie knihy o cest\u00e1ch na bicykli, ktor\u00e9 v\u00e1s m\u00f4\u017eu in\u0161pirova\u0165<\/span><\/h3>\n        <\/a>\n    <\/div>\n    <\/article>\n<\/div>\n<p><strong>Ak\u00e1 bola odozva obyvate\u013eov jednotliv\u00fdch obc\u00ed na my\u0161lienku, \u017ee cyklotrasa bude vies\u0165 cez ich obec, alebo v\u00a0jej bl\u00edzkosti?<\/strong><br \/>\n<em>Stavebne je cyklotrasa u\u017e hotov\u00e1. Od za\u010diatku stavby ob\u010dania vyu\u017e\u00edvali hotov\u00e9 \u00faseky v\u00a0zna\u010dnej miere. Dnes vid\u00edme, \u017ee ke\u010f je pekn\u00e9 po\u010dasie, je cyklochodn\u00edk ve\u013emi vyu\u017e\u00edvan\u00fd a\u00a0prech\u00e1dzaj\u00fa po \u0148om stovky \u013eud\u00ed. Po zah\u00e1jen\u00ed stavebn\u00fdch pr\u00e1c sa na\u0161lo \u017eia\u013e aj p\u00e1r ob\u010danov, ktor\u00fdm vadilo, \u017ee po miestnej komunik\u00e1cii v\u00a0obci sa pres\u00favaj\u00fa cyklisti, dokonca aj zablokovali \u010das\u0165 obecnej cesty z\u00e1vorou a\u00a0br\u00e1nou. Nakoniec sme boli don\u00faten\u00ed obr\u00e1ti\u0165 sa a\u017e na s\u00fad, nako\u013eko nebolo mo\u017en\u00e1 dohoda s\u00a0t\u00fdmito \u013eu\u010fmi.<\/em><\/p>\n<p><a href=\"https:\/\/d2p6e6u75xmxt8.cloudfront.net\/4\/2022\/11\/Cyklotrasa-Terchovska-dolina_05.webp\"><img loading=\"lazy\" decoding=\"async\" src=\"https:\/\/d2p6e6u75xmxt8.cloudfront.net\/4\/2022\/11\/Cyklotrasa-Terchovska-dolina_05.webp\" alt=\"\" width=\"990\" height=\"660\" class=\"alignnone size-full wp-image-16085\" srcset=\"https:\/\/d2p6e6u75xmxt8.cloudfront.net\/4\/2022\/11\/Cyklotrasa-Terchovska-dolina_05.webp 990w, https:\/\/d2p6e6u75xmxt8.cloudfront.net\/4\/2022\/11\/Cyklotrasa-Terchovska-dolina_05-300x200.webp 300w, https:\/\/d2p6e6u75xmxt8.cloudfront.net\/4\/2022\/11\/Cyklotrasa-Terchovska-dolina_05-768x512.webp 768w, https:\/\/d2p6e6u75xmxt8.cloudfront.net\/4\/2022\/11\/Cyklotrasa-Terchovska-dolina_05-272x182.webp 272w\" sizes=\"auto, (max-width: 990px) 100vw, 990px\" \/><\/a><\/p>\n<p><strong>Sledovali ste po\u010das prvej sez\u00f3ny jej n\u00e1v\u0161tevnos\u0165 a\u00a0vyu\u017eitie? M\u00e1te nejak\u00fa sp\u00e4tn\u00fa odozvu od cyklistov?<\/strong><br \/>\n<em>N\u00e1v\u0161tevnos\u0165 zatia\u013e meriame subjekt\u00edvne pod\u013ea vy\u0165a\u017eenosti na chodn\u00edku, ale pl\u00e1nujeme v\u00a0bud\u00facnosti umiestni\u0165 na cyklochodn\u00edk aj s\u010d\u00edta\u010d, aby sme z\u00edskali presn\u00e9 \u010d\u00edsla o\u00a0vyu\u017e\u00edvan\u00ed cyklochodn\u00edka. Odozvy s\u00fa v\u00e4\u010d\u0161inou kladn\u00e9, ob\u010das s\u00fa s\u0165a\u017enosti na umiestnen\u00e9 z\u00e1brany (st\u013apiky) proti vjazdu \u00e1ut na mosty a\u00a0na chodn\u00edk. V\u00a0septembri bolo dokon\u010den\u00e9 dopravn\u00e9 zna\u010denie a\u00a0ka\u017ed\u00e1 t\u00e1to z\u00e1brana je vidite\u013ene ozna\u010den\u00e9 dopravnou zna\u010dkou, aby nedo\u0161lo k\u00a0nehode.<\/em><\/p>\n<p><strong>Ste v\u00a0OOCR Mal\u00e1 Fatra aj sami fan\u00fa\u0161ikovia cyklistiky a\u00a0pre\u0161li ste si trasu po jej dokon\u010den\u00ed?<\/strong><br \/>\n<em>Projekt je st\u00e1le ve\u013emi \u010derstv\u00fd a\u00a0nebol \u010das e\u0161te oslavova\u0165. Zatia\u013e sme sa stretli na malej sl\u00e1vnosti pri pr\u00edle\u017eitosti ukon\u010denia stavebn\u00fdch pr\u00e1c. V\u00e4\u010d\u0161iu sl\u00e1vnos\u0165 a ofici\u00e1lne\u00a0otvorenie pl\u00e1nujeme za\u010diatkom roka 2023. Ale ver\u00edm, \u017ee viacer\u00ed z\u00a0n\u00e1s si to u\u017e individu\u00e1lne pre\u0161li na bicykli.<\/em><\/p>\n<p><a href=\"https:\/\/d2p6e6u75xmxt8.cloudfront.net\/4\/2022\/11\/Cyklotrasa-Terchovska-dolina_06.webp\"><img loading=\"lazy\" decoding=\"async\" src=\"https:\/\/d2p6e6u75xmxt8.cloudfront.net\/4\/2022\/11\/Cyklotrasa-Terchovska-dolina_06.webp\" alt=\"\" width=\"990\" height=\"660\" class=\"alignnone size-full wp-image-16086\" srcset=\"https:\/\/d2p6e6u75xmxt8.cloudfront.net\/4\/2022\/11\/Cyklotrasa-Terchovska-dolina_06.webp 990w, https:\/\/d2p6e6u75xmxt8.cloudfront.net\/4\/2022\/11\/Cyklotrasa-Terchovska-dolina_06-300x200.webp 300w, https:\/\/d2p6e6u75xmxt8.cloudfront.net\/4\/2022\/11\/Cyklotrasa-Terchovska-dolina_06-768x512.webp 768w, https:\/\/d2p6e6u75xmxt8.cloudfront.net\/4\/2022\/11\/Cyklotrasa-Terchovska-dolina_06-272x182.webp 272w\" sizes=\"auto, (max-width: 990px) 100vw, 990px\" \/><\/a><\/p>\n<p><strong>E\u0161te je mo\u017eno zav\u010dasu sp\u00fdta\u0165 sa t\u00fato ot\u00e1zku, ale rozmanitos\u0165 kraja a\u00a0mno\u017estvo atrakci\u00ed priam l\u00e1ka k\u00a0budovaniu \u010fal\u0161\u00edch cyklotr\u00e1s. Uva\u017eujete nad nie\u010d\u00edm podobn\u00fdm do bud\u00facna?<\/strong><br \/>\n<em>Teraz sa n\u00e1m podarila jedna \u00fa\u017easn\u00e1 vec a\u00a0postavili sme hlavn\u00fa cyklotrasu ved\u00facu Terchovskou dolinu, na ktor\u00fa sa nap\u00e1ja sie\u0165 horsk\u00fdch cyklotr\u00e1s v\u00a0celkovej d\u013a\u017eke a\u017e 600 km. Aktu\u00e1lne evidujeme podnety od \u010dlensk\u00fdch obc\u00ed pre doplnenie niektor\u00fdch \u00fasekov v\u00a0k.\u00fa. Var\u00edn, Str\u00e1\u017ea a\u00a0Gbe\u013eany. Dlh\u0161iu dobu je z\u00e1mer prepoji\u0165 Terchovsk\u00fa dolinu s\u00a0Kysuckou, kde m\u00e1me tie\u017e \u010dlenov. Uvid\u00edme \u010di OOCR Mal\u00e1 Fatra n\u00e1jde vhodn\u00e9ho mana\u017e\u00e9ra pre realiz\u00e1ciu t\u00fdchto z\u00e1merov. Dlh\u00e9 roky sa \u010dak\u00e1 aj na realiz\u00e1ciu Rajeckej cyklomagistr\u00e1ly. Prepojenie \u017diliny s\u00a0Vr\u00fatkami\/Martinom a na tomto pracuje \u017dilinsk\u00fd samospr\u00e1vny kraj.<\/em><\/p>\n<div id='gallery-2' class='gallery galleryid-15325 gallery-columns-2 gallery-size-full'><figure class='gallery-item'>\n\t\t\t<div class='gallery-icon landscape'>\n\t\t\t\t<a href='https:\/\/d2p6e6u75xmxt8.cloudfront.net\/4\/2022\/11\/Cyklotrasa-Terchovska-dolina_08.webp'><img loading=\"lazy\" decoding=\"async\" width=\"990\" height=\"660\" src=\"https:\/\/d2p6e6u75xmxt8.cloudfront.net\/4\/2022\/11\/Cyklotrasa-Terchovska-dolina_08.webp\" class=\"attachment-full size-full\" alt=\"\" srcset=\"https:\/\/d2p6e6u75xmxt8.cloudfront.net\/4\/2022\/11\/Cyklotrasa-Terchovska-dolina_08.webp 990w, https:\/\/d2p6e6u75xmxt8.cloudfront.net\/4\/2022\/11\/Cyklotrasa-Terchovska-dolina_08-300x200.webp 300w, https:\/\/d2p6e6u75xmxt8.cloudfront.net\/4\/2022\/11\/Cyklotrasa-Terchovska-dolina_08-768x512.webp 768w, https:\/\/d2p6e6u75xmxt8.cloudfront.net\/4\/2022\/11\/Cyklotrasa-Terchovska-dolina_08-272x182.webp 272w\" sizes=\"auto, (max-width: 990px) 100vw, 990px\" \/><\/a>\n\t\t\t<\/div><\/figure><figure class='gallery-item'>\n\t\t\t<div class='gallery-icon landscape'>\n\t\t\t\t<a href='https:\/\/d2p6e6u75xmxt8.cloudfront.net\/4\/2022\/11\/Cyklotrasa-Terchovska-dolina_09.webp'><img loading=\"lazy\" decoding=\"async\" width=\"990\" height=\"660\" src=\"https:\/\/d2p6e6u75xmxt8.cloudfront.net\/4\/2022\/11\/Cyklotrasa-Terchovska-dolina_09.webp\" class=\"attachment-full size-full\" alt=\"\" srcset=\"https:\/\/d2p6e6u75xmxt8.cloudfront.net\/4\/2022\/11\/Cyklotrasa-Terchovska-dolina_09.webp 990w, https:\/\/d2p6e6u75xmxt8.cloudfront.net\/4\/2022\/11\/Cyklotrasa-Terchovska-dolina_09-300x200.webp 300w, https:\/\/d2p6e6u75xmxt8.cloudfront.net\/4\/2022\/11\/Cyklotrasa-Terchovska-dolina_09-768x512.webp 768w, https:\/\/d2p6e6u75xmxt8.cloudfront.net\/4\/2022\/11\/Cyklotrasa-Terchovska-dolina_09-272x182.webp 272w\" sizes=\"auto, (max-width: 990px) 100vw, 990px\" \/><\/a>\n\t\t\t<\/div><\/figure>\n\t\t<\/div>\n\n<p>Cyklistov na Slovensku pote\u0161ila realiz\u00e1cia tak\u00e9hoto skvel\u00e9ho diela a\u00a0prajeme, aby sa \u010dlenom OOCR Mal\u00e1 Fatra darilo nap\u013a\u0148a\u0165 aj \u010fal\u0161ie svoje pl\u00e1ny. Je tu dokonca \u0161anca, \u017ee tak\u00e1to aktivita in\u0161piruje aj viacer\u00e9 organiz\u00e1cie a\u00a0regi\u00f3ny a\u00a0<strong>vybuduj\u00fa sa podobn\u00e9 cyklotrasy, ktor\u00e9 bud\u00fa rovnako, ako t\u00e1to v\u00a0Terchovskej doline, citlivo re\u0161pektova\u0165 charakter krajiny, miestnu architekt\u00faru a\u00a0prispej\u00fa k\u00a0rozvoju a\u00a0atraktivite svojho okolia<\/strong>. <\/p>\n","protected":false},"excerpt":{"rendered":"<p>Pre milovn\u00edkov cyklistiky je na Slovensku skuto\u010dn\u00fdm unik\u00e1tom cyklotrasa \u017dilina \u2013 Terchov\u00e1. Cyklotrasa vedie od Vodn\u00e9ho diela \u017dilina cez Var\u00edn [&hellip;]<\/p>\n","protected":false},"author":170,"featured_media":16081,"comment_status":"open","ping_status":"open","sticky":false,"template":"","format":"standard","meta":{"footnotes":""},"categories":[191],"tags":[115,448,180,532,767,931,1492,501,523,1563,545,1564,318,183,821],"global-categories":[1074],"class_list":["post-16077","post","type-post","status-publish","format-standard","has-post-thumbnail","hentry","category-odporucame","tag-cestna-cyklistika","tag-cyklotrasy","tag-horska-cyklistika","tag-jazdenie","tag-motivacia","tag-odporucame","tag-projekt","tag-rozhovor","tag-slovensko","tag-terchova","tag-trasa","tag-vodne-dielo-zilina","tag-vyjazd","tag-zabava","tag-zilina","global-categories-cycling"],"yoast_head":"<!-- This site is optimized with the Yoast SEO Premium plugin v25.3 (Yoast SEO v25.9) - https:\/\/yoast.com\/wordpress\/plugins\/seo\/ -->\n<title>Rozhovor: Cyklotrasa Terchovsk\u00e1 dolina \u2013 ke\u010f sa podar\u00ed zrealizova\u0165 \u00fa\u017easn\u00fd n\u00e1pad - \u0160koda We Love Cycling Slovensko<\/title>\n<meta name=\"description\" content=\"Cyklotrasa Terchovsk\u00e1 dolina vedie od Vodn\u00e9ho diela \u017dilina cez Var\u00edn a\u017e do Terchovej. Pre milovn\u00edkov cyklistiky je skuto\u010dn\u00fdm unik\u00e1tom.\" \/>\n<meta name=\"robots\" content=\"index, follow, max-snippet:-1, max-image-preview:large, max-video-preview:-1\" \/>\n<link rel=\"canonical\" href=\"https:\/\/www.welovecycling.com\/sk\/2022\/11\/18\/rozhovor-cyklotrasa-terchovska-dolina-ked-sa-podari-zrealizovat-uzasny-napad\/\" \/>\n<meta property=\"og:locale\" content=\"sk_SK\" \/>\n<meta property=\"og:type\" content=\"article\" \/>\n<meta property=\"og:title\" content=\"Rozhovor: Cyklotrasa Terchovsk\u00e1 dolina \u2013 ke\u010f sa podar\u00ed zrealizova\u0165 \u00fa\u017easn\u00fd n\u00e1pad\" \/>\n<meta property=\"og:description\" content=\"Cyklotrasa Terchovsk\u00e1 dolina vedie od Vodn\u00e9ho diela \u017dilina cez Var\u00edn a\u017e do Terchovej. Pre milovn\u00edkov cyklistiky je skuto\u010dn\u00fdm unik\u00e1tom.\" \/>\n<meta property=\"og:url\" content=\"https:\/\/www.welovecycling.com\/sk\/2022\/11\/18\/rozhovor-cyklotrasa-terchovska-dolina-ked-sa-podari-zrealizovat-uzasny-napad\/\" \/>\n<meta property=\"og:site_name\" content=\"\u0160koda We Love Cycling Slovensko\" \/>\n<meta property=\"article:published_time\" content=\"2022-11-18T08:46:27+00:00\" \/>\n<meta property=\"og:image\" content=\"https:\/\/d2p6e6u75xmxt8.cloudfront.net\/4\/2022\/11\/Cyklotrasa-Terchovska-dolina_00.webp\" \/>\n\t<meta property=\"og:image:width\" content=\"990\" \/>\n\t<meta property=\"og:image:height\" content=\"660\" \/>\n\t<meta property=\"og:image:type\" content=\"image\/webp\" \/>\n<meta name=\"author\" content=\"miksakova\" \/>\n<meta name=\"twitter:card\" content=\"summary_large_image\" \/>\n<meta name=\"twitter:label1\" content=\"Written by\" \/>\n\t<meta name=\"twitter:data1\" content=\"Megan Flottorp\" \/>\n\t<meta name=\"twitter:label2\" content=\"Est. reading time\" \/>\n\t<meta name=\"twitter:data2\" content=\"6\" \/>\n<script type=\"application\/ld+json\" class=\"yoast-schema-graph\">{\"@context\":\"https:\/\/schema.org\",\"@graph\":[{\"@type\":\"WebPage\",\"@id\":\"https:\/\/www.welovecycling.com\/sk\/2022\/11\/18\/rozhovor-cyklotrasa-terchovska-dolina-ked-sa-podari-zrealizovat-uzasny-napad\/\",\"url\":\"https:\/\/www.welovecycling.com\/sk\/2022\/11\/18\/rozhovor-cyklotrasa-terchovska-dolina-ked-sa-podari-zrealizovat-uzasny-napad\/\",\"name\":\"Rozhovor: Cyklotrasa Terchovsk\u00e1 dolina \u2013 ke\u010f sa podar\u00ed zrealizova\u0165 \u00fa\u017easn\u00fd n\u00e1pad - \u0160koda We Love Cycling Slovensko\",\"isPartOf\":{\"@id\":\"https:\/\/www.welovecycling.com\/sk\/#website\"},\"primaryImageOfPage\":{\"@id\":\"https:\/\/www.welovecycling.com\/sk\/2022\/11\/18\/rozhovor-cyklotrasa-terchovska-dolina-ked-sa-podari-zrealizovat-uzasny-napad\/#primaryimage\"},\"image\":{\"@id\":\"https:\/\/www.welovecycling.com\/sk\/2022\/11\/18\/rozhovor-cyklotrasa-terchovska-dolina-ked-sa-podari-zrealizovat-uzasny-napad\/#primaryimage\"},\"thumbnailUrl\":\"https:\/\/d2p6e6u75xmxt8.cloudfront.net\/4\/2022\/11\/Cyklotrasa-Terchovska-dolina_00.webp\",\"datePublished\":\"2022-11-18T08:46:27+00:00\",\"author\":{\"@id\":\"https:\/\/www.welovecycling.com\/sk\/#\/schema\/person\/c6ce5af9dceed219d84a07d2ffa2cad9\"},\"description\":\"Cyklotrasa Terchovsk\u00e1 dolina vedie od Vodn\u00e9ho diela \u017dilina cez Var\u00edn a\u017e do Terchovej. Pre milovn\u00edkov cyklistiky je skuto\u010dn\u00fdm unik\u00e1tom.\",\"breadcrumb\":{\"@id\":\"https:\/\/www.welovecycling.com\/sk\/2022\/11\/18\/rozhovor-cyklotrasa-terchovska-dolina-ked-sa-podari-zrealizovat-uzasny-napad\/#breadcrumb\"},\"inLanguage\":\"sk-SK\",\"potentialAction\":[{\"@type\":\"ReadAction\",\"target\":[\"https:\/\/www.welovecycling.com\/sk\/2022\/11\/18\/rozhovor-cyklotrasa-terchovska-dolina-ked-sa-podari-zrealizovat-uzasny-napad\/\"]}]},{\"@type\":\"ImageObject\",\"inLanguage\":\"sk-SK\",\"@id\":\"https:\/\/www.welovecycling.com\/sk\/2022\/11\/18\/rozhovor-cyklotrasa-terchovska-dolina-ked-sa-podari-zrealizovat-uzasny-napad\/#primaryimage\",\"url\":\"https:\/\/d2p6e6u75xmxt8.cloudfront.net\/4\/2022\/11\/Cyklotrasa-Terchovska-dolina_00.webp\",\"contentUrl\":\"https:\/\/d2p6e6u75xmxt8.cloudfront.net\/4\/2022\/11\/Cyklotrasa-Terchovska-dolina_00.webp\",\"width\":990,\"height\":660},{\"@type\":\"BreadcrumbList\",\"@id\":\"https:\/\/www.welovecycling.com\/sk\/2022\/11\/18\/rozhovor-cyklotrasa-terchovska-dolina-ked-sa-podari-zrealizovat-uzasny-napad\/#breadcrumb\",\"itemListElement\":[{\"@type\":\"ListItem\",\"position\":1,\"name\":\"Home\",\"item\":\"https:\/\/www.welovecycling.com\/sk\/\"},{\"@type\":\"ListItem\",\"position\":2,\"name\":\"Rozhovor: Cyklotrasa Terchovsk\u00e1 dolina \u2013 ke\u010f sa podar\u00ed zrealizova\u0165 \u00fa\u017easn\u00fd n\u00e1pad\"}]},{\"@type\":\"WebSite\",\"@id\":\"https:\/\/www.welovecycling.com\/sk\/#website\",\"url\":\"https:\/\/www.welovecycling.com\/sk\/\",\"name\":\"\u0160koda We Love Cycling Slovensko\",\"description\":\"\u0160koda We Love Cycling Slovensko je v\u00e1\u0161 ka\u017edodenn\u00fd zdroj noviniek a in\u0161pir\u00e1cie z sveta cyklistiky\",\"potentialAction\":[{\"@type\":\"SearchAction\",\"target\":{\"@type\":\"EntryPoint\",\"urlTemplate\":\"https:\/\/www.welovecycling.com\/sk\/?s={search_term_string}\"},\"query-input\":{\"@type\":\"PropertyValueSpecification\",\"valueRequired\":true,\"valueName\":\"search_term_string\"}}],\"inLanguage\":\"sk-SK\"},{\"@type\":\"Person\",\"@id\":\"https:\/\/www.welovecycling.com\/sk\/#\/schema\/person\/c6ce5af9dceed219d84a07d2ffa2cad9\",\"name\":\"miksakova\",\"image\":{\"@type\":\"ImageObject\",\"inLanguage\":\"sk-SK\",\"@id\":\"https:\/\/www.welovecycling.com\/sk\/#\/schema\/person\/image\/\",\"url\":\"https:\/\/secure.gravatar.com\/avatar\/3663fb8acb50de04150ea6f7afc1bc15aba80aad4bf92aee01bd38a79084eb7a?s=96&d=mm&r=g\",\"contentUrl\":\"https:\/\/secure.gravatar.com\/avatar\/3663fb8acb50de04150ea6f7afc1bc15aba80aad4bf92aee01bd38a79084eb7a?s=96&d=mm&r=g\",\"caption\":\"miksakova\"},\"url\":\"https:\/\/www.welovecycling.com\/sk\/author\/miksakova\/\"}]}<\/script>\n<!-- \/ Yoast SEO Premium plugin. -->","yoast_head_json":{"title":"Rozhovor: Cyklotrasa Terchovsk\u00e1 dolina \u2013 ke\u010f sa podar\u00ed zrealizova\u0165 \u00fa\u017easn\u00fd n\u00e1pad - \u0160koda We Love Cycling Slovensko","description":"Cyklotrasa Terchovsk\u00e1 dolina vedie od Vodn\u00e9ho diela \u017dilina cez Var\u00edn a\u017e do Terchovej. Pre milovn\u00edkov cyklistiky je skuto\u010dn\u00fdm unik\u00e1tom.","robots":{"index":"index","follow":"follow","max-snippet":"max-snippet:-1","max-image-preview":"max-image-preview:large","max-video-preview":"max-video-preview:-1"},"canonical":"https:\/\/www.welovecycling.com\/sk\/2022\/11\/18\/rozhovor-cyklotrasa-terchovska-dolina-ked-sa-podari-zrealizovat-uzasny-napad\/","og_locale":"sk_SK","og_type":"article","og_title":"Rozhovor: Cyklotrasa Terchovsk\u00e1 dolina \u2013 ke\u010f sa podar\u00ed zrealizova\u0165 \u00fa\u017easn\u00fd n\u00e1pad","og_description":"Cyklotrasa Terchovsk\u00e1 dolina vedie od Vodn\u00e9ho diela \u017dilina cez Var\u00edn a\u017e do Terchovej. Pre milovn\u00edkov cyklistiky je skuto\u010dn\u00fdm unik\u00e1tom.","og_url":"https:\/\/www.welovecycling.com\/sk\/2022\/11\/18\/rozhovor-cyklotrasa-terchovska-dolina-ked-sa-podari-zrealizovat-uzasny-napad\/","og_site_name":"\u0160koda We Love Cycling Slovensko","article_published_time":"2022-11-18T08:46:27+00:00","og_image":[{"width":990,"height":660,"url":"https:\/\/d2p6e6u75xmxt8.cloudfront.net\/4\/2022\/11\/Cyklotrasa-Terchovska-dolina_00.webp","type":"image\/webp"}],"author":"miksakova","twitter_card":"summary_large_image","twitter_misc":{"Written by":"Megan Flottorp","Est. reading time":"6"},"schema":{"@context":"https:\/\/schema.org","@graph":[{"@type":"WebPage","@id":"https:\/\/www.welovecycling.com\/sk\/2022\/11\/18\/rozhovor-cyklotrasa-terchovska-dolina-ked-sa-podari-zrealizovat-uzasny-napad\/","url":"https:\/\/www.welovecycling.com\/sk\/2022\/11\/18\/rozhovor-cyklotrasa-terchovska-dolina-ked-sa-podari-zrealizovat-uzasny-napad\/","name":"Rozhovor: Cyklotrasa Terchovsk\u00e1 dolina \u2013 ke\u010f sa podar\u00ed zrealizova\u0165 \u00fa\u017easn\u00fd n\u00e1pad - \u0160koda We Love Cycling Slovensko","isPartOf":{"@id":"https:\/\/www.welovecycling.com\/sk\/#website"},"primaryImageOfPage":{"@id":"https:\/\/www.welovecycling.com\/sk\/2022\/11\/18\/rozhovor-cyklotrasa-terchovska-dolina-ked-sa-podari-zrealizovat-uzasny-napad\/#primaryimage"},"image":{"@id":"https:\/\/www.welovecycling.com\/sk\/2022\/11\/18\/rozhovor-cyklotrasa-terchovska-dolina-ked-sa-podari-zrealizovat-uzasny-napad\/#primaryimage"},"thumbnailUrl":"https:\/\/d2p6e6u75xmxt8.cloudfront.net\/4\/2022\/11\/Cyklotrasa-Terchovska-dolina_00.webp","datePublished":"2022-11-18T08:46:27+00:00","author":{"@id":"https:\/\/www.welovecycling.com\/sk\/#\/schema\/person\/c6ce5af9dceed219d84a07d2ffa2cad9"},"description":"Cyklotrasa Terchovsk\u00e1 dolina vedie od Vodn\u00e9ho diela \u017dilina cez Var\u00edn a\u017e do Terchovej. Pre milovn\u00edkov cyklistiky je skuto\u010dn\u00fdm unik\u00e1tom.","breadcrumb":{"@id":"https:\/\/www.welovecycling.com\/sk\/2022\/11\/18\/rozhovor-cyklotrasa-terchovska-dolina-ked-sa-podari-zrealizovat-uzasny-napad\/#breadcrumb"},"inLanguage":"sk-SK","potentialAction":[{"@type":"ReadAction","target":["https:\/\/www.welovecycling.com\/sk\/2022\/11\/18\/rozhovor-cyklotrasa-terchovska-dolina-ked-sa-podari-zrealizovat-uzasny-napad\/"]}]},{"@type":"ImageObject","inLanguage":"sk-SK","@id":"https:\/\/www.welovecycling.com\/sk\/2022\/11\/18\/rozhovor-cyklotrasa-terchovska-dolina-ked-sa-podari-zrealizovat-uzasny-napad\/#primaryimage","url":"https:\/\/d2p6e6u75xmxt8.cloudfront.net\/4\/2022\/11\/Cyklotrasa-Terchovska-dolina_00.webp","contentUrl":"https:\/\/d2p6e6u75xmxt8.cloudfront.net\/4\/2022\/11\/Cyklotrasa-Terchovska-dolina_00.webp","width":990,"height":660},{"@type":"BreadcrumbList","@id":"https:\/\/www.welovecycling.com\/sk\/2022\/11\/18\/rozhovor-cyklotrasa-terchovska-dolina-ked-sa-podari-zrealizovat-uzasny-napad\/#breadcrumb","itemListElement":[{"@type":"ListItem","position":1,"name":"Home","item":"https:\/\/www.welovecycling.com\/sk\/"},{"@type":"ListItem","position":2,"name":"Rozhovor: Cyklotrasa Terchovsk\u00e1 dolina \u2013 ke\u010f sa podar\u00ed zrealizova\u0165 \u00fa\u017easn\u00fd n\u00e1pad"}]},{"@type":"WebSite","@id":"https:\/\/www.welovecycling.com\/sk\/#website","url":"https:\/\/www.welovecycling.com\/sk\/","name":"\u0160koda We Love Cycling Slovensko","description":"\u0160koda We Love Cycling Slovensko je v\u00e1\u0161 ka\u017edodenn\u00fd zdroj noviniek a in\u0161pir\u00e1cie z sveta cyklistiky","potentialAction":[{"@type":"SearchAction","target":{"@type":"EntryPoint","urlTemplate":"https:\/\/www.welovecycling.com\/sk\/?s={search_term_string}"},"query-input":{"@type":"PropertyValueSpecification","valueRequired":true,"valueName":"search_term_string"}}],"inLanguage":"sk-SK"},{"@type":"Person","@id":"https:\/\/www.welovecycling.com\/sk\/#\/schema\/person\/c6ce5af9dceed219d84a07d2ffa2cad9","name":"miksakova","image":{"@type":"ImageObject","inLanguage":"sk-SK","@id":"https:\/\/www.welovecycling.com\/sk\/#\/schema\/person\/image\/","url":"https:\/\/secure.gravatar.com\/avatar\/3663fb8acb50de04150ea6f7afc1bc15aba80aad4bf92aee01bd38a79084eb7a?s=96&d=mm&r=g","contentUrl":"https:\/\/secure.gravatar.com\/avatar\/3663fb8acb50de04150ea6f7afc1bc15aba80aad4bf92aee01bd38a79084eb7a?s=96&d=mm&r=g","caption":"miksakova"},"url":"https:\/\/www.welovecycling.com\/sk\/author\/miksakova\/"}]}},"_links":{"self":[{"href":"https:\/\/www.welovecycling.com\/sk\/wp-json\/wp\/v2\/posts\/16077","targetHints":{"allow":["GET"]}}],"collection":[{"href":"https:\/\/www.welovecycling.com\/sk\/wp-json\/wp\/v2\/posts"}],"about":[{"href":"https:\/\/www.welovecycling.com\/sk\/wp-json\/wp\/v2\/types\/post"}],"author":[{"embeddable":true,"href":"https:\/\/www.welovecycling.com\/sk\/wp-json\/wp\/v2\/users\/170"}],"replies":[{"embeddable":true,"href":"https:\/\/www.welovecycling.com\/sk\/wp-json\/wp\/v2\/comments?post=16077"}],"version-history":[{"count":2,"href":"https:\/\/www.welovecycling.com\/sk\/wp-json\/wp\/v2\/posts\/16077\/revisions"}],"predecessor-version":[{"id":16095,"href":"https:\/\/www.welovecycling.com\/sk\/wp-json\/wp\/v2\/posts\/16077\/revisions\/16095"}],"wp:featuredmedia":[{"embeddable":true,"href":"https:\/\/www.welovecycling.com\/sk\/wp-json\/wp\/v2\/media\/16081"}],"wp:attachment":[{"href":"https:\/\/www.welovecycling.com\/sk\/wp-json\/wp\/v2\/media?parent=16077"}],"wp:term":[{"taxonomy":"category","embeddable":true,"href":"https:\/\/www.welovecycling.com\/sk\/wp-json\/wp\/v2\/categories?post=16077"},{"taxonomy":"post_tag","embeddable":true,"href":"https:\/\/www.welovecycling.com\/sk\/wp-json\/wp\/v2\/tags?post=16077"},{"taxonomy":"global-categories","embeddable":true,"href":"https:\/\/www.welovecycling.com\/sk\/wp-json\/wp\/v2\/global-categories?post=16077"}],"curies":[{"name":"wp","href":"https:\/\/api.w.org\/{rel}","templated":true}]}}