{"id":1604,"date":"2017-08-14T12:06:26","date_gmt":"2017-08-14T10:06:26","guid":{"rendered":"https:\/\/www.welovecycling.com\/sk\/?p=1604"},"modified":"2017-12-18T13:03:10","modified_gmt":"2017-12-18T12:03:10","slug":"vyber-vhodneho-bicykla-co-sa-zamerat","status":"publish","type":"post","link":"https:\/\/www.welovecycling.com\/sk\/2017\/08\/14\/vyber-vhodneho-bicykla-co-sa-zamerat\/","title":{"rendered":"V\u00fdber vhodn\u00e9ho bicykla \u2013 na \u010do sa zamera\u0165?"},"content":{"rendered":"<p><strong>V dne\u0161nej dobe je na trhu naozaj \u0161irok\u00e1 ponuka bicyklov a probl\u00e9m je sk\u00f4r v tom, kde za\u010da\u0165, pr\u00edpadne, na \u010do sa zamera\u0165. Ka\u017ed\u00fd m\u00e1 rozdielne preferencie a finan\u010dn\u00e9 mo\u017enosti, no je zop\u00e1r z\u00e1kladn\u00fdch bodov, na ktor\u00e9 sa oplat\u00ed pozera\u0165, ak pl\u00e1nujete k\u00fapi\u0165 nie\u010do na za\u010diatok.<\/strong><!--more--><\/p>\n<p><a href=\"https:\/\/d2p6e6u75xmxt8.cloudfront.net\/4\/2017\/07\/02-1.jpg\"><img loading=\"lazy\" decoding=\"async\" class=\"alignnone size-full wp-image-1607\" src=\"https:\/\/d2p6e6u75xmxt8.cloudfront.net\/4\/2017\/07\/02-1.jpg\" alt=\"\" width=\"1024\" height=\"683\" \/><\/a><\/p>\n<p>V prvom rade si treba ur\u010di\u0165, \u010do od bicykla o\u010dak\u00e1vate a pod\u013ea toho smerova\u0165 svoj prvotn\u00fd v\u00fdber. D\u00f4le\u017eit\u00e1 je <strong>spr\u00e1vne zvolen\u00e1 ve\u013ekos\u0165 a geometria<\/strong>. Najm\u00e4 pri cestn\u00fdch bicykloch s\u00fa \u010dasto dostupn\u00e9 r\u00f4zne prevedenia geometri\u00ed &#8211; od vyslovene r\u00fddzo \u0161portov\u00fdch a\u017e po tie, ur\u010den\u00e9 pre pohodln\u00e9 v\u00fdlety a za\u010diato\u010dn\u00edkov. Ide\u00e1lnu ve\u013ekos\u0165 ve\u013emi \u010dasto v\u00fdrobca ud\u00e1va na svojich str\u00e1nkach, pr\u00edpadne sa informujte na diskusn\u00fdch f\u00f3rach, ak nem\u00e1te nikoho sk\u00fasen\u00e9ho po ruke. Osobn\u00e1 sk\u00fasenos\u0165 je v tomto pr\u00edpade v\u00fdrazn\u00e9 plus. Pri ve\u013ekosti ob\u010das nast\u00e1va probl\u00e9m, \u017ee ste na hrane medzi dvoma. V tomto pr\u00edpade bude zrejme rozumnej\u0161ie zvoli\u0165 rad\u0161ej t\u00fa men\u0161iu. Bicykel bude \u013eah\u0161\u00ed, obratnej\u0161\u00ed a v pr\u00edpade potreby sa daj\u00fa zmeni\u0165 komponenty ako predstavec alebo sedlovka.<\/p>\n<h2><strong>Zna\u010dka<\/strong><\/h2>\n<p class=\" dccConverted\" data-dcc-converted-content=\"Samozrejme, v tomto pr\u00edpade ma ka\u017ed\u00fd rozdielne preferencie, no v modeloch, ktor\u00e9 s\u00fa ur\u010den\u00e9 za\u010diato\u010dn\u00edkom napr. v cenovej rel\u00e1cii do CZK26,153.00 , nen\u00e1jdete ve\u013ek\u00e9 rozdiely. Sk\u00f4r ako na zna\u010dku sa oplat\u00ed pozera\u0165 na vhodn\u00e9 zameranie a komponenty. Naopak pri drah\u0161\u00edch modeloch a hlavne t\u00fdch celoodpru\u017een\u00fdch je u\u017e zna\u010dka z\u00e1rukou toho, \u017ee pru\u017eenie m\u00e1 vychytan\u00e9 v\u0161etky detaily a pon\u00fakne spo\u013eahliv\u00fa funkciu.\" data-dcc-original-content=\"Samozrejme, v tomto pr\u00edpade ma ka\u017ed\u00fd rozdielne preferencie, no v modeloch, ktor\u00e9 s\u00fa ur\u010den\u00e9 za\u010diato\u010dn\u00edkom napr. v cenovej rel\u00e1cii do 1 000 \u20ac, nen\u00e1jdete ve\u013ek\u00e9 rozdiely. Sk\u00f4r ako na zna\u010dku sa oplat\u00ed pozera\u0165 na vhodn\u00e9 zameranie a komponenty. Naopak pri drah\u0161\u00edch modeloch a hlavne t\u00fdch celoodpru\u017een\u00fdch je u\u017e zna\u010dka z\u00e1rukou toho, \u017ee pru\u017eenie m\u00e1 vychytan\u00e9 v\u0161etky detaily a pon\u00fakne spo\u013eahliv\u00fa funkciu.\" data-dcctitle=\"Converted value: CZK26,153.00 Original value: CZK1,000.00 Conversion quote EUR\/CZK = 26.153 Conversion quote CZK\/EUR = 0.038 \">Samozrejme, v tomto pr\u00edpade ma ka\u017ed\u00fd rozdielne preferencie, no v modeloch, ktor\u00e9 s\u00fa ur\u010den\u00e9 za\u010diato\u010dn\u00edkom napr. v cenovej rel\u00e1cii do 1 000 \u20ac, nen\u00e1jdete ve\u013ek\u00e9 rozdiely. Sk\u00f4r ako na zna\u010dku sa oplat\u00ed pozera\u0165 na vhodn\u00e9 zameranie a komponenty. Naopak pri drah\u0161\u00edch modeloch a hlavne t\u00fdch celoodpru\u017een\u00fdch je u\u017e zna\u010dka z\u00e1rukou toho, \u017ee pru\u017eenie m\u00e1 vychytan\u00e9 v\u0161etky detaily a pon\u00fakne spo\u013eahliv\u00fa funkciu.<\/p>\n<p><a href=\"https:\/\/d2p6e6u75xmxt8.cloudfront.net\/4\/2017\/07\/03-1.jpg\"><img loading=\"lazy\" decoding=\"async\" class=\"alignnone size-full wp-image-1608\" src=\"https:\/\/d2p6e6u75xmxt8.cloudfront.net\/4\/2017\/07\/03-1.jpg\" alt=\"\" width=\"1024\" height=\"683\" \/><\/a><\/p>\n<h2><strong>Drah\u00e9 komponenty<\/strong><\/h2>\n<p>Podobne to plat\u00ed aj pri v\u00fdbere komponentov. Drah\u00e9 sady s\u00fa \u013eahk\u00e9, vyu\u017e\u00edvaj\u00fa najmodernej\u0161ie materi\u00e1ly a samozrejme v\u00fdborne funguj\u00fa. Ale pre be\u017en\u00e9 (ka\u017edodenn\u00e9) jazdenie bohate posta\u010dia aj tie o nie\u010do ni\u017e\u0161ie postaven\u00e9, ktor\u00e9 pon\u00faknu s\u00edce mierne vy\u0161\u0161iu hmotnos\u0165 a trochu pomal\u0161ie \u201ereakcie\u201c, \u010do vo v\u00fdsledku v\u00f4bec nehr\u00e1 tak d\u00f4le\u017eit\u00fa \u00falohu pre v\u00e4\u010d\u0161inu situ\u00e1ci\u00ed. Rovnako dnes s\u00fa u\u017e minim\u00e1lne rozdiely aj medzi jednotliv\u00fdmi v\u00fdrobcami a je takmer jedno, \u010di m\u00e1 bicykel Shimano, SRAM alebo v pr\u00edpade cestnej cyklistiky Campagnolo. V za\u010diatkoch sa oplat\u00ed u\u0161etren\u00e9 peniaze rad\u0161ej pou\u017ei\u0165 na kvalitn\u00e9 vybavenie ako s\u00fa tretry, prilba, vhodn\u00e9 oble\u010denie a pod. ako do top sady komponentov.<\/p>\n<h2><strong>Je nutn\u00fd karb\u00f3n?<\/strong><\/h2>\n<p>Karb\u00f3n je v s\u00fa\u010dasnosti pova\u017eovan\u00fd takmer za magick\u00fd materi\u00e1l, \u010do ale neznamen\u00e1, \u017ee je nutn\u00e1 invest\u00edcia t\u00fdmto smerom. Jeho hlavnou v\u00fdhodou je n\u00edzka v\u00e1ha a pevnos\u0165, no dne\u0161n\u00e9 hlin\u00edkov\u00e9 r\u00e1my dok\u00e1\u017eu pon\u00faknu\u0165 len o trochu hor\u0161ie parametre, ale za zlomok ceny. T\u00fdch cca 500 g rozdielu sa d\u00e1 u\u0161etri\u0165 napr. aj na vlastnej v\u00e1he a je to zadarmo. Ak po\u017eadujete spo\u013eahliv\u00fd bicykel a nechcete ho \u010falej \u201eladi\u0165\u201c, je lep\u0161ie \u00eds\u0165 cestou hlin\u00edkov\u00e9ho r\u00e1mu a lep\u0161ej v\u00fdbavy, ktor\u00e1 bude ma\u0165 na celkov\u00e9 vlastnosti \u010faleko v\u00e4\u010d\u0161\u00ed vplyv.<\/p>\n<h2><strong>\u017densk\u00e9 bicykle<\/strong><\/h2>\n<p>Ve\u013ea zna\u010diek, najm\u00e4 t\u00fdch zvu\u010dnej\u0161\u00edch, dnes pon\u00faka \u0161peci\u00e1lne bicykle zameran\u00e9 pre \u017eeny. Ich v\u00fdhodou je v prvom rade upraven\u00e1 geometria, ktor\u00e1 umo\u017en\u00ed \u017een\u00e1m dosiahnu\u0165 v\u00e4\u010d\u0161ie pohodlie a taktie\u017e poskytn\u00fa pre ne prisp\u00f4soben\u00e9 k\u013e\u00fa\u010dov\u00e9 komponenty. To m\u00f4\u017ee pom\u00f4c\u0165 u\u0161etri\u0165 mnoh\u00e9 starosti, s ktor\u00fdmi sa \u201epot\u00fdkaj\u00fa\u201c za\u010d\u00ednaj\u00face cyklistky.<\/p>\n<p><a href=\"https:\/\/d2p6e6u75xmxt8.cloudfront.net\/4\/2017\/07\/04-3.jpg\"><img loading=\"lazy\" decoding=\"async\" class=\"alignnone size-full wp-image-1609\" src=\"https:\/\/d2p6e6u75xmxt8.cloudfront.net\/4\/2017\/07\/04-3.jpg\" alt=\"\" width=\"1024\" height=\"683\" \/><\/a><\/p>\n<h2><strong>Celoodpru\u017een\u00fd model alebo hardtail?<\/strong><\/h2>\n<p>Dilema pre t\u00fdch, ktor\u00ed smeruj\u00fa svoje ch\u00fa\u0165ky do ter\u00e9nu. Op\u00e4\u0165 hraj\u00fa ve\u013ek\u00fa \u00falohu preferencie a financie, no ak m\u00e1te ni\u017e\u0161\u00ed rozpo\u010det, lep\u0161ie je siahnu\u0165 po bicykli s pevnou zadnou stavbou (hardtail), ktor\u00fd je v\u00fdrazne lacnej\u0161\u00ed a pon\u00fakne aj ove\u013ea lep\u0161iu v\u00fdbavu za dan\u00fa cenu. Navy\u0161e dnes ve\u013emi popul\u00e1rne 29-palcov\u00e9 (alebo aj 27,5-palcov\u00e9) bicykle pon\u00faknu dostatok komfortu na be\u017en\u00e9 jazdenie po lesn\u00fdch cest\u00e1ch, chodn\u00ed\u010dkoch, pr\u00edpadne jednoduch\u0161\u00edch trailoch. Ak v\u00e1s to u\u017e od za\u010diatku \u0165ah\u00e1 do n\u00e1ro\u010dnej\u0161\u00edch ter\u00e9nov a m\u00e1te vy\u0161\u0161\u00ed rozpo\u010det, ur\u010dite v\u00e1m kvalitn\u00fd celoodpru\u017een\u00fd bicykel bude sedie\u0165.<\/p>\n<div class=\"shortcode-ys-post-pinup\"><article class=\"loop-simple post-1786 post type-post status-publish format-standard has-post-thumbnail hentry category-mtb category-nakupny-poradca category-odporucame tag-celoodpruzeny-bicykel tag-full-suspension tag-hardtail tag-horska-cyklistika tag-nakupny-poradca\" data-postid=\"1786\" role=\"article\" data-post-id=\"1786\" data-word-count=\"360\" data-headline-length=\"65\" data-category=\"MTB\" data-author=\"Adam Mar\u0161al\" data-published=\"2017-10-04T18:48:14+02:00\" data-published-day=\"Wednesday\">\n    <div class=\"entry-thumbnail article-thumbnail\" content=\"https:\/\/d2p6e6u75xmxt8.cloudfront.net\/4\/2017\/07\/profi324244242-150x150.webp\"><a href=\"https:\/\/www.welovecycling.com\/sk\/2017\/10\/04\/bicykel-pevnou-zadnou-stavbou-hardtail-celoodpruzeny\/\" class=\"image-holder\" target=\"_self\"><img decoding=\"async\" loading=\"lazy\" class=\"\" src=\"https:\/\/d2p6e6u75xmxt8.cloudfront.net\/4\/2017\/07\/profi324244242.webp\" srcset=\"https:\/\/d2p6e6u75xmxt8.cloudfront.net\/4\/2017\/07\/profi324244242.webp 950w, https:\/\/d2p6e6u75xmxt8.cloudfront.net\/4\/2017\/07\/profi324244242-300x111.webp 300w, https:\/\/d2p6e6u75xmxt8.cloudfront.net\/4\/2017\/07\/profi324244242-768x283.webp 768w\" width=\"950\" height=\"350\" sizes=\"auto, (min-width: 1200px) 542px, (min-width: 768px) 45vw, 100vw\" alt=\"bicykel-pevnou-zadnou-stavbou-hardtail-celoodpruzeny\"\/><\/a><\/div>    <div class=\"entry-meta\">\n        <a class=\"label label-secondary post-category\" href=\"https:\/\/www.welovecycling.com\/sk\/category\/mtb\/\" title=\"MTB\">MTB<\/a>\n    <\/div>\n    <div class=\"entry-details\">\n        <a href=\"https:\/\/www.welovecycling.com\/sk\/2017\/10\/04\/bicykel-pevnou-zadnou-stavbou-hardtail-celoodpruzeny\/\" class='entry-title-wrapper'>\n            <h3 class=\"entry-title\"><span>Bicykel s pevnou zadnou stavbou (hardtail) alebo celoodpru\u017een\u00fd?<\/span><\/h3>\n        <\/a>\n    <\/div>\n    <\/article>\n<\/div>\n<p>V detailoch je toho v\u017edy samozrejme \u010faleko viac, no podstatn\u00e9 je, aby v\u00e1m bicykel sedel a c\u00edtila sa na \u0148om komfortne. To je v\u017edy d\u00f4le\u017eitej\u0161ie ako drah\u00fd r\u00e1m alebo komponenty a ak chcete s cyklistikou za\u010da\u0165, v\u00f4bec nemus\u00edte hne\u010f investova\u0165 do najvy\u0161\u0161\u00edch modelov.<\/p>\n","protected":false},"excerpt":{"rendered":"<p>V dne\u0161nej dobe je na trhu naozaj \u0161irok\u00e1 ponuka bicyklov a probl\u00e9m je sk\u00f4r v tom, kde za\u010da\u0165, pr\u00edpadne, na [&hellip;]<\/p>\n","protected":false},"author":38,"featured_media":1611,"comment_status":"open","ping_status":"open","sticky":false,"template":"","format":"standard","meta":{"footnotes":""},"categories":[4,3,52,191],"tags":[115,180,215,55],"global-categories":[],"class_list":["post-1604","post","type-post","status-publish","format-standard","has-post-thumbnail","hentry","category-cestna-cyklisitika","category-mtb","category-nakupny-poradca","category-odporucame","tag-cestna-cyklistika","tag-horska-cyklistika","tag-nakupny-poradca","tag-trening"],"yoast_head":"<!-- This site is optimized with the Yoast SEO Premium plugin v25.3 (Yoast SEO v25.9) - https:\/\/yoast.com\/wordpress\/plugins\/seo\/ -->\n<title>V\u00fdber vhodn\u00e9ho bicykla \u2013 na \u010do sa zamera\u0165? - \u0160koda We Love Cycling Slovensko<\/title>\n<meta name=\"robots\" content=\"index, follow, max-snippet:-1, max-image-preview:large, max-video-preview:-1\" \/>\n<link rel=\"canonical\" href=\"https:\/\/www.welovecycling.com\/sk\/2017\/08\/14\/vyber-vhodneho-bicykla-co-sa-zamerat\/\" \/>\n<meta property=\"og:locale\" content=\"sk_SK\" \/>\n<meta property=\"og:type\" content=\"article\" \/>\n<meta property=\"og:title\" content=\"V\u00fdber vhodn\u00e9ho bicykla \u2013 na \u010do sa zamera\u0165?\" \/>\n<meta property=\"og:description\" content=\"V dne\u0161nej dobe je na trhu naozaj \u0161irok\u00e1 ponuka bicyklov a probl\u00e9m je sk\u00f4r v tom, kde za\u010da\u0165, pr\u00edpadne, na [&hellip;]\" \/>\n<meta property=\"og:url\" content=\"https:\/\/www.welovecycling.com\/sk\/2017\/08\/14\/vyber-vhodneho-bicykla-co-sa-zamerat\/\" \/>\n<meta property=\"og:site_name\" content=\"\u0160koda We Love Cycling Slovensko\" \/>\n<meta property=\"article:published_time\" content=\"2017-08-14T10:06:26+00:00\" \/>\n<meta property=\"article:modified_time\" content=\"2017-12-18T12:03:10+00:00\" \/>\n<meta property=\"og:image\" content=\"https:\/\/d2p6e6u75xmxt8.cloudfront.net\/4\/2017\/07\/WLC_tit.webp\" \/>\n\t<meta property=\"og:image:width\" content=\"1375\" \/>\n\t<meta property=\"og:image:height\" content=\"600\" \/>\n\t<meta property=\"og:image:type\" content=\"image\/webp\" \/>\n<meta name=\"author\" content=\"Ondrej Ga\u0161par\" \/>\n<meta name=\"twitter:card\" content=\"summary_large_image\" \/>\n<meta name=\"twitter:label1\" content=\"Written by\" \/>\n\t<meta name=\"twitter:data1\" content=\"Adam Mar\u0161al\" \/>\n\t<meta name=\"twitter:label2\" content=\"Est. reading time\" \/>\n\t<meta name=\"twitter:data2\" content=\"4 minutes\" \/>\n<script type=\"application\/ld+json\" class=\"yoast-schema-graph\">{\"@context\":\"https:\/\/schema.org\",\"@graph\":[{\"@type\":\"WebPage\",\"@id\":\"https:\/\/www.welovecycling.com\/sk\/2017\/08\/14\/vyber-vhodneho-bicykla-co-sa-zamerat\/\",\"url\":\"https:\/\/www.welovecycling.com\/sk\/2017\/08\/14\/vyber-vhodneho-bicykla-co-sa-zamerat\/\",\"name\":\"V\u00fdber vhodn\u00e9ho bicykla \u2013 na \u010do sa zamera\u0165? - \u0160koda We Love Cycling Slovensko\",\"isPartOf\":{\"@id\":\"https:\/\/www.welovecycling.com\/sk\/#website\"},\"primaryImageOfPage\":{\"@id\":\"https:\/\/www.welovecycling.com\/sk\/2017\/08\/14\/vyber-vhodneho-bicykla-co-sa-zamerat\/#primaryimage\"},\"image\":{\"@id\":\"https:\/\/www.welovecycling.com\/sk\/2017\/08\/14\/vyber-vhodneho-bicykla-co-sa-zamerat\/#primaryimage\"},\"thumbnailUrl\":\"https:\/\/d2p6e6u75xmxt8.cloudfront.net\/4\/2017\/07\/WLC_tit.webp\",\"datePublished\":\"2017-08-14T10:06:26+00:00\",\"dateModified\":\"2017-12-18T12:03:10+00:00\",\"author\":{\"@id\":\"https:\/\/www.welovecycling.com\/sk\/#\/schema\/person\/8ee09ba39b7e25b1870160aa5b3a89bc\"},\"breadcrumb\":{\"@id\":\"https:\/\/www.welovecycling.com\/sk\/2017\/08\/14\/vyber-vhodneho-bicykla-co-sa-zamerat\/#breadcrumb\"},\"inLanguage\":\"sk-SK\",\"potentialAction\":[{\"@type\":\"ReadAction\",\"target\":[\"https:\/\/www.welovecycling.com\/sk\/2017\/08\/14\/vyber-vhodneho-bicykla-co-sa-zamerat\/\"]}]},{\"@type\":\"ImageObject\",\"inLanguage\":\"sk-SK\",\"@id\":\"https:\/\/www.welovecycling.com\/sk\/2017\/08\/14\/vyber-vhodneho-bicykla-co-sa-zamerat\/#primaryimage\",\"url\":\"https:\/\/d2p6e6u75xmxt8.cloudfront.net\/4\/2017\/07\/WLC_tit.webp\",\"contentUrl\":\"https:\/\/d2p6e6u75xmxt8.cloudfront.net\/4\/2017\/07\/WLC_tit.webp\",\"width\":1375,\"height\":600},{\"@type\":\"BreadcrumbList\",\"@id\":\"https:\/\/www.welovecycling.com\/sk\/2017\/08\/14\/vyber-vhodneho-bicykla-co-sa-zamerat\/#breadcrumb\",\"itemListElement\":[{\"@type\":\"ListItem\",\"position\":1,\"name\":\"Home\",\"item\":\"https:\/\/www.welovecycling.com\/sk\/\"},{\"@type\":\"ListItem\",\"position\":2,\"name\":\"V\u00fdber vhodn\u00e9ho bicykla \u2013 na \u010do sa zamera\u0165?\"}]},{\"@type\":\"WebSite\",\"@id\":\"https:\/\/www.welovecycling.com\/sk\/#website\",\"url\":\"https:\/\/www.welovecycling.com\/sk\/\",\"name\":\"\u0160koda We Love Cycling Slovensko\",\"description\":\"\u0160koda We Love Cycling Slovensko je v\u00e1\u0161 ka\u017edodenn\u00fd zdroj noviniek a in\u0161pir\u00e1cie z sveta cyklistiky\",\"potentialAction\":[{\"@type\":\"SearchAction\",\"target\":{\"@type\":\"EntryPoint\",\"urlTemplate\":\"https:\/\/www.welovecycling.com\/sk\/?s={search_term_string}\"},\"query-input\":{\"@type\":\"PropertyValueSpecification\",\"valueRequired\":true,\"valueName\":\"search_term_string\"}}],\"inLanguage\":\"sk-SK\"},{\"@type\":\"Person\",\"@id\":\"https:\/\/www.welovecycling.com\/sk\/#\/schema\/person\/8ee09ba39b7e25b1870160aa5b3a89bc\",\"name\":\"Ondrej Ga\u0161par\",\"image\":{\"@type\":\"ImageObject\",\"inLanguage\":\"sk-SK\",\"@id\":\"https:\/\/www.welovecycling.com\/sk\/#\/schema\/person\/image\/\",\"url\":\"https:\/\/secure.gravatar.com\/avatar\/6126c9afb87b70da5abbb083ddbb21933da15f18f8ca7cb822aba0fb096a48f6?s=96&d=mm&r=g\",\"contentUrl\":\"https:\/\/secure.gravatar.com\/avatar\/6126c9afb87b70da5abbb083ddbb21933da15f18f8ca7cb822aba0fb096a48f6?s=96&d=mm&r=g\",\"caption\":\"Ondrej Ga\u0161par\"},\"url\":\"https:\/\/www.welovecycling.com\/sk\/author\/ondrejgaspar\/\"}]}<\/script>\n<!-- \/ Yoast SEO Premium plugin. -->","yoast_head_json":{"title":"V\u00fdber vhodn\u00e9ho bicykla \u2013 na \u010do sa zamera\u0165? - \u0160koda We Love Cycling Slovensko","robots":{"index":"index","follow":"follow","max-snippet":"max-snippet:-1","max-image-preview":"max-image-preview:large","max-video-preview":"max-video-preview:-1"},"canonical":"https:\/\/www.welovecycling.com\/sk\/2017\/08\/14\/vyber-vhodneho-bicykla-co-sa-zamerat\/","og_locale":"sk_SK","og_type":"article","og_title":"V\u00fdber vhodn\u00e9ho bicykla \u2013 na \u010do sa zamera\u0165?","og_description":"V dne\u0161nej dobe je na trhu naozaj \u0161irok\u00e1 ponuka bicyklov a probl\u00e9m je sk\u00f4r v tom, kde za\u010da\u0165, pr\u00edpadne, na [&hellip;]","og_url":"https:\/\/www.welovecycling.com\/sk\/2017\/08\/14\/vyber-vhodneho-bicykla-co-sa-zamerat\/","og_site_name":"\u0160koda We Love Cycling Slovensko","article_published_time":"2017-08-14T10:06:26+00:00","article_modified_time":"2017-12-18T12:03:10+00:00","og_image":[{"width":1375,"height":600,"url":"https:\/\/d2p6e6u75xmxt8.cloudfront.net\/4\/2017\/07\/WLC_tit.webp","type":"image\/webp"}],"author":"Ondrej Ga\u0161par","twitter_card":"summary_large_image","twitter_misc":{"Written by":"Adam Mar\u0161al","Est. reading time":"4 minutes"},"schema":{"@context":"https:\/\/schema.org","@graph":[{"@type":"WebPage","@id":"https:\/\/www.welovecycling.com\/sk\/2017\/08\/14\/vyber-vhodneho-bicykla-co-sa-zamerat\/","url":"https:\/\/www.welovecycling.com\/sk\/2017\/08\/14\/vyber-vhodneho-bicykla-co-sa-zamerat\/","name":"V\u00fdber vhodn\u00e9ho bicykla \u2013 na \u010do sa zamera\u0165? - \u0160koda We Love Cycling Slovensko","isPartOf":{"@id":"https:\/\/www.welovecycling.com\/sk\/#website"},"primaryImageOfPage":{"@id":"https:\/\/www.welovecycling.com\/sk\/2017\/08\/14\/vyber-vhodneho-bicykla-co-sa-zamerat\/#primaryimage"},"image":{"@id":"https:\/\/www.welovecycling.com\/sk\/2017\/08\/14\/vyber-vhodneho-bicykla-co-sa-zamerat\/#primaryimage"},"thumbnailUrl":"https:\/\/d2p6e6u75xmxt8.cloudfront.net\/4\/2017\/07\/WLC_tit.webp","datePublished":"2017-08-14T10:06:26+00:00","dateModified":"2017-12-18T12:03:10+00:00","author":{"@id":"https:\/\/www.welovecycling.com\/sk\/#\/schema\/person\/8ee09ba39b7e25b1870160aa5b3a89bc"},"breadcrumb":{"@id":"https:\/\/www.welovecycling.com\/sk\/2017\/08\/14\/vyber-vhodneho-bicykla-co-sa-zamerat\/#breadcrumb"},"inLanguage":"sk-SK","potentialAction":[{"@type":"ReadAction","target":["https:\/\/www.welovecycling.com\/sk\/2017\/08\/14\/vyber-vhodneho-bicykla-co-sa-zamerat\/"]}]},{"@type":"ImageObject","inLanguage":"sk-SK","@id":"https:\/\/www.welovecycling.com\/sk\/2017\/08\/14\/vyber-vhodneho-bicykla-co-sa-zamerat\/#primaryimage","url":"https:\/\/d2p6e6u75xmxt8.cloudfront.net\/4\/2017\/07\/WLC_tit.webp","contentUrl":"https:\/\/d2p6e6u75xmxt8.cloudfront.net\/4\/2017\/07\/WLC_tit.webp","width":1375,"height":600},{"@type":"BreadcrumbList","@id":"https:\/\/www.welovecycling.com\/sk\/2017\/08\/14\/vyber-vhodneho-bicykla-co-sa-zamerat\/#breadcrumb","itemListElement":[{"@type":"ListItem","position":1,"name":"Home","item":"https:\/\/www.welovecycling.com\/sk\/"},{"@type":"ListItem","position":2,"name":"V\u00fdber vhodn\u00e9ho bicykla \u2013 na \u010do sa zamera\u0165?"}]},{"@type":"WebSite","@id":"https:\/\/www.welovecycling.com\/sk\/#website","url":"https:\/\/www.welovecycling.com\/sk\/","name":"\u0160koda We Love Cycling Slovensko","description":"\u0160koda We Love Cycling Slovensko je v\u00e1\u0161 ka\u017edodenn\u00fd zdroj noviniek a in\u0161pir\u00e1cie z sveta cyklistiky","potentialAction":[{"@type":"SearchAction","target":{"@type":"EntryPoint","urlTemplate":"https:\/\/www.welovecycling.com\/sk\/?s={search_term_string}"},"query-input":{"@type":"PropertyValueSpecification","valueRequired":true,"valueName":"search_term_string"}}],"inLanguage":"sk-SK"},{"@type":"Person","@id":"https:\/\/www.welovecycling.com\/sk\/#\/schema\/person\/8ee09ba39b7e25b1870160aa5b3a89bc","name":"Ondrej Ga\u0161par","image":{"@type":"ImageObject","inLanguage":"sk-SK","@id":"https:\/\/www.welovecycling.com\/sk\/#\/schema\/person\/image\/","url":"https:\/\/secure.gravatar.com\/avatar\/6126c9afb87b70da5abbb083ddbb21933da15f18f8ca7cb822aba0fb096a48f6?s=96&d=mm&r=g","contentUrl":"https:\/\/secure.gravatar.com\/avatar\/6126c9afb87b70da5abbb083ddbb21933da15f18f8ca7cb822aba0fb096a48f6?s=96&d=mm&r=g","caption":"Ondrej Ga\u0161par"},"url":"https:\/\/www.welovecycling.com\/sk\/author\/ondrejgaspar\/"}]}},"_links":{"self":[{"href":"https:\/\/www.welovecycling.com\/sk\/wp-json\/wp\/v2\/posts\/1604","targetHints":{"allow":["GET"]}}],"collection":[{"href":"https:\/\/www.welovecycling.com\/sk\/wp-json\/wp\/v2\/posts"}],"about":[{"href":"https:\/\/www.welovecycling.com\/sk\/wp-json\/wp\/v2\/types\/post"}],"author":[{"embeddable":true,"href":"https:\/\/www.welovecycling.com\/sk\/wp-json\/wp\/v2\/users\/38"}],"replies":[{"embeddable":true,"href":"https:\/\/www.welovecycling.com\/sk\/wp-json\/wp\/v2\/comments?post=1604"}],"version-history":[{"count":2,"href":"https:\/\/www.welovecycling.com\/sk\/wp-json\/wp\/v2\/posts\/1604\/revisions"}],"predecessor-version":[{"id":1973,"href":"https:\/\/www.welovecycling.com\/sk\/wp-json\/wp\/v2\/posts\/1604\/revisions\/1973"}],"wp:featuredmedia":[{"embeddable":true,"href":"https:\/\/www.welovecycling.com\/sk\/wp-json\/wp\/v2\/media\/1611"}],"wp:attachment":[{"href":"https:\/\/www.welovecycling.com\/sk\/wp-json\/wp\/v2\/media?parent=1604"}],"wp:term":[{"taxonomy":"category","embeddable":true,"href":"https:\/\/www.welovecycling.com\/sk\/wp-json\/wp\/v2\/categories?post=1604"},{"taxonomy":"post_tag","embeddable":true,"href":"https:\/\/www.welovecycling.com\/sk\/wp-json\/wp\/v2\/tags?post=1604"},{"taxonomy":"global-categories","embeddable":true,"href":"https:\/\/www.welovecycling.com\/sk\/wp-json\/wp\/v2\/global-categories?post=1604"}],"curies":[{"name":"wp","href":"https:\/\/api.w.org\/{rel}","templated":true}]}}