{"id":16035,"date":"2022-11-09T10:30:29","date_gmt":"2022-11-09T09:30:29","guid":{"rendered":"https:\/\/www.welovecycling.com\/sk\/?p=16035"},"modified":"2022-11-09T10:16:52","modified_gmt":"2022-11-09T09:16:52","slug":"instagramove-ucty-slovenskych-cyklistov-citanie-na-dlhe-zimne-vecery","status":"publish","type":"post","link":"https:\/\/www.welovecycling.com\/sk\/2022\/11\/09\/instagramove-ucty-slovenskych-cyklistov-citanie-na-dlhe-zimne-vecery\/","title":{"rendered":"Instagramov\u00e9 \u00fa\u010dty slovensk\u00fdch cyklistov \u2013 \u010d\u00edtanie na dlh\u00e9 zimn\u00e9 ve\u010dery"},"content":{"rendered":"<p><strong>V\u00a0minulom \u010dl\u00e1nku sme sa pozreli na instagramov\u00e9 \u00fa\u010dty slovensk\u00fdch cyklistiek a\u00a0tak je logick\u00e9, \u017ee nevynech\u00e1me ani mu\u017eov. Napriek tomu, \u017ee v\u00a0kalend\u00e1ri je u\u017e november, e\u0161te st\u00e1le sa d\u00e1 sadn\u00fa\u0165 na bicykel a prevetra\u0165 si hlavu. No stmieva sa u\u017e ve\u013emi skoro, a\u00a0tak si po\u010das vo\u013en\u00fdch ve\u010derov pozrite zauj\u00edmavosti na profiloch na\u0161ich cyklistov.<\/strong><!--more--> <\/p>\n<h2><strong>Peter Sagan<\/strong><\/h2>\n<p>Samozrejme, \u017ee <a href=\"https:\/\/www.instagram.com\/petosagan\/\" rel=\"noopener\" target=\"_blank\">t\u00fdmto profilom<\/a> mus\u00edme za\u010da\u0165. Je to st\u00e1le slovensk\u00e1 jednotka vzh\u013eadom na to, \u010do vo svojej kari\u00e9re dok\u00e1zal. <strong>Na jeho profile n\u00e1jdete fotky z\u00a0pretekov, ale aj\u00a0tr\u00e9ningov, ob\u010das zdie\u013ea aj sponzorsk\u00e9 reklamy.<\/strong> Ale v\u00a0jeho pr\u00edpade je skvel\u00e9, \u017ee sa do nich sna\u017e\u00ed dosta\u0165 vtip a\u00a0tak tieto reklamy neotravuj\u00fa, ale v\u017edy vy\u010daruj\u00fa \u00fasmev na tv\u00e1ri. Ob\u013e\u00faben\u00e9 s\u00fa jeho \u201egiveaway\u201c pr\u00edspevky, v\u00a0ktor\u00fdch r\u00e1d rozd\u00e1va r\u00f4zne dar\u010deky a ktor\u00e9 v\u017edy maj\u00fa tis\u00edce koment\u00e1rov. A\u00a0samozrejme nech\u00fdbaj\u00fa ani poh\u013eady do z\u00e1kulisia, \u010di jeho s\u00fakromia.<br \/>\nhttps:\/\/www.instagram.com\/p\/Ceq50R-ouHc\/ <\/p>\n<h2><strong>Martin Haring<\/strong><\/h2>\n<p><a href=\"https:\/\/www.instagram.com\/haring_martin\/\" rel=\"noopener\" target=\"_blank\">Martin<\/a> jazd\u00ed za Duklu Bansk\u00e1 Bystrica a\u00a0je jedn\u00fdm z\u00a0k\u013e\u00fa\u010dov\u00fdch jazdcov tohto t\u00edmu. V\u00a0discipl\u00edne XCO patr\u00ed medzi 30 najlep\u0161\u00edch pretek\u00e1rov sveta. <strong>Na svojom profile s\u00edce v\u00a0poslednej dobe nebol ve\u013emi akt\u00edvny, ale stoj\u00ed za to si pozrie\u0165 jeho star\u0161ie pr\u00edspevky.<\/strong> S\u00fa tam fotky z\u00a0pretekov, tr\u00e9ningov, ale pozrie\u0165 si m\u00f4\u017eete aj jeho bicykle, ktor\u00e9 r\u00e1d fot\u00ed. Ob\u010das sa na fotk\u00e1ch objav\u00ed aj jeho fenka Fifka, \u010di jeho ma\u010dacie spolo\u010dn\u00ed\u010dky. Martin v\u00a0r\u00e1mci tr\u00e9ningu nav\u0161t\u00edvi aj posil\u0148ov\u0148u a\u00a0r\u00e1d sa vyd\u00e1 aj na turistiku, vychutna\u0165 si n\u00e1dhern\u00e9 v\u00fdh\u013eady.<br \/>\nhttps:\/\/www.instagram.com\/p\/BfOnS2FFwbh\/<\/p>\n<div class=\"shortcode-ys-post-pinup\"><article class=\"loop-simple post-15908 post type-post status-publish format-standard has-post-thumbnail hentry category-odporucame tag-alzbeta-bacikova tag-angelika-izakova tag-bicyklovanie tag-bmx tag-cestna-cyklistika tag-cyklistika tag-denisa-dubovska tag-draha tag-drahova-cyklistika tag-horska-cyklistika tag-instagram tag-kristina-madarasova tag-motivacia tag-nora-jencusova tag-odporucame tag-tereza-kurnicka tag-zenska-cyklistika tag-zeny global-categories-cycling\" data-postid=\"15908\" role=\"article\" data-post-id=\"15908\" data-word-count=\"467\" data-headline-length=\"79\" data-category=\"Odpor\u00fa\u010dame\" data-global-category=\"Cycling\" data-author=\"Radovan Vr\u0161ka\" data-published=\"2022-10-19T10:00:10+02:00\" data-published-day=\"Wednesday\">\n    <div class=\"entry-thumbnail article-thumbnail\" content=\"https:\/\/d2p6e6u75xmxt8.cloudfront.net\/4\/2022\/10\/IMG_4986-150x150.webp\"><a href=\"https:\/\/www.welovecycling.com\/sk\/2022\/10\/19\/instagramove-ucty-slovenskych-cyklistiek-aby-sme-si-udrzali-motivaciu\/\" class=\"image-holder\" target=\"_self\"><img decoding=\"async\" loading=\"lazy\" class=\"\" src=\"https:\/\/d2p6e6u75xmxt8.cloudfront.net\/4\/2022\/10\/IMG_4986-1024x683.webp\" srcset=\"https:\/\/d2p6e6u75xmxt8.cloudfront.net\/4\/2022\/10\/IMG_4986.webp 1920w, https:\/\/d2p6e6u75xmxt8.cloudfront.net\/4\/2022\/10\/IMG_4986-300x200.webp 300w, https:\/\/d2p6e6u75xmxt8.cloudfront.net\/4\/2022\/10\/IMG_4986-1024x683.webp 1024w, https:\/\/d2p6e6u75xmxt8.cloudfront.net\/4\/2022\/10\/IMG_4986-768x512.webp 768w, https:\/\/d2p6e6u75xmxt8.cloudfront.net\/4\/2022\/10\/IMG_4986-1536x1024.webp 1536w, https:\/\/d2p6e6u75xmxt8.cloudfront.net\/4\/2022\/10\/IMG_4986-272x182.webp 272w\" width=\"1024\" height=\"683\" sizes=\"auto, (min-width: 1200px) 300px, (min-width: 768px) 25vw, 100vw\" alt=\"instagramove-ucty-slovenskych-cyklistiek-aby-sme-si-udrzali-motivaciu\"\/><\/a><\/div>    <div class=\"entry-meta\">\n        <a class=\"label label-secondary post-category\" href=\"https:\/\/www.welovecycling.com\/sk\/category\/odporucame\/\" title=\"Odpor\u00fa\u010dame\">Odpor\u00fa\u010dame<\/a>\n    <\/div>\n    <div class=\"entry-details\">\n        <a href=\"https:\/\/www.welovecycling.com\/sk\/2022\/10\/19\/instagramove-ucty-slovenskych-cyklistiek-aby-sme-si-udrzali-motivaciu\/\" class='entry-title-wrapper'>\n            <h3 class=\"entry-title\"><span>Instagramov\u00e9 \u00fa\u010dty slovensk\u00fdch cyklistiek \u2013 aby sme si udr\u017eali motiv\u00e1ciu<\/span><\/h3>\n        <\/a>\n    <\/div>\n    <\/article>\n<\/div>\n<h2><strong>Luk\u00e1\u0161 Kubi\u0161<\/strong><\/h2>\n<p><a href=\"https:\/\/www.instagram.com\/kubislukas\/\" rel=\"noopener\" target=\"_blank\">Luk\u00e1\u0161<\/a> je \u010fal\u0161\u00edm cyklistom jazdiacim za Dukla Bansk\u00e1 Bystrica. V\u00a0roku 2021 sa dostal a\u017e na olympi\u00e1du v\u00a0Tokiu. Na majstrovstv\u00e1ch Slovenska tento rok z\u00edskal bronz a na cestn\u00fdch pretekoch na ME do 23 rokov v\u00a0Portugalsku skon\u010dil na dvadsiatom mieste. <strong>Na profile s\u00fa okrem fotiek z\u00a0pretekov aj tie zo zimnej pr\u00edpravy na be\u017ek\u00e1ch a\u00a0ob\u010das pote\u0161\u00ed svojich fan\u00fa\u0161ikov nejakou tou s\u00fa\u0165a\u017eou<\/strong>, v\u00a0ktorej m\u00f4\u017eu vyhra\u0165 dres, \u010di in\u00e9 hodnotn\u00e9 ceny. Zauj\u00edmav\u00e9 s\u00fa aj kr\u00e1sne portr\u00e9tne fotografie, na ktor\u00fdch je so svojou priate\u013ekou.<br \/>\nhttps:\/\/www.instagram.com\/p\/CWi8sunMHwN\/  <\/p>\n<h2><strong>Ras\u0165o Bar\u00e1nek<\/strong><\/h2>\n<p><a href=\"https:\/\/www.instagram.com\/rastobaranek36\/\" rel=\"noopener\" target=\"_blank\">Ras\u0165o<\/a> je dlh\u00e9 roky \u010dlenom Kellys Factory Team a ak by v\u00e1m nesta\u010dil jeho bohat\u00fd Instagramov\u00fd \u00fa\u010det, m\u00f4\u017eete nav\u0161t\u00edvi\u0165 jeho <a href=\"https:\/\/www.youtube.com\/BikeMission\/\" rel=\"noopener\" target=\"_blank\">YouTube kan\u00e1l<\/a>, v\u00a0ktorom n\u00e1jdete mno\u017estvo n\u00e1vodov a\u00a0tipov. V\u00a0zjazde patr\u00ed do svetovej dvadsiatky a\u00a0tento rok vyhral titul majstra SR. V\u00a0r\u00e1mci Eur\u00f3py skon\u010dil na \u0161iestom mieste. <strong>Prezeran\u00edm jeho profilu m\u00f4\u017eete str\u00e1vi\u0165 pokojne aj p\u00e1r hod\u00edn a\u00a0je sa na \u010do pozera\u0165.<\/strong> Par\u00e1dne fotky, skvel\u00e9 z\u00e1bery. Vedeli ste, \u017ee vo vo\u013enom \u010dase chod\u00ed r\u00e1d na ryby? Zauj\u00edmav\u00e9 je aj video z p\u00e1du na Eur\u00f3pskom poh\u00e1ri v\u00a0N\u00f3rsku, kde skon\u010dil so zranen\u00fdm ramenom.<br \/>\nhttps:\/\/www.instagram.com\/p\/CfjqvnnAO6A\/ <\/p>\n<h2><strong>Samuel Hlavat\u00fd<\/strong><\/h2>\n<p>Part\u00ed k\u00a0slovenskej \u0161pi\u010dke v\u00a0cyklotriale a\u00a0je nieko\u013ekon\u00e1sobn\u00fdm majstrom Slovenska. Na tohtoro\u010dn\u00fa sez\u00f3nu sa pripravoval v\u00a0Ju\u017enej Afrike. Vrcholom sez\u00f3ny je jeho \u00fa\u010das\u0165 na Majstrovstv\u00e1ch sveta v\u00a0Ab\u00fa Dab\u00ed, kde pr\u00e1ve tento t\u00fd\u017ede\u0148 bojuje o\u00a0\u010do najlep\u0161ie umiestnenie. Na <a href=\"https:\/\/www.instagram.com\/samuelhlavaty\/\" rel=\"noopener\" target=\"_blank\">svojom profile<\/a> m\u00e1 okrem fantastick\u00fdch fotiek aj ve\u013ea kr\u00e1tkych vide\u00ed, kde je n\u00e1dhern\u00e9 sledova\u0165, s\u00a0akou \u013eahkos\u0165ou prekon\u00e1va n\u00e1ro\u010dn\u00e9 prek\u00e1\u017eky. Ke\u010f sa na to pozer\u00e1te, m\u00e1te chu\u0165 zaobstara\u0165 si jeden trialov\u00fd bicykel a\u00a0za\u010da\u0165 podobn\u00e9 veci tie\u017e sk\u00fa\u0161a\u0165.<br \/>\nhttps:\/\/www.instagram.com\/p\/CklhivFD0pv\/ <\/p>\n<h2><strong>Martin Svr\u010dek<\/strong><\/h2>\n<p><a href=\"https:\/\/www.instagram.com\/sv_rtin\/\" rel=\"noopener\" target=\"_blank\">Martin<\/a> je \u010dlenom elitn\u00e9ho svetov\u00e9ho t\u00edmu Quick-Step Alpha Vinyl a\u00a0jedin\u00fd Slov\u00e1k, ktor\u00fd pretek\u00e1 v\u00a0dru\u017estve WorldTour. Je s\u00edce zatia\u013e v\u00a0poz\u00edcii, kedy v\u00a0t\u00edme hlavne pom\u00e1ha sk\u00fasen\u00fdm jazdcom, no je to pre neho \u00fa\u017easn\u00e1 mo\u017enos\u0165 zbiera\u0165 sk\u00fasenosti od t\u00fdch najlep\u0161\u00edch. Svoju poz\u00edciu vid\u00ed sk\u00f4r ako klasik\u00e1r a\u00a0nie ako \u0161print\u00e9r. <strong>Jeho profil patr\u00ed k\u00a0t\u00fdm skromnej\u0161\u00edm, \u010do sa mno\u017estva pr\u00edspevkov t\u00fdka, ale zato okrem \u0161portov\u00fdch fotiek d\u00e1 nahliadnu\u0165 aj do svojho s\u00fakromia.<\/strong><br \/>\nhttps:\/\/www.instagram.com\/p\/CGSwUCypfNE\/ <\/p>\n<h2><strong>Tom\u00e1\u0161 Vi\u0161\u0148ovsk\u00fd<\/strong><\/h2>\n<p><a href=\"https:\/\/www.instagram.com\/visnovsky_tomas\/\" rel=\"noopener\" target=\"_blank\">Tom\u00e1\u0161<\/a> je nieko\u013ekon\u00e1sobn\u00fd majster SR v\u00a0horskej cyklistike a\u00a0\u010das\u0165 roku 2021 mal n\u00faten\u00fa prest\u00e1vku, kv\u00f4li zdravotn\u00fdm probl\u00e9mom. Po nepr\u00edjemnej chorobe sa v\u0161ak op\u00e4\u0165 \u00faspe\u0161ne vr\u00e1til na sc\u00e9nu a\u00a0tento rok z\u00edskal titul na MS Slovenska a na majstrovstv\u00e1ch sveta sa umiestnil na 16tom mieste. Ve\u013ekou novinkou je, \u017ee do novej sez\u00f3ny prestupuje do talianskeho t\u00edmu DMT Racing Team. <strong>Na jeho profile n\u00e1jdete tie\u017e ve\u013ek\u00e9 mno\u017estvo pekn\u00fdch fotografi\u00ed zo \u0161portov\u00e9ho \u017eivota, ale aj zo s\u00fakromia.<\/strong> Zist\u00edte napr\u00edklad, \u017ee je ve\u013ek\u00fd fan\u00fa\u0161ik skialpinizmu.<br \/>\nhttps:\/\/www.instagram.com\/p\/CYCRmkVKYmx\/ <\/p>\n","protected":false},"excerpt":{"rendered":"<p>V\u00a0minulom \u010dl\u00e1nku sme sa pozreli na instagramov\u00e9 \u00fa\u010dty slovensk\u00fdch cyklistiek a\u00a0tak je logick\u00e9, \u017ee nevynech\u00e1me ani mu\u017eov. Napriek tomu, \u017ee [&hellip;]<\/p>\n","protected":false},"author":170,"featured_media":16052,"comment_status":"open","ping_status":"open","sticky":false,"template":"","format":"standard","meta":{"footnotes":""},"categories":[191],"tags":[619,115,597,546,180,580,1418,640,1398,767,600,931,46,885,1559,717,1560,183,848],"global-categories":[1074],"class_list":["post-16035","post","type-post","status-publish","format-standard","has-post-thumbnail","hentry","category-odporucame","tag-bicyklovanie","tag-cestna-cyklistika","tag-cyklista","tag-cyklistika","tag-horska-cyklistika","tag-instagram","tag-lukas-kubis","tag-martin-haring","tag-martin-svrcek","tag-motivacia","tag-muzi","tag-odporucame","tag-peter-sagan","tag-profesional","tag-rasto-baranek","tag-samuel-hlavaty","tag-tomas-visnovsky","tag-zabava","tag-zivotny-styl","global-categories-cycling"],"yoast_head":"<!-- This site is optimized with the Yoast SEO Premium plugin v25.3 (Yoast SEO v25.9) - https:\/\/yoast.com\/wordpress\/plugins\/seo\/ -->\n<title>Instagramov\u00e9 \u00fa\u010dty slovensk\u00fdch cyklistov \u2013 \u010d\u00edtanie na dlh\u00e9 zimn\u00e9 ve\u010dery - \u0160koda We Love Cycling Slovensko<\/title>\n<meta name=\"description\" content=\"V minulom \u010dl\u00e1nku sme sa pozreli na instagramov\u00e9 \u00fa\u010dty slovensk\u00fdch cyklistiek a\u00a0tak je logick\u00e9, \u017ee nevynech\u00e1me ani instagramov\u00e9 \u00fa\u010dty slovensk\u00fdch cyklistov.\" \/>\n<meta name=\"robots\" content=\"index, follow, max-snippet:-1, max-image-preview:large, max-video-preview:-1\" \/>\n<link rel=\"canonical\" href=\"https:\/\/www.welovecycling.com\/sk\/2022\/11\/09\/instagramove-ucty-slovenskych-cyklistov-citanie-na-dlhe-zimne-vecery\/\" \/>\n<meta property=\"og:locale\" content=\"sk_SK\" \/>\n<meta property=\"og:type\" content=\"article\" \/>\n<meta property=\"og:title\" content=\"Instagramov\u00e9 \u00fa\u010dty slovensk\u00fdch cyklistov \u2013 \u010d\u00edtanie na dlh\u00e9 zimn\u00e9 ve\u010dery\" \/>\n<meta property=\"og:description\" content=\"V minulom \u010dl\u00e1nku sme sa pozreli na instagramov\u00e9 \u00fa\u010dty slovensk\u00fdch cyklistiek a\u00a0tak je logick\u00e9, \u017ee nevynech\u00e1me ani instagramov\u00e9 \u00fa\u010dty slovensk\u00fdch cyklistov.\" \/>\n<meta property=\"og:url\" content=\"https:\/\/www.welovecycling.com\/sk\/2022\/11\/09\/instagramove-ucty-slovenskych-cyklistov-citanie-na-dlhe-zimne-vecery\/\" \/>\n<meta property=\"og:site_name\" content=\"\u0160koda We Love Cycling Slovensko\" \/>\n<meta property=\"article:published_time\" content=\"2022-11-09T09:30:29+00:00\" \/>\n<meta property=\"og:image\" content=\"https:\/\/d2p6e6u75xmxt8.cloudfront.net\/4\/2022\/11\/IG_00.webp\" \/>\n\t<meta property=\"og:image:width\" content=\"990\" \/>\n\t<meta property=\"og:image:height\" content=\"660\" \/>\n\t<meta property=\"og:image:type\" content=\"image\/webp\" \/>\n<meta name=\"author\" content=\"miksakova\" \/>\n<meta name=\"twitter:card\" content=\"summary_large_image\" \/>\n<meta name=\"twitter:label1\" content=\"Written by\" \/>\n\t<meta name=\"twitter:data1\" content=\"Radovan Vr\u0161ka\" \/>\n\t<meta name=\"twitter:label2\" content=\"Est. reading time\" \/>\n\t<meta name=\"twitter:data2\" content=\"4\" \/>\n<script type=\"application\/ld+json\" class=\"yoast-schema-graph\">{\"@context\":\"https:\/\/schema.org\",\"@graph\":[{\"@type\":\"WebPage\",\"@id\":\"https:\/\/www.welovecycling.com\/sk\/2022\/11\/09\/instagramove-ucty-slovenskych-cyklistov-citanie-na-dlhe-zimne-vecery\/\",\"url\":\"https:\/\/www.welovecycling.com\/sk\/2022\/11\/09\/instagramove-ucty-slovenskych-cyklistov-citanie-na-dlhe-zimne-vecery\/\",\"name\":\"Instagramov\u00e9 \u00fa\u010dty slovensk\u00fdch cyklistov \u2013 \u010d\u00edtanie na dlh\u00e9 zimn\u00e9 ve\u010dery - \u0160koda We Love Cycling Slovensko\",\"isPartOf\":{\"@id\":\"https:\/\/www.welovecycling.com\/sk\/#website\"},\"primaryImageOfPage\":{\"@id\":\"https:\/\/www.welovecycling.com\/sk\/2022\/11\/09\/instagramove-ucty-slovenskych-cyklistov-citanie-na-dlhe-zimne-vecery\/#primaryimage\"},\"image\":{\"@id\":\"https:\/\/www.welovecycling.com\/sk\/2022\/11\/09\/instagramove-ucty-slovenskych-cyklistov-citanie-na-dlhe-zimne-vecery\/#primaryimage\"},\"thumbnailUrl\":\"https:\/\/d2p6e6u75xmxt8.cloudfront.net\/4\/2022\/11\/IG_00.webp\",\"datePublished\":\"2022-11-09T09:30:29+00:00\",\"author\":{\"@id\":\"https:\/\/www.welovecycling.com\/sk\/#\/schema\/person\/c6ce5af9dceed219d84a07d2ffa2cad9\"},\"description\":\"V minulom \u010dl\u00e1nku sme sa pozreli na instagramov\u00e9 \u00fa\u010dty slovensk\u00fdch cyklistiek a\u00a0tak je logick\u00e9, \u017ee nevynech\u00e1me ani instagramov\u00e9 \u00fa\u010dty slovensk\u00fdch cyklistov.\",\"breadcrumb\":{\"@id\":\"https:\/\/www.welovecycling.com\/sk\/2022\/11\/09\/instagramove-ucty-slovenskych-cyklistov-citanie-na-dlhe-zimne-vecery\/#breadcrumb\"},\"inLanguage\":\"sk-SK\",\"potentialAction\":[{\"@type\":\"ReadAction\",\"target\":[\"https:\/\/www.welovecycling.com\/sk\/2022\/11\/09\/instagramove-ucty-slovenskych-cyklistov-citanie-na-dlhe-zimne-vecery\/\"]}]},{\"@type\":\"ImageObject\",\"inLanguage\":\"sk-SK\",\"@id\":\"https:\/\/www.welovecycling.com\/sk\/2022\/11\/09\/instagramove-ucty-slovenskych-cyklistov-citanie-na-dlhe-zimne-vecery\/#primaryimage\",\"url\":\"https:\/\/d2p6e6u75xmxt8.cloudfront.net\/4\/2022\/11\/IG_00.webp\",\"contentUrl\":\"https:\/\/d2p6e6u75xmxt8.cloudfront.net\/4\/2022\/11\/IG_00.webp\",\"width\":990,\"height\":660},{\"@type\":\"BreadcrumbList\",\"@id\":\"https:\/\/www.welovecycling.com\/sk\/2022\/11\/09\/instagramove-ucty-slovenskych-cyklistov-citanie-na-dlhe-zimne-vecery\/#breadcrumb\",\"itemListElement\":[{\"@type\":\"ListItem\",\"position\":1,\"name\":\"Home\",\"item\":\"https:\/\/www.welovecycling.com\/sk\/\"},{\"@type\":\"ListItem\",\"position\":2,\"name\":\"Instagramov\u00e9 \u00fa\u010dty slovensk\u00fdch cyklistov \u2013 \u010d\u00edtanie na dlh\u00e9 zimn\u00e9 ve\u010dery\"}]},{\"@type\":\"WebSite\",\"@id\":\"https:\/\/www.welovecycling.com\/sk\/#website\",\"url\":\"https:\/\/www.welovecycling.com\/sk\/\",\"name\":\"\u0160koda We Love Cycling Slovensko\",\"description\":\"\u0160koda We Love Cycling Slovensko je v\u00e1\u0161 ka\u017edodenn\u00fd zdroj noviniek a in\u0161pir\u00e1cie z sveta cyklistiky\",\"potentialAction\":[{\"@type\":\"SearchAction\",\"target\":{\"@type\":\"EntryPoint\",\"urlTemplate\":\"https:\/\/www.welovecycling.com\/sk\/?s={search_term_string}\"},\"query-input\":{\"@type\":\"PropertyValueSpecification\",\"valueRequired\":true,\"valueName\":\"search_term_string\"}}],\"inLanguage\":\"sk-SK\"},{\"@type\":\"Person\",\"@id\":\"https:\/\/www.welovecycling.com\/sk\/#\/schema\/person\/c6ce5af9dceed219d84a07d2ffa2cad9\",\"name\":\"miksakova\",\"image\":{\"@type\":\"ImageObject\",\"inLanguage\":\"sk-SK\",\"@id\":\"https:\/\/www.welovecycling.com\/sk\/#\/schema\/person\/image\/\",\"url\":\"https:\/\/secure.gravatar.com\/avatar\/3663fb8acb50de04150ea6f7afc1bc15aba80aad4bf92aee01bd38a79084eb7a?s=96&d=mm&r=g\",\"contentUrl\":\"https:\/\/secure.gravatar.com\/avatar\/3663fb8acb50de04150ea6f7afc1bc15aba80aad4bf92aee01bd38a79084eb7a?s=96&d=mm&r=g\",\"caption\":\"miksakova\"},\"url\":\"https:\/\/www.welovecycling.com\/sk\/author\/miksakova\/\"}]}<\/script>\n<!-- \/ Yoast SEO Premium plugin. -->","yoast_head_json":{"title":"Instagramov\u00e9 \u00fa\u010dty slovensk\u00fdch cyklistov \u2013 \u010d\u00edtanie na dlh\u00e9 zimn\u00e9 ve\u010dery - \u0160koda We Love Cycling Slovensko","description":"V minulom \u010dl\u00e1nku sme sa pozreli na instagramov\u00e9 \u00fa\u010dty slovensk\u00fdch cyklistiek a\u00a0tak je logick\u00e9, \u017ee nevynech\u00e1me ani instagramov\u00e9 \u00fa\u010dty slovensk\u00fdch cyklistov.","robots":{"index":"index","follow":"follow","max-snippet":"max-snippet:-1","max-image-preview":"max-image-preview:large","max-video-preview":"max-video-preview:-1"},"canonical":"https:\/\/www.welovecycling.com\/sk\/2022\/11\/09\/instagramove-ucty-slovenskych-cyklistov-citanie-na-dlhe-zimne-vecery\/","og_locale":"sk_SK","og_type":"article","og_title":"Instagramov\u00e9 \u00fa\u010dty slovensk\u00fdch cyklistov \u2013 \u010d\u00edtanie na dlh\u00e9 zimn\u00e9 ve\u010dery","og_description":"V minulom \u010dl\u00e1nku sme sa pozreli na instagramov\u00e9 \u00fa\u010dty slovensk\u00fdch cyklistiek a\u00a0tak je logick\u00e9, \u017ee nevynech\u00e1me ani instagramov\u00e9 \u00fa\u010dty slovensk\u00fdch cyklistov.","og_url":"https:\/\/www.welovecycling.com\/sk\/2022\/11\/09\/instagramove-ucty-slovenskych-cyklistov-citanie-na-dlhe-zimne-vecery\/","og_site_name":"\u0160koda We Love Cycling Slovensko","article_published_time":"2022-11-09T09:30:29+00:00","og_image":[{"width":990,"height":660,"url":"https:\/\/d2p6e6u75xmxt8.cloudfront.net\/4\/2022\/11\/IG_00.webp","type":"image\/webp"}],"author":"miksakova","twitter_card":"summary_large_image","twitter_misc":{"Written by":"Radovan Vr\u0161ka","Est. reading time":"4"},"schema":{"@context":"https:\/\/schema.org","@graph":[{"@type":"WebPage","@id":"https:\/\/www.welovecycling.com\/sk\/2022\/11\/09\/instagramove-ucty-slovenskych-cyklistov-citanie-na-dlhe-zimne-vecery\/","url":"https:\/\/www.welovecycling.com\/sk\/2022\/11\/09\/instagramove-ucty-slovenskych-cyklistov-citanie-na-dlhe-zimne-vecery\/","name":"Instagramov\u00e9 \u00fa\u010dty slovensk\u00fdch cyklistov \u2013 \u010d\u00edtanie na dlh\u00e9 zimn\u00e9 ve\u010dery - \u0160koda We Love Cycling Slovensko","isPartOf":{"@id":"https:\/\/www.welovecycling.com\/sk\/#website"},"primaryImageOfPage":{"@id":"https:\/\/www.welovecycling.com\/sk\/2022\/11\/09\/instagramove-ucty-slovenskych-cyklistov-citanie-na-dlhe-zimne-vecery\/#primaryimage"},"image":{"@id":"https:\/\/www.welovecycling.com\/sk\/2022\/11\/09\/instagramove-ucty-slovenskych-cyklistov-citanie-na-dlhe-zimne-vecery\/#primaryimage"},"thumbnailUrl":"https:\/\/d2p6e6u75xmxt8.cloudfront.net\/4\/2022\/11\/IG_00.webp","datePublished":"2022-11-09T09:30:29+00:00","author":{"@id":"https:\/\/www.welovecycling.com\/sk\/#\/schema\/person\/c6ce5af9dceed219d84a07d2ffa2cad9"},"description":"V minulom \u010dl\u00e1nku sme sa pozreli na instagramov\u00e9 \u00fa\u010dty slovensk\u00fdch cyklistiek a\u00a0tak je logick\u00e9, \u017ee nevynech\u00e1me ani instagramov\u00e9 \u00fa\u010dty slovensk\u00fdch cyklistov.","breadcrumb":{"@id":"https:\/\/www.welovecycling.com\/sk\/2022\/11\/09\/instagramove-ucty-slovenskych-cyklistov-citanie-na-dlhe-zimne-vecery\/#breadcrumb"},"inLanguage":"sk-SK","potentialAction":[{"@type":"ReadAction","target":["https:\/\/www.welovecycling.com\/sk\/2022\/11\/09\/instagramove-ucty-slovenskych-cyklistov-citanie-na-dlhe-zimne-vecery\/"]}]},{"@type":"ImageObject","inLanguage":"sk-SK","@id":"https:\/\/www.welovecycling.com\/sk\/2022\/11\/09\/instagramove-ucty-slovenskych-cyklistov-citanie-na-dlhe-zimne-vecery\/#primaryimage","url":"https:\/\/d2p6e6u75xmxt8.cloudfront.net\/4\/2022\/11\/IG_00.webp","contentUrl":"https:\/\/d2p6e6u75xmxt8.cloudfront.net\/4\/2022\/11\/IG_00.webp","width":990,"height":660},{"@type":"BreadcrumbList","@id":"https:\/\/www.welovecycling.com\/sk\/2022\/11\/09\/instagramove-ucty-slovenskych-cyklistov-citanie-na-dlhe-zimne-vecery\/#breadcrumb","itemListElement":[{"@type":"ListItem","position":1,"name":"Home","item":"https:\/\/www.welovecycling.com\/sk\/"},{"@type":"ListItem","position":2,"name":"Instagramov\u00e9 \u00fa\u010dty slovensk\u00fdch cyklistov \u2013 \u010d\u00edtanie na dlh\u00e9 zimn\u00e9 ve\u010dery"}]},{"@type":"WebSite","@id":"https:\/\/www.welovecycling.com\/sk\/#website","url":"https:\/\/www.welovecycling.com\/sk\/","name":"\u0160koda We Love Cycling Slovensko","description":"\u0160koda We Love Cycling Slovensko je v\u00e1\u0161 ka\u017edodenn\u00fd zdroj noviniek a in\u0161pir\u00e1cie z sveta cyklistiky","potentialAction":[{"@type":"SearchAction","target":{"@type":"EntryPoint","urlTemplate":"https:\/\/www.welovecycling.com\/sk\/?s={search_term_string}"},"query-input":{"@type":"PropertyValueSpecification","valueRequired":true,"valueName":"search_term_string"}}],"inLanguage":"sk-SK"},{"@type":"Person","@id":"https:\/\/www.welovecycling.com\/sk\/#\/schema\/person\/c6ce5af9dceed219d84a07d2ffa2cad9","name":"miksakova","image":{"@type":"ImageObject","inLanguage":"sk-SK","@id":"https:\/\/www.welovecycling.com\/sk\/#\/schema\/person\/image\/","url":"https:\/\/secure.gravatar.com\/avatar\/3663fb8acb50de04150ea6f7afc1bc15aba80aad4bf92aee01bd38a79084eb7a?s=96&d=mm&r=g","contentUrl":"https:\/\/secure.gravatar.com\/avatar\/3663fb8acb50de04150ea6f7afc1bc15aba80aad4bf92aee01bd38a79084eb7a?s=96&d=mm&r=g","caption":"miksakova"},"url":"https:\/\/www.welovecycling.com\/sk\/author\/miksakova\/"}]}},"_links":{"self":[{"href":"https:\/\/www.welovecycling.com\/sk\/wp-json\/wp\/v2\/posts\/16035","targetHints":{"allow":["GET"]}}],"collection":[{"href":"https:\/\/www.welovecycling.com\/sk\/wp-json\/wp\/v2\/posts"}],"about":[{"href":"https:\/\/www.welovecycling.com\/sk\/wp-json\/wp\/v2\/types\/post"}],"author":[{"embeddable":true,"href":"https:\/\/www.welovecycling.com\/sk\/wp-json\/wp\/v2\/users\/170"}],"replies":[{"embeddable":true,"href":"https:\/\/www.welovecycling.com\/sk\/wp-json\/wp\/v2\/comments?post=16035"}],"version-history":[{"count":2,"href":"https:\/\/www.welovecycling.com\/sk\/wp-json\/wp\/v2\/posts\/16035\/revisions"}],"predecessor-version":[{"id":16055,"href":"https:\/\/www.welovecycling.com\/sk\/wp-json\/wp\/v2\/posts\/16035\/revisions\/16055"}],"wp:featuredmedia":[{"embeddable":true,"href":"https:\/\/www.welovecycling.com\/sk\/wp-json\/wp\/v2\/media\/16052"}],"wp:attachment":[{"href":"https:\/\/www.welovecycling.com\/sk\/wp-json\/wp\/v2\/media?parent=16035"}],"wp:term":[{"taxonomy":"category","embeddable":true,"href":"https:\/\/www.welovecycling.com\/sk\/wp-json\/wp\/v2\/categories?post=16035"},{"taxonomy":"post_tag","embeddable":true,"href":"https:\/\/www.welovecycling.com\/sk\/wp-json\/wp\/v2\/tags?post=16035"},{"taxonomy":"global-categories","embeddable":true,"href":"https:\/\/www.welovecycling.com\/sk\/wp-json\/wp\/v2\/global-categories?post=16035"}],"curies":[{"name":"wp","href":"https:\/\/api.w.org\/{rel}","templated":true}]}}