{"id":16005,"date":"2022-11-23T10:00:03","date_gmt":"2022-11-23T09:00:03","guid":{"rendered":"https:\/\/www.welovecycling.com\/sk\/?p=16005"},"modified":"2022-11-23T08:02:21","modified_gmt":"2022-11-23T07:02:21","slug":"skoda-bike-open-tour-2023-terminy-a-miesta","status":"publish","type":"post","link":"https:\/\/www.welovecycling.com\/sk\/2022\/11\/23\/skoda-bike-open-tour-2023-terminy-a-miesta\/","title":{"rendered":"\u0160koda BIKE OPEN TOUR 2023 \u2013 term\u00edny a\u00a0miesta"},"content":{"rendered":"<p><strong>Len ned\u00e1vno skon\u010dila s\u00e9ria pretekov \u0160koda BIKE OPEN TOUR a\u00a0organiz\u00e1tori nezah\u00e1\u013eaj\u00fa a\u00a0usilovne pripravuj\u00fa nov\u00fd ro\u010dn\u00edk 2023. Bud\u00faci rok bude d\u00f4vod na oslavu, preto\u017ee sa bude kona\u0165 jubilejn\u00fd 10. ro\u010dn\u00edk a\u00a0tomu bud\u00fa ur\u010dite zodpoveda\u0165 aj jednotliv\u00e9 kol\u00e1.<\/strong><!--more--><\/p>\n<p>Pripraven\u00fdch je \u0161es\u0165 k\u00f4l na miestach, ktor\u00e9 s\u00fa pravideln\u00fdm \u00fa\u010dastn\u00edkom dobre zn\u00e1me. <strong>Za\u010d\u00edna\u0165 sa bude u\u017e v\u00a0apr\u00edli vo Sv\u00e4tom Jure a\u00a0z\u00e1ver bude v\u00a0polovici augusta vo Svite.<\/strong> Pon\u00fakame v\u00e1m preh\u013ead jednotliv\u00fdch miest a\u00a0d\u00e1tumov \u0160koda BIKE OPEN TOUR, aby ste si mohli u\u017e teraz napl\u00e1nova\u0165 svoju cyklistick\u00fa sez\u00f3nu 2023.<\/p>\n<p><a href=\"https:\/\/d2p6e6u75xmxt8.cloudfront.net\/4\/2022\/11\/skoda_sbot_kalendar_5_po_fdb-scaled.webp\"><img loading=\"lazy\" decoding=\"async\" src=\"https:\/\/d2p6e6u75xmxt8.cloudfront.net\/4\/2022\/11\/skoda_sbot_kalendar_5_po_fdb-1357x1920.webp\" alt=\"\" width=\"1357\" height=\"1920\" class=\"alignnone size-extra-large wp-image-16108\" srcset=\"https:\/\/d2p6e6u75xmxt8.cloudfront.net\/4\/2022\/11\/skoda_sbot_kalendar_5_po_fdb-1357x1920.webp 1357w, https:\/\/d2p6e6u75xmxt8.cloudfront.net\/4\/2022\/11\/skoda_sbot_kalendar_5_po_fdb-212x300.webp 212w, https:\/\/d2p6e6u75xmxt8.cloudfront.net\/4\/2022\/11\/skoda_sbot_kalendar_5_po_fdb-724x1024.webp 724w, https:\/\/d2p6e6u75xmxt8.cloudfront.net\/4\/2022\/11\/skoda_sbot_kalendar_5_po_fdb-768x1086.webp 768w, https:\/\/d2p6e6u75xmxt8.cloudfront.net\/4\/2022\/11\/skoda_sbot_kalendar_5_po_fdb-1086x1536.webp 1086w, https:\/\/d2p6e6u75xmxt8.cloudfront.net\/4\/2022\/11\/skoda_sbot_kalendar_5_po_fdb-1448x2048.webp 1448w, https:\/\/d2p6e6u75xmxt8.cloudfront.net\/4\/2022\/11\/skoda_sbot_kalendar_5_po_fdb-scaled.webp 1810w, https:\/\/d2p6e6u75xmxt8.cloudfront.net\/4\/2022\/11\/skoda_sbot_kalendar_5_po_fdb-1357x1920.webp 1357w\" sizes=\"auto, (max-width: 1357px) 100vw, 1357px\" \/><\/a><\/p>\n<ol>\n<li><strong>\u0160koda Sv\u00e4tojursk\u00fd MTB marat\u00f3n<\/strong> &#8211; 29. 04. 2023 &#8211; Sv\u00e4t\u00fd Jur<\/li>\n<li><strong>\u0160koda MTB marat\u00f3n Rajeck\u00e9 Teplice<\/strong> &#8211; 20. 05. 2023 &#8211; Rajeck\u00e9 Teplice<\/li>\n<li><strong>\u0160koda Slovensk\u00fd raj<\/strong> &#8211; 10. 06. 2023 &#8211; Slovensk\u00fd raj<\/li>\n<li><strong>\u0160koda MTB cyklomarat\u00f3n Topo\u013e\u010dianky<\/strong> &#8211; 24. 06. 2023 &#8211; Topo\u013e\u010dianky<\/li>\n<li><strong>\u0160koda MTB marat\u00f3n Levo\u010da<\/strong> &#8211; 15. 07. 2023 &#8211; Levo\u010da<\/li>\n<li><strong>\u0160koda HORAL MTB marat\u00f3n<\/strong> &#8211; 12. 08. 2023 &#8211; Svit<\/li>\n<\/ol>\n<p><a href=\"https:\/\/d2p6e6u75xmxt8.cloudfront.net\/4\/2022\/10\/SBOT_2023_01.webp\"><img loading=\"lazy\" decoding=\"async\" src=\"https:\/\/d2p6e6u75xmxt8.cloudfront.net\/4\/2022\/10\/SBOT_2023_01.webp\" alt=\"\" width=\"990\" height=\"660\" class=\"alignnone size-full wp-image-16006\" srcset=\"https:\/\/d2p6e6u75xmxt8.cloudfront.net\/4\/2022\/10\/SBOT_2023_01.webp 990w, https:\/\/d2p6e6u75xmxt8.cloudfront.net\/4\/2022\/10\/SBOT_2023_01-300x200.webp 300w, https:\/\/d2p6e6u75xmxt8.cloudfront.net\/4\/2022\/10\/SBOT_2023_01-768x512.webp 768w, https:\/\/d2p6e6u75xmxt8.cloudfront.net\/4\/2022\/10\/SBOT_2023_01-272x182.webp 272w\" sizes=\"auto, (max-width: 990px) 100vw, 990px\" \/><\/a><br \/>\nPreteky si ur\u010dite udr\u017eia svoj \u0161tandard, na ak\u00fd ste zvyknut\u00ed a\u00a0to v\u00fdborn\u00e1 organiz\u00e1cia s ekologick\u00fdm pr\u00edstupom, mno\u017estvo dostupn\u00fdch slu\u017eieb, ako napr\u00edklad \u00faschov\u0148a bicyklov, \u010di ich um\u00fdvanie. Nebud\u00fa ch\u00fdba\u0165 ani sprievodn\u00e9 aktivity a dostatok st\u00e1nkov s ob\u010derstven\u00edm. <strong>Zabav\u00ed sa op\u00e4\u0165 ka\u017ed\u00fd \u010dlen rodiny.<\/strong><\/p>\n<p><a href=\"https:\/\/d2p6e6u75xmxt8.cloudfront.net\/4\/2022\/10\/SBOT_2023_02.webp\"><img loading=\"lazy\" decoding=\"async\" src=\"https:\/\/d2p6e6u75xmxt8.cloudfront.net\/4\/2022\/10\/SBOT_2023_02.webp\" alt=\"\" width=\"990\" height=\"660\" class=\"alignnone size-full wp-image-16007\" srcset=\"https:\/\/d2p6e6u75xmxt8.cloudfront.net\/4\/2022\/10\/SBOT_2023_02.webp 990w, https:\/\/d2p6e6u75xmxt8.cloudfront.net\/4\/2022\/10\/SBOT_2023_02-300x200.webp 300w, https:\/\/d2p6e6u75xmxt8.cloudfront.net\/4\/2022\/10\/SBOT_2023_02-768x512.webp 768w, https:\/\/d2p6e6u75xmxt8.cloudfront.net\/4\/2022\/10\/SBOT_2023_02-272x182.webp 272w\" sizes=\"auto, (max-width: 990px) 100vw, 990px\" \/><\/a><br \/>\nPreteky bud\u00fa ako ka\u017ed\u00fd rok ur\u010den\u00e9 pre v\u0161etk\u00fdch, \u010di u\u017e hobby cyklistov, profesion\u00e1lov alebo rodiny s de\u0165mi a\u00a0bud\u00fa patri\u0165 do s\u00e9rie Slovensk\u00e9ho poh\u00e1ra XCM. Inform\u00e1cie o\u00a0pretekoch, registr\u00e1cii, \u010di podrobn\u00fd program bud\u00fa aktualizovan\u00e9 priebe\u017ene na str\u00e1nke\u00a0<a href=\"https:\/\/www.welovecycling.com\/sk\/sbot\/\" rel=\"noopener\" target=\"_blank\">\u0160BOT<\/a>. <strong>Te\u0161\u00edme sa na v\u00e1s v roku 2023!<\/strong><\/p>\n","protected":false},"excerpt":{"rendered":"<p>Len ned\u00e1vno skon\u010dila s\u00e9ria pretekov \u0160koda BIKE OPEN TOUR a\u00a0organiz\u00e1tori nezah\u00e1\u013eaj\u00fa a\u00a0usilovne pripravuj\u00fa nov\u00fd ro\u010dn\u00edk 2023. Bud\u00faci rok bude d\u00f4vod [&hellip;]<\/p>\n","protected":false},"author":170,"featured_media":16010,"comment_status":"open","ping_status":"open","sticky":false,"template":"","format":"standard","meta":{"footnotes":""},"categories":[33],"tags":[478,1443,180,178,767,412,37,91,179,1557,542,1009,35,77,183],"global-categories":[1074],"class_list":["post-16005","post","type-post","status-publish","format-standard","has-post-thumbnail","hentry","category-sbot","tag-akcia","tag-ekologia","tag-horska-cyklistika","tag-maraton","tag-motivacia","tag-mtb","tag-podujatia","tag-pozvanka","tag-preteky","tag-sezona-2023","tag-skoda","tag-skoda-auto","tag-sbot","tag-skoda-dedina","tag-zabava","global-categories-cycling"],"yoast_head":"<!-- This site is optimized with the Yoast SEO Premium plugin v25.3 (Yoast SEO v25.9) - https:\/\/yoast.com\/wordpress\/plugins\/seo\/ -->\n<title>\u0160koda BIKE OPEN TOUR 2023 \u2013 term\u00edny a\u00a0miesta - \u0160koda We Love Cycling Slovensko<\/title>\n<meta name=\"description\" content=\"Len ned\u00e1vno skon\u010dila s\u00e9ria pretekov \u0160koda BIKE OPEN TOUR a\u00a0organiz\u00e1tori nezah\u00e1\u013eaj\u00fa a\u00a0usilovne pripravuj\u00fa nov\u00fd ro\u010dn\u00edk 2023.\" \/>\n<meta name=\"robots\" content=\"index, follow, max-snippet:-1, max-image-preview:large, max-video-preview:-1\" \/>\n<link rel=\"canonical\" href=\"https:\/\/www.welovecycling.com\/sk\/2022\/11\/23\/skoda-bike-open-tour-2023-terminy-a-miesta\/\" \/>\n<meta property=\"og:locale\" content=\"sk_SK\" \/>\n<meta property=\"og:type\" content=\"article\" \/>\n<meta property=\"og:title\" content=\"\u0160koda BIKE OPEN TOUR 2023 \u2013 term\u00edny a\u00a0miesta\" \/>\n<meta property=\"og:description\" content=\"Len ned\u00e1vno skon\u010dila s\u00e9ria pretekov \u0160koda BIKE OPEN TOUR a\u00a0organiz\u00e1tori nezah\u00e1\u013eaj\u00fa a\u00a0usilovne pripravuj\u00fa nov\u00fd ro\u010dn\u00edk 2023.\" \/>\n<meta property=\"og:url\" content=\"https:\/\/www.welovecycling.com\/sk\/2022\/11\/23\/skoda-bike-open-tour-2023-terminy-a-miesta\/\" \/>\n<meta property=\"og:site_name\" content=\"\u0160koda We Love Cycling Slovensko\" \/>\n<meta property=\"article:published_time\" content=\"2022-11-23T09:00:03+00:00\" \/>\n<meta property=\"og:image\" content=\"https:\/\/d2p6e6u75xmxt8.cloudfront.net\/4\/2022\/10\/SBOT_2023_03.webp\" \/>\n\t<meta property=\"og:image:width\" content=\"990\" \/>\n\t<meta property=\"og:image:height\" content=\"660\" \/>\n\t<meta property=\"og:image:type\" content=\"image\/webp\" \/>\n<meta name=\"author\" content=\"miksakova\" \/>\n<meta name=\"twitter:card\" content=\"summary_large_image\" \/>\n<meta name=\"twitter:label1\" content=\"Written by\" \/>\n\t<meta name=\"twitter:data1\" content=\"WeLoveCycling\" \/>\n\t<meta name=\"twitter:label2\" content=\"Est. reading time\" \/>\n\t<meta name=\"twitter:data2\" content=\"3\" \/>\n<script type=\"application\/ld+json\" class=\"yoast-schema-graph\">{\"@context\":\"https:\/\/schema.org\",\"@graph\":[{\"@type\":\"WebPage\",\"@id\":\"https:\/\/www.welovecycling.com\/sk\/2022\/11\/23\/skoda-bike-open-tour-2023-terminy-a-miesta\/\",\"url\":\"https:\/\/www.welovecycling.com\/sk\/2022\/11\/23\/skoda-bike-open-tour-2023-terminy-a-miesta\/\",\"name\":\"\u0160koda BIKE OPEN TOUR 2023 \u2013 term\u00edny a\u00a0miesta - \u0160koda We Love Cycling Slovensko\",\"isPartOf\":{\"@id\":\"https:\/\/www.welovecycling.com\/sk\/#website\"},\"primaryImageOfPage\":{\"@id\":\"https:\/\/www.welovecycling.com\/sk\/2022\/11\/23\/skoda-bike-open-tour-2023-terminy-a-miesta\/#primaryimage\"},\"image\":{\"@id\":\"https:\/\/www.welovecycling.com\/sk\/2022\/11\/23\/skoda-bike-open-tour-2023-terminy-a-miesta\/#primaryimage\"},\"thumbnailUrl\":\"https:\/\/d2p6e6u75xmxt8.cloudfront.net\/4\/2022\/10\/SBOT_2023_03.webp\",\"datePublished\":\"2022-11-23T09:00:03+00:00\",\"author\":{\"@id\":\"https:\/\/www.welovecycling.com\/sk\/#\/schema\/person\/c6ce5af9dceed219d84a07d2ffa2cad9\"},\"description\":\"Len ned\u00e1vno skon\u010dila s\u00e9ria pretekov \u0160koda BIKE OPEN TOUR a\u00a0organiz\u00e1tori nezah\u00e1\u013eaj\u00fa a\u00a0usilovne pripravuj\u00fa nov\u00fd ro\u010dn\u00edk 2023.\",\"breadcrumb\":{\"@id\":\"https:\/\/www.welovecycling.com\/sk\/2022\/11\/23\/skoda-bike-open-tour-2023-terminy-a-miesta\/#breadcrumb\"},\"inLanguage\":\"sk-SK\",\"potentialAction\":[{\"@type\":\"ReadAction\",\"target\":[\"https:\/\/www.welovecycling.com\/sk\/2022\/11\/23\/skoda-bike-open-tour-2023-terminy-a-miesta\/\"]}]},{\"@type\":\"ImageObject\",\"inLanguage\":\"sk-SK\",\"@id\":\"https:\/\/www.welovecycling.com\/sk\/2022\/11\/23\/skoda-bike-open-tour-2023-terminy-a-miesta\/#primaryimage\",\"url\":\"https:\/\/d2p6e6u75xmxt8.cloudfront.net\/4\/2022\/10\/SBOT_2023_03.webp\",\"contentUrl\":\"https:\/\/d2p6e6u75xmxt8.cloudfront.net\/4\/2022\/10\/SBOT_2023_03.webp\",\"width\":990,\"height\":660},{\"@type\":\"BreadcrumbList\",\"@id\":\"https:\/\/www.welovecycling.com\/sk\/2022\/11\/23\/skoda-bike-open-tour-2023-terminy-a-miesta\/#breadcrumb\",\"itemListElement\":[{\"@type\":\"ListItem\",\"position\":1,\"name\":\"Home\",\"item\":\"https:\/\/www.welovecycling.com\/sk\/\"},{\"@type\":\"ListItem\",\"position\":2,\"name\":\"\u0160koda BIKE OPEN TOUR 2023 \u2013 term\u00edny a\u00a0miesta\"}]},{\"@type\":\"WebSite\",\"@id\":\"https:\/\/www.welovecycling.com\/sk\/#website\",\"url\":\"https:\/\/www.welovecycling.com\/sk\/\",\"name\":\"\u0160koda We Love Cycling Slovensko\",\"description\":\"\u0160koda We Love Cycling Slovensko je v\u00e1\u0161 ka\u017edodenn\u00fd zdroj noviniek a in\u0161pir\u00e1cie z sveta cyklistiky\",\"potentialAction\":[{\"@type\":\"SearchAction\",\"target\":{\"@type\":\"EntryPoint\",\"urlTemplate\":\"https:\/\/www.welovecycling.com\/sk\/?s={search_term_string}\"},\"query-input\":{\"@type\":\"PropertyValueSpecification\",\"valueRequired\":true,\"valueName\":\"search_term_string\"}}],\"inLanguage\":\"sk-SK\"},{\"@type\":\"Person\",\"@id\":\"https:\/\/www.welovecycling.com\/sk\/#\/schema\/person\/c6ce5af9dceed219d84a07d2ffa2cad9\",\"name\":\"miksakova\",\"image\":{\"@type\":\"ImageObject\",\"inLanguage\":\"sk-SK\",\"@id\":\"https:\/\/www.welovecycling.com\/sk\/#\/schema\/person\/image\/\",\"url\":\"https:\/\/secure.gravatar.com\/avatar\/3663fb8acb50de04150ea6f7afc1bc15aba80aad4bf92aee01bd38a79084eb7a?s=96&d=mm&r=g\",\"contentUrl\":\"https:\/\/secure.gravatar.com\/avatar\/3663fb8acb50de04150ea6f7afc1bc15aba80aad4bf92aee01bd38a79084eb7a?s=96&d=mm&r=g\",\"caption\":\"miksakova\"},\"url\":\"https:\/\/www.welovecycling.com\/sk\/author\/miksakova\/\"}]}<\/script>\n<!-- \/ Yoast SEO Premium plugin. -->","yoast_head_json":{"title":"\u0160koda BIKE OPEN TOUR 2023 \u2013 term\u00edny a\u00a0miesta - \u0160koda We Love Cycling Slovensko","description":"Len ned\u00e1vno skon\u010dila s\u00e9ria pretekov \u0160koda BIKE OPEN TOUR a\u00a0organiz\u00e1tori nezah\u00e1\u013eaj\u00fa a\u00a0usilovne pripravuj\u00fa nov\u00fd ro\u010dn\u00edk 2023.","robots":{"index":"index","follow":"follow","max-snippet":"max-snippet:-1","max-image-preview":"max-image-preview:large","max-video-preview":"max-video-preview:-1"},"canonical":"https:\/\/www.welovecycling.com\/sk\/2022\/11\/23\/skoda-bike-open-tour-2023-terminy-a-miesta\/","og_locale":"sk_SK","og_type":"article","og_title":"\u0160koda BIKE OPEN TOUR 2023 \u2013 term\u00edny a\u00a0miesta","og_description":"Len ned\u00e1vno skon\u010dila s\u00e9ria pretekov \u0160koda BIKE OPEN TOUR a\u00a0organiz\u00e1tori nezah\u00e1\u013eaj\u00fa a\u00a0usilovne pripravuj\u00fa nov\u00fd ro\u010dn\u00edk 2023.","og_url":"https:\/\/www.welovecycling.com\/sk\/2022\/11\/23\/skoda-bike-open-tour-2023-terminy-a-miesta\/","og_site_name":"\u0160koda We Love Cycling Slovensko","article_published_time":"2022-11-23T09:00:03+00:00","og_image":[{"width":990,"height":660,"url":"https:\/\/d2p6e6u75xmxt8.cloudfront.net\/4\/2022\/10\/SBOT_2023_03.webp","type":"image\/webp"}],"author":"miksakova","twitter_card":"summary_large_image","twitter_misc":{"Written by":"WeLoveCycling","Est. reading time":"3"},"schema":{"@context":"https:\/\/schema.org","@graph":[{"@type":"WebPage","@id":"https:\/\/www.welovecycling.com\/sk\/2022\/11\/23\/skoda-bike-open-tour-2023-terminy-a-miesta\/","url":"https:\/\/www.welovecycling.com\/sk\/2022\/11\/23\/skoda-bike-open-tour-2023-terminy-a-miesta\/","name":"\u0160koda BIKE OPEN TOUR 2023 \u2013 term\u00edny a\u00a0miesta - \u0160koda We Love Cycling Slovensko","isPartOf":{"@id":"https:\/\/www.welovecycling.com\/sk\/#website"},"primaryImageOfPage":{"@id":"https:\/\/www.welovecycling.com\/sk\/2022\/11\/23\/skoda-bike-open-tour-2023-terminy-a-miesta\/#primaryimage"},"image":{"@id":"https:\/\/www.welovecycling.com\/sk\/2022\/11\/23\/skoda-bike-open-tour-2023-terminy-a-miesta\/#primaryimage"},"thumbnailUrl":"https:\/\/d2p6e6u75xmxt8.cloudfront.net\/4\/2022\/10\/SBOT_2023_03.webp","datePublished":"2022-11-23T09:00:03+00:00","author":{"@id":"https:\/\/www.welovecycling.com\/sk\/#\/schema\/person\/c6ce5af9dceed219d84a07d2ffa2cad9"},"description":"Len ned\u00e1vno skon\u010dila s\u00e9ria pretekov \u0160koda BIKE OPEN TOUR a\u00a0organiz\u00e1tori nezah\u00e1\u013eaj\u00fa a\u00a0usilovne pripravuj\u00fa nov\u00fd ro\u010dn\u00edk 2023.","breadcrumb":{"@id":"https:\/\/www.welovecycling.com\/sk\/2022\/11\/23\/skoda-bike-open-tour-2023-terminy-a-miesta\/#breadcrumb"},"inLanguage":"sk-SK","potentialAction":[{"@type":"ReadAction","target":["https:\/\/www.welovecycling.com\/sk\/2022\/11\/23\/skoda-bike-open-tour-2023-terminy-a-miesta\/"]}]},{"@type":"ImageObject","inLanguage":"sk-SK","@id":"https:\/\/www.welovecycling.com\/sk\/2022\/11\/23\/skoda-bike-open-tour-2023-terminy-a-miesta\/#primaryimage","url":"https:\/\/d2p6e6u75xmxt8.cloudfront.net\/4\/2022\/10\/SBOT_2023_03.webp","contentUrl":"https:\/\/d2p6e6u75xmxt8.cloudfront.net\/4\/2022\/10\/SBOT_2023_03.webp","width":990,"height":660},{"@type":"BreadcrumbList","@id":"https:\/\/www.welovecycling.com\/sk\/2022\/11\/23\/skoda-bike-open-tour-2023-terminy-a-miesta\/#breadcrumb","itemListElement":[{"@type":"ListItem","position":1,"name":"Home","item":"https:\/\/www.welovecycling.com\/sk\/"},{"@type":"ListItem","position":2,"name":"\u0160koda BIKE OPEN TOUR 2023 \u2013 term\u00edny a\u00a0miesta"}]},{"@type":"WebSite","@id":"https:\/\/www.welovecycling.com\/sk\/#website","url":"https:\/\/www.welovecycling.com\/sk\/","name":"\u0160koda We Love Cycling Slovensko","description":"\u0160koda We Love Cycling Slovensko je v\u00e1\u0161 ka\u017edodenn\u00fd zdroj noviniek a in\u0161pir\u00e1cie z sveta cyklistiky","potentialAction":[{"@type":"SearchAction","target":{"@type":"EntryPoint","urlTemplate":"https:\/\/www.welovecycling.com\/sk\/?s={search_term_string}"},"query-input":{"@type":"PropertyValueSpecification","valueRequired":true,"valueName":"search_term_string"}}],"inLanguage":"sk-SK"},{"@type":"Person","@id":"https:\/\/www.welovecycling.com\/sk\/#\/schema\/person\/c6ce5af9dceed219d84a07d2ffa2cad9","name":"miksakova","image":{"@type":"ImageObject","inLanguage":"sk-SK","@id":"https:\/\/www.welovecycling.com\/sk\/#\/schema\/person\/image\/","url":"https:\/\/secure.gravatar.com\/avatar\/3663fb8acb50de04150ea6f7afc1bc15aba80aad4bf92aee01bd38a79084eb7a?s=96&d=mm&r=g","contentUrl":"https:\/\/secure.gravatar.com\/avatar\/3663fb8acb50de04150ea6f7afc1bc15aba80aad4bf92aee01bd38a79084eb7a?s=96&d=mm&r=g","caption":"miksakova"},"url":"https:\/\/www.welovecycling.com\/sk\/author\/miksakova\/"}]}},"_links":{"self":[{"href":"https:\/\/www.welovecycling.com\/sk\/wp-json\/wp\/v2\/posts\/16005","targetHints":{"allow":["GET"]}}],"collection":[{"href":"https:\/\/www.welovecycling.com\/sk\/wp-json\/wp\/v2\/posts"}],"about":[{"href":"https:\/\/www.welovecycling.com\/sk\/wp-json\/wp\/v2\/types\/post"}],"author":[{"embeddable":true,"href":"https:\/\/www.welovecycling.com\/sk\/wp-json\/wp\/v2\/users\/170"}],"replies":[{"embeddable":true,"href":"https:\/\/www.welovecycling.com\/sk\/wp-json\/wp\/v2\/comments?post=16005"}],"version-history":[{"count":2,"href":"https:\/\/www.welovecycling.com\/sk\/wp-json\/wp\/v2\/posts\/16005\/revisions"}],"predecessor-version":[{"id":16109,"href":"https:\/\/www.welovecycling.com\/sk\/wp-json\/wp\/v2\/posts\/16005\/revisions\/16109"}],"wp:featuredmedia":[{"embeddable":true,"href":"https:\/\/www.welovecycling.com\/sk\/wp-json\/wp\/v2\/media\/16010"}],"wp:attachment":[{"href":"https:\/\/www.welovecycling.com\/sk\/wp-json\/wp\/v2\/media?parent=16005"}],"wp:term":[{"taxonomy":"category","embeddable":true,"href":"https:\/\/www.welovecycling.com\/sk\/wp-json\/wp\/v2\/categories?post=16005"},{"taxonomy":"post_tag","embeddable":true,"href":"https:\/\/www.welovecycling.com\/sk\/wp-json\/wp\/v2\/tags?post=16005"},{"taxonomy":"global-categories","embeddable":true,"href":"https:\/\/www.welovecycling.com\/sk\/wp-json\/wp\/v2\/global-categories?post=16005"}],"curies":[{"name":"wp","href":"https:\/\/api.w.org\/{rel}","templated":true}]}}