{"id":15954,"date":"2022-10-28T09:00:35","date_gmt":"2022-10-28T07:00:35","guid":{"rendered":"https:\/\/www.welovecycling.com\/sk\/?p=15954"},"modified":"2022-10-27T11:49:55","modified_gmt":"2022-10-27T09:49:55","slug":"tip-na-vylet-cez-strazovske-vrchy-do-cicmian","status":"publish","type":"post","link":"https:\/\/www.welovecycling.com\/sk\/2022\/10\/28\/tip-na-vylet-cez-strazovske-vrchy-do-cicmian\/","title":{"rendered":"Tip na v\u00fdlet &#8211; Cez Str\u00e1\u017eovsk\u00e9 vrchy do \u010ci\u010dmian"},"content":{"rendered":"<p><strong>Po\u010das jesenn\u00fdch dn\u00ed je \u0165a\u017eko si nie\u010do pl\u00e1nova\u0165, preto\u017ee po\u010dasie v\u00e1m va\u0161e pl\u00e1ny prekaz\u00ed ve\u013emi r\u00fdchlo. Podobne to vyzeralo aj posledn\u00fd v\u00edkend, ke\u010f takmer cel\u00fa sobotu pr\u0161alo a\u00a0u\u017e som sa s\u00a0pl\u00e1novan\u00fdm v\u00fdjazdom do \u010ci\u010dmian rozl\u00fa\u010dil. Ani v\u00a0nede\u013eu r\u00e1no to e\u0161te nevyzeralo dobre, ale potom za\u010dalo svieti\u0165 slnko a\u00a0okolo obeda u\u017e boli cesty such\u00e9, tak som sa rozhodol vyda\u0165 cez Str\u00e1\u017eovsk\u00e9 vrchy do dedinky \u010ci\u010dmany.<\/strong><!--more--><\/p>\n<h2><strong>Dni s\u00fa u\u017e krat\u0161ie<\/strong><\/h2>\n<p>Ke\u010f\u017ee som vyr\u00e1\u017eal a\u017e poobede a\u00a0na jese\u0148 u\u017e slnko zapad\u00e1 sk\u00f4r, skr\u00e1til som pl\u00e1novan\u00fa trasu. Autom som sa doviezol na koniec dediny Tu\u017eina, vybral bicykel a\u00a0<strong>s\u00a0rados\u0165ou sa pustil do tej jesennej n\u00e1dhery<\/strong>. Stromy u\u017e boli zafarben\u00e9, ako sa patr\u00ed a\u00a0po da\u017edi bolo c\u00edti\u0165 vo vzduchu v\u0161etky v\u00f4ne lesa.<\/p>\n<div id='gallery-1' class='gallery galleryid-15954 gallery-columns-2 gallery-size-full'><figure class='gallery-item'>\n\t\t\t<div class='gallery-icon landscape'>\n\t\t\t\t<a href='https:\/\/d2p6e6u75xmxt8.cloudfront.net\/4\/2022\/10\/Cez-Strazovske-vrchy-do-Cicmian_01.jpg'><img loading=\"lazy\" decoding=\"async\" width=\"990\" height=\"660\" src=\"https:\/\/d2p6e6u75xmxt8.cloudfront.net\/4\/2022\/10\/Cez-Strazovske-vrchy-do-Cicmian_01.jpg\" class=\"attachment-full size-full\" alt=\"\" srcset=\"https:\/\/d2p6e6u75xmxt8.cloudfront.net\/4\/2022\/10\/Cez-Strazovske-vrchy-do-Cicmian_01.jpg 990w, https:\/\/d2p6e6u75xmxt8.cloudfront.net\/4\/2022\/10\/Cez-Strazovske-vrchy-do-Cicmian_01-300x200.jpg 300w, https:\/\/d2p6e6u75xmxt8.cloudfront.net\/4\/2022\/10\/Cez-Strazovske-vrchy-do-Cicmian_01-768x512.jpg 768w, https:\/\/d2p6e6u75xmxt8.cloudfront.net\/4\/2022\/10\/Cez-Strazovske-vrchy-do-Cicmian_01-272x182.jpg 272w\" sizes=\"auto, (max-width: 990px) 100vw, 990px\" \/><\/a>\n\t\t\t<\/div><\/figure><figure class='gallery-item'>\n\t\t\t<div class='gallery-icon landscape'>\n\t\t\t\t<a href='https:\/\/d2p6e6u75xmxt8.cloudfront.net\/4\/2022\/10\/Cez-Strazovske-vrchy-do-Cicmian_02.jpg'><img loading=\"lazy\" decoding=\"async\" width=\"990\" height=\"660\" src=\"https:\/\/d2p6e6u75xmxt8.cloudfront.net\/4\/2022\/10\/Cez-Strazovske-vrchy-do-Cicmian_02.jpg\" class=\"attachment-full size-full\" alt=\"\" srcset=\"https:\/\/d2p6e6u75xmxt8.cloudfront.net\/4\/2022\/10\/Cez-Strazovske-vrchy-do-Cicmian_02.jpg 990w, https:\/\/d2p6e6u75xmxt8.cloudfront.net\/4\/2022\/10\/Cez-Strazovske-vrchy-do-Cicmian_02-300x200.jpg 300w, https:\/\/d2p6e6u75xmxt8.cloudfront.net\/4\/2022\/10\/Cez-Strazovske-vrchy-do-Cicmian_02-768x512.jpg 768w, https:\/\/d2p6e6u75xmxt8.cloudfront.net\/4\/2022\/10\/Cez-Strazovske-vrchy-do-Cicmian_02-272x182.jpg 272w\" sizes=\"auto, (max-width: 990px) 100vw, 990px\" \/><\/a>\n\t\t\t<\/div><\/figure>\n\t\t<\/div>\n\n<p>Prv\u00e1 polovica cesty je po asfaltovom povrchu a\u00a0spo\u010diatku je to len pr\u00edjemn\u00e9 st\u00fapanie, tak\u00e9 na zahriatie tela. Cestou m\u00ed\u0148am studni\u010dku aj senn\u00edk a\u00a0cel\u00fd \u010das m\u00e1m po \u013eavej strane zur\u010diaci potok.<\/p>\n<div id='gallery-2' class='gallery galleryid-15954 gallery-columns-2 gallery-size-full'><figure class='gallery-item'>\n\t\t\t<div class='gallery-icon landscape'>\n\t\t\t\t<a href='https:\/\/d2p6e6u75xmxt8.cloudfront.net\/4\/2022\/10\/Cez-Strazovske-vrchy-do-Cicmian_03-2.jpg'><img loading=\"lazy\" decoding=\"async\" width=\"990\" height=\"660\" src=\"https:\/\/d2p6e6u75xmxt8.cloudfront.net\/4\/2022\/10\/Cez-Strazovske-vrchy-do-Cicmian_03-2.jpg\" class=\"attachment-full size-full\" alt=\"\" srcset=\"https:\/\/d2p6e6u75xmxt8.cloudfront.net\/4\/2022\/10\/Cez-Strazovske-vrchy-do-Cicmian_03-2.jpg 990w, https:\/\/d2p6e6u75xmxt8.cloudfront.net\/4\/2022\/10\/Cez-Strazovske-vrchy-do-Cicmian_03-2-300x200.jpg 300w, https:\/\/d2p6e6u75xmxt8.cloudfront.net\/4\/2022\/10\/Cez-Strazovske-vrchy-do-Cicmian_03-2-768x512.jpg 768w, https:\/\/d2p6e6u75xmxt8.cloudfront.net\/4\/2022\/10\/Cez-Strazovske-vrchy-do-Cicmian_03-2-272x182.jpg 272w\" sizes=\"auto, (max-width: 990px) 100vw, 990px\" \/><\/a>\n\t\t\t<\/div><\/figure><figure class='gallery-item'>\n\t\t\t<div class='gallery-icon landscape'>\n\t\t\t\t<a href='https:\/\/d2p6e6u75xmxt8.cloudfront.net\/4\/2022\/10\/Cez-Strazovske-vrchy-do-Cicmian_04-2.jpg'><img loading=\"lazy\" decoding=\"async\" width=\"990\" height=\"660\" src=\"https:\/\/d2p6e6u75xmxt8.cloudfront.net\/4\/2022\/10\/Cez-Strazovske-vrchy-do-Cicmian_04-2.jpg\" class=\"attachment-full size-full\" alt=\"\" srcset=\"https:\/\/d2p6e6u75xmxt8.cloudfront.net\/4\/2022\/10\/Cez-Strazovske-vrchy-do-Cicmian_04-2.jpg 990w, https:\/\/d2p6e6u75xmxt8.cloudfront.net\/4\/2022\/10\/Cez-Strazovske-vrchy-do-Cicmian_04-2-300x200.jpg 300w, https:\/\/d2p6e6u75xmxt8.cloudfront.net\/4\/2022\/10\/Cez-Strazovske-vrchy-do-Cicmian_04-2-768x512.jpg 768w, https:\/\/d2p6e6u75xmxt8.cloudfront.net\/4\/2022\/10\/Cez-Strazovske-vrchy-do-Cicmian_04-2-272x182.jpg 272w\" sizes=\"auto, (max-width: 990px) 100vw, 990px\" \/><\/a>\n\t\t\t<\/div><\/figure>\n\t\t<\/div>\n\n<h2><strong>Prv\u00e9 st\u00fapanie<\/strong><\/h2>\n<p>Pri prvom rozcestn\u00edku pokra\u010dujem na \u010ci\u010dermansk\u00e9 sedlo a\u00a0tu u\u017e za\u010d\u00edna trochu n\u00e1ro\u010dnej\u0161ie st\u00fapanie v\u00a0d\u013a\u017eke \u0161tyri kilometre a\u017e do sedla, ale nie je to ni\u010d, \u010do by sa nedalo zvl\u00e1dnu\u0165. Ke\u010f som sem i\u0161iel prv\u00fdkr\u00e1t, tak som v\u00a0sedle trochu v\u00e1hal, ktorou cestou sa pusti\u0165 do \u010ci\u010dmian. <strong>Ale je to jednoduch\u00e9, sta\u010d\u00ed odbo\u010di\u0165 na lesn\u00fa cesti\u010dku vpravo.<\/strong> Keby ste pokra\u010dovali rovno, dostanete sa do dediny G\u00e1pel, kde sa okru\u017enou jazdou cez \u010cavoj a\u00a0Chvojnicu viete dosta\u0165 nasp\u00e4\u0165 do Tu\u017einy.<\/p>\n<div id='gallery-3' class='gallery galleryid-15954 gallery-columns-2 gallery-size-full'><figure class='gallery-item'>\n\t\t\t<div class='gallery-icon landscape'>\n\t\t\t\t<a href='https:\/\/d2p6e6u75xmxt8.cloudfront.net\/4\/2022\/10\/Cez-Strazovske-vrchy-do-Cicmian_05-1.jpg'><img loading=\"lazy\" decoding=\"async\" width=\"990\" height=\"660\" src=\"https:\/\/d2p6e6u75xmxt8.cloudfront.net\/4\/2022\/10\/Cez-Strazovske-vrchy-do-Cicmian_05-1.jpg\" class=\"attachment-full size-full\" alt=\"\" srcset=\"https:\/\/d2p6e6u75xmxt8.cloudfront.net\/4\/2022\/10\/Cez-Strazovske-vrchy-do-Cicmian_05-1.jpg 990w, https:\/\/d2p6e6u75xmxt8.cloudfront.net\/4\/2022\/10\/Cez-Strazovske-vrchy-do-Cicmian_05-1-300x200.jpg 300w, https:\/\/d2p6e6u75xmxt8.cloudfront.net\/4\/2022\/10\/Cez-Strazovske-vrchy-do-Cicmian_05-1-768x512.jpg 768w, https:\/\/d2p6e6u75xmxt8.cloudfront.net\/4\/2022\/10\/Cez-Strazovske-vrchy-do-Cicmian_05-1-272x182.jpg 272w\" sizes=\"auto, (max-width: 990px) 100vw, 990px\" \/><\/a>\n\t\t\t<\/div><\/figure><figure class='gallery-item'>\n\t\t\t<div class='gallery-icon landscape'>\n\t\t\t\t<a href='https:\/\/d2p6e6u75xmxt8.cloudfront.net\/4\/2022\/10\/Cez-Strazovske-vrchy-do-Cicmian_06-1.jpg'><img loading=\"lazy\" decoding=\"async\" width=\"990\" height=\"660\" src=\"https:\/\/d2p6e6u75xmxt8.cloudfront.net\/4\/2022\/10\/Cez-Strazovske-vrchy-do-Cicmian_06-1.jpg\" class=\"attachment-full size-full\" alt=\"\" srcset=\"https:\/\/d2p6e6u75xmxt8.cloudfront.net\/4\/2022\/10\/Cez-Strazovske-vrchy-do-Cicmian_06-1.jpg 990w, https:\/\/d2p6e6u75xmxt8.cloudfront.net\/4\/2022\/10\/Cez-Strazovske-vrchy-do-Cicmian_06-1-300x200.jpg 300w, https:\/\/d2p6e6u75xmxt8.cloudfront.net\/4\/2022\/10\/Cez-Strazovske-vrchy-do-Cicmian_06-1-768x512.jpg 768w, https:\/\/d2p6e6u75xmxt8.cloudfront.net\/4\/2022\/10\/Cez-Strazovske-vrchy-do-Cicmian_06-1-272x182.jpg 272w\" sizes=\"auto, (max-width: 990px) 100vw, 990px\" \/><\/a>\n\t\t\t<\/div><\/figure>\n\t\t<\/div>\n\n<h2><strong>Rozmo\u010den\u00e1 cesta pokryt\u00e1 l\u00edst\u00edm<\/strong><\/h2>\n<p>Ja som sa v\u0161ak pustil do \u010ci\u010dmian. <strong>Lesn\u00e1 cesta bola pokryt\u00e1 l\u00edst\u00edm a\u00a0cel\u00e1 rozmo\u010den\u00e1 po v\u010deraj\u0161om da\u017edi.<\/strong> Bolo potrebn\u00e9 d\u00e1va\u0165 pozor nielen na skryt\u00e9 kalu\u017ee, ale l\u00edstie ukrylo aj v\u0161etky zradn\u00e9 kamene, tak\u017ee musel som \u00eds\u0165 opatrne.<\/p>\n<div id='gallery-4' class='gallery galleryid-15954 gallery-columns-2 gallery-size-full'><figure class='gallery-item'>\n\t\t\t<div class='gallery-icon landscape'>\n\t\t\t\t<a href='https:\/\/d2p6e6u75xmxt8.cloudfront.net\/4\/2022\/10\/Cez-Strazovske-vrchy-do-Cicmian_07.jpg'><img loading=\"lazy\" decoding=\"async\" width=\"990\" height=\"660\" src=\"https:\/\/d2p6e6u75xmxt8.cloudfront.net\/4\/2022\/10\/Cez-Strazovske-vrchy-do-Cicmian_07.jpg\" class=\"attachment-full size-full\" alt=\"\" srcset=\"https:\/\/d2p6e6u75xmxt8.cloudfront.net\/4\/2022\/10\/Cez-Strazovske-vrchy-do-Cicmian_07.jpg 990w, https:\/\/d2p6e6u75xmxt8.cloudfront.net\/4\/2022\/10\/Cez-Strazovske-vrchy-do-Cicmian_07-300x200.jpg 300w, https:\/\/d2p6e6u75xmxt8.cloudfront.net\/4\/2022\/10\/Cez-Strazovske-vrchy-do-Cicmian_07-768x512.jpg 768w, https:\/\/d2p6e6u75xmxt8.cloudfront.net\/4\/2022\/10\/Cez-Strazovske-vrchy-do-Cicmian_07-272x182.jpg 272w\" sizes=\"auto, (max-width: 990px) 100vw, 990px\" \/><\/a>\n\t\t\t<\/div><\/figure><figure class='gallery-item'>\n\t\t\t<div class='gallery-icon landscape'>\n\t\t\t\t<a href='https:\/\/d2p6e6u75xmxt8.cloudfront.net\/4\/2022\/10\/Cez-Strazovske-vrchy-do-Cicmian_08-scaled.jpg'><img loading=\"lazy\" decoding=\"async\" width=\"2560\" height=\"1920\" src=\"https:\/\/d2p6e6u75xmxt8.cloudfront.net\/4\/2022\/10\/Cez-Strazovske-vrchy-do-Cicmian_08-scaled.jpg\" class=\"attachment-full size-full\" alt=\"\" srcset=\"https:\/\/d2p6e6u75xmxt8.cloudfront.net\/4\/2022\/10\/Cez-Strazovske-vrchy-do-Cicmian_08-scaled.jpg 2560w, https:\/\/d2p6e6u75xmxt8.cloudfront.net\/4\/2022\/10\/Cez-Strazovske-vrchy-do-Cicmian_08-300x225.jpg 300w, https:\/\/d2p6e6u75xmxt8.cloudfront.net\/4\/2022\/10\/Cez-Strazovske-vrchy-do-Cicmian_08-1024x768.jpg 1024w, https:\/\/d2p6e6u75xmxt8.cloudfront.net\/4\/2022\/10\/Cez-Strazovske-vrchy-do-Cicmian_08-768x576.jpg 768w, https:\/\/d2p6e6u75xmxt8.cloudfront.net\/4\/2022\/10\/Cez-Strazovske-vrchy-do-Cicmian_08-1536x1152.jpg 1536w, https:\/\/d2p6e6u75xmxt8.cloudfront.net\/4\/2022\/10\/Cez-Strazovske-vrchy-do-Cicmian_08-2048x1536.jpg 2048w, https:\/\/d2p6e6u75xmxt8.cloudfront.net\/4\/2022\/10\/Cez-Strazovske-vrchy-do-Cicmian_08-1920x1440.jpg 1920w, https:\/\/d2p6e6u75xmxt8.cloudfront.net\/4\/2022\/10\/Cez-Strazovske-vrchy-do-Cicmian_08-1920x1440.jpg 1920w\" sizes=\"auto, (max-width: 2560px) 100vw, 2560px\" \/><\/a>\n\t\t\t<\/div><\/figure>\n\t\t<\/div>\n\n<p>\u010coskoro som sa dostal na kr\u00e1snu l\u00faku s\u00a0v\u00fdh\u013eadmi na okolit\u00e9 Str\u00e1\u017eovsk\u00e9 vrchy. V\u00a0dia\u013eke u\u017e bolo vidie\u0165 lipy, pod ktor\u00fdmi je kr\u00ed\u017e a\u00a0lavi\u010dka. Tam si v\u017edy r\u00e1d nachv\u00ed\u013eu odd\u00fdchnem a\u00a0pokoch\u00e1m sa v\u00fdh\u013eadmi.<\/p>\n<div id='gallery-5' class='gallery galleryid-15954 gallery-columns-2 gallery-size-full'><figure class='gallery-item'>\n\t\t\t<div class='gallery-icon landscape'>\n\t\t\t\t<a href='https:\/\/d2p6e6u75xmxt8.cloudfront.net\/4\/2022\/10\/Cez-Strazovske-vrchy-do-Cicmian_09.jpg'><img loading=\"lazy\" decoding=\"async\" width=\"990\" height=\"660\" src=\"https:\/\/d2p6e6u75xmxt8.cloudfront.net\/4\/2022\/10\/Cez-Strazovske-vrchy-do-Cicmian_09.jpg\" class=\"attachment-full size-full\" alt=\"\" srcset=\"https:\/\/d2p6e6u75xmxt8.cloudfront.net\/4\/2022\/10\/Cez-Strazovske-vrchy-do-Cicmian_09.jpg 990w, https:\/\/d2p6e6u75xmxt8.cloudfront.net\/4\/2022\/10\/Cez-Strazovske-vrchy-do-Cicmian_09-300x200.jpg 300w, https:\/\/d2p6e6u75xmxt8.cloudfront.net\/4\/2022\/10\/Cez-Strazovske-vrchy-do-Cicmian_09-768x512.jpg 768w, https:\/\/d2p6e6u75xmxt8.cloudfront.net\/4\/2022\/10\/Cez-Strazovske-vrchy-do-Cicmian_09-272x182.jpg 272w\" sizes=\"auto, (max-width: 990px) 100vw, 990px\" \/><\/a>\n\t\t\t<\/div><\/figure><figure class='gallery-item'>\n\t\t\t<div class='gallery-icon landscape'>\n\t\t\t\t<a href='https:\/\/d2p6e6u75xmxt8.cloudfront.net\/4\/2022\/10\/Cez-Strazovske-vrchy-do-Cicmian_10.jpg'><img loading=\"lazy\" decoding=\"async\" width=\"990\" height=\"660\" src=\"https:\/\/d2p6e6u75xmxt8.cloudfront.net\/4\/2022\/10\/Cez-Strazovske-vrchy-do-Cicmian_10.jpg\" class=\"attachment-full size-full\" alt=\"\" srcset=\"https:\/\/d2p6e6u75xmxt8.cloudfront.net\/4\/2022\/10\/Cez-Strazovske-vrchy-do-Cicmian_10.jpg 990w, https:\/\/d2p6e6u75xmxt8.cloudfront.net\/4\/2022\/10\/Cez-Strazovske-vrchy-do-Cicmian_10-300x200.jpg 300w, https:\/\/d2p6e6u75xmxt8.cloudfront.net\/4\/2022\/10\/Cez-Strazovske-vrchy-do-Cicmian_10-768x512.jpg 768w, https:\/\/d2p6e6u75xmxt8.cloudfront.net\/4\/2022\/10\/Cez-Strazovske-vrchy-do-Cicmian_10-272x182.jpg 272w\" sizes=\"auto, (max-width: 990px) 100vw, 990px\" \/><\/a>\n\t\t\t<\/div><\/figure>\n\t\t<\/div>\n\n<h2><strong>Zjazd do \u010ci\u010dmian<\/strong><\/h2>\n<p>Odtadeto je to u\u017e len dlh\u00fd zjazd dolu kopcom do \u010ci\u010dmian. <strong>I\u0161iel som ved\u013ea ly\u017eiarskeho vleku a\u00a0za chv\u00ed\u013eu som bol v\u00a0tej \u010darovnej dedinke s\u00a0ma\u013eovan\u00fdmi domami.<\/strong> Tu si d\u00e1vam tradi\u010dne k\u00e1vu a\u00a0v\u00a0lete nepohrdnem ani dobr\u00fdm poh\u00e1rom piva.<\/p>\n<div class=\"shortcode-ys-post-pinup\"><article class=\"loop-simple post-13178 post type-post status-publish format-standard has-post-thumbnail hentry category-odporucame tag-banska-stiavnica tag-horska-cyklistika tag-motivacia tag-odporucame tag-slovensko tag-tip-na-vylet tag-vylet global-categories-cycling\" data-postid=\"13178\" role=\"article\" data-post-id=\"13178\" data-word-count=\"363\" data-headline-length=\"49\" data-category=\"Odpor\u00fa\u010dame\" data-global-category=\"Cycling\" data-author=\"Radovan Vr\u0161ka\" data-published=\"2021-10-20T10:00:17+02:00\" data-published-day=\"Wednesday\">\n    <div class=\"entry-thumbnail article-thumbnail\" content=\"https:\/\/d2p6e6u75xmxt8.cloudfront.net\/4\/2021\/10\/Tajchy_00.JPG-150x150.webp\"><a href=\"https:\/\/www.welovecycling.com\/sk\/2021\/10\/20\/tip-na-vylet-banska-stiavnica\/\" class=\"image-holder\" target=\"_self\"><img decoding=\"async\" loading=\"lazy\" class=\"\" src=\"https:\/\/d2p6e6u75xmxt8.cloudfront.net\/4\/2021\/10\/Tajchy_00.JPG-1024x445.webp\" srcset=\"https:\/\/d2p6e6u75xmxt8.cloudfront.net\/4\/2021\/10\/Tajchy_00.JPG.webp 1380w, https:\/\/d2p6e6u75xmxt8.cloudfront.net\/4\/2021\/10\/Tajchy_00.JPG-300x130.webp 300w, https:\/\/d2p6e6u75xmxt8.cloudfront.net\/4\/2021\/10\/Tajchy_00.JPG-1024x445.webp 1024w, https:\/\/d2p6e6u75xmxt8.cloudfront.net\/4\/2021\/10\/Tajchy_00.JPG-768x334.webp 768w\" width=\"1024\" height=\"445\" sizes=\"auto, (min-width: 1200px) 460px, (min-width: 768px) 38vw, 100vw\" alt=\"tip-na-vylet-banska-stiavnica\"\/><\/a><\/div>    <div class=\"entry-meta\">\n        <a class=\"label label-secondary post-category\" href=\"https:\/\/www.welovecycling.com\/sk\/category\/odporucame\/\" title=\"Odpor\u00fa\u010dame\">Odpor\u00fa\u010dame<\/a>\n    <\/div>\n    <div class=\"entry-details\">\n        <a href=\"https:\/\/www.welovecycling.com\/sk\/2021\/10\/20\/tip-na-vylet-banska-stiavnica\/\" class='entry-title-wrapper'>\n            <h3 class=\"entry-title\"><span>Tip na v\u00fdlet: Bansk\u00e1 \u0160tiavnica, bajky a tajchy<\/span><\/h3>\n        <\/a>\n    <\/div>\n    <\/article>\n<\/div>\n<div id='gallery-6' class='gallery galleryid-13178 gallery-columns-2 gallery-size-full'><figure class='gallery-item'>\n\t\t\t<div class='gallery-icon landscape'>\n\t\t\t\t<a href='https:\/\/d2p6e6u75xmxt8.cloudfront.net\/4\/2022\/10\/Cez-Strazovske-vrchy-do-Cicmian_11.jpg'><img loading=\"lazy\" decoding=\"async\" width=\"990\" height=\"660\" src=\"https:\/\/d2p6e6u75xmxt8.cloudfront.net\/4\/2022\/10\/Cez-Strazovske-vrchy-do-Cicmian_11.jpg\" class=\"attachment-full size-full\" alt=\"\" srcset=\"https:\/\/d2p6e6u75xmxt8.cloudfront.net\/4\/2022\/10\/Cez-Strazovske-vrchy-do-Cicmian_11.jpg 990w, https:\/\/d2p6e6u75xmxt8.cloudfront.net\/4\/2022\/10\/Cez-Strazovske-vrchy-do-Cicmian_11-300x200.jpg 300w, https:\/\/d2p6e6u75xmxt8.cloudfront.net\/4\/2022\/10\/Cez-Strazovske-vrchy-do-Cicmian_11-768x512.jpg 768w, https:\/\/d2p6e6u75xmxt8.cloudfront.net\/4\/2022\/10\/Cez-Strazovske-vrchy-do-Cicmian_11-272x182.jpg 272w\" sizes=\"auto, (max-width: 990px) 100vw, 990px\" \/><\/a>\n\t\t\t<\/div><\/figure><figure class='gallery-item'>\n\t\t\t<div class='gallery-icon landscape'>\n\t\t\t\t<a href='https:\/\/d2p6e6u75xmxt8.cloudfront.net\/4\/2022\/10\/Cez-Strazovske-vrchy-do-Cicmian_12.jpg'><img loading=\"lazy\" decoding=\"async\" width=\"990\" height=\"660\" src=\"https:\/\/d2p6e6u75xmxt8.cloudfront.net\/4\/2022\/10\/Cez-Strazovske-vrchy-do-Cicmian_12.jpg\" class=\"attachment-full size-full\" alt=\"\" srcset=\"https:\/\/d2p6e6u75xmxt8.cloudfront.net\/4\/2022\/10\/Cez-Strazovske-vrchy-do-Cicmian_12.jpg 990w, https:\/\/d2p6e6u75xmxt8.cloudfront.net\/4\/2022\/10\/Cez-Strazovske-vrchy-do-Cicmian_12-300x200.jpg 300w, https:\/\/d2p6e6u75xmxt8.cloudfront.net\/4\/2022\/10\/Cez-Strazovske-vrchy-do-Cicmian_12-768x512.jpg 768w, https:\/\/d2p6e6u75xmxt8.cloudfront.net\/4\/2022\/10\/Cez-Strazovske-vrchy-do-Cicmian_12-272x182.jpg 272w\" sizes=\"auto, (max-width: 990px) 100vw, 990px\" \/><\/a>\n\t\t\t<\/div><\/figure>\n\t\t<\/div>\n\n<h2><strong>Domov so z\u00e1padom slnka<\/strong><\/h2>\n<p>Vraciam sa odkia\u013e som pri\u0161iel, ale z\u00a0\u010ci\u010dmian sa d\u00e1 pokra\u010dova\u0165 aj na Zliechov a\u00a0Nitrianske Rudno, ale ke\u010f\u017ee slnko tu u\u017e zapadlo za vysok\u00e9 hory, nie je \u010dasu na dlh\u0161ie trasy. \u010cak\u00e1 ma prudk\u00e9 st\u00fapanie sp\u00e4\u0165 popod zjazdovku a\u00a0ke\u010f\u017ee kamenist\u00fd povrch je vlhk\u00fd a\u00a0st\u00fapanie prudk\u00e9, mus\u00edm bicykel tla\u010di\u0165. \u010ealej to u\u017e ide r\u00fdchlo a\u00a0\u010dak\u00e1 ma dlh\u00fd zjazd nasp\u00e4\u0165 do Tu\u017einy. Celkovo prejdete pribli\u017ene 30 km a nast\u00fapate 600 v\u00fd\u0161kov\u00fdch metrov. M\u00e1m r\u00e1d t\u00fato trasu a\u00a0na krat\u0161\u00ed jesenn\u00fd v\u00fdjazd je ako stvoren\u00e1, preto\u017ee <strong>cel\u00fd \u010das idete lesom a\u00a0m\u00f4\u017eete obdivova\u0165 kr\u00e1sy jesennej pr\u00edrody<\/strong>. <\/p>\n","protected":false},"excerpt":{"rendered":"<p>Po\u010das jesenn\u00fdch dn\u00ed je \u0165a\u017eko si nie\u010do pl\u00e1nova\u0165, preto\u017ee po\u010dasie v\u00e1m va\u0161e pl\u00e1ny prekaz\u00ed ve\u013emi r\u00fdchlo. Podobne to vyzeralo aj [&hellip;]<\/p>\n","protected":false},"author":170,"featured_media":15981,"comment_status":"open","ping_status":"open","sticky":false,"template":"","format":"standard","meta":{"footnotes":""},"categories":[191],"tags":[1555,180,286,523,1139,1540,741],"global-categories":[1074],"class_list":["post-15954","post","type-post","status-publish","format-standard","has-post-thumbnail","hentry","category-odporucame","tag-cicmany","tag-horska-cyklistika","tag-jesen","tag-slovensko","tag-strazovske-vrchy","tag-tip","tag-tip-na-vylet","global-categories-cycling"],"yoast_head":"<!-- This site is optimized with the Yoast SEO Premium plugin v25.3 (Yoast SEO v25.9) - https:\/\/yoast.com\/wordpress\/plugins\/seo\/ -->\n<title>Tip na v\u00fdlet - Cez Str\u00e1\u017eovsk\u00e9 vrchy do \u010ci\u010dmian - \u0160koda We Love Cycling Slovensko<\/title>\n<meta name=\"description\" content=\"V nede\u013eu na obed za\u010dalo svieti\u0165 slnko a\u00a0okolo obeda u\u017e boli cesty such\u00e9, tak som sa rozhodol vyda\u0165 cez Str\u00e1\u017eovsk\u00e9 vrchy do \u010ci\u010dmian.\" \/>\n<meta name=\"robots\" content=\"index, follow, max-snippet:-1, max-image-preview:large, max-video-preview:-1\" \/>\n<link rel=\"canonical\" href=\"https:\/\/www.welovecycling.com\/sk\/2022\/10\/28\/tip-na-vylet-cez-strazovske-vrchy-do-cicmian\/\" \/>\n<meta property=\"og:locale\" content=\"sk_SK\" \/>\n<meta property=\"og:type\" content=\"article\" \/>\n<meta property=\"og:title\" content=\"Tip na v\u00fdlet - Cez Str\u00e1\u017eovsk\u00e9 vrchy do \u010ci\u010dmian\" \/>\n<meta property=\"og:description\" content=\"V nede\u013eu na obed za\u010dalo svieti\u0165 slnko a\u00a0okolo obeda u\u017e boli cesty such\u00e9, tak som sa rozhodol vyda\u0165 cez Str\u00e1\u017eovsk\u00e9 vrchy do \u010ci\u010dmian.\" \/>\n<meta property=\"og:url\" content=\"https:\/\/www.welovecycling.com\/sk\/2022\/10\/28\/tip-na-vylet-cez-strazovske-vrchy-do-cicmian\/\" \/>\n<meta property=\"og:site_name\" content=\"\u0160koda We Love Cycling Slovensko\" \/>\n<meta property=\"article:published_time\" content=\"2022-10-28T07:00:35+00:00\" \/>\n<meta property=\"og:image\" content=\"https:\/\/d2p6e6u75xmxt8.cloudfront.net\/4\/2022\/10\/Cicmany_00.jpg\" \/>\n\t<meta property=\"og:image:width\" content=\"990\" \/>\n\t<meta property=\"og:image:height\" content=\"660\" \/>\n\t<meta property=\"og:image:type\" content=\"image\/jpeg\" \/>\n<meta name=\"author\" content=\"miksakova\" \/>\n<meta name=\"twitter:card\" content=\"summary_large_image\" \/>\n<meta name=\"twitter:label1\" content=\"Written by\" \/>\n\t<meta name=\"twitter:data1\" content=\"Radovan Vr\u0161ka\" \/>\n\t<meta name=\"twitter:label2\" content=\"Est. reading time\" \/>\n\t<meta name=\"twitter:data2\" content=\"5\" \/>\n<script type=\"application\/ld+json\" class=\"yoast-schema-graph\">{\"@context\":\"https:\/\/schema.org\",\"@graph\":[{\"@type\":\"WebPage\",\"@id\":\"https:\/\/www.welovecycling.com\/sk\/2022\/10\/28\/tip-na-vylet-cez-strazovske-vrchy-do-cicmian\/\",\"url\":\"https:\/\/www.welovecycling.com\/sk\/2022\/10\/28\/tip-na-vylet-cez-strazovske-vrchy-do-cicmian\/\",\"name\":\"Tip na v\u00fdlet - Cez Str\u00e1\u017eovsk\u00e9 vrchy do \u010ci\u010dmian - \u0160koda We Love Cycling Slovensko\",\"isPartOf\":{\"@id\":\"https:\/\/www.welovecycling.com\/sk\/#website\"},\"primaryImageOfPage\":{\"@id\":\"https:\/\/www.welovecycling.com\/sk\/2022\/10\/28\/tip-na-vylet-cez-strazovske-vrchy-do-cicmian\/#primaryimage\"},\"image\":{\"@id\":\"https:\/\/www.welovecycling.com\/sk\/2022\/10\/28\/tip-na-vylet-cez-strazovske-vrchy-do-cicmian\/#primaryimage\"},\"thumbnailUrl\":\"https:\/\/d2p6e6u75xmxt8.cloudfront.net\/4\/2022\/10\/Cicmany_00.jpg\",\"datePublished\":\"2022-10-28T07:00:35+00:00\",\"author\":{\"@id\":\"https:\/\/www.welovecycling.com\/sk\/#\/schema\/person\/c6ce5af9dceed219d84a07d2ffa2cad9\"},\"description\":\"V nede\u013eu na obed za\u010dalo svieti\u0165 slnko a\u00a0okolo obeda u\u017e boli cesty such\u00e9, tak som sa rozhodol vyda\u0165 cez Str\u00e1\u017eovsk\u00e9 vrchy do \u010ci\u010dmian.\",\"breadcrumb\":{\"@id\":\"https:\/\/www.welovecycling.com\/sk\/2022\/10\/28\/tip-na-vylet-cez-strazovske-vrchy-do-cicmian\/#breadcrumb\"},\"inLanguage\":\"sk-SK\",\"potentialAction\":[{\"@type\":\"ReadAction\",\"target\":[\"https:\/\/www.welovecycling.com\/sk\/2022\/10\/28\/tip-na-vylet-cez-strazovske-vrchy-do-cicmian\/\"]}]},{\"@type\":\"ImageObject\",\"inLanguage\":\"sk-SK\",\"@id\":\"https:\/\/www.welovecycling.com\/sk\/2022\/10\/28\/tip-na-vylet-cez-strazovske-vrchy-do-cicmian\/#primaryimage\",\"url\":\"https:\/\/d2p6e6u75xmxt8.cloudfront.net\/4\/2022\/10\/Cicmany_00.jpg\",\"contentUrl\":\"https:\/\/d2p6e6u75xmxt8.cloudfront.net\/4\/2022\/10\/Cicmany_00.jpg\",\"width\":990,\"height\":660},{\"@type\":\"BreadcrumbList\",\"@id\":\"https:\/\/www.welovecycling.com\/sk\/2022\/10\/28\/tip-na-vylet-cez-strazovske-vrchy-do-cicmian\/#breadcrumb\",\"itemListElement\":[{\"@type\":\"ListItem\",\"position\":1,\"name\":\"Home\",\"item\":\"https:\/\/www.welovecycling.com\/sk\/\"},{\"@type\":\"ListItem\",\"position\":2,\"name\":\"Tip na v\u00fdlet &#8211; Cez Str\u00e1\u017eovsk\u00e9 vrchy do \u010ci\u010dmian\"}]},{\"@type\":\"WebSite\",\"@id\":\"https:\/\/www.welovecycling.com\/sk\/#website\",\"url\":\"https:\/\/www.welovecycling.com\/sk\/\",\"name\":\"\u0160koda We Love Cycling Slovensko\",\"description\":\"\u0160koda We Love Cycling Slovensko je v\u00e1\u0161 ka\u017edodenn\u00fd zdroj noviniek a in\u0161pir\u00e1cie z sveta cyklistiky\",\"potentialAction\":[{\"@type\":\"SearchAction\",\"target\":{\"@type\":\"EntryPoint\",\"urlTemplate\":\"https:\/\/www.welovecycling.com\/sk\/?s={search_term_string}\"},\"query-input\":{\"@type\":\"PropertyValueSpecification\",\"valueRequired\":true,\"valueName\":\"search_term_string\"}}],\"inLanguage\":\"sk-SK\"},{\"@type\":\"Person\",\"@id\":\"https:\/\/www.welovecycling.com\/sk\/#\/schema\/person\/c6ce5af9dceed219d84a07d2ffa2cad9\",\"name\":\"miksakova\",\"image\":{\"@type\":\"ImageObject\",\"inLanguage\":\"sk-SK\",\"@id\":\"https:\/\/www.welovecycling.com\/sk\/#\/schema\/person\/image\/\",\"url\":\"https:\/\/secure.gravatar.com\/avatar\/3663fb8acb50de04150ea6f7afc1bc15aba80aad4bf92aee01bd38a79084eb7a?s=96&d=mm&r=g\",\"contentUrl\":\"https:\/\/secure.gravatar.com\/avatar\/3663fb8acb50de04150ea6f7afc1bc15aba80aad4bf92aee01bd38a79084eb7a?s=96&d=mm&r=g\",\"caption\":\"miksakova\"},\"url\":\"https:\/\/www.welovecycling.com\/sk\/author\/miksakova\/\"}]}<\/script>\n<!-- \/ Yoast SEO Premium plugin. -->","yoast_head_json":{"title":"Tip na v\u00fdlet - Cez Str\u00e1\u017eovsk\u00e9 vrchy do \u010ci\u010dmian - \u0160koda We Love Cycling Slovensko","description":"V nede\u013eu na obed za\u010dalo svieti\u0165 slnko a\u00a0okolo obeda u\u017e boli cesty such\u00e9, tak som sa rozhodol vyda\u0165 cez Str\u00e1\u017eovsk\u00e9 vrchy do \u010ci\u010dmian.","robots":{"index":"index","follow":"follow","max-snippet":"max-snippet:-1","max-image-preview":"max-image-preview:large","max-video-preview":"max-video-preview:-1"},"canonical":"https:\/\/www.welovecycling.com\/sk\/2022\/10\/28\/tip-na-vylet-cez-strazovske-vrchy-do-cicmian\/","og_locale":"sk_SK","og_type":"article","og_title":"Tip na v\u00fdlet - Cez Str\u00e1\u017eovsk\u00e9 vrchy do \u010ci\u010dmian","og_description":"V nede\u013eu na obed za\u010dalo svieti\u0165 slnko a\u00a0okolo obeda u\u017e boli cesty such\u00e9, tak som sa rozhodol vyda\u0165 cez Str\u00e1\u017eovsk\u00e9 vrchy do \u010ci\u010dmian.","og_url":"https:\/\/www.welovecycling.com\/sk\/2022\/10\/28\/tip-na-vylet-cez-strazovske-vrchy-do-cicmian\/","og_site_name":"\u0160koda We Love Cycling Slovensko","article_published_time":"2022-10-28T07:00:35+00:00","og_image":[{"width":990,"height":660,"url":"https:\/\/d2p6e6u75xmxt8.cloudfront.net\/4\/2022\/10\/Cicmany_00.jpg","type":"image\/jpeg"}],"author":"miksakova","twitter_card":"summary_large_image","twitter_misc":{"Written by":"Radovan Vr\u0161ka","Est. reading time":"5"},"schema":{"@context":"https:\/\/schema.org","@graph":[{"@type":"WebPage","@id":"https:\/\/www.welovecycling.com\/sk\/2022\/10\/28\/tip-na-vylet-cez-strazovske-vrchy-do-cicmian\/","url":"https:\/\/www.welovecycling.com\/sk\/2022\/10\/28\/tip-na-vylet-cez-strazovske-vrchy-do-cicmian\/","name":"Tip na v\u00fdlet - Cez Str\u00e1\u017eovsk\u00e9 vrchy do \u010ci\u010dmian - \u0160koda We Love Cycling Slovensko","isPartOf":{"@id":"https:\/\/www.welovecycling.com\/sk\/#website"},"primaryImageOfPage":{"@id":"https:\/\/www.welovecycling.com\/sk\/2022\/10\/28\/tip-na-vylet-cez-strazovske-vrchy-do-cicmian\/#primaryimage"},"image":{"@id":"https:\/\/www.welovecycling.com\/sk\/2022\/10\/28\/tip-na-vylet-cez-strazovske-vrchy-do-cicmian\/#primaryimage"},"thumbnailUrl":"https:\/\/d2p6e6u75xmxt8.cloudfront.net\/4\/2022\/10\/Cicmany_00.jpg","datePublished":"2022-10-28T07:00:35+00:00","author":{"@id":"https:\/\/www.welovecycling.com\/sk\/#\/schema\/person\/c6ce5af9dceed219d84a07d2ffa2cad9"},"description":"V nede\u013eu na obed za\u010dalo svieti\u0165 slnko a\u00a0okolo obeda u\u017e boli cesty such\u00e9, tak som sa rozhodol vyda\u0165 cez Str\u00e1\u017eovsk\u00e9 vrchy do \u010ci\u010dmian.","breadcrumb":{"@id":"https:\/\/www.welovecycling.com\/sk\/2022\/10\/28\/tip-na-vylet-cez-strazovske-vrchy-do-cicmian\/#breadcrumb"},"inLanguage":"sk-SK","potentialAction":[{"@type":"ReadAction","target":["https:\/\/www.welovecycling.com\/sk\/2022\/10\/28\/tip-na-vylet-cez-strazovske-vrchy-do-cicmian\/"]}]},{"@type":"ImageObject","inLanguage":"sk-SK","@id":"https:\/\/www.welovecycling.com\/sk\/2022\/10\/28\/tip-na-vylet-cez-strazovske-vrchy-do-cicmian\/#primaryimage","url":"https:\/\/d2p6e6u75xmxt8.cloudfront.net\/4\/2022\/10\/Cicmany_00.jpg","contentUrl":"https:\/\/d2p6e6u75xmxt8.cloudfront.net\/4\/2022\/10\/Cicmany_00.jpg","width":990,"height":660},{"@type":"BreadcrumbList","@id":"https:\/\/www.welovecycling.com\/sk\/2022\/10\/28\/tip-na-vylet-cez-strazovske-vrchy-do-cicmian\/#breadcrumb","itemListElement":[{"@type":"ListItem","position":1,"name":"Home","item":"https:\/\/www.welovecycling.com\/sk\/"},{"@type":"ListItem","position":2,"name":"Tip na v\u00fdlet &#8211; Cez Str\u00e1\u017eovsk\u00e9 vrchy do \u010ci\u010dmian"}]},{"@type":"WebSite","@id":"https:\/\/www.welovecycling.com\/sk\/#website","url":"https:\/\/www.welovecycling.com\/sk\/","name":"\u0160koda We Love Cycling Slovensko","description":"\u0160koda We Love Cycling Slovensko je v\u00e1\u0161 ka\u017edodenn\u00fd zdroj noviniek a in\u0161pir\u00e1cie z sveta cyklistiky","potentialAction":[{"@type":"SearchAction","target":{"@type":"EntryPoint","urlTemplate":"https:\/\/www.welovecycling.com\/sk\/?s={search_term_string}"},"query-input":{"@type":"PropertyValueSpecification","valueRequired":true,"valueName":"search_term_string"}}],"inLanguage":"sk-SK"},{"@type":"Person","@id":"https:\/\/www.welovecycling.com\/sk\/#\/schema\/person\/c6ce5af9dceed219d84a07d2ffa2cad9","name":"miksakova","image":{"@type":"ImageObject","inLanguage":"sk-SK","@id":"https:\/\/www.welovecycling.com\/sk\/#\/schema\/person\/image\/","url":"https:\/\/secure.gravatar.com\/avatar\/3663fb8acb50de04150ea6f7afc1bc15aba80aad4bf92aee01bd38a79084eb7a?s=96&d=mm&r=g","contentUrl":"https:\/\/secure.gravatar.com\/avatar\/3663fb8acb50de04150ea6f7afc1bc15aba80aad4bf92aee01bd38a79084eb7a?s=96&d=mm&r=g","caption":"miksakova"},"url":"https:\/\/www.welovecycling.com\/sk\/author\/miksakova\/"}]}},"_links":{"self":[{"href":"https:\/\/www.welovecycling.com\/sk\/wp-json\/wp\/v2\/posts\/15954","targetHints":{"allow":["GET"]}}],"collection":[{"href":"https:\/\/www.welovecycling.com\/sk\/wp-json\/wp\/v2\/posts"}],"about":[{"href":"https:\/\/www.welovecycling.com\/sk\/wp-json\/wp\/v2\/types\/post"}],"author":[{"embeddable":true,"href":"https:\/\/www.welovecycling.com\/sk\/wp-json\/wp\/v2\/users\/170"}],"replies":[{"embeddable":true,"href":"https:\/\/www.welovecycling.com\/sk\/wp-json\/wp\/v2\/comments?post=15954"}],"version-history":[{"count":2,"href":"https:\/\/www.welovecycling.com\/sk\/wp-json\/wp\/v2\/posts\/15954\/revisions"}],"predecessor-version":[{"id":15980,"href":"https:\/\/www.welovecycling.com\/sk\/wp-json\/wp\/v2\/posts\/15954\/revisions\/15980"}],"wp:featuredmedia":[{"embeddable":true,"href":"https:\/\/www.welovecycling.com\/sk\/wp-json\/wp\/v2\/media\/15981"}],"wp:attachment":[{"href":"https:\/\/www.welovecycling.com\/sk\/wp-json\/wp\/v2\/media?parent=15954"}],"wp:term":[{"taxonomy":"category","embeddable":true,"href":"https:\/\/www.welovecycling.com\/sk\/wp-json\/wp\/v2\/categories?post=15954"},{"taxonomy":"post_tag","embeddable":true,"href":"https:\/\/www.welovecycling.com\/sk\/wp-json\/wp\/v2\/tags?post=15954"},{"taxonomy":"global-categories","embeddable":true,"href":"https:\/\/www.welovecycling.com\/sk\/wp-json\/wp\/v2\/global-categories?post=15954"}],"curies":[{"name":"wp","href":"https:\/\/api.w.org\/{rel}","templated":true}]}}