{"id":1594,"date":"2017-07-16T08:20:37","date_gmt":"2017-07-16T06:20:37","guid":{"rendered":"https:\/\/www.welovecycling.com\/sk\/?p=1594"},"modified":"2017-12-18T13:11:23","modified_gmt":"2017-12-18T12:11:23","slug":"spravne-odpovede-sutaze-tour-de-france","status":"publish","type":"post","link":"https:\/\/www.welovecycling.com\/sk\/2017\/07\/16\/spravne-odpovede-sutaze-tour-de-france\/","title":{"rendered":"Spr\u00e1vne odpovede s\u00fa\u0165a\u017ee Tour de France"},"content":{"rendered":"<p><strong>Vysk\u00fa\u0161ali ste si \u0161\u0165astn\u00fa ruku na s\u00fa\u0165a\u017ei Tour de France a teraz \u017eijete v neust\u00e1lom o\u010dak\u00e1van\u00ed, ak\u00e9 mohli by\u0165 spr\u00e1vne odpovede? U\u017e v\u00e1s na\u010falej nebudeme dr\u017ea\u0165 v nap\u00e4t\u00ed! Ni\u017e\u0161ie n\u00e1jdete zoznam v\u0161etk\u00fdch ot\u00e1zok t\u00fdkaj\u00facich sa s\u00fa\u0165a\u017ee z pr\u00edslu\u0161n\u00fdch k\u00f4l a ich spr\u00e1vne odpovede. T\u00e1to sekcia bude aktualizovan\u00e1 po zatvoren\u00ed ka\u017ed\u00e9ho kola. Tak ako sa v\u00e1m darilo?<\/strong><!--more--><\/p>\n<h2>Tretie kolo<\/h2>\n<p><strong>Ko\u013eko div\u00e1kov zvy\u010dajne nav\u0161t\u00edvi preteky Tour de France?<\/strong><\/p>\n<p>Ka\u017ed\u00fd rok sa na Tour de France pr\u00edde pozrie\u0165 viac ako 15 mili\u00f3nov \u013eud\u00ed. Tento ohromuj\u00faci po\u010det z neho rob\u00ed najv\u00e4\u010d\u0161ie \u0161portov\u00e9 podujatie na svete.<\/p>\n<p><strong>Ko\u013eko oddychov\u00fdch dn\u00ed maj\u00fa cyklisti po\u010das Tour de France?<\/strong><\/p>\n<p>Cyklisti maj\u00fa po\u010das cel\u00fdch pretekov Tour de France len 2 oddychov\u00e9 dni. Av\u0161ak aj po\u010das t\u00fdchto dn\u00ed v\u00e4\u010d\u0161ina cyklistov aspo\u0148 2 hodiny jazd\u00ed &#8211; aby vypl\u00e1chli kyselinu mlie\u010dnu a udr\u017eali sa &#8222;v z\u00f3ne&#8220;.<\/p>\n<p><strong>\u010co pre cyklistu znamen\u00e1, ke\u010f \u201c\u017euje riadidl\u00e1\u201d (chewing the handlebars)?<\/strong><\/p>\n<p>Pojem \u201c\u017euvanie riadidiel\u201d sa pou\u017e\u00edva, ke\u010f je cyklista kv\u00f4li bolestiam n\u00f4h a vy\u010derpaniu schopn\u00fd s\u00fastredi\u0165 sa len na svoje riadidl\u00e1. Tento pocit sa dostav\u00ed po\u010das dlh\u00e9ho a bolestiv\u00e9ho st\u00fapania, ke\u010f ho ovl\u00e1da boles\u0165, pozer\u00e1 sa na satelitn\u00fa navig\u00e1ciu a po\u010d\u00edta mno\u017estvo \u0161liapnut\u00ed do cie\u013ea.<\/p>\n<p><strong>Ako sa vol\u00e1 \u010cesk\u00fd paralympijsk\u00fd v\u00ed\u0165az a majster sveta, ktor\u00fd sa objavil vo videu We Love Cycling pre Tour de France 2017?<\/strong><\/p>\n<p>Ji\u0159\u00ed Je\u017eek si zahral v na\u0161om videu, ktor\u00e9 po\u010das Tour de France 2017 n\u00e1jde\u0161 na We Love Cycling. \u0160es\u0165 paralympijsk\u00fdch zlat\u00fdch medail\u00ed z neho urobilo jedn\u00e9ho z naj\u00faspe\u0161nej\u0161\u00edch cyklistov v hist\u00f3rii Paralympi\u00e1dy.<\/p>\n<p><strong>Ak\u00e1 skladba hr\u00e1 v animovanom videu Tour de France od spolo\u010dnosti \u0160koda?<\/strong><\/p>\n<p>Hlavnou t\u00e9mou animovan\u00e9ho videa spolo\u010dnosti \u0160koda o spolo\u010dnom partnerstve s Tour de France 2017 je Bicycle Race od Queen. Nap\u00edsal ju Freddie Mercury a in\u0161pir\u00e1ciou mu bola 18. etapa Tour de France v roku 1978.<\/p>\n<h2>Druh\u00e9 kolo<\/h2>\n<p><strong>\u010co sa stane s jazdcom, ktor\u00fd na posledn\u00fdch 3 kilometroch etapy spadne, dostane defekt alebo sa mu inak mechanicky po\u0161kod\u00ed bicykel?<\/strong><\/p>\n<p>Jazdcovi, ktor\u00fd spadne po\u010das posledn\u00fdch 3 kilometrov etapy je pripo\u010d\u00edtan\u00fd kone\u010dn\u00fd \u010das jazdcov, s ktor\u00fdmi bol v \u010dase nehody. Toto pravidlo sa nevz\u0165ahuje na \u010dasovky a samozrejme na pr\u00edpad, ak je cie\u013e na vrchole, preto\u017ee to by mohlo ma\u0165 za n\u00e1sledok epid\u00e9miu \u201cmechanick\u00fdch probl\u00e9mov\u201d pribli\u017ene 3 kilometre pred vrcholom.<\/p>\n<p><strong>\u010co znamen\u00e1 franc\u00fazske pr\u00edslovie \u201chors cat\u00e9gorie\u201d na Tour de France?<\/strong><\/p>\n<p>Term\u00edn \u201chors cat\u00e9gorie\u201d opisuje st\u00fapanie tak \u0165a\u017ek\u00e9, \u017ee ho nie je mo\u017en\u00e9 kategorizova\u0165. Bol p\u00f4vodne pou\u017e\u00edvan\u00fd pre horsk\u00e9 cesty, na ktor\u00fdch sa nepredpokladalo, \u017ee nimi bud\u00fa m\u00f4c\u0165 prejs\u0165 automobily. Na Tour de France sa pou\u017e\u00edva na st\u00fapania, ktor\u00e9 prekon\u00e1vaj\u00fa aj najvy\u0161\u0161iu kateg\u00f3riu st\u00fapania vo svojej d\u013a\u017eke a nadmorskej v\u00fd\u0161ke. Ako napr\u00edklad extr\u00e9mne st\u00fapanie na Finhaut-Emosson v 17. etape Tour de France 2016.<\/p>\n<p><strong>\u010co sa v s\u00fa\u0165a\u017enej cyklistike naz\u00fdva \u201cechelon\u201d?<\/strong><\/p>\n<p>Slovo \u201cechelon\u201d sa pou\u017e\u00edva na opis l\u00ednie jazdcov, ktor\u00ed sa sna\u017eia o maxim\u00e1lne un\u00e1\u0161anie v prie\u010dnom vetre. Taktiky, ako je t\u00e1to, sa pou\u017e\u00edvaj\u00fa predov\u0161etk\u00fdm v odtrhnut\u00fdch skupin\u00e1ch, ktor\u00e9 chc\u00fa by\u0165 energeticky \u010do najefekt\u00edvnej\u0161ie. To v\u0161ak neplat\u00ed, ak sa chce k skupine prida\u0165 jazdec z konkuren\u010dn\u00e9ho t\u00edmu.<\/p>\n<p><strong>Ak\u00e9 je najd\u00f4le\u017eitej\u0161ie vozidlo na Tour de France, z ktor\u00e9ho riadite\u013e Christian Prudhomme riadi cel\u00fd z\u00e1vod?<\/strong><\/p>\n<p>Ka\u017ed\u00e9 r\u00e1no sa Christian Prudhomme, riadite\u013e Tour de France, usad\u00ed na zadn\u00e9 sedadlo \u0161peci\u00e1lne upraven\u00e9ho \u010derven\u00e9ho vozidla \u0160koda SUPERB.<\/p>\n<p><strong>Pre ak\u00e9 platformy je dostupn\u00e1 ofici\u00e1lna mobiln\u00e1 aplik\u00e1cia Tour de France od spolo\u010dnosti \u0160koda?<\/strong><\/p>\n<p>Ofici\u00e1lna aplik\u00e1cia Tour de France 2017 od spolo\u010dnosti \u0160koda, ktor\u00e1 pon\u00faka komplexn\u00fd informa\u010dn\u00fd servis o pretekoch a \u010fal\u0161ie skvel\u00e9 funkcie, je dostupn\u00e1 pre iOS a Android.<\/p>\n<h2>Prv\u00e9 kolo<\/h2>\n<p><strong>Ko\u013eko kilometrov mala najdlh\u0161ia Tour de France v hist\u00f3rii?<\/strong><\/p>\n<p>Najdlh\u0161ia, dvadsiata, Tour de France v hist\u00f3rii sa konala v roku 1926. Merala 5745 kilometrov, pozost\u00e1vala zo 17 et\u00e1p a trasa viedla tesne okolo hran\u00edc Franc\u00fazska. Priemern\u00e1 r\u00fdchlos\u0165 jazdcov bola pribli\u017ene 24,3 km\/h.<\/p>\n<p><strong>Ak\u00fdm sp\u00f4sobom vyhral Chriss Froome 8. etapu Tour de France 2016?<\/strong><\/p>\n<p>Chriss Froome vyhral 8. etapu Tour de France 2016 v zjazde z Col de Peyresourde. Aj napriek tomu, \u017ee zjazdy nie s\u00fa obvykle pr\u00edle\u017eitos\u0165ou na vytvorenie ve\u013ek\u00e9ho n\u00e1skoku, Froome uk\u00e1zal, \u017ee je to mo\u017en\u00e9. V\u010faka tr\u00e9ningu v aerodynamickom tuneli a inov\u00e1ciam na\u0161iel sp\u00f4sob ako zn\u00ed\u017ei\u0165 odpor a pritom v\u00fddatne ped\u00e1lova\u0165, \u010do sa predt\u00fdm pova\u017eovalo za nemo\u017en\u00e9.<\/p>\n<p><strong>\u010co znamen\u00e1 pojem \u201cfalse flat\u201d, ktor\u00fd pou\u017e\u00edvaj\u00fa ckylisti?<\/strong><\/p>\n<p>\u201cFalse flat\u201d je term\u00edn pou\u017e\u00edvan\u00fd na opis st\u00fapania s n\u00edzkym sklonom, ktor\u00e9 klamlivo vyzer\u00e1 mierne a \u013eahk\u00e9. Najm\u00e4 po dokon\u010den\u00ed strm\u00e9ho \u00faseku kopca m\u00f4\u017eu st\u00fapania s n\u00edzkym sklonom vyzera\u0165 vo\u013en\u00fdm okom ako rovina. Nenechajte sa zmias\u0165, niekedy va\u0161e nohy neklam\u00fa, e\u0161te st\u00e1le st\u00fapate!<\/p>\n<p><strong>Cyklistick\u00fd magaz\u00edn WeLoveCycling.com a \u0160koda posielaj\u00fa 7 v\u00ed\u0165azov\u00a0 s\u00fa\u0165a\u017ee na l\u2019\u00c9tape du Tour. Je to udalos\u0165, v\u010faka ktorej si m\u00f4\u017eu amat\u00e9rski jazdci vysk\u00fa\u0161a\u0165 etapu Tour de France. Kedy sa uskuto\u010dn\u00ed tohtoro\u010dn\u00e1 l\u2019\u00c9tape du Tour?<\/strong><\/p>\n<p>Tohtoro\u010dn\u00e1 l\u2019\u00c9tape du Tour sa uskuto\u010dn\u00ed 16. j\u00fala. Trasa kop\u00edruje 18. etapu Tour.<\/p>\n<p><strong>Ktor\u00fd v\u00ed\u0165az Tour de France a dlhoro\u010dn\u00fd partner \u0160koda, sa objav\u00ed v na\u0161om \u017eivom videu z Tour de France?<\/strong><\/p>\n<p>Stephen Roche nie je len v\u00ed\u0165azom Tour de France, ale aj dr\u017eite\u013eom neofici\u00e1lneho ocenenia \u201cTripple Crown of Cycling\u201d. Znamen\u00e1 to, \u017ee dok\u00e1zal vyhra\u0165 Tour de France, Giro d\u2019Italia a Majstrovstv\u00e1 sveta v cestnej cyklistike v jednom roku. Mimochodom, dok\u00e1zali to zatia\u013e iba dvaja jazdci!<\/p>\n","protected":false},"excerpt":{"rendered":"<p>Vysk\u00fa\u0161ali ste si \u0161\u0165astn\u00fa ruku na s\u00fa\u0165a\u017ei Tour de France a teraz \u017eijete v neust\u00e1lom o\u010dak\u00e1van\u00ed, ak\u00e9 mohli by\u0165 spr\u00e1vne [&hellip;]<\/p>\n","protected":false},"author":27,"featured_media":1595,"comment_status":"open","ping_status":"open","sticky":false,"template":"","format":"standard","meta":{"footnotes":""},"categories":[117,118],"tags":[115,20,108],"global-categories":[],"class_list":["post-1594","post","type-post","status-publish","format-standard","has-post-thumbnail","hentry","category-tour-de-france","category-zabava","tag-cestna-cyklistika","tag-tour-de-france","tag-tour-de-france-2017"],"yoast_head":"<!-- This site is optimized with the Yoast SEO Premium plugin v25.3 (Yoast SEO v25.9) - https:\/\/yoast.com\/wordpress\/plugins\/seo\/ -->\n<title>Spr\u00e1vne odpovede s\u00fa\u0165a\u017ee Tour de France - \u0160koda We Love Cycling Slovensko<\/title>\n<meta name=\"robots\" content=\"index, follow, max-snippet:-1, max-image-preview:large, max-video-preview:-1\" \/>\n<link rel=\"canonical\" href=\"https:\/\/www.welovecycling.com\/sk\/2017\/07\/16\/spravne-odpovede-sutaze-tour-de-france\/\" \/>\n<meta property=\"og:locale\" content=\"sk_SK\" \/>\n<meta property=\"og:type\" content=\"article\" \/>\n<meta property=\"og:title\" content=\"Spr\u00e1vne odpovede s\u00fa\u0165a\u017ee Tour de France\" \/>\n<meta property=\"og:description\" content=\"Vysk\u00fa\u0161ali ste si \u0161\u0165astn\u00fa ruku na s\u00fa\u0165a\u017ei Tour de France a teraz \u017eijete v neust\u00e1lom o\u010dak\u00e1van\u00ed, ak\u00e9 mohli by\u0165 spr\u00e1vne [&hellip;]\" \/>\n<meta property=\"og:url\" content=\"https:\/\/www.welovecycling.com\/sk\/2017\/07\/16\/spravne-odpovede-sutaze-tour-de-france\/\" \/>\n<meta property=\"og:site_name\" content=\"\u0160koda We Love Cycling Slovensko\" \/>\n<meta property=\"article:published_time\" content=\"2017-07-16T06:20:37+00:00\" \/>\n<meta property=\"article:modified_time\" content=\"2017-12-18T12:11:23+00:00\" \/>\n<meta property=\"og:image\" content=\"https:\/\/d2p6e6u75xmxt8.cloudfront.net\/4\/2017\/07\/Cover.webp\" \/>\n\t<meta property=\"og:image:width\" content=\"1375\" \/>\n\t<meta property=\"og:image:height\" content=\"600\" \/>\n\t<meta property=\"og:image:type\" content=\"image\/webp\" \/>\n<meta name=\"author\" content=\"jakubstepanek\" \/>\n<meta name=\"twitter:card\" content=\"summary_large_image\" \/>\n<meta name=\"twitter:label1\" content=\"Written by\" \/>\n\t<meta name=\"twitter:data1\" content=\"We Love Cycling\" \/>\n\t<meta name=\"twitter:label2\" content=\"Est. reading time\" \/>\n\t<meta name=\"twitter:data2\" content=\"5 minutes\" \/>\n<script type=\"application\/ld+json\" class=\"yoast-schema-graph\">{\"@context\":\"https:\/\/schema.org\",\"@graph\":[{\"@type\":\"WebPage\",\"@id\":\"https:\/\/www.welovecycling.com\/sk\/2017\/07\/16\/spravne-odpovede-sutaze-tour-de-france\/\",\"url\":\"https:\/\/www.welovecycling.com\/sk\/2017\/07\/16\/spravne-odpovede-sutaze-tour-de-france\/\",\"name\":\"Spr\u00e1vne odpovede s\u00fa\u0165a\u017ee Tour de France - \u0160koda We Love Cycling Slovensko\",\"isPartOf\":{\"@id\":\"https:\/\/www.welovecycling.com\/sk\/#website\"},\"primaryImageOfPage\":{\"@id\":\"https:\/\/www.welovecycling.com\/sk\/2017\/07\/16\/spravne-odpovede-sutaze-tour-de-france\/#primaryimage\"},\"image\":{\"@id\":\"https:\/\/www.welovecycling.com\/sk\/2017\/07\/16\/spravne-odpovede-sutaze-tour-de-france\/#primaryimage\"},\"thumbnailUrl\":\"https:\/\/d2p6e6u75xmxt8.cloudfront.net\/4\/2017\/07\/Cover.webp\",\"datePublished\":\"2017-07-16T06:20:37+00:00\",\"dateModified\":\"2017-12-18T12:11:23+00:00\",\"author\":{\"@id\":\"https:\/\/www.welovecycling.com\/sk\/#\/schema\/person\/d42ede5c64c67b5db7ea181a1a82b2d5\"},\"breadcrumb\":{\"@id\":\"https:\/\/www.welovecycling.com\/sk\/2017\/07\/16\/spravne-odpovede-sutaze-tour-de-france\/#breadcrumb\"},\"inLanguage\":\"sk-SK\",\"potentialAction\":[{\"@type\":\"ReadAction\",\"target\":[\"https:\/\/www.welovecycling.com\/sk\/2017\/07\/16\/spravne-odpovede-sutaze-tour-de-france\/\"]}]},{\"@type\":\"ImageObject\",\"inLanguage\":\"sk-SK\",\"@id\":\"https:\/\/www.welovecycling.com\/sk\/2017\/07\/16\/spravne-odpovede-sutaze-tour-de-france\/#primaryimage\",\"url\":\"https:\/\/d2p6e6u75xmxt8.cloudfront.net\/4\/2017\/07\/Cover.webp\",\"contentUrl\":\"https:\/\/d2p6e6u75xmxt8.cloudfront.net\/4\/2017\/07\/Cover.webp\",\"width\":1375,\"height\":600},{\"@type\":\"BreadcrumbList\",\"@id\":\"https:\/\/www.welovecycling.com\/sk\/2017\/07\/16\/spravne-odpovede-sutaze-tour-de-france\/#breadcrumb\",\"itemListElement\":[{\"@type\":\"ListItem\",\"position\":1,\"name\":\"Home\",\"item\":\"https:\/\/www.welovecycling.com\/sk\/\"},{\"@type\":\"ListItem\",\"position\":2,\"name\":\"Spr\u00e1vne odpovede s\u00fa\u0165a\u017ee Tour de France\"}]},{\"@type\":\"WebSite\",\"@id\":\"https:\/\/www.welovecycling.com\/sk\/#website\",\"url\":\"https:\/\/www.welovecycling.com\/sk\/\",\"name\":\"\u0160koda We Love Cycling Slovensko\",\"description\":\"\u0160koda We Love Cycling Slovensko je v\u00e1\u0161 ka\u017edodenn\u00fd zdroj noviniek a in\u0161pir\u00e1cie z sveta cyklistiky\",\"potentialAction\":[{\"@type\":\"SearchAction\",\"target\":{\"@type\":\"EntryPoint\",\"urlTemplate\":\"https:\/\/www.welovecycling.com\/sk\/?s={search_term_string}\"},\"query-input\":{\"@type\":\"PropertyValueSpecification\",\"valueRequired\":true,\"valueName\":\"search_term_string\"}}],\"inLanguage\":\"sk-SK\"},{\"@type\":\"Person\",\"@id\":\"https:\/\/www.welovecycling.com\/sk\/#\/schema\/person\/d42ede5c64c67b5db7ea181a1a82b2d5\",\"name\":\"jakubstepanek\",\"image\":{\"@type\":\"ImageObject\",\"inLanguage\":\"sk-SK\",\"@id\":\"https:\/\/www.welovecycling.com\/sk\/#\/schema\/person\/image\/\",\"url\":\"https:\/\/secure.gravatar.com\/avatar\/6088ff8a87539139d91121309dad6f7aee973467a9fee79888aeb2a7f7dc88a2?s=96&d=mm&r=g\",\"contentUrl\":\"https:\/\/secure.gravatar.com\/avatar\/6088ff8a87539139d91121309dad6f7aee973467a9fee79888aeb2a7f7dc88a2?s=96&d=mm&r=g\",\"caption\":\"jakubstepanek\"},\"url\":\"https:\/\/www.welovecycling.com\/sk\/author\/jakubstepanek\/\"}]}<\/script>\n<!-- \/ Yoast SEO Premium plugin. -->","yoast_head_json":{"title":"Spr\u00e1vne odpovede s\u00fa\u0165a\u017ee Tour de France - \u0160koda We Love Cycling Slovensko","robots":{"index":"index","follow":"follow","max-snippet":"max-snippet:-1","max-image-preview":"max-image-preview:large","max-video-preview":"max-video-preview:-1"},"canonical":"https:\/\/www.welovecycling.com\/sk\/2017\/07\/16\/spravne-odpovede-sutaze-tour-de-france\/","og_locale":"sk_SK","og_type":"article","og_title":"Spr\u00e1vne odpovede s\u00fa\u0165a\u017ee Tour de France","og_description":"Vysk\u00fa\u0161ali ste si \u0161\u0165astn\u00fa ruku na s\u00fa\u0165a\u017ei Tour de France a teraz \u017eijete v neust\u00e1lom o\u010dak\u00e1van\u00ed, ak\u00e9 mohli by\u0165 spr\u00e1vne [&hellip;]","og_url":"https:\/\/www.welovecycling.com\/sk\/2017\/07\/16\/spravne-odpovede-sutaze-tour-de-france\/","og_site_name":"\u0160koda We Love Cycling Slovensko","article_published_time":"2017-07-16T06:20:37+00:00","article_modified_time":"2017-12-18T12:11:23+00:00","og_image":[{"width":1375,"height":600,"url":"https:\/\/d2p6e6u75xmxt8.cloudfront.net\/4\/2017\/07\/Cover.webp","type":"image\/webp"}],"author":"jakubstepanek","twitter_card":"summary_large_image","twitter_misc":{"Written by":"We Love Cycling","Est. reading time":"5 minutes"},"schema":{"@context":"https:\/\/schema.org","@graph":[{"@type":"WebPage","@id":"https:\/\/www.welovecycling.com\/sk\/2017\/07\/16\/spravne-odpovede-sutaze-tour-de-france\/","url":"https:\/\/www.welovecycling.com\/sk\/2017\/07\/16\/spravne-odpovede-sutaze-tour-de-france\/","name":"Spr\u00e1vne odpovede s\u00fa\u0165a\u017ee Tour de France - \u0160koda We Love Cycling Slovensko","isPartOf":{"@id":"https:\/\/www.welovecycling.com\/sk\/#website"},"primaryImageOfPage":{"@id":"https:\/\/www.welovecycling.com\/sk\/2017\/07\/16\/spravne-odpovede-sutaze-tour-de-france\/#primaryimage"},"image":{"@id":"https:\/\/www.welovecycling.com\/sk\/2017\/07\/16\/spravne-odpovede-sutaze-tour-de-france\/#primaryimage"},"thumbnailUrl":"https:\/\/d2p6e6u75xmxt8.cloudfront.net\/4\/2017\/07\/Cover.webp","datePublished":"2017-07-16T06:20:37+00:00","dateModified":"2017-12-18T12:11:23+00:00","author":{"@id":"https:\/\/www.welovecycling.com\/sk\/#\/schema\/person\/d42ede5c64c67b5db7ea181a1a82b2d5"},"breadcrumb":{"@id":"https:\/\/www.welovecycling.com\/sk\/2017\/07\/16\/spravne-odpovede-sutaze-tour-de-france\/#breadcrumb"},"inLanguage":"sk-SK","potentialAction":[{"@type":"ReadAction","target":["https:\/\/www.welovecycling.com\/sk\/2017\/07\/16\/spravne-odpovede-sutaze-tour-de-france\/"]}]},{"@type":"ImageObject","inLanguage":"sk-SK","@id":"https:\/\/www.welovecycling.com\/sk\/2017\/07\/16\/spravne-odpovede-sutaze-tour-de-france\/#primaryimage","url":"https:\/\/d2p6e6u75xmxt8.cloudfront.net\/4\/2017\/07\/Cover.webp","contentUrl":"https:\/\/d2p6e6u75xmxt8.cloudfront.net\/4\/2017\/07\/Cover.webp","width":1375,"height":600},{"@type":"BreadcrumbList","@id":"https:\/\/www.welovecycling.com\/sk\/2017\/07\/16\/spravne-odpovede-sutaze-tour-de-france\/#breadcrumb","itemListElement":[{"@type":"ListItem","position":1,"name":"Home","item":"https:\/\/www.welovecycling.com\/sk\/"},{"@type":"ListItem","position":2,"name":"Spr\u00e1vne odpovede s\u00fa\u0165a\u017ee Tour de France"}]},{"@type":"WebSite","@id":"https:\/\/www.welovecycling.com\/sk\/#website","url":"https:\/\/www.welovecycling.com\/sk\/","name":"\u0160koda We Love Cycling Slovensko","description":"\u0160koda We Love Cycling Slovensko je v\u00e1\u0161 ka\u017edodenn\u00fd zdroj noviniek a in\u0161pir\u00e1cie z sveta cyklistiky","potentialAction":[{"@type":"SearchAction","target":{"@type":"EntryPoint","urlTemplate":"https:\/\/www.welovecycling.com\/sk\/?s={search_term_string}"},"query-input":{"@type":"PropertyValueSpecification","valueRequired":true,"valueName":"search_term_string"}}],"inLanguage":"sk-SK"},{"@type":"Person","@id":"https:\/\/www.welovecycling.com\/sk\/#\/schema\/person\/d42ede5c64c67b5db7ea181a1a82b2d5","name":"jakubstepanek","image":{"@type":"ImageObject","inLanguage":"sk-SK","@id":"https:\/\/www.welovecycling.com\/sk\/#\/schema\/person\/image\/","url":"https:\/\/secure.gravatar.com\/avatar\/6088ff8a87539139d91121309dad6f7aee973467a9fee79888aeb2a7f7dc88a2?s=96&d=mm&r=g","contentUrl":"https:\/\/secure.gravatar.com\/avatar\/6088ff8a87539139d91121309dad6f7aee973467a9fee79888aeb2a7f7dc88a2?s=96&d=mm&r=g","caption":"jakubstepanek"},"url":"https:\/\/www.welovecycling.com\/sk\/author\/jakubstepanek\/"}]}},"_links":{"self":[{"href":"https:\/\/www.welovecycling.com\/sk\/wp-json\/wp\/v2\/posts\/1594","targetHints":{"allow":["GET"]}}],"collection":[{"href":"https:\/\/www.welovecycling.com\/sk\/wp-json\/wp\/v2\/posts"}],"about":[{"href":"https:\/\/www.welovecycling.com\/sk\/wp-json\/wp\/v2\/types\/post"}],"author":[{"embeddable":true,"href":"https:\/\/www.welovecycling.com\/sk\/wp-json\/wp\/v2\/users\/27"}],"replies":[{"embeddable":true,"href":"https:\/\/www.welovecycling.com\/sk\/wp-json\/wp\/v2\/comments?post=1594"}],"version-history":[{"count":2,"href":"https:\/\/www.welovecycling.com\/sk\/wp-json\/wp\/v2\/posts\/1594\/revisions"}],"predecessor-version":[{"id":1744,"href":"https:\/\/www.welovecycling.com\/sk\/wp-json\/wp\/v2\/posts\/1594\/revisions\/1744"}],"wp:featuredmedia":[{"embeddable":true,"href":"https:\/\/www.welovecycling.com\/sk\/wp-json\/wp\/v2\/media\/1595"}],"wp:attachment":[{"href":"https:\/\/www.welovecycling.com\/sk\/wp-json\/wp\/v2\/media?parent=1594"}],"wp:term":[{"taxonomy":"category","embeddable":true,"href":"https:\/\/www.welovecycling.com\/sk\/wp-json\/wp\/v2\/categories?post=1594"},{"taxonomy":"post_tag","embeddable":true,"href":"https:\/\/www.welovecycling.com\/sk\/wp-json\/wp\/v2\/tags?post=1594"},{"taxonomy":"global-categories","embeddable":true,"href":"https:\/\/www.welovecycling.com\/sk\/wp-json\/wp\/v2\/global-categories?post=1594"}],"curies":[{"name":"wp","href":"https:\/\/api.w.org\/{rel}","templated":true}]}}