{"id":15908,"date":"2022-10-19T10:00:10","date_gmt":"2022-10-19T08:00:10","guid":{"rendered":"https:\/\/www.welovecycling.com\/sk\/?p=15908"},"modified":"2022-10-19T09:17:47","modified_gmt":"2022-10-19T07:17:47","slug":"instagramove-ucty-slovenskych-cyklistiek-aby-sme-si-udrzali-motivaciu","status":"publish","type":"post","link":"https:\/\/www.welovecycling.com\/sk\/2022\/10\/19\/instagramove-ucty-slovenskych-cyklistiek-aby-sme-si-udrzali-motivaciu\/","title":{"rendered":"Instagramov\u00e9 \u00fa\u010dty slovensk\u00fdch cyklistiek \u2013 aby sme si udr\u017eali motiv\u00e1ciu"},"content":{"rendered":"<p><strong>Nadch\u00e1dzaj\u00face jesenn\u00e9 a zimn\u00e9 mesiace v\u00e4\u010d\u0161inu cyklistov don\u00fatia odlo\u017ei\u0165 bicykle a bud\u00fa n\u00e1s \u010daka\u0165 posil\u0148ovne \u010di nez\u00e1\u017eivn\u00e9 indoor tr\u00e9ningy na trena\u017e\u00e9roch. Aby sme si udr\u017eali motiv\u00e1ciu aj mimo sez\u00f3ny, \u010dastokr\u00e1t sledujeme instagramov\u00e9 \u00fa\u010dty \u00faspe\u0161n\u00fdch \u0161portovcov, kde vid\u00edme ich zimn\u00fa pr\u00edpravu. My sme pre v\u00e1s tentokr\u00e1t vybrali zop\u00e1r \u00faspe\u0161n\u00fdch slovensk\u00fdch cyklistiek a pozreli sa na ich IG \u00fa\u010dty.<\/strong><!--more--><\/p>\n<h2><strong>Nora Jen\u010du\u0161ov\u00e1<\/strong><\/h2>\n<p><a href=\"https:\/\/www.instagram.com\/norajencusova\/\" rel=\"noopener\" target=\"_blank\">Nora<\/a> u\u017e nieko\u013eko rokov prekvapuje svojimi v\u00fdkonmi na r\u00f4znych pretekoch nielen na Slovensku. Svoje schopnosti spe\u010datila titulom majsterky Slovenska, ke\u010f zv\u00ed\u0165azila na pretekoch \u017eien elite na spolo\u010dn\u00fdch MSR a M\u010cR v cestnej cyklistike. <strong>Venuje sa hlavne cestnej cyklistike, ale pr\u00edle\u017eitostne jazd\u00ed aj na dr\u00e1he.<\/strong> U\u017e pred dvoma rokmi sme s \u0148ou spravili zauj\u00edmav\u00fd rozhovor, kde sa dozviete viac o jej za\u010diatkoch \u010di napr\u00edklad aj o <a href=\"https:\/\/www.welovecycling.com\/sk\/2020\/02\/19\/nora-jencusova-velka-nadej-slovenskej-cyklistiky\/\" rel=\"noopener\" target=\"_blank\">jej zimnej pr\u00edprave<\/a>. Na svojom \u00fa\u010dte zdie\u013ea nielen svoje \u0161portov\u00e9 \u00faspechy, ale aj fotky z ciest \u010di turistick\u00fdch v\u00fdletov.<br \/>\nhttps:\/\/www.instagram.com\/p\/CdBrjs-IJtt\/ <\/p>\n<h2><strong>Krist\u00edna Madarasov\u00e1<\/strong><\/h2>\n<p>Jazd\u00ed BMX a na svojom konte m\u00e1 dobr\u00e9 v\u00fdsledky nielen doma. Z t\u00fdch ned\u00e1vnych \u00faspechov spome\u0148me, \u017ee v roku 2021 z\u00edskala strieborn\u00fa medailu na Majstrovstv\u00e1ch Eur\u00f3py v bikrose. Tento rok vyhrala v Tosk\u00e1nsku kvalifika\u010dn\u00e9 preteky na Majstrovstv\u00e1 sveta v pumptracku. <strong>Na jej <a href=\"https:\/\/www.instagram.com\/kmadarasova\/\" rel=\"noopener\" target=\"_blank\">instagramovom profile<\/a> nen\u00e1jdete ve\u013ea fotiek, ale dr\u017e\u00ed sa z\u00e1sady, \u017ee ka\u017ed\u00e1 fotka m\u00e1 svoj ve\u013ek\u00fd pr\u00edbeh.<\/strong> Ak si v\u0161ak chcete pozrie\u0165 viac z jej s\u00fakromia, sledujte jej stories, kde je akt\u00edvnej\u0161ia a prid\u00e1va celkom pravidelne momentky z ciest, pretekov \u010di tr\u00e9ningov.<br \/>\nhttps:\/\/www.instagram.com\/p\/CjF2zoptTrV\/ <\/p>\n<h2><strong>Angelika I\u017e\u00e1kov\u00e1<\/strong><\/h2>\n<p><a href=\"https:\/\/www.instagram.com\/angi_izakova\/\" rel=\"noopener\" target=\"_blank\">Jazd\u00ed<\/a> BMX freestyle a jazd\u00ed dlh\u0161ie ako v\u00e4\u010d\u0161ina dne\u0161nej BMX sc\u00e9ny. V \u017eenskej kateg\u00f3rii u\u017e suver\u00e9nne vyhr\u00e1va v\u0161etky slovensk\u00e9 preteky a aj za hranicami sa jej dar\u00ed dobre. <strong>Z\u00edskala 6. miesto na pretekoch C1 v Barcelone a v roku 2021 z\u00edskala ocenenie Zlat\u00fd ped\u00e1l<\/strong> v\u010faka tomu, \u017ee v sez\u00f3ne nazbierala najviac UCI bodov spomedzi Slov\u00e1kov. Okrem cyklistiky kr\u00e1sne kresl\u00ed a tento svoj talent z\u00faro\u010dila aj n\u00e1vrhoch tetovan\u00ed. Dokonca sa do tetovania aj sama pustila. Tak\u017ee ak si chcete da\u0165 spravi\u0165 tetovanie napr\u00edklad s bike tematikou, ste tu na spr\u00e1vnom mieste.<br \/>\nhttps:\/\/www.instagram.com\/p\/B-Xj7ReHeMu\/ <\/p>\n<h2><strong>Tereza Kurnick\u00e1<\/strong><\/h2>\n<p><a href=\"https:\/\/www.instagram.com\/teress.17\/\" rel=\"noopener\" target=\"_blank\">Tereza<\/a> vo svojej kari\u00e9re vystriedala cestn\u00fd, horsk\u00fd aj cyklokrosov\u00fd bicykel. A v t\u00fdchto discipl\u00ednach u\u017e ako juniorka s preh\u013eadom dok\u00e1zala prekona\u0165 aj star\u0161ie a sk\u00fasenej\u0161ie pretek\u00e1rky. Za\u010diatkom tohto roku, v americkom Fayettville na majstrovstv\u00e1ch sveta v cyklokrose, z\u00edskala 13.miesto. <strong>To je historicky najlep\u0161\u00ed v\u00fdsledok slovensk\u00e9ho \u017eensk\u00e9ho cyklokrosu na vrcholnom podujat\u00ed.<\/strong> Na jej instagramovom \u00fa\u010dte sa o nej dozviete viac, nielen zo s\u00fa\u0165a\u017e\u00ed, ale aj to \u017ee m\u00e1 rada more a v r\u00e1mci tr\u00e9ningu nepohrdne ani dobrou turistikou.<br \/>\nhttps:\/\/www.instagram.com\/p\/CU5WckfNl5Y\/ <\/p>\n<h2><strong>Denisa Dubovsk\u00e1<\/strong><\/h2>\n<p><a href=\"https:\/\/www.instagram.com\/mywaymtb\/\" rel=\"noopener\" target=\"_blank\">Denisu<\/a> ste tento rok mohli stretn\u00fa\u0165 na mnoh\u00fdch slovensk\u00fdch pretekoch, ale naj\u010dastej\u0161ie asi na \u0160koda BIKE OPEN TOUR, kde odjazdila v\u0161etky kol\u00e1 a naplno si to u\u017eila. V\u0161etk\u00fdm cyklistk\u00e1m, ktor\u00e9 mo\u017eno nemaj\u00fa odvahu pusti\u0165 sa do tak\u00e9hoto dobrodru\u017estva <a href=\"https:\/\/www.welovecycling.com\/sk\/2022\/09\/28\/skoda-bike-open-tour-2022-a-bajkerky-krasky-slovenska-pokope\/\">odkazuje, aby to ur\u010dite sk\u00fasili<\/a>, preto\u017ee preteky s\u00fa ide\u00e1lna mo\u017enos\u0165, ako sa zlep\u0161ova\u0165. <strong>Vo svojom \u017eivote spojila v\u00e1\u0161e\u0148 s pr\u00e1cou, ke\u010f\u017ee pracuje v MTBIKER<\/strong>, kde dok\u00e1\u017ee kvalifikovane poradi\u0165 \u017een\u00e1m cyklistk\u00e1m s ich \u0161pecifick\u00fdmi po\u017eiadavkami a to je \u010fal\u0161ia pridan\u00e1 hodnota. Z fotiek je jasn\u00e9, \u017ee je za ka\u017ed\u00fa srandu a takisto m\u00e1 rada turistiku.<br \/>\nhttps:\/\/www.instagram.com\/p\/CizBh3RKNmt\/<\/p>\n<div class=\"shortcode-ys-post-pinup\"><article class=\"loop-simple post-5854 post type-post status-publish format-standard has-post-thumbnail hentry category-cestna-cyklisitika category-legendy category-mtb tag-cestna-cyklistika tag-drahova-cyklistika tag-horska-cyklistika tag-instagram tag-jolanda-neff tag-mtb tag-vitaz tag-xc tag-zenska-cyklistika tag-zeny\" data-postid=\"5854\" role=\"article\" data-post-id=\"5854\" data-word-count=\"580\" data-headline-length=\"44\" data-category=\"Cestn\u00e1 cyklistika\" data-author=\"We Love Cycling\" data-published=\"2019-02-03T10:30:40+01:00\" data-published-day=\"Sunday\">\n    <div class=\"entry-thumbnail article-thumbnail\" content=\"https:\/\/d2p6e6u75xmxt8.cloudfront.net\/4\/2019\/01\/titulka-150x150.webp\"><a href=\"https:\/\/www.welovecycling.com\/sk\/2019\/02\/03\/zeny-ktore-si-zasluzia-nasu-pozornost\/\" class=\"image-holder\" target=\"_self\"><img decoding=\"async\" loading=\"lazy\" class=\"\" src=\"https:\/\/d2p6e6u75xmxt8.cloudfront.net\/4\/2019\/01\/titulka-1024x445.webp\" srcset=\"https:\/\/d2p6e6u75xmxt8.cloudfront.net\/4\/2019\/01\/titulka.webp 1380w, https:\/\/d2p6e6u75xmxt8.cloudfront.net\/4\/2019\/01\/titulka-300x130.webp 300w, https:\/\/d2p6e6u75xmxt8.cloudfront.net\/4\/2019\/01\/titulka-1024x445.webp 1024w, https:\/\/d2p6e6u75xmxt8.cloudfront.net\/4\/2019\/01\/titulka-768x334.webp 768w\" width=\"1024\" height=\"445\" sizes=\"auto, (min-width: 1200px) 460px, (min-width: 768px) 38vw, 100vw\" alt=\"zeny-ktore-si-zasluzia-nasu-pozornost\"\/><\/a><\/div>    <div class=\"entry-meta\">\n        <a class=\"label label-secondary post-category\" href=\"https:\/\/www.welovecycling.com\/sk\/category\/cestna-cyklisitika\/\" title=\"Cestn\u00e1 cyklistika\">Cestn\u00e1 cyklistika<\/a>\n    <\/div>\n    <div class=\"entry-details\">\n        <a href=\"https:\/\/www.welovecycling.com\/sk\/2019\/02\/03\/zeny-ktore-si-zasluzia-nasu-pozornost\/\" class='entry-title-wrapper'>\n            <h3 class=\"entry-title\"><span>\u017deny, ktor\u00e9 si zasl\u00fa\u017eia na\u0161u pozornos\u0165<\/span><\/h3>\n        <\/a>\n    <\/div>\n    <\/article>\n<\/div>\n<h2><strong>Al\u017ebeta Ba\u010d\u00edkov\u00e1<\/strong><\/h2>\n<p>Aj dr\u00e1hov\u00e1 cyklistika m\u00e1 na Slovensku svoju <a href=\"https:\/\/www.instagram.com\/alzbetabacikova\/\" rel=\"noopener\" target=\"_blank\">\u00faspe\u0161n\u00fa reprezentantku<\/a>. Pravidelne m\u00e1 v\u00fdborn\u00e9 v\u00fdsledky na svetov\u00fdch pretekoch aj napriek tomu, \u017ee miest na tr\u00e9novanie m\u00e1 m\u00e1lo, preto\u017ee jedin\u00fd velodr\u00f3m je v Pre\u0161ove. V s\u00fa\u010dasnosti jazd\u00ed za Dukla Bansk\u00e1 Bystrica. Na jej Instagramovom \u00fa\u010dte n\u00e1jdete nielen fotky z aktu\u00e1lnych pretekov, ktor\u00fdch sa \u00fa\u010dastn\u00ed, ale aj z jej s\u00fakromn\u00e9ho \u017eivota. Pekn\u00fd je slogan, ktor\u00fd dala pred p\u00e1r d\u0148ami po ne\u00faspe\u0161nej \u00fa\u010dasti na Majstrovstv\u00e1ch sveta UCI Track World Championships vo Franc\u00fazsku \u2013 <em>\u201eSometimes you win, sometimes you learn.\u201c<\/em><br \/>\nhttps:\/\/www.instagram.com\/p\/Cjp1EcWK3P4\/ <\/p>\n","protected":false},"excerpt":{"rendered":"<p>Nadch\u00e1dzaj\u00face jesenn\u00e9 a zimn\u00e9 mesiace v\u00e4\u010d\u0161inu cyklistov don\u00fatia odlo\u017ei\u0165 bicykle a bud\u00fa n\u00e1s \u010daka\u0165 posil\u0148ovne \u010di nez\u00e1\u017eivn\u00e9 indoor tr\u00e9ningy na [&hellip;]<\/p>\n","protected":false},"author":170,"featured_media":15922,"comment_status":"open","ping_status":"open","sticky":false,"template":"","format":"standard","meta":{"footnotes":""},"categories":[191],"tags":[1548,1550,619,626,115,546,1552,1180,745,180,580,934,767,1551,931,1549,659,475],"global-categories":[1074],"class_list":["post-15908","post","type-post","status-publish","format-standard","has-post-thumbnail","hentry","category-odporucame","tag-alzbeta-bacikova","tag-angelika-izakova","tag-bicyklovanie","tag-bmx","tag-cestna-cyklistika","tag-cyklistika","tag-denisa-dubovska","tag-draha","tag-drahova-cyklistika","tag-horska-cyklistika","tag-instagram","tag-kristina-madarasova","tag-motivacia","tag-nora-jencusova","tag-odporucame","tag-tereza-kurnicka","tag-zenska-cyklistika","tag-zeny","global-categories-cycling"],"yoast_head":"<!-- This site is optimized with the Yoast SEO Premium plugin v25.3 (Yoast SEO v25.9) - https:\/\/yoast.com\/wordpress\/plugins\/seo\/ -->\n<title>Instagramov\u00e9 \u00fa\u010dty slovensk\u00fdch cyklistiek \u2013 aby sme si udr\u017eali motiv\u00e1ciu - \u0160koda We Love Cycling Slovensko<\/title>\n<meta name=\"description\" content=\"Aby sme si udr\u017eali motiv\u00e1ciu aj mimo sez\u00f3ny, \u010dastokr\u00e1t sledujeme instagramov\u00e9 \u00fa\u010dty \u00faspe\u0161n\u00fdch \u0161portovcov, kde vid\u00edme ich zimn\u00fa pr\u00edpravu.\" \/>\n<meta name=\"robots\" content=\"index, follow, max-snippet:-1, max-image-preview:large, max-video-preview:-1\" \/>\n<link rel=\"canonical\" href=\"https:\/\/www.welovecycling.com\/sk\/2022\/10\/19\/instagramove-ucty-slovenskych-cyklistiek-aby-sme-si-udrzali-motivaciu\/\" \/>\n<meta property=\"og:locale\" content=\"sk_SK\" \/>\n<meta property=\"og:type\" content=\"article\" \/>\n<meta property=\"og:title\" content=\"Instagramov\u00e9 \u00fa\u010dty slovensk\u00fdch cyklistiek \u2013 aby sme si udr\u017eali motiv\u00e1ciu\" \/>\n<meta property=\"og:description\" content=\"Aby sme si udr\u017eali motiv\u00e1ciu aj mimo sez\u00f3ny, \u010dastokr\u00e1t sledujeme instagramov\u00e9 \u00fa\u010dty \u00faspe\u0161n\u00fdch \u0161portovcov, kde vid\u00edme ich zimn\u00fa pr\u00edpravu.\" \/>\n<meta property=\"og:url\" content=\"https:\/\/www.welovecycling.com\/sk\/2022\/10\/19\/instagramove-ucty-slovenskych-cyklistiek-aby-sme-si-udrzali-motivaciu\/\" \/>\n<meta property=\"og:site_name\" content=\"\u0160koda We Love Cycling Slovensko\" \/>\n<meta property=\"article:published_time\" content=\"2022-10-19T08:00:10+00:00\" \/>\n<meta property=\"og:image\" content=\"https:\/\/d2p6e6u75xmxt8.cloudfront.net\/4\/2022\/10\/IMG_4986.webp\" \/>\n\t<meta property=\"og:image:width\" content=\"1920\" \/>\n\t<meta property=\"og:image:height\" content=\"1280\" \/>\n\t<meta property=\"og:image:type\" content=\"image\/webp\" \/>\n<meta name=\"author\" content=\"miksakova\" \/>\n<meta name=\"twitter:card\" content=\"summary_large_image\" \/>\n<meta name=\"twitter:label1\" content=\"Written by\" \/>\n\t<meta name=\"twitter:data1\" content=\"We Love Cycling\" \/>\n\t<meta name=\"twitter:label2\" content=\"Est. reading time\" \/>\n\t<meta name=\"twitter:data2\" content=\"6\" \/>\n<script type=\"application\/ld+json\" class=\"yoast-schema-graph\">{\"@context\":\"https:\/\/schema.org\",\"@graph\":[{\"@type\":\"WebPage\",\"@id\":\"https:\/\/www.welovecycling.com\/sk\/2022\/10\/19\/instagramove-ucty-slovenskych-cyklistiek-aby-sme-si-udrzali-motivaciu\/\",\"url\":\"https:\/\/www.welovecycling.com\/sk\/2022\/10\/19\/instagramove-ucty-slovenskych-cyklistiek-aby-sme-si-udrzali-motivaciu\/\",\"name\":\"Instagramov\u00e9 \u00fa\u010dty slovensk\u00fdch cyklistiek \u2013 aby sme si udr\u017eali motiv\u00e1ciu - \u0160koda We Love Cycling Slovensko\",\"isPartOf\":{\"@id\":\"https:\/\/www.welovecycling.com\/sk\/#website\"},\"primaryImageOfPage\":{\"@id\":\"https:\/\/www.welovecycling.com\/sk\/2022\/10\/19\/instagramove-ucty-slovenskych-cyklistiek-aby-sme-si-udrzali-motivaciu\/#primaryimage\"},\"image\":{\"@id\":\"https:\/\/www.welovecycling.com\/sk\/2022\/10\/19\/instagramove-ucty-slovenskych-cyklistiek-aby-sme-si-udrzali-motivaciu\/#primaryimage\"},\"thumbnailUrl\":\"https:\/\/d2p6e6u75xmxt8.cloudfront.net\/4\/2022\/10\/IMG_4986.webp\",\"datePublished\":\"2022-10-19T08:00:10+00:00\",\"author\":{\"@id\":\"https:\/\/www.welovecycling.com\/sk\/#\/schema\/person\/c6ce5af9dceed219d84a07d2ffa2cad9\"},\"description\":\"Aby sme si udr\u017eali motiv\u00e1ciu aj mimo sez\u00f3ny, \u010dastokr\u00e1t sledujeme instagramov\u00e9 \u00fa\u010dty \u00faspe\u0161n\u00fdch \u0161portovcov, kde vid\u00edme ich zimn\u00fa pr\u00edpravu.\",\"breadcrumb\":{\"@id\":\"https:\/\/www.welovecycling.com\/sk\/2022\/10\/19\/instagramove-ucty-slovenskych-cyklistiek-aby-sme-si-udrzali-motivaciu\/#breadcrumb\"},\"inLanguage\":\"sk-SK\",\"potentialAction\":[{\"@type\":\"ReadAction\",\"target\":[\"https:\/\/www.welovecycling.com\/sk\/2022\/10\/19\/instagramove-ucty-slovenskych-cyklistiek-aby-sme-si-udrzali-motivaciu\/\"]}]},{\"@type\":\"ImageObject\",\"inLanguage\":\"sk-SK\",\"@id\":\"https:\/\/www.welovecycling.com\/sk\/2022\/10\/19\/instagramove-ucty-slovenskych-cyklistiek-aby-sme-si-udrzali-motivaciu\/#primaryimage\",\"url\":\"https:\/\/d2p6e6u75xmxt8.cloudfront.net\/4\/2022\/10\/IMG_4986.webp\",\"contentUrl\":\"https:\/\/d2p6e6u75xmxt8.cloudfront.net\/4\/2022\/10\/IMG_4986.webp\",\"width\":1920,\"height\":1280},{\"@type\":\"BreadcrumbList\",\"@id\":\"https:\/\/www.welovecycling.com\/sk\/2022\/10\/19\/instagramove-ucty-slovenskych-cyklistiek-aby-sme-si-udrzali-motivaciu\/#breadcrumb\",\"itemListElement\":[{\"@type\":\"ListItem\",\"position\":1,\"name\":\"Home\",\"item\":\"https:\/\/www.welovecycling.com\/sk\/\"},{\"@type\":\"ListItem\",\"position\":2,\"name\":\"Instagramov\u00e9 \u00fa\u010dty slovensk\u00fdch cyklistiek \u2013 aby sme si udr\u017eali motiv\u00e1ciu\"}]},{\"@type\":\"WebSite\",\"@id\":\"https:\/\/www.welovecycling.com\/sk\/#website\",\"url\":\"https:\/\/www.welovecycling.com\/sk\/\",\"name\":\"\u0160koda We Love Cycling Slovensko\",\"description\":\"\u0160koda We Love Cycling Slovensko je v\u00e1\u0161 ka\u017edodenn\u00fd zdroj noviniek a in\u0161pir\u00e1cie z sveta cyklistiky\",\"potentialAction\":[{\"@type\":\"SearchAction\",\"target\":{\"@type\":\"EntryPoint\",\"urlTemplate\":\"https:\/\/www.welovecycling.com\/sk\/?s={search_term_string}\"},\"query-input\":{\"@type\":\"PropertyValueSpecification\",\"valueRequired\":true,\"valueName\":\"search_term_string\"}}],\"inLanguage\":\"sk-SK\"},{\"@type\":\"Person\",\"@id\":\"https:\/\/www.welovecycling.com\/sk\/#\/schema\/person\/c6ce5af9dceed219d84a07d2ffa2cad9\",\"name\":\"miksakova\",\"image\":{\"@type\":\"ImageObject\",\"inLanguage\":\"sk-SK\",\"@id\":\"https:\/\/www.welovecycling.com\/sk\/#\/schema\/person\/image\/\",\"url\":\"https:\/\/secure.gravatar.com\/avatar\/3663fb8acb50de04150ea6f7afc1bc15aba80aad4bf92aee01bd38a79084eb7a?s=96&d=mm&r=g\",\"contentUrl\":\"https:\/\/secure.gravatar.com\/avatar\/3663fb8acb50de04150ea6f7afc1bc15aba80aad4bf92aee01bd38a79084eb7a?s=96&d=mm&r=g\",\"caption\":\"miksakova\"},\"url\":\"https:\/\/www.welovecycling.com\/sk\/author\/miksakova\/\"}]}<\/script>\n<!-- \/ Yoast SEO Premium plugin. -->","yoast_head_json":{"title":"Instagramov\u00e9 \u00fa\u010dty slovensk\u00fdch cyklistiek \u2013 aby sme si udr\u017eali motiv\u00e1ciu - \u0160koda We Love Cycling Slovensko","description":"Aby sme si udr\u017eali motiv\u00e1ciu aj mimo sez\u00f3ny, \u010dastokr\u00e1t sledujeme instagramov\u00e9 \u00fa\u010dty \u00faspe\u0161n\u00fdch \u0161portovcov, kde vid\u00edme ich zimn\u00fa pr\u00edpravu.","robots":{"index":"index","follow":"follow","max-snippet":"max-snippet:-1","max-image-preview":"max-image-preview:large","max-video-preview":"max-video-preview:-1"},"canonical":"https:\/\/www.welovecycling.com\/sk\/2022\/10\/19\/instagramove-ucty-slovenskych-cyklistiek-aby-sme-si-udrzali-motivaciu\/","og_locale":"sk_SK","og_type":"article","og_title":"Instagramov\u00e9 \u00fa\u010dty slovensk\u00fdch cyklistiek \u2013 aby sme si udr\u017eali motiv\u00e1ciu","og_description":"Aby sme si udr\u017eali motiv\u00e1ciu aj mimo sez\u00f3ny, \u010dastokr\u00e1t sledujeme instagramov\u00e9 \u00fa\u010dty \u00faspe\u0161n\u00fdch \u0161portovcov, kde vid\u00edme ich zimn\u00fa pr\u00edpravu.","og_url":"https:\/\/www.welovecycling.com\/sk\/2022\/10\/19\/instagramove-ucty-slovenskych-cyklistiek-aby-sme-si-udrzali-motivaciu\/","og_site_name":"\u0160koda We Love Cycling Slovensko","article_published_time":"2022-10-19T08:00:10+00:00","og_image":[{"width":1920,"height":1280,"url":"https:\/\/d2p6e6u75xmxt8.cloudfront.net\/4\/2022\/10\/IMG_4986.webp","type":"image\/webp"}],"author":"miksakova","twitter_card":"summary_large_image","twitter_misc":{"Written by":"We Love Cycling","Est. reading time":"6"},"schema":{"@context":"https:\/\/schema.org","@graph":[{"@type":"WebPage","@id":"https:\/\/www.welovecycling.com\/sk\/2022\/10\/19\/instagramove-ucty-slovenskych-cyklistiek-aby-sme-si-udrzali-motivaciu\/","url":"https:\/\/www.welovecycling.com\/sk\/2022\/10\/19\/instagramove-ucty-slovenskych-cyklistiek-aby-sme-si-udrzali-motivaciu\/","name":"Instagramov\u00e9 \u00fa\u010dty slovensk\u00fdch cyklistiek \u2013 aby sme si udr\u017eali motiv\u00e1ciu - \u0160koda We Love Cycling Slovensko","isPartOf":{"@id":"https:\/\/www.welovecycling.com\/sk\/#website"},"primaryImageOfPage":{"@id":"https:\/\/www.welovecycling.com\/sk\/2022\/10\/19\/instagramove-ucty-slovenskych-cyklistiek-aby-sme-si-udrzali-motivaciu\/#primaryimage"},"image":{"@id":"https:\/\/www.welovecycling.com\/sk\/2022\/10\/19\/instagramove-ucty-slovenskych-cyklistiek-aby-sme-si-udrzali-motivaciu\/#primaryimage"},"thumbnailUrl":"https:\/\/d2p6e6u75xmxt8.cloudfront.net\/4\/2022\/10\/IMG_4986.webp","datePublished":"2022-10-19T08:00:10+00:00","author":{"@id":"https:\/\/www.welovecycling.com\/sk\/#\/schema\/person\/c6ce5af9dceed219d84a07d2ffa2cad9"},"description":"Aby sme si udr\u017eali motiv\u00e1ciu aj mimo sez\u00f3ny, \u010dastokr\u00e1t sledujeme instagramov\u00e9 \u00fa\u010dty \u00faspe\u0161n\u00fdch \u0161portovcov, kde vid\u00edme ich zimn\u00fa pr\u00edpravu.","breadcrumb":{"@id":"https:\/\/www.welovecycling.com\/sk\/2022\/10\/19\/instagramove-ucty-slovenskych-cyklistiek-aby-sme-si-udrzali-motivaciu\/#breadcrumb"},"inLanguage":"sk-SK","potentialAction":[{"@type":"ReadAction","target":["https:\/\/www.welovecycling.com\/sk\/2022\/10\/19\/instagramove-ucty-slovenskych-cyklistiek-aby-sme-si-udrzali-motivaciu\/"]}]},{"@type":"ImageObject","inLanguage":"sk-SK","@id":"https:\/\/www.welovecycling.com\/sk\/2022\/10\/19\/instagramove-ucty-slovenskych-cyklistiek-aby-sme-si-udrzali-motivaciu\/#primaryimage","url":"https:\/\/d2p6e6u75xmxt8.cloudfront.net\/4\/2022\/10\/IMG_4986.webp","contentUrl":"https:\/\/d2p6e6u75xmxt8.cloudfront.net\/4\/2022\/10\/IMG_4986.webp","width":1920,"height":1280},{"@type":"BreadcrumbList","@id":"https:\/\/www.welovecycling.com\/sk\/2022\/10\/19\/instagramove-ucty-slovenskych-cyklistiek-aby-sme-si-udrzali-motivaciu\/#breadcrumb","itemListElement":[{"@type":"ListItem","position":1,"name":"Home","item":"https:\/\/www.welovecycling.com\/sk\/"},{"@type":"ListItem","position":2,"name":"Instagramov\u00e9 \u00fa\u010dty slovensk\u00fdch cyklistiek \u2013 aby sme si udr\u017eali motiv\u00e1ciu"}]},{"@type":"WebSite","@id":"https:\/\/www.welovecycling.com\/sk\/#website","url":"https:\/\/www.welovecycling.com\/sk\/","name":"\u0160koda We Love Cycling Slovensko","description":"\u0160koda We Love Cycling Slovensko je v\u00e1\u0161 ka\u017edodenn\u00fd zdroj noviniek a in\u0161pir\u00e1cie z sveta cyklistiky","potentialAction":[{"@type":"SearchAction","target":{"@type":"EntryPoint","urlTemplate":"https:\/\/www.welovecycling.com\/sk\/?s={search_term_string}"},"query-input":{"@type":"PropertyValueSpecification","valueRequired":true,"valueName":"search_term_string"}}],"inLanguage":"sk-SK"},{"@type":"Person","@id":"https:\/\/www.welovecycling.com\/sk\/#\/schema\/person\/c6ce5af9dceed219d84a07d2ffa2cad9","name":"miksakova","image":{"@type":"ImageObject","inLanguage":"sk-SK","@id":"https:\/\/www.welovecycling.com\/sk\/#\/schema\/person\/image\/","url":"https:\/\/secure.gravatar.com\/avatar\/3663fb8acb50de04150ea6f7afc1bc15aba80aad4bf92aee01bd38a79084eb7a?s=96&d=mm&r=g","contentUrl":"https:\/\/secure.gravatar.com\/avatar\/3663fb8acb50de04150ea6f7afc1bc15aba80aad4bf92aee01bd38a79084eb7a?s=96&d=mm&r=g","caption":"miksakova"},"url":"https:\/\/www.welovecycling.com\/sk\/author\/miksakova\/"}]}},"_links":{"self":[{"href":"https:\/\/www.welovecycling.com\/sk\/wp-json\/wp\/v2\/posts\/15908","targetHints":{"allow":["GET"]}}],"collection":[{"href":"https:\/\/www.welovecycling.com\/sk\/wp-json\/wp\/v2\/posts"}],"about":[{"href":"https:\/\/www.welovecycling.com\/sk\/wp-json\/wp\/v2\/types\/post"}],"author":[{"embeddable":true,"href":"https:\/\/www.welovecycling.com\/sk\/wp-json\/wp\/v2\/users\/170"}],"replies":[{"embeddable":true,"href":"https:\/\/www.welovecycling.com\/sk\/wp-json\/wp\/v2\/comments?post=15908"}],"version-history":[{"count":2,"href":"https:\/\/www.welovecycling.com\/sk\/wp-json\/wp\/v2\/posts\/15908\/revisions"}],"predecessor-version":[{"id":15929,"href":"https:\/\/www.welovecycling.com\/sk\/wp-json\/wp\/v2\/posts\/15908\/revisions\/15929"}],"wp:featuredmedia":[{"embeddable":true,"href":"https:\/\/www.welovecycling.com\/sk\/wp-json\/wp\/v2\/media\/15922"}],"wp:attachment":[{"href":"https:\/\/www.welovecycling.com\/sk\/wp-json\/wp\/v2\/media?parent=15908"}],"wp:term":[{"taxonomy":"category","embeddable":true,"href":"https:\/\/www.welovecycling.com\/sk\/wp-json\/wp\/v2\/categories?post=15908"},{"taxonomy":"post_tag","embeddable":true,"href":"https:\/\/www.welovecycling.com\/sk\/wp-json\/wp\/v2\/tags?post=15908"},{"taxonomy":"global-categories","embeddable":true,"href":"https:\/\/www.welovecycling.com\/sk\/wp-json\/wp\/v2\/global-categories?post=15908"}],"curies":[{"name":"wp","href":"https:\/\/api.w.org\/{rel}","templated":true}]}}