{"id":15897,"date":"2022-10-14T10:00:16","date_gmt":"2022-10-14T08:00:16","guid":{"rendered":"https:\/\/www.welovecycling.com\/sk\/?p=15897"},"modified":"2022-10-12T09:47:22","modified_gmt":"2022-10-12T07:47:22","slug":"juraj-sagan-specialista-jednodnoviek","status":"publish","type":"post","link":"https:\/\/www.welovecycling.com\/sk\/2022\/10\/14\/juraj-sagan-specialista-jednodnoviek\/","title":{"rendered":"Juraj Sagan &#8211; \u0161pecialista jednod\u0148oviek"},"content":{"rendered":"<p><strong>Ka\u017ed\u00e1 \u00e9ra raz dospeje do svojho konca a na konci tejto sez\u00f3ny sa v pelot\u00f3ne l\u00fa\u010dime s viacer\u00fdmi zvu\u010dn\u00fdmi menami. Jedn\u00fdm z nich je, minim\u00e1lne pre n\u00e1s, aj Juraj Sagan.<\/strong><!--more--><\/p>\n<p>Mnoh\u00ed by ho mo\u017eno ozna\u010dili ako \u201etoho druh\u00e9ho Sagana\u201c. <strong>No v skuto\u010dnosti je na na\u0161ej cyklistickej sc\u00e9ne jednou z najv\u00fdraznej\u0161\u00edch osobnost\u00ed.<\/strong> Pr\u00e1ve v\u010faka nemu a jeho podpore sa toti\u017e jeho mlad\u0161\u00ed brat Peter rozhodol nezvoli\u0165 si ako svoj \u0161port futbal, ale cyklistiku. Napokon po jeho boku str\u00e1vil cel\u00fa svoju p\u00e4tn\u00e1s\u0165ro\u010dn\u00fa kari\u00e9ru.<\/p>\n<p>https:\/\/www.instagram.com\/p\/BlIi4Kwg3dh\/<\/p>\n<h2><strong>Z horsk\u00e9ho bicykla na ces\u0165\u00e1k<\/strong><\/h2>\n<p>Spolu s Pe\u0165om za\u010d\u00ednal Juraj e\u0161te ako mlad\u00edk na horsk\u00fdch bicykloch, \u010do mu do jeho \u010fal\u0161ej kari\u00e9ry prinieslo mno\u017estvo v\u00fdhod, najm\u00e4 v podobe vycibrenej techniky jazdy v z\u00e1krut\u00e1ch, \u010di na mokrom povrchu. <strong>Napokon v\u0161ak predsa len zv\u00ed\u0165azila cesta a v roku 2007 sa vo svojich dev\u00e4tn\u00e1stich rokoch stal profesion\u00e1lom po tom, ako podp\u00edsal zmluvu s t\u00edmom Dukla Tren\u010d\u00edn-Merida.<\/strong> Cez \u010fal\u0161\u00ed franc\u00fazsky kontinent\u00e1lny t\u00edm sa aj v\u010faka Pe\u0165ovej podpore dostal do t\u00edmu, kde jeho mlad\u0161\u00ed brat u\u017e p\u00f4sobil, Liquigasu, nesk\u00f4r zn\u00e1meho ako Cannondale Pro Cycling Team.<\/p>\n<p>https:\/\/www.instagram.com\/p\/BCv4fWbuP1J\/<\/p>\n<h2><strong>V\u017edy s Pe\u0165om<\/strong><\/h2>\n<p>Po z\u00e1niku Cannondale-u prestupuj\u00fa obaja Saganovci do t\u00edmu Tinkoff-Saxo a za\u010d\u00edna sa nielen Pe\u0165ova, ale aj Jurajova \u201ezlat\u00e1 \u00e9ra\u201c. Hoci nevyhr\u00e1val preteky ako na be\u017eiacom p\u00e1se po vzore svojho mlad\u0161ieho brata, najm\u00e4 na jednod\u0148ovk\u00e1ch mu pravidelne \u201ekryl chrb\u00e1t\u201c a pri\u010dinil sa k mno\u017estvu jeho v\u00ed\u0165azstiev. <strong>Spomedzi nich mo\u017eno h\u00e1dam najviac vypichn\u00fa\u0165 tri tituly majstra sveta za sebou, kde fungoval t\u00edm v zlo\u017een\u00ed Sagan-Sagan-Ba\u0161ka-Kol\u00e1\u0159<\/strong>, \u010di u\u017e za \u00e9ry Tinkoffu, alebo nesk\u00f4r Bory.<\/p>\n<p>https:\/\/www.instagram.com\/p\/Bg_dMJsn33z\/<br \/>\n<div class=\"shortcode-ys-post-pinup\"><article class=\"loop-simple post-13975 post type-post status-publish format-standard has-post-thumbnail hentry category-odporucame tag-cyklistika tag-eddy-merckx tag-hannah-barnes tag-juraj-sagan tag-legendy tag-mathieu-van-der-poel tag-odporucame tag-peter-sagan tag-profesional tag-raymond-poulidor tag-stephen-roche tag-vincenzo-nibali\" data-postid=\"13975\" role=\"article\" data-post-id=\"13975\" data-word-count=\"791\" data-headline-length=\"39\" data-category=\"Odpor\u00fa\u010dame\" data-author=\"Joshua Donaldson\" data-published=\"2022-03-07T10:00:01+01:00\" data-published-day=\"Monday\">\n    <div class=\"entry-thumbnail article-thumbnail\" content=\"https:\/\/d2p6e6u75xmxt8.cloudfront.net\/4\/2022\/03\/Eddy-Merckx-Axel-Merckx-profimedia-0018602767-CVR-150x150.webp\"><a href=\"https:\/\/www.welovecycling.com\/sk\/2022\/03\/07\/ked-je-vrcholova-cyklistika-v-rodine\/\" class=\"image-holder\" target=\"_self\"><img decoding=\"async\" loading=\"lazy\" class=\"\" src=\"https:\/\/d2p6e6u75xmxt8.cloudfront.net\/4\/2022\/03\/Eddy-Merckx-Axel-Merckx-profimedia-0018602767-CVR-1024x450.webp\" srcset=\"https:\/\/d2p6e6u75xmxt8.cloudfront.net\/4\/2022\/03\/Eddy-Merckx-Axel-Merckx-profimedia-0018602767-CVR.webp 1366w, https:\/\/d2p6e6u75xmxt8.cloudfront.net\/4\/2022\/03\/Eddy-Merckx-Axel-Merckx-profimedia-0018602767-CVR-300x132.webp 300w, https:\/\/d2p6e6u75xmxt8.cloudfront.net\/4\/2022\/03\/Eddy-Merckx-Axel-Merckx-profimedia-0018602767-CVR-1024x450.webp 1024w, https:\/\/d2p6e6u75xmxt8.cloudfront.net\/4\/2022\/03\/Eddy-Merckx-Axel-Merckx-profimedia-0018602767-CVR-768x337.webp 768w\" width=\"1024\" height=\"450\" sizes=\"auto, (min-width: 1200px) 456px, (min-width: 768px) 38vw, 100vw\" alt=\"ked-je-vrcholova-cyklistika-v-rodine\"\/><\/a><\/div>    <div class=\"entry-meta\">\n        <a class=\"label label-secondary post-category\" href=\"https:\/\/www.welovecycling.com\/sk\/category\/odporucame\/\" title=\"Odpor\u00fa\u010dame\">Odpor\u00fa\u010dame<\/a>\n    <\/div>\n    <div class=\"entry-details\">\n        <a href=\"https:\/\/www.welovecycling.com\/sk\/2022\/03\/07\/ked-je-vrcholova-cyklistika-v-rodine\/\" class='entry-title-wrapper'>\n            <h3 class=\"entry-title\"><span>Ke\u010f je vrcholov\u00e1 cyklistika v\u00a0rodine<\/span><\/h3>\n        <\/a>\n    <\/div>\n    <\/article>\n<\/div><\/p>\n<h2><strong>Najv\u00e4\u010d\u0161ie \u00faspechy kari\u00e9ry<\/strong><\/h2>\n<p>Jeho meno by sme m\u00e1rne h\u013eadali pri v\u00ed\u0165azoch ve\u013ek\u00fdch pretekov a jarn\u00fdch klas\u00edk, hoci pr\u00e1ve tu sa mnohokr\u00e1t uplat\u0148oval a niekedy si dok\u00e1zal prip\u00edsa\u0165 pekn\u00e9 umiestnenie \u2013 vi\u010f 14. miesto na Gent-Wevelgem v roku 2017. Za ve\u013ek\u00fd \u00faspech sa d\u00e1 ur\u010dite pova\u017eova\u0165 aj to, \u017ee sa v tom istom roku dostal na s\u00fapisku t\u00edmu Tinkoff-Saxo na Tour de France, hoci po Pe\u0165ovej diskvalifik\u00e1cii ju takisto opustil v deviatej etape. <strong>Najv\u00fdraznej\u0161\u00edmi p\u00edsmenami sa v\u0161ak zap\u00edsal do hist\u00f3rie na\u0161ich \u201emajstr\u00e1kov\u201c, ktor\u00e9 ovl\u00e1dol \u0161tyrikr\u00e1t \u2013 v roku 2016, 2017, 2019 a 2020.<\/strong><\/p>\n<p>https:\/\/www.instagram.com\/p\/BHK9uF3jrEx\/<br \/>\nMo\u017eno by sa dalo poveda\u0165, \u017ee Juraj str\u00e1vil kari\u00e9ru v Pe\u0165ovom tieni. No ak sa zvykne hovori\u0165 \u201eza ka\u017ed\u00fdm \u00faspe\u0161n\u00fdm mu\u017eom stoj\u00ed \u017eena\u201c, v tomto pr\u00edpade m\u00f4\u017eeme pokojne \u017eenu nahradi\u0165 bratom. Cyklistika je toti\u017e t\u00edmov\u00fd \u0161port a \u017eiadny cyklista nie je a\u017e tak dobr\u00fd, aby dok\u00e1zal v\u00ed\u0165azi\u0165 bez podpory spo\u013eahliv\u00e9ho t\u00edmu. <strong>Juraj spo\u013eahliv\u00fdm domestikom bol, \u010di u\u017e na jeho ob\u013e\u00faben\u00fdch klasik\u00e1ch, alebo aj v kopcoch.<\/strong> Hoci ho u\u017e v profi pelot\u00f3ne neuvid\u00edme, dr\u017e\u00edme mu palce v jeho \u010fal\u0161om napredovan\u00ed a mo\u017eno aj vychov\u00e1van\u00ed \u010fal\u0161\u00edch \u201eSaganov\u201c.<\/p>\n<p>Tituln\u00e1 fotografia: Igor Stan\u010d\u00edk<\/p>\n","protected":false},"excerpt":{"rendered":"<p>Ka\u017ed\u00e1 \u00e9ra raz dospeje do svojho konca a na konci tejto sez\u00f3ny sa v pelot\u00f3ne l\u00fa\u010dime s viacer\u00fdmi zvu\u010dn\u00fdmi menami. [&hellip;]<\/p>\n","protected":false},"author":170,"featured_media":15904,"comment_status":"open","ping_status":"open","sticky":false,"template":"","format":"standard","meta":{"footnotes":""},"categories":[63],"tags":[115,597,158,1153,767,46,885,556],"global-categories":[1074],"class_list":["post-15897","post","type-post","status-publish","format-standard","has-post-thumbnail","hentry","category-grand-tour","tag-cestna-cyklistika","tag-cyklista","tag-juraj-sagan","tag-kariera","tag-motivacia","tag-peter-sagan","tag-profesional","tag-tim","global-categories-cycling"],"yoast_head":"<!-- This site is optimized with the Yoast SEO Premium plugin v25.3 (Yoast SEO v25.9) - https:\/\/yoast.com\/wordpress\/plugins\/seo\/ -->\n<title>Juraj Sagan - \u0161pecialista jednod\u0148oviek - \u0160koda We Love Cycling Slovensko<\/title>\n<meta name=\"description\" content=\"Ka\u017ed\u00e1 \u00e9ra raz dospeje do svojho konca a na konci tejto sez\u00f3ny sa v pelot\u00f3ne l\u00fa\u010dime s viacer\u00fdmi zvu\u010dn\u00fdmi menami. Jedn\u00fdm z nich je Juraj Sagan.\" \/>\n<meta name=\"robots\" content=\"index, follow, max-snippet:-1, max-image-preview:large, max-video-preview:-1\" \/>\n<link rel=\"canonical\" href=\"https:\/\/www.welovecycling.com\/sk\/2022\/10\/14\/juraj-sagan-specialista-jednodnoviek\/\" \/>\n<meta property=\"og:locale\" content=\"sk_SK\" \/>\n<meta property=\"og:type\" content=\"article\" \/>\n<meta property=\"og:title\" content=\"Juraj Sagan - \u0161pecialista jednod\u0148oviek\" \/>\n<meta property=\"og:description\" content=\"Ka\u017ed\u00e1 \u00e9ra raz dospeje do svojho konca a na konci tejto sez\u00f3ny sa v pelot\u00f3ne l\u00fa\u010dime s viacer\u00fdmi zvu\u010dn\u00fdmi menami. Jedn\u00fdm z nich je Juraj Sagan.\" \/>\n<meta property=\"og:url\" content=\"https:\/\/www.welovecycling.com\/sk\/2022\/10\/14\/juraj-sagan-specialista-jednodnoviek\/\" \/>\n<meta property=\"og:site_name\" content=\"\u0160koda We Love Cycling Slovensko\" \/>\n<meta property=\"article:published_time\" content=\"2022-10-14T08:00:16+00:00\" \/>\n<meta property=\"og:image\" content=\"https:\/\/d2p6e6u75xmxt8.cloudfront.net\/4\/2022\/10\/prologue_igor_stancik__7__720.webp\" \/>\n\t<meta property=\"og:image:width\" content=\"990\" \/>\n\t<meta property=\"og:image:height\" content=\"660\" \/>\n\t<meta property=\"og:image:type\" content=\"image\/webp\" \/>\n<meta name=\"author\" content=\"miksakova\" \/>\n<meta name=\"twitter:card\" content=\"summary_large_image\" \/>\n<meta name=\"twitter:label1\" content=\"Written by\" \/>\n\t<meta name=\"twitter:data1\" content=\"Joshua Donaldson\" \/>\n\t<meta name=\"twitter:label2\" content=\"Est. reading time\" \/>\n\t<meta name=\"twitter:data2\" content=\"6\" \/>\n<script type=\"application\/ld+json\" class=\"yoast-schema-graph\">{\"@context\":\"https:\/\/schema.org\",\"@graph\":[{\"@type\":\"WebPage\",\"@id\":\"https:\/\/www.welovecycling.com\/sk\/2022\/10\/14\/juraj-sagan-specialista-jednodnoviek\/\",\"url\":\"https:\/\/www.welovecycling.com\/sk\/2022\/10\/14\/juraj-sagan-specialista-jednodnoviek\/\",\"name\":\"Juraj Sagan - \u0161pecialista jednod\u0148oviek - \u0160koda We Love Cycling Slovensko\",\"isPartOf\":{\"@id\":\"https:\/\/www.welovecycling.com\/sk\/#website\"},\"primaryImageOfPage\":{\"@id\":\"https:\/\/www.welovecycling.com\/sk\/2022\/10\/14\/juraj-sagan-specialista-jednodnoviek\/#primaryimage\"},\"image\":{\"@id\":\"https:\/\/www.welovecycling.com\/sk\/2022\/10\/14\/juraj-sagan-specialista-jednodnoviek\/#primaryimage\"},\"thumbnailUrl\":\"https:\/\/d2p6e6u75xmxt8.cloudfront.net\/4\/2022\/10\/prologue_igor_stancik__7__720.webp\",\"datePublished\":\"2022-10-14T08:00:16+00:00\",\"author\":{\"@id\":\"https:\/\/www.welovecycling.com\/sk\/#\/schema\/person\/c6ce5af9dceed219d84a07d2ffa2cad9\"},\"description\":\"Ka\u017ed\u00e1 \u00e9ra raz dospeje do svojho konca a na konci tejto sez\u00f3ny sa v pelot\u00f3ne l\u00fa\u010dime s viacer\u00fdmi zvu\u010dn\u00fdmi menami. Jedn\u00fdm z nich je Juraj Sagan.\",\"breadcrumb\":{\"@id\":\"https:\/\/www.welovecycling.com\/sk\/2022\/10\/14\/juraj-sagan-specialista-jednodnoviek\/#breadcrumb\"},\"inLanguage\":\"sk-SK\",\"potentialAction\":[{\"@type\":\"ReadAction\",\"target\":[\"https:\/\/www.welovecycling.com\/sk\/2022\/10\/14\/juraj-sagan-specialista-jednodnoviek\/\"]}]},{\"@type\":\"ImageObject\",\"inLanguage\":\"sk-SK\",\"@id\":\"https:\/\/www.welovecycling.com\/sk\/2022\/10\/14\/juraj-sagan-specialista-jednodnoviek\/#primaryimage\",\"url\":\"https:\/\/d2p6e6u75xmxt8.cloudfront.net\/4\/2022\/10\/prologue_igor_stancik__7__720.webp\",\"contentUrl\":\"https:\/\/d2p6e6u75xmxt8.cloudfront.net\/4\/2022\/10\/prologue_igor_stancik__7__720.webp\",\"width\":990,\"height\":660},{\"@type\":\"BreadcrumbList\",\"@id\":\"https:\/\/www.welovecycling.com\/sk\/2022\/10\/14\/juraj-sagan-specialista-jednodnoviek\/#breadcrumb\",\"itemListElement\":[{\"@type\":\"ListItem\",\"position\":1,\"name\":\"Home\",\"item\":\"https:\/\/www.welovecycling.com\/sk\/\"},{\"@type\":\"ListItem\",\"position\":2,\"name\":\"Juraj Sagan &#8211; \u0161pecialista jednod\u0148oviek\"}]},{\"@type\":\"WebSite\",\"@id\":\"https:\/\/www.welovecycling.com\/sk\/#website\",\"url\":\"https:\/\/www.welovecycling.com\/sk\/\",\"name\":\"\u0160koda We Love Cycling Slovensko\",\"description\":\"\u0160koda We Love Cycling Slovensko je v\u00e1\u0161 ka\u017edodenn\u00fd zdroj noviniek a in\u0161pir\u00e1cie z sveta cyklistiky\",\"potentialAction\":[{\"@type\":\"SearchAction\",\"target\":{\"@type\":\"EntryPoint\",\"urlTemplate\":\"https:\/\/www.welovecycling.com\/sk\/?s={search_term_string}\"},\"query-input\":{\"@type\":\"PropertyValueSpecification\",\"valueRequired\":true,\"valueName\":\"search_term_string\"}}],\"inLanguage\":\"sk-SK\"},{\"@type\":\"Person\",\"@id\":\"https:\/\/www.welovecycling.com\/sk\/#\/schema\/person\/c6ce5af9dceed219d84a07d2ffa2cad9\",\"name\":\"miksakova\",\"image\":{\"@type\":\"ImageObject\",\"inLanguage\":\"sk-SK\",\"@id\":\"https:\/\/www.welovecycling.com\/sk\/#\/schema\/person\/image\/\",\"url\":\"https:\/\/secure.gravatar.com\/avatar\/3663fb8acb50de04150ea6f7afc1bc15aba80aad4bf92aee01bd38a79084eb7a?s=96&d=mm&r=g\",\"contentUrl\":\"https:\/\/secure.gravatar.com\/avatar\/3663fb8acb50de04150ea6f7afc1bc15aba80aad4bf92aee01bd38a79084eb7a?s=96&d=mm&r=g\",\"caption\":\"miksakova\"},\"url\":\"https:\/\/www.welovecycling.com\/sk\/author\/miksakova\/\"}]}<\/script>\n<!-- \/ Yoast SEO Premium plugin. -->","yoast_head_json":{"title":"Juraj Sagan - \u0161pecialista jednod\u0148oviek - \u0160koda We Love Cycling Slovensko","description":"Ka\u017ed\u00e1 \u00e9ra raz dospeje do svojho konca a na konci tejto sez\u00f3ny sa v pelot\u00f3ne l\u00fa\u010dime s viacer\u00fdmi zvu\u010dn\u00fdmi menami. Jedn\u00fdm z nich je Juraj Sagan.","robots":{"index":"index","follow":"follow","max-snippet":"max-snippet:-1","max-image-preview":"max-image-preview:large","max-video-preview":"max-video-preview:-1"},"canonical":"https:\/\/www.welovecycling.com\/sk\/2022\/10\/14\/juraj-sagan-specialista-jednodnoviek\/","og_locale":"sk_SK","og_type":"article","og_title":"Juraj Sagan - \u0161pecialista jednod\u0148oviek","og_description":"Ka\u017ed\u00e1 \u00e9ra raz dospeje do svojho konca a na konci tejto sez\u00f3ny sa v pelot\u00f3ne l\u00fa\u010dime s viacer\u00fdmi zvu\u010dn\u00fdmi menami. Jedn\u00fdm z nich je Juraj Sagan.","og_url":"https:\/\/www.welovecycling.com\/sk\/2022\/10\/14\/juraj-sagan-specialista-jednodnoviek\/","og_site_name":"\u0160koda We Love Cycling Slovensko","article_published_time":"2022-10-14T08:00:16+00:00","og_image":[{"width":990,"height":660,"url":"https:\/\/d2p6e6u75xmxt8.cloudfront.net\/4\/2022\/10\/prologue_igor_stancik__7__720.webp","type":"image\/webp"}],"author":"miksakova","twitter_card":"summary_large_image","twitter_misc":{"Written by":"Joshua Donaldson","Est. reading time":"6"},"schema":{"@context":"https:\/\/schema.org","@graph":[{"@type":"WebPage","@id":"https:\/\/www.welovecycling.com\/sk\/2022\/10\/14\/juraj-sagan-specialista-jednodnoviek\/","url":"https:\/\/www.welovecycling.com\/sk\/2022\/10\/14\/juraj-sagan-specialista-jednodnoviek\/","name":"Juraj Sagan - \u0161pecialista jednod\u0148oviek - \u0160koda We Love Cycling Slovensko","isPartOf":{"@id":"https:\/\/www.welovecycling.com\/sk\/#website"},"primaryImageOfPage":{"@id":"https:\/\/www.welovecycling.com\/sk\/2022\/10\/14\/juraj-sagan-specialista-jednodnoviek\/#primaryimage"},"image":{"@id":"https:\/\/www.welovecycling.com\/sk\/2022\/10\/14\/juraj-sagan-specialista-jednodnoviek\/#primaryimage"},"thumbnailUrl":"https:\/\/d2p6e6u75xmxt8.cloudfront.net\/4\/2022\/10\/prologue_igor_stancik__7__720.webp","datePublished":"2022-10-14T08:00:16+00:00","author":{"@id":"https:\/\/www.welovecycling.com\/sk\/#\/schema\/person\/c6ce5af9dceed219d84a07d2ffa2cad9"},"description":"Ka\u017ed\u00e1 \u00e9ra raz dospeje do svojho konca a na konci tejto sez\u00f3ny sa v pelot\u00f3ne l\u00fa\u010dime s viacer\u00fdmi zvu\u010dn\u00fdmi menami. Jedn\u00fdm z nich je Juraj Sagan.","breadcrumb":{"@id":"https:\/\/www.welovecycling.com\/sk\/2022\/10\/14\/juraj-sagan-specialista-jednodnoviek\/#breadcrumb"},"inLanguage":"sk-SK","potentialAction":[{"@type":"ReadAction","target":["https:\/\/www.welovecycling.com\/sk\/2022\/10\/14\/juraj-sagan-specialista-jednodnoviek\/"]}]},{"@type":"ImageObject","inLanguage":"sk-SK","@id":"https:\/\/www.welovecycling.com\/sk\/2022\/10\/14\/juraj-sagan-specialista-jednodnoviek\/#primaryimage","url":"https:\/\/d2p6e6u75xmxt8.cloudfront.net\/4\/2022\/10\/prologue_igor_stancik__7__720.webp","contentUrl":"https:\/\/d2p6e6u75xmxt8.cloudfront.net\/4\/2022\/10\/prologue_igor_stancik__7__720.webp","width":990,"height":660},{"@type":"BreadcrumbList","@id":"https:\/\/www.welovecycling.com\/sk\/2022\/10\/14\/juraj-sagan-specialista-jednodnoviek\/#breadcrumb","itemListElement":[{"@type":"ListItem","position":1,"name":"Home","item":"https:\/\/www.welovecycling.com\/sk\/"},{"@type":"ListItem","position":2,"name":"Juraj Sagan &#8211; \u0161pecialista jednod\u0148oviek"}]},{"@type":"WebSite","@id":"https:\/\/www.welovecycling.com\/sk\/#website","url":"https:\/\/www.welovecycling.com\/sk\/","name":"\u0160koda We Love Cycling Slovensko","description":"\u0160koda We Love Cycling Slovensko je v\u00e1\u0161 ka\u017edodenn\u00fd zdroj noviniek a in\u0161pir\u00e1cie z sveta cyklistiky","potentialAction":[{"@type":"SearchAction","target":{"@type":"EntryPoint","urlTemplate":"https:\/\/www.welovecycling.com\/sk\/?s={search_term_string}"},"query-input":{"@type":"PropertyValueSpecification","valueRequired":true,"valueName":"search_term_string"}}],"inLanguage":"sk-SK"},{"@type":"Person","@id":"https:\/\/www.welovecycling.com\/sk\/#\/schema\/person\/c6ce5af9dceed219d84a07d2ffa2cad9","name":"miksakova","image":{"@type":"ImageObject","inLanguage":"sk-SK","@id":"https:\/\/www.welovecycling.com\/sk\/#\/schema\/person\/image\/","url":"https:\/\/secure.gravatar.com\/avatar\/3663fb8acb50de04150ea6f7afc1bc15aba80aad4bf92aee01bd38a79084eb7a?s=96&d=mm&r=g","contentUrl":"https:\/\/secure.gravatar.com\/avatar\/3663fb8acb50de04150ea6f7afc1bc15aba80aad4bf92aee01bd38a79084eb7a?s=96&d=mm&r=g","caption":"miksakova"},"url":"https:\/\/www.welovecycling.com\/sk\/author\/miksakova\/"}]}},"_links":{"self":[{"href":"https:\/\/www.welovecycling.com\/sk\/wp-json\/wp\/v2\/posts\/15897","targetHints":{"allow":["GET"]}}],"collection":[{"href":"https:\/\/www.welovecycling.com\/sk\/wp-json\/wp\/v2\/posts"}],"about":[{"href":"https:\/\/www.welovecycling.com\/sk\/wp-json\/wp\/v2\/types\/post"}],"author":[{"embeddable":true,"href":"https:\/\/www.welovecycling.com\/sk\/wp-json\/wp\/v2\/users\/170"}],"replies":[{"embeddable":true,"href":"https:\/\/www.welovecycling.com\/sk\/wp-json\/wp\/v2\/comments?post=15897"}],"version-history":[{"count":2,"href":"https:\/\/www.welovecycling.com\/sk\/wp-json\/wp\/v2\/posts\/15897\/revisions"}],"predecessor-version":[{"id":15906,"href":"https:\/\/www.welovecycling.com\/sk\/wp-json\/wp\/v2\/posts\/15897\/revisions\/15906"}],"wp:featuredmedia":[{"embeddable":true,"href":"https:\/\/www.welovecycling.com\/sk\/wp-json\/wp\/v2\/media\/15904"}],"wp:attachment":[{"href":"https:\/\/www.welovecycling.com\/sk\/wp-json\/wp\/v2\/media?parent=15897"}],"wp:term":[{"taxonomy":"category","embeddable":true,"href":"https:\/\/www.welovecycling.com\/sk\/wp-json\/wp\/v2\/categories?post=15897"},{"taxonomy":"post_tag","embeddable":true,"href":"https:\/\/www.welovecycling.com\/sk\/wp-json\/wp\/v2\/tags?post=15897"},{"taxonomy":"global-categories","embeddable":true,"href":"https:\/\/www.welovecycling.com\/sk\/wp-json\/wp\/v2\/global-categories?post=15897"}],"curies":[{"name":"wp","href":"https:\/\/api.w.org\/{rel}","templated":true}]}}