{"id":15812,"date":"2022-09-30T10:00:44","date_gmt":"2022-09-30T08:00:44","guid":{"rendered":"https:\/\/www.welovecycling.com\/sk\/?p=15812"},"modified":"2022-09-29T11:05:21","modified_gmt":"2022-09-29T09:05:21","slug":"oktobrovy-prehlad-slovenskych-podujati","status":"publish","type":"post","link":"https:\/\/www.welovecycling.com\/sk\/2022\/09\/30\/oktobrovy-prehlad-slovenskych-podujati\/","title":{"rendered":"Okt\u00f3brov\u00fd preh\u013ead slovensk\u00fdch podujat\u00ed"},"content":{"rendered":"<p><strong>Ke\u010f\u017ee sa n\u00e1m hlavn\u00e1 cyklistick\u00e1 sez\u00f3na kon\u010d\u00ed, je tu posledn\u00fd mesiac, kedy si m\u00f4\u017eete vybera\u0165 z viacer\u00fdch akci\u00ed. Aj vzh\u013eadom na po\u010dasie je v\u00e4\u010d\u0161ina z\u00a0nich zo za\u010diatku mesiaca, dokonca tu m\u00e1me hne\u010f \u0161tyri akcie v\u00a0druh\u00fa okt\u00f3brov\u00fa sobotu.<\/strong><!--more--><\/p>\n<h2><strong>01. 10. 2022 V\u0155vrava \u2013 \u010dasovka do vrchu, Lehota pod Vt\u00e1\u010dnikom<\/strong><\/h2>\n<p>Cyklistick\u00fd klub VT\u00c1\u010cNIK organizuje v\u00a0tomto kr\u00e1snom pohor\u00ed u\u017e tret\u00ed ro\u010dn\u00edk \u010dasovky do vrchu. \u010cak\u00e1 v\u00e1s st\u00fapanie do v\u00fd\u0161ky 973 m n. m. <strong>D\u013a\u017eka trate je 8,48 km a\u00a0prev\u00fd\u0161enie 565 metrov.<\/strong> Od \u0161tartu je povrch cesty asfaltov\u00fd, ale \u010doskoro sa men\u00ed na kamenist\u00fd. V\u00a0poslednej \u010dasti trate sa v\u00e1m za\u010dn\u00fa otv\u00e1ra\u0165 n\u00e1dhern\u00e9 v\u00fdh\u013eady do okolia, ktor\u00e9 v\u00e1m zaru\u010dene dodaj\u00fa energiu.\n <lite-youtube videoid=v1By7cePGTQ params=\"enablejsapi=1\" style=\"background-image: url('https:\/\/i.ytimg.com\/vi_webp\/v1By7cePGTQ\/maxresdefault.webp');\"><\/lite-youtube>\n<h2> <strong>08. 10. 2022 MTBIKER \u0160printpolom &#8211; Str\u00e1\u0148avy pri \u017diline<\/strong><\/h2>\n<p>T\u00e1to akcia vznikla u\u017e v\u00a0roku 2004 a\u00a0odvtedy sa z\u00a0nej stala u\u017e takmer klasika. Dokonca in\u0161pirovala nieko\u013eko \u010fal\u0161\u00edch podobn\u00fdch \u010dasoviek do vrchu. <strong>Tra\u0165 m\u00e1 d\u013a\u017eku 7 km s\u00a0prev\u00fd\u0161en\u00edm 580 m. Priemern\u00fd sklon trate je 8,3 %.<\/strong> Pripraven\u00fdch je a\u017e jeden\u00e1s\u0165 kateg\u00f3ri\u00ed, tak\u017ee si vyberie ur\u010dite ka\u017ed\u00fd. Cie\u013eom je ako ka\u017ed\u00fd rok pam\u00e4tn\u00edk na Polome.\n<lite-youtube videoid=hL8yNYzmoQ8 params=\"enablejsapi=1\" style=\"background-image: url('https:\/\/i.ytimg.com\/vi_webp\/hL8yNYzmoQ8\/maxresdefault.webp');\"><\/lite-youtube>\n<h2> <strong>08. 10. 2022 Lozornsk\u00fd ped\u00e1l \u2013 Lozorno<\/strong><\/h2>\n<p>A\u00a0do tretice v\u0161etko dobr\u00e9, tak\u017ee si\u00a0prid\u00e1me e\u0161te jedny preteky do vrchu. Ak nie ste zo severu, z\u00a0okolia \u017diliny, m\u00f4\u017eete si okrem prvej \u010dasovky v\u00a0strede Slovenska vybra\u0165 pr\u00e1ve ju\u017ene polo\u017een\u00e9 Lozorno. Pripraven\u00e9 s\u00fa dve trate \u2013 <strong>jedna pre cestn\u00e9 bicykle v\u00a0d\u013a\u017eke 8,4 km a\u00a0druh\u00e1 pre jazdcov MTB v\u00a0d\u013a\u017eke 18 km<\/strong>. Aj na tejto akcii je dostato\u010dn\u00e9 mno\u017estvo kateg\u00f3ri\u00ed pre v\u0161etk\u00fdch.<br \/>\n<a href=\"https:\/\/d2p6e6u75xmxt8.cloudfront.net\/4\/2022\/09\/Oktober_Slovensko_01.jpg\"><img loading=\"lazy\" decoding=\"async\" src=\"https:\/\/d2p6e6u75xmxt8.cloudfront.net\/4\/2022\/09\/Oktober_Slovensko_01.jpg\" alt=\"\" width=\"990\" height=\"660\" class=\"alignnone size-full wp-image-15824\" \/><\/a><\/p>\n<h2> <strong>08. 10. 2022 BAYNACH MTB Marathon \u2013 Hlohovec<\/strong><\/h2>\n<p>OZ REGI\u00d3N PONDUS organizuje 2. ro\u010dn\u00edk vytrvalostn\u00fdch pretekov horsk\u00fdch bicyklov. Marat\u00f3n je jedine\u010dn\u00fd svojou lokalitou. \u0160tart a cie\u013e je vo viniciach priamo nad obcou Bojni\u010dky a trasa prep\u00e1ja viacero unik\u00e1tnych miest regi\u00f3nu, v\u010faka \u010domu vznikol kr\u00e1sny pretek\u00e1rsky okruh, dokonca s prejazdom are\u00e1lu Hlohoveck\u00e9ho z\u00e1mku. <strong>Pripraven\u00e9 s\u00fa dva okruhy &#8211; krat\u0161\u00ed m\u00e1 23 km a\u00a0dlh\u0161\u00ed 46 km.<\/strong>\n<lite-youtube videoid=pCgulnJH8j0 params=\"enablejsapi=1\" style=\"background-image: url('https:\/\/i.ytimg.com\/vi_webp\/pCgulnJH8j0\/maxresdefault.webp');\"><\/lite-youtube>\n<h2><strong>08. 10. 2022 MAKADO &#8211; Mal\u00e9 Karpatsk\u00e9 Dobrodru\u017estvo \u2013 Bratislava<\/strong><\/h2>\n<p>Pr\u00ed\u010fte za\u017ei\u0165 nezvy\u010dajn\u00e9 preteky na bicykli. Orienta\u010dn\u00e9 preteky dvoj\u00edc na bicykloch. Ka\u017ed\u00e1 dvojica spolo\u010dne h\u013ead\u00e1 kontroln\u00e9 stanovi\u0161tia, ktor\u00e9 s\u00fa zakreslen\u00e9 v\u00a0\u0161peci\u00e1lnej mape. Cie\u013eom dvojice je v \u010dasovom limite takto nazbiera\u0165 \u010do najviac bodov. Svoju trasu si ur\u010duje ka\u017ed\u00e1 dvojica sama pod\u013ea svojich s\u00edl, orienta\u010dn\u00fdch schopnost\u00ed a logick\u00e9ho myslenia. <strong>Okrem cyklistickej s\u00fa\u0165a\u017ee bude prebieha\u0165 aj s\u00fa\u0165a\u017e v rogainingu<\/strong> &#8211; pretekoch dvoj a\u017e \u0161es\u0165 \u010dlenn\u00fdch dru\u017estiev v pe\u0161ej alebo be\u017eeckej orient\u00e1cii na mape.<br \/>\n<figure id=\"attachment_15823\" aria-describedby=\"caption-attachment-15823\" style=\"width: 990px\" class=\"wp-caption alignnone\"><a href=\"https:\/\/d2p6e6u75xmxt8.cloudfront.net\/4\/2022\/09\/Oktober_Slovensko_02.jpg\"><img loading=\"lazy\" decoding=\"async\" src=\"https:\/\/d2p6e6u75xmxt8.cloudfront.net\/4\/2022\/09\/Oktober_Slovensko_02.jpg\" alt=\"Rostislav Navr\u00e1til\" width=\"990\" height=\"660\" class=\"size-full wp-image-15823\" \/><\/a><figcaption id=\"caption-attachment-15823\" class=\"wp-caption-text\">Foto: Rostislav Navr\u00e1til<\/figcaption><\/figure><\/p>\n<div class=\"shortcode-ys-post-pinup\"><article class=\"loop-simple post-15721 post type-post status-publish format-standard has-post-thumbnail hentry category-podujatia tag-akcia tag-belgicko tag-cestna-cyklistika tag-francuzsko tag-horska-cyklistika tag-jesen tag-maraton tag-mtb tag-oktober tag-podujatia tag-preteky tag-skoda tag-skoda-titan-desert tag-spanielsko tag-taliansko tag-trat global-categories-cycling\" data-postid=\"15721\" role=\"article\" data-post-id=\"15721\" data-word-count=\"628\" data-headline-length=\"45\" data-category=\"Podujatia\" data-global-category=\"Cycling\" data-author=\"Radovan Vr\u0161ka\" data-published=\"2022-09-27T10:18:13+02:00\" data-published-day=\"Tuesday\">\n    <div class=\"entry-thumbnail article-thumbnail\" content=\"https:\/\/d2p6e6u75xmxt8.cloudfront.net\/4\/2022\/09\/Cesta_00-150x150.webp\"><a href=\"https:\/\/www.welovecycling.com\/sk\/2022\/09\/27\/oktobrova-desiatka-mtb-a-cestnych-pretekov\/\" class=\"image-holder\" target=\"_self\"><img decoding=\"async\" loading=\"lazy\" class=\"\" src=\"https:\/\/d2p6e6u75xmxt8.cloudfront.net\/4\/2022\/09\/Cesta_00.webp\" srcset=\"https:\/\/d2p6e6u75xmxt8.cloudfront.net\/4\/2022\/09\/Cesta_00.webp 990w, https:\/\/d2p6e6u75xmxt8.cloudfront.net\/4\/2022\/09\/Cesta_00-300x200.webp 300w, https:\/\/d2p6e6u75xmxt8.cloudfront.net\/4\/2022\/09\/Cesta_00-768x512.webp 768w, https:\/\/d2p6e6u75xmxt8.cloudfront.net\/4\/2022\/09\/Cesta_00-272x182.webp 272w\" width=\"990\" height=\"660\" sizes=\"auto, (min-width: 1200px) 300px, (min-width: 768px) 25vw, 100vw\" alt=\"oktobrova-desiatka-mtb-a-cestnych-pretekov\"\/><\/a><\/div>    <div class=\"entry-meta\">\n        <a class=\"label label-secondary post-category\" href=\"https:\/\/www.welovecycling.com\/sk\/category\/podujatia\/\" title=\"Podujatia\">Podujatia<\/a>\n    <\/div>\n    <div class=\"entry-details\">\n        <a href=\"https:\/\/www.welovecycling.com\/sk\/2022\/09\/27\/oktobrova-desiatka-mtb-a-cestnych-pretekov\/\" class='entry-title-wrapper'>\n            <h3 class=\"entry-title\"><span>Okt\u00f3brov\u00e1 desiatka MTB a cestn\u00fdch pretekov<\/span><\/h3>\n        <\/a>\n    <\/div>\n    <\/article>\n<\/div>\n<h2> <strong>16. 10. 2022 Bratislavsk\u00e9 Enduro \u2013 Bratislava<\/strong><\/h2>\n<p>Bratislavsk\u00e9 enduro bude tento rok majstrovstvami Slovenska v Endure a t\u00fdm aj kvalifika\u010dn\u00fdmi pretekmi EWS. Okrem toho ide aj o fin\u00e1lov\u00e9 kolo Slovensk\u00e9ho poh\u00e1ra v Endure. <strong>Celkov\u00e1 d\u013a\u017eka trate je 19,4 km s\u00a0prev\u00fd\u0161en\u00edm 1 036 m.<\/strong> Poradie jazdca v pretekoch sa z\u00edska s\u00fa\u010dtom \u010dasov na r\u00fdchlostn\u00fdch sk\u00fa\u0161kach.\n<lite-youtube videoid=A2jl_rz7Ef4 params=\"enablejsapi=1\" style=\"background-image: url('https:\/\/i.ytimg.com\/vi_webp\/A2jl_rz7Ef4\/maxresdefault.webp');\"><\/lite-youtube>\n","protected":false},"excerpt":{"rendered":"<p>Ke\u010f\u017ee sa n\u00e1m hlavn\u00e1 cyklistick\u00e1 sez\u00f3na kon\u010d\u00ed, je tu posledn\u00fd mesiac, kedy si m\u00f4\u017eete vybera\u0165 z viacer\u00fdch akci\u00ed. Aj vzh\u013eadom [&hellip;]<\/p>\n","protected":false},"author":170,"featured_media":15822,"comment_status":"open","ping_status":"open","sticky":false,"template":"","format":"standard","meta":{"footnotes":""},"categories":[34],"tags":[478,521,227,896,180,286,178,1546,37,179,256,1411,523,72,545,1072,821],"global-categories":[1074],"class_list":["post-15812","post","type-post","status-publish","format-standard","has-post-thumbnail","hentry","category-podujatia","tag-akcia","tag-bratislava","tag-casovka","tag-enduro","tag-horska-cyklistika","tag-jesen","tag-maraton","tag-oktober","tag-podujatia","tag-preteky","tag-sezona","tag-sezona-2022","tag-slovensko","tag-sutaz","tag-trasa","tag-trat","tag-zilina","global-categories-cycling"],"yoast_head":"<!-- This site is optimized with the Yoast SEO Premium plugin v25.3 (Yoast SEO v25.9) - https:\/\/yoast.com\/wordpress\/plugins\/seo\/ -->\n<title>Okt\u00f3brov\u00fd preh\u013ead slovensk\u00fdch podujat\u00ed - \u0160koda We Love Cycling Slovensko<\/title>\n<meta name=\"description\" content=\"Ke\u010f\u017ee sa n\u00e1m hlavn\u00e1 cyklistick\u00e1 sez\u00f3na kon\u010d\u00ed, pon\u00fakame v\u00e1m okt\u00f3brov\u00fd preh\u013ead slovensk\u00fdch podujat\u00ed. M\u00e1me hne\u010f \u0161tyri akcie na za\u010diatku okt\u00f3bra.\" \/>\n<meta name=\"robots\" content=\"index, follow, max-snippet:-1, max-image-preview:large, max-video-preview:-1\" \/>\n<link rel=\"canonical\" href=\"https:\/\/www.welovecycling.com\/sk\/2022\/09\/30\/oktobrovy-prehlad-slovenskych-podujati\/\" \/>\n<meta property=\"og:locale\" content=\"sk_SK\" \/>\n<meta property=\"og:type\" content=\"article\" \/>\n<meta property=\"og:title\" content=\"Okt\u00f3brov\u00fd preh\u013ead slovensk\u00fdch podujat\u00ed\" \/>\n<meta property=\"og:description\" content=\"Ke\u010f\u017ee sa n\u00e1m hlavn\u00e1 cyklistick\u00e1 sez\u00f3na kon\u010d\u00ed, pon\u00fakame v\u00e1m okt\u00f3brov\u00fd preh\u013ead slovensk\u00fdch podujat\u00ed. M\u00e1me hne\u010f \u0161tyri akcie na za\u010diatku okt\u00f3bra.\" \/>\n<meta property=\"og:url\" content=\"https:\/\/www.welovecycling.com\/sk\/2022\/09\/30\/oktobrovy-prehlad-slovenskych-podujati\/\" \/>\n<meta property=\"og:site_name\" content=\"\u0160koda We Love Cycling Slovensko\" \/>\n<meta property=\"article:published_time\" content=\"2022-09-30T08:00:44+00:00\" \/>\n<meta property=\"og:image\" content=\"https:\/\/d2p6e6u75xmxt8.cloudfront.net\/4\/2022\/09\/Oktober_Slovensko_00.webp\" \/>\n\t<meta property=\"og:image:width\" content=\"990\" \/>\n\t<meta property=\"og:image:height\" content=\"660\" \/>\n\t<meta property=\"og:image:type\" content=\"image\/webp\" \/>\n<meta name=\"author\" content=\"miksakova\" \/>\n<meta name=\"twitter:card\" content=\"summary_large_image\" \/>\n<meta name=\"twitter:label1\" content=\"Written by\" \/>\n\t<meta name=\"twitter:data1\" content=\"Radovan Vr\u0161ka\" \/>\n\t<meta name=\"twitter:label2\" content=\"Est. reading time\" \/>\n\t<meta name=\"twitter:data2\" content=\"7\" \/>\n<script type=\"application\/ld+json\" class=\"yoast-schema-graph\">{\"@context\":\"https:\/\/schema.org\",\"@graph\":[{\"@type\":\"WebPage\",\"@id\":\"https:\/\/www.welovecycling.com\/sk\/2022\/09\/30\/oktobrovy-prehlad-slovenskych-podujati\/\",\"url\":\"https:\/\/www.welovecycling.com\/sk\/2022\/09\/30\/oktobrovy-prehlad-slovenskych-podujati\/\",\"name\":\"Okt\u00f3brov\u00fd preh\u013ead slovensk\u00fdch podujat\u00ed - \u0160koda We Love Cycling Slovensko\",\"isPartOf\":{\"@id\":\"https:\/\/www.welovecycling.com\/sk\/#website\"},\"primaryImageOfPage\":{\"@id\":\"https:\/\/www.welovecycling.com\/sk\/2022\/09\/30\/oktobrovy-prehlad-slovenskych-podujati\/#primaryimage\"},\"image\":{\"@id\":\"https:\/\/www.welovecycling.com\/sk\/2022\/09\/30\/oktobrovy-prehlad-slovenskych-podujati\/#primaryimage\"},\"thumbnailUrl\":\"https:\/\/d2p6e6u75xmxt8.cloudfront.net\/4\/2022\/09\/Oktober_Slovensko_00.webp\",\"datePublished\":\"2022-09-30T08:00:44+00:00\",\"author\":{\"@id\":\"https:\/\/www.welovecycling.com\/sk\/#\/schema\/person\/c6ce5af9dceed219d84a07d2ffa2cad9\"},\"description\":\"Ke\u010f\u017ee sa n\u00e1m hlavn\u00e1 cyklistick\u00e1 sez\u00f3na kon\u010d\u00ed, pon\u00fakame v\u00e1m okt\u00f3brov\u00fd preh\u013ead slovensk\u00fdch podujat\u00ed. M\u00e1me hne\u010f \u0161tyri akcie na za\u010diatku okt\u00f3bra.\",\"breadcrumb\":{\"@id\":\"https:\/\/www.welovecycling.com\/sk\/2022\/09\/30\/oktobrovy-prehlad-slovenskych-podujati\/#breadcrumb\"},\"inLanguage\":\"sk-SK\",\"potentialAction\":[{\"@type\":\"ReadAction\",\"target\":[\"https:\/\/www.welovecycling.com\/sk\/2022\/09\/30\/oktobrovy-prehlad-slovenskych-podujati\/\"]}]},{\"@type\":\"ImageObject\",\"inLanguage\":\"sk-SK\",\"@id\":\"https:\/\/www.welovecycling.com\/sk\/2022\/09\/30\/oktobrovy-prehlad-slovenskych-podujati\/#primaryimage\",\"url\":\"https:\/\/d2p6e6u75xmxt8.cloudfront.net\/4\/2022\/09\/Oktober_Slovensko_00.webp\",\"contentUrl\":\"https:\/\/d2p6e6u75xmxt8.cloudfront.net\/4\/2022\/09\/Oktober_Slovensko_00.webp\",\"width\":990,\"height\":660},{\"@type\":\"BreadcrumbList\",\"@id\":\"https:\/\/www.welovecycling.com\/sk\/2022\/09\/30\/oktobrovy-prehlad-slovenskych-podujati\/#breadcrumb\",\"itemListElement\":[{\"@type\":\"ListItem\",\"position\":1,\"name\":\"Home\",\"item\":\"https:\/\/www.welovecycling.com\/sk\/\"},{\"@type\":\"ListItem\",\"position\":2,\"name\":\"Okt\u00f3brov\u00fd preh\u013ead slovensk\u00fdch podujat\u00ed\"}]},{\"@type\":\"WebSite\",\"@id\":\"https:\/\/www.welovecycling.com\/sk\/#website\",\"url\":\"https:\/\/www.welovecycling.com\/sk\/\",\"name\":\"\u0160koda We Love Cycling Slovensko\",\"description\":\"\u0160koda We Love Cycling Slovensko je v\u00e1\u0161 ka\u017edodenn\u00fd zdroj noviniek a in\u0161pir\u00e1cie z sveta cyklistiky\",\"potentialAction\":[{\"@type\":\"SearchAction\",\"target\":{\"@type\":\"EntryPoint\",\"urlTemplate\":\"https:\/\/www.welovecycling.com\/sk\/?s={search_term_string}\"},\"query-input\":{\"@type\":\"PropertyValueSpecification\",\"valueRequired\":true,\"valueName\":\"search_term_string\"}}],\"inLanguage\":\"sk-SK\"},{\"@type\":\"Person\",\"@id\":\"https:\/\/www.welovecycling.com\/sk\/#\/schema\/person\/c6ce5af9dceed219d84a07d2ffa2cad9\",\"name\":\"miksakova\",\"image\":{\"@type\":\"ImageObject\",\"inLanguage\":\"sk-SK\",\"@id\":\"https:\/\/www.welovecycling.com\/sk\/#\/schema\/person\/image\/\",\"url\":\"https:\/\/secure.gravatar.com\/avatar\/3663fb8acb50de04150ea6f7afc1bc15aba80aad4bf92aee01bd38a79084eb7a?s=96&d=mm&r=g\",\"contentUrl\":\"https:\/\/secure.gravatar.com\/avatar\/3663fb8acb50de04150ea6f7afc1bc15aba80aad4bf92aee01bd38a79084eb7a?s=96&d=mm&r=g\",\"caption\":\"miksakova\"},\"url\":\"https:\/\/www.welovecycling.com\/sk\/author\/miksakova\/\"}]}<\/script>\n<!-- \/ Yoast SEO Premium plugin. -->","yoast_head_json":{"title":"Okt\u00f3brov\u00fd preh\u013ead slovensk\u00fdch podujat\u00ed - \u0160koda We Love Cycling Slovensko","description":"Ke\u010f\u017ee sa n\u00e1m hlavn\u00e1 cyklistick\u00e1 sez\u00f3na kon\u010d\u00ed, pon\u00fakame v\u00e1m okt\u00f3brov\u00fd preh\u013ead slovensk\u00fdch podujat\u00ed. M\u00e1me hne\u010f \u0161tyri akcie na za\u010diatku okt\u00f3bra.","robots":{"index":"index","follow":"follow","max-snippet":"max-snippet:-1","max-image-preview":"max-image-preview:large","max-video-preview":"max-video-preview:-1"},"canonical":"https:\/\/www.welovecycling.com\/sk\/2022\/09\/30\/oktobrovy-prehlad-slovenskych-podujati\/","og_locale":"sk_SK","og_type":"article","og_title":"Okt\u00f3brov\u00fd preh\u013ead slovensk\u00fdch podujat\u00ed","og_description":"Ke\u010f\u017ee sa n\u00e1m hlavn\u00e1 cyklistick\u00e1 sez\u00f3na kon\u010d\u00ed, pon\u00fakame v\u00e1m okt\u00f3brov\u00fd preh\u013ead slovensk\u00fdch podujat\u00ed. M\u00e1me hne\u010f \u0161tyri akcie na za\u010diatku okt\u00f3bra.","og_url":"https:\/\/www.welovecycling.com\/sk\/2022\/09\/30\/oktobrovy-prehlad-slovenskych-podujati\/","og_site_name":"\u0160koda We Love Cycling Slovensko","article_published_time":"2022-09-30T08:00:44+00:00","og_image":[{"width":990,"height":660,"url":"https:\/\/d2p6e6u75xmxt8.cloudfront.net\/4\/2022\/09\/Oktober_Slovensko_00.webp","type":"image\/webp"}],"author":"miksakova","twitter_card":"summary_large_image","twitter_misc":{"Written by":"Radovan Vr\u0161ka","Est. reading time":"7"},"schema":{"@context":"https:\/\/schema.org","@graph":[{"@type":"WebPage","@id":"https:\/\/www.welovecycling.com\/sk\/2022\/09\/30\/oktobrovy-prehlad-slovenskych-podujati\/","url":"https:\/\/www.welovecycling.com\/sk\/2022\/09\/30\/oktobrovy-prehlad-slovenskych-podujati\/","name":"Okt\u00f3brov\u00fd preh\u013ead slovensk\u00fdch podujat\u00ed - \u0160koda We Love Cycling Slovensko","isPartOf":{"@id":"https:\/\/www.welovecycling.com\/sk\/#website"},"primaryImageOfPage":{"@id":"https:\/\/www.welovecycling.com\/sk\/2022\/09\/30\/oktobrovy-prehlad-slovenskych-podujati\/#primaryimage"},"image":{"@id":"https:\/\/www.welovecycling.com\/sk\/2022\/09\/30\/oktobrovy-prehlad-slovenskych-podujati\/#primaryimage"},"thumbnailUrl":"https:\/\/d2p6e6u75xmxt8.cloudfront.net\/4\/2022\/09\/Oktober_Slovensko_00.webp","datePublished":"2022-09-30T08:00:44+00:00","author":{"@id":"https:\/\/www.welovecycling.com\/sk\/#\/schema\/person\/c6ce5af9dceed219d84a07d2ffa2cad9"},"description":"Ke\u010f\u017ee sa n\u00e1m hlavn\u00e1 cyklistick\u00e1 sez\u00f3na kon\u010d\u00ed, pon\u00fakame v\u00e1m okt\u00f3brov\u00fd preh\u013ead slovensk\u00fdch podujat\u00ed. M\u00e1me hne\u010f \u0161tyri akcie na za\u010diatku okt\u00f3bra.","breadcrumb":{"@id":"https:\/\/www.welovecycling.com\/sk\/2022\/09\/30\/oktobrovy-prehlad-slovenskych-podujati\/#breadcrumb"},"inLanguage":"sk-SK","potentialAction":[{"@type":"ReadAction","target":["https:\/\/www.welovecycling.com\/sk\/2022\/09\/30\/oktobrovy-prehlad-slovenskych-podujati\/"]}]},{"@type":"ImageObject","inLanguage":"sk-SK","@id":"https:\/\/www.welovecycling.com\/sk\/2022\/09\/30\/oktobrovy-prehlad-slovenskych-podujati\/#primaryimage","url":"https:\/\/d2p6e6u75xmxt8.cloudfront.net\/4\/2022\/09\/Oktober_Slovensko_00.webp","contentUrl":"https:\/\/d2p6e6u75xmxt8.cloudfront.net\/4\/2022\/09\/Oktober_Slovensko_00.webp","width":990,"height":660},{"@type":"BreadcrumbList","@id":"https:\/\/www.welovecycling.com\/sk\/2022\/09\/30\/oktobrovy-prehlad-slovenskych-podujati\/#breadcrumb","itemListElement":[{"@type":"ListItem","position":1,"name":"Home","item":"https:\/\/www.welovecycling.com\/sk\/"},{"@type":"ListItem","position":2,"name":"Okt\u00f3brov\u00fd preh\u013ead slovensk\u00fdch podujat\u00ed"}]},{"@type":"WebSite","@id":"https:\/\/www.welovecycling.com\/sk\/#website","url":"https:\/\/www.welovecycling.com\/sk\/","name":"\u0160koda We Love Cycling Slovensko","description":"\u0160koda We Love Cycling Slovensko je v\u00e1\u0161 ka\u017edodenn\u00fd zdroj noviniek a in\u0161pir\u00e1cie z sveta cyklistiky","potentialAction":[{"@type":"SearchAction","target":{"@type":"EntryPoint","urlTemplate":"https:\/\/www.welovecycling.com\/sk\/?s={search_term_string}"},"query-input":{"@type":"PropertyValueSpecification","valueRequired":true,"valueName":"search_term_string"}}],"inLanguage":"sk-SK"},{"@type":"Person","@id":"https:\/\/www.welovecycling.com\/sk\/#\/schema\/person\/c6ce5af9dceed219d84a07d2ffa2cad9","name":"miksakova","image":{"@type":"ImageObject","inLanguage":"sk-SK","@id":"https:\/\/www.welovecycling.com\/sk\/#\/schema\/person\/image\/","url":"https:\/\/secure.gravatar.com\/avatar\/3663fb8acb50de04150ea6f7afc1bc15aba80aad4bf92aee01bd38a79084eb7a?s=96&d=mm&r=g","contentUrl":"https:\/\/secure.gravatar.com\/avatar\/3663fb8acb50de04150ea6f7afc1bc15aba80aad4bf92aee01bd38a79084eb7a?s=96&d=mm&r=g","caption":"miksakova"},"url":"https:\/\/www.welovecycling.com\/sk\/author\/miksakova\/"}]}},"_links":{"self":[{"href":"https:\/\/www.welovecycling.com\/sk\/wp-json\/wp\/v2\/posts\/15812","targetHints":{"allow":["GET"]}}],"collection":[{"href":"https:\/\/www.welovecycling.com\/sk\/wp-json\/wp\/v2\/posts"}],"about":[{"href":"https:\/\/www.welovecycling.com\/sk\/wp-json\/wp\/v2\/types\/post"}],"author":[{"embeddable":true,"href":"https:\/\/www.welovecycling.com\/sk\/wp-json\/wp\/v2\/users\/170"}],"replies":[{"embeddable":true,"href":"https:\/\/www.welovecycling.com\/sk\/wp-json\/wp\/v2\/comments?post=15812"}],"version-history":[{"count":2,"href":"https:\/\/www.welovecycling.com\/sk\/wp-json\/wp\/v2\/posts\/15812\/revisions"}],"predecessor-version":[{"id":15832,"href":"https:\/\/www.welovecycling.com\/sk\/wp-json\/wp\/v2\/posts\/15812\/revisions\/15832"}],"wp:featuredmedia":[{"embeddable":true,"href":"https:\/\/www.welovecycling.com\/sk\/wp-json\/wp\/v2\/media\/15822"}],"wp:attachment":[{"href":"https:\/\/www.welovecycling.com\/sk\/wp-json\/wp\/v2\/media?parent=15812"}],"wp:term":[{"taxonomy":"category","embeddable":true,"href":"https:\/\/www.welovecycling.com\/sk\/wp-json\/wp\/v2\/categories?post=15812"},{"taxonomy":"post_tag","embeddable":true,"href":"https:\/\/www.welovecycling.com\/sk\/wp-json\/wp\/v2\/tags?post=15812"},{"taxonomy":"global-categories","embeddable":true,"href":"https:\/\/www.welovecycling.com\/sk\/wp-json\/wp\/v2\/global-categories?post=15812"}],"curies":[{"name":"wp","href":"https:\/\/api.w.org\/{rel}","templated":true}]}}