{"id":15740,"date":"2022-09-28T16:15:22","date_gmt":"2022-09-28T14:15:22","guid":{"rendered":"https:\/\/www.welovecycling.com\/sk\/?p=15740"},"modified":"2022-09-29T12:57:26","modified_gmt":"2022-09-29T10:57:26","slug":"skoda-bike-open-tour-2022-a-bajkerky-krasky-slovenska-pokope","status":"publish","type":"post","link":"https:\/\/www.welovecycling.com\/sk\/2022\/09\/28\/skoda-bike-open-tour-2022-a-bajkerky-krasky-slovenska-pokope\/","title":{"rendered":"\u0160koda BIKE OPEN TOUR 2022 a Bajkerky &#8211; kr\u00e1s(k)y Slovenska pokope"},"content":{"rendered":"<p><strong>Po\u010das celej s\u00e9rie \u0160koda BIKE OPEN TOUR 2022 n\u00e1s sprev\u00e1dzala skupina cyklistiek, ktor\u00e9 s\u00fa zdru\u017een\u00e9 pod n\u00e1zvom <a href=\"https:\/\/www.instagram.com\/bajkerky\/\" target=\"_blank\" rel=\"noopener\">Bajkerky<\/a>. Poch\u00e1dzaj\u00fa v\u00e4\u010d\u0161inou z\u00a0Bratislavy a\u00a0naj\u010dastej\u0161ie jazdia na ich ob\u013e\u00faben\u00fdch trailoch v\u00a0Mal\u00fdch Karpatoch. Pod\u013ea ich vlastn\u00fdch slov mali to\u013eko z\u00e1\u017eitkov, fotiek a nad\u0161enia z bajkovania, \u017ee to u\u017e nevydr\u017eali a\u00a0vznikla t\u00e1to zauj\u00edmav\u00e1 iniciat\u00edva.<\/strong><!--more--><\/p>\n<p>Po\u010das \u0160BOT marat\u00f3nov prin\u00e1\u0161ali tipy k\u00a0jednotliv\u00fdm kol\u00e1m, rady ako zvl\u00e1dnu\u0165 n\u00e1ro\u010dnej\u0161ie trasy \u010di \u0165a\u017ek\u00e9 \u00faseky. Nie je to v\u0161ak v\u0161etko, \u010do robia a\u00a0na <a href=\"https:\/\/www.facebook.com\/bajkerky\/\">ich str\u00e1nkach<\/a> n\u00e1jdete aj tipy na zauj\u00edmav\u00e9 lokality, kam sa m\u00f4\u017eete vybra\u0165 jazdi\u0165, ako zvl\u00e1dnu\u0165 prv\u00fa pomoc pri zranen\u00ed, alebo napr\u00edklad aj o\u00a0tom, \u017ee na dovolenke v\u00a0Chorv\u00e1tsku nemus\u00edte len le\u017ea\u0165 na pl\u00e1\u017ei, ale m\u00f4\u017eete objavova\u0165 miestne cyklotrasy.<\/p>\n<p>Na rozhovor som si pozval Ninu Mikl\u00edkov\u00fa a\u00a0Denisu Dubovsk\u00fa. Nina tento rok akt\u00edvne nepretekala, preto\u017ee \u010dak\u00e1 b\u00e1b\u00e4tko, ale celej s\u00e9rie sa akt\u00edvne z\u00fa\u010dast\u0148ovala, tak som sa jej sp\u00fdtal na inform\u00e1cie zo z\u00e1kulisia. Denisa odjazdila v\u0161etky kol\u00e1 a\u00a0tak sa v jej podan\u00ed trochu bli\u017e\u0161ie pozrieme na to, ako zvl\u00e1dla jednotliv\u00e9 marat\u00f3ny.<\/p>\n<h2><strong>Nina Mikl\u00edkov\u00e1 (Bajkerky)<\/strong><\/h2>\n<p><strong>V\u00a0\u00favode som u\u017e stru\u010dne spomenul nie\u010do o\u00a0va\u0161ej iniciat\u00edve Bajkerky, vie\u0161 v\u0161ak trochu viac pribl\u00ed\u017ei\u0165, kto ste a\u00a0\u010do v\u0161etko rob\u00edte?<\/strong><br \/>\n<em>Sme otvoren\u00e1 komunita, ktor\u00e1 sp\u00e1ja \u017eeny na bicykloch, najm\u00e4 teda tie na horsk\u00fdch. Vznikli sme, preto\u017ee sme chceli jazdi\u0165 s\u00a0kamo\u0161kami, s\u00a0ktor\u00fdmi m\u00f4\u017eeme zdie\u013ea\u0165 t\u00fato v\u00e1\u0161e\u0148. Po\u010das rokov sa preto t\u00e1to komunita menila, niektor\u00e9 prich\u00e1dzali, in\u00e9 odch\u00e1dzali, ale v\u00e1\u0161e\u0148 pre cyklistiku zostala. Fungovali sme najm\u00e4 v\u00a0okol\u00ed Bratislavy a\u00a0teda na\u0161e domovsk\u00e9 kopce s\u00fa Karpaty. R\u00e1s\u0165 vo v\u00e4\u010d\u0161om sme za\u010dali s\u00a0n\u00e1padom organizova\u0165 kempy len pre bajkerky, kde sa zrazu za\u010dali prihlasova\u0165 \u017eeny z\u00a0cel\u00e9ho Slovenska, \u010do n\u00e1s milo prekvapilo. V\u00a0nadv\u00e4znosti na tieto kempy sme organizovali v\u00fdlety po Slovensku, kde sme sa stret\u00e1vali s\u00a0in\u00fdmi bajkerkami a\u00a0za\u010dali rie\u0161i\u0165 spolo\u010dn\u00e9 t\u00e9my, ktor\u00e9 sa sna\u017e\u00edme \u201erozl\u00fasknu\u0165\u201c na soci\u00e1lnych sie\u0165ach a\u00a0h\u013ead\u00e1me odpovede a\u00a0sk\u00fasenosti priamo u\u00a0bajkeriek.<\/em><\/p>\n<p><a href=\"https:\/\/d2p6e6u75xmxt8.cloudfront.net\/4\/2022\/09\/wlc-0.jpg\"><img loading=\"lazy\" decoding=\"async\" class=\"alignnone size-full wp-image-15747\" src=\"https:\/\/d2p6e6u75xmxt8.cloudfront.net\/4\/2022\/09\/wlc-0.jpg\" alt=\"\" width=\"990\" height=\"660\" \/><\/a><\/p>\n<p><strong>Ke\u010f\u017ee si tento rok akt\u00edvne nejazdila, pozerala si sa cel\u00fa s\u00e9riu \u0160koda BIKE OPEN TOUR akoby zo z\u00e1kulisia. Ako by si zhodnotila cel\u00fd tento projekt?<\/strong><br \/>\n<em>Po dlh\u0161om \u010dase som sa op\u00e4\u0165 ocitla v\u00a0pretekovom kole\u010dku, aj ke\u010f z\u00a0druhej strany. Marat\u00f3ny som akt\u00edvne vyh\u013ead\u00e1vala p\u00e1r rokov dozadu, potom pri\u0161iel zlom a\u00a0za\u010dala som jazdi\u0165 viac enduro discipl\u00ednu, tak\u017ee to bolo naozaj pr\u00edjemn\u00e9 o\u017eivenie m\u00f4jho tehotensk\u00e9ho obdobia. Prekvapila ma profesion\u00e1lna organiz\u00e1cia, bohat\u00e9 \u0161tartovacie bal\u00ed\u010dky, skvel\u00e9 zna\u010denie, pr\u00edstup v\u00a0trieden\u00ed odpadu a\u00a0pre m\u0148a aj sprievodn\u00e9 aktivity.<\/em><\/p>\n<p>https:\/\/www.instagram.com\/p\/CTuZ4q7KEgU\/<br \/>\n<strong>Vedela by si sa stru\u010dne pozrie\u0165 aj na jednotliv\u00e9 kol\u00e1, ktor\u00e9 lokality \u0165a zaujali, alebo \u010d\u00edm boli tento rok \u0161pecifick\u00e9?<\/strong><br \/>\n<em>Ka\u017ed\u00e9 jedno kolo bolo zauj\u00edmav\u00e9 v\u00a0nie\u010dom inom, lokality boli naozaj ve\u013emi pekne vybrat\u00e9, \u010di u\u017e i\u0161lo o\u00a0<a href=\"https:\/\/www.welovecycling.com\/sk\/2022\/06\/15\/reportaz-skoda-slovensky-raj-jedinecne-jazdenie-v-narodnom-parku\/\" target=\"_blank\" rel=\"noopener\">Slovensk\u00fd raj<\/a>, kde sa \u0161tandardne nejazd\u00ed, <a href=\"https:\/\/www.welovecycling.com\/sk\/2022\/05\/26\/reportaz-skoda-mtb-maraton-rajecke-teplice-dokonaly-start-sezony\/\" target=\"_blank\" rel=\"noopener\">Rajeck\u00e9 Teplice<\/a>, ktor\u00e9 maj\u00fa neuverite\u013en\u00e9 z\u00e1zemie s\u00a0kr\u00e1snymi v\u00fdh\u013eadmi, <a href=\"https:\/\/www.welovecycling.com\/sk\/2022\/06\/01\/reportaz-skoda-mtb-maraton-levocske-vrchy-preteky-s-najkrajsimi-vyhladmi\/\" target=\"_blank\" rel=\"noopener\">Levo\u010da<\/a>, kde boli v\u00a0tento de\u0148 dostupn\u00e9 pre \u00fa\u010dastn\u00edkov pamiatky mesta, <a href=\"https:\/\/www.welovecycling.com\/sk\/2022\/08\/17\/reportaz-skoda-horal-mtb-maraton-ukoncenie-serie-v-krasnom-prostredi-vysokych-tatier\/\" target=\"_blank\" rel=\"noopener\">Svit<\/a>, ktor\u00fd mal z\u00a0m\u00f4jho poh\u013eadu najakt\u00edvnej\u0161\u00edch fan\u00fa\u0161ikov, alebo <a href=\"https:\/\/www.welovecycling.com\/sk\/2022\/06\/28\/reportaz-skoda-mtb-cyklomaraton-topolcianky-dejisko-majstrovstiev-slovenska\/\" target=\"_blank\" rel=\"noopener\">Topo\u013e\u010dianky<\/a>, kde tra\u0165 viedla cez kr\u00e1sne scen\u00e9rie, \u010do som ako fan\u00fa\u0161ik ocenila.<\/em><\/p>\n<div id='gallery-1' class='gallery galleryid-15740 gallery-columns-2 gallery-size-full'><figure class='gallery-item'>\n\t\t\t<div class='gallery-icon landscape'>\n\t\t\t\t<a href='https:\/\/d2p6e6u75xmxt8.cloudfront.net\/4\/2022\/09\/wlc-2.webp'><img loading=\"lazy\" decoding=\"async\" width=\"990\" height=\"660\" src=\"https:\/\/d2p6e6u75xmxt8.cloudfront.net\/4\/2022\/09\/wlc-2.webp\" class=\"attachment-full size-full\" alt=\"\" srcset=\"https:\/\/d2p6e6u75xmxt8.cloudfront.net\/4\/2022\/09\/wlc-2.webp 990w, https:\/\/d2p6e6u75xmxt8.cloudfront.net\/4\/2022\/09\/wlc-2-300x200.webp 300w, https:\/\/d2p6e6u75xmxt8.cloudfront.net\/4\/2022\/09\/wlc-2-768x512.webp 768w, https:\/\/d2p6e6u75xmxt8.cloudfront.net\/4\/2022\/09\/wlc-2-272x182.webp 272w\" sizes=\"auto, (max-width: 990px) 100vw, 990px\" \/><\/a>\n\t\t\t<\/div><\/figure><figure class='gallery-item'>\n\t\t\t<div class='gallery-icon landscape'>\n\t\t\t\t<a href='https:\/\/d2p6e6u75xmxt8.cloudfront.net\/4\/2022\/09\/wlc-3.webp'><img loading=\"lazy\" decoding=\"async\" width=\"990\" height=\"660\" src=\"https:\/\/d2p6e6u75xmxt8.cloudfront.net\/4\/2022\/09\/wlc-3.webp\" class=\"attachment-full size-full\" alt=\"\" srcset=\"https:\/\/d2p6e6u75xmxt8.cloudfront.net\/4\/2022\/09\/wlc-3.webp 990w, https:\/\/d2p6e6u75xmxt8.cloudfront.net\/4\/2022\/09\/wlc-3-300x200.webp 300w, https:\/\/d2p6e6u75xmxt8.cloudfront.net\/4\/2022\/09\/wlc-3-768x512.webp 768w, https:\/\/d2p6e6u75xmxt8.cloudfront.net\/4\/2022\/09\/wlc-3-272x182.webp 272w\" sizes=\"auto, (max-width: 990px) 100vw, 990px\" \/><\/a>\n\t\t\t<\/div><\/figure>\n\t\t<\/div>\n\n<p><strong>Ako by si motivovala cyklistky, ktor\u00e9 mo\u017eno aj uva\u017eovali o\u00a0tom, \u017ee sa prihl\u00e1sia na preteky, ale nakoniec to neurobili a myslia si, \u017ee na to nemaj\u00fa odvahu?<\/strong><br \/>\n<em>Odpor\u00fa\u010dam sk\u00fasi\u0165 si krat\u0161iu tra\u0165 na za\u010diatok. Div\u00e1ci, ostatn\u00ed \u00fa\u010dastn\u00edci a atmosf\u00e9ra z\u00e1zemia ich ur\u010dite presved\u010d\u00ed o\u00a0tom, \u017ee urobili spr\u00e1vne, ke\u010f si to pri\u0161li vysk\u00fa\u0161a\u0165. V\u010faka tejto s\u00e9rii sa cez n\u00e1s prihl\u00e1silo nieko\u013eko diev\u010dat, ktor\u00e9 si to i\u0161li sk\u00fasi\u0165 a\u00a0po prvom kole sa rovno prihl\u00e1sili op\u00e4\u0165.<\/em><\/p>\n<p><strong>\u017densk\u00e1 cyklistika bola dlh\u00e9 roky v\u00a0\u00fazad\u00ed, ale na\u0161\u0165astie posledn\u00e9 roky sa \u010doraz viac popularizuje. \u010co by pod\u013ea teba pomohlo \u017eenskej cyklistike a\u00a0ide v\u00f4bec spr\u00e1vnym smerom?<\/strong><br \/>\n<em>Ka\u017ed\u00e1 aktivita, ktor\u00e9 sa rob\u00ed s\u00a0oh\u013eadom na \u017eeny, prin\u00e1\u0161a ovocie. \u010ci u\u017e s\u00fa to spolo\u010dn\u00e9 v\u00fdlety, kempy zameran\u00e9 na techniku, obchody, ktor\u00e9 sa za\u010dali viac venova\u0165 \u017eensk\u00e9mu segmentu. Z\u00a0n\u00e1\u0161ho poh\u013eadu je to st\u00e1le m\u00e1lo a\u00a0preto chceme roz\u0161irova\u0165 povedomie o\u00a0\u017eenskej cyklistike aj na\u010falej, prin\u00e1\u0161a\u0165 novinky a\u00a0tipy pre ostatn\u00e9 \u017eeny. Spr\u00e1vnym smerom rozhodne ide, \u010do potvrdzuj\u00fa po\u010dty prihl\u00e1sen\u00fdch \u017eien na r\u00f4znych pretekoch, ale najm\u00e4 po\u010det bajkeriek priamo v\u00a0lese.<\/em><\/p>\n<p><a href=\"https:\/\/d2p6e6u75xmxt8.cloudfront.net\/4\/2022\/09\/wlc-10.jpg\"><img loading=\"lazy\" decoding=\"async\" class=\"alignnone size-full wp-image-15750\" src=\"https:\/\/d2p6e6u75xmxt8.cloudfront.net\/4\/2022\/09\/wlc-10.jpg\" alt=\"\" width=\"990\" height=\"660\" \/><\/a><\/p>\n<h2><strong>Denisa Dubovsk\u00e1<\/strong><\/h2>\n<p><strong>Odjazdila si za Bajkerky v\u0161etky kol\u00e1 po\u010das \u0160koda BIKE OPEN TOUR, ak\u00fd je tvoj poh\u013ead na cel\u00fa s\u00e9riu priamo z\u00a0miesta diania?<\/strong><br \/>\n<em>T\u00fato s\u00e9riu jazd\u00edm rada. V\u017edy si m\u00f4\u017eem by\u0165 ist\u00e1, \u017ee preteky pod hlavi\u010dkou \u0160koda bud\u00fa plne zabezpe\u010den\u00e9. Nikdy tu ni\u010d nech\u00fdba, \u010do sa t\u00fdka z\u00e1zemia. Mil\u00fd je aj koncept tak\u00fdch rodinn\u00fdch pretekov pre ka\u017ed\u00e9ho. \u0160koda ako jedin\u00e1 pon\u00faka preteky, kde z\u00e1rove\u0148 jazdia klasik\u00e1ri, \u201eelektrik\u00e1ri\u201d, \u010di cyklisti na graveloch a rodiny s de\u0165mi. Cel\u00e9 to potom naber\u00e1 in\u00fd n\u00e1dych a atmosf\u00e9ru. Z\u00e1rove\u0148 sa v\u017edy m\u00f4\u017eeme te\u0161i\u0165 na luxusn\u00fa tombolu, tak\u017ee \u010do doda\u0165. \ud83d\ude42<\/em><\/p>\n<p><a href=\"https:\/\/d2p6e6u75xmxt8.cloudfront.net\/4\/2022\/09\/wlc-11.jpg\"><img loading=\"lazy\" decoding=\"async\" class=\"alignnone size-full wp-image-15751\" src=\"https:\/\/d2p6e6u75xmxt8.cloudfront.net\/4\/2022\/09\/wlc-11.jpg\" alt=\"\" width=\"990\" height=\"660\" \/><\/a><\/p>\n<p><strong>Ktor\u00e9 kol\u00e1 v\u00a0r\u00e1mci celej s\u00e9rie sa ti jazdili najlep\u0161ie?<\/strong><br \/>\n<em>Moje TOP s\u00fa rozhodne Topo\u013e\u010dianky a Slovensk\u00fd raj, aj ke\u010f ka\u017ed\u00e9 pre nie\u010do in\u00e9. Topo\u013e\u010dianky s\u00fa mojou srdcovkou u\u017e zop\u00e1r rokov. Preteky ved\u00fa pekn\u00fdmi trailami a je sa tam kde vybl\u00e1zni\u0165. Nech\u00fdbaj\u00fa technick\u00e9 \u00faseky a kr\u00e1sne prostredie. Navy\u0161e z\u00e1zemie na \u0161tadi\u00f3ne je ve\u013emi praktick\u00e9 a pretek\u00e1r m\u00e1 v\u0161etko potrebn\u00e9 pekne po ruke. \u010co sa t\u00fdka Slovensk\u00e9ho raja, tieto preteky s\u00fa zasa r\u00fdchle a pln\u00e9 kr\u00e1snych v\u00fdh\u013eadov, ktor\u00e9 stoj\u00ed za to, si pr\u00eds\u0165 vychutna\u0165. Trasa vedie cez chr\u00e1nen\u00e9 oblasti NP, v ktor\u00fdch je be\u017ene pohyb cyklistov zak\u00e1zan\u00fd. Je to teda jedine\u010dn\u00e1 mo\u017enos\u0165 jazdenia, ktor\u00e1 sa naskytne len raz za rok a nedalo by mi nevyu\u017ei\u0165 ju.<\/em><\/p>\n<p><a href=\"https:\/\/d2p6e6u75xmxt8.cloudfront.net\/4\/2022\/09\/wlc-8.jpg\"><img loading=\"lazy\" decoding=\"async\" class=\"alignnone size-full wp-image-15752\" src=\"https:\/\/d2p6e6u75xmxt8.cloudfront.net\/4\/2022\/09\/wlc-8.jpg\" alt=\"\" width=\"990\" height=\"660\" \/><\/a><\/p>\n<p><strong>Ktor\u00e9 kolo bolo\u00a0tvojho poh\u013eadu naj\u0165a\u017e\u0161ie?<\/strong><br \/>\n<em>Ur\u010dite Topo\u013e\u010dianky, ale v dobrom :). Ako som spom\u00ednala vy\u0161\u0161ie, s\u00fa spr\u00e1vne technick\u00e9 a pln\u00e9 singlov. Navy\u0161e n\u00e1s tu \u010dak\u00e1 legend\u00e1rny v\u00fd\u0161\u013eap na hrad Hru\u0161ov, kde ve\u013ea bajkerov kon\u010d\u00ed tla\u010den\u00edm svojho stroja ved\u013ea seba. St\u00fapanie je skuto\u010dne ostr\u00e9 a na dlhej trase n\u00e1s tadia\u013e preved\u00fa dvakr\u00e1t. Tra\u0165 v Topo\u013e\u010diankach teda rozhodne ned\u00e1 nikomu ni\u010d zadarmo a prever\u00ed techniku aj odhodlanie ka\u017ed\u00e9ho pretek\u00e1ra. Osobne m\u00e1m v\u0161ak technick\u00e9 trate rada, tak\u017ee pre m\u0148a s\u00fa neodmyslite\u013enou s\u00fa\u010das\u0165ou kalend\u00e1ra.<\/em><\/p>\n<p>https:\/\/www.instagram.com\/p\/CfWBsdTKRz6\/<br \/>\n<strong>\u010co by si na \u0160BOT pochv\u00e1lila a\u00a0naopak, \u010do by si bud\u00faci rok zmenila?<\/strong><br \/>\n<em>Ur\u010dite treba pochv\u00e1li\u0165 z\u00e1zemie pretekov, v ktorom \u0160BOT na Slovensku nem\u00e1 konkurenciu. Ka\u017ed\u00fd si m\u00f4\u017ee by\u0165 ist\u00fd, \u017ee ke\u010f ide na preteky tohto seri\u00e1lu, m\u00f4\u017ee \u010daka\u0165 absol\u00fatne pohodlie a navy\u0161e sprievodn\u00fd program a atrakcie pre cel\u00fa rodinku. Mil\u00e9 je aj spojenie s detsk\u00fdmi pretekmi a Family tra\u0165ou pre rodi\u010da a die\u0165a. Takto sa akcia st\u00e1va dostupnou naozaj pre v\u0161etk\u00fdch. Tento rok bola s\u00e9ria s\u00fastreden\u00e1 viac smerom na v\u00fdchod, \u010do znamenalo ve\u013ea cestovania. Z m\u00f4jho subjekt\u00edvneho poh\u013eadu mi ch\u00fdbali preteky viac doma, teda ur\u010dite by som rada \u0160BOT priv\u00edtala aj v Karpatoch. Ve\u013emi pekn\u00e9 boli ekologick\u00e9 prvky, ktor\u00e9 do pretekov zaviedli organiz\u00e1tori z Levo\u010de. Ochrana \u017eivotn\u00e9ho prostredia je dnes t\u00e9ma, ktor\u00e1 tr\u00e1pi cel\u00fd svet a ur\u010dite by bolo super sa \u0148ou viac zaobera\u0165 aj v r\u00e1mci tak\u00fdchto podujat\u00ed.<\/em><\/p>\n<div id='gallery-2' class='gallery galleryid-15740 gallery-columns-2 gallery-size-full'><figure class='gallery-item'>\n\t\t\t<div class='gallery-icon landscape'>\n\t\t\t\t<a href='https:\/\/d2p6e6u75xmxt8.cloudfront.net\/4\/2022\/09\/wlc-12.webp'><img loading=\"lazy\" decoding=\"async\" width=\"990\" height=\"660\" src=\"https:\/\/d2p6e6u75xmxt8.cloudfront.net\/4\/2022\/09\/wlc-12.webp\" class=\"attachment-full size-full\" alt=\"\" srcset=\"https:\/\/d2p6e6u75xmxt8.cloudfront.net\/4\/2022\/09\/wlc-12.webp 990w, https:\/\/d2p6e6u75xmxt8.cloudfront.net\/4\/2022\/09\/wlc-12-300x200.webp 300w, https:\/\/d2p6e6u75xmxt8.cloudfront.net\/4\/2022\/09\/wlc-12-768x512.webp 768w, https:\/\/d2p6e6u75xmxt8.cloudfront.net\/4\/2022\/09\/wlc-12-272x182.webp 272w\" sizes=\"auto, (max-width: 990px) 100vw, 990px\" \/><\/a>\n\t\t\t<\/div><\/figure><figure class='gallery-item'>\n\t\t\t<div class='gallery-icon landscape'>\n\t\t\t\t<a href='https:\/\/d2p6e6u75xmxt8.cloudfront.net\/4\/2022\/09\/wlc-13.webp'><img loading=\"lazy\" decoding=\"async\" width=\"990\" height=\"660\" src=\"https:\/\/d2p6e6u75xmxt8.cloudfront.net\/4\/2022\/09\/wlc-13.webp\" class=\"attachment-full size-full\" alt=\"\" srcset=\"https:\/\/d2p6e6u75xmxt8.cloudfront.net\/4\/2022\/09\/wlc-13.webp 990w, https:\/\/d2p6e6u75xmxt8.cloudfront.net\/4\/2022\/09\/wlc-13-300x200.webp 300w, https:\/\/d2p6e6u75xmxt8.cloudfront.net\/4\/2022\/09\/wlc-13-768x512.webp 768w, https:\/\/d2p6e6u75xmxt8.cloudfront.net\/4\/2022\/09\/wlc-13-272x182.webp 272w\" sizes=\"auto, (max-width: 990px) 100vw, 990px\" \/><\/a>\n\t\t\t<\/div><\/figure>\n\t\t<\/div>\n\n<p><strong>Aj teba sa sp\u00fdtam, \u010do by si poradila cyklistk\u00e1m, ktor\u00e9 nemali odvahu sa tento rok prihl\u00e1si\u0165 na preteky?<\/strong><br \/>\n<em>Ve\u013ea \u013eud\u00ed, bez oh\u013eadu na pohlavie, sa boj\u00ed za\u010da\u0165 jazdi\u0165 preteky, preto\u017ee si neveria. Treba si v\u0161ak uvedomi\u0165, \u017ee toto je ide\u00e1lna mo\u017enos\u0165, ako sa zlep\u0161ova\u0165. Dostanete sa medzi ostatn\u00fdch bikerov, ktor\u00ed v\u00e1s pos\u00favaj\u00fa. Navy\u0161e tu m\u00e1te full servis. Zna\u010den\u00e1 tra\u0165, ob\u010derstvova\u010dky, sprchy a in\u00e9 v\u00fdhody v z\u00e1zem\u00ed. Nie je lep\u0161\u00ed sp\u00f4sob, ako str\u00e1vi\u0165 v\u00edkend na bicykli, ne\u017e na pretekoch. My \u017eeny navy\u0161e m\u00e1me \u010dasto v\u00fdhodu. Ve\u013ea \u013eud\u00ed je k n\u00e1m pr\u00e1ve pre ne\u017en\u00e9 pohlavie oh\u013eaduplnej\u0161\u00edch a viac ochotn\u00fdch pom\u00f4c\u0165. Nie je d\u00f4vod sa teda ni\u010doho ob\u00e1va\u0165. Odpor\u00fa\u010dam za\u010da\u0165 kr\u00e1tkou tra\u0165ou, kde je \u010dasto ve\u013ea za\u010d\u00ednaj\u00facich cyklistov a aj so slab\u0161ou kondi\u010dkou si to ur\u010dite u\u017eijete.<\/em><\/p>\n<h2><strong>Bajkerky &#8211; viac ako len jazdenie<\/strong><\/h2>\n<p><strong>Organizujete Bajkerky kempy, ktor\u00e9 s\u00fa ur\u010den\u00e9 za\u010d\u00ednaj\u00facim cyklistk\u00e1m a skr\u00e1tka v\u0161etk\u00fdm, ktor\u00e9 sa chc\u00fa zlep\u0161ova\u0165. Organizujete ich st\u00e1le v Bikeparku K\u00e1lnica, alebo sa lokalita ka\u017ed\u00fd rok men\u00ed?<\/strong><br \/>\n<em>Kempy organizujeme naj\u010dastej\u0161ie v\u00a0Bratislave na Kolibe. Tie s\u00fa ur\u010den\u00e9 pre za\u010diato\u010dn\u00ed\u010dky a\u00a0mierne pokro\u010dil\u00e9, kde sa venujeme akt\u00edvne spr\u00e1vnej technike a\u00a0pr\u00edpadn\u00e9mu odb\u00faraniu zlozvykov. Kemp v\u00a0Bikeparku v\u00a0K\u00e1lnici je ur\u010den\u00fd pr\u00e1ve pre tie, ktor\u00e9 u\u017e jazdia dlh\u0161ie a\u00a0chc\u00fa sa posun\u00fa\u0165 v\u00a0technike \u010falej. Je teda ur\u010den\u00fd pre mierne pokro\u010dil\u00e9 a\u00a0pokro\u010dil\u00e9 bajkerky. V\u0161etky kempy ale rob\u00edme s\u00a0oh\u013eadom na kvalitu, preto ak sa n\u00e1hodou niektor\u00e1 zle odhadne, vieme prisp\u00f4sobi\u0165 v\u00fduku aj priamo na kempe pre \u0148u.<\/em><\/p>\n<p>https:\/\/www.instagram.com\/p\/CimkRfcruGr\/<br \/>\n<strong>Na bajkerky sa v\u0161eobecne pozer\u00e1, \u017ee nie s\u00fa zru\u010dn\u00e9 v\u00a0servise \u010di \u00fadr\u017ebe bicykla. Ako je to s\u00a0vami? Dok\u00e1\u017eete si poradi\u0165 s\u00a0defektami pr\u00edpadne si rob\u00edte potrebn\u00fa \u00fadr\u017ebu bicykla pred jazdou?<\/strong><br \/>\n<em>Ve\u013ea z\u00a0n\u00e1s si z\u00e1kladn\u00fd servis vie spravi\u0165 bez probl\u00e9mov, niektor\u00e9 sa dokonca chytia aj \u0165a\u017e\u0161\u00edch \u00fakonov a\u00a0maj\u00fa to ako hobby. \u010casto sa st\u00e1va, \u017ee \u201ezachra\u0148ujeme\u201c chlapov priamo v\u00a0lese, ke\u010f\u017ee t\u00ed jazdia na\u013eahko bez n\u00e1strojov, \u010di lek\u00e1rni\u010dky.<\/em><\/p>\n<div class=\"shortcode-ys-post-pinup\"><article class=\"loop-simple post-11090 post type-post status-publish format-standard has-post-thumbnail hentry category-odporucame tag-bajkerky tag-bicykel tag-bicyklovanie tag-cyklistika tag-horska-cyklistika tag-horsky-bicykel tag-jazdenie tag-motivacia tag-rozhovor tag-vyjazd tag-zabava tag-zdravie tag-zdravy-zivotny-styl tag-zeny global-categories-cycling\" data-postid=\"11090\" role=\"article\" data-post-id=\"11090\" data-word-count=\"1311\" data-headline-length=\"75\" data-category=\"Odpor\u00fa\u010dame\" data-global-category=\"Cycling\" data-author=\"WeLoveCycling\" data-published=\"2020-12-23T10:00:21+01:00\" data-published-day=\"Wednesday\">\n    <div class=\"entry-thumbnail article-thumbnail\" content=\"https:\/\/d2p6e6u75xmxt8.cloudfront.net\/4\/2020\/11\/Bajkerky_00-150x150.webp\"><a href=\"https:\/\/www.welovecycling.com\/sk\/2020\/12\/23\/rozhovor-bajkerky-oficialne-neoficialne-spolocenstvo-cyklistiek\/\" class=\"image-holder\" target=\"_self\"><img decoding=\"async\" loading=\"lazy\" class=\"\" src=\"https:\/\/d2p6e6u75xmxt8.cloudfront.net\/4\/2020\/11\/Bajkerky_00-1024x445.webp\" srcset=\"https:\/\/d2p6e6u75xmxt8.cloudfront.net\/4\/2020\/11\/Bajkerky_00.webp 1380w, https:\/\/d2p6e6u75xmxt8.cloudfront.net\/4\/2020\/11\/Bajkerky_00-300x130.webp 300w, https:\/\/d2p6e6u75xmxt8.cloudfront.net\/4\/2020\/11\/Bajkerky_00-1024x445.webp 1024w, https:\/\/d2p6e6u75xmxt8.cloudfront.net\/4\/2020\/11\/Bajkerky_00-768x334.webp 768w\" width=\"1024\" height=\"445\" sizes=\"auto, (min-width: 1200px) 460px, (min-width: 768px) 38vw, 100vw\" alt=\"rozhovor-bajkerky-oficialne-neoficialne-spolocenstvo-cyklistiek\"\/><\/a><\/div>    <div class=\"entry-meta\">\n        <a class=\"label label-secondary post-category\" href=\"https:\/\/www.welovecycling.com\/sk\/category\/odporucame\/\" title=\"Odpor\u00fa\u010dame\">Odpor\u00fa\u010dame<\/a>\n    <\/div>\n    <div class=\"entry-details\">\n        <a href=\"https:\/\/www.welovecycling.com\/sk\/2020\/12\/23\/rozhovor-bajkerky-oficialne-neoficialne-spolocenstvo-cyklistiek\/\" class='entry-title-wrapper'>\n            <h3 class=\"entry-title\"><span>Rozhovor: Bajkerky &#8211; ofici\u00e1lne-neofici\u00e1lne spolo\u010denstvo cyklistiek<\/span><\/h3>\n        <\/a>\n    <\/div>\n    <\/article>\n<\/div>\n<p><strong>Po v\u00fdjazde sa v\u0161etky roz\u00eddete domov, alebo si e\u0161te sadnete niekde na k\u00e1vu a\u00a0porozpr\u00e1vate sa?<\/strong><br \/>\n<em>Toto je najv\u00e4\u010d\u0161ia v\u00fdhoda n\u00e1\u0161ho jazdenia, okrem toho, \u017ee m\u00f4\u017eeme prebra\u0165 \u017eensk\u00e9 veci, si n\u00e1jdeme \u010das aj na posedenie a\u00a0str\u00e1venie \u010dasu aj mimo sedla.<\/em><\/p>\n<p><strong>Preferujete len MTB jazdenie, alebo m\u00e1te aj cestn\u00e9 bicykle a\u00a0pr\u00edpadne v\u00e1s ako Bajkerky m\u00f4\u017eeme stretn\u00fa\u0165 aj na cest\u00e1ch?<\/strong><br \/>\n<em>Kombin\u00e1cia horsk\u00e9ho a\u00a0cestn\u00e9ho bicykla v\u00f4bec nie je ojedinel\u00e1, je to skvel\u00e1 kombin\u00e1cia, ke\u010f si \u010dlovek potrebuje r\u00fdchlej\u0161ie vyvetra\u0165 hlavu. Predsa len, bl\u00edzkos\u0165 lesa je ve\u013ek\u00e1 v\u00fdhoda, a\u00a0nie ka\u017ed\u00e1 m\u00e1 to \u0161\u0165astie b\u00fdva\u0165 priamo pod lesom.<\/em><\/p>\n<p>https:\/\/www.instagram.com\/p\/Ch1l7cqKH_b\/<\/p>\n<p><strong>Ktor\u00e9 lokality na Slovensku a\u00a0ktor\u00e9 v\u00a0zahrani\u010d\u00ed by ste odporu\u010dili ako zauj\u00edmav\u00e9 na skvel\u00e9 jazdenie?<\/strong><br \/>\n<em>Na Slovensku by som vyzdvihla najm\u00e4 Karpaty v\u00a0okol\u00ed Bratislavy, ktor\u00e9 maj\u00fa neskuto\u010dne ve\u013ea mo\u017enost\u00ed jazdenia, \u010di u\u017e smerom na Biely Kr\u00ed\u017e alebo do Stupavy a\u00a0samozrejme netreba vynecha\u0165\u00a0kr\u00e1sy hradu Paj\u0161t\u00fan. Z\u00a0v\u00fdchodu rozhodne treba nav\u0161t\u00edvi\u0165 Ko\u0161ice a\u00a0ich legend\u00e1rne Ke.Cy \u2013 ko\u0161ick\u00e9 cyklotraily, kde s\u00a0podporou mesta vzniklo priam dokonal\u00e9 z\u00e1zemie pre ka\u017ed\u00e9ho cyklistu. Na skok je to od n\u00e1s do Rak\u00faska, kde by som odporu\u010dila najbli\u017e\u0161\u00ed bikepark a\u00a0trailcentrum Wexl Trails, pr\u00edpadne Saalbach. A\u00a0ak h\u013ead\u00e1\u0161 miesto, ktor\u00e9 ti vyraz\u00ed dych a\u00a0zni\u010d\u00ed nohy, tak jednozna\u010dne talianske Dolomity.<\/em><\/p>\n","protected":false},"excerpt":{"rendered":"<p>Po\u010das celej s\u00e9rie \u0160koda BIKE OPEN TOUR 2022 n\u00e1s sprev\u00e1dzala skupina cyklistiek, ktor\u00e9 s\u00fa zdru\u017een\u00e9 pod n\u00e1zvom Bajkerky. Poch\u00e1dzaj\u00fa v\u00e4\u010d\u0161inou [&hellip;]<\/p>\n","protected":false},"author":170,"featured_media":15788,"comment_status":"open","ping_status":"open","sticky":false,"template":"","format":"standard","meta":{"footnotes":""},"categories":[191],"tags":[1297,521,180,532,178,767,931,179,501,1411,542,35,523,475],"global-categories":[1074],"class_list":["post-15740","post","type-post","status-publish","format-standard","has-post-thumbnail","hentry","category-odporucame","tag-bajkerky","tag-bratislava","tag-horska-cyklistika","tag-jazdenie","tag-maraton","tag-motivacia","tag-odporucame","tag-preteky","tag-rozhovor","tag-sezona-2022","tag-skoda","tag-sbot","tag-slovensko","tag-zeny","global-categories-cycling"],"yoast_head":"<!-- This site is optimized with the Yoast SEO Premium plugin v25.3 (Yoast SEO v25.9) - https:\/\/yoast.com\/wordpress\/plugins\/seo\/ -->\n<title>\u0160koda BIKE OPEN TOUR 2022 a Bajkerky - kr\u00e1s(k)y Slovenska pokope - \u0160koda We Love Cycling Slovensko<\/title>\n<meta name=\"description\" content=\"Po\u010das celej s\u00e9rie \u0160koda BIKE OPEN TOUR 2022 n\u00e1s sprev\u00e1dzala skupina cyklistiek, ktor\u00e9 s\u00fa zdru\u017een\u00e9 pod n\u00e1zvom Bajkerky. Poch\u00e1dzaj\u00fa v\u00e4\u010d\u0161inou z\u00a0Bratislavy.\" \/>\n<meta name=\"robots\" content=\"index, follow, max-snippet:-1, max-image-preview:large, max-video-preview:-1\" \/>\n<link rel=\"canonical\" href=\"https:\/\/www.welovecycling.com\/sk\/2022\/09\/28\/skoda-bike-open-tour-2022-a-bajkerky-krasky-slovenska-pokope\/\" \/>\n<meta property=\"og:locale\" content=\"sk_SK\" \/>\n<meta property=\"og:type\" content=\"article\" \/>\n<meta property=\"og:title\" content=\"\u0160koda BIKE OPEN TOUR 2022 a Bajkerky - kr\u00e1s(k)y Slovenska pokope\" \/>\n<meta property=\"og:description\" content=\"Po\u010das celej s\u00e9rie \u0160koda BIKE OPEN TOUR 2022 n\u00e1s sprev\u00e1dzala skupina cyklistiek, ktor\u00e9 s\u00fa zdru\u017een\u00e9 pod n\u00e1zvom Bajkerky. Poch\u00e1dzaj\u00fa v\u00e4\u010d\u0161inou z\u00a0Bratislavy.\" \/>\n<meta property=\"og:url\" content=\"https:\/\/www.welovecycling.com\/sk\/2022\/09\/28\/skoda-bike-open-tour-2022-a-bajkerky-krasky-slovenska-pokope\/\" \/>\n<meta property=\"og:site_name\" content=\"\u0160koda We Love Cycling Slovensko\" \/>\n<meta property=\"article:published_time\" content=\"2022-09-28T14:15:22+00:00\" \/>\n<meta property=\"article:modified_time\" content=\"2022-09-29T10:57:26+00:00\" \/>\n<meta property=\"og:image\" content=\"https:\/\/d2p6e6u75xmxt8.cloudfront.net\/4\/2022\/09\/FB_IMG_1664350525931.webp\" \/>\n\t<meta property=\"og:image:width\" content=\"990\" \/>\n\t<meta property=\"og:image:height\" content=\"660\" \/>\n\t<meta property=\"og:image:type\" content=\"image\/webp\" \/>\n<meta name=\"author\" content=\"miksakova\" \/>\n<meta name=\"twitter:card\" content=\"summary_large_image\" \/>\n<meta name=\"twitter:label1\" content=\"Written by\" \/>\n\t<meta name=\"twitter:data1\" content=\"WeLoveCycling\" \/>\n\t<meta name=\"twitter:label2\" content=\"Est. reading time\" \/>\n\t<meta name=\"twitter:data2\" content=\"10\" \/>\n<script type=\"application\/ld+json\" class=\"yoast-schema-graph\">{\"@context\":\"https:\/\/schema.org\",\"@graph\":[{\"@type\":\"WebPage\",\"@id\":\"https:\/\/www.welovecycling.com\/sk\/2022\/09\/28\/skoda-bike-open-tour-2022-a-bajkerky-krasky-slovenska-pokope\/\",\"url\":\"https:\/\/www.welovecycling.com\/sk\/2022\/09\/28\/skoda-bike-open-tour-2022-a-bajkerky-krasky-slovenska-pokope\/\",\"name\":\"\u0160koda BIKE OPEN TOUR 2022 a Bajkerky - kr\u00e1s(k)y Slovenska pokope - \u0160koda We Love Cycling Slovensko\",\"isPartOf\":{\"@id\":\"https:\/\/www.welovecycling.com\/sk\/#website\"},\"primaryImageOfPage\":{\"@id\":\"https:\/\/www.welovecycling.com\/sk\/2022\/09\/28\/skoda-bike-open-tour-2022-a-bajkerky-krasky-slovenska-pokope\/#primaryimage\"},\"image\":{\"@id\":\"https:\/\/www.welovecycling.com\/sk\/2022\/09\/28\/skoda-bike-open-tour-2022-a-bajkerky-krasky-slovenska-pokope\/#primaryimage\"},\"thumbnailUrl\":\"https:\/\/d2p6e6u75xmxt8.cloudfront.net\/4\/2022\/09\/FB_IMG_1664350525931.webp\",\"datePublished\":\"2022-09-28T14:15:22+00:00\",\"dateModified\":\"2022-09-29T10:57:26+00:00\",\"author\":{\"@id\":\"https:\/\/www.welovecycling.com\/sk\/#\/schema\/person\/c6ce5af9dceed219d84a07d2ffa2cad9\"},\"description\":\"Po\u010das celej s\u00e9rie \u0160koda BIKE OPEN TOUR 2022 n\u00e1s sprev\u00e1dzala skupina cyklistiek, ktor\u00e9 s\u00fa zdru\u017een\u00e9 pod n\u00e1zvom Bajkerky. Poch\u00e1dzaj\u00fa v\u00e4\u010d\u0161inou z\u00a0Bratislavy.\",\"breadcrumb\":{\"@id\":\"https:\/\/www.welovecycling.com\/sk\/2022\/09\/28\/skoda-bike-open-tour-2022-a-bajkerky-krasky-slovenska-pokope\/#breadcrumb\"},\"inLanguage\":\"sk-SK\",\"potentialAction\":[{\"@type\":\"ReadAction\",\"target\":[\"https:\/\/www.welovecycling.com\/sk\/2022\/09\/28\/skoda-bike-open-tour-2022-a-bajkerky-krasky-slovenska-pokope\/\"]}]},{\"@type\":\"ImageObject\",\"inLanguage\":\"sk-SK\",\"@id\":\"https:\/\/www.welovecycling.com\/sk\/2022\/09\/28\/skoda-bike-open-tour-2022-a-bajkerky-krasky-slovenska-pokope\/#primaryimage\",\"url\":\"https:\/\/d2p6e6u75xmxt8.cloudfront.net\/4\/2022\/09\/FB_IMG_1664350525931.webp\",\"contentUrl\":\"https:\/\/d2p6e6u75xmxt8.cloudfront.net\/4\/2022\/09\/FB_IMG_1664350525931.webp\",\"width\":990,\"height\":660},{\"@type\":\"BreadcrumbList\",\"@id\":\"https:\/\/www.welovecycling.com\/sk\/2022\/09\/28\/skoda-bike-open-tour-2022-a-bajkerky-krasky-slovenska-pokope\/#breadcrumb\",\"itemListElement\":[{\"@type\":\"ListItem\",\"position\":1,\"name\":\"Home\",\"item\":\"https:\/\/www.welovecycling.com\/sk\/\"},{\"@type\":\"ListItem\",\"position\":2,\"name\":\"\u0160koda BIKE OPEN TOUR 2022 a Bajkerky &#8211; kr\u00e1s(k)y Slovenska pokope\"}]},{\"@type\":\"WebSite\",\"@id\":\"https:\/\/www.welovecycling.com\/sk\/#website\",\"url\":\"https:\/\/www.welovecycling.com\/sk\/\",\"name\":\"\u0160koda We Love Cycling Slovensko\",\"description\":\"\u0160koda We Love Cycling Slovensko je v\u00e1\u0161 ka\u017edodenn\u00fd zdroj noviniek a in\u0161pir\u00e1cie z sveta cyklistiky\",\"potentialAction\":[{\"@type\":\"SearchAction\",\"target\":{\"@type\":\"EntryPoint\",\"urlTemplate\":\"https:\/\/www.welovecycling.com\/sk\/?s={search_term_string}\"},\"query-input\":{\"@type\":\"PropertyValueSpecification\",\"valueRequired\":true,\"valueName\":\"search_term_string\"}}],\"inLanguage\":\"sk-SK\"},{\"@type\":\"Person\",\"@id\":\"https:\/\/www.welovecycling.com\/sk\/#\/schema\/person\/c6ce5af9dceed219d84a07d2ffa2cad9\",\"name\":\"miksakova\",\"image\":{\"@type\":\"ImageObject\",\"inLanguage\":\"sk-SK\",\"@id\":\"https:\/\/www.welovecycling.com\/sk\/#\/schema\/person\/image\/\",\"url\":\"https:\/\/secure.gravatar.com\/avatar\/3663fb8acb50de04150ea6f7afc1bc15aba80aad4bf92aee01bd38a79084eb7a?s=96&d=mm&r=g\",\"contentUrl\":\"https:\/\/secure.gravatar.com\/avatar\/3663fb8acb50de04150ea6f7afc1bc15aba80aad4bf92aee01bd38a79084eb7a?s=96&d=mm&r=g\",\"caption\":\"miksakova\"},\"url\":\"https:\/\/www.welovecycling.com\/sk\/author\/miksakova\/\"}]}<\/script>\n<!-- \/ Yoast SEO Premium plugin. -->","yoast_head_json":{"title":"\u0160koda BIKE OPEN TOUR 2022 a Bajkerky - kr\u00e1s(k)y Slovenska pokope - \u0160koda We Love Cycling Slovensko","description":"Po\u010das celej s\u00e9rie \u0160koda BIKE OPEN TOUR 2022 n\u00e1s sprev\u00e1dzala skupina cyklistiek, ktor\u00e9 s\u00fa zdru\u017een\u00e9 pod n\u00e1zvom Bajkerky. Poch\u00e1dzaj\u00fa v\u00e4\u010d\u0161inou z\u00a0Bratislavy.","robots":{"index":"index","follow":"follow","max-snippet":"max-snippet:-1","max-image-preview":"max-image-preview:large","max-video-preview":"max-video-preview:-1"},"canonical":"https:\/\/www.welovecycling.com\/sk\/2022\/09\/28\/skoda-bike-open-tour-2022-a-bajkerky-krasky-slovenska-pokope\/","og_locale":"sk_SK","og_type":"article","og_title":"\u0160koda BIKE OPEN TOUR 2022 a Bajkerky - kr\u00e1s(k)y Slovenska pokope","og_description":"Po\u010das celej s\u00e9rie \u0160koda BIKE OPEN TOUR 2022 n\u00e1s sprev\u00e1dzala skupina cyklistiek, ktor\u00e9 s\u00fa zdru\u017een\u00e9 pod n\u00e1zvom Bajkerky. Poch\u00e1dzaj\u00fa v\u00e4\u010d\u0161inou z\u00a0Bratislavy.","og_url":"https:\/\/www.welovecycling.com\/sk\/2022\/09\/28\/skoda-bike-open-tour-2022-a-bajkerky-krasky-slovenska-pokope\/","og_site_name":"\u0160koda We Love Cycling Slovensko","article_published_time":"2022-09-28T14:15:22+00:00","article_modified_time":"2022-09-29T10:57:26+00:00","og_image":[{"width":990,"height":660,"url":"https:\/\/d2p6e6u75xmxt8.cloudfront.net\/4\/2022\/09\/FB_IMG_1664350525931.webp","type":"image\/webp"}],"author":"miksakova","twitter_card":"summary_large_image","twitter_misc":{"Written by":"WeLoveCycling","Est. reading time":"10"},"schema":{"@context":"https:\/\/schema.org","@graph":[{"@type":"WebPage","@id":"https:\/\/www.welovecycling.com\/sk\/2022\/09\/28\/skoda-bike-open-tour-2022-a-bajkerky-krasky-slovenska-pokope\/","url":"https:\/\/www.welovecycling.com\/sk\/2022\/09\/28\/skoda-bike-open-tour-2022-a-bajkerky-krasky-slovenska-pokope\/","name":"\u0160koda BIKE OPEN TOUR 2022 a Bajkerky - kr\u00e1s(k)y Slovenska pokope - \u0160koda We Love Cycling Slovensko","isPartOf":{"@id":"https:\/\/www.welovecycling.com\/sk\/#website"},"primaryImageOfPage":{"@id":"https:\/\/www.welovecycling.com\/sk\/2022\/09\/28\/skoda-bike-open-tour-2022-a-bajkerky-krasky-slovenska-pokope\/#primaryimage"},"image":{"@id":"https:\/\/www.welovecycling.com\/sk\/2022\/09\/28\/skoda-bike-open-tour-2022-a-bajkerky-krasky-slovenska-pokope\/#primaryimage"},"thumbnailUrl":"https:\/\/d2p6e6u75xmxt8.cloudfront.net\/4\/2022\/09\/FB_IMG_1664350525931.webp","datePublished":"2022-09-28T14:15:22+00:00","dateModified":"2022-09-29T10:57:26+00:00","author":{"@id":"https:\/\/www.welovecycling.com\/sk\/#\/schema\/person\/c6ce5af9dceed219d84a07d2ffa2cad9"},"description":"Po\u010das celej s\u00e9rie \u0160koda BIKE OPEN TOUR 2022 n\u00e1s sprev\u00e1dzala skupina cyklistiek, ktor\u00e9 s\u00fa zdru\u017een\u00e9 pod n\u00e1zvom Bajkerky. Poch\u00e1dzaj\u00fa v\u00e4\u010d\u0161inou z\u00a0Bratislavy.","breadcrumb":{"@id":"https:\/\/www.welovecycling.com\/sk\/2022\/09\/28\/skoda-bike-open-tour-2022-a-bajkerky-krasky-slovenska-pokope\/#breadcrumb"},"inLanguage":"sk-SK","potentialAction":[{"@type":"ReadAction","target":["https:\/\/www.welovecycling.com\/sk\/2022\/09\/28\/skoda-bike-open-tour-2022-a-bajkerky-krasky-slovenska-pokope\/"]}]},{"@type":"ImageObject","inLanguage":"sk-SK","@id":"https:\/\/www.welovecycling.com\/sk\/2022\/09\/28\/skoda-bike-open-tour-2022-a-bajkerky-krasky-slovenska-pokope\/#primaryimage","url":"https:\/\/d2p6e6u75xmxt8.cloudfront.net\/4\/2022\/09\/FB_IMG_1664350525931.webp","contentUrl":"https:\/\/d2p6e6u75xmxt8.cloudfront.net\/4\/2022\/09\/FB_IMG_1664350525931.webp","width":990,"height":660},{"@type":"BreadcrumbList","@id":"https:\/\/www.welovecycling.com\/sk\/2022\/09\/28\/skoda-bike-open-tour-2022-a-bajkerky-krasky-slovenska-pokope\/#breadcrumb","itemListElement":[{"@type":"ListItem","position":1,"name":"Home","item":"https:\/\/www.welovecycling.com\/sk\/"},{"@type":"ListItem","position":2,"name":"\u0160koda BIKE OPEN TOUR 2022 a Bajkerky &#8211; kr\u00e1s(k)y Slovenska pokope"}]},{"@type":"WebSite","@id":"https:\/\/www.welovecycling.com\/sk\/#website","url":"https:\/\/www.welovecycling.com\/sk\/","name":"\u0160koda We Love Cycling Slovensko","description":"\u0160koda We Love Cycling Slovensko je v\u00e1\u0161 ka\u017edodenn\u00fd zdroj noviniek a in\u0161pir\u00e1cie z sveta cyklistiky","potentialAction":[{"@type":"SearchAction","target":{"@type":"EntryPoint","urlTemplate":"https:\/\/www.welovecycling.com\/sk\/?s={search_term_string}"},"query-input":{"@type":"PropertyValueSpecification","valueRequired":true,"valueName":"search_term_string"}}],"inLanguage":"sk-SK"},{"@type":"Person","@id":"https:\/\/www.welovecycling.com\/sk\/#\/schema\/person\/c6ce5af9dceed219d84a07d2ffa2cad9","name":"miksakova","image":{"@type":"ImageObject","inLanguage":"sk-SK","@id":"https:\/\/www.welovecycling.com\/sk\/#\/schema\/person\/image\/","url":"https:\/\/secure.gravatar.com\/avatar\/3663fb8acb50de04150ea6f7afc1bc15aba80aad4bf92aee01bd38a79084eb7a?s=96&d=mm&r=g","contentUrl":"https:\/\/secure.gravatar.com\/avatar\/3663fb8acb50de04150ea6f7afc1bc15aba80aad4bf92aee01bd38a79084eb7a?s=96&d=mm&r=g","caption":"miksakova"},"url":"https:\/\/www.welovecycling.com\/sk\/author\/miksakova\/"}]}},"_links":{"self":[{"href":"https:\/\/www.welovecycling.com\/sk\/wp-json\/wp\/v2\/posts\/15740","targetHints":{"allow":["GET"]}}],"collection":[{"href":"https:\/\/www.welovecycling.com\/sk\/wp-json\/wp\/v2\/posts"}],"about":[{"href":"https:\/\/www.welovecycling.com\/sk\/wp-json\/wp\/v2\/types\/post"}],"author":[{"embeddable":true,"href":"https:\/\/www.welovecycling.com\/sk\/wp-json\/wp\/v2\/users\/170"}],"replies":[{"embeddable":true,"href":"https:\/\/www.welovecycling.com\/sk\/wp-json\/wp\/v2\/comments?post=15740"}],"version-history":[{"count":2,"href":"https:\/\/www.welovecycling.com\/sk\/wp-json\/wp\/v2\/posts\/15740\/revisions"}],"predecessor-version":[{"id":15777,"href":"https:\/\/www.welovecycling.com\/sk\/wp-json\/wp\/v2\/posts\/15740\/revisions\/15777"}],"wp:featuredmedia":[{"embeddable":true,"href":"https:\/\/www.welovecycling.com\/sk\/wp-json\/wp\/v2\/media\/15788"}],"wp:attachment":[{"href":"https:\/\/www.welovecycling.com\/sk\/wp-json\/wp\/v2\/media?parent=15740"}],"wp:term":[{"taxonomy":"category","embeddable":true,"href":"https:\/\/www.welovecycling.com\/sk\/wp-json\/wp\/v2\/categories?post=15740"},{"taxonomy":"post_tag","embeddable":true,"href":"https:\/\/www.welovecycling.com\/sk\/wp-json\/wp\/v2\/tags?post=15740"},{"taxonomy":"global-categories","embeddable":true,"href":"https:\/\/www.welovecycling.com\/sk\/wp-json\/wp\/v2\/global-categories?post=15740"}],"curies":[{"name":"wp","href":"https:\/\/api.w.org\/{rel}","templated":true}]}}